{"id":482685,"date":"2014-02-03T17:54:12","date_gmt":"2014-02-03T18:54:12","guid":{"rendered":"http:\/\/www.eldigitaldeasturias.com\/noticias\/?p=482685"},"modified":"2014-02-03T17:54:12","modified_gmt":"2014-02-03T18:54:12","slug":"abas-propone-que-una-fuerza-internacional-liderada-por-la-otan-vigile-la-paz","status":"publish","type":"post","link":"https:\/\/www.eldigitaldeasturias.com\/noticias\/abas-propone-que-una-fuerza-internacional-liderada-por-la-otan-vigile-la-paz\/","title":{"rendered":"Abas propone que una fuerza internacional liderada por la OTAN vigile la paz"},"content":{"rendered":"<p><img loading=\"lazy\" decoding=\"async\" class=\"alignleft size-medium wp-image-482686\" alt=\"5903264w\" src=\"https:\/\/www.eldigitaldeasturias.com\/noticias\/wp-content\/uploads\/2014\/02\/5903264w-360x226.jpg\" width=\"360\" height=\"226\" \/>Ramala, 3 feb (EFE).- El presidente de la Autoridad Nacional Palestina (ANP), Mahmud Abas, est\u00e1 dispuesto a aceptar que una fuerza internacional liderada por la OTAN y respaldada por EEUU vigile la seguridad en Palestina tras un eventual acuerdo de paz.<\/p>\n<p>En una entrevista que publicar\u00e1 hoy el diario The New York Times en su edici\u00f3n impresa y cuyo extracto adelanta su edici\u00f3n digital, el mandatario revel\u00f3 que su propuesta incluye que esa fuerza permanezca en territorio palestino de forma indefinida, posicionada a lo largo de la frontera e incluso en el interior de Jerusal\u00e9n.<\/p>\n<p>\u00abPor un largo tiempo y donde ellos quieran, no solo en las fronteras del este, sino tambi\u00e9n en las del oeste, en todo lugar. La tercera parte puede permanecer, permanecer para tranquilizar a los israel\u00edes y para protegernos\u00bb, afirm\u00f3 Abas.<\/p>\n<p>A este respecto, Abas revel\u00f3 que Palestina no formar\u00e1 un Ej\u00e9rcito, sino que solo crear\u00e1 un cuerpo de Polic\u00eda para garantizar el orden en las calles.<\/p>\n<p>\u00abAs\u00ed la OTAN ser\u00e1 la encargada de prevenir el tr\u00e1fico de armas y el terrorismo que Israel teme\u00bb, detall\u00f3.<\/p>\n<p>Abas se mostr\u00f3 tambi\u00e9n abierto a aceptar que las fuerzas israel\u00edes se retiren de forma gradual en un periodo m\u00e1ximo de cinco a\u00f1os y que las colonias ilegales desaparezcan de manera escalonada en igual plazo de tiempo.<\/p>\n<p>\u00abSeremos (un Estado) desmilitarizado. \u00bfPiensa que es posible que podamos creer que estaremos seguros si los israel\u00edes no sienten que est\u00e1n seguros?\u00bb, agreg\u00f3.<\/p>\n<p>El l\u00edder palestino ya expres\u00f3 su disposici\u00f3n a la entrada de una fuerza internacional liderada por la OTAN la semana pasada en una entrevista difundida durante la celebraci\u00f3n de un importante evento de seguridad israel\u00ed en Tel Aviv, pero entonces el plazo del que habl\u00f3 era de tres a\u00f1os.<\/p>\n<p>Esta es, sin embargo, la primera vez en que se expresa en profundidad sobre esta idea ya desechada en anteriores negociaciones en un medio internacional, en una inusual entrevista concedida este fin de semana en su oficina de Ramala.<\/p>\n<p>Se produce, adem\u00e1s, en un momento de especial relevancia, en el que se acumulan los rumores sobre el acuerdo marco que palestinos e israel\u00edes negocian desde el verano bajo la batuta del secretario de Estado estadounidense, John Kerry, y que podr\u00eda ser presentado en las pr\u00f3ximas semanas.<\/p>\n<p>El documento, que tiene como fecha l\u00edmite el 29 abril, incluye los temas de discusi\u00f3n tradicionales -los refugiados, el agua, el futuro de Jerusal\u00e9n, y las fronteras de 1967- y se negocia con la idea de que sirva de cimiento para un acuerdo final que certifique la soluci\u00f3n de los dos Estados.<\/p>\n<p>En las \u00faltimas semanas, la cuesti\u00f3n de la seguridad en el estrat\u00e9gico valle del Jordan (en Cisjordania) y el futuro de los asentamientos ha disparado la pol\u00e9mica y levantado criticas en los sectores m\u00e1s duros de ambos lados.<\/p>\n<p>En Israel, numerosos responsables se han mostrado esc\u00e9pticos ante la propuesta de una tercera fuerza en la zona, mientras que el Ej\u00e9rcito prefiere una presencia prolongada en el tiempo y la derecha m\u00e1s radical se opone al desmantelamiento de las colonias.<\/p>\n<p>Incluso el primer ministro israel\u00ed, Benjam\u00edn Netanyahu, asegur\u00f3 semanas atr\u00e1s en Davos su oposici\u00f3n a obligar a los colonos a abandonar sus asentamientos en Cisjordania, considerados ilegales por la ley internacional.<\/p>\n<p>La OTAN, por su parte, no ha comentado las declaraciones del l\u00edder palestino.<\/p>\n<p>Abas acept\u00f3, igualmente, la posibilidad de eludir la fecha limite y ampliar la negociaci\u00f3n a lo largo de 2014, como sugieren algunos de los implicados, si se mantienen las perspectivas de \u00e9xito.<\/p>\n<p>Durante ese tiempo, Israel congelar\u00eda la construcci\u00f3n de nuevas colonias y los palestinos frenar\u00edan su decisi\u00f3n de litigar en las cortes internacionales.<\/p>\n<p>\u00abNo es una fecha sagrada. Suponga que al final de los nueve meses conseguimos algo prometedor. \u00bfDebemos parar? No voy a parar. (Pero) si tras nueve meses, no logramos nada, si no existe nada en el horizonte, pararemos\u00bb, advirti\u00f3.<\/p>\n<p>Abas habl\u00f3 con claridad, igualmente, sobre otro de los puntos de fricci\u00f3n que han emergido con fuerza en estas \u00faltimas semanas de contactos: el reconocimiento de Israel como Estado jud\u00edo.<\/p>\n<p>\u00abNi a Egipto ni a Jordania se le exigi\u00f3 esta condici\u00f3n para hacer la paz\u00bb en 1979 y 1994, respectivamente, record\u00f3.<\/p>\n<p>Asimismo, reconoci\u00f3 presiones de la calle, de otras formaciones palestinas y de su propio partido y entorno para que abandone el actual esfuerzo y siga adelante con la demanda de reconocimiento en la ONU.<\/p>\n<p>\u00abNo, no quiero. Quiero aprovechar cada minuto ahora, quiz\u00e1 podamos lograr algo. No quiero recurrir a la Justicia. No me gustan los tribunales. Quiero que el problema lo resuelvan ambas partes de forma directa\u00bb, afirm\u00f3.<\/p>\n<p>\u00abPero si no logro mis derechos, p\u00f3ngase en mis zapatos, \u00bfqu\u00e9 debo hacer?\u00bb, se pregunt\u00f3 antes de descartar la posibilidad de retomar la lucha armada.<\/p>\n<p>\u00abEn mi vida, y si tengo m\u00e1s vida en el futuro, nunca volver\u00e9 a la lucha armada\u00bb, apostill\u00f3 Abas.<\/p>\n","protected":false},"excerpt":{"rendered":"<p>Ramala, 3 feb (EFE).- El presidente de la Autoridad Nacional Palestina (ANP), Mahmud Abas, est\u00e1 dispuesto a aceptar que una fuerza internacional liderada por la OTAN y respaldada por EEUU vigile la seguridad en Palestina tras un eventual acuerdo de paz. En una entrevista que publicar\u00e1 hoy el diario The New York Times en su [&hellip;]<\/p>\n","protected":false},"author":1,"featured_media":482686,"comment_status":"closed","ping_status":"open","sticky":false,"template":"","format":"standard","meta":{"footnotes":""},"categories":[1],"tags":[],"class_list":["post-482685","post","type-post","status-publish","format-standard","has-post-thumbnail","hentry","category-actualidad"],"aioseo_notices":[],"aioseo_head":"\n\t\t<!-- All in One SEO Pro 5.0.1 - aioseo.com -->\n\t<meta name=\"description\" content=\"Ramala, 3 feb (EFE).- El presidente de la Autoridad Nacional Palestina (ANP), Mahmud Abas, est\u00e1 dispuesto a aceptar que una fuerza internacional liderada por la OTAN y respaldada por EEUU vigile la seguridad en Palestina tras un eventual acuerdo de paz. En una entrevista que publicar\u00e1 hoy el diario The New York Times en su\" \/>\n\t<meta name=\"robots\" content=\"max-image-preview:large\" \/>\n\t<meta name=\"author\" content=\"El Digital de Asturias\"\/>\n\t<meta name=\"google-site-verification\" content=\"UA-38556648-1\" \/>\n\t<meta name=\"msvalidate.01\" content=\"7dfe9f3f1b24437ab69f4f2559babe99\" \/>\n\t<meta name=\"keywords\" content=\"actualidad\" \/>\n\t<link rel=\"canonical\" href=\"https:\/\/www.eldigitaldeasturias.com\/noticias\/abas-propone-que-una-fuerza-internacional-liderada-por-la-otan-vigile-la-paz\/\" \/>\n\t<meta name=\"generator\" content=\"All in One SEO Pro (AIOSEO) 5.0.1\" \/>\n\t\t<meta property=\"og:locale\" content=\"es_ES\" \/>\n\t\t<meta property=\"og:site_name\" content=\"El Digital de Asturias\" \/>\n\t\t<meta property=\"og:type\" content=\"article\" \/>\n\t\t<meta property=\"og:title\" content=\"Abas propone que una fuerza internacional liderada por la OTAN vigile la paz - El Digital de Asturias\" \/>\n\t\t<meta property=\"og:description\" content=\"Ramala, 3 feb (EFE).- El presidente de la Autoridad Nacional Palestina (ANP), Mahmud Abas, est\u00e1 dispuesto a aceptar que una fuerza internacional liderada por la OTAN y respaldada por EEUU vigile la seguridad en Palestina tras un eventual acuerdo de paz. En una entrevista que publicar\u00e1 hoy el diario The New York Times en su\" \/>\n\t\t<meta property=\"og:url\" content=\"https:\/\/www.eldigitaldeasturias.com\/noticias\/abas-propone-que-una-fuerza-internacional-liderada-por-la-otan-vigile-la-paz\/\" \/>\n\t\t<meta property=\"article:tag\" content=\"actualidad\" \/>\n\t\t<meta property=\"article:published_time\" content=\"2014-02-03T18:54:12+00:00\" \/>\n\t\t<meta property=\"article:modified_time\" content=\"2014-02-03T18:54:12+00:00\" \/>\n\t\t<meta property=\"article:publisher\" content=\"https:\/\/facebook.com\/eldigitaldeasturias\" \/>\n\t\t<meta name=\"twitter:card\" content=\"summary_large_image\" \/>\n\t\t<meta name=\"twitter:title\" content=\"Abas propone que una fuerza internacional liderada por la OTAN vigile la paz - El Digital de Asturias\" \/>\n\t\t<meta name=\"twitter:description\" content=\"Ramala, 3 feb (EFE).- El presidente de la Autoridad Nacional Palestina (ANP), Mahmud Abas, est\u00e1 dispuesto a aceptar que una fuerza internacional liderada por la OTAN y respaldada por EEUU vigile la seguridad en Palestina tras un eventual acuerdo de paz. En una entrevista que publicar\u00e1 hoy el diario The New York Times en su\" \/>\n\t\t<meta name=\"twitter:label1\" content=\"Escrito por\" \/>\n\t\t<meta name=\"twitter:data1\" content=\"El Digital de Asturias\" \/>\n\t\t<meta name=\"twitter:label2\" content=\"Tiempo de lectura estimado\" \/>\n\t\t<meta name=\"twitter:data2\" content=\"4 minutos\" \/>\n\t\t<script type=\"application\/ld+json\" class=\"aioseo-schema\">\n\t\t\t{\"@context\":\"https:\\\/\\\/schema.org\",\"@graph\":[{\"@type\":\"BlogPosting\",\"@id\":\"https:\\\/\\\/www.eldigitaldeasturias.com\\\/noticias\\\/abas-propone-que-una-fuerza-internacional-liderada-por-la-otan-vigile-la-paz\\\/#blogposting\",\"name\":\"Abas propone que una fuerza internacional liderada por la OTAN vigile la paz - El Digital de Asturias\",\"headline\":\"Abas propone que una fuerza internacional liderada por la OTAN vigile la paz\",\"author\":{\"@id\":\"https:\\\/\\\/www.eldigitaldeasturias.com\\\/noticias\\\/author\\\/admin\\\/#author\"},\"publisher\":{\"@id\":\"https:\\\/\\\/www.eldigitaldeasturias.com\\\/noticias\\\/#organization\"},\"image\":{\"@type\":\"ImageObject\",\"url\":482686},\"datePublished\":\"2014-02-03T17:54:12+01:00\",\"dateModified\":\"2014-02-03T17:54:12+01:00\",\"inLanguage\":\"es-ES\",\"mainEntityOfPage\":{\"@id\":\"https:\\\/\\\/www.eldigitaldeasturias.com\\\/noticias\\\/abas-propone-que-una-fuerza-internacional-liderada-por-la-otan-vigile-la-paz\\\/#webpage\"},\"isPartOf\":{\"@id\":\"https:\\\/\\\/www.eldigitaldeasturias.com\\\/noticias\\\/abas-propone-que-una-fuerza-internacional-liderada-por-la-otan-vigile-la-paz\\\/#webpage\"},\"articleSection\":\"Actualidad\"},{\"@type\":\"BreadcrumbList\",\"@id\":\"https:\\\/\\\/www.eldigitaldeasturias.com\\\/noticias\\\/abas-propone-que-una-fuerza-internacional-liderada-por-la-otan-vigile-la-paz\\\/#breadcrumblist\",\"itemListElement\":[{\"@type\":\"ListItem\",\"@id\":\"https:\\\/\\\/www.eldigitaldeasturias.com\\\/noticias#listItem\",\"position\":1,\"name\":\"Home\",\"item\":\"https:\\\/\\\/www.eldigitaldeasturias.com\\\/noticias\",\"nextItem\":{\"@type\":\"ListItem\",\"@id\":\"https:\\\/\\\/www.eldigitaldeasturias.com\\\/noticias\\\/category\\\/actualidad\\\/#listItem\",\"name\":\"Actualidad\"}},{\"@type\":\"ListItem\",\"@id\":\"https:\\\/\\\/www.eldigitaldeasturias.com\\\/noticias\\\/category\\\/actualidad\\\/#listItem\",\"position\":2,\"name\":\"Actualidad\",\"item\":\"https:\\\/\\\/www.eldigitaldeasturias.com\\\/noticias\\\/category\\\/actualidad\\\/\",\"nextItem\":{\"@type\":\"ListItem\",\"@id\":\"https:\\\/\\\/www.eldigitaldeasturias.com\\\/noticias\\\/abas-propone-que-una-fuerza-internacional-liderada-por-la-otan-vigile-la-paz\\\/#listItem\",\"name\":\"Abas propone que una fuerza internacional liderada por la OTAN vigile la paz\"},\"previousItem\":{\"@type\":\"ListItem\",\"@id\":\"https:\\\/\\\/www.eldigitaldeasturias.com\\\/noticias#listItem\",\"name\":\"Home\"}},{\"@type\":\"ListItem\",\"@id\":\"https:\\\/\\\/www.eldigitaldeasturias.com\\\/noticias\\\/abas-propone-que-una-fuerza-internacional-liderada-por-la-otan-vigile-la-paz\\\/#listItem\",\"position\":3,\"name\":\"Abas propone que una fuerza internacional liderada por la OTAN vigile la paz\",\"previousItem\":{\"@type\":\"ListItem\",\"@id\":\"https:\\\/\\\/www.eldigitaldeasturias.com\\\/noticias\\\/category\\\/actualidad\\\/#listItem\",\"name\":\"Actualidad\"}}]},{\"@type\":\"Organization\",\"@id\":\"https:\\\/\\\/www.eldigitaldeasturias.com\\\/noticias\\\/#organization\",\"name\":\"El Digital de Asturias\",\"description\":\"Hemeroteca\",\"url\":\"https:\\\/\\\/www.eldigitaldeasturias.com\\\/noticias\\\/\",\"email\":\"info@eldigitaldeasturias.com\",\"telephone\":\"+34652131393\",\"logo\":{\"@type\":\"ImageObject\",\"url\":\"https:\\\/\\\/www.eldigitaldeasturias.com\\\/noticias\\\/wp-content\\\/uploads\\\/2020\\\/12\\\/EDA.jpg\",\"@id\":\"https:\\\/\\\/www.eldigitaldeasturias.com\\\/noticias\\\/abas-propone-que-una-fuerza-internacional-liderada-por-la-otan-vigile-la-paz\\\/#organizationLogo\"},\"image\":{\"@id\":\"https:\\\/\\\/www.eldigitaldeasturias.com\\\/noticias\\\/abas-propone-que-una-fuerza-internacional-liderada-por-la-otan-vigile-la-paz\\\/#organizationLogo\"},\"sameAs\":[\"https:\\\/\\\/facebook.com\\\/eldigitaldeasturias\",\"https:\\\/\\\/www.youtube.com\\\/channel\\\/UCZP-2wLEB9Rv6erhFmqVnvg\"],\"address\":{\"@id\":\"https:\\\/\\\/www.eldigitaldeasturias.com\\\/noticias\\\/#postaladdress\",\"@type\":\"PostalAddress\",\"streetAddress\":\"san antonio 4\",\"postalCode\":\"33430\",\"addressLocality\":\"Cand\\u00e1s\",\"addressRegion\":\"Asturias\",\"addressCountry\":\"ES\"}},{\"@type\":\"Person\",\"@id\":\"https:\\\/\\\/www.eldigitaldeasturias.com\\\/noticias\\\/author\\\/admin\\\/#author\",\"url\":\"https:\\\/\\\/www.eldigitaldeasturias.com\\\/noticias\\\/author\\\/admin\\\/\",\"name\":\"El Digital de Asturias\",\"image\":{\"@type\":\"ImageObject\",\"@id\":\"https:\\\/\\\/www.eldigitaldeasturias.com\\\/noticias\\\/abas-propone-que-una-fuerza-internacional-liderada-por-la-otan-vigile-la-paz\\\/#authorImage\",\"url\":\"https:\\\/\\\/secure.gravatar.com\\\/avatar\\\/df2aeffc32bcd13f8d26072ef8a91b623d677766deac7f97ca815868cd41bf5e?s=96&d=mm&r=g\",\"width\":96,\"height\":96,\"caption\":\"El Digital de Asturias\"}},{\"@type\":\"WebPage\",\"@id\":\"https:\\\/\\\/www.eldigitaldeasturias.com\\\/noticias\\\/abas-propone-que-una-fuerza-internacional-liderada-por-la-otan-vigile-la-paz\\\/#webpage\",\"url\":\"https:\\\/\\\/www.eldigitaldeasturias.com\\\/noticias\\\/abas-propone-que-una-fuerza-internacional-liderada-por-la-otan-vigile-la-paz\\\/\",\"name\":\"Abas propone que una fuerza internacional liderada por la OTAN vigile la paz - El Digital de Asturias\",\"description\":\"Ramala, 3 feb (EFE).- El presidente de la Autoridad Nacional Palestina (ANP), Mahmud Abas, est\\u00e1 dispuesto a aceptar que una fuerza internacional liderada por la OTAN y respaldada por EEUU vigile la seguridad en Palestina tras un eventual acuerdo de paz. En una entrevista que publicar\\u00e1 hoy el diario The New York Times en su\",\"inLanguage\":\"es-ES\",\"isPartOf\":{\"@id\":\"https:\\\/\\\/www.eldigitaldeasturias.com\\\/noticias\\\/#website\"},\"breadcrumb\":{\"@id\":\"https:\\\/\\\/www.eldigitaldeasturias.com\\\/noticias\\\/abas-propone-que-una-fuerza-internacional-liderada-por-la-otan-vigile-la-paz\\\/#breadcrumblist\"},\"author\":{\"@id\":\"https:\\\/\\\/www.eldigitaldeasturias.com\\\/noticias\\\/author\\\/admin\\\/#author\"},\"creator\":{\"@id\":\"https:\\\/\\\/www.eldigitaldeasturias.com\\\/noticias\\\/author\\\/admin\\\/#author\"},\"image\":{\"@type\":\"ImageObject\",\"url\":482686,\"@id\":\"https:\\\/\\\/www.eldigitaldeasturias.com\\\/noticias\\\/abas-propone-que-una-fuerza-internacional-liderada-por-la-otan-vigile-la-paz\\\/#mainImage\"},\"primaryImageOfPage\":{\"@id\":\"https:\\\/\\\/www.eldigitaldeasturias.com\\\/noticias\\\/abas-propone-que-una-fuerza-internacional-liderada-por-la-otan-vigile-la-paz\\\/#mainImage\"},\"datePublished\":\"2014-02-03T17:54:12+01:00\",\"dateModified\":\"2014-02-03T17:54:12+01:00\"},{\"@type\":\"WebSite\",\"@id\":\"https:\\\/\\\/www.eldigitaldeasturias.com\\\/noticias\\\/#website\",\"url\":\"https:\\\/\\\/www.eldigitaldeasturias.com\\\/noticias\\\/\",\"name\":\"El Digital de Asturias - Diario de actualidad y noticias\",\"alternateName\":\"El Digital de Asturias - Diario de actualidad y noticias\",\"description\":\"Hemeroteca\",\"inLanguage\":\"es-ES\",\"publisher\":{\"@id\":\"https:\\\/\\\/www.eldigitaldeasturias.com\\\/noticias\\\/#organization\"}}]}\n\t\t<\/script>\n\t\t<!-- All in One SEO Pro -->\r\n\t\t<title>Abas propone que una fuerza internacional liderada por la OTAN vigile la paz - El Digital de Asturias<\/title>\n\n","aioseo_head_json":{"title":"Abas propone que una fuerza internacional liderada por la OTAN vigile la paz - El Digital de Asturias","description":"Ramala, 3 feb (EFE).- El presidente de la Autoridad Nacional Palestina (ANP), Mahmud Abas, est\u00e1 dispuesto a aceptar que una fuerza internacional liderada por la OTAN y respaldada por EEUU vigile la seguridad en Palestina tras un eventual acuerdo de paz. En una entrevista que publicar\u00e1 hoy el diario The New York Times en su","canonical_url":"https:\/\/www.eldigitaldeasturias.com\/noticias\/abas-propone-que-una-fuerza-internacional-liderada-por-la-otan-vigile-la-paz\/","robots":"max-image-preview:large","keywords":"actualidad","webmasterTools":{"google-site-verification":"UA-38556648-1","msvalidate.01":"7dfe9f3f1b24437ab69f4f2559babe99","miscellaneous":""},"schema":{"@context":"https:\/\/schema.org","@graph":[{"@type":"BlogPosting","@id":"https:\/\/www.eldigitaldeasturias.com\/noticias\/abas-propone-que-una-fuerza-internacional-liderada-por-la-otan-vigile-la-paz\/#blogposting","name":"Abas propone que una fuerza internacional liderada por la OTAN vigile la paz - El Digital de Asturias","headline":"Abas propone que una fuerza internacional liderada por la OTAN vigile la paz","author":{"@id":"https:\/\/www.eldigitaldeasturias.com\/noticias\/author\/admin\/#author"},"publisher":{"@id":"https:\/\/www.eldigitaldeasturias.com\/noticias\/#organization"},"image":{"@type":"ImageObject","url":482686},"datePublished":"2014-02-03T17:54:12+01:00","dateModified":"2014-02-03T17:54:12+01:00","inLanguage":"es-ES","mainEntityOfPage":{"@id":"https:\/\/www.eldigitaldeasturias.com\/noticias\/abas-propone-que-una-fuerza-internacional-liderada-por-la-otan-vigile-la-paz\/#webpage"},"isPartOf":{"@id":"https:\/\/www.eldigitaldeasturias.com\/noticias\/abas-propone-que-una-fuerza-internacional-liderada-por-la-otan-vigile-la-paz\/#webpage"},"articleSection":"Actualidad"},{"@type":"BreadcrumbList","@id":"https:\/\/www.eldigitaldeasturias.com\/noticias\/abas-propone-que-una-fuerza-internacional-liderada-por-la-otan-vigile-la-paz\/#breadcrumblist","itemListElement":[{"@type":"ListItem","@id":"https:\/\/www.eldigitaldeasturias.com\/noticias#listItem","position":1,"name":"Home","item":"https:\/\/www.eldigitaldeasturias.com\/noticias","nextItem":{"@type":"ListItem","@id":"https:\/\/www.eldigitaldeasturias.com\/noticias\/category\/actualidad\/#listItem","name":"Actualidad"}},{"@type":"ListItem","@id":"https:\/\/www.eldigitaldeasturias.com\/noticias\/category\/actualidad\/#listItem","position":2,"name":"Actualidad","item":"https:\/\/www.eldigitaldeasturias.com\/noticias\/category\/actualidad\/","nextItem":{"@type":"ListItem","@id":"https:\/\/www.eldigitaldeasturias.com\/noticias\/abas-propone-que-una-fuerza-internacional-liderada-por-la-otan-vigile-la-paz\/#listItem","name":"Abas propone que una fuerza internacional liderada por la OTAN vigile la paz"},"previousItem":{"@type":"ListItem","@id":"https:\/\/www.eldigitaldeasturias.com\/noticias#listItem","name":"Home"}},{"@type":"ListItem","@id":"https:\/\/www.eldigitaldeasturias.com\/noticias\/abas-propone-que-una-fuerza-internacional-liderada-por-la-otan-vigile-la-paz\/#listItem","position":3,"name":"Abas propone que una fuerza internacional liderada por la OTAN vigile la paz","previousItem":{"@type":"ListItem","@id":"https:\/\/www.eldigitaldeasturias.com\/noticias\/category\/actualidad\/#listItem","name":"Actualidad"}}]},{"@type":"Organization","@id":"https:\/\/www.eldigitaldeasturias.com\/noticias\/#organization","name":"El Digital de Asturias","description":"Hemeroteca","url":"https:\/\/www.eldigitaldeasturias.com\/noticias\/","email":"info@eldigitaldeasturias.com","telephone":"+34652131393","logo":{"@type":"ImageObject","url":"https:\/\/www.eldigitaldeasturias.com\/noticias\/wp-content\/uploads\/2020\/12\/EDA.jpg","@id":"https:\/\/www.eldigitaldeasturias.com\/noticias\/abas-propone-que-una-fuerza-internacional-liderada-por-la-otan-vigile-la-paz\/#organizationLogo"},"image":{"@id":"https:\/\/www.eldigitaldeasturias.com\/noticias\/abas-propone-que-una-fuerza-internacional-liderada-por-la-otan-vigile-la-paz\/#organizationLogo"},"sameAs":["https:\/\/facebook.com\/eldigitaldeasturias","https:\/\/www.youtube.com\/channel\/UCZP-2wLEB9Rv6erhFmqVnvg"],"address":{"@id":"https:\/\/www.eldigitaldeasturias.com\/noticias\/#postaladdress","@type":"PostalAddress","streetAddress":"san antonio 4","postalCode":"33430","addressLocality":"Cand\u00e1s","addressRegion":"Asturias","addressCountry":"ES"}},{"@type":"Person","@id":"https:\/\/www.eldigitaldeasturias.com\/noticias\/author\/admin\/#author","url":"https:\/\/www.eldigitaldeasturias.com\/noticias\/author\/admin\/","name":"El Digital de Asturias","image":{"@type":"ImageObject","@id":"https:\/\/www.eldigitaldeasturias.com\/noticias\/abas-propone-que-una-fuerza-internacional-liderada-por-la-otan-vigile-la-paz\/#authorImage","url":"https:\/\/secure.gravatar.com\/avatar\/df2aeffc32bcd13f8d26072ef8a91b623d677766deac7f97ca815868cd41bf5e?s=96&d=mm&r=g","width":96,"height":96,"caption":"El Digital de Asturias"}},{"@type":"WebPage","@id":"https:\/\/www.eldigitaldeasturias.com\/noticias\/abas-propone-que-una-fuerza-internacional-liderada-por-la-otan-vigile-la-paz\/#webpage","url":"https:\/\/www.eldigitaldeasturias.com\/noticias\/abas-propone-que-una-fuerza-internacional-liderada-por-la-otan-vigile-la-paz\/","name":"Abas propone que una fuerza internacional liderada por la OTAN vigile la paz - El Digital de Asturias","description":"Ramala, 3 feb (EFE).- El presidente de la Autoridad Nacional Palestina (ANP), Mahmud Abas, est\u00e1 dispuesto a aceptar que una fuerza internacional liderada por la OTAN y respaldada por EEUU vigile la seguridad en Palestina tras un eventual acuerdo de paz. En una entrevista que publicar\u00e1 hoy el diario The New York Times en su","inLanguage":"es-ES","isPartOf":{"@id":"https:\/\/www.eldigitaldeasturias.com\/noticias\/#website"},"breadcrumb":{"@id":"https:\/\/www.eldigitaldeasturias.com\/noticias\/abas-propone-que-una-fuerza-internacional-liderada-por-la-otan-vigile-la-paz\/#breadcrumblist"},"author":{"@id":"https:\/\/www.eldigitaldeasturias.com\/noticias\/author\/admin\/#author"},"creator":{"@id":"https:\/\/www.eldigitaldeasturias.com\/noticias\/author\/admin\/#author"},"image":{"@type":"ImageObject","url":482686,"@id":"https:\/\/www.eldigitaldeasturias.com\/noticias\/abas-propone-que-una-fuerza-internacional-liderada-por-la-otan-vigile-la-paz\/#mainImage"},"primaryImageOfPage":{"@id":"https:\/\/www.eldigitaldeasturias.com\/noticias\/abas-propone-que-una-fuerza-internacional-liderada-por-la-otan-vigile-la-paz\/#mainImage"},"datePublished":"2014-02-03T17:54:12+01:00","dateModified":"2014-02-03T17:54:12+01:00"},{"@type":"WebSite","@id":"https:\/\/www.eldigitaldeasturias.com\/noticias\/#website","url":"https:\/\/www.eldigitaldeasturias.com\/noticias\/","name":"El Digital de Asturias - Diario de actualidad y noticias","alternateName":"El Digital de Asturias - Diario de actualidad y noticias","description":"Hemeroteca","inLanguage":"es-ES","publisher":{"@id":"https:\/\/www.eldigitaldeasturias.com\/noticias\/#organization"}}]},"og:locale":"es_ES","og:site_name":"El Digital de Asturias","og:type":"article","og:title":"Abas propone que una fuerza internacional liderada por la OTAN vigile la paz - El Digital de Asturias","og:description":"Ramala, 3 feb (EFE).- El presidente de la Autoridad Nacional Palestina (ANP), Mahmud Abas, est\u00e1 dispuesto a aceptar que una fuerza internacional liderada por la OTAN y respaldada por EEUU vigile la seguridad en Palestina tras un eventual acuerdo de paz. En una entrevista que publicar\u00e1 hoy el diario The New York Times en su","og:url":"https:\/\/www.eldigitaldeasturias.com\/noticias\/abas-propone-que-una-fuerza-internacional-liderada-por-la-otan-vigile-la-paz\/","article:tag":["actualidad"],"article:published_time":"2014-02-03T18:54:12+00:00","article:modified_time":"2014-02-03T18:54:12+00:00","article:publisher":"https:\/\/facebook.com\/eldigitaldeasturias","twitter:card":"summary_large_image","twitter:title":"Abas propone que una fuerza internacional liderada por la OTAN vigile la paz - El Digital de Asturias","twitter:description":"Ramala, 3 feb (EFE).- El presidente de la Autoridad Nacional Palestina (ANP), Mahmud Abas, est\u00e1 dispuesto a aceptar que una fuerza internacional liderada por la OTAN y respaldada por EEUU vigile la seguridad en Palestina tras un eventual acuerdo de paz. En una entrevista que publicar\u00e1 hoy el diario The New York Times en su","twitter:label1":"Escrito por","twitter:data1":"El Digital de Asturias","twitter:label2":"Tiempo de lectura estimado","twitter:data2":"4 minutos"},"aioseo_meta_data":{"post_id":"482685","title":null,"description":null,"keywords":null,"keyphrases":null,"primary_term":null,"canonical_url":null,"og_title":null,"og_description":null,"og_object_type":"default","og_image_type":"default","og_image_url":null,"og_image_width":null,"og_image_height":null,"og_image_custom_url":null,"og_image_custom_fields":null,"og_video":null,"og_custom_url":null,"og_article_section":null,"og_article_tags":null,"twitter_use_og":true,"twitter_card":"default","twitter_image_type":"default","twitter_image_url":null,"twitter_image_custom_url":null,"twitter_image_custom_fields":null,"twitter_title":null,"twitter_description":null,"schema":{"blockGraphs":[],"customGraphs":[],"default":{"data":{"Article":[],"Course":[],"Dataset":[],"FAQPage":[],"Movie":[],"Person":[],"Product":[],"ProductReview":[],"Car":[],"Recipe":[],"Service":[],"SoftwareApplication":[],"WebPage":[]},"graphName":"","isEnabled":true},"graphs":[],"defaultGraph":"","defaultPostTypeGraph":""},"schema_type":null,"schema_type_options":null,"pillar_content":false,"robots_default":true,"robots_noindex":false,"robots_noarchive":false,"robots_nosnippet":false,"robots_nofollow":false,"robots_noimageindex":false,"robots_noodp":false,"robots_notranslate":false,"robots_max_snippet":null,"robots_max_videopreview":null,"robots_max_imagepreview":"none","priority":null,"frequency":null,"local_seo":null,"seo_analyzer_scan_date":"2026-06-02 10:37:02","breadcrumb_settings":null,"limit_modified_date":false,"open_ai":null,"ai":null,"created":"2020-11-14 22:54:39","updated":"2026-06-02 10:37:02","focus_keyword":null,"additional_keywords":null,"truseo_locale":null},"aioseo_breadcrumb":"<div class=\"aioseo-breadcrumbs\"><span class=\"aioseo-breadcrumb\">\n\t<a href=\"https:\/\/www.eldigitaldeasturias.com\/noticias\" title=\"Home\">Home<\/a>\n<\/span><span class=\"aioseo-breadcrumb-separator\">\u2013<\/span><span class=\"aioseo-breadcrumb\">\n\t<a href=\"https:\/\/www.eldigitaldeasturias.com\/noticias\/category\/actualidad\/\" title=\"Actualidad\">Actualidad<\/a>\n<\/span><span class=\"aioseo-breadcrumb-separator\">\u2013<\/span><span class=\"aioseo-breadcrumb\">\n\t<a href=\"https:\/\/www.eldigitaldeasturias.com\/noticias\/abas-propone-que-una-fuerza-internacional-liderada-por-la-otan-vigile-la-paz\/\" title=\"Abas propone que una fuerza internacional liderada por la OTAN vigile la paz\">Abas propone que una fuerza internacional liderada por la OTAN vigile la paz<\/a>\n<\/span><\/div>","aioseo_breadcrumb_json":[{"label":"Home","link":"https:\/\/www.eldigitaldeasturias.com\/noticias"},{"label":"Actualidad","link":"https:\/\/www.eldigitaldeasturias.com\/noticias\/category\/actualidad\/"},{"label":"Abas propone que una fuerza internacional liderada por la OTAN vigile la paz","link":"https:\/\/www.eldigitaldeasturias.com\/noticias\/abas-propone-que-una-fuerza-internacional-liderada-por-la-otan-vigile-la-paz\/"}],"_links":{"self":[{"href":"https:\/\/www.eldigitaldeasturias.com\/noticias\/wp-json\/wp\/v2\/posts\/482685","targetHints":{"allow":["GET"]}}],"collection":[{"href":"https:\/\/www.eldigitaldeasturias.com\/noticias\/wp-json\/wp\/v2\/posts"}],"about":[{"href":"https:\/\/www.eldigitaldeasturias.com\/noticias\/wp-json\/wp\/v2\/types\/post"}],"author":[{"embeddable":true,"href":"https:\/\/www.eldigitaldeasturias.com\/noticias\/wp-json\/wp\/v2\/users\/1"}],"replies":[{"embeddable":true,"href":"https:\/\/www.eldigitaldeasturias.com\/noticias\/wp-json\/wp\/v2\/comments?post=482685"}],"version-history":[{"count":0,"href":"https:\/\/www.eldigitaldeasturias.com\/noticias\/wp-json\/wp\/v2\/posts\/482685\/revisions"}],"wp:attachment":[{"href":"https:\/\/www.eldigitaldeasturias.com\/noticias\/wp-json\/wp\/v2\/media?parent=482685"}],"wp:term":[{"taxonomy":"category","embeddable":true,"href":"https:\/\/www.eldigitaldeasturias.com\/noticias\/wp-json\/wp\/v2\/categories?post=482685"},{"taxonomy":"post_tag","embeddable":true,"href":"https:\/\/www.eldigitaldeasturias.com\/noticias\/wp-json\/wp\/v2\/tags?post=482685"}],"curies":[{"name":"wp","href":"https:\/\/api.w.org\/{rel}","templated":true}]}}