{"id":482679,"date":"2014-02-03T17:51:45","date_gmt":"2014-02-03T18:51:45","guid":{"rendered":"http:\/\/www.eldigitaldeasturias.com\/noticias\/?p=482679"},"modified":"2014-02-03T17:51:45","modified_gmt":"2014-02-03T18:51:45","slug":"los-universitarios-acusan-al-gobierno-de-improvisar-con-las-becas-erasmus","status":"publish","type":"post","link":"https:\/\/www.eldigitaldeasturias.com\/noticias\/los-universitarios-acusan-al-gobierno-de-improvisar-con-las-becas-erasmus\/","title":{"rendered":"Los universitarios acusan al Gobierno de \u00abimprovisar\u00bb con las becas Erasmus"},"content":{"rendered":"<p><img loading=\"lazy\" decoding=\"async\" class=\"alignleft size-medium wp-image-482680\" alt=\"5903263w\" src=\"https:\/\/www.eldigitaldeasturias.com\/noticias\/wp-content\/uploads\/2014\/02\/5903263w-360x240.jpg\" width=\"360\" height=\"240\" \/>Madrid, 3 feb (EFE).- La Coordinadora de Representantes de Estudiantes de Universidades P\u00fablicas (CREUP) ha acusado hoy al Gobierno de situar a los estudiantes y su nivel de idiomas \u00aben el punto de mira\u00bb para \u00abjustificar\u00bb los recortes en las becas Erasmus y ha censurado la \u00abactitud de improvisaci\u00f3n permanente\u00bb del ministro de Educaci\u00f3n, Jos\u00e9 Ignacio Wert.<\/p>\n<p>La organizaci\u00f3n ha puesto en duda que el ministro haya realizado un \u00aban\u00e1lisis previo de qu\u00e9 nivel de idiomas es necesario\u00bb para aprovechar una beca Erasmus y ha reprochado al Gobierno que priorice los recortes a la \u00abformaci\u00f3n de calidad de la juventud\u00bb.<\/p>\n<p>Wert justific\u00f3 el pasado s\u00e1bado que se exija un mayor nivel de idiomas (B2) a los aspirantes a las becas Erasmus Plus porque con un conocimiento inferior es \u00abimposible seguir las clases\u00bb.<\/p>\n<p>Seg\u00fan CREUP, de ser ciertas estas afirmaciones, \u00abning\u00fan estudiante hubiera aprobado las asignaturas que ha cursado en los intercambios\u00bb.<\/p>\n<p>La secretaria general de la plataforma, In\u00e9s S\u00e1nchez, ha subrayado que \u00abcualquier instituci\u00f3n debe analizar las consecuencias de las medidas antes de tomarlas\u00bb y ha acusado al ministro de \u00abhacer un cambio\u00bb sin consultar el Observatorio de becas.<\/p>\n<p>\u00abEs necesario saber qu\u00e9 nivel de idiomas tiene el alumnado universitario para no quitar oportunidades a ning\u00fan estudiante\u00bb, ha precisado CREUP en un comunicado.<\/p>\n<p>Tambi\u00e9n ha reclamado al titular de Educaci\u00f3n que no pretenda \u00abtapar el recorte\u00bb de 16 millones de euros para las becas Erasmus \u00ablimitando la estancia a seis meses\u00bb y le ha recordado que \u00abest\u00e1 jugando con el futuro personal y laboral de los j\u00f3venes\u00bb.<\/p>\n","protected":false},"excerpt":{"rendered":"<p>Madrid, 3 feb (EFE).- La Coordinadora de Representantes de Estudiantes de Universidades P\u00fablicas (CREUP) ha acusado hoy al Gobierno de situar a los estudiantes y su nivel de idiomas \u00aben el punto de mira\u00bb para \u00abjustificar\u00bb los recortes en las becas Erasmus y ha censurado la \u00abactitud de improvisaci\u00f3n permanente\u00bb del ministro de Educaci\u00f3n, Jos\u00e9 [&hellip;]<\/p>\n","protected":false},"author":1,"featured_media":482680,"comment_status":"closed","ping_status":"open","sticky":false,"template":"","format":"standard","meta":{"footnotes":""},"categories":[1],"tags":[],"class_list":["post-482679","post","type-post","status-publish","format-standard","has-post-thumbnail","hentry","category-actualidad"],"aioseo_notices":[],"aioseo_head":"\n\t\t<!-- All in One SEO Pro 5.0.1 - aioseo.com -->\n\t<meta name=\"description\" content=\"Madrid, 3 feb (EFE).- La Coordinadora de Representantes de Estudiantes de Universidades P\u00fablicas (CREUP) ha acusado hoy al Gobierno de situar a los estudiantes y su nivel de idiomas &quot;en el punto de mira&quot; para &quot;justificar&quot; los recortes en las becas Erasmus y ha censurado la &quot;actitud de improvisaci\u00f3n permanente&quot; del ministro de Educaci\u00f3n, Jos\u00e9\" \/>\n\t<meta name=\"robots\" content=\"max-image-preview:large\" \/>\n\t<meta name=\"author\" content=\"El Digital de Asturias\"\/>\n\t<meta name=\"google-site-verification\" content=\"UA-38556648-1\" \/>\n\t<meta name=\"msvalidate.01\" content=\"7dfe9f3f1b24437ab69f4f2559babe99\" \/>\n\t<meta name=\"keywords\" content=\"actualidad\" \/>\n\t<link rel=\"canonical\" href=\"https:\/\/www.eldigitaldeasturias.com\/noticias\/los-universitarios-acusan-al-gobierno-de-improvisar-con-las-becas-erasmus\/\" \/>\n\t<meta name=\"generator\" content=\"All in One SEO Pro (AIOSEO) 5.0.1\" \/>\n\t\t<meta property=\"og:locale\" content=\"es_ES\" \/>\n\t\t<meta property=\"og:site_name\" content=\"El Digital de Asturias\" \/>\n\t\t<meta property=\"og:type\" content=\"article\" \/>\n\t\t<meta property=\"og:title\" content=\"Los universitarios acusan al Gobierno de \u00abimprovisar\u00bb con las becas Erasmus - El Digital de Asturias\" \/>\n\t\t<meta property=\"og:description\" content=\"Madrid, 3 feb (EFE).- La Coordinadora de Representantes de Estudiantes de Universidades P\u00fablicas (CREUP) ha acusado hoy al Gobierno de situar a los estudiantes y su nivel de idiomas &quot;en el punto de mira&quot; para &quot;justificar&quot; los recortes en las becas Erasmus y ha censurado la &quot;actitud de improvisaci\u00f3n permanente&quot; del ministro de Educaci\u00f3n, Jos\u00e9\" \/>\n\t\t<meta property=\"og:url\" content=\"https:\/\/www.eldigitaldeasturias.com\/noticias\/los-universitarios-acusan-al-gobierno-de-improvisar-con-las-becas-erasmus\/\" \/>\n\t\t<meta property=\"article:tag\" content=\"actualidad\" \/>\n\t\t<meta property=\"article:published_time\" content=\"2014-02-03T18:51:45+00:00\" \/>\n\t\t<meta property=\"article:modified_time\" content=\"2014-02-03T18:51:45+00:00\" \/>\n\t\t<meta property=\"article:publisher\" content=\"https:\/\/facebook.com\/eldigitaldeasturias\" \/>\n\t\t<meta name=\"twitter:card\" content=\"summary_large_image\" \/>\n\t\t<meta name=\"twitter:title\" content=\"Los universitarios acusan al Gobierno de \u00abimprovisar\u00bb con las becas Erasmus - El Digital de Asturias\" \/>\n\t\t<meta name=\"twitter:description\" content=\"Madrid, 3 feb (EFE).- La Coordinadora de Representantes de Estudiantes de Universidades P\u00fablicas (CREUP) ha acusado hoy al Gobierno de situar a los estudiantes y su nivel de idiomas &quot;en el punto de mira&quot; para &quot;justificar&quot; los recortes en las becas Erasmus y ha censurado la &quot;actitud de improvisaci\u00f3n permanente&quot; del ministro de Educaci\u00f3n, Jos\u00e9\" \/>\n\t\t<meta name=\"twitter:label1\" content=\"Escrito por\" \/>\n\t\t<meta name=\"twitter:data1\" content=\"El Digital de Asturias\" \/>\n\t\t<meta name=\"twitter:label2\" content=\"Tiempo de lectura estimado\" \/>\n\t\t<meta name=\"twitter:data2\" content=\"1 minuto\" \/>\n\t\t<script type=\"application\/ld+json\" class=\"aioseo-schema\">\n\t\t\t{\"@context\":\"https:\\\/\\\/schema.org\",\"@graph\":[{\"@type\":\"BlogPosting\",\"@id\":\"https:\\\/\\\/www.eldigitaldeasturias.com\\\/noticias\\\/los-universitarios-acusan-al-gobierno-de-improvisar-con-las-becas-erasmus\\\/#blogposting\",\"name\":\"Los universitarios acusan al Gobierno de \\u00abimprovisar\\u00bb con las becas Erasmus - El Digital de Asturias\",\"headline\":\"Los universitarios acusan al Gobierno de \\u00abimprovisar\\u00bb con las becas Erasmus\",\"author\":{\"@id\":\"https:\\\/\\\/www.eldigitaldeasturias.com\\\/noticias\\\/author\\\/admin\\\/#author\"},\"publisher\":{\"@id\":\"https:\\\/\\\/www.eldigitaldeasturias.com\\\/noticias\\\/#organization\"},\"image\":{\"@type\":\"ImageObject\",\"url\":482680},\"datePublished\":\"2014-02-03T17:51:45+01:00\",\"dateModified\":\"2014-02-03T17:51:45+01:00\",\"inLanguage\":\"es-ES\",\"mainEntityOfPage\":{\"@id\":\"https:\\\/\\\/www.eldigitaldeasturias.com\\\/noticias\\\/los-universitarios-acusan-al-gobierno-de-improvisar-con-las-becas-erasmus\\\/#webpage\"},\"isPartOf\":{\"@id\":\"https:\\\/\\\/www.eldigitaldeasturias.com\\\/noticias\\\/los-universitarios-acusan-al-gobierno-de-improvisar-con-las-becas-erasmus\\\/#webpage\"},\"articleSection\":\"Actualidad\"},{\"@type\":\"BreadcrumbList\",\"@id\":\"https:\\\/\\\/www.eldigitaldeasturias.com\\\/noticias\\\/los-universitarios-acusan-al-gobierno-de-improvisar-con-las-becas-erasmus\\\/#breadcrumblist\",\"itemListElement\":[{\"@type\":\"ListItem\",\"@id\":\"https:\\\/\\\/www.eldigitaldeasturias.com\\\/noticias#listItem\",\"position\":1,\"name\":\"Home\",\"item\":\"https:\\\/\\\/www.eldigitaldeasturias.com\\\/noticias\",\"nextItem\":{\"@type\":\"ListItem\",\"@id\":\"https:\\\/\\\/www.eldigitaldeasturias.com\\\/noticias\\\/category\\\/actualidad\\\/#listItem\",\"name\":\"Actualidad\"}},{\"@type\":\"ListItem\",\"@id\":\"https:\\\/\\\/www.eldigitaldeasturias.com\\\/noticias\\\/category\\\/actualidad\\\/#listItem\",\"position\":2,\"name\":\"Actualidad\",\"item\":\"https:\\\/\\\/www.eldigitaldeasturias.com\\\/noticias\\\/category\\\/actualidad\\\/\",\"nextItem\":{\"@type\":\"ListItem\",\"@id\":\"https:\\\/\\\/www.eldigitaldeasturias.com\\\/noticias\\\/los-universitarios-acusan-al-gobierno-de-improvisar-con-las-becas-erasmus\\\/#listItem\",\"name\":\"Los universitarios acusan al Gobierno de \\u00abimprovisar\\u00bb con las becas Erasmus\"},\"previousItem\":{\"@type\":\"ListItem\",\"@id\":\"https:\\\/\\\/www.eldigitaldeasturias.com\\\/noticias#listItem\",\"name\":\"Home\"}},{\"@type\":\"ListItem\",\"@id\":\"https:\\\/\\\/www.eldigitaldeasturias.com\\\/noticias\\\/los-universitarios-acusan-al-gobierno-de-improvisar-con-las-becas-erasmus\\\/#listItem\",\"position\":3,\"name\":\"Los universitarios acusan al Gobierno de \\u00abimprovisar\\u00bb con las becas Erasmus\",\"previousItem\":{\"@type\":\"ListItem\",\"@id\":\"https:\\\/\\\/www.eldigitaldeasturias.com\\\/noticias\\\/category\\\/actualidad\\\/#listItem\",\"name\":\"Actualidad\"}}]},{\"@type\":\"Organization\",\"@id\":\"https:\\\/\\\/www.eldigitaldeasturias.com\\\/noticias\\\/#organization\",\"name\":\"El Digital de Asturias\",\"description\":\"Hemeroteca\",\"url\":\"https:\\\/\\\/www.eldigitaldeasturias.com\\\/noticias\\\/\",\"email\":\"info@eldigitaldeasturias.com\",\"telephone\":\"+34652131393\",\"logo\":{\"@type\":\"ImageObject\",\"url\":\"https:\\\/\\\/www.eldigitaldeasturias.com\\\/noticias\\\/wp-content\\\/uploads\\\/2020\\\/12\\\/EDA.jpg\",\"@id\":\"https:\\\/\\\/www.eldigitaldeasturias.com\\\/noticias\\\/los-universitarios-acusan-al-gobierno-de-improvisar-con-las-becas-erasmus\\\/#organizationLogo\"},\"image\":{\"@id\":\"https:\\\/\\\/www.eldigitaldeasturias.com\\\/noticias\\\/los-universitarios-acusan-al-gobierno-de-improvisar-con-las-becas-erasmus\\\/#organizationLogo\"},\"sameAs\":[\"https:\\\/\\\/facebook.com\\\/eldigitaldeasturias\",\"https:\\\/\\\/www.youtube.com\\\/channel\\\/UCZP-2wLEB9Rv6erhFmqVnvg\"],\"address\":{\"@id\":\"https:\\\/\\\/www.eldigitaldeasturias.com\\\/noticias\\\/#postaladdress\",\"@type\":\"PostalAddress\",\"streetAddress\":\"san antonio 4\",\"postalCode\":\"33430\",\"addressLocality\":\"Cand\\u00e1s\",\"addressRegion\":\"Asturias\",\"addressCountry\":\"ES\"}},{\"@type\":\"Person\",\"@id\":\"https:\\\/\\\/www.eldigitaldeasturias.com\\\/noticias\\\/author\\\/admin\\\/#author\",\"url\":\"https:\\\/\\\/www.eldigitaldeasturias.com\\\/noticias\\\/author\\\/admin\\\/\",\"name\":\"El Digital de Asturias\",\"image\":{\"@type\":\"ImageObject\",\"@id\":\"https:\\\/\\\/www.eldigitaldeasturias.com\\\/noticias\\\/los-universitarios-acusan-al-gobierno-de-improvisar-con-las-becas-erasmus\\\/#authorImage\",\"url\":\"https:\\\/\\\/secure.gravatar.com\\\/avatar\\\/df2aeffc32bcd13f8d26072ef8a91b623d677766deac7f97ca815868cd41bf5e?s=96&d=mm&r=g\",\"width\":96,\"height\":96,\"caption\":\"El Digital de Asturias\"}},{\"@type\":\"WebPage\",\"@id\":\"https:\\\/\\\/www.eldigitaldeasturias.com\\\/noticias\\\/los-universitarios-acusan-al-gobierno-de-improvisar-con-las-becas-erasmus\\\/#webpage\",\"url\":\"https:\\\/\\\/www.eldigitaldeasturias.com\\\/noticias\\\/los-universitarios-acusan-al-gobierno-de-improvisar-con-las-becas-erasmus\\\/\",\"name\":\"Los universitarios acusan al Gobierno de \\u00abimprovisar\\u00bb con las becas Erasmus - El Digital de Asturias\",\"description\":\"Madrid, 3 feb (EFE).- La Coordinadora de Representantes de Estudiantes de Universidades P\\u00fablicas (CREUP) ha acusado hoy al Gobierno de situar a los estudiantes y su nivel de idiomas \\\"en el punto de mira\\\" para \\\"justificar\\\" los recortes en las becas Erasmus y ha censurado la \\\"actitud de improvisaci\\u00f3n permanente\\\" del ministro de Educaci\\u00f3n, Jos\\u00e9\",\"inLanguage\":\"es-ES\",\"isPartOf\":{\"@id\":\"https:\\\/\\\/www.eldigitaldeasturias.com\\\/noticias\\\/#website\"},\"breadcrumb\":{\"@id\":\"https:\\\/\\\/www.eldigitaldeasturias.com\\\/noticias\\\/los-universitarios-acusan-al-gobierno-de-improvisar-con-las-becas-erasmus\\\/#breadcrumblist\"},\"author\":{\"@id\":\"https:\\\/\\\/www.eldigitaldeasturias.com\\\/noticias\\\/author\\\/admin\\\/#author\"},\"creator\":{\"@id\":\"https:\\\/\\\/www.eldigitaldeasturias.com\\\/noticias\\\/author\\\/admin\\\/#author\"},\"image\":{\"@type\":\"ImageObject\",\"url\":482680,\"@id\":\"https:\\\/\\\/www.eldigitaldeasturias.com\\\/noticias\\\/los-universitarios-acusan-al-gobierno-de-improvisar-con-las-becas-erasmus\\\/#mainImage\"},\"primaryImageOfPage\":{\"@id\":\"https:\\\/\\\/www.eldigitaldeasturias.com\\\/noticias\\\/los-universitarios-acusan-al-gobierno-de-improvisar-con-las-becas-erasmus\\\/#mainImage\"},\"datePublished\":\"2014-02-03T17:51:45+01:00\",\"dateModified\":\"2014-02-03T17:51:45+01:00\"},{\"@type\":\"WebSite\",\"@id\":\"https:\\\/\\\/www.eldigitaldeasturias.com\\\/noticias\\\/#website\",\"url\":\"https:\\\/\\\/www.eldigitaldeasturias.com\\\/noticias\\\/\",\"name\":\"El Digital de Asturias - Diario de actualidad y noticias\",\"alternateName\":\"El Digital de Asturias - Diario de actualidad y noticias\",\"description\":\"Hemeroteca\",\"inLanguage\":\"es-ES\",\"publisher\":{\"@id\":\"https:\\\/\\\/www.eldigitaldeasturias.com\\\/noticias\\\/#organization\"}}]}\n\t\t<\/script>\n\t\t<!-- All in One SEO Pro -->\r\n\t\t<title>Los universitarios acusan al Gobierno de \u00abimprovisar\u00bb con las becas Erasmus - El Digital de Asturias<\/title>\n\n","aioseo_head_json":{"title":"Los universitarios acusan al Gobierno de \u00abimprovisar\u00bb con las becas Erasmus - El Digital de Asturias","description":"Madrid, 3 feb (EFE).- La Coordinadora de Representantes de Estudiantes de Universidades P\u00fablicas (CREUP) ha acusado hoy al Gobierno de situar a los estudiantes y su nivel de idiomas \"en el punto de mira\" para \"justificar\" los recortes en las becas Erasmus y ha censurado la \"actitud de improvisaci\u00f3n permanente\" del ministro de Educaci\u00f3n, Jos\u00e9","canonical_url":"https:\/\/www.eldigitaldeasturias.com\/noticias\/los-universitarios-acusan-al-gobierno-de-improvisar-con-las-becas-erasmus\/","robots":"max-image-preview:large","keywords":"actualidad","webmasterTools":{"google-site-verification":"UA-38556648-1","msvalidate.01":"7dfe9f3f1b24437ab69f4f2559babe99","miscellaneous":""},"schema":{"@context":"https:\/\/schema.org","@graph":[{"@type":"BlogPosting","@id":"https:\/\/www.eldigitaldeasturias.com\/noticias\/los-universitarios-acusan-al-gobierno-de-improvisar-con-las-becas-erasmus\/#blogposting","name":"Los universitarios acusan al Gobierno de \u00abimprovisar\u00bb con las becas Erasmus - El Digital de Asturias","headline":"Los universitarios acusan al Gobierno de \u00abimprovisar\u00bb con las becas Erasmus","author":{"@id":"https:\/\/www.eldigitaldeasturias.com\/noticias\/author\/admin\/#author"},"publisher":{"@id":"https:\/\/www.eldigitaldeasturias.com\/noticias\/#organization"},"image":{"@type":"ImageObject","url":482680},"datePublished":"2014-02-03T17:51:45+01:00","dateModified":"2014-02-03T17:51:45+01:00","inLanguage":"es-ES","mainEntityOfPage":{"@id":"https:\/\/www.eldigitaldeasturias.com\/noticias\/los-universitarios-acusan-al-gobierno-de-improvisar-con-las-becas-erasmus\/#webpage"},"isPartOf":{"@id":"https:\/\/www.eldigitaldeasturias.com\/noticias\/los-universitarios-acusan-al-gobierno-de-improvisar-con-las-becas-erasmus\/#webpage"},"articleSection":"Actualidad"},{"@type":"BreadcrumbList","@id":"https:\/\/www.eldigitaldeasturias.com\/noticias\/los-universitarios-acusan-al-gobierno-de-improvisar-con-las-becas-erasmus\/#breadcrumblist","itemListElement":[{"@type":"ListItem","@id":"https:\/\/www.eldigitaldeasturias.com\/noticias#listItem","position":1,"name":"Home","item":"https:\/\/www.eldigitaldeasturias.com\/noticias","nextItem":{"@type":"ListItem","@id":"https:\/\/www.eldigitaldeasturias.com\/noticias\/category\/actualidad\/#listItem","name":"Actualidad"}},{"@type":"ListItem","@id":"https:\/\/www.eldigitaldeasturias.com\/noticias\/category\/actualidad\/#listItem","position":2,"name":"Actualidad","item":"https:\/\/www.eldigitaldeasturias.com\/noticias\/category\/actualidad\/","nextItem":{"@type":"ListItem","@id":"https:\/\/www.eldigitaldeasturias.com\/noticias\/los-universitarios-acusan-al-gobierno-de-improvisar-con-las-becas-erasmus\/#listItem","name":"Los universitarios acusan al Gobierno de \u00abimprovisar\u00bb con las becas Erasmus"},"previousItem":{"@type":"ListItem","@id":"https:\/\/www.eldigitaldeasturias.com\/noticias#listItem","name":"Home"}},{"@type":"ListItem","@id":"https:\/\/www.eldigitaldeasturias.com\/noticias\/los-universitarios-acusan-al-gobierno-de-improvisar-con-las-becas-erasmus\/#listItem","position":3,"name":"Los universitarios acusan al Gobierno de \u00abimprovisar\u00bb con las becas Erasmus","previousItem":{"@type":"ListItem","@id":"https:\/\/www.eldigitaldeasturias.com\/noticias\/category\/actualidad\/#listItem","name":"Actualidad"}}]},{"@type":"Organization","@id":"https:\/\/www.eldigitaldeasturias.com\/noticias\/#organization","name":"El Digital de Asturias","description":"Hemeroteca","url":"https:\/\/www.eldigitaldeasturias.com\/noticias\/","email":"info@eldigitaldeasturias.com","telephone":"+34652131393","logo":{"@type":"ImageObject","url":"https:\/\/www.eldigitaldeasturias.com\/noticias\/wp-content\/uploads\/2020\/12\/EDA.jpg","@id":"https:\/\/www.eldigitaldeasturias.com\/noticias\/los-universitarios-acusan-al-gobierno-de-improvisar-con-las-becas-erasmus\/#organizationLogo"},"image":{"@id":"https:\/\/www.eldigitaldeasturias.com\/noticias\/los-universitarios-acusan-al-gobierno-de-improvisar-con-las-becas-erasmus\/#organizationLogo"},"sameAs":["https:\/\/facebook.com\/eldigitaldeasturias","https:\/\/www.youtube.com\/channel\/UCZP-2wLEB9Rv6erhFmqVnvg"],"address":{"@id":"https:\/\/www.eldigitaldeasturias.com\/noticias\/#postaladdress","@type":"PostalAddress","streetAddress":"san antonio 4","postalCode":"33430","addressLocality":"Cand\u00e1s","addressRegion":"Asturias","addressCountry":"ES"}},{"@type":"Person","@id":"https:\/\/www.eldigitaldeasturias.com\/noticias\/author\/admin\/#author","url":"https:\/\/www.eldigitaldeasturias.com\/noticias\/author\/admin\/","name":"El Digital de Asturias","image":{"@type":"ImageObject","@id":"https:\/\/www.eldigitaldeasturias.com\/noticias\/los-universitarios-acusan-al-gobierno-de-improvisar-con-las-becas-erasmus\/#authorImage","url":"https:\/\/secure.gravatar.com\/avatar\/df2aeffc32bcd13f8d26072ef8a91b623d677766deac7f97ca815868cd41bf5e?s=96&d=mm&r=g","width":96,"height":96,"caption":"El Digital de Asturias"}},{"@type":"WebPage","@id":"https:\/\/www.eldigitaldeasturias.com\/noticias\/los-universitarios-acusan-al-gobierno-de-improvisar-con-las-becas-erasmus\/#webpage","url":"https:\/\/www.eldigitaldeasturias.com\/noticias\/los-universitarios-acusan-al-gobierno-de-improvisar-con-las-becas-erasmus\/","name":"Los universitarios acusan al Gobierno de \u00abimprovisar\u00bb con las becas Erasmus - El Digital de Asturias","description":"Madrid, 3 feb (EFE).- La Coordinadora de Representantes de Estudiantes de Universidades P\u00fablicas (CREUP) ha acusado hoy al Gobierno de situar a los estudiantes y su nivel de idiomas \"en el punto de mira\" para \"justificar\" los recortes en las becas Erasmus y ha censurado la \"actitud de improvisaci\u00f3n permanente\" del ministro de Educaci\u00f3n, Jos\u00e9","inLanguage":"es-ES","isPartOf":{"@id":"https:\/\/www.eldigitaldeasturias.com\/noticias\/#website"},"breadcrumb":{"@id":"https:\/\/www.eldigitaldeasturias.com\/noticias\/los-universitarios-acusan-al-gobierno-de-improvisar-con-las-becas-erasmus\/#breadcrumblist"},"author":{"@id":"https:\/\/www.eldigitaldeasturias.com\/noticias\/author\/admin\/#author"},"creator":{"@id":"https:\/\/www.eldigitaldeasturias.com\/noticias\/author\/admin\/#author"},"image":{"@type":"ImageObject","url":482680,"@id":"https:\/\/www.eldigitaldeasturias.com\/noticias\/los-universitarios-acusan-al-gobierno-de-improvisar-con-las-becas-erasmus\/#mainImage"},"primaryImageOfPage":{"@id":"https:\/\/www.eldigitaldeasturias.com\/noticias\/los-universitarios-acusan-al-gobierno-de-improvisar-con-las-becas-erasmus\/#mainImage"},"datePublished":"2014-02-03T17:51:45+01:00","dateModified":"2014-02-03T17:51:45+01:00"},{"@type":"WebSite","@id":"https:\/\/www.eldigitaldeasturias.com\/noticias\/#website","url":"https:\/\/www.eldigitaldeasturias.com\/noticias\/","name":"El Digital de Asturias - Diario de actualidad y noticias","alternateName":"El Digital de Asturias - Diario de actualidad y noticias","description":"Hemeroteca","inLanguage":"es-ES","publisher":{"@id":"https:\/\/www.eldigitaldeasturias.com\/noticias\/#organization"}}]},"og:locale":"es_ES","og:site_name":"El Digital de Asturias","og:type":"article","og:title":"Los universitarios acusan al Gobierno de \u00abimprovisar\u00bb con las becas Erasmus - El Digital de Asturias","og:description":"Madrid, 3 feb (EFE).- La Coordinadora de Representantes de Estudiantes de Universidades P\u00fablicas (CREUP) ha acusado hoy al Gobierno de situar a los estudiantes y su nivel de idiomas &quot;en el punto de mira&quot; para &quot;justificar&quot; los recortes en las becas Erasmus y ha censurado la &quot;actitud de improvisaci\u00f3n permanente&quot; del ministro de Educaci\u00f3n, Jos\u00e9","og:url":"https:\/\/www.eldigitaldeasturias.com\/noticias\/los-universitarios-acusan-al-gobierno-de-improvisar-con-las-becas-erasmus\/","article:tag":["actualidad"],"article:published_time":"2014-02-03T18:51:45+00:00","article:modified_time":"2014-02-03T18:51:45+00:00","article:publisher":"https:\/\/facebook.com\/eldigitaldeasturias","twitter:card":"summary_large_image","twitter:title":"Los universitarios acusan al Gobierno de \u00abimprovisar\u00bb con las becas Erasmus - El Digital de Asturias","twitter:description":"Madrid, 3 feb (EFE).- La Coordinadora de Representantes de Estudiantes de Universidades P\u00fablicas (CREUP) ha acusado hoy al Gobierno de situar a los estudiantes y su nivel de idiomas &quot;en el punto de mira&quot; para &quot;justificar&quot; los recortes en las becas Erasmus y ha censurado la &quot;actitud de improvisaci\u00f3n permanente&quot; del ministro de Educaci\u00f3n, Jos\u00e9","twitter:label1":"Escrito por","twitter:data1":"El Digital de Asturias","twitter:label2":"Tiempo de lectura estimado","twitter:data2":"1 minuto"},"aioseo_meta_data":{"post_id":"482679","title":null,"description":null,"keywords":null,"keyphrases":null,"primary_term":null,"canonical_url":null,"og_title":null,"og_description":null,"og_object_type":"default","og_image_type":"default","og_image_url":null,"og_image_width":null,"og_image_height":null,"og_image_custom_url":null,"og_image_custom_fields":null,"og_video":null,"og_custom_url":null,"og_article_section":null,"og_article_tags":null,"twitter_use_og":true,"twitter_card":"default","twitter_image_type":"default","twitter_image_url":null,"twitter_image_custom_url":null,"twitter_image_custom_fields":null,"twitter_title":null,"twitter_description":null,"schema":{"blockGraphs":[],"customGraphs":[],"default":{"data":{"Article":[],"Course":[],"Dataset":[],"FAQPage":[],"Movie":[],"Person":[],"Product":[],"ProductReview":[],"Car":[],"Recipe":[],"Service":[],"SoftwareApplication":[],"WebPage":[]},"graphName":"","isEnabled":true},"graphs":[]},"schema_type":null,"schema_type_options":null,"pillar_content":false,"robots_default":true,"robots_noindex":false,"robots_noarchive":false,"robots_nosnippet":false,"robots_nofollow":false,"robots_noimageindex":false,"robots_noodp":false,"robots_notranslate":false,"robots_max_snippet":null,"robots_max_videopreview":null,"robots_max_imagepreview":"none","priority":null,"frequency":null,"local_seo":null,"seo_analyzer_scan_date":"2026-06-02 10:34:55","breadcrumb_settings":null,"limit_modified_date":false,"open_ai":null,"ai":null,"created":"2020-11-14 22:54:39","updated":"2026-06-02 10:34:55","focus_keyword":null,"additional_keywords":null,"truseo_locale":null},"aioseo_breadcrumb":"<div class=\"aioseo-breadcrumbs\"><span class=\"aioseo-breadcrumb\">\n\t<a href=\"https:\/\/www.eldigitaldeasturias.com\/noticias\" title=\"Home\">Home<\/a>\n<\/span><span class=\"aioseo-breadcrumb-separator\">\u2013<\/span><span class=\"aioseo-breadcrumb\">\n\t<a href=\"https:\/\/www.eldigitaldeasturias.com\/noticias\/category\/actualidad\/\" title=\"Actualidad\">Actualidad<\/a>\n<\/span><span class=\"aioseo-breadcrumb-separator\">\u2013<\/span><span class=\"aioseo-breadcrumb\">\n\t<a href=\"https:\/\/www.eldigitaldeasturias.com\/noticias\/los-universitarios-acusan-al-gobierno-de-improvisar-con-las-becas-erasmus\/\" title=\"Los universitarios acusan al Gobierno de \u00abimprovisar\u00bb con las becas Erasmus\">Los universitarios acusan al Gobierno de \u00abimprovisar\u00bb con las becas Erasmus<\/a>\n<\/span><\/div>","aioseo_breadcrumb_json":[{"label":"Home","link":"https:\/\/www.eldigitaldeasturias.com\/noticias"},{"label":"Actualidad","link":"https:\/\/www.eldigitaldeasturias.com\/noticias\/category\/actualidad\/"},{"label":"Los universitarios acusan al Gobierno de \u00abimprovisar\u00bb con las becas Erasmus","link":"https:\/\/www.eldigitaldeasturias.com\/noticias\/los-universitarios-acusan-al-gobierno-de-improvisar-con-las-becas-erasmus\/"}],"_links":{"self":[{"href":"https:\/\/www.eldigitaldeasturias.com\/noticias\/wp-json\/wp\/v2\/posts\/482679","targetHints":{"allow":["GET"]}}],"collection":[{"href":"https:\/\/www.eldigitaldeasturias.com\/noticias\/wp-json\/wp\/v2\/posts"}],"about":[{"href":"https:\/\/www.eldigitaldeasturias.com\/noticias\/wp-json\/wp\/v2\/types\/post"}],"author":[{"embeddable":true,"href":"https:\/\/www.eldigitaldeasturias.com\/noticias\/wp-json\/wp\/v2\/users\/1"}],"replies":[{"embeddable":true,"href":"https:\/\/www.eldigitaldeasturias.com\/noticias\/wp-json\/wp\/v2\/comments?post=482679"}],"version-history":[{"count":0,"href":"https:\/\/www.eldigitaldeasturias.com\/noticias\/wp-json\/wp\/v2\/posts\/482679\/revisions"}],"wp:attachment":[{"href":"https:\/\/www.eldigitaldeasturias.com\/noticias\/wp-json\/wp\/v2\/media?parent=482679"}],"wp:term":[{"taxonomy":"category","embeddable":true,"href":"https:\/\/www.eldigitaldeasturias.com\/noticias\/wp-json\/wp\/v2\/categories?post=482679"},{"taxonomy":"post_tag","embeddable":true,"href":"https:\/\/www.eldigitaldeasturias.com\/noticias\/wp-json\/wp\/v2\/tags?post=482679"}],"curies":[{"name":"wp","href":"https:\/\/api.w.org\/{rel}","templated":true}]}}