{"id":482676,"date":"2014-02-03T17:50:50","date_gmt":"2014-02-03T18:50:50","guid":{"rendered":"http:\/\/www.eldigitaldeasturias.com\/noticias\/?p=482676"},"modified":"2014-02-03T17:50:50","modified_gmt":"2014-02-03T18:50:50","slug":"los-hijos-de-fernando-martin-dejan-el-consejo-de-martinsa-por-motivos-laborales","status":"publish","type":"post","link":"https:\/\/www.eldigitaldeasturias.com\/noticias\/los-hijos-de-fernando-martin-dejan-el-consejo-de-martinsa-por-motivos-laborales\/","title":{"rendered":"Los hijos de Fernando Mart\u00edn dejan el consejo de Martinsa por motivos laborales"},"content":{"rendered":"<p><img loading=\"lazy\" decoding=\"async\" class=\"alignleft size-medium wp-image-482677\" alt=\"5903255w\" src=\"https:\/\/www.eldigitaldeasturias.com\/noticias\/wp-content\/uploads\/2014\/02\/5903255w-360x239.jpg\" width=\"360\" height=\"239\" \/>Madrid, 3 feb (EFE).- Fernando y Javier Mart\u00edn del Agua, hijos del presidente de Martinsa Fadesa, Fernando Mart\u00edn, han cesado como miembros del consejo de administraci\u00f3n de la compa\u00f1\u00eda por motivos profesionales.<\/p>\n<p>Seg\u00fan ha indicado la compa\u00f1\u00eda a la Comisi\u00f3n Nacional del Mercado de Valores (CNMV), Javier Mart\u00edn del Agua, que representaba a la sociedad FT Castellana Consultores Inmobiliarios ha trasladado su domicilio fuera de Espa\u00f1a.<\/p>\n<p>Por el momento, no se ha designado a ninguna persona que sustituya la vacante dejada por Javier Mart\u00edn del Agua, que entr\u00f3 en el m\u00e1ximo \u00f3rgano de la compa\u00f1\u00eda en septiembre de 2012.<\/p>\n<p>Igualmente, Fernando Mart\u00edn del Agua ha dimitido como vocal del consejo por el mismo motivo y porque \u00absus compromisos laborales le impiden compaginar de forma adecuada las labores de consejero\u00bb.<\/p>\n<p>Fernando Mart\u00edn del Agua accedi\u00f3 al consejo de administraci\u00f3n de Martinsa Fadesa el 27 de junio de 2007.<\/p>\n<p>La salida de ambos del consejo de la inmobiliaria se produce en un contexto marcado por las negociaciones a contrarreloj que mantiene la inmobiliaria con la banca acreedora distintas operaciones con las que lograr 197 millones de euros con los que revertir la situaci\u00f3n de caja negativa y evitar entrar formalmente en causa de disoluci\u00f3n.<\/p>\n<p>Despu\u00e9s de que la compa\u00f1\u00eda haya dejado de pagar una anualidad del convenio con el que dej\u00f3 atr\u00e1s el mayor concurso de acreedores de la historia de Espa\u00f1a (un 1 % y que equivale a cerca de 35 millones), Martinsa Fadesa ha planteado a la banca convertir deuda subordinada en pr\u00e9stamos participativos a fin de que compute como fondos propios.<\/p>\n<p>Bankia, con el 65 % de la deuda subordinada (135 millones), y Royal Bank of Scotland (RBS) ya han comunicado a la inmobiliaria sus reticencias, seg\u00fan subrayaron a EFE fuentes cercanas al proceso, que entienden que esta posici\u00f3n se va a extender al resto de entidades acreedoras.<\/p>\n<p>La inmobiliaria perdi\u00f3 322,8 millones en los nueve primeros meses del a\u00f1o, el 5,3 % menos que los n\u00fameros rojos registrados en el mismo periodo de 2012 gracias a la disminuci\u00f3n de los gastos de explotaci\u00f3n y las menores provisiones por depreciaci\u00f3n de activos.<\/p>\n<p>En el periodo, la sociedad dominante manten\u00eda un patrimonio neto negativo, una circunstancia que se ve\u00eda corregida por la aplicaci\u00f3n del Real Decreto Ley 10\/2008, por los pr\u00e9stamos participativos vigentes, as\u00ed como por los cr\u00e9ditos convertibles en participativos, cuya autorizaci\u00f3n ya ha sido confirmada por los acreedores, explic\u00f3.<\/p>\n","protected":false},"excerpt":{"rendered":"<p>Madrid, 3 feb (EFE).- Fernando y Javier Mart\u00edn del Agua, hijos del presidente de Martinsa Fadesa, Fernando Mart\u00edn, han cesado como miembros del consejo de administraci\u00f3n de la compa\u00f1\u00eda por motivos profesionales. Seg\u00fan ha indicado la compa\u00f1\u00eda a la Comisi\u00f3n Nacional del Mercado de Valores (CNMV), Javier Mart\u00edn del Agua, que representaba a la sociedad [&hellip;]<\/p>\n","protected":false},"author":1,"featured_media":482677,"comment_status":"closed","ping_status":"open","sticky":false,"template":"","format":"standard","meta":{"footnotes":""},"categories":[1],"tags":[],"class_list":["post-482676","post","type-post","status-publish","format-standard","has-post-thumbnail","hentry","category-actualidad"],"aioseo_notices":[],"aioseo_head":"\n\t\t<!-- All in One SEO Pro 5.0.1 - aioseo.com -->\n\t<meta name=\"description\" content=\"Madrid, 3 feb (EFE).- Fernando y Javier Mart\u00edn del Agua, hijos del presidente de Martinsa Fadesa, Fernando Mart\u00edn, han cesado como miembros del consejo de administraci\u00f3n de la compa\u00f1\u00eda por motivos profesionales. Seg\u00fan ha indicado la compa\u00f1\u00eda a la Comisi\u00f3n Nacional del Mercado de Valores (CNMV), Javier Mart\u00edn del Agua, que representaba a la sociedad\" \/>\n\t<meta name=\"robots\" content=\"max-image-preview:large\" \/>\n\t<meta name=\"author\" content=\"El Digital de Asturias\"\/>\n\t<meta name=\"google-site-verification\" content=\"UA-38556648-1\" \/>\n\t<meta name=\"msvalidate.01\" content=\"7dfe9f3f1b24437ab69f4f2559babe99\" \/>\n\t<meta name=\"keywords\" content=\"actualidad\" \/>\n\t<link rel=\"canonical\" href=\"https:\/\/www.eldigitaldeasturias.com\/noticias\/los-hijos-de-fernando-martin-dejan-el-consejo-de-martinsa-por-motivos-laborales\/\" \/>\n\t<meta name=\"generator\" content=\"All in One SEO Pro (AIOSEO) 5.0.1\" \/>\n\t\t<meta property=\"og:locale\" content=\"es_ES\" \/>\n\t\t<meta property=\"og:site_name\" content=\"El Digital de Asturias\" \/>\n\t\t<meta property=\"og:type\" content=\"article\" \/>\n\t\t<meta property=\"og:title\" content=\"Los hijos de Fernando Mart\u00edn dejan el consejo de Martinsa por motivos laborales - El Digital de Asturias\" \/>\n\t\t<meta property=\"og:description\" content=\"Madrid, 3 feb (EFE).- Fernando y Javier Mart\u00edn del Agua, hijos del presidente de Martinsa Fadesa, Fernando Mart\u00edn, han cesado como miembros del consejo de administraci\u00f3n de la compa\u00f1\u00eda por motivos profesionales. Seg\u00fan ha indicado la compa\u00f1\u00eda a la Comisi\u00f3n Nacional del Mercado de Valores (CNMV), Javier Mart\u00edn del Agua, que representaba a la sociedad\" \/>\n\t\t<meta property=\"og:url\" content=\"https:\/\/www.eldigitaldeasturias.com\/noticias\/los-hijos-de-fernando-martin-dejan-el-consejo-de-martinsa-por-motivos-laborales\/\" \/>\n\t\t<meta property=\"article:tag\" content=\"actualidad\" \/>\n\t\t<meta property=\"article:published_time\" content=\"2014-02-03T18:50:50+00:00\" \/>\n\t\t<meta property=\"article:modified_time\" content=\"2014-02-03T18:50:50+00:00\" \/>\n\t\t<meta property=\"article:publisher\" content=\"https:\/\/facebook.com\/eldigitaldeasturias\" \/>\n\t\t<meta name=\"twitter:card\" content=\"summary_large_image\" \/>\n\t\t<meta name=\"twitter:title\" content=\"Los hijos de Fernando Mart\u00edn dejan el consejo de Martinsa por motivos laborales - El Digital de Asturias\" \/>\n\t\t<meta name=\"twitter:description\" content=\"Madrid, 3 feb (EFE).- Fernando y Javier Mart\u00edn del Agua, hijos del presidente de Martinsa Fadesa, Fernando Mart\u00edn, han cesado como miembros del consejo de administraci\u00f3n de la compa\u00f1\u00eda por motivos profesionales. Seg\u00fan ha indicado la compa\u00f1\u00eda a la Comisi\u00f3n Nacional del Mercado de Valores (CNMV), Javier Mart\u00edn del Agua, que representaba a la sociedad\" \/>\n\t\t<meta name=\"twitter:label1\" content=\"Escrito por\" \/>\n\t\t<meta name=\"twitter:data1\" content=\"El Digital de Asturias\" \/>\n\t\t<meta name=\"twitter:label2\" content=\"Tiempo de lectura estimado\" \/>\n\t\t<meta name=\"twitter:data2\" content=\"2 minutos\" \/>\n\t\t<script type=\"application\/ld+json\" class=\"aioseo-schema\">\n\t\t\t{\"@context\":\"https:\\\/\\\/schema.org\",\"@graph\":[{\"@type\":\"BlogPosting\",\"@id\":\"https:\\\/\\\/www.eldigitaldeasturias.com\\\/noticias\\\/los-hijos-de-fernando-martin-dejan-el-consejo-de-martinsa-por-motivos-laborales\\\/#blogposting\",\"name\":\"Los hijos de Fernando Mart\\u00edn dejan el consejo de Martinsa por motivos laborales - El Digital de Asturias\",\"headline\":\"Los hijos de Fernando Mart\\u00edn dejan el consejo de Martinsa por motivos laborales\",\"author\":{\"@id\":\"https:\\\/\\\/www.eldigitaldeasturias.com\\\/noticias\\\/author\\\/admin\\\/#author\"},\"publisher\":{\"@id\":\"https:\\\/\\\/www.eldigitaldeasturias.com\\\/noticias\\\/#organization\"},\"image\":{\"@type\":\"ImageObject\",\"url\":482677},\"datePublished\":\"2014-02-03T17:50:50+01:00\",\"dateModified\":\"2014-02-03T17:50:50+01:00\",\"inLanguage\":\"es-ES\",\"mainEntityOfPage\":{\"@id\":\"https:\\\/\\\/www.eldigitaldeasturias.com\\\/noticias\\\/los-hijos-de-fernando-martin-dejan-el-consejo-de-martinsa-por-motivos-laborales\\\/#webpage\"},\"isPartOf\":{\"@id\":\"https:\\\/\\\/www.eldigitaldeasturias.com\\\/noticias\\\/los-hijos-de-fernando-martin-dejan-el-consejo-de-martinsa-por-motivos-laborales\\\/#webpage\"},\"articleSection\":\"Actualidad\"},{\"@type\":\"BreadcrumbList\",\"@id\":\"https:\\\/\\\/www.eldigitaldeasturias.com\\\/noticias\\\/los-hijos-de-fernando-martin-dejan-el-consejo-de-martinsa-por-motivos-laborales\\\/#breadcrumblist\",\"itemListElement\":[{\"@type\":\"ListItem\",\"@id\":\"https:\\\/\\\/www.eldigitaldeasturias.com\\\/noticias#listItem\",\"position\":1,\"name\":\"Home\",\"item\":\"https:\\\/\\\/www.eldigitaldeasturias.com\\\/noticias\",\"nextItem\":{\"@type\":\"ListItem\",\"@id\":\"https:\\\/\\\/www.eldigitaldeasturias.com\\\/noticias\\\/category\\\/actualidad\\\/#listItem\",\"name\":\"Actualidad\"}},{\"@type\":\"ListItem\",\"@id\":\"https:\\\/\\\/www.eldigitaldeasturias.com\\\/noticias\\\/category\\\/actualidad\\\/#listItem\",\"position\":2,\"name\":\"Actualidad\",\"item\":\"https:\\\/\\\/www.eldigitaldeasturias.com\\\/noticias\\\/category\\\/actualidad\\\/\",\"nextItem\":{\"@type\":\"ListItem\",\"@id\":\"https:\\\/\\\/www.eldigitaldeasturias.com\\\/noticias\\\/los-hijos-de-fernando-martin-dejan-el-consejo-de-martinsa-por-motivos-laborales\\\/#listItem\",\"name\":\"Los hijos de Fernando Mart\\u00edn dejan el consejo de Martinsa por motivos laborales\"},\"previousItem\":{\"@type\":\"ListItem\",\"@id\":\"https:\\\/\\\/www.eldigitaldeasturias.com\\\/noticias#listItem\",\"name\":\"Home\"}},{\"@type\":\"ListItem\",\"@id\":\"https:\\\/\\\/www.eldigitaldeasturias.com\\\/noticias\\\/los-hijos-de-fernando-martin-dejan-el-consejo-de-martinsa-por-motivos-laborales\\\/#listItem\",\"position\":3,\"name\":\"Los hijos de Fernando Mart\\u00edn dejan el consejo de Martinsa por motivos laborales\",\"previousItem\":{\"@type\":\"ListItem\",\"@id\":\"https:\\\/\\\/www.eldigitaldeasturias.com\\\/noticias\\\/category\\\/actualidad\\\/#listItem\",\"name\":\"Actualidad\"}}]},{\"@type\":\"Organization\",\"@id\":\"https:\\\/\\\/www.eldigitaldeasturias.com\\\/noticias\\\/#organization\",\"name\":\"El Digital de Asturias\",\"description\":\"Hemeroteca\",\"url\":\"https:\\\/\\\/www.eldigitaldeasturias.com\\\/noticias\\\/\",\"email\":\"info@eldigitaldeasturias.com\",\"telephone\":\"+34652131393\",\"logo\":{\"@type\":\"ImageObject\",\"url\":\"https:\\\/\\\/www.eldigitaldeasturias.com\\\/noticias\\\/wp-content\\\/uploads\\\/2020\\\/12\\\/EDA.jpg\",\"@id\":\"https:\\\/\\\/www.eldigitaldeasturias.com\\\/noticias\\\/los-hijos-de-fernando-martin-dejan-el-consejo-de-martinsa-por-motivos-laborales\\\/#organizationLogo\"},\"image\":{\"@id\":\"https:\\\/\\\/www.eldigitaldeasturias.com\\\/noticias\\\/los-hijos-de-fernando-martin-dejan-el-consejo-de-martinsa-por-motivos-laborales\\\/#organizationLogo\"},\"sameAs\":[\"https:\\\/\\\/facebook.com\\\/eldigitaldeasturias\",\"https:\\\/\\\/www.youtube.com\\\/channel\\\/UCZP-2wLEB9Rv6erhFmqVnvg\"],\"address\":{\"@id\":\"https:\\\/\\\/www.eldigitaldeasturias.com\\\/noticias\\\/#postaladdress\",\"@type\":\"PostalAddress\",\"streetAddress\":\"san antonio 4\",\"postalCode\":\"33430\",\"addressLocality\":\"Cand\\u00e1s\",\"addressRegion\":\"Asturias\",\"addressCountry\":\"ES\"}},{\"@type\":\"Person\",\"@id\":\"https:\\\/\\\/www.eldigitaldeasturias.com\\\/noticias\\\/author\\\/admin\\\/#author\",\"url\":\"https:\\\/\\\/www.eldigitaldeasturias.com\\\/noticias\\\/author\\\/admin\\\/\",\"name\":\"El Digital de Asturias\",\"image\":{\"@type\":\"ImageObject\",\"@id\":\"https:\\\/\\\/www.eldigitaldeasturias.com\\\/noticias\\\/los-hijos-de-fernando-martin-dejan-el-consejo-de-martinsa-por-motivos-laborales\\\/#authorImage\",\"url\":\"https:\\\/\\\/secure.gravatar.com\\\/avatar\\\/df2aeffc32bcd13f8d26072ef8a91b623d677766deac7f97ca815868cd41bf5e?s=96&d=mm&r=g\",\"width\":96,\"height\":96,\"caption\":\"El Digital de Asturias\"}},{\"@type\":\"WebPage\",\"@id\":\"https:\\\/\\\/www.eldigitaldeasturias.com\\\/noticias\\\/los-hijos-de-fernando-martin-dejan-el-consejo-de-martinsa-por-motivos-laborales\\\/#webpage\",\"url\":\"https:\\\/\\\/www.eldigitaldeasturias.com\\\/noticias\\\/los-hijos-de-fernando-martin-dejan-el-consejo-de-martinsa-por-motivos-laborales\\\/\",\"name\":\"Los hijos de Fernando Mart\\u00edn dejan el consejo de Martinsa por motivos laborales - El Digital de Asturias\",\"description\":\"Madrid, 3 feb (EFE).- Fernando y Javier Mart\\u00edn del Agua, hijos del presidente de Martinsa Fadesa, Fernando Mart\\u00edn, han cesado como miembros del consejo de administraci\\u00f3n de la compa\\u00f1\\u00eda por motivos profesionales. Seg\\u00fan ha indicado la compa\\u00f1\\u00eda a la Comisi\\u00f3n Nacional del Mercado de Valores (CNMV), Javier Mart\\u00edn del Agua, que representaba a la sociedad\",\"inLanguage\":\"es-ES\",\"isPartOf\":{\"@id\":\"https:\\\/\\\/www.eldigitaldeasturias.com\\\/noticias\\\/#website\"},\"breadcrumb\":{\"@id\":\"https:\\\/\\\/www.eldigitaldeasturias.com\\\/noticias\\\/los-hijos-de-fernando-martin-dejan-el-consejo-de-martinsa-por-motivos-laborales\\\/#breadcrumblist\"},\"author\":{\"@id\":\"https:\\\/\\\/www.eldigitaldeasturias.com\\\/noticias\\\/author\\\/admin\\\/#author\"},\"creator\":{\"@id\":\"https:\\\/\\\/www.eldigitaldeasturias.com\\\/noticias\\\/author\\\/admin\\\/#author\"},\"image\":{\"@type\":\"ImageObject\",\"url\":482677,\"@id\":\"https:\\\/\\\/www.eldigitaldeasturias.com\\\/noticias\\\/los-hijos-de-fernando-martin-dejan-el-consejo-de-martinsa-por-motivos-laborales\\\/#mainImage\"},\"primaryImageOfPage\":{\"@id\":\"https:\\\/\\\/www.eldigitaldeasturias.com\\\/noticias\\\/los-hijos-de-fernando-martin-dejan-el-consejo-de-martinsa-por-motivos-laborales\\\/#mainImage\"},\"datePublished\":\"2014-02-03T17:50:50+01:00\",\"dateModified\":\"2014-02-03T17:50:50+01:00\"},{\"@type\":\"WebSite\",\"@id\":\"https:\\\/\\\/www.eldigitaldeasturias.com\\\/noticias\\\/#website\",\"url\":\"https:\\\/\\\/www.eldigitaldeasturias.com\\\/noticias\\\/\",\"name\":\"El Digital de Asturias - Diario de actualidad y noticias\",\"alternateName\":\"El Digital de Asturias - Diario de actualidad y noticias\",\"description\":\"Hemeroteca\",\"inLanguage\":\"es-ES\",\"publisher\":{\"@id\":\"https:\\\/\\\/www.eldigitaldeasturias.com\\\/noticias\\\/#organization\"}}]}\n\t\t<\/script>\n\t\t<!-- All in One SEO Pro -->\r\n\t\t<title>Los hijos de Fernando Mart\u00edn dejan el consejo de Martinsa por motivos laborales - El Digital de Asturias<\/title>\n\n","aioseo_head_json":{"title":"Los hijos de Fernando Mart\u00edn dejan el consejo de Martinsa por motivos laborales - El Digital de Asturias","description":"Madrid, 3 feb (EFE).- Fernando y Javier Mart\u00edn del Agua, hijos del presidente de Martinsa Fadesa, Fernando Mart\u00edn, han cesado como miembros del consejo de administraci\u00f3n de la compa\u00f1\u00eda por motivos profesionales. Seg\u00fan ha indicado la compa\u00f1\u00eda a la Comisi\u00f3n Nacional del Mercado de Valores (CNMV), Javier Mart\u00edn del Agua, que representaba a la sociedad","canonical_url":"https:\/\/www.eldigitaldeasturias.com\/noticias\/los-hijos-de-fernando-martin-dejan-el-consejo-de-martinsa-por-motivos-laborales\/","robots":"max-image-preview:large","keywords":"actualidad","webmasterTools":{"google-site-verification":"UA-38556648-1","msvalidate.01":"7dfe9f3f1b24437ab69f4f2559babe99","miscellaneous":""},"schema":{"@context":"https:\/\/schema.org","@graph":[{"@type":"BlogPosting","@id":"https:\/\/www.eldigitaldeasturias.com\/noticias\/los-hijos-de-fernando-martin-dejan-el-consejo-de-martinsa-por-motivos-laborales\/#blogposting","name":"Los hijos de Fernando Mart\u00edn dejan el consejo de Martinsa por motivos laborales - El Digital de Asturias","headline":"Los hijos de Fernando Mart\u00edn dejan el consejo de Martinsa por motivos laborales","author":{"@id":"https:\/\/www.eldigitaldeasturias.com\/noticias\/author\/admin\/#author"},"publisher":{"@id":"https:\/\/www.eldigitaldeasturias.com\/noticias\/#organization"},"image":{"@type":"ImageObject","url":482677},"datePublished":"2014-02-03T17:50:50+01:00","dateModified":"2014-02-03T17:50:50+01:00","inLanguage":"es-ES","mainEntityOfPage":{"@id":"https:\/\/www.eldigitaldeasturias.com\/noticias\/los-hijos-de-fernando-martin-dejan-el-consejo-de-martinsa-por-motivos-laborales\/#webpage"},"isPartOf":{"@id":"https:\/\/www.eldigitaldeasturias.com\/noticias\/los-hijos-de-fernando-martin-dejan-el-consejo-de-martinsa-por-motivos-laborales\/#webpage"},"articleSection":"Actualidad"},{"@type":"BreadcrumbList","@id":"https:\/\/www.eldigitaldeasturias.com\/noticias\/los-hijos-de-fernando-martin-dejan-el-consejo-de-martinsa-por-motivos-laborales\/#breadcrumblist","itemListElement":[{"@type":"ListItem","@id":"https:\/\/www.eldigitaldeasturias.com\/noticias#listItem","position":1,"name":"Home","item":"https:\/\/www.eldigitaldeasturias.com\/noticias","nextItem":{"@type":"ListItem","@id":"https:\/\/www.eldigitaldeasturias.com\/noticias\/category\/actualidad\/#listItem","name":"Actualidad"}},{"@type":"ListItem","@id":"https:\/\/www.eldigitaldeasturias.com\/noticias\/category\/actualidad\/#listItem","position":2,"name":"Actualidad","item":"https:\/\/www.eldigitaldeasturias.com\/noticias\/category\/actualidad\/","nextItem":{"@type":"ListItem","@id":"https:\/\/www.eldigitaldeasturias.com\/noticias\/los-hijos-de-fernando-martin-dejan-el-consejo-de-martinsa-por-motivos-laborales\/#listItem","name":"Los hijos de Fernando Mart\u00edn dejan el consejo de Martinsa por motivos laborales"},"previousItem":{"@type":"ListItem","@id":"https:\/\/www.eldigitaldeasturias.com\/noticias#listItem","name":"Home"}},{"@type":"ListItem","@id":"https:\/\/www.eldigitaldeasturias.com\/noticias\/los-hijos-de-fernando-martin-dejan-el-consejo-de-martinsa-por-motivos-laborales\/#listItem","position":3,"name":"Los hijos de Fernando Mart\u00edn dejan el consejo de Martinsa por motivos laborales","previousItem":{"@type":"ListItem","@id":"https:\/\/www.eldigitaldeasturias.com\/noticias\/category\/actualidad\/#listItem","name":"Actualidad"}}]},{"@type":"Organization","@id":"https:\/\/www.eldigitaldeasturias.com\/noticias\/#organization","name":"El Digital de Asturias","description":"Hemeroteca","url":"https:\/\/www.eldigitaldeasturias.com\/noticias\/","email":"info@eldigitaldeasturias.com","telephone":"+34652131393","logo":{"@type":"ImageObject","url":"https:\/\/www.eldigitaldeasturias.com\/noticias\/wp-content\/uploads\/2020\/12\/EDA.jpg","@id":"https:\/\/www.eldigitaldeasturias.com\/noticias\/los-hijos-de-fernando-martin-dejan-el-consejo-de-martinsa-por-motivos-laborales\/#organizationLogo"},"image":{"@id":"https:\/\/www.eldigitaldeasturias.com\/noticias\/los-hijos-de-fernando-martin-dejan-el-consejo-de-martinsa-por-motivos-laborales\/#organizationLogo"},"sameAs":["https:\/\/facebook.com\/eldigitaldeasturias","https:\/\/www.youtube.com\/channel\/UCZP-2wLEB9Rv6erhFmqVnvg"],"address":{"@id":"https:\/\/www.eldigitaldeasturias.com\/noticias\/#postaladdress","@type":"PostalAddress","streetAddress":"san antonio 4","postalCode":"33430","addressLocality":"Cand\u00e1s","addressRegion":"Asturias","addressCountry":"ES"}},{"@type":"Person","@id":"https:\/\/www.eldigitaldeasturias.com\/noticias\/author\/admin\/#author","url":"https:\/\/www.eldigitaldeasturias.com\/noticias\/author\/admin\/","name":"El Digital de Asturias","image":{"@type":"ImageObject","@id":"https:\/\/www.eldigitaldeasturias.com\/noticias\/los-hijos-de-fernando-martin-dejan-el-consejo-de-martinsa-por-motivos-laborales\/#authorImage","url":"https:\/\/secure.gravatar.com\/avatar\/df2aeffc32bcd13f8d26072ef8a91b623d677766deac7f97ca815868cd41bf5e?s=96&d=mm&r=g","width":96,"height":96,"caption":"El Digital de Asturias"}},{"@type":"WebPage","@id":"https:\/\/www.eldigitaldeasturias.com\/noticias\/los-hijos-de-fernando-martin-dejan-el-consejo-de-martinsa-por-motivos-laborales\/#webpage","url":"https:\/\/www.eldigitaldeasturias.com\/noticias\/los-hijos-de-fernando-martin-dejan-el-consejo-de-martinsa-por-motivos-laborales\/","name":"Los hijos de Fernando Mart\u00edn dejan el consejo de Martinsa por motivos laborales - El Digital de Asturias","description":"Madrid, 3 feb (EFE).- Fernando y Javier Mart\u00edn del Agua, hijos del presidente de Martinsa Fadesa, Fernando Mart\u00edn, han cesado como miembros del consejo de administraci\u00f3n de la compa\u00f1\u00eda por motivos profesionales. Seg\u00fan ha indicado la compa\u00f1\u00eda a la Comisi\u00f3n Nacional del Mercado de Valores (CNMV), Javier Mart\u00edn del Agua, que representaba a la sociedad","inLanguage":"es-ES","isPartOf":{"@id":"https:\/\/www.eldigitaldeasturias.com\/noticias\/#website"},"breadcrumb":{"@id":"https:\/\/www.eldigitaldeasturias.com\/noticias\/los-hijos-de-fernando-martin-dejan-el-consejo-de-martinsa-por-motivos-laborales\/#breadcrumblist"},"author":{"@id":"https:\/\/www.eldigitaldeasturias.com\/noticias\/author\/admin\/#author"},"creator":{"@id":"https:\/\/www.eldigitaldeasturias.com\/noticias\/author\/admin\/#author"},"image":{"@type":"ImageObject","url":482677,"@id":"https:\/\/www.eldigitaldeasturias.com\/noticias\/los-hijos-de-fernando-martin-dejan-el-consejo-de-martinsa-por-motivos-laborales\/#mainImage"},"primaryImageOfPage":{"@id":"https:\/\/www.eldigitaldeasturias.com\/noticias\/los-hijos-de-fernando-martin-dejan-el-consejo-de-martinsa-por-motivos-laborales\/#mainImage"},"datePublished":"2014-02-03T17:50:50+01:00","dateModified":"2014-02-03T17:50:50+01:00"},{"@type":"WebSite","@id":"https:\/\/www.eldigitaldeasturias.com\/noticias\/#website","url":"https:\/\/www.eldigitaldeasturias.com\/noticias\/","name":"El Digital de Asturias - Diario de actualidad y noticias","alternateName":"El Digital de Asturias - Diario de actualidad y noticias","description":"Hemeroteca","inLanguage":"es-ES","publisher":{"@id":"https:\/\/www.eldigitaldeasturias.com\/noticias\/#organization"}}]},"og:locale":"es_ES","og:site_name":"El Digital de Asturias","og:type":"article","og:title":"Los hijos de Fernando Mart\u00edn dejan el consejo de Martinsa por motivos laborales - El Digital de Asturias","og:description":"Madrid, 3 feb (EFE).- Fernando y Javier Mart\u00edn del Agua, hijos del presidente de Martinsa Fadesa, Fernando Mart\u00edn, han cesado como miembros del consejo de administraci\u00f3n de la compa\u00f1\u00eda por motivos profesionales. Seg\u00fan ha indicado la compa\u00f1\u00eda a la Comisi\u00f3n Nacional del Mercado de Valores (CNMV), Javier Mart\u00edn del Agua, que representaba a la sociedad","og:url":"https:\/\/www.eldigitaldeasturias.com\/noticias\/los-hijos-de-fernando-martin-dejan-el-consejo-de-martinsa-por-motivos-laborales\/","article:tag":["actualidad"],"article:published_time":"2014-02-03T18:50:50+00:00","article:modified_time":"2014-02-03T18:50:50+00:00","article:publisher":"https:\/\/facebook.com\/eldigitaldeasturias","twitter:card":"summary_large_image","twitter:title":"Los hijos de Fernando Mart\u00edn dejan el consejo de Martinsa por motivos laborales - El Digital de Asturias","twitter:description":"Madrid, 3 feb (EFE).- Fernando y Javier Mart\u00edn del Agua, hijos del presidente de Martinsa Fadesa, Fernando Mart\u00edn, han cesado como miembros del consejo de administraci\u00f3n de la compa\u00f1\u00eda por motivos profesionales. Seg\u00fan ha indicado la compa\u00f1\u00eda a la Comisi\u00f3n Nacional del Mercado de Valores (CNMV), Javier Mart\u00edn del Agua, que representaba a la sociedad","twitter:label1":"Escrito por","twitter:data1":"El Digital de Asturias","twitter:label2":"Tiempo de lectura estimado","twitter:data2":"2 minutos"},"aioseo_meta_data":{"post_id":"482676","title":null,"description":null,"keywords":null,"keyphrases":null,"primary_term":null,"canonical_url":null,"og_title":null,"og_description":null,"og_object_type":"default","og_image_type":"default","og_image_url":null,"og_image_width":null,"og_image_height":null,"og_image_custom_url":null,"og_image_custom_fields":null,"og_video":null,"og_custom_url":null,"og_article_section":null,"og_article_tags":null,"twitter_use_og":true,"twitter_card":"default","twitter_image_type":"default","twitter_image_url":null,"twitter_image_custom_url":null,"twitter_image_custom_fields":null,"twitter_title":null,"twitter_description":null,"schema":{"blockGraphs":[],"customGraphs":[],"default":{"data":{"Article":[],"Course":[],"Dataset":[],"FAQPage":[],"Movie":[],"Person":[],"Product":[],"ProductReview":[],"Car":[],"Recipe":[],"Service":[],"SoftwareApplication":[],"WebPage":[]},"graphName":"","isEnabled":true},"graphs":[],"defaultGraph":"","defaultPostTypeGraph":""},"schema_type":null,"schema_type_options":null,"pillar_content":false,"robots_default":true,"robots_noindex":false,"robots_noarchive":false,"robots_nosnippet":false,"robots_nofollow":false,"robots_noimageindex":false,"robots_noodp":false,"robots_notranslate":false,"robots_max_snippet":null,"robots_max_videopreview":null,"robots_max_imagepreview":"none","priority":null,"frequency":null,"local_seo":null,"seo_analyzer_scan_date":"2026-06-02 10:34:54","breadcrumb_settings":null,"limit_modified_date":false,"open_ai":null,"ai":null,"created":"2020-11-14 22:54:39","updated":"2026-06-02 10:34:54","focus_keyword":null,"additional_keywords":null,"truseo_locale":null},"aioseo_breadcrumb":"<div class=\"aioseo-breadcrumbs\"><span class=\"aioseo-breadcrumb\">\n\t<a href=\"https:\/\/www.eldigitaldeasturias.com\/noticias\" title=\"Home\">Home<\/a>\n<\/span><span class=\"aioseo-breadcrumb-separator\">\u2013<\/span><span class=\"aioseo-breadcrumb\">\n\t<a href=\"https:\/\/www.eldigitaldeasturias.com\/noticias\/category\/actualidad\/\" title=\"Actualidad\">Actualidad<\/a>\n<\/span><span class=\"aioseo-breadcrumb-separator\">\u2013<\/span><span class=\"aioseo-breadcrumb\">\n\t<a href=\"https:\/\/www.eldigitaldeasturias.com\/noticias\/los-hijos-de-fernando-martin-dejan-el-consejo-de-martinsa-por-motivos-laborales\/\" title=\"Los hijos de Fernando Mart\u00edn dejan el consejo de Martinsa por motivos laborales\">Los hijos de Fernando Mart\u00edn dejan el consejo de Martinsa por motivos laborales<\/a>\n<\/span><\/div>","aioseo_breadcrumb_json":[{"label":"Home","link":"https:\/\/www.eldigitaldeasturias.com\/noticias"},{"label":"Actualidad","link":"https:\/\/www.eldigitaldeasturias.com\/noticias\/category\/actualidad\/"},{"label":"Los hijos de Fernando Mart\u00edn dejan el consejo de Martinsa por motivos laborales","link":"https:\/\/www.eldigitaldeasturias.com\/noticias\/los-hijos-de-fernando-martin-dejan-el-consejo-de-martinsa-por-motivos-laborales\/"}],"_links":{"self":[{"href":"https:\/\/www.eldigitaldeasturias.com\/noticias\/wp-json\/wp\/v2\/posts\/482676","targetHints":{"allow":["GET"]}}],"collection":[{"href":"https:\/\/www.eldigitaldeasturias.com\/noticias\/wp-json\/wp\/v2\/posts"}],"about":[{"href":"https:\/\/www.eldigitaldeasturias.com\/noticias\/wp-json\/wp\/v2\/types\/post"}],"author":[{"embeddable":true,"href":"https:\/\/www.eldigitaldeasturias.com\/noticias\/wp-json\/wp\/v2\/users\/1"}],"replies":[{"embeddable":true,"href":"https:\/\/www.eldigitaldeasturias.com\/noticias\/wp-json\/wp\/v2\/comments?post=482676"}],"version-history":[{"count":0,"href":"https:\/\/www.eldigitaldeasturias.com\/noticias\/wp-json\/wp\/v2\/posts\/482676\/revisions"}],"wp:attachment":[{"href":"https:\/\/www.eldigitaldeasturias.com\/noticias\/wp-json\/wp\/v2\/media?parent=482676"}],"wp:term":[{"taxonomy":"category","embeddable":true,"href":"https:\/\/www.eldigitaldeasturias.com\/noticias\/wp-json\/wp\/v2\/categories?post=482676"},{"taxonomy":"post_tag","embeddable":true,"href":"https:\/\/www.eldigitaldeasturias.com\/noticias\/wp-json\/wp\/v2\/tags?post=482676"}],"curies":[{"name":"wp","href":"https:\/\/api.w.org\/{rel}","templated":true}]}}