{"id":482673,"date":"2014-02-03T17:49:36","date_gmt":"2014-02-03T18:49:36","guid":{"rendered":"http:\/\/www.eldigitaldeasturias.com\/noticias\/?p=482673"},"modified":"2014-02-03T17:49:36","modified_gmt":"2014-02-03T18:49:36","slug":"gallardon-pide-que-el-caso-noos-se-tramite-con-rapidez-para-evitar-inquietud","status":"publish","type":"post","link":"https:\/\/www.eldigitaldeasturias.com\/noticias\/gallardon-pide-que-el-caso-noos-se-tramite-con-rapidez-para-evitar-inquietud\/","title":{"rendered":"Gallard\u00f3n pide que el caso N\u00f3os se tramite con rapidez para evitar inquietud"},"content":{"rendered":"<p><img loading=\"lazy\" decoding=\"async\" class=\"alignleft size-medium wp-image-482674\" alt=\"5903059w\" src=\"https:\/\/www.eldigitaldeasturias.com\/noticias\/wp-content\/uploads\/2014\/02\/5903059w-248x320.jpg\" width=\"248\" height=\"320\" \/>Madrid, 3 feb (EFE).- El ministro de Justicia, Alberto Ruiz-Gallard\u00f3n, ha pedido hoy que el caso N\u00f3os se tramite con \u00abtodas las garant\u00edas procesales, pero a la mayor velocidad posible\u00bb, porque, ha opinado, este tipo de investigaciones \u00abgeneran una inquietud innecesaria\u00bb.<\/p>\n<p>En una entrevista en Antena 3, Gallard\u00f3n ha asegurado, respecto a la declaraci\u00f3n de la infanta Cristina el pr\u00f3ximo 8 de febrero, que est\u00e1 convencido de que \u00abtodo lo que sea una resoluci\u00f3n judicial, que es adecuar a derecho el juicio de las conductas, es positivo para la sociedad y para los interesados\u00bb.<\/p>\n<p>\u00abHay que dejar que trabajen los jueces, tenemos que respetarlo todos los ciudadanos, pero mucho m\u00e1s otro poder del Estado, que somos nosotros, el Poder Ejecutivo\u00bb, ha dicho Gallard\u00f3n, quien ha a\u00f1adido que \u00ablo \u00fanico que podemos solicitar es que no se eternicen estos sumarios, porque genera una inquietud innecesaria\u00bb.<\/p>\n<p>Respecto a la petici\u00f3n de la defensa de Diego Torres para que el exalcalde de Madrid y actual ministro sea citado como testigo en esta causa, Gallard\u00f3n ha recordado que la solicitud se refiere tambi\u00e9n a los exministros de Econom\u00eda e Industria Pedro Solbes y Jos\u00e9 Montilla, respectivamente, y al ex secretario de Estado para el Deporte Jaime Lissavetzky.<\/p>\n<p>Seg\u00fan el ministro, la petici\u00f3n de la representaci\u00f3n del exsocio de I\u00f1aki Urdangar\u00edn es para que todos ellos aclaren \u00absi en la \u00e9poca en la que se licitaban actividades deportivas ten\u00edamos una relaci\u00f3n de normalidad\u00bb con el marido de la Infanta.<\/p>\n<p>\u00abSi el juez quiere que le demos esa informaci\u00f3n, se la daremos sin ning\u00fan inconveniente\u00bb, ha concluido.<\/p>\n","protected":false},"excerpt":{"rendered":"<p>Madrid, 3 feb (EFE).- El ministro de Justicia, Alberto Ruiz-Gallard\u00f3n, ha pedido hoy que el caso N\u00f3os se tramite con \u00abtodas las garant\u00edas procesales, pero a la mayor velocidad posible\u00bb, porque, ha opinado, este tipo de investigaciones \u00abgeneran una inquietud innecesaria\u00bb. En una entrevista en Antena 3, Gallard\u00f3n ha asegurado, respecto a la declaraci\u00f3n de [&hellip;]<\/p>\n","protected":false},"author":1,"featured_media":482674,"comment_status":"closed","ping_status":"open","sticky":false,"template":"","format":"standard","meta":{"footnotes":""},"categories":[1],"tags":[],"class_list":["post-482673","post","type-post","status-publish","format-standard","has-post-thumbnail","hentry","category-actualidad"],"aioseo_notices":[],"aioseo_head":"\n\t\t<!-- All in One SEO Pro 5.0.1 - aioseo.com -->\n\t<meta name=\"description\" content=\"Madrid, 3 feb (EFE).- El ministro de Justicia, Alberto Ruiz-Gallard\u00f3n, ha pedido hoy que el caso N\u00f3os se tramite con &quot;todas las garant\u00edas procesales, pero a la mayor velocidad posible&quot;, porque, ha opinado, este tipo de investigaciones &quot;generan una inquietud innecesaria&quot;. En una entrevista en Antena 3, Gallard\u00f3n ha asegurado, respecto a la declaraci\u00f3n de\" \/>\n\t<meta name=\"robots\" content=\"max-image-preview:large\" \/>\n\t<meta name=\"author\" content=\"El Digital de Asturias\"\/>\n\t<meta name=\"google-site-verification\" content=\"UA-38556648-1\" \/>\n\t<meta name=\"msvalidate.01\" content=\"7dfe9f3f1b24437ab69f4f2559babe99\" \/>\n\t<meta name=\"keywords\" content=\"actualidad\" \/>\n\t<link rel=\"canonical\" href=\"https:\/\/www.eldigitaldeasturias.com\/noticias\/gallardon-pide-que-el-caso-noos-se-tramite-con-rapidez-para-evitar-inquietud\/\" \/>\n\t<meta name=\"generator\" content=\"All in One SEO Pro (AIOSEO) 5.0.1\" \/>\n\t\t<meta property=\"og:locale\" content=\"es_ES\" \/>\n\t\t<meta property=\"og:site_name\" content=\"El Digital de Asturias\" \/>\n\t\t<meta property=\"og:type\" content=\"article\" \/>\n\t\t<meta property=\"og:title\" content=\"Gallard\u00f3n pide que el caso N\u00f3os se tramite con rapidez para evitar inquietud - El Digital de Asturias\" \/>\n\t\t<meta property=\"og:description\" content=\"Madrid, 3 feb (EFE).- El ministro de Justicia, Alberto Ruiz-Gallard\u00f3n, ha pedido hoy que el caso N\u00f3os se tramite con &quot;todas las garant\u00edas procesales, pero a la mayor velocidad posible&quot;, porque, ha opinado, este tipo de investigaciones &quot;generan una inquietud innecesaria&quot;. En una entrevista en Antena 3, Gallard\u00f3n ha asegurado, respecto a la declaraci\u00f3n de\" \/>\n\t\t<meta property=\"og:url\" content=\"https:\/\/www.eldigitaldeasturias.com\/noticias\/gallardon-pide-que-el-caso-noos-se-tramite-con-rapidez-para-evitar-inquietud\/\" \/>\n\t\t<meta property=\"article:tag\" content=\"actualidad\" \/>\n\t\t<meta property=\"article:published_time\" content=\"2014-02-03T18:49:36+00:00\" \/>\n\t\t<meta property=\"article:modified_time\" content=\"2014-02-03T18:49:36+00:00\" \/>\n\t\t<meta property=\"article:publisher\" content=\"https:\/\/facebook.com\/eldigitaldeasturias\" \/>\n\t\t<meta name=\"twitter:card\" content=\"summary_large_image\" \/>\n\t\t<meta name=\"twitter:title\" content=\"Gallard\u00f3n pide que el caso N\u00f3os se tramite con rapidez para evitar inquietud - El Digital de Asturias\" \/>\n\t\t<meta name=\"twitter:description\" content=\"Madrid, 3 feb (EFE).- El ministro de Justicia, Alberto Ruiz-Gallard\u00f3n, ha pedido hoy que el caso N\u00f3os se tramite con &quot;todas las garant\u00edas procesales, pero a la mayor velocidad posible&quot;, porque, ha opinado, este tipo de investigaciones &quot;generan una inquietud innecesaria&quot;. En una entrevista en Antena 3, Gallard\u00f3n ha asegurado, respecto a la declaraci\u00f3n de\" \/>\n\t\t<meta name=\"twitter:label1\" content=\"Escrito por\" \/>\n\t\t<meta name=\"twitter:data1\" content=\"El Digital de Asturias\" \/>\n\t\t<meta name=\"twitter:label2\" content=\"Tiempo de lectura estimado\" \/>\n\t\t<meta name=\"twitter:data2\" content=\"1 minuto\" \/>\n\t\t<script type=\"application\/ld+json\" class=\"aioseo-schema\">\n\t\t\t{\"@context\":\"https:\\\/\\\/schema.org\",\"@graph\":[{\"@type\":\"BlogPosting\",\"@id\":\"https:\\\/\\\/www.eldigitaldeasturias.com\\\/noticias\\\/gallardon-pide-que-el-caso-noos-se-tramite-con-rapidez-para-evitar-inquietud\\\/#blogposting\",\"name\":\"Gallard\\u00f3n pide que el caso N\\u00f3os se tramite con rapidez para evitar inquietud - El Digital de Asturias\",\"headline\":\"Gallard\\u00f3n pide que el caso N\\u00f3os se tramite con rapidez para evitar inquietud\",\"author\":{\"@id\":\"https:\\\/\\\/www.eldigitaldeasturias.com\\\/noticias\\\/author\\\/admin\\\/#author\"},\"publisher\":{\"@id\":\"https:\\\/\\\/www.eldigitaldeasturias.com\\\/noticias\\\/#organization\"},\"image\":{\"@type\":\"ImageObject\",\"url\":482674},\"datePublished\":\"2014-02-03T17:49:36+01:00\",\"dateModified\":\"2014-02-03T17:49:36+01:00\",\"inLanguage\":\"es-ES\",\"mainEntityOfPage\":{\"@id\":\"https:\\\/\\\/www.eldigitaldeasturias.com\\\/noticias\\\/gallardon-pide-que-el-caso-noos-se-tramite-con-rapidez-para-evitar-inquietud\\\/#webpage\"},\"isPartOf\":{\"@id\":\"https:\\\/\\\/www.eldigitaldeasturias.com\\\/noticias\\\/gallardon-pide-que-el-caso-noos-se-tramite-con-rapidez-para-evitar-inquietud\\\/#webpage\"},\"articleSection\":\"Actualidad\"},{\"@type\":\"BreadcrumbList\",\"@id\":\"https:\\\/\\\/www.eldigitaldeasturias.com\\\/noticias\\\/gallardon-pide-que-el-caso-noos-se-tramite-con-rapidez-para-evitar-inquietud\\\/#breadcrumblist\",\"itemListElement\":[{\"@type\":\"ListItem\",\"@id\":\"https:\\\/\\\/www.eldigitaldeasturias.com\\\/noticias#listItem\",\"position\":1,\"name\":\"Home\",\"item\":\"https:\\\/\\\/www.eldigitaldeasturias.com\\\/noticias\",\"nextItem\":{\"@type\":\"ListItem\",\"@id\":\"https:\\\/\\\/www.eldigitaldeasturias.com\\\/noticias\\\/category\\\/actualidad\\\/#listItem\",\"name\":\"Actualidad\"}},{\"@type\":\"ListItem\",\"@id\":\"https:\\\/\\\/www.eldigitaldeasturias.com\\\/noticias\\\/category\\\/actualidad\\\/#listItem\",\"position\":2,\"name\":\"Actualidad\",\"item\":\"https:\\\/\\\/www.eldigitaldeasturias.com\\\/noticias\\\/category\\\/actualidad\\\/\",\"nextItem\":{\"@type\":\"ListItem\",\"@id\":\"https:\\\/\\\/www.eldigitaldeasturias.com\\\/noticias\\\/gallardon-pide-que-el-caso-noos-se-tramite-con-rapidez-para-evitar-inquietud\\\/#listItem\",\"name\":\"Gallard\\u00f3n pide que el caso N\\u00f3os se tramite con rapidez para evitar inquietud\"},\"previousItem\":{\"@type\":\"ListItem\",\"@id\":\"https:\\\/\\\/www.eldigitaldeasturias.com\\\/noticias#listItem\",\"name\":\"Home\"}},{\"@type\":\"ListItem\",\"@id\":\"https:\\\/\\\/www.eldigitaldeasturias.com\\\/noticias\\\/gallardon-pide-que-el-caso-noos-se-tramite-con-rapidez-para-evitar-inquietud\\\/#listItem\",\"position\":3,\"name\":\"Gallard\\u00f3n pide que el caso N\\u00f3os se tramite con rapidez para evitar inquietud\",\"previousItem\":{\"@type\":\"ListItem\",\"@id\":\"https:\\\/\\\/www.eldigitaldeasturias.com\\\/noticias\\\/category\\\/actualidad\\\/#listItem\",\"name\":\"Actualidad\"}}]},{\"@type\":\"Organization\",\"@id\":\"https:\\\/\\\/www.eldigitaldeasturias.com\\\/noticias\\\/#organization\",\"name\":\"El Digital de Asturias\",\"description\":\"Hemeroteca\",\"url\":\"https:\\\/\\\/www.eldigitaldeasturias.com\\\/noticias\\\/\",\"email\":\"info@eldigitaldeasturias.com\",\"telephone\":\"+34652131393\",\"logo\":{\"@type\":\"ImageObject\",\"url\":\"https:\\\/\\\/www.eldigitaldeasturias.com\\\/noticias\\\/wp-content\\\/uploads\\\/2020\\\/12\\\/EDA.jpg\",\"@id\":\"https:\\\/\\\/www.eldigitaldeasturias.com\\\/noticias\\\/gallardon-pide-que-el-caso-noos-se-tramite-con-rapidez-para-evitar-inquietud\\\/#organizationLogo\"},\"image\":{\"@id\":\"https:\\\/\\\/www.eldigitaldeasturias.com\\\/noticias\\\/gallardon-pide-que-el-caso-noos-se-tramite-con-rapidez-para-evitar-inquietud\\\/#organizationLogo\"},\"sameAs\":[\"https:\\\/\\\/facebook.com\\\/eldigitaldeasturias\",\"https:\\\/\\\/www.youtube.com\\\/channel\\\/UCZP-2wLEB9Rv6erhFmqVnvg\"],\"address\":{\"@id\":\"https:\\\/\\\/www.eldigitaldeasturias.com\\\/noticias\\\/#postaladdress\",\"@type\":\"PostalAddress\",\"streetAddress\":\"san antonio 4\",\"postalCode\":\"33430\",\"addressLocality\":\"Cand\\u00e1s\",\"addressRegion\":\"Asturias\",\"addressCountry\":\"ES\"}},{\"@type\":\"Person\",\"@id\":\"https:\\\/\\\/www.eldigitaldeasturias.com\\\/noticias\\\/author\\\/admin\\\/#author\",\"url\":\"https:\\\/\\\/www.eldigitaldeasturias.com\\\/noticias\\\/author\\\/admin\\\/\",\"name\":\"El Digital de Asturias\",\"image\":{\"@type\":\"ImageObject\",\"@id\":\"https:\\\/\\\/www.eldigitaldeasturias.com\\\/noticias\\\/gallardon-pide-que-el-caso-noos-se-tramite-con-rapidez-para-evitar-inquietud\\\/#authorImage\",\"url\":\"https:\\\/\\\/secure.gravatar.com\\\/avatar\\\/df2aeffc32bcd13f8d26072ef8a91b623d677766deac7f97ca815868cd41bf5e?s=96&d=mm&r=g\",\"width\":96,\"height\":96,\"caption\":\"El Digital de Asturias\"}},{\"@type\":\"WebPage\",\"@id\":\"https:\\\/\\\/www.eldigitaldeasturias.com\\\/noticias\\\/gallardon-pide-que-el-caso-noos-se-tramite-con-rapidez-para-evitar-inquietud\\\/#webpage\",\"url\":\"https:\\\/\\\/www.eldigitaldeasturias.com\\\/noticias\\\/gallardon-pide-que-el-caso-noos-se-tramite-con-rapidez-para-evitar-inquietud\\\/\",\"name\":\"Gallard\\u00f3n pide que el caso N\\u00f3os se tramite con rapidez para evitar inquietud - El Digital de Asturias\",\"description\":\"Madrid, 3 feb (EFE).- El ministro de Justicia, Alberto Ruiz-Gallard\\u00f3n, ha pedido hoy que el caso N\\u00f3os se tramite con \\\"todas las garant\\u00edas procesales, pero a la mayor velocidad posible\\\", porque, ha opinado, este tipo de investigaciones \\\"generan una inquietud innecesaria\\\". En una entrevista en Antena 3, Gallard\\u00f3n ha asegurado, respecto a la declaraci\\u00f3n de\",\"inLanguage\":\"es-ES\",\"isPartOf\":{\"@id\":\"https:\\\/\\\/www.eldigitaldeasturias.com\\\/noticias\\\/#website\"},\"breadcrumb\":{\"@id\":\"https:\\\/\\\/www.eldigitaldeasturias.com\\\/noticias\\\/gallardon-pide-que-el-caso-noos-se-tramite-con-rapidez-para-evitar-inquietud\\\/#breadcrumblist\"},\"author\":{\"@id\":\"https:\\\/\\\/www.eldigitaldeasturias.com\\\/noticias\\\/author\\\/admin\\\/#author\"},\"creator\":{\"@id\":\"https:\\\/\\\/www.eldigitaldeasturias.com\\\/noticias\\\/author\\\/admin\\\/#author\"},\"image\":{\"@type\":\"ImageObject\",\"url\":482674,\"@id\":\"https:\\\/\\\/www.eldigitaldeasturias.com\\\/noticias\\\/gallardon-pide-que-el-caso-noos-se-tramite-con-rapidez-para-evitar-inquietud\\\/#mainImage\"},\"primaryImageOfPage\":{\"@id\":\"https:\\\/\\\/www.eldigitaldeasturias.com\\\/noticias\\\/gallardon-pide-que-el-caso-noos-se-tramite-con-rapidez-para-evitar-inquietud\\\/#mainImage\"},\"datePublished\":\"2014-02-03T17:49:36+01:00\",\"dateModified\":\"2014-02-03T17:49:36+01:00\"},{\"@type\":\"WebSite\",\"@id\":\"https:\\\/\\\/www.eldigitaldeasturias.com\\\/noticias\\\/#website\",\"url\":\"https:\\\/\\\/www.eldigitaldeasturias.com\\\/noticias\\\/\",\"name\":\"El Digital de Asturias - Diario de actualidad y noticias\",\"alternateName\":\"El Digital de Asturias - Diario de actualidad y noticias\",\"description\":\"Hemeroteca\",\"inLanguage\":\"es-ES\",\"publisher\":{\"@id\":\"https:\\\/\\\/www.eldigitaldeasturias.com\\\/noticias\\\/#organization\"}}]}\n\t\t<\/script>\n\t\t<!-- All in One SEO Pro -->\r\n\t\t<title>Gallard\u00f3n pide que el caso N\u00f3os se tramite con rapidez para evitar inquietud - El Digital de Asturias<\/title>\n\n","aioseo_head_json":{"title":"Gallard\u00f3n pide que el caso N\u00f3os se tramite con rapidez para evitar inquietud - El Digital de Asturias","description":"Madrid, 3 feb (EFE).- El ministro de Justicia, Alberto Ruiz-Gallard\u00f3n, ha pedido hoy que el caso N\u00f3os se tramite con \"todas las garant\u00edas procesales, pero a la mayor velocidad posible\", porque, ha opinado, este tipo de investigaciones \"generan una inquietud innecesaria\". En una entrevista en Antena 3, Gallard\u00f3n ha asegurado, respecto a la declaraci\u00f3n de","canonical_url":"https:\/\/www.eldigitaldeasturias.com\/noticias\/gallardon-pide-que-el-caso-noos-se-tramite-con-rapidez-para-evitar-inquietud\/","robots":"max-image-preview:large","keywords":"actualidad","webmasterTools":{"google-site-verification":"UA-38556648-1","msvalidate.01":"7dfe9f3f1b24437ab69f4f2559babe99","miscellaneous":""},"schema":{"@context":"https:\/\/schema.org","@graph":[{"@type":"BlogPosting","@id":"https:\/\/www.eldigitaldeasturias.com\/noticias\/gallardon-pide-que-el-caso-noos-se-tramite-con-rapidez-para-evitar-inquietud\/#blogposting","name":"Gallard\u00f3n pide que el caso N\u00f3os se tramite con rapidez para evitar inquietud - El Digital de Asturias","headline":"Gallard\u00f3n pide que el caso N\u00f3os se tramite con rapidez para evitar inquietud","author":{"@id":"https:\/\/www.eldigitaldeasturias.com\/noticias\/author\/admin\/#author"},"publisher":{"@id":"https:\/\/www.eldigitaldeasturias.com\/noticias\/#organization"},"image":{"@type":"ImageObject","url":482674},"datePublished":"2014-02-03T17:49:36+01:00","dateModified":"2014-02-03T17:49:36+01:00","inLanguage":"es-ES","mainEntityOfPage":{"@id":"https:\/\/www.eldigitaldeasturias.com\/noticias\/gallardon-pide-que-el-caso-noos-se-tramite-con-rapidez-para-evitar-inquietud\/#webpage"},"isPartOf":{"@id":"https:\/\/www.eldigitaldeasturias.com\/noticias\/gallardon-pide-que-el-caso-noos-se-tramite-con-rapidez-para-evitar-inquietud\/#webpage"},"articleSection":"Actualidad"},{"@type":"BreadcrumbList","@id":"https:\/\/www.eldigitaldeasturias.com\/noticias\/gallardon-pide-que-el-caso-noos-se-tramite-con-rapidez-para-evitar-inquietud\/#breadcrumblist","itemListElement":[{"@type":"ListItem","@id":"https:\/\/www.eldigitaldeasturias.com\/noticias#listItem","position":1,"name":"Home","item":"https:\/\/www.eldigitaldeasturias.com\/noticias","nextItem":{"@type":"ListItem","@id":"https:\/\/www.eldigitaldeasturias.com\/noticias\/category\/actualidad\/#listItem","name":"Actualidad"}},{"@type":"ListItem","@id":"https:\/\/www.eldigitaldeasturias.com\/noticias\/category\/actualidad\/#listItem","position":2,"name":"Actualidad","item":"https:\/\/www.eldigitaldeasturias.com\/noticias\/category\/actualidad\/","nextItem":{"@type":"ListItem","@id":"https:\/\/www.eldigitaldeasturias.com\/noticias\/gallardon-pide-que-el-caso-noos-se-tramite-con-rapidez-para-evitar-inquietud\/#listItem","name":"Gallard\u00f3n pide que el caso N\u00f3os se tramite con rapidez para evitar inquietud"},"previousItem":{"@type":"ListItem","@id":"https:\/\/www.eldigitaldeasturias.com\/noticias#listItem","name":"Home"}},{"@type":"ListItem","@id":"https:\/\/www.eldigitaldeasturias.com\/noticias\/gallardon-pide-que-el-caso-noos-se-tramite-con-rapidez-para-evitar-inquietud\/#listItem","position":3,"name":"Gallard\u00f3n pide que el caso N\u00f3os se tramite con rapidez para evitar inquietud","previousItem":{"@type":"ListItem","@id":"https:\/\/www.eldigitaldeasturias.com\/noticias\/category\/actualidad\/#listItem","name":"Actualidad"}}]},{"@type":"Organization","@id":"https:\/\/www.eldigitaldeasturias.com\/noticias\/#organization","name":"El Digital de Asturias","description":"Hemeroteca","url":"https:\/\/www.eldigitaldeasturias.com\/noticias\/","email":"info@eldigitaldeasturias.com","telephone":"+34652131393","logo":{"@type":"ImageObject","url":"https:\/\/www.eldigitaldeasturias.com\/noticias\/wp-content\/uploads\/2020\/12\/EDA.jpg","@id":"https:\/\/www.eldigitaldeasturias.com\/noticias\/gallardon-pide-que-el-caso-noos-se-tramite-con-rapidez-para-evitar-inquietud\/#organizationLogo"},"image":{"@id":"https:\/\/www.eldigitaldeasturias.com\/noticias\/gallardon-pide-que-el-caso-noos-se-tramite-con-rapidez-para-evitar-inquietud\/#organizationLogo"},"sameAs":["https:\/\/facebook.com\/eldigitaldeasturias","https:\/\/www.youtube.com\/channel\/UCZP-2wLEB9Rv6erhFmqVnvg"],"address":{"@id":"https:\/\/www.eldigitaldeasturias.com\/noticias\/#postaladdress","@type":"PostalAddress","streetAddress":"san antonio 4","postalCode":"33430","addressLocality":"Cand\u00e1s","addressRegion":"Asturias","addressCountry":"ES"}},{"@type":"Person","@id":"https:\/\/www.eldigitaldeasturias.com\/noticias\/author\/admin\/#author","url":"https:\/\/www.eldigitaldeasturias.com\/noticias\/author\/admin\/","name":"El Digital de Asturias","image":{"@type":"ImageObject","@id":"https:\/\/www.eldigitaldeasturias.com\/noticias\/gallardon-pide-que-el-caso-noos-se-tramite-con-rapidez-para-evitar-inquietud\/#authorImage","url":"https:\/\/secure.gravatar.com\/avatar\/df2aeffc32bcd13f8d26072ef8a91b623d677766deac7f97ca815868cd41bf5e?s=96&d=mm&r=g","width":96,"height":96,"caption":"El Digital de Asturias"}},{"@type":"WebPage","@id":"https:\/\/www.eldigitaldeasturias.com\/noticias\/gallardon-pide-que-el-caso-noos-se-tramite-con-rapidez-para-evitar-inquietud\/#webpage","url":"https:\/\/www.eldigitaldeasturias.com\/noticias\/gallardon-pide-que-el-caso-noos-se-tramite-con-rapidez-para-evitar-inquietud\/","name":"Gallard\u00f3n pide que el caso N\u00f3os se tramite con rapidez para evitar inquietud - El Digital de Asturias","description":"Madrid, 3 feb (EFE).- El ministro de Justicia, Alberto Ruiz-Gallard\u00f3n, ha pedido hoy que el caso N\u00f3os se tramite con \"todas las garant\u00edas procesales, pero a la mayor velocidad posible\", porque, ha opinado, este tipo de investigaciones \"generan una inquietud innecesaria\". En una entrevista en Antena 3, Gallard\u00f3n ha asegurado, respecto a la declaraci\u00f3n de","inLanguage":"es-ES","isPartOf":{"@id":"https:\/\/www.eldigitaldeasturias.com\/noticias\/#website"},"breadcrumb":{"@id":"https:\/\/www.eldigitaldeasturias.com\/noticias\/gallardon-pide-que-el-caso-noos-se-tramite-con-rapidez-para-evitar-inquietud\/#breadcrumblist"},"author":{"@id":"https:\/\/www.eldigitaldeasturias.com\/noticias\/author\/admin\/#author"},"creator":{"@id":"https:\/\/www.eldigitaldeasturias.com\/noticias\/author\/admin\/#author"},"image":{"@type":"ImageObject","url":482674,"@id":"https:\/\/www.eldigitaldeasturias.com\/noticias\/gallardon-pide-que-el-caso-noos-se-tramite-con-rapidez-para-evitar-inquietud\/#mainImage"},"primaryImageOfPage":{"@id":"https:\/\/www.eldigitaldeasturias.com\/noticias\/gallardon-pide-que-el-caso-noos-se-tramite-con-rapidez-para-evitar-inquietud\/#mainImage"},"datePublished":"2014-02-03T17:49:36+01:00","dateModified":"2014-02-03T17:49:36+01:00"},{"@type":"WebSite","@id":"https:\/\/www.eldigitaldeasturias.com\/noticias\/#website","url":"https:\/\/www.eldigitaldeasturias.com\/noticias\/","name":"El Digital de Asturias - Diario de actualidad y noticias","alternateName":"El Digital de Asturias - Diario de actualidad y noticias","description":"Hemeroteca","inLanguage":"es-ES","publisher":{"@id":"https:\/\/www.eldigitaldeasturias.com\/noticias\/#organization"}}]},"og:locale":"es_ES","og:site_name":"El Digital de Asturias","og:type":"article","og:title":"Gallard\u00f3n pide que el caso N\u00f3os se tramite con rapidez para evitar inquietud - El Digital de Asturias","og:description":"Madrid, 3 feb (EFE).- El ministro de Justicia, Alberto Ruiz-Gallard\u00f3n, ha pedido hoy que el caso N\u00f3os se tramite con &quot;todas las garant\u00edas procesales, pero a la mayor velocidad posible&quot;, porque, ha opinado, este tipo de investigaciones &quot;generan una inquietud innecesaria&quot;. En una entrevista en Antena 3, Gallard\u00f3n ha asegurado, respecto a la declaraci\u00f3n de","og:url":"https:\/\/www.eldigitaldeasturias.com\/noticias\/gallardon-pide-que-el-caso-noos-se-tramite-con-rapidez-para-evitar-inquietud\/","article:tag":["actualidad"],"article:published_time":"2014-02-03T18:49:36+00:00","article:modified_time":"2014-02-03T18:49:36+00:00","article:publisher":"https:\/\/facebook.com\/eldigitaldeasturias","twitter:card":"summary_large_image","twitter:title":"Gallard\u00f3n pide que el caso N\u00f3os se tramite con rapidez para evitar inquietud - El Digital de Asturias","twitter:description":"Madrid, 3 feb (EFE).- El ministro de Justicia, Alberto Ruiz-Gallard\u00f3n, ha pedido hoy que el caso N\u00f3os se tramite con &quot;todas las garant\u00edas procesales, pero a la mayor velocidad posible&quot;, porque, ha opinado, este tipo de investigaciones &quot;generan una inquietud innecesaria&quot;. En una entrevista en Antena 3, Gallard\u00f3n ha asegurado, respecto a la declaraci\u00f3n de","twitter:label1":"Escrito por","twitter:data1":"El Digital de Asturias","twitter:label2":"Tiempo de lectura estimado","twitter:data2":"1 minuto"},"aioseo_meta_data":{"post_id":"482673","title":null,"description":null,"keywords":null,"keyphrases":null,"primary_term":null,"canonical_url":null,"og_title":null,"og_description":null,"og_object_type":"default","og_image_type":"default","og_image_url":null,"og_image_width":null,"og_image_height":null,"og_image_custom_url":null,"og_image_custom_fields":null,"og_video":null,"og_custom_url":null,"og_article_section":null,"og_article_tags":null,"twitter_use_og":true,"twitter_card":"default","twitter_image_type":"default","twitter_image_url":null,"twitter_image_custom_url":null,"twitter_image_custom_fields":null,"twitter_title":null,"twitter_description":null,"schema":{"blockGraphs":[],"customGraphs":[],"default":{"data":{"Article":[],"Course":[],"Dataset":[],"FAQPage":[],"Movie":[],"Person":[],"Product":[],"ProductReview":[],"Car":[],"Recipe":[],"Service":[],"SoftwareApplication":[],"WebPage":[]},"graphName":"","isEnabled":true},"graphs":[],"defaultGraph":"","defaultPostTypeGraph":""},"schema_type":null,"schema_type_options":null,"pillar_content":false,"robots_default":true,"robots_noindex":false,"robots_noarchive":false,"robots_nosnippet":false,"robots_nofollow":false,"robots_noimageindex":false,"robots_noodp":false,"robots_notranslate":false,"robots_max_snippet":null,"robots_max_videopreview":null,"robots_max_imagepreview":"none","priority":null,"frequency":null,"local_seo":null,"seo_analyzer_scan_date":"2026-06-02 10:34:53","breadcrumb_settings":null,"limit_modified_date":false,"open_ai":null,"ai":null,"created":"2020-11-14 22:54:39","updated":"2026-06-02 10:34:53","focus_keyword":null,"additional_keywords":null,"truseo_locale":null},"aioseo_breadcrumb":"<div class=\"aioseo-breadcrumbs\"><span class=\"aioseo-breadcrumb\">\n\t<a href=\"https:\/\/www.eldigitaldeasturias.com\/noticias\" title=\"Home\">Home<\/a>\n<\/span><span class=\"aioseo-breadcrumb-separator\">\u2013<\/span><span class=\"aioseo-breadcrumb\">\n\t<a href=\"https:\/\/www.eldigitaldeasturias.com\/noticias\/category\/actualidad\/\" title=\"Actualidad\">Actualidad<\/a>\n<\/span><span class=\"aioseo-breadcrumb-separator\">\u2013<\/span><span class=\"aioseo-breadcrumb\">\n\t<a href=\"https:\/\/www.eldigitaldeasturias.com\/noticias\/gallardon-pide-que-el-caso-noos-se-tramite-con-rapidez-para-evitar-inquietud\/\" title=\"Gallard\u00f3n pide que el caso N\u00f3os se tramite con rapidez para evitar inquietud\">Gallard\u00f3n pide que el caso N\u00f3os se tramite con rapidez para evitar inquietud<\/a>\n<\/span><\/div>","aioseo_breadcrumb_json":[{"label":"Home","link":"https:\/\/www.eldigitaldeasturias.com\/noticias"},{"label":"Actualidad","link":"https:\/\/www.eldigitaldeasturias.com\/noticias\/category\/actualidad\/"},{"label":"Gallard\u00f3n pide que el caso N\u00f3os se tramite con rapidez para evitar inquietud","link":"https:\/\/www.eldigitaldeasturias.com\/noticias\/gallardon-pide-que-el-caso-noos-se-tramite-con-rapidez-para-evitar-inquietud\/"}],"_links":{"self":[{"href":"https:\/\/www.eldigitaldeasturias.com\/noticias\/wp-json\/wp\/v2\/posts\/482673","targetHints":{"allow":["GET"]}}],"collection":[{"href":"https:\/\/www.eldigitaldeasturias.com\/noticias\/wp-json\/wp\/v2\/posts"}],"about":[{"href":"https:\/\/www.eldigitaldeasturias.com\/noticias\/wp-json\/wp\/v2\/types\/post"}],"author":[{"embeddable":true,"href":"https:\/\/www.eldigitaldeasturias.com\/noticias\/wp-json\/wp\/v2\/users\/1"}],"replies":[{"embeddable":true,"href":"https:\/\/www.eldigitaldeasturias.com\/noticias\/wp-json\/wp\/v2\/comments?post=482673"}],"version-history":[{"count":0,"href":"https:\/\/www.eldigitaldeasturias.com\/noticias\/wp-json\/wp\/v2\/posts\/482673\/revisions"}],"wp:attachment":[{"href":"https:\/\/www.eldigitaldeasturias.com\/noticias\/wp-json\/wp\/v2\/media?parent=482673"}],"wp:term":[{"taxonomy":"category","embeddable":true,"href":"https:\/\/www.eldigitaldeasturias.com\/noticias\/wp-json\/wp\/v2\/categories?post=482673"},{"taxonomy":"post_tag","embeddable":true,"href":"https:\/\/www.eldigitaldeasturias.com\/noticias\/wp-json\/wp\/v2\/tags?post=482673"}],"curies":[{"name":"wp","href":"https:\/\/api.w.org\/{rel}","templated":true}]}}