{"id":482667,"date":"2014-02-03T17:47:47","date_gmt":"2014-02-03T18:47:47","guid":{"rendered":"http:\/\/www.eldigitaldeasturias.com\/noticias\/?p=482667"},"modified":"2014-02-03T17:47:47","modified_gmt":"2014-02-03T18:47:47","slug":"soria-apunta-que-el-nuevo-sistema-contribuira-a-reducir-los-costes-electricos","status":"publish","type":"post","link":"https:\/\/www.eldigitaldeasturias.com\/noticias\/soria-apunta-que-el-nuevo-sistema-contribuira-a-reducir-los-costes-electricos\/","title":{"rendered":"Soria apunta que el nuevo sistema contribuir\u00e1 a reducir los costes el\u00e9ctricos"},"content":{"rendered":"<p><img loading=\"lazy\" decoding=\"async\" class=\"alignleft size-medium wp-image-482668\" alt=\"5902872w\" src=\"https:\/\/www.eldigitaldeasturias.com\/noticias\/wp-content\/uploads\/2014\/02\/5902872w-360x239.jpg\" width=\"360\" height=\"239\" \/>Madrid, 3 feb (EFE).- El Gobierno est\u00e1 dise\u00f1ando un nuevo sistema para las subastas el\u00e9ctricas que \u00abd\u00e9 mayor estabilidad a los precios\u00bb y contribuya \u00aba que el coste total del sistema pueda ser inferior a lo que ha sido hasta ahora\u00bb, seg\u00fan ha se\u00f1alado hoy el ministro de Industria, Jos\u00e9 Manuel Soria.<\/p>\n<p>\u00abEl sistema de subastas como lo conocemos hasta ahora es un sistema ya superado. Comporta unos costes en cobertura de precios que suponen un gasto adicional que va directamente repercutido a la factura el\u00e9ctrica\u00bb, ha afirmado Soria, tras su intervenci\u00f3n en el Congreso de la Asociaci\u00f3n Espa\u00f1ola para la Econom\u00eda Energ\u00e9tica.<\/p>\n<p>El titular de Industria ha reconocido que se est\u00e1n estudiando las propuestas de las empresas el\u00e9ctricas sobre c\u00f3mo debe ser este nuevo mecanismo para fijar el coste del componente energ\u00e9tico de la factura el\u00e9ctrica regulada.<\/p>\n<p>El ministro ha afirmado que se est\u00e1n analizando propuestas de las el\u00e9ctricas, pero tambi\u00e9n de operadores financieros y que va a tener en cuenta a consumidores y comercializadores, con los que se est\u00e1 reuniendo.<\/p>\n<p>En cuanto a la evoluci\u00f3n de la factura el\u00e9ctrica en los \u00faltimos a\u00f1os, Soria ha insistido en que \u00abla evidencia emp\u00edrica\u00bb se\u00f1ala que entre el a\u00f1o 2004 y el 2011 la electricidad subi\u00f3 un 63,2 %, mientras que entre 2012 y 2013 para una familia media de dos hijos la subida es del 2,9 % y solo mirando 2013 \u00abhabr\u00eda bajado un 3,7 %\u00bb.<\/p>\n<p>No obstante, Soria ha se\u00f1alado que es una carga importante en el presupuesto de las familias y uno de los determinantes m\u00e1s importantes en la competitividad de las econom\u00edas.<\/p>\n<p>En este sentido durante la inauguraci\u00f3n del congreso, el ministro ha confiado en que pudieran salir orientaciones para que Espa\u00f1a se quite \u00abla espina\u00bb que supone el diferencial de precios energ\u00e9ticos con otros pa\u00edses \u00abque tanta competitividad resta\u00bb.<\/p>\n<p>Durante el mismo acto, el presidente de Red El\u00e9ctrica, Jos\u00e9 Folgado, ha reconocido el esfuerzo del Gobierno por acometer una reforma el\u00e9ctrica \u00abnecesaria\u00bb, aunque no haya sido del agrado ni de empresas ni de consumidores.<\/p>\n<p>\u00abEsperemos que termine de dar estabilidad a un sector estrat\u00e9gico como la energ\u00eda\u00bb, ha afirmado Folgado.<\/p>\n","protected":false},"excerpt":{"rendered":"<p>Madrid, 3 feb (EFE).- El Gobierno est\u00e1 dise\u00f1ando un nuevo sistema para las subastas el\u00e9ctricas que \u00abd\u00e9 mayor estabilidad a los precios\u00bb y contribuya \u00aba que el coste total del sistema pueda ser inferior a lo que ha sido hasta ahora\u00bb, seg\u00fan ha se\u00f1alado hoy el ministro de Industria, Jos\u00e9 Manuel Soria. \u00abEl sistema de [&hellip;]<\/p>\n","protected":false},"author":1,"featured_media":482668,"comment_status":"closed","ping_status":"open","sticky":false,"template":"","format":"standard","meta":{"footnotes":""},"categories":[1],"tags":[],"class_list":["post-482667","post","type-post","status-publish","format-standard","has-post-thumbnail","hentry","category-actualidad"],"aioseo_notices":[],"aioseo_head":"\n\t\t<!-- All in One SEO Pro 5.0.1 - aioseo.com -->\n\t<meta name=\"description\" content=\"Madrid, 3 feb (EFE).- El Gobierno est\u00e1 dise\u00f1ando un nuevo sistema para las subastas el\u00e9ctricas que &quot;d\u00e9 mayor estabilidad a los precios&quot; y contribuya &quot;a que el coste total del sistema pueda ser inferior a lo que ha sido hasta ahora&quot;, seg\u00fan ha se\u00f1alado hoy el ministro de Industria, Jos\u00e9 Manuel Soria. &quot;El sistema de\" \/>\n\t<meta name=\"robots\" content=\"max-image-preview:large\" \/>\n\t<meta name=\"author\" content=\"El Digital de Asturias\"\/>\n\t<meta name=\"google-site-verification\" content=\"UA-38556648-1\" \/>\n\t<meta name=\"msvalidate.01\" content=\"7dfe9f3f1b24437ab69f4f2559babe99\" \/>\n\t<meta name=\"keywords\" content=\"actualidad\" \/>\n\t<link rel=\"canonical\" href=\"https:\/\/www.eldigitaldeasturias.com\/noticias\/soria-apunta-que-el-nuevo-sistema-contribuira-a-reducir-los-costes-electricos\/\" \/>\n\t<meta name=\"generator\" content=\"All in One SEO Pro (AIOSEO) 5.0.1\" \/>\n\t\t<meta property=\"og:locale\" content=\"es_ES\" \/>\n\t\t<meta property=\"og:site_name\" content=\"El Digital de Asturias\" \/>\n\t\t<meta property=\"og:type\" content=\"article\" \/>\n\t\t<meta property=\"og:title\" content=\"Soria apunta que el nuevo sistema contribuir\u00e1 a reducir los costes el\u00e9ctricos - El Digital de Asturias\" \/>\n\t\t<meta property=\"og:description\" content=\"Madrid, 3 feb (EFE).- El Gobierno est\u00e1 dise\u00f1ando un nuevo sistema para las subastas el\u00e9ctricas que &quot;d\u00e9 mayor estabilidad a los precios&quot; y contribuya &quot;a que el coste total del sistema pueda ser inferior a lo que ha sido hasta ahora&quot;, seg\u00fan ha se\u00f1alado hoy el ministro de Industria, Jos\u00e9 Manuel Soria. &quot;El sistema de\" \/>\n\t\t<meta property=\"og:url\" content=\"https:\/\/www.eldigitaldeasturias.com\/noticias\/soria-apunta-que-el-nuevo-sistema-contribuira-a-reducir-los-costes-electricos\/\" \/>\n\t\t<meta property=\"article:tag\" content=\"actualidad\" \/>\n\t\t<meta property=\"article:published_time\" content=\"2014-02-03T18:47:47+00:00\" \/>\n\t\t<meta property=\"article:modified_time\" content=\"2014-02-03T18:47:47+00:00\" \/>\n\t\t<meta property=\"article:publisher\" content=\"https:\/\/facebook.com\/eldigitaldeasturias\" \/>\n\t\t<meta name=\"twitter:card\" content=\"summary_large_image\" \/>\n\t\t<meta name=\"twitter:title\" content=\"Soria apunta que el nuevo sistema contribuir\u00e1 a reducir los costes el\u00e9ctricos - El Digital de Asturias\" \/>\n\t\t<meta name=\"twitter:description\" content=\"Madrid, 3 feb (EFE).- El Gobierno est\u00e1 dise\u00f1ando un nuevo sistema para las subastas el\u00e9ctricas que &quot;d\u00e9 mayor estabilidad a los precios&quot; y contribuya &quot;a que el coste total del sistema pueda ser inferior a lo que ha sido hasta ahora&quot;, seg\u00fan ha se\u00f1alado hoy el ministro de Industria, Jos\u00e9 Manuel Soria. &quot;El sistema de\" \/>\n\t\t<meta name=\"twitter:label1\" content=\"Escrito por\" \/>\n\t\t<meta name=\"twitter:data1\" content=\"El Digital de Asturias\" \/>\n\t\t<meta name=\"twitter:label2\" content=\"Tiempo de lectura estimado\" \/>\n\t\t<meta name=\"twitter:data2\" content=\"2 minutos\" \/>\n\t\t<script type=\"application\/ld+json\" class=\"aioseo-schema\">\n\t\t\t{\"@context\":\"https:\\\/\\\/schema.org\",\"@graph\":[{\"@type\":\"BlogPosting\",\"@id\":\"https:\\\/\\\/www.eldigitaldeasturias.com\\\/noticias\\\/soria-apunta-que-el-nuevo-sistema-contribuira-a-reducir-los-costes-electricos\\\/#blogposting\",\"name\":\"Soria apunta que el nuevo sistema contribuir\\u00e1 a reducir los costes el\\u00e9ctricos - El Digital de Asturias\",\"headline\":\"Soria apunta que el nuevo sistema contribuir\\u00e1 a reducir los costes el\\u00e9ctricos\",\"author\":{\"@id\":\"https:\\\/\\\/www.eldigitaldeasturias.com\\\/noticias\\\/author\\\/admin\\\/#author\"},\"publisher\":{\"@id\":\"https:\\\/\\\/www.eldigitaldeasturias.com\\\/noticias\\\/#organization\"},\"image\":{\"@type\":\"ImageObject\",\"url\":482668},\"datePublished\":\"2014-02-03T17:47:47+01:00\",\"dateModified\":\"2014-02-03T17:47:47+01:00\",\"inLanguage\":\"es-ES\",\"mainEntityOfPage\":{\"@id\":\"https:\\\/\\\/www.eldigitaldeasturias.com\\\/noticias\\\/soria-apunta-que-el-nuevo-sistema-contribuira-a-reducir-los-costes-electricos\\\/#webpage\"},\"isPartOf\":{\"@id\":\"https:\\\/\\\/www.eldigitaldeasturias.com\\\/noticias\\\/soria-apunta-que-el-nuevo-sistema-contribuira-a-reducir-los-costes-electricos\\\/#webpage\"},\"articleSection\":\"Actualidad\"},{\"@type\":\"BreadcrumbList\",\"@id\":\"https:\\\/\\\/www.eldigitaldeasturias.com\\\/noticias\\\/soria-apunta-que-el-nuevo-sistema-contribuira-a-reducir-los-costes-electricos\\\/#breadcrumblist\",\"itemListElement\":[{\"@type\":\"ListItem\",\"@id\":\"https:\\\/\\\/www.eldigitaldeasturias.com\\\/noticias#listItem\",\"position\":1,\"name\":\"Home\",\"item\":\"https:\\\/\\\/www.eldigitaldeasturias.com\\\/noticias\",\"nextItem\":{\"@type\":\"ListItem\",\"@id\":\"https:\\\/\\\/www.eldigitaldeasturias.com\\\/noticias\\\/category\\\/actualidad\\\/#listItem\",\"name\":\"Actualidad\"}},{\"@type\":\"ListItem\",\"@id\":\"https:\\\/\\\/www.eldigitaldeasturias.com\\\/noticias\\\/category\\\/actualidad\\\/#listItem\",\"position\":2,\"name\":\"Actualidad\",\"item\":\"https:\\\/\\\/www.eldigitaldeasturias.com\\\/noticias\\\/category\\\/actualidad\\\/\",\"nextItem\":{\"@type\":\"ListItem\",\"@id\":\"https:\\\/\\\/www.eldigitaldeasturias.com\\\/noticias\\\/soria-apunta-que-el-nuevo-sistema-contribuira-a-reducir-los-costes-electricos\\\/#listItem\",\"name\":\"Soria apunta que el nuevo sistema contribuir\\u00e1 a reducir los costes el\\u00e9ctricos\"},\"previousItem\":{\"@type\":\"ListItem\",\"@id\":\"https:\\\/\\\/www.eldigitaldeasturias.com\\\/noticias#listItem\",\"name\":\"Home\"}},{\"@type\":\"ListItem\",\"@id\":\"https:\\\/\\\/www.eldigitaldeasturias.com\\\/noticias\\\/soria-apunta-que-el-nuevo-sistema-contribuira-a-reducir-los-costes-electricos\\\/#listItem\",\"position\":3,\"name\":\"Soria apunta que el nuevo sistema contribuir\\u00e1 a reducir los costes el\\u00e9ctricos\",\"previousItem\":{\"@type\":\"ListItem\",\"@id\":\"https:\\\/\\\/www.eldigitaldeasturias.com\\\/noticias\\\/category\\\/actualidad\\\/#listItem\",\"name\":\"Actualidad\"}}]},{\"@type\":\"Organization\",\"@id\":\"https:\\\/\\\/www.eldigitaldeasturias.com\\\/noticias\\\/#organization\",\"name\":\"El Digital de Asturias\",\"description\":\"Hemeroteca\",\"url\":\"https:\\\/\\\/www.eldigitaldeasturias.com\\\/noticias\\\/\",\"email\":\"info@eldigitaldeasturias.com\",\"telephone\":\"+34652131393\",\"logo\":{\"@type\":\"ImageObject\",\"url\":\"https:\\\/\\\/www.eldigitaldeasturias.com\\\/noticias\\\/wp-content\\\/uploads\\\/2020\\\/12\\\/EDA.jpg\",\"@id\":\"https:\\\/\\\/www.eldigitaldeasturias.com\\\/noticias\\\/soria-apunta-que-el-nuevo-sistema-contribuira-a-reducir-los-costes-electricos\\\/#organizationLogo\"},\"image\":{\"@id\":\"https:\\\/\\\/www.eldigitaldeasturias.com\\\/noticias\\\/soria-apunta-que-el-nuevo-sistema-contribuira-a-reducir-los-costes-electricos\\\/#organizationLogo\"},\"sameAs\":[\"https:\\\/\\\/facebook.com\\\/eldigitaldeasturias\",\"https:\\\/\\\/www.youtube.com\\\/channel\\\/UCZP-2wLEB9Rv6erhFmqVnvg\"],\"address\":{\"@id\":\"https:\\\/\\\/www.eldigitaldeasturias.com\\\/noticias\\\/#postaladdress\",\"@type\":\"PostalAddress\",\"streetAddress\":\"san antonio 4\",\"postalCode\":\"33430\",\"addressLocality\":\"Cand\\u00e1s\",\"addressRegion\":\"Asturias\",\"addressCountry\":\"ES\"}},{\"@type\":\"Person\",\"@id\":\"https:\\\/\\\/www.eldigitaldeasturias.com\\\/noticias\\\/author\\\/admin\\\/#author\",\"url\":\"https:\\\/\\\/www.eldigitaldeasturias.com\\\/noticias\\\/author\\\/admin\\\/\",\"name\":\"El Digital de Asturias\",\"image\":{\"@type\":\"ImageObject\",\"@id\":\"https:\\\/\\\/www.eldigitaldeasturias.com\\\/noticias\\\/soria-apunta-que-el-nuevo-sistema-contribuira-a-reducir-los-costes-electricos\\\/#authorImage\",\"url\":\"https:\\\/\\\/secure.gravatar.com\\\/avatar\\\/df2aeffc32bcd13f8d26072ef8a91b623d677766deac7f97ca815868cd41bf5e?s=96&d=mm&r=g\",\"width\":96,\"height\":96,\"caption\":\"El Digital de Asturias\"}},{\"@type\":\"WebPage\",\"@id\":\"https:\\\/\\\/www.eldigitaldeasturias.com\\\/noticias\\\/soria-apunta-que-el-nuevo-sistema-contribuira-a-reducir-los-costes-electricos\\\/#webpage\",\"url\":\"https:\\\/\\\/www.eldigitaldeasturias.com\\\/noticias\\\/soria-apunta-que-el-nuevo-sistema-contribuira-a-reducir-los-costes-electricos\\\/\",\"name\":\"Soria apunta que el nuevo sistema contribuir\\u00e1 a reducir los costes el\\u00e9ctricos - El Digital de Asturias\",\"description\":\"Madrid, 3 feb (EFE).- El Gobierno est\\u00e1 dise\\u00f1ando un nuevo sistema para las subastas el\\u00e9ctricas que \\\"d\\u00e9 mayor estabilidad a los precios\\\" y contribuya \\\"a que el coste total del sistema pueda ser inferior a lo que ha sido hasta ahora\\\", seg\\u00fan ha se\\u00f1alado hoy el ministro de Industria, Jos\\u00e9 Manuel Soria. \\\"El sistema de\",\"inLanguage\":\"es-ES\",\"isPartOf\":{\"@id\":\"https:\\\/\\\/www.eldigitaldeasturias.com\\\/noticias\\\/#website\"},\"breadcrumb\":{\"@id\":\"https:\\\/\\\/www.eldigitaldeasturias.com\\\/noticias\\\/soria-apunta-que-el-nuevo-sistema-contribuira-a-reducir-los-costes-electricos\\\/#breadcrumblist\"},\"author\":{\"@id\":\"https:\\\/\\\/www.eldigitaldeasturias.com\\\/noticias\\\/author\\\/admin\\\/#author\"},\"creator\":{\"@id\":\"https:\\\/\\\/www.eldigitaldeasturias.com\\\/noticias\\\/author\\\/admin\\\/#author\"},\"image\":{\"@type\":\"ImageObject\",\"url\":482668,\"@id\":\"https:\\\/\\\/www.eldigitaldeasturias.com\\\/noticias\\\/soria-apunta-que-el-nuevo-sistema-contribuira-a-reducir-los-costes-electricos\\\/#mainImage\"},\"primaryImageOfPage\":{\"@id\":\"https:\\\/\\\/www.eldigitaldeasturias.com\\\/noticias\\\/soria-apunta-que-el-nuevo-sistema-contribuira-a-reducir-los-costes-electricos\\\/#mainImage\"},\"datePublished\":\"2014-02-03T17:47:47+01:00\",\"dateModified\":\"2014-02-03T17:47:47+01:00\"},{\"@type\":\"WebSite\",\"@id\":\"https:\\\/\\\/www.eldigitaldeasturias.com\\\/noticias\\\/#website\",\"url\":\"https:\\\/\\\/www.eldigitaldeasturias.com\\\/noticias\\\/\",\"name\":\"El Digital de Asturias - Diario de actualidad y noticias\",\"alternateName\":\"El Digital de Asturias - Diario de actualidad y noticias\",\"description\":\"Hemeroteca\",\"inLanguage\":\"es-ES\",\"publisher\":{\"@id\":\"https:\\\/\\\/www.eldigitaldeasturias.com\\\/noticias\\\/#organization\"}}]}\n\t\t<\/script>\n\t\t<!-- All in One SEO Pro -->\r\n\t\t<title>Soria apunta que el nuevo sistema contribuir\u00e1 a reducir los costes el\u00e9ctricos - El Digital de Asturias<\/title>\n\n","aioseo_head_json":{"title":"Soria apunta que el nuevo sistema contribuir\u00e1 a reducir los costes el\u00e9ctricos - El Digital de Asturias","description":"Madrid, 3 feb (EFE).- El Gobierno est\u00e1 dise\u00f1ando un nuevo sistema para las subastas el\u00e9ctricas que \"d\u00e9 mayor estabilidad a los precios\" y contribuya \"a que el coste total del sistema pueda ser inferior a lo que ha sido hasta ahora\", seg\u00fan ha se\u00f1alado hoy el ministro de Industria, Jos\u00e9 Manuel Soria. \"El sistema de","canonical_url":"https:\/\/www.eldigitaldeasturias.com\/noticias\/soria-apunta-que-el-nuevo-sistema-contribuira-a-reducir-los-costes-electricos\/","robots":"max-image-preview:large","keywords":"actualidad","webmasterTools":{"google-site-verification":"UA-38556648-1","msvalidate.01":"7dfe9f3f1b24437ab69f4f2559babe99","miscellaneous":""},"schema":{"@context":"https:\/\/schema.org","@graph":[{"@type":"BlogPosting","@id":"https:\/\/www.eldigitaldeasturias.com\/noticias\/soria-apunta-que-el-nuevo-sistema-contribuira-a-reducir-los-costes-electricos\/#blogposting","name":"Soria apunta que el nuevo sistema contribuir\u00e1 a reducir los costes el\u00e9ctricos - El Digital de Asturias","headline":"Soria apunta que el nuevo sistema contribuir\u00e1 a reducir los costes el\u00e9ctricos","author":{"@id":"https:\/\/www.eldigitaldeasturias.com\/noticias\/author\/admin\/#author"},"publisher":{"@id":"https:\/\/www.eldigitaldeasturias.com\/noticias\/#organization"},"image":{"@type":"ImageObject","url":482668},"datePublished":"2014-02-03T17:47:47+01:00","dateModified":"2014-02-03T17:47:47+01:00","inLanguage":"es-ES","mainEntityOfPage":{"@id":"https:\/\/www.eldigitaldeasturias.com\/noticias\/soria-apunta-que-el-nuevo-sistema-contribuira-a-reducir-los-costes-electricos\/#webpage"},"isPartOf":{"@id":"https:\/\/www.eldigitaldeasturias.com\/noticias\/soria-apunta-que-el-nuevo-sistema-contribuira-a-reducir-los-costes-electricos\/#webpage"},"articleSection":"Actualidad"},{"@type":"BreadcrumbList","@id":"https:\/\/www.eldigitaldeasturias.com\/noticias\/soria-apunta-que-el-nuevo-sistema-contribuira-a-reducir-los-costes-electricos\/#breadcrumblist","itemListElement":[{"@type":"ListItem","@id":"https:\/\/www.eldigitaldeasturias.com\/noticias#listItem","position":1,"name":"Home","item":"https:\/\/www.eldigitaldeasturias.com\/noticias","nextItem":{"@type":"ListItem","@id":"https:\/\/www.eldigitaldeasturias.com\/noticias\/category\/actualidad\/#listItem","name":"Actualidad"}},{"@type":"ListItem","@id":"https:\/\/www.eldigitaldeasturias.com\/noticias\/category\/actualidad\/#listItem","position":2,"name":"Actualidad","item":"https:\/\/www.eldigitaldeasturias.com\/noticias\/category\/actualidad\/","nextItem":{"@type":"ListItem","@id":"https:\/\/www.eldigitaldeasturias.com\/noticias\/soria-apunta-que-el-nuevo-sistema-contribuira-a-reducir-los-costes-electricos\/#listItem","name":"Soria apunta que el nuevo sistema contribuir\u00e1 a reducir los costes el\u00e9ctricos"},"previousItem":{"@type":"ListItem","@id":"https:\/\/www.eldigitaldeasturias.com\/noticias#listItem","name":"Home"}},{"@type":"ListItem","@id":"https:\/\/www.eldigitaldeasturias.com\/noticias\/soria-apunta-que-el-nuevo-sistema-contribuira-a-reducir-los-costes-electricos\/#listItem","position":3,"name":"Soria apunta que el nuevo sistema contribuir\u00e1 a reducir los costes el\u00e9ctricos","previousItem":{"@type":"ListItem","@id":"https:\/\/www.eldigitaldeasturias.com\/noticias\/category\/actualidad\/#listItem","name":"Actualidad"}}]},{"@type":"Organization","@id":"https:\/\/www.eldigitaldeasturias.com\/noticias\/#organization","name":"El Digital de Asturias","description":"Hemeroteca","url":"https:\/\/www.eldigitaldeasturias.com\/noticias\/","email":"info@eldigitaldeasturias.com","telephone":"+34652131393","logo":{"@type":"ImageObject","url":"https:\/\/www.eldigitaldeasturias.com\/noticias\/wp-content\/uploads\/2020\/12\/EDA.jpg","@id":"https:\/\/www.eldigitaldeasturias.com\/noticias\/soria-apunta-que-el-nuevo-sistema-contribuira-a-reducir-los-costes-electricos\/#organizationLogo"},"image":{"@id":"https:\/\/www.eldigitaldeasturias.com\/noticias\/soria-apunta-que-el-nuevo-sistema-contribuira-a-reducir-los-costes-electricos\/#organizationLogo"},"sameAs":["https:\/\/facebook.com\/eldigitaldeasturias","https:\/\/www.youtube.com\/channel\/UCZP-2wLEB9Rv6erhFmqVnvg"],"address":{"@id":"https:\/\/www.eldigitaldeasturias.com\/noticias\/#postaladdress","@type":"PostalAddress","streetAddress":"san antonio 4","postalCode":"33430","addressLocality":"Cand\u00e1s","addressRegion":"Asturias","addressCountry":"ES"}},{"@type":"Person","@id":"https:\/\/www.eldigitaldeasturias.com\/noticias\/author\/admin\/#author","url":"https:\/\/www.eldigitaldeasturias.com\/noticias\/author\/admin\/","name":"El Digital de Asturias","image":{"@type":"ImageObject","@id":"https:\/\/www.eldigitaldeasturias.com\/noticias\/soria-apunta-que-el-nuevo-sistema-contribuira-a-reducir-los-costes-electricos\/#authorImage","url":"https:\/\/secure.gravatar.com\/avatar\/df2aeffc32bcd13f8d26072ef8a91b623d677766deac7f97ca815868cd41bf5e?s=96&d=mm&r=g","width":96,"height":96,"caption":"El Digital de Asturias"}},{"@type":"WebPage","@id":"https:\/\/www.eldigitaldeasturias.com\/noticias\/soria-apunta-que-el-nuevo-sistema-contribuira-a-reducir-los-costes-electricos\/#webpage","url":"https:\/\/www.eldigitaldeasturias.com\/noticias\/soria-apunta-que-el-nuevo-sistema-contribuira-a-reducir-los-costes-electricos\/","name":"Soria apunta que el nuevo sistema contribuir\u00e1 a reducir los costes el\u00e9ctricos - El Digital de Asturias","description":"Madrid, 3 feb (EFE).- El Gobierno est\u00e1 dise\u00f1ando un nuevo sistema para las subastas el\u00e9ctricas que \"d\u00e9 mayor estabilidad a los precios\" y contribuya \"a que el coste total del sistema pueda ser inferior a lo que ha sido hasta ahora\", seg\u00fan ha se\u00f1alado hoy el ministro de Industria, Jos\u00e9 Manuel Soria. \"El sistema de","inLanguage":"es-ES","isPartOf":{"@id":"https:\/\/www.eldigitaldeasturias.com\/noticias\/#website"},"breadcrumb":{"@id":"https:\/\/www.eldigitaldeasturias.com\/noticias\/soria-apunta-que-el-nuevo-sistema-contribuira-a-reducir-los-costes-electricos\/#breadcrumblist"},"author":{"@id":"https:\/\/www.eldigitaldeasturias.com\/noticias\/author\/admin\/#author"},"creator":{"@id":"https:\/\/www.eldigitaldeasturias.com\/noticias\/author\/admin\/#author"},"image":{"@type":"ImageObject","url":482668,"@id":"https:\/\/www.eldigitaldeasturias.com\/noticias\/soria-apunta-que-el-nuevo-sistema-contribuira-a-reducir-los-costes-electricos\/#mainImage"},"primaryImageOfPage":{"@id":"https:\/\/www.eldigitaldeasturias.com\/noticias\/soria-apunta-que-el-nuevo-sistema-contribuira-a-reducir-los-costes-electricos\/#mainImage"},"datePublished":"2014-02-03T17:47:47+01:00","dateModified":"2014-02-03T17:47:47+01:00"},{"@type":"WebSite","@id":"https:\/\/www.eldigitaldeasturias.com\/noticias\/#website","url":"https:\/\/www.eldigitaldeasturias.com\/noticias\/","name":"El Digital de Asturias - Diario de actualidad y noticias","alternateName":"El Digital de Asturias - Diario de actualidad y noticias","description":"Hemeroteca","inLanguage":"es-ES","publisher":{"@id":"https:\/\/www.eldigitaldeasturias.com\/noticias\/#organization"}}]},"og:locale":"es_ES","og:site_name":"El Digital de Asturias","og:type":"article","og:title":"Soria apunta que el nuevo sistema contribuir\u00e1 a reducir los costes el\u00e9ctricos - El Digital de Asturias","og:description":"Madrid, 3 feb (EFE).- El Gobierno est\u00e1 dise\u00f1ando un nuevo sistema para las subastas el\u00e9ctricas que &quot;d\u00e9 mayor estabilidad a los precios&quot; y contribuya &quot;a que el coste total del sistema pueda ser inferior a lo que ha sido hasta ahora&quot;, seg\u00fan ha se\u00f1alado hoy el ministro de Industria, Jos\u00e9 Manuel Soria. &quot;El sistema de","og:url":"https:\/\/www.eldigitaldeasturias.com\/noticias\/soria-apunta-que-el-nuevo-sistema-contribuira-a-reducir-los-costes-electricos\/","article:tag":["actualidad"],"article:published_time":"2014-02-03T18:47:47+00:00","article:modified_time":"2014-02-03T18:47:47+00:00","article:publisher":"https:\/\/facebook.com\/eldigitaldeasturias","twitter:card":"summary_large_image","twitter:title":"Soria apunta que el nuevo sistema contribuir\u00e1 a reducir los costes el\u00e9ctricos - El Digital de Asturias","twitter:description":"Madrid, 3 feb (EFE).- El Gobierno est\u00e1 dise\u00f1ando un nuevo sistema para las subastas el\u00e9ctricas que &quot;d\u00e9 mayor estabilidad a los precios&quot; y contribuya &quot;a que el coste total del sistema pueda ser inferior a lo que ha sido hasta ahora&quot;, seg\u00fan ha se\u00f1alado hoy el ministro de Industria, Jos\u00e9 Manuel Soria. &quot;El sistema de","twitter:label1":"Escrito por","twitter:data1":"El Digital de Asturias","twitter:label2":"Tiempo de lectura estimado","twitter:data2":"2 minutos"},"aioseo_meta_data":{"post_id":"482667","title":null,"description":null,"keywords":null,"keyphrases":null,"primary_term":null,"canonical_url":null,"og_title":null,"og_description":null,"og_object_type":"default","og_image_type":"default","og_image_url":null,"og_image_width":null,"og_image_height":null,"og_image_custom_url":null,"og_image_custom_fields":null,"og_video":null,"og_custom_url":null,"og_article_section":null,"og_article_tags":null,"twitter_use_og":true,"twitter_card":"default","twitter_image_type":"default","twitter_image_url":null,"twitter_image_custom_url":null,"twitter_image_custom_fields":null,"twitter_title":null,"twitter_description":null,"schema":{"blockGraphs":[],"customGraphs":[],"default":{"data":{"Article":[],"Course":[],"Dataset":[],"FAQPage":[],"Movie":[],"Person":[],"Product":[],"ProductReview":[],"Car":[],"Recipe":[],"Service":[],"SoftwareApplication":[],"WebPage":[]},"graphName":"","isEnabled":true},"graphs":[],"defaultGraph":"","defaultPostTypeGraph":""},"schema_type":null,"schema_type_options":null,"pillar_content":false,"robots_default":true,"robots_noindex":false,"robots_noarchive":false,"robots_nosnippet":false,"robots_nofollow":false,"robots_noimageindex":false,"robots_noodp":false,"robots_notranslate":false,"robots_max_snippet":null,"robots_max_videopreview":null,"robots_max_imagepreview":"none","priority":null,"frequency":null,"local_seo":null,"seo_analyzer_scan_date":"2026-06-02 10:32:48","breadcrumb_settings":null,"limit_modified_date":false,"open_ai":null,"ai":null,"created":"2020-11-14 22:54:39","updated":"2026-06-02 10:32:48","focus_keyword":null,"additional_keywords":null,"truseo_locale":null},"aioseo_breadcrumb":"<div class=\"aioseo-breadcrumbs\"><span class=\"aioseo-breadcrumb\">\n\t<a href=\"https:\/\/www.eldigitaldeasturias.com\/noticias\" title=\"Home\">Home<\/a>\n<\/span><span class=\"aioseo-breadcrumb-separator\">\u2013<\/span><span class=\"aioseo-breadcrumb\">\n\t<a href=\"https:\/\/www.eldigitaldeasturias.com\/noticias\/category\/actualidad\/\" title=\"Actualidad\">Actualidad<\/a>\n<\/span><span class=\"aioseo-breadcrumb-separator\">\u2013<\/span><span class=\"aioseo-breadcrumb\">\n\t<a href=\"https:\/\/www.eldigitaldeasturias.com\/noticias\/soria-apunta-que-el-nuevo-sistema-contribuira-a-reducir-los-costes-electricos\/\" title=\"Soria apunta que el nuevo sistema contribuir\u00e1 a reducir los costes el\u00e9ctricos\">Soria apunta que el nuevo sistema contribuir\u00e1 a reducir los costes el\u00e9ctricos<\/a>\n<\/span><\/div>","aioseo_breadcrumb_json":[{"label":"Home","link":"https:\/\/www.eldigitaldeasturias.com\/noticias"},{"label":"Actualidad","link":"https:\/\/www.eldigitaldeasturias.com\/noticias\/category\/actualidad\/"},{"label":"Soria apunta que el nuevo sistema contribuir\u00e1 a reducir los costes el\u00e9ctricos","link":"https:\/\/www.eldigitaldeasturias.com\/noticias\/soria-apunta-que-el-nuevo-sistema-contribuira-a-reducir-los-costes-electricos\/"}],"_links":{"self":[{"href":"https:\/\/www.eldigitaldeasturias.com\/noticias\/wp-json\/wp\/v2\/posts\/482667","targetHints":{"allow":["GET"]}}],"collection":[{"href":"https:\/\/www.eldigitaldeasturias.com\/noticias\/wp-json\/wp\/v2\/posts"}],"about":[{"href":"https:\/\/www.eldigitaldeasturias.com\/noticias\/wp-json\/wp\/v2\/types\/post"}],"author":[{"embeddable":true,"href":"https:\/\/www.eldigitaldeasturias.com\/noticias\/wp-json\/wp\/v2\/users\/1"}],"replies":[{"embeddable":true,"href":"https:\/\/www.eldigitaldeasturias.com\/noticias\/wp-json\/wp\/v2\/comments?post=482667"}],"version-history":[{"count":0,"href":"https:\/\/www.eldigitaldeasturias.com\/noticias\/wp-json\/wp\/v2\/posts\/482667\/revisions"}],"wp:attachment":[{"href":"https:\/\/www.eldigitaldeasturias.com\/noticias\/wp-json\/wp\/v2\/media?parent=482667"}],"wp:term":[{"taxonomy":"category","embeddable":true,"href":"https:\/\/www.eldigitaldeasturias.com\/noticias\/wp-json\/wp\/v2\/categories?post=482667"},{"taxonomy":"post_tag","embeddable":true,"href":"https:\/\/www.eldigitaldeasturias.com\/noticias\/wp-json\/wp\/v2\/tags?post=482667"}],"curies":[{"name":"wp","href":"https:\/\/api.w.org\/{rel}","templated":true}]}}