{"id":482621,"date":"2014-02-03T16:28:22","date_gmt":"2014-02-03T17:28:22","guid":{"rendered":"http:\/\/www.eldigitaldeasturias.com\/noticias\/?p=482621"},"modified":"2014-02-03T16:28:22","modified_gmt":"2014-02-03T17:28:22","slug":"la-deuda-de-las-familias-vuelve-a-caer-en-diciembre-al-menor-nivel-desde-2007","status":"publish","type":"post","link":"https:\/\/www.eldigitaldeasturias.com\/noticias\/la-deuda-de-las-familias-vuelve-a-caer-en-diciembre-al-menor-nivel-desde-2007\/","title":{"rendered":"La deuda de las familias vuelve a caer en diciembre al menor nivel desde 2007"},"content":{"rendered":"<p><img loading=\"lazy\" decoding=\"async\" class=\"alignleft size-medium wp-image-482622\" alt=\"5902857w\" src=\"https:\/\/www.eldigitaldeasturias.com\/noticias\/wp-content\/uploads\/2014\/02\/5902857w-360x242.jpg\" width=\"360\" height=\"242\" \/>Madrid, 3 feb (EFE).- La deuda de las familias espa\u00f1olas se redujo de nuevo en diciembre tras un ligero repunte en noviembre y se situ\u00f3 en 787.393 millones de euros, su nivel m\u00e1s bajo desde enero de 2007, antes del inicio de la crisis, seg\u00fan los datos publicados hoy por el Banco de Espa\u00f1a.<\/p>\n<p>Desde noviembre la deuda de las familias espa\u00f1olas con los bancos se ha reducido un 1,2 %, en tanto que desde el a\u00f1o anterior el descenso ha sido del 5,5 %.<\/p>\n<p>La deuda de las familias repunt\u00f3 en noviembre por primera vez en cuatro meses, pero se trat\u00f3 entonces de un cambio puntual y no de un giro en la tendencia, que mantiene cerrado el grifo del cr\u00e9dito a particulares y empresas.<\/p>\n<p>Con peque\u00f1as oscilaciones, la deuda de las familias se mantiene en sus niveles m\u00e1s bajos desde antes del inicio de la crisis, en 2007.<\/p>\n<p>Tambi\u00e9n el volumen de deuda de las sociedades no financieras, las empresas, cay\u00f3 en diciembre, en l\u00ednea con la tendencia que ha seguido en los \u00faltimos a\u00f1os; la deuda de las empresas era al finalizar el mes de 1,072 billones de euros, el 1,33 % menos que en noviembre y el 6 % menos que un a\u00f1o antes.<\/p>\n<p>Por lo que respecta a la deuda de las familias, en diciembre se redujeron tanto los pr\u00e9stamos para la compra de vivienda como aquellos destinados a otros fines, lo que se conoce como cr\u00e9ditos al consumo.<\/p>\n<p>El volumen de pr\u00e9stamos para la compra de vivienda era al cierre de diciembre de 611.521 millones de euros, frente a los 615.521 millones del mes anterior; un a\u00f1o antes, esa cantidad alcanzaba 641.948 millones de euros, el 4,7 % m\u00e1s.<\/p>\n<p>Los cr\u00e9ditos al consumo alcanzaron en diciembre 172.853 millones de euros, el 3,3, % menos que en noviembre y el 8,5 % menos que un a\u00f1o antes.<\/p>\n","protected":false},"excerpt":{"rendered":"<p>Madrid, 3 feb (EFE).- La deuda de las familias espa\u00f1olas se redujo de nuevo en diciembre tras un ligero repunte en noviembre y se situ\u00f3 en 787.393 millones de euros, su nivel m\u00e1s bajo desde enero de 2007, antes del inicio de la crisis, seg\u00fan los datos publicados hoy por el Banco de Espa\u00f1a. Desde [&hellip;]<\/p>\n","protected":false},"author":1,"featured_media":482622,"comment_status":"closed","ping_status":"open","sticky":false,"template":"","format":"standard","meta":{"footnotes":""},"categories":[1],"tags":[],"class_list":["post-482621","post","type-post","status-publish","format-standard","has-post-thumbnail","hentry","category-actualidad"],"aioseo_notices":[],"aioseo_head":"\n\t\t<!-- All in One SEO Pro 5.0.1 - aioseo.com -->\n\t<meta name=\"description\" content=\"Madrid, 3 feb (EFE).- La deuda de las familias espa\u00f1olas se redujo de nuevo en diciembre tras un ligero repunte en noviembre y se situ\u00f3 en 787.393 millones de euros, su nivel m\u00e1s bajo desde enero de 2007, antes del inicio de la crisis, seg\u00fan los datos publicados hoy por el Banco de Espa\u00f1a. Desde\" \/>\n\t<meta name=\"robots\" content=\"max-image-preview:large\" \/>\n\t<meta name=\"author\" content=\"El Digital de Asturias\"\/>\n\t<meta name=\"google-site-verification\" content=\"UA-38556648-1\" \/>\n\t<meta name=\"msvalidate.01\" content=\"7dfe9f3f1b24437ab69f4f2559babe99\" \/>\n\t<meta name=\"keywords\" content=\"actualidad\" \/>\n\t<link rel=\"canonical\" href=\"https:\/\/www.eldigitaldeasturias.com\/noticias\/la-deuda-de-las-familias-vuelve-a-caer-en-diciembre-al-menor-nivel-desde-2007\/\" \/>\n\t<meta name=\"generator\" content=\"All in One SEO Pro (AIOSEO) 5.0.1\" \/>\n\t\t<meta property=\"og:locale\" content=\"es_ES\" \/>\n\t\t<meta property=\"og:site_name\" content=\"El Digital de Asturias\" \/>\n\t\t<meta property=\"og:type\" content=\"article\" \/>\n\t\t<meta property=\"og:title\" content=\"La deuda de las familias vuelve a caer en diciembre al menor nivel desde 2007 - El Digital de Asturias\" \/>\n\t\t<meta property=\"og:description\" content=\"Madrid, 3 feb (EFE).- La deuda de las familias espa\u00f1olas se redujo de nuevo en diciembre tras un ligero repunte en noviembre y se situ\u00f3 en 787.393 millones de euros, su nivel m\u00e1s bajo desde enero de 2007, antes del inicio de la crisis, seg\u00fan los datos publicados hoy por el Banco de Espa\u00f1a. Desde\" \/>\n\t\t<meta property=\"og:url\" content=\"https:\/\/www.eldigitaldeasturias.com\/noticias\/la-deuda-de-las-familias-vuelve-a-caer-en-diciembre-al-menor-nivel-desde-2007\/\" \/>\n\t\t<meta property=\"article:tag\" content=\"actualidad\" \/>\n\t\t<meta property=\"article:published_time\" content=\"2014-02-03T17:28:22+00:00\" \/>\n\t\t<meta property=\"article:modified_time\" content=\"2014-02-03T17:28:22+00:00\" \/>\n\t\t<meta property=\"article:publisher\" content=\"https:\/\/facebook.com\/eldigitaldeasturias\" \/>\n\t\t<meta name=\"twitter:card\" content=\"summary_large_image\" \/>\n\t\t<meta name=\"twitter:title\" content=\"La deuda de las familias vuelve a caer en diciembre al menor nivel desde 2007 - El Digital de Asturias\" \/>\n\t\t<meta name=\"twitter:description\" content=\"Madrid, 3 feb (EFE).- La deuda de las familias espa\u00f1olas se redujo de nuevo en diciembre tras un ligero repunte en noviembre y se situ\u00f3 en 787.393 millones de euros, su nivel m\u00e1s bajo desde enero de 2007, antes del inicio de la crisis, seg\u00fan los datos publicados hoy por el Banco de Espa\u00f1a. Desde\" \/>\n\t\t<meta name=\"twitter:label1\" content=\"Escrito por\" \/>\n\t\t<meta name=\"twitter:data1\" content=\"El Digital de Asturias\" \/>\n\t\t<meta name=\"twitter:label2\" content=\"Tiempo de lectura estimado\" \/>\n\t\t<meta name=\"twitter:data2\" content=\"2 minutos\" \/>\n\t\t<script type=\"application\/ld+json\" class=\"aioseo-schema\">\n\t\t\t{\"@context\":\"https:\\\/\\\/schema.org\",\"@graph\":[{\"@type\":\"BlogPosting\",\"@id\":\"https:\\\/\\\/www.eldigitaldeasturias.com\\\/noticias\\\/la-deuda-de-las-familias-vuelve-a-caer-en-diciembre-al-menor-nivel-desde-2007\\\/#blogposting\",\"name\":\"La deuda de las familias vuelve a caer en diciembre al menor nivel desde 2007 - El Digital de Asturias\",\"headline\":\"La deuda de las familias vuelve a caer en diciembre al menor nivel desde 2007\",\"author\":{\"@id\":\"https:\\\/\\\/www.eldigitaldeasturias.com\\\/noticias\\\/author\\\/admin\\\/#author\"},\"publisher\":{\"@id\":\"https:\\\/\\\/www.eldigitaldeasturias.com\\\/noticias\\\/#organization\"},\"image\":{\"@type\":\"ImageObject\",\"url\":482622},\"datePublished\":\"2014-02-03T16:28:22+01:00\",\"dateModified\":\"2014-02-03T16:28:22+01:00\",\"inLanguage\":\"es-ES\",\"mainEntityOfPage\":{\"@id\":\"https:\\\/\\\/www.eldigitaldeasturias.com\\\/noticias\\\/la-deuda-de-las-familias-vuelve-a-caer-en-diciembre-al-menor-nivel-desde-2007\\\/#webpage\"},\"isPartOf\":{\"@id\":\"https:\\\/\\\/www.eldigitaldeasturias.com\\\/noticias\\\/la-deuda-de-las-familias-vuelve-a-caer-en-diciembre-al-menor-nivel-desde-2007\\\/#webpage\"},\"articleSection\":\"Actualidad\"},{\"@type\":\"BreadcrumbList\",\"@id\":\"https:\\\/\\\/www.eldigitaldeasturias.com\\\/noticias\\\/la-deuda-de-las-familias-vuelve-a-caer-en-diciembre-al-menor-nivel-desde-2007\\\/#breadcrumblist\",\"itemListElement\":[{\"@type\":\"ListItem\",\"@id\":\"https:\\\/\\\/www.eldigitaldeasturias.com\\\/noticias#listItem\",\"position\":1,\"name\":\"Home\",\"item\":\"https:\\\/\\\/www.eldigitaldeasturias.com\\\/noticias\",\"nextItem\":{\"@type\":\"ListItem\",\"@id\":\"https:\\\/\\\/www.eldigitaldeasturias.com\\\/noticias\\\/category\\\/actualidad\\\/#listItem\",\"name\":\"Actualidad\"}},{\"@type\":\"ListItem\",\"@id\":\"https:\\\/\\\/www.eldigitaldeasturias.com\\\/noticias\\\/category\\\/actualidad\\\/#listItem\",\"position\":2,\"name\":\"Actualidad\",\"item\":\"https:\\\/\\\/www.eldigitaldeasturias.com\\\/noticias\\\/category\\\/actualidad\\\/\",\"nextItem\":{\"@type\":\"ListItem\",\"@id\":\"https:\\\/\\\/www.eldigitaldeasturias.com\\\/noticias\\\/la-deuda-de-las-familias-vuelve-a-caer-en-diciembre-al-menor-nivel-desde-2007\\\/#listItem\",\"name\":\"La deuda de las familias vuelve a caer en diciembre al menor nivel desde 2007\"},\"previousItem\":{\"@type\":\"ListItem\",\"@id\":\"https:\\\/\\\/www.eldigitaldeasturias.com\\\/noticias#listItem\",\"name\":\"Home\"}},{\"@type\":\"ListItem\",\"@id\":\"https:\\\/\\\/www.eldigitaldeasturias.com\\\/noticias\\\/la-deuda-de-las-familias-vuelve-a-caer-en-diciembre-al-menor-nivel-desde-2007\\\/#listItem\",\"position\":3,\"name\":\"La deuda de las familias vuelve a caer en diciembre al menor nivel desde 2007\",\"previousItem\":{\"@type\":\"ListItem\",\"@id\":\"https:\\\/\\\/www.eldigitaldeasturias.com\\\/noticias\\\/category\\\/actualidad\\\/#listItem\",\"name\":\"Actualidad\"}}]},{\"@type\":\"Organization\",\"@id\":\"https:\\\/\\\/www.eldigitaldeasturias.com\\\/noticias\\\/#organization\",\"name\":\"El Digital de Asturias\",\"description\":\"Hemeroteca\",\"url\":\"https:\\\/\\\/www.eldigitaldeasturias.com\\\/noticias\\\/\",\"email\":\"info@eldigitaldeasturias.com\",\"telephone\":\"+34652131393\",\"logo\":{\"@type\":\"ImageObject\",\"url\":\"https:\\\/\\\/www.eldigitaldeasturias.com\\\/noticias\\\/wp-content\\\/uploads\\\/2020\\\/12\\\/EDA.jpg\",\"@id\":\"https:\\\/\\\/www.eldigitaldeasturias.com\\\/noticias\\\/la-deuda-de-las-familias-vuelve-a-caer-en-diciembre-al-menor-nivel-desde-2007\\\/#organizationLogo\"},\"image\":{\"@id\":\"https:\\\/\\\/www.eldigitaldeasturias.com\\\/noticias\\\/la-deuda-de-las-familias-vuelve-a-caer-en-diciembre-al-menor-nivel-desde-2007\\\/#organizationLogo\"},\"sameAs\":[\"https:\\\/\\\/facebook.com\\\/eldigitaldeasturias\",\"https:\\\/\\\/www.youtube.com\\\/channel\\\/UCZP-2wLEB9Rv6erhFmqVnvg\"],\"address\":{\"@id\":\"https:\\\/\\\/www.eldigitaldeasturias.com\\\/noticias\\\/#postaladdress\",\"@type\":\"PostalAddress\",\"streetAddress\":\"san antonio 4\",\"postalCode\":\"33430\",\"addressLocality\":\"Cand\\u00e1s\",\"addressRegion\":\"Asturias\",\"addressCountry\":\"ES\"}},{\"@type\":\"Person\",\"@id\":\"https:\\\/\\\/www.eldigitaldeasturias.com\\\/noticias\\\/author\\\/admin\\\/#author\",\"url\":\"https:\\\/\\\/www.eldigitaldeasturias.com\\\/noticias\\\/author\\\/admin\\\/\",\"name\":\"El Digital de Asturias\",\"image\":{\"@type\":\"ImageObject\",\"@id\":\"https:\\\/\\\/www.eldigitaldeasturias.com\\\/noticias\\\/la-deuda-de-las-familias-vuelve-a-caer-en-diciembre-al-menor-nivel-desde-2007\\\/#authorImage\",\"url\":\"https:\\\/\\\/secure.gravatar.com\\\/avatar\\\/df2aeffc32bcd13f8d26072ef8a91b623d677766deac7f97ca815868cd41bf5e?s=96&d=mm&r=g\",\"width\":96,\"height\":96,\"caption\":\"El Digital de Asturias\"}},{\"@type\":\"WebPage\",\"@id\":\"https:\\\/\\\/www.eldigitaldeasturias.com\\\/noticias\\\/la-deuda-de-las-familias-vuelve-a-caer-en-diciembre-al-menor-nivel-desde-2007\\\/#webpage\",\"url\":\"https:\\\/\\\/www.eldigitaldeasturias.com\\\/noticias\\\/la-deuda-de-las-familias-vuelve-a-caer-en-diciembre-al-menor-nivel-desde-2007\\\/\",\"name\":\"La deuda de las familias vuelve a caer en diciembre al menor nivel desde 2007 - El Digital de Asturias\",\"description\":\"Madrid, 3 feb (EFE).- La deuda de las familias espa\\u00f1olas se redujo de nuevo en diciembre tras un ligero repunte en noviembre y se situ\\u00f3 en 787.393 millones de euros, su nivel m\\u00e1s bajo desde enero de 2007, antes del inicio de la crisis, seg\\u00fan los datos publicados hoy por el Banco de Espa\\u00f1a. Desde\",\"inLanguage\":\"es-ES\",\"isPartOf\":{\"@id\":\"https:\\\/\\\/www.eldigitaldeasturias.com\\\/noticias\\\/#website\"},\"breadcrumb\":{\"@id\":\"https:\\\/\\\/www.eldigitaldeasturias.com\\\/noticias\\\/la-deuda-de-las-familias-vuelve-a-caer-en-diciembre-al-menor-nivel-desde-2007\\\/#breadcrumblist\"},\"author\":{\"@id\":\"https:\\\/\\\/www.eldigitaldeasturias.com\\\/noticias\\\/author\\\/admin\\\/#author\"},\"creator\":{\"@id\":\"https:\\\/\\\/www.eldigitaldeasturias.com\\\/noticias\\\/author\\\/admin\\\/#author\"},\"image\":{\"@type\":\"ImageObject\",\"url\":482622,\"@id\":\"https:\\\/\\\/www.eldigitaldeasturias.com\\\/noticias\\\/la-deuda-de-las-familias-vuelve-a-caer-en-diciembre-al-menor-nivel-desde-2007\\\/#mainImage\"},\"primaryImageOfPage\":{\"@id\":\"https:\\\/\\\/www.eldigitaldeasturias.com\\\/noticias\\\/la-deuda-de-las-familias-vuelve-a-caer-en-diciembre-al-menor-nivel-desde-2007\\\/#mainImage\"},\"datePublished\":\"2014-02-03T16:28:22+01:00\",\"dateModified\":\"2014-02-03T16:28:22+01:00\"},{\"@type\":\"WebSite\",\"@id\":\"https:\\\/\\\/www.eldigitaldeasturias.com\\\/noticias\\\/#website\",\"url\":\"https:\\\/\\\/www.eldigitaldeasturias.com\\\/noticias\\\/\",\"name\":\"El Digital de Asturias - Diario de actualidad y noticias\",\"alternateName\":\"El Digital de Asturias - Diario de actualidad y noticias\",\"description\":\"Hemeroteca\",\"inLanguage\":\"es-ES\",\"publisher\":{\"@id\":\"https:\\\/\\\/www.eldigitaldeasturias.com\\\/noticias\\\/#organization\"}}]}\n\t\t<\/script>\n\t\t<!-- All in One SEO Pro -->\r\n\t\t<title>La deuda de las familias vuelve a caer en diciembre al menor nivel desde 2007 - El Digital de Asturias<\/title>\n\n","aioseo_head_json":{"title":"La deuda de las familias vuelve a caer en diciembre al menor nivel desde 2007 - El Digital de Asturias","description":"Madrid, 3 feb (EFE).- La deuda de las familias espa\u00f1olas se redujo de nuevo en diciembre tras un ligero repunte en noviembre y se situ\u00f3 en 787.393 millones de euros, su nivel m\u00e1s bajo desde enero de 2007, antes del inicio de la crisis, seg\u00fan los datos publicados hoy por el Banco de Espa\u00f1a. Desde","canonical_url":"https:\/\/www.eldigitaldeasturias.com\/noticias\/la-deuda-de-las-familias-vuelve-a-caer-en-diciembre-al-menor-nivel-desde-2007\/","robots":"max-image-preview:large","keywords":"actualidad","webmasterTools":{"google-site-verification":"UA-38556648-1","msvalidate.01":"7dfe9f3f1b24437ab69f4f2559babe99","miscellaneous":""},"schema":{"@context":"https:\/\/schema.org","@graph":[{"@type":"BlogPosting","@id":"https:\/\/www.eldigitaldeasturias.com\/noticias\/la-deuda-de-las-familias-vuelve-a-caer-en-diciembre-al-menor-nivel-desde-2007\/#blogposting","name":"La deuda de las familias vuelve a caer en diciembre al menor nivel desde 2007 - El Digital de Asturias","headline":"La deuda de las familias vuelve a caer en diciembre al menor nivel desde 2007","author":{"@id":"https:\/\/www.eldigitaldeasturias.com\/noticias\/author\/admin\/#author"},"publisher":{"@id":"https:\/\/www.eldigitaldeasturias.com\/noticias\/#organization"},"image":{"@type":"ImageObject","url":482622},"datePublished":"2014-02-03T16:28:22+01:00","dateModified":"2014-02-03T16:28:22+01:00","inLanguage":"es-ES","mainEntityOfPage":{"@id":"https:\/\/www.eldigitaldeasturias.com\/noticias\/la-deuda-de-las-familias-vuelve-a-caer-en-diciembre-al-menor-nivel-desde-2007\/#webpage"},"isPartOf":{"@id":"https:\/\/www.eldigitaldeasturias.com\/noticias\/la-deuda-de-las-familias-vuelve-a-caer-en-diciembre-al-menor-nivel-desde-2007\/#webpage"},"articleSection":"Actualidad"},{"@type":"BreadcrumbList","@id":"https:\/\/www.eldigitaldeasturias.com\/noticias\/la-deuda-de-las-familias-vuelve-a-caer-en-diciembre-al-menor-nivel-desde-2007\/#breadcrumblist","itemListElement":[{"@type":"ListItem","@id":"https:\/\/www.eldigitaldeasturias.com\/noticias#listItem","position":1,"name":"Home","item":"https:\/\/www.eldigitaldeasturias.com\/noticias","nextItem":{"@type":"ListItem","@id":"https:\/\/www.eldigitaldeasturias.com\/noticias\/category\/actualidad\/#listItem","name":"Actualidad"}},{"@type":"ListItem","@id":"https:\/\/www.eldigitaldeasturias.com\/noticias\/category\/actualidad\/#listItem","position":2,"name":"Actualidad","item":"https:\/\/www.eldigitaldeasturias.com\/noticias\/category\/actualidad\/","nextItem":{"@type":"ListItem","@id":"https:\/\/www.eldigitaldeasturias.com\/noticias\/la-deuda-de-las-familias-vuelve-a-caer-en-diciembre-al-menor-nivel-desde-2007\/#listItem","name":"La deuda de las familias vuelve a caer en diciembre al menor nivel desde 2007"},"previousItem":{"@type":"ListItem","@id":"https:\/\/www.eldigitaldeasturias.com\/noticias#listItem","name":"Home"}},{"@type":"ListItem","@id":"https:\/\/www.eldigitaldeasturias.com\/noticias\/la-deuda-de-las-familias-vuelve-a-caer-en-diciembre-al-menor-nivel-desde-2007\/#listItem","position":3,"name":"La deuda de las familias vuelve a caer en diciembre al menor nivel desde 2007","previousItem":{"@type":"ListItem","@id":"https:\/\/www.eldigitaldeasturias.com\/noticias\/category\/actualidad\/#listItem","name":"Actualidad"}}]},{"@type":"Organization","@id":"https:\/\/www.eldigitaldeasturias.com\/noticias\/#organization","name":"El Digital de Asturias","description":"Hemeroteca","url":"https:\/\/www.eldigitaldeasturias.com\/noticias\/","email":"info@eldigitaldeasturias.com","telephone":"+34652131393","logo":{"@type":"ImageObject","url":"https:\/\/www.eldigitaldeasturias.com\/noticias\/wp-content\/uploads\/2020\/12\/EDA.jpg","@id":"https:\/\/www.eldigitaldeasturias.com\/noticias\/la-deuda-de-las-familias-vuelve-a-caer-en-diciembre-al-menor-nivel-desde-2007\/#organizationLogo"},"image":{"@id":"https:\/\/www.eldigitaldeasturias.com\/noticias\/la-deuda-de-las-familias-vuelve-a-caer-en-diciembre-al-menor-nivel-desde-2007\/#organizationLogo"},"sameAs":["https:\/\/facebook.com\/eldigitaldeasturias","https:\/\/www.youtube.com\/channel\/UCZP-2wLEB9Rv6erhFmqVnvg"],"address":{"@id":"https:\/\/www.eldigitaldeasturias.com\/noticias\/#postaladdress","@type":"PostalAddress","streetAddress":"san antonio 4","postalCode":"33430","addressLocality":"Cand\u00e1s","addressRegion":"Asturias","addressCountry":"ES"}},{"@type":"Person","@id":"https:\/\/www.eldigitaldeasturias.com\/noticias\/author\/admin\/#author","url":"https:\/\/www.eldigitaldeasturias.com\/noticias\/author\/admin\/","name":"El Digital de Asturias","image":{"@type":"ImageObject","@id":"https:\/\/www.eldigitaldeasturias.com\/noticias\/la-deuda-de-las-familias-vuelve-a-caer-en-diciembre-al-menor-nivel-desde-2007\/#authorImage","url":"https:\/\/secure.gravatar.com\/avatar\/df2aeffc32bcd13f8d26072ef8a91b623d677766deac7f97ca815868cd41bf5e?s=96&d=mm&r=g","width":96,"height":96,"caption":"El Digital de Asturias"}},{"@type":"WebPage","@id":"https:\/\/www.eldigitaldeasturias.com\/noticias\/la-deuda-de-las-familias-vuelve-a-caer-en-diciembre-al-menor-nivel-desde-2007\/#webpage","url":"https:\/\/www.eldigitaldeasturias.com\/noticias\/la-deuda-de-las-familias-vuelve-a-caer-en-diciembre-al-menor-nivel-desde-2007\/","name":"La deuda de las familias vuelve a caer en diciembre al menor nivel desde 2007 - El Digital de Asturias","description":"Madrid, 3 feb (EFE).- La deuda de las familias espa\u00f1olas se redujo de nuevo en diciembre tras un ligero repunte en noviembre y se situ\u00f3 en 787.393 millones de euros, su nivel m\u00e1s bajo desde enero de 2007, antes del inicio de la crisis, seg\u00fan los datos publicados hoy por el Banco de Espa\u00f1a. Desde","inLanguage":"es-ES","isPartOf":{"@id":"https:\/\/www.eldigitaldeasturias.com\/noticias\/#website"},"breadcrumb":{"@id":"https:\/\/www.eldigitaldeasturias.com\/noticias\/la-deuda-de-las-familias-vuelve-a-caer-en-diciembre-al-menor-nivel-desde-2007\/#breadcrumblist"},"author":{"@id":"https:\/\/www.eldigitaldeasturias.com\/noticias\/author\/admin\/#author"},"creator":{"@id":"https:\/\/www.eldigitaldeasturias.com\/noticias\/author\/admin\/#author"},"image":{"@type":"ImageObject","url":482622,"@id":"https:\/\/www.eldigitaldeasturias.com\/noticias\/la-deuda-de-las-familias-vuelve-a-caer-en-diciembre-al-menor-nivel-desde-2007\/#mainImage"},"primaryImageOfPage":{"@id":"https:\/\/www.eldigitaldeasturias.com\/noticias\/la-deuda-de-las-familias-vuelve-a-caer-en-diciembre-al-menor-nivel-desde-2007\/#mainImage"},"datePublished":"2014-02-03T16:28:22+01:00","dateModified":"2014-02-03T16:28:22+01:00"},{"@type":"WebSite","@id":"https:\/\/www.eldigitaldeasturias.com\/noticias\/#website","url":"https:\/\/www.eldigitaldeasturias.com\/noticias\/","name":"El Digital de Asturias - Diario de actualidad y noticias","alternateName":"El Digital de Asturias - Diario de actualidad y noticias","description":"Hemeroteca","inLanguage":"es-ES","publisher":{"@id":"https:\/\/www.eldigitaldeasturias.com\/noticias\/#organization"}}]},"og:locale":"es_ES","og:site_name":"El Digital de Asturias","og:type":"article","og:title":"La deuda de las familias vuelve a caer en diciembre al menor nivel desde 2007 - El Digital de Asturias","og:description":"Madrid, 3 feb (EFE).- La deuda de las familias espa\u00f1olas se redujo de nuevo en diciembre tras un ligero repunte en noviembre y se situ\u00f3 en 787.393 millones de euros, su nivel m\u00e1s bajo desde enero de 2007, antes del inicio de la crisis, seg\u00fan los datos publicados hoy por el Banco de Espa\u00f1a. Desde","og:url":"https:\/\/www.eldigitaldeasturias.com\/noticias\/la-deuda-de-las-familias-vuelve-a-caer-en-diciembre-al-menor-nivel-desde-2007\/","article:tag":["actualidad"],"article:published_time":"2014-02-03T17:28:22+00:00","article:modified_time":"2014-02-03T17:28:22+00:00","article:publisher":"https:\/\/facebook.com\/eldigitaldeasturias","twitter:card":"summary_large_image","twitter:title":"La deuda de las familias vuelve a caer en diciembre al menor nivel desde 2007 - El Digital de Asturias","twitter:description":"Madrid, 3 feb (EFE).- La deuda de las familias espa\u00f1olas se redujo de nuevo en diciembre tras un ligero repunte en noviembre y se situ\u00f3 en 787.393 millones de euros, su nivel m\u00e1s bajo desde enero de 2007, antes del inicio de la crisis, seg\u00fan los datos publicados hoy por el Banco de Espa\u00f1a. Desde","twitter:label1":"Escrito por","twitter:data1":"El Digital de Asturias","twitter:label2":"Tiempo de lectura estimado","twitter:data2":"2 minutos"},"aioseo_meta_data":{"post_id":"482621","title":null,"description":null,"keywords":null,"keyphrases":null,"primary_term":null,"canonical_url":null,"og_title":null,"og_description":null,"og_object_type":"default","og_image_type":"default","og_image_url":null,"og_image_width":null,"og_image_height":null,"og_image_custom_url":null,"og_image_custom_fields":null,"og_video":null,"og_custom_url":null,"og_article_section":null,"og_article_tags":null,"twitter_use_og":true,"twitter_card":"default","twitter_image_type":"default","twitter_image_url":null,"twitter_image_custom_url":null,"twitter_image_custom_fields":null,"twitter_title":null,"twitter_description":null,"schema":{"blockGraphs":[],"customGraphs":[],"default":{"data":{"Article":[],"Course":[],"Dataset":[],"FAQPage":[],"Movie":[],"Person":[],"Product":[],"ProductReview":[],"Car":[],"Recipe":[],"Service":[],"SoftwareApplication":[],"WebPage":[]},"graphName":"","isEnabled":true},"graphs":[],"defaultGraph":"","defaultPostTypeGraph":""},"schema_type":null,"schema_type_options":null,"pillar_content":false,"robots_default":true,"robots_noindex":false,"robots_noarchive":false,"robots_nosnippet":false,"robots_nofollow":false,"robots_noimageindex":false,"robots_noodp":false,"robots_notranslate":false,"robots_max_snippet":null,"robots_max_videopreview":null,"robots_max_imagepreview":"none","priority":null,"frequency":null,"local_seo":null,"seo_analyzer_scan_date":"2026-06-02 10:24:56","breadcrumb_settings":null,"limit_modified_date":false,"open_ai":null,"ai":null,"created":"2020-11-14 22:54:37","updated":"2026-06-02 10:24:56","focus_keyword":null,"additional_keywords":null,"truseo_locale":null},"aioseo_breadcrumb":"<div class=\"aioseo-breadcrumbs\"><span class=\"aioseo-breadcrumb\">\n\t<a href=\"https:\/\/www.eldigitaldeasturias.com\/noticias\" title=\"Home\">Home<\/a>\n<\/span><span class=\"aioseo-breadcrumb-separator\">\u2013<\/span><span class=\"aioseo-breadcrumb\">\n\t<a href=\"https:\/\/www.eldigitaldeasturias.com\/noticias\/category\/actualidad\/\" title=\"Actualidad\">Actualidad<\/a>\n<\/span><span class=\"aioseo-breadcrumb-separator\">\u2013<\/span><span class=\"aioseo-breadcrumb\">\n\t<a href=\"https:\/\/www.eldigitaldeasturias.com\/noticias\/la-deuda-de-las-familias-vuelve-a-caer-en-diciembre-al-menor-nivel-desde-2007\/\" title=\"La deuda de las familias vuelve a caer en diciembre al menor nivel desde 2007\">La deuda de las familias vuelve a caer en diciembre al menor nivel desde 2007<\/a>\n<\/span><\/div>","aioseo_breadcrumb_json":[{"label":"Home","link":"https:\/\/www.eldigitaldeasturias.com\/noticias"},{"label":"Actualidad","link":"https:\/\/www.eldigitaldeasturias.com\/noticias\/category\/actualidad\/"},{"label":"La deuda de las familias vuelve a caer en diciembre al menor nivel desde 2007","link":"https:\/\/www.eldigitaldeasturias.com\/noticias\/la-deuda-de-las-familias-vuelve-a-caer-en-diciembre-al-menor-nivel-desde-2007\/"}],"_links":{"self":[{"href":"https:\/\/www.eldigitaldeasturias.com\/noticias\/wp-json\/wp\/v2\/posts\/482621","targetHints":{"allow":["GET"]}}],"collection":[{"href":"https:\/\/www.eldigitaldeasturias.com\/noticias\/wp-json\/wp\/v2\/posts"}],"about":[{"href":"https:\/\/www.eldigitaldeasturias.com\/noticias\/wp-json\/wp\/v2\/types\/post"}],"author":[{"embeddable":true,"href":"https:\/\/www.eldigitaldeasturias.com\/noticias\/wp-json\/wp\/v2\/users\/1"}],"replies":[{"embeddable":true,"href":"https:\/\/www.eldigitaldeasturias.com\/noticias\/wp-json\/wp\/v2\/comments?post=482621"}],"version-history":[{"count":0,"href":"https:\/\/www.eldigitaldeasturias.com\/noticias\/wp-json\/wp\/v2\/posts\/482621\/revisions"}],"wp:attachment":[{"href":"https:\/\/www.eldigitaldeasturias.com\/noticias\/wp-json\/wp\/v2\/media?parent=482621"}],"wp:term":[{"taxonomy":"category","embeddable":true,"href":"https:\/\/www.eldigitaldeasturias.com\/noticias\/wp-json\/wp\/v2\/categories?post=482621"},{"taxonomy":"post_tag","embeddable":true,"href":"https:\/\/www.eldigitaldeasturias.com\/noticias\/wp-json\/wp\/v2\/tags?post=482621"}],"curies":[{"name":"wp","href":"https:\/\/api.w.org\/{rel}","templated":true}]}}