{"id":482609,"date":"2014-02-03T16:24:10","date_gmt":"2014-02-03T17:24:10","guid":{"rendered":"http:\/\/www.eldigitaldeasturias.com\/noticias\/?p=482609"},"modified":"2014-02-03T16:24:10","modified_gmt":"2014-02-03T17:24:10","slug":"la-confianza-del-consumidor-repunta-en-enero-tras-la-caida-de-diciembre","status":"publish","type":"post","link":"https:\/\/www.eldigitaldeasturias.com\/noticias\/la-confianza-del-consumidor-repunta-en-enero-tras-la-caida-de-diciembre\/","title":{"rendered":"La confianza del consumidor repunta en enero tras la ca\u00edda de diciembre"},"content":{"rendered":"<p><img loading=\"lazy\" decoding=\"async\" class=\"alignleft size-medium wp-image-482610\" alt=\"5902922wconsumo\" src=\"https:\/\/www.eldigitaldeasturias.com\/noticias\/wp-content\/uploads\/2014\/02\/5902922w-360x239.jpg\" width=\"360\" height=\"239\" \/>Madrid, 3 feb (EFE).- La confianza de los consumidores ha vuelto a repuntar en enero respecto al descenso experimentado en diciembre de 2013, tanto por una mejora de la percepci\u00f3n de la situaci\u00f3n actual como por un incremento de las expectativas de futuro.<\/p>\n<p>El Indicador de Confianza del Consumidor (ICC) difundido hoy por el Centro de Investigaciones Sociol\u00f3gicas (CIS) se ha situado en 77,7 puntos, 6,7 puntos m\u00e1s que un mes antes y 22 puntos m\u00e1s que en enero de 2013.<\/p>\n<p>El indicador sigue estando por debajo de los 100 puntos que marcan el l\u00edmite entre una percepci\u00f3n favorable y optimista, y una negativa y pesimista, aunque cada mes se acerca m\u00e1s a este punto de equilibrio.<\/p>\n<p>Centr\u00e1ndose en la valoraci\u00f3n de la situaci\u00f3n actual, la confianza de los consumidores ha tenido una evoluci\u00f3n \u00abclaramente positiva\u00bb, como resultado de una mejor percepci\u00f3n general de la econom\u00eda y del mercado de trabajo, cuyos niveles se acercan a los registrados a finales de 2007 y principios de 2008.<\/p>\n<p>Tambi\u00e9n crece, aunque de manera m\u00e1s moderada, la percepci\u00f3n actual de la situaci\u00f3n de los hogares y se mantiene en valores similares a los observados durante 2011.<\/p>\n<p>El CIS indica que se ha detectado una evoluci\u00f3n claramente positiva desde los m\u00ednimos de confianza registrados en julio de 2012, al tiempo que se ha reducido la \u00abenorme brecha\u00bb que se hab\u00eda producido entre los distintos componentes del indicador desde finales de 2007.<\/p>\n<p>En cuanto a las expectativas de futuro, la evoluci\u00f3n es \u00abclaramente positiva\u00bb y con caracter\u00edsticas similares a las comentadas en cuanto a la situaci\u00f3n actual, con grandes crecimientos en cuanto al mercado de trabajo y a la situaci\u00f3n econ\u00f3mica general, y un aumento m\u00e1s moderado de la situaci\u00f3n de los hogares.<\/p>\n<p>Seg\u00fan el CIS, en enero vuelven a subir con claridad las expectativas de ahorro y consumo duradero, se mantiene una cierta confianza en la estabilidad de los tipos de inter\u00e9s y contin\u00faa existiendo una gran desconfianza respecto a la evoluci\u00f3n de los precios en el futuro.<\/p>\n<p>Seg\u00fan el sondeo que el CIS usa como base de este indicador, en enero ha disminuido el porcentaje de espa\u00f1oles (43,6 %) que cree que su situaci\u00f3n econ\u00f3mica actual es peor que hace seis meses, en tanto que el 48,9 % la ve igual y s\u00f3lo un 7 % dice que ha mejorado.<\/p>\n<p>Aquellos que creen que su situaci\u00f3n ha empeorado siguen se\u00f1alando como causas el alza continuada de precios, la disminuci\u00f3n de los ingresos familiares y la situaci\u00f3n de desempleo de alguno de los miembros del hogar.<\/p>\n<p>Mejora el porcentaje de quienes aseguran ahorrar \u00abun poco de dinero\u00bb a final de mes (29,6 %), se mantiene el de quienes llegan justo (42,4 %) y quienes tienen que echar mano de sus ahorros (15,7 %), en tanto que disminuye el de quienes se ven obligados a contraer deudas (7,9 %).<\/p>\n<p>La situaci\u00f3n del pa\u00eds sigue siendo peor percibida, aunque mejora respecto al mes pasado, ya que el 52,4 % cree que la econom\u00eda espa\u00f1ola ha empeorado en el \u00faltimo medio a\u00f1o, entre otras cosas porque una de cada cuatro personas sigue teniendo en su entorno a una o dos personas en paro y buscando trabajo.<\/p>\n<p>Sin embargo, el porcentaje de personas que cree que las posibilidades de encontrar un puesto de trabajo han empeorado es menor (52,5 %).<\/p>\n<p>El 52 % cree que su econom\u00eda dom\u00e9stica ser\u00e1 igual dentro de seis meses, frente al 26,3 % que opina que ir\u00e1 a peor, un porcentaje algo mayor que el mes anterior, en tanto que ha disminuido la cuota de quienes creen que ir\u00e1 a mejor (15,7 %).<\/p>\n<p>Respecto a la situaci\u00f3n econ\u00f3mica del pa\u00eds, ha disminuido el porcentaje de quienes consideran que ir\u00e1 a peor (38,7 %) y ha aumentado el de quienes consideran que mejorar\u00e1 (30,7 %).<\/p>\n<p>En lo referente a la vivienda, son mayor\u00eda quienes creen que los precios se mantendr\u00e1n (51 %) y son menos los que opinan que seguir\u00e1n bajando (30,4 %), mientras se mantiene similar el porcentaje (96,2 %) de quienes descartan comprar una vivienda a lo largo del pr\u00f3ximo a\u00f1o.<\/p>\n","protected":false},"excerpt":{"rendered":"<p>Madrid, 3 feb (EFE).- La confianza de los consumidores ha vuelto a repuntar en enero respecto al descenso experimentado en diciembre de 2013, tanto por una mejora de la percepci\u00f3n de la situaci\u00f3n actual como por un incremento de las expectativas de futuro. El Indicador de Confianza del Consumidor (ICC) difundido hoy por el Centro [&hellip;]<\/p>\n","protected":false},"author":1,"featured_media":482610,"comment_status":"closed","ping_status":"open","sticky":false,"template":"","format":"standard","meta":{"footnotes":""},"categories":[1],"tags":[],"class_list":["post-482609","post","type-post","status-publish","format-standard","has-post-thumbnail","hentry","category-actualidad"],"aioseo_notices":[],"aioseo_head":"\n\t\t<!-- All in One SEO Pro 5.0.1 - aioseo.com -->\n\t<meta name=\"description\" content=\"Madrid, 3 feb (EFE).- La confianza de los consumidores ha vuelto a repuntar en enero respecto al descenso experimentado en diciembre de 2013, tanto por una mejora de la percepci\u00f3n de la situaci\u00f3n actual como por un incremento de las expectativas de futuro. El Indicador de Confianza del Consumidor (ICC) difundido hoy por el Centro\" \/>\n\t<meta name=\"robots\" content=\"max-image-preview:large\" \/>\n\t<meta name=\"author\" content=\"El Digital de Asturias\"\/>\n\t<meta name=\"google-site-verification\" content=\"UA-38556648-1\" \/>\n\t<meta name=\"msvalidate.01\" content=\"7dfe9f3f1b24437ab69f4f2559babe99\" \/>\n\t<meta name=\"keywords\" content=\"actualidad\" \/>\n\t<link rel=\"canonical\" href=\"https:\/\/www.eldigitaldeasturias.com\/noticias\/la-confianza-del-consumidor-repunta-en-enero-tras-la-caida-de-diciembre\/\" \/>\n\t<meta name=\"generator\" content=\"All in One SEO Pro (AIOSEO) 5.0.1\" \/>\n\t\t<meta property=\"og:locale\" content=\"es_ES\" \/>\n\t\t<meta property=\"og:site_name\" content=\"El Digital de Asturias\" \/>\n\t\t<meta property=\"og:type\" content=\"article\" \/>\n\t\t<meta property=\"og:title\" content=\"La confianza del consumidor repunta en enero tras la ca\u00edda de diciembre - El Digital de Asturias\" \/>\n\t\t<meta property=\"og:description\" content=\"Madrid, 3 feb (EFE).- La confianza de los consumidores ha vuelto a repuntar en enero respecto al descenso experimentado en diciembre de 2013, tanto por una mejora de la percepci\u00f3n de la situaci\u00f3n actual como por un incremento de las expectativas de futuro. El Indicador de Confianza del Consumidor (ICC) difundido hoy por el Centro\" \/>\n\t\t<meta property=\"og:url\" content=\"https:\/\/www.eldigitaldeasturias.com\/noticias\/la-confianza-del-consumidor-repunta-en-enero-tras-la-caida-de-diciembre\/\" \/>\n\t\t<meta property=\"article:tag\" content=\"actualidad\" \/>\n\t\t<meta property=\"article:published_time\" content=\"2014-02-03T17:24:10+00:00\" \/>\n\t\t<meta property=\"article:modified_time\" content=\"2014-02-03T17:24:10+00:00\" \/>\n\t\t<meta property=\"article:publisher\" content=\"https:\/\/facebook.com\/eldigitaldeasturias\" \/>\n\t\t<meta name=\"twitter:card\" content=\"summary_large_image\" \/>\n\t\t<meta name=\"twitter:title\" content=\"La confianza del consumidor repunta en enero tras la ca\u00edda de diciembre - El Digital de Asturias\" \/>\n\t\t<meta name=\"twitter:description\" content=\"Madrid, 3 feb (EFE).- La confianza de los consumidores ha vuelto a repuntar en enero respecto al descenso experimentado en diciembre de 2013, tanto por una mejora de la percepci\u00f3n de la situaci\u00f3n actual como por un incremento de las expectativas de futuro. El Indicador de Confianza del Consumidor (ICC) difundido hoy por el Centro\" \/>\n\t\t<meta name=\"twitter:label1\" content=\"Escrito por\" \/>\n\t\t<meta name=\"twitter:data1\" content=\"El Digital de Asturias\" \/>\n\t\t<meta name=\"twitter:label2\" content=\"Tiempo de lectura estimado\" \/>\n\t\t<meta name=\"twitter:data2\" content=\"3 minutos\" \/>\n\t\t<script type=\"application\/ld+json\" class=\"aioseo-schema\">\n\t\t\t{\"@context\":\"https:\\\/\\\/schema.org\",\"@graph\":[{\"@type\":\"BlogPosting\",\"@id\":\"https:\\\/\\\/www.eldigitaldeasturias.com\\\/noticias\\\/la-confianza-del-consumidor-repunta-en-enero-tras-la-caida-de-diciembre\\\/#blogposting\",\"name\":\"La confianza del consumidor repunta en enero tras la ca\\u00edda de diciembre - El Digital de Asturias\",\"headline\":\"La confianza del consumidor repunta en enero tras la ca\\u00edda de diciembre\",\"author\":{\"@id\":\"https:\\\/\\\/www.eldigitaldeasturias.com\\\/noticias\\\/author\\\/admin\\\/#author\"},\"publisher\":{\"@id\":\"https:\\\/\\\/www.eldigitaldeasturias.com\\\/noticias\\\/#organization\"},\"image\":{\"@type\":\"ImageObject\",\"url\":482610},\"datePublished\":\"2014-02-03T16:24:10+01:00\",\"dateModified\":\"2014-02-03T16:24:10+01:00\",\"inLanguage\":\"es-ES\",\"mainEntityOfPage\":{\"@id\":\"https:\\\/\\\/www.eldigitaldeasturias.com\\\/noticias\\\/la-confianza-del-consumidor-repunta-en-enero-tras-la-caida-de-diciembre\\\/#webpage\"},\"isPartOf\":{\"@id\":\"https:\\\/\\\/www.eldigitaldeasturias.com\\\/noticias\\\/la-confianza-del-consumidor-repunta-en-enero-tras-la-caida-de-diciembre\\\/#webpage\"},\"articleSection\":\"Actualidad\"},{\"@type\":\"BreadcrumbList\",\"@id\":\"https:\\\/\\\/www.eldigitaldeasturias.com\\\/noticias\\\/la-confianza-del-consumidor-repunta-en-enero-tras-la-caida-de-diciembre\\\/#breadcrumblist\",\"itemListElement\":[{\"@type\":\"ListItem\",\"@id\":\"https:\\\/\\\/www.eldigitaldeasturias.com\\\/noticias#listItem\",\"position\":1,\"name\":\"Home\",\"item\":\"https:\\\/\\\/www.eldigitaldeasturias.com\\\/noticias\",\"nextItem\":{\"@type\":\"ListItem\",\"@id\":\"https:\\\/\\\/www.eldigitaldeasturias.com\\\/noticias\\\/category\\\/actualidad\\\/#listItem\",\"name\":\"Actualidad\"}},{\"@type\":\"ListItem\",\"@id\":\"https:\\\/\\\/www.eldigitaldeasturias.com\\\/noticias\\\/category\\\/actualidad\\\/#listItem\",\"position\":2,\"name\":\"Actualidad\",\"item\":\"https:\\\/\\\/www.eldigitaldeasturias.com\\\/noticias\\\/category\\\/actualidad\\\/\",\"nextItem\":{\"@type\":\"ListItem\",\"@id\":\"https:\\\/\\\/www.eldigitaldeasturias.com\\\/noticias\\\/la-confianza-del-consumidor-repunta-en-enero-tras-la-caida-de-diciembre\\\/#listItem\",\"name\":\"La confianza del consumidor repunta en enero tras la ca\\u00edda de diciembre\"},\"previousItem\":{\"@type\":\"ListItem\",\"@id\":\"https:\\\/\\\/www.eldigitaldeasturias.com\\\/noticias#listItem\",\"name\":\"Home\"}},{\"@type\":\"ListItem\",\"@id\":\"https:\\\/\\\/www.eldigitaldeasturias.com\\\/noticias\\\/la-confianza-del-consumidor-repunta-en-enero-tras-la-caida-de-diciembre\\\/#listItem\",\"position\":3,\"name\":\"La confianza del consumidor repunta en enero tras la ca\\u00edda de diciembre\",\"previousItem\":{\"@type\":\"ListItem\",\"@id\":\"https:\\\/\\\/www.eldigitaldeasturias.com\\\/noticias\\\/category\\\/actualidad\\\/#listItem\",\"name\":\"Actualidad\"}}]},{\"@type\":\"Organization\",\"@id\":\"https:\\\/\\\/www.eldigitaldeasturias.com\\\/noticias\\\/#organization\",\"name\":\"El Digital de Asturias\",\"description\":\"Hemeroteca\",\"url\":\"https:\\\/\\\/www.eldigitaldeasturias.com\\\/noticias\\\/\",\"email\":\"info@eldigitaldeasturias.com\",\"telephone\":\"+34652131393\",\"logo\":{\"@type\":\"ImageObject\",\"url\":\"https:\\\/\\\/www.eldigitaldeasturias.com\\\/noticias\\\/wp-content\\\/uploads\\\/2020\\\/12\\\/EDA.jpg\",\"@id\":\"https:\\\/\\\/www.eldigitaldeasturias.com\\\/noticias\\\/la-confianza-del-consumidor-repunta-en-enero-tras-la-caida-de-diciembre\\\/#organizationLogo\"},\"image\":{\"@id\":\"https:\\\/\\\/www.eldigitaldeasturias.com\\\/noticias\\\/la-confianza-del-consumidor-repunta-en-enero-tras-la-caida-de-diciembre\\\/#organizationLogo\"},\"sameAs\":[\"https:\\\/\\\/facebook.com\\\/eldigitaldeasturias\",\"https:\\\/\\\/www.youtube.com\\\/channel\\\/UCZP-2wLEB9Rv6erhFmqVnvg\"],\"address\":{\"@id\":\"https:\\\/\\\/www.eldigitaldeasturias.com\\\/noticias\\\/#postaladdress\",\"@type\":\"PostalAddress\",\"streetAddress\":\"san antonio 4\",\"postalCode\":\"33430\",\"addressLocality\":\"Cand\\u00e1s\",\"addressRegion\":\"Asturias\",\"addressCountry\":\"ES\"}},{\"@type\":\"Person\",\"@id\":\"https:\\\/\\\/www.eldigitaldeasturias.com\\\/noticias\\\/author\\\/admin\\\/#author\",\"url\":\"https:\\\/\\\/www.eldigitaldeasturias.com\\\/noticias\\\/author\\\/admin\\\/\",\"name\":\"El Digital de Asturias\",\"image\":{\"@type\":\"ImageObject\",\"@id\":\"https:\\\/\\\/www.eldigitaldeasturias.com\\\/noticias\\\/la-confianza-del-consumidor-repunta-en-enero-tras-la-caida-de-diciembre\\\/#authorImage\",\"url\":\"https:\\\/\\\/secure.gravatar.com\\\/avatar\\\/df2aeffc32bcd13f8d26072ef8a91b623d677766deac7f97ca815868cd41bf5e?s=96&d=mm&r=g\",\"width\":96,\"height\":96,\"caption\":\"El Digital de Asturias\"}},{\"@type\":\"WebPage\",\"@id\":\"https:\\\/\\\/www.eldigitaldeasturias.com\\\/noticias\\\/la-confianza-del-consumidor-repunta-en-enero-tras-la-caida-de-diciembre\\\/#webpage\",\"url\":\"https:\\\/\\\/www.eldigitaldeasturias.com\\\/noticias\\\/la-confianza-del-consumidor-repunta-en-enero-tras-la-caida-de-diciembre\\\/\",\"name\":\"La confianza del consumidor repunta en enero tras la ca\\u00edda de diciembre - El Digital de Asturias\",\"description\":\"Madrid, 3 feb (EFE).- La confianza de los consumidores ha vuelto a repuntar en enero respecto al descenso experimentado en diciembre de 2013, tanto por una mejora de la percepci\\u00f3n de la situaci\\u00f3n actual como por un incremento de las expectativas de futuro. El Indicador de Confianza del Consumidor (ICC) difundido hoy por el Centro\",\"inLanguage\":\"es-ES\",\"isPartOf\":{\"@id\":\"https:\\\/\\\/www.eldigitaldeasturias.com\\\/noticias\\\/#website\"},\"breadcrumb\":{\"@id\":\"https:\\\/\\\/www.eldigitaldeasturias.com\\\/noticias\\\/la-confianza-del-consumidor-repunta-en-enero-tras-la-caida-de-diciembre\\\/#breadcrumblist\"},\"author\":{\"@id\":\"https:\\\/\\\/www.eldigitaldeasturias.com\\\/noticias\\\/author\\\/admin\\\/#author\"},\"creator\":{\"@id\":\"https:\\\/\\\/www.eldigitaldeasturias.com\\\/noticias\\\/author\\\/admin\\\/#author\"},\"image\":{\"@type\":\"ImageObject\",\"url\":482610,\"@id\":\"https:\\\/\\\/www.eldigitaldeasturias.com\\\/noticias\\\/la-confianza-del-consumidor-repunta-en-enero-tras-la-caida-de-diciembre\\\/#mainImage\"},\"primaryImageOfPage\":{\"@id\":\"https:\\\/\\\/www.eldigitaldeasturias.com\\\/noticias\\\/la-confianza-del-consumidor-repunta-en-enero-tras-la-caida-de-diciembre\\\/#mainImage\"},\"datePublished\":\"2014-02-03T16:24:10+01:00\",\"dateModified\":\"2014-02-03T16:24:10+01:00\"},{\"@type\":\"WebSite\",\"@id\":\"https:\\\/\\\/www.eldigitaldeasturias.com\\\/noticias\\\/#website\",\"url\":\"https:\\\/\\\/www.eldigitaldeasturias.com\\\/noticias\\\/\",\"name\":\"El Digital de Asturias - Diario de actualidad y noticias\",\"alternateName\":\"El Digital de Asturias - Diario de actualidad y noticias\",\"description\":\"Hemeroteca\",\"inLanguage\":\"es-ES\",\"publisher\":{\"@id\":\"https:\\\/\\\/www.eldigitaldeasturias.com\\\/noticias\\\/#organization\"}}]}\n\t\t<\/script>\n\t\t<!-- All in One SEO Pro -->\r\n\t\t<title>La confianza del consumidor repunta en enero tras la ca\u00edda de diciembre - El Digital de Asturias<\/title>\n\n","aioseo_head_json":{"title":"La confianza del consumidor repunta en enero tras la ca\u00edda de diciembre - El Digital de Asturias","description":"Madrid, 3 feb (EFE).- La confianza de los consumidores ha vuelto a repuntar en enero respecto al descenso experimentado en diciembre de 2013, tanto por una mejora de la percepci\u00f3n de la situaci\u00f3n actual como por un incremento de las expectativas de futuro. El Indicador de Confianza del Consumidor (ICC) difundido hoy por el Centro","canonical_url":"https:\/\/www.eldigitaldeasturias.com\/noticias\/la-confianza-del-consumidor-repunta-en-enero-tras-la-caida-de-diciembre\/","robots":"max-image-preview:large","keywords":"actualidad","webmasterTools":{"google-site-verification":"UA-38556648-1","msvalidate.01":"7dfe9f3f1b24437ab69f4f2559babe99","miscellaneous":""},"schema":{"@context":"https:\/\/schema.org","@graph":[{"@type":"BlogPosting","@id":"https:\/\/www.eldigitaldeasturias.com\/noticias\/la-confianza-del-consumidor-repunta-en-enero-tras-la-caida-de-diciembre\/#blogposting","name":"La confianza del consumidor repunta en enero tras la ca\u00edda de diciembre - El Digital de Asturias","headline":"La confianza del consumidor repunta en enero tras la ca\u00edda de diciembre","author":{"@id":"https:\/\/www.eldigitaldeasturias.com\/noticias\/author\/admin\/#author"},"publisher":{"@id":"https:\/\/www.eldigitaldeasturias.com\/noticias\/#organization"},"image":{"@type":"ImageObject","url":482610},"datePublished":"2014-02-03T16:24:10+01:00","dateModified":"2014-02-03T16:24:10+01:00","inLanguage":"es-ES","mainEntityOfPage":{"@id":"https:\/\/www.eldigitaldeasturias.com\/noticias\/la-confianza-del-consumidor-repunta-en-enero-tras-la-caida-de-diciembre\/#webpage"},"isPartOf":{"@id":"https:\/\/www.eldigitaldeasturias.com\/noticias\/la-confianza-del-consumidor-repunta-en-enero-tras-la-caida-de-diciembre\/#webpage"},"articleSection":"Actualidad"},{"@type":"BreadcrumbList","@id":"https:\/\/www.eldigitaldeasturias.com\/noticias\/la-confianza-del-consumidor-repunta-en-enero-tras-la-caida-de-diciembre\/#breadcrumblist","itemListElement":[{"@type":"ListItem","@id":"https:\/\/www.eldigitaldeasturias.com\/noticias#listItem","position":1,"name":"Home","item":"https:\/\/www.eldigitaldeasturias.com\/noticias","nextItem":{"@type":"ListItem","@id":"https:\/\/www.eldigitaldeasturias.com\/noticias\/category\/actualidad\/#listItem","name":"Actualidad"}},{"@type":"ListItem","@id":"https:\/\/www.eldigitaldeasturias.com\/noticias\/category\/actualidad\/#listItem","position":2,"name":"Actualidad","item":"https:\/\/www.eldigitaldeasturias.com\/noticias\/category\/actualidad\/","nextItem":{"@type":"ListItem","@id":"https:\/\/www.eldigitaldeasturias.com\/noticias\/la-confianza-del-consumidor-repunta-en-enero-tras-la-caida-de-diciembre\/#listItem","name":"La confianza del consumidor repunta en enero tras la ca\u00edda de diciembre"},"previousItem":{"@type":"ListItem","@id":"https:\/\/www.eldigitaldeasturias.com\/noticias#listItem","name":"Home"}},{"@type":"ListItem","@id":"https:\/\/www.eldigitaldeasturias.com\/noticias\/la-confianza-del-consumidor-repunta-en-enero-tras-la-caida-de-diciembre\/#listItem","position":3,"name":"La confianza del consumidor repunta en enero tras la ca\u00edda de diciembre","previousItem":{"@type":"ListItem","@id":"https:\/\/www.eldigitaldeasturias.com\/noticias\/category\/actualidad\/#listItem","name":"Actualidad"}}]},{"@type":"Organization","@id":"https:\/\/www.eldigitaldeasturias.com\/noticias\/#organization","name":"El Digital de Asturias","description":"Hemeroteca","url":"https:\/\/www.eldigitaldeasturias.com\/noticias\/","email":"info@eldigitaldeasturias.com","telephone":"+34652131393","logo":{"@type":"ImageObject","url":"https:\/\/www.eldigitaldeasturias.com\/noticias\/wp-content\/uploads\/2020\/12\/EDA.jpg","@id":"https:\/\/www.eldigitaldeasturias.com\/noticias\/la-confianza-del-consumidor-repunta-en-enero-tras-la-caida-de-diciembre\/#organizationLogo"},"image":{"@id":"https:\/\/www.eldigitaldeasturias.com\/noticias\/la-confianza-del-consumidor-repunta-en-enero-tras-la-caida-de-diciembre\/#organizationLogo"},"sameAs":["https:\/\/facebook.com\/eldigitaldeasturias","https:\/\/www.youtube.com\/channel\/UCZP-2wLEB9Rv6erhFmqVnvg"],"address":{"@id":"https:\/\/www.eldigitaldeasturias.com\/noticias\/#postaladdress","@type":"PostalAddress","streetAddress":"san antonio 4","postalCode":"33430","addressLocality":"Cand\u00e1s","addressRegion":"Asturias","addressCountry":"ES"}},{"@type":"Person","@id":"https:\/\/www.eldigitaldeasturias.com\/noticias\/author\/admin\/#author","url":"https:\/\/www.eldigitaldeasturias.com\/noticias\/author\/admin\/","name":"El Digital de Asturias","image":{"@type":"ImageObject","@id":"https:\/\/www.eldigitaldeasturias.com\/noticias\/la-confianza-del-consumidor-repunta-en-enero-tras-la-caida-de-diciembre\/#authorImage","url":"https:\/\/secure.gravatar.com\/avatar\/df2aeffc32bcd13f8d26072ef8a91b623d677766deac7f97ca815868cd41bf5e?s=96&d=mm&r=g","width":96,"height":96,"caption":"El Digital de Asturias"}},{"@type":"WebPage","@id":"https:\/\/www.eldigitaldeasturias.com\/noticias\/la-confianza-del-consumidor-repunta-en-enero-tras-la-caida-de-diciembre\/#webpage","url":"https:\/\/www.eldigitaldeasturias.com\/noticias\/la-confianza-del-consumidor-repunta-en-enero-tras-la-caida-de-diciembre\/","name":"La confianza del consumidor repunta en enero tras la ca\u00edda de diciembre - El Digital de Asturias","description":"Madrid, 3 feb (EFE).- La confianza de los consumidores ha vuelto a repuntar en enero respecto al descenso experimentado en diciembre de 2013, tanto por una mejora de la percepci\u00f3n de la situaci\u00f3n actual como por un incremento de las expectativas de futuro. El Indicador de Confianza del Consumidor (ICC) difundido hoy por el Centro","inLanguage":"es-ES","isPartOf":{"@id":"https:\/\/www.eldigitaldeasturias.com\/noticias\/#website"},"breadcrumb":{"@id":"https:\/\/www.eldigitaldeasturias.com\/noticias\/la-confianza-del-consumidor-repunta-en-enero-tras-la-caida-de-diciembre\/#breadcrumblist"},"author":{"@id":"https:\/\/www.eldigitaldeasturias.com\/noticias\/author\/admin\/#author"},"creator":{"@id":"https:\/\/www.eldigitaldeasturias.com\/noticias\/author\/admin\/#author"},"image":{"@type":"ImageObject","url":482610,"@id":"https:\/\/www.eldigitaldeasturias.com\/noticias\/la-confianza-del-consumidor-repunta-en-enero-tras-la-caida-de-diciembre\/#mainImage"},"primaryImageOfPage":{"@id":"https:\/\/www.eldigitaldeasturias.com\/noticias\/la-confianza-del-consumidor-repunta-en-enero-tras-la-caida-de-diciembre\/#mainImage"},"datePublished":"2014-02-03T16:24:10+01:00","dateModified":"2014-02-03T16:24:10+01:00"},{"@type":"WebSite","@id":"https:\/\/www.eldigitaldeasturias.com\/noticias\/#website","url":"https:\/\/www.eldigitaldeasturias.com\/noticias\/","name":"El Digital de Asturias - Diario de actualidad y noticias","alternateName":"El Digital de Asturias - Diario de actualidad y noticias","description":"Hemeroteca","inLanguage":"es-ES","publisher":{"@id":"https:\/\/www.eldigitaldeasturias.com\/noticias\/#organization"}}]},"og:locale":"es_ES","og:site_name":"El Digital de Asturias","og:type":"article","og:title":"La confianza del consumidor repunta en enero tras la ca\u00edda de diciembre - El Digital de Asturias","og:description":"Madrid, 3 feb (EFE).- La confianza de los consumidores ha vuelto a repuntar en enero respecto al descenso experimentado en diciembre de 2013, tanto por una mejora de la percepci\u00f3n de la situaci\u00f3n actual como por un incremento de las expectativas de futuro. El Indicador de Confianza del Consumidor (ICC) difundido hoy por el Centro","og:url":"https:\/\/www.eldigitaldeasturias.com\/noticias\/la-confianza-del-consumidor-repunta-en-enero-tras-la-caida-de-diciembre\/","article:tag":["actualidad"],"article:published_time":"2014-02-03T17:24:10+00:00","article:modified_time":"2014-02-03T17:24:10+00:00","article:publisher":"https:\/\/facebook.com\/eldigitaldeasturias","twitter:card":"summary_large_image","twitter:title":"La confianza del consumidor repunta en enero tras la ca\u00edda de diciembre - El Digital de Asturias","twitter:description":"Madrid, 3 feb (EFE).- La confianza de los consumidores ha vuelto a repuntar en enero respecto al descenso experimentado en diciembre de 2013, tanto por una mejora de la percepci\u00f3n de la situaci\u00f3n actual como por un incremento de las expectativas de futuro. El Indicador de Confianza del Consumidor (ICC) difundido hoy por el Centro","twitter:label1":"Escrito por","twitter:data1":"El Digital de Asturias","twitter:label2":"Tiempo de lectura estimado","twitter:data2":"3 minutos"},"aioseo_meta_data":{"post_id":"482609","title":null,"description":null,"keywords":null,"keyphrases":null,"primary_term":null,"canonical_url":null,"og_title":null,"og_description":null,"og_object_type":"default","og_image_type":"default","og_image_url":null,"og_image_width":null,"og_image_height":null,"og_image_custom_url":null,"og_image_custom_fields":null,"og_video":null,"og_custom_url":null,"og_article_section":null,"og_article_tags":null,"twitter_use_og":true,"twitter_card":"default","twitter_image_type":"default","twitter_image_url":null,"twitter_image_custom_url":null,"twitter_image_custom_fields":null,"twitter_title":null,"twitter_description":null,"schema":{"blockGraphs":[],"customGraphs":[],"default":{"data":{"Article":[],"Course":[],"Dataset":[],"FAQPage":[],"Movie":[],"Person":[],"Product":[],"ProductReview":[],"Car":[],"Recipe":[],"Service":[],"SoftwareApplication":[],"WebPage":[]},"graphName":"","isEnabled":true},"graphs":[],"defaultGraph":"","defaultPostTypeGraph":""},"schema_type":null,"schema_type_options":null,"pillar_content":false,"robots_default":true,"robots_noindex":false,"robots_noarchive":false,"robots_nosnippet":false,"robots_nofollow":false,"robots_noimageindex":false,"robots_noodp":false,"robots_notranslate":false,"robots_max_snippet":null,"robots_max_videopreview":null,"robots_max_imagepreview":"none","priority":null,"frequency":null,"local_seo":null,"seo_analyzer_scan_date":"2026-06-02 10:23:10","breadcrumb_settings":null,"limit_modified_date":false,"open_ai":null,"ai":null,"created":"2020-11-14 22:54:37","updated":"2026-06-02 10:23:10","focus_keyword":null,"additional_keywords":null,"truseo_locale":null},"aioseo_breadcrumb":"<div class=\"aioseo-breadcrumbs\"><span class=\"aioseo-breadcrumb\">\n\t<a href=\"https:\/\/www.eldigitaldeasturias.com\/noticias\" title=\"Home\">Home<\/a>\n<\/span><span class=\"aioseo-breadcrumb-separator\">\u2013<\/span><span class=\"aioseo-breadcrumb\">\n\t<a href=\"https:\/\/www.eldigitaldeasturias.com\/noticias\/category\/actualidad\/\" title=\"Actualidad\">Actualidad<\/a>\n<\/span><span class=\"aioseo-breadcrumb-separator\">\u2013<\/span><span class=\"aioseo-breadcrumb\">\n\t<a href=\"https:\/\/www.eldigitaldeasturias.com\/noticias\/la-confianza-del-consumidor-repunta-en-enero-tras-la-caida-de-diciembre\/\" title=\"La confianza del consumidor repunta en enero tras la ca\u00edda de diciembre\">La confianza del consumidor repunta en enero tras la ca\u00edda de diciembre<\/a>\n<\/span><\/div>","aioseo_breadcrumb_json":[{"label":"Home","link":"https:\/\/www.eldigitaldeasturias.com\/noticias"},{"label":"Actualidad","link":"https:\/\/www.eldigitaldeasturias.com\/noticias\/category\/actualidad\/"},{"label":"La confianza del consumidor repunta en enero tras la ca\u00edda de diciembre","link":"https:\/\/www.eldigitaldeasturias.com\/noticias\/la-confianza-del-consumidor-repunta-en-enero-tras-la-caida-de-diciembre\/"}],"_links":{"self":[{"href":"https:\/\/www.eldigitaldeasturias.com\/noticias\/wp-json\/wp\/v2\/posts\/482609","targetHints":{"allow":["GET"]}}],"collection":[{"href":"https:\/\/www.eldigitaldeasturias.com\/noticias\/wp-json\/wp\/v2\/posts"}],"about":[{"href":"https:\/\/www.eldigitaldeasturias.com\/noticias\/wp-json\/wp\/v2\/types\/post"}],"author":[{"embeddable":true,"href":"https:\/\/www.eldigitaldeasturias.com\/noticias\/wp-json\/wp\/v2\/users\/1"}],"replies":[{"embeddable":true,"href":"https:\/\/www.eldigitaldeasturias.com\/noticias\/wp-json\/wp\/v2\/comments?post=482609"}],"version-history":[{"count":0,"href":"https:\/\/www.eldigitaldeasturias.com\/noticias\/wp-json\/wp\/v2\/posts\/482609\/revisions"}],"wp:attachment":[{"href":"https:\/\/www.eldigitaldeasturias.com\/noticias\/wp-json\/wp\/v2\/media?parent=482609"}],"wp:term":[{"taxonomy":"category","embeddable":true,"href":"https:\/\/www.eldigitaldeasturias.com\/noticias\/wp-json\/wp\/v2\/categories?post=482609"},{"taxonomy":"post_tag","embeddable":true,"href":"https:\/\/www.eldigitaldeasturias.com\/noticias\/wp-json\/wp\/v2\/tags?post=482609"}],"curies":[{"name":"wp","href":"https:\/\/api.w.org\/{rel}","templated":true}]}}