{"id":482600,"date":"2014-02-03T16:21:36","date_gmt":"2014-02-03T17:21:36","guid":{"rendered":"http:\/\/www.eldigitaldeasturias.com\/noticias\/?p=482600"},"modified":"2014-02-03T16:21:36","modified_gmt":"2014-02-03T17:21:36","slug":"secuestran-a-un-ciudadano-occidental-en-la-capital-yemeni","status":"publish","type":"post","link":"https:\/\/www.eldigitaldeasturias.com\/noticias\/secuestran-a-un-ciudadano-occidental-en-la-capital-yemeni\/","title":{"rendered":"Secuestran a un ciudadano occidental en la capital yemen\u00ed"},"content":{"rendered":"<p><img loading=\"lazy\" decoding=\"async\" class=\"alignleft size-medium wp-image-482601\" alt=\"5902804w\" src=\"https:\/\/www.eldigitaldeasturias.com\/noticias\/wp-content\/uploads\/2014\/02\/5902804w-360x240.jpg\" width=\"360\" height=\"240\" \/>San\u00e1, 3 feb (EFE).- Un ciudadano occidental, probablemente de nacionalidad brit\u00e1nica, fue secuestrado hoy por cuatro hombres armados en el centro de la capital yemen\u00ed, San\u00e1, informaron a Efe fuentes de los servicios de seguridad.<\/p>\n<p>Los secuestradores capturaron al reh\u00e9n en la avenida Hata y huyeron con \u00e9l a un lugar desconocido, en el segundo secuestro de un extranjero ocurrido en San\u00e1 en dos d\u00edas.<\/p>\n<p>Las distintas fuentes consultadas por Efe coincidieron en que el reh\u00e9n es un ciudadano de un pa\u00eds occidental, y una de ellas precis\u00f3 que se trata de un brit\u00e1nico.<\/p>\n<p>Los hombres armados obligaron a punta de pistola al extranjero a bajarse del coche en el que viajaba, y le introdujeron en su veh\u00edculo para darse a la fuga.<\/p>\n<p>La polic\u00eda comenz\u00f3 a investigar este caso y por el momento se desconoce la autor\u00eda y motivaci\u00f3n del secuestro, que no ha sido reivindicado por ning\u00fan grupo.<\/p>\n<p>El pasado s\u00e1bado, hombres tribales secuestraron a un ciudadano alem\u00e1n en San\u00e1 y lo trasladaron a la provincia de Mareb, un basti\u00f3n del clan Shabun y de la organizaci\u00f3n terrorista Al Qaeda.<\/p>\n<p>Uno de los secuestradores reivindic\u00f3 esta acci\u00f3n en declaraciones al diario local &#8216;Mareb Press&#8217; y pidi\u00f3 a cambio del reh\u00e9n alem\u00e1n la liberaci\u00f3n de dos miembros de su tribu detenidos por las autoridades.<\/p>\n<p>Los secuestros de extranjeros son frecuentes en Yemen y en su mayor\u00eda son perpetrados por tribus que usan a los rehenes para presionar al Gobierno de San\u00e1 para que responda a sus peticiones.<\/p>\n<p>Yemen se ha vuelto m\u00e1s inestable desde que estallaran las protestas en 2011 contra el entonces presidente, Ali Abdal\u00e1 Saleh, quien cedi\u00f3 el poder en febrero de 2012 a Abdo Rabu Mansur Hadi.<\/p>\n<p>Anoche, una bomba explot\u00f3 frente al complejo del Ministerio yemen\u00ed de Defensa, y un ob\u00fas impacto cerca de la Embajada francesa en San\u00e1, sin causar v\u00edctimas.<\/p>\n","protected":false},"excerpt":{"rendered":"<p>San\u00e1, 3 feb (EFE).- Un ciudadano occidental, probablemente de nacionalidad brit\u00e1nica, fue secuestrado hoy por cuatro hombres armados en el centro de la capital yemen\u00ed, San\u00e1, informaron a Efe fuentes de los servicios de seguridad. Los secuestradores capturaron al reh\u00e9n en la avenida Hata y huyeron con \u00e9l a un lugar desconocido, en el segundo [&hellip;]<\/p>\n","protected":false},"author":1,"featured_media":482601,"comment_status":"closed","ping_status":"open","sticky":false,"template":"","format":"standard","meta":{"footnotes":""},"categories":[1],"tags":[],"class_list":["post-482600","post","type-post","status-publish","format-standard","has-post-thumbnail","hentry","category-actualidad"],"aioseo_notices":[],"aioseo_head":"\n\t\t<!-- All in One SEO Pro 5.0.1 - aioseo.com -->\n\t<meta name=\"description\" content=\"San\u00e1, 3 feb (EFE).- Un ciudadano occidental, probablemente de nacionalidad brit\u00e1nica, fue secuestrado hoy por cuatro hombres armados en el centro de la capital yemen\u00ed, San\u00e1, informaron a Efe fuentes de los servicios de seguridad. Los secuestradores capturaron al reh\u00e9n en la avenida Hata y huyeron con \u00e9l a un lugar desconocido, en el segundo\" \/>\n\t<meta name=\"robots\" content=\"max-image-preview:large\" \/>\n\t<meta name=\"author\" content=\"El Digital de Asturias\"\/>\n\t<meta name=\"google-site-verification\" content=\"UA-38556648-1\" \/>\n\t<meta name=\"msvalidate.01\" content=\"7dfe9f3f1b24437ab69f4f2559babe99\" \/>\n\t<meta name=\"keywords\" content=\"actualidad\" \/>\n\t<link rel=\"canonical\" href=\"https:\/\/www.eldigitaldeasturias.com\/noticias\/secuestran-a-un-ciudadano-occidental-en-la-capital-yemeni\/\" \/>\n\t<meta name=\"generator\" content=\"All in One SEO Pro (AIOSEO) 5.0.1\" \/>\n\t\t<meta property=\"og:locale\" content=\"es_ES\" \/>\n\t\t<meta property=\"og:site_name\" content=\"El Digital de Asturias\" \/>\n\t\t<meta property=\"og:type\" content=\"article\" \/>\n\t\t<meta property=\"og:title\" content=\"Secuestran a un ciudadano occidental en la capital yemen\u00ed - El Digital de Asturias\" \/>\n\t\t<meta property=\"og:description\" content=\"San\u00e1, 3 feb (EFE).- Un ciudadano occidental, probablemente de nacionalidad brit\u00e1nica, fue secuestrado hoy por cuatro hombres armados en el centro de la capital yemen\u00ed, San\u00e1, informaron a Efe fuentes de los servicios de seguridad. Los secuestradores capturaron al reh\u00e9n en la avenida Hata y huyeron con \u00e9l a un lugar desconocido, en el segundo\" \/>\n\t\t<meta property=\"og:url\" content=\"https:\/\/www.eldigitaldeasturias.com\/noticias\/secuestran-a-un-ciudadano-occidental-en-la-capital-yemeni\/\" \/>\n\t\t<meta property=\"article:tag\" content=\"actualidad\" \/>\n\t\t<meta property=\"article:published_time\" content=\"2014-02-03T17:21:36+00:00\" \/>\n\t\t<meta property=\"article:modified_time\" content=\"2014-02-03T17:21:36+00:00\" \/>\n\t\t<meta property=\"article:publisher\" content=\"https:\/\/facebook.com\/eldigitaldeasturias\" \/>\n\t\t<meta name=\"twitter:card\" content=\"summary_large_image\" \/>\n\t\t<meta name=\"twitter:title\" content=\"Secuestran a un ciudadano occidental en la capital yemen\u00ed - El Digital de Asturias\" \/>\n\t\t<meta name=\"twitter:description\" content=\"San\u00e1, 3 feb (EFE).- Un ciudadano occidental, probablemente de nacionalidad brit\u00e1nica, fue secuestrado hoy por cuatro hombres armados en el centro de la capital yemen\u00ed, San\u00e1, informaron a Efe fuentes de los servicios de seguridad. Los secuestradores capturaron al reh\u00e9n en la avenida Hata y huyeron con \u00e9l a un lugar desconocido, en el segundo\" \/>\n\t\t<meta name=\"twitter:label1\" content=\"Escrito por\" \/>\n\t\t<meta name=\"twitter:data1\" content=\"El Digital de Asturias\" \/>\n\t\t<meta name=\"twitter:label2\" content=\"Tiempo de lectura estimado\" \/>\n\t\t<meta name=\"twitter:data2\" content=\"2 minutos\" \/>\n\t\t<script type=\"application\/ld+json\" class=\"aioseo-schema\">\n\t\t\t{\"@context\":\"https:\\\/\\\/schema.org\",\"@graph\":[{\"@type\":\"BlogPosting\",\"@id\":\"https:\\\/\\\/www.eldigitaldeasturias.com\\\/noticias\\\/secuestran-a-un-ciudadano-occidental-en-la-capital-yemeni\\\/#blogposting\",\"name\":\"Secuestran a un ciudadano occidental en la capital yemen\\u00ed - El Digital de Asturias\",\"headline\":\"Secuestran a un ciudadano occidental en la capital yemen\\u00ed\",\"author\":{\"@id\":\"https:\\\/\\\/www.eldigitaldeasturias.com\\\/noticias\\\/author\\\/admin\\\/#author\"},\"publisher\":{\"@id\":\"https:\\\/\\\/www.eldigitaldeasturias.com\\\/noticias\\\/#organization\"},\"image\":{\"@type\":\"ImageObject\",\"url\":482601},\"datePublished\":\"2014-02-03T16:21:36+01:00\",\"dateModified\":\"2014-02-03T16:21:36+01:00\",\"inLanguage\":\"es-ES\",\"mainEntityOfPage\":{\"@id\":\"https:\\\/\\\/www.eldigitaldeasturias.com\\\/noticias\\\/secuestran-a-un-ciudadano-occidental-en-la-capital-yemeni\\\/#webpage\"},\"isPartOf\":{\"@id\":\"https:\\\/\\\/www.eldigitaldeasturias.com\\\/noticias\\\/secuestran-a-un-ciudadano-occidental-en-la-capital-yemeni\\\/#webpage\"},\"articleSection\":\"Actualidad\"},{\"@type\":\"BreadcrumbList\",\"@id\":\"https:\\\/\\\/www.eldigitaldeasturias.com\\\/noticias\\\/secuestran-a-un-ciudadano-occidental-en-la-capital-yemeni\\\/#breadcrumblist\",\"itemListElement\":[{\"@type\":\"ListItem\",\"@id\":\"https:\\\/\\\/www.eldigitaldeasturias.com\\\/noticias#listItem\",\"position\":1,\"name\":\"Home\",\"item\":\"https:\\\/\\\/www.eldigitaldeasturias.com\\\/noticias\",\"nextItem\":{\"@type\":\"ListItem\",\"@id\":\"https:\\\/\\\/www.eldigitaldeasturias.com\\\/noticias\\\/category\\\/actualidad\\\/#listItem\",\"name\":\"Actualidad\"}},{\"@type\":\"ListItem\",\"@id\":\"https:\\\/\\\/www.eldigitaldeasturias.com\\\/noticias\\\/category\\\/actualidad\\\/#listItem\",\"position\":2,\"name\":\"Actualidad\",\"item\":\"https:\\\/\\\/www.eldigitaldeasturias.com\\\/noticias\\\/category\\\/actualidad\\\/\",\"nextItem\":{\"@type\":\"ListItem\",\"@id\":\"https:\\\/\\\/www.eldigitaldeasturias.com\\\/noticias\\\/secuestran-a-un-ciudadano-occidental-en-la-capital-yemeni\\\/#listItem\",\"name\":\"Secuestran a un ciudadano occidental en la capital yemen\\u00ed\"},\"previousItem\":{\"@type\":\"ListItem\",\"@id\":\"https:\\\/\\\/www.eldigitaldeasturias.com\\\/noticias#listItem\",\"name\":\"Home\"}},{\"@type\":\"ListItem\",\"@id\":\"https:\\\/\\\/www.eldigitaldeasturias.com\\\/noticias\\\/secuestran-a-un-ciudadano-occidental-en-la-capital-yemeni\\\/#listItem\",\"position\":3,\"name\":\"Secuestran a un ciudadano occidental en la capital yemen\\u00ed\",\"previousItem\":{\"@type\":\"ListItem\",\"@id\":\"https:\\\/\\\/www.eldigitaldeasturias.com\\\/noticias\\\/category\\\/actualidad\\\/#listItem\",\"name\":\"Actualidad\"}}]},{\"@type\":\"Organization\",\"@id\":\"https:\\\/\\\/www.eldigitaldeasturias.com\\\/noticias\\\/#organization\",\"name\":\"El Digital de Asturias\",\"description\":\"Hemeroteca\",\"url\":\"https:\\\/\\\/www.eldigitaldeasturias.com\\\/noticias\\\/\",\"email\":\"info@eldigitaldeasturias.com\",\"telephone\":\"+34652131393\",\"logo\":{\"@type\":\"ImageObject\",\"url\":\"https:\\\/\\\/www.eldigitaldeasturias.com\\\/noticias\\\/wp-content\\\/uploads\\\/2020\\\/12\\\/EDA.jpg\",\"@id\":\"https:\\\/\\\/www.eldigitaldeasturias.com\\\/noticias\\\/secuestran-a-un-ciudadano-occidental-en-la-capital-yemeni\\\/#organizationLogo\"},\"image\":{\"@id\":\"https:\\\/\\\/www.eldigitaldeasturias.com\\\/noticias\\\/secuestran-a-un-ciudadano-occidental-en-la-capital-yemeni\\\/#organizationLogo\"},\"sameAs\":[\"https:\\\/\\\/facebook.com\\\/eldigitaldeasturias\",\"https:\\\/\\\/www.youtube.com\\\/channel\\\/UCZP-2wLEB9Rv6erhFmqVnvg\"],\"address\":{\"@id\":\"https:\\\/\\\/www.eldigitaldeasturias.com\\\/noticias\\\/#postaladdress\",\"@type\":\"PostalAddress\",\"streetAddress\":\"san antonio 4\",\"postalCode\":\"33430\",\"addressLocality\":\"Cand\\u00e1s\",\"addressRegion\":\"Asturias\",\"addressCountry\":\"ES\"}},{\"@type\":\"Person\",\"@id\":\"https:\\\/\\\/www.eldigitaldeasturias.com\\\/noticias\\\/author\\\/admin\\\/#author\",\"url\":\"https:\\\/\\\/www.eldigitaldeasturias.com\\\/noticias\\\/author\\\/admin\\\/\",\"name\":\"El Digital de Asturias\",\"image\":{\"@type\":\"ImageObject\",\"@id\":\"https:\\\/\\\/www.eldigitaldeasturias.com\\\/noticias\\\/secuestran-a-un-ciudadano-occidental-en-la-capital-yemeni\\\/#authorImage\",\"url\":\"https:\\\/\\\/secure.gravatar.com\\\/avatar\\\/df2aeffc32bcd13f8d26072ef8a91b623d677766deac7f97ca815868cd41bf5e?s=96&d=mm&r=g\",\"width\":96,\"height\":96,\"caption\":\"El Digital de Asturias\"}},{\"@type\":\"WebPage\",\"@id\":\"https:\\\/\\\/www.eldigitaldeasturias.com\\\/noticias\\\/secuestran-a-un-ciudadano-occidental-en-la-capital-yemeni\\\/#webpage\",\"url\":\"https:\\\/\\\/www.eldigitaldeasturias.com\\\/noticias\\\/secuestran-a-un-ciudadano-occidental-en-la-capital-yemeni\\\/\",\"name\":\"Secuestran a un ciudadano occidental en la capital yemen\\u00ed - El Digital de Asturias\",\"description\":\"San\\u00e1, 3 feb (EFE).- Un ciudadano occidental, probablemente de nacionalidad brit\\u00e1nica, fue secuestrado hoy por cuatro hombres armados en el centro de la capital yemen\\u00ed, San\\u00e1, informaron a Efe fuentes de los servicios de seguridad. Los secuestradores capturaron al reh\\u00e9n en la avenida Hata y huyeron con \\u00e9l a un lugar desconocido, en el segundo\",\"inLanguage\":\"es-ES\",\"isPartOf\":{\"@id\":\"https:\\\/\\\/www.eldigitaldeasturias.com\\\/noticias\\\/#website\"},\"breadcrumb\":{\"@id\":\"https:\\\/\\\/www.eldigitaldeasturias.com\\\/noticias\\\/secuestran-a-un-ciudadano-occidental-en-la-capital-yemeni\\\/#breadcrumblist\"},\"author\":{\"@id\":\"https:\\\/\\\/www.eldigitaldeasturias.com\\\/noticias\\\/author\\\/admin\\\/#author\"},\"creator\":{\"@id\":\"https:\\\/\\\/www.eldigitaldeasturias.com\\\/noticias\\\/author\\\/admin\\\/#author\"},\"image\":{\"@type\":\"ImageObject\",\"url\":482601,\"@id\":\"https:\\\/\\\/www.eldigitaldeasturias.com\\\/noticias\\\/secuestran-a-un-ciudadano-occidental-en-la-capital-yemeni\\\/#mainImage\"},\"primaryImageOfPage\":{\"@id\":\"https:\\\/\\\/www.eldigitaldeasturias.com\\\/noticias\\\/secuestran-a-un-ciudadano-occidental-en-la-capital-yemeni\\\/#mainImage\"},\"datePublished\":\"2014-02-03T16:21:36+01:00\",\"dateModified\":\"2014-02-03T16:21:36+01:00\"},{\"@type\":\"WebSite\",\"@id\":\"https:\\\/\\\/www.eldigitaldeasturias.com\\\/noticias\\\/#website\",\"url\":\"https:\\\/\\\/www.eldigitaldeasturias.com\\\/noticias\\\/\",\"name\":\"El Digital de Asturias - Diario de actualidad y noticias\",\"alternateName\":\"El Digital de Asturias - Diario de actualidad y noticias\",\"description\":\"Hemeroteca\",\"inLanguage\":\"es-ES\",\"publisher\":{\"@id\":\"https:\\\/\\\/www.eldigitaldeasturias.com\\\/noticias\\\/#organization\"}}]}\n\t\t<\/script>\n\t\t<!-- All in One SEO Pro -->\r\n\t\t<title>Secuestran a un ciudadano occidental en la capital yemen\u00ed - El Digital de Asturias<\/title>\n\n","aioseo_head_json":{"title":"Secuestran a un ciudadano occidental en la capital yemen\u00ed - El Digital de Asturias","description":"San\u00e1, 3 feb (EFE).- Un ciudadano occidental, probablemente de nacionalidad brit\u00e1nica, fue secuestrado hoy por cuatro hombres armados en el centro de la capital yemen\u00ed, San\u00e1, informaron a Efe fuentes de los servicios de seguridad. Los secuestradores capturaron al reh\u00e9n en la avenida Hata y huyeron con \u00e9l a un lugar desconocido, en el segundo","canonical_url":"https:\/\/www.eldigitaldeasturias.com\/noticias\/secuestran-a-un-ciudadano-occidental-en-la-capital-yemeni\/","robots":"max-image-preview:large","keywords":"actualidad","webmasterTools":{"google-site-verification":"UA-38556648-1","msvalidate.01":"7dfe9f3f1b24437ab69f4f2559babe99","miscellaneous":""},"schema":{"@context":"https:\/\/schema.org","@graph":[{"@type":"BlogPosting","@id":"https:\/\/www.eldigitaldeasturias.com\/noticias\/secuestran-a-un-ciudadano-occidental-en-la-capital-yemeni\/#blogposting","name":"Secuestran a un ciudadano occidental en la capital yemen\u00ed - El Digital de Asturias","headline":"Secuestran a un ciudadano occidental en la capital yemen\u00ed","author":{"@id":"https:\/\/www.eldigitaldeasturias.com\/noticias\/author\/admin\/#author"},"publisher":{"@id":"https:\/\/www.eldigitaldeasturias.com\/noticias\/#organization"},"image":{"@type":"ImageObject","url":482601},"datePublished":"2014-02-03T16:21:36+01:00","dateModified":"2014-02-03T16:21:36+01:00","inLanguage":"es-ES","mainEntityOfPage":{"@id":"https:\/\/www.eldigitaldeasturias.com\/noticias\/secuestran-a-un-ciudadano-occidental-en-la-capital-yemeni\/#webpage"},"isPartOf":{"@id":"https:\/\/www.eldigitaldeasturias.com\/noticias\/secuestran-a-un-ciudadano-occidental-en-la-capital-yemeni\/#webpage"},"articleSection":"Actualidad"},{"@type":"BreadcrumbList","@id":"https:\/\/www.eldigitaldeasturias.com\/noticias\/secuestran-a-un-ciudadano-occidental-en-la-capital-yemeni\/#breadcrumblist","itemListElement":[{"@type":"ListItem","@id":"https:\/\/www.eldigitaldeasturias.com\/noticias#listItem","position":1,"name":"Home","item":"https:\/\/www.eldigitaldeasturias.com\/noticias","nextItem":{"@type":"ListItem","@id":"https:\/\/www.eldigitaldeasturias.com\/noticias\/category\/actualidad\/#listItem","name":"Actualidad"}},{"@type":"ListItem","@id":"https:\/\/www.eldigitaldeasturias.com\/noticias\/category\/actualidad\/#listItem","position":2,"name":"Actualidad","item":"https:\/\/www.eldigitaldeasturias.com\/noticias\/category\/actualidad\/","nextItem":{"@type":"ListItem","@id":"https:\/\/www.eldigitaldeasturias.com\/noticias\/secuestran-a-un-ciudadano-occidental-en-la-capital-yemeni\/#listItem","name":"Secuestran a un ciudadano occidental en la capital yemen\u00ed"},"previousItem":{"@type":"ListItem","@id":"https:\/\/www.eldigitaldeasturias.com\/noticias#listItem","name":"Home"}},{"@type":"ListItem","@id":"https:\/\/www.eldigitaldeasturias.com\/noticias\/secuestran-a-un-ciudadano-occidental-en-la-capital-yemeni\/#listItem","position":3,"name":"Secuestran a un ciudadano occidental en la capital yemen\u00ed","previousItem":{"@type":"ListItem","@id":"https:\/\/www.eldigitaldeasturias.com\/noticias\/category\/actualidad\/#listItem","name":"Actualidad"}}]},{"@type":"Organization","@id":"https:\/\/www.eldigitaldeasturias.com\/noticias\/#organization","name":"El Digital de Asturias","description":"Hemeroteca","url":"https:\/\/www.eldigitaldeasturias.com\/noticias\/","email":"info@eldigitaldeasturias.com","telephone":"+34652131393","logo":{"@type":"ImageObject","url":"https:\/\/www.eldigitaldeasturias.com\/noticias\/wp-content\/uploads\/2020\/12\/EDA.jpg","@id":"https:\/\/www.eldigitaldeasturias.com\/noticias\/secuestran-a-un-ciudadano-occidental-en-la-capital-yemeni\/#organizationLogo"},"image":{"@id":"https:\/\/www.eldigitaldeasturias.com\/noticias\/secuestran-a-un-ciudadano-occidental-en-la-capital-yemeni\/#organizationLogo"},"sameAs":["https:\/\/facebook.com\/eldigitaldeasturias","https:\/\/www.youtube.com\/channel\/UCZP-2wLEB9Rv6erhFmqVnvg"],"address":{"@id":"https:\/\/www.eldigitaldeasturias.com\/noticias\/#postaladdress","@type":"PostalAddress","streetAddress":"san antonio 4","postalCode":"33430","addressLocality":"Cand\u00e1s","addressRegion":"Asturias","addressCountry":"ES"}},{"@type":"Person","@id":"https:\/\/www.eldigitaldeasturias.com\/noticias\/author\/admin\/#author","url":"https:\/\/www.eldigitaldeasturias.com\/noticias\/author\/admin\/","name":"El Digital de Asturias","image":{"@type":"ImageObject","@id":"https:\/\/www.eldigitaldeasturias.com\/noticias\/secuestran-a-un-ciudadano-occidental-en-la-capital-yemeni\/#authorImage","url":"https:\/\/secure.gravatar.com\/avatar\/df2aeffc32bcd13f8d26072ef8a91b623d677766deac7f97ca815868cd41bf5e?s=96&d=mm&r=g","width":96,"height":96,"caption":"El Digital de Asturias"}},{"@type":"WebPage","@id":"https:\/\/www.eldigitaldeasturias.com\/noticias\/secuestran-a-un-ciudadano-occidental-en-la-capital-yemeni\/#webpage","url":"https:\/\/www.eldigitaldeasturias.com\/noticias\/secuestran-a-un-ciudadano-occidental-en-la-capital-yemeni\/","name":"Secuestran a un ciudadano occidental en la capital yemen\u00ed - El Digital de Asturias","description":"San\u00e1, 3 feb (EFE).- Un ciudadano occidental, probablemente de nacionalidad brit\u00e1nica, fue secuestrado hoy por cuatro hombres armados en el centro de la capital yemen\u00ed, San\u00e1, informaron a Efe fuentes de los servicios de seguridad. Los secuestradores capturaron al reh\u00e9n en la avenida Hata y huyeron con \u00e9l a un lugar desconocido, en el segundo","inLanguage":"es-ES","isPartOf":{"@id":"https:\/\/www.eldigitaldeasturias.com\/noticias\/#website"},"breadcrumb":{"@id":"https:\/\/www.eldigitaldeasturias.com\/noticias\/secuestran-a-un-ciudadano-occidental-en-la-capital-yemeni\/#breadcrumblist"},"author":{"@id":"https:\/\/www.eldigitaldeasturias.com\/noticias\/author\/admin\/#author"},"creator":{"@id":"https:\/\/www.eldigitaldeasturias.com\/noticias\/author\/admin\/#author"},"image":{"@type":"ImageObject","url":482601,"@id":"https:\/\/www.eldigitaldeasturias.com\/noticias\/secuestran-a-un-ciudadano-occidental-en-la-capital-yemeni\/#mainImage"},"primaryImageOfPage":{"@id":"https:\/\/www.eldigitaldeasturias.com\/noticias\/secuestran-a-un-ciudadano-occidental-en-la-capital-yemeni\/#mainImage"},"datePublished":"2014-02-03T16:21:36+01:00","dateModified":"2014-02-03T16:21:36+01:00"},{"@type":"WebSite","@id":"https:\/\/www.eldigitaldeasturias.com\/noticias\/#website","url":"https:\/\/www.eldigitaldeasturias.com\/noticias\/","name":"El Digital de Asturias - Diario de actualidad y noticias","alternateName":"El Digital de Asturias - Diario de actualidad y noticias","description":"Hemeroteca","inLanguage":"es-ES","publisher":{"@id":"https:\/\/www.eldigitaldeasturias.com\/noticias\/#organization"}}]},"og:locale":"es_ES","og:site_name":"El Digital de Asturias","og:type":"article","og:title":"Secuestran a un ciudadano occidental en la capital yemen\u00ed - El Digital de Asturias","og:description":"San\u00e1, 3 feb (EFE).- Un ciudadano occidental, probablemente de nacionalidad brit\u00e1nica, fue secuestrado hoy por cuatro hombres armados en el centro de la capital yemen\u00ed, San\u00e1, informaron a Efe fuentes de los servicios de seguridad. Los secuestradores capturaron al reh\u00e9n en la avenida Hata y huyeron con \u00e9l a un lugar desconocido, en el segundo","og:url":"https:\/\/www.eldigitaldeasturias.com\/noticias\/secuestran-a-un-ciudadano-occidental-en-la-capital-yemeni\/","article:tag":["actualidad"],"article:published_time":"2014-02-03T17:21:36+00:00","article:modified_time":"2014-02-03T17:21:36+00:00","article:publisher":"https:\/\/facebook.com\/eldigitaldeasturias","twitter:card":"summary_large_image","twitter:title":"Secuestran a un ciudadano occidental en la capital yemen\u00ed - El Digital de Asturias","twitter:description":"San\u00e1, 3 feb (EFE).- Un ciudadano occidental, probablemente de nacionalidad brit\u00e1nica, fue secuestrado hoy por cuatro hombres armados en el centro de la capital yemen\u00ed, San\u00e1, informaron a Efe fuentes de los servicios de seguridad. Los secuestradores capturaron al reh\u00e9n en la avenida Hata y huyeron con \u00e9l a un lugar desconocido, en el segundo","twitter:label1":"Escrito por","twitter:data1":"El Digital de Asturias","twitter:label2":"Tiempo de lectura estimado","twitter:data2":"2 minutos"},"aioseo_meta_data":{"post_id":"482600","title":null,"description":null,"keywords":null,"keyphrases":null,"primary_term":null,"canonical_url":null,"og_title":null,"og_description":null,"og_object_type":"default","og_image_type":"default","og_image_url":null,"og_image_width":null,"og_image_height":null,"og_image_custom_url":null,"og_image_custom_fields":null,"og_video":null,"og_custom_url":null,"og_article_section":null,"og_article_tags":null,"twitter_use_og":true,"twitter_card":"default","twitter_image_type":"default","twitter_image_url":null,"twitter_image_custom_url":null,"twitter_image_custom_fields":null,"twitter_title":null,"twitter_description":null,"schema":{"blockGraphs":[],"customGraphs":[],"default":{"data":{"Article":[],"Course":[],"Dataset":[],"FAQPage":[],"Movie":[],"Person":[],"Product":[],"ProductReview":[],"Car":[],"Recipe":[],"Service":[],"SoftwareApplication":[],"WebPage":[]},"graphName":"","isEnabled":true},"graphs":[],"defaultGraph":"","defaultPostTypeGraph":""},"schema_type":null,"schema_type_options":null,"pillar_content":false,"robots_default":true,"robots_noindex":false,"robots_noarchive":false,"robots_nosnippet":false,"robots_nofollow":false,"robots_noimageindex":false,"robots_noodp":false,"robots_notranslate":false,"robots_max_snippet":null,"robots_max_videopreview":null,"robots_max_imagepreview":"none","priority":null,"frequency":null,"local_seo":null,"seo_analyzer_scan_date":"2026-06-02 10:20:56","breadcrumb_settings":null,"limit_modified_date":false,"open_ai":null,"ai":null,"created":"2020-11-14 22:54:37","updated":"2026-06-02 10:20:56","focus_keyword":null,"additional_keywords":null,"truseo_locale":null},"aioseo_breadcrumb":"<div class=\"aioseo-breadcrumbs\"><span class=\"aioseo-breadcrumb\">\n\t<a href=\"https:\/\/www.eldigitaldeasturias.com\/noticias\" title=\"Home\">Home<\/a>\n<\/span><span class=\"aioseo-breadcrumb-separator\">\u2013<\/span><span class=\"aioseo-breadcrumb\">\n\t<a href=\"https:\/\/www.eldigitaldeasturias.com\/noticias\/category\/actualidad\/\" title=\"Actualidad\">Actualidad<\/a>\n<\/span><span class=\"aioseo-breadcrumb-separator\">\u2013<\/span><span class=\"aioseo-breadcrumb\">\n\t<a href=\"https:\/\/www.eldigitaldeasturias.com\/noticias\/secuestran-a-un-ciudadano-occidental-en-la-capital-yemeni\/\" title=\"Secuestran a un ciudadano occidental en la capital yemen\u00ed\">Secuestran a un ciudadano occidental en la capital yemen\u00ed<\/a>\n<\/span><\/div>","aioseo_breadcrumb_json":[{"label":"Home","link":"https:\/\/www.eldigitaldeasturias.com\/noticias"},{"label":"Actualidad","link":"https:\/\/www.eldigitaldeasturias.com\/noticias\/category\/actualidad\/"},{"label":"Secuestran a un ciudadano occidental en la capital yemen\u00ed","link":"https:\/\/www.eldigitaldeasturias.com\/noticias\/secuestran-a-un-ciudadano-occidental-en-la-capital-yemeni\/"}],"_links":{"self":[{"href":"https:\/\/www.eldigitaldeasturias.com\/noticias\/wp-json\/wp\/v2\/posts\/482600","targetHints":{"allow":["GET"]}}],"collection":[{"href":"https:\/\/www.eldigitaldeasturias.com\/noticias\/wp-json\/wp\/v2\/posts"}],"about":[{"href":"https:\/\/www.eldigitaldeasturias.com\/noticias\/wp-json\/wp\/v2\/types\/post"}],"author":[{"embeddable":true,"href":"https:\/\/www.eldigitaldeasturias.com\/noticias\/wp-json\/wp\/v2\/users\/1"}],"replies":[{"embeddable":true,"href":"https:\/\/www.eldigitaldeasturias.com\/noticias\/wp-json\/wp\/v2\/comments?post=482600"}],"version-history":[{"count":0,"href":"https:\/\/www.eldigitaldeasturias.com\/noticias\/wp-json\/wp\/v2\/posts\/482600\/revisions"}],"wp:attachment":[{"href":"https:\/\/www.eldigitaldeasturias.com\/noticias\/wp-json\/wp\/v2\/media?parent=482600"}],"wp:term":[{"taxonomy":"category","embeddable":true,"href":"https:\/\/www.eldigitaldeasturias.com\/noticias\/wp-json\/wp\/v2\/categories?post=482600"},{"taxonomy":"post_tag","embeddable":true,"href":"https:\/\/www.eldigitaldeasturias.com\/noticias\/wp-json\/wp\/v2\/tags?post=482600"}],"curies":[{"name":"wp","href":"https:\/\/api.w.org\/{rel}","templated":true}]}}