{"id":482597,"date":"2014-02-03T16:19:43","date_gmt":"2014-02-03T17:19:43","guid":{"rendered":"http:\/\/www.eldigitaldeasturias.com\/noticias\/?p=482597"},"modified":"2014-02-03T16:19:43","modified_gmt":"2014-02-03T17:19:43","slug":"gallardon-dice-que-el-dano-psicologico-autorizara-el-aborto-y-no-la-malformacion","status":"publish","type":"post","link":"https:\/\/www.eldigitaldeasturias.com\/noticias\/gallardon-dice-que-el-dano-psicologico-autorizara-el-aborto-y-no-la-malformacion\/","title":{"rendered":"Gallard\u00f3n dice que el da\u00f1o psicol\u00f3gico autorizar\u00e1 el aborto y no la malformaci\u00f3n"},"content":{"rendered":"<p><img loading=\"lazy\" decoding=\"async\" class=\"alignleft size-medium wp-image-482598\" alt=\"5902793w\" src=\"https:\/\/www.eldigitaldeasturias.com\/noticias\/wp-content\/uploads\/2014\/02\/5902793w-248x320.jpg\" width=\"248\" height=\"320\" \/>Madrid, 3 feb (EFE).- El ministro de Justicia, Alberto Ruiz-Gallard\u00f3n, ha asegurado hoy que \u00abel da\u00f1o psicol\u00f3gico de la mujer\u00bb debido a una malformaci\u00f3n del feto \u00abser\u00e1 el que autorice la interrupci\u00f3n del embarazo, pero no la discapacidad\u00bb del no nacido.<\/p>\n<p>En una entrevista en Antena 3, Gallard\u00f3n ha defendido la necesidad de ampliar las ayudas a la discapacidad y ha asegurado que \u00aben el mismo momento\u00bb en que el Gobierno tenga disponibilidad presupuestaria \u00abesas ayudas estar\u00e1n en su programa\u00bb.<\/p>\n<p>\u00abEsas ayudas tienen que darse\u00bb, ha subrayado el ministro, quien ha se\u00f1alado que muchos abortos se producen porque no existe una perspectiva de seguridad econ\u00f3mica y laboral.<\/p>\n<p>\u00abCon esto tenemos que acabar\u00bb, ha recalcado Gallard\u00f3n, quien se ha comprometido a dar \u00abla misma batalla\u00bb por defender las ayudas que la que est\u00e1 dando por proteger la discapacidad.<\/p>\n<p>El ministro ha eludido pronunciarse sobre si habr\u00e1 modificaciones al anteproyecto de ley del aborto para incluir el supuesto de malformaci\u00f3n del feto y ha explicado que el texto ha sido remitido a los \u00f3rganos consultivos y una vez \u00e9stos env\u00eden sus informes, \u00aben ese momento\u00bb, el Gobierno valorar\u00e1 \u00abcu\u00e1les modificaciones vamos a introducir\u00bb.<\/p>\n<p>\u00abEstoy dispuesto a estudiarlo, lo que no puedo hacer es condicionar a los \u00f3rganos consultivos a decir esto s\u00ed o esto no\u00bb, ha insistido Gallard\u00f3n.<\/p>\n<p>El titular de Justicia ha rechazado que la reforma del aborto vaya a restar votos al PP \u00abporque no es una improvisaci\u00f3n, sino el relato del partido en relaci\u00f3n con la defensa de los derechos de las mujeres y del concebido y no nacido\u00bb, y ha asegurado no sentirse solo en el Gobierno y s\u00ed respaldado por el presidente Mariano Rajoy.<\/p>\n","protected":false},"excerpt":{"rendered":"<p>Madrid, 3 feb (EFE).- El ministro de Justicia, Alberto Ruiz-Gallard\u00f3n, ha asegurado hoy que \u00abel da\u00f1o psicol\u00f3gico de la mujer\u00bb debido a una malformaci\u00f3n del feto \u00abser\u00e1 el que autorice la interrupci\u00f3n del embarazo, pero no la discapacidad\u00bb del no nacido. En una entrevista en Antena 3, Gallard\u00f3n ha defendido la necesidad de ampliar las [&hellip;]<\/p>\n","protected":false},"author":1,"featured_media":482598,"comment_status":"closed","ping_status":"open","sticky":false,"template":"","format":"standard","meta":{"footnotes":""},"categories":[1],"tags":[],"class_list":["post-482597","post","type-post","status-publish","format-standard","has-post-thumbnail","hentry","category-actualidad"],"aioseo_notices":[],"aioseo_head":"\n\t\t<!-- All in One SEO Pro 5.0.1 - aioseo.com -->\n\t<meta name=\"description\" content=\"Madrid, 3 feb (EFE).- El ministro de Justicia, Alberto Ruiz-Gallard\u00f3n, ha asegurado hoy que &quot;el da\u00f1o psicol\u00f3gico de la mujer&quot; debido a una malformaci\u00f3n del feto &quot;ser\u00e1 el que autorice la interrupci\u00f3n del embarazo, pero no la discapacidad&quot; del no nacido. En una entrevista en Antena 3, Gallard\u00f3n ha defendido la necesidad de ampliar las\" \/>\n\t<meta name=\"robots\" content=\"max-image-preview:large\" \/>\n\t<meta name=\"author\" content=\"El Digital de Asturias\"\/>\n\t<meta name=\"google-site-verification\" content=\"UA-38556648-1\" \/>\n\t<meta name=\"msvalidate.01\" content=\"7dfe9f3f1b24437ab69f4f2559babe99\" \/>\n\t<meta name=\"keywords\" content=\"actualidad\" \/>\n\t<link rel=\"canonical\" href=\"https:\/\/www.eldigitaldeasturias.com\/noticias\/gallardon-dice-que-el-dano-psicologico-autorizara-el-aborto-y-no-la-malformacion\/\" \/>\n\t<meta name=\"generator\" content=\"All in One SEO Pro (AIOSEO) 5.0.1\" \/>\n\t\t<meta property=\"og:locale\" content=\"es_ES\" \/>\n\t\t<meta property=\"og:site_name\" content=\"El Digital de Asturias\" \/>\n\t\t<meta property=\"og:type\" content=\"article\" \/>\n\t\t<meta property=\"og:title\" content=\"Gallard\u00f3n dice que el da\u00f1o psicol\u00f3gico autorizar\u00e1 el aborto y no la malformaci\u00f3n - El Digital de Asturias\" \/>\n\t\t<meta property=\"og:description\" content=\"Madrid, 3 feb (EFE).- El ministro de Justicia, Alberto Ruiz-Gallard\u00f3n, ha asegurado hoy que &quot;el da\u00f1o psicol\u00f3gico de la mujer&quot; debido a una malformaci\u00f3n del feto &quot;ser\u00e1 el que autorice la interrupci\u00f3n del embarazo, pero no la discapacidad&quot; del no nacido. En una entrevista en Antena 3, Gallard\u00f3n ha defendido la necesidad de ampliar las\" \/>\n\t\t<meta property=\"og:url\" content=\"https:\/\/www.eldigitaldeasturias.com\/noticias\/gallardon-dice-que-el-dano-psicologico-autorizara-el-aborto-y-no-la-malformacion\/\" \/>\n\t\t<meta property=\"article:tag\" content=\"actualidad\" \/>\n\t\t<meta property=\"article:published_time\" content=\"2014-02-03T17:19:43+00:00\" \/>\n\t\t<meta property=\"article:modified_time\" content=\"2014-02-03T17:19:43+00:00\" \/>\n\t\t<meta property=\"article:publisher\" content=\"https:\/\/facebook.com\/eldigitaldeasturias\" \/>\n\t\t<meta name=\"twitter:card\" content=\"summary_large_image\" \/>\n\t\t<meta name=\"twitter:title\" content=\"Gallard\u00f3n dice que el da\u00f1o psicol\u00f3gico autorizar\u00e1 el aborto y no la malformaci\u00f3n - El Digital de Asturias\" \/>\n\t\t<meta name=\"twitter:description\" content=\"Madrid, 3 feb (EFE).- El ministro de Justicia, Alberto Ruiz-Gallard\u00f3n, ha asegurado hoy que &quot;el da\u00f1o psicol\u00f3gico de la mujer&quot; debido a una malformaci\u00f3n del feto &quot;ser\u00e1 el que autorice la interrupci\u00f3n del embarazo, pero no la discapacidad&quot; del no nacido. En una entrevista en Antena 3, Gallard\u00f3n ha defendido la necesidad de ampliar las\" \/>\n\t\t<meta name=\"twitter:label1\" content=\"Escrito por\" \/>\n\t\t<meta name=\"twitter:data1\" content=\"El Digital de Asturias\" \/>\n\t\t<meta name=\"twitter:label2\" content=\"Tiempo de lectura estimado\" \/>\n\t\t<meta name=\"twitter:data2\" content=\"1 minuto\" \/>\n\t\t<script type=\"application\/ld+json\" class=\"aioseo-schema\">\n\t\t\t{\"@context\":\"https:\\\/\\\/schema.org\",\"@graph\":[{\"@type\":\"BlogPosting\",\"@id\":\"https:\\\/\\\/www.eldigitaldeasturias.com\\\/noticias\\\/gallardon-dice-que-el-dano-psicologico-autorizara-el-aborto-y-no-la-malformacion\\\/#blogposting\",\"name\":\"Gallard\\u00f3n dice que el da\\u00f1o psicol\\u00f3gico autorizar\\u00e1 el aborto y no la malformaci\\u00f3n - El Digital de Asturias\",\"headline\":\"Gallard\\u00f3n dice que el da\\u00f1o psicol\\u00f3gico autorizar\\u00e1 el aborto y no la malformaci\\u00f3n\",\"author\":{\"@id\":\"https:\\\/\\\/www.eldigitaldeasturias.com\\\/noticias\\\/author\\\/admin\\\/#author\"},\"publisher\":{\"@id\":\"https:\\\/\\\/www.eldigitaldeasturias.com\\\/noticias\\\/#organization\"},\"image\":{\"@type\":\"ImageObject\",\"url\":482598},\"datePublished\":\"2014-02-03T16:19:43+01:00\",\"dateModified\":\"2014-02-03T16:19:43+01:00\",\"inLanguage\":\"es-ES\",\"mainEntityOfPage\":{\"@id\":\"https:\\\/\\\/www.eldigitaldeasturias.com\\\/noticias\\\/gallardon-dice-que-el-dano-psicologico-autorizara-el-aborto-y-no-la-malformacion\\\/#webpage\"},\"isPartOf\":{\"@id\":\"https:\\\/\\\/www.eldigitaldeasturias.com\\\/noticias\\\/gallardon-dice-que-el-dano-psicologico-autorizara-el-aborto-y-no-la-malformacion\\\/#webpage\"},\"articleSection\":\"Actualidad\"},{\"@type\":\"BreadcrumbList\",\"@id\":\"https:\\\/\\\/www.eldigitaldeasturias.com\\\/noticias\\\/gallardon-dice-que-el-dano-psicologico-autorizara-el-aborto-y-no-la-malformacion\\\/#breadcrumblist\",\"itemListElement\":[{\"@type\":\"ListItem\",\"@id\":\"https:\\\/\\\/www.eldigitaldeasturias.com\\\/noticias#listItem\",\"position\":1,\"name\":\"Home\",\"item\":\"https:\\\/\\\/www.eldigitaldeasturias.com\\\/noticias\",\"nextItem\":{\"@type\":\"ListItem\",\"@id\":\"https:\\\/\\\/www.eldigitaldeasturias.com\\\/noticias\\\/category\\\/actualidad\\\/#listItem\",\"name\":\"Actualidad\"}},{\"@type\":\"ListItem\",\"@id\":\"https:\\\/\\\/www.eldigitaldeasturias.com\\\/noticias\\\/category\\\/actualidad\\\/#listItem\",\"position\":2,\"name\":\"Actualidad\",\"item\":\"https:\\\/\\\/www.eldigitaldeasturias.com\\\/noticias\\\/category\\\/actualidad\\\/\",\"nextItem\":{\"@type\":\"ListItem\",\"@id\":\"https:\\\/\\\/www.eldigitaldeasturias.com\\\/noticias\\\/gallardon-dice-que-el-dano-psicologico-autorizara-el-aborto-y-no-la-malformacion\\\/#listItem\",\"name\":\"Gallard\\u00f3n dice que el da\\u00f1o psicol\\u00f3gico autorizar\\u00e1 el aborto y no la malformaci\\u00f3n\"},\"previousItem\":{\"@type\":\"ListItem\",\"@id\":\"https:\\\/\\\/www.eldigitaldeasturias.com\\\/noticias#listItem\",\"name\":\"Home\"}},{\"@type\":\"ListItem\",\"@id\":\"https:\\\/\\\/www.eldigitaldeasturias.com\\\/noticias\\\/gallardon-dice-que-el-dano-psicologico-autorizara-el-aborto-y-no-la-malformacion\\\/#listItem\",\"position\":3,\"name\":\"Gallard\\u00f3n dice que el da\\u00f1o psicol\\u00f3gico autorizar\\u00e1 el aborto y no la malformaci\\u00f3n\",\"previousItem\":{\"@type\":\"ListItem\",\"@id\":\"https:\\\/\\\/www.eldigitaldeasturias.com\\\/noticias\\\/category\\\/actualidad\\\/#listItem\",\"name\":\"Actualidad\"}}]},{\"@type\":\"Organization\",\"@id\":\"https:\\\/\\\/www.eldigitaldeasturias.com\\\/noticias\\\/#organization\",\"name\":\"El Digital de Asturias\",\"description\":\"Hemeroteca\",\"url\":\"https:\\\/\\\/www.eldigitaldeasturias.com\\\/noticias\\\/\",\"email\":\"info@eldigitaldeasturias.com\",\"telephone\":\"+34652131393\",\"logo\":{\"@type\":\"ImageObject\",\"url\":\"https:\\\/\\\/www.eldigitaldeasturias.com\\\/noticias\\\/wp-content\\\/uploads\\\/2020\\\/12\\\/EDA.jpg\",\"@id\":\"https:\\\/\\\/www.eldigitaldeasturias.com\\\/noticias\\\/gallardon-dice-que-el-dano-psicologico-autorizara-el-aborto-y-no-la-malformacion\\\/#organizationLogo\"},\"image\":{\"@id\":\"https:\\\/\\\/www.eldigitaldeasturias.com\\\/noticias\\\/gallardon-dice-que-el-dano-psicologico-autorizara-el-aborto-y-no-la-malformacion\\\/#organizationLogo\"},\"sameAs\":[\"https:\\\/\\\/facebook.com\\\/eldigitaldeasturias\",\"https:\\\/\\\/www.youtube.com\\\/channel\\\/UCZP-2wLEB9Rv6erhFmqVnvg\"],\"address\":{\"@id\":\"https:\\\/\\\/www.eldigitaldeasturias.com\\\/noticias\\\/#postaladdress\",\"@type\":\"PostalAddress\",\"streetAddress\":\"san antonio 4\",\"postalCode\":\"33430\",\"addressLocality\":\"Cand\\u00e1s\",\"addressRegion\":\"Asturias\",\"addressCountry\":\"ES\"}},{\"@type\":\"Person\",\"@id\":\"https:\\\/\\\/www.eldigitaldeasturias.com\\\/noticias\\\/author\\\/admin\\\/#author\",\"url\":\"https:\\\/\\\/www.eldigitaldeasturias.com\\\/noticias\\\/author\\\/admin\\\/\",\"name\":\"El Digital de Asturias\",\"image\":{\"@type\":\"ImageObject\",\"@id\":\"https:\\\/\\\/www.eldigitaldeasturias.com\\\/noticias\\\/gallardon-dice-que-el-dano-psicologico-autorizara-el-aborto-y-no-la-malformacion\\\/#authorImage\",\"url\":\"https:\\\/\\\/secure.gravatar.com\\\/avatar\\\/df2aeffc32bcd13f8d26072ef8a91b623d677766deac7f97ca815868cd41bf5e?s=96&d=mm&r=g\",\"width\":96,\"height\":96,\"caption\":\"El Digital de Asturias\"}},{\"@type\":\"WebPage\",\"@id\":\"https:\\\/\\\/www.eldigitaldeasturias.com\\\/noticias\\\/gallardon-dice-que-el-dano-psicologico-autorizara-el-aborto-y-no-la-malformacion\\\/#webpage\",\"url\":\"https:\\\/\\\/www.eldigitaldeasturias.com\\\/noticias\\\/gallardon-dice-que-el-dano-psicologico-autorizara-el-aborto-y-no-la-malformacion\\\/\",\"name\":\"Gallard\\u00f3n dice que el da\\u00f1o psicol\\u00f3gico autorizar\\u00e1 el aborto y no la malformaci\\u00f3n - El Digital de Asturias\",\"description\":\"Madrid, 3 feb (EFE).- El ministro de Justicia, Alberto Ruiz-Gallard\\u00f3n, ha asegurado hoy que \\\"el da\\u00f1o psicol\\u00f3gico de la mujer\\\" debido a una malformaci\\u00f3n del feto \\\"ser\\u00e1 el que autorice la interrupci\\u00f3n del embarazo, pero no la discapacidad\\\" del no nacido. En una entrevista en Antena 3, Gallard\\u00f3n ha defendido la necesidad de ampliar las\",\"inLanguage\":\"es-ES\",\"isPartOf\":{\"@id\":\"https:\\\/\\\/www.eldigitaldeasturias.com\\\/noticias\\\/#website\"},\"breadcrumb\":{\"@id\":\"https:\\\/\\\/www.eldigitaldeasturias.com\\\/noticias\\\/gallardon-dice-que-el-dano-psicologico-autorizara-el-aborto-y-no-la-malformacion\\\/#breadcrumblist\"},\"author\":{\"@id\":\"https:\\\/\\\/www.eldigitaldeasturias.com\\\/noticias\\\/author\\\/admin\\\/#author\"},\"creator\":{\"@id\":\"https:\\\/\\\/www.eldigitaldeasturias.com\\\/noticias\\\/author\\\/admin\\\/#author\"},\"image\":{\"@type\":\"ImageObject\",\"url\":482598,\"@id\":\"https:\\\/\\\/www.eldigitaldeasturias.com\\\/noticias\\\/gallardon-dice-que-el-dano-psicologico-autorizara-el-aborto-y-no-la-malformacion\\\/#mainImage\"},\"primaryImageOfPage\":{\"@id\":\"https:\\\/\\\/www.eldigitaldeasturias.com\\\/noticias\\\/gallardon-dice-que-el-dano-psicologico-autorizara-el-aborto-y-no-la-malformacion\\\/#mainImage\"},\"datePublished\":\"2014-02-03T16:19:43+01:00\",\"dateModified\":\"2014-02-03T16:19:43+01:00\"},{\"@type\":\"WebSite\",\"@id\":\"https:\\\/\\\/www.eldigitaldeasturias.com\\\/noticias\\\/#website\",\"url\":\"https:\\\/\\\/www.eldigitaldeasturias.com\\\/noticias\\\/\",\"name\":\"El Digital de Asturias - Diario de actualidad y noticias\",\"alternateName\":\"El Digital de Asturias - Diario de actualidad y noticias\",\"description\":\"Hemeroteca\",\"inLanguage\":\"es-ES\",\"publisher\":{\"@id\":\"https:\\\/\\\/www.eldigitaldeasturias.com\\\/noticias\\\/#organization\"}}]}\n\t\t<\/script>\n\t\t<!-- All in One SEO Pro -->\r\n\t\t<title>Gallard\u00f3n dice que el da\u00f1o psicol\u00f3gico autorizar\u00e1 el aborto y no la malformaci\u00f3n - El Digital de Asturias<\/title>\n\n","aioseo_head_json":{"title":"Gallard\u00f3n dice que el da\u00f1o psicol\u00f3gico autorizar\u00e1 el aborto y no la malformaci\u00f3n - El Digital de Asturias","description":"Madrid, 3 feb (EFE).- El ministro de Justicia, Alberto Ruiz-Gallard\u00f3n, ha asegurado hoy que \"el da\u00f1o psicol\u00f3gico de la mujer\" debido a una malformaci\u00f3n del feto \"ser\u00e1 el que autorice la interrupci\u00f3n del embarazo, pero no la discapacidad\" del no nacido. En una entrevista en Antena 3, Gallard\u00f3n ha defendido la necesidad de ampliar las","canonical_url":"https:\/\/www.eldigitaldeasturias.com\/noticias\/gallardon-dice-que-el-dano-psicologico-autorizara-el-aborto-y-no-la-malformacion\/","robots":"max-image-preview:large","keywords":"actualidad","webmasterTools":{"google-site-verification":"UA-38556648-1","msvalidate.01":"7dfe9f3f1b24437ab69f4f2559babe99","miscellaneous":""},"schema":{"@context":"https:\/\/schema.org","@graph":[{"@type":"BlogPosting","@id":"https:\/\/www.eldigitaldeasturias.com\/noticias\/gallardon-dice-que-el-dano-psicologico-autorizara-el-aborto-y-no-la-malformacion\/#blogposting","name":"Gallard\u00f3n dice que el da\u00f1o psicol\u00f3gico autorizar\u00e1 el aborto y no la malformaci\u00f3n - El Digital de Asturias","headline":"Gallard\u00f3n dice que el da\u00f1o psicol\u00f3gico autorizar\u00e1 el aborto y no la malformaci\u00f3n","author":{"@id":"https:\/\/www.eldigitaldeasturias.com\/noticias\/author\/admin\/#author"},"publisher":{"@id":"https:\/\/www.eldigitaldeasturias.com\/noticias\/#organization"},"image":{"@type":"ImageObject","url":482598},"datePublished":"2014-02-03T16:19:43+01:00","dateModified":"2014-02-03T16:19:43+01:00","inLanguage":"es-ES","mainEntityOfPage":{"@id":"https:\/\/www.eldigitaldeasturias.com\/noticias\/gallardon-dice-que-el-dano-psicologico-autorizara-el-aborto-y-no-la-malformacion\/#webpage"},"isPartOf":{"@id":"https:\/\/www.eldigitaldeasturias.com\/noticias\/gallardon-dice-que-el-dano-psicologico-autorizara-el-aborto-y-no-la-malformacion\/#webpage"},"articleSection":"Actualidad"},{"@type":"BreadcrumbList","@id":"https:\/\/www.eldigitaldeasturias.com\/noticias\/gallardon-dice-que-el-dano-psicologico-autorizara-el-aborto-y-no-la-malformacion\/#breadcrumblist","itemListElement":[{"@type":"ListItem","@id":"https:\/\/www.eldigitaldeasturias.com\/noticias#listItem","position":1,"name":"Home","item":"https:\/\/www.eldigitaldeasturias.com\/noticias","nextItem":{"@type":"ListItem","@id":"https:\/\/www.eldigitaldeasturias.com\/noticias\/category\/actualidad\/#listItem","name":"Actualidad"}},{"@type":"ListItem","@id":"https:\/\/www.eldigitaldeasturias.com\/noticias\/category\/actualidad\/#listItem","position":2,"name":"Actualidad","item":"https:\/\/www.eldigitaldeasturias.com\/noticias\/category\/actualidad\/","nextItem":{"@type":"ListItem","@id":"https:\/\/www.eldigitaldeasturias.com\/noticias\/gallardon-dice-que-el-dano-psicologico-autorizara-el-aborto-y-no-la-malformacion\/#listItem","name":"Gallard\u00f3n dice que el da\u00f1o psicol\u00f3gico autorizar\u00e1 el aborto y no la malformaci\u00f3n"},"previousItem":{"@type":"ListItem","@id":"https:\/\/www.eldigitaldeasturias.com\/noticias#listItem","name":"Home"}},{"@type":"ListItem","@id":"https:\/\/www.eldigitaldeasturias.com\/noticias\/gallardon-dice-que-el-dano-psicologico-autorizara-el-aborto-y-no-la-malformacion\/#listItem","position":3,"name":"Gallard\u00f3n dice que el da\u00f1o psicol\u00f3gico autorizar\u00e1 el aborto y no la malformaci\u00f3n","previousItem":{"@type":"ListItem","@id":"https:\/\/www.eldigitaldeasturias.com\/noticias\/category\/actualidad\/#listItem","name":"Actualidad"}}]},{"@type":"Organization","@id":"https:\/\/www.eldigitaldeasturias.com\/noticias\/#organization","name":"El Digital de Asturias","description":"Hemeroteca","url":"https:\/\/www.eldigitaldeasturias.com\/noticias\/","email":"info@eldigitaldeasturias.com","telephone":"+34652131393","logo":{"@type":"ImageObject","url":"https:\/\/www.eldigitaldeasturias.com\/noticias\/wp-content\/uploads\/2020\/12\/EDA.jpg","@id":"https:\/\/www.eldigitaldeasturias.com\/noticias\/gallardon-dice-que-el-dano-psicologico-autorizara-el-aborto-y-no-la-malformacion\/#organizationLogo"},"image":{"@id":"https:\/\/www.eldigitaldeasturias.com\/noticias\/gallardon-dice-que-el-dano-psicologico-autorizara-el-aborto-y-no-la-malformacion\/#organizationLogo"},"sameAs":["https:\/\/facebook.com\/eldigitaldeasturias","https:\/\/www.youtube.com\/channel\/UCZP-2wLEB9Rv6erhFmqVnvg"],"address":{"@id":"https:\/\/www.eldigitaldeasturias.com\/noticias\/#postaladdress","@type":"PostalAddress","streetAddress":"san antonio 4","postalCode":"33430","addressLocality":"Cand\u00e1s","addressRegion":"Asturias","addressCountry":"ES"}},{"@type":"Person","@id":"https:\/\/www.eldigitaldeasturias.com\/noticias\/author\/admin\/#author","url":"https:\/\/www.eldigitaldeasturias.com\/noticias\/author\/admin\/","name":"El Digital de Asturias","image":{"@type":"ImageObject","@id":"https:\/\/www.eldigitaldeasturias.com\/noticias\/gallardon-dice-que-el-dano-psicologico-autorizara-el-aborto-y-no-la-malformacion\/#authorImage","url":"https:\/\/secure.gravatar.com\/avatar\/df2aeffc32bcd13f8d26072ef8a91b623d677766deac7f97ca815868cd41bf5e?s=96&d=mm&r=g","width":96,"height":96,"caption":"El Digital de Asturias"}},{"@type":"WebPage","@id":"https:\/\/www.eldigitaldeasturias.com\/noticias\/gallardon-dice-que-el-dano-psicologico-autorizara-el-aborto-y-no-la-malformacion\/#webpage","url":"https:\/\/www.eldigitaldeasturias.com\/noticias\/gallardon-dice-que-el-dano-psicologico-autorizara-el-aborto-y-no-la-malformacion\/","name":"Gallard\u00f3n dice que el da\u00f1o psicol\u00f3gico autorizar\u00e1 el aborto y no la malformaci\u00f3n - El Digital de Asturias","description":"Madrid, 3 feb (EFE).- El ministro de Justicia, Alberto Ruiz-Gallard\u00f3n, ha asegurado hoy que \"el da\u00f1o psicol\u00f3gico de la mujer\" debido a una malformaci\u00f3n del feto \"ser\u00e1 el que autorice la interrupci\u00f3n del embarazo, pero no la discapacidad\" del no nacido. En una entrevista en Antena 3, Gallard\u00f3n ha defendido la necesidad de ampliar las","inLanguage":"es-ES","isPartOf":{"@id":"https:\/\/www.eldigitaldeasturias.com\/noticias\/#website"},"breadcrumb":{"@id":"https:\/\/www.eldigitaldeasturias.com\/noticias\/gallardon-dice-que-el-dano-psicologico-autorizara-el-aborto-y-no-la-malformacion\/#breadcrumblist"},"author":{"@id":"https:\/\/www.eldigitaldeasturias.com\/noticias\/author\/admin\/#author"},"creator":{"@id":"https:\/\/www.eldigitaldeasturias.com\/noticias\/author\/admin\/#author"},"image":{"@type":"ImageObject","url":482598,"@id":"https:\/\/www.eldigitaldeasturias.com\/noticias\/gallardon-dice-que-el-dano-psicologico-autorizara-el-aborto-y-no-la-malformacion\/#mainImage"},"primaryImageOfPage":{"@id":"https:\/\/www.eldigitaldeasturias.com\/noticias\/gallardon-dice-que-el-dano-psicologico-autorizara-el-aborto-y-no-la-malformacion\/#mainImage"},"datePublished":"2014-02-03T16:19:43+01:00","dateModified":"2014-02-03T16:19:43+01:00"},{"@type":"WebSite","@id":"https:\/\/www.eldigitaldeasturias.com\/noticias\/#website","url":"https:\/\/www.eldigitaldeasturias.com\/noticias\/","name":"El Digital de Asturias - Diario de actualidad y noticias","alternateName":"El Digital de Asturias - Diario de actualidad y noticias","description":"Hemeroteca","inLanguage":"es-ES","publisher":{"@id":"https:\/\/www.eldigitaldeasturias.com\/noticias\/#organization"}}]},"og:locale":"es_ES","og:site_name":"El Digital de Asturias","og:type":"article","og:title":"Gallard\u00f3n dice que el da\u00f1o psicol\u00f3gico autorizar\u00e1 el aborto y no la malformaci\u00f3n - El Digital de Asturias","og:description":"Madrid, 3 feb (EFE).- El ministro de Justicia, Alberto Ruiz-Gallard\u00f3n, ha asegurado hoy que &quot;el da\u00f1o psicol\u00f3gico de la mujer&quot; debido a una malformaci\u00f3n del feto &quot;ser\u00e1 el que autorice la interrupci\u00f3n del embarazo, pero no la discapacidad&quot; del no nacido. En una entrevista en Antena 3, Gallard\u00f3n ha defendido la necesidad de ampliar las","og:url":"https:\/\/www.eldigitaldeasturias.com\/noticias\/gallardon-dice-que-el-dano-psicologico-autorizara-el-aborto-y-no-la-malformacion\/","article:tag":["actualidad"],"article:published_time":"2014-02-03T17:19:43+00:00","article:modified_time":"2014-02-03T17:19:43+00:00","article:publisher":"https:\/\/facebook.com\/eldigitaldeasturias","twitter:card":"summary_large_image","twitter:title":"Gallard\u00f3n dice que el da\u00f1o psicol\u00f3gico autorizar\u00e1 el aborto y no la malformaci\u00f3n - El Digital de Asturias","twitter:description":"Madrid, 3 feb (EFE).- El ministro de Justicia, Alberto Ruiz-Gallard\u00f3n, ha asegurado hoy que &quot;el da\u00f1o psicol\u00f3gico de la mujer&quot; debido a una malformaci\u00f3n del feto &quot;ser\u00e1 el que autorice la interrupci\u00f3n del embarazo, pero no la discapacidad&quot; del no nacido. En una entrevista en Antena 3, Gallard\u00f3n ha defendido la necesidad de ampliar las","twitter:label1":"Escrito por","twitter:data1":"El Digital de Asturias","twitter:label2":"Tiempo de lectura estimado","twitter:data2":"1 minuto"},"aioseo_meta_data":{"post_id":"482597","title":null,"description":null,"keywords":null,"keyphrases":null,"primary_term":null,"canonical_url":null,"og_title":null,"og_description":null,"og_object_type":"default","og_image_type":"default","og_image_url":null,"og_image_width":null,"og_image_height":null,"og_image_custom_url":null,"og_image_custom_fields":null,"og_video":null,"og_custom_url":null,"og_article_section":null,"og_article_tags":null,"twitter_use_og":true,"twitter_card":"default","twitter_image_type":"default","twitter_image_url":null,"twitter_image_custom_url":null,"twitter_image_custom_fields":null,"twitter_title":null,"twitter_description":null,"schema":{"blockGraphs":[],"customGraphs":[],"default":{"data":{"Article":[],"Course":[],"Dataset":[],"FAQPage":[],"Movie":[],"Person":[],"Product":[],"ProductReview":[],"Car":[],"Recipe":[],"Service":[],"SoftwareApplication":[],"WebPage":[]},"graphName":"","isEnabled":true},"graphs":[],"defaultGraph":"","defaultPostTypeGraph":""},"schema_type":null,"schema_type_options":null,"pillar_content":false,"robots_default":true,"robots_noindex":false,"robots_noarchive":false,"robots_nosnippet":false,"robots_nofollow":false,"robots_noimageindex":false,"robots_noodp":false,"robots_notranslate":false,"robots_max_snippet":null,"robots_max_videopreview":null,"robots_max_imagepreview":"none","priority":null,"frequency":null,"local_seo":null,"seo_analyzer_scan_date":"2026-06-02 10:20:55","breadcrumb_settings":null,"limit_modified_date":false,"open_ai":null,"ai":null,"created":"2020-11-14 22:54:37","updated":"2026-06-02 10:20:55","focus_keyword":null,"additional_keywords":null,"truseo_locale":null},"aioseo_breadcrumb":"<div class=\"aioseo-breadcrumbs\"><span class=\"aioseo-breadcrumb\">\n\t<a href=\"https:\/\/www.eldigitaldeasturias.com\/noticias\" title=\"Home\">Home<\/a>\n<\/span><span class=\"aioseo-breadcrumb-separator\">\u2013<\/span><span class=\"aioseo-breadcrumb\">\n\t<a href=\"https:\/\/www.eldigitaldeasturias.com\/noticias\/category\/actualidad\/\" title=\"Actualidad\">Actualidad<\/a>\n<\/span><span class=\"aioseo-breadcrumb-separator\">\u2013<\/span><span class=\"aioseo-breadcrumb\">\n\t<a href=\"https:\/\/www.eldigitaldeasturias.com\/noticias\/gallardon-dice-que-el-dano-psicologico-autorizara-el-aborto-y-no-la-malformacion\/\" title=\"Gallard\u00f3n dice que el da\u00f1o psicol\u00f3gico autorizar\u00e1 el aborto y no la malformaci\u00f3n\">Gallard\u00f3n dice que el da\u00f1o psicol\u00f3gico autorizar\u00e1 el aborto y no la malformaci\u00f3n<\/a>\n<\/span><\/div>","aioseo_breadcrumb_json":[{"label":"Home","link":"https:\/\/www.eldigitaldeasturias.com\/noticias"},{"label":"Actualidad","link":"https:\/\/www.eldigitaldeasturias.com\/noticias\/category\/actualidad\/"},{"label":"Gallard\u00f3n dice que el da\u00f1o psicol\u00f3gico autorizar\u00e1 el aborto y no la malformaci\u00f3n","link":"https:\/\/www.eldigitaldeasturias.com\/noticias\/gallardon-dice-que-el-dano-psicologico-autorizara-el-aborto-y-no-la-malformacion\/"}],"_links":{"self":[{"href":"https:\/\/www.eldigitaldeasturias.com\/noticias\/wp-json\/wp\/v2\/posts\/482597","targetHints":{"allow":["GET"]}}],"collection":[{"href":"https:\/\/www.eldigitaldeasturias.com\/noticias\/wp-json\/wp\/v2\/posts"}],"about":[{"href":"https:\/\/www.eldigitaldeasturias.com\/noticias\/wp-json\/wp\/v2\/types\/post"}],"author":[{"embeddable":true,"href":"https:\/\/www.eldigitaldeasturias.com\/noticias\/wp-json\/wp\/v2\/users\/1"}],"replies":[{"embeddable":true,"href":"https:\/\/www.eldigitaldeasturias.com\/noticias\/wp-json\/wp\/v2\/comments?post=482597"}],"version-history":[{"count":0,"href":"https:\/\/www.eldigitaldeasturias.com\/noticias\/wp-json\/wp\/v2\/posts\/482597\/revisions"}],"wp:attachment":[{"href":"https:\/\/www.eldigitaldeasturias.com\/noticias\/wp-json\/wp\/v2\/media?parent=482597"}],"wp:term":[{"taxonomy":"category","embeddable":true,"href":"https:\/\/www.eldigitaldeasturias.com\/noticias\/wp-json\/wp\/v2\/categories?post=482597"},{"taxonomy":"post_tag","embeddable":true,"href":"https:\/\/www.eldigitaldeasturias.com\/noticias\/wp-json\/wp\/v2\/tags?post=482597"}],"curies":[{"name":"wp","href":"https:\/\/api.w.org\/{rel}","templated":true}]}}