{"id":482581,"date":"2014-02-03T15:37:09","date_gmt":"2014-02-03T16:37:09","guid":{"rendered":"http:\/\/www.eldigitaldeasturias.com\/noticias\/?p=482581"},"modified":"2014-02-03T16:11:28","modified_gmt":"2014-02-03T17:11:28","slug":"rescatado-un-matrimonio-de-su-vivienda-en-llamas-en-cudillero","status":"publish","type":"post","link":"https:\/\/www.eldigitaldeasturias.com\/noticias\/rescatado-un-matrimonio-de-su-vivienda-en-llamas-en-cudillero\/","title":{"rendered":"Rescatado un matrimonio de su vivienda en llamas en Cudillero"},"content":{"rendered":"<p><img loading=\"lazy\" decoding=\"async\" class=\"alignleft size-medium wp-image-348\" alt=\"guardiacivil_\" src=\"https:\/\/www.eldigitaldeasturias.com\/noticias\/wp-content\/uploads\/2013\/09\/guardiacivil_-360x270.jpg\" width=\"360\" height=\"270\" \/>Oviedo, 3 feb (EFE).- La Guardia Civil ha rescatado de su vivienda a un matrimonio en la localidad de Pr\u00e1maro en Cudillero despu\u00e9s de que se declarara un incendio en la casa en la que poco m\u00e1s tarde de ser desalojados se produjo el desprendimiento de parte del techo y de la escalera.<\/p>\n<p>Sobre las 23:30 horas del pasado s\u00e1bado la patrulla de la Guardia Civil del puesto del Pito recibi\u00f3 aviso para trasladarse a la localidad del Pr\u00e1maro, donde se hab\u00eda declarado un incendio en el desv\u00e1n de una vivienda, que constaba de dos plantas y desv\u00e1n.<\/p>\n<p>Una vez en el lugar, los agentes se entrevistaron con las personas que hab\u00eda en el exterior, que se encontraban en el desv\u00e1n intentando sofocar el fuego, informa el Cuerpo.<\/p>\n<p>Inmediatamente despu\u00e9s de desalojar la vivienda, se produjo el desprendimiento de parte del techo y de la escalera.<\/p>\n<p>Una patrulla de la Guardia Civil de Pravia acudi\u00f3 en apoyo para indicar el lugar del incendio a los bomberos y asegurar el lugar del siniestro con el fin de evitar que se produjeran da\u00f1os personales entre las personas all\u00ed congregadas.<\/p>\n<p>A continuaci\u00f3n, el equipo de Bomberos de Pravia con dos motobombas procedi\u00f3 a sofocar el incendio.<\/p>\n<p>La vivienda qued\u00f3 cerrada debido a su estado mientras que los propietarios de la misma quedaron alojados en la casa de unos familiares.<\/p>\n<p>Las primeras pesquisas de la Guardia Civil apuntan al conducto de la chimenea como el lugar en el que se pudo originar el incendio, sobre el que contin\u00faan las gestiones para esclarecer los hechos.<\/p>\n","protected":false},"excerpt":{"rendered":"<p>Oviedo, 3 feb (EFE).- La Guardia Civil ha rescatado de su vivienda a un matrimonio en la localidad de Pr\u00e1maro en Cudillero despu\u00e9s de que se declarara un incendio en la casa en la que poco m\u00e1s tarde de ser desalojados se produjo el desprendimiento de parte del techo y de la escalera. Sobre las [&hellip;]<\/p>\n","protected":false},"author":1,"featured_media":1132184,"comment_status":"closed","ping_status":"open","sticky":false,"template":"","format":"standard","meta":{"footnotes":""},"categories":[1,12],"tags":[],"class_list":["post-482581","post","type-post","status-publish","format-standard","has-post-thumbnail","hentry","category-actualidad","category-actualidad-asturias"],"aioseo_notices":[],"aioseo_head":"\n\t\t<!-- All in One SEO Pro 5.0.1 - aioseo.com -->\n\t<meta name=\"description\" content=\"Oviedo, 3 feb (EFE).- La Guardia Civil ha rescatado de su vivienda a un matrimonio en la localidad de Pr\u00e1maro en Cudillero despu\u00e9s de que se declarara un incendio en la casa en la que poco m\u00e1s tarde de ser desalojados se produjo el desprendimiento de parte del techo y de la escalera. Sobre las\" \/>\n\t<meta name=\"robots\" content=\"max-image-preview:large\" \/>\n\t<meta name=\"author\" content=\"El Digital de Asturias\"\/>\n\t<meta name=\"google-site-verification\" content=\"UA-38556648-1\" \/>\n\t<meta name=\"msvalidate.01\" content=\"7dfe9f3f1b24437ab69f4f2559babe99\" \/>\n\t<meta name=\"keywords\" content=\"actualidad,actualidad asturias\" \/>\n\t<link rel=\"canonical\" href=\"https:\/\/www.eldigitaldeasturias.com\/noticias\/rescatado-un-matrimonio-de-su-vivienda-en-llamas-en-cudillero\/\" \/>\n\t<meta name=\"generator\" content=\"All in One SEO Pro (AIOSEO) 5.0.1\" \/>\n\t\t<meta property=\"og:locale\" content=\"es_ES\" \/>\n\t\t<meta property=\"og:site_name\" content=\"El Digital de Asturias\" \/>\n\t\t<meta property=\"og:type\" content=\"article\" \/>\n\t\t<meta property=\"og:title\" content=\"Rescatado un matrimonio de su vivienda en llamas en Cudillero - El Digital de Asturias\" \/>\n\t\t<meta property=\"og:description\" content=\"Oviedo, 3 feb (EFE).- La Guardia Civil ha rescatado de su vivienda a un matrimonio en la localidad de Pr\u00e1maro en Cudillero despu\u00e9s de que se declarara un incendio en la casa en la que poco m\u00e1s tarde de ser desalojados se produjo el desprendimiento de parte del techo y de la escalera. Sobre las\" \/>\n\t\t<meta property=\"og:url\" content=\"https:\/\/www.eldigitaldeasturias.com\/noticias\/rescatado-un-matrimonio-de-su-vivienda-en-llamas-en-cudillero\/\" \/>\n\t\t<meta property=\"og:image\" content=\"https:\/\/www.eldigitaldeasturias.com\/noticias\/wp-content\/uploads\/2026\/06\/Contenidos.jpg\" \/>\n\t\t<meta property=\"og:image:secure_url\" content=\"https:\/\/www.eldigitaldeasturias.com\/noticias\/wp-content\/uploads\/2026\/06\/Contenidos.jpg\" \/>\n\t\t<meta property=\"og:image:width\" content=\"1265\" \/>\n\t\t<meta property=\"og:image:height\" content=\"697\" \/>\n\t\t<meta property=\"article:tag\" content=\"actualidad\" \/>\n\t\t<meta property=\"article:tag\" content=\"actualidad asturias\" \/>\n\t\t<meta property=\"article:published_time\" content=\"2014-02-03T16:37:09+00:00\" \/>\n\t\t<meta property=\"article:modified_time\" content=\"2014-02-03T17:11:28+00:00\" \/>\n\t\t<meta property=\"article:publisher\" content=\"https:\/\/facebook.com\/eldigitaldeasturias\" \/>\n\t\t<meta name=\"twitter:card\" content=\"summary_large_image\" \/>\n\t\t<meta name=\"twitter:title\" content=\"Rescatado un matrimonio de su vivienda en llamas en Cudillero - El Digital de Asturias\" \/>\n\t\t<meta name=\"twitter:description\" content=\"Oviedo, 3 feb (EFE).- La Guardia Civil ha rescatado de su vivienda a un matrimonio en la localidad de Pr\u00e1maro en Cudillero despu\u00e9s de que se declarara un incendio en la casa en la que poco m\u00e1s tarde de ser desalojados se produjo el desprendimiento de parte del techo y de la escalera. Sobre las\" \/>\n\t\t<meta name=\"twitter:image\" content=\"https:\/\/www.eldigitaldeasturias.com\/noticias\/wp-content\/uploads\/2026\/06\/Contenidos.jpg\" \/>\n\t\t<meta name=\"twitter:label1\" content=\"Escrito por\" \/>\n\t\t<meta name=\"twitter:data1\" content=\"El Digital de Asturias\" \/>\n\t\t<meta name=\"twitter:label2\" content=\"Tiempo de lectura estimado\" \/>\n\t\t<meta name=\"twitter:data2\" content=\"1 minuto\" \/>\n\t\t<script type=\"application\/ld+json\" class=\"aioseo-schema\">\n\t\t\t{\"@context\":\"https:\\\/\\\/schema.org\",\"@graph\":[{\"@type\":\"BlogPosting\",\"@id\":\"https:\\\/\\\/www.eldigitaldeasturias.com\\\/noticias\\\/rescatado-un-matrimonio-de-su-vivienda-en-llamas-en-cudillero\\\/#blogposting\",\"name\":\"Rescatado un matrimonio de su vivienda en llamas en Cudillero - El Digital de Asturias\",\"headline\":\"Rescatado un matrimonio de su vivienda en llamas en Cudillero\",\"author\":{\"@id\":\"https:\\\/\\\/www.eldigitaldeasturias.com\\\/noticias\\\/author\\\/admin\\\/#author\"},\"publisher\":{\"@id\":\"https:\\\/\\\/www.eldigitaldeasturias.com\\\/noticias\\\/#organization\"},\"image\":{\"@type\":\"ImageObject\",\"url\":\"https:\\\/\\\/www.eldigitaldeasturias.com\\\/noticias\\\/wp-content\\\/uploads\\\/2026\\\/06\\\/Contenidos.jpg\",\"width\":1265,\"height\":697,\"caption\":\"Contenidos\"},\"datePublished\":\"2014-02-03T15:37:09+01:00\",\"dateModified\":\"2014-02-03T16:11:28+01:00\",\"inLanguage\":\"es-ES\",\"mainEntityOfPage\":{\"@id\":\"https:\\\/\\\/www.eldigitaldeasturias.com\\\/noticias\\\/rescatado-un-matrimonio-de-su-vivienda-en-llamas-en-cudillero\\\/#webpage\"},\"isPartOf\":{\"@id\":\"https:\\\/\\\/www.eldigitaldeasturias.com\\\/noticias\\\/rescatado-un-matrimonio-de-su-vivienda-en-llamas-en-cudillero\\\/#webpage\"},\"articleSection\":\"Actualidad, Actualidad Asturias\"},{\"@type\":\"BreadcrumbList\",\"@id\":\"https:\\\/\\\/www.eldigitaldeasturias.com\\\/noticias\\\/rescatado-un-matrimonio-de-su-vivienda-en-llamas-en-cudillero\\\/#breadcrumblist\",\"itemListElement\":[{\"@type\":\"ListItem\",\"@id\":\"https:\\\/\\\/www.eldigitaldeasturias.com\\\/noticias#listItem\",\"position\":1,\"name\":\"Home\",\"item\":\"https:\\\/\\\/www.eldigitaldeasturias.com\\\/noticias\",\"nextItem\":{\"@type\":\"ListItem\",\"@id\":\"https:\\\/\\\/www.eldigitaldeasturias.com\\\/noticias\\\/category\\\/actualidad\\\/#listItem\",\"name\":\"Actualidad\"}},{\"@type\":\"ListItem\",\"@id\":\"https:\\\/\\\/www.eldigitaldeasturias.com\\\/noticias\\\/category\\\/actualidad\\\/#listItem\",\"position\":2,\"name\":\"Actualidad\",\"item\":\"https:\\\/\\\/www.eldigitaldeasturias.com\\\/noticias\\\/category\\\/actualidad\\\/\",\"nextItem\":{\"@type\":\"ListItem\",\"@id\":\"https:\\\/\\\/www.eldigitaldeasturias.com\\\/noticias\\\/rescatado-un-matrimonio-de-su-vivienda-en-llamas-en-cudillero\\\/#listItem\",\"name\":\"Rescatado un matrimonio de su vivienda en llamas en Cudillero\"},\"previousItem\":{\"@type\":\"ListItem\",\"@id\":\"https:\\\/\\\/www.eldigitaldeasturias.com\\\/noticias#listItem\",\"name\":\"Home\"}},{\"@type\":\"ListItem\",\"@id\":\"https:\\\/\\\/www.eldigitaldeasturias.com\\\/noticias\\\/rescatado-un-matrimonio-de-su-vivienda-en-llamas-en-cudillero\\\/#listItem\",\"position\":3,\"name\":\"Rescatado un matrimonio de su vivienda en llamas en Cudillero\",\"previousItem\":{\"@type\":\"ListItem\",\"@id\":\"https:\\\/\\\/www.eldigitaldeasturias.com\\\/noticias\\\/category\\\/actualidad\\\/#listItem\",\"name\":\"Actualidad\"}}]},{\"@type\":\"Organization\",\"@id\":\"https:\\\/\\\/www.eldigitaldeasturias.com\\\/noticias\\\/#organization\",\"name\":\"El Digital de Asturias\",\"description\":\"Hemeroteca\",\"url\":\"https:\\\/\\\/www.eldigitaldeasturias.com\\\/noticias\\\/\",\"email\":\"info@eldigitaldeasturias.com\",\"telephone\":\"+34652131393\",\"logo\":{\"@type\":\"ImageObject\",\"url\":\"https:\\\/\\\/www.eldigitaldeasturias.com\\\/noticias\\\/wp-content\\\/uploads\\\/2020\\\/12\\\/EDA.jpg\",\"@id\":\"https:\\\/\\\/www.eldigitaldeasturias.com\\\/noticias\\\/rescatado-un-matrimonio-de-su-vivienda-en-llamas-en-cudillero\\\/#organizationLogo\"},\"image\":{\"@id\":\"https:\\\/\\\/www.eldigitaldeasturias.com\\\/noticias\\\/rescatado-un-matrimonio-de-su-vivienda-en-llamas-en-cudillero\\\/#organizationLogo\"},\"sameAs\":[\"https:\\\/\\\/facebook.com\\\/eldigitaldeasturias\",\"https:\\\/\\\/www.youtube.com\\\/channel\\\/UCZP-2wLEB9Rv6erhFmqVnvg\"],\"address\":{\"@id\":\"https:\\\/\\\/www.eldigitaldeasturias.com\\\/noticias\\\/#postaladdress\",\"@type\":\"PostalAddress\",\"streetAddress\":\"san antonio 4\",\"postalCode\":\"33430\",\"addressLocality\":\"Cand\\u00e1s\",\"addressRegion\":\"Asturias\",\"addressCountry\":\"ES\"}},{\"@type\":\"Person\",\"@id\":\"https:\\\/\\\/www.eldigitaldeasturias.com\\\/noticias\\\/author\\\/admin\\\/#author\",\"url\":\"https:\\\/\\\/www.eldigitaldeasturias.com\\\/noticias\\\/author\\\/admin\\\/\",\"name\":\"El Digital de Asturias\",\"image\":{\"@type\":\"ImageObject\",\"@id\":\"https:\\\/\\\/www.eldigitaldeasturias.com\\\/noticias\\\/rescatado-un-matrimonio-de-su-vivienda-en-llamas-en-cudillero\\\/#authorImage\",\"url\":\"https:\\\/\\\/secure.gravatar.com\\\/avatar\\\/df2aeffc32bcd13f8d26072ef8a91b623d677766deac7f97ca815868cd41bf5e?s=96&d=mm&r=g\",\"width\":96,\"height\":96,\"caption\":\"El Digital de Asturias\"}},{\"@type\":\"WebPage\",\"@id\":\"https:\\\/\\\/www.eldigitaldeasturias.com\\\/noticias\\\/rescatado-un-matrimonio-de-su-vivienda-en-llamas-en-cudillero\\\/#webpage\",\"url\":\"https:\\\/\\\/www.eldigitaldeasturias.com\\\/noticias\\\/rescatado-un-matrimonio-de-su-vivienda-en-llamas-en-cudillero\\\/\",\"name\":\"Rescatado un matrimonio de su vivienda en llamas en Cudillero - El Digital de Asturias\",\"description\":\"Oviedo, 3 feb (EFE).- La Guardia Civil ha rescatado de su vivienda a un matrimonio en la localidad de Pr\\u00e1maro en Cudillero despu\\u00e9s de que se declarara un incendio en la casa en la que poco m\\u00e1s tarde de ser desalojados se produjo el desprendimiento de parte del techo y de la escalera. Sobre las\",\"inLanguage\":\"es-ES\",\"isPartOf\":{\"@id\":\"https:\\\/\\\/www.eldigitaldeasturias.com\\\/noticias\\\/#website\"},\"breadcrumb\":{\"@id\":\"https:\\\/\\\/www.eldigitaldeasturias.com\\\/noticias\\\/rescatado-un-matrimonio-de-su-vivienda-en-llamas-en-cudillero\\\/#breadcrumblist\"},\"author\":{\"@id\":\"https:\\\/\\\/www.eldigitaldeasturias.com\\\/noticias\\\/author\\\/admin\\\/#author\"},\"creator\":{\"@id\":\"https:\\\/\\\/www.eldigitaldeasturias.com\\\/noticias\\\/author\\\/admin\\\/#author\"},\"image\":{\"@type\":\"ImageObject\",\"url\":\"https:\\\/\\\/www.eldigitaldeasturias.com\\\/noticias\\\/wp-content\\\/uploads\\\/2026\\\/06\\\/Contenidos.jpg\",\"@id\":\"https:\\\/\\\/www.eldigitaldeasturias.com\\\/noticias\\\/rescatado-un-matrimonio-de-su-vivienda-en-llamas-en-cudillero\\\/#mainImage\",\"width\":1265,\"height\":697,\"caption\":\"Contenidos\"},\"primaryImageOfPage\":{\"@id\":\"https:\\\/\\\/www.eldigitaldeasturias.com\\\/noticias\\\/rescatado-un-matrimonio-de-su-vivienda-en-llamas-en-cudillero\\\/#mainImage\"},\"datePublished\":\"2014-02-03T15:37:09+01:00\",\"dateModified\":\"2014-02-03T16:11:28+01:00\"},{\"@type\":\"WebSite\",\"@id\":\"https:\\\/\\\/www.eldigitaldeasturias.com\\\/noticias\\\/#website\",\"url\":\"https:\\\/\\\/www.eldigitaldeasturias.com\\\/noticias\\\/\",\"name\":\"El Digital de Asturias - Diario de actualidad y noticias\",\"alternateName\":\"El Digital de Asturias - Diario de actualidad y noticias\",\"description\":\"Hemeroteca\",\"inLanguage\":\"es-ES\",\"publisher\":{\"@id\":\"https:\\\/\\\/www.eldigitaldeasturias.com\\\/noticias\\\/#organization\"}}]}\n\t\t<\/script>\n\t\t<!-- All in One SEO Pro -->\r\n\t\t<title>Rescatado un matrimonio de su vivienda en llamas en Cudillero - El Digital de Asturias<\/title>\n\n","aioseo_head_json":{"title":"Rescatado un matrimonio de su vivienda en llamas en Cudillero - El Digital de Asturias","description":"Oviedo, 3 feb (EFE).- La Guardia Civil ha rescatado de su vivienda a un matrimonio en la localidad de Pr\u00e1maro en Cudillero despu\u00e9s de que se declarara un incendio en la casa en la que poco m\u00e1s tarde de ser desalojados se produjo el desprendimiento de parte del techo y de la escalera. Sobre las","canonical_url":"https:\/\/www.eldigitaldeasturias.com\/noticias\/rescatado-un-matrimonio-de-su-vivienda-en-llamas-en-cudillero\/","robots":"max-image-preview:large","keywords":"actualidad,actualidad asturias","webmasterTools":{"google-site-verification":"UA-38556648-1","msvalidate.01":"7dfe9f3f1b24437ab69f4f2559babe99","miscellaneous":""},"schema":{"@context":"https:\/\/schema.org","@graph":[{"@type":"BlogPosting","@id":"https:\/\/www.eldigitaldeasturias.com\/noticias\/rescatado-un-matrimonio-de-su-vivienda-en-llamas-en-cudillero\/#blogposting","name":"Rescatado un matrimonio de su vivienda en llamas en Cudillero - El Digital de Asturias","headline":"Rescatado un matrimonio de su vivienda en llamas en Cudillero","author":{"@id":"https:\/\/www.eldigitaldeasturias.com\/noticias\/author\/admin\/#author"},"publisher":{"@id":"https:\/\/www.eldigitaldeasturias.com\/noticias\/#organization"},"image":{"@type":"ImageObject","url":"https:\/\/www.eldigitaldeasturias.com\/noticias\/wp-content\/uploads\/2026\/06\/Contenidos.jpg","width":1265,"height":697,"caption":"Contenidos"},"datePublished":"2014-02-03T15:37:09+01:00","dateModified":"2014-02-03T16:11:28+01:00","inLanguage":"es-ES","mainEntityOfPage":{"@id":"https:\/\/www.eldigitaldeasturias.com\/noticias\/rescatado-un-matrimonio-de-su-vivienda-en-llamas-en-cudillero\/#webpage"},"isPartOf":{"@id":"https:\/\/www.eldigitaldeasturias.com\/noticias\/rescatado-un-matrimonio-de-su-vivienda-en-llamas-en-cudillero\/#webpage"},"articleSection":"Actualidad, Actualidad Asturias"},{"@type":"BreadcrumbList","@id":"https:\/\/www.eldigitaldeasturias.com\/noticias\/rescatado-un-matrimonio-de-su-vivienda-en-llamas-en-cudillero\/#breadcrumblist","itemListElement":[{"@type":"ListItem","@id":"https:\/\/www.eldigitaldeasturias.com\/noticias#listItem","position":1,"name":"Home","item":"https:\/\/www.eldigitaldeasturias.com\/noticias","nextItem":{"@type":"ListItem","@id":"https:\/\/www.eldigitaldeasturias.com\/noticias\/category\/actualidad\/#listItem","name":"Actualidad"}},{"@type":"ListItem","@id":"https:\/\/www.eldigitaldeasturias.com\/noticias\/category\/actualidad\/#listItem","position":2,"name":"Actualidad","item":"https:\/\/www.eldigitaldeasturias.com\/noticias\/category\/actualidad\/","nextItem":{"@type":"ListItem","@id":"https:\/\/www.eldigitaldeasturias.com\/noticias\/rescatado-un-matrimonio-de-su-vivienda-en-llamas-en-cudillero\/#listItem","name":"Rescatado un matrimonio de su vivienda en llamas en Cudillero"},"previousItem":{"@type":"ListItem","@id":"https:\/\/www.eldigitaldeasturias.com\/noticias#listItem","name":"Home"}},{"@type":"ListItem","@id":"https:\/\/www.eldigitaldeasturias.com\/noticias\/rescatado-un-matrimonio-de-su-vivienda-en-llamas-en-cudillero\/#listItem","position":3,"name":"Rescatado un matrimonio de su vivienda en llamas en Cudillero","previousItem":{"@type":"ListItem","@id":"https:\/\/www.eldigitaldeasturias.com\/noticias\/category\/actualidad\/#listItem","name":"Actualidad"}}]},{"@type":"Organization","@id":"https:\/\/www.eldigitaldeasturias.com\/noticias\/#organization","name":"El Digital de Asturias","description":"Hemeroteca","url":"https:\/\/www.eldigitaldeasturias.com\/noticias\/","email":"info@eldigitaldeasturias.com","telephone":"+34652131393","logo":{"@type":"ImageObject","url":"https:\/\/www.eldigitaldeasturias.com\/noticias\/wp-content\/uploads\/2020\/12\/EDA.jpg","@id":"https:\/\/www.eldigitaldeasturias.com\/noticias\/rescatado-un-matrimonio-de-su-vivienda-en-llamas-en-cudillero\/#organizationLogo"},"image":{"@id":"https:\/\/www.eldigitaldeasturias.com\/noticias\/rescatado-un-matrimonio-de-su-vivienda-en-llamas-en-cudillero\/#organizationLogo"},"sameAs":["https:\/\/facebook.com\/eldigitaldeasturias","https:\/\/www.youtube.com\/channel\/UCZP-2wLEB9Rv6erhFmqVnvg"],"address":{"@id":"https:\/\/www.eldigitaldeasturias.com\/noticias\/#postaladdress","@type":"PostalAddress","streetAddress":"san antonio 4","postalCode":"33430","addressLocality":"Cand\u00e1s","addressRegion":"Asturias","addressCountry":"ES"}},{"@type":"Person","@id":"https:\/\/www.eldigitaldeasturias.com\/noticias\/author\/admin\/#author","url":"https:\/\/www.eldigitaldeasturias.com\/noticias\/author\/admin\/","name":"El Digital de Asturias","image":{"@type":"ImageObject","@id":"https:\/\/www.eldigitaldeasturias.com\/noticias\/rescatado-un-matrimonio-de-su-vivienda-en-llamas-en-cudillero\/#authorImage","url":"https:\/\/secure.gravatar.com\/avatar\/df2aeffc32bcd13f8d26072ef8a91b623d677766deac7f97ca815868cd41bf5e?s=96&d=mm&r=g","width":96,"height":96,"caption":"El Digital de Asturias"}},{"@type":"WebPage","@id":"https:\/\/www.eldigitaldeasturias.com\/noticias\/rescatado-un-matrimonio-de-su-vivienda-en-llamas-en-cudillero\/#webpage","url":"https:\/\/www.eldigitaldeasturias.com\/noticias\/rescatado-un-matrimonio-de-su-vivienda-en-llamas-en-cudillero\/","name":"Rescatado un matrimonio de su vivienda en llamas en Cudillero - El Digital de Asturias","description":"Oviedo, 3 feb (EFE).- La Guardia Civil ha rescatado de su vivienda a un matrimonio en la localidad de Pr\u00e1maro en Cudillero despu\u00e9s de que se declarara un incendio en la casa en la que poco m\u00e1s tarde de ser desalojados se produjo el desprendimiento de parte del techo y de la escalera. Sobre las","inLanguage":"es-ES","isPartOf":{"@id":"https:\/\/www.eldigitaldeasturias.com\/noticias\/#website"},"breadcrumb":{"@id":"https:\/\/www.eldigitaldeasturias.com\/noticias\/rescatado-un-matrimonio-de-su-vivienda-en-llamas-en-cudillero\/#breadcrumblist"},"author":{"@id":"https:\/\/www.eldigitaldeasturias.com\/noticias\/author\/admin\/#author"},"creator":{"@id":"https:\/\/www.eldigitaldeasturias.com\/noticias\/author\/admin\/#author"},"image":{"@type":"ImageObject","url":"https:\/\/www.eldigitaldeasturias.com\/noticias\/wp-content\/uploads\/2026\/06\/Contenidos.jpg","@id":"https:\/\/www.eldigitaldeasturias.com\/noticias\/rescatado-un-matrimonio-de-su-vivienda-en-llamas-en-cudillero\/#mainImage","width":1265,"height":697,"caption":"Contenidos"},"primaryImageOfPage":{"@id":"https:\/\/www.eldigitaldeasturias.com\/noticias\/rescatado-un-matrimonio-de-su-vivienda-en-llamas-en-cudillero\/#mainImage"},"datePublished":"2014-02-03T15:37:09+01:00","dateModified":"2014-02-03T16:11:28+01:00"},{"@type":"WebSite","@id":"https:\/\/www.eldigitaldeasturias.com\/noticias\/#website","url":"https:\/\/www.eldigitaldeasturias.com\/noticias\/","name":"El Digital de Asturias - Diario de actualidad y noticias","alternateName":"El Digital de Asturias - Diario de actualidad y noticias","description":"Hemeroteca","inLanguage":"es-ES","publisher":{"@id":"https:\/\/www.eldigitaldeasturias.com\/noticias\/#organization"}}]},"og:locale":"es_ES","og:site_name":"El Digital de Asturias","og:type":"article","og:title":"Rescatado un matrimonio de su vivienda en llamas en Cudillero - El Digital de Asturias","og:description":"Oviedo, 3 feb (EFE).- La Guardia Civil ha rescatado de su vivienda a un matrimonio en la localidad de Pr\u00e1maro en Cudillero despu\u00e9s de que se declarara un incendio en la casa en la que poco m\u00e1s tarde de ser desalojados se produjo el desprendimiento de parte del techo y de la escalera. Sobre las","og:url":"https:\/\/www.eldigitaldeasturias.com\/noticias\/rescatado-un-matrimonio-de-su-vivienda-en-llamas-en-cudillero\/","og:image":"https:\/\/www.eldigitaldeasturias.com\/noticias\/wp-content\/uploads\/2026\/06\/Contenidos.jpg","og:image:secure_url":"https:\/\/www.eldigitaldeasturias.com\/noticias\/wp-content\/uploads\/2026\/06\/Contenidos.jpg","og:image:width":1265,"og:image:height":697,"article:tag":["actualidad","actualidad asturias"],"article:published_time":"2014-02-03T16:37:09+00:00","article:modified_time":"2014-02-03T17:11:28+00:00","article:publisher":"https:\/\/facebook.com\/eldigitaldeasturias","twitter:card":"summary_large_image","twitter:title":"Rescatado un matrimonio de su vivienda en llamas en Cudillero - El Digital de Asturias","twitter:description":"Oviedo, 3 feb (EFE).- La Guardia Civil ha rescatado de su vivienda a un matrimonio en la localidad de Pr\u00e1maro en Cudillero despu\u00e9s de que se declarara un incendio en la casa en la que poco m\u00e1s tarde de ser desalojados se produjo el desprendimiento de parte del techo y de la escalera. Sobre las","twitter:image":"https:\/\/www.eldigitaldeasturias.com\/noticias\/wp-content\/uploads\/2026\/06\/Contenidos.jpg","twitter:label1":"Escrito por","twitter:data1":"El Digital de Asturias","twitter:label2":"Tiempo de lectura estimado","twitter:data2":"1 minuto"},"aioseo_meta_data":{"post_id":"482581","title":null,"description":null,"keywords":null,"keyphrases":null,"primary_term":null,"canonical_url":null,"og_title":null,"og_description":null,"og_object_type":"default","og_image_type":"default","og_image_url":null,"og_image_width":null,"og_image_height":null,"og_image_custom_url":null,"og_image_custom_fields":null,"og_video":null,"og_custom_url":null,"og_article_section":null,"og_article_tags":null,"twitter_use_og":true,"twitter_card":"default","twitter_image_type":"default","twitter_image_url":null,"twitter_image_custom_url":null,"twitter_image_custom_fields":null,"twitter_title":null,"twitter_description":null,"schema":{"blockGraphs":[],"customGraphs":[],"default":{"data":{"Article":[],"Course":[],"Dataset":[],"FAQPage":[],"Movie":[],"Person":[],"Product":[],"ProductReview":[],"Car":[],"Recipe":[],"Service":[],"SoftwareApplication":[],"WebPage":[]},"graphName":"","isEnabled":true},"graphs":[],"defaultGraph":"","defaultPostTypeGraph":""},"schema_type":null,"schema_type_options":null,"pillar_content":false,"robots_default":true,"robots_noindex":false,"robots_noarchive":false,"robots_nosnippet":false,"robots_nofollow":false,"robots_noimageindex":false,"robots_noodp":false,"robots_notranslate":false,"robots_max_snippet":null,"robots_max_videopreview":null,"robots_max_imagepreview":"none","priority":null,"frequency":null,"local_seo":null,"seo_analyzer_scan_date":"2026-06-02 10:16:57","breadcrumb_settings":null,"limit_modified_date":false,"open_ai":null,"ai":null,"created":"2020-11-14 22:54:37","updated":"2026-06-02 10:16:57","focus_keyword":null,"additional_keywords":null,"truseo_locale":null},"aioseo_breadcrumb":"<div class=\"aioseo-breadcrumbs\"><span class=\"aioseo-breadcrumb\">\n\t<a href=\"https:\/\/www.eldigitaldeasturias.com\/noticias\" title=\"Home\">Home<\/a>\n<\/span><span class=\"aioseo-breadcrumb-separator\">\u2013<\/span><span class=\"aioseo-breadcrumb\">\n\t<a href=\"https:\/\/www.eldigitaldeasturias.com\/noticias\/category\/actualidad\/\" title=\"Actualidad\">Actualidad<\/a>\n<\/span><span class=\"aioseo-breadcrumb-separator\">\u2013<\/span><span class=\"aioseo-breadcrumb\">\n\t<a href=\"https:\/\/www.eldigitaldeasturias.com\/noticias\/rescatado-un-matrimonio-de-su-vivienda-en-llamas-en-cudillero\/\" title=\"Rescatado un matrimonio de su vivienda en llamas en Cudillero\">Rescatado un matrimonio de su vivienda en llamas en Cudillero<\/a>\n<\/span><\/div>","aioseo_breadcrumb_json":[{"label":"Home","link":"https:\/\/www.eldigitaldeasturias.com\/noticias"},{"label":"Actualidad","link":"https:\/\/www.eldigitaldeasturias.com\/noticias\/category\/actualidad\/"},{"label":"Rescatado un matrimonio de su vivienda en llamas en Cudillero","link":"https:\/\/www.eldigitaldeasturias.com\/noticias\/rescatado-un-matrimonio-de-su-vivienda-en-llamas-en-cudillero\/"}],"_links":{"self":[{"href":"https:\/\/www.eldigitaldeasturias.com\/noticias\/wp-json\/wp\/v2\/posts\/482581","targetHints":{"allow":["GET"]}}],"collection":[{"href":"https:\/\/www.eldigitaldeasturias.com\/noticias\/wp-json\/wp\/v2\/posts"}],"about":[{"href":"https:\/\/www.eldigitaldeasturias.com\/noticias\/wp-json\/wp\/v2\/types\/post"}],"author":[{"embeddable":true,"href":"https:\/\/www.eldigitaldeasturias.com\/noticias\/wp-json\/wp\/v2\/users\/1"}],"replies":[{"embeddable":true,"href":"https:\/\/www.eldigitaldeasturias.com\/noticias\/wp-json\/wp\/v2\/comments?post=482581"}],"version-history":[{"count":0,"href":"https:\/\/www.eldigitaldeasturias.com\/noticias\/wp-json\/wp\/v2\/posts\/482581\/revisions"}],"wp:featuredmedia":[{"embeddable":true,"href":"https:\/\/www.eldigitaldeasturias.com\/noticias\/wp-json\/wp\/v2\/media\/1132184"}],"wp:attachment":[{"href":"https:\/\/www.eldigitaldeasturias.com\/noticias\/wp-json\/wp\/v2\/media?parent=482581"}],"wp:term":[{"taxonomy":"category","embeddable":true,"href":"https:\/\/www.eldigitaldeasturias.com\/noticias\/wp-json\/wp\/v2\/categories?post=482581"},{"taxonomy":"post_tag","embeddable":true,"href":"https:\/\/www.eldigitaldeasturias.com\/noticias\/wp-json\/wp\/v2\/tags?post=482581"}],"curies":[{"name":"wp","href":"https:\/\/api.w.org\/{rel}","templated":true}]}}