{"id":482568,"date":"2014-02-03T15:27:37","date_gmt":"2014-02-03T16:27:37","guid":{"rendered":"http:\/\/www.eldigitaldeasturias.com\/noticias\/?p=482568"},"modified":"2014-02-03T16:10:52","modified_gmt":"2014-02-03T17:10:52","slug":"cascos-critica-los-gestos-autoritarios-de-rajoy","status":"publish","type":"post","link":"https:\/\/www.eldigitaldeasturias.com\/noticias\/cascos-critica-los-gestos-autoritarios-de-rajoy\/","title":{"rendered":"Cascos critica los \u00abgestos autoritarios\u00bb de Rajoy"},"content":{"rendered":"<p><img loading=\"lazy\" decoding=\"async\" class=\"alignleft size-medium wp-image-376\" alt=\"cascos_20130918202234_800\" src=\"https:\/\/www.eldigitaldeasturias.com\/noticias\/wp-content\/uploads\/2013\/09\/cascos_20130918202234_800-360x269.jpg\" width=\"360\" height=\"269\" \/>Oviedo, 3 feb (EFE).- El presidente de Foro Asturias, Francisco \u00c1lvarez-Cascos, ha asegurado hoy que no le ha gustado el gesto autoritario del presidente del Gobierno, Mariano Rajoy, al mandar callar al l\u00edder de la oposici\u00f3n, Alfredo P\u00e9rez Rubalcaba, durante la clausura de la convenci\u00f3n celebrada por el PP este fin de semana.<\/p>\n<p>\u00abNo me gustan los gestos autoritarios de mandar callar a nadie y me parece que no es un estilo propio de un sistema de convivencia democr\u00e1tico\u00bb, ha se\u00f1alado en declaraciones a los medios de comunicaci\u00f3n el ex secretario general del PP.<\/p>\n<p>En su opini\u00f3n, lo que deber\u00eda hacer Rajoy es \u00abinvitar a todo el mundo a hablar claro y evitar en lo posible mandar callar\u00bb porque en democracia todos tienen \u00abderecho a hablar alto y claro\u00bb.<\/p>\n<p>El l\u00edder de Foro se refer\u00eda as\u00ed al reproche que Rajoy lanz\u00f3 ayer en Valladolid a Rubalcaba por hacer cr\u00edticas al Gobierno y negarse a reconocer la recuperaci\u00f3n.<\/p>\n<p>\u00abT\u00fa, que eres parte destacada de la causa de ese calvario (de la crisis) o te callas, o reconoces el m\u00e9rito de la gente\u00bb, se\u00f1al\u00f3 Rajoy, que le pidi\u00f3 que no diga a los espa\u00f1oles que su sacrificio no sirve para nada.<\/p>\n<p>\u00c1lvarez-Cascos tambi\u00e9n ha criticado el mensaje lanzado por la convenci\u00f3n de los populares ya que, en su opini\u00f3n, \u00abpintar la fachada no resuelve los problemas estructurales\u00bb.<\/p>\n<p>\u00abEsa es la impresi\u00f3n que me ha dejado el conjunto de los mensajes que se han lanzado desde esta convenci\u00f3n\u00bb, ha agregado.<\/p>\n","protected":false},"excerpt":{"rendered":"<p>Oviedo, 3 feb (EFE).- El presidente de Foro Asturias, Francisco \u00c1lvarez-Cascos, ha asegurado hoy que no le ha gustado el gesto autoritario del presidente del Gobierno, Mariano Rajoy, al mandar callar al l\u00edder de la oposici\u00f3n, Alfredo P\u00e9rez Rubalcaba, durante la clausura de la convenci\u00f3n celebrada por el PP este fin de semana. \u00abNo me [&hellip;]<\/p>\n","protected":false},"author":1,"featured_media":1132184,"comment_status":"closed","ping_status":"open","sticky":false,"template":"","format":"standard","meta":{"footnotes":""},"categories":[1,12],"tags":[],"class_list":["post-482568","post","type-post","status-publish","format-standard","has-post-thumbnail","hentry","category-actualidad","category-actualidad-asturias"],"aioseo_notices":[],"aioseo_head":"\n\t\t<!-- All in One SEO Pro 5.0.1 - aioseo.com -->\n\t<meta name=\"description\" content=\"Oviedo, 3 feb (EFE).- El presidente de Foro Asturias, Francisco \u00c1lvarez-Cascos, ha asegurado hoy que no le ha gustado el gesto autoritario del presidente del Gobierno, Mariano Rajoy, al mandar callar al l\u00edder de la oposici\u00f3n, Alfredo P\u00e9rez Rubalcaba, durante la clausura de la convenci\u00f3n celebrada por el PP este fin de semana. &quot;No me\" \/>\n\t<meta name=\"robots\" content=\"max-image-preview:large\" \/>\n\t<meta name=\"author\" content=\"El Digital de Asturias\"\/>\n\t<meta name=\"google-site-verification\" content=\"UA-38556648-1\" \/>\n\t<meta name=\"msvalidate.01\" content=\"7dfe9f3f1b24437ab69f4f2559babe99\" \/>\n\t<meta name=\"keywords\" content=\"actualidad,actualidad asturias\" \/>\n\t<link rel=\"canonical\" href=\"https:\/\/www.eldigitaldeasturias.com\/noticias\/cascos-critica-los-gestos-autoritarios-de-rajoy\/\" \/>\n\t<meta name=\"generator\" content=\"All in One SEO Pro (AIOSEO) 5.0.1\" \/>\n\t\t<meta property=\"og:locale\" content=\"es_ES\" \/>\n\t\t<meta property=\"og:site_name\" content=\"El Digital de Asturias\" \/>\n\t\t<meta property=\"og:type\" content=\"article\" \/>\n\t\t<meta property=\"og:title\" content=\"Cascos critica los \u00abgestos autoritarios\u00bb de Rajoy - El Digital de Asturias\" \/>\n\t\t<meta property=\"og:description\" content=\"Oviedo, 3 feb (EFE).- El presidente de Foro Asturias, Francisco \u00c1lvarez-Cascos, ha asegurado hoy que no le ha gustado el gesto autoritario del presidente del Gobierno, Mariano Rajoy, al mandar callar al l\u00edder de la oposici\u00f3n, Alfredo P\u00e9rez Rubalcaba, durante la clausura de la convenci\u00f3n celebrada por el PP este fin de semana. &quot;No me\" \/>\n\t\t<meta property=\"og:url\" content=\"https:\/\/www.eldigitaldeasturias.com\/noticias\/cascos-critica-los-gestos-autoritarios-de-rajoy\/\" \/>\n\t\t<meta property=\"og:image\" content=\"https:\/\/www.eldigitaldeasturias.com\/noticias\/wp-content\/uploads\/2026\/06\/Contenidos.jpg\" \/>\n\t\t<meta property=\"og:image:secure_url\" content=\"https:\/\/www.eldigitaldeasturias.com\/noticias\/wp-content\/uploads\/2026\/06\/Contenidos.jpg\" \/>\n\t\t<meta property=\"og:image:width\" content=\"1265\" \/>\n\t\t<meta property=\"og:image:height\" content=\"697\" \/>\n\t\t<meta property=\"article:tag\" content=\"actualidad\" \/>\n\t\t<meta property=\"article:tag\" content=\"actualidad asturias\" \/>\n\t\t<meta property=\"article:published_time\" content=\"2014-02-03T16:27:37+00:00\" \/>\n\t\t<meta property=\"article:modified_time\" content=\"2014-02-03T17:10:52+00:00\" \/>\n\t\t<meta property=\"article:publisher\" content=\"https:\/\/facebook.com\/eldigitaldeasturias\" \/>\n\t\t<meta name=\"twitter:card\" content=\"summary_large_image\" \/>\n\t\t<meta name=\"twitter:title\" content=\"Cascos critica los \u00abgestos autoritarios\u00bb de Rajoy - El Digital de Asturias\" \/>\n\t\t<meta name=\"twitter:description\" content=\"Oviedo, 3 feb (EFE).- El presidente de Foro Asturias, Francisco \u00c1lvarez-Cascos, ha asegurado hoy que no le ha gustado el gesto autoritario del presidente del Gobierno, Mariano Rajoy, al mandar callar al l\u00edder de la oposici\u00f3n, Alfredo P\u00e9rez Rubalcaba, durante la clausura de la convenci\u00f3n celebrada por el PP este fin de semana. &quot;No me\" \/>\n\t\t<meta name=\"twitter:image\" content=\"https:\/\/www.eldigitaldeasturias.com\/noticias\/wp-content\/uploads\/2026\/06\/Contenidos.jpg\" \/>\n\t\t<meta name=\"twitter:label1\" content=\"Escrito por\" \/>\n\t\t<meta name=\"twitter:data1\" content=\"El Digital de Asturias\" \/>\n\t\t<meta name=\"twitter:label2\" content=\"Tiempo de lectura estimado\" \/>\n\t\t<meta name=\"twitter:data2\" content=\"1 minuto\" \/>\n\t\t<script type=\"application\/ld+json\" class=\"aioseo-schema\">\n\t\t\t{\"@context\":\"https:\\\/\\\/schema.org\",\"@graph\":[{\"@type\":\"BlogPosting\",\"@id\":\"https:\\\/\\\/www.eldigitaldeasturias.com\\\/noticias\\\/cascos-critica-los-gestos-autoritarios-de-rajoy\\\/#blogposting\",\"name\":\"Cascos critica los \\u00abgestos autoritarios\\u00bb de Rajoy - El Digital de Asturias\",\"headline\":\"Cascos critica los \\u00abgestos autoritarios\\u00bb de Rajoy\",\"author\":{\"@id\":\"https:\\\/\\\/www.eldigitaldeasturias.com\\\/noticias\\\/author\\\/admin\\\/#author\"},\"publisher\":{\"@id\":\"https:\\\/\\\/www.eldigitaldeasturias.com\\\/noticias\\\/#organization\"},\"image\":{\"@type\":\"ImageObject\",\"url\":\"https:\\\/\\\/www.eldigitaldeasturias.com\\\/noticias\\\/wp-content\\\/uploads\\\/2026\\\/06\\\/Contenidos.jpg\",\"width\":1265,\"height\":697,\"caption\":\"Contenidos\"},\"datePublished\":\"2014-02-03T15:27:37+01:00\",\"dateModified\":\"2014-02-03T16:10:52+01:00\",\"inLanguage\":\"es-ES\",\"mainEntityOfPage\":{\"@id\":\"https:\\\/\\\/www.eldigitaldeasturias.com\\\/noticias\\\/cascos-critica-los-gestos-autoritarios-de-rajoy\\\/#webpage\"},\"isPartOf\":{\"@id\":\"https:\\\/\\\/www.eldigitaldeasturias.com\\\/noticias\\\/cascos-critica-los-gestos-autoritarios-de-rajoy\\\/#webpage\"},\"articleSection\":\"Actualidad, Actualidad Asturias\"},{\"@type\":\"BreadcrumbList\",\"@id\":\"https:\\\/\\\/www.eldigitaldeasturias.com\\\/noticias\\\/cascos-critica-los-gestos-autoritarios-de-rajoy\\\/#breadcrumblist\",\"itemListElement\":[{\"@type\":\"ListItem\",\"@id\":\"https:\\\/\\\/www.eldigitaldeasturias.com\\\/noticias#listItem\",\"position\":1,\"name\":\"Home\",\"item\":\"https:\\\/\\\/www.eldigitaldeasturias.com\\\/noticias\",\"nextItem\":{\"@type\":\"ListItem\",\"@id\":\"https:\\\/\\\/www.eldigitaldeasturias.com\\\/noticias\\\/category\\\/actualidad\\\/#listItem\",\"name\":\"Actualidad\"}},{\"@type\":\"ListItem\",\"@id\":\"https:\\\/\\\/www.eldigitaldeasturias.com\\\/noticias\\\/category\\\/actualidad\\\/#listItem\",\"position\":2,\"name\":\"Actualidad\",\"item\":\"https:\\\/\\\/www.eldigitaldeasturias.com\\\/noticias\\\/category\\\/actualidad\\\/\",\"nextItem\":{\"@type\":\"ListItem\",\"@id\":\"https:\\\/\\\/www.eldigitaldeasturias.com\\\/noticias\\\/cascos-critica-los-gestos-autoritarios-de-rajoy\\\/#listItem\",\"name\":\"Cascos critica los \\u00abgestos autoritarios\\u00bb de Rajoy\"},\"previousItem\":{\"@type\":\"ListItem\",\"@id\":\"https:\\\/\\\/www.eldigitaldeasturias.com\\\/noticias#listItem\",\"name\":\"Home\"}},{\"@type\":\"ListItem\",\"@id\":\"https:\\\/\\\/www.eldigitaldeasturias.com\\\/noticias\\\/cascos-critica-los-gestos-autoritarios-de-rajoy\\\/#listItem\",\"position\":3,\"name\":\"Cascos critica los \\u00abgestos autoritarios\\u00bb de Rajoy\",\"previousItem\":{\"@type\":\"ListItem\",\"@id\":\"https:\\\/\\\/www.eldigitaldeasturias.com\\\/noticias\\\/category\\\/actualidad\\\/#listItem\",\"name\":\"Actualidad\"}}]},{\"@type\":\"Organization\",\"@id\":\"https:\\\/\\\/www.eldigitaldeasturias.com\\\/noticias\\\/#organization\",\"name\":\"El Digital de Asturias\",\"description\":\"Hemeroteca\",\"url\":\"https:\\\/\\\/www.eldigitaldeasturias.com\\\/noticias\\\/\",\"email\":\"info@eldigitaldeasturias.com\",\"telephone\":\"+34652131393\",\"logo\":{\"@type\":\"ImageObject\",\"url\":\"https:\\\/\\\/www.eldigitaldeasturias.com\\\/noticias\\\/wp-content\\\/uploads\\\/2020\\\/12\\\/EDA.jpg\",\"@id\":\"https:\\\/\\\/www.eldigitaldeasturias.com\\\/noticias\\\/cascos-critica-los-gestos-autoritarios-de-rajoy\\\/#organizationLogo\"},\"image\":{\"@id\":\"https:\\\/\\\/www.eldigitaldeasturias.com\\\/noticias\\\/cascos-critica-los-gestos-autoritarios-de-rajoy\\\/#organizationLogo\"},\"sameAs\":[\"https:\\\/\\\/facebook.com\\\/eldigitaldeasturias\",\"https:\\\/\\\/www.youtube.com\\\/channel\\\/UCZP-2wLEB9Rv6erhFmqVnvg\"],\"address\":{\"@id\":\"https:\\\/\\\/www.eldigitaldeasturias.com\\\/noticias\\\/#postaladdress\",\"@type\":\"PostalAddress\",\"streetAddress\":\"san antonio 4\",\"postalCode\":\"33430\",\"addressLocality\":\"Cand\\u00e1s\",\"addressRegion\":\"Asturias\",\"addressCountry\":\"ES\"}},{\"@type\":\"Person\",\"@id\":\"https:\\\/\\\/www.eldigitaldeasturias.com\\\/noticias\\\/author\\\/admin\\\/#author\",\"url\":\"https:\\\/\\\/www.eldigitaldeasturias.com\\\/noticias\\\/author\\\/admin\\\/\",\"name\":\"El Digital de Asturias\",\"image\":{\"@type\":\"ImageObject\",\"@id\":\"https:\\\/\\\/www.eldigitaldeasturias.com\\\/noticias\\\/cascos-critica-los-gestos-autoritarios-de-rajoy\\\/#authorImage\",\"url\":\"https:\\\/\\\/secure.gravatar.com\\\/avatar\\\/df2aeffc32bcd13f8d26072ef8a91b623d677766deac7f97ca815868cd41bf5e?s=96&d=mm&r=g\",\"width\":96,\"height\":96,\"caption\":\"El Digital de Asturias\"}},{\"@type\":\"WebPage\",\"@id\":\"https:\\\/\\\/www.eldigitaldeasturias.com\\\/noticias\\\/cascos-critica-los-gestos-autoritarios-de-rajoy\\\/#webpage\",\"url\":\"https:\\\/\\\/www.eldigitaldeasturias.com\\\/noticias\\\/cascos-critica-los-gestos-autoritarios-de-rajoy\\\/\",\"name\":\"Cascos critica los \\u00abgestos autoritarios\\u00bb de Rajoy - El Digital de Asturias\",\"description\":\"Oviedo, 3 feb (EFE).- El presidente de Foro Asturias, Francisco \\u00c1lvarez-Cascos, ha asegurado hoy que no le ha gustado el gesto autoritario del presidente del Gobierno, Mariano Rajoy, al mandar callar al l\\u00edder de la oposici\\u00f3n, Alfredo P\\u00e9rez Rubalcaba, durante la clausura de la convenci\\u00f3n celebrada por el PP este fin de semana. \\\"No me\",\"inLanguage\":\"es-ES\",\"isPartOf\":{\"@id\":\"https:\\\/\\\/www.eldigitaldeasturias.com\\\/noticias\\\/#website\"},\"breadcrumb\":{\"@id\":\"https:\\\/\\\/www.eldigitaldeasturias.com\\\/noticias\\\/cascos-critica-los-gestos-autoritarios-de-rajoy\\\/#breadcrumblist\"},\"author\":{\"@id\":\"https:\\\/\\\/www.eldigitaldeasturias.com\\\/noticias\\\/author\\\/admin\\\/#author\"},\"creator\":{\"@id\":\"https:\\\/\\\/www.eldigitaldeasturias.com\\\/noticias\\\/author\\\/admin\\\/#author\"},\"image\":{\"@type\":\"ImageObject\",\"url\":\"https:\\\/\\\/www.eldigitaldeasturias.com\\\/noticias\\\/wp-content\\\/uploads\\\/2026\\\/06\\\/Contenidos.jpg\",\"@id\":\"https:\\\/\\\/www.eldigitaldeasturias.com\\\/noticias\\\/cascos-critica-los-gestos-autoritarios-de-rajoy\\\/#mainImage\",\"width\":1265,\"height\":697,\"caption\":\"Contenidos\"},\"primaryImageOfPage\":{\"@id\":\"https:\\\/\\\/www.eldigitaldeasturias.com\\\/noticias\\\/cascos-critica-los-gestos-autoritarios-de-rajoy\\\/#mainImage\"},\"datePublished\":\"2014-02-03T15:27:37+01:00\",\"dateModified\":\"2014-02-03T16:10:52+01:00\"},{\"@type\":\"WebSite\",\"@id\":\"https:\\\/\\\/www.eldigitaldeasturias.com\\\/noticias\\\/#website\",\"url\":\"https:\\\/\\\/www.eldigitaldeasturias.com\\\/noticias\\\/\",\"name\":\"El Digital de Asturias - Diario de actualidad y noticias\",\"alternateName\":\"El Digital de Asturias - Diario de actualidad y noticias\",\"description\":\"Hemeroteca\",\"inLanguage\":\"es-ES\",\"publisher\":{\"@id\":\"https:\\\/\\\/www.eldigitaldeasturias.com\\\/noticias\\\/#organization\"}}]}\n\t\t<\/script>\n\t\t<!-- All in One SEO Pro -->\r\n\t\t<title>Cascos critica los \u00abgestos autoritarios\u00bb de Rajoy - El Digital de Asturias<\/title>\n\n","aioseo_head_json":{"title":"Cascos critica los \u00abgestos autoritarios\u00bb de Rajoy - El Digital de Asturias","description":"Oviedo, 3 feb (EFE).- El presidente de Foro Asturias, Francisco \u00c1lvarez-Cascos, ha asegurado hoy que no le ha gustado el gesto autoritario del presidente del Gobierno, Mariano Rajoy, al mandar callar al l\u00edder de la oposici\u00f3n, Alfredo P\u00e9rez Rubalcaba, durante la clausura de la convenci\u00f3n celebrada por el PP este fin de semana. \"No me","canonical_url":"https:\/\/www.eldigitaldeasturias.com\/noticias\/cascos-critica-los-gestos-autoritarios-de-rajoy\/","robots":"max-image-preview:large","keywords":"actualidad,actualidad asturias","webmasterTools":{"google-site-verification":"UA-38556648-1","msvalidate.01":"7dfe9f3f1b24437ab69f4f2559babe99","miscellaneous":""},"schema":{"@context":"https:\/\/schema.org","@graph":[{"@type":"BlogPosting","@id":"https:\/\/www.eldigitaldeasturias.com\/noticias\/cascos-critica-los-gestos-autoritarios-de-rajoy\/#blogposting","name":"Cascos critica los \u00abgestos autoritarios\u00bb de Rajoy - El Digital de Asturias","headline":"Cascos critica los \u00abgestos autoritarios\u00bb de Rajoy","author":{"@id":"https:\/\/www.eldigitaldeasturias.com\/noticias\/author\/admin\/#author"},"publisher":{"@id":"https:\/\/www.eldigitaldeasturias.com\/noticias\/#organization"},"image":{"@type":"ImageObject","url":"https:\/\/www.eldigitaldeasturias.com\/noticias\/wp-content\/uploads\/2026\/06\/Contenidos.jpg","width":1265,"height":697,"caption":"Contenidos"},"datePublished":"2014-02-03T15:27:37+01:00","dateModified":"2014-02-03T16:10:52+01:00","inLanguage":"es-ES","mainEntityOfPage":{"@id":"https:\/\/www.eldigitaldeasturias.com\/noticias\/cascos-critica-los-gestos-autoritarios-de-rajoy\/#webpage"},"isPartOf":{"@id":"https:\/\/www.eldigitaldeasturias.com\/noticias\/cascos-critica-los-gestos-autoritarios-de-rajoy\/#webpage"},"articleSection":"Actualidad, Actualidad Asturias"},{"@type":"BreadcrumbList","@id":"https:\/\/www.eldigitaldeasturias.com\/noticias\/cascos-critica-los-gestos-autoritarios-de-rajoy\/#breadcrumblist","itemListElement":[{"@type":"ListItem","@id":"https:\/\/www.eldigitaldeasturias.com\/noticias#listItem","position":1,"name":"Home","item":"https:\/\/www.eldigitaldeasturias.com\/noticias","nextItem":{"@type":"ListItem","@id":"https:\/\/www.eldigitaldeasturias.com\/noticias\/category\/actualidad\/#listItem","name":"Actualidad"}},{"@type":"ListItem","@id":"https:\/\/www.eldigitaldeasturias.com\/noticias\/category\/actualidad\/#listItem","position":2,"name":"Actualidad","item":"https:\/\/www.eldigitaldeasturias.com\/noticias\/category\/actualidad\/","nextItem":{"@type":"ListItem","@id":"https:\/\/www.eldigitaldeasturias.com\/noticias\/cascos-critica-los-gestos-autoritarios-de-rajoy\/#listItem","name":"Cascos critica los \u00abgestos autoritarios\u00bb de Rajoy"},"previousItem":{"@type":"ListItem","@id":"https:\/\/www.eldigitaldeasturias.com\/noticias#listItem","name":"Home"}},{"@type":"ListItem","@id":"https:\/\/www.eldigitaldeasturias.com\/noticias\/cascos-critica-los-gestos-autoritarios-de-rajoy\/#listItem","position":3,"name":"Cascos critica los \u00abgestos autoritarios\u00bb de Rajoy","previousItem":{"@type":"ListItem","@id":"https:\/\/www.eldigitaldeasturias.com\/noticias\/category\/actualidad\/#listItem","name":"Actualidad"}}]},{"@type":"Organization","@id":"https:\/\/www.eldigitaldeasturias.com\/noticias\/#organization","name":"El Digital de Asturias","description":"Hemeroteca","url":"https:\/\/www.eldigitaldeasturias.com\/noticias\/","email":"info@eldigitaldeasturias.com","telephone":"+34652131393","logo":{"@type":"ImageObject","url":"https:\/\/www.eldigitaldeasturias.com\/noticias\/wp-content\/uploads\/2020\/12\/EDA.jpg","@id":"https:\/\/www.eldigitaldeasturias.com\/noticias\/cascos-critica-los-gestos-autoritarios-de-rajoy\/#organizationLogo"},"image":{"@id":"https:\/\/www.eldigitaldeasturias.com\/noticias\/cascos-critica-los-gestos-autoritarios-de-rajoy\/#organizationLogo"},"sameAs":["https:\/\/facebook.com\/eldigitaldeasturias","https:\/\/www.youtube.com\/channel\/UCZP-2wLEB9Rv6erhFmqVnvg"],"address":{"@id":"https:\/\/www.eldigitaldeasturias.com\/noticias\/#postaladdress","@type":"PostalAddress","streetAddress":"san antonio 4","postalCode":"33430","addressLocality":"Cand\u00e1s","addressRegion":"Asturias","addressCountry":"ES"}},{"@type":"Person","@id":"https:\/\/www.eldigitaldeasturias.com\/noticias\/author\/admin\/#author","url":"https:\/\/www.eldigitaldeasturias.com\/noticias\/author\/admin\/","name":"El Digital de Asturias","image":{"@type":"ImageObject","@id":"https:\/\/www.eldigitaldeasturias.com\/noticias\/cascos-critica-los-gestos-autoritarios-de-rajoy\/#authorImage","url":"https:\/\/secure.gravatar.com\/avatar\/df2aeffc32bcd13f8d26072ef8a91b623d677766deac7f97ca815868cd41bf5e?s=96&d=mm&r=g","width":96,"height":96,"caption":"El Digital de Asturias"}},{"@type":"WebPage","@id":"https:\/\/www.eldigitaldeasturias.com\/noticias\/cascos-critica-los-gestos-autoritarios-de-rajoy\/#webpage","url":"https:\/\/www.eldigitaldeasturias.com\/noticias\/cascos-critica-los-gestos-autoritarios-de-rajoy\/","name":"Cascos critica los \u00abgestos autoritarios\u00bb de Rajoy - El Digital de Asturias","description":"Oviedo, 3 feb (EFE).- El presidente de Foro Asturias, Francisco \u00c1lvarez-Cascos, ha asegurado hoy que no le ha gustado el gesto autoritario del presidente del Gobierno, Mariano Rajoy, al mandar callar al l\u00edder de la oposici\u00f3n, Alfredo P\u00e9rez Rubalcaba, durante la clausura de la convenci\u00f3n celebrada por el PP este fin de semana. \"No me","inLanguage":"es-ES","isPartOf":{"@id":"https:\/\/www.eldigitaldeasturias.com\/noticias\/#website"},"breadcrumb":{"@id":"https:\/\/www.eldigitaldeasturias.com\/noticias\/cascos-critica-los-gestos-autoritarios-de-rajoy\/#breadcrumblist"},"author":{"@id":"https:\/\/www.eldigitaldeasturias.com\/noticias\/author\/admin\/#author"},"creator":{"@id":"https:\/\/www.eldigitaldeasturias.com\/noticias\/author\/admin\/#author"},"image":{"@type":"ImageObject","url":"https:\/\/www.eldigitaldeasturias.com\/noticias\/wp-content\/uploads\/2026\/06\/Contenidos.jpg","@id":"https:\/\/www.eldigitaldeasturias.com\/noticias\/cascos-critica-los-gestos-autoritarios-de-rajoy\/#mainImage","width":1265,"height":697,"caption":"Contenidos"},"primaryImageOfPage":{"@id":"https:\/\/www.eldigitaldeasturias.com\/noticias\/cascos-critica-los-gestos-autoritarios-de-rajoy\/#mainImage"},"datePublished":"2014-02-03T15:27:37+01:00","dateModified":"2014-02-03T16:10:52+01:00"},{"@type":"WebSite","@id":"https:\/\/www.eldigitaldeasturias.com\/noticias\/#website","url":"https:\/\/www.eldigitaldeasturias.com\/noticias\/","name":"El Digital de Asturias - Diario de actualidad y noticias","alternateName":"El Digital de Asturias - Diario de actualidad y noticias","description":"Hemeroteca","inLanguage":"es-ES","publisher":{"@id":"https:\/\/www.eldigitaldeasturias.com\/noticias\/#organization"}}]},"og:locale":"es_ES","og:site_name":"El Digital de Asturias","og:type":"article","og:title":"Cascos critica los \u00abgestos autoritarios\u00bb de Rajoy - El Digital de Asturias","og:description":"Oviedo, 3 feb (EFE).- El presidente de Foro Asturias, Francisco \u00c1lvarez-Cascos, ha asegurado hoy que no le ha gustado el gesto autoritario del presidente del Gobierno, Mariano Rajoy, al mandar callar al l\u00edder de la oposici\u00f3n, Alfredo P\u00e9rez Rubalcaba, durante la clausura de la convenci\u00f3n celebrada por el PP este fin de semana. &quot;No me","og:url":"https:\/\/www.eldigitaldeasturias.com\/noticias\/cascos-critica-los-gestos-autoritarios-de-rajoy\/","og:image":"https:\/\/www.eldigitaldeasturias.com\/noticias\/wp-content\/uploads\/2026\/06\/Contenidos.jpg","og:image:secure_url":"https:\/\/www.eldigitaldeasturias.com\/noticias\/wp-content\/uploads\/2026\/06\/Contenidos.jpg","og:image:width":1265,"og:image:height":697,"article:tag":["actualidad","actualidad asturias"],"article:published_time":"2014-02-03T16:27:37+00:00","article:modified_time":"2014-02-03T17:10:52+00:00","article:publisher":"https:\/\/facebook.com\/eldigitaldeasturias","twitter:card":"summary_large_image","twitter:title":"Cascos critica los \u00abgestos autoritarios\u00bb de Rajoy - El Digital de Asturias","twitter:description":"Oviedo, 3 feb (EFE).- El presidente de Foro Asturias, Francisco \u00c1lvarez-Cascos, ha asegurado hoy que no le ha gustado el gesto autoritario del presidente del Gobierno, Mariano Rajoy, al mandar callar al l\u00edder de la oposici\u00f3n, Alfredo P\u00e9rez Rubalcaba, durante la clausura de la convenci\u00f3n celebrada por el PP este fin de semana. &quot;No me","twitter:image":"https:\/\/www.eldigitaldeasturias.com\/noticias\/wp-content\/uploads\/2026\/06\/Contenidos.jpg","twitter:label1":"Escrito por","twitter:data1":"El Digital de Asturias","twitter:label2":"Tiempo de lectura estimado","twitter:data2":"1 minuto"},"aioseo_meta_data":{"post_id":"482568","title":null,"description":null,"keywords":null,"keyphrases":null,"primary_term":null,"canonical_url":null,"og_title":null,"og_description":null,"og_object_type":"default","og_image_type":"default","og_image_url":null,"og_image_width":null,"og_image_height":null,"og_image_custom_url":null,"og_image_custom_fields":null,"og_video":null,"og_custom_url":null,"og_article_section":null,"og_article_tags":null,"twitter_use_og":true,"twitter_card":"default","twitter_image_type":"default","twitter_image_url":null,"twitter_image_custom_url":null,"twitter_image_custom_fields":null,"twitter_title":null,"twitter_description":null,"schema":{"blockGraphs":[],"customGraphs":[],"default":{"data":{"Article":[],"Course":[],"Dataset":[],"FAQPage":[],"Movie":[],"Person":[],"Product":[],"ProductReview":[],"Car":[],"Recipe":[],"Service":[],"SoftwareApplication":[],"WebPage":[]},"graphName":"","isEnabled":true},"graphs":[],"defaultGraph":"","defaultPostTypeGraph":""},"schema_type":null,"schema_type_options":null,"pillar_content":false,"robots_default":true,"robots_noindex":false,"robots_noarchive":false,"robots_nosnippet":false,"robots_nofollow":false,"robots_noimageindex":false,"robots_noodp":false,"robots_notranslate":false,"robots_max_snippet":null,"robots_max_videopreview":null,"robots_max_imagepreview":"none","priority":null,"frequency":null,"local_seo":null,"seo_analyzer_scan_date":"2026-06-02 10:14:53","breadcrumb_settings":null,"limit_modified_date":false,"open_ai":null,"ai":null,"created":"2020-11-14 22:54:37","updated":"2026-06-02 10:14:53","focus_keyword":null,"additional_keywords":null,"truseo_locale":null},"aioseo_breadcrumb":"<div class=\"aioseo-breadcrumbs\"><span class=\"aioseo-breadcrumb\">\n\t<a href=\"https:\/\/www.eldigitaldeasturias.com\/noticias\" title=\"Home\">Home<\/a>\n<\/span><span class=\"aioseo-breadcrumb-separator\">\u2013<\/span><span class=\"aioseo-breadcrumb\">\n\t<a href=\"https:\/\/www.eldigitaldeasturias.com\/noticias\/category\/actualidad\/\" title=\"Actualidad\">Actualidad<\/a>\n<\/span><span class=\"aioseo-breadcrumb-separator\">\u2013<\/span><span class=\"aioseo-breadcrumb\">\n\t<a href=\"https:\/\/www.eldigitaldeasturias.com\/noticias\/cascos-critica-los-gestos-autoritarios-de-rajoy\/\" title=\"Cascos critica los \u00abgestos autoritarios\u00bb de Rajoy\">Cascos critica los \u00abgestos autoritarios\u00bb de Rajoy<\/a>\n<\/span><\/div>","aioseo_breadcrumb_json":[{"label":"Home","link":"https:\/\/www.eldigitaldeasturias.com\/noticias"},{"label":"Actualidad","link":"https:\/\/www.eldigitaldeasturias.com\/noticias\/category\/actualidad\/"},{"label":"Cascos critica los \u00abgestos autoritarios\u00bb de Rajoy","link":"https:\/\/www.eldigitaldeasturias.com\/noticias\/cascos-critica-los-gestos-autoritarios-de-rajoy\/"}],"_links":{"self":[{"href":"https:\/\/www.eldigitaldeasturias.com\/noticias\/wp-json\/wp\/v2\/posts\/482568","targetHints":{"allow":["GET"]}}],"collection":[{"href":"https:\/\/www.eldigitaldeasturias.com\/noticias\/wp-json\/wp\/v2\/posts"}],"about":[{"href":"https:\/\/www.eldigitaldeasturias.com\/noticias\/wp-json\/wp\/v2\/types\/post"}],"author":[{"embeddable":true,"href":"https:\/\/www.eldigitaldeasturias.com\/noticias\/wp-json\/wp\/v2\/users\/1"}],"replies":[{"embeddable":true,"href":"https:\/\/www.eldigitaldeasturias.com\/noticias\/wp-json\/wp\/v2\/comments?post=482568"}],"version-history":[{"count":0,"href":"https:\/\/www.eldigitaldeasturias.com\/noticias\/wp-json\/wp\/v2\/posts\/482568\/revisions"}],"wp:featuredmedia":[{"embeddable":true,"href":"https:\/\/www.eldigitaldeasturias.com\/noticias\/wp-json\/wp\/v2\/media\/1132184"}],"wp:attachment":[{"href":"https:\/\/www.eldigitaldeasturias.com\/noticias\/wp-json\/wp\/v2\/media?parent=482568"}],"wp:term":[{"taxonomy":"category","embeddable":true,"href":"https:\/\/www.eldigitaldeasturias.com\/noticias\/wp-json\/wp\/v2\/categories?post=482568"},{"taxonomy":"post_tag","embeddable":true,"href":"https:\/\/www.eldigitaldeasturias.com\/noticias\/wp-json\/wp\/v2\/tags?post=482568"}],"curies":[{"name":"wp","href":"https:\/\/api.w.org\/{rel}","templated":true}]}}