{"id":482565,"date":"2014-02-03T15:26:08","date_gmt":"2014-02-03T16:26:08","guid":{"rendered":"http:\/\/www.eldigitaldeasturias.com\/noticias\/?p=482565"},"modified":"2014-02-03T15:26:31","modified_gmt":"2014-02-03T16:26:31","slug":"el-gobierno-trabaja-en-ley-de-asturiania-que-incluye-retorno-y-nueva-emigracion","status":"publish","type":"post","link":"https:\/\/www.eldigitaldeasturias.com\/noticias\/el-gobierno-trabaja-en-ley-de-asturiania-que-incluye-retorno-y-nueva-emigracion\/","title":{"rendered":"El Gobierno trabaja en la Ley de Asturian\u00eda, que incluye retorno y nueva emigraci\u00f3n"},"content":{"rendered":"<p><img loading=\"lazy\" decoding=\"async\" class=\"alignleft size-medium wp-image-470304\" alt=\"2014_01_08 RP Consejo de Gobierno 1\" src=\"https:\/\/www.eldigitaldeasturias.com\/noticias\/wp-content\/uploads\/2014\/01\/2014_01_08-RP-Consejo-de-Gobierno-1-360x233.jpg\" width=\"360\" height=\"233\" \/>Oviedo, 3 feb (EFE).- El consejero de Presidencia, Guillermo Mart\u00ednez, ha dicho hoy que el Principado \u00abtrabaja intensamente\u00bb en la reforma de la Ley de Reconocimiento de Asturian\u00eda, que en el caso de la actual \u00abno habla de retorno ni de nueva emigraci\u00f3n\u00bb, seg\u00fan ha apuntado durante la presentaci\u00f3n del IV Plan Integral de Emigraci\u00f3n.<\/p>\n<p>Mart\u00ednez, en compa\u00f1\u00eda de la consejera de Bienestar Social y Vivienda, Esther D\u00edaz, ha comparecido ante la Comisi\u00f3n de Presidencia de la Junta General para informar sobre el nuevo Plan de Emigraci\u00f3n del Principado 2013-2016, que cuenta con un presupuesto de 5,3 millones, la misma cuant\u00eda prevista antes de la actual pr\u00f3rroga presupuestaria.<\/p>\n<p>La propuesta, estructurada sobre cuatro pilares, recupera la operaci\u00f3n \u00abA\u00f1oranza\u00bb para los mayores alejados durante d\u00e9cadas de su tierra natal, extiende la cobertura sanitaria en caso de necesidad durante las estancias temporales y a los retornados, y considera la violencia de g\u00e9nero como causa objetiva de ayuda para los emigrantes en Am\u00e9rica Latina.<\/p>\n<p>En su exposici\u00f3n, el consejero ha sostenido que el nuevo plan presenta un \u00abvalor a\u00f1adido\u00bb por las aportaciones que ha recibido tras m\u00e1s de cincuenta reuniones con colectivos y personas, que han contribuido a dar respuesta a \u00abnuevos fen\u00f3menos\u00bb de la emigraci\u00f3n.<\/p>\n<p>La cuarta edici\u00f3n del Plan Integral de Emigraci\u00f3n no supone \u00abning\u00fan paso atr\u00e1s\u00bb sobre los que le han precedido, ha dicho el titular de la Consejer\u00eda de Presidencia, que ha alabado la \u00abalta participaci\u00f3n\u00bb en torno al proyecto, que ha suscitado la \u00abunanimidad\u00bb en el Consejo de Comunidades Asturianas.<\/p>\n<p>La directora de Emigraci\u00f3n, Bego\u00f1a Serrano, ha reclamado al Gobierno de Espa\u00f1a que acceda a reunirse con los responsables del Principado para abordar la situaci\u00f3n de la colectividad asturiana en el exterior, de manera especial para tratar asuntos de urgencia como el momento que viven algunos asturianos en Venezuela.<\/p>\n<p>Ha revelado que en ese pa\u00eds otros 52 integrantes de la colectividad asturiana se podr\u00edan quedar sin percibir la pensi\u00f3n asistencial al superar \u00abpor poco\u00bb los m\u00ednimos econ\u00f3micos, cuya problem\u00e1tica ha planteado afrontar lo antes posible.<\/p>\n<p>Para la parlamentaria de Foro Marina Huerta resulta \u00abmuy importante\u00bb que el Plan de Emigraci\u00f3n cuente con una memoria econ\u00f3mica al afectar a \u00abotras consejer\u00edas\u00bb, adem\u00e1s de Presidencia, por lo que ha abogado por la precisi\u00f3n del \u00abgrado de compromiso\u00bb que adquiere cada departamento.<\/p>\n<p>El portavoz de Turismo del Grupo Parlamentario Popular, Mat\u00edas Rodr\u00edguez Feito, ha interpelado al titular de Presidencia si el Consejo de Gobierno incluye entre sus planes la reforma de la Ley de Reconocimiento de Asturian\u00eda, que ha suscitado la respuesta favorable por parte del responsable pol\u00edtico.<\/p>\n<p>\u00abTome el nombre que tome es preciso cambiarlo\u00bb, ha dicho Mart\u00ednez, que ha reivindicado la posici\u00f3n \u00abavanzada\u00bb y de \u00abvanguardia\u00bb que Asturias ofrece en temas de emigraci\u00f3n, cuya l\u00ednea ha expresado su deseo de mantener para lo cual \u00abno se escatimar\u00e1n esfuerzos para conseguir el m\u00e1s amplio apoyo posible\u00bb.<\/p>\n<p>La diputada de IU Marta Pulgar, que ha afirmado que el plan est\u00e1 \u00abbien estructurado, es continuista y mejora las medidas llevadas a cabo en los \u00faltimos a\u00f1os\u00bb, se ha interesado por la evaluaci\u00f3n del programa anterior, sobre la que Mart\u00ednez le ha respondido que s\u00ed fue realizada por el anterior Ejecutivo con \u00abpar\u00e1metros no al uso\u00bb y que quiz\u00e1s \u00abhubiera sido mejor utilizar un formato m\u00e1s estandarizado\u00bb.<\/p>\n<p>Ignacio Prendes, de UPyD, se ha interesado por la manera en la que est\u00e1 previsto \u00abdesarrollar las mismas l\u00edneas, algunas aumentadas, con menos de la tercera parte de financiaci\u00f3n con que contaba el plan anterior\u00bb, y tambi\u00e9n por la promoci\u00f3n tur\u00edstica y econ\u00f3mica en el exterior de la nueva emigraci\u00f3n.<\/p>\n<p>La parlamentaria del PSOE Judith Fl\u00f3rez ha opinado que el plan \u00abmejora y perfecciona l\u00edneas e introduce cuestiones novedosas desde la perspectiva de g\u00e9nero, la igualdad y el retorno de quienes deciden regresar\u00bb, y ha mostrado \u00abpreocupaci\u00f3n\u00bb por los efectos que tendr\u00e1 la pr\u00f3rroga, que supondr\u00e1 \u00abtrabas y demoras para quienes sufren una situaci\u00f3n de precariedad\u00bb.<\/p>\n","protected":false},"excerpt":{"rendered":"<p>Oviedo, 3 feb (EFE).- El consejero de Presidencia, Guillermo Mart\u00ednez, ha dicho hoy que el Principado \u00abtrabaja intensamente\u00bb en la reforma de la Ley de Reconocimiento de Asturian\u00eda, que en el caso de la actual \u00abno habla de retorno ni de nueva emigraci\u00f3n\u00bb, seg\u00fan ha apuntado durante la presentaci\u00f3n del IV Plan Integral de Emigraci\u00f3n. [&hellip;]<\/p>\n","protected":false},"author":1,"featured_media":470304,"comment_status":"closed","ping_status":"open","sticky":false,"template":"","format":"standard","meta":{"footnotes":""},"categories":[1,12],"tags":[],"class_list":["post-482565","post","type-post","status-publish","format-standard","has-post-thumbnail","hentry","category-actualidad","category-actualidad-asturias"],"aioseo_notices":[],"aioseo_head":"\n\t\t<!-- All in One SEO Pro 5.0.1 - aioseo.com -->\n\t<meta name=\"description\" content=\"Oviedo, 3 feb (EFE).- El consejero de Presidencia, Guillermo Mart\u00ednez, ha dicho hoy que el Principado &quot;trabaja intensamente&quot; en la reforma de la Ley de Reconocimiento de Asturian\u00eda, que en el caso de la actual &quot;no habla de retorno ni de nueva emigraci\u00f3n&quot;, seg\u00fan ha apuntado durante la presentaci\u00f3n del IV Plan Integral de Emigraci\u00f3n.\" \/>\n\t<meta name=\"robots\" content=\"max-image-preview:large\" \/>\n\t<meta name=\"author\" content=\"El Digital de Asturias\"\/>\n\t<meta name=\"google-site-verification\" content=\"UA-38556648-1\" \/>\n\t<meta name=\"msvalidate.01\" content=\"7dfe9f3f1b24437ab69f4f2559babe99\" \/>\n\t<meta name=\"keywords\" content=\"actualidad,actualidad asturias\" \/>\n\t<link rel=\"canonical\" href=\"https:\/\/www.eldigitaldeasturias.com\/noticias\/el-gobierno-trabaja-en-ley-de-asturiania-que-incluye-retorno-y-nueva-emigracion\/\" \/>\n\t<meta name=\"generator\" content=\"All in One SEO Pro (AIOSEO) 5.0.1\" \/>\n\t\t<meta property=\"og:locale\" content=\"es_ES\" \/>\n\t\t<meta property=\"og:site_name\" content=\"El Digital de Asturias\" \/>\n\t\t<meta property=\"og:type\" content=\"article\" \/>\n\t\t<meta property=\"og:title\" content=\"El Gobierno trabaja en la Ley de Asturian\u00eda, que incluye retorno y nueva emigraci\u00f3n - El Digital de Asturias\" \/>\n\t\t<meta property=\"og:description\" content=\"Oviedo, 3 feb (EFE).- El consejero de Presidencia, Guillermo Mart\u00ednez, ha dicho hoy que el Principado &quot;trabaja intensamente&quot; en la reforma de la Ley de Reconocimiento de Asturian\u00eda, que en el caso de la actual &quot;no habla de retorno ni de nueva emigraci\u00f3n&quot;, seg\u00fan ha apuntado durante la presentaci\u00f3n del IV Plan Integral de Emigraci\u00f3n.\" \/>\n\t\t<meta property=\"og:url\" content=\"https:\/\/www.eldigitaldeasturias.com\/noticias\/el-gobierno-trabaja-en-ley-de-asturiania-que-incluye-retorno-y-nueva-emigracion\/\" \/>\n\t\t<meta property=\"article:tag\" content=\"actualidad\" \/>\n\t\t<meta property=\"article:tag\" content=\"actualidad asturias\" \/>\n\t\t<meta property=\"article:published_time\" content=\"2014-02-03T16:26:08+00:00\" \/>\n\t\t<meta property=\"article:modified_time\" content=\"2014-02-03T16:26:31+00:00\" \/>\n\t\t<meta property=\"article:publisher\" content=\"https:\/\/facebook.com\/eldigitaldeasturias\" \/>\n\t\t<meta name=\"twitter:card\" content=\"summary_large_image\" \/>\n\t\t<meta name=\"twitter:title\" content=\"El Gobierno trabaja en la Ley de Asturian\u00eda, que incluye retorno y nueva emigraci\u00f3n - El Digital de Asturias\" \/>\n\t\t<meta name=\"twitter:description\" content=\"Oviedo, 3 feb (EFE).- El consejero de Presidencia, Guillermo Mart\u00ednez, ha dicho hoy que el Principado &quot;trabaja intensamente&quot; en la reforma de la Ley de Reconocimiento de Asturian\u00eda, que en el caso de la actual &quot;no habla de retorno ni de nueva emigraci\u00f3n&quot;, seg\u00fan ha apuntado durante la presentaci\u00f3n del IV Plan Integral de Emigraci\u00f3n.\" \/>\n\t\t<meta name=\"twitter:label1\" content=\"Escrito por\" \/>\n\t\t<meta name=\"twitter:data1\" content=\"El Digital de Asturias\" \/>\n\t\t<meta name=\"twitter:label2\" content=\"Tiempo de lectura estimado\" \/>\n\t\t<meta name=\"twitter:data2\" content=\"4 minutos\" \/>\n\t\t<script type=\"application\/ld+json\" class=\"aioseo-schema\">\n\t\t\t{\"@context\":\"https:\\\/\\\/schema.org\",\"@graph\":[{\"@type\":\"BlogPosting\",\"@id\":\"https:\\\/\\\/www.eldigitaldeasturias.com\\\/noticias\\\/el-gobierno-trabaja-en-ley-de-asturiania-que-incluye-retorno-y-nueva-emigracion\\\/#blogposting\",\"name\":\"El Gobierno trabaja en la Ley de Asturian\\u00eda, que incluye retorno y nueva emigraci\\u00f3n - El Digital de Asturias\",\"headline\":\"El Gobierno trabaja en la Ley de Asturian\\u00eda, que incluye retorno y nueva emigraci\\u00f3n\",\"author\":{\"@id\":\"https:\\\/\\\/www.eldigitaldeasturias.com\\\/noticias\\\/author\\\/admin\\\/#author\"},\"publisher\":{\"@id\":\"https:\\\/\\\/www.eldigitaldeasturias.com\\\/noticias\\\/#organization\"},\"image\":{\"@type\":\"ImageObject\",\"url\":470304},\"datePublished\":\"2014-02-03T15:26:08+01:00\",\"dateModified\":\"2014-02-03T15:26:31+01:00\",\"inLanguage\":\"es-ES\",\"mainEntityOfPage\":{\"@id\":\"https:\\\/\\\/www.eldigitaldeasturias.com\\\/noticias\\\/el-gobierno-trabaja-en-ley-de-asturiania-que-incluye-retorno-y-nueva-emigracion\\\/#webpage\"},\"isPartOf\":{\"@id\":\"https:\\\/\\\/www.eldigitaldeasturias.com\\\/noticias\\\/el-gobierno-trabaja-en-ley-de-asturiania-que-incluye-retorno-y-nueva-emigracion\\\/#webpage\"},\"articleSection\":\"Actualidad, Actualidad Asturias\"},{\"@type\":\"BreadcrumbList\",\"@id\":\"https:\\\/\\\/www.eldigitaldeasturias.com\\\/noticias\\\/el-gobierno-trabaja-en-ley-de-asturiania-que-incluye-retorno-y-nueva-emigracion\\\/#breadcrumblist\",\"itemListElement\":[{\"@type\":\"ListItem\",\"@id\":\"https:\\\/\\\/www.eldigitaldeasturias.com\\\/noticias#listItem\",\"position\":1,\"name\":\"Home\",\"item\":\"https:\\\/\\\/www.eldigitaldeasturias.com\\\/noticias\",\"nextItem\":{\"@type\":\"ListItem\",\"@id\":\"https:\\\/\\\/www.eldigitaldeasturias.com\\\/noticias\\\/category\\\/actualidad\\\/#listItem\",\"name\":\"Actualidad\"}},{\"@type\":\"ListItem\",\"@id\":\"https:\\\/\\\/www.eldigitaldeasturias.com\\\/noticias\\\/category\\\/actualidad\\\/#listItem\",\"position\":2,\"name\":\"Actualidad\",\"item\":\"https:\\\/\\\/www.eldigitaldeasturias.com\\\/noticias\\\/category\\\/actualidad\\\/\",\"nextItem\":{\"@type\":\"ListItem\",\"@id\":\"https:\\\/\\\/www.eldigitaldeasturias.com\\\/noticias\\\/el-gobierno-trabaja-en-ley-de-asturiania-que-incluye-retorno-y-nueva-emigracion\\\/#listItem\",\"name\":\"El Gobierno trabaja en la Ley de Asturian\\u00eda, que incluye retorno y nueva emigraci\\u00f3n\"},\"previousItem\":{\"@type\":\"ListItem\",\"@id\":\"https:\\\/\\\/www.eldigitaldeasturias.com\\\/noticias#listItem\",\"name\":\"Home\"}},{\"@type\":\"ListItem\",\"@id\":\"https:\\\/\\\/www.eldigitaldeasturias.com\\\/noticias\\\/el-gobierno-trabaja-en-ley-de-asturiania-que-incluye-retorno-y-nueva-emigracion\\\/#listItem\",\"position\":3,\"name\":\"El Gobierno trabaja en la Ley de Asturian\\u00eda, que incluye retorno y nueva emigraci\\u00f3n\",\"previousItem\":{\"@type\":\"ListItem\",\"@id\":\"https:\\\/\\\/www.eldigitaldeasturias.com\\\/noticias\\\/category\\\/actualidad\\\/#listItem\",\"name\":\"Actualidad\"}}]},{\"@type\":\"Organization\",\"@id\":\"https:\\\/\\\/www.eldigitaldeasturias.com\\\/noticias\\\/#organization\",\"name\":\"El Digital de Asturias\",\"description\":\"Hemeroteca\",\"url\":\"https:\\\/\\\/www.eldigitaldeasturias.com\\\/noticias\\\/\",\"email\":\"info@eldigitaldeasturias.com\",\"telephone\":\"+34652131393\",\"logo\":{\"@type\":\"ImageObject\",\"url\":\"https:\\\/\\\/www.eldigitaldeasturias.com\\\/noticias\\\/wp-content\\\/uploads\\\/2020\\\/12\\\/EDA.jpg\",\"@id\":\"https:\\\/\\\/www.eldigitaldeasturias.com\\\/noticias\\\/el-gobierno-trabaja-en-ley-de-asturiania-que-incluye-retorno-y-nueva-emigracion\\\/#organizationLogo\"},\"image\":{\"@id\":\"https:\\\/\\\/www.eldigitaldeasturias.com\\\/noticias\\\/el-gobierno-trabaja-en-ley-de-asturiania-que-incluye-retorno-y-nueva-emigracion\\\/#organizationLogo\"},\"sameAs\":[\"https:\\\/\\\/facebook.com\\\/eldigitaldeasturias\",\"https:\\\/\\\/www.youtube.com\\\/channel\\\/UCZP-2wLEB9Rv6erhFmqVnvg\"],\"address\":{\"@id\":\"https:\\\/\\\/www.eldigitaldeasturias.com\\\/noticias\\\/#postaladdress\",\"@type\":\"PostalAddress\",\"streetAddress\":\"san antonio 4\",\"postalCode\":\"33430\",\"addressLocality\":\"Cand\\u00e1s\",\"addressRegion\":\"Asturias\",\"addressCountry\":\"ES\"}},{\"@type\":\"Person\",\"@id\":\"https:\\\/\\\/www.eldigitaldeasturias.com\\\/noticias\\\/author\\\/admin\\\/#author\",\"url\":\"https:\\\/\\\/www.eldigitaldeasturias.com\\\/noticias\\\/author\\\/admin\\\/\",\"name\":\"El Digital de Asturias\",\"image\":{\"@type\":\"ImageObject\",\"@id\":\"https:\\\/\\\/www.eldigitaldeasturias.com\\\/noticias\\\/el-gobierno-trabaja-en-ley-de-asturiania-que-incluye-retorno-y-nueva-emigracion\\\/#authorImage\",\"url\":\"https:\\\/\\\/secure.gravatar.com\\\/avatar\\\/df2aeffc32bcd13f8d26072ef8a91b623d677766deac7f97ca815868cd41bf5e?s=96&d=mm&r=g\",\"width\":96,\"height\":96,\"caption\":\"El Digital de Asturias\"}},{\"@type\":\"WebPage\",\"@id\":\"https:\\\/\\\/www.eldigitaldeasturias.com\\\/noticias\\\/el-gobierno-trabaja-en-ley-de-asturiania-que-incluye-retorno-y-nueva-emigracion\\\/#webpage\",\"url\":\"https:\\\/\\\/www.eldigitaldeasturias.com\\\/noticias\\\/el-gobierno-trabaja-en-ley-de-asturiania-que-incluye-retorno-y-nueva-emigracion\\\/\",\"name\":\"El Gobierno trabaja en la Ley de Asturian\\u00eda, que incluye retorno y nueva emigraci\\u00f3n - El Digital de Asturias\",\"description\":\"Oviedo, 3 feb (EFE).- El consejero de Presidencia, Guillermo Mart\\u00ednez, ha dicho hoy que el Principado \\\"trabaja intensamente\\\" en la reforma de la Ley de Reconocimiento de Asturian\\u00eda, que en el caso de la actual \\\"no habla de retorno ni de nueva emigraci\\u00f3n\\\", seg\\u00fan ha apuntado durante la presentaci\\u00f3n del IV Plan Integral de Emigraci\\u00f3n.\",\"inLanguage\":\"es-ES\",\"isPartOf\":{\"@id\":\"https:\\\/\\\/www.eldigitaldeasturias.com\\\/noticias\\\/#website\"},\"breadcrumb\":{\"@id\":\"https:\\\/\\\/www.eldigitaldeasturias.com\\\/noticias\\\/el-gobierno-trabaja-en-ley-de-asturiania-que-incluye-retorno-y-nueva-emigracion\\\/#breadcrumblist\"},\"author\":{\"@id\":\"https:\\\/\\\/www.eldigitaldeasturias.com\\\/noticias\\\/author\\\/admin\\\/#author\"},\"creator\":{\"@id\":\"https:\\\/\\\/www.eldigitaldeasturias.com\\\/noticias\\\/author\\\/admin\\\/#author\"},\"image\":{\"@type\":\"ImageObject\",\"url\":470304,\"@id\":\"https:\\\/\\\/www.eldigitaldeasturias.com\\\/noticias\\\/el-gobierno-trabaja-en-ley-de-asturiania-que-incluye-retorno-y-nueva-emigracion\\\/#mainImage\"},\"primaryImageOfPage\":{\"@id\":\"https:\\\/\\\/www.eldigitaldeasturias.com\\\/noticias\\\/el-gobierno-trabaja-en-ley-de-asturiania-que-incluye-retorno-y-nueva-emigracion\\\/#mainImage\"},\"datePublished\":\"2014-02-03T15:26:08+01:00\",\"dateModified\":\"2014-02-03T15:26:31+01:00\"},{\"@type\":\"WebSite\",\"@id\":\"https:\\\/\\\/www.eldigitaldeasturias.com\\\/noticias\\\/#website\",\"url\":\"https:\\\/\\\/www.eldigitaldeasturias.com\\\/noticias\\\/\",\"name\":\"El Digital de Asturias - Diario de actualidad y noticias\",\"alternateName\":\"El Digital de Asturias - Diario de actualidad y noticias\",\"description\":\"Hemeroteca\",\"inLanguage\":\"es-ES\",\"publisher\":{\"@id\":\"https:\\\/\\\/www.eldigitaldeasturias.com\\\/noticias\\\/#organization\"}}]}\n\t\t<\/script>\n\t\t<!-- All in One SEO Pro -->\r\n\t\t<title>El Gobierno trabaja en la Ley de Asturian\u00eda, que incluye retorno y nueva emigraci\u00f3n - El Digital de Asturias<\/title>\n\n","aioseo_head_json":{"title":"El Gobierno trabaja en la Ley de Asturian\u00eda, que incluye retorno y nueva emigraci\u00f3n - El Digital de Asturias","description":"Oviedo, 3 feb (EFE).- El consejero de Presidencia, Guillermo Mart\u00ednez, ha dicho hoy que el Principado \"trabaja intensamente\" en la reforma de la Ley de Reconocimiento de Asturian\u00eda, que en el caso de la actual \"no habla de retorno ni de nueva emigraci\u00f3n\", seg\u00fan ha apuntado durante la presentaci\u00f3n del IV Plan Integral de Emigraci\u00f3n.","canonical_url":"https:\/\/www.eldigitaldeasturias.com\/noticias\/el-gobierno-trabaja-en-ley-de-asturiania-que-incluye-retorno-y-nueva-emigracion\/","robots":"max-image-preview:large","keywords":"actualidad,actualidad asturias","webmasterTools":{"google-site-verification":"UA-38556648-1","msvalidate.01":"7dfe9f3f1b24437ab69f4f2559babe99","miscellaneous":""},"schema":{"@context":"https:\/\/schema.org","@graph":[{"@type":"BlogPosting","@id":"https:\/\/www.eldigitaldeasturias.com\/noticias\/el-gobierno-trabaja-en-ley-de-asturiania-que-incluye-retorno-y-nueva-emigracion\/#blogposting","name":"El Gobierno trabaja en la Ley de Asturian\u00eda, que incluye retorno y nueva emigraci\u00f3n - El Digital de Asturias","headline":"El Gobierno trabaja en la Ley de Asturian\u00eda, que incluye retorno y nueva emigraci\u00f3n","author":{"@id":"https:\/\/www.eldigitaldeasturias.com\/noticias\/author\/admin\/#author"},"publisher":{"@id":"https:\/\/www.eldigitaldeasturias.com\/noticias\/#organization"},"image":{"@type":"ImageObject","url":470304},"datePublished":"2014-02-03T15:26:08+01:00","dateModified":"2014-02-03T15:26:31+01:00","inLanguage":"es-ES","mainEntityOfPage":{"@id":"https:\/\/www.eldigitaldeasturias.com\/noticias\/el-gobierno-trabaja-en-ley-de-asturiania-que-incluye-retorno-y-nueva-emigracion\/#webpage"},"isPartOf":{"@id":"https:\/\/www.eldigitaldeasturias.com\/noticias\/el-gobierno-trabaja-en-ley-de-asturiania-que-incluye-retorno-y-nueva-emigracion\/#webpage"},"articleSection":"Actualidad, Actualidad Asturias"},{"@type":"BreadcrumbList","@id":"https:\/\/www.eldigitaldeasturias.com\/noticias\/el-gobierno-trabaja-en-ley-de-asturiania-que-incluye-retorno-y-nueva-emigracion\/#breadcrumblist","itemListElement":[{"@type":"ListItem","@id":"https:\/\/www.eldigitaldeasturias.com\/noticias#listItem","position":1,"name":"Home","item":"https:\/\/www.eldigitaldeasturias.com\/noticias","nextItem":{"@type":"ListItem","@id":"https:\/\/www.eldigitaldeasturias.com\/noticias\/category\/actualidad\/#listItem","name":"Actualidad"}},{"@type":"ListItem","@id":"https:\/\/www.eldigitaldeasturias.com\/noticias\/category\/actualidad\/#listItem","position":2,"name":"Actualidad","item":"https:\/\/www.eldigitaldeasturias.com\/noticias\/category\/actualidad\/","nextItem":{"@type":"ListItem","@id":"https:\/\/www.eldigitaldeasturias.com\/noticias\/el-gobierno-trabaja-en-ley-de-asturiania-que-incluye-retorno-y-nueva-emigracion\/#listItem","name":"El Gobierno trabaja en la Ley de Asturian\u00eda, que incluye retorno y nueva emigraci\u00f3n"},"previousItem":{"@type":"ListItem","@id":"https:\/\/www.eldigitaldeasturias.com\/noticias#listItem","name":"Home"}},{"@type":"ListItem","@id":"https:\/\/www.eldigitaldeasturias.com\/noticias\/el-gobierno-trabaja-en-ley-de-asturiania-que-incluye-retorno-y-nueva-emigracion\/#listItem","position":3,"name":"El Gobierno trabaja en la Ley de Asturian\u00eda, que incluye retorno y nueva emigraci\u00f3n","previousItem":{"@type":"ListItem","@id":"https:\/\/www.eldigitaldeasturias.com\/noticias\/category\/actualidad\/#listItem","name":"Actualidad"}}]},{"@type":"Organization","@id":"https:\/\/www.eldigitaldeasturias.com\/noticias\/#organization","name":"El Digital de Asturias","description":"Hemeroteca","url":"https:\/\/www.eldigitaldeasturias.com\/noticias\/","email":"info@eldigitaldeasturias.com","telephone":"+34652131393","logo":{"@type":"ImageObject","url":"https:\/\/www.eldigitaldeasturias.com\/noticias\/wp-content\/uploads\/2020\/12\/EDA.jpg","@id":"https:\/\/www.eldigitaldeasturias.com\/noticias\/el-gobierno-trabaja-en-ley-de-asturiania-que-incluye-retorno-y-nueva-emigracion\/#organizationLogo"},"image":{"@id":"https:\/\/www.eldigitaldeasturias.com\/noticias\/el-gobierno-trabaja-en-ley-de-asturiania-que-incluye-retorno-y-nueva-emigracion\/#organizationLogo"},"sameAs":["https:\/\/facebook.com\/eldigitaldeasturias","https:\/\/www.youtube.com\/channel\/UCZP-2wLEB9Rv6erhFmqVnvg"],"address":{"@id":"https:\/\/www.eldigitaldeasturias.com\/noticias\/#postaladdress","@type":"PostalAddress","streetAddress":"san antonio 4","postalCode":"33430","addressLocality":"Cand\u00e1s","addressRegion":"Asturias","addressCountry":"ES"}},{"@type":"Person","@id":"https:\/\/www.eldigitaldeasturias.com\/noticias\/author\/admin\/#author","url":"https:\/\/www.eldigitaldeasturias.com\/noticias\/author\/admin\/","name":"El Digital de Asturias","image":{"@type":"ImageObject","@id":"https:\/\/www.eldigitaldeasturias.com\/noticias\/el-gobierno-trabaja-en-ley-de-asturiania-que-incluye-retorno-y-nueva-emigracion\/#authorImage","url":"https:\/\/secure.gravatar.com\/avatar\/df2aeffc32bcd13f8d26072ef8a91b623d677766deac7f97ca815868cd41bf5e?s=96&d=mm&r=g","width":96,"height":96,"caption":"El Digital de Asturias"}},{"@type":"WebPage","@id":"https:\/\/www.eldigitaldeasturias.com\/noticias\/el-gobierno-trabaja-en-ley-de-asturiania-que-incluye-retorno-y-nueva-emigracion\/#webpage","url":"https:\/\/www.eldigitaldeasturias.com\/noticias\/el-gobierno-trabaja-en-ley-de-asturiania-que-incluye-retorno-y-nueva-emigracion\/","name":"El Gobierno trabaja en la Ley de Asturian\u00eda, que incluye retorno y nueva emigraci\u00f3n - El Digital de Asturias","description":"Oviedo, 3 feb (EFE).- El consejero de Presidencia, Guillermo Mart\u00ednez, ha dicho hoy que el Principado \"trabaja intensamente\" en la reforma de la Ley de Reconocimiento de Asturian\u00eda, que en el caso de la actual \"no habla de retorno ni de nueva emigraci\u00f3n\", seg\u00fan ha apuntado durante la presentaci\u00f3n del IV Plan Integral de Emigraci\u00f3n.","inLanguage":"es-ES","isPartOf":{"@id":"https:\/\/www.eldigitaldeasturias.com\/noticias\/#website"},"breadcrumb":{"@id":"https:\/\/www.eldigitaldeasturias.com\/noticias\/el-gobierno-trabaja-en-ley-de-asturiania-que-incluye-retorno-y-nueva-emigracion\/#breadcrumblist"},"author":{"@id":"https:\/\/www.eldigitaldeasturias.com\/noticias\/author\/admin\/#author"},"creator":{"@id":"https:\/\/www.eldigitaldeasturias.com\/noticias\/author\/admin\/#author"},"image":{"@type":"ImageObject","url":470304,"@id":"https:\/\/www.eldigitaldeasturias.com\/noticias\/el-gobierno-trabaja-en-ley-de-asturiania-que-incluye-retorno-y-nueva-emigracion\/#mainImage"},"primaryImageOfPage":{"@id":"https:\/\/www.eldigitaldeasturias.com\/noticias\/el-gobierno-trabaja-en-ley-de-asturiania-que-incluye-retorno-y-nueva-emigracion\/#mainImage"},"datePublished":"2014-02-03T15:26:08+01:00","dateModified":"2014-02-03T15:26:31+01:00"},{"@type":"WebSite","@id":"https:\/\/www.eldigitaldeasturias.com\/noticias\/#website","url":"https:\/\/www.eldigitaldeasturias.com\/noticias\/","name":"El Digital de Asturias - Diario de actualidad y noticias","alternateName":"El Digital de Asturias - Diario de actualidad y noticias","description":"Hemeroteca","inLanguage":"es-ES","publisher":{"@id":"https:\/\/www.eldigitaldeasturias.com\/noticias\/#organization"}}]},"og:locale":"es_ES","og:site_name":"El Digital de Asturias","og:type":"article","og:title":"El Gobierno trabaja en la Ley de Asturian\u00eda, que incluye retorno y nueva emigraci\u00f3n - El Digital de Asturias","og:description":"Oviedo, 3 feb (EFE).- El consejero de Presidencia, Guillermo Mart\u00ednez, ha dicho hoy que el Principado &quot;trabaja intensamente&quot; en la reforma de la Ley de Reconocimiento de Asturian\u00eda, que en el caso de la actual &quot;no habla de retorno ni de nueva emigraci\u00f3n&quot;, seg\u00fan ha apuntado durante la presentaci\u00f3n del IV Plan Integral de Emigraci\u00f3n.","og:url":"https:\/\/www.eldigitaldeasturias.com\/noticias\/el-gobierno-trabaja-en-ley-de-asturiania-que-incluye-retorno-y-nueva-emigracion\/","article:tag":["actualidad","actualidad asturias"],"article:published_time":"2014-02-03T16:26:08+00:00","article:modified_time":"2014-02-03T16:26:31+00:00","article:publisher":"https:\/\/facebook.com\/eldigitaldeasturias","twitter:card":"summary_large_image","twitter:title":"El Gobierno trabaja en la Ley de Asturian\u00eda, que incluye retorno y nueva emigraci\u00f3n - El Digital de Asturias","twitter:description":"Oviedo, 3 feb (EFE).- El consejero de Presidencia, Guillermo Mart\u00ednez, ha dicho hoy que el Principado &quot;trabaja intensamente&quot; en la reforma de la Ley de Reconocimiento de Asturian\u00eda, que en el caso de la actual &quot;no habla de retorno ni de nueva emigraci\u00f3n&quot;, seg\u00fan ha apuntado durante la presentaci\u00f3n del IV Plan Integral de Emigraci\u00f3n.","twitter:label1":"Escrito por","twitter:data1":"El Digital de Asturias","twitter:label2":"Tiempo de lectura estimado","twitter:data2":"4 minutos"},"aioseo_meta_data":{"post_id":"482565","title":null,"description":null,"keywords":null,"keyphrases":null,"primary_term":null,"canonical_url":null,"og_title":null,"og_description":null,"og_object_type":"default","og_image_type":"default","og_image_url":null,"og_image_width":null,"og_image_height":null,"og_image_custom_url":null,"og_image_custom_fields":null,"og_video":null,"og_custom_url":null,"og_article_section":null,"og_article_tags":null,"twitter_use_og":true,"twitter_card":"default","twitter_image_type":"default","twitter_image_url":null,"twitter_image_custom_url":null,"twitter_image_custom_fields":null,"twitter_title":null,"twitter_description":null,"schema":{"blockGraphs":[],"customGraphs":[],"default":{"data":{"Article":[],"Course":[],"Dataset":[],"FAQPage":[],"Movie":[],"Person":[],"Product":[],"ProductReview":[],"Car":[],"Recipe":[],"Service":[],"SoftwareApplication":[],"WebPage":[]},"graphName":"","isEnabled":true},"graphs":[],"defaultGraph":"","defaultPostTypeGraph":""},"schema_type":null,"schema_type_options":null,"pillar_content":false,"robots_default":true,"robots_noindex":false,"robots_noarchive":false,"robots_nosnippet":false,"robots_nofollow":false,"robots_noimageindex":false,"robots_noodp":false,"robots_notranslate":false,"robots_max_snippet":null,"robots_max_videopreview":null,"robots_max_imagepreview":"none","priority":null,"frequency":null,"local_seo":null,"seo_analyzer_scan_date":"2026-06-02 10:14:52","breadcrumb_settings":null,"limit_modified_date":false,"open_ai":null,"ai":null,"created":"2020-11-14 22:54:37","updated":"2026-06-02 10:14:52","focus_keyword":null,"additional_keywords":null,"truseo_locale":null},"aioseo_breadcrumb":"<div class=\"aioseo-breadcrumbs\"><span class=\"aioseo-breadcrumb\">\n\t<a href=\"https:\/\/www.eldigitaldeasturias.com\/noticias\" title=\"Home\">Home<\/a>\n<\/span><span class=\"aioseo-breadcrumb-separator\">\u2013<\/span><span class=\"aioseo-breadcrumb\">\n\t<a href=\"https:\/\/www.eldigitaldeasturias.com\/noticias\/category\/actualidad\/\" title=\"Actualidad\">Actualidad<\/a>\n<\/span><span class=\"aioseo-breadcrumb-separator\">\u2013<\/span><span class=\"aioseo-breadcrumb\">\n\t<a href=\"https:\/\/www.eldigitaldeasturias.com\/noticias\/el-gobierno-trabaja-en-ley-de-asturiania-que-incluye-retorno-y-nueva-emigracion\/\" title=\"El Gobierno trabaja en la Ley de Asturian\u00eda, que incluye retorno y nueva emigraci\u00f3n\">El Gobierno trabaja en la Ley de Asturian\u00eda, que incluye retorno y nueva emigraci\u00f3n<\/a>\n<\/span><\/div>","aioseo_breadcrumb_json":[{"label":"Home","link":"https:\/\/www.eldigitaldeasturias.com\/noticias"},{"label":"Actualidad","link":"https:\/\/www.eldigitaldeasturias.com\/noticias\/category\/actualidad\/"},{"label":"El Gobierno trabaja en la Ley de Asturian\u00eda, que incluye retorno y nueva emigraci\u00f3n","link":"https:\/\/www.eldigitaldeasturias.com\/noticias\/el-gobierno-trabaja-en-ley-de-asturiania-que-incluye-retorno-y-nueva-emigracion\/"}],"_links":{"self":[{"href":"https:\/\/www.eldigitaldeasturias.com\/noticias\/wp-json\/wp\/v2\/posts\/482565","targetHints":{"allow":["GET"]}}],"collection":[{"href":"https:\/\/www.eldigitaldeasturias.com\/noticias\/wp-json\/wp\/v2\/posts"}],"about":[{"href":"https:\/\/www.eldigitaldeasturias.com\/noticias\/wp-json\/wp\/v2\/types\/post"}],"author":[{"embeddable":true,"href":"https:\/\/www.eldigitaldeasturias.com\/noticias\/wp-json\/wp\/v2\/users\/1"}],"replies":[{"embeddable":true,"href":"https:\/\/www.eldigitaldeasturias.com\/noticias\/wp-json\/wp\/v2\/comments?post=482565"}],"version-history":[{"count":0,"href":"https:\/\/www.eldigitaldeasturias.com\/noticias\/wp-json\/wp\/v2\/posts\/482565\/revisions"}],"wp:attachment":[{"href":"https:\/\/www.eldigitaldeasturias.com\/noticias\/wp-json\/wp\/v2\/media?parent=482565"}],"wp:term":[{"taxonomy":"category","embeddable":true,"href":"https:\/\/www.eldigitaldeasturias.com\/noticias\/wp-json\/wp\/v2\/categories?post=482565"},{"taxonomy":"post_tag","embeddable":true,"href":"https:\/\/www.eldigitaldeasturias.com\/noticias\/wp-json\/wp\/v2\/tags?post=482565"}],"curies":[{"name":"wp","href":"https:\/\/api.w.org\/{rel}","templated":true}]}}