{"id":482555,"date":"2014-02-03T15:18:09","date_gmt":"2014-02-03T16:18:09","guid":{"rendered":"http:\/\/www.eldigitaldeasturias.com\/noticias\/?p=482555"},"modified":"2014-02-03T15:18:09","modified_gmt":"2014-02-03T16:18:09","slug":"asturias-perdio-2-300-autonomos-con-asalariados","status":"publish","type":"post","link":"https:\/\/www.eldigitaldeasturias.com\/noticias\/asturias-perdio-2-300-autonomos-con-asalariados\/","title":{"rendered":"Asturias perdi\u00f3 2.300 aut\u00f3nomos con asalariados"},"content":{"rendered":"<p><img loading=\"lazy\" decoding=\"async\" class=\"alignleft size-medium wp-image-3081\" alt=\"paro\" src=\"https:\/\/www.eldigitaldeasturias.com\/noticias\/wp-content\/uploads\/2013\/09\/paro-360x240.jpg\" width=\"360\" height=\"240\" \/>Oviedo, 3 feb (EFE).- El Principado de Asturias perdi\u00f3 el pasado a\u00f1o 2.300 trabajadores aut\u00f3nomos con asalariados, el 10,9 por ciento del total, seg\u00fan los datos de la Encuesta de Poblaci\u00f3n Activa (EPA) analizados por la Asociaci\u00f3n Profesional del Trabajo Aut\u00f3nomo de Asturias (UATAE-Asturias).<\/p>\n<p>Seg\u00fan la EPA, Asturias contabilizaba en el curto trimestre del pasado a\u00f1o 18.700 aut\u00f3nomos con trabajadores asalariados a su cargo, mientras que un a\u00f1o antes ese n\u00famero era de 21.000, ha subrayado en un comunicado la Asociaci\u00f3n, que ha advertido de que se trata de \u00abun dato muy preocupante para el futuro del empleo en Asturias\u00bb.<\/p>\n<p>UATAE-Asturias ha apuntado que en el conjunto de Espa\u00f1a el n\u00famero de aut\u00f3nomos empleadores disminuy\u00f3 un 1 por ciento, \u00abpor lo que la ca\u00edda en Asturias fue once veces superior a la media de Espa\u00f1a en tasa anual\u00bb.<\/p>\n<p>La secretaria general de UATAE, Mar\u00eda Jos\u00e9 Landaburu, ha subrayado que \u00abeste dato de la EPA es especialmente preocupante para la econom\u00eda asturiana y sus ciudadanos, ya que limita a corto y medio plazo las posibilidades de creaci\u00f3n de empleo, tanto por cuenta propia como asalariado\u00bb.<\/p>\n<p>La desaparici\u00f3n de aut\u00f3nomos empleadores tiene como consecuencia no s\u00f3lo la p\u00e9rdida del empleo del trabajador por cuenta propia, sino tambi\u00e9n la de todos los trabajadores asalariados que tuviera contratados, ha insistido al respecto.<\/p>\n<p>Adem\u00e1s, seg\u00fan Landaburu, \u00abcabe suponer que un buen n\u00famero de aut\u00f3nomos que antes eran empleadores se han mantenido en la actividad pero sin asalariados, consecuencia de la duraci\u00f3n de la crisis, la ca\u00edda del consumo interno y las dificultades de financiaci\u00f3n que encuentran los aut\u00f3nomos y microempresas\u00bb.<\/p>\n<p>Landaburu ha se\u00f1alado la necesidad de que el Gobierno del Principado \u00abhaga una reflexi\u00f3n sobre esta importante p\u00e9rdida de actividad y de empleo y especialmente sobre las medidas necesarias a tomar, que no pueden ser s\u00f3lo promover nuevas iniciativas de emprendimiento\u00bb, ya que a su juicio \u00abtambi\u00e9n deben orientarse a mantener vivo lo que ya existe y evitar cierres\u00bb.<\/p>\n","protected":false},"excerpt":{"rendered":"<p>Oviedo, 3 feb (EFE).- El Principado de Asturias perdi\u00f3 el pasado a\u00f1o 2.300 trabajadores aut\u00f3nomos con asalariados, el 10,9 por ciento del total, seg\u00fan los datos de la Encuesta de Poblaci\u00f3n Activa (EPA) analizados por la Asociaci\u00f3n Profesional del Trabajo Aut\u00f3nomo de Asturias (UATAE-Asturias). Seg\u00fan la EPA, Asturias contabilizaba en el curto trimestre del pasado [&hellip;]<\/p>\n","protected":false},"author":1,"featured_media":1132184,"comment_status":"closed","ping_status":"open","sticky":false,"template":"","format":"standard","meta":{"footnotes":""},"categories":[1,12],"tags":[],"class_list":["post-482555","post","type-post","status-publish","format-standard","has-post-thumbnail","hentry","category-actualidad","category-actualidad-asturias"],"aioseo_notices":[],"aioseo_head":"\n\t\t<!-- All in One SEO Pro 5.0.1 - aioseo.com -->\n\t<meta name=\"description\" content=\"Oviedo, 3 feb (EFE).- El Principado de Asturias perdi\u00f3 el pasado a\u00f1o 2.300 trabajadores aut\u00f3nomos con asalariados, el 10,9 por ciento del total, seg\u00fan los datos de la Encuesta de Poblaci\u00f3n Activa (EPA) analizados por la Asociaci\u00f3n Profesional del Trabajo Aut\u00f3nomo de Asturias (UATAE-Asturias). Seg\u00fan la EPA, Asturias contabilizaba en el curto trimestre del pasado\" \/>\n\t<meta name=\"robots\" content=\"max-image-preview:large\" \/>\n\t<meta name=\"author\" content=\"El Digital de Asturias\"\/>\n\t<meta name=\"google-site-verification\" content=\"UA-38556648-1\" \/>\n\t<meta name=\"msvalidate.01\" content=\"7dfe9f3f1b24437ab69f4f2559babe99\" \/>\n\t<meta name=\"keywords\" content=\"actualidad,actualidad asturias\" \/>\n\t<link rel=\"canonical\" href=\"https:\/\/www.eldigitaldeasturias.com\/noticias\/asturias-perdio-2-300-autonomos-con-asalariados\/\" \/>\n\t<meta name=\"generator\" content=\"All in One SEO Pro (AIOSEO) 5.0.1\" \/>\n\t\t<meta property=\"og:locale\" content=\"es_ES\" \/>\n\t\t<meta property=\"og:site_name\" content=\"El Digital de Asturias\" \/>\n\t\t<meta property=\"og:type\" content=\"article\" \/>\n\t\t<meta property=\"og:title\" content=\"Asturias perdi\u00f3 2.300 aut\u00f3nomos con asalariados - El Digital de Asturias\" \/>\n\t\t<meta property=\"og:description\" content=\"Oviedo, 3 feb (EFE).- El Principado de Asturias perdi\u00f3 el pasado a\u00f1o 2.300 trabajadores aut\u00f3nomos con asalariados, el 10,9 por ciento del total, seg\u00fan los datos de la Encuesta de Poblaci\u00f3n Activa (EPA) analizados por la Asociaci\u00f3n Profesional del Trabajo Aut\u00f3nomo de Asturias (UATAE-Asturias). Seg\u00fan la EPA, Asturias contabilizaba en el curto trimestre del pasado\" \/>\n\t\t<meta property=\"og:url\" content=\"https:\/\/www.eldigitaldeasturias.com\/noticias\/asturias-perdio-2-300-autonomos-con-asalariados\/\" \/>\n\t\t<meta property=\"og:image\" content=\"https:\/\/www.eldigitaldeasturias.com\/noticias\/wp-content\/uploads\/2026\/06\/Contenidos.jpg\" \/>\n\t\t<meta property=\"og:image:secure_url\" content=\"https:\/\/www.eldigitaldeasturias.com\/noticias\/wp-content\/uploads\/2026\/06\/Contenidos.jpg\" \/>\n\t\t<meta property=\"og:image:width\" content=\"1265\" \/>\n\t\t<meta property=\"og:image:height\" content=\"697\" \/>\n\t\t<meta property=\"article:tag\" content=\"actualidad\" \/>\n\t\t<meta property=\"article:tag\" content=\"actualidad asturias\" \/>\n\t\t<meta property=\"article:published_time\" content=\"2014-02-03T16:18:09+00:00\" \/>\n\t\t<meta property=\"article:modified_time\" content=\"2014-02-03T16:18:09+00:00\" \/>\n\t\t<meta property=\"article:publisher\" content=\"https:\/\/facebook.com\/eldigitaldeasturias\" \/>\n\t\t<meta name=\"twitter:card\" content=\"summary_large_image\" \/>\n\t\t<meta name=\"twitter:title\" content=\"Asturias perdi\u00f3 2.300 aut\u00f3nomos con asalariados - El Digital de Asturias\" \/>\n\t\t<meta name=\"twitter:description\" content=\"Oviedo, 3 feb (EFE).- El Principado de Asturias perdi\u00f3 el pasado a\u00f1o 2.300 trabajadores aut\u00f3nomos con asalariados, el 10,9 por ciento del total, seg\u00fan los datos de la Encuesta de Poblaci\u00f3n Activa (EPA) analizados por la Asociaci\u00f3n Profesional del Trabajo Aut\u00f3nomo de Asturias (UATAE-Asturias). Seg\u00fan la EPA, Asturias contabilizaba en el curto trimestre del pasado\" \/>\n\t\t<meta name=\"twitter:image\" content=\"https:\/\/www.eldigitaldeasturias.com\/noticias\/wp-content\/uploads\/2026\/06\/Contenidos.jpg\" \/>\n\t\t<meta name=\"twitter:label1\" content=\"Escrito por\" \/>\n\t\t<meta name=\"twitter:data1\" content=\"El Digital de Asturias\" \/>\n\t\t<meta name=\"twitter:label2\" content=\"Tiempo de lectura estimado\" \/>\n\t\t<meta name=\"twitter:data2\" content=\"2 minutos\" \/>\n\t\t<script type=\"application\/ld+json\" class=\"aioseo-schema\">\n\t\t\t{\"@context\":\"https:\\\/\\\/schema.org\",\"@graph\":[{\"@type\":\"BlogPosting\",\"@id\":\"https:\\\/\\\/www.eldigitaldeasturias.com\\\/noticias\\\/asturias-perdio-2-300-autonomos-con-asalariados\\\/#blogposting\",\"name\":\"Asturias perdi\\u00f3 2.300 aut\\u00f3nomos con asalariados - El Digital de Asturias\",\"headline\":\"Asturias perdi\\u00f3 2.300 aut\\u00f3nomos con asalariados\",\"author\":{\"@id\":\"https:\\\/\\\/www.eldigitaldeasturias.com\\\/noticias\\\/author\\\/admin\\\/#author\"},\"publisher\":{\"@id\":\"https:\\\/\\\/www.eldigitaldeasturias.com\\\/noticias\\\/#organization\"},\"image\":{\"@type\":\"ImageObject\",\"url\":\"https:\\\/\\\/www.eldigitaldeasturias.com\\\/noticias\\\/wp-content\\\/uploads\\\/2026\\\/06\\\/Contenidos.jpg\",\"width\":1265,\"height\":697,\"caption\":\"Contenidos\"},\"datePublished\":\"2014-02-03T15:18:09+01:00\",\"dateModified\":\"2014-02-03T15:18:09+01:00\",\"inLanguage\":\"es-ES\",\"mainEntityOfPage\":{\"@id\":\"https:\\\/\\\/www.eldigitaldeasturias.com\\\/noticias\\\/asturias-perdio-2-300-autonomos-con-asalariados\\\/#webpage\"},\"isPartOf\":{\"@id\":\"https:\\\/\\\/www.eldigitaldeasturias.com\\\/noticias\\\/asturias-perdio-2-300-autonomos-con-asalariados\\\/#webpage\"},\"articleSection\":\"Actualidad, Actualidad Asturias\"},{\"@type\":\"BreadcrumbList\",\"@id\":\"https:\\\/\\\/www.eldigitaldeasturias.com\\\/noticias\\\/asturias-perdio-2-300-autonomos-con-asalariados\\\/#breadcrumblist\",\"itemListElement\":[{\"@type\":\"ListItem\",\"@id\":\"https:\\\/\\\/www.eldigitaldeasturias.com\\\/noticias#listItem\",\"position\":1,\"name\":\"Home\",\"item\":\"https:\\\/\\\/www.eldigitaldeasturias.com\\\/noticias\",\"nextItem\":{\"@type\":\"ListItem\",\"@id\":\"https:\\\/\\\/www.eldigitaldeasturias.com\\\/noticias\\\/category\\\/actualidad\\\/#listItem\",\"name\":\"Actualidad\"}},{\"@type\":\"ListItem\",\"@id\":\"https:\\\/\\\/www.eldigitaldeasturias.com\\\/noticias\\\/category\\\/actualidad\\\/#listItem\",\"position\":2,\"name\":\"Actualidad\",\"item\":\"https:\\\/\\\/www.eldigitaldeasturias.com\\\/noticias\\\/category\\\/actualidad\\\/\",\"nextItem\":{\"@type\":\"ListItem\",\"@id\":\"https:\\\/\\\/www.eldigitaldeasturias.com\\\/noticias\\\/asturias-perdio-2-300-autonomos-con-asalariados\\\/#listItem\",\"name\":\"Asturias perdi\\u00f3 2.300 aut\\u00f3nomos con asalariados\"},\"previousItem\":{\"@type\":\"ListItem\",\"@id\":\"https:\\\/\\\/www.eldigitaldeasturias.com\\\/noticias#listItem\",\"name\":\"Home\"}},{\"@type\":\"ListItem\",\"@id\":\"https:\\\/\\\/www.eldigitaldeasturias.com\\\/noticias\\\/asturias-perdio-2-300-autonomos-con-asalariados\\\/#listItem\",\"position\":3,\"name\":\"Asturias perdi\\u00f3 2.300 aut\\u00f3nomos con asalariados\",\"previousItem\":{\"@type\":\"ListItem\",\"@id\":\"https:\\\/\\\/www.eldigitaldeasturias.com\\\/noticias\\\/category\\\/actualidad\\\/#listItem\",\"name\":\"Actualidad\"}}]},{\"@type\":\"Organization\",\"@id\":\"https:\\\/\\\/www.eldigitaldeasturias.com\\\/noticias\\\/#organization\",\"name\":\"El Digital de Asturias\",\"description\":\"Hemeroteca\",\"url\":\"https:\\\/\\\/www.eldigitaldeasturias.com\\\/noticias\\\/\",\"email\":\"info@eldigitaldeasturias.com\",\"telephone\":\"+34652131393\",\"logo\":{\"@type\":\"ImageObject\",\"url\":\"https:\\\/\\\/www.eldigitaldeasturias.com\\\/noticias\\\/wp-content\\\/uploads\\\/2020\\\/12\\\/EDA.jpg\",\"@id\":\"https:\\\/\\\/www.eldigitaldeasturias.com\\\/noticias\\\/asturias-perdio-2-300-autonomos-con-asalariados\\\/#organizationLogo\"},\"image\":{\"@id\":\"https:\\\/\\\/www.eldigitaldeasturias.com\\\/noticias\\\/asturias-perdio-2-300-autonomos-con-asalariados\\\/#organizationLogo\"},\"sameAs\":[\"https:\\\/\\\/facebook.com\\\/eldigitaldeasturias\",\"https:\\\/\\\/www.youtube.com\\\/channel\\\/UCZP-2wLEB9Rv6erhFmqVnvg\"],\"address\":{\"@id\":\"https:\\\/\\\/www.eldigitaldeasturias.com\\\/noticias\\\/#postaladdress\",\"@type\":\"PostalAddress\",\"streetAddress\":\"san antonio 4\",\"postalCode\":\"33430\",\"addressLocality\":\"Cand\\u00e1s\",\"addressRegion\":\"Asturias\",\"addressCountry\":\"ES\"}},{\"@type\":\"Person\",\"@id\":\"https:\\\/\\\/www.eldigitaldeasturias.com\\\/noticias\\\/author\\\/admin\\\/#author\",\"url\":\"https:\\\/\\\/www.eldigitaldeasturias.com\\\/noticias\\\/author\\\/admin\\\/\",\"name\":\"El Digital de Asturias\",\"image\":{\"@type\":\"ImageObject\",\"@id\":\"https:\\\/\\\/www.eldigitaldeasturias.com\\\/noticias\\\/asturias-perdio-2-300-autonomos-con-asalariados\\\/#authorImage\",\"url\":\"https:\\\/\\\/secure.gravatar.com\\\/avatar\\\/df2aeffc32bcd13f8d26072ef8a91b623d677766deac7f97ca815868cd41bf5e?s=96&d=mm&r=g\",\"width\":96,\"height\":96,\"caption\":\"El Digital de Asturias\"}},{\"@type\":\"WebPage\",\"@id\":\"https:\\\/\\\/www.eldigitaldeasturias.com\\\/noticias\\\/asturias-perdio-2-300-autonomos-con-asalariados\\\/#webpage\",\"url\":\"https:\\\/\\\/www.eldigitaldeasturias.com\\\/noticias\\\/asturias-perdio-2-300-autonomos-con-asalariados\\\/\",\"name\":\"Asturias perdi\\u00f3 2.300 aut\\u00f3nomos con asalariados - El Digital de Asturias\",\"description\":\"Oviedo, 3 feb (EFE).- El Principado de Asturias perdi\\u00f3 el pasado a\\u00f1o 2.300 trabajadores aut\\u00f3nomos con asalariados, el 10,9 por ciento del total, seg\\u00fan los datos de la Encuesta de Poblaci\\u00f3n Activa (EPA) analizados por la Asociaci\\u00f3n Profesional del Trabajo Aut\\u00f3nomo de Asturias (UATAE-Asturias). Seg\\u00fan la EPA, Asturias contabilizaba en el curto trimestre del pasado\",\"inLanguage\":\"es-ES\",\"isPartOf\":{\"@id\":\"https:\\\/\\\/www.eldigitaldeasturias.com\\\/noticias\\\/#website\"},\"breadcrumb\":{\"@id\":\"https:\\\/\\\/www.eldigitaldeasturias.com\\\/noticias\\\/asturias-perdio-2-300-autonomos-con-asalariados\\\/#breadcrumblist\"},\"author\":{\"@id\":\"https:\\\/\\\/www.eldigitaldeasturias.com\\\/noticias\\\/author\\\/admin\\\/#author\"},\"creator\":{\"@id\":\"https:\\\/\\\/www.eldigitaldeasturias.com\\\/noticias\\\/author\\\/admin\\\/#author\"},\"image\":{\"@type\":\"ImageObject\",\"url\":\"https:\\\/\\\/www.eldigitaldeasturias.com\\\/noticias\\\/wp-content\\\/uploads\\\/2026\\\/06\\\/Contenidos.jpg\",\"@id\":\"https:\\\/\\\/www.eldigitaldeasturias.com\\\/noticias\\\/asturias-perdio-2-300-autonomos-con-asalariados\\\/#mainImage\",\"width\":1265,\"height\":697,\"caption\":\"Contenidos\"},\"primaryImageOfPage\":{\"@id\":\"https:\\\/\\\/www.eldigitaldeasturias.com\\\/noticias\\\/asturias-perdio-2-300-autonomos-con-asalariados\\\/#mainImage\"},\"datePublished\":\"2014-02-03T15:18:09+01:00\",\"dateModified\":\"2014-02-03T15:18:09+01:00\"},{\"@type\":\"WebSite\",\"@id\":\"https:\\\/\\\/www.eldigitaldeasturias.com\\\/noticias\\\/#website\",\"url\":\"https:\\\/\\\/www.eldigitaldeasturias.com\\\/noticias\\\/\",\"name\":\"El Digital de Asturias - Diario de actualidad y noticias\",\"alternateName\":\"El Digital de Asturias - Diario de actualidad y noticias\",\"description\":\"Hemeroteca\",\"inLanguage\":\"es-ES\",\"publisher\":{\"@id\":\"https:\\\/\\\/www.eldigitaldeasturias.com\\\/noticias\\\/#organization\"}}]}\n\t\t<\/script>\n\t\t<!-- All in One SEO Pro -->\r\n\t\t<title>Asturias perdi\u00f3 2.300 aut\u00f3nomos con asalariados - El Digital de Asturias<\/title>\n\n","aioseo_head_json":{"title":"Asturias perdi\u00f3 2.300 aut\u00f3nomos con asalariados - El Digital de Asturias","description":"Oviedo, 3 feb (EFE).- El Principado de Asturias perdi\u00f3 el pasado a\u00f1o 2.300 trabajadores aut\u00f3nomos con asalariados, el 10,9 por ciento del total, seg\u00fan los datos de la Encuesta de Poblaci\u00f3n Activa (EPA) analizados por la Asociaci\u00f3n Profesional del Trabajo Aut\u00f3nomo de Asturias (UATAE-Asturias). Seg\u00fan la EPA, Asturias contabilizaba en el curto trimestre del pasado","canonical_url":"https:\/\/www.eldigitaldeasturias.com\/noticias\/asturias-perdio-2-300-autonomos-con-asalariados\/","robots":"max-image-preview:large","keywords":"actualidad,actualidad asturias","webmasterTools":{"google-site-verification":"UA-38556648-1","msvalidate.01":"7dfe9f3f1b24437ab69f4f2559babe99","miscellaneous":""},"schema":{"@context":"https:\/\/schema.org","@graph":[{"@type":"BlogPosting","@id":"https:\/\/www.eldigitaldeasturias.com\/noticias\/asturias-perdio-2-300-autonomos-con-asalariados\/#blogposting","name":"Asturias perdi\u00f3 2.300 aut\u00f3nomos con asalariados - El Digital de Asturias","headline":"Asturias perdi\u00f3 2.300 aut\u00f3nomos con asalariados","author":{"@id":"https:\/\/www.eldigitaldeasturias.com\/noticias\/author\/admin\/#author"},"publisher":{"@id":"https:\/\/www.eldigitaldeasturias.com\/noticias\/#organization"},"image":{"@type":"ImageObject","url":"https:\/\/www.eldigitaldeasturias.com\/noticias\/wp-content\/uploads\/2026\/06\/Contenidos.jpg","width":1265,"height":697,"caption":"Contenidos"},"datePublished":"2014-02-03T15:18:09+01:00","dateModified":"2014-02-03T15:18:09+01:00","inLanguage":"es-ES","mainEntityOfPage":{"@id":"https:\/\/www.eldigitaldeasturias.com\/noticias\/asturias-perdio-2-300-autonomos-con-asalariados\/#webpage"},"isPartOf":{"@id":"https:\/\/www.eldigitaldeasturias.com\/noticias\/asturias-perdio-2-300-autonomos-con-asalariados\/#webpage"},"articleSection":"Actualidad, Actualidad Asturias"},{"@type":"BreadcrumbList","@id":"https:\/\/www.eldigitaldeasturias.com\/noticias\/asturias-perdio-2-300-autonomos-con-asalariados\/#breadcrumblist","itemListElement":[{"@type":"ListItem","@id":"https:\/\/www.eldigitaldeasturias.com\/noticias#listItem","position":1,"name":"Home","item":"https:\/\/www.eldigitaldeasturias.com\/noticias","nextItem":{"@type":"ListItem","@id":"https:\/\/www.eldigitaldeasturias.com\/noticias\/category\/actualidad\/#listItem","name":"Actualidad"}},{"@type":"ListItem","@id":"https:\/\/www.eldigitaldeasturias.com\/noticias\/category\/actualidad\/#listItem","position":2,"name":"Actualidad","item":"https:\/\/www.eldigitaldeasturias.com\/noticias\/category\/actualidad\/","nextItem":{"@type":"ListItem","@id":"https:\/\/www.eldigitaldeasturias.com\/noticias\/asturias-perdio-2-300-autonomos-con-asalariados\/#listItem","name":"Asturias perdi\u00f3 2.300 aut\u00f3nomos con asalariados"},"previousItem":{"@type":"ListItem","@id":"https:\/\/www.eldigitaldeasturias.com\/noticias#listItem","name":"Home"}},{"@type":"ListItem","@id":"https:\/\/www.eldigitaldeasturias.com\/noticias\/asturias-perdio-2-300-autonomos-con-asalariados\/#listItem","position":3,"name":"Asturias perdi\u00f3 2.300 aut\u00f3nomos con asalariados","previousItem":{"@type":"ListItem","@id":"https:\/\/www.eldigitaldeasturias.com\/noticias\/category\/actualidad\/#listItem","name":"Actualidad"}}]},{"@type":"Organization","@id":"https:\/\/www.eldigitaldeasturias.com\/noticias\/#organization","name":"El Digital de Asturias","description":"Hemeroteca","url":"https:\/\/www.eldigitaldeasturias.com\/noticias\/","email":"info@eldigitaldeasturias.com","telephone":"+34652131393","logo":{"@type":"ImageObject","url":"https:\/\/www.eldigitaldeasturias.com\/noticias\/wp-content\/uploads\/2020\/12\/EDA.jpg","@id":"https:\/\/www.eldigitaldeasturias.com\/noticias\/asturias-perdio-2-300-autonomos-con-asalariados\/#organizationLogo"},"image":{"@id":"https:\/\/www.eldigitaldeasturias.com\/noticias\/asturias-perdio-2-300-autonomos-con-asalariados\/#organizationLogo"},"sameAs":["https:\/\/facebook.com\/eldigitaldeasturias","https:\/\/www.youtube.com\/channel\/UCZP-2wLEB9Rv6erhFmqVnvg"],"address":{"@id":"https:\/\/www.eldigitaldeasturias.com\/noticias\/#postaladdress","@type":"PostalAddress","streetAddress":"san antonio 4","postalCode":"33430","addressLocality":"Cand\u00e1s","addressRegion":"Asturias","addressCountry":"ES"}},{"@type":"Person","@id":"https:\/\/www.eldigitaldeasturias.com\/noticias\/author\/admin\/#author","url":"https:\/\/www.eldigitaldeasturias.com\/noticias\/author\/admin\/","name":"El Digital de Asturias","image":{"@type":"ImageObject","@id":"https:\/\/www.eldigitaldeasturias.com\/noticias\/asturias-perdio-2-300-autonomos-con-asalariados\/#authorImage","url":"https:\/\/secure.gravatar.com\/avatar\/df2aeffc32bcd13f8d26072ef8a91b623d677766deac7f97ca815868cd41bf5e?s=96&d=mm&r=g","width":96,"height":96,"caption":"El Digital de Asturias"}},{"@type":"WebPage","@id":"https:\/\/www.eldigitaldeasturias.com\/noticias\/asturias-perdio-2-300-autonomos-con-asalariados\/#webpage","url":"https:\/\/www.eldigitaldeasturias.com\/noticias\/asturias-perdio-2-300-autonomos-con-asalariados\/","name":"Asturias perdi\u00f3 2.300 aut\u00f3nomos con asalariados - El Digital de Asturias","description":"Oviedo, 3 feb (EFE).- El Principado de Asturias perdi\u00f3 el pasado a\u00f1o 2.300 trabajadores aut\u00f3nomos con asalariados, el 10,9 por ciento del total, seg\u00fan los datos de la Encuesta de Poblaci\u00f3n Activa (EPA) analizados por la Asociaci\u00f3n Profesional del Trabajo Aut\u00f3nomo de Asturias (UATAE-Asturias). Seg\u00fan la EPA, Asturias contabilizaba en el curto trimestre del pasado","inLanguage":"es-ES","isPartOf":{"@id":"https:\/\/www.eldigitaldeasturias.com\/noticias\/#website"},"breadcrumb":{"@id":"https:\/\/www.eldigitaldeasturias.com\/noticias\/asturias-perdio-2-300-autonomos-con-asalariados\/#breadcrumblist"},"author":{"@id":"https:\/\/www.eldigitaldeasturias.com\/noticias\/author\/admin\/#author"},"creator":{"@id":"https:\/\/www.eldigitaldeasturias.com\/noticias\/author\/admin\/#author"},"image":{"@type":"ImageObject","url":"https:\/\/www.eldigitaldeasturias.com\/noticias\/wp-content\/uploads\/2026\/06\/Contenidos.jpg","@id":"https:\/\/www.eldigitaldeasturias.com\/noticias\/asturias-perdio-2-300-autonomos-con-asalariados\/#mainImage","width":1265,"height":697,"caption":"Contenidos"},"primaryImageOfPage":{"@id":"https:\/\/www.eldigitaldeasturias.com\/noticias\/asturias-perdio-2-300-autonomos-con-asalariados\/#mainImage"},"datePublished":"2014-02-03T15:18:09+01:00","dateModified":"2014-02-03T15:18:09+01:00"},{"@type":"WebSite","@id":"https:\/\/www.eldigitaldeasturias.com\/noticias\/#website","url":"https:\/\/www.eldigitaldeasturias.com\/noticias\/","name":"El Digital de Asturias - Diario de actualidad y noticias","alternateName":"El Digital de Asturias - Diario de actualidad y noticias","description":"Hemeroteca","inLanguage":"es-ES","publisher":{"@id":"https:\/\/www.eldigitaldeasturias.com\/noticias\/#organization"}}]},"og:locale":"es_ES","og:site_name":"El Digital de Asturias","og:type":"article","og:title":"Asturias perdi\u00f3 2.300 aut\u00f3nomos con asalariados - El Digital de Asturias","og:description":"Oviedo, 3 feb (EFE).- El Principado de Asturias perdi\u00f3 el pasado a\u00f1o 2.300 trabajadores aut\u00f3nomos con asalariados, el 10,9 por ciento del total, seg\u00fan los datos de la Encuesta de Poblaci\u00f3n Activa (EPA) analizados por la Asociaci\u00f3n Profesional del Trabajo Aut\u00f3nomo de Asturias (UATAE-Asturias). Seg\u00fan la EPA, Asturias contabilizaba en el curto trimestre del pasado","og:url":"https:\/\/www.eldigitaldeasturias.com\/noticias\/asturias-perdio-2-300-autonomos-con-asalariados\/","og:image":"https:\/\/www.eldigitaldeasturias.com\/noticias\/wp-content\/uploads\/2026\/06\/Contenidos.jpg","og:image:secure_url":"https:\/\/www.eldigitaldeasturias.com\/noticias\/wp-content\/uploads\/2026\/06\/Contenidos.jpg","og:image:width":1265,"og:image:height":697,"article:tag":["actualidad","actualidad asturias"],"article:published_time":"2014-02-03T16:18:09+00:00","article:modified_time":"2014-02-03T16:18:09+00:00","article:publisher":"https:\/\/facebook.com\/eldigitaldeasturias","twitter:card":"summary_large_image","twitter:title":"Asturias perdi\u00f3 2.300 aut\u00f3nomos con asalariados - El Digital de Asturias","twitter:description":"Oviedo, 3 feb (EFE).- El Principado de Asturias perdi\u00f3 el pasado a\u00f1o 2.300 trabajadores aut\u00f3nomos con asalariados, el 10,9 por ciento del total, seg\u00fan los datos de la Encuesta de Poblaci\u00f3n Activa (EPA) analizados por la Asociaci\u00f3n Profesional del Trabajo Aut\u00f3nomo de Asturias (UATAE-Asturias). Seg\u00fan la EPA, Asturias contabilizaba en el curto trimestre del pasado","twitter:image":"https:\/\/www.eldigitaldeasturias.com\/noticias\/wp-content\/uploads\/2026\/06\/Contenidos.jpg","twitter:label1":"Escrito por","twitter:data1":"El Digital de Asturias","twitter:label2":"Tiempo de lectura estimado","twitter:data2":"2 minutos"},"aioseo_meta_data":{"post_id":"482555","title":null,"description":null,"keywords":null,"keyphrases":null,"primary_term":null,"canonical_url":null,"og_title":null,"og_description":null,"og_object_type":"default","og_image_type":"default","og_image_url":null,"og_image_width":null,"og_image_height":null,"og_image_custom_url":null,"og_image_custom_fields":null,"og_video":null,"og_custom_url":null,"og_article_section":null,"og_article_tags":null,"twitter_use_og":true,"twitter_card":"default","twitter_image_type":"default","twitter_image_url":null,"twitter_image_custom_url":null,"twitter_image_custom_fields":null,"twitter_title":null,"twitter_description":null,"schema":{"blockGraphs":[],"customGraphs":[],"default":{"data":{"Article":[],"Course":[],"Dataset":[],"FAQPage":[],"Movie":[],"Person":[],"Product":[],"ProductReview":[],"Car":[],"Recipe":[],"Service":[],"SoftwareApplication":[],"WebPage":[]},"graphName":"","isEnabled":true},"graphs":[],"defaultGraph":"","defaultPostTypeGraph":""},"schema_type":null,"schema_type_options":null,"pillar_content":false,"robots_default":true,"robots_noindex":false,"robots_noarchive":false,"robots_nosnippet":false,"robots_nofollow":false,"robots_noimageindex":false,"robots_noodp":false,"robots_notranslate":false,"robots_max_snippet":null,"robots_max_videopreview":null,"robots_max_imagepreview":"none","priority":null,"frequency":null,"local_seo":null,"seo_analyzer_scan_date":"2026-06-02 10:11:05","breadcrumb_settings":null,"limit_modified_date":false,"open_ai":null,"ai":null,"created":"2020-11-14 22:54:37","updated":"2026-06-02 10:11:05","focus_keyword":null,"additional_keywords":null,"truseo_locale":null},"aioseo_breadcrumb":"<div class=\"aioseo-breadcrumbs\"><span class=\"aioseo-breadcrumb\">\n\t<a href=\"https:\/\/www.eldigitaldeasturias.com\/noticias\" title=\"Home\">Home<\/a>\n<\/span><span class=\"aioseo-breadcrumb-separator\">\u2013<\/span><span class=\"aioseo-breadcrumb\">\n\t<a href=\"https:\/\/www.eldigitaldeasturias.com\/noticias\/category\/actualidad\/\" title=\"Actualidad\">Actualidad<\/a>\n<\/span><span class=\"aioseo-breadcrumb-separator\">\u2013<\/span><span class=\"aioseo-breadcrumb\">\n\t<a href=\"https:\/\/www.eldigitaldeasturias.com\/noticias\/asturias-perdio-2-300-autonomos-con-asalariados\/\" title=\"Asturias perdi\u00f3 2.300 aut\u00f3nomos con asalariados\">Asturias perdi\u00f3 2.300 aut\u00f3nomos con asalariados<\/a>\n<\/span><\/div>","aioseo_breadcrumb_json":[{"label":"Home","link":"https:\/\/www.eldigitaldeasturias.com\/noticias"},{"label":"Actualidad","link":"https:\/\/www.eldigitaldeasturias.com\/noticias\/category\/actualidad\/"},{"label":"Asturias perdi\u00f3 2.300 aut\u00f3nomos con asalariados","link":"https:\/\/www.eldigitaldeasturias.com\/noticias\/asturias-perdio-2-300-autonomos-con-asalariados\/"}],"_links":{"self":[{"href":"https:\/\/www.eldigitaldeasturias.com\/noticias\/wp-json\/wp\/v2\/posts\/482555","targetHints":{"allow":["GET"]}}],"collection":[{"href":"https:\/\/www.eldigitaldeasturias.com\/noticias\/wp-json\/wp\/v2\/posts"}],"about":[{"href":"https:\/\/www.eldigitaldeasturias.com\/noticias\/wp-json\/wp\/v2\/types\/post"}],"author":[{"embeddable":true,"href":"https:\/\/www.eldigitaldeasturias.com\/noticias\/wp-json\/wp\/v2\/users\/1"}],"replies":[{"embeddable":true,"href":"https:\/\/www.eldigitaldeasturias.com\/noticias\/wp-json\/wp\/v2\/comments?post=482555"}],"version-history":[{"count":0,"href":"https:\/\/www.eldigitaldeasturias.com\/noticias\/wp-json\/wp\/v2\/posts\/482555\/revisions"}],"wp:featuredmedia":[{"embeddable":true,"href":"https:\/\/www.eldigitaldeasturias.com\/noticias\/wp-json\/wp\/v2\/media\/1132184"}],"wp:attachment":[{"href":"https:\/\/www.eldigitaldeasturias.com\/noticias\/wp-json\/wp\/v2\/media?parent=482555"}],"wp:term":[{"taxonomy":"category","embeddable":true,"href":"https:\/\/www.eldigitaldeasturias.com\/noticias\/wp-json\/wp\/v2\/categories?post=482555"},{"taxonomy":"post_tag","embeddable":true,"href":"https:\/\/www.eldigitaldeasturias.com\/noticias\/wp-json\/wp\/v2\/tags?post=482555"}],"curies":[{"name":"wp","href":"https:\/\/api.w.org\/{rel}","templated":true}]}}