{"id":482512,"date":"2014-02-03T13:21:09","date_gmt":"2014-02-03T14:21:09","guid":{"rendered":"http:\/\/www.eldigitaldeasturias.com\/noticias\/?p=482512"},"modified":"2014-02-03T13:21:09","modified_gmt":"2014-02-03T14:21:09","slug":"cayo-lara-cree-irresponsable-la-bajada-de-impuestos-anunciada-por-rajoy","status":"publish","type":"post","link":"https:\/\/www.eldigitaldeasturias.com\/noticias\/cayo-lara-cree-irresponsable-la-bajada-de-impuestos-anunciada-por-rajoy\/","title":{"rendered":"Cayo Lara cree \u00abirresponsable\u00bb la bajada de impuestos anunciada por Rajoy"},"content":{"rendered":"<p><img loading=\"lazy\" decoding=\"async\" class=\"alignleft size-medium wp-image-482513\" alt=\"5903062w\" src=\"https:\/\/www.eldigitaldeasturias.com\/noticias\/wp-content\/uploads\/2014\/02\/5903062w-360x266.jpg\" width=\"360\" height=\"266\" \/>Sevilla, 3 feb (EFE).- El coordinador general de IU, Cayo Lara, se ha preguntado hoy \u00abc\u00f3mo se puede tener tanta irresponsabilidad\u00bb, ante el anuncio del presidente del Gobierno, Mariano Rajoy, de una bajada progresiva de impuestos, cuando se est\u00e1n \u00abrecortando servicios p\u00fablicos esenciales\u00bb.<\/p>\n<p>\u00abC\u00f3mo se puede tener tanta caradura\u00bb, ha espetado Lara en una entrevista en Canal Sur Televisi\u00f3n, en la que ha opinado que lo que habr\u00eda que bajar son los impuestos indirectos.<\/p>\n<p>El dirigente de IU se ha quejado de que el 80 por ciento de los impuestos \u00ablos est\u00e9n pagando las rentas del trabajo, el IVA y los impuestos indirectos\u00bb mientras aumentan los beneficios de las empresas.<\/p>\n<p>Sobre el debate de Catalu\u00f1a, ha defendido el \u00abderecho\u00bb de los catalanes a decidir mediante refer\u00e9ndum \u00aben condiciones de legalidad\u00bb, aunque ha abogado por el \u00abencaje\u00bb de todos en Espa\u00f1a.<\/p>\n<p>\u00abLos catalanes deben entender que tienen que seguir conviviendo porque es mejor para los intereses catalanes y espa\u00f1oles\u00bb, ha remarcado Lara, que ha defendido un Estado federal solidario basado en el principio de igualdad entre los territorios, frente a la actual \u00abguerra de banderas\u00bb.<\/p>\n<p>Por otra parte, ha hecho un balance \u00abpositivo\u00bb del pacto suscrito entre su formaci\u00f3n y el PSOE en Andaluc\u00eda, aunque ha opinado que las pol\u00edticas desplegadas por el Gobierno andaluz de coalici\u00f3n deber\u00edan ser m\u00e1s \u00abvalientes\u00bb.<\/p>\n","protected":false},"excerpt":{"rendered":"<p>Sevilla, 3 feb (EFE).- El coordinador general de IU, Cayo Lara, se ha preguntado hoy \u00abc\u00f3mo se puede tener tanta irresponsabilidad\u00bb, ante el anuncio del presidente del Gobierno, Mariano Rajoy, de una bajada progresiva de impuestos, cuando se est\u00e1n \u00abrecortando servicios p\u00fablicos esenciales\u00bb. \u00abC\u00f3mo se puede tener tanta caradura\u00bb, ha espetado Lara en una entrevista [&hellip;]<\/p>\n","protected":false},"author":1,"featured_media":482513,"comment_status":"closed","ping_status":"open","sticky":false,"template":"","format":"standard","meta":{"footnotes":""},"categories":[1],"tags":[],"class_list":["post-482512","post","type-post","status-publish","format-standard","has-post-thumbnail","hentry","category-actualidad"],"aioseo_notices":[],"aioseo_head":"\n\t\t<!-- All in One SEO Pro 5.0.1 - aioseo.com -->\n\t<meta name=\"description\" content=\"Sevilla, 3 feb (EFE).- El coordinador general de IU, Cayo Lara, se ha preguntado hoy &quot;c\u00f3mo se puede tener tanta irresponsabilidad&quot;, ante el anuncio del presidente del Gobierno, Mariano Rajoy, de una bajada progresiva de impuestos, cuando se est\u00e1n &quot;recortando servicios p\u00fablicos esenciales&quot;. &quot;C\u00f3mo se puede tener tanta caradura&quot;, ha espetado Lara en una entrevista\" \/>\n\t<meta name=\"robots\" content=\"max-image-preview:large\" \/>\n\t<meta name=\"author\" content=\"El Digital de Asturias\"\/>\n\t<meta name=\"google-site-verification\" content=\"UA-38556648-1\" \/>\n\t<meta name=\"msvalidate.01\" content=\"7dfe9f3f1b24437ab69f4f2559babe99\" \/>\n\t<meta name=\"keywords\" content=\"actualidad\" \/>\n\t<link rel=\"canonical\" href=\"https:\/\/www.eldigitaldeasturias.com\/noticias\/cayo-lara-cree-irresponsable-la-bajada-de-impuestos-anunciada-por-rajoy\/\" \/>\n\t<meta name=\"generator\" content=\"All in One SEO Pro (AIOSEO) 5.0.1\" \/>\n\t\t<meta property=\"og:locale\" content=\"es_ES\" \/>\n\t\t<meta property=\"og:site_name\" content=\"El Digital de Asturias\" \/>\n\t\t<meta property=\"og:type\" content=\"article\" \/>\n\t\t<meta property=\"og:title\" content=\"Cayo Lara cree \u00abirresponsable\u00bb la bajada de impuestos anunciada por Rajoy - El Digital de Asturias\" \/>\n\t\t<meta property=\"og:description\" content=\"Sevilla, 3 feb (EFE).- El coordinador general de IU, Cayo Lara, se ha preguntado hoy &quot;c\u00f3mo se puede tener tanta irresponsabilidad&quot;, ante el anuncio del presidente del Gobierno, Mariano Rajoy, de una bajada progresiva de impuestos, cuando se est\u00e1n &quot;recortando servicios p\u00fablicos esenciales&quot;. &quot;C\u00f3mo se puede tener tanta caradura&quot;, ha espetado Lara en una entrevista\" \/>\n\t\t<meta property=\"og:url\" content=\"https:\/\/www.eldigitaldeasturias.com\/noticias\/cayo-lara-cree-irresponsable-la-bajada-de-impuestos-anunciada-por-rajoy\/\" \/>\n\t\t<meta property=\"article:tag\" content=\"actualidad\" \/>\n\t\t<meta property=\"article:published_time\" content=\"2014-02-03T14:21:09+00:00\" \/>\n\t\t<meta property=\"article:modified_time\" content=\"2014-02-03T14:21:09+00:00\" \/>\n\t\t<meta property=\"article:publisher\" content=\"https:\/\/facebook.com\/eldigitaldeasturias\" \/>\n\t\t<meta name=\"twitter:card\" content=\"summary_large_image\" \/>\n\t\t<meta name=\"twitter:title\" content=\"Cayo Lara cree \u00abirresponsable\u00bb la bajada de impuestos anunciada por Rajoy - El Digital de Asturias\" \/>\n\t\t<meta name=\"twitter:description\" content=\"Sevilla, 3 feb (EFE).- El coordinador general de IU, Cayo Lara, se ha preguntado hoy &quot;c\u00f3mo se puede tener tanta irresponsabilidad&quot;, ante el anuncio del presidente del Gobierno, Mariano Rajoy, de una bajada progresiva de impuestos, cuando se est\u00e1n &quot;recortando servicios p\u00fablicos esenciales&quot;. &quot;C\u00f3mo se puede tener tanta caradura&quot;, ha espetado Lara en una entrevista\" \/>\n\t\t<meta name=\"twitter:label1\" content=\"Escrito por\" \/>\n\t\t<meta name=\"twitter:data1\" content=\"El Digital de Asturias\" \/>\n\t\t<meta name=\"twitter:label2\" content=\"Tiempo de lectura estimado\" \/>\n\t\t<meta name=\"twitter:data2\" content=\"1 minuto\" \/>\n\t\t<script type=\"application\/ld+json\" class=\"aioseo-schema\">\n\t\t\t{\"@context\":\"https:\\\/\\\/schema.org\",\"@graph\":[{\"@type\":\"BlogPosting\",\"@id\":\"https:\\\/\\\/www.eldigitaldeasturias.com\\\/noticias\\\/cayo-lara-cree-irresponsable-la-bajada-de-impuestos-anunciada-por-rajoy\\\/#blogposting\",\"name\":\"Cayo Lara cree \\u00abirresponsable\\u00bb la bajada de impuestos anunciada por Rajoy - El Digital de Asturias\",\"headline\":\"Cayo Lara cree \\u00abirresponsable\\u00bb la bajada de impuestos anunciada por Rajoy\",\"author\":{\"@id\":\"https:\\\/\\\/www.eldigitaldeasturias.com\\\/noticias\\\/author\\\/admin\\\/#author\"},\"publisher\":{\"@id\":\"https:\\\/\\\/www.eldigitaldeasturias.com\\\/noticias\\\/#organization\"},\"image\":{\"@type\":\"ImageObject\",\"url\":482513},\"datePublished\":\"2014-02-03T13:21:09+01:00\",\"dateModified\":\"2014-02-03T13:21:09+01:00\",\"inLanguage\":\"es-ES\",\"mainEntityOfPage\":{\"@id\":\"https:\\\/\\\/www.eldigitaldeasturias.com\\\/noticias\\\/cayo-lara-cree-irresponsable-la-bajada-de-impuestos-anunciada-por-rajoy\\\/#webpage\"},\"isPartOf\":{\"@id\":\"https:\\\/\\\/www.eldigitaldeasturias.com\\\/noticias\\\/cayo-lara-cree-irresponsable-la-bajada-de-impuestos-anunciada-por-rajoy\\\/#webpage\"},\"articleSection\":\"Actualidad\"},{\"@type\":\"BreadcrumbList\",\"@id\":\"https:\\\/\\\/www.eldigitaldeasturias.com\\\/noticias\\\/cayo-lara-cree-irresponsable-la-bajada-de-impuestos-anunciada-por-rajoy\\\/#breadcrumblist\",\"itemListElement\":[{\"@type\":\"ListItem\",\"@id\":\"https:\\\/\\\/www.eldigitaldeasturias.com\\\/noticias#listItem\",\"position\":1,\"name\":\"Home\",\"item\":\"https:\\\/\\\/www.eldigitaldeasturias.com\\\/noticias\",\"nextItem\":{\"@type\":\"ListItem\",\"@id\":\"https:\\\/\\\/www.eldigitaldeasturias.com\\\/noticias\\\/category\\\/actualidad\\\/#listItem\",\"name\":\"Actualidad\"}},{\"@type\":\"ListItem\",\"@id\":\"https:\\\/\\\/www.eldigitaldeasturias.com\\\/noticias\\\/category\\\/actualidad\\\/#listItem\",\"position\":2,\"name\":\"Actualidad\",\"item\":\"https:\\\/\\\/www.eldigitaldeasturias.com\\\/noticias\\\/category\\\/actualidad\\\/\",\"nextItem\":{\"@type\":\"ListItem\",\"@id\":\"https:\\\/\\\/www.eldigitaldeasturias.com\\\/noticias\\\/cayo-lara-cree-irresponsable-la-bajada-de-impuestos-anunciada-por-rajoy\\\/#listItem\",\"name\":\"Cayo Lara cree \\u00abirresponsable\\u00bb la bajada de impuestos anunciada por Rajoy\"},\"previousItem\":{\"@type\":\"ListItem\",\"@id\":\"https:\\\/\\\/www.eldigitaldeasturias.com\\\/noticias#listItem\",\"name\":\"Home\"}},{\"@type\":\"ListItem\",\"@id\":\"https:\\\/\\\/www.eldigitaldeasturias.com\\\/noticias\\\/cayo-lara-cree-irresponsable-la-bajada-de-impuestos-anunciada-por-rajoy\\\/#listItem\",\"position\":3,\"name\":\"Cayo Lara cree \\u00abirresponsable\\u00bb la bajada de impuestos anunciada por Rajoy\",\"previousItem\":{\"@type\":\"ListItem\",\"@id\":\"https:\\\/\\\/www.eldigitaldeasturias.com\\\/noticias\\\/category\\\/actualidad\\\/#listItem\",\"name\":\"Actualidad\"}}]},{\"@type\":\"Organization\",\"@id\":\"https:\\\/\\\/www.eldigitaldeasturias.com\\\/noticias\\\/#organization\",\"name\":\"El Digital de Asturias\",\"description\":\"Hemeroteca\",\"url\":\"https:\\\/\\\/www.eldigitaldeasturias.com\\\/noticias\\\/\",\"email\":\"info@eldigitaldeasturias.com\",\"telephone\":\"+34652131393\",\"logo\":{\"@type\":\"ImageObject\",\"url\":\"https:\\\/\\\/www.eldigitaldeasturias.com\\\/noticias\\\/wp-content\\\/uploads\\\/2020\\\/12\\\/EDA.jpg\",\"@id\":\"https:\\\/\\\/www.eldigitaldeasturias.com\\\/noticias\\\/cayo-lara-cree-irresponsable-la-bajada-de-impuestos-anunciada-por-rajoy\\\/#organizationLogo\"},\"image\":{\"@id\":\"https:\\\/\\\/www.eldigitaldeasturias.com\\\/noticias\\\/cayo-lara-cree-irresponsable-la-bajada-de-impuestos-anunciada-por-rajoy\\\/#organizationLogo\"},\"sameAs\":[\"https:\\\/\\\/facebook.com\\\/eldigitaldeasturias\",\"https:\\\/\\\/www.youtube.com\\\/channel\\\/UCZP-2wLEB9Rv6erhFmqVnvg\"],\"address\":{\"@id\":\"https:\\\/\\\/www.eldigitaldeasturias.com\\\/noticias\\\/#postaladdress\",\"@type\":\"PostalAddress\",\"streetAddress\":\"san antonio 4\",\"postalCode\":\"33430\",\"addressLocality\":\"Cand\\u00e1s\",\"addressRegion\":\"Asturias\",\"addressCountry\":\"ES\"}},{\"@type\":\"Person\",\"@id\":\"https:\\\/\\\/www.eldigitaldeasturias.com\\\/noticias\\\/author\\\/admin\\\/#author\",\"url\":\"https:\\\/\\\/www.eldigitaldeasturias.com\\\/noticias\\\/author\\\/admin\\\/\",\"name\":\"El Digital de Asturias\",\"image\":{\"@type\":\"ImageObject\",\"@id\":\"https:\\\/\\\/www.eldigitaldeasturias.com\\\/noticias\\\/cayo-lara-cree-irresponsable-la-bajada-de-impuestos-anunciada-por-rajoy\\\/#authorImage\",\"url\":\"https:\\\/\\\/secure.gravatar.com\\\/avatar\\\/df2aeffc32bcd13f8d26072ef8a91b623d677766deac7f97ca815868cd41bf5e?s=96&d=mm&r=g\",\"width\":96,\"height\":96,\"caption\":\"El Digital de Asturias\"}},{\"@type\":\"WebPage\",\"@id\":\"https:\\\/\\\/www.eldigitaldeasturias.com\\\/noticias\\\/cayo-lara-cree-irresponsable-la-bajada-de-impuestos-anunciada-por-rajoy\\\/#webpage\",\"url\":\"https:\\\/\\\/www.eldigitaldeasturias.com\\\/noticias\\\/cayo-lara-cree-irresponsable-la-bajada-de-impuestos-anunciada-por-rajoy\\\/\",\"name\":\"Cayo Lara cree \\u00abirresponsable\\u00bb la bajada de impuestos anunciada por Rajoy - El Digital de Asturias\",\"description\":\"Sevilla, 3 feb (EFE).- El coordinador general de IU, Cayo Lara, se ha preguntado hoy \\\"c\\u00f3mo se puede tener tanta irresponsabilidad\\\", ante el anuncio del presidente del Gobierno, Mariano Rajoy, de una bajada progresiva de impuestos, cuando se est\\u00e1n \\\"recortando servicios p\\u00fablicos esenciales\\\". \\\"C\\u00f3mo se puede tener tanta caradura\\\", ha espetado Lara en una entrevista\",\"inLanguage\":\"es-ES\",\"isPartOf\":{\"@id\":\"https:\\\/\\\/www.eldigitaldeasturias.com\\\/noticias\\\/#website\"},\"breadcrumb\":{\"@id\":\"https:\\\/\\\/www.eldigitaldeasturias.com\\\/noticias\\\/cayo-lara-cree-irresponsable-la-bajada-de-impuestos-anunciada-por-rajoy\\\/#breadcrumblist\"},\"author\":{\"@id\":\"https:\\\/\\\/www.eldigitaldeasturias.com\\\/noticias\\\/author\\\/admin\\\/#author\"},\"creator\":{\"@id\":\"https:\\\/\\\/www.eldigitaldeasturias.com\\\/noticias\\\/author\\\/admin\\\/#author\"},\"image\":{\"@type\":\"ImageObject\",\"url\":482513,\"@id\":\"https:\\\/\\\/www.eldigitaldeasturias.com\\\/noticias\\\/cayo-lara-cree-irresponsable-la-bajada-de-impuestos-anunciada-por-rajoy\\\/#mainImage\"},\"primaryImageOfPage\":{\"@id\":\"https:\\\/\\\/www.eldigitaldeasturias.com\\\/noticias\\\/cayo-lara-cree-irresponsable-la-bajada-de-impuestos-anunciada-por-rajoy\\\/#mainImage\"},\"datePublished\":\"2014-02-03T13:21:09+01:00\",\"dateModified\":\"2014-02-03T13:21:09+01:00\"},{\"@type\":\"WebSite\",\"@id\":\"https:\\\/\\\/www.eldigitaldeasturias.com\\\/noticias\\\/#website\",\"url\":\"https:\\\/\\\/www.eldigitaldeasturias.com\\\/noticias\\\/\",\"name\":\"El Digital de Asturias - Diario de actualidad y noticias\",\"alternateName\":\"El Digital de Asturias - Diario de actualidad y noticias\",\"description\":\"Hemeroteca\",\"inLanguage\":\"es-ES\",\"publisher\":{\"@id\":\"https:\\\/\\\/www.eldigitaldeasturias.com\\\/noticias\\\/#organization\"}}]}\n\t\t<\/script>\n\t\t<!-- All in One SEO Pro -->\r\n\t\t<title>Cayo Lara cree \u00abirresponsable\u00bb la bajada de impuestos anunciada por Rajoy - El Digital de Asturias<\/title>\n\n","aioseo_head_json":{"title":"Cayo Lara cree \u00abirresponsable\u00bb la bajada de impuestos anunciada por Rajoy - El Digital de Asturias","description":"Sevilla, 3 feb (EFE).- El coordinador general de IU, Cayo Lara, se ha preguntado hoy \"c\u00f3mo se puede tener tanta irresponsabilidad\", ante el anuncio del presidente del Gobierno, Mariano Rajoy, de una bajada progresiva de impuestos, cuando se est\u00e1n \"recortando servicios p\u00fablicos esenciales\". \"C\u00f3mo se puede tener tanta caradura\", ha espetado Lara en una entrevista","canonical_url":"https:\/\/www.eldigitaldeasturias.com\/noticias\/cayo-lara-cree-irresponsable-la-bajada-de-impuestos-anunciada-por-rajoy\/","robots":"max-image-preview:large","keywords":"actualidad","webmasterTools":{"google-site-verification":"UA-38556648-1","msvalidate.01":"7dfe9f3f1b24437ab69f4f2559babe99","miscellaneous":""},"schema":{"@context":"https:\/\/schema.org","@graph":[{"@type":"BlogPosting","@id":"https:\/\/www.eldigitaldeasturias.com\/noticias\/cayo-lara-cree-irresponsable-la-bajada-de-impuestos-anunciada-por-rajoy\/#blogposting","name":"Cayo Lara cree \u00abirresponsable\u00bb la bajada de impuestos anunciada por Rajoy - El Digital de Asturias","headline":"Cayo Lara cree \u00abirresponsable\u00bb la bajada de impuestos anunciada por Rajoy","author":{"@id":"https:\/\/www.eldigitaldeasturias.com\/noticias\/author\/admin\/#author"},"publisher":{"@id":"https:\/\/www.eldigitaldeasturias.com\/noticias\/#organization"},"image":{"@type":"ImageObject","url":482513},"datePublished":"2014-02-03T13:21:09+01:00","dateModified":"2014-02-03T13:21:09+01:00","inLanguage":"es-ES","mainEntityOfPage":{"@id":"https:\/\/www.eldigitaldeasturias.com\/noticias\/cayo-lara-cree-irresponsable-la-bajada-de-impuestos-anunciada-por-rajoy\/#webpage"},"isPartOf":{"@id":"https:\/\/www.eldigitaldeasturias.com\/noticias\/cayo-lara-cree-irresponsable-la-bajada-de-impuestos-anunciada-por-rajoy\/#webpage"},"articleSection":"Actualidad"},{"@type":"BreadcrumbList","@id":"https:\/\/www.eldigitaldeasturias.com\/noticias\/cayo-lara-cree-irresponsable-la-bajada-de-impuestos-anunciada-por-rajoy\/#breadcrumblist","itemListElement":[{"@type":"ListItem","@id":"https:\/\/www.eldigitaldeasturias.com\/noticias#listItem","position":1,"name":"Home","item":"https:\/\/www.eldigitaldeasturias.com\/noticias","nextItem":{"@type":"ListItem","@id":"https:\/\/www.eldigitaldeasturias.com\/noticias\/category\/actualidad\/#listItem","name":"Actualidad"}},{"@type":"ListItem","@id":"https:\/\/www.eldigitaldeasturias.com\/noticias\/category\/actualidad\/#listItem","position":2,"name":"Actualidad","item":"https:\/\/www.eldigitaldeasturias.com\/noticias\/category\/actualidad\/","nextItem":{"@type":"ListItem","@id":"https:\/\/www.eldigitaldeasturias.com\/noticias\/cayo-lara-cree-irresponsable-la-bajada-de-impuestos-anunciada-por-rajoy\/#listItem","name":"Cayo Lara cree \u00abirresponsable\u00bb la bajada de impuestos anunciada por Rajoy"},"previousItem":{"@type":"ListItem","@id":"https:\/\/www.eldigitaldeasturias.com\/noticias#listItem","name":"Home"}},{"@type":"ListItem","@id":"https:\/\/www.eldigitaldeasturias.com\/noticias\/cayo-lara-cree-irresponsable-la-bajada-de-impuestos-anunciada-por-rajoy\/#listItem","position":3,"name":"Cayo Lara cree \u00abirresponsable\u00bb la bajada de impuestos anunciada por Rajoy","previousItem":{"@type":"ListItem","@id":"https:\/\/www.eldigitaldeasturias.com\/noticias\/category\/actualidad\/#listItem","name":"Actualidad"}}]},{"@type":"Organization","@id":"https:\/\/www.eldigitaldeasturias.com\/noticias\/#organization","name":"El Digital de Asturias","description":"Hemeroteca","url":"https:\/\/www.eldigitaldeasturias.com\/noticias\/","email":"info@eldigitaldeasturias.com","telephone":"+34652131393","logo":{"@type":"ImageObject","url":"https:\/\/www.eldigitaldeasturias.com\/noticias\/wp-content\/uploads\/2020\/12\/EDA.jpg","@id":"https:\/\/www.eldigitaldeasturias.com\/noticias\/cayo-lara-cree-irresponsable-la-bajada-de-impuestos-anunciada-por-rajoy\/#organizationLogo"},"image":{"@id":"https:\/\/www.eldigitaldeasturias.com\/noticias\/cayo-lara-cree-irresponsable-la-bajada-de-impuestos-anunciada-por-rajoy\/#organizationLogo"},"sameAs":["https:\/\/facebook.com\/eldigitaldeasturias","https:\/\/www.youtube.com\/channel\/UCZP-2wLEB9Rv6erhFmqVnvg"],"address":{"@id":"https:\/\/www.eldigitaldeasturias.com\/noticias\/#postaladdress","@type":"PostalAddress","streetAddress":"san antonio 4","postalCode":"33430","addressLocality":"Cand\u00e1s","addressRegion":"Asturias","addressCountry":"ES"}},{"@type":"Person","@id":"https:\/\/www.eldigitaldeasturias.com\/noticias\/author\/admin\/#author","url":"https:\/\/www.eldigitaldeasturias.com\/noticias\/author\/admin\/","name":"El Digital de Asturias","image":{"@type":"ImageObject","@id":"https:\/\/www.eldigitaldeasturias.com\/noticias\/cayo-lara-cree-irresponsable-la-bajada-de-impuestos-anunciada-por-rajoy\/#authorImage","url":"https:\/\/secure.gravatar.com\/avatar\/df2aeffc32bcd13f8d26072ef8a91b623d677766deac7f97ca815868cd41bf5e?s=96&d=mm&r=g","width":96,"height":96,"caption":"El Digital de Asturias"}},{"@type":"WebPage","@id":"https:\/\/www.eldigitaldeasturias.com\/noticias\/cayo-lara-cree-irresponsable-la-bajada-de-impuestos-anunciada-por-rajoy\/#webpage","url":"https:\/\/www.eldigitaldeasturias.com\/noticias\/cayo-lara-cree-irresponsable-la-bajada-de-impuestos-anunciada-por-rajoy\/","name":"Cayo Lara cree \u00abirresponsable\u00bb la bajada de impuestos anunciada por Rajoy - El Digital de Asturias","description":"Sevilla, 3 feb (EFE).- El coordinador general de IU, Cayo Lara, se ha preguntado hoy \"c\u00f3mo se puede tener tanta irresponsabilidad\", ante el anuncio del presidente del Gobierno, Mariano Rajoy, de una bajada progresiva de impuestos, cuando se est\u00e1n \"recortando servicios p\u00fablicos esenciales\". \"C\u00f3mo se puede tener tanta caradura\", ha espetado Lara en una entrevista","inLanguage":"es-ES","isPartOf":{"@id":"https:\/\/www.eldigitaldeasturias.com\/noticias\/#website"},"breadcrumb":{"@id":"https:\/\/www.eldigitaldeasturias.com\/noticias\/cayo-lara-cree-irresponsable-la-bajada-de-impuestos-anunciada-por-rajoy\/#breadcrumblist"},"author":{"@id":"https:\/\/www.eldigitaldeasturias.com\/noticias\/author\/admin\/#author"},"creator":{"@id":"https:\/\/www.eldigitaldeasturias.com\/noticias\/author\/admin\/#author"},"image":{"@type":"ImageObject","url":482513,"@id":"https:\/\/www.eldigitaldeasturias.com\/noticias\/cayo-lara-cree-irresponsable-la-bajada-de-impuestos-anunciada-por-rajoy\/#mainImage"},"primaryImageOfPage":{"@id":"https:\/\/www.eldigitaldeasturias.com\/noticias\/cayo-lara-cree-irresponsable-la-bajada-de-impuestos-anunciada-por-rajoy\/#mainImage"},"datePublished":"2014-02-03T13:21:09+01:00","dateModified":"2014-02-03T13:21:09+01:00"},{"@type":"WebSite","@id":"https:\/\/www.eldigitaldeasturias.com\/noticias\/#website","url":"https:\/\/www.eldigitaldeasturias.com\/noticias\/","name":"El Digital de Asturias - Diario de actualidad y noticias","alternateName":"El Digital de Asturias - Diario de actualidad y noticias","description":"Hemeroteca","inLanguage":"es-ES","publisher":{"@id":"https:\/\/www.eldigitaldeasturias.com\/noticias\/#organization"}}]},"og:locale":"es_ES","og:site_name":"El Digital de Asturias","og:type":"article","og:title":"Cayo Lara cree \u00abirresponsable\u00bb la bajada de impuestos anunciada por Rajoy - El Digital de Asturias","og:description":"Sevilla, 3 feb (EFE).- El coordinador general de IU, Cayo Lara, se ha preguntado hoy &quot;c\u00f3mo se puede tener tanta irresponsabilidad&quot;, ante el anuncio del presidente del Gobierno, Mariano Rajoy, de una bajada progresiva de impuestos, cuando se est\u00e1n &quot;recortando servicios p\u00fablicos esenciales&quot;. &quot;C\u00f3mo se puede tener tanta caradura&quot;, ha espetado Lara en una entrevista","og:url":"https:\/\/www.eldigitaldeasturias.com\/noticias\/cayo-lara-cree-irresponsable-la-bajada-de-impuestos-anunciada-por-rajoy\/","article:tag":["actualidad"],"article:published_time":"2014-02-03T14:21:09+00:00","article:modified_time":"2014-02-03T14:21:09+00:00","article:publisher":"https:\/\/facebook.com\/eldigitaldeasturias","twitter:card":"summary_large_image","twitter:title":"Cayo Lara cree \u00abirresponsable\u00bb la bajada de impuestos anunciada por Rajoy - El Digital de Asturias","twitter:description":"Sevilla, 3 feb (EFE).- El coordinador general de IU, Cayo Lara, se ha preguntado hoy &quot;c\u00f3mo se puede tener tanta irresponsabilidad&quot;, ante el anuncio del presidente del Gobierno, Mariano Rajoy, de una bajada progresiva de impuestos, cuando se est\u00e1n &quot;recortando servicios p\u00fablicos esenciales&quot;. &quot;C\u00f3mo se puede tener tanta caradura&quot;, ha espetado Lara en una entrevista","twitter:label1":"Escrito por","twitter:data1":"El Digital de Asturias","twitter:label2":"Tiempo de lectura estimado","twitter:data2":"1 minuto"},"aioseo_meta_data":{"post_id":"482512","title":null,"description":null,"keywords":null,"keyphrases":null,"primary_term":null,"canonical_url":null,"og_title":null,"og_description":null,"og_object_type":"default","og_image_type":"default","og_image_url":null,"og_image_width":null,"og_image_height":null,"og_image_custom_url":null,"og_image_custom_fields":null,"og_video":null,"og_custom_url":null,"og_article_section":null,"og_article_tags":null,"twitter_use_og":true,"twitter_card":"default","twitter_image_type":"default","twitter_image_url":null,"twitter_image_custom_url":null,"twitter_image_custom_fields":null,"twitter_title":null,"twitter_description":null,"schema":{"blockGraphs":[],"customGraphs":[],"default":{"data":{"Article":[],"Course":[],"Dataset":[],"FAQPage":[],"Movie":[],"Person":[],"Product":[],"ProductReview":[],"Car":[],"Recipe":[],"Service":[],"SoftwareApplication":[],"WebPage":[]},"graphName":"","isEnabled":true},"graphs":[],"defaultGraph":"","defaultPostTypeGraph":""},"schema_type":null,"schema_type_options":null,"pillar_content":false,"robots_default":true,"robots_noindex":false,"robots_noarchive":false,"robots_nosnippet":false,"robots_nofollow":false,"robots_noimageindex":false,"robots_noodp":false,"robots_notranslate":false,"robots_max_snippet":null,"robots_max_videopreview":null,"robots_max_imagepreview":"none","priority":null,"frequency":null,"local_seo":null,"seo_analyzer_scan_date":"2026-06-02 10:03:07","breadcrumb_settings":null,"limit_modified_date":false,"open_ai":null,"ai":null,"created":"2020-11-14 22:54:35","updated":"2026-06-02 10:03:07","focus_keyword":null,"additional_keywords":null,"truseo_locale":null},"aioseo_breadcrumb":"<div class=\"aioseo-breadcrumbs\"><span class=\"aioseo-breadcrumb\">\n\t<a href=\"https:\/\/www.eldigitaldeasturias.com\/noticias\" title=\"Home\">Home<\/a>\n<\/span><span class=\"aioseo-breadcrumb-separator\">\u2013<\/span><span class=\"aioseo-breadcrumb\">\n\t<a href=\"https:\/\/www.eldigitaldeasturias.com\/noticias\/category\/actualidad\/\" title=\"Actualidad\">Actualidad<\/a>\n<\/span><span class=\"aioseo-breadcrumb-separator\">\u2013<\/span><span class=\"aioseo-breadcrumb\">\n\t<a href=\"https:\/\/www.eldigitaldeasturias.com\/noticias\/cayo-lara-cree-irresponsable-la-bajada-de-impuestos-anunciada-por-rajoy\/\" title=\"Cayo Lara cree \u00abirresponsable\u00bb la bajada de impuestos anunciada por Rajoy\">Cayo Lara cree \u00abirresponsable\u00bb la bajada de impuestos anunciada por Rajoy<\/a>\n<\/span><\/div>","aioseo_breadcrumb_json":[{"label":"Home","link":"https:\/\/www.eldigitaldeasturias.com\/noticias"},{"label":"Actualidad","link":"https:\/\/www.eldigitaldeasturias.com\/noticias\/category\/actualidad\/"},{"label":"Cayo Lara cree \u00abirresponsable\u00bb la bajada de impuestos anunciada por Rajoy","link":"https:\/\/www.eldigitaldeasturias.com\/noticias\/cayo-lara-cree-irresponsable-la-bajada-de-impuestos-anunciada-por-rajoy\/"}],"_links":{"self":[{"href":"https:\/\/www.eldigitaldeasturias.com\/noticias\/wp-json\/wp\/v2\/posts\/482512","targetHints":{"allow":["GET"]}}],"collection":[{"href":"https:\/\/www.eldigitaldeasturias.com\/noticias\/wp-json\/wp\/v2\/posts"}],"about":[{"href":"https:\/\/www.eldigitaldeasturias.com\/noticias\/wp-json\/wp\/v2\/types\/post"}],"author":[{"embeddable":true,"href":"https:\/\/www.eldigitaldeasturias.com\/noticias\/wp-json\/wp\/v2\/users\/1"}],"replies":[{"embeddable":true,"href":"https:\/\/www.eldigitaldeasturias.com\/noticias\/wp-json\/wp\/v2\/comments?post=482512"}],"version-history":[{"count":0,"href":"https:\/\/www.eldigitaldeasturias.com\/noticias\/wp-json\/wp\/v2\/posts\/482512\/revisions"}],"wp:attachment":[{"href":"https:\/\/www.eldigitaldeasturias.com\/noticias\/wp-json\/wp\/v2\/media?parent=482512"}],"wp:term":[{"taxonomy":"category","embeddable":true,"href":"https:\/\/www.eldigitaldeasturias.com\/noticias\/wp-json\/wp\/v2\/categories?post=482512"},{"taxonomy":"post_tag","embeddable":true,"href":"https:\/\/www.eldigitaldeasturias.com\/noticias\/wp-json\/wp\/v2\/tags?post=482512"}],"curies":[{"name":"wp","href":"https:\/\/api.w.org\/{rel}","templated":true}]}}