{"id":482503,"date":"2014-02-03T13:16:32","date_gmt":"2014-02-03T14:16:32","guid":{"rendered":"http:\/\/www.eldigitaldeasturias.com\/noticias\/?p=482503"},"modified":"2014-02-03T13:16:32","modified_gmt":"2014-02-03T14:16:32","slug":"margallo-dispuesto-a-considerar-una-escocia-independiente-en-la-ue-si-es-legal","status":"publish","type":"post","link":"https:\/\/www.eldigitaldeasturias.com\/noticias\/margallo-dispuesto-a-considerar-una-escocia-independiente-en-la-ue-si-es-legal\/","title":{"rendered":"Margallo, dispuesto a considerar una Escocia independiente en la UE si es legal"},"content":{"rendered":"<p><img loading=\"lazy\" decoding=\"async\" class=\"alignleft size-medium wp-image-482504\" alt=\"5902684w\" src=\"https:\/\/www.eldigitaldeasturias.com\/noticias\/wp-content\/uploads\/2014\/02\/5902684w-360x239.jpg\" width=\"360\" height=\"239\" \/>Londres, 3 feb (EFE).- El ministro espa\u00f1ol de Exteriores, Jos\u00e9 Manuel Garc\u00eda-Margallo, dijo que est\u00e1 dispuesto a considerar la solicitud de entrada de una Escocia independiente en la Uni\u00f3n Europea (UE) si el proceso es legal, seg\u00fan declaraciones publicadas hoy por el \u00abFinancial Times\u00bb (UE).<\/p>\n<p>\u00abSi Escocia se independiza de acuerdo con los procedimientos legales e institucionales, pedir\u00e1 su adhesi\u00f3n (a la UE). Si ese proceso ha sido realmente legal, esa petici\u00f3n puede ser considerada. Si no, entonces no\u00bb, afirm\u00f3 Garc\u00eda-Margallo.<\/p>\n<p>El ministro no quiso decir si Espa\u00f1a vetar\u00e1 el ingreso de Escocia a la UE si esta regi\u00f3n obtiene su independencia tras el refer\u00e9ndum del pr\u00f3ximo 18 de septiembre, se\u00f1ala el FT en un art\u00edculo titulado \u00abEspa\u00f1a promete no interferir en Escocia\u00bb y colgado en la p\u00e1gina digital del peri\u00f3dico econ\u00f3mico brit\u00e1nico.<\/p>\n<p>Este art\u00edculo se publica en momentos en que las respectivas campa\u00f1as sobre la eventual independencia de Escocia -a favor y en contra- toman fuerza de cara al pr\u00f3ximo septiembre.<\/p>\n<p>Adem\u00e1s, Garc\u00eda-Margallo dijo que los casos de Escocia y Catalu\u00f1a son \u00abfundamentalmente diferentes\u00bb y que Madrid resistir\u00e1 el plan catal\u00e1n de celebrar su propio plebiscito sobre la independencia.<\/p>\n<p>Al ser preguntado por el diario sobre la consulta de septiembre en Escocia, Garc\u00eda-Margallo dijo que Espa\u00f1a no interfiere en los asuntos internos de otros pa\u00edses.<\/p>\n<p>\u00abNosotros no interferimos en los asuntos internos de otros pa\u00edses. Si el marco constitucional del Reino Unido permite -y parece que s\u00ed lo permite- que Escocia escoge ser independiente, nosotros no tenemos nada que decir al respecto\u00bb, agreg\u00f3 el ministro.<\/p>\n<p>No obstante, el responsable de la diplomacia espa\u00f1ola record\u00f3 que Madrid considera que los nacionalistas escoceses no son realistas al pensar que pueden mantener su adhesi\u00f3n a la UE en caso de obtener su independencia tras el plebiscito.<\/p>\n<p>Seg\u00fan explic\u00f3, si es independiente, Escocia tendr\u00eda que \u00abesperar\u00bb y \u00abpedir la admisi\u00f3n\u00bb al bloque, un proceso que consider\u00f3 largo y plagado de problemas en el camino.<\/p>\n<p>Al referirse concretamente a Catalu\u00f1a, el titular de Exteriores espa\u00f1ol advirti\u00f3 a los l\u00edderes catalanes de que no opten por el camino de la declaraci\u00f3n unilateral de independencia.<\/p>\n<p>\u00abUn Estado nacido a trav\u00e9s de una declaraci\u00f3n unilateral de independencia no tendr\u00eda ning\u00fan reconocimiento internacional. Estar\u00eda totalmente aislado en el concierto de naciones. Un estado as\u00ed no tendr\u00eda acceso al sistema de las Naciones Unidas o al Banco Mundial o el FMI\u00bb, puntualiz\u00f3.<\/p>\n<p>En su opini\u00f3n, esto ser\u00eda comparable a los casos de Osetia del Sur o Somalilandia, que, seg\u00fan \u00e9l, est\u00e1n en un \u00ablimbo internacional\u00bb.<\/p>\n<p>Las \u00faltimas encuestas sobre la independencia de Escocia no dan un apoyo mayoritario a la causa independentista apoyada por el ministro principal escoc\u00e9s, el nacionalista Alex Salmond.<\/p>\n<p>El pol\u00edtico ha fijado la fecha del 24 de marzo de 2016 para la independencia, siempre que gane el \u00abs\u00ed\u00bb en el refer\u00e9ndum de septiembre.<\/p>\n","protected":false},"excerpt":{"rendered":"<p>Londres, 3 feb (EFE).- El ministro espa\u00f1ol de Exteriores, Jos\u00e9 Manuel Garc\u00eda-Margallo, dijo que est\u00e1 dispuesto a considerar la solicitud de entrada de una Escocia independiente en la Uni\u00f3n Europea (UE) si el proceso es legal, seg\u00fan declaraciones publicadas hoy por el \u00abFinancial Times\u00bb (UE). \u00abSi Escocia se independiza de acuerdo con los procedimientos legales [&hellip;]<\/p>\n","protected":false},"author":1,"featured_media":482504,"comment_status":"closed","ping_status":"open","sticky":false,"template":"","format":"standard","meta":{"footnotes":""},"categories":[1],"tags":[],"class_list":["post-482503","post","type-post","status-publish","format-standard","has-post-thumbnail","hentry","category-actualidad"],"aioseo_notices":[],"aioseo_head":"\n\t\t<!-- All in One SEO Pro 5.0.1 - aioseo.com -->\n\t<meta name=\"description\" content=\"Londres, 3 feb (EFE).- El ministro espa\u00f1ol de Exteriores, Jos\u00e9 Manuel Garc\u00eda-Margallo, dijo que est\u00e1 dispuesto a considerar la solicitud de entrada de una Escocia independiente en la Uni\u00f3n Europea (UE) si el proceso es legal, seg\u00fan declaraciones publicadas hoy por el &quot;Financial Times&quot; (UE). &quot;Si Escocia se independiza de acuerdo con los procedimientos legales\" \/>\n\t<meta name=\"robots\" content=\"max-image-preview:large\" \/>\n\t<meta name=\"author\" content=\"El Digital de Asturias\"\/>\n\t<meta name=\"google-site-verification\" content=\"UA-38556648-1\" \/>\n\t<meta name=\"msvalidate.01\" content=\"7dfe9f3f1b24437ab69f4f2559babe99\" \/>\n\t<meta name=\"keywords\" content=\"actualidad\" \/>\n\t<link rel=\"canonical\" href=\"https:\/\/www.eldigitaldeasturias.com\/noticias\/margallo-dispuesto-a-considerar-una-escocia-independiente-en-la-ue-si-es-legal\/\" \/>\n\t<meta name=\"generator\" content=\"All in One SEO Pro (AIOSEO) 5.0.1\" \/>\n\t\t<meta property=\"og:locale\" content=\"es_ES\" \/>\n\t\t<meta property=\"og:site_name\" content=\"El Digital de Asturias\" \/>\n\t\t<meta property=\"og:type\" content=\"article\" \/>\n\t\t<meta property=\"og:title\" content=\"Margallo, dispuesto a considerar una Escocia independiente en la UE si es legal - El Digital de Asturias\" \/>\n\t\t<meta property=\"og:description\" content=\"Londres, 3 feb (EFE).- El ministro espa\u00f1ol de Exteriores, Jos\u00e9 Manuel Garc\u00eda-Margallo, dijo que est\u00e1 dispuesto a considerar la solicitud de entrada de una Escocia independiente en la Uni\u00f3n Europea (UE) si el proceso es legal, seg\u00fan declaraciones publicadas hoy por el &quot;Financial Times&quot; (UE). &quot;Si Escocia se independiza de acuerdo con los procedimientos legales\" \/>\n\t\t<meta property=\"og:url\" content=\"https:\/\/www.eldigitaldeasturias.com\/noticias\/margallo-dispuesto-a-considerar-una-escocia-independiente-en-la-ue-si-es-legal\/\" \/>\n\t\t<meta property=\"article:tag\" content=\"actualidad\" \/>\n\t\t<meta property=\"article:published_time\" content=\"2014-02-03T14:16:32+00:00\" \/>\n\t\t<meta property=\"article:modified_time\" content=\"2014-02-03T14:16:32+00:00\" \/>\n\t\t<meta property=\"article:publisher\" content=\"https:\/\/facebook.com\/eldigitaldeasturias\" \/>\n\t\t<meta name=\"twitter:card\" content=\"summary_large_image\" \/>\n\t\t<meta name=\"twitter:title\" content=\"Margallo, dispuesto a considerar una Escocia independiente en la UE si es legal - El Digital de Asturias\" \/>\n\t\t<meta name=\"twitter:description\" content=\"Londres, 3 feb (EFE).- El ministro espa\u00f1ol de Exteriores, Jos\u00e9 Manuel Garc\u00eda-Margallo, dijo que est\u00e1 dispuesto a considerar la solicitud de entrada de una Escocia independiente en la Uni\u00f3n Europea (UE) si el proceso es legal, seg\u00fan declaraciones publicadas hoy por el &quot;Financial Times&quot; (UE). &quot;Si Escocia se independiza de acuerdo con los procedimientos legales\" \/>\n\t\t<meta name=\"twitter:label1\" content=\"Escrito por\" \/>\n\t\t<meta name=\"twitter:data1\" content=\"El Digital de Asturias\" \/>\n\t\t<meta name=\"twitter:label2\" content=\"Tiempo de lectura estimado\" \/>\n\t\t<meta name=\"twitter:data2\" content=\"3 minutos\" \/>\n\t\t<script type=\"application\/ld+json\" class=\"aioseo-schema\">\n\t\t\t{\"@context\":\"https:\\\/\\\/schema.org\",\"@graph\":[{\"@type\":\"BlogPosting\",\"@id\":\"https:\\\/\\\/www.eldigitaldeasturias.com\\\/noticias\\\/margallo-dispuesto-a-considerar-una-escocia-independiente-en-la-ue-si-es-legal\\\/#blogposting\",\"name\":\"Margallo, dispuesto a considerar una Escocia independiente en la UE si es legal - El Digital de Asturias\",\"headline\":\"Margallo, dispuesto a considerar una Escocia independiente en la UE si es legal\",\"author\":{\"@id\":\"https:\\\/\\\/www.eldigitaldeasturias.com\\\/noticias\\\/author\\\/admin\\\/#author\"},\"publisher\":{\"@id\":\"https:\\\/\\\/www.eldigitaldeasturias.com\\\/noticias\\\/#organization\"},\"image\":{\"@type\":\"ImageObject\",\"url\":482504},\"datePublished\":\"2014-02-03T13:16:32+01:00\",\"dateModified\":\"2014-02-03T13:16:32+01:00\",\"inLanguage\":\"es-ES\",\"mainEntityOfPage\":{\"@id\":\"https:\\\/\\\/www.eldigitaldeasturias.com\\\/noticias\\\/margallo-dispuesto-a-considerar-una-escocia-independiente-en-la-ue-si-es-legal\\\/#webpage\"},\"isPartOf\":{\"@id\":\"https:\\\/\\\/www.eldigitaldeasturias.com\\\/noticias\\\/margallo-dispuesto-a-considerar-una-escocia-independiente-en-la-ue-si-es-legal\\\/#webpage\"},\"articleSection\":\"Actualidad\"},{\"@type\":\"BreadcrumbList\",\"@id\":\"https:\\\/\\\/www.eldigitaldeasturias.com\\\/noticias\\\/margallo-dispuesto-a-considerar-una-escocia-independiente-en-la-ue-si-es-legal\\\/#breadcrumblist\",\"itemListElement\":[{\"@type\":\"ListItem\",\"@id\":\"https:\\\/\\\/www.eldigitaldeasturias.com\\\/noticias#listItem\",\"position\":1,\"name\":\"Home\",\"item\":\"https:\\\/\\\/www.eldigitaldeasturias.com\\\/noticias\",\"nextItem\":{\"@type\":\"ListItem\",\"@id\":\"https:\\\/\\\/www.eldigitaldeasturias.com\\\/noticias\\\/category\\\/actualidad\\\/#listItem\",\"name\":\"Actualidad\"}},{\"@type\":\"ListItem\",\"@id\":\"https:\\\/\\\/www.eldigitaldeasturias.com\\\/noticias\\\/category\\\/actualidad\\\/#listItem\",\"position\":2,\"name\":\"Actualidad\",\"item\":\"https:\\\/\\\/www.eldigitaldeasturias.com\\\/noticias\\\/category\\\/actualidad\\\/\",\"nextItem\":{\"@type\":\"ListItem\",\"@id\":\"https:\\\/\\\/www.eldigitaldeasturias.com\\\/noticias\\\/margallo-dispuesto-a-considerar-una-escocia-independiente-en-la-ue-si-es-legal\\\/#listItem\",\"name\":\"Margallo, dispuesto a considerar una Escocia independiente en la UE si es legal\"},\"previousItem\":{\"@type\":\"ListItem\",\"@id\":\"https:\\\/\\\/www.eldigitaldeasturias.com\\\/noticias#listItem\",\"name\":\"Home\"}},{\"@type\":\"ListItem\",\"@id\":\"https:\\\/\\\/www.eldigitaldeasturias.com\\\/noticias\\\/margallo-dispuesto-a-considerar-una-escocia-independiente-en-la-ue-si-es-legal\\\/#listItem\",\"position\":3,\"name\":\"Margallo, dispuesto a considerar una Escocia independiente en la UE si es legal\",\"previousItem\":{\"@type\":\"ListItem\",\"@id\":\"https:\\\/\\\/www.eldigitaldeasturias.com\\\/noticias\\\/category\\\/actualidad\\\/#listItem\",\"name\":\"Actualidad\"}}]},{\"@type\":\"Organization\",\"@id\":\"https:\\\/\\\/www.eldigitaldeasturias.com\\\/noticias\\\/#organization\",\"name\":\"El Digital de Asturias\",\"description\":\"Hemeroteca\",\"url\":\"https:\\\/\\\/www.eldigitaldeasturias.com\\\/noticias\\\/\",\"email\":\"info@eldigitaldeasturias.com\",\"telephone\":\"+34652131393\",\"logo\":{\"@type\":\"ImageObject\",\"url\":\"https:\\\/\\\/www.eldigitaldeasturias.com\\\/noticias\\\/wp-content\\\/uploads\\\/2020\\\/12\\\/EDA.jpg\",\"@id\":\"https:\\\/\\\/www.eldigitaldeasturias.com\\\/noticias\\\/margallo-dispuesto-a-considerar-una-escocia-independiente-en-la-ue-si-es-legal\\\/#organizationLogo\"},\"image\":{\"@id\":\"https:\\\/\\\/www.eldigitaldeasturias.com\\\/noticias\\\/margallo-dispuesto-a-considerar-una-escocia-independiente-en-la-ue-si-es-legal\\\/#organizationLogo\"},\"sameAs\":[\"https:\\\/\\\/facebook.com\\\/eldigitaldeasturias\",\"https:\\\/\\\/www.youtube.com\\\/channel\\\/UCZP-2wLEB9Rv6erhFmqVnvg\"],\"address\":{\"@id\":\"https:\\\/\\\/www.eldigitaldeasturias.com\\\/noticias\\\/#postaladdress\",\"@type\":\"PostalAddress\",\"streetAddress\":\"san antonio 4\",\"postalCode\":\"33430\",\"addressLocality\":\"Cand\\u00e1s\",\"addressRegion\":\"Asturias\",\"addressCountry\":\"ES\"}},{\"@type\":\"Person\",\"@id\":\"https:\\\/\\\/www.eldigitaldeasturias.com\\\/noticias\\\/author\\\/admin\\\/#author\",\"url\":\"https:\\\/\\\/www.eldigitaldeasturias.com\\\/noticias\\\/author\\\/admin\\\/\",\"name\":\"El Digital de Asturias\",\"image\":{\"@type\":\"ImageObject\",\"@id\":\"https:\\\/\\\/www.eldigitaldeasturias.com\\\/noticias\\\/margallo-dispuesto-a-considerar-una-escocia-independiente-en-la-ue-si-es-legal\\\/#authorImage\",\"url\":\"https:\\\/\\\/secure.gravatar.com\\\/avatar\\\/df2aeffc32bcd13f8d26072ef8a91b623d677766deac7f97ca815868cd41bf5e?s=96&d=mm&r=g\",\"width\":96,\"height\":96,\"caption\":\"El Digital de Asturias\"}},{\"@type\":\"WebPage\",\"@id\":\"https:\\\/\\\/www.eldigitaldeasturias.com\\\/noticias\\\/margallo-dispuesto-a-considerar-una-escocia-independiente-en-la-ue-si-es-legal\\\/#webpage\",\"url\":\"https:\\\/\\\/www.eldigitaldeasturias.com\\\/noticias\\\/margallo-dispuesto-a-considerar-una-escocia-independiente-en-la-ue-si-es-legal\\\/\",\"name\":\"Margallo, dispuesto a considerar una Escocia independiente en la UE si es legal - El Digital de Asturias\",\"description\":\"Londres, 3 feb (EFE).- El ministro espa\\u00f1ol de Exteriores, Jos\\u00e9 Manuel Garc\\u00eda-Margallo, dijo que est\\u00e1 dispuesto a considerar la solicitud de entrada de una Escocia independiente en la Uni\\u00f3n Europea (UE) si el proceso es legal, seg\\u00fan declaraciones publicadas hoy por el \\\"Financial Times\\\" (UE). \\\"Si Escocia se independiza de acuerdo con los procedimientos legales\",\"inLanguage\":\"es-ES\",\"isPartOf\":{\"@id\":\"https:\\\/\\\/www.eldigitaldeasturias.com\\\/noticias\\\/#website\"},\"breadcrumb\":{\"@id\":\"https:\\\/\\\/www.eldigitaldeasturias.com\\\/noticias\\\/margallo-dispuesto-a-considerar-una-escocia-independiente-en-la-ue-si-es-legal\\\/#breadcrumblist\"},\"author\":{\"@id\":\"https:\\\/\\\/www.eldigitaldeasturias.com\\\/noticias\\\/author\\\/admin\\\/#author\"},\"creator\":{\"@id\":\"https:\\\/\\\/www.eldigitaldeasturias.com\\\/noticias\\\/author\\\/admin\\\/#author\"},\"image\":{\"@type\":\"ImageObject\",\"url\":482504,\"@id\":\"https:\\\/\\\/www.eldigitaldeasturias.com\\\/noticias\\\/margallo-dispuesto-a-considerar-una-escocia-independiente-en-la-ue-si-es-legal\\\/#mainImage\"},\"primaryImageOfPage\":{\"@id\":\"https:\\\/\\\/www.eldigitaldeasturias.com\\\/noticias\\\/margallo-dispuesto-a-considerar-una-escocia-independiente-en-la-ue-si-es-legal\\\/#mainImage\"},\"datePublished\":\"2014-02-03T13:16:32+01:00\",\"dateModified\":\"2014-02-03T13:16:32+01:00\"},{\"@type\":\"WebSite\",\"@id\":\"https:\\\/\\\/www.eldigitaldeasturias.com\\\/noticias\\\/#website\",\"url\":\"https:\\\/\\\/www.eldigitaldeasturias.com\\\/noticias\\\/\",\"name\":\"El Digital de Asturias - Diario de actualidad y noticias\",\"alternateName\":\"El Digital de Asturias - Diario de actualidad y noticias\",\"description\":\"Hemeroteca\",\"inLanguage\":\"es-ES\",\"publisher\":{\"@id\":\"https:\\\/\\\/www.eldigitaldeasturias.com\\\/noticias\\\/#organization\"}}]}\n\t\t<\/script>\n\t\t<!-- All in One SEO Pro -->\r\n\t\t<title>Margallo, dispuesto a considerar una Escocia independiente en la UE si es legal - El Digital de Asturias<\/title>\n\n","aioseo_head_json":{"title":"Margallo, dispuesto a considerar una Escocia independiente en la UE si es legal - El Digital de Asturias","description":"Londres, 3 feb (EFE).- El ministro espa\u00f1ol de Exteriores, Jos\u00e9 Manuel Garc\u00eda-Margallo, dijo que est\u00e1 dispuesto a considerar la solicitud de entrada de una Escocia independiente en la Uni\u00f3n Europea (UE) si el proceso es legal, seg\u00fan declaraciones publicadas hoy por el \"Financial Times\" (UE). \"Si Escocia se independiza de acuerdo con los procedimientos legales","canonical_url":"https:\/\/www.eldigitaldeasturias.com\/noticias\/margallo-dispuesto-a-considerar-una-escocia-independiente-en-la-ue-si-es-legal\/","robots":"max-image-preview:large","keywords":"actualidad","webmasterTools":{"google-site-verification":"UA-38556648-1","msvalidate.01":"7dfe9f3f1b24437ab69f4f2559babe99","miscellaneous":""},"schema":{"@context":"https:\/\/schema.org","@graph":[{"@type":"BlogPosting","@id":"https:\/\/www.eldigitaldeasturias.com\/noticias\/margallo-dispuesto-a-considerar-una-escocia-independiente-en-la-ue-si-es-legal\/#blogposting","name":"Margallo, dispuesto a considerar una Escocia independiente en la UE si es legal - El Digital de Asturias","headline":"Margallo, dispuesto a considerar una Escocia independiente en la UE si es legal","author":{"@id":"https:\/\/www.eldigitaldeasturias.com\/noticias\/author\/admin\/#author"},"publisher":{"@id":"https:\/\/www.eldigitaldeasturias.com\/noticias\/#organization"},"image":{"@type":"ImageObject","url":482504},"datePublished":"2014-02-03T13:16:32+01:00","dateModified":"2014-02-03T13:16:32+01:00","inLanguage":"es-ES","mainEntityOfPage":{"@id":"https:\/\/www.eldigitaldeasturias.com\/noticias\/margallo-dispuesto-a-considerar-una-escocia-independiente-en-la-ue-si-es-legal\/#webpage"},"isPartOf":{"@id":"https:\/\/www.eldigitaldeasturias.com\/noticias\/margallo-dispuesto-a-considerar-una-escocia-independiente-en-la-ue-si-es-legal\/#webpage"},"articleSection":"Actualidad"},{"@type":"BreadcrumbList","@id":"https:\/\/www.eldigitaldeasturias.com\/noticias\/margallo-dispuesto-a-considerar-una-escocia-independiente-en-la-ue-si-es-legal\/#breadcrumblist","itemListElement":[{"@type":"ListItem","@id":"https:\/\/www.eldigitaldeasturias.com\/noticias#listItem","position":1,"name":"Home","item":"https:\/\/www.eldigitaldeasturias.com\/noticias","nextItem":{"@type":"ListItem","@id":"https:\/\/www.eldigitaldeasturias.com\/noticias\/category\/actualidad\/#listItem","name":"Actualidad"}},{"@type":"ListItem","@id":"https:\/\/www.eldigitaldeasturias.com\/noticias\/category\/actualidad\/#listItem","position":2,"name":"Actualidad","item":"https:\/\/www.eldigitaldeasturias.com\/noticias\/category\/actualidad\/","nextItem":{"@type":"ListItem","@id":"https:\/\/www.eldigitaldeasturias.com\/noticias\/margallo-dispuesto-a-considerar-una-escocia-independiente-en-la-ue-si-es-legal\/#listItem","name":"Margallo, dispuesto a considerar una Escocia independiente en la UE si es legal"},"previousItem":{"@type":"ListItem","@id":"https:\/\/www.eldigitaldeasturias.com\/noticias#listItem","name":"Home"}},{"@type":"ListItem","@id":"https:\/\/www.eldigitaldeasturias.com\/noticias\/margallo-dispuesto-a-considerar-una-escocia-independiente-en-la-ue-si-es-legal\/#listItem","position":3,"name":"Margallo, dispuesto a considerar una Escocia independiente en la UE si es legal","previousItem":{"@type":"ListItem","@id":"https:\/\/www.eldigitaldeasturias.com\/noticias\/category\/actualidad\/#listItem","name":"Actualidad"}}]},{"@type":"Organization","@id":"https:\/\/www.eldigitaldeasturias.com\/noticias\/#organization","name":"El Digital de Asturias","description":"Hemeroteca","url":"https:\/\/www.eldigitaldeasturias.com\/noticias\/","email":"info@eldigitaldeasturias.com","telephone":"+34652131393","logo":{"@type":"ImageObject","url":"https:\/\/www.eldigitaldeasturias.com\/noticias\/wp-content\/uploads\/2020\/12\/EDA.jpg","@id":"https:\/\/www.eldigitaldeasturias.com\/noticias\/margallo-dispuesto-a-considerar-una-escocia-independiente-en-la-ue-si-es-legal\/#organizationLogo"},"image":{"@id":"https:\/\/www.eldigitaldeasturias.com\/noticias\/margallo-dispuesto-a-considerar-una-escocia-independiente-en-la-ue-si-es-legal\/#organizationLogo"},"sameAs":["https:\/\/facebook.com\/eldigitaldeasturias","https:\/\/www.youtube.com\/channel\/UCZP-2wLEB9Rv6erhFmqVnvg"],"address":{"@id":"https:\/\/www.eldigitaldeasturias.com\/noticias\/#postaladdress","@type":"PostalAddress","streetAddress":"san antonio 4","postalCode":"33430","addressLocality":"Cand\u00e1s","addressRegion":"Asturias","addressCountry":"ES"}},{"@type":"Person","@id":"https:\/\/www.eldigitaldeasturias.com\/noticias\/author\/admin\/#author","url":"https:\/\/www.eldigitaldeasturias.com\/noticias\/author\/admin\/","name":"El Digital de Asturias","image":{"@type":"ImageObject","@id":"https:\/\/www.eldigitaldeasturias.com\/noticias\/margallo-dispuesto-a-considerar-una-escocia-independiente-en-la-ue-si-es-legal\/#authorImage","url":"https:\/\/secure.gravatar.com\/avatar\/df2aeffc32bcd13f8d26072ef8a91b623d677766deac7f97ca815868cd41bf5e?s=96&d=mm&r=g","width":96,"height":96,"caption":"El Digital de Asturias"}},{"@type":"WebPage","@id":"https:\/\/www.eldigitaldeasturias.com\/noticias\/margallo-dispuesto-a-considerar-una-escocia-independiente-en-la-ue-si-es-legal\/#webpage","url":"https:\/\/www.eldigitaldeasturias.com\/noticias\/margallo-dispuesto-a-considerar-una-escocia-independiente-en-la-ue-si-es-legal\/","name":"Margallo, dispuesto a considerar una Escocia independiente en la UE si es legal - El Digital de Asturias","description":"Londres, 3 feb (EFE).- El ministro espa\u00f1ol de Exteriores, Jos\u00e9 Manuel Garc\u00eda-Margallo, dijo que est\u00e1 dispuesto a considerar la solicitud de entrada de una Escocia independiente en la Uni\u00f3n Europea (UE) si el proceso es legal, seg\u00fan declaraciones publicadas hoy por el \"Financial Times\" (UE). \"Si Escocia se independiza de acuerdo con los procedimientos legales","inLanguage":"es-ES","isPartOf":{"@id":"https:\/\/www.eldigitaldeasturias.com\/noticias\/#website"},"breadcrumb":{"@id":"https:\/\/www.eldigitaldeasturias.com\/noticias\/margallo-dispuesto-a-considerar-una-escocia-independiente-en-la-ue-si-es-legal\/#breadcrumblist"},"author":{"@id":"https:\/\/www.eldigitaldeasturias.com\/noticias\/author\/admin\/#author"},"creator":{"@id":"https:\/\/www.eldigitaldeasturias.com\/noticias\/author\/admin\/#author"},"image":{"@type":"ImageObject","url":482504,"@id":"https:\/\/www.eldigitaldeasturias.com\/noticias\/margallo-dispuesto-a-considerar-una-escocia-independiente-en-la-ue-si-es-legal\/#mainImage"},"primaryImageOfPage":{"@id":"https:\/\/www.eldigitaldeasturias.com\/noticias\/margallo-dispuesto-a-considerar-una-escocia-independiente-en-la-ue-si-es-legal\/#mainImage"},"datePublished":"2014-02-03T13:16:32+01:00","dateModified":"2014-02-03T13:16:32+01:00"},{"@type":"WebSite","@id":"https:\/\/www.eldigitaldeasturias.com\/noticias\/#website","url":"https:\/\/www.eldigitaldeasturias.com\/noticias\/","name":"El Digital de Asturias - Diario de actualidad y noticias","alternateName":"El Digital de Asturias - Diario de actualidad y noticias","description":"Hemeroteca","inLanguage":"es-ES","publisher":{"@id":"https:\/\/www.eldigitaldeasturias.com\/noticias\/#organization"}}]},"og:locale":"es_ES","og:site_name":"El Digital de Asturias","og:type":"article","og:title":"Margallo, dispuesto a considerar una Escocia independiente en la UE si es legal - El Digital de Asturias","og:description":"Londres, 3 feb (EFE).- El ministro espa\u00f1ol de Exteriores, Jos\u00e9 Manuel Garc\u00eda-Margallo, dijo que est\u00e1 dispuesto a considerar la solicitud de entrada de una Escocia independiente en la Uni\u00f3n Europea (UE) si el proceso es legal, seg\u00fan declaraciones publicadas hoy por el &quot;Financial Times&quot; (UE). &quot;Si Escocia se independiza de acuerdo con los procedimientos legales","og:url":"https:\/\/www.eldigitaldeasturias.com\/noticias\/margallo-dispuesto-a-considerar-una-escocia-independiente-en-la-ue-si-es-legal\/","article:tag":["actualidad"],"article:published_time":"2014-02-03T14:16:32+00:00","article:modified_time":"2014-02-03T14:16:32+00:00","article:publisher":"https:\/\/facebook.com\/eldigitaldeasturias","twitter:card":"summary_large_image","twitter:title":"Margallo, dispuesto a considerar una Escocia independiente en la UE si es legal - El Digital de Asturias","twitter:description":"Londres, 3 feb (EFE).- El ministro espa\u00f1ol de Exteriores, Jos\u00e9 Manuel Garc\u00eda-Margallo, dijo que est\u00e1 dispuesto a considerar la solicitud de entrada de una Escocia independiente en la Uni\u00f3n Europea (UE) si el proceso es legal, seg\u00fan declaraciones publicadas hoy por el &quot;Financial Times&quot; (UE). &quot;Si Escocia se independiza de acuerdo con los procedimientos legales","twitter:label1":"Escrito por","twitter:data1":"El Digital de Asturias","twitter:label2":"Tiempo de lectura estimado","twitter:data2":"3 minutos"},"aioseo_meta_data":{"post_id":"482503","title":null,"description":null,"keywords":null,"keyphrases":null,"primary_term":null,"canonical_url":null,"og_title":null,"og_description":null,"og_object_type":"default","og_image_type":"default","og_image_url":null,"og_image_width":null,"og_image_height":null,"og_image_custom_url":null,"og_image_custom_fields":null,"og_video":null,"og_custom_url":null,"og_article_section":null,"og_article_tags":null,"twitter_use_og":true,"twitter_card":"default","twitter_image_type":"default","twitter_image_url":null,"twitter_image_custom_url":null,"twitter_image_custom_fields":null,"twitter_title":null,"twitter_description":null,"schema":{"blockGraphs":[],"customGraphs":[],"default":{"data":{"Article":[],"Course":[],"Dataset":[],"FAQPage":[],"Movie":[],"Person":[],"Product":[],"ProductReview":[],"Car":[],"Recipe":[],"Service":[],"SoftwareApplication":[],"WebPage":[]},"graphName":"","isEnabled":true},"graphs":[],"defaultGraph":"","defaultPostTypeGraph":""},"schema_type":null,"schema_type_options":null,"pillar_content":false,"robots_default":true,"robots_noindex":false,"robots_noarchive":false,"robots_nosnippet":false,"robots_nofollow":false,"robots_noimageindex":false,"robots_noodp":false,"robots_notranslate":false,"robots_max_snippet":null,"robots_max_videopreview":null,"robots_max_imagepreview":"none","priority":null,"frequency":null,"local_seo":null,"seo_analyzer_scan_date":"2026-06-02 10:01:25","breadcrumb_settings":null,"limit_modified_date":false,"open_ai":null,"ai":null,"created":"2020-11-14 22:54:35","updated":"2026-06-02 10:01:25","focus_keyword":null,"additional_keywords":null,"truseo_locale":null},"aioseo_breadcrumb":"<div class=\"aioseo-breadcrumbs\"><span class=\"aioseo-breadcrumb\">\n\t<a href=\"https:\/\/www.eldigitaldeasturias.com\/noticias\" title=\"Home\">Home<\/a>\n<\/span><span class=\"aioseo-breadcrumb-separator\">\u2013<\/span><span class=\"aioseo-breadcrumb\">\n\t<a href=\"https:\/\/www.eldigitaldeasturias.com\/noticias\/category\/actualidad\/\" title=\"Actualidad\">Actualidad<\/a>\n<\/span><span class=\"aioseo-breadcrumb-separator\">\u2013<\/span><span class=\"aioseo-breadcrumb\">\n\t<a href=\"https:\/\/www.eldigitaldeasturias.com\/noticias\/margallo-dispuesto-a-considerar-una-escocia-independiente-en-la-ue-si-es-legal\/\" title=\"Margallo, dispuesto a considerar una Escocia independiente en la UE si es legal\">Margallo, dispuesto a considerar una Escocia independiente en la UE si es legal<\/a>\n<\/span><\/div>","aioseo_breadcrumb_json":[{"label":"Home","link":"https:\/\/www.eldigitaldeasturias.com\/noticias"},{"label":"Actualidad","link":"https:\/\/www.eldigitaldeasturias.com\/noticias\/category\/actualidad\/"},{"label":"Margallo, dispuesto a considerar una Escocia independiente en la UE si es legal","link":"https:\/\/www.eldigitaldeasturias.com\/noticias\/margallo-dispuesto-a-considerar-una-escocia-independiente-en-la-ue-si-es-legal\/"}],"_links":{"self":[{"href":"https:\/\/www.eldigitaldeasturias.com\/noticias\/wp-json\/wp\/v2\/posts\/482503","targetHints":{"allow":["GET"]}}],"collection":[{"href":"https:\/\/www.eldigitaldeasturias.com\/noticias\/wp-json\/wp\/v2\/posts"}],"about":[{"href":"https:\/\/www.eldigitaldeasturias.com\/noticias\/wp-json\/wp\/v2\/types\/post"}],"author":[{"embeddable":true,"href":"https:\/\/www.eldigitaldeasturias.com\/noticias\/wp-json\/wp\/v2\/users\/1"}],"replies":[{"embeddable":true,"href":"https:\/\/www.eldigitaldeasturias.com\/noticias\/wp-json\/wp\/v2\/comments?post=482503"}],"version-history":[{"count":0,"href":"https:\/\/www.eldigitaldeasturias.com\/noticias\/wp-json\/wp\/v2\/posts\/482503\/revisions"}],"wp:attachment":[{"href":"https:\/\/www.eldigitaldeasturias.com\/noticias\/wp-json\/wp\/v2\/media?parent=482503"}],"wp:term":[{"taxonomy":"category","embeddable":true,"href":"https:\/\/www.eldigitaldeasturias.com\/noticias\/wp-json\/wp\/v2\/categories?post=482503"},{"taxonomy":"post_tag","embeddable":true,"href":"https:\/\/www.eldigitaldeasturias.com\/noticias\/wp-json\/wp\/v2\/tags?post=482503"}],"curies":[{"name":"wp","href":"https:\/\/api.w.org\/{rel}","templated":true}]}}