{"id":482500,"date":"2014-02-03T13:15:28","date_gmt":"2014-02-03T14:15:28","guid":{"rendered":"http:\/\/www.eldigitaldeasturias.com\/noticias\/?p=482500"},"modified":"2014-02-03T13:15:28","modified_gmt":"2014-02-03T14:15:28","slug":"los-sondeos-apuntan-que-el-pp-ganaria-las-generales-y-europeas","status":"publish","type":"post","link":"https:\/\/www.eldigitaldeasturias.com\/noticias\/los-sondeos-apuntan-que-el-pp-ganaria-las-generales-y-europeas\/","title":{"rendered":"Los sondeos apuntan que el PP ganar\u00eda las generales y europeas"},"content":{"rendered":"<p><img loading=\"lazy\" decoding=\"async\" class=\"alignleft size-medium wp-image-482501\" alt=\"5902662w\" src=\"https:\/\/www.eldigitaldeasturias.com\/noticias\/wp-content\/uploads\/2014\/02\/5902662w-360x180.jpg\" width=\"360\" height=\"180\" \/>Barcelona\/Madrid, 3 feb (EFE).- El Partido Popular ganar\u00eda tanto las elecciones generales como las europeas de celebrarse ahora, seg\u00fan los sondeos de opini\u00f3n que publican hoy El Peri\u00f3dico y La Raz\u00f3n y que coinciden en reflejar una fuerte ca\u00edda de apoyos a los dos grandes partidos, PP y PSOE.<\/p>\n<p>As\u00ed mismo, ambas encuestas confirman la tendencia de los estudios demosc\u00f3picos de los \u00faltimos meses y apuntan a la subida de otros opciones minoritarias, especialmente IU y UPyD.<\/p>\n<p>En cuanto a las generales, El Peri\u00f3dico refleja que el PP obtendr\u00eda entre 126 y 129 esca\u00f1os, un descenso de sesenta diputados, casi una tercera parte de los apoyos que logr\u00f3 en las elecciones de 2011.<\/p>\n<p>Seg\u00fan esta encuesta, elaborada por GESOP entre el 20 y el 23 de enero mediante mil entrevistas, el PSOE no capitalizar\u00eda el descenso de votos y esca\u00f1os del PP, pues bajar\u00eda de los 110 diputados actuales a entre 104 y 107 esca\u00f1os.<\/p>\n<p>En t\u00e9rminos porcentuales, el PP lograr\u00eda el 28,6% de los votos, el PSOE registrar\u00eda un 24,9%, IU-ICV, un 13,2% (entre 37 y 39 esca\u00f1os) y UPyD, un 11,5%, que supondr\u00edan entre 30 y 32 esca\u00f1os.<\/p>\n<p>Asimismo, CiU descender\u00eda de los 16 diputados actuales a entre 12 y 13, ERC aumentar\u00eda de 3 a 7 u 8 esca\u00f1os y Ciutadans entrar\u00eda por primera vez en el Congreso, con entre 2 y 4 diputados.<\/p>\n<p>Precisamente, el l\u00edder de Ciutadans, Albert Rivera, se sit\u00faa como el l\u00edder m\u00e1s valorado entre los ciudadanos, con una puntuaci\u00f3n de 4,4, seguido por Rosa D\u00edez, con un 4,3, Cayo Lara (3,9), Alfredo P\u00e9rez Rubalcaba (3,5), Josep Antoni Duran Lleida (3,5) y Mariano Rajoy (3).<\/p>\n<p>Esa tendencia de ca\u00edda en el respaldo a los dos grandes partidos y aumento de otras opciones pol\u00edticas, especialmente IU y UPyD, se confirma tambi\u00e9n para el caso de las europeas.<\/p>\n<p>As\u00ed, la encuesta de El Peri\u00f3dico otorga al PP un 31,6 por ciento de los votos (19 eurodiputados), un 28 por ciento para el PSOE (17 esca\u00f1os), mientras que IU ascender\u00eda hasta el 11,5 por ciento (7 esca\u00f1os) y UPyD lograr\u00eda un 9,3 por ciento de los sufragios y 5 eurodiputados.<\/p>\n<p>En la encuesta de NC Report para La Raz\u00f3n, realizada a partir de 900 llamadas telef\u00f3nicas, sobre las elecciones europeas del pr\u00f3ximo mayo, los resultados son muy similares: PP, 30,1 por ciento de los votos y entre 18 y 19 eurodiputados; PSOE, 28,1 por ciento y entre 17 y 18 esca\u00f1os.<\/p>\n<p>Tambi\u00e9n coinciden las previsiones para IU (12,4 por ciento y entre 7 y 8 puestos en el Europarlamento) y para UPyD, formaci\u00f3n que podr\u00eda lograr un 7,7 por ciento y entre 4 y 5 esca\u00f1os en Estrasburgo.<\/p>\n","protected":false},"excerpt":{"rendered":"<p>Barcelona\/Madrid, 3 feb (EFE).- El Partido Popular ganar\u00eda tanto las elecciones generales como las europeas de celebrarse ahora, seg\u00fan los sondeos de opini\u00f3n que publican hoy El Peri\u00f3dico y La Raz\u00f3n y que coinciden en reflejar una fuerte ca\u00edda de apoyos a los dos grandes partidos, PP y PSOE. As\u00ed mismo, ambas encuestas confirman la [&hellip;]<\/p>\n","protected":false},"author":1,"featured_media":482501,"comment_status":"closed","ping_status":"open","sticky":false,"template":"","format":"standard","meta":{"footnotes":""},"categories":[1],"tags":[],"class_list":["post-482500","post","type-post","status-publish","format-standard","has-post-thumbnail","hentry","category-actualidad"],"aioseo_notices":[],"aioseo_head":"\n\t\t<!-- All in One SEO Pro 5.0.1 - aioseo.com -->\n\t<meta name=\"description\" content=\"Barcelona\/Madrid, 3 feb (EFE).- El Partido Popular ganar\u00eda tanto las elecciones generales como las europeas de celebrarse ahora, seg\u00fan los sondeos de opini\u00f3n que publican hoy El Peri\u00f3dico y La Raz\u00f3n y que coinciden en reflejar una fuerte ca\u00edda de apoyos a los dos grandes partidos, PP y PSOE. As\u00ed mismo, ambas encuestas confirman la\" \/>\n\t<meta name=\"robots\" content=\"max-image-preview:large\" \/>\n\t<meta name=\"author\" content=\"El Digital de Asturias\"\/>\n\t<meta name=\"google-site-verification\" content=\"UA-38556648-1\" \/>\n\t<meta name=\"msvalidate.01\" content=\"7dfe9f3f1b24437ab69f4f2559babe99\" \/>\n\t<meta name=\"keywords\" content=\"actualidad\" \/>\n\t<link rel=\"canonical\" href=\"https:\/\/www.eldigitaldeasturias.com\/noticias\/los-sondeos-apuntan-que-el-pp-ganaria-las-generales-y-europeas\/\" \/>\n\t<meta name=\"generator\" content=\"All in One SEO Pro (AIOSEO) 5.0.1\" \/>\n\t\t<meta property=\"og:locale\" content=\"es_ES\" \/>\n\t\t<meta property=\"og:site_name\" content=\"El Digital de Asturias\" \/>\n\t\t<meta property=\"og:type\" content=\"article\" \/>\n\t\t<meta property=\"og:title\" content=\"Los sondeos apuntan que el PP ganar\u00eda las generales y europeas - El Digital de Asturias\" \/>\n\t\t<meta property=\"og:description\" content=\"Barcelona\/Madrid, 3 feb (EFE).- El Partido Popular ganar\u00eda tanto las elecciones generales como las europeas de celebrarse ahora, seg\u00fan los sondeos de opini\u00f3n que publican hoy El Peri\u00f3dico y La Raz\u00f3n y que coinciden en reflejar una fuerte ca\u00edda de apoyos a los dos grandes partidos, PP y PSOE. As\u00ed mismo, ambas encuestas confirman la\" \/>\n\t\t<meta property=\"og:url\" content=\"https:\/\/www.eldigitaldeasturias.com\/noticias\/los-sondeos-apuntan-que-el-pp-ganaria-las-generales-y-europeas\/\" \/>\n\t\t<meta property=\"article:tag\" content=\"actualidad\" \/>\n\t\t<meta property=\"article:published_time\" content=\"2014-02-03T14:15:28+00:00\" \/>\n\t\t<meta property=\"article:modified_time\" content=\"2014-02-03T14:15:28+00:00\" \/>\n\t\t<meta property=\"article:publisher\" content=\"https:\/\/facebook.com\/eldigitaldeasturias\" \/>\n\t\t<meta name=\"twitter:card\" content=\"summary_large_image\" \/>\n\t\t<meta name=\"twitter:title\" content=\"Los sondeos apuntan que el PP ganar\u00eda las generales y europeas - El Digital de Asturias\" \/>\n\t\t<meta name=\"twitter:description\" content=\"Barcelona\/Madrid, 3 feb (EFE).- El Partido Popular ganar\u00eda tanto las elecciones generales como las europeas de celebrarse ahora, seg\u00fan los sondeos de opini\u00f3n que publican hoy El Peri\u00f3dico y La Raz\u00f3n y que coinciden en reflejar una fuerte ca\u00edda de apoyos a los dos grandes partidos, PP y PSOE. As\u00ed mismo, ambas encuestas confirman la\" \/>\n\t\t<meta name=\"twitter:label1\" content=\"Escrito por\" \/>\n\t\t<meta name=\"twitter:data1\" content=\"El Digital de Asturias\" \/>\n\t\t<meta name=\"twitter:label2\" content=\"Tiempo de lectura estimado\" \/>\n\t\t<meta name=\"twitter:data2\" content=\"2 minutos\" \/>\n\t\t<script type=\"application\/ld+json\" class=\"aioseo-schema\">\n\t\t\t{\"@context\":\"https:\\\/\\\/schema.org\",\"@graph\":[{\"@type\":\"BlogPosting\",\"@id\":\"https:\\\/\\\/www.eldigitaldeasturias.com\\\/noticias\\\/los-sondeos-apuntan-que-el-pp-ganaria-las-generales-y-europeas\\\/#blogposting\",\"name\":\"Los sondeos apuntan que el PP ganar\\u00eda las generales y europeas - El Digital de Asturias\",\"headline\":\"Los sondeos apuntan que el PP ganar\\u00eda las generales y europeas\",\"author\":{\"@id\":\"https:\\\/\\\/www.eldigitaldeasturias.com\\\/noticias\\\/author\\\/admin\\\/#author\"},\"publisher\":{\"@id\":\"https:\\\/\\\/www.eldigitaldeasturias.com\\\/noticias\\\/#organization\"},\"image\":{\"@type\":\"ImageObject\",\"url\":482501},\"datePublished\":\"2014-02-03T13:15:28+01:00\",\"dateModified\":\"2014-02-03T13:15:28+01:00\",\"inLanguage\":\"es-ES\",\"mainEntityOfPage\":{\"@id\":\"https:\\\/\\\/www.eldigitaldeasturias.com\\\/noticias\\\/los-sondeos-apuntan-que-el-pp-ganaria-las-generales-y-europeas\\\/#webpage\"},\"isPartOf\":{\"@id\":\"https:\\\/\\\/www.eldigitaldeasturias.com\\\/noticias\\\/los-sondeos-apuntan-que-el-pp-ganaria-las-generales-y-europeas\\\/#webpage\"},\"articleSection\":\"Actualidad\"},{\"@type\":\"BreadcrumbList\",\"@id\":\"https:\\\/\\\/www.eldigitaldeasturias.com\\\/noticias\\\/los-sondeos-apuntan-que-el-pp-ganaria-las-generales-y-europeas\\\/#breadcrumblist\",\"itemListElement\":[{\"@type\":\"ListItem\",\"@id\":\"https:\\\/\\\/www.eldigitaldeasturias.com\\\/noticias#listItem\",\"position\":1,\"name\":\"Home\",\"item\":\"https:\\\/\\\/www.eldigitaldeasturias.com\\\/noticias\",\"nextItem\":{\"@type\":\"ListItem\",\"@id\":\"https:\\\/\\\/www.eldigitaldeasturias.com\\\/noticias\\\/category\\\/actualidad\\\/#listItem\",\"name\":\"Actualidad\"}},{\"@type\":\"ListItem\",\"@id\":\"https:\\\/\\\/www.eldigitaldeasturias.com\\\/noticias\\\/category\\\/actualidad\\\/#listItem\",\"position\":2,\"name\":\"Actualidad\",\"item\":\"https:\\\/\\\/www.eldigitaldeasturias.com\\\/noticias\\\/category\\\/actualidad\\\/\",\"nextItem\":{\"@type\":\"ListItem\",\"@id\":\"https:\\\/\\\/www.eldigitaldeasturias.com\\\/noticias\\\/los-sondeos-apuntan-que-el-pp-ganaria-las-generales-y-europeas\\\/#listItem\",\"name\":\"Los sondeos apuntan que el PP ganar\\u00eda las generales y europeas\"},\"previousItem\":{\"@type\":\"ListItem\",\"@id\":\"https:\\\/\\\/www.eldigitaldeasturias.com\\\/noticias#listItem\",\"name\":\"Home\"}},{\"@type\":\"ListItem\",\"@id\":\"https:\\\/\\\/www.eldigitaldeasturias.com\\\/noticias\\\/los-sondeos-apuntan-que-el-pp-ganaria-las-generales-y-europeas\\\/#listItem\",\"position\":3,\"name\":\"Los sondeos apuntan que el PP ganar\\u00eda las generales y europeas\",\"previousItem\":{\"@type\":\"ListItem\",\"@id\":\"https:\\\/\\\/www.eldigitaldeasturias.com\\\/noticias\\\/category\\\/actualidad\\\/#listItem\",\"name\":\"Actualidad\"}}]},{\"@type\":\"Organization\",\"@id\":\"https:\\\/\\\/www.eldigitaldeasturias.com\\\/noticias\\\/#organization\",\"name\":\"El Digital de Asturias\",\"description\":\"Hemeroteca\",\"url\":\"https:\\\/\\\/www.eldigitaldeasturias.com\\\/noticias\\\/\",\"email\":\"info@eldigitaldeasturias.com\",\"telephone\":\"+34652131393\",\"logo\":{\"@type\":\"ImageObject\",\"url\":\"https:\\\/\\\/www.eldigitaldeasturias.com\\\/noticias\\\/wp-content\\\/uploads\\\/2020\\\/12\\\/EDA.jpg\",\"@id\":\"https:\\\/\\\/www.eldigitaldeasturias.com\\\/noticias\\\/los-sondeos-apuntan-que-el-pp-ganaria-las-generales-y-europeas\\\/#organizationLogo\"},\"image\":{\"@id\":\"https:\\\/\\\/www.eldigitaldeasturias.com\\\/noticias\\\/los-sondeos-apuntan-que-el-pp-ganaria-las-generales-y-europeas\\\/#organizationLogo\"},\"sameAs\":[\"https:\\\/\\\/facebook.com\\\/eldigitaldeasturias\",\"https:\\\/\\\/www.youtube.com\\\/channel\\\/UCZP-2wLEB9Rv6erhFmqVnvg\"],\"address\":{\"@id\":\"https:\\\/\\\/www.eldigitaldeasturias.com\\\/noticias\\\/#postaladdress\",\"@type\":\"PostalAddress\",\"streetAddress\":\"san antonio 4\",\"postalCode\":\"33430\",\"addressLocality\":\"Cand\\u00e1s\",\"addressRegion\":\"Asturias\",\"addressCountry\":\"ES\"}},{\"@type\":\"Person\",\"@id\":\"https:\\\/\\\/www.eldigitaldeasturias.com\\\/noticias\\\/author\\\/admin\\\/#author\",\"url\":\"https:\\\/\\\/www.eldigitaldeasturias.com\\\/noticias\\\/author\\\/admin\\\/\",\"name\":\"El Digital de Asturias\",\"image\":{\"@type\":\"ImageObject\",\"@id\":\"https:\\\/\\\/www.eldigitaldeasturias.com\\\/noticias\\\/los-sondeos-apuntan-que-el-pp-ganaria-las-generales-y-europeas\\\/#authorImage\",\"url\":\"https:\\\/\\\/secure.gravatar.com\\\/avatar\\\/df2aeffc32bcd13f8d26072ef8a91b623d677766deac7f97ca815868cd41bf5e?s=96&d=mm&r=g\",\"width\":96,\"height\":96,\"caption\":\"El Digital de Asturias\"}},{\"@type\":\"WebPage\",\"@id\":\"https:\\\/\\\/www.eldigitaldeasturias.com\\\/noticias\\\/los-sondeos-apuntan-que-el-pp-ganaria-las-generales-y-europeas\\\/#webpage\",\"url\":\"https:\\\/\\\/www.eldigitaldeasturias.com\\\/noticias\\\/los-sondeos-apuntan-que-el-pp-ganaria-las-generales-y-europeas\\\/\",\"name\":\"Los sondeos apuntan que el PP ganar\\u00eda las generales y europeas - El Digital de Asturias\",\"description\":\"Barcelona\\\/Madrid, 3 feb (EFE).- El Partido Popular ganar\\u00eda tanto las elecciones generales como las europeas de celebrarse ahora, seg\\u00fan los sondeos de opini\\u00f3n que publican hoy El Peri\\u00f3dico y La Raz\\u00f3n y que coinciden en reflejar una fuerte ca\\u00edda de apoyos a los dos grandes partidos, PP y PSOE. As\\u00ed mismo, ambas encuestas confirman la\",\"inLanguage\":\"es-ES\",\"isPartOf\":{\"@id\":\"https:\\\/\\\/www.eldigitaldeasturias.com\\\/noticias\\\/#website\"},\"breadcrumb\":{\"@id\":\"https:\\\/\\\/www.eldigitaldeasturias.com\\\/noticias\\\/los-sondeos-apuntan-que-el-pp-ganaria-las-generales-y-europeas\\\/#breadcrumblist\"},\"author\":{\"@id\":\"https:\\\/\\\/www.eldigitaldeasturias.com\\\/noticias\\\/author\\\/admin\\\/#author\"},\"creator\":{\"@id\":\"https:\\\/\\\/www.eldigitaldeasturias.com\\\/noticias\\\/author\\\/admin\\\/#author\"},\"image\":{\"@type\":\"ImageObject\",\"url\":482501,\"@id\":\"https:\\\/\\\/www.eldigitaldeasturias.com\\\/noticias\\\/los-sondeos-apuntan-que-el-pp-ganaria-las-generales-y-europeas\\\/#mainImage\"},\"primaryImageOfPage\":{\"@id\":\"https:\\\/\\\/www.eldigitaldeasturias.com\\\/noticias\\\/los-sondeos-apuntan-que-el-pp-ganaria-las-generales-y-europeas\\\/#mainImage\"},\"datePublished\":\"2014-02-03T13:15:28+01:00\",\"dateModified\":\"2014-02-03T13:15:28+01:00\"},{\"@type\":\"WebSite\",\"@id\":\"https:\\\/\\\/www.eldigitaldeasturias.com\\\/noticias\\\/#website\",\"url\":\"https:\\\/\\\/www.eldigitaldeasturias.com\\\/noticias\\\/\",\"name\":\"El Digital de Asturias - Diario de actualidad y noticias\",\"alternateName\":\"El Digital de Asturias - Diario de actualidad y noticias\",\"description\":\"Hemeroteca\",\"inLanguage\":\"es-ES\",\"publisher\":{\"@id\":\"https:\\\/\\\/www.eldigitaldeasturias.com\\\/noticias\\\/#organization\"}}]}\n\t\t<\/script>\n\t\t<!-- All in One SEO Pro -->\r\n\t\t<title>Los sondeos apuntan que el PP ganar\u00eda las generales y europeas - El Digital de Asturias<\/title>\n\n","aioseo_head_json":{"title":"Los sondeos apuntan que el PP ganar\u00eda las generales y europeas - El Digital de Asturias","description":"Barcelona\/Madrid, 3 feb (EFE).- El Partido Popular ganar\u00eda tanto las elecciones generales como las europeas de celebrarse ahora, seg\u00fan los sondeos de opini\u00f3n que publican hoy El Peri\u00f3dico y La Raz\u00f3n y que coinciden en reflejar una fuerte ca\u00edda de apoyos a los dos grandes partidos, PP y PSOE. As\u00ed mismo, ambas encuestas confirman la","canonical_url":"https:\/\/www.eldigitaldeasturias.com\/noticias\/los-sondeos-apuntan-que-el-pp-ganaria-las-generales-y-europeas\/","robots":"max-image-preview:large","keywords":"actualidad","webmasterTools":{"google-site-verification":"UA-38556648-1","msvalidate.01":"7dfe9f3f1b24437ab69f4f2559babe99","miscellaneous":""},"schema":{"@context":"https:\/\/schema.org","@graph":[{"@type":"BlogPosting","@id":"https:\/\/www.eldigitaldeasturias.com\/noticias\/los-sondeos-apuntan-que-el-pp-ganaria-las-generales-y-europeas\/#blogposting","name":"Los sondeos apuntan que el PP ganar\u00eda las generales y europeas - El Digital de Asturias","headline":"Los sondeos apuntan que el PP ganar\u00eda las generales y europeas","author":{"@id":"https:\/\/www.eldigitaldeasturias.com\/noticias\/author\/admin\/#author"},"publisher":{"@id":"https:\/\/www.eldigitaldeasturias.com\/noticias\/#organization"},"image":{"@type":"ImageObject","url":482501},"datePublished":"2014-02-03T13:15:28+01:00","dateModified":"2014-02-03T13:15:28+01:00","inLanguage":"es-ES","mainEntityOfPage":{"@id":"https:\/\/www.eldigitaldeasturias.com\/noticias\/los-sondeos-apuntan-que-el-pp-ganaria-las-generales-y-europeas\/#webpage"},"isPartOf":{"@id":"https:\/\/www.eldigitaldeasturias.com\/noticias\/los-sondeos-apuntan-que-el-pp-ganaria-las-generales-y-europeas\/#webpage"},"articleSection":"Actualidad"},{"@type":"BreadcrumbList","@id":"https:\/\/www.eldigitaldeasturias.com\/noticias\/los-sondeos-apuntan-que-el-pp-ganaria-las-generales-y-europeas\/#breadcrumblist","itemListElement":[{"@type":"ListItem","@id":"https:\/\/www.eldigitaldeasturias.com\/noticias#listItem","position":1,"name":"Home","item":"https:\/\/www.eldigitaldeasturias.com\/noticias","nextItem":{"@type":"ListItem","@id":"https:\/\/www.eldigitaldeasturias.com\/noticias\/category\/actualidad\/#listItem","name":"Actualidad"}},{"@type":"ListItem","@id":"https:\/\/www.eldigitaldeasturias.com\/noticias\/category\/actualidad\/#listItem","position":2,"name":"Actualidad","item":"https:\/\/www.eldigitaldeasturias.com\/noticias\/category\/actualidad\/","nextItem":{"@type":"ListItem","@id":"https:\/\/www.eldigitaldeasturias.com\/noticias\/los-sondeos-apuntan-que-el-pp-ganaria-las-generales-y-europeas\/#listItem","name":"Los sondeos apuntan que el PP ganar\u00eda las generales y europeas"},"previousItem":{"@type":"ListItem","@id":"https:\/\/www.eldigitaldeasturias.com\/noticias#listItem","name":"Home"}},{"@type":"ListItem","@id":"https:\/\/www.eldigitaldeasturias.com\/noticias\/los-sondeos-apuntan-que-el-pp-ganaria-las-generales-y-europeas\/#listItem","position":3,"name":"Los sondeos apuntan que el PP ganar\u00eda las generales y europeas","previousItem":{"@type":"ListItem","@id":"https:\/\/www.eldigitaldeasturias.com\/noticias\/category\/actualidad\/#listItem","name":"Actualidad"}}]},{"@type":"Organization","@id":"https:\/\/www.eldigitaldeasturias.com\/noticias\/#organization","name":"El Digital de Asturias","description":"Hemeroteca","url":"https:\/\/www.eldigitaldeasturias.com\/noticias\/","email":"info@eldigitaldeasturias.com","telephone":"+34652131393","logo":{"@type":"ImageObject","url":"https:\/\/www.eldigitaldeasturias.com\/noticias\/wp-content\/uploads\/2020\/12\/EDA.jpg","@id":"https:\/\/www.eldigitaldeasturias.com\/noticias\/los-sondeos-apuntan-que-el-pp-ganaria-las-generales-y-europeas\/#organizationLogo"},"image":{"@id":"https:\/\/www.eldigitaldeasturias.com\/noticias\/los-sondeos-apuntan-que-el-pp-ganaria-las-generales-y-europeas\/#organizationLogo"},"sameAs":["https:\/\/facebook.com\/eldigitaldeasturias","https:\/\/www.youtube.com\/channel\/UCZP-2wLEB9Rv6erhFmqVnvg"],"address":{"@id":"https:\/\/www.eldigitaldeasturias.com\/noticias\/#postaladdress","@type":"PostalAddress","streetAddress":"san antonio 4","postalCode":"33430","addressLocality":"Cand\u00e1s","addressRegion":"Asturias","addressCountry":"ES"}},{"@type":"Person","@id":"https:\/\/www.eldigitaldeasturias.com\/noticias\/author\/admin\/#author","url":"https:\/\/www.eldigitaldeasturias.com\/noticias\/author\/admin\/","name":"El Digital de Asturias","image":{"@type":"ImageObject","@id":"https:\/\/www.eldigitaldeasturias.com\/noticias\/los-sondeos-apuntan-que-el-pp-ganaria-las-generales-y-europeas\/#authorImage","url":"https:\/\/secure.gravatar.com\/avatar\/df2aeffc32bcd13f8d26072ef8a91b623d677766deac7f97ca815868cd41bf5e?s=96&d=mm&r=g","width":96,"height":96,"caption":"El Digital de Asturias"}},{"@type":"WebPage","@id":"https:\/\/www.eldigitaldeasturias.com\/noticias\/los-sondeos-apuntan-que-el-pp-ganaria-las-generales-y-europeas\/#webpage","url":"https:\/\/www.eldigitaldeasturias.com\/noticias\/los-sondeos-apuntan-que-el-pp-ganaria-las-generales-y-europeas\/","name":"Los sondeos apuntan que el PP ganar\u00eda las generales y europeas - El Digital de Asturias","description":"Barcelona\/Madrid, 3 feb (EFE).- El Partido Popular ganar\u00eda tanto las elecciones generales como las europeas de celebrarse ahora, seg\u00fan los sondeos de opini\u00f3n que publican hoy El Peri\u00f3dico y La Raz\u00f3n y que coinciden en reflejar una fuerte ca\u00edda de apoyos a los dos grandes partidos, PP y PSOE. As\u00ed mismo, ambas encuestas confirman la","inLanguage":"es-ES","isPartOf":{"@id":"https:\/\/www.eldigitaldeasturias.com\/noticias\/#website"},"breadcrumb":{"@id":"https:\/\/www.eldigitaldeasturias.com\/noticias\/los-sondeos-apuntan-que-el-pp-ganaria-las-generales-y-europeas\/#breadcrumblist"},"author":{"@id":"https:\/\/www.eldigitaldeasturias.com\/noticias\/author\/admin\/#author"},"creator":{"@id":"https:\/\/www.eldigitaldeasturias.com\/noticias\/author\/admin\/#author"},"image":{"@type":"ImageObject","url":482501,"@id":"https:\/\/www.eldigitaldeasturias.com\/noticias\/los-sondeos-apuntan-que-el-pp-ganaria-las-generales-y-europeas\/#mainImage"},"primaryImageOfPage":{"@id":"https:\/\/www.eldigitaldeasturias.com\/noticias\/los-sondeos-apuntan-que-el-pp-ganaria-las-generales-y-europeas\/#mainImage"},"datePublished":"2014-02-03T13:15:28+01:00","dateModified":"2014-02-03T13:15:28+01:00"},{"@type":"WebSite","@id":"https:\/\/www.eldigitaldeasturias.com\/noticias\/#website","url":"https:\/\/www.eldigitaldeasturias.com\/noticias\/","name":"El Digital de Asturias - Diario de actualidad y noticias","alternateName":"El Digital de Asturias - Diario de actualidad y noticias","description":"Hemeroteca","inLanguage":"es-ES","publisher":{"@id":"https:\/\/www.eldigitaldeasturias.com\/noticias\/#organization"}}]},"og:locale":"es_ES","og:site_name":"El Digital de Asturias","og:type":"article","og:title":"Los sondeos apuntan que el PP ganar\u00eda las generales y europeas - El Digital de Asturias","og:description":"Barcelona\/Madrid, 3 feb (EFE).- El Partido Popular ganar\u00eda tanto las elecciones generales como las europeas de celebrarse ahora, seg\u00fan los sondeos de opini\u00f3n que publican hoy El Peri\u00f3dico y La Raz\u00f3n y que coinciden en reflejar una fuerte ca\u00edda de apoyos a los dos grandes partidos, PP y PSOE. As\u00ed mismo, ambas encuestas confirman la","og:url":"https:\/\/www.eldigitaldeasturias.com\/noticias\/los-sondeos-apuntan-que-el-pp-ganaria-las-generales-y-europeas\/","article:tag":["actualidad"],"article:published_time":"2014-02-03T14:15:28+00:00","article:modified_time":"2014-02-03T14:15:28+00:00","article:publisher":"https:\/\/facebook.com\/eldigitaldeasturias","twitter:card":"summary_large_image","twitter:title":"Los sondeos apuntan que el PP ganar\u00eda las generales y europeas - El Digital de Asturias","twitter:description":"Barcelona\/Madrid, 3 feb (EFE).- El Partido Popular ganar\u00eda tanto las elecciones generales como las europeas de celebrarse ahora, seg\u00fan los sondeos de opini\u00f3n que publican hoy El Peri\u00f3dico y La Raz\u00f3n y que coinciden en reflejar una fuerte ca\u00edda de apoyos a los dos grandes partidos, PP y PSOE. As\u00ed mismo, ambas encuestas confirman la","twitter:label1":"Escrito por","twitter:data1":"El Digital de Asturias","twitter:label2":"Tiempo de lectura estimado","twitter:data2":"2 minutos"},"aioseo_meta_data":{"post_id":"482500","title":null,"description":null,"keywords":null,"keyphrases":null,"primary_term":null,"canonical_url":null,"og_title":null,"og_description":null,"og_object_type":"default","og_image_type":"default","og_image_url":null,"og_image_width":null,"og_image_height":null,"og_image_custom_url":null,"og_image_custom_fields":null,"og_video":null,"og_custom_url":null,"og_article_section":null,"og_article_tags":null,"twitter_use_og":true,"twitter_card":"default","twitter_image_type":"default","twitter_image_url":null,"twitter_image_custom_url":null,"twitter_image_custom_fields":null,"twitter_title":null,"twitter_description":null,"schema":{"blockGraphs":[],"customGraphs":[],"default":{"data":{"Article":[],"Course":[],"Dataset":[],"FAQPage":[],"Movie":[],"Person":[],"Product":[],"ProductReview":[],"Car":[],"Recipe":[],"Service":[],"SoftwareApplication":[],"WebPage":[]},"graphName":"","isEnabled":true},"graphs":[],"defaultGraph":"","defaultPostTypeGraph":""},"schema_type":null,"schema_type_options":null,"pillar_content":false,"robots_default":true,"robots_noindex":false,"robots_noarchive":false,"robots_nosnippet":false,"robots_nofollow":false,"robots_noimageindex":false,"robots_noodp":false,"robots_notranslate":false,"robots_max_snippet":null,"robots_max_videopreview":null,"robots_max_imagepreview":"none","priority":null,"frequency":null,"local_seo":null,"seo_analyzer_scan_date":"2026-06-02 10:01:22","breadcrumb_settings":null,"limit_modified_date":false,"open_ai":null,"ai":null,"created":"2020-11-14 22:54:35","updated":"2026-06-02 10:01:22","focus_keyword":null,"additional_keywords":null,"truseo_locale":null},"aioseo_breadcrumb":"<div class=\"aioseo-breadcrumbs\"><span class=\"aioseo-breadcrumb\">\n\t<a href=\"https:\/\/www.eldigitaldeasturias.com\/noticias\" title=\"Home\">Home<\/a>\n<\/span><span class=\"aioseo-breadcrumb-separator\">\u2013<\/span><span class=\"aioseo-breadcrumb\">\n\t<a href=\"https:\/\/www.eldigitaldeasturias.com\/noticias\/category\/actualidad\/\" title=\"Actualidad\">Actualidad<\/a>\n<\/span><span class=\"aioseo-breadcrumb-separator\">\u2013<\/span><span class=\"aioseo-breadcrumb\">\n\t<a href=\"https:\/\/www.eldigitaldeasturias.com\/noticias\/los-sondeos-apuntan-que-el-pp-ganaria-las-generales-y-europeas\/\" title=\"Los sondeos apuntan que el PP ganar\u00eda las generales y europeas\">Los sondeos apuntan que el PP ganar\u00eda las generales y europeas<\/a>\n<\/span><\/div>","aioseo_breadcrumb_json":[{"label":"Home","link":"https:\/\/www.eldigitaldeasturias.com\/noticias"},{"label":"Actualidad","link":"https:\/\/www.eldigitaldeasturias.com\/noticias\/category\/actualidad\/"},{"label":"Los sondeos apuntan que el PP ganar\u00eda las generales y europeas","link":"https:\/\/www.eldigitaldeasturias.com\/noticias\/los-sondeos-apuntan-que-el-pp-ganaria-las-generales-y-europeas\/"}],"_links":{"self":[{"href":"https:\/\/www.eldigitaldeasturias.com\/noticias\/wp-json\/wp\/v2\/posts\/482500","targetHints":{"allow":["GET"]}}],"collection":[{"href":"https:\/\/www.eldigitaldeasturias.com\/noticias\/wp-json\/wp\/v2\/posts"}],"about":[{"href":"https:\/\/www.eldigitaldeasturias.com\/noticias\/wp-json\/wp\/v2\/types\/post"}],"author":[{"embeddable":true,"href":"https:\/\/www.eldigitaldeasturias.com\/noticias\/wp-json\/wp\/v2\/users\/1"}],"replies":[{"embeddable":true,"href":"https:\/\/www.eldigitaldeasturias.com\/noticias\/wp-json\/wp\/v2\/comments?post=482500"}],"version-history":[{"count":0,"href":"https:\/\/www.eldigitaldeasturias.com\/noticias\/wp-json\/wp\/v2\/posts\/482500\/revisions"}],"wp:attachment":[{"href":"https:\/\/www.eldigitaldeasturias.com\/noticias\/wp-json\/wp\/v2\/media?parent=482500"}],"wp:term":[{"taxonomy":"category","embeddable":true,"href":"https:\/\/www.eldigitaldeasturias.com\/noticias\/wp-json\/wp\/v2\/categories?post=482500"},{"taxonomy":"post_tag","embeddable":true,"href":"https:\/\/www.eldigitaldeasturias.com\/noticias\/wp-json\/wp\/v2\/tags?post=482500"}],"curies":[{"name":"wp","href":"https:\/\/api.w.org\/{rel}","templated":true}]}}