{"id":482492,"date":"2014-02-03T13:12:14","date_gmt":"2014-02-03T14:12:14","guid":{"rendered":"http:\/\/www.eldigitaldeasturias.com\/noticias\/?p=482492"},"modified":"2014-02-03T13:12:14","modified_gmt":"2014-02-03T14:12:14","slug":"bilawal-bhutto-da-un-paso-mas-en-el-lanzamiento-de-su-carrera-politica","status":"publish","type":"post","link":"https:\/\/www.eldigitaldeasturias.com\/noticias\/bilawal-bhutto-da-un-paso-mas-en-el-lanzamiento-de-su-carrera-politica\/","title":{"rendered":"Bilawal Bhutto da un paso m\u00e1s en el lanzamiento de su carrera pol\u00edtica"},"content":{"rendered":"<p><img loading=\"lazy\" decoding=\"async\" class=\"alignleft size-medium wp-image-482493\" alt=\"5902612w\" src=\"https:\/\/www.eldigitaldeasturias.com\/noticias\/wp-content\/uploads\/2014\/02\/5902612w-360x294.jpg\" width=\"360\" height=\"294\" \/>Islamabad, 3 feb (EFE).- El heredero de la principal saga pol\u00edtica paquistan\u00ed, Bilawal Bhutto, ha puesto en marcha un festival cultural detr\u00e1s del que se esconde su lanzamiento definitivo como l\u00edder de su partido y candidato a dirigir el pa\u00eds.<\/p>\n<p>La inauguraci\u00f3n del festival tuvo lugar el s\u00e1bado en uno de los sitios de mayor inter\u00e9s arqueol\u00f3gico de todo el sur de Asia, las ruinas de Mohenjo Daro, ciudad creada hace m\u00e1s de 4.500 a\u00f1os por una de las primeras civilizaciones de la Historia, la del Indo.<\/p>\n<p>\u00abTenemos que rescatar el espacio social de la cultura\u00bb, afirm\u00f3 a Efe el joven Bhutto, de 25 a\u00f1os, quien recalc\u00f3 que Pakist\u00e1n est\u00e1 \u00absecuestrado\u00bb por los talibanes y que su intenci\u00f3n es promover un cambio que devuelva el pa\u00eds a sus habitantes, a todos ellos.<\/p>\n<p>Rodeado en todo momento por un equipo de asesores que cuidan hasta la saciedad los m\u00ednimos detalles de sus imagen, Bhutto se enfrent\u00f3 por primera vez a una rueda de encuentros con la prensa extranjera y fue protagonista indiscutible de la velada.<\/p>\n<p>El Sindh Festival ha contado con una enorme promoci\u00f3n y sus organizadores han recalcado que es una iniciativa personal \u00abdel se\u00f1or Bhutto\u00bb, igual que hicieron los artistas contratados para la ceremonia de inauguraci\u00f3n realizada este fin de semana.<\/p>\n<p>\u00abEs su creaci\u00f3n, su concepto, \u00e9l es quien est\u00e1 detr\u00e1s y quien ha designado al equipo organizador\u00bb, se esforzaba en dejar claro antes de la ceremonia Sharmila Faruqui, dirigente del partido de Bhutto, el Partido Popular de Pakist\u00e1n (PPP), y ministra regional de Cultura.<\/p>\n<p>Con un presupuesto oficial de unos 400.000 d\u00f3lares, el festival se extender\u00e1 durante dos semanas con una veintena de eventos para \u00abpromover, proteger y preservar\u00bb, seg\u00fan un esl\u00f3gan oficial cuyas siglas coinciden -\u00abcasualmente\u00bb, dijo Faruqui- con las del PPP.<\/p>\n<p>La funci\u00f3n cont\u00f3 con la participaci\u00f3n de c\u00e9lebres artistas locales y pretendi\u00f3 hacer un repaso por diversas manifestaciones culturales de la regi\u00f3n ante algunos centenares de incondicionales tra\u00eddos en ch\u00e1rter desde la capital provincial, Karachi.<\/p>\n<p>El acto tuvo m\u00e1s de fiesta juvenil que de propuesta cultural y la organizaci\u00f3n tuvo que defenderse de muchas cr\u00edticas por el riesgo que pod\u00eda conllevar un acto multitudinario para unas ruinas milenarias protegidas por la Unesco.<\/p>\n<p>Bilawal estuvo arropado por la plana mayor del partido fundado por su abuelo y de la que \u00e9l ya es l\u00edder oficial, e incluso asistieron los dos primeros ministros de la anterior legislatura, Yusuf Raz\u00e1 Guiani y Raj\u00e1 Pervez Ashraf.<\/p>\n<p>Significativamente, el \u00fanico que no hizo acto de presencia fue el padre de Bilawal, el expresidente Asif Al\u00ed Zardari, quien no quiso restar ning\u00fan protagonismo a su v\u00e1stago.<\/p>\n<p>\u00abEste acto inaugura lo que queremos que sea una transici\u00f3n suave en el liderazgo del partido\u00bb, afirm\u00f3 entre bambalinas un veterano miembro del partido muy cercano al anterior presidente.<\/p>\n<p>Bilawal asentar\u00e1 primero su posici\u00f3n en la provincia sure\u00f1a de Sindh, de donde es originaria la familia Bhutto, y luego se trasladar\u00e1 una temporada a la regi\u00f3n del Punyab, feudo casi cautivo de la Liga Musulmana del actual primer ministro, Nawaz Sharif.<\/p>\n<p>En esta provincia oriental, que concentra cerca de la mitad de la poblaci\u00f3n del pa\u00eds y aporta la mayor\u00eda de esca\u00f1os de la Asamblea, el PPP fue barrido en las elecciones del pasado mayo y ah\u00ed yace, seg\u00fan muchos analistas, el mayor problema del partido de los Bhutto.<\/p>\n<p>Seg\u00fan un texto del analista Mohamed Wasim publicado el viernes en el diario local Express Tribune, el actual liderazgo del PPP no ha sabido leer los cambio en esa regi\u00f3n, en parte por la falta de regeneraci\u00f3n entre sus cuadros dirigentes.<\/p>\n<p>La estrategia de la formaci\u00f3n pasa por que Bilawal compita en las pr\u00f3ximas elecciones generales, en 2018.<\/p>\n<p>Hasta entonces no habr\u00e1 ninguna responsabilidad electoral para el biso\u00f1o heredero, que para extra\u00f1eza de muchos y disgusto de algunos, se present\u00f3 rodeado de un grupo de amigos -la mayor\u00eda brit\u00e1nicos- a los que conoci\u00f3 durante su reciente estancia en Oxford.<\/p>\n<p>Sus amigos acapararon buena parte del protagonismo hasta el punto de que Qaim Ali Shah, ministro jefe de Sindh y representante pol\u00edtico de mayor rango en el acto, pas\u00f3 casi de inc\u00f3gnito y tuvo casi que abrirse paso entre el grupo de risue\u00f1os jovenzuelos.<\/p>\n<p>Hijo y nieto de primeros ministros, Bilawal ha sido comparado a menudo con el indio Rahul Gandhi -este con una generaci\u00f3n m\u00e1s de mandatarios en la familia- por ser el heredero de la mayor saga del pa\u00eds y parecer predestinado a regir los destinos de su pa\u00eds.<\/p>\n<p>Igual que los Nehru-Gandhi, los Bhutto han tenido una historia de \u00e9xito y tragedia a partes iguales, ya que varios miembros de la familia, incluida la madre de Bilawal, Benazir, murieron v\u00edctimas de la violencia pol\u00edtica que azota Pakist\u00e1n desde su nacimiento.<\/p>\n<p>El joven Bhutto ha hecho de la oposici\u00f3n frontal a los talibanes y al extremismo religioso la bandera de sus escasas apariciones, pero a partir de ahora necesitar\u00e1 ampliar mucho su discurso para llegar a cumplir el destino pol\u00edtico que le parece reservado.<\/p>\n<p>Pau Miranda<\/p>\n<p>&nbsp;<\/p>\n","protected":false},"excerpt":{"rendered":"<p>Islamabad, 3 feb (EFE).- El heredero de la principal saga pol\u00edtica paquistan\u00ed, Bilawal Bhutto, ha puesto en marcha un festival cultural detr\u00e1s del que se esconde su lanzamiento definitivo como l\u00edder de su partido y candidato a dirigir el pa\u00eds. La inauguraci\u00f3n del festival tuvo lugar el s\u00e1bado en uno de los sitios de mayor [&hellip;]<\/p>\n","protected":false},"author":1,"featured_media":482493,"comment_status":"closed","ping_status":"open","sticky":false,"template":"","format":"standard","meta":{"footnotes":""},"categories":[1],"tags":[],"class_list":["post-482492","post","type-post","status-publish","format-standard","has-post-thumbnail","hentry","category-actualidad"],"aioseo_notices":[],"aioseo_head":"\n\t\t<!-- All in One SEO Pro 5.0.1 - aioseo.com -->\n\t<meta name=\"description\" content=\"Islamabad, 3 feb (EFE).- El heredero de la principal saga pol\u00edtica paquistan\u00ed, Bilawal Bhutto, ha puesto en marcha un festival cultural detr\u00e1s del que se esconde su lanzamiento definitivo como l\u00edder de su partido y candidato a dirigir el pa\u00eds. La inauguraci\u00f3n del festival tuvo lugar el s\u00e1bado en uno de los sitios de mayor\" \/>\n\t<meta name=\"robots\" content=\"max-image-preview:large\" \/>\n\t<meta name=\"author\" content=\"El Digital de Asturias\"\/>\n\t<meta name=\"google-site-verification\" content=\"UA-38556648-1\" \/>\n\t<meta name=\"msvalidate.01\" content=\"7dfe9f3f1b24437ab69f4f2559babe99\" \/>\n\t<meta name=\"keywords\" content=\"actualidad\" \/>\n\t<link rel=\"canonical\" href=\"https:\/\/www.eldigitaldeasturias.com\/noticias\/bilawal-bhutto-da-un-paso-mas-en-el-lanzamiento-de-su-carrera-politica\/\" \/>\n\t<meta name=\"generator\" content=\"All in One SEO Pro (AIOSEO) 5.0.1\" \/>\n\t\t<meta property=\"og:locale\" content=\"es_ES\" \/>\n\t\t<meta property=\"og:site_name\" content=\"El Digital de Asturias\" \/>\n\t\t<meta property=\"og:type\" content=\"article\" \/>\n\t\t<meta property=\"og:title\" content=\"Bilawal Bhutto da un paso m\u00e1s en el lanzamiento de su carrera pol\u00edtica - El Digital de Asturias\" \/>\n\t\t<meta property=\"og:description\" content=\"Islamabad, 3 feb (EFE).- El heredero de la principal saga pol\u00edtica paquistan\u00ed, Bilawal Bhutto, ha puesto en marcha un festival cultural detr\u00e1s del que se esconde su lanzamiento definitivo como l\u00edder de su partido y candidato a dirigir el pa\u00eds. La inauguraci\u00f3n del festival tuvo lugar el s\u00e1bado en uno de los sitios de mayor\" \/>\n\t\t<meta property=\"og:url\" content=\"https:\/\/www.eldigitaldeasturias.com\/noticias\/bilawal-bhutto-da-un-paso-mas-en-el-lanzamiento-de-su-carrera-politica\/\" \/>\n\t\t<meta property=\"article:tag\" content=\"actualidad\" \/>\n\t\t<meta property=\"article:published_time\" content=\"2014-02-03T14:12:14+00:00\" \/>\n\t\t<meta property=\"article:modified_time\" content=\"2014-02-03T14:12:14+00:00\" \/>\n\t\t<meta property=\"article:publisher\" content=\"https:\/\/facebook.com\/eldigitaldeasturias\" \/>\n\t\t<meta name=\"twitter:card\" content=\"summary_large_image\" \/>\n\t\t<meta name=\"twitter:title\" content=\"Bilawal Bhutto da un paso m\u00e1s en el lanzamiento de su carrera pol\u00edtica - El Digital de Asturias\" \/>\n\t\t<meta name=\"twitter:description\" content=\"Islamabad, 3 feb (EFE).- El heredero de la principal saga pol\u00edtica paquistan\u00ed, Bilawal Bhutto, ha puesto en marcha un festival cultural detr\u00e1s del que se esconde su lanzamiento definitivo como l\u00edder de su partido y candidato a dirigir el pa\u00eds. La inauguraci\u00f3n del festival tuvo lugar el s\u00e1bado en uno de los sitios de mayor\" \/>\n\t\t<meta name=\"twitter:label1\" content=\"Escrito por\" \/>\n\t\t<meta name=\"twitter:data1\" content=\"El Digital de Asturias\" \/>\n\t\t<meta name=\"twitter:label2\" content=\"Tiempo de lectura estimado\" \/>\n\t\t<meta name=\"twitter:data2\" content=\"4 minutos\" \/>\n\t\t<script type=\"application\/ld+json\" class=\"aioseo-schema\">\n\t\t\t{\"@context\":\"https:\\\/\\\/schema.org\",\"@graph\":[{\"@type\":\"BlogPosting\",\"@id\":\"https:\\\/\\\/www.eldigitaldeasturias.com\\\/noticias\\\/bilawal-bhutto-da-un-paso-mas-en-el-lanzamiento-de-su-carrera-politica\\\/#blogposting\",\"name\":\"Bilawal Bhutto da un paso m\\u00e1s en el lanzamiento de su carrera pol\\u00edtica - El Digital de Asturias\",\"headline\":\"Bilawal Bhutto da un paso m\\u00e1s en el lanzamiento de su carrera pol\\u00edtica\",\"author\":{\"@id\":\"https:\\\/\\\/www.eldigitaldeasturias.com\\\/noticias\\\/author\\\/admin\\\/#author\"},\"publisher\":{\"@id\":\"https:\\\/\\\/www.eldigitaldeasturias.com\\\/noticias\\\/#organization\"},\"image\":{\"@type\":\"ImageObject\",\"url\":482493},\"datePublished\":\"2014-02-03T13:12:14+01:00\",\"dateModified\":\"2014-02-03T13:12:14+01:00\",\"inLanguage\":\"es-ES\",\"mainEntityOfPage\":{\"@id\":\"https:\\\/\\\/www.eldigitaldeasturias.com\\\/noticias\\\/bilawal-bhutto-da-un-paso-mas-en-el-lanzamiento-de-su-carrera-politica\\\/#webpage\"},\"isPartOf\":{\"@id\":\"https:\\\/\\\/www.eldigitaldeasturias.com\\\/noticias\\\/bilawal-bhutto-da-un-paso-mas-en-el-lanzamiento-de-su-carrera-politica\\\/#webpage\"},\"articleSection\":\"Actualidad\"},{\"@type\":\"BreadcrumbList\",\"@id\":\"https:\\\/\\\/www.eldigitaldeasturias.com\\\/noticias\\\/bilawal-bhutto-da-un-paso-mas-en-el-lanzamiento-de-su-carrera-politica\\\/#breadcrumblist\",\"itemListElement\":[{\"@type\":\"ListItem\",\"@id\":\"https:\\\/\\\/www.eldigitaldeasturias.com\\\/noticias#listItem\",\"position\":1,\"name\":\"Home\",\"item\":\"https:\\\/\\\/www.eldigitaldeasturias.com\\\/noticias\",\"nextItem\":{\"@type\":\"ListItem\",\"@id\":\"https:\\\/\\\/www.eldigitaldeasturias.com\\\/noticias\\\/category\\\/actualidad\\\/#listItem\",\"name\":\"Actualidad\"}},{\"@type\":\"ListItem\",\"@id\":\"https:\\\/\\\/www.eldigitaldeasturias.com\\\/noticias\\\/category\\\/actualidad\\\/#listItem\",\"position\":2,\"name\":\"Actualidad\",\"item\":\"https:\\\/\\\/www.eldigitaldeasturias.com\\\/noticias\\\/category\\\/actualidad\\\/\",\"nextItem\":{\"@type\":\"ListItem\",\"@id\":\"https:\\\/\\\/www.eldigitaldeasturias.com\\\/noticias\\\/bilawal-bhutto-da-un-paso-mas-en-el-lanzamiento-de-su-carrera-politica\\\/#listItem\",\"name\":\"Bilawal Bhutto da un paso m\\u00e1s en el lanzamiento de su carrera pol\\u00edtica\"},\"previousItem\":{\"@type\":\"ListItem\",\"@id\":\"https:\\\/\\\/www.eldigitaldeasturias.com\\\/noticias#listItem\",\"name\":\"Home\"}},{\"@type\":\"ListItem\",\"@id\":\"https:\\\/\\\/www.eldigitaldeasturias.com\\\/noticias\\\/bilawal-bhutto-da-un-paso-mas-en-el-lanzamiento-de-su-carrera-politica\\\/#listItem\",\"position\":3,\"name\":\"Bilawal Bhutto da un paso m\\u00e1s en el lanzamiento de su carrera pol\\u00edtica\",\"previousItem\":{\"@type\":\"ListItem\",\"@id\":\"https:\\\/\\\/www.eldigitaldeasturias.com\\\/noticias\\\/category\\\/actualidad\\\/#listItem\",\"name\":\"Actualidad\"}}]},{\"@type\":\"Organization\",\"@id\":\"https:\\\/\\\/www.eldigitaldeasturias.com\\\/noticias\\\/#organization\",\"name\":\"El Digital de Asturias\",\"description\":\"Hemeroteca\",\"url\":\"https:\\\/\\\/www.eldigitaldeasturias.com\\\/noticias\\\/\",\"email\":\"info@eldigitaldeasturias.com\",\"telephone\":\"+34652131393\",\"logo\":{\"@type\":\"ImageObject\",\"url\":\"https:\\\/\\\/www.eldigitaldeasturias.com\\\/noticias\\\/wp-content\\\/uploads\\\/2020\\\/12\\\/EDA.jpg\",\"@id\":\"https:\\\/\\\/www.eldigitaldeasturias.com\\\/noticias\\\/bilawal-bhutto-da-un-paso-mas-en-el-lanzamiento-de-su-carrera-politica\\\/#organizationLogo\"},\"image\":{\"@id\":\"https:\\\/\\\/www.eldigitaldeasturias.com\\\/noticias\\\/bilawal-bhutto-da-un-paso-mas-en-el-lanzamiento-de-su-carrera-politica\\\/#organizationLogo\"},\"sameAs\":[\"https:\\\/\\\/facebook.com\\\/eldigitaldeasturias\",\"https:\\\/\\\/www.youtube.com\\\/channel\\\/UCZP-2wLEB9Rv6erhFmqVnvg\"],\"address\":{\"@id\":\"https:\\\/\\\/www.eldigitaldeasturias.com\\\/noticias\\\/#postaladdress\",\"@type\":\"PostalAddress\",\"streetAddress\":\"san antonio 4\",\"postalCode\":\"33430\",\"addressLocality\":\"Cand\\u00e1s\",\"addressRegion\":\"Asturias\",\"addressCountry\":\"ES\"}},{\"@type\":\"Person\",\"@id\":\"https:\\\/\\\/www.eldigitaldeasturias.com\\\/noticias\\\/author\\\/admin\\\/#author\",\"url\":\"https:\\\/\\\/www.eldigitaldeasturias.com\\\/noticias\\\/author\\\/admin\\\/\",\"name\":\"El Digital de Asturias\",\"image\":{\"@type\":\"ImageObject\",\"@id\":\"https:\\\/\\\/www.eldigitaldeasturias.com\\\/noticias\\\/bilawal-bhutto-da-un-paso-mas-en-el-lanzamiento-de-su-carrera-politica\\\/#authorImage\",\"url\":\"https:\\\/\\\/secure.gravatar.com\\\/avatar\\\/df2aeffc32bcd13f8d26072ef8a91b623d677766deac7f97ca815868cd41bf5e?s=96&d=mm&r=g\",\"width\":96,\"height\":96,\"caption\":\"El Digital de Asturias\"}},{\"@type\":\"WebPage\",\"@id\":\"https:\\\/\\\/www.eldigitaldeasturias.com\\\/noticias\\\/bilawal-bhutto-da-un-paso-mas-en-el-lanzamiento-de-su-carrera-politica\\\/#webpage\",\"url\":\"https:\\\/\\\/www.eldigitaldeasturias.com\\\/noticias\\\/bilawal-bhutto-da-un-paso-mas-en-el-lanzamiento-de-su-carrera-politica\\\/\",\"name\":\"Bilawal Bhutto da un paso m\\u00e1s en el lanzamiento de su carrera pol\\u00edtica - El Digital de Asturias\",\"description\":\"Islamabad, 3 feb (EFE).- El heredero de la principal saga pol\\u00edtica paquistan\\u00ed, Bilawal Bhutto, ha puesto en marcha un festival cultural detr\\u00e1s del que se esconde su lanzamiento definitivo como l\\u00edder de su partido y candidato a dirigir el pa\\u00eds. La inauguraci\\u00f3n del festival tuvo lugar el s\\u00e1bado en uno de los sitios de mayor\",\"inLanguage\":\"es-ES\",\"isPartOf\":{\"@id\":\"https:\\\/\\\/www.eldigitaldeasturias.com\\\/noticias\\\/#website\"},\"breadcrumb\":{\"@id\":\"https:\\\/\\\/www.eldigitaldeasturias.com\\\/noticias\\\/bilawal-bhutto-da-un-paso-mas-en-el-lanzamiento-de-su-carrera-politica\\\/#breadcrumblist\"},\"author\":{\"@id\":\"https:\\\/\\\/www.eldigitaldeasturias.com\\\/noticias\\\/author\\\/admin\\\/#author\"},\"creator\":{\"@id\":\"https:\\\/\\\/www.eldigitaldeasturias.com\\\/noticias\\\/author\\\/admin\\\/#author\"},\"image\":{\"@type\":\"ImageObject\",\"url\":482493,\"@id\":\"https:\\\/\\\/www.eldigitaldeasturias.com\\\/noticias\\\/bilawal-bhutto-da-un-paso-mas-en-el-lanzamiento-de-su-carrera-politica\\\/#mainImage\"},\"primaryImageOfPage\":{\"@id\":\"https:\\\/\\\/www.eldigitaldeasturias.com\\\/noticias\\\/bilawal-bhutto-da-un-paso-mas-en-el-lanzamiento-de-su-carrera-politica\\\/#mainImage\"},\"datePublished\":\"2014-02-03T13:12:14+01:00\",\"dateModified\":\"2014-02-03T13:12:14+01:00\"},{\"@type\":\"WebSite\",\"@id\":\"https:\\\/\\\/www.eldigitaldeasturias.com\\\/noticias\\\/#website\",\"url\":\"https:\\\/\\\/www.eldigitaldeasturias.com\\\/noticias\\\/\",\"name\":\"El Digital de Asturias - Diario de actualidad y noticias\",\"alternateName\":\"El Digital de Asturias - Diario de actualidad y noticias\",\"description\":\"Hemeroteca\",\"inLanguage\":\"es-ES\",\"publisher\":{\"@id\":\"https:\\\/\\\/www.eldigitaldeasturias.com\\\/noticias\\\/#organization\"}}]}\n\t\t<\/script>\n\t\t<!-- All in One SEO Pro -->\r\n\t\t<title>Bilawal Bhutto da un paso m\u00e1s en el lanzamiento de su carrera pol\u00edtica - El Digital de Asturias<\/title>\n\n","aioseo_head_json":{"title":"Bilawal Bhutto da un paso m\u00e1s en el lanzamiento de su carrera pol\u00edtica - El Digital de Asturias","description":"Islamabad, 3 feb (EFE).- El heredero de la principal saga pol\u00edtica paquistan\u00ed, Bilawal Bhutto, ha puesto en marcha un festival cultural detr\u00e1s del que se esconde su lanzamiento definitivo como l\u00edder de su partido y candidato a dirigir el pa\u00eds. La inauguraci\u00f3n del festival tuvo lugar el s\u00e1bado en uno de los sitios de mayor","canonical_url":"https:\/\/www.eldigitaldeasturias.com\/noticias\/bilawal-bhutto-da-un-paso-mas-en-el-lanzamiento-de-su-carrera-politica\/","robots":"max-image-preview:large","keywords":"actualidad","webmasterTools":{"google-site-verification":"UA-38556648-1","msvalidate.01":"7dfe9f3f1b24437ab69f4f2559babe99","miscellaneous":""},"schema":{"@context":"https:\/\/schema.org","@graph":[{"@type":"BlogPosting","@id":"https:\/\/www.eldigitaldeasturias.com\/noticias\/bilawal-bhutto-da-un-paso-mas-en-el-lanzamiento-de-su-carrera-politica\/#blogposting","name":"Bilawal Bhutto da un paso m\u00e1s en el lanzamiento de su carrera pol\u00edtica - El Digital de Asturias","headline":"Bilawal Bhutto da un paso m\u00e1s en el lanzamiento de su carrera pol\u00edtica","author":{"@id":"https:\/\/www.eldigitaldeasturias.com\/noticias\/author\/admin\/#author"},"publisher":{"@id":"https:\/\/www.eldigitaldeasturias.com\/noticias\/#organization"},"image":{"@type":"ImageObject","url":482493},"datePublished":"2014-02-03T13:12:14+01:00","dateModified":"2014-02-03T13:12:14+01:00","inLanguage":"es-ES","mainEntityOfPage":{"@id":"https:\/\/www.eldigitaldeasturias.com\/noticias\/bilawal-bhutto-da-un-paso-mas-en-el-lanzamiento-de-su-carrera-politica\/#webpage"},"isPartOf":{"@id":"https:\/\/www.eldigitaldeasturias.com\/noticias\/bilawal-bhutto-da-un-paso-mas-en-el-lanzamiento-de-su-carrera-politica\/#webpage"},"articleSection":"Actualidad"},{"@type":"BreadcrumbList","@id":"https:\/\/www.eldigitaldeasturias.com\/noticias\/bilawal-bhutto-da-un-paso-mas-en-el-lanzamiento-de-su-carrera-politica\/#breadcrumblist","itemListElement":[{"@type":"ListItem","@id":"https:\/\/www.eldigitaldeasturias.com\/noticias#listItem","position":1,"name":"Home","item":"https:\/\/www.eldigitaldeasturias.com\/noticias","nextItem":{"@type":"ListItem","@id":"https:\/\/www.eldigitaldeasturias.com\/noticias\/category\/actualidad\/#listItem","name":"Actualidad"}},{"@type":"ListItem","@id":"https:\/\/www.eldigitaldeasturias.com\/noticias\/category\/actualidad\/#listItem","position":2,"name":"Actualidad","item":"https:\/\/www.eldigitaldeasturias.com\/noticias\/category\/actualidad\/","nextItem":{"@type":"ListItem","@id":"https:\/\/www.eldigitaldeasturias.com\/noticias\/bilawal-bhutto-da-un-paso-mas-en-el-lanzamiento-de-su-carrera-politica\/#listItem","name":"Bilawal Bhutto da un paso m\u00e1s en el lanzamiento de su carrera pol\u00edtica"},"previousItem":{"@type":"ListItem","@id":"https:\/\/www.eldigitaldeasturias.com\/noticias#listItem","name":"Home"}},{"@type":"ListItem","@id":"https:\/\/www.eldigitaldeasturias.com\/noticias\/bilawal-bhutto-da-un-paso-mas-en-el-lanzamiento-de-su-carrera-politica\/#listItem","position":3,"name":"Bilawal Bhutto da un paso m\u00e1s en el lanzamiento de su carrera pol\u00edtica","previousItem":{"@type":"ListItem","@id":"https:\/\/www.eldigitaldeasturias.com\/noticias\/category\/actualidad\/#listItem","name":"Actualidad"}}]},{"@type":"Organization","@id":"https:\/\/www.eldigitaldeasturias.com\/noticias\/#organization","name":"El Digital de Asturias","description":"Hemeroteca","url":"https:\/\/www.eldigitaldeasturias.com\/noticias\/","email":"info@eldigitaldeasturias.com","telephone":"+34652131393","logo":{"@type":"ImageObject","url":"https:\/\/www.eldigitaldeasturias.com\/noticias\/wp-content\/uploads\/2020\/12\/EDA.jpg","@id":"https:\/\/www.eldigitaldeasturias.com\/noticias\/bilawal-bhutto-da-un-paso-mas-en-el-lanzamiento-de-su-carrera-politica\/#organizationLogo"},"image":{"@id":"https:\/\/www.eldigitaldeasturias.com\/noticias\/bilawal-bhutto-da-un-paso-mas-en-el-lanzamiento-de-su-carrera-politica\/#organizationLogo"},"sameAs":["https:\/\/facebook.com\/eldigitaldeasturias","https:\/\/www.youtube.com\/channel\/UCZP-2wLEB9Rv6erhFmqVnvg"],"address":{"@id":"https:\/\/www.eldigitaldeasturias.com\/noticias\/#postaladdress","@type":"PostalAddress","streetAddress":"san antonio 4","postalCode":"33430","addressLocality":"Cand\u00e1s","addressRegion":"Asturias","addressCountry":"ES"}},{"@type":"Person","@id":"https:\/\/www.eldigitaldeasturias.com\/noticias\/author\/admin\/#author","url":"https:\/\/www.eldigitaldeasturias.com\/noticias\/author\/admin\/","name":"El Digital de Asturias","image":{"@type":"ImageObject","@id":"https:\/\/www.eldigitaldeasturias.com\/noticias\/bilawal-bhutto-da-un-paso-mas-en-el-lanzamiento-de-su-carrera-politica\/#authorImage","url":"https:\/\/secure.gravatar.com\/avatar\/df2aeffc32bcd13f8d26072ef8a91b623d677766deac7f97ca815868cd41bf5e?s=96&d=mm&r=g","width":96,"height":96,"caption":"El Digital de Asturias"}},{"@type":"WebPage","@id":"https:\/\/www.eldigitaldeasturias.com\/noticias\/bilawal-bhutto-da-un-paso-mas-en-el-lanzamiento-de-su-carrera-politica\/#webpage","url":"https:\/\/www.eldigitaldeasturias.com\/noticias\/bilawal-bhutto-da-un-paso-mas-en-el-lanzamiento-de-su-carrera-politica\/","name":"Bilawal Bhutto da un paso m\u00e1s en el lanzamiento de su carrera pol\u00edtica - El Digital de Asturias","description":"Islamabad, 3 feb (EFE).- El heredero de la principal saga pol\u00edtica paquistan\u00ed, Bilawal Bhutto, ha puesto en marcha un festival cultural detr\u00e1s del que se esconde su lanzamiento definitivo como l\u00edder de su partido y candidato a dirigir el pa\u00eds. La inauguraci\u00f3n del festival tuvo lugar el s\u00e1bado en uno de los sitios de mayor","inLanguage":"es-ES","isPartOf":{"@id":"https:\/\/www.eldigitaldeasturias.com\/noticias\/#website"},"breadcrumb":{"@id":"https:\/\/www.eldigitaldeasturias.com\/noticias\/bilawal-bhutto-da-un-paso-mas-en-el-lanzamiento-de-su-carrera-politica\/#breadcrumblist"},"author":{"@id":"https:\/\/www.eldigitaldeasturias.com\/noticias\/author\/admin\/#author"},"creator":{"@id":"https:\/\/www.eldigitaldeasturias.com\/noticias\/author\/admin\/#author"},"image":{"@type":"ImageObject","url":482493,"@id":"https:\/\/www.eldigitaldeasturias.com\/noticias\/bilawal-bhutto-da-un-paso-mas-en-el-lanzamiento-de-su-carrera-politica\/#mainImage"},"primaryImageOfPage":{"@id":"https:\/\/www.eldigitaldeasturias.com\/noticias\/bilawal-bhutto-da-un-paso-mas-en-el-lanzamiento-de-su-carrera-politica\/#mainImage"},"datePublished":"2014-02-03T13:12:14+01:00","dateModified":"2014-02-03T13:12:14+01:00"},{"@type":"WebSite","@id":"https:\/\/www.eldigitaldeasturias.com\/noticias\/#website","url":"https:\/\/www.eldigitaldeasturias.com\/noticias\/","name":"El Digital de Asturias - Diario de actualidad y noticias","alternateName":"El Digital de Asturias - Diario de actualidad y noticias","description":"Hemeroteca","inLanguage":"es-ES","publisher":{"@id":"https:\/\/www.eldigitaldeasturias.com\/noticias\/#organization"}}]},"og:locale":"es_ES","og:site_name":"El Digital de Asturias","og:type":"article","og:title":"Bilawal Bhutto da un paso m\u00e1s en el lanzamiento de su carrera pol\u00edtica - El Digital de Asturias","og:description":"Islamabad, 3 feb (EFE).- El heredero de la principal saga pol\u00edtica paquistan\u00ed, Bilawal Bhutto, ha puesto en marcha un festival cultural detr\u00e1s del que se esconde su lanzamiento definitivo como l\u00edder de su partido y candidato a dirigir el pa\u00eds. La inauguraci\u00f3n del festival tuvo lugar el s\u00e1bado en uno de los sitios de mayor","og:url":"https:\/\/www.eldigitaldeasturias.com\/noticias\/bilawal-bhutto-da-un-paso-mas-en-el-lanzamiento-de-su-carrera-politica\/","article:tag":["actualidad"],"article:published_time":"2014-02-03T14:12:14+00:00","article:modified_time":"2014-02-03T14:12:14+00:00","article:publisher":"https:\/\/facebook.com\/eldigitaldeasturias","twitter:card":"summary_large_image","twitter:title":"Bilawal Bhutto da un paso m\u00e1s en el lanzamiento de su carrera pol\u00edtica - El Digital de Asturias","twitter:description":"Islamabad, 3 feb (EFE).- El heredero de la principal saga pol\u00edtica paquistan\u00ed, Bilawal Bhutto, ha puesto en marcha un festival cultural detr\u00e1s del que se esconde su lanzamiento definitivo como l\u00edder de su partido y candidato a dirigir el pa\u00eds. La inauguraci\u00f3n del festival tuvo lugar el s\u00e1bado en uno de los sitios de mayor","twitter:label1":"Escrito por","twitter:data1":"El Digital de Asturias","twitter:label2":"Tiempo de lectura estimado","twitter:data2":"4 minutos"},"aioseo_meta_data":{"post_id":"482492","title":null,"description":null,"keywords":null,"keyphrases":null,"primary_term":null,"canonical_url":null,"og_title":null,"og_description":null,"og_object_type":"default","og_image_type":"default","og_image_url":null,"og_image_width":null,"og_image_height":null,"og_image_custom_url":null,"og_image_custom_fields":null,"og_video":null,"og_custom_url":null,"og_article_section":null,"og_article_tags":null,"twitter_use_og":true,"twitter_card":"default","twitter_image_type":"default","twitter_image_url":null,"twitter_image_custom_url":null,"twitter_image_custom_fields":null,"twitter_title":null,"twitter_description":null,"schema":{"blockGraphs":[],"customGraphs":[],"default":{"data":{"Article":[],"Course":[],"Dataset":[],"FAQPage":[],"Movie":[],"Person":[],"Product":[],"ProductReview":[],"Car":[],"Recipe":[],"Service":[],"SoftwareApplication":[],"WebPage":[]},"graphName":"","isEnabled":true},"graphs":[],"defaultGraph":"","defaultPostTypeGraph":""},"schema_type":null,"schema_type_options":null,"pillar_content":false,"robots_default":true,"robots_noindex":false,"robots_noarchive":false,"robots_nosnippet":false,"robots_nofollow":false,"robots_noimageindex":false,"robots_noodp":false,"robots_notranslate":false,"robots_max_snippet":null,"robots_max_videopreview":null,"robots_max_imagepreview":"none","priority":null,"frequency":null,"local_seo":null,"seo_analyzer_scan_date":"2026-06-02 09:58:55","breadcrumb_settings":null,"limit_modified_date":false,"open_ai":null,"ai":null,"created":"2020-11-14 22:54:35","updated":"2026-06-02 09:58:55","focus_keyword":null,"additional_keywords":null,"truseo_locale":null},"aioseo_breadcrumb":"<div class=\"aioseo-breadcrumbs\"><span class=\"aioseo-breadcrumb\">\n\t<a href=\"https:\/\/www.eldigitaldeasturias.com\/noticias\" title=\"Home\">Home<\/a>\n<\/span><span class=\"aioseo-breadcrumb-separator\">\u2013<\/span><span class=\"aioseo-breadcrumb\">\n\t<a href=\"https:\/\/www.eldigitaldeasturias.com\/noticias\/category\/actualidad\/\" title=\"Actualidad\">Actualidad<\/a>\n<\/span><span class=\"aioseo-breadcrumb-separator\">\u2013<\/span><span class=\"aioseo-breadcrumb\">\n\t<a href=\"https:\/\/www.eldigitaldeasturias.com\/noticias\/bilawal-bhutto-da-un-paso-mas-en-el-lanzamiento-de-su-carrera-politica\/\" title=\"Bilawal Bhutto da un paso m\u00e1s en el lanzamiento de su carrera pol\u00edtica\">Bilawal Bhutto da un paso m\u00e1s en el lanzamiento de su carrera pol\u00edtica<\/a>\n<\/span><\/div>","aioseo_breadcrumb_json":[{"label":"Home","link":"https:\/\/www.eldigitaldeasturias.com\/noticias"},{"label":"Actualidad","link":"https:\/\/www.eldigitaldeasturias.com\/noticias\/category\/actualidad\/"},{"label":"Bilawal Bhutto da un paso m\u00e1s en el lanzamiento de su carrera pol\u00edtica","link":"https:\/\/www.eldigitaldeasturias.com\/noticias\/bilawal-bhutto-da-un-paso-mas-en-el-lanzamiento-de-su-carrera-politica\/"}],"_links":{"self":[{"href":"https:\/\/www.eldigitaldeasturias.com\/noticias\/wp-json\/wp\/v2\/posts\/482492","targetHints":{"allow":["GET"]}}],"collection":[{"href":"https:\/\/www.eldigitaldeasturias.com\/noticias\/wp-json\/wp\/v2\/posts"}],"about":[{"href":"https:\/\/www.eldigitaldeasturias.com\/noticias\/wp-json\/wp\/v2\/types\/post"}],"author":[{"embeddable":true,"href":"https:\/\/www.eldigitaldeasturias.com\/noticias\/wp-json\/wp\/v2\/users\/1"}],"replies":[{"embeddable":true,"href":"https:\/\/www.eldigitaldeasturias.com\/noticias\/wp-json\/wp\/v2\/comments?post=482492"}],"version-history":[{"count":0,"href":"https:\/\/www.eldigitaldeasturias.com\/noticias\/wp-json\/wp\/v2\/posts\/482492\/revisions"}],"wp:attachment":[{"href":"https:\/\/www.eldigitaldeasturias.com\/noticias\/wp-json\/wp\/v2\/media?parent=482492"}],"wp:term":[{"taxonomy":"category","embeddable":true,"href":"https:\/\/www.eldigitaldeasturias.com\/noticias\/wp-json\/wp\/v2\/categories?post=482492"},{"taxonomy":"post_tag","embeddable":true,"href":"https:\/\/www.eldigitaldeasturias.com\/noticias\/wp-json\/wp\/v2\/tags?post=482492"}],"curies":[{"name":"wp","href":"https:\/\/api.w.org\/{rel}","templated":true}]}}