{"id":482477,"date":"2014-02-03T12:09:12","date_gmt":"2014-02-03T13:09:12","guid":{"rendered":"http:\/\/www.eldigitaldeasturias.com\/noticias\/?p=482477"},"modified":"2014-02-03T12:09:12","modified_gmt":"2014-02-03T13:09:12","slug":"turquia-inicia-el-juicio-contra-4-policias-por-la-muerte-de-un-manifestante","status":"publish","type":"post","link":"https:\/\/www.eldigitaldeasturias.com\/noticias\/turquia-inicia-el-juicio-contra-4-policias-por-la-muerte-de-un-manifestante\/","title":{"rendered":"Turqu\u00eda inicia el juicio contra 4 polic\u00edas por la muerte de un manifestante"},"content":{"rendered":"<p><img loading=\"lazy\" decoding=\"async\" class=\"alignleft size-medium wp-image-482478\" alt=\"5902565w\" src=\"https:\/\/www.eldigitaldeasturias.com\/noticias\/wp-content\/uploads\/2014\/02\/5902565w-360x198.jpg\" width=\"360\" height=\"198\" \/>Estambul, 3 feb (EFE).- En la ciudad de Kayseri arranca hoy el juicio contra cuatro agentes de la polic\u00eda por la muerte de un joven manifestante que fue apaleado hasta la muerte durante las protestas por el parque de Gezi en junio pasado.<\/p>\n<p>En la primera sesi\u00f3n del juicio, que durar\u00e1 hasta el mi\u00e9rcoles, un total de ocho acusados, cuatro de ellos polic\u00edas, tendr\u00e1n que responder ante el juez, informa el diario turco \u00abEvrensel\u00bb.<\/p>\n<p>Cinco de los acusados, entre ellos un agente, est\u00e1n acusados de \u00abhomicidio intencionado\u00bb, delito que conlleva la cadena perpetua, mientras que otros tres polic\u00edas, en libertad provisional, podr\u00edan recibir entre 10 y 15 a\u00f1os de prisi\u00f3n por complicidad.<\/p>\n<p>El juicio ha suscitado una enorme expectaci\u00f3n en Turqu\u00eda y varios autobuses con amigos y familiares de la v\u00edctima han llegado a Kayseri, donde la polic\u00eda ha tomado enormes medidas de precauci\u00f3n.<\/p>\n<p>M\u00e1s de dos mil agentes con dos blindados, apoyados por un helic\u00f3ptero, han bloqueados varias calles alrededor del juzgado.<\/p>\n<p>Ali Ismail Korkmaz, un estudiante de 19 a\u00f1os, oriundo de Hatay (sur del pa\u00eds), fue agredido cuando hu\u00eda de una carga policial en la ciudad de Eskisehir, el 2 de junio pasado, durante las protestas inspiradas por el parque Gezi de Estambul.<\/p>\n<p>Aunque fue dado de alta del hospital al d\u00eda siguiente, su estado empeor\u00f3 y muri\u00f3 tras 38 d\u00edas en coma.<\/p>\n","protected":false},"excerpt":{"rendered":"<p>Estambul, 3 feb (EFE).- En la ciudad de Kayseri arranca hoy el juicio contra cuatro agentes de la polic\u00eda por la muerte de un joven manifestante que fue apaleado hasta la muerte durante las protestas por el parque de Gezi en junio pasado. En la primera sesi\u00f3n del juicio, que durar\u00e1 hasta el mi\u00e9rcoles, un [&hellip;]<\/p>\n","protected":false},"author":1,"featured_media":482478,"comment_status":"closed","ping_status":"open","sticky":false,"template":"","format":"standard","meta":{"footnotes":""},"categories":[1],"tags":[],"class_list":["post-482477","post","type-post","status-publish","format-standard","has-post-thumbnail","hentry","category-actualidad"],"aioseo_notices":[],"aioseo_head":"\n\t\t<!-- All in One SEO Pro 5.0.1 - aioseo.com -->\n\t<meta name=\"description\" content=\"Estambul, 3 feb (EFE).- En la ciudad de Kayseri arranca hoy el juicio contra cuatro agentes de la polic\u00eda por la muerte de un joven manifestante que fue apaleado hasta la muerte durante las protestas por el parque de Gezi en junio pasado. En la primera sesi\u00f3n del juicio, que durar\u00e1 hasta el mi\u00e9rcoles, un\" \/>\n\t<meta name=\"robots\" content=\"max-image-preview:large\" \/>\n\t<meta name=\"author\" content=\"El Digital de Asturias\"\/>\n\t<meta name=\"google-site-verification\" content=\"UA-38556648-1\" \/>\n\t<meta name=\"msvalidate.01\" content=\"7dfe9f3f1b24437ab69f4f2559babe99\" \/>\n\t<meta name=\"keywords\" content=\"actualidad\" \/>\n\t<link rel=\"canonical\" href=\"https:\/\/www.eldigitaldeasturias.com\/noticias\/turquia-inicia-el-juicio-contra-4-policias-por-la-muerte-de-un-manifestante\/\" \/>\n\t<meta name=\"generator\" content=\"All in One SEO Pro (AIOSEO) 5.0.1\" \/>\n\t\t<meta property=\"og:locale\" content=\"es_ES\" \/>\n\t\t<meta property=\"og:site_name\" content=\"El Digital de Asturias\" \/>\n\t\t<meta property=\"og:type\" content=\"article\" \/>\n\t\t<meta property=\"og:title\" content=\"Turqu\u00eda inicia el juicio contra 4 polic\u00edas por la muerte de un manifestante - El Digital de Asturias\" \/>\n\t\t<meta property=\"og:description\" content=\"Estambul, 3 feb (EFE).- En la ciudad de Kayseri arranca hoy el juicio contra cuatro agentes de la polic\u00eda por la muerte de un joven manifestante que fue apaleado hasta la muerte durante las protestas por el parque de Gezi en junio pasado. En la primera sesi\u00f3n del juicio, que durar\u00e1 hasta el mi\u00e9rcoles, un\" \/>\n\t\t<meta property=\"og:url\" content=\"https:\/\/www.eldigitaldeasturias.com\/noticias\/turquia-inicia-el-juicio-contra-4-policias-por-la-muerte-de-un-manifestante\/\" \/>\n\t\t<meta property=\"article:tag\" content=\"actualidad\" \/>\n\t\t<meta property=\"article:published_time\" content=\"2014-02-03T13:09:12+00:00\" \/>\n\t\t<meta property=\"article:modified_time\" content=\"2014-02-03T13:09:12+00:00\" \/>\n\t\t<meta property=\"article:publisher\" content=\"https:\/\/facebook.com\/eldigitaldeasturias\" \/>\n\t\t<meta name=\"twitter:card\" content=\"summary_large_image\" \/>\n\t\t<meta name=\"twitter:title\" content=\"Turqu\u00eda inicia el juicio contra 4 polic\u00edas por la muerte de un manifestante - El Digital de Asturias\" \/>\n\t\t<meta name=\"twitter:description\" content=\"Estambul, 3 feb (EFE).- En la ciudad de Kayseri arranca hoy el juicio contra cuatro agentes de la polic\u00eda por la muerte de un joven manifestante que fue apaleado hasta la muerte durante las protestas por el parque de Gezi en junio pasado. En la primera sesi\u00f3n del juicio, que durar\u00e1 hasta el mi\u00e9rcoles, un\" \/>\n\t\t<meta name=\"twitter:label1\" content=\"Escrito por\" \/>\n\t\t<meta name=\"twitter:data1\" content=\"El Digital de Asturias\" \/>\n\t\t<meta name=\"twitter:label2\" content=\"Tiempo de lectura estimado\" \/>\n\t\t<meta name=\"twitter:data2\" content=\"1 minuto\" \/>\n\t\t<script type=\"application\/ld+json\" class=\"aioseo-schema\">\n\t\t\t{\"@context\":\"https:\\\/\\\/schema.org\",\"@graph\":[{\"@type\":\"BlogPosting\",\"@id\":\"https:\\\/\\\/www.eldigitaldeasturias.com\\\/noticias\\\/turquia-inicia-el-juicio-contra-4-policias-por-la-muerte-de-un-manifestante\\\/#blogposting\",\"name\":\"Turqu\\u00eda inicia el juicio contra 4 polic\\u00edas por la muerte de un manifestante - El Digital de Asturias\",\"headline\":\"Turqu\\u00eda inicia el juicio contra 4 polic\\u00edas por la muerte de un manifestante\",\"author\":{\"@id\":\"https:\\\/\\\/www.eldigitaldeasturias.com\\\/noticias\\\/author\\\/admin\\\/#author\"},\"publisher\":{\"@id\":\"https:\\\/\\\/www.eldigitaldeasturias.com\\\/noticias\\\/#organization\"},\"image\":{\"@type\":\"ImageObject\",\"url\":482478},\"datePublished\":\"2014-02-03T12:09:12+01:00\",\"dateModified\":\"2014-02-03T12:09:12+01:00\",\"inLanguage\":\"es-ES\",\"mainEntityOfPage\":{\"@id\":\"https:\\\/\\\/www.eldigitaldeasturias.com\\\/noticias\\\/turquia-inicia-el-juicio-contra-4-policias-por-la-muerte-de-un-manifestante\\\/#webpage\"},\"isPartOf\":{\"@id\":\"https:\\\/\\\/www.eldigitaldeasturias.com\\\/noticias\\\/turquia-inicia-el-juicio-contra-4-policias-por-la-muerte-de-un-manifestante\\\/#webpage\"},\"articleSection\":\"Actualidad\"},{\"@type\":\"BreadcrumbList\",\"@id\":\"https:\\\/\\\/www.eldigitaldeasturias.com\\\/noticias\\\/turquia-inicia-el-juicio-contra-4-policias-por-la-muerte-de-un-manifestante\\\/#breadcrumblist\",\"itemListElement\":[{\"@type\":\"ListItem\",\"@id\":\"https:\\\/\\\/www.eldigitaldeasturias.com\\\/noticias#listItem\",\"position\":1,\"name\":\"Home\",\"item\":\"https:\\\/\\\/www.eldigitaldeasturias.com\\\/noticias\",\"nextItem\":{\"@type\":\"ListItem\",\"@id\":\"https:\\\/\\\/www.eldigitaldeasturias.com\\\/noticias\\\/category\\\/actualidad\\\/#listItem\",\"name\":\"Actualidad\"}},{\"@type\":\"ListItem\",\"@id\":\"https:\\\/\\\/www.eldigitaldeasturias.com\\\/noticias\\\/category\\\/actualidad\\\/#listItem\",\"position\":2,\"name\":\"Actualidad\",\"item\":\"https:\\\/\\\/www.eldigitaldeasturias.com\\\/noticias\\\/category\\\/actualidad\\\/\",\"nextItem\":{\"@type\":\"ListItem\",\"@id\":\"https:\\\/\\\/www.eldigitaldeasturias.com\\\/noticias\\\/turquia-inicia-el-juicio-contra-4-policias-por-la-muerte-de-un-manifestante\\\/#listItem\",\"name\":\"Turqu\\u00eda inicia el juicio contra 4 polic\\u00edas por la muerte de un manifestante\"},\"previousItem\":{\"@type\":\"ListItem\",\"@id\":\"https:\\\/\\\/www.eldigitaldeasturias.com\\\/noticias#listItem\",\"name\":\"Home\"}},{\"@type\":\"ListItem\",\"@id\":\"https:\\\/\\\/www.eldigitaldeasturias.com\\\/noticias\\\/turquia-inicia-el-juicio-contra-4-policias-por-la-muerte-de-un-manifestante\\\/#listItem\",\"position\":3,\"name\":\"Turqu\\u00eda inicia el juicio contra 4 polic\\u00edas por la muerte de un manifestante\",\"previousItem\":{\"@type\":\"ListItem\",\"@id\":\"https:\\\/\\\/www.eldigitaldeasturias.com\\\/noticias\\\/category\\\/actualidad\\\/#listItem\",\"name\":\"Actualidad\"}}]},{\"@type\":\"Organization\",\"@id\":\"https:\\\/\\\/www.eldigitaldeasturias.com\\\/noticias\\\/#organization\",\"name\":\"El Digital de Asturias\",\"description\":\"Hemeroteca\",\"url\":\"https:\\\/\\\/www.eldigitaldeasturias.com\\\/noticias\\\/\",\"email\":\"info@eldigitaldeasturias.com\",\"telephone\":\"+34652131393\",\"logo\":{\"@type\":\"ImageObject\",\"url\":\"https:\\\/\\\/www.eldigitaldeasturias.com\\\/noticias\\\/wp-content\\\/uploads\\\/2020\\\/12\\\/EDA.jpg\",\"@id\":\"https:\\\/\\\/www.eldigitaldeasturias.com\\\/noticias\\\/turquia-inicia-el-juicio-contra-4-policias-por-la-muerte-de-un-manifestante\\\/#organizationLogo\"},\"image\":{\"@id\":\"https:\\\/\\\/www.eldigitaldeasturias.com\\\/noticias\\\/turquia-inicia-el-juicio-contra-4-policias-por-la-muerte-de-un-manifestante\\\/#organizationLogo\"},\"sameAs\":[\"https:\\\/\\\/facebook.com\\\/eldigitaldeasturias\",\"https:\\\/\\\/www.youtube.com\\\/channel\\\/UCZP-2wLEB9Rv6erhFmqVnvg\"],\"address\":{\"@id\":\"https:\\\/\\\/www.eldigitaldeasturias.com\\\/noticias\\\/#postaladdress\",\"@type\":\"PostalAddress\",\"streetAddress\":\"san antonio 4\",\"postalCode\":\"33430\",\"addressLocality\":\"Cand\\u00e1s\",\"addressRegion\":\"Asturias\",\"addressCountry\":\"ES\"}},{\"@type\":\"Person\",\"@id\":\"https:\\\/\\\/www.eldigitaldeasturias.com\\\/noticias\\\/author\\\/admin\\\/#author\",\"url\":\"https:\\\/\\\/www.eldigitaldeasturias.com\\\/noticias\\\/author\\\/admin\\\/\",\"name\":\"El Digital de Asturias\",\"image\":{\"@type\":\"ImageObject\",\"@id\":\"https:\\\/\\\/www.eldigitaldeasturias.com\\\/noticias\\\/turquia-inicia-el-juicio-contra-4-policias-por-la-muerte-de-un-manifestante\\\/#authorImage\",\"url\":\"https:\\\/\\\/secure.gravatar.com\\\/avatar\\\/df2aeffc32bcd13f8d26072ef8a91b623d677766deac7f97ca815868cd41bf5e?s=96&d=mm&r=g\",\"width\":96,\"height\":96,\"caption\":\"El Digital de Asturias\"}},{\"@type\":\"WebPage\",\"@id\":\"https:\\\/\\\/www.eldigitaldeasturias.com\\\/noticias\\\/turquia-inicia-el-juicio-contra-4-policias-por-la-muerte-de-un-manifestante\\\/#webpage\",\"url\":\"https:\\\/\\\/www.eldigitaldeasturias.com\\\/noticias\\\/turquia-inicia-el-juicio-contra-4-policias-por-la-muerte-de-un-manifestante\\\/\",\"name\":\"Turqu\\u00eda inicia el juicio contra 4 polic\\u00edas por la muerte de un manifestante - El Digital de Asturias\",\"description\":\"Estambul, 3 feb (EFE).- En la ciudad de Kayseri arranca hoy el juicio contra cuatro agentes de la polic\\u00eda por la muerte de un joven manifestante que fue apaleado hasta la muerte durante las protestas por el parque de Gezi en junio pasado. En la primera sesi\\u00f3n del juicio, que durar\\u00e1 hasta el mi\\u00e9rcoles, un\",\"inLanguage\":\"es-ES\",\"isPartOf\":{\"@id\":\"https:\\\/\\\/www.eldigitaldeasturias.com\\\/noticias\\\/#website\"},\"breadcrumb\":{\"@id\":\"https:\\\/\\\/www.eldigitaldeasturias.com\\\/noticias\\\/turquia-inicia-el-juicio-contra-4-policias-por-la-muerte-de-un-manifestante\\\/#breadcrumblist\"},\"author\":{\"@id\":\"https:\\\/\\\/www.eldigitaldeasturias.com\\\/noticias\\\/author\\\/admin\\\/#author\"},\"creator\":{\"@id\":\"https:\\\/\\\/www.eldigitaldeasturias.com\\\/noticias\\\/author\\\/admin\\\/#author\"},\"image\":{\"@type\":\"ImageObject\",\"url\":482478,\"@id\":\"https:\\\/\\\/www.eldigitaldeasturias.com\\\/noticias\\\/turquia-inicia-el-juicio-contra-4-policias-por-la-muerte-de-un-manifestante\\\/#mainImage\"},\"primaryImageOfPage\":{\"@id\":\"https:\\\/\\\/www.eldigitaldeasturias.com\\\/noticias\\\/turquia-inicia-el-juicio-contra-4-policias-por-la-muerte-de-un-manifestante\\\/#mainImage\"},\"datePublished\":\"2014-02-03T12:09:12+01:00\",\"dateModified\":\"2014-02-03T12:09:12+01:00\"},{\"@type\":\"WebSite\",\"@id\":\"https:\\\/\\\/www.eldigitaldeasturias.com\\\/noticias\\\/#website\",\"url\":\"https:\\\/\\\/www.eldigitaldeasturias.com\\\/noticias\\\/\",\"name\":\"El Digital de Asturias - Diario de actualidad y noticias\",\"alternateName\":\"El Digital de Asturias - Diario de actualidad y noticias\",\"description\":\"Hemeroteca\",\"inLanguage\":\"es-ES\",\"publisher\":{\"@id\":\"https:\\\/\\\/www.eldigitaldeasturias.com\\\/noticias\\\/#organization\"}}]}\n\t\t<\/script>\n\t\t<!-- All in One SEO Pro -->\r\n\t\t<title>Turqu\u00eda inicia el juicio contra 4 polic\u00edas por la muerte de un manifestante - El Digital de Asturias<\/title>\n\n","aioseo_head_json":{"title":"Turqu\u00eda inicia el juicio contra 4 polic\u00edas por la muerte de un manifestante - El Digital de Asturias","description":"Estambul, 3 feb (EFE).- En la ciudad de Kayseri arranca hoy el juicio contra cuatro agentes de la polic\u00eda por la muerte de un joven manifestante que fue apaleado hasta la muerte durante las protestas por el parque de Gezi en junio pasado. En la primera sesi\u00f3n del juicio, que durar\u00e1 hasta el mi\u00e9rcoles, un","canonical_url":"https:\/\/www.eldigitaldeasturias.com\/noticias\/turquia-inicia-el-juicio-contra-4-policias-por-la-muerte-de-un-manifestante\/","robots":"max-image-preview:large","keywords":"actualidad","webmasterTools":{"google-site-verification":"UA-38556648-1","msvalidate.01":"7dfe9f3f1b24437ab69f4f2559babe99","miscellaneous":""},"schema":{"@context":"https:\/\/schema.org","@graph":[{"@type":"BlogPosting","@id":"https:\/\/www.eldigitaldeasturias.com\/noticias\/turquia-inicia-el-juicio-contra-4-policias-por-la-muerte-de-un-manifestante\/#blogposting","name":"Turqu\u00eda inicia el juicio contra 4 polic\u00edas por la muerte de un manifestante - El Digital de Asturias","headline":"Turqu\u00eda inicia el juicio contra 4 polic\u00edas por la muerte de un manifestante","author":{"@id":"https:\/\/www.eldigitaldeasturias.com\/noticias\/author\/admin\/#author"},"publisher":{"@id":"https:\/\/www.eldigitaldeasturias.com\/noticias\/#organization"},"image":{"@type":"ImageObject","url":482478},"datePublished":"2014-02-03T12:09:12+01:00","dateModified":"2014-02-03T12:09:12+01:00","inLanguage":"es-ES","mainEntityOfPage":{"@id":"https:\/\/www.eldigitaldeasturias.com\/noticias\/turquia-inicia-el-juicio-contra-4-policias-por-la-muerte-de-un-manifestante\/#webpage"},"isPartOf":{"@id":"https:\/\/www.eldigitaldeasturias.com\/noticias\/turquia-inicia-el-juicio-contra-4-policias-por-la-muerte-de-un-manifestante\/#webpage"},"articleSection":"Actualidad"},{"@type":"BreadcrumbList","@id":"https:\/\/www.eldigitaldeasturias.com\/noticias\/turquia-inicia-el-juicio-contra-4-policias-por-la-muerte-de-un-manifestante\/#breadcrumblist","itemListElement":[{"@type":"ListItem","@id":"https:\/\/www.eldigitaldeasturias.com\/noticias#listItem","position":1,"name":"Home","item":"https:\/\/www.eldigitaldeasturias.com\/noticias","nextItem":{"@type":"ListItem","@id":"https:\/\/www.eldigitaldeasturias.com\/noticias\/category\/actualidad\/#listItem","name":"Actualidad"}},{"@type":"ListItem","@id":"https:\/\/www.eldigitaldeasturias.com\/noticias\/category\/actualidad\/#listItem","position":2,"name":"Actualidad","item":"https:\/\/www.eldigitaldeasturias.com\/noticias\/category\/actualidad\/","nextItem":{"@type":"ListItem","@id":"https:\/\/www.eldigitaldeasturias.com\/noticias\/turquia-inicia-el-juicio-contra-4-policias-por-la-muerte-de-un-manifestante\/#listItem","name":"Turqu\u00eda inicia el juicio contra 4 polic\u00edas por la muerte de un manifestante"},"previousItem":{"@type":"ListItem","@id":"https:\/\/www.eldigitaldeasturias.com\/noticias#listItem","name":"Home"}},{"@type":"ListItem","@id":"https:\/\/www.eldigitaldeasturias.com\/noticias\/turquia-inicia-el-juicio-contra-4-policias-por-la-muerte-de-un-manifestante\/#listItem","position":3,"name":"Turqu\u00eda inicia el juicio contra 4 polic\u00edas por la muerte de un manifestante","previousItem":{"@type":"ListItem","@id":"https:\/\/www.eldigitaldeasturias.com\/noticias\/category\/actualidad\/#listItem","name":"Actualidad"}}]},{"@type":"Organization","@id":"https:\/\/www.eldigitaldeasturias.com\/noticias\/#organization","name":"El Digital de Asturias","description":"Hemeroteca","url":"https:\/\/www.eldigitaldeasturias.com\/noticias\/","email":"info@eldigitaldeasturias.com","telephone":"+34652131393","logo":{"@type":"ImageObject","url":"https:\/\/www.eldigitaldeasturias.com\/noticias\/wp-content\/uploads\/2020\/12\/EDA.jpg","@id":"https:\/\/www.eldigitaldeasturias.com\/noticias\/turquia-inicia-el-juicio-contra-4-policias-por-la-muerte-de-un-manifestante\/#organizationLogo"},"image":{"@id":"https:\/\/www.eldigitaldeasturias.com\/noticias\/turquia-inicia-el-juicio-contra-4-policias-por-la-muerte-de-un-manifestante\/#organizationLogo"},"sameAs":["https:\/\/facebook.com\/eldigitaldeasturias","https:\/\/www.youtube.com\/channel\/UCZP-2wLEB9Rv6erhFmqVnvg"],"address":{"@id":"https:\/\/www.eldigitaldeasturias.com\/noticias\/#postaladdress","@type":"PostalAddress","streetAddress":"san antonio 4","postalCode":"33430","addressLocality":"Cand\u00e1s","addressRegion":"Asturias","addressCountry":"ES"}},{"@type":"Person","@id":"https:\/\/www.eldigitaldeasturias.com\/noticias\/author\/admin\/#author","url":"https:\/\/www.eldigitaldeasturias.com\/noticias\/author\/admin\/","name":"El Digital de Asturias","image":{"@type":"ImageObject","@id":"https:\/\/www.eldigitaldeasturias.com\/noticias\/turquia-inicia-el-juicio-contra-4-policias-por-la-muerte-de-un-manifestante\/#authorImage","url":"https:\/\/secure.gravatar.com\/avatar\/df2aeffc32bcd13f8d26072ef8a91b623d677766deac7f97ca815868cd41bf5e?s=96&d=mm&r=g","width":96,"height":96,"caption":"El Digital de Asturias"}},{"@type":"WebPage","@id":"https:\/\/www.eldigitaldeasturias.com\/noticias\/turquia-inicia-el-juicio-contra-4-policias-por-la-muerte-de-un-manifestante\/#webpage","url":"https:\/\/www.eldigitaldeasturias.com\/noticias\/turquia-inicia-el-juicio-contra-4-policias-por-la-muerte-de-un-manifestante\/","name":"Turqu\u00eda inicia el juicio contra 4 polic\u00edas por la muerte de un manifestante - El Digital de Asturias","description":"Estambul, 3 feb (EFE).- En la ciudad de Kayseri arranca hoy el juicio contra cuatro agentes de la polic\u00eda por la muerte de un joven manifestante que fue apaleado hasta la muerte durante las protestas por el parque de Gezi en junio pasado. En la primera sesi\u00f3n del juicio, que durar\u00e1 hasta el mi\u00e9rcoles, un","inLanguage":"es-ES","isPartOf":{"@id":"https:\/\/www.eldigitaldeasturias.com\/noticias\/#website"},"breadcrumb":{"@id":"https:\/\/www.eldigitaldeasturias.com\/noticias\/turquia-inicia-el-juicio-contra-4-policias-por-la-muerte-de-un-manifestante\/#breadcrumblist"},"author":{"@id":"https:\/\/www.eldigitaldeasturias.com\/noticias\/author\/admin\/#author"},"creator":{"@id":"https:\/\/www.eldigitaldeasturias.com\/noticias\/author\/admin\/#author"},"image":{"@type":"ImageObject","url":482478,"@id":"https:\/\/www.eldigitaldeasturias.com\/noticias\/turquia-inicia-el-juicio-contra-4-policias-por-la-muerte-de-un-manifestante\/#mainImage"},"primaryImageOfPage":{"@id":"https:\/\/www.eldigitaldeasturias.com\/noticias\/turquia-inicia-el-juicio-contra-4-policias-por-la-muerte-de-un-manifestante\/#mainImage"},"datePublished":"2014-02-03T12:09:12+01:00","dateModified":"2014-02-03T12:09:12+01:00"},{"@type":"WebSite","@id":"https:\/\/www.eldigitaldeasturias.com\/noticias\/#website","url":"https:\/\/www.eldigitaldeasturias.com\/noticias\/","name":"El Digital de Asturias - Diario de actualidad y noticias","alternateName":"El Digital de Asturias - Diario de actualidad y noticias","description":"Hemeroteca","inLanguage":"es-ES","publisher":{"@id":"https:\/\/www.eldigitaldeasturias.com\/noticias\/#organization"}}]},"og:locale":"es_ES","og:site_name":"El Digital de Asturias","og:type":"article","og:title":"Turqu\u00eda inicia el juicio contra 4 polic\u00edas por la muerte de un manifestante - El Digital de Asturias","og:description":"Estambul, 3 feb (EFE).- En la ciudad de Kayseri arranca hoy el juicio contra cuatro agentes de la polic\u00eda por la muerte de un joven manifestante que fue apaleado hasta la muerte durante las protestas por el parque de Gezi en junio pasado. En la primera sesi\u00f3n del juicio, que durar\u00e1 hasta el mi\u00e9rcoles, un","og:url":"https:\/\/www.eldigitaldeasturias.com\/noticias\/turquia-inicia-el-juicio-contra-4-policias-por-la-muerte-de-un-manifestante\/","article:tag":["actualidad"],"article:published_time":"2014-02-03T13:09:12+00:00","article:modified_time":"2014-02-03T13:09:12+00:00","article:publisher":"https:\/\/facebook.com\/eldigitaldeasturias","twitter:card":"summary_large_image","twitter:title":"Turqu\u00eda inicia el juicio contra 4 polic\u00edas por la muerte de un manifestante - El Digital de Asturias","twitter:description":"Estambul, 3 feb (EFE).- En la ciudad de Kayseri arranca hoy el juicio contra cuatro agentes de la polic\u00eda por la muerte de un joven manifestante que fue apaleado hasta la muerte durante las protestas por el parque de Gezi en junio pasado. En la primera sesi\u00f3n del juicio, que durar\u00e1 hasta el mi\u00e9rcoles, un","twitter:label1":"Escrito por","twitter:data1":"El Digital de Asturias","twitter:label2":"Tiempo de lectura estimado","twitter:data2":"1 minuto"},"aioseo_meta_data":{"post_id":"482477","title":null,"description":null,"keywords":null,"keyphrases":null,"primary_term":null,"canonical_url":null,"og_title":null,"og_description":null,"og_object_type":"default","og_image_type":"default","og_image_url":null,"og_image_width":null,"og_image_height":null,"og_image_custom_url":null,"og_image_custom_fields":null,"og_video":null,"og_custom_url":null,"og_article_section":null,"og_article_tags":null,"twitter_use_og":true,"twitter_card":"default","twitter_image_type":"default","twitter_image_url":null,"twitter_image_custom_url":null,"twitter_image_custom_fields":null,"twitter_title":null,"twitter_description":null,"schema":{"blockGraphs":[],"customGraphs":[],"default":{"data":{"Article":[],"Course":[],"Dataset":[],"FAQPage":[],"Movie":[],"Person":[],"Product":[],"ProductReview":[],"Car":[],"Recipe":[],"Service":[],"SoftwareApplication":[],"WebPage":[]},"graphName":"","isEnabled":true},"graphs":[],"defaultGraph":"","defaultPostTypeGraph":""},"schema_type":null,"schema_type_options":null,"pillar_content":false,"robots_default":true,"robots_noindex":false,"robots_noarchive":false,"robots_nosnippet":false,"robots_nofollow":false,"robots_noimageindex":false,"robots_noodp":false,"robots_notranslate":false,"robots_max_snippet":null,"robots_max_videopreview":null,"robots_max_imagepreview":"none","priority":null,"frequency":null,"local_seo":null,"seo_analyzer_scan_date":"2026-06-02 09:57:02","breadcrumb_settings":null,"limit_modified_date":false,"open_ai":null,"ai":null,"created":"2020-11-14 22:54:35","updated":"2026-06-02 09:57:02","focus_keyword":null,"additional_keywords":null,"truseo_locale":null},"aioseo_breadcrumb":"<div class=\"aioseo-breadcrumbs\"><span class=\"aioseo-breadcrumb\">\n\t<a href=\"https:\/\/www.eldigitaldeasturias.com\/noticias\" title=\"Home\">Home<\/a>\n<\/span><span class=\"aioseo-breadcrumb-separator\">\u2013<\/span><span class=\"aioseo-breadcrumb\">\n\t<a href=\"https:\/\/www.eldigitaldeasturias.com\/noticias\/category\/actualidad\/\" title=\"Actualidad\">Actualidad<\/a>\n<\/span><span class=\"aioseo-breadcrumb-separator\">\u2013<\/span><span class=\"aioseo-breadcrumb\">\n\t<a href=\"https:\/\/www.eldigitaldeasturias.com\/noticias\/turquia-inicia-el-juicio-contra-4-policias-por-la-muerte-de-un-manifestante\/\" title=\"Turqu\u00eda inicia el juicio contra 4 polic\u00edas por la muerte de un manifestante\">Turqu\u00eda inicia el juicio contra 4 polic\u00edas por la muerte de un manifestante<\/a>\n<\/span><\/div>","aioseo_breadcrumb_json":[{"label":"Home","link":"https:\/\/www.eldigitaldeasturias.com\/noticias"},{"label":"Actualidad","link":"https:\/\/www.eldigitaldeasturias.com\/noticias\/category\/actualidad\/"},{"label":"Turqu\u00eda inicia el juicio contra 4 polic\u00edas por la muerte de un manifestante","link":"https:\/\/www.eldigitaldeasturias.com\/noticias\/turquia-inicia-el-juicio-contra-4-policias-por-la-muerte-de-un-manifestante\/"}],"_links":{"self":[{"href":"https:\/\/www.eldigitaldeasturias.com\/noticias\/wp-json\/wp\/v2\/posts\/482477","targetHints":{"allow":["GET"]}}],"collection":[{"href":"https:\/\/www.eldigitaldeasturias.com\/noticias\/wp-json\/wp\/v2\/posts"}],"about":[{"href":"https:\/\/www.eldigitaldeasturias.com\/noticias\/wp-json\/wp\/v2\/types\/post"}],"author":[{"embeddable":true,"href":"https:\/\/www.eldigitaldeasturias.com\/noticias\/wp-json\/wp\/v2\/users\/1"}],"replies":[{"embeddable":true,"href":"https:\/\/www.eldigitaldeasturias.com\/noticias\/wp-json\/wp\/v2\/comments?post=482477"}],"version-history":[{"count":0,"href":"https:\/\/www.eldigitaldeasturias.com\/noticias\/wp-json\/wp\/v2\/posts\/482477\/revisions"}],"wp:attachment":[{"href":"https:\/\/www.eldigitaldeasturias.com\/noticias\/wp-json\/wp\/v2\/media?parent=482477"}],"wp:term":[{"taxonomy":"category","embeddable":true,"href":"https:\/\/www.eldigitaldeasturias.com\/noticias\/wp-json\/wp\/v2\/categories?post=482477"},{"taxonomy":"post_tag","embeddable":true,"href":"https:\/\/www.eldigitaldeasturias.com\/noticias\/wp-json\/wp\/v2\/tags?post=482477"}],"curies":[{"name":"wp","href":"https:\/\/api.w.org\/{rel}","templated":true}]}}