{"id":482474,"date":"2014-02-03T12:08:10","date_gmt":"2014-02-03T13:08:10","guid":{"rendered":"http:\/\/www.eldigitaldeasturias.com\/noticias\/?p=482474"},"modified":"2014-02-03T12:08:10","modified_gmt":"2014-02-03T13:08:10","slug":"explosiones-cerca-del-ministerio-de-defensa-y-de-la-embajada-francesa-en-sana","status":"publish","type":"post","link":"https:\/\/www.eldigitaldeasturias.com\/noticias\/explosiones-cerca-del-ministerio-de-defensa-y-de-la-embajada-francesa-en-sana\/","title":{"rendered":"Explosiones cerca del Ministerio de Defensa y de la Embajada francesa en San\u00e1"},"content":{"rendered":"<p><img loading=\"lazy\" decoding=\"async\" class=\"alignleft size-medium wp-image-482475\" alt=\"5902506w\" src=\"https:\/\/www.eldigitaldeasturias.com\/noticias\/wp-content\/uploads\/2014\/02\/5902506w-360x239.jpg\" width=\"360\" height=\"239\" \/>San\u00e1, 3 feb (EFE).- Una bomba explot\u00f3 anoche frente al complejo del Ministerio yemen\u00ed de Defensa, mientras que un ob\u00fas impacto cerca de la Embajada francesa en San\u00e1, sin causar v\u00edctimas, informaron hoy a Efe fuentes de seguridad yemen\u00edes.<\/p>\n<p>El estallido de la bomba provoc\u00f3 da\u00f1os materiales en las ventanas de la sede ministerial, que ya fue blanco de una operaci\u00f3n terrorista en diciembre pasado que ocasion\u00f3 68 muertos y 215 heridos.<\/p>\n<p>Tras la explosi\u00f3n, varios soldados que se encontraban en los alrededores abrieron fuego asustados e hirieron a tres personas.<\/p>\n<p>Tambi\u00e9n a medianoche, un ob\u00fas cay\u00f3 en una avenida de San\u00e1 que comunica la legaci\u00f3n diplom\u00e1tica francesa y la casa del expresidente yemen\u00ed Ali Abdal\u00e1 Saleh.<\/p>\n<p>Este ataque, del que se desconocen los motivos, tampoco caus\u00f3 v\u00edctimas, pero s\u00ed destrozos en tres edificios residenciales y en varios veh\u00edculos.<\/p>\n<p>La inestabilidad ha aumentado en Yemen desde que Saleh dej\u00f3 el poder en febrero de 2012, tras multitudinarias manifestaciones en su contra, un tiempo en el que se han producido numerosos atentados y secuestros de extranjeros, entre ellos de diplom\u00e1ticos.<\/p>\n<p>El ataque contra la sede de Defensa de diciembre pasado fue el de mayor envergadura contra este complejo, en el que irrumpieron hombres armados tras detonar un coche bomba.<\/p>\n<p>Al Qaeda en la Pen\u00ednsula Ar\u00e1biga, con base en el Yemen, ha reivindicado muchos de los atentados perpetrados contra las fuerzas de seguridad yemen\u00edes.<\/p>\n","protected":false},"excerpt":{"rendered":"<p>San\u00e1, 3 feb (EFE).- Una bomba explot\u00f3 anoche frente al complejo del Ministerio yemen\u00ed de Defensa, mientras que un ob\u00fas impacto cerca de la Embajada francesa en San\u00e1, sin causar v\u00edctimas, informaron hoy a Efe fuentes de seguridad yemen\u00edes. El estallido de la bomba provoc\u00f3 da\u00f1os materiales en las ventanas de la sede ministerial, que [&hellip;]<\/p>\n","protected":false},"author":1,"featured_media":482475,"comment_status":"closed","ping_status":"open","sticky":false,"template":"","format":"standard","meta":{"footnotes":""},"categories":[1],"tags":[],"class_list":["post-482474","post","type-post","status-publish","format-standard","has-post-thumbnail","hentry","category-actualidad"],"aioseo_notices":[],"aioseo_head":"\n\t\t<!-- All in One SEO Pro 5.0.1 - aioseo.com -->\n\t<meta name=\"description\" content=\"San\u00e1, 3 feb (EFE).- Una bomba explot\u00f3 anoche frente al complejo del Ministerio yemen\u00ed de Defensa, mientras que un ob\u00fas impacto cerca de la Embajada francesa en San\u00e1, sin causar v\u00edctimas, informaron hoy a Efe fuentes de seguridad yemen\u00edes. El estallido de la bomba provoc\u00f3 da\u00f1os materiales en las ventanas de la sede ministerial, que\" \/>\n\t<meta name=\"robots\" content=\"max-image-preview:large\" \/>\n\t<meta name=\"author\" content=\"El Digital de Asturias\"\/>\n\t<meta name=\"google-site-verification\" content=\"UA-38556648-1\" \/>\n\t<meta name=\"msvalidate.01\" content=\"7dfe9f3f1b24437ab69f4f2559babe99\" \/>\n\t<meta name=\"keywords\" content=\"actualidad\" \/>\n\t<link rel=\"canonical\" href=\"https:\/\/www.eldigitaldeasturias.com\/noticias\/explosiones-cerca-del-ministerio-de-defensa-y-de-la-embajada-francesa-en-sana\/\" \/>\n\t<meta name=\"generator\" content=\"All in One SEO Pro (AIOSEO) 5.0.1\" \/>\n\t\t<meta property=\"og:locale\" content=\"es_ES\" \/>\n\t\t<meta property=\"og:site_name\" content=\"El Digital de Asturias\" \/>\n\t\t<meta property=\"og:type\" content=\"article\" \/>\n\t\t<meta property=\"og:title\" content=\"Explosiones cerca del Ministerio de Defensa y de la Embajada francesa en San\u00e1 - El Digital de Asturias\" \/>\n\t\t<meta property=\"og:description\" content=\"San\u00e1, 3 feb (EFE).- Una bomba explot\u00f3 anoche frente al complejo del Ministerio yemen\u00ed de Defensa, mientras que un ob\u00fas impacto cerca de la Embajada francesa en San\u00e1, sin causar v\u00edctimas, informaron hoy a Efe fuentes de seguridad yemen\u00edes. El estallido de la bomba provoc\u00f3 da\u00f1os materiales en las ventanas de la sede ministerial, que\" \/>\n\t\t<meta property=\"og:url\" content=\"https:\/\/www.eldigitaldeasturias.com\/noticias\/explosiones-cerca-del-ministerio-de-defensa-y-de-la-embajada-francesa-en-sana\/\" \/>\n\t\t<meta property=\"article:tag\" content=\"actualidad\" \/>\n\t\t<meta property=\"article:published_time\" content=\"2014-02-03T13:08:10+00:00\" \/>\n\t\t<meta property=\"article:modified_time\" content=\"2014-02-03T13:08:10+00:00\" \/>\n\t\t<meta property=\"article:publisher\" content=\"https:\/\/facebook.com\/eldigitaldeasturias\" \/>\n\t\t<meta name=\"twitter:card\" content=\"summary_large_image\" \/>\n\t\t<meta name=\"twitter:title\" content=\"Explosiones cerca del Ministerio de Defensa y de la Embajada francesa en San\u00e1 - El Digital de Asturias\" \/>\n\t\t<meta name=\"twitter:description\" content=\"San\u00e1, 3 feb (EFE).- Una bomba explot\u00f3 anoche frente al complejo del Ministerio yemen\u00ed de Defensa, mientras que un ob\u00fas impacto cerca de la Embajada francesa en San\u00e1, sin causar v\u00edctimas, informaron hoy a Efe fuentes de seguridad yemen\u00edes. El estallido de la bomba provoc\u00f3 da\u00f1os materiales en las ventanas de la sede ministerial, que\" \/>\n\t\t<meta name=\"twitter:label1\" content=\"Escrito por\" \/>\n\t\t<meta name=\"twitter:data1\" content=\"El Digital de Asturias\" \/>\n\t\t<meta name=\"twitter:label2\" content=\"Tiempo de lectura estimado\" \/>\n\t\t<meta name=\"twitter:data2\" content=\"1 minuto\" \/>\n\t\t<script type=\"application\/ld+json\" class=\"aioseo-schema\">\n\t\t\t{\"@context\":\"https:\\\/\\\/schema.org\",\"@graph\":[{\"@type\":\"BlogPosting\",\"@id\":\"https:\\\/\\\/www.eldigitaldeasturias.com\\\/noticias\\\/explosiones-cerca-del-ministerio-de-defensa-y-de-la-embajada-francesa-en-sana\\\/#blogposting\",\"name\":\"Explosiones cerca del Ministerio de Defensa y de la Embajada francesa en San\\u00e1 - El Digital de Asturias\",\"headline\":\"Explosiones cerca del Ministerio de Defensa y de la Embajada francesa en San\\u00e1\",\"author\":{\"@id\":\"https:\\\/\\\/www.eldigitaldeasturias.com\\\/noticias\\\/author\\\/admin\\\/#author\"},\"publisher\":{\"@id\":\"https:\\\/\\\/www.eldigitaldeasturias.com\\\/noticias\\\/#organization\"},\"image\":{\"@type\":\"ImageObject\",\"url\":482475},\"datePublished\":\"2014-02-03T12:08:10+01:00\",\"dateModified\":\"2014-02-03T12:08:10+01:00\",\"inLanguage\":\"es-ES\",\"mainEntityOfPage\":{\"@id\":\"https:\\\/\\\/www.eldigitaldeasturias.com\\\/noticias\\\/explosiones-cerca-del-ministerio-de-defensa-y-de-la-embajada-francesa-en-sana\\\/#webpage\"},\"isPartOf\":{\"@id\":\"https:\\\/\\\/www.eldigitaldeasturias.com\\\/noticias\\\/explosiones-cerca-del-ministerio-de-defensa-y-de-la-embajada-francesa-en-sana\\\/#webpage\"},\"articleSection\":\"Actualidad\"},{\"@type\":\"BreadcrumbList\",\"@id\":\"https:\\\/\\\/www.eldigitaldeasturias.com\\\/noticias\\\/explosiones-cerca-del-ministerio-de-defensa-y-de-la-embajada-francesa-en-sana\\\/#breadcrumblist\",\"itemListElement\":[{\"@type\":\"ListItem\",\"@id\":\"https:\\\/\\\/www.eldigitaldeasturias.com\\\/noticias#listItem\",\"position\":1,\"name\":\"Home\",\"item\":\"https:\\\/\\\/www.eldigitaldeasturias.com\\\/noticias\",\"nextItem\":{\"@type\":\"ListItem\",\"@id\":\"https:\\\/\\\/www.eldigitaldeasturias.com\\\/noticias\\\/category\\\/actualidad\\\/#listItem\",\"name\":\"Actualidad\"}},{\"@type\":\"ListItem\",\"@id\":\"https:\\\/\\\/www.eldigitaldeasturias.com\\\/noticias\\\/category\\\/actualidad\\\/#listItem\",\"position\":2,\"name\":\"Actualidad\",\"item\":\"https:\\\/\\\/www.eldigitaldeasturias.com\\\/noticias\\\/category\\\/actualidad\\\/\",\"nextItem\":{\"@type\":\"ListItem\",\"@id\":\"https:\\\/\\\/www.eldigitaldeasturias.com\\\/noticias\\\/explosiones-cerca-del-ministerio-de-defensa-y-de-la-embajada-francesa-en-sana\\\/#listItem\",\"name\":\"Explosiones cerca del Ministerio de Defensa y de la Embajada francesa en San\\u00e1\"},\"previousItem\":{\"@type\":\"ListItem\",\"@id\":\"https:\\\/\\\/www.eldigitaldeasturias.com\\\/noticias#listItem\",\"name\":\"Home\"}},{\"@type\":\"ListItem\",\"@id\":\"https:\\\/\\\/www.eldigitaldeasturias.com\\\/noticias\\\/explosiones-cerca-del-ministerio-de-defensa-y-de-la-embajada-francesa-en-sana\\\/#listItem\",\"position\":3,\"name\":\"Explosiones cerca del Ministerio de Defensa y de la Embajada francesa en San\\u00e1\",\"previousItem\":{\"@type\":\"ListItem\",\"@id\":\"https:\\\/\\\/www.eldigitaldeasturias.com\\\/noticias\\\/category\\\/actualidad\\\/#listItem\",\"name\":\"Actualidad\"}}]},{\"@type\":\"Organization\",\"@id\":\"https:\\\/\\\/www.eldigitaldeasturias.com\\\/noticias\\\/#organization\",\"name\":\"El Digital de Asturias\",\"description\":\"Hemeroteca\",\"url\":\"https:\\\/\\\/www.eldigitaldeasturias.com\\\/noticias\\\/\",\"email\":\"info@eldigitaldeasturias.com\",\"telephone\":\"+34652131393\",\"logo\":{\"@type\":\"ImageObject\",\"url\":\"https:\\\/\\\/www.eldigitaldeasturias.com\\\/noticias\\\/wp-content\\\/uploads\\\/2020\\\/12\\\/EDA.jpg\",\"@id\":\"https:\\\/\\\/www.eldigitaldeasturias.com\\\/noticias\\\/explosiones-cerca-del-ministerio-de-defensa-y-de-la-embajada-francesa-en-sana\\\/#organizationLogo\"},\"image\":{\"@id\":\"https:\\\/\\\/www.eldigitaldeasturias.com\\\/noticias\\\/explosiones-cerca-del-ministerio-de-defensa-y-de-la-embajada-francesa-en-sana\\\/#organizationLogo\"},\"sameAs\":[\"https:\\\/\\\/facebook.com\\\/eldigitaldeasturias\",\"https:\\\/\\\/www.youtube.com\\\/channel\\\/UCZP-2wLEB9Rv6erhFmqVnvg\"],\"address\":{\"@id\":\"https:\\\/\\\/www.eldigitaldeasturias.com\\\/noticias\\\/#postaladdress\",\"@type\":\"PostalAddress\",\"streetAddress\":\"san antonio 4\",\"postalCode\":\"33430\",\"addressLocality\":\"Cand\\u00e1s\",\"addressRegion\":\"Asturias\",\"addressCountry\":\"ES\"}},{\"@type\":\"Person\",\"@id\":\"https:\\\/\\\/www.eldigitaldeasturias.com\\\/noticias\\\/author\\\/admin\\\/#author\",\"url\":\"https:\\\/\\\/www.eldigitaldeasturias.com\\\/noticias\\\/author\\\/admin\\\/\",\"name\":\"El Digital de Asturias\",\"image\":{\"@type\":\"ImageObject\",\"@id\":\"https:\\\/\\\/www.eldigitaldeasturias.com\\\/noticias\\\/explosiones-cerca-del-ministerio-de-defensa-y-de-la-embajada-francesa-en-sana\\\/#authorImage\",\"url\":\"https:\\\/\\\/secure.gravatar.com\\\/avatar\\\/df2aeffc32bcd13f8d26072ef8a91b623d677766deac7f97ca815868cd41bf5e?s=96&d=mm&r=g\",\"width\":96,\"height\":96,\"caption\":\"El Digital de Asturias\"}},{\"@type\":\"WebPage\",\"@id\":\"https:\\\/\\\/www.eldigitaldeasturias.com\\\/noticias\\\/explosiones-cerca-del-ministerio-de-defensa-y-de-la-embajada-francesa-en-sana\\\/#webpage\",\"url\":\"https:\\\/\\\/www.eldigitaldeasturias.com\\\/noticias\\\/explosiones-cerca-del-ministerio-de-defensa-y-de-la-embajada-francesa-en-sana\\\/\",\"name\":\"Explosiones cerca del Ministerio de Defensa y de la Embajada francesa en San\\u00e1 - El Digital de Asturias\",\"description\":\"San\\u00e1, 3 feb (EFE).- Una bomba explot\\u00f3 anoche frente al complejo del Ministerio yemen\\u00ed de Defensa, mientras que un ob\\u00fas impacto cerca de la Embajada francesa en San\\u00e1, sin causar v\\u00edctimas, informaron hoy a Efe fuentes de seguridad yemen\\u00edes. El estallido de la bomba provoc\\u00f3 da\\u00f1os materiales en las ventanas de la sede ministerial, que\",\"inLanguage\":\"es-ES\",\"isPartOf\":{\"@id\":\"https:\\\/\\\/www.eldigitaldeasturias.com\\\/noticias\\\/#website\"},\"breadcrumb\":{\"@id\":\"https:\\\/\\\/www.eldigitaldeasturias.com\\\/noticias\\\/explosiones-cerca-del-ministerio-de-defensa-y-de-la-embajada-francesa-en-sana\\\/#breadcrumblist\"},\"author\":{\"@id\":\"https:\\\/\\\/www.eldigitaldeasturias.com\\\/noticias\\\/author\\\/admin\\\/#author\"},\"creator\":{\"@id\":\"https:\\\/\\\/www.eldigitaldeasturias.com\\\/noticias\\\/author\\\/admin\\\/#author\"},\"image\":{\"@type\":\"ImageObject\",\"url\":482475,\"@id\":\"https:\\\/\\\/www.eldigitaldeasturias.com\\\/noticias\\\/explosiones-cerca-del-ministerio-de-defensa-y-de-la-embajada-francesa-en-sana\\\/#mainImage\"},\"primaryImageOfPage\":{\"@id\":\"https:\\\/\\\/www.eldigitaldeasturias.com\\\/noticias\\\/explosiones-cerca-del-ministerio-de-defensa-y-de-la-embajada-francesa-en-sana\\\/#mainImage\"},\"datePublished\":\"2014-02-03T12:08:10+01:00\",\"dateModified\":\"2014-02-03T12:08:10+01:00\"},{\"@type\":\"WebSite\",\"@id\":\"https:\\\/\\\/www.eldigitaldeasturias.com\\\/noticias\\\/#website\",\"url\":\"https:\\\/\\\/www.eldigitaldeasturias.com\\\/noticias\\\/\",\"name\":\"El Digital de Asturias - Diario de actualidad y noticias\",\"alternateName\":\"El Digital de Asturias - Diario de actualidad y noticias\",\"description\":\"Hemeroteca\",\"inLanguage\":\"es-ES\",\"publisher\":{\"@id\":\"https:\\\/\\\/www.eldigitaldeasturias.com\\\/noticias\\\/#organization\"}}]}\n\t\t<\/script>\n\t\t<!-- All in One SEO Pro -->\r\n\t\t<title>Explosiones cerca del Ministerio de Defensa y de la Embajada francesa en San\u00e1 - El Digital de Asturias<\/title>\n\n","aioseo_head_json":{"title":"Explosiones cerca del Ministerio de Defensa y de la Embajada francesa en San\u00e1 - El Digital de Asturias","description":"San\u00e1, 3 feb (EFE).- Una bomba explot\u00f3 anoche frente al complejo del Ministerio yemen\u00ed de Defensa, mientras que un ob\u00fas impacto cerca de la Embajada francesa en San\u00e1, sin causar v\u00edctimas, informaron hoy a Efe fuentes de seguridad yemen\u00edes. El estallido de la bomba provoc\u00f3 da\u00f1os materiales en las ventanas de la sede ministerial, que","canonical_url":"https:\/\/www.eldigitaldeasturias.com\/noticias\/explosiones-cerca-del-ministerio-de-defensa-y-de-la-embajada-francesa-en-sana\/","robots":"max-image-preview:large","keywords":"actualidad","webmasterTools":{"google-site-verification":"UA-38556648-1","msvalidate.01":"7dfe9f3f1b24437ab69f4f2559babe99","miscellaneous":""},"schema":{"@context":"https:\/\/schema.org","@graph":[{"@type":"BlogPosting","@id":"https:\/\/www.eldigitaldeasturias.com\/noticias\/explosiones-cerca-del-ministerio-de-defensa-y-de-la-embajada-francesa-en-sana\/#blogposting","name":"Explosiones cerca del Ministerio de Defensa y de la Embajada francesa en San\u00e1 - El Digital de Asturias","headline":"Explosiones cerca del Ministerio de Defensa y de la Embajada francesa en San\u00e1","author":{"@id":"https:\/\/www.eldigitaldeasturias.com\/noticias\/author\/admin\/#author"},"publisher":{"@id":"https:\/\/www.eldigitaldeasturias.com\/noticias\/#organization"},"image":{"@type":"ImageObject","url":482475},"datePublished":"2014-02-03T12:08:10+01:00","dateModified":"2014-02-03T12:08:10+01:00","inLanguage":"es-ES","mainEntityOfPage":{"@id":"https:\/\/www.eldigitaldeasturias.com\/noticias\/explosiones-cerca-del-ministerio-de-defensa-y-de-la-embajada-francesa-en-sana\/#webpage"},"isPartOf":{"@id":"https:\/\/www.eldigitaldeasturias.com\/noticias\/explosiones-cerca-del-ministerio-de-defensa-y-de-la-embajada-francesa-en-sana\/#webpage"},"articleSection":"Actualidad"},{"@type":"BreadcrumbList","@id":"https:\/\/www.eldigitaldeasturias.com\/noticias\/explosiones-cerca-del-ministerio-de-defensa-y-de-la-embajada-francesa-en-sana\/#breadcrumblist","itemListElement":[{"@type":"ListItem","@id":"https:\/\/www.eldigitaldeasturias.com\/noticias#listItem","position":1,"name":"Home","item":"https:\/\/www.eldigitaldeasturias.com\/noticias","nextItem":{"@type":"ListItem","@id":"https:\/\/www.eldigitaldeasturias.com\/noticias\/category\/actualidad\/#listItem","name":"Actualidad"}},{"@type":"ListItem","@id":"https:\/\/www.eldigitaldeasturias.com\/noticias\/category\/actualidad\/#listItem","position":2,"name":"Actualidad","item":"https:\/\/www.eldigitaldeasturias.com\/noticias\/category\/actualidad\/","nextItem":{"@type":"ListItem","@id":"https:\/\/www.eldigitaldeasturias.com\/noticias\/explosiones-cerca-del-ministerio-de-defensa-y-de-la-embajada-francesa-en-sana\/#listItem","name":"Explosiones cerca del Ministerio de Defensa y de la Embajada francesa en San\u00e1"},"previousItem":{"@type":"ListItem","@id":"https:\/\/www.eldigitaldeasturias.com\/noticias#listItem","name":"Home"}},{"@type":"ListItem","@id":"https:\/\/www.eldigitaldeasturias.com\/noticias\/explosiones-cerca-del-ministerio-de-defensa-y-de-la-embajada-francesa-en-sana\/#listItem","position":3,"name":"Explosiones cerca del Ministerio de Defensa y de la Embajada francesa en San\u00e1","previousItem":{"@type":"ListItem","@id":"https:\/\/www.eldigitaldeasturias.com\/noticias\/category\/actualidad\/#listItem","name":"Actualidad"}}]},{"@type":"Organization","@id":"https:\/\/www.eldigitaldeasturias.com\/noticias\/#organization","name":"El Digital de Asturias","description":"Hemeroteca","url":"https:\/\/www.eldigitaldeasturias.com\/noticias\/","email":"info@eldigitaldeasturias.com","telephone":"+34652131393","logo":{"@type":"ImageObject","url":"https:\/\/www.eldigitaldeasturias.com\/noticias\/wp-content\/uploads\/2020\/12\/EDA.jpg","@id":"https:\/\/www.eldigitaldeasturias.com\/noticias\/explosiones-cerca-del-ministerio-de-defensa-y-de-la-embajada-francesa-en-sana\/#organizationLogo"},"image":{"@id":"https:\/\/www.eldigitaldeasturias.com\/noticias\/explosiones-cerca-del-ministerio-de-defensa-y-de-la-embajada-francesa-en-sana\/#organizationLogo"},"sameAs":["https:\/\/facebook.com\/eldigitaldeasturias","https:\/\/www.youtube.com\/channel\/UCZP-2wLEB9Rv6erhFmqVnvg"],"address":{"@id":"https:\/\/www.eldigitaldeasturias.com\/noticias\/#postaladdress","@type":"PostalAddress","streetAddress":"san antonio 4","postalCode":"33430","addressLocality":"Cand\u00e1s","addressRegion":"Asturias","addressCountry":"ES"}},{"@type":"Person","@id":"https:\/\/www.eldigitaldeasturias.com\/noticias\/author\/admin\/#author","url":"https:\/\/www.eldigitaldeasturias.com\/noticias\/author\/admin\/","name":"El Digital de Asturias","image":{"@type":"ImageObject","@id":"https:\/\/www.eldigitaldeasturias.com\/noticias\/explosiones-cerca-del-ministerio-de-defensa-y-de-la-embajada-francesa-en-sana\/#authorImage","url":"https:\/\/secure.gravatar.com\/avatar\/df2aeffc32bcd13f8d26072ef8a91b623d677766deac7f97ca815868cd41bf5e?s=96&d=mm&r=g","width":96,"height":96,"caption":"El Digital de Asturias"}},{"@type":"WebPage","@id":"https:\/\/www.eldigitaldeasturias.com\/noticias\/explosiones-cerca-del-ministerio-de-defensa-y-de-la-embajada-francesa-en-sana\/#webpage","url":"https:\/\/www.eldigitaldeasturias.com\/noticias\/explosiones-cerca-del-ministerio-de-defensa-y-de-la-embajada-francesa-en-sana\/","name":"Explosiones cerca del Ministerio de Defensa y de la Embajada francesa en San\u00e1 - El Digital de Asturias","description":"San\u00e1, 3 feb (EFE).- Una bomba explot\u00f3 anoche frente al complejo del Ministerio yemen\u00ed de Defensa, mientras que un ob\u00fas impacto cerca de la Embajada francesa en San\u00e1, sin causar v\u00edctimas, informaron hoy a Efe fuentes de seguridad yemen\u00edes. El estallido de la bomba provoc\u00f3 da\u00f1os materiales en las ventanas de la sede ministerial, que","inLanguage":"es-ES","isPartOf":{"@id":"https:\/\/www.eldigitaldeasturias.com\/noticias\/#website"},"breadcrumb":{"@id":"https:\/\/www.eldigitaldeasturias.com\/noticias\/explosiones-cerca-del-ministerio-de-defensa-y-de-la-embajada-francesa-en-sana\/#breadcrumblist"},"author":{"@id":"https:\/\/www.eldigitaldeasturias.com\/noticias\/author\/admin\/#author"},"creator":{"@id":"https:\/\/www.eldigitaldeasturias.com\/noticias\/author\/admin\/#author"},"image":{"@type":"ImageObject","url":482475,"@id":"https:\/\/www.eldigitaldeasturias.com\/noticias\/explosiones-cerca-del-ministerio-de-defensa-y-de-la-embajada-francesa-en-sana\/#mainImage"},"primaryImageOfPage":{"@id":"https:\/\/www.eldigitaldeasturias.com\/noticias\/explosiones-cerca-del-ministerio-de-defensa-y-de-la-embajada-francesa-en-sana\/#mainImage"},"datePublished":"2014-02-03T12:08:10+01:00","dateModified":"2014-02-03T12:08:10+01:00"},{"@type":"WebSite","@id":"https:\/\/www.eldigitaldeasturias.com\/noticias\/#website","url":"https:\/\/www.eldigitaldeasturias.com\/noticias\/","name":"El Digital de Asturias - Diario de actualidad y noticias","alternateName":"El Digital de Asturias - Diario de actualidad y noticias","description":"Hemeroteca","inLanguage":"es-ES","publisher":{"@id":"https:\/\/www.eldigitaldeasturias.com\/noticias\/#organization"}}]},"og:locale":"es_ES","og:site_name":"El Digital de Asturias","og:type":"article","og:title":"Explosiones cerca del Ministerio de Defensa y de la Embajada francesa en San\u00e1 - El Digital de Asturias","og:description":"San\u00e1, 3 feb (EFE).- Una bomba explot\u00f3 anoche frente al complejo del Ministerio yemen\u00ed de Defensa, mientras que un ob\u00fas impacto cerca de la Embajada francesa en San\u00e1, sin causar v\u00edctimas, informaron hoy a Efe fuentes de seguridad yemen\u00edes. El estallido de la bomba provoc\u00f3 da\u00f1os materiales en las ventanas de la sede ministerial, que","og:url":"https:\/\/www.eldigitaldeasturias.com\/noticias\/explosiones-cerca-del-ministerio-de-defensa-y-de-la-embajada-francesa-en-sana\/","article:tag":["actualidad"],"article:published_time":"2014-02-03T13:08:10+00:00","article:modified_time":"2014-02-03T13:08:10+00:00","article:publisher":"https:\/\/facebook.com\/eldigitaldeasturias","twitter:card":"summary_large_image","twitter:title":"Explosiones cerca del Ministerio de Defensa y de la Embajada francesa en San\u00e1 - El Digital de Asturias","twitter:description":"San\u00e1, 3 feb (EFE).- Una bomba explot\u00f3 anoche frente al complejo del Ministerio yemen\u00ed de Defensa, mientras que un ob\u00fas impacto cerca de la Embajada francesa en San\u00e1, sin causar v\u00edctimas, informaron hoy a Efe fuentes de seguridad yemen\u00edes. El estallido de la bomba provoc\u00f3 da\u00f1os materiales en las ventanas de la sede ministerial, que","twitter:label1":"Escrito por","twitter:data1":"El Digital de Asturias","twitter:label2":"Tiempo de lectura estimado","twitter:data2":"1 minuto"},"aioseo_meta_data":{"post_id":"482474","title":null,"description":null,"keywords":null,"keyphrases":null,"primary_term":null,"canonical_url":null,"og_title":null,"og_description":null,"og_object_type":"default","og_image_type":"default","og_image_url":null,"og_image_width":null,"og_image_height":null,"og_image_custom_url":null,"og_image_custom_fields":null,"og_video":null,"og_custom_url":null,"og_article_section":null,"og_article_tags":null,"twitter_use_og":true,"twitter_card":"default","twitter_image_type":"default","twitter_image_url":null,"twitter_image_custom_url":null,"twitter_image_custom_fields":null,"twitter_title":null,"twitter_description":null,"schema":{"blockGraphs":[],"customGraphs":[],"default":{"data":{"Article":[],"Course":[],"Dataset":[],"FAQPage":[],"Movie":[],"Person":[],"Product":[],"ProductReview":[],"Car":[],"Recipe":[],"Service":[],"SoftwareApplication":[],"WebPage":[]},"graphName":"","isEnabled":true},"graphs":[],"defaultGraph":"","defaultPostTypeGraph":""},"schema_type":null,"schema_type_options":null,"pillar_content":false,"robots_default":true,"robots_noindex":false,"robots_noarchive":false,"robots_nosnippet":false,"robots_nofollow":false,"robots_noimageindex":false,"robots_noodp":false,"robots_notranslate":false,"robots_max_snippet":null,"robots_max_videopreview":null,"robots_max_imagepreview":"none","priority":null,"frequency":null,"local_seo":null,"seo_analyzer_scan_date":"2026-06-02 09:57:03","breadcrumb_settings":null,"limit_modified_date":false,"open_ai":null,"ai":null,"created":"2020-11-14 22:54:35","updated":"2026-06-02 09:57:03","focus_keyword":null,"additional_keywords":null,"truseo_locale":null},"aioseo_breadcrumb":"<div class=\"aioseo-breadcrumbs\"><span class=\"aioseo-breadcrumb\">\n\t<a href=\"https:\/\/www.eldigitaldeasturias.com\/noticias\" title=\"Home\">Home<\/a>\n<\/span><span class=\"aioseo-breadcrumb-separator\">\u2013<\/span><span class=\"aioseo-breadcrumb\">\n\t<a href=\"https:\/\/www.eldigitaldeasturias.com\/noticias\/category\/actualidad\/\" title=\"Actualidad\">Actualidad<\/a>\n<\/span><span class=\"aioseo-breadcrumb-separator\">\u2013<\/span><span class=\"aioseo-breadcrumb\">\n\t<a href=\"https:\/\/www.eldigitaldeasturias.com\/noticias\/explosiones-cerca-del-ministerio-de-defensa-y-de-la-embajada-francesa-en-sana\/\" title=\"Explosiones cerca del Ministerio de Defensa y de la Embajada francesa en San\u00e1\">Explosiones cerca del Ministerio de Defensa y de la Embajada francesa en San\u00e1<\/a>\n<\/span><\/div>","aioseo_breadcrumb_json":[{"label":"Home","link":"https:\/\/www.eldigitaldeasturias.com\/noticias"},{"label":"Actualidad","link":"https:\/\/www.eldigitaldeasturias.com\/noticias\/category\/actualidad\/"},{"label":"Explosiones cerca del Ministerio de Defensa y de la Embajada francesa en San\u00e1","link":"https:\/\/www.eldigitaldeasturias.com\/noticias\/explosiones-cerca-del-ministerio-de-defensa-y-de-la-embajada-francesa-en-sana\/"}],"_links":{"self":[{"href":"https:\/\/www.eldigitaldeasturias.com\/noticias\/wp-json\/wp\/v2\/posts\/482474","targetHints":{"allow":["GET"]}}],"collection":[{"href":"https:\/\/www.eldigitaldeasturias.com\/noticias\/wp-json\/wp\/v2\/posts"}],"about":[{"href":"https:\/\/www.eldigitaldeasturias.com\/noticias\/wp-json\/wp\/v2\/types\/post"}],"author":[{"embeddable":true,"href":"https:\/\/www.eldigitaldeasturias.com\/noticias\/wp-json\/wp\/v2\/users\/1"}],"replies":[{"embeddable":true,"href":"https:\/\/www.eldigitaldeasturias.com\/noticias\/wp-json\/wp\/v2\/comments?post=482474"}],"version-history":[{"count":0,"href":"https:\/\/www.eldigitaldeasturias.com\/noticias\/wp-json\/wp\/v2\/posts\/482474\/revisions"}],"wp:attachment":[{"href":"https:\/\/www.eldigitaldeasturias.com\/noticias\/wp-json\/wp\/v2\/media?parent=482474"}],"wp:term":[{"taxonomy":"category","embeddable":true,"href":"https:\/\/www.eldigitaldeasturias.com\/noticias\/wp-json\/wp\/v2\/categories?post=482474"},{"taxonomy":"post_tag","embeddable":true,"href":"https:\/\/www.eldigitaldeasturias.com\/noticias\/wp-json\/wp\/v2\/tags?post=482474"}],"curies":[{"name":"wp","href":"https:\/\/api.w.org\/{rel}","templated":true}]}}