{"id":482430,"date":"2014-02-03T00:22:25","date_gmt":"2014-02-03T01:22:25","guid":{"rendered":"http:\/\/www.eldigitaldeasturias.com\/noticias\/?p=482430"},"modified":"2014-02-03T00:22:25","modified_gmt":"2014-02-03T01:22:25","slug":"avianca-suspende-temporalmente-la-operacion-de-su-flota-de-aviones-fokker-50","status":"publish","type":"post","link":"https:\/\/www.eldigitaldeasturias.com\/noticias\/avianca-suspende-temporalmente-la-operacion-de-su-flota-de-aviones-fokker-50\/","title":{"rendered":"Avianca suspende temporalmente la operaci\u00f3n de su flota de aviones Fokker 50"},"content":{"rendered":"<p><img loading=\"lazy\" decoding=\"async\" class=\"alignleft size-medium wp-image-482431\" alt=\"5902175w\" src=\"https:\/\/www.eldigitaldeasturias.com\/noticias\/wp-content\/uploads\/2014\/02\/5902175w-360x236.jpg\" width=\"360\" height=\"236\" \/>Bogot\u00e1, 2 feb (EFE).- La compa\u00f1\u00eda colombiana Avianca suspendi\u00f3 de manera temporal la operaci\u00f3n de su flota de aviones Fokker 50 por razones de seguridad, inform\u00f3 hoy la aerol\u00ednea.<\/p>\n<p>La decisi\u00f3n se tom\u00f3 debido a un problema t\u00e9cnico que se present\u00f3 el pasado martes en uno de lo motores Pratt &amp; Whitney, de fabricaci\u00f3n canadiense, de un Fokker 50 antes del despegue para cubrir la ruta Cali-Tumaco, en el suroeste del pa\u00eds.<\/p>\n<p>Avianca inform\u00f3 de que ha realizado todas las inspecciones y procedimientos t\u00e9cnicos y de seguridad previstos en estos casos y no hay nada que indique que hay una probabilidad de que el incidente se repita.<\/p>\n<p>\u00abSin embargo, como medida de seguridad y de manera preventiva, en forma discrecional, Avianca ha tomado la decisi\u00f3n de parar temporalmente la operaci\u00f3n de la flota Fokker 50, mientras conjuntamente con el fabricante de los motores se establecen las causas del evento y se adoptan las medidas correctivas, en caso de que \u00e9stas sean necesarias\u00bb, se\u00f1al\u00f3 la empresa en un comunicado.<\/p>\n<p>Avianca est\u00e1 en un proceso de renovaci\u00f3n de su flota de aviones turboh\u00e9lice formada por cuatro Fokker 50 de fabricaci\u00f3n holandesa y cuatro ATR72-600, producidos en Francia e Italia, asignados a rutas de corto y medio alcance dentro de Colombia.<\/p>\n<p>Debido a la medida anterior, Avianca anunci\u00f3 a partir de hoy un ajuste en los itinerarios en los que se usan los Fokker 50 con el fin de \u00abminimizar el efecto en los viajeros y mantener el servicio a las regiones servidas con flota turboh\u00e9lice\u00bb.<\/p>\n<p>Las rutas afectadas ser\u00e1n atendidas con aviones ATR 72-600 y\/o con Airbus A320, agreg\u00f3 la empresa.<\/p>\n","protected":false},"excerpt":{"rendered":"<p>Bogot\u00e1, 2 feb (EFE).- La compa\u00f1\u00eda colombiana Avianca suspendi\u00f3 de manera temporal la operaci\u00f3n de su flota de aviones Fokker 50 por razones de seguridad, inform\u00f3 hoy la aerol\u00ednea. La decisi\u00f3n se tom\u00f3 debido a un problema t\u00e9cnico que se present\u00f3 el pasado martes en uno de lo motores Pratt &amp; Whitney, de fabricaci\u00f3n canadiense, [&hellip;]<\/p>\n","protected":false},"author":1,"featured_media":482431,"comment_status":"closed","ping_status":"open","sticky":false,"template":"","format":"standard","meta":{"footnotes":""},"categories":[1],"tags":[],"class_list":["post-482430","post","type-post","status-publish","format-standard","has-post-thumbnail","hentry","category-actualidad"],"aioseo_notices":[],"aioseo_head":"\n\t\t<!-- All in One SEO Pro 5.0.1 - aioseo.com -->\n\t<meta name=\"description\" content=\"Bogot\u00e1, 2 feb (EFE).- La compa\u00f1\u00eda colombiana Avianca suspendi\u00f3 de manera temporal la operaci\u00f3n de su flota de aviones Fokker 50 por razones de seguridad, inform\u00f3 hoy la aerol\u00ednea. La decisi\u00f3n se tom\u00f3 debido a un problema t\u00e9cnico que se present\u00f3 el pasado martes en uno de lo motores Pratt &amp; Whitney, de fabricaci\u00f3n canadiense,\" \/>\n\t<meta name=\"robots\" content=\"max-image-preview:large\" \/>\n\t<meta name=\"author\" content=\"El Digital de Asturias\"\/>\n\t<meta name=\"google-site-verification\" content=\"UA-38556648-1\" \/>\n\t<meta name=\"msvalidate.01\" content=\"7dfe9f3f1b24437ab69f4f2559babe99\" \/>\n\t<meta name=\"keywords\" content=\"actualidad\" \/>\n\t<link rel=\"canonical\" href=\"https:\/\/www.eldigitaldeasturias.com\/noticias\/avianca-suspende-temporalmente-la-operacion-de-su-flota-de-aviones-fokker-50\/\" \/>\n\t<meta name=\"generator\" content=\"All in One SEO Pro (AIOSEO) 5.0.1\" \/>\n\t\t<meta property=\"og:locale\" content=\"es_ES\" \/>\n\t\t<meta property=\"og:site_name\" content=\"El Digital de Asturias\" \/>\n\t\t<meta property=\"og:type\" content=\"article\" \/>\n\t\t<meta property=\"og:title\" content=\"Avianca suspende temporalmente la operaci\u00f3n de su flota de aviones Fokker 50 - El Digital de Asturias\" \/>\n\t\t<meta property=\"og:description\" content=\"Bogot\u00e1, 2 feb (EFE).- La compa\u00f1\u00eda colombiana Avianca suspendi\u00f3 de manera temporal la operaci\u00f3n de su flota de aviones Fokker 50 por razones de seguridad, inform\u00f3 hoy la aerol\u00ednea. La decisi\u00f3n se tom\u00f3 debido a un problema t\u00e9cnico que se present\u00f3 el pasado martes en uno de lo motores Pratt &amp; Whitney, de fabricaci\u00f3n canadiense,\" \/>\n\t\t<meta property=\"og:url\" content=\"https:\/\/www.eldigitaldeasturias.com\/noticias\/avianca-suspende-temporalmente-la-operacion-de-su-flota-de-aviones-fokker-50\/\" \/>\n\t\t<meta property=\"article:tag\" content=\"actualidad\" \/>\n\t\t<meta property=\"article:published_time\" content=\"2014-02-03T01:22:25+00:00\" \/>\n\t\t<meta property=\"article:modified_time\" content=\"2014-02-03T01:22:25+00:00\" \/>\n\t\t<meta property=\"article:publisher\" content=\"https:\/\/facebook.com\/eldigitaldeasturias\" \/>\n\t\t<meta name=\"twitter:card\" content=\"summary_large_image\" \/>\n\t\t<meta name=\"twitter:title\" content=\"Avianca suspende temporalmente la operaci\u00f3n de su flota de aviones Fokker 50 - El Digital de Asturias\" \/>\n\t\t<meta name=\"twitter:description\" content=\"Bogot\u00e1, 2 feb (EFE).- La compa\u00f1\u00eda colombiana Avianca suspendi\u00f3 de manera temporal la operaci\u00f3n de su flota de aviones Fokker 50 por razones de seguridad, inform\u00f3 hoy la aerol\u00ednea. La decisi\u00f3n se tom\u00f3 debido a un problema t\u00e9cnico que se present\u00f3 el pasado martes en uno de lo motores Pratt &amp; Whitney, de fabricaci\u00f3n canadiense,\" \/>\n\t\t<meta name=\"twitter:label1\" content=\"Escrito por\" \/>\n\t\t<meta name=\"twitter:data1\" content=\"El Digital de Asturias\" \/>\n\t\t<meta name=\"twitter:label2\" content=\"Tiempo de lectura estimado\" \/>\n\t\t<meta name=\"twitter:data2\" content=\"1 minuto\" \/>\n\t\t<script type=\"application\/ld+json\" class=\"aioseo-schema\">\n\t\t\t{\"@context\":\"https:\\\/\\\/schema.org\",\"@graph\":[{\"@type\":\"BlogPosting\",\"@id\":\"https:\\\/\\\/www.eldigitaldeasturias.com\\\/noticias\\\/avianca-suspende-temporalmente-la-operacion-de-su-flota-de-aviones-fokker-50\\\/#blogposting\",\"name\":\"Avianca suspende temporalmente la operaci\\u00f3n de su flota de aviones Fokker 50 - El Digital de Asturias\",\"headline\":\"Avianca suspende temporalmente la operaci\\u00f3n de su flota de aviones Fokker 50\",\"author\":{\"@id\":\"https:\\\/\\\/www.eldigitaldeasturias.com\\\/noticias\\\/author\\\/admin\\\/#author\"},\"publisher\":{\"@id\":\"https:\\\/\\\/www.eldigitaldeasturias.com\\\/noticias\\\/#organization\"},\"image\":{\"@type\":\"ImageObject\",\"url\":482431},\"datePublished\":\"2014-02-03T00:22:25+01:00\",\"dateModified\":\"2014-02-03T00:22:25+01:00\",\"inLanguage\":\"es-ES\",\"mainEntityOfPage\":{\"@id\":\"https:\\\/\\\/www.eldigitaldeasturias.com\\\/noticias\\\/avianca-suspende-temporalmente-la-operacion-de-su-flota-de-aviones-fokker-50\\\/#webpage\"},\"isPartOf\":{\"@id\":\"https:\\\/\\\/www.eldigitaldeasturias.com\\\/noticias\\\/avianca-suspende-temporalmente-la-operacion-de-su-flota-de-aviones-fokker-50\\\/#webpage\"},\"articleSection\":\"Actualidad\"},{\"@type\":\"BreadcrumbList\",\"@id\":\"https:\\\/\\\/www.eldigitaldeasturias.com\\\/noticias\\\/avianca-suspende-temporalmente-la-operacion-de-su-flota-de-aviones-fokker-50\\\/#breadcrumblist\",\"itemListElement\":[{\"@type\":\"ListItem\",\"@id\":\"https:\\\/\\\/www.eldigitaldeasturias.com\\\/noticias#listItem\",\"position\":1,\"name\":\"Home\",\"item\":\"https:\\\/\\\/www.eldigitaldeasturias.com\\\/noticias\",\"nextItem\":{\"@type\":\"ListItem\",\"@id\":\"https:\\\/\\\/www.eldigitaldeasturias.com\\\/noticias\\\/category\\\/actualidad\\\/#listItem\",\"name\":\"Actualidad\"}},{\"@type\":\"ListItem\",\"@id\":\"https:\\\/\\\/www.eldigitaldeasturias.com\\\/noticias\\\/category\\\/actualidad\\\/#listItem\",\"position\":2,\"name\":\"Actualidad\",\"item\":\"https:\\\/\\\/www.eldigitaldeasturias.com\\\/noticias\\\/category\\\/actualidad\\\/\",\"nextItem\":{\"@type\":\"ListItem\",\"@id\":\"https:\\\/\\\/www.eldigitaldeasturias.com\\\/noticias\\\/avianca-suspende-temporalmente-la-operacion-de-su-flota-de-aviones-fokker-50\\\/#listItem\",\"name\":\"Avianca suspende temporalmente la operaci\\u00f3n de su flota de aviones Fokker 50\"},\"previousItem\":{\"@type\":\"ListItem\",\"@id\":\"https:\\\/\\\/www.eldigitaldeasturias.com\\\/noticias#listItem\",\"name\":\"Home\"}},{\"@type\":\"ListItem\",\"@id\":\"https:\\\/\\\/www.eldigitaldeasturias.com\\\/noticias\\\/avianca-suspende-temporalmente-la-operacion-de-su-flota-de-aviones-fokker-50\\\/#listItem\",\"position\":3,\"name\":\"Avianca suspende temporalmente la operaci\\u00f3n de su flota de aviones Fokker 50\",\"previousItem\":{\"@type\":\"ListItem\",\"@id\":\"https:\\\/\\\/www.eldigitaldeasturias.com\\\/noticias\\\/category\\\/actualidad\\\/#listItem\",\"name\":\"Actualidad\"}}]},{\"@type\":\"Organization\",\"@id\":\"https:\\\/\\\/www.eldigitaldeasturias.com\\\/noticias\\\/#organization\",\"name\":\"El Digital de Asturias\",\"description\":\"Hemeroteca\",\"url\":\"https:\\\/\\\/www.eldigitaldeasturias.com\\\/noticias\\\/\",\"email\":\"info@eldigitaldeasturias.com\",\"telephone\":\"+34652131393\",\"logo\":{\"@type\":\"ImageObject\",\"url\":\"https:\\\/\\\/www.eldigitaldeasturias.com\\\/noticias\\\/wp-content\\\/uploads\\\/2020\\\/12\\\/EDA.jpg\",\"@id\":\"https:\\\/\\\/www.eldigitaldeasturias.com\\\/noticias\\\/avianca-suspende-temporalmente-la-operacion-de-su-flota-de-aviones-fokker-50\\\/#organizationLogo\"},\"image\":{\"@id\":\"https:\\\/\\\/www.eldigitaldeasturias.com\\\/noticias\\\/avianca-suspende-temporalmente-la-operacion-de-su-flota-de-aviones-fokker-50\\\/#organizationLogo\"},\"sameAs\":[\"https:\\\/\\\/facebook.com\\\/eldigitaldeasturias\",\"https:\\\/\\\/www.youtube.com\\\/channel\\\/UCZP-2wLEB9Rv6erhFmqVnvg\"],\"address\":{\"@id\":\"https:\\\/\\\/www.eldigitaldeasturias.com\\\/noticias\\\/#postaladdress\",\"@type\":\"PostalAddress\",\"streetAddress\":\"san antonio 4\",\"postalCode\":\"33430\",\"addressLocality\":\"Cand\\u00e1s\",\"addressRegion\":\"Asturias\",\"addressCountry\":\"ES\"}},{\"@type\":\"Person\",\"@id\":\"https:\\\/\\\/www.eldigitaldeasturias.com\\\/noticias\\\/author\\\/admin\\\/#author\",\"url\":\"https:\\\/\\\/www.eldigitaldeasturias.com\\\/noticias\\\/author\\\/admin\\\/\",\"name\":\"El Digital de Asturias\",\"image\":{\"@type\":\"ImageObject\",\"@id\":\"https:\\\/\\\/www.eldigitaldeasturias.com\\\/noticias\\\/avianca-suspende-temporalmente-la-operacion-de-su-flota-de-aviones-fokker-50\\\/#authorImage\",\"url\":\"https:\\\/\\\/secure.gravatar.com\\\/avatar\\\/df2aeffc32bcd13f8d26072ef8a91b623d677766deac7f97ca815868cd41bf5e?s=96&d=mm&r=g\",\"width\":96,\"height\":96,\"caption\":\"El Digital de Asturias\"}},{\"@type\":\"WebPage\",\"@id\":\"https:\\\/\\\/www.eldigitaldeasturias.com\\\/noticias\\\/avianca-suspende-temporalmente-la-operacion-de-su-flota-de-aviones-fokker-50\\\/#webpage\",\"url\":\"https:\\\/\\\/www.eldigitaldeasturias.com\\\/noticias\\\/avianca-suspende-temporalmente-la-operacion-de-su-flota-de-aviones-fokker-50\\\/\",\"name\":\"Avianca suspende temporalmente la operaci\\u00f3n de su flota de aviones Fokker 50 - El Digital de Asturias\",\"description\":\"Bogot\\u00e1, 2 feb (EFE).- La compa\\u00f1\\u00eda colombiana Avianca suspendi\\u00f3 de manera temporal la operaci\\u00f3n de su flota de aviones Fokker 50 por razones de seguridad, inform\\u00f3 hoy la aerol\\u00ednea. La decisi\\u00f3n se tom\\u00f3 debido a un problema t\\u00e9cnico que se present\\u00f3 el pasado martes en uno de lo motores Pratt & Whitney, de fabricaci\\u00f3n canadiense,\",\"inLanguage\":\"es-ES\",\"isPartOf\":{\"@id\":\"https:\\\/\\\/www.eldigitaldeasturias.com\\\/noticias\\\/#website\"},\"breadcrumb\":{\"@id\":\"https:\\\/\\\/www.eldigitaldeasturias.com\\\/noticias\\\/avianca-suspende-temporalmente-la-operacion-de-su-flota-de-aviones-fokker-50\\\/#breadcrumblist\"},\"author\":{\"@id\":\"https:\\\/\\\/www.eldigitaldeasturias.com\\\/noticias\\\/author\\\/admin\\\/#author\"},\"creator\":{\"@id\":\"https:\\\/\\\/www.eldigitaldeasturias.com\\\/noticias\\\/author\\\/admin\\\/#author\"},\"image\":{\"@type\":\"ImageObject\",\"url\":482431,\"@id\":\"https:\\\/\\\/www.eldigitaldeasturias.com\\\/noticias\\\/avianca-suspende-temporalmente-la-operacion-de-su-flota-de-aviones-fokker-50\\\/#mainImage\"},\"primaryImageOfPage\":{\"@id\":\"https:\\\/\\\/www.eldigitaldeasturias.com\\\/noticias\\\/avianca-suspende-temporalmente-la-operacion-de-su-flota-de-aviones-fokker-50\\\/#mainImage\"},\"datePublished\":\"2014-02-03T00:22:25+01:00\",\"dateModified\":\"2014-02-03T00:22:25+01:00\"},{\"@type\":\"WebSite\",\"@id\":\"https:\\\/\\\/www.eldigitaldeasturias.com\\\/noticias\\\/#website\",\"url\":\"https:\\\/\\\/www.eldigitaldeasturias.com\\\/noticias\\\/\",\"name\":\"El Digital de Asturias - Diario de actualidad y noticias\",\"alternateName\":\"El Digital de Asturias - Diario de actualidad y noticias\",\"description\":\"Hemeroteca\",\"inLanguage\":\"es-ES\",\"publisher\":{\"@id\":\"https:\\\/\\\/www.eldigitaldeasturias.com\\\/noticias\\\/#organization\"}}]}\n\t\t<\/script>\n\t\t<!-- All in One SEO Pro -->\r\n\t\t<title>Avianca suspende temporalmente la operaci\u00f3n de su flota de aviones Fokker 50 - El Digital de Asturias<\/title>\n\n","aioseo_head_json":{"title":"Avianca suspende temporalmente la operaci\u00f3n de su flota de aviones Fokker 50 - El Digital de Asturias","description":"Bogot\u00e1, 2 feb (EFE).- La compa\u00f1\u00eda colombiana Avianca suspendi\u00f3 de manera temporal la operaci\u00f3n de su flota de aviones Fokker 50 por razones de seguridad, inform\u00f3 hoy la aerol\u00ednea. La decisi\u00f3n se tom\u00f3 debido a un problema t\u00e9cnico que se present\u00f3 el pasado martes en uno de lo motores Pratt & Whitney, de fabricaci\u00f3n canadiense,","canonical_url":"https:\/\/www.eldigitaldeasturias.com\/noticias\/avianca-suspende-temporalmente-la-operacion-de-su-flota-de-aviones-fokker-50\/","robots":"max-image-preview:large","keywords":"actualidad","webmasterTools":{"google-site-verification":"UA-38556648-1","msvalidate.01":"7dfe9f3f1b24437ab69f4f2559babe99","miscellaneous":""},"schema":{"@context":"https:\/\/schema.org","@graph":[{"@type":"BlogPosting","@id":"https:\/\/www.eldigitaldeasturias.com\/noticias\/avianca-suspende-temporalmente-la-operacion-de-su-flota-de-aviones-fokker-50\/#blogposting","name":"Avianca suspende temporalmente la operaci\u00f3n de su flota de aviones Fokker 50 - El Digital de Asturias","headline":"Avianca suspende temporalmente la operaci\u00f3n de su flota de aviones Fokker 50","author":{"@id":"https:\/\/www.eldigitaldeasturias.com\/noticias\/author\/admin\/#author"},"publisher":{"@id":"https:\/\/www.eldigitaldeasturias.com\/noticias\/#organization"},"image":{"@type":"ImageObject","url":482431},"datePublished":"2014-02-03T00:22:25+01:00","dateModified":"2014-02-03T00:22:25+01:00","inLanguage":"es-ES","mainEntityOfPage":{"@id":"https:\/\/www.eldigitaldeasturias.com\/noticias\/avianca-suspende-temporalmente-la-operacion-de-su-flota-de-aviones-fokker-50\/#webpage"},"isPartOf":{"@id":"https:\/\/www.eldigitaldeasturias.com\/noticias\/avianca-suspende-temporalmente-la-operacion-de-su-flota-de-aviones-fokker-50\/#webpage"},"articleSection":"Actualidad"},{"@type":"BreadcrumbList","@id":"https:\/\/www.eldigitaldeasturias.com\/noticias\/avianca-suspende-temporalmente-la-operacion-de-su-flota-de-aviones-fokker-50\/#breadcrumblist","itemListElement":[{"@type":"ListItem","@id":"https:\/\/www.eldigitaldeasturias.com\/noticias#listItem","position":1,"name":"Home","item":"https:\/\/www.eldigitaldeasturias.com\/noticias","nextItem":{"@type":"ListItem","@id":"https:\/\/www.eldigitaldeasturias.com\/noticias\/category\/actualidad\/#listItem","name":"Actualidad"}},{"@type":"ListItem","@id":"https:\/\/www.eldigitaldeasturias.com\/noticias\/category\/actualidad\/#listItem","position":2,"name":"Actualidad","item":"https:\/\/www.eldigitaldeasturias.com\/noticias\/category\/actualidad\/","nextItem":{"@type":"ListItem","@id":"https:\/\/www.eldigitaldeasturias.com\/noticias\/avianca-suspende-temporalmente-la-operacion-de-su-flota-de-aviones-fokker-50\/#listItem","name":"Avianca suspende temporalmente la operaci\u00f3n de su flota de aviones Fokker 50"},"previousItem":{"@type":"ListItem","@id":"https:\/\/www.eldigitaldeasturias.com\/noticias#listItem","name":"Home"}},{"@type":"ListItem","@id":"https:\/\/www.eldigitaldeasturias.com\/noticias\/avianca-suspende-temporalmente-la-operacion-de-su-flota-de-aviones-fokker-50\/#listItem","position":3,"name":"Avianca suspende temporalmente la operaci\u00f3n de su flota de aviones Fokker 50","previousItem":{"@type":"ListItem","@id":"https:\/\/www.eldigitaldeasturias.com\/noticias\/category\/actualidad\/#listItem","name":"Actualidad"}}]},{"@type":"Organization","@id":"https:\/\/www.eldigitaldeasturias.com\/noticias\/#organization","name":"El Digital de Asturias","description":"Hemeroteca","url":"https:\/\/www.eldigitaldeasturias.com\/noticias\/","email":"info@eldigitaldeasturias.com","telephone":"+34652131393","logo":{"@type":"ImageObject","url":"https:\/\/www.eldigitaldeasturias.com\/noticias\/wp-content\/uploads\/2020\/12\/EDA.jpg","@id":"https:\/\/www.eldigitaldeasturias.com\/noticias\/avianca-suspende-temporalmente-la-operacion-de-su-flota-de-aviones-fokker-50\/#organizationLogo"},"image":{"@id":"https:\/\/www.eldigitaldeasturias.com\/noticias\/avianca-suspende-temporalmente-la-operacion-de-su-flota-de-aviones-fokker-50\/#organizationLogo"},"sameAs":["https:\/\/facebook.com\/eldigitaldeasturias","https:\/\/www.youtube.com\/channel\/UCZP-2wLEB9Rv6erhFmqVnvg"],"address":{"@id":"https:\/\/www.eldigitaldeasturias.com\/noticias\/#postaladdress","@type":"PostalAddress","streetAddress":"san antonio 4","postalCode":"33430","addressLocality":"Cand\u00e1s","addressRegion":"Asturias","addressCountry":"ES"}},{"@type":"Person","@id":"https:\/\/www.eldigitaldeasturias.com\/noticias\/author\/admin\/#author","url":"https:\/\/www.eldigitaldeasturias.com\/noticias\/author\/admin\/","name":"El Digital de Asturias","image":{"@type":"ImageObject","@id":"https:\/\/www.eldigitaldeasturias.com\/noticias\/avianca-suspende-temporalmente-la-operacion-de-su-flota-de-aviones-fokker-50\/#authorImage","url":"https:\/\/secure.gravatar.com\/avatar\/df2aeffc32bcd13f8d26072ef8a91b623d677766deac7f97ca815868cd41bf5e?s=96&d=mm&r=g","width":96,"height":96,"caption":"El Digital de Asturias"}},{"@type":"WebPage","@id":"https:\/\/www.eldigitaldeasturias.com\/noticias\/avianca-suspende-temporalmente-la-operacion-de-su-flota-de-aviones-fokker-50\/#webpage","url":"https:\/\/www.eldigitaldeasturias.com\/noticias\/avianca-suspende-temporalmente-la-operacion-de-su-flota-de-aviones-fokker-50\/","name":"Avianca suspende temporalmente la operaci\u00f3n de su flota de aviones Fokker 50 - El Digital de Asturias","description":"Bogot\u00e1, 2 feb (EFE).- La compa\u00f1\u00eda colombiana Avianca suspendi\u00f3 de manera temporal la operaci\u00f3n de su flota de aviones Fokker 50 por razones de seguridad, inform\u00f3 hoy la aerol\u00ednea. La decisi\u00f3n se tom\u00f3 debido a un problema t\u00e9cnico que se present\u00f3 el pasado martes en uno de lo motores Pratt & Whitney, de fabricaci\u00f3n canadiense,","inLanguage":"es-ES","isPartOf":{"@id":"https:\/\/www.eldigitaldeasturias.com\/noticias\/#website"},"breadcrumb":{"@id":"https:\/\/www.eldigitaldeasturias.com\/noticias\/avianca-suspende-temporalmente-la-operacion-de-su-flota-de-aviones-fokker-50\/#breadcrumblist"},"author":{"@id":"https:\/\/www.eldigitaldeasturias.com\/noticias\/author\/admin\/#author"},"creator":{"@id":"https:\/\/www.eldigitaldeasturias.com\/noticias\/author\/admin\/#author"},"image":{"@type":"ImageObject","url":482431,"@id":"https:\/\/www.eldigitaldeasturias.com\/noticias\/avianca-suspende-temporalmente-la-operacion-de-su-flota-de-aviones-fokker-50\/#mainImage"},"primaryImageOfPage":{"@id":"https:\/\/www.eldigitaldeasturias.com\/noticias\/avianca-suspende-temporalmente-la-operacion-de-su-flota-de-aviones-fokker-50\/#mainImage"},"datePublished":"2014-02-03T00:22:25+01:00","dateModified":"2014-02-03T00:22:25+01:00"},{"@type":"WebSite","@id":"https:\/\/www.eldigitaldeasturias.com\/noticias\/#website","url":"https:\/\/www.eldigitaldeasturias.com\/noticias\/","name":"El Digital de Asturias - Diario de actualidad y noticias","alternateName":"El Digital de Asturias - Diario de actualidad y noticias","description":"Hemeroteca","inLanguage":"es-ES","publisher":{"@id":"https:\/\/www.eldigitaldeasturias.com\/noticias\/#organization"}}]},"og:locale":"es_ES","og:site_name":"El Digital de Asturias","og:type":"article","og:title":"Avianca suspende temporalmente la operaci\u00f3n de su flota de aviones Fokker 50 - El Digital de Asturias","og:description":"Bogot\u00e1, 2 feb (EFE).- La compa\u00f1\u00eda colombiana Avianca suspendi\u00f3 de manera temporal la operaci\u00f3n de su flota de aviones Fokker 50 por razones de seguridad, inform\u00f3 hoy la aerol\u00ednea. La decisi\u00f3n se tom\u00f3 debido a un problema t\u00e9cnico que se present\u00f3 el pasado martes en uno de lo motores Pratt &amp; Whitney, de fabricaci\u00f3n canadiense,","og:url":"https:\/\/www.eldigitaldeasturias.com\/noticias\/avianca-suspende-temporalmente-la-operacion-de-su-flota-de-aviones-fokker-50\/","article:tag":["actualidad"],"article:published_time":"2014-02-03T01:22:25+00:00","article:modified_time":"2014-02-03T01:22:25+00:00","article:publisher":"https:\/\/facebook.com\/eldigitaldeasturias","twitter:card":"summary_large_image","twitter:title":"Avianca suspende temporalmente la operaci\u00f3n de su flota de aviones Fokker 50 - El Digital de Asturias","twitter:description":"Bogot\u00e1, 2 feb (EFE).- La compa\u00f1\u00eda colombiana Avianca suspendi\u00f3 de manera temporal la operaci\u00f3n de su flota de aviones Fokker 50 por razones de seguridad, inform\u00f3 hoy la aerol\u00ednea. La decisi\u00f3n se tom\u00f3 debido a un problema t\u00e9cnico que se present\u00f3 el pasado martes en uno de lo motores Pratt &amp; Whitney, de fabricaci\u00f3n canadiense,","twitter:label1":"Escrito por","twitter:data1":"El Digital de Asturias","twitter:label2":"Tiempo de lectura estimado","twitter:data2":"1 minuto"},"aioseo_meta_data":{"post_id":"482430","title":null,"description":null,"keywords":null,"keyphrases":null,"primary_term":null,"canonical_url":null,"og_title":null,"og_description":null,"og_object_type":"default","og_image_type":"default","og_image_url":null,"og_image_width":null,"og_image_height":null,"og_image_custom_url":null,"og_image_custom_fields":null,"og_video":null,"og_custom_url":null,"og_article_section":null,"og_article_tags":null,"twitter_use_og":true,"twitter_card":"default","twitter_image_type":"default","twitter_image_url":null,"twitter_image_custom_url":null,"twitter_image_custom_fields":null,"twitter_title":null,"twitter_description":null,"schema":{"blockGraphs":[],"customGraphs":[],"default":{"data":{"Article":[],"Course":[],"Dataset":[],"FAQPage":[],"Movie":[],"Person":[],"Product":[],"ProductReview":[],"Car":[],"Recipe":[],"Service":[],"SoftwareApplication":[],"WebPage":[]},"graphName":"","isEnabled":true},"graphs":[],"defaultGraph":"","defaultPostTypeGraph":""},"schema_type":null,"schema_type_options":null,"pillar_content":false,"robots_default":true,"robots_noindex":false,"robots_noarchive":false,"robots_nosnippet":false,"robots_nofollow":false,"robots_noimageindex":false,"robots_noodp":false,"robots_notranslate":false,"robots_max_snippet":null,"robots_max_videopreview":null,"robots_max_imagepreview":"none","priority":null,"frequency":null,"local_seo":null,"seo_analyzer_scan_date":"2026-06-02 09:47:59","breadcrumb_settings":null,"limit_modified_date":false,"open_ai":null,"ai":null,"created":"2020-11-14 22:54:35","updated":"2026-06-02 09:47:59","focus_keyword":null,"additional_keywords":null,"truseo_locale":null},"aioseo_breadcrumb":"<div class=\"aioseo-breadcrumbs\"><span class=\"aioseo-breadcrumb\">\n\t<a href=\"https:\/\/www.eldigitaldeasturias.com\/noticias\" title=\"Home\">Home<\/a>\n<\/span><span class=\"aioseo-breadcrumb-separator\">\u2013<\/span><span class=\"aioseo-breadcrumb\">\n\t<a href=\"https:\/\/www.eldigitaldeasturias.com\/noticias\/category\/actualidad\/\" title=\"Actualidad\">Actualidad<\/a>\n<\/span><span class=\"aioseo-breadcrumb-separator\">\u2013<\/span><span class=\"aioseo-breadcrumb\">\n\t<a href=\"https:\/\/www.eldigitaldeasturias.com\/noticias\/avianca-suspende-temporalmente-la-operacion-de-su-flota-de-aviones-fokker-50\/\" title=\"Avianca suspende temporalmente la operaci\u00f3n de su flota de aviones Fokker 50\">Avianca suspende temporalmente la operaci\u00f3n de su flota de aviones Fokker 50<\/a>\n<\/span><\/div>","aioseo_breadcrumb_json":[{"label":"Home","link":"https:\/\/www.eldigitaldeasturias.com\/noticias"},{"label":"Actualidad","link":"https:\/\/www.eldigitaldeasturias.com\/noticias\/category\/actualidad\/"},{"label":"Avianca suspende temporalmente la operaci\u00f3n de su flota de aviones Fokker 50","link":"https:\/\/www.eldigitaldeasturias.com\/noticias\/avianca-suspende-temporalmente-la-operacion-de-su-flota-de-aviones-fokker-50\/"}],"_links":{"self":[{"href":"https:\/\/www.eldigitaldeasturias.com\/noticias\/wp-json\/wp\/v2\/posts\/482430","targetHints":{"allow":["GET"]}}],"collection":[{"href":"https:\/\/www.eldigitaldeasturias.com\/noticias\/wp-json\/wp\/v2\/posts"}],"about":[{"href":"https:\/\/www.eldigitaldeasturias.com\/noticias\/wp-json\/wp\/v2\/types\/post"}],"author":[{"embeddable":true,"href":"https:\/\/www.eldigitaldeasturias.com\/noticias\/wp-json\/wp\/v2\/users\/1"}],"replies":[{"embeddable":true,"href":"https:\/\/www.eldigitaldeasturias.com\/noticias\/wp-json\/wp\/v2\/comments?post=482430"}],"version-history":[{"count":0,"href":"https:\/\/www.eldigitaldeasturias.com\/noticias\/wp-json\/wp\/v2\/posts\/482430\/revisions"}],"wp:attachment":[{"href":"https:\/\/www.eldigitaldeasturias.com\/noticias\/wp-json\/wp\/v2\/media?parent=482430"}],"wp:term":[{"taxonomy":"category","embeddable":true,"href":"https:\/\/www.eldigitaldeasturias.com\/noticias\/wp-json\/wp\/v2\/categories?post=482430"},{"taxonomy":"post_tag","embeddable":true,"href":"https:\/\/www.eldigitaldeasturias.com\/noticias\/wp-json\/wp\/v2\/tags?post=482430"}],"curies":[{"name":"wp","href":"https:\/\/api.w.org\/{rel}","templated":true}]}}