{"id":482427,"date":"2014-02-03T00:21:20","date_gmt":"2014-02-03T01:21:20","guid":{"rendered":"http:\/\/www.eldigitaldeasturias.com\/noticias\/?p=482427"},"modified":"2014-02-03T00:21:20","modified_gmt":"2014-02-03T01:21:20","slug":"cautela-del-oficialista-y-optimismo-del-opositor-marcan-las-elecciones-salvadorenas","status":"publish","type":"post","link":"https:\/\/www.eldigitaldeasturias.com\/noticias\/cautela-del-oficialista-y-optimismo-del-opositor-marcan-las-elecciones-salvadorenas\/","title":{"rendered":"Cautela del oficialista y optimismo del opositor marcan las elecciones salvadore\u00f1as"},"content":{"rendered":"<p><img loading=\"lazy\" decoding=\"async\" class=\"alignleft size-medium wp-image-482428\" alt=\"5901500w\" src=\"https:\/\/www.eldigitaldeasturias.com\/noticias\/wp-content\/uploads\/2014\/02\/5901500w-360x237.jpg\" width=\"360\" height=\"237\" \/>San Salvador, 2 feb (EFE).- La tranquilidad ha predominado hoy en las elecciones presidenciales en El Salvador, en las que la cautela del candidato oficialista, Salvador S\u00e1nchez Cer\u00e9n, ante el triunfo ha contrastado con la seguridad del opositor Norman Quijano.<\/p>\n<p>\u00abMa\u00f1ana amanecemos como presidente de la Rep\u00fablica\u00bb en virtud de \u00abeste triunfo que nos pertenece\u00bb, sentenci\u00f3 Quijano, de Alianza Republicana Nacionalista (ARENA, derecha), en declaraciones a periodistas.<\/p>\n<p>En la medida en que la votaci\u00f3n sea masiva, \u00abnos alzar\u00edamos con una victoria en primera vuelta\u00bb, sostuvo Quijano, alcalde de San Salvador.<\/p>\n<p>\u00abYo estoy claro de que puedo ganar, es un escenario, o puede hacerse una segunda vuelta\u00bb, manifest\u00f3 por su parte S\u00e1nchez Cer\u00e9n, del gobernante Frente Farabundo Mart\u00ed para la Liberaci\u00f3n Nacional (FMLN), en una entrevista con Telecorporaci\u00f3n Salvadore\u00f1a.<\/p>\n<p>\u00abNo puedo predecir cu\u00e1les van a ser los resultados porque eso es voluntad del pueblo salvadore\u00f1o\u00bb, puntualiz\u00f3 S\u00e1nchez Cer\u00e9n, actual vicepresidente del pa\u00eds, quien busca mantener al FMLN en el poder que logr\u00f3 por primera vez con el actual presidente, Mauricio Funes.<\/p>\n<p>Pese a su cautela, S\u00e1nchez Cer\u00e9n afirm\u00f3 a los periodistas despu\u00e9s de votar que si gana har\u00e1 \u00abun Gobierno del pueblo y para el pueblo\u00bb, mientras que Quijano dijo estar \u00abconvencido de que (su Gobierno) va a ser el mejor\u00bb.<\/p>\n<p>Las \u00faltimas encuestas, publicadas a mediados de enero, dieron una ventaja de S\u00e1nchez Cer\u00e9n sobre Quijano en la intenci\u00f3n de voto, unas con amplio margen y otras tan estrecho que roz\u00f3 en el empate t\u00e9cnico, y s\u00f3lo una favoreci\u00f3 al candidato opositor.<\/p>\n<p>Sin embargo, las encuestas tambi\u00e9n anticiparon que podr\u00eda haber una segunda vuelta porque ni S\u00e1nchez Cer\u00e9n ni Quijano alcanzar\u00edan la mitad m\u00e1s uno de los votos para ganar este domingo.<\/p>\n<p>En tercer lugar se ubica el expresidente El\u00edas Antonio Saca (2004-2009), del movimiento Unidad, quien hoy dijo estar \u00aboptimista\u00bb y augur\u00f3: \u00abVamos a una segunda vuelta\u00bb, en la que ganar\u00e1.<\/p>\n<p>Tambi\u00e9n en estos comicios participan Oscar Lemus y Ren\u00e9 Rodr\u00edguez, de Fraternidad Patriota Salvadore\u00f1a y del Partido Salvadore\u00f1o Progresista, respectivamente, ambos minoritarios.<\/p>\n<p>Pasadas las primeras horas de votaci\u00f3n, que comenzaron a las 7.00, hora local (13.00 GMT), autoridades, candidatos y observadores han coincidido en que el proceso marcha con tranquilidad, aunque han habido algunos hechos menores y aislados.<\/p>\n<p>\u00abEl ambiente est\u00e1 tranquilo, no tenemos incidentes que lamentar (&#8230;), no hay zozobra\u00bb, declar\u00f3 a periodistas el presidente salvadore\u00f1o, Mauricio Funes, tras ejercer el sufragio en el recinto de ferias de San Salvador.<\/p>\n<p>El presidente del Tribunal Supremo Electoral (TSE), Eugenio Chicas; el fiscal general, Luis Mart\u00ednez, y el ministro de Defensa, David Mungu\u00eda Pay\u00e9s, se\u00f1alaron por separado que no tienen reportes de hechos de gravedad.<\/p>\n<p>\u00abLas autoridades garantizamos que todos los salvadore\u00f1os van a ejercer su sagrado derecho al voto\u00bb, asever\u00f3 Mart\u00ednez.<\/p>\n<p>Empero, el fiscal general indic\u00f3 que al menos cuatro personas fueron detenidas en distintos lugares del pa\u00eds por delitos electorales como romper papeletas y destruir urnas.<\/p>\n<p>Funes dijo tener reportes de al menos dos hechos protagonizados por personas en estado de ebriedad.<\/p>\n<p>Chicas refiri\u00f3 que los reportes de irregularidades no van m\u00e1s all\u00e1 de la apertura tard\u00eda de algunos centros de votaci\u00f3n y el env\u00edo a un destino equivocado de al menos un paquete electoral.<\/p>\n<p>El presidente de la Uni\u00f3n Interamericana de Organismos Electorales, Roberto Rosario, indic\u00f3 que los observadores internacionales no tienen reportes de \u00abanomal\u00edas\u00bb.<\/p>\n<p>Rosario consider\u00f3 como \u00abnormales\u00bb, no s\u00f3lo en El Salvador, sino en Latinoam\u00e9rica en general, las demoras en la apertura de centros de votaci\u00f3n.<\/p>\n<p>M\u00e1s de 6.000 observadores nacionales e internacionales verifican las elecciones salvadore\u00f1as, seg\u00fan el TSE.<\/p>\n<p>En total 4.955.107 salvadore\u00f1os est\u00e1n convocados este domingo a elegir al sucesor del presidente Funes para el per\u00edodo 2014-2019.<\/p>\n<p>El TSE no ha dado un porcentaje oficial de participaci\u00f3n, pero la firma LPG Datos indic\u00f3 que en las primeras cinco horas ya hab\u00eda votado el 32%.<\/p>\n<p>El \u00f3rgano electoral tiene previsto cerrar las votaciones a las 17.00, hora local (23.00), y comenzar a emitir los primeros resultados oficiales a partir de las 22.00 (4.00 GMT del lunes).<\/p>\n<p>Luis Alfredo Mart\u00ednez<\/p>\n","protected":false},"excerpt":{"rendered":"<p>San Salvador, 2 feb (EFE).- La tranquilidad ha predominado hoy en las elecciones presidenciales en El Salvador, en las que la cautela del candidato oficialista, Salvador S\u00e1nchez Cer\u00e9n, ante el triunfo ha contrastado con la seguridad del opositor Norman Quijano. \u00abMa\u00f1ana amanecemos como presidente de la Rep\u00fablica\u00bb en virtud de \u00abeste triunfo que nos pertenece\u00bb, [&hellip;]<\/p>\n","protected":false},"author":1,"featured_media":482428,"comment_status":"closed","ping_status":"open","sticky":false,"template":"","format":"standard","meta":{"footnotes":""},"categories":[1],"tags":[],"class_list":["post-482427","post","type-post","status-publish","format-standard","has-post-thumbnail","hentry","category-actualidad"],"aioseo_notices":[],"aioseo_head":"\n\t\t<!-- All in One SEO Pro 5.0.1 - aioseo.com -->\n\t<meta name=\"description\" content=\"San Salvador, 2 feb (EFE).- La tranquilidad ha predominado hoy en las elecciones presidenciales en El Salvador, en las que la cautela del candidato oficialista, Salvador S\u00e1nchez Cer\u00e9n, ante el triunfo ha contrastado con la seguridad del opositor Norman Quijano. &quot;Ma\u00f1ana amanecemos como presidente de la Rep\u00fablica&quot; en virtud de &quot;este triunfo que nos pertenece&quot;,\" \/>\n\t<meta name=\"robots\" content=\"max-image-preview:large\" \/>\n\t<meta name=\"author\" content=\"El Digital de Asturias\"\/>\n\t<meta name=\"google-site-verification\" content=\"UA-38556648-1\" \/>\n\t<meta name=\"msvalidate.01\" content=\"7dfe9f3f1b24437ab69f4f2559babe99\" \/>\n\t<meta name=\"keywords\" content=\"actualidad\" \/>\n\t<link rel=\"canonical\" href=\"https:\/\/www.eldigitaldeasturias.com\/noticias\/cautela-del-oficialista-y-optimismo-del-opositor-marcan-las-elecciones-salvadorenas\/\" \/>\n\t<meta name=\"generator\" content=\"All in One SEO Pro (AIOSEO) 5.0.1\" \/>\n\t\t<meta property=\"og:locale\" content=\"es_ES\" \/>\n\t\t<meta property=\"og:site_name\" content=\"El Digital de Asturias\" \/>\n\t\t<meta property=\"og:type\" content=\"article\" \/>\n\t\t<meta property=\"og:title\" content=\"Cautela del oficialista y optimismo del opositor marcan las elecciones salvadore\u00f1as - El Digital de Asturias\" \/>\n\t\t<meta property=\"og:description\" content=\"San Salvador, 2 feb (EFE).- La tranquilidad ha predominado hoy en las elecciones presidenciales en El Salvador, en las que la cautela del candidato oficialista, Salvador S\u00e1nchez Cer\u00e9n, ante el triunfo ha contrastado con la seguridad del opositor Norman Quijano. &quot;Ma\u00f1ana amanecemos como presidente de la Rep\u00fablica&quot; en virtud de &quot;este triunfo que nos pertenece&quot;,\" \/>\n\t\t<meta property=\"og:url\" content=\"https:\/\/www.eldigitaldeasturias.com\/noticias\/cautela-del-oficialista-y-optimismo-del-opositor-marcan-las-elecciones-salvadorenas\/\" \/>\n\t\t<meta property=\"article:tag\" content=\"actualidad\" \/>\n\t\t<meta property=\"article:published_time\" content=\"2014-02-03T01:21:20+00:00\" \/>\n\t\t<meta property=\"article:modified_time\" content=\"2014-02-03T01:21:20+00:00\" \/>\n\t\t<meta property=\"article:publisher\" content=\"https:\/\/facebook.com\/eldigitaldeasturias\" \/>\n\t\t<meta name=\"twitter:card\" content=\"summary_large_image\" \/>\n\t\t<meta name=\"twitter:title\" content=\"Cautela del oficialista y optimismo del opositor marcan las elecciones salvadore\u00f1as - El Digital de Asturias\" \/>\n\t\t<meta name=\"twitter:description\" content=\"San Salvador, 2 feb (EFE).- La tranquilidad ha predominado hoy en las elecciones presidenciales en El Salvador, en las que la cautela del candidato oficialista, Salvador S\u00e1nchez Cer\u00e9n, ante el triunfo ha contrastado con la seguridad del opositor Norman Quijano. &quot;Ma\u00f1ana amanecemos como presidente de la Rep\u00fablica&quot; en virtud de &quot;este triunfo que nos pertenece&quot;,\" \/>\n\t\t<meta name=\"twitter:label1\" content=\"Escrito por\" \/>\n\t\t<meta name=\"twitter:data1\" content=\"El Digital de Asturias\" \/>\n\t\t<meta name=\"twitter:label2\" content=\"Tiempo de lectura estimado\" \/>\n\t\t<meta name=\"twitter:data2\" content=\"4 minutos\" \/>\n\t\t<script type=\"application\/ld+json\" class=\"aioseo-schema\">\n\t\t\t{\"@context\":\"https:\\\/\\\/schema.org\",\"@graph\":[{\"@type\":\"BlogPosting\",\"@id\":\"https:\\\/\\\/www.eldigitaldeasturias.com\\\/noticias\\\/cautela-del-oficialista-y-optimismo-del-opositor-marcan-las-elecciones-salvadorenas\\\/#blogposting\",\"name\":\"Cautela del oficialista y optimismo del opositor marcan las elecciones salvadore\\u00f1as - El Digital de Asturias\",\"headline\":\"Cautela del oficialista y optimismo del opositor marcan las elecciones salvadore\\u00f1as\",\"author\":{\"@id\":\"https:\\\/\\\/www.eldigitaldeasturias.com\\\/noticias\\\/author\\\/admin\\\/#author\"},\"publisher\":{\"@id\":\"https:\\\/\\\/www.eldigitaldeasturias.com\\\/noticias\\\/#organization\"},\"image\":{\"@type\":\"ImageObject\",\"url\":482428},\"datePublished\":\"2014-02-03T00:21:20+01:00\",\"dateModified\":\"2014-02-03T00:21:20+01:00\",\"inLanguage\":\"es-ES\",\"mainEntityOfPage\":{\"@id\":\"https:\\\/\\\/www.eldigitaldeasturias.com\\\/noticias\\\/cautela-del-oficialista-y-optimismo-del-opositor-marcan-las-elecciones-salvadorenas\\\/#webpage\"},\"isPartOf\":{\"@id\":\"https:\\\/\\\/www.eldigitaldeasturias.com\\\/noticias\\\/cautela-del-oficialista-y-optimismo-del-opositor-marcan-las-elecciones-salvadorenas\\\/#webpage\"},\"articleSection\":\"Actualidad\"},{\"@type\":\"BreadcrumbList\",\"@id\":\"https:\\\/\\\/www.eldigitaldeasturias.com\\\/noticias\\\/cautela-del-oficialista-y-optimismo-del-opositor-marcan-las-elecciones-salvadorenas\\\/#breadcrumblist\",\"itemListElement\":[{\"@type\":\"ListItem\",\"@id\":\"https:\\\/\\\/www.eldigitaldeasturias.com\\\/noticias#listItem\",\"position\":1,\"name\":\"Home\",\"item\":\"https:\\\/\\\/www.eldigitaldeasturias.com\\\/noticias\",\"nextItem\":{\"@type\":\"ListItem\",\"@id\":\"https:\\\/\\\/www.eldigitaldeasturias.com\\\/noticias\\\/category\\\/actualidad\\\/#listItem\",\"name\":\"Actualidad\"}},{\"@type\":\"ListItem\",\"@id\":\"https:\\\/\\\/www.eldigitaldeasturias.com\\\/noticias\\\/category\\\/actualidad\\\/#listItem\",\"position\":2,\"name\":\"Actualidad\",\"item\":\"https:\\\/\\\/www.eldigitaldeasturias.com\\\/noticias\\\/category\\\/actualidad\\\/\",\"nextItem\":{\"@type\":\"ListItem\",\"@id\":\"https:\\\/\\\/www.eldigitaldeasturias.com\\\/noticias\\\/cautela-del-oficialista-y-optimismo-del-opositor-marcan-las-elecciones-salvadorenas\\\/#listItem\",\"name\":\"Cautela del oficialista y optimismo del opositor marcan las elecciones salvadore\\u00f1as\"},\"previousItem\":{\"@type\":\"ListItem\",\"@id\":\"https:\\\/\\\/www.eldigitaldeasturias.com\\\/noticias#listItem\",\"name\":\"Home\"}},{\"@type\":\"ListItem\",\"@id\":\"https:\\\/\\\/www.eldigitaldeasturias.com\\\/noticias\\\/cautela-del-oficialista-y-optimismo-del-opositor-marcan-las-elecciones-salvadorenas\\\/#listItem\",\"position\":3,\"name\":\"Cautela del oficialista y optimismo del opositor marcan las elecciones salvadore\\u00f1as\",\"previousItem\":{\"@type\":\"ListItem\",\"@id\":\"https:\\\/\\\/www.eldigitaldeasturias.com\\\/noticias\\\/category\\\/actualidad\\\/#listItem\",\"name\":\"Actualidad\"}}]},{\"@type\":\"Organization\",\"@id\":\"https:\\\/\\\/www.eldigitaldeasturias.com\\\/noticias\\\/#organization\",\"name\":\"El Digital de Asturias\",\"description\":\"Hemeroteca\",\"url\":\"https:\\\/\\\/www.eldigitaldeasturias.com\\\/noticias\\\/\",\"email\":\"info@eldigitaldeasturias.com\",\"telephone\":\"+34652131393\",\"logo\":{\"@type\":\"ImageObject\",\"url\":\"https:\\\/\\\/www.eldigitaldeasturias.com\\\/noticias\\\/wp-content\\\/uploads\\\/2020\\\/12\\\/EDA.jpg\",\"@id\":\"https:\\\/\\\/www.eldigitaldeasturias.com\\\/noticias\\\/cautela-del-oficialista-y-optimismo-del-opositor-marcan-las-elecciones-salvadorenas\\\/#organizationLogo\"},\"image\":{\"@id\":\"https:\\\/\\\/www.eldigitaldeasturias.com\\\/noticias\\\/cautela-del-oficialista-y-optimismo-del-opositor-marcan-las-elecciones-salvadorenas\\\/#organizationLogo\"},\"sameAs\":[\"https:\\\/\\\/facebook.com\\\/eldigitaldeasturias\",\"https:\\\/\\\/www.youtube.com\\\/channel\\\/UCZP-2wLEB9Rv6erhFmqVnvg\"],\"address\":{\"@id\":\"https:\\\/\\\/www.eldigitaldeasturias.com\\\/noticias\\\/#postaladdress\",\"@type\":\"PostalAddress\",\"streetAddress\":\"san antonio 4\",\"postalCode\":\"33430\",\"addressLocality\":\"Cand\\u00e1s\",\"addressRegion\":\"Asturias\",\"addressCountry\":\"ES\"}},{\"@type\":\"Person\",\"@id\":\"https:\\\/\\\/www.eldigitaldeasturias.com\\\/noticias\\\/author\\\/admin\\\/#author\",\"url\":\"https:\\\/\\\/www.eldigitaldeasturias.com\\\/noticias\\\/author\\\/admin\\\/\",\"name\":\"El Digital de Asturias\",\"image\":{\"@type\":\"ImageObject\",\"@id\":\"https:\\\/\\\/www.eldigitaldeasturias.com\\\/noticias\\\/cautela-del-oficialista-y-optimismo-del-opositor-marcan-las-elecciones-salvadorenas\\\/#authorImage\",\"url\":\"https:\\\/\\\/secure.gravatar.com\\\/avatar\\\/df2aeffc32bcd13f8d26072ef8a91b623d677766deac7f97ca815868cd41bf5e?s=96&d=mm&r=g\",\"width\":96,\"height\":96,\"caption\":\"El Digital de Asturias\"}},{\"@type\":\"WebPage\",\"@id\":\"https:\\\/\\\/www.eldigitaldeasturias.com\\\/noticias\\\/cautela-del-oficialista-y-optimismo-del-opositor-marcan-las-elecciones-salvadorenas\\\/#webpage\",\"url\":\"https:\\\/\\\/www.eldigitaldeasturias.com\\\/noticias\\\/cautela-del-oficialista-y-optimismo-del-opositor-marcan-las-elecciones-salvadorenas\\\/\",\"name\":\"Cautela del oficialista y optimismo del opositor marcan las elecciones salvadore\\u00f1as - El Digital de Asturias\",\"description\":\"San Salvador, 2 feb (EFE).- La tranquilidad ha predominado hoy en las elecciones presidenciales en El Salvador, en las que la cautela del candidato oficialista, Salvador S\\u00e1nchez Cer\\u00e9n, ante el triunfo ha contrastado con la seguridad del opositor Norman Quijano. \\\"Ma\\u00f1ana amanecemos como presidente de la Rep\\u00fablica\\\" en virtud de \\\"este triunfo que nos pertenece\\\",\",\"inLanguage\":\"es-ES\",\"isPartOf\":{\"@id\":\"https:\\\/\\\/www.eldigitaldeasturias.com\\\/noticias\\\/#website\"},\"breadcrumb\":{\"@id\":\"https:\\\/\\\/www.eldigitaldeasturias.com\\\/noticias\\\/cautela-del-oficialista-y-optimismo-del-opositor-marcan-las-elecciones-salvadorenas\\\/#breadcrumblist\"},\"author\":{\"@id\":\"https:\\\/\\\/www.eldigitaldeasturias.com\\\/noticias\\\/author\\\/admin\\\/#author\"},\"creator\":{\"@id\":\"https:\\\/\\\/www.eldigitaldeasturias.com\\\/noticias\\\/author\\\/admin\\\/#author\"},\"image\":{\"@type\":\"ImageObject\",\"url\":482428,\"@id\":\"https:\\\/\\\/www.eldigitaldeasturias.com\\\/noticias\\\/cautela-del-oficialista-y-optimismo-del-opositor-marcan-las-elecciones-salvadorenas\\\/#mainImage\"},\"primaryImageOfPage\":{\"@id\":\"https:\\\/\\\/www.eldigitaldeasturias.com\\\/noticias\\\/cautela-del-oficialista-y-optimismo-del-opositor-marcan-las-elecciones-salvadorenas\\\/#mainImage\"},\"datePublished\":\"2014-02-03T00:21:20+01:00\",\"dateModified\":\"2014-02-03T00:21:20+01:00\"},{\"@type\":\"WebSite\",\"@id\":\"https:\\\/\\\/www.eldigitaldeasturias.com\\\/noticias\\\/#website\",\"url\":\"https:\\\/\\\/www.eldigitaldeasturias.com\\\/noticias\\\/\",\"name\":\"El Digital de Asturias - Diario de actualidad y noticias\",\"alternateName\":\"El Digital de Asturias - Diario de actualidad y noticias\",\"description\":\"Hemeroteca\",\"inLanguage\":\"es-ES\",\"publisher\":{\"@id\":\"https:\\\/\\\/www.eldigitaldeasturias.com\\\/noticias\\\/#organization\"}}]}\n\t\t<\/script>\n\t\t<!-- All in One SEO Pro -->\r\n\t\t<title>Cautela del oficialista y optimismo del opositor marcan las elecciones salvadore\u00f1as - El Digital de Asturias<\/title>\n\n","aioseo_head_json":{"title":"Cautela del oficialista y optimismo del opositor marcan las elecciones salvadore\u00f1as - El Digital de Asturias","description":"San Salvador, 2 feb (EFE).- La tranquilidad ha predominado hoy en las elecciones presidenciales en El Salvador, en las que la cautela del candidato oficialista, Salvador S\u00e1nchez Cer\u00e9n, ante el triunfo ha contrastado con la seguridad del opositor Norman Quijano. \"Ma\u00f1ana amanecemos como presidente de la Rep\u00fablica\" en virtud de \"este triunfo que nos pertenece\",","canonical_url":"https:\/\/www.eldigitaldeasturias.com\/noticias\/cautela-del-oficialista-y-optimismo-del-opositor-marcan-las-elecciones-salvadorenas\/","robots":"max-image-preview:large","keywords":"actualidad","webmasterTools":{"google-site-verification":"UA-38556648-1","msvalidate.01":"7dfe9f3f1b24437ab69f4f2559babe99","miscellaneous":""},"schema":{"@context":"https:\/\/schema.org","@graph":[{"@type":"BlogPosting","@id":"https:\/\/www.eldigitaldeasturias.com\/noticias\/cautela-del-oficialista-y-optimismo-del-opositor-marcan-las-elecciones-salvadorenas\/#blogposting","name":"Cautela del oficialista y optimismo del opositor marcan las elecciones salvadore\u00f1as - El Digital de Asturias","headline":"Cautela del oficialista y optimismo del opositor marcan las elecciones salvadore\u00f1as","author":{"@id":"https:\/\/www.eldigitaldeasturias.com\/noticias\/author\/admin\/#author"},"publisher":{"@id":"https:\/\/www.eldigitaldeasturias.com\/noticias\/#organization"},"image":{"@type":"ImageObject","url":482428},"datePublished":"2014-02-03T00:21:20+01:00","dateModified":"2014-02-03T00:21:20+01:00","inLanguage":"es-ES","mainEntityOfPage":{"@id":"https:\/\/www.eldigitaldeasturias.com\/noticias\/cautela-del-oficialista-y-optimismo-del-opositor-marcan-las-elecciones-salvadorenas\/#webpage"},"isPartOf":{"@id":"https:\/\/www.eldigitaldeasturias.com\/noticias\/cautela-del-oficialista-y-optimismo-del-opositor-marcan-las-elecciones-salvadorenas\/#webpage"},"articleSection":"Actualidad"},{"@type":"BreadcrumbList","@id":"https:\/\/www.eldigitaldeasturias.com\/noticias\/cautela-del-oficialista-y-optimismo-del-opositor-marcan-las-elecciones-salvadorenas\/#breadcrumblist","itemListElement":[{"@type":"ListItem","@id":"https:\/\/www.eldigitaldeasturias.com\/noticias#listItem","position":1,"name":"Home","item":"https:\/\/www.eldigitaldeasturias.com\/noticias","nextItem":{"@type":"ListItem","@id":"https:\/\/www.eldigitaldeasturias.com\/noticias\/category\/actualidad\/#listItem","name":"Actualidad"}},{"@type":"ListItem","@id":"https:\/\/www.eldigitaldeasturias.com\/noticias\/category\/actualidad\/#listItem","position":2,"name":"Actualidad","item":"https:\/\/www.eldigitaldeasturias.com\/noticias\/category\/actualidad\/","nextItem":{"@type":"ListItem","@id":"https:\/\/www.eldigitaldeasturias.com\/noticias\/cautela-del-oficialista-y-optimismo-del-opositor-marcan-las-elecciones-salvadorenas\/#listItem","name":"Cautela del oficialista y optimismo del opositor marcan las elecciones salvadore\u00f1as"},"previousItem":{"@type":"ListItem","@id":"https:\/\/www.eldigitaldeasturias.com\/noticias#listItem","name":"Home"}},{"@type":"ListItem","@id":"https:\/\/www.eldigitaldeasturias.com\/noticias\/cautela-del-oficialista-y-optimismo-del-opositor-marcan-las-elecciones-salvadorenas\/#listItem","position":3,"name":"Cautela del oficialista y optimismo del opositor marcan las elecciones salvadore\u00f1as","previousItem":{"@type":"ListItem","@id":"https:\/\/www.eldigitaldeasturias.com\/noticias\/category\/actualidad\/#listItem","name":"Actualidad"}}]},{"@type":"Organization","@id":"https:\/\/www.eldigitaldeasturias.com\/noticias\/#organization","name":"El Digital de Asturias","description":"Hemeroteca","url":"https:\/\/www.eldigitaldeasturias.com\/noticias\/","email":"info@eldigitaldeasturias.com","telephone":"+34652131393","logo":{"@type":"ImageObject","url":"https:\/\/www.eldigitaldeasturias.com\/noticias\/wp-content\/uploads\/2020\/12\/EDA.jpg","@id":"https:\/\/www.eldigitaldeasturias.com\/noticias\/cautela-del-oficialista-y-optimismo-del-opositor-marcan-las-elecciones-salvadorenas\/#organizationLogo"},"image":{"@id":"https:\/\/www.eldigitaldeasturias.com\/noticias\/cautela-del-oficialista-y-optimismo-del-opositor-marcan-las-elecciones-salvadorenas\/#organizationLogo"},"sameAs":["https:\/\/facebook.com\/eldigitaldeasturias","https:\/\/www.youtube.com\/channel\/UCZP-2wLEB9Rv6erhFmqVnvg"],"address":{"@id":"https:\/\/www.eldigitaldeasturias.com\/noticias\/#postaladdress","@type":"PostalAddress","streetAddress":"san antonio 4","postalCode":"33430","addressLocality":"Cand\u00e1s","addressRegion":"Asturias","addressCountry":"ES"}},{"@type":"Person","@id":"https:\/\/www.eldigitaldeasturias.com\/noticias\/author\/admin\/#author","url":"https:\/\/www.eldigitaldeasturias.com\/noticias\/author\/admin\/","name":"El Digital de Asturias","image":{"@type":"ImageObject","@id":"https:\/\/www.eldigitaldeasturias.com\/noticias\/cautela-del-oficialista-y-optimismo-del-opositor-marcan-las-elecciones-salvadorenas\/#authorImage","url":"https:\/\/secure.gravatar.com\/avatar\/df2aeffc32bcd13f8d26072ef8a91b623d677766deac7f97ca815868cd41bf5e?s=96&d=mm&r=g","width":96,"height":96,"caption":"El Digital de Asturias"}},{"@type":"WebPage","@id":"https:\/\/www.eldigitaldeasturias.com\/noticias\/cautela-del-oficialista-y-optimismo-del-opositor-marcan-las-elecciones-salvadorenas\/#webpage","url":"https:\/\/www.eldigitaldeasturias.com\/noticias\/cautela-del-oficialista-y-optimismo-del-opositor-marcan-las-elecciones-salvadorenas\/","name":"Cautela del oficialista y optimismo del opositor marcan las elecciones salvadore\u00f1as - El Digital de Asturias","description":"San Salvador, 2 feb (EFE).- La tranquilidad ha predominado hoy en las elecciones presidenciales en El Salvador, en las que la cautela del candidato oficialista, Salvador S\u00e1nchez Cer\u00e9n, ante el triunfo ha contrastado con la seguridad del opositor Norman Quijano. \"Ma\u00f1ana amanecemos como presidente de la Rep\u00fablica\" en virtud de \"este triunfo que nos pertenece\",","inLanguage":"es-ES","isPartOf":{"@id":"https:\/\/www.eldigitaldeasturias.com\/noticias\/#website"},"breadcrumb":{"@id":"https:\/\/www.eldigitaldeasturias.com\/noticias\/cautela-del-oficialista-y-optimismo-del-opositor-marcan-las-elecciones-salvadorenas\/#breadcrumblist"},"author":{"@id":"https:\/\/www.eldigitaldeasturias.com\/noticias\/author\/admin\/#author"},"creator":{"@id":"https:\/\/www.eldigitaldeasturias.com\/noticias\/author\/admin\/#author"},"image":{"@type":"ImageObject","url":482428,"@id":"https:\/\/www.eldigitaldeasturias.com\/noticias\/cautela-del-oficialista-y-optimismo-del-opositor-marcan-las-elecciones-salvadorenas\/#mainImage"},"primaryImageOfPage":{"@id":"https:\/\/www.eldigitaldeasturias.com\/noticias\/cautela-del-oficialista-y-optimismo-del-opositor-marcan-las-elecciones-salvadorenas\/#mainImage"},"datePublished":"2014-02-03T00:21:20+01:00","dateModified":"2014-02-03T00:21:20+01:00"},{"@type":"WebSite","@id":"https:\/\/www.eldigitaldeasturias.com\/noticias\/#website","url":"https:\/\/www.eldigitaldeasturias.com\/noticias\/","name":"El Digital de Asturias - Diario de actualidad y noticias","alternateName":"El Digital de Asturias - Diario de actualidad y noticias","description":"Hemeroteca","inLanguage":"es-ES","publisher":{"@id":"https:\/\/www.eldigitaldeasturias.com\/noticias\/#organization"}}]},"og:locale":"es_ES","og:site_name":"El Digital de Asturias","og:type":"article","og:title":"Cautela del oficialista y optimismo del opositor marcan las elecciones salvadore\u00f1as - El Digital de Asturias","og:description":"San Salvador, 2 feb (EFE).- La tranquilidad ha predominado hoy en las elecciones presidenciales en El Salvador, en las que la cautela del candidato oficialista, Salvador S\u00e1nchez Cer\u00e9n, ante el triunfo ha contrastado con la seguridad del opositor Norman Quijano. &quot;Ma\u00f1ana amanecemos como presidente de la Rep\u00fablica&quot; en virtud de &quot;este triunfo que nos pertenece&quot;,","og:url":"https:\/\/www.eldigitaldeasturias.com\/noticias\/cautela-del-oficialista-y-optimismo-del-opositor-marcan-las-elecciones-salvadorenas\/","article:tag":["actualidad"],"article:published_time":"2014-02-03T01:21:20+00:00","article:modified_time":"2014-02-03T01:21:20+00:00","article:publisher":"https:\/\/facebook.com\/eldigitaldeasturias","twitter:card":"summary_large_image","twitter:title":"Cautela del oficialista y optimismo del opositor marcan las elecciones salvadore\u00f1as - El Digital de Asturias","twitter:description":"San Salvador, 2 feb (EFE).- La tranquilidad ha predominado hoy en las elecciones presidenciales en El Salvador, en las que la cautela del candidato oficialista, Salvador S\u00e1nchez Cer\u00e9n, ante el triunfo ha contrastado con la seguridad del opositor Norman Quijano. &quot;Ma\u00f1ana amanecemos como presidente de la Rep\u00fablica&quot; en virtud de &quot;este triunfo que nos pertenece&quot;,","twitter:label1":"Escrito por","twitter:data1":"El Digital de Asturias","twitter:label2":"Tiempo de lectura estimado","twitter:data2":"4 minutos"},"aioseo_meta_data":{"post_id":"482427","title":null,"description":null,"keywords":null,"keyphrases":null,"primary_term":null,"canonical_url":null,"og_title":null,"og_description":null,"og_object_type":"default","og_image_type":"default","og_image_url":null,"og_image_width":null,"og_image_height":null,"og_image_custom_url":null,"og_image_custom_fields":null,"og_video":null,"og_custom_url":null,"og_article_section":null,"og_article_tags":null,"twitter_use_og":true,"twitter_card":"default","twitter_image_type":"default","twitter_image_url":null,"twitter_image_custom_url":null,"twitter_image_custom_fields":null,"twitter_title":null,"twitter_description":null,"schema":{"blockGraphs":[],"customGraphs":[],"default":{"data":{"Article":[],"Course":[],"Dataset":[],"FAQPage":[],"Movie":[],"Person":[],"Product":[],"ProductReview":[],"Car":[],"Recipe":[],"Service":[],"SoftwareApplication":[],"WebPage":[]},"graphName":"","isEnabled":true},"graphs":[],"defaultGraph":"","defaultPostTypeGraph":""},"schema_type":null,"schema_type_options":null,"pillar_content":false,"robots_default":true,"robots_noindex":false,"robots_noarchive":false,"robots_nosnippet":false,"robots_nofollow":false,"robots_noimageindex":false,"robots_noodp":false,"robots_notranslate":false,"robots_max_snippet":null,"robots_max_videopreview":null,"robots_max_imagepreview":"none","priority":null,"frequency":null,"local_seo":null,"seo_analyzer_scan_date":"2026-06-02 09:47:58","breadcrumb_settings":null,"limit_modified_date":false,"open_ai":null,"ai":null,"created":"2020-11-14 22:54:35","updated":"2026-06-02 09:47:58","focus_keyword":null,"additional_keywords":null,"truseo_locale":null},"aioseo_breadcrumb":"<div class=\"aioseo-breadcrumbs\"><span class=\"aioseo-breadcrumb\">\n\t<a href=\"https:\/\/www.eldigitaldeasturias.com\/noticias\" title=\"Home\">Home<\/a>\n<\/span><span class=\"aioseo-breadcrumb-separator\">\u2013<\/span><span class=\"aioseo-breadcrumb\">\n\t<a href=\"https:\/\/www.eldigitaldeasturias.com\/noticias\/category\/actualidad\/\" title=\"Actualidad\">Actualidad<\/a>\n<\/span><span class=\"aioseo-breadcrumb-separator\">\u2013<\/span><span class=\"aioseo-breadcrumb\">\n\t<a href=\"https:\/\/www.eldigitaldeasturias.com\/noticias\/cautela-del-oficialista-y-optimismo-del-opositor-marcan-las-elecciones-salvadorenas\/\" title=\"Cautela del oficialista y optimismo del opositor marcan las elecciones salvadore\u00f1as\">Cautela del oficialista y optimismo del opositor marcan las elecciones salvadore\u00f1as<\/a>\n<\/span><\/div>","aioseo_breadcrumb_json":[{"label":"Home","link":"https:\/\/www.eldigitaldeasturias.com\/noticias"},{"label":"Actualidad","link":"https:\/\/www.eldigitaldeasturias.com\/noticias\/category\/actualidad\/"},{"label":"Cautela del oficialista y optimismo del opositor marcan las elecciones salvadore\u00f1as","link":"https:\/\/www.eldigitaldeasturias.com\/noticias\/cautela-del-oficialista-y-optimismo-del-opositor-marcan-las-elecciones-salvadorenas\/"}],"_links":{"self":[{"href":"https:\/\/www.eldigitaldeasturias.com\/noticias\/wp-json\/wp\/v2\/posts\/482427","targetHints":{"allow":["GET"]}}],"collection":[{"href":"https:\/\/www.eldigitaldeasturias.com\/noticias\/wp-json\/wp\/v2\/posts"}],"about":[{"href":"https:\/\/www.eldigitaldeasturias.com\/noticias\/wp-json\/wp\/v2\/types\/post"}],"author":[{"embeddable":true,"href":"https:\/\/www.eldigitaldeasturias.com\/noticias\/wp-json\/wp\/v2\/users\/1"}],"replies":[{"embeddable":true,"href":"https:\/\/www.eldigitaldeasturias.com\/noticias\/wp-json\/wp\/v2\/comments?post=482427"}],"version-history":[{"count":0,"href":"https:\/\/www.eldigitaldeasturias.com\/noticias\/wp-json\/wp\/v2\/posts\/482427\/revisions"}],"wp:attachment":[{"href":"https:\/\/www.eldigitaldeasturias.com\/noticias\/wp-json\/wp\/v2\/media?parent=482427"}],"wp:term":[{"taxonomy":"category","embeddable":true,"href":"https:\/\/www.eldigitaldeasturias.com\/noticias\/wp-json\/wp\/v2\/categories?post=482427"},{"taxonomy":"post_tag","embeddable":true,"href":"https:\/\/www.eldigitaldeasturias.com\/noticias\/wp-json\/wp\/v2\/tags?post=482427"}],"curies":[{"name":"wp","href":"https:\/\/api.w.org\/{rel}","templated":true}]}}