{"id":482418,"date":"2014-02-03T00:17:27","date_gmt":"2014-02-03T01:17:27","guid":{"rendered":"http:\/\/www.eldigitaldeasturias.com\/noticias\/?p=482418"},"modified":"2014-02-03T00:17:27","modified_gmt":"2014-02-03T01:17:27","slug":"el-arsenal-vuelve-a-lo-mas-alto-y-el-atleti-homenajea-a-aragones-con-el-liderato","status":"publish","type":"post","link":"https:\/\/www.eldigitaldeasturias.com\/noticias\/el-arsenal-vuelve-a-lo-mas-alto-y-el-atleti-homenajea-a-aragones-con-el-liderato\/","title":{"rendered":"El Arsenal vuelve a lo m\u00e1s alto y el Atleti homenajea a Aragon\u00e9s con el liderato"},"content":{"rendered":"<p><img loading=\"lazy\" decoding=\"async\" class=\"alignleft size-medium wp-image-482419\" alt=\"5902142w\" src=\"https:\/\/www.eldigitaldeasturias.com\/noticias\/wp-content\/uploads\/2014\/02\/5902142w-360x229.jpg\" width=\"360\" height=\"229\" \/>Madrid, 2 feb (EFE).- El Arsenal volvi\u00f3 al liderato en la Premier, a expensas de lo haga ma\u00f1ana el Manchester City, en un fin de semana europeo que ha sido triste para el f\u00fatbol espa\u00f1ol, que ha perdido este s\u00e1bado a un Luis Aragon\u00e9s que llev\u00f3 a Espa\u00f1a a ganar la Eurocopa 2008 y fue santo y se\u00f1a del Atl\u00e9tico de Madrid.<\/p>\n<p>Luis Aragon\u00e9s, padre del denominado \u00abtiki taka\u00bb, de un gusto por el bal\u00f3n que ha llevado a la selecci\u00f3n espa\u00f1ola al m\u00e1s alto pelda\u00f1o del f\u00fatbol mundial, falleci\u00f3 el pasado s\u00e1bado en Madrid y ha llenado de luto al deporte espa\u00f1ol.<\/p>\n<p>Su \u00abamado club\u00bb Atl\u00e9tico de Madrid, horas despu\u00e9s de su multitudinario entierro, este domingo, le dio un sentido homenaje en el estadio antes del partido. Y despu\u00e9s le puso el broche de oro dedic\u00e1ndole un triunfo sobre la Real Sociedad (4-0) que le lleva al liderato en solitario.<\/p>\n<p>Hac\u00eda 133 jornadas que el Atl\u00e9tico de Madrid no era l\u00edder liguero, pues la anterior ocasi\u00f3n fue el 12 de septiembre de 2010. Ahora lleva tres puntos de ventaja.<\/p>\n<p>El Barcelona deja el liderato tras 59 jornadas consecutivas, despu\u00e9s de su derrota casera ante el Valencia (2-3) en un partido donde el conjunto del argentino \u00abTata\u00bb Martino fue de m\u00e1s a menos; lo contrario que el dirigido por su compatriota Juan Antonio Pizzi.<\/p>\n<p>Eso s\u00ed, volvi\u00f3 a marcar en liga Leo Messi (m.53 de penalti), pues su \u00faltimo tanto hab\u00eda tenido lugar el 28 de septiembre de 2013 ante el Almer\u00eda.<\/p>\n<p>El Barcelona se ha visto empatado a puntos por el Real Madrid, que no pas\u00f3 del empate en su visita al Athletic Club Bilbao (1-1) y, adem\u00e1s, vio como Cristiano Ronaldo era expulsado por roja directa (m.76).<\/p>\n<p>La Premier ve la vuelta a lo m\u00e1s alto del Arsenal, que se impuso al Crystal Palace (2-0), con dos tantos en la segunda mitad del joven Alex Oxlade-Chamberlain.<\/p>\n<p>Eso s\u00ed, un liderato que ma\u00f1ana puede perder el Arsenal en el duelo \u00abestrella\u00bb Manchester City-Chelsea si ganan los locales, en un partido con el \u00abmorbo\u00bb a\u00f1adido de ver frente a frente al chileno Manuel Pellegrini y al portugu\u00e9s Jose Mourinho; el sustituido y el relevo otrora en el Real Madrid.<\/p>\n<p>La jornada cont\u00f3 con un nuevo desastre del Manchester United, que cay\u00f3 en el terreno del modesto Stoke City (2-1) y es s\u00e9ptimo, a quince puntos del Arsenal.<\/p>\n<p>El Calcio tuvo su partido grande esta jornada en el Juventus Tur\u00edn-Inter de Mil\u00e1n, el denominado \u00abderbi de Italia\u00bb. Gan\u00f3 el conjunto juventino (3-1), que fue mejor, domin\u00f3 y control\u00f3 a un rival que sigue perdido.<\/p>\n<p>El Juventus saca nueve puntos al Roma, que vio suspendido su partido con el Parma (m.8) por una lluvia que dej\u00f3 impracticable el terreno de juego. El N\u00e1poles, tercero, fracas\u00f3 y fue goleado por el Atalanta (3-0), y se queda a quince puntos del l\u00edder.<\/p>\n<p>En la Bundesliga sigue el recital del Bayern Munich del espa\u00f1ol Pep Guardiola, que no tuvo piedad del Eintracht Francfort (5-0). Su ventaja como l\u00edder, tras diecinueve jornadas, es de trece puntos sobre el Bayer Leverkusen y de diecisiete sobre el Borussia Dortmund, quienes ganaron al Stuttgart (2-1) y Eintracht Braunschweig (1-2), respectivamente.<\/p>\n<p>Francia ha visto aumentar la ventaja en el liderato de Par\u00eds Saint Germain, que gan\u00f3 en casa al Burdeos (2-0), con tantos del sueco Zlatan Ibrehimovic y del brasile\u00f1o Alex, y se vio favorecido por el empate for\u00e1neo \u00abin extremis\u00bb del M\u00f3naco en Lorient (2-2). La ventaja del equipo parisino sobre el del Principado ahora es de cinco puntos.<\/p>\n<p>La parte negativa para el PSG es la lesi\u00f3n muscular de su goleador uruguayo Edson Cavani, que le alejar\u00e1 unas tres semanas de los terrenos de juego.<\/p>\n<p>El griego Olimpiacos del espa\u00f1ol Miguel Gonz\u00e1lez \u00abMichel\u00bb es a\u00fan m\u00e1s l\u00edder, pues supera en catorce puntos al segundo clasificado, el PAOK Sal\u00f3nica. El equipo del madrile\u00f1o gan\u00f3 al Panaitolikos (2-1), su perseguidor cay\u00f3 con el Platanias (2-1).<\/p>\n<p>En Turqu\u00eda, el Fenerbahce ha visto reducir su ventaja como l\u00edder tras caer en campo del Eskisehirspor (2-1) y el triunfo del Galatasaray sobre el Bursaspor (6-0), con tres tantos del holand\u00e9s Wesley Sneijder. Eso s\u00ed, entre uno y otro, hay una distancia de siete puntos.<\/p>\n<p>Aumenta, en cambio, a diez puntos su ventaja en B\u00e9lgica el Standard Lieja, tras su f\u00e1cil victoria ante el Circulo Brujas (4-0) y la derrota del Anderlecht con el Lierse (2-0).<\/p>\n<p>La lucha por el t\u00edtulo se mantiene igual en Holanda, tras las igualadas del l\u00edder Ajax Amsterdam y su inmediato perseguidor Vitesse, ambas por 1-1. Entre ambos, s\u00f3lo dos puntos de diferencia.<\/p>\n<p>Lorenzo Mart\u00ednez<\/p>\n","protected":false},"excerpt":{"rendered":"<p>Madrid, 2 feb (EFE).- El Arsenal volvi\u00f3 al liderato en la Premier, a expensas de lo haga ma\u00f1ana el Manchester City, en un fin de semana europeo que ha sido triste para el f\u00fatbol espa\u00f1ol, que ha perdido este s\u00e1bado a un Luis Aragon\u00e9s que llev\u00f3 a Espa\u00f1a a ganar la Eurocopa 2008 y fue [&hellip;]<\/p>\n","protected":false},"author":1,"featured_media":482419,"comment_status":"closed","ping_status":"open","sticky":false,"template":"","format":"standard","meta":{"footnotes":""},"categories":[1],"tags":[],"class_list":["post-482418","post","type-post","status-publish","format-standard","has-post-thumbnail","hentry","category-actualidad"],"aioseo_notices":[],"aioseo_head":"\n\t\t<!-- All in One SEO Pro 5.0.1 - aioseo.com -->\n\t<meta name=\"description\" content=\"Madrid, 2 feb (EFE).- El Arsenal volvi\u00f3 al liderato en la Premier, a expensas de lo haga ma\u00f1ana el Manchester City, en un fin de semana europeo que ha sido triste para el f\u00fatbol espa\u00f1ol, que ha perdido este s\u00e1bado a un Luis Aragon\u00e9s que llev\u00f3 a Espa\u00f1a a ganar la Eurocopa 2008 y fue\" \/>\n\t<meta name=\"robots\" content=\"max-image-preview:large\" \/>\n\t<meta name=\"author\" content=\"El Digital de Asturias\"\/>\n\t<meta name=\"google-site-verification\" content=\"UA-38556648-1\" \/>\n\t<meta name=\"msvalidate.01\" content=\"7dfe9f3f1b24437ab69f4f2559babe99\" \/>\n\t<meta name=\"keywords\" content=\"actualidad\" \/>\n\t<link rel=\"canonical\" href=\"https:\/\/www.eldigitaldeasturias.com\/noticias\/el-arsenal-vuelve-a-lo-mas-alto-y-el-atleti-homenajea-a-aragones-con-el-liderato\/\" \/>\n\t<meta name=\"generator\" content=\"All in One SEO Pro (AIOSEO) 5.0.1\" \/>\n\t\t<meta property=\"og:locale\" content=\"es_ES\" \/>\n\t\t<meta property=\"og:site_name\" content=\"El Digital de Asturias\" \/>\n\t\t<meta property=\"og:type\" content=\"article\" \/>\n\t\t<meta property=\"og:title\" content=\"El Arsenal vuelve a lo m\u00e1s alto y el Atleti homenajea a Aragon\u00e9s con el liderato - El Digital de Asturias\" \/>\n\t\t<meta property=\"og:description\" content=\"Madrid, 2 feb (EFE).- El Arsenal volvi\u00f3 al liderato en la Premier, a expensas de lo haga ma\u00f1ana el Manchester City, en un fin de semana europeo que ha sido triste para el f\u00fatbol espa\u00f1ol, que ha perdido este s\u00e1bado a un Luis Aragon\u00e9s que llev\u00f3 a Espa\u00f1a a ganar la Eurocopa 2008 y fue\" \/>\n\t\t<meta property=\"og:url\" content=\"https:\/\/www.eldigitaldeasturias.com\/noticias\/el-arsenal-vuelve-a-lo-mas-alto-y-el-atleti-homenajea-a-aragones-con-el-liderato\/\" \/>\n\t\t<meta property=\"article:tag\" content=\"actualidad\" \/>\n\t\t<meta property=\"article:published_time\" content=\"2014-02-03T01:17:27+00:00\" \/>\n\t\t<meta property=\"article:modified_time\" content=\"2014-02-03T01:17:27+00:00\" \/>\n\t\t<meta property=\"article:publisher\" content=\"https:\/\/facebook.com\/eldigitaldeasturias\" \/>\n\t\t<meta name=\"twitter:card\" content=\"summary_large_image\" \/>\n\t\t<meta name=\"twitter:title\" content=\"El Arsenal vuelve a lo m\u00e1s alto y el Atleti homenajea a Aragon\u00e9s con el liderato - El Digital de Asturias\" \/>\n\t\t<meta name=\"twitter:description\" content=\"Madrid, 2 feb (EFE).- El Arsenal volvi\u00f3 al liderato en la Premier, a expensas de lo haga ma\u00f1ana el Manchester City, en un fin de semana europeo que ha sido triste para el f\u00fatbol espa\u00f1ol, que ha perdido este s\u00e1bado a un Luis Aragon\u00e9s que llev\u00f3 a Espa\u00f1a a ganar la Eurocopa 2008 y fue\" \/>\n\t\t<meta name=\"twitter:label1\" content=\"Escrito por\" \/>\n\t\t<meta name=\"twitter:data1\" content=\"El Digital de Asturias\" \/>\n\t\t<meta name=\"twitter:label2\" content=\"Tiempo de lectura estimado\" \/>\n\t\t<meta name=\"twitter:data2\" content=\"4 minutos\" \/>\n\t\t<script type=\"application\/ld+json\" class=\"aioseo-schema\">\n\t\t\t{\"@context\":\"https:\\\/\\\/schema.org\",\"@graph\":[{\"@type\":\"BlogPosting\",\"@id\":\"https:\\\/\\\/www.eldigitaldeasturias.com\\\/noticias\\\/el-arsenal-vuelve-a-lo-mas-alto-y-el-atleti-homenajea-a-aragones-con-el-liderato\\\/#blogposting\",\"name\":\"El Arsenal vuelve a lo m\\u00e1s alto y el Atleti homenajea a Aragon\\u00e9s con el liderato - El Digital de Asturias\",\"headline\":\"El Arsenal vuelve a lo m\\u00e1s alto y el Atleti homenajea a Aragon\\u00e9s con el liderato\",\"author\":{\"@id\":\"https:\\\/\\\/www.eldigitaldeasturias.com\\\/noticias\\\/author\\\/admin\\\/#author\"},\"publisher\":{\"@id\":\"https:\\\/\\\/www.eldigitaldeasturias.com\\\/noticias\\\/#organization\"},\"image\":{\"@type\":\"ImageObject\",\"url\":482419},\"datePublished\":\"2014-02-03T00:17:27+01:00\",\"dateModified\":\"2014-02-03T00:17:27+01:00\",\"inLanguage\":\"es-ES\",\"mainEntityOfPage\":{\"@id\":\"https:\\\/\\\/www.eldigitaldeasturias.com\\\/noticias\\\/el-arsenal-vuelve-a-lo-mas-alto-y-el-atleti-homenajea-a-aragones-con-el-liderato\\\/#webpage\"},\"isPartOf\":{\"@id\":\"https:\\\/\\\/www.eldigitaldeasturias.com\\\/noticias\\\/el-arsenal-vuelve-a-lo-mas-alto-y-el-atleti-homenajea-a-aragones-con-el-liderato\\\/#webpage\"},\"articleSection\":\"Actualidad\"},{\"@type\":\"BreadcrumbList\",\"@id\":\"https:\\\/\\\/www.eldigitaldeasturias.com\\\/noticias\\\/el-arsenal-vuelve-a-lo-mas-alto-y-el-atleti-homenajea-a-aragones-con-el-liderato\\\/#breadcrumblist\",\"itemListElement\":[{\"@type\":\"ListItem\",\"@id\":\"https:\\\/\\\/www.eldigitaldeasturias.com\\\/noticias#listItem\",\"position\":1,\"name\":\"Home\",\"item\":\"https:\\\/\\\/www.eldigitaldeasturias.com\\\/noticias\",\"nextItem\":{\"@type\":\"ListItem\",\"@id\":\"https:\\\/\\\/www.eldigitaldeasturias.com\\\/noticias\\\/category\\\/actualidad\\\/#listItem\",\"name\":\"Actualidad\"}},{\"@type\":\"ListItem\",\"@id\":\"https:\\\/\\\/www.eldigitaldeasturias.com\\\/noticias\\\/category\\\/actualidad\\\/#listItem\",\"position\":2,\"name\":\"Actualidad\",\"item\":\"https:\\\/\\\/www.eldigitaldeasturias.com\\\/noticias\\\/category\\\/actualidad\\\/\",\"nextItem\":{\"@type\":\"ListItem\",\"@id\":\"https:\\\/\\\/www.eldigitaldeasturias.com\\\/noticias\\\/el-arsenal-vuelve-a-lo-mas-alto-y-el-atleti-homenajea-a-aragones-con-el-liderato\\\/#listItem\",\"name\":\"El Arsenal vuelve a lo m\\u00e1s alto y el Atleti homenajea a Aragon\\u00e9s con el liderato\"},\"previousItem\":{\"@type\":\"ListItem\",\"@id\":\"https:\\\/\\\/www.eldigitaldeasturias.com\\\/noticias#listItem\",\"name\":\"Home\"}},{\"@type\":\"ListItem\",\"@id\":\"https:\\\/\\\/www.eldigitaldeasturias.com\\\/noticias\\\/el-arsenal-vuelve-a-lo-mas-alto-y-el-atleti-homenajea-a-aragones-con-el-liderato\\\/#listItem\",\"position\":3,\"name\":\"El Arsenal vuelve a lo m\\u00e1s alto y el Atleti homenajea a Aragon\\u00e9s con el liderato\",\"previousItem\":{\"@type\":\"ListItem\",\"@id\":\"https:\\\/\\\/www.eldigitaldeasturias.com\\\/noticias\\\/category\\\/actualidad\\\/#listItem\",\"name\":\"Actualidad\"}}]},{\"@type\":\"Organization\",\"@id\":\"https:\\\/\\\/www.eldigitaldeasturias.com\\\/noticias\\\/#organization\",\"name\":\"El Digital de Asturias\",\"description\":\"Hemeroteca\",\"url\":\"https:\\\/\\\/www.eldigitaldeasturias.com\\\/noticias\\\/\",\"email\":\"info@eldigitaldeasturias.com\",\"telephone\":\"+34652131393\",\"logo\":{\"@type\":\"ImageObject\",\"url\":\"https:\\\/\\\/www.eldigitaldeasturias.com\\\/noticias\\\/wp-content\\\/uploads\\\/2020\\\/12\\\/EDA.jpg\",\"@id\":\"https:\\\/\\\/www.eldigitaldeasturias.com\\\/noticias\\\/el-arsenal-vuelve-a-lo-mas-alto-y-el-atleti-homenajea-a-aragones-con-el-liderato\\\/#organizationLogo\"},\"image\":{\"@id\":\"https:\\\/\\\/www.eldigitaldeasturias.com\\\/noticias\\\/el-arsenal-vuelve-a-lo-mas-alto-y-el-atleti-homenajea-a-aragones-con-el-liderato\\\/#organizationLogo\"},\"sameAs\":[\"https:\\\/\\\/facebook.com\\\/eldigitaldeasturias\",\"https:\\\/\\\/www.youtube.com\\\/channel\\\/UCZP-2wLEB9Rv6erhFmqVnvg\"],\"address\":{\"@id\":\"https:\\\/\\\/www.eldigitaldeasturias.com\\\/noticias\\\/#postaladdress\",\"@type\":\"PostalAddress\",\"streetAddress\":\"san antonio 4\",\"postalCode\":\"33430\",\"addressLocality\":\"Cand\\u00e1s\",\"addressRegion\":\"Asturias\",\"addressCountry\":\"ES\"}},{\"@type\":\"Person\",\"@id\":\"https:\\\/\\\/www.eldigitaldeasturias.com\\\/noticias\\\/author\\\/admin\\\/#author\",\"url\":\"https:\\\/\\\/www.eldigitaldeasturias.com\\\/noticias\\\/author\\\/admin\\\/\",\"name\":\"El Digital de Asturias\",\"image\":{\"@type\":\"ImageObject\",\"@id\":\"https:\\\/\\\/www.eldigitaldeasturias.com\\\/noticias\\\/el-arsenal-vuelve-a-lo-mas-alto-y-el-atleti-homenajea-a-aragones-con-el-liderato\\\/#authorImage\",\"url\":\"https:\\\/\\\/secure.gravatar.com\\\/avatar\\\/df2aeffc32bcd13f8d26072ef8a91b623d677766deac7f97ca815868cd41bf5e?s=96&d=mm&r=g\",\"width\":96,\"height\":96,\"caption\":\"El Digital de Asturias\"}},{\"@type\":\"WebPage\",\"@id\":\"https:\\\/\\\/www.eldigitaldeasturias.com\\\/noticias\\\/el-arsenal-vuelve-a-lo-mas-alto-y-el-atleti-homenajea-a-aragones-con-el-liderato\\\/#webpage\",\"url\":\"https:\\\/\\\/www.eldigitaldeasturias.com\\\/noticias\\\/el-arsenal-vuelve-a-lo-mas-alto-y-el-atleti-homenajea-a-aragones-con-el-liderato\\\/\",\"name\":\"El Arsenal vuelve a lo m\\u00e1s alto y el Atleti homenajea a Aragon\\u00e9s con el liderato - El Digital de Asturias\",\"description\":\"Madrid, 2 feb (EFE).- El Arsenal volvi\\u00f3 al liderato en la Premier, a expensas de lo haga ma\\u00f1ana el Manchester City, en un fin de semana europeo que ha sido triste para el f\\u00fatbol espa\\u00f1ol, que ha perdido este s\\u00e1bado a un Luis Aragon\\u00e9s que llev\\u00f3 a Espa\\u00f1a a ganar la Eurocopa 2008 y fue\",\"inLanguage\":\"es-ES\",\"isPartOf\":{\"@id\":\"https:\\\/\\\/www.eldigitaldeasturias.com\\\/noticias\\\/#website\"},\"breadcrumb\":{\"@id\":\"https:\\\/\\\/www.eldigitaldeasturias.com\\\/noticias\\\/el-arsenal-vuelve-a-lo-mas-alto-y-el-atleti-homenajea-a-aragones-con-el-liderato\\\/#breadcrumblist\"},\"author\":{\"@id\":\"https:\\\/\\\/www.eldigitaldeasturias.com\\\/noticias\\\/author\\\/admin\\\/#author\"},\"creator\":{\"@id\":\"https:\\\/\\\/www.eldigitaldeasturias.com\\\/noticias\\\/author\\\/admin\\\/#author\"},\"image\":{\"@type\":\"ImageObject\",\"url\":482419,\"@id\":\"https:\\\/\\\/www.eldigitaldeasturias.com\\\/noticias\\\/el-arsenal-vuelve-a-lo-mas-alto-y-el-atleti-homenajea-a-aragones-con-el-liderato\\\/#mainImage\"},\"primaryImageOfPage\":{\"@id\":\"https:\\\/\\\/www.eldigitaldeasturias.com\\\/noticias\\\/el-arsenal-vuelve-a-lo-mas-alto-y-el-atleti-homenajea-a-aragones-con-el-liderato\\\/#mainImage\"},\"datePublished\":\"2014-02-03T00:17:27+01:00\",\"dateModified\":\"2014-02-03T00:17:27+01:00\"},{\"@type\":\"WebSite\",\"@id\":\"https:\\\/\\\/www.eldigitaldeasturias.com\\\/noticias\\\/#website\",\"url\":\"https:\\\/\\\/www.eldigitaldeasturias.com\\\/noticias\\\/\",\"name\":\"El Digital de Asturias - Diario de actualidad y noticias\",\"alternateName\":\"El Digital de Asturias - Diario de actualidad y noticias\",\"description\":\"Hemeroteca\",\"inLanguage\":\"es-ES\",\"publisher\":{\"@id\":\"https:\\\/\\\/www.eldigitaldeasturias.com\\\/noticias\\\/#organization\"}}]}\n\t\t<\/script>\n\t\t<!-- All in One SEO Pro -->\r\n\t\t<title>El Arsenal vuelve a lo m\u00e1s alto y el Atleti homenajea a Aragon\u00e9s con el liderato - El Digital de Asturias<\/title>\n\n","aioseo_head_json":{"title":"El Arsenal vuelve a lo m\u00e1s alto y el Atleti homenajea a Aragon\u00e9s con el liderato - El Digital de Asturias","description":"Madrid, 2 feb (EFE).- El Arsenal volvi\u00f3 al liderato en la Premier, a expensas de lo haga ma\u00f1ana el Manchester City, en un fin de semana europeo que ha sido triste para el f\u00fatbol espa\u00f1ol, que ha perdido este s\u00e1bado a un Luis Aragon\u00e9s que llev\u00f3 a Espa\u00f1a a ganar la Eurocopa 2008 y fue","canonical_url":"https:\/\/www.eldigitaldeasturias.com\/noticias\/el-arsenal-vuelve-a-lo-mas-alto-y-el-atleti-homenajea-a-aragones-con-el-liderato\/","robots":"max-image-preview:large","keywords":"actualidad","webmasterTools":{"google-site-verification":"UA-38556648-1","msvalidate.01":"7dfe9f3f1b24437ab69f4f2559babe99","miscellaneous":""},"schema":{"@context":"https:\/\/schema.org","@graph":[{"@type":"BlogPosting","@id":"https:\/\/www.eldigitaldeasturias.com\/noticias\/el-arsenal-vuelve-a-lo-mas-alto-y-el-atleti-homenajea-a-aragones-con-el-liderato\/#blogposting","name":"El Arsenal vuelve a lo m\u00e1s alto y el Atleti homenajea a Aragon\u00e9s con el liderato - El Digital de Asturias","headline":"El Arsenal vuelve a lo m\u00e1s alto y el Atleti homenajea a Aragon\u00e9s con el liderato","author":{"@id":"https:\/\/www.eldigitaldeasturias.com\/noticias\/author\/admin\/#author"},"publisher":{"@id":"https:\/\/www.eldigitaldeasturias.com\/noticias\/#organization"},"image":{"@type":"ImageObject","url":482419},"datePublished":"2014-02-03T00:17:27+01:00","dateModified":"2014-02-03T00:17:27+01:00","inLanguage":"es-ES","mainEntityOfPage":{"@id":"https:\/\/www.eldigitaldeasturias.com\/noticias\/el-arsenal-vuelve-a-lo-mas-alto-y-el-atleti-homenajea-a-aragones-con-el-liderato\/#webpage"},"isPartOf":{"@id":"https:\/\/www.eldigitaldeasturias.com\/noticias\/el-arsenal-vuelve-a-lo-mas-alto-y-el-atleti-homenajea-a-aragones-con-el-liderato\/#webpage"},"articleSection":"Actualidad"},{"@type":"BreadcrumbList","@id":"https:\/\/www.eldigitaldeasturias.com\/noticias\/el-arsenal-vuelve-a-lo-mas-alto-y-el-atleti-homenajea-a-aragones-con-el-liderato\/#breadcrumblist","itemListElement":[{"@type":"ListItem","@id":"https:\/\/www.eldigitaldeasturias.com\/noticias#listItem","position":1,"name":"Home","item":"https:\/\/www.eldigitaldeasturias.com\/noticias","nextItem":{"@type":"ListItem","@id":"https:\/\/www.eldigitaldeasturias.com\/noticias\/category\/actualidad\/#listItem","name":"Actualidad"}},{"@type":"ListItem","@id":"https:\/\/www.eldigitaldeasturias.com\/noticias\/category\/actualidad\/#listItem","position":2,"name":"Actualidad","item":"https:\/\/www.eldigitaldeasturias.com\/noticias\/category\/actualidad\/","nextItem":{"@type":"ListItem","@id":"https:\/\/www.eldigitaldeasturias.com\/noticias\/el-arsenal-vuelve-a-lo-mas-alto-y-el-atleti-homenajea-a-aragones-con-el-liderato\/#listItem","name":"El Arsenal vuelve a lo m\u00e1s alto y el Atleti homenajea a Aragon\u00e9s con el liderato"},"previousItem":{"@type":"ListItem","@id":"https:\/\/www.eldigitaldeasturias.com\/noticias#listItem","name":"Home"}},{"@type":"ListItem","@id":"https:\/\/www.eldigitaldeasturias.com\/noticias\/el-arsenal-vuelve-a-lo-mas-alto-y-el-atleti-homenajea-a-aragones-con-el-liderato\/#listItem","position":3,"name":"El Arsenal vuelve a lo m\u00e1s alto y el Atleti homenajea a Aragon\u00e9s con el liderato","previousItem":{"@type":"ListItem","@id":"https:\/\/www.eldigitaldeasturias.com\/noticias\/category\/actualidad\/#listItem","name":"Actualidad"}}]},{"@type":"Organization","@id":"https:\/\/www.eldigitaldeasturias.com\/noticias\/#organization","name":"El Digital de Asturias","description":"Hemeroteca","url":"https:\/\/www.eldigitaldeasturias.com\/noticias\/","email":"info@eldigitaldeasturias.com","telephone":"+34652131393","logo":{"@type":"ImageObject","url":"https:\/\/www.eldigitaldeasturias.com\/noticias\/wp-content\/uploads\/2020\/12\/EDA.jpg","@id":"https:\/\/www.eldigitaldeasturias.com\/noticias\/el-arsenal-vuelve-a-lo-mas-alto-y-el-atleti-homenajea-a-aragones-con-el-liderato\/#organizationLogo"},"image":{"@id":"https:\/\/www.eldigitaldeasturias.com\/noticias\/el-arsenal-vuelve-a-lo-mas-alto-y-el-atleti-homenajea-a-aragones-con-el-liderato\/#organizationLogo"},"sameAs":["https:\/\/facebook.com\/eldigitaldeasturias","https:\/\/www.youtube.com\/channel\/UCZP-2wLEB9Rv6erhFmqVnvg"],"address":{"@id":"https:\/\/www.eldigitaldeasturias.com\/noticias\/#postaladdress","@type":"PostalAddress","streetAddress":"san antonio 4","postalCode":"33430","addressLocality":"Cand\u00e1s","addressRegion":"Asturias","addressCountry":"ES"}},{"@type":"Person","@id":"https:\/\/www.eldigitaldeasturias.com\/noticias\/author\/admin\/#author","url":"https:\/\/www.eldigitaldeasturias.com\/noticias\/author\/admin\/","name":"El Digital de Asturias","image":{"@type":"ImageObject","@id":"https:\/\/www.eldigitaldeasturias.com\/noticias\/el-arsenal-vuelve-a-lo-mas-alto-y-el-atleti-homenajea-a-aragones-con-el-liderato\/#authorImage","url":"https:\/\/secure.gravatar.com\/avatar\/df2aeffc32bcd13f8d26072ef8a91b623d677766deac7f97ca815868cd41bf5e?s=96&d=mm&r=g","width":96,"height":96,"caption":"El Digital de Asturias"}},{"@type":"WebPage","@id":"https:\/\/www.eldigitaldeasturias.com\/noticias\/el-arsenal-vuelve-a-lo-mas-alto-y-el-atleti-homenajea-a-aragones-con-el-liderato\/#webpage","url":"https:\/\/www.eldigitaldeasturias.com\/noticias\/el-arsenal-vuelve-a-lo-mas-alto-y-el-atleti-homenajea-a-aragones-con-el-liderato\/","name":"El Arsenal vuelve a lo m\u00e1s alto y el Atleti homenajea a Aragon\u00e9s con el liderato - El Digital de Asturias","description":"Madrid, 2 feb (EFE).- El Arsenal volvi\u00f3 al liderato en la Premier, a expensas de lo haga ma\u00f1ana el Manchester City, en un fin de semana europeo que ha sido triste para el f\u00fatbol espa\u00f1ol, que ha perdido este s\u00e1bado a un Luis Aragon\u00e9s que llev\u00f3 a Espa\u00f1a a ganar la Eurocopa 2008 y fue","inLanguage":"es-ES","isPartOf":{"@id":"https:\/\/www.eldigitaldeasturias.com\/noticias\/#website"},"breadcrumb":{"@id":"https:\/\/www.eldigitaldeasturias.com\/noticias\/el-arsenal-vuelve-a-lo-mas-alto-y-el-atleti-homenajea-a-aragones-con-el-liderato\/#breadcrumblist"},"author":{"@id":"https:\/\/www.eldigitaldeasturias.com\/noticias\/author\/admin\/#author"},"creator":{"@id":"https:\/\/www.eldigitaldeasturias.com\/noticias\/author\/admin\/#author"},"image":{"@type":"ImageObject","url":482419,"@id":"https:\/\/www.eldigitaldeasturias.com\/noticias\/el-arsenal-vuelve-a-lo-mas-alto-y-el-atleti-homenajea-a-aragones-con-el-liderato\/#mainImage"},"primaryImageOfPage":{"@id":"https:\/\/www.eldigitaldeasturias.com\/noticias\/el-arsenal-vuelve-a-lo-mas-alto-y-el-atleti-homenajea-a-aragones-con-el-liderato\/#mainImage"},"datePublished":"2014-02-03T00:17:27+01:00","dateModified":"2014-02-03T00:17:27+01:00"},{"@type":"WebSite","@id":"https:\/\/www.eldigitaldeasturias.com\/noticias\/#website","url":"https:\/\/www.eldigitaldeasturias.com\/noticias\/","name":"El Digital de Asturias - Diario de actualidad y noticias","alternateName":"El Digital de Asturias - Diario de actualidad y noticias","description":"Hemeroteca","inLanguage":"es-ES","publisher":{"@id":"https:\/\/www.eldigitaldeasturias.com\/noticias\/#organization"}}]},"og:locale":"es_ES","og:site_name":"El Digital de Asturias","og:type":"article","og:title":"El Arsenal vuelve a lo m\u00e1s alto y el Atleti homenajea a Aragon\u00e9s con el liderato - El Digital de Asturias","og:description":"Madrid, 2 feb (EFE).- El Arsenal volvi\u00f3 al liderato en la Premier, a expensas de lo haga ma\u00f1ana el Manchester City, en un fin de semana europeo que ha sido triste para el f\u00fatbol espa\u00f1ol, que ha perdido este s\u00e1bado a un Luis Aragon\u00e9s que llev\u00f3 a Espa\u00f1a a ganar la Eurocopa 2008 y fue","og:url":"https:\/\/www.eldigitaldeasturias.com\/noticias\/el-arsenal-vuelve-a-lo-mas-alto-y-el-atleti-homenajea-a-aragones-con-el-liderato\/","article:tag":["actualidad"],"article:published_time":"2014-02-03T01:17:27+00:00","article:modified_time":"2014-02-03T01:17:27+00:00","article:publisher":"https:\/\/facebook.com\/eldigitaldeasturias","twitter:card":"summary_large_image","twitter:title":"El Arsenal vuelve a lo m\u00e1s alto y el Atleti homenajea a Aragon\u00e9s con el liderato - El Digital de Asturias","twitter:description":"Madrid, 2 feb (EFE).- El Arsenal volvi\u00f3 al liderato en la Premier, a expensas de lo haga ma\u00f1ana el Manchester City, en un fin de semana europeo que ha sido triste para el f\u00fatbol espa\u00f1ol, que ha perdido este s\u00e1bado a un Luis Aragon\u00e9s que llev\u00f3 a Espa\u00f1a a ganar la Eurocopa 2008 y fue","twitter:label1":"Escrito por","twitter:data1":"El Digital de Asturias","twitter:label2":"Tiempo de lectura estimado","twitter:data2":"4 minutos"},"aioseo_meta_data":{"post_id":"482418","title":null,"description":null,"keywords":null,"keyphrases":null,"primary_term":null,"canonical_url":null,"og_title":null,"og_description":null,"og_object_type":"default","og_image_type":"default","og_image_url":null,"og_image_width":null,"og_image_height":null,"og_image_custom_url":null,"og_image_custom_fields":null,"og_video":null,"og_custom_url":null,"og_article_section":null,"og_article_tags":null,"twitter_use_og":true,"twitter_card":"default","twitter_image_type":"default","twitter_image_url":null,"twitter_image_custom_url":null,"twitter_image_custom_fields":null,"twitter_title":null,"twitter_description":null,"schema":{"blockGraphs":[],"customGraphs":[],"default":{"data":{"Article":[],"Course":[],"Dataset":[],"FAQPage":[],"Movie":[],"Person":[],"Product":[],"ProductReview":[],"Car":[],"Recipe":[],"Service":[],"SoftwareApplication":[],"WebPage":[]},"graphName":"","isEnabled":true},"graphs":[],"defaultGraph":"","defaultPostTypeGraph":""},"schema_type":null,"schema_type_options":null,"pillar_content":false,"robots_default":true,"robots_noindex":false,"robots_noarchive":false,"robots_nosnippet":false,"robots_nofollow":false,"robots_noimageindex":false,"robots_noodp":false,"robots_notranslate":false,"robots_max_snippet":null,"robots_max_videopreview":null,"robots_max_imagepreview":"none","priority":null,"frequency":null,"local_seo":null,"seo_analyzer_scan_date":"2026-06-02 09:45:59","breadcrumb_settings":null,"limit_modified_date":false,"open_ai":null,"ai":null,"created":"2020-11-14 22:54:35","updated":"2026-06-02 09:45:59","focus_keyword":null,"additional_keywords":null,"truseo_locale":null},"aioseo_breadcrumb":"<div class=\"aioseo-breadcrumbs\"><span class=\"aioseo-breadcrumb\">\n\t<a href=\"https:\/\/www.eldigitaldeasturias.com\/noticias\" title=\"Home\">Home<\/a>\n<\/span><span class=\"aioseo-breadcrumb-separator\">\u2013<\/span><span class=\"aioseo-breadcrumb\">\n\t<a href=\"https:\/\/www.eldigitaldeasturias.com\/noticias\/category\/actualidad\/\" title=\"Actualidad\">Actualidad<\/a>\n<\/span><span class=\"aioseo-breadcrumb-separator\">\u2013<\/span><span class=\"aioseo-breadcrumb\">\n\t<a href=\"https:\/\/www.eldigitaldeasturias.com\/noticias\/el-arsenal-vuelve-a-lo-mas-alto-y-el-atleti-homenajea-a-aragones-con-el-liderato\/\" title=\"El Arsenal vuelve a lo m\u00e1s alto y el Atleti homenajea a Aragon\u00e9s con el liderato\">El Arsenal vuelve a lo m\u00e1s alto y el Atleti homenajea a Aragon\u00e9s con el liderato<\/a>\n<\/span><\/div>","aioseo_breadcrumb_json":[{"label":"Home","link":"https:\/\/www.eldigitaldeasturias.com\/noticias"},{"label":"Actualidad","link":"https:\/\/www.eldigitaldeasturias.com\/noticias\/category\/actualidad\/"},{"label":"El Arsenal vuelve a lo m\u00e1s alto y el Atleti homenajea a Aragon\u00e9s con el liderato","link":"https:\/\/www.eldigitaldeasturias.com\/noticias\/el-arsenal-vuelve-a-lo-mas-alto-y-el-atleti-homenajea-a-aragones-con-el-liderato\/"}],"_links":{"self":[{"href":"https:\/\/www.eldigitaldeasturias.com\/noticias\/wp-json\/wp\/v2\/posts\/482418","targetHints":{"allow":["GET"]}}],"collection":[{"href":"https:\/\/www.eldigitaldeasturias.com\/noticias\/wp-json\/wp\/v2\/posts"}],"about":[{"href":"https:\/\/www.eldigitaldeasturias.com\/noticias\/wp-json\/wp\/v2\/types\/post"}],"author":[{"embeddable":true,"href":"https:\/\/www.eldigitaldeasturias.com\/noticias\/wp-json\/wp\/v2\/users\/1"}],"replies":[{"embeddable":true,"href":"https:\/\/www.eldigitaldeasturias.com\/noticias\/wp-json\/wp\/v2\/comments?post=482418"}],"version-history":[{"count":0,"href":"https:\/\/www.eldigitaldeasturias.com\/noticias\/wp-json\/wp\/v2\/posts\/482418\/revisions"}],"wp:attachment":[{"href":"https:\/\/www.eldigitaldeasturias.com\/noticias\/wp-json\/wp\/v2\/media?parent=482418"}],"wp:term":[{"taxonomy":"category","embeddable":true,"href":"https:\/\/www.eldigitaldeasturias.com\/noticias\/wp-json\/wp\/v2\/categories?post=482418"},{"taxonomy":"post_tag","embeddable":true,"href":"https:\/\/www.eldigitaldeasturias.com\/noticias\/wp-json\/wp\/v2\/tags?post=482418"}],"curies":[{"name":"wp","href":"https:\/\/api.w.org\/{rel}","templated":true}]}}