{"id":482376,"date":"2014-02-02T22:56:57","date_gmt":"2014-02-02T23:56:57","guid":{"rendered":"http:\/\/www.eldigitaldeasturias.com\/noticias\/?p=482376"},"modified":"2014-02-02T22:56:57","modified_gmt":"2014-02-02T23:56:57","slug":"opositores-rusos-exigen-en-el-centro-de-moscu-la-liberacion-de-presos-politicos","status":"publish","type":"post","link":"https:\/\/www.eldigitaldeasturias.com\/noticias\/opositores-rusos-exigen-en-el-centro-de-moscu-la-liberacion-de-presos-politicos\/","title":{"rendered":"Opositores rusos exigen en el centro de Mosc\u00fa la liberaci\u00f3n de presos pol\u00edticos"},"content":{"rendered":"<p><img loading=\"lazy\" decoding=\"async\" class=\"alignleft size-medium wp-image-482377\" alt=\"5901683w\" src=\"https:\/\/www.eldigitaldeasturias.com\/noticias\/wp-content\/uploads\/2014\/02\/5901683w-360x240.jpg\" width=\"360\" height=\"240\" \/>Mosc\u00fa, 2 feb (EFE).- Miles de opositores se han congregado en el centro de Mosc\u00fa para exigir la liberaci\u00f3n de presos pol\u00edticos, en una marcha autorizada por las autoridades de la capital rusa.<\/p>\n<p>Los manifestantes marchan por los c\u00e9ntricos bulevares y demandan la liberaci\u00f3n de los detenidos durante una manifestaci\u00f3n de protesta en la Plaza Bol\u00f3tnaya de Mosc\u00fa del 6 de mayo de 2012, que desemboc\u00f3 en violentos enfrentamientos con la polic\u00eda.<\/p>\n<p>El Ministerio ruso de Interior cifr\u00f3 en alrededor de 2.000 personas los participantes en el acto de protesta de hoy, seg\u00fan la agencia Interfax.<\/p>\n<p>La Fiscal\u00eda solicit\u00f3 el pasado 22 de enero penas de entre 5 y 6 a\u00f1os de prisi\u00f3n para los presuntos participantes en los enfrentamientos violentos que estallaron en la Bol\u00f3tnaya.<\/p>\n<p>Los ocho opositores son procesados por la Justicia por los des\u00f3rdenes que estallaron un d\u00eda antes de que el ahora presidente, Vlad\u00edmir Putin, fuera investido.<\/p>\n<p>En los enfrentamientos, que concluyeron con la detenci\u00f3n de m\u00e1s de medio millar de personas, 82 polic\u00edas resultaron heridos y los da\u00f1os causados ascendieron a 28 millones de rublos (casi un mill\u00f3n de d\u00f3lares), seg\u00fan las autoridades rusas.<\/p>\n<p>Numerosos activistas de los derechos humanos exigen la liberaci\u00f3n de los implicados en el \u00abcaso Bol\u00f3tnaya\u00bb y alegan que son v\u00edctimas de lo que califican de proceso ejemplar contra los que critican la gesti\u00f3n de Putin.<\/p>\n","protected":false},"excerpt":{"rendered":"<p>Mosc\u00fa, 2 feb (EFE).- Miles de opositores se han congregado en el centro de Mosc\u00fa para exigir la liberaci\u00f3n de presos pol\u00edticos, en una marcha autorizada por las autoridades de la capital rusa. Los manifestantes marchan por los c\u00e9ntricos bulevares y demandan la liberaci\u00f3n de los detenidos durante una manifestaci\u00f3n de protesta en la Plaza [&hellip;]<\/p>\n","protected":false},"author":1,"featured_media":482377,"comment_status":"closed","ping_status":"open","sticky":false,"template":"","format":"standard","meta":{"footnotes":""},"categories":[1],"tags":[],"class_list":["post-482376","post","type-post","status-publish","format-standard","has-post-thumbnail","hentry","category-actualidad"],"aioseo_notices":[],"aioseo_head":"\n\t\t<!-- All in One SEO Pro 5.0.1 - aioseo.com -->\n\t<meta name=\"description\" content=\"Mosc\u00fa, 2 feb (EFE).- Miles de opositores se han congregado en el centro de Mosc\u00fa para exigir la liberaci\u00f3n de presos pol\u00edticos, en una marcha autorizada por las autoridades de la capital rusa. Los manifestantes marchan por los c\u00e9ntricos bulevares y demandan la liberaci\u00f3n de los detenidos durante una manifestaci\u00f3n de protesta en la Plaza\" \/>\n\t<meta name=\"robots\" content=\"max-image-preview:large\" \/>\n\t<meta name=\"author\" content=\"El Digital de Asturias\"\/>\n\t<meta name=\"google-site-verification\" content=\"UA-38556648-1\" \/>\n\t<meta name=\"msvalidate.01\" content=\"7dfe9f3f1b24437ab69f4f2559babe99\" \/>\n\t<meta name=\"keywords\" content=\"actualidad\" \/>\n\t<link rel=\"canonical\" href=\"https:\/\/www.eldigitaldeasturias.com\/noticias\/opositores-rusos-exigen-en-el-centro-de-moscu-la-liberacion-de-presos-politicos\/\" \/>\n\t<meta name=\"generator\" content=\"All in One SEO Pro (AIOSEO) 5.0.1\" \/>\n\t\t<meta property=\"og:locale\" content=\"es_ES\" \/>\n\t\t<meta property=\"og:site_name\" content=\"El Digital de Asturias\" \/>\n\t\t<meta property=\"og:type\" content=\"article\" \/>\n\t\t<meta property=\"og:title\" content=\"Opositores rusos exigen en el centro de Mosc\u00fa la liberaci\u00f3n de presos pol\u00edticos - El Digital de Asturias\" \/>\n\t\t<meta property=\"og:description\" content=\"Mosc\u00fa, 2 feb (EFE).- Miles de opositores se han congregado en el centro de Mosc\u00fa para exigir la liberaci\u00f3n de presos pol\u00edticos, en una marcha autorizada por las autoridades de la capital rusa. Los manifestantes marchan por los c\u00e9ntricos bulevares y demandan la liberaci\u00f3n de los detenidos durante una manifestaci\u00f3n de protesta en la Plaza\" \/>\n\t\t<meta property=\"og:url\" content=\"https:\/\/www.eldigitaldeasturias.com\/noticias\/opositores-rusos-exigen-en-el-centro-de-moscu-la-liberacion-de-presos-politicos\/\" \/>\n\t\t<meta property=\"article:tag\" content=\"actualidad\" \/>\n\t\t<meta property=\"article:published_time\" content=\"2014-02-02T23:56:57+00:00\" \/>\n\t\t<meta property=\"article:modified_time\" content=\"2014-02-02T23:56:57+00:00\" \/>\n\t\t<meta property=\"article:publisher\" content=\"https:\/\/facebook.com\/eldigitaldeasturias\" \/>\n\t\t<meta name=\"twitter:card\" content=\"summary_large_image\" \/>\n\t\t<meta name=\"twitter:title\" content=\"Opositores rusos exigen en el centro de Mosc\u00fa la liberaci\u00f3n de presos pol\u00edticos - El Digital de Asturias\" \/>\n\t\t<meta name=\"twitter:description\" content=\"Mosc\u00fa, 2 feb (EFE).- Miles de opositores se han congregado en el centro de Mosc\u00fa para exigir la liberaci\u00f3n de presos pol\u00edticos, en una marcha autorizada por las autoridades de la capital rusa. Los manifestantes marchan por los c\u00e9ntricos bulevares y demandan la liberaci\u00f3n de los detenidos durante una manifestaci\u00f3n de protesta en la Plaza\" \/>\n\t\t<meta name=\"twitter:label1\" content=\"Escrito por\" \/>\n\t\t<meta name=\"twitter:data1\" content=\"El Digital de Asturias\" \/>\n\t\t<meta name=\"twitter:label2\" content=\"Tiempo de lectura estimado\" \/>\n\t\t<meta name=\"twitter:data2\" content=\"1 minuto\" \/>\n\t\t<script type=\"application\/ld+json\" class=\"aioseo-schema\">\n\t\t\t{\"@context\":\"https:\\\/\\\/schema.org\",\"@graph\":[{\"@type\":\"BlogPosting\",\"@id\":\"https:\\\/\\\/www.eldigitaldeasturias.com\\\/noticias\\\/opositores-rusos-exigen-en-el-centro-de-moscu-la-liberacion-de-presos-politicos\\\/#blogposting\",\"name\":\"Opositores rusos exigen en el centro de Mosc\\u00fa la liberaci\\u00f3n de presos pol\\u00edticos - El Digital de Asturias\",\"headline\":\"Opositores rusos exigen en el centro de Mosc\\u00fa la liberaci\\u00f3n de presos pol\\u00edticos\",\"author\":{\"@id\":\"https:\\\/\\\/www.eldigitaldeasturias.com\\\/noticias\\\/author\\\/admin\\\/#author\"},\"publisher\":{\"@id\":\"https:\\\/\\\/www.eldigitaldeasturias.com\\\/noticias\\\/#organization\"},\"image\":{\"@type\":\"ImageObject\",\"url\":482377},\"datePublished\":\"2014-02-02T22:56:57+01:00\",\"dateModified\":\"2014-02-02T22:56:57+01:00\",\"inLanguage\":\"es-ES\",\"mainEntityOfPage\":{\"@id\":\"https:\\\/\\\/www.eldigitaldeasturias.com\\\/noticias\\\/opositores-rusos-exigen-en-el-centro-de-moscu-la-liberacion-de-presos-politicos\\\/#webpage\"},\"isPartOf\":{\"@id\":\"https:\\\/\\\/www.eldigitaldeasturias.com\\\/noticias\\\/opositores-rusos-exigen-en-el-centro-de-moscu-la-liberacion-de-presos-politicos\\\/#webpage\"},\"articleSection\":\"Actualidad\"},{\"@type\":\"BreadcrumbList\",\"@id\":\"https:\\\/\\\/www.eldigitaldeasturias.com\\\/noticias\\\/opositores-rusos-exigen-en-el-centro-de-moscu-la-liberacion-de-presos-politicos\\\/#breadcrumblist\",\"itemListElement\":[{\"@type\":\"ListItem\",\"@id\":\"https:\\\/\\\/www.eldigitaldeasturias.com\\\/noticias#listItem\",\"position\":1,\"name\":\"Home\",\"item\":\"https:\\\/\\\/www.eldigitaldeasturias.com\\\/noticias\",\"nextItem\":{\"@type\":\"ListItem\",\"@id\":\"https:\\\/\\\/www.eldigitaldeasturias.com\\\/noticias\\\/category\\\/actualidad\\\/#listItem\",\"name\":\"Actualidad\"}},{\"@type\":\"ListItem\",\"@id\":\"https:\\\/\\\/www.eldigitaldeasturias.com\\\/noticias\\\/category\\\/actualidad\\\/#listItem\",\"position\":2,\"name\":\"Actualidad\",\"item\":\"https:\\\/\\\/www.eldigitaldeasturias.com\\\/noticias\\\/category\\\/actualidad\\\/\",\"nextItem\":{\"@type\":\"ListItem\",\"@id\":\"https:\\\/\\\/www.eldigitaldeasturias.com\\\/noticias\\\/opositores-rusos-exigen-en-el-centro-de-moscu-la-liberacion-de-presos-politicos\\\/#listItem\",\"name\":\"Opositores rusos exigen en el centro de Mosc\\u00fa la liberaci\\u00f3n de presos pol\\u00edticos\"},\"previousItem\":{\"@type\":\"ListItem\",\"@id\":\"https:\\\/\\\/www.eldigitaldeasturias.com\\\/noticias#listItem\",\"name\":\"Home\"}},{\"@type\":\"ListItem\",\"@id\":\"https:\\\/\\\/www.eldigitaldeasturias.com\\\/noticias\\\/opositores-rusos-exigen-en-el-centro-de-moscu-la-liberacion-de-presos-politicos\\\/#listItem\",\"position\":3,\"name\":\"Opositores rusos exigen en el centro de Mosc\\u00fa la liberaci\\u00f3n de presos pol\\u00edticos\",\"previousItem\":{\"@type\":\"ListItem\",\"@id\":\"https:\\\/\\\/www.eldigitaldeasturias.com\\\/noticias\\\/category\\\/actualidad\\\/#listItem\",\"name\":\"Actualidad\"}}]},{\"@type\":\"Organization\",\"@id\":\"https:\\\/\\\/www.eldigitaldeasturias.com\\\/noticias\\\/#organization\",\"name\":\"El Digital de Asturias\",\"description\":\"Hemeroteca\",\"url\":\"https:\\\/\\\/www.eldigitaldeasturias.com\\\/noticias\\\/\",\"email\":\"info@eldigitaldeasturias.com\",\"telephone\":\"+34652131393\",\"logo\":{\"@type\":\"ImageObject\",\"url\":\"https:\\\/\\\/www.eldigitaldeasturias.com\\\/noticias\\\/wp-content\\\/uploads\\\/2020\\\/12\\\/EDA.jpg\",\"@id\":\"https:\\\/\\\/www.eldigitaldeasturias.com\\\/noticias\\\/opositores-rusos-exigen-en-el-centro-de-moscu-la-liberacion-de-presos-politicos\\\/#organizationLogo\"},\"image\":{\"@id\":\"https:\\\/\\\/www.eldigitaldeasturias.com\\\/noticias\\\/opositores-rusos-exigen-en-el-centro-de-moscu-la-liberacion-de-presos-politicos\\\/#organizationLogo\"},\"sameAs\":[\"https:\\\/\\\/facebook.com\\\/eldigitaldeasturias\",\"https:\\\/\\\/www.youtube.com\\\/channel\\\/UCZP-2wLEB9Rv6erhFmqVnvg\"],\"address\":{\"@id\":\"https:\\\/\\\/www.eldigitaldeasturias.com\\\/noticias\\\/#postaladdress\",\"@type\":\"PostalAddress\",\"streetAddress\":\"san antonio 4\",\"postalCode\":\"33430\",\"addressLocality\":\"Cand\\u00e1s\",\"addressRegion\":\"Asturias\",\"addressCountry\":\"ES\"}},{\"@type\":\"Person\",\"@id\":\"https:\\\/\\\/www.eldigitaldeasturias.com\\\/noticias\\\/author\\\/admin\\\/#author\",\"url\":\"https:\\\/\\\/www.eldigitaldeasturias.com\\\/noticias\\\/author\\\/admin\\\/\",\"name\":\"El Digital de Asturias\",\"image\":{\"@type\":\"ImageObject\",\"@id\":\"https:\\\/\\\/www.eldigitaldeasturias.com\\\/noticias\\\/opositores-rusos-exigen-en-el-centro-de-moscu-la-liberacion-de-presos-politicos\\\/#authorImage\",\"url\":\"https:\\\/\\\/secure.gravatar.com\\\/avatar\\\/df2aeffc32bcd13f8d26072ef8a91b623d677766deac7f97ca815868cd41bf5e?s=96&d=mm&r=g\",\"width\":96,\"height\":96,\"caption\":\"El Digital de Asturias\"}},{\"@type\":\"WebPage\",\"@id\":\"https:\\\/\\\/www.eldigitaldeasturias.com\\\/noticias\\\/opositores-rusos-exigen-en-el-centro-de-moscu-la-liberacion-de-presos-politicos\\\/#webpage\",\"url\":\"https:\\\/\\\/www.eldigitaldeasturias.com\\\/noticias\\\/opositores-rusos-exigen-en-el-centro-de-moscu-la-liberacion-de-presos-politicos\\\/\",\"name\":\"Opositores rusos exigen en el centro de Mosc\\u00fa la liberaci\\u00f3n de presos pol\\u00edticos - El Digital de Asturias\",\"description\":\"Mosc\\u00fa, 2 feb (EFE).- Miles de opositores se han congregado en el centro de Mosc\\u00fa para exigir la liberaci\\u00f3n de presos pol\\u00edticos, en una marcha autorizada por las autoridades de la capital rusa. Los manifestantes marchan por los c\\u00e9ntricos bulevares y demandan la liberaci\\u00f3n de los detenidos durante una manifestaci\\u00f3n de protesta en la Plaza\",\"inLanguage\":\"es-ES\",\"isPartOf\":{\"@id\":\"https:\\\/\\\/www.eldigitaldeasturias.com\\\/noticias\\\/#website\"},\"breadcrumb\":{\"@id\":\"https:\\\/\\\/www.eldigitaldeasturias.com\\\/noticias\\\/opositores-rusos-exigen-en-el-centro-de-moscu-la-liberacion-de-presos-politicos\\\/#breadcrumblist\"},\"author\":{\"@id\":\"https:\\\/\\\/www.eldigitaldeasturias.com\\\/noticias\\\/author\\\/admin\\\/#author\"},\"creator\":{\"@id\":\"https:\\\/\\\/www.eldigitaldeasturias.com\\\/noticias\\\/author\\\/admin\\\/#author\"},\"image\":{\"@type\":\"ImageObject\",\"url\":482377,\"@id\":\"https:\\\/\\\/www.eldigitaldeasturias.com\\\/noticias\\\/opositores-rusos-exigen-en-el-centro-de-moscu-la-liberacion-de-presos-politicos\\\/#mainImage\"},\"primaryImageOfPage\":{\"@id\":\"https:\\\/\\\/www.eldigitaldeasturias.com\\\/noticias\\\/opositores-rusos-exigen-en-el-centro-de-moscu-la-liberacion-de-presos-politicos\\\/#mainImage\"},\"datePublished\":\"2014-02-02T22:56:57+01:00\",\"dateModified\":\"2014-02-02T22:56:57+01:00\"},{\"@type\":\"WebSite\",\"@id\":\"https:\\\/\\\/www.eldigitaldeasturias.com\\\/noticias\\\/#website\",\"url\":\"https:\\\/\\\/www.eldigitaldeasturias.com\\\/noticias\\\/\",\"name\":\"El Digital de Asturias - Diario de actualidad y noticias\",\"alternateName\":\"El Digital de Asturias - Diario de actualidad y noticias\",\"description\":\"Hemeroteca\",\"inLanguage\":\"es-ES\",\"publisher\":{\"@id\":\"https:\\\/\\\/www.eldigitaldeasturias.com\\\/noticias\\\/#organization\"}}]}\n\t\t<\/script>\n\t\t<!-- All in One SEO Pro -->\r\n\t\t<title>Opositores rusos exigen en el centro de Mosc\u00fa la liberaci\u00f3n de presos pol\u00edticos - El Digital de Asturias<\/title>\n\n","aioseo_head_json":{"title":"Opositores rusos exigen en el centro de Mosc\u00fa la liberaci\u00f3n de presos pol\u00edticos - El Digital de Asturias","description":"Mosc\u00fa, 2 feb (EFE).- Miles de opositores se han congregado en el centro de Mosc\u00fa para exigir la liberaci\u00f3n de presos pol\u00edticos, en una marcha autorizada por las autoridades de la capital rusa. Los manifestantes marchan por los c\u00e9ntricos bulevares y demandan la liberaci\u00f3n de los detenidos durante una manifestaci\u00f3n de protesta en la Plaza","canonical_url":"https:\/\/www.eldigitaldeasturias.com\/noticias\/opositores-rusos-exigen-en-el-centro-de-moscu-la-liberacion-de-presos-politicos\/","robots":"max-image-preview:large","keywords":"actualidad","webmasterTools":{"google-site-verification":"UA-38556648-1","msvalidate.01":"7dfe9f3f1b24437ab69f4f2559babe99","miscellaneous":""},"schema":{"@context":"https:\/\/schema.org","@graph":[{"@type":"BlogPosting","@id":"https:\/\/www.eldigitaldeasturias.com\/noticias\/opositores-rusos-exigen-en-el-centro-de-moscu-la-liberacion-de-presos-politicos\/#blogposting","name":"Opositores rusos exigen en el centro de Mosc\u00fa la liberaci\u00f3n de presos pol\u00edticos - El Digital de Asturias","headline":"Opositores rusos exigen en el centro de Mosc\u00fa la liberaci\u00f3n de presos pol\u00edticos","author":{"@id":"https:\/\/www.eldigitaldeasturias.com\/noticias\/author\/admin\/#author"},"publisher":{"@id":"https:\/\/www.eldigitaldeasturias.com\/noticias\/#organization"},"image":{"@type":"ImageObject","url":482377},"datePublished":"2014-02-02T22:56:57+01:00","dateModified":"2014-02-02T22:56:57+01:00","inLanguage":"es-ES","mainEntityOfPage":{"@id":"https:\/\/www.eldigitaldeasturias.com\/noticias\/opositores-rusos-exigen-en-el-centro-de-moscu-la-liberacion-de-presos-politicos\/#webpage"},"isPartOf":{"@id":"https:\/\/www.eldigitaldeasturias.com\/noticias\/opositores-rusos-exigen-en-el-centro-de-moscu-la-liberacion-de-presos-politicos\/#webpage"},"articleSection":"Actualidad"},{"@type":"BreadcrumbList","@id":"https:\/\/www.eldigitaldeasturias.com\/noticias\/opositores-rusos-exigen-en-el-centro-de-moscu-la-liberacion-de-presos-politicos\/#breadcrumblist","itemListElement":[{"@type":"ListItem","@id":"https:\/\/www.eldigitaldeasturias.com\/noticias#listItem","position":1,"name":"Home","item":"https:\/\/www.eldigitaldeasturias.com\/noticias","nextItem":{"@type":"ListItem","@id":"https:\/\/www.eldigitaldeasturias.com\/noticias\/category\/actualidad\/#listItem","name":"Actualidad"}},{"@type":"ListItem","@id":"https:\/\/www.eldigitaldeasturias.com\/noticias\/category\/actualidad\/#listItem","position":2,"name":"Actualidad","item":"https:\/\/www.eldigitaldeasturias.com\/noticias\/category\/actualidad\/","nextItem":{"@type":"ListItem","@id":"https:\/\/www.eldigitaldeasturias.com\/noticias\/opositores-rusos-exigen-en-el-centro-de-moscu-la-liberacion-de-presos-politicos\/#listItem","name":"Opositores rusos exigen en el centro de Mosc\u00fa la liberaci\u00f3n de presos pol\u00edticos"},"previousItem":{"@type":"ListItem","@id":"https:\/\/www.eldigitaldeasturias.com\/noticias#listItem","name":"Home"}},{"@type":"ListItem","@id":"https:\/\/www.eldigitaldeasturias.com\/noticias\/opositores-rusos-exigen-en-el-centro-de-moscu-la-liberacion-de-presos-politicos\/#listItem","position":3,"name":"Opositores rusos exigen en el centro de Mosc\u00fa la liberaci\u00f3n de presos pol\u00edticos","previousItem":{"@type":"ListItem","@id":"https:\/\/www.eldigitaldeasturias.com\/noticias\/category\/actualidad\/#listItem","name":"Actualidad"}}]},{"@type":"Organization","@id":"https:\/\/www.eldigitaldeasturias.com\/noticias\/#organization","name":"El Digital de Asturias","description":"Hemeroteca","url":"https:\/\/www.eldigitaldeasturias.com\/noticias\/","email":"info@eldigitaldeasturias.com","telephone":"+34652131393","logo":{"@type":"ImageObject","url":"https:\/\/www.eldigitaldeasturias.com\/noticias\/wp-content\/uploads\/2020\/12\/EDA.jpg","@id":"https:\/\/www.eldigitaldeasturias.com\/noticias\/opositores-rusos-exigen-en-el-centro-de-moscu-la-liberacion-de-presos-politicos\/#organizationLogo"},"image":{"@id":"https:\/\/www.eldigitaldeasturias.com\/noticias\/opositores-rusos-exigen-en-el-centro-de-moscu-la-liberacion-de-presos-politicos\/#organizationLogo"},"sameAs":["https:\/\/facebook.com\/eldigitaldeasturias","https:\/\/www.youtube.com\/channel\/UCZP-2wLEB9Rv6erhFmqVnvg"],"address":{"@id":"https:\/\/www.eldigitaldeasturias.com\/noticias\/#postaladdress","@type":"PostalAddress","streetAddress":"san antonio 4","postalCode":"33430","addressLocality":"Cand\u00e1s","addressRegion":"Asturias","addressCountry":"ES"}},{"@type":"Person","@id":"https:\/\/www.eldigitaldeasturias.com\/noticias\/author\/admin\/#author","url":"https:\/\/www.eldigitaldeasturias.com\/noticias\/author\/admin\/","name":"El Digital de Asturias","image":{"@type":"ImageObject","@id":"https:\/\/www.eldigitaldeasturias.com\/noticias\/opositores-rusos-exigen-en-el-centro-de-moscu-la-liberacion-de-presos-politicos\/#authorImage","url":"https:\/\/secure.gravatar.com\/avatar\/df2aeffc32bcd13f8d26072ef8a91b623d677766deac7f97ca815868cd41bf5e?s=96&d=mm&r=g","width":96,"height":96,"caption":"El Digital de Asturias"}},{"@type":"WebPage","@id":"https:\/\/www.eldigitaldeasturias.com\/noticias\/opositores-rusos-exigen-en-el-centro-de-moscu-la-liberacion-de-presos-politicos\/#webpage","url":"https:\/\/www.eldigitaldeasturias.com\/noticias\/opositores-rusos-exigen-en-el-centro-de-moscu-la-liberacion-de-presos-politicos\/","name":"Opositores rusos exigen en el centro de Mosc\u00fa la liberaci\u00f3n de presos pol\u00edticos - El Digital de Asturias","description":"Mosc\u00fa, 2 feb (EFE).- Miles de opositores se han congregado en el centro de Mosc\u00fa para exigir la liberaci\u00f3n de presos pol\u00edticos, en una marcha autorizada por las autoridades de la capital rusa. Los manifestantes marchan por los c\u00e9ntricos bulevares y demandan la liberaci\u00f3n de los detenidos durante una manifestaci\u00f3n de protesta en la Plaza","inLanguage":"es-ES","isPartOf":{"@id":"https:\/\/www.eldigitaldeasturias.com\/noticias\/#website"},"breadcrumb":{"@id":"https:\/\/www.eldigitaldeasturias.com\/noticias\/opositores-rusos-exigen-en-el-centro-de-moscu-la-liberacion-de-presos-politicos\/#breadcrumblist"},"author":{"@id":"https:\/\/www.eldigitaldeasturias.com\/noticias\/author\/admin\/#author"},"creator":{"@id":"https:\/\/www.eldigitaldeasturias.com\/noticias\/author\/admin\/#author"},"image":{"@type":"ImageObject","url":482377,"@id":"https:\/\/www.eldigitaldeasturias.com\/noticias\/opositores-rusos-exigen-en-el-centro-de-moscu-la-liberacion-de-presos-politicos\/#mainImage"},"primaryImageOfPage":{"@id":"https:\/\/www.eldigitaldeasturias.com\/noticias\/opositores-rusos-exigen-en-el-centro-de-moscu-la-liberacion-de-presos-politicos\/#mainImage"},"datePublished":"2014-02-02T22:56:57+01:00","dateModified":"2014-02-02T22:56:57+01:00"},{"@type":"WebSite","@id":"https:\/\/www.eldigitaldeasturias.com\/noticias\/#website","url":"https:\/\/www.eldigitaldeasturias.com\/noticias\/","name":"El Digital de Asturias - Diario de actualidad y noticias","alternateName":"El Digital de Asturias - Diario de actualidad y noticias","description":"Hemeroteca","inLanguage":"es-ES","publisher":{"@id":"https:\/\/www.eldigitaldeasturias.com\/noticias\/#organization"}}]},"og:locale":"es_ES","og:site_name":"El Digital de Asturias","og:type":"article","og:title":"Opositores rusos exigen en el centro de Mosc\u00fa la liberaci\u00f3n de presos pol\u00edticos - El Digital de Asturias","og:description":"Mosc\u00fa, 2 feb (EFE).- Miles de opositores se han congregado en el centro de Mosc\u00fa para exigir la liberaci\u00f3n de presos pol\u00edticos, en una marcha autorizada por las autoridades de la capital rusa. Los manifestantes marchan por los c\u00e9ntricos bulevares y demandan la liberaci\u00f3n de los detenidos durante una manifestaci\u00f3n de protesta en la Plaza","og:url":"https:\/\/www.eldigitaldeasturias.com\/noticias\/opositores-rusos-exigen-en-el-centro-de-moscu-la-liberacion-de-presos-politicos\/","article:tag":["actualidad"],"article:published_time":"2014-02-02T23:56:57+00:00","article:modified_time":"2014-02-02T23:56:57+00:00","article:publisher":"https:\/\/facebook.com\/eldigitaldeasturias","twitter:card":"summary_large_image","twitter:title":"Opositores rusos exigen en el centro de Mosc\u00fa la liberaci\u00f3n de presos pol\u00edticos - El Digital de Asturias","twitter:description":"Mosc\u00fa, 2 feb (EFE).- Miles de opositores se han congregado en el centro de Mosc\u00fa para exigir la liberaci\u00f3n de presos pol\u00edticos, en una marcha autorizada por las autoridades de la capital rusa. Los manifestantes marchan por los c\u00e9ntricos bulevares y demandan la liberaci\u00f3n de los detenidos durante una manifestaci\u00f3n de protesta en la Plaza","twitter:label1":"Escrito por","twitter:data1":"El Digital de Asturias","twitter:label2":"Tiempo de lectura estimado","twitter:data2":"1 minuto"},"aioseo_meta_data":{"post_id":"482376","title":null,"description":null,"keywords":null,"keyphrases":null,"primary_term":null,"canonical_url":null,"og_title":null,"og_description":null,"og_object_type":"default","og_image_type":"default","og_image_url":null,"og_image_width":null,"og_image_height":null,"og_image_custom_url":null,"og_image_custom_fields":null,"og_video":null,"og_custom_url":null,"og_article_section":null,"og_article_tags":null,"twitter_use_og":true,"twitter_card":"default","twitter_image_type":"default","twitter_image_url":null,"twitter_image_custom_url":null,"twitter_image_custom_fields":null,"twitter_title":null,"twitter_description":null,"schema":{"blockGraphs":[],"customGraphs":[],"default":{"data":{"Article":[],"Course":[],"Dataset":[],"FAQPage":[],"Movie":[],"Person":[],"Product":[],"ProductReview":[],"Car":[],"Recipe":[],"Service":[],"SoftwareApplication":[],"WebPage":[]},"graphName":"","isEnabled":true},"graphs":[],"defaultGraph":"","defaultPostTypeGraph":""},"schema_type":null,"schema_type_options":null,"pillar_content":false,"robots_default":true,"robots_noindex":false,"robots_noarchive":false,"robots_nosnippet":false,"robots_nofollow":false,"robots_noimageindex":false,"robots_noodp":false,"robots_notranslate":false,"robots_max_snippet":null,"robots_max_videopreview":null,"robots_max_imagepreview":"none","priority":null,"frequency":null,"local_seo":null,"seo_analyzer_scan_date":"2026-06-02 09:37:58","breadcrumb_settings":null,"limit_modified_date":false,"open_ai":null,"ai":null,"created":"2020-11-14 22:54:35","updated":"2026-06-02 09:37:58","focus_keyword":null,"additional_keywords":null,"truseo_locale":null},"aioseo_breadcrumb":"<div class=\"aioseo-breadcrumbs\"><span class=\"aioseo-breadcrumb\">\n\t<a href=\"https:\/\/www.eldigitaldeasturias.com\/noticias\" title=\"Home\">Home<\/a>\n<\/span><span class=\"aioseo-breadcrumb-separator\">\u2013<\/span><span class=\"aioseo-breadcrumb\">\n\t<a href=\"https:\/\/www.eldigitaldeasturias.com\/noticias\/category\/actualidad\/\" title=\"Actualidad\">Actualidad<\/a>\n<\/span><span class=\"aioseo-breadcrumb-separator\">\u2013<\/span><span class=\"aioseo-breadcrumb\">\n\t<a href=\"https:\/\/www.eldigitaldeasturias.com\/noticias\/opositores-rusos-exigen-en-el-centro-de-moscu-la-liberacion-de-presos-politicos\/\" title=\"Opositores rusos exigen en el centro de Mosc\u00fa la liberaci\u00f3n de presos pol\u00edticos\">Opositores rusos exigen en el centro de Mosc\u00fa la liberaci\u00f3n de presos pol\u00edticos<\/a>\n<\/span><\/div>","aioseo_breadcrumb_json":[{"label":"Home","link":"https:\/\/www.eldigitaldeasturias.com\/noticias"},{"label":"Actualidad","link":"https:\/\/www.eldigitaldeasturias.com\/noticias\/category\/actualidad\/"},{"label":"Opositores rusos exigen en el centro de Mosc\u00fa la liberaci\u00f3n de presos pol\u00edticos","link":"https:\/\/www.eldigitaldeasturias.com\/noticias\/opositores-rusos-exigen-en-el-centro-de-moscu-la-liberacion-de-presos-politicos\/"}],"_links":{"self":[{"href":"https:\/\/www.eldigitaldeasturias.com\/noticias\/wp-json\/wp\/v2\/posts\/482376","targetHints":{"allow":["GET"]}}],"collection":[{"href":"https:\/\/www.eldigitaldeasturias.com\/noticias\/wp-json\/wp\/v2\/posts"}],"about":[{"href":"https:\/\/www.eldigitaldeasturias.com\/noticias\/wp-json\/wp\/v2\/types\/post"}],"author":[{"embeddable":true,"href":"https:\/\/www.eldigitaldeasturias.com\/noticias\/wp-json\/wp\/v2\/users\/1"}],"replies":[{"embeddable":true,"href":"https:\/\/www.eldigitaldeasturias.com\/noticias\/wp-json\/wp\/v2\/comments?post=482376"}],"version-history":[{"count":0,"href":"https:\/\/www.eldigitaldeasturias.com\/noticias\/wp-json\/wp\/v2\/posts\/482376\/revisions"}],"wp:attachment":[{"href":"https:\/\/www.eldigitaldeasturias.com\/noticias\/wp-json\/wp\/v2\/media?parent=482376"}],"wp:term":[{"taxonomy":"category","embeddable":true,"href":"https:\/\/www.eldigitaldeasturias.com\/noticias\/wp-json\/wp\/v2\/categories?post=482376"},{"taxonomy":"post_tag","embeddable":true,"href":"https:\/\/www.eldigitaldeasturias.com\/noticias\/wp-json\/wp\/v2\/tags?post=482376"}],"curies":[{"name":"wp","href":"https:\/\/api.w.org\/{rel}","templated":true}]}}