{"id":482364,"date":"2014-02-02T22:53:11","date_gmt":"2014-02-02T23:53:11","guid":{"rendered":"http:\/\/www.eldigitaldeasturias.com\/noticias\/?p=482364"},"modified":"2014-02-02T22:53:11","modified_gmt":"2014-02-02T23:53:11","slug":"la-ceniza-emanada-del-volcan-tungurahua-afecta-a-cinco-provincias-de-ecuador","status":"publish","type":"post","link":"https:\/\/www.eldigitaldeasturias.com\/noticias\/la-ceniza-emanada-del-volcan-tungurahua-afecta-a-cinco-provincias-de-ecuador\/","title":{"rendered":"La ceniza emanada del volc\u00e1n Tungurahua afecta a cinco provincias de Ecuador"},"content":{"rendered":"<p><img loading=\"lazy\" decoding=\"async\" class=\"alignleft size-medium wp-image-482365\" alt=\"5901680w\" src=\"https:\/\/www.eldigitaldeasturias.com\/noticias\/wp-content\/uploads\/2014\/02\/5901680w-360x239.jpg\" width=\"360\" height=\"239\" \/>Quito, 2 feb (EFE).- La ceniza emanada desde ayer por el volc\u00e1n Tungurahua ha ca\u00eddo sobre poblados de cinco provincias de Ecuador, inform\u00f3 hoy a Efe la t\u00e9cnica del Instituto Geof\u00edsico de la Escuela Polit\u00e9cnica Nacional, Alexandra Alvarado.<\/p>\n<p>Alvarado precis\u00f3 que el volc\u00e1n baj\u00f3 su actividad con respecto a ayer con explosiones entre \u00abpeque\u00f1as a moderadas\u00bb con la generaci\u00f3n de nubes de ceniza \u00abm\u00e1s o menos continuas\u00bb.<\/p>\n<p>\u00abEst\u00e1 activo, pero no tanto como ayer en la tarde. Ha bajado un poco la actividad, pero todav\u00eda se considera alto\u00bb, apunt\u00f3 la experta, al agregar que la ceniza ha ca\u00eddo en varios poblados de las provincias de Tungurahua, Chimborazo, Bol\u00edvar, Azuay y Ca\u00f1ar.<\/p>\n<p>\u00abAhora la nube de ceniza ya cambi\u00f3 de direcci\u00f3n y parece que se est\u00e1 dirigiendo hacia sureste y esto afectar\u00e1 sobre todo a la provincia de Chimborazo\u00bb, dijo Alvarado, quien asegur\u00f3 que, de momento, la nube de ceniza no ha afectado a poblaciones de la costa.<\/p>\n<p>La Secretar\u00eda Nacional de Gesti\u00f3n de Riesgos (SNGR) inform\u00f3 de que por precauci\u00f3n se suspendieron los vuelos hacia Cuenca (sur) hasta esta tarde.<\/p>\n<p>La SNGR declar\u00f3 ayer la alerta naranja en las zonas consideradas de alto riesgo en las provincias de Tungurahua y Chimborazo, situadas en el centro andino del pa\u00eds, por el incremento de la actividad del volc\u00e1n Tungurahua.<\/p>\n<p>Asimismo, se declar\u00f3 la situaci\u00f3n de emergencia \u00abpara otorgar la ayuda humanitaria y realizar todas las acciones inmediatas que se requieran en las provincias de Tungurahua y Chimborazo\u00bb, inform\u00f3 la SNGR en su portal de Internet.<\/p>\n<p>El Sistema Integrado de Seguridad Ecu911 Quito indic\u00f3 en su cuenta de Twitter que \u00abpor incremento de actividad en volc\u00e1n Tungurahua se evac\u00faan poblaciones: Chacauco, Chambiato, Cus\u00faa y Pillate\u00bb y a\u00f1adi\u00f3 que se han dispuesto los albergues para la gente.<\/p>\n<p>Seg\u00fan el Instituto, ayer se produjeron tres explosiones y tras la tercera \u00abbajaron violentamente por todos los flancos del volc\u00e1n pirocl\u00e1sticos que descendieron hasta las partes bajas del cono\u00bb.<\/p>\n<p>Los flujos alcanzaron la parte baja de la quebrada de Achupashal y cortaron la v\u00eda Ba\u00f1os-Penipe, a la vez que algunos de ellos impactaron contra los instrumentos de monitoreo en las quebradas de Vazcun, Achupashal, Juive.<\/p>\n<p>El volc\u00e1n report\u00f3 un incremento de su actividad el pasado jueves tras registrarse varias explosiones leves que rompieron casi cuatro meses de relativa quietud en el coloso.<\/p>\n<p>El Tungurahua, de 5.016 metros de altura y situado a unos 80 kil\u00f3metros al sur de Quito, comenz\u00f3 su actual proceso eruptivo en 1999 y desde entonces ha intercalado periodos de fuerte actividad con lapsos de relativa calma.<\/p>\n<p>Este coloso integra el m\u00e1s de medio centenar de volcanes con los que cuenta Ecuador y, junto al Reventador y el Sangay, forma parte de los m\u00e1s activos del pa\u00eds.<\/p>\n","protected":false},"excerpt":{"rendered":"<p>Quito, 2 feb (EFE).- La ceniza emanada desde ayer por el volc\u00e1n Tungurahua ha ca\u00eddo sobre poblados de cinco provincias de Ecuador, inform\u00f3 hoy a Efe la t\u00e9cnica del Instituto Geof\u00edsico de la Escuela Polit\u00e9cnica Nacional, Alexandra Alvarado. Alvarado precis\u00f3 que el volc\u00e1n baj\u00f3 su actividad con respecto a ayer con explosiones entre \u00abpeque\u00f1as a [&hellip;]<\/p>\n","protected":false},"author":1,"featured_media":482365,"comment_status":"closed","ping_status":"open","sticky":false,"template":"","format":"standard","meta":{"footnotes":""},"categories":[1],"tags":[],"class_list":["post-482364","post","type-post","status-publish","format-standard","has-post-thumbnail","hentry","category-actualidad"],"aioseo_notices":[],"aioseo_head":"\n\t\t<!-- All in One SEO Pro 5.0.1 - aioseo.com -->\n\t<meta name=\"description\" content=\"Quito, 2 feb (EFE).- La ceniza emanada desde ayer por el volc\u00e1n Tungurahua ha ca\u00eddo sobre poblados de cinco provincias de Ecuador, inform\u00f3 hoy a Efe la t\u00e9cnica del Instituto Geof\u00edsico de la Escuela Polit\u00e9cnica Nacional, Alexandra Alvarado. Alvarado precis\u00f3 que el volc\u00e1n baj\u00f3 su actividad con respecto a ayer con explosiones entre &quot;peque\u00f1as a\" \/>\n\t<meta name=\"robots\" content=\"max-image-preview:large\" \/>\n\t<meta name=\"author\" content=\"El Digital de Asturias\"\/>\n\t<meta name=\"google-site-verification\" content=\"UA-38556648-1\" \/>\n\t<meta name=\"msvalidate.01\" content=\"7dfe9f3f1b24437ab69f4f2559babe99\" \/>\n\t<meta name=\"keywords\" content=\"actualidad\" \/>\n\t<link rel=\"canonical\" href=\"https:\/\/www.eldigitaldeasturias.com\/noticias\/la-ceniza-emanada-del-volcan-tungurahua-afecta-a-cinco-provincias-de-ecuador\/\" \/>\n\t<meta name=\"generator\" content=\"All in One SEO Pro (AIOSEO) 5.0.1\" \/>\n\t\t<meta property=\"og:locale\" content=\"es_ES\" \/>\n\t\t<meta property=\"og:site_name\" content=\"El Digital de Asturias\" \/>\n\t\t<meta property=\"og:type\" content=\"article\" \/>\n\t\t<meta property=\"og:title\" content=\"La ceniza emanada del volc\u00e1n Tungurahua afecta a cinco provincias de Ecuador - El Digital de Asturias\" \/>\n\t\t<meta property=\"og:description\" content=\"Quito, 2 feb (EFE).- La ceniza emanada desde ayer por el volc\u00e1n Tungurahua ha ca\u00eddo sobre poblados de cinco provincias de Ecuador, inform\u00f3 hoy a Efe la t\u00e9cnica del Instituto Geof\u00edsico de la Escuela Polit\u00e9cnica Nacional, Alexandra Alvarado. Alvarado precis\u00f3 que el volc\u00e1n baj\u00f3 su actividad con respecto a ayer con explosiones entre &quot;peque\u00f1as a\" \/>\n\t\t<meta property=\"og:url\" content=\"https:\/\/www.eldigitaldeasturias.com\/noticias\/la-ceniza-emanada-del-volcan-tungurahua-afecta-a-cinco-provincias-de-ecuador\/\" \/>\n\t\t<meta property=\"article:tag\" content=\"actualidad\" \/>\n\t\t<meta property=\"article:published_time\" content=\"2014-02-02T23:53:11+00:00\" \/>\n\t\t<meta property=\"article:modified_time\" content=\"2014-02-02T23:53:11+00:00\" \/>\n\t\t<meta property=\"article:publisher\" content=\"https:\/\/facebook.com\/eldigitaldeasturias\" \/>\n\t\t<meta name=\"twitter:card\" content=\"summary_large_image\" \/>\n\t\t<meta name=\"twitter:title\" content=\"La ceniza emanada del volc\u00e1n Tungurahua afecta a cinco provincias de Ecuador - El Digital de Asturias\" \/>\n\t\t<meta name=\"twitter:description\" content=\"Quito, 2 feb (EFE).- La ceniza emanada desde ayer por el volc\u00e1n Tungurahua ha ca\u00eddo sobre poblados de cinco provincias de Ecuador, inform\u00f3 hoy a Efe la t\u00e9cnica del Instituto Geof\u00edsico de la Escuela Polit\u00e9cnica Nacional, Alexandra Alvarado. Alvarado precis\u00f3 que el volc\u00e1n baj\u00f3 su actividad con respecto a ayer con explosiones entre &quot;peque\u00f1as a\" \/>\n\t\t<meta name=\"twitter:label1\" content=\"Escrito por\" \/>\n\t\t<meta name=\"twitter:data1\" content=\"El Digital de Asturias\" \/>\n\t\t<meta name=\"twitter:label2\" content=\"Tiempo de lectura estimado\" \/>\n\t\t<meta name=\"twitter:data2\" content=\"2 minutos\" \/>\n\t\t<script type=\"application\/ld+json\" class=\"aioseo-schema\">\n\t\t\t{\"@context\":\"https:\\\/\\\/schema.org\",\"@graph\":[{\"@type\":\"BlogPosting\",\"@id\":\"https:\\\/\\\/www.eldigitaldeasturias.com\\\/noticias\\\/la-ceniza-emanada-del-volcan-tungurahua-afecta-a-cinco-provincias-de-ecuador\\\/#blogposting\",\"name\":\"La ceniza emanada del volc\\u00e1n Tungurahua afecta a cinco provincias de Ecuador - El Digital de Asturias\",\"headline\":\"La ceniza emanada del volc\\u00e1n Tungurahua afecta a cinco provincias de Ecuador\",\"author\":{\"@id\":\"https:\\\/\\\/www.eldigitaldeasturias.com\\\/noticias\\\/author\\\/admin\\\/#author\"},\"publisher\":{\"@id\":\"https:\\\/\\\/www.eldigitaldeasturias.com\\\/noticias\\\/#organization\"},\"image\":{\"@type\":\"ImageObject\",\"url\":482365},\"datePublished\":\"2014-02-02T22:53:11+01:00\",\"dateModified\":\"2014-02-02T22:53:11+01:00\",\"inLanguage\":\"es-ES\",\"mainEntityOfPage\":{\"@id\":\"https:\\\/\\\/www.eldigitaldeasturias.com\\\/noticias\\\/la-ceniza-emanada-del-volcan-tungurahua-afecta-a-cinco-provincias-de-ecuador\\\/#webpage\"},\"isPartOf\":{\"@id\":\"https:\\\/\\\/www.eldigitaldeasturias.com\\\/noticias\\\/la-ceniza-emanada-del-volcan-tungurahua-afecta-a-cinco-provincias-de-ecuador\\\/#webpage\"},\"articleSection\":\"Actualidad\"},{\"@type\":\"BreadcrumbList\",\"@id\":\"https:\\\/\\\/www.eldigitaldeasturias.com\\\/noticias\\\/la-ceniza-emanada-del-volcan-tungurahua-afecta-a-cinco-provincias-de-ecuador\\\/#breadcrumblist\",\"itemListElement\":[{\"@type\":\"ListItem\",\"@id\":\"https:\\\/\\\/www.eldigitaldeasturias.com\\\/noticias#listItem\",\"position\":1,\"name\":\"Home\",\"item\":\"https:\\\/\\\/www.eldigitaldeasturias.com\\\/noticias\",\"nextItem\":{\"@type\":\"ListItem\",\"@id\":\"https:\\\/\\\/www.eldigitaldeasturias.com\\\/noticias\\\/category\\\/actualidad\\\/#listItem\",\"name\":\"Actualidad\"}},{\"@type\":\"ListItem\",\"@id\":\"https:\\\/\\\/www.eldigitaldeasturias.com\\\/noticias\\\/category\\\/actualidad\\\/#listItem\",\"position\":2,\"name\":\"Actualidad\",\"item\":\"https:\\\/\\\/www.eldigitaldeasturias.com\\\/noticias\\\/category\\\/actualidad\\\/\",\"nextItem\":{\"@type\":\"ListItem\",\"@id\":\"https:\\\/\\\/www.eldigitaldeasturias.com\\\/noticias\\\/la-ceniza-emanada-del-volcan-tungurahua-afecta-a-cinco-provincias-de-ecuador\\\/#listItem\",\"name\":\"La ceniza emanada del volc\\u00e1n Tungurahua afecta a cinco provincias de Ecuador\"},\"previousItem\":{\"@type\":\"ListItem\",\"@id\":\"https:\\\/\\\/www.eldigitaldeasturias.com\\\/noticias#listItem\",\"name\":\"Home\"}},{\"@type\":\"ListItem\",\"@id\":\"https:\\\/\\\/www.eldigitaldeasturias.com\\\/noticias\\\/la-ceniza-emanada-del-volcan-tungurahua-afecta-a-cinco-provincias-de-ecuador\\\/#listItem\",\"position\":3,\"name\":\"La ceniza emanada del volc\\u00e1n Tungurahua afecta a cinco provincias de Ecuador\",\"previousItem\":{\"@type\":\"ListItem\",\"@id\":\"https:\\\/\\\/www.eldigitaldeasturias.com\\\/noticias\\\/category\\\/actualidad\\\/#listItem\",\"name\":\"Actualidad\"}}]},{\"@type\":\"Organization\",\"@id\":\"https:\\\/\\\/www.eldigitaldeasturias.com\\\/noticias\\\/#organization\",\"name\":\"El Digital de Asturias\",\"description\":\"Hemeroteca\",\"url\":\"https:\\\/\\\/www.eldigitaldeasturias.com\\\/noticias\\\/\",\"email\":\"info@eldigitaldeasturias.com\",\"telephone\":\"+34652131393\",\"logo\":{\"@type\":\"ImageObject\",\"url\":\"https:\\\/\\\/www.eldigitaldeasturias.com\\\/noticias\\\/wp-content\\\/uploads\\\/2020\\\/12\\\/EDA.jpg\",\"@id\":\"https:\\\/\\\/www.eldigitaldeasturias.com\\\/noticias\\\/la-ceniza-emanada-del-volcan-tungurahua-afecta-a-cinco-provincias-de-ecuador\\\/#organizationLogo\"},\"image\":{\"@id\":\"https:\\\/\\\/www.eldigitaldeasturias.com\\\/noticias\\\/la-ceniza-emanada-del-volcan-tungurahua-afecta-a-cinco-provincias-de-ecuador\\\/#organizationLogo\"},\"sameAs\":[\"https:\\\/\\\/facebook.com\\\/eldigitaldeasturias\",\"https:\\\/\\\/www.youtube.com\\\/channel\\\/UCZP-2wLEB9Rv6erhFmqVnvg\"],\"address\":{\"@id\":\"https:\\\/\\\/www.eldigitaldeasturias.com\\\/noticias\\\/#postaladdress\",\"@type\":\"PostalAddress\",\"streetAddress\":\"san antonio 4\",\"postalCode\":\"33430\",\"addressLocality\":\"Cand\\u00e1s\",\"addressRegion\":\"Asturias\",\"addressCountry\":\"ES\"}},{\"@type\":\"Person\",\"@id\":\"https:\\\/\\\/www.eldigitaldeasturias.com\\\/noticias\\\/author\\\/admin\\\/#author\",\"url\":\"https:\\\/\\\/www.eldigitaldeasturias.com\\\/noticias\\\/author\\\/admin\\\/\",\"name\":\"El Digital de Asturias\",\"image\":{\"@type\":\"ImageObject\",\"@id\":\"https:\\\/\\\/www.eldigitaldeasturias.com\\\/noticias\\\/la-ceniza-emanada-del-volcan-tungurahua-afecta-a-cinco-provincias-de-ecuador\\\/#authorImage\",\"url\":\"https:\\\/\\\/secure.gravatar.com\\\/avatar\\\/df2aeffc32bcd13f8d26072ef8a91b623d677766deac7f97ca815868cd41bf5e?s=96&d=mm&r=g\",\"width\":96,\"height\":96,\"caption\":\"El Digital de Asturias\"}},{\"@type\":\"WebPage\",\"@id\":\"https:\\\/\\\/www.eldigitaldeasturias.com\\\/noticias\\\/la-ceniza-emanada-del-volcan-tungurahua-afecta-a-cinco-provincias-de-ecuador\\\/#webpage\",\"url\":\"https:\\\/\\\/www.eldigitaldeasturias.com\\\/noticias\\\/la-ceniza-emanada-del-volcan-tungurahua-afecta-a-cinco-provincias-de-ecuador\\\/\",\"name\":\"La ceniza emanada del volc\\u00e1n Tungurahua afecta a cinco provincias de Ecuador - El Digital de Asturias\",\"description\":\"Quito, 2 feb (EFE).- La ceniza emanada desde ayer por el volc\\u00e1n Tungurahua ha ca\\u00eddo sobre poblados de cinco provincias de Ecuador, inform\\u00f3 hoy a Efe la t\\u00e9cnica del Instituto Geof\\u00edsico de la Escuela Polit\\u00e9cnica Nacional, Alexandra Alvarado. Alvarado precis\\u00f3 que el volc\\u00e1n baj\\u00f3 su actividad con respecto a ayer con explosiones entre \\\"peque\\u00f1as a\",\"inLanguage\":\"es-ES\",\"isPartOf\":{\"@id\":\"https:\\\/\\\/www.eldigitaldeasturias.com\\\/noticias\\\/#website\"},\"breadcrumb\":{\"@id\":\"https:\\\/\\\/www.eldigitaldeasturias.com\\\/noticias\\\/la-ceniza-emanada-del-volcan-tungurahua-afecta-a-cinco-provincias-de-ecuador\\\/#breadcrumblist\"},\"author\":{\"@id\":\"https:\\\/\\\/www.eldigitaldeasturias.com\\\/noticias\\\/author\\\/admin\\\/#author\"},\"creator\":{\"@id\":\"https:\\\/\\\/www.eldigitaldeasturias.com\\\/noticias\\\/author\\\/admin\\\/#author\"},\"image\":{\"@type\":\"ImageObject\",\"url\":482365,\"@id\":\"https:\\\/\\\/www.eldigitaldeasturias.com\\\/noticias\\\/la-ceniza-emanada-del-volcan-tungurahua-afecta-a-cinco-provincias-de-ecuador\\\/#mainImage\"},\"primaryImageOfPage\":{\"@id\":\"https:\\\/\\\/www.eldigitaldeasturias.com\\\/noticias\\\/la-ceniza-emanada-del-volcan-tungurahua-afecta-a-cinco-provincias-de-ecuador\\\/#mainImage\"},\"datePublished\":\"2014-02-02T22:53:11+01:00\",\"dateModified\":\"2014-02-02T22:53:11+01:00\"},{\"@type\":\"WebSite\",\"@id\":\"https:\\\/\\\/www.eldigitaldeasturias.com\\\/noticias\\\/#website\",\"url\":\"https:\\\/\\\/www.eldigitaldeasturias.com\\\/noticias\\\/\",\"name\":\"El Digital de Asturias - Diario de actualidad y noticias\",\"alternateName\":\"El Digital de Asturias - Diario de actualidad y noticias\",\"description\":\"Hemeroteca\",\"inLanguage\":\"es-ES\",\"publisher\":{\"@id\":\"https:\\\/\\\/www.eldigitaldeasturias.com\\\/noticias\\\/#organization\"}}]}\n\t\t<\/script>\n\t\t<!-- All in One SEO Pro -->\r\n\t\t<title>La ceniza emanada del volc\u00e1n Tungurahua afecta a cinco provincias de Ecuador - El Digital de Asturias<\/title>\n\n","aioseo_head_json":{"title":"La ceniza emanada del volc\u00e1n Tungurahua afecta a cinco provincias de Ecuador - El Digital de Asturias","description":"Quito, 2 feb (EFE).- La ceniza emanada desde ayer por el volc\u00e1n Tungurahua ha ca\u00eddo sobre poblados de cinco provincias de Ecuador, inform\u00f3 hoy a Efe la t\u00e9cnica del Instituto Geof\u00edsico de la Escuela Polit\u00e9cnica Nacional, Alexandra Alvarado. Alvarado precis\u00f3 que el volc\u00e1n baj\u00f3 su actividad con respecto a ayer con explosiones entre \"peque\u00f1as a","canonical_url":"https:\/\/www.eldigitaldeasturias.com\/noticias\/la-ceniza-emanada-del-volcan-tungurahua-afecta-a-cinco-provincias-de-ecuador\/","robots":"max-image-preview:large","keywords":"actualidad","webmasterTools":{"google-site-verification":"UA-38556648-1","msvalidate.01":"7dfe9f3f1b24437ab69f4f2559babe99","miscellaneous":""},"schema":{"@context":"https:\/\/schema.org","@graph":[{"@type":"BlogPosting","@id":"https:\/\/www.eldigitaldeasturias.com\/noticias\/la-ceniza-emanada-del-volcan-tungurahua-afecta-a-cinco-provincias-de-ecuador\/#blogposting","name":"La ceniza emanada del volc\u00e1n Tungurahua afecta a cinco provincias de Ecuador - El Digital de Asturias","headline":"La ceniza emanada del volc\u00e1n Tungurahua afecta a cinco provincias de Ecuador","author":{"@id":"https:\/\/www.eldigitaldeasturias.com\/noticias\/author\/admin\/#author"},"publisher":{"@id":"https:\/\/www.eldigitaldeasturias.com\/noticias\/#organization"},"image":{"@type":"ImageObject","url":482365},"datePublished":"2014-02-02T22:53:11+01:00","dateModified":"2014-02-02T22:53:11+01:00","inLanguage":"es-ES","mainEntityOfPage":{"@id":"https:\/\/www.eldigitaldeasturias.com\/noticias\/la-ceniza-emanada-del-volcan-tungurahua-afecta-a-cinco-provincias-de-ecuador\/#webpage"},"isPartOf":{"@id":"https:\/\/www.eldigitaldeasturias.com\/noticias\/la-ceniza-emanada-del-volcan-tungurahua-afecta-a-cinco-provincias-de-ecuador\/#webpage"},"articleSection":"Actualidad"},{"@type":"BreadcrumbList","@id":"https:\/\/www.eldigitaldeasturias.com\/noticias\/la-ceniza-emanada-del-volcan-tungurahua-afecta-a-cinco-provincias-de-ecuador\/#breadcrumblist","itemListElement":[{"@type":"ListItem","@id":"https:\/\/www.eldigitaldeasturias.com\/noticias#listItem","position":1,"name":"Home","item":"https:\/\/www.eldigitaldeasturias.com\/noticias","nextItem":{"@type":"ListItem","@id":"https:\/\/www.eldigitaldeasturias.com\/noticias\/category\/actualidad\/#listItem","name":"Actualidad"}},{"@type":"ListItem","@id":"https:\/\/www.eldigitaldeasturias.com\/noticias\/category\/actualidad\/#listItem","position":2,"name":"Actualidad","item":"https:\/\/www.eldigitaldeasturias.com\/noticias\/category\/actualidad\/","nextItem":{"@type":"ListItem","@id":"https:\/\/www.eldigitaldeasturias.com\/noticias\/la-ceniza-emanada-del-volcan-tungurahua-afecta-a-cinco-provincias-de-ecuador\/#listItem","name":"La ceniza emanada del volc\u00e1n Tungurahua afecta a cinco provincias de Ecuador"},"previousItem":{"@type":"ListItem","@id":"https:\/\/www.eldigitaldeasturias.com\/noticias#listItem","name":"Home"}},{"@type":"ListItem","@id":"https:\/\/www.eldigitaldeasturias.com\/noticias\/la-ceniza-emanada-del-volcan-tungurahua-afecta-a-cinco-provincias-de-ecuador\/#listItem","position":3,"name":"La ceniza emanada del volc\u00e1n Tungurahua afecta a cinco provincias de Ecuador","previousItem":{"@type":"ListItem","@id":"https:\/\/www.eldigitaldeasturias.com\/noticias\/category\/actualidad\/#listItem","name":"Actualidad"}}]},{"@type":"Organization","@id":"https:\/\/www.eldigitaldeasturias.com\/noticias\/#organization","name":"El Digital de Asturias","description":"Hemeroteca","url":"https:\/\/www.eldigitaldeasturias.com\/noticias\/","email":"info@eldigitaldeasturias.com","telephone":"+34652131393","logo":{"@type":"ImageObject","url":"https:\/\/www.eldigitaldeasturias.com\/noticias\/wp-content\/uploads\/2020\/12\/EDA.jpg","@id":"https:\/\/www.eldigitaldeasturias.com\/noticias\/la-ceniza-emanada-del-volcan-tungurahua-afecta-a-cinco-provincias-de-ecuador\/#organizationLogo"},"image":{"@id":"https:\/\/www.eldigitaldeasturias.com\/noticias\/la-ceniza-emanada-del-volcan-tungurahua-afecta-a-cinco-provincias-de-ecuador\/#organizationLogo"},"sameAs":["https:\/\/facebook.com\/eldigitaldeasturias","https:\/\/www.youtube.com\/channel\/UCZP-2wLEB9Rv6erhFmqVnvg"],"address":{"@id":"https:\/\/www.eldigitaldeasturias.com\/noticias\/#postaladdress","@type":"PostalAddress","streetAddress":"san antonio 4","postalCode":"33430","addressLocality":"Cand\u00e1s","addressRegion":"Asturias","addressCountry":"ES"}},{"@type":"Person","@id":"https:\/\/www.eldigitaldeasturias.com\/noticias\/author\/admin\/#author","url":"https:\/\/www.eldigitaldeasturias.com\/noticias\/author\/admin\/","name":"El Digital de Asturias","image":{"@type":"ImageObject","@id":"https:\/\/www.eldigitaldeasturias.com\/noticias\/la-ceniza-emanada-del-volcan-tungurahua-afecta-a-cinco-provincias-de-ecuador\/#authorImage","url":"https:\/\/secure.gravatar.com\/avatar\/df2aeffc32bcd13f8d26072ef8a91b623d677766deac7f97ca815868cd41bf5e?s=96&d=mm&r=g","width":96,"height":96,"caption":"El Digital de Asturias"}},{"@type":"WebPage","@id":"https:\/\/www.eldigitaldeasturias.com\/noticias\/la-ceniza-emanada-del-volcan-tungurahua-afecta-a-cinco-provincias-de-ecuador\/#webpage","url":"https:\/\/www.eldigitaldeasturias.com\/noticias\/la-ceniza-emanada-del-volcan-tungurahua-afecta-a-cinco-provincias-de-ecuador\/","name":"La ceniza emanada del volc\u00e1n Tungurahua afecta a cinco provincias de Ecuador - El Digital de Asturias","description":"Quito, 2 feb (EFE).- La ceniza emanada desde ayer por el volc\u00e1n Tungurahua ha ca\u00eddo sobre poblados de cinco provincias de Ecuador, inform\u00f3 hoy a Efe la t\u00e9cnica del Instituto Geof\u00edsico de la Escuela Polit\u00e9cnica Nacional, Alexandra Alvarado. Alvarado precis\u00f3 que el volc\u00e1n baj\u00f3 su actividad con respecto a ayer con explosiones entre \"peque\u00f1as a","inLanguage":"es-ES","isPartOf":{"@id":"https:\/\/www.eldigitaldeasturias.com\/noticias\/#website"},"breadcrumb":{"@id":"https:\/\/www.eldigitaldeasturias.com\/noticias\/la-ceniza-emanada-del-volcan-tungurahua-afecta-a-cinco-provincias-de-ecuador\/#breadcrumblist"},"author":{"@id":"https:\/\/www.eldigitaldeasturias.com\/noticias\/author\/admin\/#author"},"creator":{"@id":"https:\/\/www.eldigitaldeasturias.com\/noticias\/author\/admin\/#author"},"image":{"@type":"ImageObject","url":482365,"@id":"https:\/\/www.eldigitaldeasturias.com\/noticias\/la-ceniza-emanada-del-volcan-tungurahua-afecta-a-cinco-provincias-de-ecuador\/#mainImage"},"primaryImageOfPage":{"@id":"https:\/\/www.eldigitaldeasturias.com\/noticias\/la-ceniza-emanada-del-volcan-tungurahua-afecta-a-cinco-provincias-de-ecuador\/#mainImage"},"datePublished":"2014-02-02T22:53:11+01:00","dateModified":"2014-02-02T22:53:11+01:00"},{"@type":"WebSite","@id":"https:\/\/www.eldigitaldeasturias.com\/noticias\/#website","url":"https:\/\/www.eldigitaldeasturias.com\/noticias\/","name":"El Digital de Asturias - Diario de actualidad y noticias","alternateName":"El Digital de Asturias - Diario de actualidad y noticias","description":"Hemeroteca","inLanguage":"es-ES","publisher":{"@id":"https:\/\/www.eldigitaldeasturias.com\/noticias\/#organization"}}]},"og:locale":"es_ES","og:site_name":"El Digital de Asturias","og:type":"article","og:title":"La ceniza emanada del volc\u00e1n Tungurahua afecta a cinco provincias de Ecuador - El Digital de Asturias","og:description":"Quito, 2 feb (EFE).- La ceniza emanada desde ayer por el volc\u00e1n Tungurahua ha ca\u00eddo sobre poblados de cinco provincias de Ecuador, inform\u00f3 hoy a Efe la t\u00e9cnica del Instituto Geof\u00edsico de la Escuela Polit\u00e9cnica Nacional, Alexandra Alvarado. Alvarado precis\u00f3 que el volc\u00e1n baj\u00f3 su actividad con respecto a ayer con explosiones entre &quot;peque\u00f1as a","og:url":"https:\/\/www.eldigitaldeasturias.com\/noticias\/la-ceniza-emanada-del-volcan-tungurahua-afecta-a-cinco-provincias-de-ecuador\/","article:tag":["actualidad"],"article:published_time":"2014-02-02T23:53:11+00:00","article:modified_time":"2014-02-02T23:53:11+00:00","article:publisher":"https:\/\/facebook.com\/eldigitaldeasturias","twitter:card":"summary_large_image","twitter:title":"La ceniza emanada del volc\u00e1n Tungurahua afecta a cinco provincias de Ecuador - El Digital de Asturias","twitter:description":"Quito, 2 feb (EFE).- La ceniza emanada desde ayer por el volc\u00e1n Tungurahua ha ca\u00eddo sobre poblados de cinco provincias de Ecuador, inform\u00f3 hoy a Efe la t\u00e9cnica del Instituto Geof\u00edsico de la Escuela Polit\u00e9cnica Nacional, Alexandra Alvarado. Alvarado precis\u00f3 que el volc\u00e1n baj\u00f3 su actividad con respecto a ayer con explosiones entre &quot;peque\u00f1as a","twitter:label1":"Escrito por","twitter:data1":"El Digital de Asturias","twitter:label2":"Tiempo de lectura estimado","twitter:data2":"2 minutos"},"aioseo_meta_data":{"post_id":"482364","title":null,"description":null,"keywords":null,"keyphrases":null,"primary_term":null,"canonical_url":null,"og_title":null,"og_description":null,"og_object_type":"default","og_image_type":"default","og_image_url":null,"og_image_width":null,"og_image_height":null,"og_image_custom_url":null,"og_image_custom_fields":null,"og_video":null,"og_custom_url":null,"og_article_section":null,"og_article_tags":null,"twitter_use_og":true,"twitter_card":"default","twitter_image_type":"default","twitter_image_url":null,"twitter_image_custom_url":null,"twitter_image_custom_fields":null,"twitter_title":null,"twitter_description":null,"schema":{"blockGraphs":[],"customGraphs":[],"default":{"data":{"Article":[],"Course":[],"Dataset":[],"FAQPage":[],"Movie":[],"Person":[],"Product":[],"ProductReview":[],"Car":[],"Recipe":[],"Service":[],"SoftwareApplication":[],"WebPage":[]},"graphName":"","isEnabled":true},"graphs":[],"defaultGraph":"","defaultPostTypeGraph":""},"schema_type":null,"schema_type_options":null,"pillar_content":false,"robots_default":true,"robots_noindex":false,"robots_noarchive":false,"robots_nosnippet":false,"robots_nofollow":false,"robots_noimageindex":false,"robots_noodp":false,"robots_notranslate":false,"robots_max_snippet":null,"robots_max_videopreview":null,"robots_max_imagepreview":"none","priority":null,"frequency":null,"local_seo":null,"seo_analyzer_scan_date":"2026-06-02 09:35:58","breadcrumb_settings":null,"limit_modified_date":false,"open_ai":null,"ai":null,"created":"2020-11-14 22:54:33","updated":"2026-06-02 09:35:58","focus_keyword":null,"additional_keywords":null,"truseo_locale":null},"aioseo_breadcrumb":"<div class=\"aioseo-breadcrumbs\"><span class=\"aioseo-breadcrumb\">\n\t<a href=\"https:\/\/www.eldigitaldeasturias.com\/noticias\" title=\"Home\">Home<\/a>\n<\/span><span class=\"aioseo-breadcrumb-separator\">\u2013<\/span><span class=\"aioseo-breadcrumb\">\n\t<a href=\"https:\/\/www.eldigitaldeasturias.com\/noticias\/category\/actualidad\/\" title=\"Actualidad\">Actualidad<\/a>\n<\/span><span class=\"aioseo-breadcrumb-separator\">\u2013<\/span><span class=\"aioseo-breadcrumb\">\n\t<a href=\"https:\/\/www.eldigitaldeasturias.com\/noticias\/la-ceniza-emanada-del-volcan-tungurahua-afecta-a-cinco-provincias-de-ecuador\/\" title=\"La ceniza emanada del volc\u00e1n Tungurahua afecta a cinco provincias de Ecuador\">La ceniza emanada del volc\u00e1n Tungurahua afecta a cinco provincias de Ecuador<\/a>\n<\/span><\/div>","aioseo_breadcrumb_json":[{"label":"Home","link":"https:\/\/www.eldigitaldeasturias.com\/noticias"},{"label":"Actualidad","link":"https:\/\/www.eldigitaldeasturias.com\/noticias\/category\/actualidad\/"},{"label":"La ceniza emanada del volc\u00e1n Tungurahua afecta a cinco provincias de Ecuador","link":"https:\/\/www.eldigitaldeasturias.com\/noticias\/la-ceniza-emanada-del-volcan-tungurahua-afecta-a-cinco-provincias-de-ecuador\/"}],"_links":{"self":[{"href":"https:\/\/www.eldigitaldeasturias.com\/noticias\/wp-json\/wp\/v2\/posts\/482364","targetHints":{"allow":["GET"]}}],"collection":[{"href":"https:\/\/www.eldigitaldeasturias.com\/noticias\/wp-json\/wp\/v2\/posts"}],"about":[{"href":"https:\/\/www.eldigitaldeasturias.com\/noticias\/wp-json\/wp\/v2\/types\/post"}],"author":[{"embeddable":true,"href":"https:\/\/www.eldigitaldeasturias.com\/noticias\/wp-json\/wp\/v2\/users\/1"}],"replies":[{"embeddable":true,"href":"https:\/\/www.eldigitaldeasturias.com\/noticias\/wp-json\/wp\/v2\/comments?post=482364"}],"version-history":[{"count":0,"href":"https:\/\/www.eldigitaldeasturias.com\/noticias\/wp-json\/wp\/v2\/posts\/482364\/revisions"}],"wp:attachment":[{"href":"https:\/\/www.eldigitaldeasturias.com\/noticias\/wp-json\/wp\/v2\/media?parent=482364"}],"wp:term":[{"taxonomy":"category","embeddable":true,"href":"https:\/\/www.eldigitaldeasturias.com\/noticias\/wp-json\/wp\/v2\/categories?post=482364"},{"taxonomy":"post_tag","embeddable":true,"href":"https:\/\/www.eldigitaldeasturias.com\/noticias\/wp-json\/wp\/v2\/tags?post=482364"}],"curies":[{"name":"wp","href":"https:\/\/api.w.org\/{rel}","templated":true}]}}