{"id":482361,"date":"2014-02-02T22:50:57","date_gmt":"2014-02-02T23:50:57","guid":{"rendered":"http:\/\/www.eldigitaldeasturias.com\/noticias\/?p=482361"},"modified":"2014-02-02T22:50:57","modified_gmt":"2014-02-02T23:50:57","slug":"activado-nivel-0-de-preemergencia-por-el-riesgo-de-nevadas-manana-en-madrid","status":"publish","type":"post","link":"https:\/\/www.eldigitaldeasturias.com\/noticias\/activado-nivel-0-de-preemergencia-por-el-riesgo-de-nevadas-manana-en-madrid\/","title":{"rendered":"Activado nivel 0 de \u00abPreemergencia\u00bb por el riesgo de nevadas ma\u00f1ana en Madrid"},"content":{"rendered":"<p><img loading=\"lazy\" decoding=\"async\" class=\"alignleft size-medium wp-image-482362\" alt=\"5901667w\" src=\"https:\/\/www.eldigitaldeasturias.com\/noticias\/wp-content\/uploads\/2014\/02\/5901667w-360x250.jpg\" width=\"360\" height=\"250\" \/>Madrid, 2 feb (EFE).- La Comunidad de Madrid ha activado el nivel 0 de \u00abPreemergencia\u00bb de su Plan de Inclemencias Invernales ante la nevada que previsiblemente caer\u00e1 ma\u00f1ana en toda la regi\u00f3n, incluida la capital, por lo que el Ayuntamiento ha anunciado que salar\u00e1 los puntos prioritarios de la ciudad.<\/p>\n<p>Seg\u00fan ha informado a EFE un portavoz de Emergencias, la Comunidad de Madrid estar\u00e1 ma\u00f1ana en alerta por riesgo de nevadas que podr\u00edan dejar 2 cent\u00edmetros de nieve en la capital y el resto de la regi\u00f3n, y que en el caso de la Sierra podr\u00edan llegar hasta los 6 cent\u00edmetros, entre las 6:00 horas de la madrugada y las 15:00 horas del mediod\u00eda.<\/p>\n<p>Entre las 18:00 y las 24:00 horas de ma\u00f1ana se prev\u00e9 que nieve en el resto de la regi\u00f3n, incluido Madrid capital, pudiendo llegar hasta los 2 cent\u00edmetros.<\/p>\n<p>Al ser ma\u00f1ana d\u00eda laborable, el 112 recomienda a los ciudadanos que utilicen el transporte p\u00fablico para desplazarse a sus lugares de trabajo y si no es posible y tienen que coger su veh\u00edculo que extremen las medidas de precauci\u00f3n al volante y que aumenten la distancia de seguridad<\/p>\n<p>Tambi\u00e9n recomiendan que lleven cadenas y sepan colocarlas y que ante cualquier emergencia avisen al 122.<\/p>\n<p>Por su parte, el Ayuntamiento de Madrid ha activado su Plan de Emergencias Invernales para alertar de la posibilidad de nevadas al personal de Seguridad y Emergencias y poder \u00abgarantizar la respuesta inmediata ante eventuales dificultades planteadas por la nieve\u00bb, ha indicado en un comunicado.<\/p>\n<p>Adem\u00e1s, ante la previsi\u00f3n de nieve ha anunciado que se salar\u00e1n con salmuera los puntos prioritarios de la ciudad como parques de bomberos, bases de SAMUR-Protecci\u00f3n Civil y Social, centros de salud, hospitales, comisar\u00edas de polic\u00eda, puntos de la red de transporte o centros docentes, adem\u00e1s de las zonas propensas a la formaci\u00f3n de hielo.<\/p>\n<p>Asimismo, ha informado de que todos los efectivos de limpieza viaria y SELUR (Servicio de Limpieza Urgente), v\u00edas p\u00fablicas y Calle 30 est\u00e1n preparados para actuar a lo largo del d\u00eda de ma\u00f1ana para procurar \u00abuna adecuada movilidad de personas y veh\u00edculos\u00bb en la ciudad eliminando la nieve y el hielo en aceras y calzadas.<\/p>\n<p>Por otro lado, el Ayuntamiento de Madrid ha anunciado que intensificar\u00e1 el n\u00famero de visitas por parte de los servicios sociales a las personas sin hogar para ofrecerles los recursos de acogida existentes, como las m\u00e1s de 2.000 plazas disponibles en los centros destinados a este colectivo.<\/p>\n","protected":false},"excerpt":{"rendered":"<p>Madrid, 2 feb (EFE).- La Comunidad de Madrid ha activado el nivel 0 de \u00abPreemergencia\u00bb de su Plan de Inclemencias Invernales ante la nevada que previsiblemente caer\u00e1 ma\u00f1ana en toda la regi\u00f3n, incluida la capital, por lo que el Ayuntamiento ha anunciado que salar\u00e1 los puntos prioritarios de la ciudad. Seg\u00fan ha informado a EFE [&hellip;]<\/p>\n","protected":false},"author":1,"featured_media":482362,"comment_status":"closed","ping_status":"open","sticky":false,"template":"","format":"standard","meta":{"footnotes":""},"categories":[1],"tags":[],"class_list":["post-482361","post","type-post","status-publish","format-standard","has-post-thumbnail","hentry","category-actualidad"],"aioseo_notices":[],"aioseo_head":"\n\t\t<!-- All in One SEO Pro 5.0.1 - aioseo.com -->\n\t<meta name=\"description\" content=\"Madrid, 2 feb (EFE).- La Comunidad de Madrid ha activado el nivel 0 de &quot;Preemergencia&quot; de su Plan de Inclemencias Invernales ante la nevada que previsiblemente caer\u00e1 ma\u00f1ana en toda la regi\u00f3n, incluida la capital, por lo que el Ayuntamiento ha anunciado que salar\u00e1 los puntos prioritarios de la ciudad. Seg\u00fan ha informado a EFE\" \/>\n\t<meta name=\"robots\" content=\"max-image-preview:large\" \/>\n\t<meta name=\"author\" content=\"El Digital de Asturias\"\/>\n\t<meta name=\"google-site-verification\" content=\"UA-38556648-1\" \/>\n\t<meta name=\"msvalidate.01\" content=\"7dfe9f3f1b24437ab69f4f2559babe99\" \/>\n\t<meta name=\"keywords\" content=\"actualidad\" \/>\n\t<link rel=\"canonical\" href=\"https:\/\/www.eldigitaldeasturias.com\/noticias\/activado-nivel-0-de-preemergencia-por-el-riesgo-de-nevadas-manana-en-madrid\/\" \/>\n\t<meta name=\"generator\" content=\"All in One SEO Pro (AIOSEO) 5.0.1\" \/>\n\t\t<meta property=\"og:locale\" content=\"es_ES\" \/>\n\t\t<meta property=\"og:site_name\" content=\"El Digital de Asturias\" \/>\n\t\t<meta property=\"og:type\" content=\"article\" \/>\n\t\t<meta property=\"og:title\" content=\"Activado nivel 0 de \u00abPreemergencia\u00bb por el riesgo de nevadas ma\u00f1ana en Madrid - El Digital de Asturias\" \/>\n\t\t<meta property=\"og:description\" content=\"Madrid, 2 feb (EFE).- La Comunidad de Madrid ha activado el nivel 0 de &quot;Preemergencia&quot; de su Plan de Inclemencias Invernales ante la nevada que previsiblemente caer\u00e1 ma\u00f1ana en toda la regi\u00f3n, incluida la capital, por lo que el Ayuntamiento ha anunciado que salar\u00e1 los puntos prioritarios de la ciudad. Seg\u00fan ha informado a EFE\" \/>\n\t\t<meta property=\"og:url\" content=\"https:\/\/www.eldigitaldeasturias.com\/noticias\/activado-nivel-0-de-preemergencia-por-el-riesgo-de-nevadas-manana-en-madrid\/\" \/>\n\t\t<meta property=\"article:tag\" content=\"actualidad\" \/>\n\t\t<meta property=\"article:published_time\" content=\"2014-02-02T23:50:57+00:00\" \/>\n\t\t<meta property=\"article:modified_time\" content=\"2014-02-02T23:50:57+00:00\" \/>\n\t\t<meta property=\"article:publisher\" content=\"https:\/\/facebook.com\/eldigitaldeasturias\" \/>\n\t\t<meta name=\"twitter:card\" content=\"summary_large_image\" \/>\n\t\t<meta name=\"twitter:title\" content=\"Activado nivel 0 de \u00abPreemergencia\u00bb por el riesgo de nevadas ma\u00f1ana en Madrid - El Digital de Asturias\" \/>\n\t\t<meta name=\"twitter:description\" content=\"Madrid, 2 feb (EFE).- La Comunidad de Madrid ha activado el nivel 0 de &quot;Preemergencia&quot; de su Plan de Inclemencias Invernales ante la nevada que previsiblemente caer\u00e1 ma\u00f1ana en toda la regi\u00f3n, incluida la capital, por lo que el Ayuntamiento ha anunciado que salar\u00e1 los puntos prioritarios de la ciudad. Seg\u00fan ha informado a EFE\" \/>\n\t\t<meta name=\"twitter:label1\" content=\"Escrito por\" \/>\n\t\t<meta name=\"twitter:data1\" content=\"El Digital de Asturias\" \/>\n\t\t<meta name=\"twitter:label2\" content=\"Tiempo de lectura estimado\" \/>\n\t\t<meta name=\"twitter:data2\" content=\"2 minutos\" \/>\n\t\t<script type=\"application\/ld+json\" class=\"aioseo-schema\">\n\t\t\t{\"@context\":\"https:\\\/\\\/schema.org\",\"@graph\":[{\"@type\":\"BlogPosting\",\"@id\":\"https:\\\/\\\/www.eldigitaldeasturias.com\\\/noticias\\\/activado-nivel-0-de-preemergencia-por-el-riesgo-de-nevadas-manana-en-madrid\\\/#blogposting\",\"name\":\"Activado nivel 0 de \\u00abPreemergencia\\u00bb por el riesgo de nevadas ma\\u00f1ana en Madrid - El Digital de Asturias\",\"headline\":\"Activado nivel 0 de \\u00abPreemergencia\\u00bb por el riesgo de nevadas ma\\u00f1ana en Madrid\",\"author\":{\"@id\":\"https:\\\/\\\/www.eldigitaldeasturias.com\\\/noticias\\\/author\\\/admin\\\/#author\"},\"publisher\":{\"@id\":\"https:\\\/\\\/www.eldigitaldeasturias.com\\\/noticias\\\/#organization\"},\"image\":{\"@type\":\"ImageObject\",\"url\":482362},\"datePublished\":\"2014-02-02T22:50:57+01:00\",\"dateModified\":\"2014-02-02T22:50:57+01:00\",\"inLanguage\":\"es-ES\",\"mainEntityOfPage\":{\"@id\":\"https:\\\/\\\/www.eldigitaldeasturias.com\\\/noticias\\\/activado-nivel-0-de-preemergencia-por-el-riesgo-de-nevadas-manana-en-madrid\\\/#webpage\"},\"isPartOf\":{\"@id\":\"https:\\\/\\\/www.eldigitaldeasturias.com\\\/noticias\\\/activado-nivel-0-de-preemergencia-por-el-riesgo-de-nevadas-manana-en-madrid\\\/#webpage\"},\"articleSection\":\"Actualidad\"},{\"@type\":\"BreadcrumbList\",\"@id\":\"https:\\\/\\\/www.eldigitaldeasturias.com\\\/noticias\\\/activado-nivel-0-de-preemergencia-por-el-riesgo-de-nevadas-manana-en-madrid\\\/#breadcrumblist\",\"itemListElement\":[{\"@type\":\"ListItem\",\"@id\":\"https:\\\/\\\/www.eldigitaldeasturias.com\\\/noticias#listItem\",\"position\":1,\"name\":\"Home\",\"item\":\"https:\\\/\\\/www.eldigitaldeasturias.com\\\/noticias\",\"nextItem\":{\"@type\":\"ListItem\",\"@id\":\"https:\\\/\\\/www.eldigitaldeasturias.com\\\/noticias\\\/category\\\/actualidad\\\/#listItem\",\"name\":\"Actualidad\"}},{\"@type\":\"ListItem\",\"@id\":\"https:\\\/\\\/www.eldigitaldeasturias.com\\\/noticias\\\/category\\\/actualidad\\\/#listItem\",\"position\":2,\"name\":\"Actualidad\",\"item\":\"https:\\\/\\\/www.eldigitaldeasturias.com\\\/noticias\\\/category\\\/actualidad\\\/\",\"nextItem\":{\"@type\":\"ListItem\",\"@id\":\"https:\\\/\\\/www.eldigitaldeasturias.com\\\/noticias\\\/activado-nivel-0-de-preemergencia-por-el-riesgo-de-nevadas-manana-en-madrid\\\/#listItem\",\"name\":\"Activado nivel 0 de \\u00abPreemergencia\\u00bb por el riesgo de nevadas ma\\u00f1ana en Madrid\"},\"previousItem\":{\"@type\":\"ListItem\",\"@id\":\"https:\\\/\\\/www.eldigitaldeasturias.com\\\/noticias#listItem\",\"name\":\"Home\"}},{\"@type\":\"ListItem\",\"@id\":\"https:\\\/\\\/www.eldigitaldeasturias.com\\\/noticias\\\/activado-nivel-0-de-preemergencia-por-el-riesgo-de-nevadas-manana-en-madrid\\\/#listItem\",\"position\":3,\"name\":\"Activado nivel 0 de \\u00abPreemergencia\\u00bb por el riesgo de nevadas ma\\u00f1ana en Madrid\",\"previousItem\":{\"@type\":\"ListItem\",\"@id\":\"https:\\\/\\\/www.eldigitaldeasturias.com\\\/noticias\\\/category\\\/actualidad\\\/#listItem\",\"name\":\"Actualidad\"}}]},{\"@type\":\"Organization\",\"@id\":\"https:\\\/\\\/www.eldigitaldeasturias.com\\\/noticias\\\/#organization\",\"name\":\"El Digital de Asturias\",\"description\":\"Hemeroteca\",\"url\":\"https:\\\/\\\/www.eldigitaldeasturias.com\\\/noticias\\\/\",\"email\":\"info@eldigitaldeasturias.com\",\"telephone\":\"+34652131393\",\"logo\":{\"@type\":\"ImageObject\",\"url\":\"https:\\\/\\\/www.eldigitaldeasturias.com\\\/noticias\\\/wp-content\\\/uploads\\\/2020\\\/12\\\/EDA.jpg\",\"@id\":\"https:\\\/\\\/www.eldigitaldeasturias.com\\\/noticias\\\/activado-nivel-0-de-preemergencia-por-el-riesgo-de-nevadas-manana-en-madrid\\\/#organizationLogo\"},\"image\":{\"@id\":\"https:\\\/\\\/www.eldigitaldeasturias.com\\\/noticias\\\/activado-nivel-0-de-preemergencia-por-el-riesgo-de-nevadas-manana-en-madrid\\\/#organizationLogo\"},\"sameAs\":[\"https:\\\/\\\/facebook.com\\\/eldigitaldeasturias\",\"https:\\\/\\\/www.youtube.com\\\/channel\\\/UCZP-2wLEB9Rv6erhFmqVnvg\"],\"address\":{\"@id\":\"https:\\\/\\\/www.eldigitaldeasturias.com\\\/noticias\\\/#postaladdress\",\"@type\":\"PostalAddress\",\"streetAddress\":\"san antonio 4\",\"postalCode\":\"33430\",\"addressLocality\":\"Cand\\u00e1s\",\"addressRegion\":\"Asturias\",\"addressCountry\":\"ES\"}},{\"@type\":\"Person\",\"@id\":\"https:\\\/\\\/www.eldigitaldeasturias.com\\\/noticias\\\/author\\\/admin\\\/#author\",\"url\":\"https:\\\/\\\/www.eldigitaldeasturias.com\\\/noticias\\\/author\\\/admin\\\/\",\"name\":\"El Digital de Asturias\",\"image\":{\"@type\":\"ImageObject\",\"@id\":\"https:\\\/\\\/www.eldigitaldeasturias.com\\\/noticias\\\/activado-nivel-0-de-preemergencia-por-el-riesgo-de-nevadas-manana-en-madrid\\\/#authorImage\",\"url\":\"https:\\\/\\\/secure.gravatar.com\\\/avatar\\\/df2aeffc32bcd13f8d26072ef8a91b623d677766deac7f97ca815868cd41bf5e?s=96&d=mm&r=g\",\"width\":96,\"height\":96,\"caption\":\"El Digital de Asturias\"}},{\"@type\":\"WebPage\",\"@id\":\"https:\\\/\\\/www.eldigitaldeasturias.com\\\/noticias\\\/activado-nivel-0-de-preemergencia-por-el-riesgo-de-nevadas-manana-en-madrid\\\/#webpage\",\"url\":\"https:\\\/\\\/www.eldigitaldeasturias.com\\\/noticias\\\/activado-nivel-0-de-preemergencia-por-el-riesgo-de-nevadas-manana-en-madrid\\\/\",\"name\":\"Activado nivel 0 de \\u00abPreemergencia\\u00bb por el riesgo de nevadas ma\\u00f1ana en Madrid - El Digital de Asturias\",\"description\":\"Madrid, 2 feb (EFE).- La Comunidad de Madrid ha activado el nivel 0 de \\\"Preemergencia\\\" de su Plan de Inclemencias Invernales ante la nevada que previsiblemente caer\\u00e1 ma\\u00f1ana en toda la regi\\u00f3n, incluida la capital, por lo que el Ayuntamiento ha anunciado que salar\\u00e1 los puntos prioritarios de la ciudad. Seg\\u00fan ha informado a EFE\",\"inLanguage\":\"es-ES\",\"isPartOf\":{\"@id\":\"https:\\\/\\\/www.eldigitaldeasturias.com\\\/noticias\\\/#website\"},\"breadcrumb\":{\"@id\":\"https:\\\/\\\/www.eldigitaldeasturias.com\\\/noticias\\\/activado-nivel-0-de-preemergencia-por-el-riesgo-de-nevadas-manana-en-madrid\\\/#breadcrumblist\"},\"author\":{\"@id\":\"https:\\\/\\\/www.eldigitaldeasturias.com\\\/noticias\\\/author\\\/admin\\\/#author\"},\"creator\":{\"@id\":\"https:\\\/\\\/www.eldigitaldeasturias.com\\\/noticias\\\/author\\\/admin\\\/#author\"},\"image\":{\"@type\":\"ImageObject\",\"url\":482362,\"@id\":\"https:\\\/\\\/www.eldigitaldeasturias.com\\\/noticias\\\/activado-nivel-0-de-preemergencia-por-el-riesgo-de-nevadas-manana-en-madrid\\\/#mainImage\"},\"primaryImageOfPage\":{\"@id\":\"https:\\\/\\\/www.eldigitaldeasturias.com\\\/noticias\\\/activado-nivel-0-de-preemergencia-por-el-riesgo-de-nevadas-manana-en-madrid\\\/#mainImage\"},\"datePublished\":\"2014-02-02T22:50:57+01:00\",\"dateModified\":\"2014-02-02T22:50:57+01:00\"},{\"@type\":\"WebSite\",\"@id\":\"https:\\\/\\\/www.eldigitaldeasturias.com\\\/noticias\\\/#website\",\"url\":\"https:\\\/\\\/www.eldigitaldeasturias.com\\\/noticias\\\/\",\"name\":\"El Digital de Asturias - Diario de actualidad y noticias\",\"alternateName\":\"El Digital de Asturias - Diario de actualidad y noticias\",\"description\":\"Hemeroteca\",\"inLanguage\":\"es-ES\",\"publisher\":{\"@id\":\"https:\\\/\\\/www.eldigitaldeasturias.com\\\/noticias\\\/#organization\"}}]}\n\t\t<\/script>\n\t\t<!-- All in One SEO Pro -->\r\n\t\t<title>Activado nivel 0 de \u00abPreemergencia\u00bb por el riesgo de nevadas ma\u00f1ana en Madrid - El Digital de Asturias<\/title>\n\n","aioseo_head_json":{"title":"Activado nivel 0 de \u00abPreemergencia\u00bb por el riesgo de nevadas ma\u00f1ana en Madrid - El Digital de Asturias","description":"Madrid, 2 feb (EFE).- La Comunidad de Madrid ha activado el nivel 0 de \"Preemergencia\" de su Plan de Inclemencias Invernales ante la nevada que previsiblemente caer\u00e1 ma\u00f1ana en toda la regi\u00f3n, incluida la capital, por lo que el Ayuntamiento ha anunciado que salar\u00e1 los puntos prioritarios de la ciudad. Seg\u00fan ha informado a EFE","canonical_url":"https:\/\/www.eldigitaldeasturias.com\/noticias\/activado-nivel-0-de-preemergencia-por-el-riesgo-de-nevadas-manana-en-madrid\/","robots":"max-image-preview:large","keywords":"actualidad","webmasterTools":{"google-site-verification":"UA-38556648-1","msvalidate.01":"7dfe9f3f1b24437ab69f4f2559babe99","miscellaneous":""},"schema":{"@context":"https:\/\/schema.org","@graph":[{"@type":"BlogPosting","@id":"https:\/\/www.eldigitaldeasturias.com\/noticias\/activado-nivel-0-de-preemergencia-por-el-riesgo-de-nevadas-manana-en-madrid\/#blogposting","name":"Activado nivel 0 de \u00abPreemergencia\u00bb por el riesgo de nevadas ma\u00f1ana en Madrid - El Digital de Asturias","headline":"Activado nivel 0 de \u00abPreemergencia\u00bb por el riesgo de nevadas ma\u00f1ana en Madrid","author":{"@id":"https:\/\/www.eldigitaldeasturias.com\/noticias\/author\/admin\/#author"},"publisher":{"@id":"https:\/\/www.eldigitaldeasturias.com\/noticias\/#organization"},"image":{"@type":"ImageObject","url":482362},"datePublished":"2014-02-02T22:50:57+01:00","dateModified":"2014-02-02T22:50:57+01:00","inLanguage":"es-ES","mainEntityOfPage":{"@id":"https:\/\/www.eldigitaldeasturias.com\/noticias\/activado-nivel-0-de-preemergencia-por-el-riesgo-de-nevadas-manana-en-madrid\/#webpage"},"isPartOf":{"@id":"https:\/\/www.eldigitaldeasturias.com\/noticias\/activado-nivel-0-de-preemergencia-por-el-riesgo-de-nevadas-manana-en-madrid\/#webpage"},"articleSection":"Actualidad"},{"@type":"BreadcrumbList","@id":"https:\/\/www.eldigitaldeasturias.com\/noticias\/activado-nivel-0-de-preemergencia-por-el-riesgo-de-nevadas-manana-en-madrid\/#breadcrumblist","itemListElement":[{"@type":"ListItem","@id":"https:\/\/www.eldigitaldeasturias.com\/noticias#listItem","position":1,"name":"Home","item":"https:\/\/www.eldigitaldeasturias.com\/noticias","nextItem":{"@type":"ListItem","@id":"https:\/\/www.eldigitaldeasturias.com\/noticias\/category\/actualidad\/#listItem","name":"Actualidad"}},{"@type":"ListItem","@id":"https:\/\/www.eldigitaldeasturias.com\/noticias\/category\/actualidad\/#listItem","position":2,"name":"Actualidad","item":"https:\/\/www.eldigitaldeasturias.com\/noticias\/category\/actualidad\/","nextItem":{"@type":"ListItem","@id":"https:\/\/www.eldigitaldeasturias.com\/noticias\/activado-nivel-0-de-preemergencia-por-el-riesgo-de-nevadas-manana-en-madrid\/#listItem","name":"Activado nivel 0 de \u00abPreemergencia\u00bb por el riesgo de nevadas ma\u00f1ana en Madrid"},"previousItem":{"@type":"ListItem","@id":"https:\/\/www.eldigitaldeasturias.com\/noticias#listItem","name":"Home"}},{"@type":"ListItem","@id":"https:\/\/www.eldigitaldeasturias.com\/noticias\/activado-nivel-0-de-preemergencia-por-el-riesgo-de-nevadas-manana-en-madrid\/#listItem","position":3,"name":"Activado nivel 0 de \u00abPreemergencia\u00bb por el riesgo de nevadas ma\u00f1ana en Madrid","previousItem":{"@type":"ListItem","@id":"https:\/\/www.eldigitaldeasturias.com\/noticias\/category\/actualidad\/#listItem","name":"Actualidad"}}]},{"@type":"Organization","@id":"https:\/\/www.eldigitaldeasturias.com\/noticias\/#organization","name":"El Digital de Asturias","description":"Hemeroteca","url":"https:\/\/www.eldigitaldeasturias.com\/noticias\/","email":"info@eldigitaldeasturias.com","telephone":"+34652131393","logo":{"@type":"ImageObject","url":"https:\/\/www.eldigitaldeasturias.com\/noticias\/wp-content\/uploads\/2020\/12\/EDA.jpg","@id":"https:\/\/www.eldigitaldeasturias.com\/noticias\/activado-nivel-0-de-preemergencia-por-el-riesgo-de-nevadas-manana-en-madrid\/#organizationLogo"},"image":{"@id":"https:\/\/www.eldigitaldeasturias.com\/noticias\/activado-nivel-0-de-preemergencia-por-el-riesgo-de-nevadas-manana-en-madrid\/#organizationLogo"},"sameAs":["https:\/\/facebook.com\/eldigitaldeasturias","https:\/\/www.youtube.com\/channel\/UCZP-2wLEB9Rv6erhFmqVnvg"],"address":{"@id":"https:\/\/www.eldigitaldeasturias.com\/noticias\/#postaladdress","@type":"PostalAddress","streetAddress":"san antonio 4","postalCode":"33430","addressLocality":"Cand\u00e1s","addressRegion":"Asturias","addressCountry":"ES"}},{"@type":"Person","@id":"https:\/\/www.eldigitaldeasturias.com\/noticias\/author\/admin\/#author","url":"https:\/\/www.eldigitaldeasturias.com\/noticias\/author\/admin\/","name":"El Digital de Asturias","image":{"@type":"ImageObject","@id":"https:\/\/www.eldigitaldeasturias.com\/noticias\/activado-nivel-0-de-preemergencia-por-el-riesgo-de-nevadas-manana-en-madrid\/#authorImage","url":"https:\/\/secure.gravatar.com\/avatar\/df2aeffc32bcd13f8d26072ef8a91b623d677766deac7f97ca815868cd41bf5e?s=96&d=mm&r=g","width":96,"height":96,"caption":"El Digital de Asturias"}},{"@type":"WebPage","@id":"https:\/\/www.eldigitaldeasturias.com\/noticias\/activado-nivel-0-de-preemergencia-por-el-riesgo-de-nevadas-manana-en-madrid\/#webpage","url":"https:\/\/www.eldigitaldeasturias.com\/noticias\/activado-nivel-0-de-preemergencia-por-el-riesgo-de-nevadas-manana-en-madrid\/","name":"Activado nivel 0 de \u00abPreemergencia\u00bb por el riesgo de nevadas ma\u00f1ana en Madrid - El Digital de Asturias","description":"Madrid, 2 feb (EFE).- La Comunidad de Madrid ha activado el nivel 0 de \"Preemergencia\" de su Plan de Inclemencias Invernales ante la nevada que previsiblemente caer\u00e1 ma\u00f1ana en toda la regi\u00f3n, incluida la capital, por lo que el Ayuntamiento ha anunciado que salar\u00e1 los puntos prioritarios de la ciudad. Seg\u00fan ha informado a EFE","inLanguage":"es-ES","isPartOf":{"@id":"https:\/\/www.eldigitaldeasturias.com\/noticias\/#website"},"breadcrumb":{"@id":"https:\/\/www.eldigitaldeasturias.com\/noticias\/activado-nivel-0-de-preemergencia-por-el-riesgo-de-nevadas-manana-en-madrid\/#breadcrumblist"},"author":{"@id":"https:\/\/www.eldigitaldeasturias.com\/noticias\/author\/admin\/#author"},"creator":{"@id":"https:\/\/www.eldigitaldeasturias.com\/noticias\/author\/admin\/#author"},"image":{"@type":"ImageObject","url":482362,"@id":"https:\/\/www.eldigitaldeasturias.com\/noticias\/activado-nivel-0-de-preemergencia-por-el-riesgo-de-nevadas-manana-en-madrid\/#mainImage"},"primaryImageOfPage":{"@id":"https:\/\/www.eldigitaldeasturias.com\/noticias\/activado-nivel-0-de-preemergencia-por-el-riesgo-de-nevadas-manana-en-madrid\/#mainImage"},"datePublished":"2014-02-02T22:50:57+01:00","dateModified":"2014-02-02T22:50:57+01:00"},{"@type":"WebSite","@id":"https:\/\/www.eldigitaldeasturias.com\/noticias\/#website","url":"https:\/\/www.eldigitaldeasturias.com\/noticias\/","name":"El Digital de Asturias - Diario de actualidad y noticias","alternateName":"El Digital de Asturias - Diario de actualidad y noticias","description":"Hemeroteca","inLanguage":"es-ES","publisher":{"@id":"https:\/\/www.eldigitaldeasturias.com\/noticias\/#organization"}}]},"og:locale":"es_ES","og:site_name":"El Digital de Asturias","og:type":"article","og:title":"Activado nivel 0 de \u00abPreemergencia\u00bb por el riesgo de nevadas ma\u00f1ana en Madrid - El Digital de Asturias","og:description":"Madrid, 2 feb (EFE).- La Comunidad de Madrid ha activado el nivel 0 de &quot;Preemergencia&quot; de su Plan de Inclemencias Invernales ante la nevada que previsiblemente caer\u00e1 ma\u00f1ana en toda la regi\u00f3n, incluida la capital, por lo que el Ayuntamiento ha anunciado que salar\u00e1 los puntos prioritarios de la ciudad. Seg\u00fan ha informado a EFE","og:url":"https:\/\/www.eldigitaldeasturias.com\/noticias\/activado-nivel-0-de-preemergencia-por-el-riesgo-de-nevadas-manana-en-madrid\/","article:tag":["actualidad"],"article:published_time":"2014-02-02T23:50:57+00:00","article:modified_time":"2014-02-02T23:50:57+00:00","article:publisher":"https:\/\/facebook.com\/eldigitaldeasturias","twitter:card":"summary_large_image","twitter:title":"Activado nivel 0 de \u00abPreemergencia\u00bb por el riesgo de nevadas ma\u00f1ana en Madrid - El Digital de Asturias","twitter:description":"Madrid, 2 feb (EFE).- La Comunidad de Madrid ha activado el nivel 0 de &quot;Preemergencia&quot; de su Plan de Inclemencias Invernales ante la nevada que previsiblemente caer\u00e1 ma\u00f1ana en toda la regi\u00f3n, incluida la capital, por lo que el Ayuntamiento ha anunciado que salar\u00e1 los puntos prioritarios de la ciudad. Seg\u00fan ha informado a EFE","twitter:label1":"Escrito por","twitter:data1":"El Digital de Asturias","twitter:label2":"Tiempo de lectura estimado","twitter:data2":"2 minutos"},"aioseo_meta_data":{"post_id":"482361","title":null,"description":null,"keywords":null,"keyphrases":null,"primary_term":null,"canonical_url":null,"og_title":null,"og_description":null,"og_object_type":"default","og_image_type":"default","og_image_url":null,"og_image_width":null,"og_image_height":null,"og_image_custom_url":null,"og_image_custom_fields":null,"og_video":null,"og_custom_url":null,"og_article_section":null,"og_article_tags":null,"twitter_use_og":true,"twitter_card":"default","twitter_image_type":"default","twitter_image_url":null,"twitter_image_custom_url":null,"twitter_image_custom_fields":null,"twitter_title":null,"twitter_description":null,"schema":{"blockGraphs":[],"customGraphs":[],"default":{"data":{"Article":[],"Course":[],"Dataset":[],"FAQPage":[],"Movie":[],"Person":[],"Product":[],"ProductReview":[],"Car":[],"Recipe":[],"Service":[],"SoftwareApplication":[],"WebPage":[]},"graphName":"","isEnabled":true},"graphs":[],"defaultGraph":"","defaultPostTypeGraph":""},"schema_type":null,"schema_type_options":null,"pillar_content":false,"robots_default":true,"robots_noindex":false,"robots_noarchive":false,"robots_nosnippet":false,"robots_nofollow":false,"robots_noimageindex":false,"robots_noodp":false,"robots_notranslate":false,"robots_max_snippet":null,"robots_max_videopreview":null,"robots_max_imagepreview":"none","priority":null,"frequency":null,"local_seo":null,"seo_analyzer_scan_date":"2026-06-02 09:35:58","breadcrumb_settings":null,"limit_modified_date":false,"open_ai":null,"ai":null,"created":"2020-11-14 22:54:33","updated":"2026-06-02 09:35:58","focus_keyword":null,"additional_keywords":null,"truseo_locale":null},"aioseo_breadcrumb":"<div class=\"aioseo-breadcrumbs\"><span class=\"aioseo-breadcrumb\">\n\t<a href=\"https:\/\/www.eldigitaldeasturias.com\/noticias\" title=\"Home\">Home<\/a>\n<\/span><span class=\"aioseo-breadcrumb-separator\">\u2013<\/span><span class=\"aioseo-breadcrumb\">\n\t<a href=\"https:\/\/www.eldigitaldeasturias.com\/noticias\/category\/actualidad\/\" title=\"Actualidad\">Actualidad<\/a>\n<\/span><span class=\"aioseo-breadcrumb-separator\">\u2013<\/span><span class=\"aioseo-breadcrumb\">\n\t<a href=\"https:\/\/www.eldigitaldeasturias.com\/noticias\/activado-nivel-0-de-preemergencia-por-el-riesgo-de-nevadas-manana-en-madrid\/\" title=\"Activado nivel 0 de \u00abPreemergencia\u00bb por el riesgo de nevadas ma\u00f1ana en Madrid\">Activado nivel 0 de \u00abPreemergencia\u00bb por el riesgo de nevadas ma\u00f1ana en Madrid<\/a>\n<\/span><\/div>","aioseo_breadcrumb_json":[{"label":"Home","link":"https:\/\/www.eldigitaldeasturias.com\/noticias"},{"label":"Actualidad","link":"https:\/\/www.eldigitaldeasturias.com\/noticias\/category\/actualidad\/"},{"label":"Activado nivel 0 de \u00abPreemergencia\u00bb por el riesgo de nevadas ma\u00f1ana en Madrid","link":"https:\/\/www.eldigitaldeasturias.com\/noticias\/activado-nivel-0-de-preemergencia-por-el-riesgo-de-nevadas-manana-en-madrid\/"}],"_links":{"self":[{"href":"https:\/\/www.eldigitaldeasturias.com\/noticias\/wp-json\/wp\/v2\/posts\/482361","targetHints":{"allow":["GET"]}}],"collection":[{"href":"https:\/\/www.eldigitaldeasturias.com\/noticias\/wp-json\/wp\/v2\/posts"}],"about":[{"href":"https:\/\/www.eldigitaldeasturias.com\/noticias\/wp-json\/wp\/v2\/types\/post"}],"author":[{"embeddable":true,"href":"https:\/\/www.eldigitaldeasturias.com\/noticias\/wp-json\/wp\/v2\/users\/1"}],"replies":[{"embeddable":true,"href":"https:\/\/www.eldigitaldeasturias.com\/noticias\/wp-json\/wp\/v2\/comments?post=482361"}],"version-history":[{"count":0,"href":"https:\/\/www.eldigitaldeasturias.com\/noticias\/wp-json\/wp\/v2\/posts\/482361\/revisions"}],"wp:attachment":[{"href":"https:\/\/www.eldigitaldeasturias.com\/noticias\/wp-json\/wp\/v2\/media?parent=482361"}],"wp:term":[{"taxonomy":"category","embeddable":true,"href":"https:\/\/www.eldigitaldeasturias.com\/noticias\/wp-json\/wp\/v2\/categories?post=482361"},{"taxonomy":"post_tag","embeddable":true,"href":"https:\/\/www.eldigitaldeasturias.com\/noticias\/wp-json\/wp\/v2\/tags?post=482361"}],"curies":[{"name":"wp","href":"https:\/\/api.w.org\/{rel}","templated":true}]}}