{"id":482352,"date":"2014-02-02T22:47:59","date_gmt":"2014-02-02T23:47:59","guid":{"rendered":"http:\/\/www.eldigitaldeasturias.com\/noticias\/?p=482352"},"modified":"2014-02-02T22:47:59","modified_gmt":"2014-02-02T23:47:59","slug":"stybar-gana-su-duelo-particular-a-nys-y-logra-su-tercer-mundial","status":"publish","type":"post","link":"https:\/\/www.eldigitaldeasturias.com\/noticias\/stybar-gana-su-duelo-particular-a-nys-y-logra-su-tercer-mundial\/","title":{"rendered":"Stybar gana su duelo particular a Nys y logra su tercer mundial"},"content":{"rendered":"<p><img loading=\"lazy\" decoding=\"async\" class=\"alignleft size-medium wp-image-482353\" alt=\"5901587w\" src=\"https:\/\/www.eldigitaldeasturias.com\/noticias\/wp-content\/uploads\/2014\/02\/5901587w-360x239.jpg\" width=\"360\" height=\"239\" \/>Redacci\u00f3n deportes, 2 feb (EFE).- El ciclista checo Zdenek Stybar logr\u00f3 su tercer t\u00edtulo mundial de ciclocr\u00f3s al imponerse en la prueba disputada hoy, en un circuito de la ciudad holandesa de Hoogerheide, superando al gran favorito, el belga Sven Nys que defend\u00eda el t\u00edtulo.<\/p>\n<p>Stybar estuvo acompa\u00f1ado en podio por Nys, que a punto estuvo de renovar el arco iris logrado el pasado a\u00f1o, y del tambi\u00e9n belga Kevin Pauwels que se llev\u00f3 el bronce.<\/p>\n<p>Desde el comienzo de la prueba, Stybar y Nys dejaron que otros asumieran la responsabilidad de la carrera, como los grandes protagonistas de las \u00faltimas pruebas de la temporada Van der Haar, vencedor de la Copa del mundo, Niels Albert o Kevin Pauwels.<\/p>\n<p>El duelo entre Stybar y Nys lleg\u00f3 antes de lo esperado. Fue a falta de cuatro vueltas cuando ambos descubrieron sus cartas. Sus ataques rompieron la carrera y el t\u00edtulo pas\u00f3 a ser cosa de dos.<\/p>\n<p>Stybar marc\u00f3 el ritmo con un aceler\u00f3n que sirvi\u00f3 para abrir hueco en muchos tramos del circuito y al mismo tiempo asfixiar a su rival que, a duras penas, lograba seguir la estela de su rival.<\/p>\n<p>El campe\u00f3n del pasado a\u00f1o se recuper\u00f3 a falta de un par de vueltas, dio la sensaci\u00f3n de que pod\u00eda revalidar el t\u00edtulo al aprovechar un desfallecimiento Stybar en el barrizal de Hoogerheide, pero no apret\u00f3 lo suficiente y el checo le volvi\u00f3 a ganar.<\/p>\n<p>&nbsp;<\/p>\n<p>&#8211; Clasificaci\u00f3n:<\/p>\n<p>.1. Zdenek Stybar (CZE) 1h 05:29<\/p>\n<p>.2. Sven Nys (BEL) a 0:12<\/p>\n<p>.3. Kevin Pauwels (BEL) a 00:40<\/p>\n<p>.4. Klaas Vantornout (BEL) a 00:59<\/p>\n<p>.5. Tom Meeusen (BEL) a 01:07<\/p>\n<p>.6. Lars Van Der Haar (HOL) a 01:22<\/p>\n<p>.7. Rob Peeters (BEL) a 01:43<\/p>\n<p>.8. Francis Mourey (FRA) a 01:53<\/p>\n<p>.9. Radomir Simunek (CZE) a 02:04<\/p>\n<p>10. Wietse Bosmans (BEL) a 02:11<\/p>\n<p>11. Philipp Walsleben (ALE) a 02:27<\/p>\n<p>12. Corne Van Kessel (HOL) a 02:29<\/p>\n<p>13. Enrico Franzoi (ITA) a 02:29<\/p>\n<p>14. Julien Taramarcaz (SUI) a 02:29<\/p>\n<p>15. Nicolas Bazin (FRA) a 02:42<\/p>\n<p>&nbsp;<\/p>\n<p>33. Javier Ruiz de Larrinaga (ESP) a 05:35<\/p>\n<p>39. Aitor Hernandez (ESP) a 06:13<\/p>\n","protected":false},"excerpt":{"rendered":"<p>Redacci\u00f3n deportes, 2 feb (EFE).- El ciclista checo Zdenek Stybar logr\u00f3 su tercer t\u00edtulo mundial de ciclocr\u00f3s al imponerse en la prueba disputada hoy, en un circuito de la ciudad holandesa de Hoogerheide, superando al gran favorito, el belga Sven Nys que defend\u00eda el t\u00edtulo. Stybar estuvo acompa\u00f1ado en podio por Nys, que a punto [&hellip;]<\/p>\n","protected":false},"author":1,"featured_media":482353,"comment_status":"closed","ping_status":"open","sticky":false,"template":"","format":"standard","meta":{"footnotes":""},"categories":[1],"tags":[],"class_list":["post-482352","post","type-post","status-publish","format-standard","has-post-thumbnail","hentry","category-actualidad"],"aioseo_notices":[],"aioseo_head":"\n\t\t<!-- All in One SEO Pro 5.0.1 - aioseo.com -->\n\t<meta name=\"description\" content=\"Redacci\u00f3n deportes, 2 feb (EFE).- El ciclista checo Zdenek Stybar logr\u00f3 su tercer t\u00edtulo mundial de ciclocr\u00f3s al imponerse en la prueba disputada hoy, en un circuito de la ciudad holandesa de Hoogerheide, superando al gran favorito, el belga Sven Nys que defend\u00eda el t\u00edtulo. Stybar estuvo acompa\u00f1ado en podio por Nys, que a punto\" \/>\n\t<meta name=\"robots\" content=\"max-image-preview:large\" \/>\n\t<meta name=\"author\" content=\"El Digital de Asturias\"\/>\n\t<meta name=\"google-site-verification\" content=\"UA-38556648-1\" \/>\n\t<meta name=\"msvalidate.01\" content=\"7dfe9f3f1b24437ab69f4f2559babe99\" \/>\n\t<meta name=\"keywords\" content=\"actualidad\" \/>\n\t<link rel=\"canonical\" href=\"https:\/\/www.eldigitaldeasturias.com\/noticias\/stybar-gana-su-duelo-particular-a-nys-y-logra-su-tercer-mundial\/\" \/>\n\t<meta name=\"generator\" content=\"All in One SEO Pro (AIOSEO) 5.0.1\" \/>\n\t\t<meta property=\"og:locale\" content=\"es_ES\" \/>\n\t\t<meta property=\"og:site_name\" content=\"El Digital de Asturias\" \/>\n\t\t<meta property=\"og:type\" content=\"article\" \/>\n\t\t<meta property=\"og:title\" content=\"Stybar gana su duelo particular a Nys y logra su tercer mundial - El Digital de Asturias\" \/>\n\t\t<meta property=\"og:description\" content=\"Redacci\u00f3n deportes, 2 feb (EFE).- El ciclista checo Zdenek Stybar logr\u00f3 su tercer t\u00edtulo mundial de ciclocr\u00f3s al imponerse en la prueba disputada hoy, en un circuito de la ciudad holandesa de Hoogerheide, superando al gran favorito, el belga Sven Nys que defend\u00eda el t\u00edtulo. Stybar estuvo acompa\u00f1ado en podio por Nys, que a punto\" \/>\n\t\t<meta property=\"og:url\" content=\"https:\/\/www.eldigitaldeasturias.com\/noticias\/stybar-gana-su-duelo-particular-a-nys-y-logra-su-tercer-mundial\/\" \/>\n\t\t<meta property=\"article:tag\" content=\"actualidad\" \/>\n\t\t<meta property=\"article:published_time\" content=\"2014-02-02T23:47:59+00:00\" \/>\n\t\t<meta property=\"article:modified_time\" content=\"2014-02-02T23:47:59+00:00\" \/>\n\t\t<meta property=\"article:publisher\" content=\"https:\/\/facebook.com\/eldigitaldeasturias\" \/>\n\t\t<meta name=\"twitter:card\" content=\"summary_large_image\" \/>\n\t\t<meta name=\"twitter:title\" content=\"Stybar gana su duelo particular a Nys y logra su tercer mundial - El Digital de Asturias\" \/>\n\t\t<meta name=\"twitter:description\" content=\"Redacci\u00f3n deportes, 2 feb (EFE).- El ciclista checo Zdenek Stybar logr\u00f3 su tercer t\u00edtulo mundial de ciclocr\u00f3s al imponerse en la prueba disputada hoy, en un circuito de la ciudad holandesa de Hoogerheide, superando al gran favorito, el belga Sven Nys que defend\u00eda el t\u00edtulo. Stybar estuvo acompa\u00f1ado en podio por Nys, que a punto\" \/>\n\t\t<meta name=\"twitter:label1\" content=\"Escrito por\" \/>\n\t\t<meta name=\"twitter:data1\" content=\"El Digital de Asturias\" \/>\n\t\t<meta name=\"twitter:label2\" content=\"Tiempo de lectura estimado\" \/>\n\t\t<meta name=\"twitter:data2\" content=\"2 minutos\" \/>\n\t\t<script type=\"application\/ld+json\" class=\"aioseo-schema\">\n\t\t\t{\"@context\":\"https:\\\/\\\/schema.org\",\"@graph\":[{\"@type\":\"BlogPosting\",\"@id\":\"https:\\\/\\\/www.eldigitaldeasturias.com\\\/noticias\\\/stybar-gana-su-duelo-particular-a-nys-y-logra-su-tercer-mundial\\\/#blogposting\",\"name\":\"Stybar gana su duelo particular a Nys y logra su tercer mundial - El Digital de Asturias\",\"headline\":\"Stybar gana su duelo particular a Nys y logra su tercer mundial\",\"author\":{\"@id\":\"https:\\\/\\\/www.eldigitaldeasturias.com\\\/noticias\\\/author\\\/admin\\\/#author\"},\"publisher\":{\"@id\":\"https:\\\/\\\/www.eldigitaldeasturias.com\\\/noticias\\\/#organization\"},\"image\":{\"@type\":\"ImageObject\",\"url\":482353},\"datePublished\":\"2014-02-02T22:47:59+01:00\",\"dateModified\":\"2014-02-02T22:47:59+01:00\",\"inLanguage\":\"es-ES\",\"mainEntityOfPage\":{\"@id\":\"https:\\\/\\\/www.eldigitaldeasturias.com\\\/noticias\\\/stybar-gana-su-duelo-particular-a-nys-y-logra-su-tercer-mundial\\\/#webpage\"},\"isPartOf\":{\"@id\":\"https:\\\/\\\/www.eldigitaldeasturias.com\\\/noticias\\\/stybar-gana-su-duelo-particular-a-nys-y-logra-su-tercer-mundial\\\/#webpage\"},\"articleSection\":\"Actualidad\"},{\"@type\":\"BreadcrumbList\",\"@id\":\"https:\\\/\\\/www.eldigitaldeasturias.com\\\/noticias\\\/stybar-gana-su-duelo-particular-a-nys-y-logra-su-tercer-mundial\\\/#breadcrumblist\",\"itemListElement\":[{\"@type\":\"ListItem\",\"@id\":\"https:\\\/\\\/www.eldigitaldeasturias.com\\\/noticias#listItem\",\"position\":1,\"name\":\"Home\",\"item\":\"https:\\\/\\\/www.eldigitaldeasturias.com\\\/noticias\",\"nextItem\":{\"@type\":\"ListItem\",\"@id\":\"https:\\\/\\\/www.eldigitaldeasturias.com\\\/noticias\\\/category\\\/actualidad\\\/#listItem\",\"name\":\"Actualidad\"}},{\"@type\":\"ListItem\",\"@id\":\"https:\\\/\\\/www.eldigitaldeasturias.com\\\/noticias\\\/category\\\/actualidad\\\/#listItem\",\"position\":2,\"name\":\"Actualidad\",\"item\":\"https:\\\/\\\/www.eldigitaldeasturias.com\\\/noticias\\\/category\\\/actualidad\\\/\",\"nextItem\":{\"@type\":\"ListItem\",\"@id\":\"https:\\\/\\\/www.eldigitaldeasturias.com\\\/noticias\\\/stybar-gana-su-duelo-particular-a-nys-y-logra-su-tercer-mundial\\\/#listItem\",\"name\":\"Stybar gana su duelo particular a Nys y logra su tercer mundial\"},\"previousItem\":{\"@type\":\"ListItem\",\"@id\":\"https:\\\/\\\/www.eldigitaldeasturias.com\\\/noticias#listItem\",\"name\":\"Home\"}},{\"@type\":\"ListItem\",\"@id\":\"https:\\\/\\\/www.eldigitaldeasturias.com\\\/noticias\\\/stybar-gana-su-duelo-particular-a-nys-y-logra-su-tercer-mundial\\\/#listItem\",\"position\":3,\"name\":\"Stybar gana su duelo particular a Nys y logra su tercer mundial\",\"previousItem\":{\"@type\":\"ListItem\",\"@id\":\"https:\\\/\\\/www.eldigitaldeasturias.com\\\/noticias\\\/category\\\/actualidad\\\/#listItem\",\"name\":\"Actualidad\"}}]},{\"@type\":\"Organization\",\"@id\":\"https:\\\/\\\/www.eldigitaldeasturias.com\\\/noticias\\\/#organization\",\"name\":\"El Digital de Asturias\",\"description\":\"Hemeroteca\",\"url\":\"https:\\\/\\\/www.eldigitaldeasturias.com\\\/noticias\\\/\",\"email\":\"info@eldigitaldeasturias.com\",\"telephone\":\"+34652131393\",\"logo\":{\"@type\":\"ImageObject\",\"url\":\"https:\\\/\\\/www.eldigitaldeasturias.com\\\/noticias\\\/wp-content\\\/uploads\\\/2020\\\/12\\\/EDA.jpg\",\"@id\":\"https:\\\/\\\/www.eldigitaldeasturias.com\\\/noticias\\\/stybar-gana-su-duelo-particular-a-nys-y-logra-su-tercer-mundial\\\/#organizationLogo\"},\"image\":{\"@id\":\"https:\\\/\\\/www.eldigitaldeasturias.com\\\/noticias\\\/stybar-gana-su-duelo-particular-a-nys-y-logra-su-tercer-mundial\\\/#organizationLogo\"},\"sameAs\":[\"https:\\\/\\\/facebook.com\\\/eldigitaldeasturias\",\"https:\\\/\\\/www.youtube.com\\\/channel\\\/UCZP-2wLEB9Rv6erhFmqVnvg\"],\"address\":{\"@id\":\"https:\\\/\\\/www.eldigitaldeasturias.com\\\/noticias\\\/#postaladdress\",\"@type\":\"PostalAddress\",\"streetAddress\":\"san antonio 4\",\"postalCode\":\"33430\",\"addressLocality\":\"Cand\\u00e1s\",\"addressRegion\":\"Asturias\",\"addressCountry\":\"ES\"}},{\"@type\":\"Person\",\"@id\":\"https:\\\/\\\/www.eldigitaldeasturias.com\\\/noticias\\\/author\\\/admin\\\/#author\",\"url\":\"https:\\\/\\\/www.eldigitaldeasturias.com\\\/noticias\\\/author\\\/admin\\\/\",\"name\":\"El Digital de Asturias\",\"image\":{\"@type\":\"ImageObject\",\"@id\":\"https:\\\/\\\/www.eldigitaldeasturias.com\\\/noticias\\\/stybar-gana-su-duelo-particular-a-nys-y-logra-su-tercer-mundial\\\/#authorImage\",\"url\":\"https:\\\/\\\/secure.gravatar.com\\\/avatar\\\/df2aeffc32bcd13f8d26072ef8a91b623d677766deac7f97ca815868cd41bf5e?s=96&d=mm&r=g\",\"width\":96,\"height\":96,\"caption\":\"El Digital de Asturias\"}},{\"@type\":\"WebPage\",\"@id\":\"https:\\\/\\\/www.eldigitaldeasturias.com\\\/noticias\\\/stybar-gana-su-duelo-particular-a-nys-y-logra-su-tercer-mundial\\\/#webpage\",\"url\":\"https:\\\/\\\/www.eldigitaldeasturias.com\\\/noticias\\\/stybar-gana-su-duelo-particular-a-nys-y-logra-su-tercer-mundial\\\/\",\"name\":\"Stybar gana su duelo particular a Nys y logra su tercer mundial - El Digital de Asturias\",\"description\":\"Redacci\\u00f3n deportes, 2 feb (EFE).- El ciclista checo Zdenek Stybar logr\\u00f3 su tercer t\\u00edtulo mundial de ciclocr\\u00f3s al imponerse en la prueba disputada hoy, en un circuito de la ciudad holandesa de Hoogerheide, superando al gran favorito, el belga Sven Nys que defend\\u00eda el t\\u00edtulo. Stybar estuvo acompa\\u00f1ado en podio por Nys, que a punto\",\"inLanguage\":\"es-ES\",\"isPartOf\":{\"@id\":\"https:\\\/\\\/www.eldigitaldeasturias.com\\\/noticias\\\/#website\"},\"breadcrumb\":{\"@id\":\"https:\\\/\\\/www.eldigitaldeasturias.com\\\/noticias\\\/stybar-gana-su-duelo-particular-a-nys-y-logra-su-tercer-mundial\\\/#breadcrumblist\"},\"author\":{\"@id\":\"https:\\\/\\\/www.eldigitaldeasturias.com\\\/noticias\\\/author\\\/admin\\\/#author\"},\"creator\":{\"@id\":\"https:\\\/\\\/www.eldigitaldeasturias.com\\\/noticias\\\/author\\\/admin\\\/#author\"},\"image\":{\"@type\":\"ImageObject\",\"url\":482353,\"@id\":\"https:\\\/\\\/www.eldigitaldeasturias.com\\\/noticias\\\/stybar-gana-su-duelo-particular-a-nys-y-logra-su-tercer-mundial\\\/#mainImage\"},\"primaryImageOfPage\":{\"@id\":\"https:\\\/\\\/www.eldigitaldeasturias.com\\\/noticias\\\/stybar-gana-su-duelo-particular-a-nys-y-logra-su-tercer-mundial\\\/#mainImage\"},\"datePublished\":\"2014-02-02T22:47:59+01:00\",\"dateModified\":\"2014-02-02T22:47:59+01:00\"},{\"@type\":\"WebSite\",\"@id\":\"https:\\\/\\\/www.eldigitaldeasturias.com\\\/noticias\\\/#website\",\"url\":\"https:\\\/\\\/www.eldigitaldeasturias.com\\\/noticias\\\/\",\"name\":\"El Digital de Asturias - Diario de actualidad y noticias\",\"alternateName\":\"El Digital de Asturias - Diario de actualidad y noticias\",\"description\":\"Hemeroteca\",\"inLanguage\":\"es-ES\",\"publisher\":{\"@id\":\"https:\\\/\\\/www.eldigitaldeasturias.com\\\/noticias\\\/#organization\"}}]}\n\t\t<\/script>\n\t\t<!-- All in One SEO Pro -->\r\n\t\t<title>Stybar gana su duelo particular a Nys y logra su tercer mundial - El Digital de Asturias<\/title>\n\n","aioseo_head_json":{"title":"Stybar gana su duelo particular a Nys y logra su tercer mundial - El Digital de Asturias","description":"Redacci\u00f3n deportes, 2 feb (EFE).- El ciclista checo Zdenek Stybar logr\u00f3 su tercer t\u00edtulo mundial de ciclocr\u00f3s al imponerse en la prueba disputada hoy, en un circuito de la ciudad holandesa de Hoogerheide, superando al gran favorito, el belga Sven Nys que defend\u00eda el t\u00edtulo. Stybar estuvo acompa\u00f1ado en podio por Nys, que a punto","canonical_url":"https:\/\/www.eldigitaldeasturias.com\/noticias\/stybar-gana-su-duelo-particular-a-nys-y-logra-su-tercer-mundial\/","robots":"max-image-preview:large","keywords":"actualidad","webmasterTools":{"google-site-verification":"UA-38556648-1","msvalidate.01":"7dfe9f3f1b24437ab69f4f2559babe99","miscellaneous":""},"schema":{"@context":"https:\/\/schema.org","@graph":[{"@type":"BlogPosting","@id":"https:\/\/www.eldigitaldeasturias.com\/noticias\/stybar-gana-su-duelo-particular-a-nys-y-logra-su-tercer-mundial\/#blogposting","name":"Stybar gana su duelo particular a Nys y logra su tercer mundial - El Digital de Asturias","headline":"Stybar gana su duelo particular a Nys y logra su tercer mundial","author":{"@id":"https:\/\/www.eldigitaldeasturias.com\/noticias\/author\/admin\/#author"},"publisher":{"@id":"https:\/\/www.eldigitaldeasturias.com\/noticias\/#organization"},"image":{"@type":"ImageObject","url":482353},"datePublished":"2014-02-02T22:47:59+01:00","dateModified":"2014-02-02T22:47:59+01:00","inLanguage":"es-ES","mainEntityOfPage":{"@id":"https:\/\/www.eldigitaldeasturias.com\/noticias\/stybar-gana-su-duelo-particular-a-nys-y-logra-su-tercer-mundial\/#webpage"},"isPartOf":{"@id":"https:\/\/www.eldigitaldeasturias.com\/noticias\/stybar-gana-su-duelo-particular-a-nys-y-logra-su-tercer-mundial\/#webpage"},"articleSection":"Actualidad"},{"@type":"BreadcrumbList","@id":"https:\/\/www.eldigitaldeasturias.com\/noticias\/stybar-gana-su-duelo-particular-a-nys-y-logra-su-tercer-mundial\/#breadcrumblist","itemListElement":[{"@type":"ListItem","@id":"https:\/\/www.eldigitaldeasturias.com\/noticias#listItem","position":1,"name":"Home","item":"https:\/\/www.eldigitaldeasturias.com\/noticias","nextItem":{"@type":"ListItem","@id":"https:\/\/www.eldigitaldeasturias.com\/noticias\/category\/actualidad\/#listItem","name":"Actualidad"}},{"@type":"ListItem","@id":"https:\/\/www.eldigitaldeasturias.com\/noticias\/category\/actualidad\/#listItem","position":2,"name":"Actualidad","item":"https:\/\/www.eldigitaldeasturias.com\/noticias\/category\/actualidad\/","nextItem":{"@type":"ListItem","@id":"https:\/\/www.eldigitaldeasturias.com\/noticias\/stybar-gana-su-duelo-particular-a-nys-y-logra-su-tercer-mundial\/#listItem","name":"Stybar gana su duelo particular a Nys y logra su tercer mundial"},"previousItem":{"@type":"ListItem","@id":"https:\/\/www.eldigitaldeasturias.com\/noticias#listItem","name":"Home"}},{"@type":"ListItem","@id":"https:\/\/www.eldigitaldeasturias.com\/noticias\/stybar-gana-su-duelo-particular-a-nys-y-logra-su-tercer-mundial\/#listItem","position":3,"name":"Stybar gana su duelo particular a Nys y logra su tercer mundial","previousItem":{"@type":"ListItem","@id":"https:\/\/www.eldigitaldeasturias.com\/noticias\/category\/actualidad\/#listItem","name":"Actualidad"}}]},{"@type":"Organization","@id":"https:\/\/www.eldigitaldeasturias.com\/noticias\/#organization","name":"El Digital de Asturias","description":"Hemeroteca","url":"https:\/\/www.eldigitaldeasturias.com\/noticias\/","email":"info@eldigitaldeasturias.com","telephone":"+34652131393","logo":{"@type":"ImageObject","url":"https:\/\/www.eldigitaldeasturias.com\/noticias\/wp-content\/uploads\/2020\/12\/EDA.jpg","@id":"https:\/\/www.eldigitaldeasturias.com\/noticias\/stybar-gana-su-duelo-particular-a-nys-y-logra-su-tercer-mundial\/#organizationLogo"},"image":{"@id":"https:\/\/www.eldigitaldeasturias.com\/noticias\/stybar-gana-su-duelo-particular-a-nys-y-logra-su-tercer-mundial\/#organizationLogo"},"sameAs":["https:\/\/facebook.com\/eldigitaldeasturias","https:\/\/www.youtube.com\/channel\/UCZP-2wLEB9Rv6erhFmqVnvg"],"address":{"@id":"https:\/\/www.eldigitaldeasturias.com\/noticias\/#postaladdress","@type":"PostalAddress","streetAddress":"san antonio 4","postalCode":"33430","addressLocality":"Cand\u00e1s","addressRegion":"Asturias","addressCountry":"ES"}},{"@type":"Person","@id":"https:\/\/www.eldigitaldeasturias.com\/noticias\/author\/admin\/#author","url":"https:\/\/www.eldigitaldeasturias.com\/noticias\/author\/admin\/","name":"El Digital de Asturias","image":{"@type":"ImageObject","@id":"https:\/\/www.eldigitaldeasturias.com\/noticias\/stybar-gana-su-duelo-particular-a-nys-y-logra-su-tercer-mundial\/#authorImage","url":"https:\/\/secure.gravatar.com\/avatar\/df2aeffc32bcd13f8d26072ef8a91b623d677766deac7f97ca815868cd41bf5e?s=96&d=mm&r=g","width":96,"height":96,"caption":"El Digital de Asturias"}},{"@type":"WebPage","@id":"https:\/\/www.eldigitaldeasturias.com\/noticias\/stybar-gana-su-duelo-particular-a-nys-y-logra-su-tercer-mundial\/#webpage","url":"https:\/\/www.eldigitaldeasturias.com\/noticias\/stybar-gana-su-duelo-particular-a-nys-y-logra-su-tercer-mundial\/","name":"Stybar gana su duelo particular a Nys y logra su tercer mundial - El Digital de Asturias","description":"Redacci\u00f3n deportes, 2 feb (EFE).- El ciclista checo Zdenek Stybar logr\u00f3 su tercer t\u00edtulo mundial de ciclocr\u00f3s al imponerse en la prueba disputada hoy, en un circuito de la ciudad holandesa de Hoogerheide, superando al gran favorito, el belga Sven Nys que defend\u00eda el t\u00edtulo. Stybar estuvo acompa\u00f1ado en podio por Nys, que a punto","inLanguage":"es-ES","isPartOf":{"@id":"https:\/\/www.eldigitaldeasturias.com\/noticias\/#website"},"breadcrumb":{"@id":"https:\/\/www.eldigitaldeasturias.com\/noticias\/stybar-gana-su-duelo-particular-a-nys-y-logra-su-tercer-mundial\/#breadcrumblist"},"author":{"@id":"https:\/\/www.eldigitaldeasturias.com\/noticias\/author\/admin\/#author"},"creator":{"@id":"https:\/\/www.eldigitaldeasturias.com\/noticias\/author\/admin\/#author"},"image":{"@type":"ImageObject","url":482353,"@id":"https:\/\/www.eldigitaldeasturias.com\/noticias\/stybar-gana-su-duelo-particular-a-nys-y-logra-su-tercer-mundial\/#mainImage"},"primaryImageOfPage":{"@id":"https:\/\/www.eldigitaldeasturias.com\/noticias\/stybar-gana-su-duelo-particular-a-nys-y-logra-su-tercer-mundial\/#mainImage"},"datePublished":"2014-02-02T22:47:59+01:00","dateModified":"2014-02-02T22:47:59+01:00"},{"@type":"WebSite","@id":"https:\/\/www.eldigitaldeasturias.com\/noticias\/#website","url":"https:\/\/www.eldigitaldeasturias.com\/noticias\/","name":"El Digital de Asturias - Diario de actualidad y noticias","alternateName":"El Digital de Asturias - Diario de actualidad y noticias","description":"Hemeroteca","inLanguage":"es-ES","publisher":{"@id":"https:\/\/www.eldigitaldeasturias.com\/noticias\/#organization"}}]},"og:locale":"es_ES","og:site_name":"El Digital de Asturias","og:type":"article","og:title":"Stybar gana su duelo particular a Nys y logra su tercer mundial - El Digital de Asturias","og:description":"Redacci\u00f3n deportes, 2 feb (EFE).- El ciclista checo Zdenek Stybar logr\u00f3 su tercer t\u00edtulo mundial de ciclocr\u00f3s al imponerse en la prueba disputada hoy, en un circuito de la ciudad holandesa de Hoogerheide, superando al gran favorito, el belga Sven Nys que defend\u00eda el t\u00edtulo. Stybar estuvo acompa\u00f1ado en podio por Nys, que a punto","og:url":"https:\/\/www.eldigitaldeasturias.com\/noticias\/stybar-gana-su-duelo-particular-a-nys-y-logra-su-tercer-mundial\/","article:tag":["actualidad"],"article:published_time":"2014-02-02T23:47:59+00:00","article:modified_time":"2014-02-02T23:47:59+00:00","article:publisher":"https:\/\/facebook.com\/eldigitaldeasturias","twitter:card":"summary_large_image","twitter:title":"Stybar gana su duelo particular a Nys y logra su tercer mundial - El Digital de Asturias","twitter:description":"Redacci\u00f3n deportes, 2 feb (EFE).- El ciclista checo Zdenek Stybar logr\u00f3 su tercer t\u00edtulo mundial de ciclocr\u00f3s al imponerse en la prueba disputada hoy, en un circuito de la ciudad holandesa de Hoogerheide, superando al gran favorito, el belga Sven Nys que defend\u00eda el t\u00edtulo. Stybar estuvo acompa\u00f1ado en podio por Nys, que a punto","twitter:label1":"Escrito por","twitter:data1":"El Digital de Asturias","twitter:label2":"Tiempo de lectura estimado","twitter:data2":"2 minutos"},"aioseo_meta_data":{"post_id":"482352","title":null,"description":null,"keywords":null,"keyphrases":null,"primary_term":null,"canonical_url":null,"og_title":null,"og_description":null,"og_object_type":"default","og_image_type":"default","og_image_url":null,"og_image_width":null,"og_image_height":null,"og_image_custom_url":null,"og_image_custom_fields":null,"og_video":null,"og_custom_url":null,"og_article_section":null,"og_article_tags":null,"twitter_use_og":true,"twitter_card":"default","twitter_image_type":"default","twitter_image_url":null,"twitter_image_custom_url":null,"twitter_image_custom_fields":null,"twitter_title":null,"twitter_description":null,"schema":{"blockGraphs":[],"customGraphs":[],"default":{"data":{"Article":[],"Course":[],"Dataset":[],"FAQPage":[],"Movie":[],"Person":[],"Product":[],"ProductReview":[],"Car":[],"Recipe":[],"Service":[],"SoftwareApplication":[],"WebPage":[]},"graphName":"","isEnabled":true},"graphs":[],"defaultGraph":"","defaultPostTypeGraph":""},"schema_type":null,"schema_type_options":null,"pillar_content":false,"robots_default":true,"robots_noindex":false,"robots_noarchive":false,"robots_nosnippet":false,"robots_nofollow":false,"robots_noimageindex":false,"robots_noodp":false,"robots_notranslate":false,"robots_max_snippet":null,"robots_max_videopreview":null,"robots_max_imagepreview":"none","priority":null,"frequency":null,"local_seo":null,"seo_analyzer_scan_date":"2026-06-02 09:34:02","breadcrumb_settings":null,"limit_modified_date":false,"open_ai":null,"ai":null,"created":"2020-11-14 22:54:33","updated":"2026-06-02 09:34:02","focus_keyword":null,"additional_keywords":null,"truseo_locale":null},"aioseo_breadcrumb":"<div class=\"aioseo-breadcrumbs\"><span class=\"aioseo-breadcrumb\">\n\t<a href=\"https:\/\/www.eldigitaldeasturias.com\/noticias\" title=\"Home\">Home<\/a>\n<\/span><span class=\"aioseo-breadcrumb-separator\">\u2013<\/span><span class=\"aioseo-breadcrumb\">\n\t<a href=\"https:\/\/www.eldigitaldeasturias.com\/noticias\/category\/actualidad\/\" title=\"Actualidad\">Actualidad<\/a>\n<\/span><span class=\"aioseo-breadcrumb-separator\">\u2013<\/span><span class=\"aioseo-breadcrumb\">\n\t<a href=\"https:\/\/www.eldigitaldeasturias.com\/noticias\/stybar-gana-su-duelo-particular-a-nys-y-logra-su-tercer-mundial\/\" title=\"Stybar gana su duelo particular a Nys y logra su tercer mundial\">Stybar gana su duelo particular a Nys y logra su tercer mundial<\/a>\n<\/span><\/div>","aioseo_breadcrumb_json":[{"label":"Home","link":"https:\/\/www.eldigitaldeasturias.com\/noticias"},{"label":"Actualidad","link":"https:\/\/www.eldigitaldeasturias.com\/noticias\/category\/actualidad\/"},{"label":"Stybar gana su duelo particular a Nys y logra su tercer mundial","link":"https:\/\/www.eldigitaldeasturias.com\/noticias\/stybar-gana-su-duelo-particular-a-nys-y-logra-su-tercer-mundial\/"}],"_links":{"self":[{"href":"https:\/\/www.eldigitaldeasturias.com\/noticias\/wp-json\/wp\/v2\/posts\/482352","targetHints":{"allow":["GET"]}}],"collection":[{"href":"https:\/\/www.eldigitaldeasturias.com\/noticias\/wp-json\/wp\/v2\/posts"}],"about":[{"href":"https:\/\/www.eldigitaldeasturias.com\/noticias\/wp-json\/wp\/v2\/types\/post"}],"author":[{"embeddable":true,"href":"https:\/\/www.eldigitaldeasturias.com\/noticias\/wp-json\/wp\/v2\/users\/1"}],"replies":[{"embeddable":true,"href":"https:\/\/www.eldigitaldeasturias.com\/noticias\/wp-json\/wp\/v2\/comments?post=482352"}],"version-history":[{"count":0,"href":"https:\/\/www.eldigitaldeasturias.com\/noticias\/wp-json\/wp\/v2\/posts\/482352\/revisions"}],"wp:attachment":[{"href":"https:\/\/www.eldigitaldeasturias.com\/noticias\/wp-json\/wp\/v2\/media?parent=482352"}],"wp:term":[{"taxonomy":"category","embeddable":true,"href":"https:\/\/www.eldigitaldeasturias.com\/noticias\/wp-json\/wp\/v2\/categories?post=482352"},{"taxonomy":"post_tag","embeddable":true,"href":"https:\/\/www.eldigitaldeasturias.com\/noticias\/wp-json\/wp\/v2\/tags?post=482352"}],"curies":[{"name":"wp","href":"https:\/\/api.w.org\/{rel}","templated":true}]}}