{"id":482349,"date":"2014-02-02T22:46:54","date_gmt":"2014-02-02T23:46:54","guid":{"rendered":"http:\/\/www.eldigitaldeasturias.com\/noticias\/?p=482349"},"modified":"2014-02-02T22:46:54","modified_gmt":"2014-02-02T23:46:54","slug":"argentina-dice-que-trabaja-para-avanzar-en-el-caso-por-ataque-a-la-amia","status":"publish","type":"post","link":"https:\/\/www.eldigitaldeasturias.com\/noticias\/argentina-dice-que-trabaja-para-avanzar-en-el-caso-por-ataque-a-la-amia\/","title":{"rendered":"Argentina dice que trabaja para avanzar en el caso por ataque a la AMIA"},"content":{"rendered":"<p><img loading=\"lazy\" decoding=\"async\" class=\"alignleft size-medium wp-image-482350\" alt=\"5901471w\" src=\"https:\/\/www.eldigitaldeasturias.com\/noticias\/wp-content\/uploads\/2014\/02\/5901471w-360x245.jpg\" width=\"360\" height=\"245\" \/>Buenos Aires, 2 feb (EFE).- El Gobierno de Argentina dijo hoy que \u00abtrabaja\u00bb para hacer efectivo el acuerdo firmado hace un a\u00f1o con Ir\u00e1n para intentar esclarecer el atentado en 1994 contra la mutualista jud\u00eda AMIA, de Buenos Aires, en el que murieron 85 personas.<\/p>\n<p>El canciller argentino, H\u00e9ctor Timerman, admiti\u00f3 que \u00abes verdad\u00bb que Ir\u00e1n no parece muy dispuesto a avanzar para la aplicaci\u00f3n del memorando de entendimiento firmado el 27 de enero de 2013.<\/p>\n<p>En una entrevista publicada hoy por el diario P\u00e1gina\/12, Timerman dijo que, sin embargo, el acuerdo \u00abes un paso adelante\u00bb.<\/p>\n<p>\u00abLa causa AMIA lleva veinte a\u00f1os; el memor\u00e1ndum, uno. Nadie puede acusar al Memor\u00e1ndum de haber atrasado la causa\u00bb, sostuvo.<\/p>\n<p>El acuerdo ha sido ratificado ya por los parlamentos de los dos pa\u00edses, pero a\u00fan no ha entrado en vigor.<\/p>\n<p>El pacto, que no cuenta con el benepl\u00e1cito israel\u00ed y que es duramente criticado por la comunidad jud\u00eda argentina, contempla que una comisi\u00f3n de expertos revisar\u00e1 la causa judicial.<\/p>\n<p>Asimismo, estipula que el juez argentino a cargo de la investigaci\u00f3n, Rodolfo Canicoba Corral, interrogue en Teher\u00e1n a los acusados por la voladura de la AMIA sobre los que pesan \u00f3rdenes de captura con \u00abalerta roja\u00bb por parte de Interpol, entre los que figuran varios exministros y diplom\u00e1ticos iran\u00edes.<\/p>\n<p>\u00abNosotros seguimos trabajando para que en una fecha, esperemos que pronto, el juez pueda ir a Teher\u00e1n a interrogar a los imputados. Luego el juez decidir\u00e1, ser\u00e1 una decisi\u00f3n de \u00e9l\u00bb, afirm\u00f3 Timerman.<\/p>\n<p>El canciller sostuvo que el Gobierno argentino trabaja para que esa posibilidad se concrete \u00ablo m\u00e1s r\u00e1pido posible\u00bb, pero no precis\u00f3 con qu\u00e9 tiempos se manejan.<\/p>\n<p>\u00abYo insisto con el siguiente concepto: es mejor dialogar, encontrar alg\u00fan camino al problema judicial que el Poder Ejecutivo no puede resolver, pero puede colaborar con la Justicia para que lo resuelva\u00bb, indic\u00f3.<\/p>\n<p>El atentado contra la AMIA fue el segundo ataque terrorista contra los jud\u00edos de Argentina, despu\u00e9s de que 29 personas muriesen en 1992 al explotar una bomba frente a la embajada de Israel en Buenos Aires.<\/p>\n<p>La comunidad jud\u00eda atribuye a Ir\u00e1n y a Hizbul\u00e1 la planificaci\u00f3n y ejecuci\u00f3n de ambos atentados.<\/p>\n","protected":false},"excerpt":{"rendered":"<p>Buenos Aires, 2 feb (EFE).- El Gobierno de Argentina dijo hoy que \u00abtrabaja\u00bb para hacer efectivo el acuerdo firmado hace un a\u00f1o con Ir\u00e1n para intentar esclarecer el atentado en 1994 contra la mutualista jud\u00eda AMIA, de Buenos Aires, en el que murieron 85 personas. El canciller argentino, H\u00e9ctor Timerman, admiti\u00f3 que \u00abes verdad\u00bb que [&hellip;]<\/p>\n","protected":false},"author":1,"featured_media":482350,"comment_status":"closed","ping_status":"open","sticky":false,"template":"","format":"standard","meta":{"footnotes":""},"categories":[1],"tags":[],"class_list":["post-482349","post","type-post","status-publish","format-standard","has-post-thumbnail","hentry","category-actualidad"],"aioseo_notices":[],"aioseo_head":"\n\t\t<!-- All in One SEO Pro 5.0.1 - aioseo.com -->\n\t<meta name=\"description\" content=\"Buenos Aires, 2 feb (EFE).- El Gobierno de Argentina dijo hoy que &quot;trabaja&quot; para hacer efectivo el acuerdo firmado hace un a\u00f1o con Ir\u00e1n para intentar esclarecer el atentado en 1994 contra la mutualista jud\u00eda AMIA, de Buenos Aires, en el que murieron 85 personas. El canciller argentino, H\u00e9ctor Timerman, admiti\u00f3 que &quot;es verdad&quot; que\" \/>\n\t<meta name=\"robots\" content=\"max-image-preview:large\" \/>\n\t<meta name=\"author\" content=\"El Digital de Asturias\"\/>\n\t<meta name=\"google-site-verification\" content=\"UA-38556648-1\" \/>\n\t<meta name=\"msvalidate.01\" content=\"7dfe9f3f1b24437ab69f4f2559babe99\" \/>\n\t<meta name=\"keywords\" content=\"actualidad\" \/>\n\t<link rel=\"canonical\" href=\"https:\/\/www.eldigitaldeasturias.com\/noticias\/argentina-dice-que-trabaja-para-avanzar-en-el-caso-por-ataque-a-la-amia\/\" \/>\n\t<meta name=\"generator\" content=\"All in One SEO Pro (AIOSEO) 5.0.1\" \/>\n\t\t<meta property=\"og:locale\" content=\"es_ES\" \/>\n\t\t<meta property=\"og:site_name\" content=\"El Digital de Asturias\" \/>\n\t\t<meta property=\"og:type\" content=\"article\" \/>\n\t\t<meta property=\"og:title\" content=\"Argentina dice que trabaja para avanzar en el caso por ataque a la AMIA - El Digital de Asturias\" \/>\n\t\t<meta property=\"og:description\" content=\"Buenos Aires, 2 feb (EFE).- El Gobierno de Argentina dijo hoy que &quot;trabaja&quot; para hacer efectivo el acuerdo firmado hace un a\u00f1o con Ir\u00e1n para intentar esclarecer el atentado en 1994 contra la mutualista jud\u00eda AMIA, de Buenos Aires, en el que murieron 85 personas. El canciller argentino, H\u00e9ctor Timerman, admiti\u00f3 que &quot;es verdad&quot; que\" \/>\n\t\t<meta property=\"og:url\" content=\"https:\/\/www.eldigitaldeasturias.com\/noticias\/argentina-dice-que-trabaja-para-avanzar-en-el-caso-por-ataque-a-la-amia\/\" \/>\n\t\t<meta property=\"article:tag\" content=\"actualidad\" \/>\n\t\t<meta property=\"article:published_time\" content=\"2014-02-02T23:46:54+00:00\" \/>\n\t\t<meta property=\"article:modified_time\" content=\"2014-02-02T23:46:54+00:00\" \/>\n\t\t<meta property=\"article:publisher\" content=\"https:\/\/facebook.com\/eldigitaldeasturias\" \/>\n\t\t<meta name=\"twitter:card\" content=\"summary_large_image\" \/>\n\t\t<meta name=\"twitter:title\" content=\"Argentina dice que trabaja para avanzar en el caso por ataque a la AMIA - El Digital de Asturias\" \/>\n\t\t<meta name=\"twitter:description\" content=\"Buenos Aires, 2 feb (EFE).- El Gobierno de Argentina dijo hoy que &quot;trabaja&quot; para hacer efectivo el acuerdo firmado hace un a\u00f1o con Ir\u00e1n para intentar esclarecer el atentado en 1994 contra la mutualista jud\u00eda AMIA, de Buenos Aires, en el que murieron 85 personas. El canciller argentino, H\u00e9ctor Timerman, admiti\u00f3 que &quot;es verdad&quot; que\" \/>\n\t\t<meta name=\"twitter:label1\" content=\"Escrito por\" \/>\n\t\t<meta name=\"twitter:data1\" content=\"El Digital de Asturias\" \/>\n\t\t<meta name=\"twitter:label2\" content=\"Tiempo de lectura estimado\" \/>\n\t\t<meta name=\"twitter:data2\" content=\"2 minutos\" \/>\n\t\t<script type=\"application\/ld+json\" class=\"aioseo-schema\">\n\t\t\t{\"@context\":\"https:\\\/\\\/schema.org\",\"@graph\":[{\"@type\":\"BlogPosting\",\"@id\":\"https:\\\/\\\/www.eldigitaldeasturias.com\\\/noticias\\\/argentina-dice-que-trabaja-para-avanzar-en-el-caso-por-ataque-a-la-amia\\\/#blogposting\",\"name\":\"Argentina dice que trabaja para avanzar en el caso por ataque a la AMIA - El Digital de Asturias\",\"headline\":\"Argentina dice que trabaja para avanzar en el caso por ataque a la AMIA\",\"author\":{\"@id\":\"https:\\\/\\\/www.eldigitaldeasturias.com\\\/noticias\\\/author\\\/admin\\\/#author\"},\"publisher\":{\"@id\":\"https:\\\/\\\/www.eldigitaldeasturias.com\\\/noticias\\\/#organization\"},\"image\":{\"@type\":\"ImageObject\",\"url\":482350},\"datePublished\":\"2014-02-02T22:46:54+01:00\",\"dateModified\":\"2014-02-02T22:46:54+01:00\",\"inLanguage\":\"es-ES\",\"mainEntityOfPage\":{\"@id\":\"https:\\\/\\\/www.eldigitaldeasturias.com\\\/noticias\\\/argentina-dice-que-trabaja-para-avanzar-en-el-caso-por-ataque-a-la-amia\\\/#webpage\"},\"isPartOf\":{\"@id\":\"https:\\\/\\\/www.eldigitaldeasturias.com\\\/noticias\\\/argentina-dice-que-trabaja-para-avanzar-en-el-caso-por-ataque-a-la-amia\\\/#webpage\"},\"articleSection\":\"Actualidad\"},{\"@type\":\"BreadcrumbList\",\"@id\":\"https:\\\/\\\/www.eldigitaldeasturias.com\\\/noticias\\\/argentina-dice-que-trabaja-para-avanzar-en-el-caso-por-ataque-a-la-amia\\\/#breadcrumblist\",\"itemListElement\":[{\"@type\":\"ListItem\",\"@id\":\"https:\\\/\\\/www.eldigitaldeasturias.com\\\/noticias#listItem\",\"position\":1,\"name\":\"Home\",\"item\":\"https:\\\/\\\/www.eldigitaldeasturias.com\\\/noticias\",\"nextItem\":{\"@type\":\"ListItem\",\"@id\":\"https:\\\/\\\/www.eldigitaldeasturias.com\\\/noticias\\\/category\\\/actualidad\\\/#listItem\",\"name\":\"Actualidad\"}},{\"@type\":\"ListItem\",\"@id\":\"https:\\\/\\\/www.eldigitaldeasturias.com\\\/noticias\\\/category\\\/actualidad\\\/#listItem\",\"position\":2,\"name\":\"Actualidad\",\"item\":\"https:\\\/\\\/www.eldigitaldeasturias.com\\\/noticias\\\/category\\\/actualidad\\\/\",\"nextItem\":{\"@type\":\"ListItem\",\"@id\":\"https:\\\/\\\/www.eldigitaldeasturias.com\\\/noticias\\\/argentina-dice-que-trabaja-para-avanzar-en-el-caso-por-ataque-a-la-amia\\\/#listItem\",\"name\":\"Argentina dice que trabaja para avanzar en el caso por ataque a la AMIA\"},\"previousItem\":{\"@type\":\"ListItem\",\"@id\":\"https:\\\/\\\/www.eldigitaldeasturias.com\\\/noticias#listItem\",\"name\":\"Home\"}},{\"@type\":\"ListItem\",\"@id\":\"https:\\\/\\\/www.eldigitaldeasturias.com\\\/noticias\\\/argentina-dice-que-trabaja-para-avanzar-en-el-caso-por-ataque-a-la-amia\\\/#listItem\",\"position\":3,\"name\":\"Argentina dice que trabaja para avanzar en el caso por ataque a la AMIA\",\"previousItem\":{\"@type\":\"ListItem\",\"@id\":\"https:\\\/\\\/www.eldigitaldeasturias.com\\\/noticias\\\/category\\\/actualidad\\\/#listItem\",\"name\":\"Actualidad\"}}]},{\"@type\":\"Organization\",\"@id\":\"https:\\\/\\\/www.eldigitaldeasturias.com\\\/noticias\\\/#organization\",\"name\":\"El Digital de Asturias\",\"description\":\"Hemeroteca\",\"url\":\"https:\\\/\\\/www.eldigitaldeasturias.com\\\/noticias\\\/\",\"email\":\"info@eldigitaldeasturias.com\",\"telephone\":\"+34652131393\",\"logo\":{\"@type\":\"ImageObject\",\"url\":\"https:\\\/\\\/www.eldigitaldeasturias.com\\\/noticias\\\/wp-content\\\/uploads\\\/2020\\\/12\\\/EDA.jpg\",\"@id\":\"https:\\\/\\\/www.eldigitaldeasturias.com\\\/noticias\\\/argentina-dice-que-trabaja-para-avanzar-en-el-caso-por-ataque-a-la-amia\\\/#organizationLogo\"},\"image\":{\"@id\":\"https:\\\/\\\/www.eldigitaldeasturias.com\\\/noticias\\\/argentina-dice-que-trabaja-para-avanzar-en-el-caso-por-ataque-a-la-amia\\\/#organizationLogo\"},\"sameAs\":[\"https:\\\/\\\/facebook.com\\\/eldigitaldeasturias\",\"https:\\\/\\\/www.youtube.com\\\/channel\\\/UCZP-2wLEB9Rv6erhFmqVnvg\"],\"address\":{\"@id\":\"https:\\\/\\\/www.eldigitaldeasturias.com\\\/noticias\\\/#postaladdress\",\"@type\":\"PostalAddress\",\"streetAddress\":\"san antonio 4\",\"postalCode\":\"33430\",\"addressLocality\":\"Cand\\u00e1s\",\"addressRegion\":\"Asturias\",\"addressCountry\":\"ES\"}},{\"@type\":\"Person\",\"@id\":\"https:\\\/\\\/www.eldigitaldeasturias.com\\\/noticias\\\/author\\\/admin\\\/#author\",\"url\":\"https:\\\/\\\/www.eldigitaldeasturias.com\\\/noticias\\\/author\\\/admin\\\/\",\"name\":\"El Digital de Asturias\",\"image\":{\"@type\":\"ImageObject\",\"@id\":\"https:\\\/\\\/www.eldigitaldeasturias.com\\\/noticias\\\/argentina-dice-que-trabaja-para-avanzar-en-el-caso-por-ataque-a-la-amia\\\/#authorImage\",\"url\":\"https:\\\/\\\/secure.gravatar.com\\\/avatar\\\/df2aeffc32bcd13f8d26072ef8a91b623d677766deac7f97ca815868cd41bf5e?s=96&d=mm&r=g\",\"width\":96,\"height\":96,\"caption\":\"El Digital de Asturias\"}},{\"@type\":\"WebPage\",\"@id\":\"https:\\\/\\\/www.eldigitaldeasturias.com\\\/noticias\\\/argentina-dice-que-trabaja-para-avanzar-en-el-caso-por-ataque-a-la-amia\\\/#webpage\",\"url\":\"https:\\\/\\\/www.eldigitaldeasturias.com\\\/noticias\\\/argentina-dice-que-trabaja-para-avanzar-en-el-caso-por-ataque-a-la-amia\\\/\",\"name\":\"Argentina dice que trabaja para avanzar en el caso por ataque a la AMIA - El Digital de Asturias\",\"description\":\"Buenos Aires, 2 feb (EFE).- El Gobierno de Argentina dijo hoy que \\\"trabaja\\\" para hacer efectivo el acuerdo firmado hace un a\\u00f1o con Ir\\u00e1n para intentar esclarecer el atentado en 1994 contra la mutualista jud\\u00eda AMIA, de Buenos Aires, en el que murieron 85 personas. El canciller argentino, H\\u00e9ctor Timerman, admiti\\u00f3 que \\\"es verdad\\\" que\",\"inLanguage\":\"es-ES\",\"isPartOf\":{\"@id\":\"https:\\\/\\\/www.eldigitaldeasturias.com\\\/noticias\\\/#website\"},\"breadcrumb\":{\"@id\":\"https:\\\/\\\/www.eldigitaldeasturias.com\\\/noticias\\\/argentina-dice-que-trabaja-para-avanzar-en-el-caso-por-ataque-a-la-amia\\\/#breadcrumblist\"},\"author\":{\"@id\":\"https:\\\/\\\/www.eldigitaldeasturias.com\\\/noticias\\\/author\\\/admin\\\/#author\"},\"creator\":{\"@id\":\"https:\\\/\\\/www.eldigitaldeasturias.com\\\/noticias\\\/author\\\/admin\\\/#author\"},\"image\":{\"@type\":\"ImageObject\",\"url\":482350,\"@id\":\"https:\\\/\\\/www.eldigitaldeasturias.com\\\/noticias\\\/argentina-dice-que-trabaja-para-avanzar-en-el-caso-por-ataque-a-la-amia\\\/#mainImage\"},\"primaryImageOfPage\":{\"@id\":\"https:\\\/\\\/www.eldigitaldeasturias.com\\\/noticias\\\/argentina-dice-que-trabaja-para-avanzar-en-el-caso-por-ataque-a-la-amia\\\/#mainImage\"},\"datePublished\":\"2014-02-02T22:46:54+01:00\",\"dateModified\":\"2014-02-02T22:46:54+01:00\"},{\"@type\":\"WebSite\",\"@id\":\"https:\\\/\\\/www.eldigitaldeasturias.com\\\/noticias\\\/#website\",\"url\":\"https:\\\/\\\/www.eldigitaldeasturias.com\\\/noticias\\\/\",\"name\":\"El Digital de Asturias - Diario de actualidad y noticias\",\"alternateName\":\"El Digital de Asturias - Diario de actualidad y noticias\",\"description\":\"Hemeroteca\",\"inLanguage\":\"es-ES\",\"publisher\":{\"@id\":\"https:\\\/\\\/www.eldigitaldeasturias.com\\\/noticias\\\/#organization\"}}]}\n\t\t<\/script>\n\t\t<!-- All in One SEO Pro -->\r\n\t\t<title>Argentina dice que trabaja para avanzar en el caso por ataque a la AMIA - El Digital de Asturias<\/title>\n\n","aioseo_head_json":{"title":"Argentina dice que trabaja para avanzar en el caso por ataque a la AMIA - El Digital de Asturias","description":"Buenos Aires, 2 feb (EFE).- El Gobierno de Argentina dijo hoy que \"trabaja\" para hacer efectivo el acuerdo firmado hace un a\u00f1o con Ir\u00e1n para intentar esclarecer el atentado en 1994 contra la mutualista jud\u00eda AMIA, de Buenos Aires, en el que murieron 85 personas. El canciller argentino, H\u00e9ctor Timerman, admiti\u00f3 que \"es verdad\" que","canonical_url":"https:\/\/www.eldigitaldeasturias.com\/noticias\/argentina-dice-que-trabaja-para-avanzar-en-el-caso-por-ataque-a-la-amia\/","robots":"max-image-preview:large","keywords":"actualidad","webmasterTools":{"google-site-verification":"UA-38556648-1","msvalidate.01":"7dfe9f3f1b24437ab69f4f2559babe99","miscellaneous":""},"schema":{"@context":"https:\/\/schema.org","@graph":[{"@type":"BlogPosting","@id":"https:\/\/www.eldigitaldeasturias.com\/noticias\/argentina-dice-que-trabaja-para-avanzar-en-el-caso-por-ataque-a-la-amia\/#blogposting","name":"Argentina dice que trabaja para avanzar en el caso por ataque a la AMIA - El Digital de Asturias","headline":"Argentina dice que trabaja para avanzar en el caso por ataque a la AMIA","author":{"@id":"https:\/\/www.eldigitaldeasturias.com\/noticias\/author\/admin\/#author"},"publisher":{"@id":"https:\/\/www.eldigitaldeasturias.com\/noticias\/#organization"},"image":{"@type":"ImageObject","url":482350},"datePublished":"2014-02-02T22:46:54+01:00","dateModified":"2014-02-02T22:46:54+01:00","inLanguage":"es-ES","mainEntityOfPage":{"@id":"https:\/\/www.eldigitaldeasturias.com\/noticias\/argentina-dice-que-trabaja-para-avanzar-en-el-caso-por-ataque-a-la-amia\/#webpage"},"isPartOf":{"@id":"https:\/\/www.eldigitaldeasturias.com\/noticias\/argentina-dice-que-trabaja-para-avanzar-en-el-caso-por-ataque-a-la-amia\/#webpage"},"articleSection":"Actualidad"},{"@type":"BreadcrumbList","@id":"https:\/\/www.eldigitaldeasturias.com\/noticias\/argentina-dice-que-trabaja-para-avanzar-en-el-caso-por-ataque-a-la-amia\/#breadcrumblist","itemListElement":[{"@type":"ListItem","@id":"https:\/\/www.eldigitaldeasturias.com\/noticias#listItem","position":1,"name":"Home","item":"https:\/\/www.eldigitaldeasturias.com\/noticias","nextItem":{"@type":"ListItem","@id":"https:\/\/www.eldigitaldeasturias.com\/noticias\/category\/actualidad\/#listItem","name":"Actualidad"}},{"@type":"ListItem","@id":"https:\/\/www.eldigitaldeasturias.com\/noticias\/category\/actualidad\/#listItem","position":2,"name":"Actualidad","item":"https:\/\/www.eldigitaldeasturias.com\/noticias\/category\/actualidad\/","nextItem":{"@type":"ListItem","@id":"https:\/\/www.eldigitaldeasturias.com\/noticias\/argentina-dice-que-trabaja-para-avanzar-en-el-caso-por-ataque-a-la-amia\/#listItem","name":"Argentina dice que trabaja para avanzar en el caso por ataque a la AMIA"},"previousItem":{"@type":"ListItem","@id":"https:\/\/www.eldigitaldeasturias.com\/noticias#listItem","name":"Home"}},{"@type":"ListItem","@id":"https:\/\/www.eldigitaldeasturias.com\/noticias\/argentina-dice-que-trabaja-para-avanzar-en-el-caso-por-ataque-a-la-amia\/#listItem","position":3,"name":"Argentina dice que trabaja para avanzar en el caso por ataque a la AMIA","previousItem":{"@type":"ListItem","@id":"https:\/\/www.eldigitaldeasturias.com\/noticias\/category\/actualidad\/#listItem","name":"Actualidad"}}]},{"@type":"Organization","@id":"https:\/\/www.eldigitaldeasturias.com\/noticias\/#organization","name":"El Digital de Asturias","description":"Hemeroteca","url":"https:\/\/www.eldigitaldeasturias.com\/noticias\/","email":"info@eldigitaldeasturias.com","telephone":"+34652131393","logo":{"@type":"ImageObject","url":"https:\/\/www.eldigitaldeasturias.com\/noticias\/wp-content\/uploads\/2020\/12\/EDA.jpg","@id":"https:\/\/www.eldigitaldeasturias.com\/noticias\/argentina-dice-que-trabaja-para-avanzar-en-el-caso-por-ataque-a-la-amia\/#organizationLogo"},"image":{"@id":"https:\/\/www.eldigitaldeasturias.com\/noticias\/argentina-dice-que-trabaja-para-avanzar-en-el-caso-por-ataque-a-la-amia\/#organizationLogo"},"sameAs":["https:\/\/facebook.com\/eldigitaldeasturias","https:\/\/www.youtube.com\/channel\/UCZP-2wLEB9Rv6erhFmqVnvg"],"address":{"@id":"https:\/\/www.eldigitaldeasturias.com\/noticias\/#postaladdress","@type":"PostalAddress","streetAddress":"san antonio 4","postalCode":"33430","addressLocality":"Cand\u00e1s","addressRegion":"Asturias","addressCountry":"ES"}},{"@type":"Person","@id":"https:\/\/www.eldigitaldeasturias.com\/noticias\/author\/admin\/#author","url":"https:\/\/www.eldigitaldeasturias.com\/noticias\/author\/admin\/","name":"El Digital de Asturias","image":{"@type":"ImageObject","@id":"https:\/\/www.eldigitaldeasturias.com\/noticias\/argentina-dice-que-trabaja-para-avanzar-en-el-caso-por-ataque-a-la-amia\/#authorImage","url":"https:\/\/secure.gravatar.com\/avatar\/df2aeffc32bcd13f8d26072ef8a91b623d677766deac7f97ca815868cd41bf5e?s=96&d=mm&r=g","width":96,"height":96,"caption":"El Digital de Asturias"}},{"@type":"WebPage","@id":"https:\/\/www.eldigitaldeasturias.com\/noticias\/argentina-dice-que-trabaja-para-avanzar-en-el-caso-por-ataque-a-la-amia\/#webpage","url":"https:\/\/www.eldigitaldeasturias.com\/noticias\/argentina-dice-que-trabaja-para-avanzar-en-el-caso-por-ataque-a-la-amia\/","name":"Argentina dice que trabaja para avanzar en el caso por ataque a la AMIA - El Digital de Asturias","description":"Buenos Aires, 2 feb (EFE).- El Gobierno de Argentina dijo hoy que \"trabaja\" para hacer efectivo el acuerdo firmado hace un a\u00f1o con Ir\u00e1n para intentar esclarecer el atentado en 1994 contra la mutualista jud\u00eda AMIA, de Buenos Aires, en el que murieron 85 personas. El canciller argentino, H\u00e9ctor Timerman, admiti\u00f3 que \"es verdad\" que","inLanguage":"es-ES","isPartOf":{"@id":"https:\/\/www.eldigitaldeasturias.com\/noticias\/#website"},"breadcrumb":{"@id":"https:\/\/www.eldigitaldeasturias.com\/noticias\/argentina-dice-que-trabaja-para-avanzar-en-el-caso-por-ataque-a-la-amia\/#breadcrumblist"},"author":{"@id":"https:\/\/www.eldigitaldeasturias.com\/noticias\/author\/admin\/#author"},"creator":{"@id":"https:\/\/www.eldigitaldeasturias.com\/noticias\/author\/admin\/#author"},"image":{"@type":"ImageObject","url":482350,"@id":"https:\/\/www.eldigitaldeasturias.com\/noticias\/argentina-dice-que-trabaja-para-avanzar-en-el-caso-por-ataque-a-la-amia\/#mainImage"},"primaryImageOfPage":{"@id":"https:\/\/www.eldigitaldeasturias.com\/noticias\/argentina-dice-que-trabaja-para-avanzar-en-el-caso-por-ataque-a-la-amia\/#mainImage"},"datePublished":"2014-02-02T22:46:54+01:00","dateModified":"2014-02-02T22:46:54+01:00"},{"@type":"WebSite","@id":"https:\/\/www.eldigitaldeasturias.com\/noticias\/#website","url":"https:\/\/www.eldigitaldeasturias.com\/noticias\/","name":"El Digital de Asturias - Diario de actualidad y noticias","alternateName":"El Digital de Asturias - Diario de actualidad y noticias","description":"Hemeroteca","inLanguage":"es-ES","publisher":{"@id":"https:\/\/www.eldigitaldeasturias.com\/noticias\/#organization"}}]},"og:locale":"es_ES","og:site_name":"El Digital de Asturias","og:type":"article","og:title":"Argentina dice que trabaja para avanzar en el caso por ataque a la AMIA - El Digital de Asturias","og:description":"Buenos Aires, 2 feb (EFE).- El Gobierno de Argentina dijo hoy que &quot;trabaja&quot; para hacer efectivo el acuerdo firmado hace un a\u00f1o con Ir\u00e1n para intentar esclarecer el atentado en 1994 contra la mutualista jud\u00eda AMIA, de Buenos Aires, en el que murieron 85 personas. El canciller argentino, H\u00e9ctor Timerman, admiti\u00f3 que &quot;es verdad&quot; que","og:url":"https:\/\/www.eldigitaldeasturias.com\/noticias\/argentina-dice-que-trabaja-para-avanzar-en-el-caso-por-ataque-a-la-amia\/","article:tag":["actualidad"],"article:published_time":"2014-02-02T23:46:54+00:00","article:modified_time":"2014-02-02T23:46:54+00:00","article:publisher":"https:\/\/facebook.com\/eldigitaldeasturias","twitter:card":"summary_large_image","twitter:title":"Argentina dice que trabaja para avanzar en el caso por ataque a la AMIA - El Digital de Asturias","twitter:description":"Buenos Aires, 2 feb (EFE).- El Gobierno de Argentina dijo hoy que &quot;trabaja&quot; para hacer efectivo el acuerdo firmado hace un a\u00f1o con Ir\u00e1n para intentar esclarecer el atentado en 1994 contra la mutualista jud\u00eda AMIA, de Buenos Aires, en el que murieron 85 personas. El canciller argentino, H\u00e9ctor Timerman, admiti\u00f3 que &quot;es verdad&quot; que","twitter:label1":"Escrito por","twitter:data1":"El Digital de Asturias","twitter:label2":"Tiempo de lectura estimado","twitter:data2":"2 minutos"},"aioseo_meta_data":{"post_id":"482349","title":null,"description":null,"keywords":null,"keyphrases":null,"primary_term":null,"canonical_url":null,"og_title":null,"og_description":null,"og_object_type":"default","og_image_type":"default","og_image_url":null,"og_image_width":null,"og_image_height":null,"og_image_custom_url":null,"og_image_custom_fields":null,"og_video":null,"og_custom_url":null,"og_article_section":null,"og_article_tags":null,"twitter_use_og":true,"twitter_card":"default","twitter_image_type":"default","twitter_image_url":null,"twitter_image_custom_url":null,"twitter_image_custom_fields":null,"twitter_title":null,"twitter_description":null,"schema":{"blockGraphs":[],"customGraphs":[],"default":{"data":{"Article":[],"Course":[],"Dataset":[],"FAQPage":[],"Movie":[],"Person":[],"Product":[],"ProductReview":[],"Car":[],"Recipe":[],"Service":[],"SoftwareApplication":[],"WebPage":[]},"graphName":"","isEnabled":true},"graphs":[],"defaultGraph":"","defaultPostTypeGraph":""},"schema_type":null,"schema_type_options":null,"pillar_content":false,"robots_default":true,"robots_noindex":false,"robots_noarchive":false,"robots_nosnippet":false,"robots_nofollow":false,"robots_noimageindex":false,"robots_noodp":false,"robots_notranslate":false,"robots_max_snippet":null,"robots_max_videopreview":null,"robots_max_imagepreview":"none","priority":null,"frequency":null,"local_seo":null,"seo_analyzer_scan_date":"2026-06-02 09:34:01","breadcrumb_settings":null,"limit_modified_date":false,"open_ai":null,"ai":null,"created":"2020-11-14 22:54:33","updated":"2026-06-02 09:34:01","focus_keyword":null,"additional_keywords":null,"truseo_locale":null},"aioseo_breadcrumb":"<div class=\"aioseo-breadcrumbs\"><span class=\"aioseo-breadcrumb\">\n\t<a href=\"https:\/\/www.eldigitaldeasturias.com\/noticias\" title=\"Home\">Home<\/a>\n<\/span><span class=\"aioseo-breadcrumb-separator\">\u2013<\/span><span class=\"aioseo-breadcrumb\">\n\t<a href=\"https:\/\/www.eldigitaldeasturias.com\/noticias\/category\/actualidad\/\" title=\"Actualidad\">Actualidad<\/a>\n<\/span><span class=\"aioseo-breadcrumb-separator\">\u2013<\/span><span class=\"aioseo-breadcrumb\">\n\t<a href=\"https:\/\/www.eldigitaldeasturias.com\/noticias\/argentina-dice-que-trabaja-para-avanzar-en-el-caso-por-ataque-a-la-amia\/\" title=\"Argentina dice que trabaja para avanzar en el caso por ataque a la AMIA\">Argentina dice que trabaja para avanzar en el caso por ataque a la AMIA<\/a>\n<\/span><\/div>","aioseo_breadcrumb_json":[{"label":"Home","link":"https:\/\/www.eldigitaldeasturias.com\/noticias"},{"label":"Actualidad","link":"https:\/\/www.eldigitaldeasturias.com\/noticias\/category\/actualidad\/"},{"label":"Argentina dice que trabaja para avanzar en el caso por ataque a la AMIA","link":"https:\/\/www.eldigitaldeasturias.com\/noticias\/argentina-dice-que-trabaja-para-avanzar-en-el-caso-por-ataque-a-la-amia\/"}],"_links":{"self":[{"href":"https:\/\/www.eldigitaldeasturias.com\/noticias\/wp-json\/wp\/v2\/posts\/482349","targetHints":{"allow":["GET"]}}],"collection":[{"href":"https:\/\/www.eldigitaldeasturias.com\/noticias\/wp-json\/wp\/v2\/posts"}],"about":[{"href":"https:\/\/www.eldigitaldeasturias.com\/noticias\/wp-json\/wp\/v2\/types\/post"}],"author":[{"embeddable":true,"href":"https:\/\/www.eldigitaldeasturias.com\/noticias\/wp-json\/wp\/v2\/users\/1"}],"replies":[{"embeddable":true,"href":"https:\/\/www.eldigitaldeasturias.com\/noticias\/wp-json\/wp\/v2\/comments?post=482349"}],"version-history":[{"count":0,"href":"https:\/\/www.eldigitaldeasturias.com\/noticias\/wp-json\/wp\/v2\/posts\/482349\/revisions"}],"wp:attachment":[{"href":"https:\/\/www.eldigitaldeasturias.com\/noticias\/wp-json\/wp\/v2\/media?parent=482349"}],"wp:term":[{"taxonomy":"category","embeddable":true,"href":"https:\/\/www.eldigitaldeasturias.com\/noticias\/wp-json\/wp\/v2\/categories?post=482349"},{"taxonomy":"post_tag","embeddable":true,"href":"https:\/\/www.eldigitaldeasturias.com\/noticias\/wp-json\/wp\/v2\/tags?post=482349"}],"curies":[{"name":"wp","href":"https:\/\/api.w.org\/{rel}","templated":true}]}}