{"id":482346,"date":"2014-02-02T22:45:47","date_gmt":"2014-02-02T23:45:47","guid":{"rendered":"http:\/\/www.eldigitaldeasturias.com\/noticias\/?p=482346"},"modified":"2014-02-02T22:45:47","modified_gmt":"2014-02-02T23:45:47","slug":"alerta-meteorologica-y-desplazados-por-fuertes-tormentas-en-uruguay","status":"publish","type":"post","link":"https:\/\/www.eldigitaldeasturias.com\/noticias\/alerta-meteorologica-y-desplazados-por-fuertes-tormentas-en-uruguay\/","title":{"rendered":"Alerta meteorol\u00f3gica y desplazados por fuertes tormentas en Uruguay"},"content":{"rendered":"<p><img loading=\"lazy\" decoding=\"async\" class=\"alignleft size-medium wp-image-482347\" alt=\"5901622w\" src=\"https:\/\/www.eldigitaldeasturias.com\/noticias\/wp-content\/uploads\/2014\/02\/5901622w-360x232.jpg\" width=\"360\" height=\"232\" \/>Montevideo, 2 feb (EFE).- Las autoridades uruguayas emitieron hoy una alerta meteorol\u00f3gica naranja para el sur del pa\u00eds por fuertes tormentas y precipitaciones hasta el pr\u00f3ximo martes, al tiempo que m\u00e1s de veinte personas tuvieron que ser evacuadas por la crecida del r\u00edo Yi.<\/p>\n<p>La Direcci\u00f3n Nacional de Meteorolog\u00eda alert\u00f3 de que las fuertes lluvias que se llevan produciendo en el pa\u00eds desde hace dos d\u00edas se recrudecer\u00e1n a partir de la noche del domingo y durar\u00e1n hasta el martes por la tarde, con fuertes rachas de viento que podr\u00e1n alcanzar 120 kil\u00f3metros por hora, actividad el\u00e9ctrica y granizo.<\/p>\n<p>La persistencia de las lluvias llev\u00f3 hoy al presidente uruguayo, Jos\u00e9 Mujica, a se\u00f1alar que la situaci\u00f3n puede provocar una \u00abcalamidad\u00bb y adelant\u00f3 que puede causar p\u00e9rdidas econ\u00f3micas, particularmente para la vendimia y la horticultura.<\/p>\n<p>Seg\u00fan informa el diario El Pa\u00eds, el r\u00edo Yi aument\u00f3 en las \u00faltimas horas su caudal a un ritmo de diez cent\u00edmetros por hora, lo que llev\u00f3 a las autoridades de Durazno a instalar un campamento para evacuados.<\/p>\n<p>El intendente de dicho departamento, Benjam\u00edn Iraz\u00e1bal, describi\u00f3 como cr\u00edtica y compleja la situaci\u00f3n y advirti\u00f3 de que si se confirma el pron\u00f3stico, \u00abla crecida del r\u00edo va a tener dimensiones muy importantes\u00bb.<\/p>\n<p>Por su parte, la empresa brasile\u00f1a Metsul, pronostic\u00f3 para Uruguay que las lluvias continuar\u00e1n hasta el 11 de febrero y que la situaci\u00f3n podr\u00eda empeorar bastante.<\/p>\n","protected":false},"excerpt":{"rendered":"<p>Montevideo, 2 feb (EFE).- Las autoridades uruguayas emitieron hoy una alerta meteorol\u00f3gica naranja para el sur del pa\u00eds por fuertes tormentas y precipitaciones hasta el pr\u00f3ximo martes, al tiempo que m\u00e1s de veinte personas tuvieron que ser evacuadas por la crecida del r\u00edo Yi. La Direcci\u00f3n Nacional de Meteorolog\u00eda alert\u00f3 de que las fuertes lluvias [&hellip;]<\/p>\n","protected":false},"author":1,"featured_media":482347,"comment_status":"closed","ping_status":"open","sticky":false,"template":"","format":"standard","meta":{"footnotes":""},"categories":[1],"tags":[],"class_list":["post-482346","post","type-post","status-publish","format-standard","has-post-thumbnail","hentry","category-actualidad"],"aioseo_notices":[],"aioseo_head":"\n\t\t<!-- All in One SEO Pro 5.0.1 - aioseo.com -->\n\t<meta name=\"description\" content=\"Montevideo, 2 feb (EFE).- Las autoridades uruguayas emitieron hoy una alerta meteorol\u00f3gica naranja para el sur del pa\u00eds por fuertes tormentas y precipitaciones hasta el pr\u00f3ximo martes, al tiempo que m\u00e1s de veinte personas tuvieron que ser evacuadas por la crecida del r\u00edo Yi. La Direcci\u00f3n Nacional de Meteorolog\u00eda alert\u00f3 de que las fuertes lluvias\" \/>\n\t<meta name=\"robots\" content=\"max-image-preview:large\" \/>\n\t<meta name=\"author\" content=\"El Digital de Asturias\"\/>\n\t<meta name=\"google-site-verification\" content=\"UA-38556648-1\" \/>\n\t<meta name=\"msvalidate.01\" content=\"7dfe9f3f1b24437ab69f4f2559babe99\" \/>\n\t<meta name=\"keywords\" content=\"actualidad\" \/>\n\t<link rel=\"canonical\" href=\"https:\/\/www.eldigitaldeasturias.com\/noticias\/alerta-meteorologica-y-desplazados-por-fuertes-tormentas-en-uruguay\/\" \/>\n\t<meta name=\"generator\" content=\"All in One SEO Pro (AIOSEO) 5.0.1\" \/>\n\t\t<meta property=\"og:locale\" content=\"es_ES\" \/>\n\t\t<meta property=\"og:site_name\" content=\"El Digital de Asturias\" \/>\n\t\t<meta property=\"og:type\" content=\"article\" \/>\n\t\t<meta property=\"og:title\" content=\"Alerta meteorol\u00f3gica y desplazados por fuertes tormentas en Uruguay - El Digital de Asturias\" \/>\n\t\t<meta property=\"og:description\" content=\"Montevideo, 2 feb (EFE).- Las autoridades uruguayas emitieron hoy una alerta meteorol\u00f3gica naranja para el sur del pa\u00eds por fuertes tormentas y precipitaciones hasta el pr\u00f3ximo martes, al tiempo que m\u00e1s de veinte personas tuvieron que ser evacuadas por la crecida del r\u00edo Yi. La Direcci\u00f3n Nacional de Meteorolog\u00eda alert\u00f3 de que las fuertes lluvias\" \/>\n\t\t<meta property=\"og:url\" content=\"https:\/\/www.eldigitaldeasturias.com\/noticias\/alerta-meteorologica-y-desplazados-por-fuertes-tormentas-en-uruguay\/\" \/>\n\t\t<meta property=\"article:tag\" content=\"actualidad\" \/>\n\t\t<meta property=\"article:published_time\" content=\"2014-02-02T23:45:47+00:00\" \/>\n\t\t<meta property=\"article:modified_time\" content=\"2014-02-02T23:45:47+00:00\" \/>\n\t\t<meta property=\"article:publisher\" content=\"https:\/\/facebook.com\/eldigitaldeasturias\" \/>\n\t\t<meta name=\"twitter:card\" content=\"summary_large_image\" \/>\n\t\t<meta name=\"twitter:title\" content=\"Alerta meteorol\u00f3gica y desplazados por fuertes tormentas en Uruguay - El Digital de Asturias\" \/>\n\t\t<meta name=\"twitter:description\" content=\"Montevideo, 2 feb (EFE).- Las autoridades uruguayas emitieron hoy una alerta meteorol\u00f3gica naranja para el sur del pa\u00eds por fuertes tormentas y precipitaciones hasta el pr\u00f3ximo martes, al tiempo que m\u00e1s de veinte personas tuvieron que ser evacuadas por la crecida del r\u00edo Yi. La Direcci\u00f3n Nacional de Meteorolog\u00eda alert\u00f3 de que las fuertes lluvias\" \/>\n\t\t<meta name=\"twitter:label1\" content=\"Escrito por\" \/>\n\t\t<meta name=\"twitter:data1\" content=\"El Digital de Asturias\" \/>\n\t\t<meta name=\"twitter:label2\" content=\"Tiempo de lectura estimado\" \/>\n\t\t<meta name=\"twitter:data2\" content=\"1 minuto\" \/>\n\t\t<script type=\"application\/ld+json\" class=\"aioseo-schema\">\n\t\t\t{\"@context\":\"https:\\\/\\\/schema.org\",\"@graph\":[{\"@type\":\"BlogPosting\",\"@id\":\"https:\\\/\\\/www.eldigitaldeasturias.com\\\/noticias\\\/alerta-meteorologica-y-desplazados-por-fuertes-tormentas-en-uruguay\\\/#blogposting\",\"name\":\"Alerta meteorol\\u00f3gica y desplazados por fuertes tormentas en Uruguay - El Digital de Asturias\",\"headline\":\"Alerta meteorol\\u00f3gica y desplazados por fuertes tormentas en Uruguay\",\"author\":{\"@id\":\"https:\\\/\\\/www.eldigitaldeasturias.com\\\/noticias\\\/author\\\/admin\\\/#author\"},\"publisher\":{\"@id\":\"https:\\\/\\\/www.eldigitaldeasturias.com\\\/noticias\\\/#organization\"},\"image\":{\"@type\":\"ImageObject\",\"url\":482347},\"datePublished\":\"2014-02-02T22:45:47+01:00\",\"dateModified\":\"2014-02-02T22:45:47+01:00\",\"inLanguage\":\"es-ES\",\"mainEntityOfPage\":{\"@id\":\"https:\\\/\\\/www.eldigitaldeasturias.com\\\/noticias\\\/alerta-meteorologica-y-desplazados-por-fuertes-tormentas-en-uruguay\\\/#webpage\"},\"isPartOf\":{\"@id\":\"https:\\\/\\\/www.eldigitaldeasturias.com\\\/noticias\\\/alerta-meteorologica-y-desplazados-por-fuertes-tormentas-en-uruguay\\\/#webpage\"},\"articleSection\":\"Actualidad\"},{\"@type\":\"BreadcrumbList\",\"@id\":\"https:\\\/\\\/www.eldigitaldeasturias.com\\\/noticias\\\/alerta-meteorologica-y-desplazados-por-fuertes-tormentas-en-uruguay\\\/#breadcrumblist\",\"itemListElement\":[{\"@type\":\"ListItem\",\"@id\":\"https:\\\/\\\/www.eldigitaldeasturias.com\\\/noticias#listItem\",\"position\":1,\"name\":\"Home\",\"item\":\"https:\\\/\\\/www.eldigitaldeasturias.com\\\/noticias\",\"nextItem\":{\"@type\":\"ListItem\",\"@id\":\"https:\\\/\\\/www.eldigitaldeasturias.com\\\/noticias\\\/category\\\/actualidad\\\/#listItem\",\"name\":\"Actualidad\"}},{\"@type\":\"ListItem\",\"@id\":\"https:\\\/\\\/www.eldigitaldeasturias.com\\\/noticias\\\/category\\\/actualidad\\\/#listItem\",\"position\":2,\"name\":\"Actualidad\",\"item\":\"https:\\\/\\\/www.eldigitaldeasturias.com\\\/noticias\\\/category\\\/actualidad\\\/\",\"nextItem\":{\"@type\":\"ListItem\",\"@id\":\"https:\\\/\\\/www.eldigitaldeasturias.com\\\/noticias\\\/alerta-meteorologica-y-desplazados-por-fuertes-tormentas-en-uruguay\\\/#listItem\",\"name\":\"Alerta meteorol\\u00f3gica y desplazados por fuertes tormentas en Uruguay\"},\"previousItem\":{\"@type\":\"ListItem\",\"@id\":\"https:\\\/\\\/www.eldigitaldeasturias.com\\\/noticias#listItem\",\"name\":\"Home\"}},{\"@type\":\"ListItem\",\"@id\":\"https:\\\/\\\/www.eldigitaldeasturias.com\\\/noticias\\\/alerta-meteorologica-y-desplazados-por-fuertes-tormentas-en-uruguay\\\/#listItem\",\"position\":3,\"name\":\"Alerta meteorol\\u00f3gica y desplazados por fuertes tormentas en Uruguay\",\"previousItem\":{\"@type\":\"ListItem\",\"@id\":\"https:\\\/\\\/www.eldigitaldeasturias.com\\\/noticias\\\/category\\\/actualidad\\\/#listItem\",\"name\":\"Actualidad\"}}]},{\"@type\":\"Organization\",\"@id\":\"https:\\\/\\\/www.eldigitaldeasturias.com\\\/noticias\\\/#organization\",\"name\":\"El Digital de Asturias\",\"description\":\"Hemeroteca\",\"url\":\"https:\\\/\\\/www.eldigitaldeasturias.com\\\/noticias\\\/\",\"email\":\"info@eldigitaldeasturias.com\",\"telephone\":\"+34652131393\",\"logo\":{\"@type\":\"ImageObject\",\"url\":\"https:\\\/\\\/www.eldigitaldeasturias.com\\\/noticias\\\/wp-content\\\/uploads\\\/2020\\\/12\\\/EDA.jpg\",\"@id\":\"https:\\\/\\\/www.eldigitaldeasturias.com\\\/noticias\\\/alerta-meteorologica-y-desplazados-por-fuertes-tormentas-en-uruguay\\\/#organizationLogo\"},\"image\":{\"@id\":\"https:\\\/\\\/www.eldigitaldeasturias.com\\\/noticias\\\/alerta-meteorologica-y-desplazados-por-fuertes-tormentas-en-uruguay\\\/#organizationLogo\"},\"sameAs\":[\"https:\\\/\\\/facebook.com\\\/eldigitaldeasturias\",\"https:\\\/\\\/www.youtube.com\\\/channel\\\/UCZP-2wLEB9Rv6erhFmqVnvg\"],\"address\":{\"@id\":\"https:\\\/\\\/www.eldigitaldeasturias.com\\\/noticias\\\/#postaladdress\",\"@type\":\"PostalAddress\",\"streetAddress\":\"san antonio 4\",\"postalCode\":\"33430\",\"addressLocality\":\"Cand\\u00e1s\",\"addressRegion\":\"Asturias\",\"addressCountry\":\"ES\"}},{\"@type\":\"Person\",\"@id\":\"https:\\\/\\\/www.eldigitaldeasturias.com\\\/noticias\\\/author\\\/admin\\\/#author\",\"url\":\"https:\\\/\\\/www.eldigitaldeasturias.com\\\/noticias\\\/author\\\/admin\\\/\",\"name\":\"El Digital de Asturias\",\"image\":{\"@type\":\"ImageObject\",\"@id\":\"https:\\\/\\\/www.eldigitaldeasturias.com\\\/noticias\\\/alerta-meteorologica-y-desplazados-por-fuertes-tormentas-en-uruguay\\\/#authorImage\",\"url\":\"https:\\\/\\\/secure.gravatar.com\\\/avatar\\\/df2aeffc32bcd13f8d26072ef8a91b623d677766deac7f97ca815868cd41bf5e?s=96&d=mm&r=g\",\"width\":96,\"height\":96,\"caption\":\"El Digital de Asturias\"}},{\"@type\":\"WebPage\",\"@id\":\"https:\\\/\\\/www.eldigitaldeasturias.com\\\/noticias\\\/alerta-meteorologica-y-desplazados-por-fuertes-tormentas-en-uruguay\\\/#webpage\",\"url\":\"https:\\\/\\\/www.eldigitaldeasturias.com\\\/noticias\\\/alerta-meteorologica-y-desplazados-por-fuertes-tormentas-en-uruguay\\\/\",\"name\":\"Alerta meteorol\\u00f3gica y desplazados por fuertes tormentas en Uruguay - El Digital de Asturias\",\"description\":\"Montevideo, 2 feb (EFE).- Las autoridades uruguayas emitieron hoy una alerta meteorol\\u00f3gica naranja para el sur del pa\\u00eds por fuertes tormentas y precipitaciones hasta el pr\\u00f3ximo martes, al tiempo que m\\u00e1s de veinte personas tuvieron que ser evacuadas por la crecida del r\\u00edo Yi. La Direcci\\u00f3n Nacional de Meteorolog\\u00eda alert\\u00f3 de que las fuertes lluvias\",\"inLanguage\":\"es-ES\",\"isPartOf\":{\"@id\":\"https:\\\/\\\/www.eldigitaldeasturias.com\\\/noticias\\\/#website\"},\"breadcrumb\":{\"@id\":\"https:\\\/\\\/www.eldigitaldeasturias.com\\\/noticias\\\/alerta-meteorologica-y-desplazados-por-fuertes-tormentas-en-uruguay\\\/#breadcrumblist\"},\"author\":{\"@id\":\"https:\\\/\\\/www.eldigitaldeasturias.com\\\/noticias\\\/author\\\/admin\\\/#author\"},\"creator\":{\"@id\":\"https:\\\/\\\/www.eldigitaldeasturias.com\\\/noticias\\\/author\\\/admin\\\/#author\"},\"image\":{\"@type\":\"ImageObject\",\"url\":482347,\"@id\":\"https:\\\/\\\/www.eldigitaldeasturias.com\\\/noticias\\\/alerta-meteorologica-y-desplazados-por-fuertes-tormentas-en-uruguay\\\/#mainImage\"},\"primaryImageOfPage\":{\"@id\":\"https:\\\/\\\/www.eldigitaldeasturias.com\\\/noticias\\\/alerta-meteorologica-y-desplazados-por-fuertes-tormentas-en-uruguay\\\/#mainImage\"},\"datePublished\":\"2014-02-02T22:45:47+01:00\",\"dateModified\":\"2014-02-02T22:45:47+01:00\"},{\"@type\":\"WebSite\",\"@id\":\"https:\\\/\\\/www.eldigitaldeasturias.com\\\/noticias\\\/#website\",\"url\":\"https:\\\/\\\/www.eldigitaldeasturias.com\\\/noticias\\\/\",\"name\":\"El Digital de Asturias - Diario de actualidad y noticias\",\"alternateName\":\"El Digital de Asturias - Diario de actualidad y noticias\",\"description\":\"Hemeroteca\",\"inLanguage\":\"es-ES\",\"publisher\":{\"@id\":\"https:\\\/\\\/www.eldigitaldeasturias.com\\\/noticias\\\/#organization\"}}]}\n\t\t<\/script>\n\t\t<!-- All in One SEO Pro -->\r\n\t\t<title>Alerta meteorol\u00f3gica y desplazados por fuertes tormentas en Uruguay - El Digital de Asturias<\/title>\n\n","aioseo_head_json":{"title":"Alerta meteorol\u00f3gica y desplazados por fuertes tormentas en Uruguay - El Digital de Asturias","description":"Montevideo, 2 feb (EFE).- Las autoridades uruguayas emitieron hoy una alerta meteorol\u00f3gica naranja para el sur del pa\u00eds por fuertes tormentas y precipitaciones hasta el pr\u00f3ximo martes, al tiempo que m\u00e1s de veinte personas tuvieron que ser evacuadas por la crecida del r\u00edo Yi. La Direcci\u00f3n Nacional de Meteorolog\u00eda alert\u00f3 de que las fuertes lluvias","canonical_url":"https:\/\/www.eldigitaldeasturias.com\/noticias\/alerta-meteorologica-y-desplazados-por-fuertes-tormentas-en-uruguay\/","robots":"max-image-preview:large","keywords":"actualidad","webmasterTools":{"google-site-verification":"UA-38556648-1","msvalidate.01":"7dfe9f3f1b24437ab69f4f2559babe99","miscellaneous":""},"schema":{"@context":"https:\/\/schema.org","@graph":[{"@type":"BlogPosting","@id":"https:\/\/www.eldigitaldeasturias.com\/noticias\/alerta-meteorologica-y-desplazados-por-fuertes-tormentas-en-uruguay\/#blogposting","name":"Alerta meteorol\u00f3gica y desplazados por fuertes tormentas en Uruguay - El Digital de Asturias","headline":"Alerta meteorol\u00f3gica y desplazados por fuertes tormentas en Uruguay","author":{"@id":"https:\/\/www.eldigitaldeasturias.com\/noticias\/author\/admin\/#author"},"publisher":{"@id":"https:\/\/www.eldigitaldeasturias.com\/noticias\/#organization"},"image":{"@type":"ImageObject","url":482347},"datePublished":"2014-02-02T22:45:47+01:00","dateModified":"2014-02-02T22:45:47+01:00","inLanguage":"es-ES","mainEntityOfPage":{"@id":"https:\/\/www.eldigitaldeasturias.com\/noticias\/alerta-meteorologica-y-desplazados-por-fuertes-tormentas-en-uruguay\/#webpage"},"isPartOf":{"@id":"https:\/\/www.eldigitaldeasturias.com\/noticias\/alerta-meteorologica-y-desplazados-por-fuertes-tormentas-en-uruguay\/#webpage"},"articleSection":"Actualidad"},{"@type":"BreadcrumbList","@id":"https:\/\/www.eldigitaldeasturias.com\/noticias\/alerta-meteorologica-y-desplazados-por-fuertes-tormentas-en-uruguay\/#breadcrumblist","itemListElement":[{"@type":"ListItem","@id":"https:\/\/www.eldigitaldeasturias.com\/noticias#listItem","position":1,"name":"Home","item":"https:\/\/www.eldigitaldeasturias.com\/noticias","nextItem":{"@type":"ListItem","@id":"https:\/\/www.eldigitaldeasturias.com\/noticias\/category\/actualidad\/#listItem","name":"Actualidad"}},{"@type":"ListItem","@id":"https:\/\/www.eldigitaldeasturias.com\/noticias\/category\/actualidad\/#listItem","position":2,"name":"Actualidad","item":"https:\/\/www.eldigitaldeasturias.com\/noticias\/category\/actualidad\/","nextItem":{"@type":"ListItem","@id":"https:\/\/www.eldigitaldeasturias.com\/noticias\/alerta-meteorologica-y-desplazados-por-fuertes-tormentas-en-uruguay\/#listItem","name":"Alerta meteorol\u00f3gica y desplazados por fuertes tormentas en Uruguay"},"previousItem":{"@type":"ListItem","@id":"https:\/\/www.eldigitaldeasturias.com\/noticias#listItem","name":"Home"}},{"@type":"ListItem","@id":"https:\/\/www.eldigitaldeasturias.com\/noticias\/alerta-meteorologica-y-desplazados-por-fuertes-tormentas-en-uruguay\/#listItem","position":3,"name":"Alerta meteorol\u00f3gica y desplazados por fuertes tormentas en Uruguay","previousItem":{"@type":"ListItem","@id":"https:\/\/www.eldigitaldeasturias.com\/noticias\/category\/actualidad\/#listItem","name":"Actualidad"}}]},{"@type":"Organization","@id":"https:\/\/www.eldigitaldeasturias.com\/noticias\/#organization","name":"El Digital de Asturias","description":"Hemeroteca","url":"https:\/\/www.eldigitaldeasturias.com\/noticias\/","email":"info@eldigitaldeasturias.com","telephone":"+34652131393","logo":{"@type":"ImageObject","url":"https:\/\/www.eldigitaldeasturias.com\/noticias\/wp-content\/uploads\/2020\/12\/EDA.jpg","@id":"https:\/\/www.eldigitaldeasturias.com\/noticias\/alerta-meteorologica-y-desplazados-por-fuertes-tormentas-en-uruguay\/#organizationLogo"},"image":{"@id":"https:\/\/www.eldigitaldeasturias.com\/noticias\/alerta-meteorologica-y-desplazados-por-fuertes-tormentas-en-uruguay\/#organizationLogo"},"sameAs":["https:\/\/facebook.com\/eldigitaldeasturias","https:\/\/www.youtube.com\/channel\/UCZP-2wLEB9Rv6erhFmqVnvg"],"address":{"@id":"https:\/\/www.eldigitaldeasturias.com\/noticias\/#postaladdress","@type":"PostalAddress","streetAddress":"san antonio 4","postalCode":"33430","addressLocality":"Cand\u00e1s","addressRegion":"Asturias","addressCountry":"ES"}},{"@type":"Person","@id":"https:\/\/www.eldigitaldeasturias.com\/noticias\/author\/admin\/#author","url":"https:\/\/www.eldigitaldeasturias.com\/noticias\/author\/admin\/","name":"El Digital de Asturias","image":{"@type":"ImageObject","@id":"https:\/\/www.eldigitaldeasturias.com\/noticias\/alerta-meteorologica-y-desplazados-por-fuertes-tormentas-en-uruguay\/#authorImage","url":"https:\/\/secure.gravatar.com\/avatar\/df2aeffc32bcd13f8d26072ef8a91b623d677766deac7f97ca815868cd41bf5e?s=96&d=mm&r=g","width":96,"height":96,"caption":"El Digital de Asturias"}},{"@type":"WebPage","@id":"https:\/\/www.eldigitaldeasturias.com\/noticias\/alerta-meteorologica-y-desplazados-por-fuertes-tormentas-en-uruguay\/#webpage","url":"https:\/\/www.eldigitaldeasturias.com\/noticias\/alerta-meteorologica-y-desplazados-por-fuertes-tormentas-en-uruguay\/","name":"Alerta meteorol\u00f3gica y desplazados por fuertes tormentas en Uruguay - El Digital de Asturias","description":"Montevideo, 2 feb (EFE).- Las autoridades uruguayas emitieron hoy una alerta meteorol\u00f3gica naranja para el sur del pa\u00eds por fuertes tormentas y precipitaciones hasta el pr\u00f3ximo martes, al tiempo que m\u00e1s de veinte personas tuvieron que ser evacuadas por la crecida del r\u00edo Yi. La Direcci\u00f3n Nacional de Meteorolog\u00eda alert\u00f3 de que las fuertes lluvias","inLanguage":"es-ES","isPartOf":{"@id":"https:\/\/www.eldigitaldeasturias.com\/noticias\/#website"},"breadcrumb":{"@id":"https:\/\/www.eldigitaldeasturias.com\/noticias\/alerta-meteorologica-y-desplazados-por-fuertes-tormentas-en-uruguay\/#breadcrumblist"},"author":{"@id":"https:\/\/www.eldigitaldeasturias.com\/noticias\/author\/admin\/#author"},"creator":{"@id":"https:\/\/www.eldigitaldeasturias.com\/noticias\/author\/admin\/#author"},"image":{"@type":"ImageObject","url":482347,"@id":"https:\/\/www.eldigitaldeasturias.com\/noticias\/alerta-meteorologica-y-desplazados-por-fuertes-tormentas-en-uruguay\/#mainImage"},"primaryImageOfPage":{"@id":"https:\/\/www.eldigitaldeasturias.com\/noticias\/alerta-meteorologica-y-desplazados-por-fuertes-tormentas-en-uruguay\/#mainImage"},"datePublished":"2014-02-02T22:45:47+01:00","dateModified":"2014-02-02T22:45:47+01:00"},{"@type":"WebSite","@id":"https:\/\/www.eldigitaldeasturias.com\/noticias\/#website","url":"https:\/\/www.eldigitaldeasturias.com\/noticias\/","name":"El Digital de Asturias - Diario de actualidad y noticias","alternateName":"El Digital de Asturias - Diario de actualidad y noticias","description":"Hemeroteca","inLanguage":"es-ES","publisher":{"@id":"https:\/\/www.eldigitaldeasturias.com\/noticias\/#organization"}}]},"og:locale":"es_ES","og:site_name":"El Digital de Asturias","og:type":"article","og:title":"Alerta meteorol\u00f3gica y desplazados por fuertes tormentas en Uruguay - El Digital de Asturias","og:description":"Montevideo, 2 feb (EFE).- Las autoridades uruguayas emitieron hoy una alerta meteorol\u00f3gica naranja para el sur del pa\u00eds por fuertes tormentas y precipitaciones hasta el pr\u00f3ximo martes, al tiempo que m\u00e1s de veinte personas tuvieron que ser evacuadas por la crecida del r\u00edo Yi. La Direcci\u00f3n Nacional de Meteorolog\u00eda alert\u00f3 de que las fuertes lluvias","og:url":"https:\/\/www.eldigitaldeasturias.com\/noticias\/alerta-meteorologica-y-desplazados-por-fuertes-tormentas-en-uruguay\/","article:tag":["actualidad"],"article:published_time":"2014-02-02T23:45:47+00:00","article:modified_time":"2014-02-02T23:45:47+00:00","article:publisher":"https:\/\/facebook.com\/eldigitaldeasturias","twitter:card":"summary_large_image","twitter:title":"Alerta meteorol\u00f3gica y desplazados por fuertes tormentas en Uruguay - El Digital de Asturias","twitter:description":"Montevideo, 2 feb (EFE).- Las autoridades uruguayas emitieron hoy una alerta meteorol\u00f3gica naranja para el sur del pa\u00eds por fuertes tormentas y precipitaciones hasta el pr\u00f3ximo martes, al tiempo que m\u00e1s de veinte personas tuvieron que ser evacuadas por la crecida del r\u00edo Yi. La Direcci\u00f3n Nacional de Meteorolog\u00eda alert\u00f3 de que las fuertes lluvias","twitter:label1":"Escrito por","twitter:data1":"El Digital de Asturias","twitter:label2":"Tiempo de lectura estimado","twitter:data2":"1 minuto"},"aioseo_meta_data":{"post_id":"482346","title":null,"description":null,"keywords":null,"keyphrases":null,"primary_term":null,"canonical_url":null,"og_title":null,"og_description":null,"og_object_type":"default","og_image_type":"default","og_image_url":null,"og_image_width":null,"og_image_height":null,"og_image_custom_url":null,"og_image_custom_fields":null,"og_video":null,"og_custom_url":null,"og_article_section":null,"og_article_tags":null,"twitter_use_og":true,"twitter_card":"default","twitter_image_type":"default","twitter_image_url":null,"twitter_image_custom_url":null,"twitter_image_custom_fields":null,"twitter_title":null,"twitter_description":null,"schema":{"blockGraphs":[],"customGraphs":[],"default":{"data":{"Article":[],"Course":[],"Dataset":[],"FAQPage":[],"Movie":[],"Person":[],"Product":[],"ProductReview":[],"Car":[],"Recipe":[],"Service":[],"SoftwareApplication":[],"WebPage":[]},"graphName":"","isEnabled":true},"graphs":[],"defaultGraph":"","defaultPostTypeGraph":""},"schema_type":null,"schema_type_options":null,"pillar_content":false,"robots_default":true,"robots_noindex":false,"robots_noarchive":false,"robots_nosnippet":false,"robots_nofollow":false,"robots_noimageindex":false,"robots_noodp":false,"robots_notranslate":false,"robots_max_snippet":null,"robots_max_videopreview":null,"robots_max_imagepreview":"none","priority":null,"frequency":null,"local_seo":null,"seo_analyzer_scan_date":"2026-06-02 09:34:00","breadcrumb_settings":null,"limit_modified_date":false,"open_ai":null,"ai":null,"created":"2020-11-14 22:54:33","updated":"2026-06-02 09:34:00","focus_keyword":null,"additional_keywords":null,"truseo_locale":null},"aioseo_breadcrumb":"<div class=\"aioseo-breadcrumbs\"><span class=\"aioseo-breadcrumb\">\n\t<a href=\"https:\/\/www.eldigitaldeasturias.com\/noticias\" title=\"Home\">Home<\/a>\n<\/span><span class=\"aioseo-breadcrumb-separator\">\u2013<\/span><span class=\"aioseo-breadcrumb\">\n\t<a href=\"https:\/\/www.eldigitaldeasturias.com\/noticias\/category\/actualidad\/\" title=\"Actualidad\">Actualidad<\/a>\n<\/span><span class=\"aioseo-breadcrumb-separator\">\u2013<\/span><span class=\"aioseo-breadcrumb\">\n\t<a href=\"https:\/\/www.eldigitaldeasturias.com\/noticias\/alerta-meteorologica-y-desplazados-por-fuertes-tormentas-en-uruguay\/\" title=\"Alerta meteorol\u00f3gica y desplazados por fuertes tormentas en Uruguay\">Alerta meteorol\u00f3gica y desplazados por fuertes tormentas en Uruguay<\/a>\n<\/span><\/div>","aioseo_breadcrumb_json":[{"label":"Home","link":"https:\/\/www.eldigitaldeasturias.com\/noticias"},{"label":"Actualidad","link":"https:\/\/www.eldigitaldeasturias.com\/noticias\/category\/actualidad\/"},{"label":"Alerta meteorol\u00f3gica y desplazados por fuertes tormentas en Uruguay","link":"https:\/\/www.eldigitaldeasturias.com\/noticias\/alerta-meteorologica-y-desplazados-por-fuertes-tormentas-en-uruguay\/"}],"_links":{"self":[{"href":"https:\/\/www.eldigitaldeasturias.com\/noticias\/wp-json\/wp\/v2\/posts\/482346","targetHints":{"allow":["GET"]}}],"collection":[{"href":"https:\/\/www.eldigitaldeasturias.com\/noticias\/wp-json\/wp\/v2\/posts"}],"about":[{"href":"https:\/\/www.eldigitaldeasturias.com\/noticias\/wp-json\/wp\/v2\/types\/post"}],"author":[{"embeddable":true,"href":"https:\/\/www.eldigitaldeasturias.com\/noticias\/wp-json\/wp\/v2\/users\/1"}],"replies":[{"embeddable":true,"href":"https:\/\/www.eldigitaldeasturias.com\/noticias\/wp-json\/wp\/v2\/comments?post=482346"}],"version-history":[{"count":0,"href":"https:\/\/www.eldigitaldeasturias.com\/noticias\/wp-json\/wp\/v2\/posts\/482346\/revisions"}],"wp:attachment":[{"href":"https:\/\/www.eldigitaldeasturias.com\/noticias\/wp-json\/wp\/v2\/media?parent=482346"}],"wp:term":[{"taxonomy":"category","embeddable":true,"href":"https:\/\/www.eldigitaldeasturias.com\/noticias\/wp-json\/wp\/v2\/categories?post=482346"},{"taxonomy":"post_tag","embeddable":true,"href":"https:\/\/www.eldigitaldeasturias.com\/noticias\/wp-json\/wp\/v2\/tags?post=482346"}],"curies":[{"name":"wp","href":"https:\/\/api.w.org\/{rel}","templated":true}]}}