{"id":482343,"date":"2014-02-02T22:44:44","date_gmt":"2014-02-02T23:44:44","guid":{"rendered":"http:\/\/www.eldigitaldeasturias.com\/noticias\/?p=482343"},"modified":"2014-02-02T22:44:44","modified_gmt":"2014-02-02T23:44:44","slug":"el-psoe-considera-intolerable-que-rajoy-mande-callar-y-que-no-hable-el","status":"publish","type":"post","link":"https:\/\/www.eldigitaldeasturias.com\/noticias\/el-psoe-considera-intolerable-que-rajoy-mande-callar-y-que-no-hable-el\/","title":{"rendered":"El PSOE considera \u00abintolerable\u00bb que Rajoy mande callar y que no hable \u00e9l"},"content":{"rendered":"<p><img loading=\"lazy\" decoding=\"async\" class=\"alignleft size-medium wp-image-482344\" alt=\"5901428w\" src=\"https:\/\/www.eldigitaldeasturias.com\/noticias\/wp-content\/uploads\/2014\/02\/5901428w-360x271.jpg\" width=\"360\" height=\"271\" \/>Madrid, 2 feb (EFE).- El PSOE ha calificado hoy de \u00abintolerable\u00bb el mensaje del presidente del Gobierno, Mariano Rajoy, en la clausura de la convenci\u00f3n del PP, al mandar callar al l\u00edder del PSOE, Alfredo P\u00e9rez Rubalcaba, quien ha replicado pidi\u00e9ndole que hable \u00e9l para dar explicaciones sobre su relaci\u00f3n con el caso G\u00fcrtel o con Luis B\u00e1rcenas.<\/p>\n<p>En un mensaje a trav\u00e9s de twitter, el PSOE ha declarado que el mensaje de Rajoy -quien ha dicho a Rubalcaba: \u00abo te callas o reconoces el m\u00e9rito de la gente\u00bb- es \u00abintolerable en democracia\u00bb, mientras que diferentes dirigentes socialistas tambi\u00e9n se han sumado al rechazo a trav\u00e9s de la misma red social.<\/p>\n<p>Uno de ellos ha sido el diputado socialista por Bizkaia Eduardo Madina, quien ha escrito que \u00abun presidente mandando callar a quien no comparte sus ideas deja clara su idea de democracia\u00bb.<\/p>\n<p>La vicesecretaria general del PSOE, Elena Valenciano, ha recordado al presidente del Gobierno que \u00abmandar callar es un mal vicio\u00bb y que pese al deseo del ejecutivo de que \u00abestuvi\u00e9ramos todos callados y sumisos, no nos vamos a callar\u00bb.<\/p>\n<p>Otro de los miembros del partido que se ha unido al apoyo a Rubalcaba ha sido Rafael Simancas, diputado y secretario de Formaci\u00f3n del PSOE, quien ha considerado que el Partido Popular \u00abanda mal\u00bb cuando acude a la \u00abagresi\u00f3n directa\u00bb para \u00abfrenar la divisi\u00f3n interna\u00bb.<\/p>\n<p>Juan Moscoso, diputado socialista por Navarra, ha a\u00f1adido que el PSOE no va a \u00abcontar mentiras\u00bb y que seguir\u00e1 contestando preguntas, \u00abno como otros\u00bb, ha apostillado en apoyo a la petici\u00f3n de Rubalcaba a Rajoy en Facebook, donde le pide que explique su relaci\u00f3n con B\u00e1rcenas o casos como G\u00fcrtel.<\/p>\n<p>El dirigente socialista tambi\u00e9n ha exigido al presidente que detalle \u00abc\u00f3mo se financi\u00f3 el partido durante a\u00f1os\u00bb y ha asociado el ataque a la \u00abfalta de cohesi\u00f3n interna que ha saltado por los aires por sus errores\u00bb.<\/p>\n","protected":false},"excerpt":{"rendered":"<p>Madrid, 2 feb (EFE).- El PSOE ha calificado hoy de \u00abintolerable\u00bb el mensaje del presidente del Gobierno, Mariano Rajoy, en la clausura de la convenci\u00f3n del PP, al mandar callar al l\u00edder del PSOE, Alfredo P\u00e9rez Rubalcaba, quien ha replicado pidi\u00e9ndole que hable \u00e9l para dar explicaciones sobre su relaci\u00f3n con el caso G\u00fcrtel o [&hellip;]<\/p>\n","protected":false},"author":1,"featured_media":482344,"comment_status":"closed","ping_status":"open","sticky":false,"template":"","format":"standard","meta":{"footnotes":""},"categories":[1],"tags":[],"class_list":["post-482343","post","type-post","status-publish","format-standard","has-post-thumbnail","hentry","category-actualidad"],"aioseo_notices":[],"aioseo_head":"\n\t\t<!-- All in One SEO Pro 5.0.1 - aioseo.com -->\n\t<meta name=\"description\" content=\"Madrid, 2 feb (EFE).- El PSOE ha calificado hoy de &quot;intolerable&quot; el mensaje del presidente del Gobierno, Mariano Rajoy, en la clausura de la convenci\u00f3n del PP, al mandar callar al l\u00edder del PSOE, Alfredo P\u00e9rez Rubalcaba, quien ha replicado pidi\u00e9ndole que hable \u00e9l para dar explicaciones sobre su relaci\u00f3n con el caso G\u00fcrtel o\" \/>\n\t<meta name=\"robots\" content=\"max-image-preview:large\" \/>\n\t<meta name=\"author\" content=\"El Digital de Asturias\"\/>\n\t<meta name=\"google-site-verification\" content=\"UA-38556648-1\" \/>\n\t<meta name=\"msvalidate.01\" content=\"7dfe9f3f1b24437ab69f4f2559babe99\" \/>\n\t<meta name=\"keywords\" content=\"actualidad\" \/>\n\t<link rel=\"canonical\" href=\"https:\/\/www.eldigitaldeasturias.com\/noticias\/el-psoe-considera-intolerable-que-rajoy-mande-callar-y-que-no-hable-el\/\" \/>\n\t<meta name=\"generator\" content=\"All in One SEO Pro (AIOSEO) 5.0.1\" \/>\n\t\t<meta property=\"og:locale\" content=\"es_ES\" \/>\n\t\t<meta property=\"og:site_name\" content=\"El Digital de Asturias\" \/>\n\t\t<meta property=\"og:type\" content=\"article\" \/>\n\t\t<meta property=\"og:title\" content=\"El PSOE considera \u00abintolerable\u00bb que Rajoy mande callar y que no hable \u00e9l - El Digital de Asturias\" \/>\n\t\t<meta property=\"og:description\" content=\"Madrid, 2 feb (EFE).- El PSOE ha calificado hoy de &quot;intolerable&quot; el mensaje del presidente del Gobierno, Mariano Rajoy, en la clausura de la convenci\u00f3n del PP, al mandar callar al l\u00edder del PSOE, Alfredo P\u00e9rez Rubalcaba, quien ha replicado pidi\u00e9ndole que hable \u00e9l para dar explicaciones sobre su relaci\u00f3n con el caso G\u00fcrtel o\" \/>\n\t\t<meta property=\"og:url\" content=\"https:\/\/www.eldigitaldeasturias.com\/noticias\/el-psoe-considera-intolerable-que-rajoy-mande-callar-y-que-no-hable-el\/\" \/>\n\t\t<meta property=\"article:tag\" content=\"actualidad\" \/>\n\t\t<meta property=\"article:published_time\" content=\"2014-02-02T23:44:44+00:00\" \/>\n\t\t<meta property=\"article:modified_time\" content=\"2014-02-02T23:44:44+00:00\" \/>\n\t\t<meta property=\"article:publisher\" content=\"https:\/\/facebook.com\/eldigitaldeasturias\" \/>\n\t\t<meta name=\"twitter:card\" content=\"summary_large_image\" \/>\n\t\t<meta name=\"twitter:title\" content=\"El PSOE considera \u00abintolerable\u00bb que Rajoy mande callar y que no hable \u00e9l - El Digital de Asturias\" \/>\n\t\t<meta name=\"twitter:description\" content=\"Madrid, 2 feb (EFE).- El PSOE ha calificado hoy de &quot;intolerable&quot; el mensaje del presidente del Gobierno, Mariano Rajoy, en la clausura de la convenci\u00f3n del PP, al mandar callar al l\u00edder del PSOE, Alfredo P\u00e9rez Rubalcaba, quien ha replicado pidi\u00e9ndole que hable \u00e9l para dar explicaciones sobre su relaci\u00f3n con el caso G\u00fcrtel o\" \/>\n\t\t<meta name=\"twitter:label1\" content=\"Escrito por\" \/>\n\t\t<meta name=\"twitter:data1\" content=\"El Digital de Asturias\" \/>\n\t\t<meta name=\"twitter:label2\" content=\"Tiempo de lectura estimado\" \/>\n\t\t<meta name=\"twitter:data2\" content=\"2 minutos\" \/>\n\t\t<script type=\"application\/ld+json\" class=\"aioseo-schema\">\n\t\t\t{\"@context\":\"https:\\\/\\\/schema.org\",\"@graph\":[{\"@type\":\"BlogPosting\",\"@id\":\"https:\\\/\\\/www.eldigitaldeasturias.com\\\/noticias\\\/el-psoe-considera-intolerable-que-rajoy-mande-callar-y-que-no-hable-el\\\/#blogposting\",\"name\":\"El PSOE considera \\u00abintolerable\\u00bb que Rajoy mande callar y que no hable \\u00e9l - El Digital de Asturias\",\"headline\":\"El PSOE considera \\u00abintolerable\\u00bb que Rajoy mande callar y que no hable \\u00e9l\",\"author\":{\"@id\":\"https:\\\/\\\/www.eldigitaldeasturias.com\\\/noticias\\\/author\\\/admin\\\/#author\"},\"publisher\":{\"@id\":\"https:\\\/\\\/www.eldigitaldeasturias.com\\\/noticias\\\/#organization\"},\"image\":{\"@type\":\"ImageObject\",\"url\":482344},\"datePublished\":\"2014-02-02T22:44:44+01:00\",\"dateModified\":\"2014-02-02T22:44:44+01:00\",\"inLanguage\":\"es-ES\",\"mainEntityOfPage\":{\"@id\":\"https:\\\/\\\/www.eldigitaldeasturias.com\\\/noticias\\\/el-psoe-considera-intolerable-que-rajoy-mande-callar-y-que-no-hable-el\\\/#webpage\"},\"isPartOf\":{\"@id\":\"https:\\\/\\\/www.eldigitaldeasturias.com\\\/noticias\\\/el-psoe-considera-intolerable-que-rajoy-mande-callar-y-que-no-hable-el\\\/#webpage\"},\"articleSection\":\"Actualidad\"},{\"@type\":\"BreadcrumbList\",\"@id\":\"https:\\\/\\\/www.eldigitaldeasturias.com\\\/noticias\\\/el-psoe-considera-intolerable-que-rajoy-mande-callar-y-que-no-hable-el\\\/#breadcrumblist\",\"itemListElement\":[{\"@type\":\"ListItem\",\"@id\":\"https:\\\/\\\/www.eldigitaldeasturias.com\\\/noticias#listItem\",\"position\":1,\"name\":\"Home\",\"item\":\"https:\\\/\\\/www.eldigitaldeasturias.com\\\/noticias\",\"nextItem\":{\"@type\":\"ListItem\",\"@id\":\"https:\\\/\\\/www.eldigitaldeasturias.com\\\/noticias\\\/category\\\/actualidad\\\/#listItem\",\"name\":\"Actualidad\"}},{\"@type\":\"ListItem\",\"@id\":\"https:\\\/\\\/www.eldigitaldeasturias.com\\\/noticias\\\/category\\\/actualidad\\\/#listItem\",\"position\":2,\"name\":\"Actualidad\",\"item\":\"https:\\\/\\\/www.eldigitaldeasturias.com\\\/noticias\\\/category\\\/actualidad\\\/\",\"nextItem\":{\"@type\":\"ListItem\",\"@id\":\"https:\\\/\\\/www.eldigitaldeasturias.com\\\/noticias\\\/el-psoe-considera-intolerable-que-rajoy-mande-callar-y-que-no-hable-el\\\/#listItem\",\"name\":\"El PSOE considera \\u00abintolerable\\u00bb que Rajoy mande callar y que no hable \\u00e9l\"},\"previousItem\":{\"@type\":\"ListItem\",\"@id\":\"https:\\\/\\\/www.eldigitaldeasturias.com\\\/noticias#listItem\",\"name\":\"Home\"}},{\"@type\":\"ListItem\",\"@id\":\"https:\\\/\\\/www.eldigitaldeasturias.com\\\/noticias\\\/el-psoe-considera-intolerable-que-rajoy-mande-callar-y-que-no-hable-el\\\/#listItem\",\"position\":3,\"name\":\"El PSOE considera \\u00abintolerable\\u00bb que Rajoy mande callar y que no hable \\u00e9l\",\"previousItem\":{\"@type\":\"ListItem\",\"@id\":\"https:\\\/\\\/www.eldigitaldeasturias.com\\\/noticias\\\/category\\\/actualidad\\\/#listItem\",\"name\":\"Actualidad\"}}]},{\"@type\":\"Organization\",\"@id\":\"https:\\\/\\\/www.eldigitaldeasturias.com\\\/noticias\\\/#organization\",\"name\":\"El Digital de Asturias\",\"description\":\"Hemeroteca\",\"url\":\"https:\\\/\\\/www.eldigitaldeasturias.com\\\/noticias\\\/\",\"email\":\"info@eldigitaldeasturias.com\",\"telephone\":\"+34652131393\",\"logo\":{\"@type\":\"ImageObject\",\"url\":\"https:\\\/\\\/www.eldigitaldeasturias.com\\\/noticias\\\/wp-content\\\/uploads\\\/2020\\\/12\\\/EDA.jpg\",\"@id\":\"https:\\\/\\\/www.eldigitaldeasturias.com\\\/noticias\\\/el-psoe-considera-intolerable-que-rajoy-mande-callar-y-que-no-hable-el\\\/#organizationLogo\"},\"image\":{\"@id\":\"https:\\\/\\\/www.eldigitaldeasturias.com\\\/noticias\\\/el-psoe-considera-intolerable-que-rajoy-mande-callar-y-que-no-hable-el\\\/#organizationLogo\"},\"sameAs\":[\"https:\\\/\\\/facebook.com\\\/eldigitaldeasturias\",\"https:\\\/\\\/www.youtube.com\\\/channel\\\/UCZP-2wLEB9Rv6erhFmqVnvg\"],\"address\":{\"@id\":\"https:\\\/\\\/www.eldigitaldeasturias.com\\\/noticias\\\/#postaladdress\",\"@type\":\"PostalAddress\",\"streetAddress\":\"san antonio 4\",\"postalCode\":\"33430\",\"addressLocality\":\"Cand\\u00e1s\",\"addressRegion\":\"Asturias\",\"addressCountry\":\"ES\"}},{\"@type\":\"Person\",\"@id\":\"https:\\\/\\\/www.eldigitaldeasturias.com\\\/noticias\\\/author\\\/admin\\\/#author\",\"url\":\"https:\\\/\\\/www.eldigitaldeasturias.com\\\/noticias\\\/author\\\/admin\\\/\",\"name\":\"El Digital de Asturias\",\"image\":{\"@type\":\"ImageObject\",\"@id\":\"https:\\\/\\\/www.eldigitaldeasturias.com\\\/noticias\\\/el-psoe-considera-intolerable-que-rajoy-mande-callar-y-que-no-hable-el\\\/#authorImage\",\"url\":\"https:\\\/\\\/secure.gravatar.com\\\/avatar\\\/df2aeffc32bcd13f8d26072ef8a91b623d677766deac7f97ca815868cd41bf5e?s=96&d=mm&r=g\",\"width\":96,\"height\":96,\"caption\":\"El Digital de Asturias\"}},{\"@type\":\"WebPage\",\"@id\":\"https:\\\/\\\/www.eldigitaldeasturias.com\\\/noticias\\\/el-psoe-considera-intolerable-que-rajoy-mande-callar-y-que-no-hable-el\\\/#webpage\",\"url\":\"https:\\\/\\\/www.eldigitaldeasturias.com\\\/noticias\\\/el-psoe-considera-intolerable-que-rajoy-mande-callar-y-que-no-hable-el\\\/\",\"name\":\"El PSOE considera \\u00abintolerable\\u00bb que Rajoy mande callar y que no hable \\u00e9l - El Digital de Asturias\",\"description\":\"Madrid, 2 feb (EFE).- El PSOE ha calificado hoy de \\\"intolerable\\\" el mensaje del presidente del Gobierno, Mariano Rajoy, en la clausura de la convenci\\u00f3n del PP, al mandar callar al l\\u00edder del PSOE, Alfredo P\\u00e9rez Rubalcaba, quien ha replicado pidi\\u00e9ndole que hable \\u00e9l para dar explicaciones sobre su relaci\\u00f3n con el caso G\\u00fcrtel o\",\"inLanguage\":\"es-ES\",\"isPartOf\":{\"@id\":\"https:\\\/\\\/www.eldigitaldeasturias.com\\\/noticias\\\/#website\"},\"breadcrumb\":{\"@id\":\"https:\\\/\\\/www.eldigitaldeasturias.com\\\/noticias\\\/el-psoe-considera-intolerable-que-rajoy-mande-callar-y-que-no-hable-el\\\/#breadcrumblist\"},\"author\":{\"@id\":\"https:\\\/\\\/www.eldigitaldeasturias.com\\\/noticias\\\/author\\\/admin\\\/#author\"},\"creator\":{\"@id\":\"https:\\\/\\\/www.eldigitaldeasturias.com\\\/noticias\\\/author\\\/admin\\\/#author\"},\"image\":{\"@type\":\"ImageObject\",\"url\":482344,\"@id\":\"https:\\\/\\\/www.eldigitaldeasturias.com\\\/noticias\\\/el-psoe-considera-intolerable-que-rajoy-mande-callar-y-que-no-hable-el\\\/#mainImage\"},\"primaryImageOfPage\":{\"@id\":\"https:\\\/\\\/www.eldigitaldeasturias.com\\\/noticias\\\/el-psoe-considera-intolerable-que-rajoy-mande-callar-y-que-no-hable-el\\\/#mainImage\"},\"datePublished\":\"2014-02-02T22:44:44+01:00\",\"dateModified\":\"2014-02-02T22:44:44+01:00\"},{\"@type\":\"WebSite\",\"@id\":\"https:\\\/\\\/www.eldigitaldeasturias.com\\\/noticias\\\/#website\",\"url\":\"https:\\\/\\\/www.eldigitaldeasturias.com\\\/noticias\\\/\",\"name\":\"El Digital de Asturias - Diario de actualidad y noticias\",\"alternateName\":\"El Digital de Asturias - Diario de actualidad y noticias\",\"description\":\"Hemeroteca\",\"inLanguage\":\"es-ES\",\"publisher\":{\"@id\":\"https:\\\/\\\/www.eldigitaldeasturias.com\\\/noticias\\\/#organization\"}}]}\n\t\t<\/script>\n\t\t<!-- All in One SEO Pro -->\r\n\t\t<title>El PSOE considera \u00abintolerable\u00bb que Rajoy mande callar y que no hable \u00e9l - El Digital de Asturias<\/title>\n\n","aioseo_head_json":{"title":"El PSOE considera \u00abintolerable\u00bb que Rajoy mande callar y que no hable \u00e9l - El Digital de Asturias","description":"Madrid, 2 feb (EFE).- El PSOE ha calificado hoy de \"intolerable\" el mensaje del presidente del Gobierno, Mariano Rajoy, en la clausura de la convenci\u00f3n del PP, al mandar callar al l\u00edder del PSOE, Alfredo P\u00e9rez Rubalcaba, quien ha replicado pidi\u00e9ndole que hable \u00e9l para dar explicaciones sobre su relaci\u00f3n con el caso G\u00fcrtel o","canonical_url":"https:\/\/www.eldigitaldeasturias.com\/noticias\/el-psoe-considera-intolerable-que-rajoy-mande-callar-y-que-no-hable-el\/","robots":"max-image-preview:large","keywords":"actualidad","webmasterTools":{"google-site-verification":"UA-38556648-1","msvalidate.01":"7dfe9f3f1b24437ab69f4f2559babe99","miscellaneous":""},"schema":{"@context":"https:\/\/schema.org","@graph":[{"@type":"BlogPosting","@id":"https:\/\/www.eldigitaldeasturias.com\/noticias\/el-psoe-considera-intolerable-que-rajoy-mande-callar-y-que-no-hable-el\/#blogposting","name":"El PSOE considera \u00abintolerable\u00bb que Rajoy mande callar y que no hable \u00e9l - El Digital de Asturias","headline":"El PSOE considera \u00abintolerable\u00bb que Rajoy mande callar y que no hable \u00e9l","author":{"@id":"https:\/\/www.eldigitaldeasturias.com\/noticias\/author\/admin\/#author"},"publisher":{"@id":"https:\/\/www.eldigitaldeasturias.com\/noticias\/#organization"},"image":{"@type":"ImageObject","url":482344},"datePublished":"2014-02-02T22:44:44+01:00","dateModified":"2014-02-02T22:44:44+01:00","inLanguage":"es-ES","mainEntityOfPage":{"@id":"https:\/\/www.eldigitaldeasturias.com\/noticias\/el-psoe-considera-intolerable-que-rajoy-mande-callar-y-que-no-hable-el\/#webpage"},"isPartOf":{"@id":"https:\/\/www.eldigitaldeasturias.com\/noticias\/el-psoe-considera-intolerable-que-rajoy-mande-callar-y-que-no-hable-el\/#webpage"},"articleSection":"Actualidad"},{"@type":"BreadcrumbList","@id":"https:\/\/www.eldigitaldeasturias.com\/noticias\/el-psoe-considera-intolerable-que-rajoy-mande-callar-y-que-no-hable-el\/#breadcrumblist","itemListElement":[{"@type":"ListItem","@id":"https:\/\/www.eldigitaldeasturias.com\/noticias#listItem","position":1,"name":"Home","item":"https:\/\/www.eldigitaldeasturias.com\/noticias","nextItem":{"@type":"ListItem","@id":"https:\/\/www.eldigitaldeasturias.com\/noticias\/category\/actualidad\/#listItem","name":"Actualidad"}},{"@type":"ListItem","@id":"https:\/\/www.eldigitaldeasturias.com\/noticias\/category\/actualidad\/#listItem","position":2,"name":"Actualidad","item":"https:\/\/www.eldigitaldeasturias.com\/noticias\/category\/actualidad\/","nextItem":{"@type":"ListItem","@id":"https:\/\/www.eldigitaldeasturias.com\/noticias\/el-psoe-considera-intolerable-que-rajoy-mande-callar-y-que-no-hable-el\/#listItem","name":"El PSOE considera \u00abintolerable\u00bb que Rajoy mande callar y que no hable \u00e9l"},"previousItem":{"@type":"ListItem","@id":"https:\/\/www.eldigitaldeasturias.com\/noticias#listItem","name":"Home"}},{"@type":"ListItem","@id":"https:\/\/www.eldigitaldeasturias.com\/noticias\/el-psoe-considera-intolerable-que-rajoy-mande-callar-y-que-no-hable-el\/#listItem","position":3,"name":"El PSOE considera \u00abintolerable\u00bb que Rajoy mande callar y que no hable \u00e9l","previousItem":{"@type":"ListItem","@id":"https:\/\/www.eldigitaldeasturias.com\/noticias\/category\/actualidad\/#listItem","name":"Actualidad"}}]},{"@type":"Organization","@id":"https:\/\/www.eldigitaldeasturias.com\/noticias\/#organization","name":"El Digital de Asturias","description":"Hemeroteca","url":"https:\/\/www.eldigitaldeasturias.com\/noticias\/","email":"info@eldigitaldeasturias.com","telephone":"+34652131393","logo":{"@type":"ImageObject","url":"https:\/\/www.eldigitaldeasturias.com\/noticias\/wp-content\/uploads\/2020\/12\/EDA.jpg","@id":"https:\/\/www.eldigitaldeasturias.com\/noticias\/el-psoe-considera-intolerable-que-rajoy-mande-callar-y-que-no-hable-el\/#organizationLogo"},"image":{"@id":"https:\/\/www.eldigitaldeasturias.com\/noticias\/el-psoe-considera-intolerable-que-rajoy-mande-callar-y-que-no-hable-el\/#organizationLogo"},"sameAs":["https:\/\/facebook.com\/eldigitaldeasturias","https:\/\/www.youtube.com\/channel\/UCZP-2wLEB9Rv6erhFmqVnvg"],"address":{"@id":"https:\/\/www.eldigitaldeasturias.com\/noticias\/#postaladdress","@type":"PostalAddress","streetAddress":"san antonio 4","postalCode":"33430","addressLocality":"Cand\u00e1s","addressRegion":"Asturias","addressCountry":"ES"}},{"@type":"Person","@id":"https:\/\/www.eldigitaldeasturias.com\/noticias\/author\/admin\/#author","url":"https:\/\/www.eldigitaldeasturias.com\/noticias\/author\/admin\/","name":"El Digital de Asturias","image":{"@type":"ImageObject","@id":"https:\/\/www.eldigitaldeasturias.com\/noticias\/el-psoe-considera-intolerable-que-rajoy-mande-callar-y-que-no-hable-el\/#authorImage","url":"https:\/\/secure.gravatar.com\/avatar\/df2aeffc32bcd13f8d26072ef8a91b623d677766deac7f97ca815868cd41bf5e?s=96&d=mm&r=g","width":96,"height":96,"caption":"El Digital de Asturias"}},{"@type":"WebPage","@id":"https:\/\/www.eldigitaldeasturias.com\/noticias\/el-psoe-considera-intolerable-que-rajoy-mande-callar-y-que-no-hable-el\/#webpage","url":"https:\/\/www.eldigitaldeasturias.com\/noticias\/el-psoe-considera-intolerable-que-rajoy-mande-callar-y-que-no-hable-el\/","name":"El PSOE considera \u00abintolerable\u00bb que Rajoy mande callar y que no hable \u00e9l - El Digital de Asturias","description":"Madrid, 2 feb (EFE).- El PSOE ha calificado hoy de \"intolerable\" el mensaje del presidente del Gobierno, Mariano Rajoy, en la clausura de la convenci\u00f3n del PP, al mandar callar al l\u00edder del PSOE, Alfredo P\u00e9rez Rubalcaba, quien ha replicado pidi\u00e9ndole que hable \u00e9l para dar explicaciones sobre su relaci\u00f3n con el caso G\u00fcrtel o","inLanguage":"es-ES","isPartOf":{"@id":"https:\/\/www.eldigitaldeasturias.com\/noticias\/#website"},"breadcrumb":{"@id":"https:\/\/www.eldigitaldeasturias.com\/noticias\/el-psoe-considera-intolerable-que-rajoy-mande-callar-y-que-no-hable-el\/#breadcrumblist"},"author":{"@id":"https:\/\/www.eldigitaldeasturias.com\/noticias\/author\/admin\/#author"},"creator":{"@id":"https:\/\/www.eldigitaldeasturias.com\/noticias\/author\/admin\/#author"},"image":{"@type":"ImageObject","url":482344,"@id":"https:\/\/www.eldigitaldeasturias.com\/noticias\/el-psoe-considera-intolerable-que-rajoy-mande-callar-y-que-no-hable-el\/#mainImage"},"primaryImageOfPage":{"@id":"https:\/\/www.eldigitaldeasturias.com\/noticias\/el-psoe-considera-intolerable-que-rajoy-mande-callar-y-que-no-hable-el\/#mainImage"},"datePublished":"2014-02-02T22:44:44+01:00","dateModified":"2014-02-02T22:44:44+01:00"},{"@type":"WebSite","@id":"https:\/\/www.eldigitaldeasturias.com\/noticias\/#website","url":"https:\/\/www.eldigitaldeasturias.com\/noticias\/","name":"El Digital de Asturias - Diario de actualidad y noticias","alternateName":"El Digital de Asturias - Diario de actualidad y noticias","description":"Hemeroteca","inLanguage":"es-ES","publisher":{"@id":"https:\/\/www.eldigitaldeasturias.com\/noticias\/#organization"}}]},"og:locale":"es_ES","og:site_name":"El Digital de Asturias","og:type":"article","og:title":"El PSOE considera \u00abintolerable\u00bb que Rajoy mande callar y que no hable \u00e9l - El Digital de Asturias","og:description":"Madrid, 2 feb (EFE).- El PSOE ha calificado hoy de &quot;intolerable&quot; el mensaje del presidente del Gobierno, Mariano Rajoy, en la clausura de la convenci\u00f3n del PP, al mandar callar al l\u00edder del PSOE, Alfredo P\u00e9rez Rubalcaba, quien ha replicado pidi\u00e9ndole que hable \u00e9l para dar explicaciones sobre su relaci\u00f3n con el caso G\u00fcrtel o","og:url":"https:\/\/www.eldigitaldeasturias.com\/noticias\/el-psoe-considera-intolerable-que-rajoy-mande-callar-y-que-no-hable-el\/","article:tag":["actualidad"],"article:published_time":"2014-02-02T23:44:44+00:00","article:modified_time":"2014-02-02T23:44:44+00:00","article:publisher":"https:\/\/facebook.com\/eldigitaldeasturias","twitter:card":"summary_large_image","twitter:title":"El PSOE considera \u00abintolerable\u00bb que Rajoy mande callar y que no hable \u00e9l - El Digital de Asturias","twitter:description":"Madrid, 2 feb (EFE).- El PSOE ha calificado hoy de &quot;intolerable&quot; el mensaje del presidente del Gobierno, Mariano Rajoy, en la clausura de la convenci\u00f3n del PP, al mandar callar al l\u00edder del PSOE, Alfredo P\u00e9rez Rubalcaba, quien ha replicado pidi\u00e9ndole que hable \u00e9l para dar explicaciones sobre su relaci\u00f3n con el caso G\u00fcrtel o","twitter:label1":"Escrito por","twitter:data1":"El Digital de Asturias","twitter:label2":"Tiempo de lectura estimado","twitter:data2":"2 minutos"},"aioseo_meta_data":{"post_id":"482343","title":null,"description":null,"keywords":null,"keyphrases":null,"primary_term":null,"canonical_url":null,"og_title":null,"og_description":null,"og_object_type":"default","og_image_type":"default","og_image_url":null,"og_image_width":null,"og_image_height":null,"og_image_custom_url":null,"og_image_custom_fields":null,"og_video":null,"og_custom_url":null,"og_article_section":null,"og_article_tags":null,"twitter_use_og":true,"twitter_card":"default","twitter_image_type":"default","twitter_image_url":null,"twitter_image_custom_url":null,"twitter_image_custom_fields":null,"twitter_title":null,"twitter_description":null,"schema":{"blockGraphs":[],"customGraphs":[],"default":{"data":{"Article":[],"Course":[],"Dataset":[],"FAQPage":[],"Movie":[],"Person":[],"Product":[],"ProductReview":[],"Car":[],"Recipe":[],"Service":[],"SoftwareApplication":[],"WebPage":[]},"graphName":"","isEnabled":true},"graphs":[],"defaultGraph":"","defaultPostTypeGraph":""},"schema_type":null,"schema_type_options":null,"pillar_content":false,"robots_default":true,"robots_noindex":false,"robots_noarchive":false,"robots_nosnippet":false,"robots_nofollow":false,"robots_noimageindex":false,"robots_noodp":false,"robots_notranslate":false,"robots_max_snippet":null,"robots_max_videopreview":null,"robots_max_imagepreview":"none","priority":null,"frequency":null,"local_seo":null,"seo_analyzer_scan_date":"2026-06-02 09:33:59","breadcrumb_settings":null,"limit_modified_date":false,"open_ai":null,"ai":null,"created":"2020-11-14 22:54:33","updated":"2026-06-02 09:33:59","focus_keyword":null,"additional_keywords":null,"truseo_locale":null},"aioseo_breadcrumb":"<div class=\"aioseo-breadcrumbs\"><span class=\"aioseo-breadcrumb\">\n\t<a href=\"https:\/\/www.eldigitaldeasturias.com\/noticias\" title=\"Home\">Home<\/a>\n<\/span><span class=\"aioseo-breadcrumb-separator\">\u2013<\/span><span class=\"aioseo-breadcrumb\">\n\t<a href=\"https:\/\/www.eldigitaldeasturias.com\/noticias\/category\/actualidad\/\" title=\"Actualidad\">Actualidad<\/a>\n<\/span><span class=\"aioseo-breadcrumb-separator\">\u2013<\/span><span class=\"aioseo-breadcrumb\">\n\t<a href=\"https:\/\/www.eldigitaldeasturias.com\/noticias\/el-psoe-considera-intolerable-que-rajoy-mande-callar-y-que-no-hable-el\/\" title=\"El PSOE considera \u00abintolerable\u00bb que Rajoy mande callar y que no hable \u00e9l\">El PSOE considera \u00abintolerable\u00bb que Rajoy mande callar y que no hable \u00e9l<\/a>\n<\/span><\/div>","aioseo_breadcrumb_json":[{"label":"Home","link":"https:\/\/www.eldigitaldeasturias.com\/noticias"},{"label":"Actualidad","link":"https:\/\/www.eldigitaldeasturias.com\/noticias\/category\/actualidad\/"},{"label":"El PSOE considera \u00abintolerable\u00bb que Rajoy mande callar y que no hable \u00e9l","link":"https:\/\/www.eldigitaldeasturias.com\/noticias\/el-psoe-considera-intolerable-que-rajoy-mande-callar-y-que-no-hable-el\/"}],"_links":{"self":[{"href":"https:\/\/www.eldigitaldeasturias.com\/noticias\/wp-json\/wp\/v2\/posts\/482343","targetHints":{"allow":["GET"]}}],"collection":[{"href":"https:\/\/www.eldigitaldeasturias.com\/noticias\/wp-json\/wp\/v2\/posts"}],"about":[{"href":"https:\/\/www.eldigitaldeasturias.com\/noticias\/wp-json\/wp\/v2\/types\/post"}],"author":[{"embeddable":true,"href":"https:\/\/www.eldigitaldeasturias.com\/noticias\/wp-json\/wp\/v2\/users\/1"}],"replies":[{"embeddable":true,"href":"https:\/\/www.eldigitaldeasturias.com\/noticias\/wp-json\/wp\/v2\/comments?post=482343"}],"version-history":[{"count":0,"href":"https:\/\/www.eldigitaldeasturias.com\/noticias\/wp-json\/wp\/v2\/posts\/482343\/revisions"}],"wp:attachment":[{"href":"https:\/\/www.eldigitaldeasturias.com\/noticias\/wp-json\/wp\/v2\/media?parent=482343"}],"wp:term":[{"taxonomy":"category","embeddable":true,"href":"https:\/\/www.eldigitaldeasturias.com\/noticias\/wp-json\/wp\/v2\/categories?post=482343"},{"taxonomy":"post_tag","embeddable":true,"href":"https:\/\/www.eldigitaldeasturias.com\/noticias\/wp-json\/wp\/v2\/tags?post=482343"}],"curies":[{"name":"wp","href":"https:\/\/api.w.org\/{rel}","templated":true}]}}