{"id":482335,"date":"2014-02-02T22:30:57","date_gmt":"2014-02-02T23:30:57","guid":{"rendered":"http:\/\/www.eldigitaldeasturias.com\/noticias\/?p=482335"},"modified":"2014-02-02T22:30:57","modified_gmt":"2014-02-02T23:30:57","slug":"sin-chavez-los-bolivarianos-cumplen-15-anos-en-el-poder-en-venezuela","status":"publish","type":"post","link":"https:\/\/www.eldigitaldeasturias.com\/noticias\/sin-chavez-los-bolivarianos-cumplen-15-anos-en-el-poder-en-venezuela\/","title":{"rendered":"Sin Ch\u00e1vez, los bolivarianos cumplen 15 a\u00f1os en el poder en Venezuela"},"content":{"rendered":"<p><img loading=\"lazy\" decoding=\"async\" class=\"alignleft size-medium wp-image-480178\" alt=\"VENEZUELA CARACAS POLITICS ELECTIONS\" src=\"https:\/\/www.eldigitaldeasturias.com\/noticias\/wp-content\/uploads\/2014\/01\/LA_DIVISI_N_ENTRE_LO_37081611-360x244.jpg\" width=\"360\" height=\"244\" \/>Caracas, 2 feb (dpa) \u2013 Sin su l\u00edder Hugo Ch\u00e1vez, quien muri\u00f3 hace casi 11 meses, el gobierno bolivariano cumpli\u00f3 hoy 15 a\u00f1os de su llegada al poder en Venezuela, atareado por contener el avance de las turbulencias econ\u00f3micas.<\/p>\n<p>El presidente Nicol\u00e1s Maduro conmemor\u00f3 la fecha con una concentraci\u00f3n de simpatizantes, en la que destac\u00f3 como una fecha hist\u00f3rica el 2 de febrero de 1999, cuando Ch\u00e1vez entr\u00f3 en la casa de gobierno de Miraflores.<\/p>\n<p>\u00abCon la llegada de Ch\u00e1vez culmin\u00f3 un ciclo hist\u00f3rico de traiciones y llegaron las banderas de las revoluciones anteriores\u00bb, dijo Maduro a sus partidarios.<\/p>\n<p>\u00abHace 15 a\u00f1os nuestro comandante lleg\u00f3 al poder con la fuerza del pueblo. Cu\u00e1nta historia de luchas, sacrificios, victorias \u00a1Ch\u00e1vez vive y vive!\u00bb, escribi\u00f3 Maduro en su cuenta de Twitter. \u00abLuego de 15 a\u00f1os, la revoluci\u00f3n sigue de victoria en victoria, en el Poder con el pueblo y consolidando el camino del socialismo \u00a1Somos Mayor\u00eda!\u00bb, agreg\u00f3.<\/p>\n<p>\u00ab15 a\u00f1os en revoluci\u00f3n (bolivariana) y ahora m\u00e1s que nunca el pueblo va con su revoluci\u00f3n, leal a Ch\u00e1vez y listos para seguir haciendo la patria socialista\u00bb, resalt\u00f3.<\/p>\n<p>Ch\u00e1vez lleg\u00f3 al poder enarbolando la bandera de la Asamblea Constituyente, que propuso como mecanismo para poner en marcha una serie de cambios pol\u00edticos, institucionales y econ\u00f3micos.<\/p>\n<p>En tres lustros del gobierno, Venezuela pas\u00f3 por cambios acelerados, rumbo al socialismo del siglo XXI que proclam\u00f3 el l\u00edder bolivariano. Desde el cambio de nombre por el de Rep\u00fablica Bolivariana de Venezuela, hasta la hora, los s\u00edmbolos y las instituciones, el pa\u00eds entr\u00f3 en una fase de sustituci\u00f3n de una hegemon\u00eda de los partidos tradicionales al presidencialismo unipersonal.<\/p>\n<p>En ese per\u00edodo, el gobierno tuvo frecuentes roces diplom\u00e1ticos con Estados Unidos, al que acus\u00f3 de conspirar para derrocarlo, mientras se acerc\u00f3 a China, con la que gestion\u00f3 pr\u00e9stamos por m\u00e1s de 30.000 millones de d\u00f3lares.<\/p>\n<p>El l\u00edder bolivariano muri\u00f3 el 5 de marzo del a\u00f1o pasado, despu\u00e9s de una larga lucha contra el c\u00e1ncer. Dej\u00f3 a Maduro dispuesto para una sucesi\u00f3n y \u00e9ste gan\u00f3 por estrecho margen las elecciones de abril contra el opositor Henrique Capriles.<\/p>\n<p>Maduro est\u00e1 lidiando con las dificultades que se agudizaron el a\u00f1o pasado, cuando la econom\u00eda creci\u00f3 apenas 1,0 por ciento, la inflaci\u00f3n escal\u00f3 a 56,2 por ciento y los \u00edndices de desabastecimiento llegaron a cifras nunca vistas.<\/p>\n<p>\u00abArranc\u00f3 &#8216;febrero rebelde de revoluci\u00f3n&#8217;. Vamos todos a profundizar la ofensiva econ\u00f3mica con la Ley de Precios Justos y el gobierno en la calle\u00bb, se\u00f1al\u00f3 el gobernante.<\/p>\n<p>Maduro asegura que la inflaci\u00f3n ha sido inducida por los especuladores y acaparadores, a los que acusa de haber promovido, junto a la oposici\u00f3n, una \u00abguerra econ\u00f3mica\u00bb contra el pa\u00eds.<\/p>\n<p>El gobierno puso en marcha el s\u00e1bado una nueva ofensiva para supervisar los precios, en la que la fuerza p\u00fablica verifica que los comercios cumplan con las normas de la Ley de Precios Justos, que adem\u00e1s limita las ganancias de los empresarios a 30 por ciento.<\/p>\n<p>\u00abVamos hacia el saneamiento de las perturbaciones en la cadena econ\u00f3mica, productiva, distributiva y comercializadora del pa\u00eds\u00bb, expres\u00f3 el gobernante.<\/p>\n<p>La ley prev\u00e9 penas de c\u00e1rcel en caso de usura y contrabando de alimentos que pueden llegar a 14 a\u00f1os.<\/p>\n<p>\u00abAqu\u00ed nadie va a venir con nerviosismo ni apuro, porque as\u00ed funcionan los delincuentes, las mafias, crean falsas necesidades o crean crisis para que salgan las divisas de la rep\u00fablica a manos de la burgues\u00eda parasitaria\u00bb, se\u00f1al\u00f3 Maduro.<\/p>\n","protected":false},"excerpt":{"rendered":"<p>Caracas, 2 feb (dpa) \u2013 Sin su l\u00edder Hugo Ch\u00e1vez, quien muri\u00f3 hace casi 11 meses, el gobierno bolivariano cumpli\u00f3 hoy 15 a\u00f1os de su llegada al poder en Venezuela, atareado por contener el avance de las turbulencias econ\u00f3micas. El presidente Nicol\u00e1s Maduro conmemor\u00f3 la fecha con una concentraci\u00f3n de simpatizantes, en la que destac\u00f3 [&hellip;]<\/p>\n","protected":false},"author":1,"featured_media":1132184,"comment_status":"closed","ping_status":"open","sticky":false,"template":"","format":"standard","meta":{"footnotes":""},"categories":[1],"tags":[],"class_list":["post-482335","post","type-post","status-publish","format-standard","has-post-thumbnail","hentry","category-actualidad"],"aioseo_notices":[],"aioseo_head":"\n\t\t<!-- All in One SEO Pro 5.0.1 - aioseo.com -->\n\t<meta name=\"description\" content=\"Caracas, 2 feb (dpa) \u2013 Sin su l\u00edder Hugo Ch\u00e1vez, quien muri\u00f3 hace casi 11 meses, el gobierno bolivariano cumpli\u00f3 hoy 15 a\u00f1os de su llegada al poder en Venezuela, atareado por contener el avance de las turbulencias econ\u00f3micas. El presidente Nicol\u00e1s Maduro conmemor\u00f3 la fecha con una concentraci\u00f3n de simpatizantes, en la que destac\u00f3\" \/>\n\t<meta name=\"robots\" content=\"max-image-preview:large\" \/>\n\t<meta name=\"author\" content=\"El Digital de Asturias\"\/>\n\t<meta name=\"google-site-verification\" content=\"UA-38556648-1\" \/>\n\t<meta name=\"msvalidate.01\" content=\"7dfe9f3f1b24437ab69f4f2559babe99\" \/>\n\t<meta name=\"keywords\" content=\"actualidad\" \/>\n\t<link rel=\"canonical\" href=\"https:\/\/www.eldigitaldeasturias.com\/noticias\/sin-chavez-los-bolivarianos-cumplen-15-anos-en-el-poder-en-venezuela\/\" \/>\n\t<meta name=\"generator\" content=\"All in One SEO Pro (AIOSEO) 5.0.1\" \/>\n\t\t<meta property=\"og:locale\" content=\"es_ES\" \/>\n\t\t<meta property=\"og:site_name\" content=\"El Digital de Asturias\" \/>\n\t\t<meta property=\"og:type\" content=\"article\" \/>\n\t\t<meta property=\"og:title\" content=\"Sin Ch\u00e1vez, los bolivarianos cumplen 15 a\u00f1os en el poder en Venezuela - El Digital de Asturias\" \/>\n\t\t<meta property=\"og:description\" content=\"Caracas, 2 feb (dpa) \u2013 Sin su l\u00edder Hugo Ch\u00e1vez, quien muri\u00f3 hace casi 11 meses, el gobierno bolivariano cumpli\u00f3 hoy 15 a\u00f1os de su llegada al poder en Venezuela, atareado por contener el avance de las turbulencias econ\u00f3micas. El presidente Nicol\u00e1s Maduro conmemor\u00f3 la fecha con una concentraci\u00f3n de simpatizantes, en la que destac\u00f3\" \/>\n\t\t<meta property=\"og:url\" content=\"https:\/\/www.eldigitaldeasturias.com\/noticias\/sin-chavez-los-bolivarianos-cumplen-15-anos-en-el-poder-en-venezuela\/\" \/>\n\t\t<meta property=\"og:image\" content=\"https:\/\/www.eldigitaldeasturias.com\/noticias\/wp-content\/uploads\/2026\/06\/Contenidos.jpg\" \/>\n\t\t<meta property=\"og:image:secure_url\" content=\"https:\/\/www.eldigitaldeasturias.com\/noticias\/wp-content\/uploads\/2026\/06\/Contenidos.jpg\" \/>\n\t\t<meta property=\"og:image:width\" content=\"1265\" \/>\n\t\t<meta property=\"og:image:height\" content=\"697\" \/>\n\t\t<meta property=\"article:tag\" content=\"actualidad\" \/>\n\t\t<meta property=\"article:published_time\" content=\"2014-02-02T23:30:57+00:00\" \/>\n\t\t<meta property=\"article:modified_time\" content=\"2014-02-02T23:30:57+00:00\" \/>\n\t\t<meta property=\"article:publisher\" content=\"https:\/\/facebook.com\/eldigitaldeasturias\" \/>\n\t\t<meta name=\"twitter:card\" content=\"summary_large_image\" \/>\n\t\t<meta name=\"twitter:title\" content=\"Sin Ch\u00e1vez, los bolivarianos cumplen 15 a\u00f1os en el poder en Venezuela - El Digital de Asturias\" \/>\n\t\t<meta name=\"twitter:description\" content=\"Caracas, 2 feb (dpa) \u2013 Sin su l\u00edder Hugo Ch\u00e1vez, quien muri\u00f3 hace casi 11 meses, el gobierno bolivariano cumpli\u00f3 hoy 15 a\u00f1os de su llegada al poder en Venezuela, atareado por contener el avance de las turbulencias econ\u00f3micas. El presidente Nicol\u00e1s Maduro conmemor\u00f3 la fecha con una concentraci\u00f3n de simpatizantes, en la que destac\u00f3\" \/>\n\t\t<meta name=\"twitter:image\" content=\"https:\/\/www.eldigitaldeasturias.com\/noticias\/wp-content\/uploads\/2026\/06\/Contenidos.jpg\" \/>\n\t\t<meta name=\"twitter:label1\" content=\"Escrito por\" \/>\n\t\t<meta name=\"twitter:data1\" content=\"El Digital de Asturias\" \/>\n\t\t<meta name=\"twitter:label2\" content=\"Tiempo de lectura estimado\" \/>\n\t\t<meta name=\"twitter:data2\" content=\"3 minutos\" \/>\n\t\t<script type=\"application\/ld+json\" class=\"aioseo-schema\">\n\t\t\t{\"@context\":\"https:\\\/\\\/schema.org\",\"@graph\":[{\"@type\":\"BlogPosting\",\"@id\":\"https:\\\/\\\/www.eldigitaldeasturias.com\\\/noticias\\\/sin-chavez-los-bolivarianos-cumplen-15-anos-en-el-poder-en-venezuela\\\/#blogposting\",\"name\":\"Sin Ch\\u00e1vez, los bolivarianos cumplen 15 a\\u00f1os en el poder en Venezuela - El Digital de Asturias\",\"headline\":\"Sin Ch\\u00e1vez, los bolivarianos cumplen 15 a\\u00f1os en el poder en Venezuela\",\"author\":{\"@id\":\"https:\\\/\\\/www.eldigitaldeasturias.com\\\/noticias\\\/author\\\/admin\\\/#author\"},\"publisher\":{\"@id\":\"https:\\\/\\\/www.eldigitaldeasturias.com\\\/noticias\\\/#organization\"},\"image\":{\"@type\":\"ImageObject\",\"url\":\"https:\\\/\\\/www.eldigitaldeasturias.com\\\/noticias\\\/wp-content\\\/uploads\\\/2026\\\/06\\\/Contenidos.jpg\",\"width\":1265,\"height\":697,\"caption\":\"Contenidos\"},\"datePublished\":\"2014-02-02T22:30:57+01:00\",\"dateModified\":\"2014-02-02T22:30:57+01:00\",\"inLanguage\":\"es-ES\",\"mainEntityOfPage\":{\"@id\":\"https:\\\/\\\/www.eldigitaldeasturias.com\\\/noticias\\\/sin-chavez-los-bolivarianos-cumplen-15-anos-en-el-poder-en-venezuela\\\/#webpage\"},\"isPartOf\":{\"@id\":\"https:\\\/\\\/www.eldigitaldeasturias.com\\\/noticias\\\/sin-chavez-los-bolivarianos-cumplen-15-anos-en-el-poder-en-venezuela\\\/#webpage\"},\"articleSection\":\"Actualidad\"},{\"@type\":\"BreadcrumbList\",\"@id\":\"https:\\\/\\\/www.eldigitaldeasturias.com\\\/noticias\\\/sin-chavez-los-bolivarianos-cumplen-15-anos-en-el-poder-en-venezuela\\\/#breadcrumblist\",\"itemListElement\":[{\"@type\":\"ListItem\",\"@id\":\"https:\\\/\\\/www.eldigitaldeasturias.com\\\/noticias#listItem\",\"position\":1,\"name\":\"Home\",\"item\":\"https:\\\/\\\/www.eldigitaldeasturias.com\\\/noticias\",\"nextItem\":{\"@type\":\"ListItem\",\"@id\":\"https:\\\/\\\/www.eldigitaldeasturias.com\\\/noticias\\\/category\\\/actualidad\\\/#listItem\",\"name\":\"Actualidad\"}},{\"@type\":\"ListItem\",\"@id\":\"https:\\\/\\\/www.eldigitaldeasturias.com\\\/noticias\\\/category\\\/actualidad\\\/#listItem\",\"position\":2,\"name\":\"Actualidad\",\"item\":\"https:\\\/\\\/www.eldigitaldeasturias.com\\\/noticias\\\/category\\\/actualidad\\\/\",\"nextItem\":{\"@type\":\"ListItem\",\"@id\":\"https:\\\/\\\/www.eldigitaldeasturias.com\\\/noticias\\\/sin-chavez-los-bolivarianos-cumplen-15-anos-en-el-poder-en-venezuela\\\/#listItem\",\"name\":\"Sin Ch\\u00e1vez, los bolivarianos cumplen 15 a\\u00f1os en el poder en Venezuela\"},\"previousItem\":{\"@type\":\"ListItem\",\"@id\":\"https:\\\/\\\/www.eldigitaldeasturias.com\\\/noticias#listItem\",\"name\":\"Home\"}},{\"@type\":\"ListItem\",\"@id\":\"https:\\\/\\\/www.eldigitaldeasturias.com\\\/noticias\\\/sin-chavez-los-bolivarianos-cumplen-15-anos-en-el-poder-en-venezuela\\\/#listItem\",\"position\":3,\"name\":\"Sin Ch\\u00e1vez, los bolivarianos cumplen 15 a\\u00f1os en el poder en Venezuela\",\"previousItem\":{\"@type\":\"ListItem\",\"@id\":\"https:\\\/\\\/www.eldigitaldeasturias.com\\\/noticias\\\/category\\\/actualidad\\\/#listItem\",\"name\":\"Actualidad\"}}]},{\"@type\":\"Organization\",\"@id\":\"https:\\\/\\\/www.eldigitaldeasturias.com\\\/noticias\\\/#organization\",\"name\":\"El Digital de Asturias\",\"description\":\"Hemeroteca\",\"url\":\"https:\\\/\\\/www.eldigitaldeasturias.com\\\/noticias\\\/\",\"email\":\"info@eldigitaldeasturias.com\",\"telephone\":\"+34652131393\",\"logo\":{\"@type\":\"ImageObject\",\"url\":\"https:\\\/\\\/www.eldigitaldeasturias.com\\\/noticias\\\/wp-content\\\/uploads\\\/2020\\\/12\\\/EDA.jpg\",\"@id\":\"https:\\\/\\\/www.eldigitaldeasturias.com\\\/noticias\\\/sin-chavez-los-bolivarianos-cumplen-15-anos-en-el-poder-en-venezuela\\\/#organizationLogo\"},\"image\":{\"@id\":\"https:\\\/\\\/www.eldigitaldeasturias.com\\\/noticias\\\/sin-chavez-los-bolivarianos-cumplen-15-anos-en-el-poder-en-venezuela\\\/#organizationLogo\"},\"sameAs\":[\"https:\\\/\\\/facebook.com\\\/eldigitaldeasturias\",\"https:\\\/\\\/www.youtube.com\\\/channel\\\/UCZP-2wLEB9Rv6erhFmqVnvg\"],\"address\":{\"@id\":\"https:\\\/\\\/www.eldigitaldeasturias.com\\\/noticias\\\/#postaladdress\",\"@type\":\"PostalAddress\",\"streetAddress\":\"san antonio 4\",\"postalCode\":\"33430\",\"addressLocality\":\"Cand\\u00e1s\",\"addressRegion\":\"Asturias\",\"addressCountry\":\"ES\"}},{\"@type\":\"Person\",\"@id\":\"https:\\\/\\\/www.eldigitaldeasturias.com\\\/noticias\\\/author\\\/admin\\\/#author\",\"url\":\"https:\\\/\\\/www.eldigitaldeasturias.com\\\/noticias\\\/author\\\/admin\\\/\",\"name\":\"El Digital de Asturias\",\"image\":{\"@type\":\"ImageObject\",\"@id\":\"https:\\\/\\\/www.eldigitaldeasturias.com\\\/noticias\\\/sin-chavez-los-bolivarianos-cumplen-15-anos-en-el-poder-en-venezuela\\\/#authorImage\",\"url\":\"https:\\\/\\\/secure.gravatar.com\\\/avatar\\\/df2aeffc32bcd13f8d26072ef8a91b623d677766deac7f97ca815868cd41bf5e?s=96&d=mm&r=g\",\"width\":96,\"height\":96,\"caption\":\"El Digital de Asturias\"}},{\"@type\":\"WebPage\",\"@id\":\"https:\\\/\\\/www.eldigitaldeasturias.com\\\/noticias\\\/sin-chavez-los-bolivarianos-cumplen-15-anos-en-el-poder-en-venezuela\\\/#webpage\",\"url\":\"https:\\\/\\\/www.eldigitaldeasturias.com\\\/noticias\\\/sin-chavez-los-bolivarianos-cumplen-15-anos-en-el-poder-en-venezuela\\\/\",\"name\":\"Sin Ch\\u00e1vez, los bolivarianos cumplen 15 a\\u00f1os en el poder en Venezuela - El Digital de Asturias\",\"description\":\"Caracas, 2 feb (dpa) \\u2013 Sin su l\\u00edder Hugo Ch\\u00e1vez, quien muri\\u00f3 hace casi 11 meses, el gobierno bolivariano cumpli\\u00f3 hoy 15 a\\u00f1os de su llegada al poder en Venezuela, atareado por contener el avance de las turbulencias econ\\u00f3micas. El presidente Nicol\\u00e1s Maduro conmemor\\u00f3 la fecha con una concentraci\\u00f3n de simpatizantes, en la que destac\\u00f3\",\"inLanguage\":\"es-ES\",\"isPartOf\":{\"@id\":\"https:\\\/\\\/www.eldigitaldeasturias.com\\\/noticias\\\/#website\"},\"breadcrumb\":{\"@id\":\"https:\\\/\\\/www.eldigitaldeasturias.com\\\/noticias\\\/sin-chavez-los-bolivarianos-cumplen-15-anos-en-el-poder-en-venezuela\\\/#breadcrumblist\"},\"author\":{\"@id\":\"https:\\\/\\\/www.eldigitaldeasturias.com\\\/noticias\\\/author\\\/admin\\\/#author\"},\"creator\":{\"@id\":\"https:\\\/\\\/www.eldigitaldeasturias.com\\\/noticias\\\/author\\\/admin\\\/#author\"},\"image\":{\"@type\":\"ImageObject\",\"url\":\"https:\\\/\\\/www.eldigitaldeasturias.com\\\/noticias\\\/wp-content\\\/uploads\\\/2026\\\/06\\\/Contenidos.jpg\",\"@id\":\"https:\\\/\\\/www.eldigitaldeasturias.com\\\/noticias\\\/sin-chavez-los-bolivarianos-cumplen-15-anos-en-el-poder-en-venezuela\\\/#mainImage\",\"width\":1265,\"height\":697,\"caption\":\"Contenidos\"},\"primaryImageOfPage\":{\"@id\":\"https:\\\/\\\/www.eldigitaldeasturias.com\\\/noticias\\\/sin-chavez-los-bolivarianos-cumplen-15-anos-en-el-poder-en-venezuela\\\/#mainImage\"},\"datePublished\":\"2014-02-02T22:30:57+01:00\",\"dateModified\":\"2014-02-02T22:30:57+01:00\"},{\"@type\":\"WebSite\",\"@id\":\"https:\\\/\\\/www.eldigitaldeasturias.com\\\/noticias\\\/#website\",\"url\":\"https:\\\/\\\/www.eldigitaldeasturias.com\\\/noticias\\\/\",\"name\":\"El Digital de Asturias - Diario de actualidad y noticias\",\"alternateName\":\"El Digital de Asturias - Diario de actualidad y noticias\",\"description\":\"Hemeroteca\",\"inLanguage\":\"es-ES\",\"publisher\":{\"@id\":\"https:\\\/\\\/www.eldigitaldeasturias.com\\\/noticias\\\/#organization\"}}]}\n\t\t<\/script>\n\t\t<!-- All in One SEO Pro -->\r\n\t\t<title>Sin Ch\u00e1vez, los bolivarianos cumplen 15 a\u00f1os en el poder en Venezuela - El Digital de Asturias<\/title>\n\n","aioseo_head_json":{"title":"Sin Ch\u00e1vez, los bolivarianos cumplen 15 a\u00f1os en el poder en Venezuela - El Digital de Asturias","description":"Caracas, 2 feb (dpa) \u2013 Sin su l\u00edder Hugo Ch\u00e1vez, quien muri\u00f3 hace casi 11 meses, el gobierno bolivariano cumpli\u00f3 hoy 15 a\u00f1os de su llegada al poder en Venezuela, atareado por contener el avance de las turbulencias econ\u00f3micas. El presidente Nicol\u00e1s Maduro conmemor\u00f3 la fecha con una concentraci\u00f3n de simpatizantes, en la que destac\u00f3","canonical_url":"https:\/\/www.eldigitaldeasturias.com\/noticias\/sin-chavez-los-bolivarianos-cumplen-15-anos-en-el-poder-en-venezuela\/","robots":"max-image-preview:large","keywords":"actualidad","webmasterTools":{"google-site-verification":"UA-38556648-1","msvalidate.01":"7dfe9f3f1b24437ab69f4f2559babe99","miscellaneous":""},"schema":{"@context":"https:\/\/schema.org","@graph":[{"@type":"BlogPosting","@id":"https:\/\/www.eldigitaldeasturias.com\/noticias\/sin-chavez-los-bolivarianos-cumplen-15-anos-en-el-poder-en-venezuela\/#blogposting","name":"Sin Ch\u00e1vez, los bolivarianos cumplen 15 a\u00f1os en el poder en Venezuela - El Digital de Asturias","headline":"Sin Ch\u00e1vez, los bolivarianos cumplen 15 a\u00f1os en el poder en Venezuela","author":{"@id":"https:\/\/www.eldigitaldeasturias.com\/noticias\/author\/admin\/#author"},"publisher":{"@id":"https:\/\/www.eldigitaldeasturias.com\/noticias\/#organization"},"image":{"@type":"ImageObject","url":"https:\/\/www.eldigitaldeasturias.com\/noticias\/wp-content\/uploads\/2026\/06\/Contenidos.jpg","width":1265,"height":697,"caption":"Contenidos"},"datePublished":"2014-02-02T22:30:57+01:00","dateModified":"2014-02-02T22:30:57+01:00","inLanguage":"es-ES","mainEntityOfPage":{"@id":"https:\/\/www.eldigitaldeasturias.com\/noticias\/sin-chavez-los-bolivarianos-cumplen-15-anos-en-el-poder-en-venezuela\/#webpage"},"isPartOf":{"@id":"https:\/\/www.eldigitaldeasturias.com\/noticias\/sin-chavez-los-bolivarianos-cumplen-15-anos-en-el-poder-en-venezuela\/#webpage"},"articleSection":"Actualidad"},{"@type":"BreadcrumbList","@id":"https:\/\/www.eldigitaldeasturias.com\/noticias\/sin-chavez-los-bolivarianos-cumplen-15-anos-en-el-poder-en-venezuela\/#breadcrumblist","itemListElement":[{"@type":"ListItem","@id":"https:\/\/www.eldigitaldeasturias.com\/noticias#listItem","position":1,"name":"Home","item":"https:\/\/www.eldigitaldeasturias.com\/noticias","nextItem":{"@type":"ListItem","@id":"https:\/\/www.eldigitaldeasturias.com\/noticias\/category\/actualidad\/#listItem","name":"Actualidad"}},{"@type":"ListItem","@id":"https:\/\/www.eldigitaldeasturias.com\/noticias\/category\/actualidad\/#listItem","position":2,"name":"Actualidad","item":"https:\/\/www.eldigitaldeasturias.com\/noticias\/category\/actualidad\/","nextItem":{"@type":"ListItem","@id":"https:\/\/www.eldigitaldeasturias.com\/noticias\/sin-chavez-los-bolivarianos-cumplen-15-anos-en-el-poder-en-venezuela\/#listItem","name":"Sin Ch\u00e1vez, los bolivarianos cumplen 15 a\u00f1os en el poder en Venezuela"},"previousItem":{"@type":"ListItem","@id":"https:\/\/www.eldigitaldeasturias.com\/noticias#listItem","name":"Home"}},{"@type":"ListItem","@id":"https:\/\/www.eldigitaldeasturias.com\/noticias\/sin-chavez-los-bolivarianos-cumplen-15-anos-en-el-poder-en-venezuela\/#listItem","position":3,"name":"Sin Ch\u00e1vez, los bolivarianos cumplen 15 a\u00f1os en el poder en Venezuela","previousItem":{"@type":"ListItem","@id":"https:\/\/www.eldigitaldeasturias.com\/noticias\/category\/actualidad\/#listItem","name":"Actualidad"}}]},{"@type":"Organization","@id":"https:\/\/www.eldigitaldeasturias.com\/noticias\/#organization","name":"El Digital de Asturias","description":"Hemeroteca","url":"https:\/\/www.eldigitaldeasturias.com\/noticias\/","email":"info@eldigitaldeasturias.com","telephone":"+34652131393","logo":{"@type":"ImageObject","url":"https:\/\/www.eldigitaldeasturias.com\/noticias\/wp-content\/uploads\/2020\/12\/EDA.jpg","@id":"https:\/\/www.eldigitaldeasturias.com\/noticias\/sin-chavez-los-bolivarianos-cumplen-15-anos-en-el-poder-en-venezuela\/#organizationLogo"},"image":{"@id":"https:\/\/www.eldigitaldeasturias.com\/noticias\/sin-chavez-los-bolivarianos-cumplen-15-anos-en-el-poder-en-venezuela\/#organizationLogo"},"sameAs":["https:\/\/facebook.com\/eldigitaldeasturias","https:\/\/www.youtube.com\/channel\/UCZP-2wLEB9Rv6erhFmqVnvg"],"address":{"@id":"https:\/\/www.eldigitaldeasturias.com\/noticias\/#postaladdress","@type":"PostalAddress","streetAddress":"san antonio 4","postalCode":"33430","addressLocality":"Cand\u00e1s","addressRegion":"Asturias","addressCountry":"ES"}},{"@type":"Person","@id":"https:\/\/www.eldigitaldeasturias.com\/noticias\/author\/admin\/#author","url":"https:\/\/www.eldigitaldeasturias.com\/noticias\/author\/admin\/","name":"El Digital de Asturias","image":{"@type":"ImageObject","@id":"https:\/\/www.eldigitaldeasturias.com\/noticias\/sin-chavez-los-bolivarianos-cumplen-15-anos-en-el-poder-en-venezuela\/#authorImage","url":"https:\/\/secure.gravatar.com\/avatar\/df2aeffc32bcd13f8d26072ef8a91b623d677766deac7f97ca815868cd41bf5e?s=96&d=mm&r=g","width":96,"height":96,"caption":"El Digital de Asturias"}},{"@type":"WebPage","@id":"https:\/\/www.eldigitaldeasturias.com\/noticias\/sin-chavez-los-bolivarianos-cumplen-15-anos-en-el-poder-en-venezuela\/#webpage","url":"https:\/\/www.eldigitaldeasturias.com\/noticias\/sin-chavez-los-bolivarianos-cumplen-15-anos-en-el-poder-en-venezuela\/","name":"Sin Ch\u00e1vez, los bolivarianos cumplen 15 a\u00f1os en el poder en Venezuela - El Digital de Asturias","description":"Caracas, 2 feb (dpa) \u2013 Sin su l\u00edder Hugo Ch\u00e1vez, quien muri\u00f3 hace casi 11 meses, el gobierno bolivariano cumpli\u00f3 hoy 15 a\u00f1os de su llegada al poder en Venezuela, atareado por contener el avance de las turbulencias econ\u00f3micas. El presidente Nicol\u00e1s Maduro conmemor\u00f3 la fecha con una concentraci\u00f3n de simpatizantes, en la que destac\u00f3","inLanguage":"es-ES","isPartOf":{"@id":"https:\/\/www.eldigitaldeasturias.com\/noticias\/#website"},"breadcrumb":{"@id":"https:\/\/www.eldigitaldeasturias.com\/noticias\/sin-chavez-los-bolivarianos-cumplen-15-anos-en-el-poder-en-venezuela\/#breadcrumblist"},"author":{"@id":"https:\/\/www.eldigitaldeasturias.com\/noticias\/author\/admin\/#author"},"creator":{"@id":"https:\/\/www.eldigitaldeasturias.com\/noticias\/author\/admin\/#author"},"image":{"@type":"ImageObject","url":"https:\/\/www.eldigitaldeasturias.com\/noticias\/wp-content\/uploads\/2026\/06\/Contenidos.jpg","@id":"https:\/\/www.eldigitaldeasturias.com\/noticias\/sin-chavez-los-bolivarianos-cumplen-15-anos-en-el-poder-en-venezuela\/#mainImage","width":1265,"height":697,"caption":"Contenidos"},"primaryImageOfPage":{"@id":"https:\/\/www.eldigitaldeasturias.com\/noticias\/sin-chavez-los-bolivarianos-cumplen-15-anos-en-el-poder-en-venezuela\/#mainImage"},"datePublished":"2014-02-02T22:30:57+01:00","dateModified":"2014-02-02T22:30:57+01:00"},{"@type":"WebSite","@id":"https:\/\/www.eldigitaldeasturias.com\/noticias\/#website","url":"https:\/\/www.eldigitaldeasturias.com\/noticias\/","name":"El Digital de Asturias - Diario de actualidad y noticias","alternateName":"El Digital de Asturias - Diario de actualidad y noticias","description":"Hemeroteca","inLanguage":"es-ES","publisher":{"@id":"https:\/\/www.eldigitaldeasturias.com\/noticias\/#organization"}}]},"og:locale":"es_ES","og:site_name":"El Digital de Asturias","og:type":"article","og:title":"Sin Ch\u00e1vez, los bolivarianos cumplen 15 a\u00f1os en el poder en Venezuela - El Digital de Asturias","og:description":"Caracas, 2 feb (dpa) \u2013 Sin su l\u00edder Hugo Ch\u00e1vez, quien muri\u00f3 hace casi 11 meses, el gobierno bolivariano cumpli\u00f3 hoy 15 a\u00f1os de su llegada al poder en Venezuela, atareado por contener el avance de las turbulencias econ\u00f3micas. El presidente Nicol\u00e1s Maduro conmemor\u00f3 la fecha con una concentraci\u00f3n de simpatizantes, en la que destac\u00f3","og:url":"https:\/\/www.eldigitaldeasturias.com\/noticias\/sin-chavez-los-bolivarianos-cumplen-15-anos-en-el-poder-en-venezuela\/","og:image":"https:\/\/www.eldigitaldeasturias.com\/noticias\/wp-content\/uploads\/2026\/06\/Contenidos.jpg","og:image:secure_url":"https:\/\/www.eldigitaldeasturias.com\/noticias\/wp-content\/uploads\/2026\/06\/Contenidos.jpg","og:image:width":1265,"og:image:height":697,"article:tag":["actualidad"],"article:published_time":"2014-02-02T23:30:57+00:00","article:modified_time":"2014-02-02T23:30:57+00:00","article:publisher":"https:\/\/facebook.com\/eldigitaldeasturias","twitter:card":"summary_large_image","twitter:title":"Sin Ch\u00e1vez, los bolivarianos cumplen 15 a\u00f1os en el poder en Venezuela - El Digital de Asturias","twitter:description":"Caracas, 2 feb (dpa) \u2013 Sin su l\u00edder Hugo Ch\u00e1vez, quien muri\u00f3 hace casi 11 meses, el gobierno bolivariano cumpli\u00f3 hoy 15 a\u00f1os de su llegada al poder en Venezuela, atareado por contener el avance de las turbulencias econ\u00f3micas. El presidente Nicol\u00e1s Maduro conmemor\u00f3 la fecha con una concentraci\u00f3n de simpatizantes, en la que destac\u00f3","twitter:image":"https:\/\/www.eldigitaldeasturias.com\/noticias\/wp-content\/uploads\/2026\/06\/Contenidos.jpg","twitter:label1":"Escrito por","twitter:data1":"El Digital de Asturias","twitter:label2":"Tiempo de lectura estimado","twitter:data2":"3 minutos"},"aioseo_meta_data":{"post_id":"482335","title":null,"description":null,"keywords":null,"keyphrases":null,"primary_term":null,"canonical_url":null,"og_title":null,"og_description":null,"og_object_type":"default","og_image_type":"default","og_image_url":null,"og_image_width":null,"og_image_height":null,"og_image_custom_url":null,"og_image_custom_fields":null,"og_video":null,"og_custom_url":null,"og_article_section":null,"og_article_tags":null,"twitter_use_og":true,"twitter_card":"default","twitter_image_type":"default","twitter_image_url":null,"twitter_image_custom_url":null,"twitter_image_custom_fields":null,"twitter_title":null,"twitter_description":null,"schema":{"blockGraphs":[],"customGraphs":[],"default":{"data":{"Article":[],"Course":[],"Dataset":[],"FAQPage":[],"Movie":[],"Person":[],"Product":[],"ProductReview":[],"Car":[],"Recipe":[],"Service":[],"SoftwareApplication":[],"WebPage":[]},"graphName":"","isEnabled":true},"graphs":[],"defaultGraph":"","defaultPostTypeGraph":""},"schema_type":null,"schema_type_options":null,"pillar_content":false,"robots_default":true,"robots_noindex":false,"robots_noarchive":false,"robots_nosnippet":false,"robots_nofollow":false,"robots_noimageindex":false,"robots_noodp":false,"robots_notranslate":false,"robots_max_snippet":null,"robots_max_videopreview":null,"robots_max_imagepreview":"none","priority":null,"frequency":null,"local_seo":null,"seo_analyzer_scan_date":"2026-06-02 09:31:49","breadcrumb_settings":null,"limit_modified_date":false,"open_ai":null,"ai":null,"created":"2020-11-14 22:54:33","updated":"2026-06-02 09:31:49","focus_keyword":null,"additional_keywords":null,"truseo_locale":null},"aioseo_breadcrumb":"<div class=\"aioseo-breadcrumbs\"><span class=\"aioseo-breadcrumb\">\n\t<a href=\"https:\/\/www.eldigitaldeasturias.com\/noticias\" title=\"Home\">Home<\/a>\n<\/span><span class=\"aioseo-breadcrumb-separator\">\u2013<\/span><span class=\"aioseo-breadcrumb\">\n\t<a href=\"https:\/\/www.eldigitaldeasturias.com\/noticias\/category\/actualidad\/\" title=\"Actualidad\">Actualidad<\/a>\n<\/span><span class=\"aioseo-breadcrumb-separator\">\u2013<\/span><span class=\"aioseo-breadcrumb\">\n\t<a href=\"https:\/\/www.eldigitaldeasturias.com\/noticias\/sin-chavez-los-bolivarianos-cumplen-15-anos-en-el-poder-en-venezuela\/\" title=\"Sin Ch\u00e1vez, los bolivarianos cumplen 15 a\u00f1os en el poder en Venezuela\">Sin Ch\u00e1vez, los bolivarianos cumplen 15 a\u00f1os en el poder en Venezuela<\/a>\n<\/span><\/div>","aioseo_breadcrumb_json":[{"label":"Home","link":"https:\/\/www.eldigitaldeasturias.com\/noticias"},{"label":"Actualidad","link":"https:\/\/www.eldigitaldeasturias.com\/noticias\/category\/actualidad\/"},{"label":"Sin Ch\u00e1vez, los bolivarianos cumplen 15 a\u00f1os en el poder en Venezuela","link":"https:\/\/www.eldigitaldeasturias.com\/noticias\/sin-chavez-los-bolivarianos-cumplen-15-anos-en-el-poder-en-venezuela\/"}],"_links":{"self":[{"href":"https:\/\/www.eldigitaldeasturias.com\/noticias\/wp-json\/wp\/v2\/posts\/482335","targetHints":{"allow":["GET"]}}],"collection":[{"href":"https:\/\/www.eldigitaldeasturias.com\/noticias\/wp-json\/wp\/v2\/posts"}],"about":[{"href":"https:\/\/www.eldigitaldeasturias.com\/noticias\/wp-json\/wp\/v2\/types\/post"}],"author":[{"embeddable":true,"href":"https:\/\/www.eldigitaldeasturias.com\/noticias\/wp-json\/wp\/v2\/users\/1"}],"replies":[{"embeddable":true,"href":"https:\/\/www.eldigitaldeasturias.com\/noticias\/wp-json\/wp\/v2\/comments?post=482335"}],"version-history":[{"count":0,"href":"https:\/\/www.eldigitaldeasturias.com\/noticias\/wp-json\/wp\/v2\/posts\/482335\/revisions"}],"wp:featuredmedia":[{"embeddable":true,"href":"https:\/\/www.eldigitaldeasturias.com\/noticias\/wp-json\/wp\/v2\/media\/1132184"}],"wp:attachment":[{"href":"https:\/\/www.eldigitaldeasturias.com\/noticias\/wp-json\/wp\/v2\/media?parent=482335"}],"wp:term":[{"taxonomy":"category","embeddable":true,"href":"https:\/\/www.eldigitaldeasturias.com\/noticias\/wp-json\/wp\/v2\/categories?post=482335"},{"taxonomy":"post_tag","embeddable":true,"href":"https:\/\/www.eldigitaldeasturias.com\/noticias\/wp-json\/wp\/v2\/tags?post=482335"}],"curies":[{"name":"wp","href":"https:\/\/api.w.org\/{rel}","templated":true}]}}