{"id":482332,"date":"2014-02-02T22:19:35","date_gmt":"2014-02-02T23:19:35","guid":{"rendered":"http:\/\/www.eldigitaldeasturias.com\/noticias\/?p=482332"},"modified":"2014-02-02T22:19:35","modified_gmt":"2014-02-02T23:19:35","slug":"paraguay-25-anos-despues-de-la-caida-de-stroessner","status":"publish","type":"post","link":"https:\/\/www.eldigitaldeasturias.com\/noticias\/paraguay-25-anos-despues-de-la-caida-de-stroessner\/","title":{"rendered":"Paraguay, 25 a\u00f1os despu\u00e9s de la ca\u00edda de Stroessner"},"content":{"rendered":"<p><img loading=\"lazy\" decoding=\"async\" class=\"alignleft size-medium wp-image-482333\" alt=\"DWF15-1157848\" src=\"https:\/\/www.eldigitaldeasturias.com\/noticias\/wp-content\/uploads\/2014\/02\/stroessner-360x225.jpg\" width=\"360\" height=\"225\" \/>Asunci\u00f3n, 2 feb (dpa) &#8211; El 3 de febrero se cumplen 25 a\u00f1os de la ca\u00edda del dictador paraguayo Alfredo Stroessner. Desde entonces, ocho presidentes han conducido el proceso democr\u00e1tico en Paraguay sin haber superado los problemas m\u00e1s graves que enfrenta el pa\u00eds sudamericano.<\/p>\n<p>Un sondeo de opini\u00f3n, realizado por la empresa Estudios de Opini\u00f3n y divulgado hoy, revela que el 47,5 por ciento de los paraguayos opina que los gobiernos democr\u00e1ticos fueron malos. El 18,25 por ciento los califican de muy malos, lo que da un total de 65,8 por ciento de personas que suspenden a los gobiernos que vinieron despu\u00e9s de la dictadura.<\/p>\n<p>El resultado m\u00e1s favorable es para el ex obispo cat\u00f3lico Fernando Lugo (2008-2012), con un 42,8 por ciento de aceptaci\u00f3n, seguido del gobierno de Nicanor Duarte Frutos (2003-2008), con un 21,4 por ciento, y del general Andr\u00e9s Rodr\u00edguez(1989-1993), con el 15,9 por ciento.<\/p>\n<p>La sangrienta dictadura de Stroessner, de casi 35 a\u00f1os (agosto 1954-febrero 1989), dej\u00f3 459 desaparecidos, miles de torturados y presos y secuelas que hasta hoy persisten en lo social, como la pobreza, la indigencia, la corrupci\u00f3n y la inseguridad.<\/p>\n<p>Un informe de la Comisi\u00f3n Verdad y Justicia, que investiga denuncias sobre violaciones a los derechos humanos durante esos a\u00f1os, denuncia que \u00ab99.312 familiares o personas allegadas sufrieron alg\u00fan perjuicio por las detenciones o privaciones de la libertad arbitrarias o ilegales y\/o por las torturas y otros tratos o penas crueles, inhumanas o degradantes\u00bb.<\/p>\n<p>El abogado Rodolfo Aseretto, que llev\u00f3 varios casos ante la Justicia, asegur\u00f3 recientemente que el propio Stroessner presenciaba casos de torturas a detenidos y en base a testimonios de ex presos afirm\u00f3 que \u00abes mentira que Stroessner supuestamente no sab\u00eda lo que ocurr\u00eda\u00bb.<\/p>\n<p>Stroessner fue derrocado el 3 de febrero de 1989 por un movimiento militar que encabez\u00f3 su consuegro, el general de ej\u00e9rcito Andr\u00e9s Rodr\u00edguez, quien gobern\u00f3 de facto hasta 1993, cuando cedi\u00f3 el cargo a Juan Carlos Wasmosy (1993-1998).<\/p>\n<p>Ra\u00fal Cubas Grau accedi\u00f3 a la presidencia en 1998 pero tuvo que renunciar un a\u00f1o despu\u00e9s acosado por la violencia y disputas internas. Asumi\u00f3 entonces Luis Gonz\u00e1lez Macchi, que se mantuvo en el poder hasta el a\u00f1o 2003.<\/p>\n<p>Las aguas parecieron entonces apaciguarse y Nicanor Duarte Frutos administr\u00f3 el pa\u00eds sin muchos sobresaltos entre 2003 y 2008, hasta el gran impacto que signific\u00f3 el triunfo electoral de Fernando Lugo, que lleg\u00f3 a romper la hist\u00f3rica hegemon\u00eda del partido Colorado.<\/p>\n<p>Pese a la enorme expectativa que gener\u00f3 y el masivo apoyo popular que tuvo, Lugo tampoco pudo avanzar demasiado y termin\u00f3 destituido, en junio del 2012, mediante un juicio pol\u00edtico promovido por colorados y liberales en el Congreso.<\/p>\n<p>Su vicepresidente, el liberal Federico Franco complet\u00f3 el mandato, hasta que el empresario y magnate Horacio Cartes gan\u00f3 las elecciones de abril de 2013 e inici\u00f3 lo que gusta llamar el \u00abnuevo rumbo\u00bb de Paraguay.<\/p>\n<p>Cuando asumi\u00f3, el actual presidente Cartes declar\u00f3 la guerra a la pobreza, que afecta casi al 60 por ciento de la poblaci\u00f3n, de unos 6,5 millones de personas.<\/p>\n<p>Cartes apuesta por fomentar la inversi\u00f3n extranjera como forma de dinamizar la econom\u00eda, generar empleos e intentar distribuir mejor la riqueza, pero se ha encontrado con resistencias dentro de su propio partido.<\/p>\n<p>El mandatario ha conseguido una progresiva reinserci\u00f3n internacional de su pa\u00eds y conf\u00eda en el apoyo principalmente de Brasil, la potencia regional de la que depende mucho la econom\u00eda paraguaya.<\/p>\n<p>\u00abSon muchas cosas que tenemos que evaluar entre todos y creo que nos sentiremos mucho mejor si todos opinamos y hacemos un consenso en hacer lo mejor para el Paraguay\u00bb, afirm\u00f3 el presidente.<\/p>\n<p>\u00abAqu\u00ed, quien tiene que salir ganando es el pa\u00eds y si gana el pa\u00eds quiere decir que est\u00e1 ganando la gente\u00bb, dijo tambi\u00e9n recientemente Cartes, justificando la lentitud de algunos planes prometidos.<\/p>\n<p>Y complet\u00f3: \u00abCualquier demora, que yo no s\u00e9 si llamar demora, yo lo llamar\u00eda un poco de precauci\u00f3n, asumo todo el compromiso, porque no hay otra cosa sino la intenci\u00f3n de hacer (las cosas) de la mejor manera posible\u00bb.<\/p>\n<p>Por Carlos Castillos<\/p>\n","protected":false},"excerpt":{"rendered":"<p>Asunci\u00f3n, 2 feb (dpa) &#8211; El 3 de febrero se cumplen 25 a\u00f1os de la ca\u00edda del dictador paraguayo Alfredo Stroessner. Desde entonces, ocho presidentes han conducido el proceso democr\u00e1tico en Paraguay sin haber superado los problemas m\u00e1s graves que enfrenta el pa\u00eds sudamericano. Un sondeo de opini\u00f3n, realizado por la empresa Estudios de Opini\u00f3n [&hellip;]<\/p>\n","protected":false},"author":1,"featured_media":482333,"comment_status":"closed","ping_status":"open","sticky":false,"template":"","format":"standard","meta":{"footnotes":""},"categories":[1],"tags":[],"class_list":["post-482332","post","type-post","status-publish","format-standard","has-post-thumbnail","hentry","category-actualidad"],"aioseo_notices":[],"aioseo_head":"\n\t\t<!-- All in One SEO Pro 5.0.1 - aioseo.com -->\n\t<meta name=\"description\" content=\"Asunci\u00f3n, 2 feb (dpa) - El 3 de febrero se cumplen 25 a\u00f1os de la ca\u00edda del dictador paraguayo Alfredo Stroessner. Desde entonces, ocho presidentes han conducido el proceso democr\u00e1tico en Paraguay sin haber superado los problemas m\u00e1s graves que enfrenta el pa\u00eds sudamericano. Un sondeo de opini\u00f3n, realizado por la empresa Estudios de Opini\u00f3n\" \/>\n\t<meta name=\"robots\" content=\"max-image-preview:large\" \/>\n\t<meta name=\"author\" content=\"El Digital de Asturias\"\/>\n\t<meta name=\"google-site-verification\" content=\"UA-38556648-1\" \/>\n\t<meta name=\"msvalidate.01\" content=\"7dfe9f3f1b24437ab69f4f2559babe99\" \/>\n\t<meta name=\"keywords\" content=\"actualidad\" \/>\n\t<link rel=\"canonical\" href=\"https:\/\/www.eldigitaldeasturias.com\/noticias\/paraguay-25-anos-despues-de-la-caida-de-stroessner\/\" \/>\n\t<meta name=\"generator\" content=\"All in One SEO Pro (AIOSEO) 5.0.1\" \/>\n\t\t<meta property=\"og:locale\" content=\"es_ES\" \/>\n\t\t<meta property=\"og:site_name\" content=\"El Digital de Asturias\" \/>\n\t\t<meta property=\"og:type\" content=\"article\" \/>\n\t\t<meta property=\"og:title\" content=\"Paraguay, 25 a\u00f1os despu\u00e9s de la ca\u00edda de Stroessner - El Digital de Asturias\" \/>\n\t\t<meta property=\"og:description\" content=\"Asunci\u00f3n, 2 feb (dpa) - El 3 de febrero se cumplen 25 a\u00f1os de la ca\u00edda del dictador paraguayo Alfredo Stroessner. Desde entonces, ocho presidentes han conducido el proceso democr\u00e1tico en Paraguay sin haber superado los problemas m\u00e1s graves que enfrenta el pa\u00eds sudamericano. Un sondeo de opini\u00f3n, realizado por la empresa Estudios de Opini\u00f3n\" \/>\n\t\t<meta property=\"og:url\" content=\"https:\/\/www.eldigitaldeasturias.com\/noticias\/paraguay-25-anos-despues-de-la-caida-de-stroessner\/\" \/>\n\t\t<meta property=\"article:tag\" content=\"actualidad\" \/>\n\t\t<meta property=\"article:published_time\" content=\"2014-02-02T23:19:35+00:00\" \/>\n\t\t<meta property=\"article:modified_time\" content=\"2014-02-02T23:19:35+00:00\" \/>\n\t\t<meta property=\"article:publisher\" content=\"https:\/\/facebook.com\/eldigitaldeasturias\" \/>\n\t\t<meta name=\"twitter:card\" content=\"summary_large_image\" \/>\n\t\t<meta name=\"twitter:title\" content=\"Paraguay, 25 a\u00f1os despu\u00e9s de la ca\u00edda de Stroessner - El Digital de Asturias\" \/>\n\t\t<meta name=\"twitter:description\" content=\"Asunci\u00f3n, 2 feb (dpa) - El 3 de febrero se cumplen 25 a\u00f1os de la ca\u00edda del dictador paraguayo Alfredo Stroessner. Desde entonces, ocho presidentes han conducido el proceso democr\u00e1tico en Paraguay sin haber superado los problemas m\u00e1s graves que enfrenta el pa\u00eds sudamericano. Un sondeo de opini\u00f3n, realizado por la empresa Estudios de Opini\u00f3n\" \/>\n\t\t<meta name=\"twitter:label1\" content=\"Escrito por\" \/>\n\t\t<meta name=\"twitter:data1\" content=\"El Digital de Asturias\" \/>\n\t\t<meta name=\"twitter:label2\" content=\"Tiempo de lectura estimado\" \/>\n\t\t<meta name=\"twitter:data2\" content=\"3 minutos\" \/>\n\t\t<script type=\"application\/ld+json\" class=\"aioseo-schema\">\n\t\t\t{\"@context\":\"https:\\\/\\\/schema.org\",\"@graph\":[{\"@type\":\"BlogPosting\",\"@id\":\"https:\\\/\\\/www.eldigitaldeasturias.com\\\/noticias\\\/paraguay-25-anos-despues-de-la-caida-de-stroessner\\\/#blogposting\",\"name\":\"Paraguay, 25 a\\u00f1os despu\\u00e9s de la ca\\u00edda de Stroessner - El Digital de Asturias\",\"headline\":\"Paraguay, 25 a\\u00f1os despu\\u00e9s de la ca\\u00edda de Stroessner\",\"author\":{\"@id\":\"https:\\\/\\\/www.eldigitaldeasturias.com\\\/noticias\\\/author\\\/admin\\\/#author\"},\"publisher\":{\"@id\":\"https:\\\/\\\/www.eldigitaldeasturias.com\\\/noticias\\\/#organization\"},\"image\":{\"@type\":\"ImageObject\",\"url\":482333},\"datePublished\":\"2014-02-02T22:19:35+01:00\",\"dateModified\":\"2014-02-02T22:19:35+01:00\",\"inLanguage\":\"es-ES\",\"mainEntityOfPage\":{\"@id\":\"https:\\\/\\\/www.eldigitaldeasturias.com\\\/noticias\\\/paraguay-25-anos-despues-de-la-caida-de-stroessner\\\/#webpage\"},\"isPartOf\":{\"@id\":\"https:\\\/\\\/www.eldigitaldeasturias.com\\\/noticias\\\/paraguay-25-anos-despues-de-la-caida-de-stroessner\\\/#webpage\"},\"articleSection\":\"Actualidad\"},{\"@type\":\"BreadcrumbList\",\"@id\":\"https:\\\/\\\/www.eldigitaldeasturias.com\\\/noticias\\\/paraguay-25-anos-despues-de-la-caida-de-stroessner\\\/#breadcrumblist\",\"itemListElement\":[{\"@type\":\"ListItem\",\"@id\":\"https:\\\/\\\/www.eldigitaldeasturias.com\\\/noticias#listItem\",\"position\":1,\"name\":\"Home\",\"item\":\"https:\\\/\\\/www.eldigitaldeasturias.com\\\/noticias\",\"nextItem\":{\"@type\":\"ListItem\",\"@id\":\"https:\\\/\\\/www.eldigitaldeasturias.com\\\/noticias\\\/category\\\/actualidad\\\/#listItem\",\"name\":\"Actualidad\"}},{\"@type\":\"ListItem\",\"@id\":\"https:\\\/\\\/www.eldigitaldeasturias.com\\\/noticias\\\/category\\\/actualidad\\\/#listItem\",\"position\":2,\"name\":\"Actualidad\",\"item\":\"https:\\\/\\\/www.eldigitaldeasturias.com\\\/noticias\\\/category\\\/actualidad\\\/\",\"nextItem\":{\"@type\":\"ListItem\",\"@id\":\"https:\\\/\\\/www.eldigitaldeasturias.com\\\/noticias\\\/paraguay-25-anos-despues-de-la-caida-de-stroessner\\\/#listItem\",\"name\":\"Paraguay, 25 a\\u00f1os despu\\u00e9s de la ca\\u00edda de Stroessner\"},\"previousItem\":{\"@type\":\"ListItem\",\"@id\":\"https:\\\/\\\/www.eldigitaldeasturias.com\\\/noticias#listItem\",\"name\":\"Home\"}},{\"@type\":\"ListItem\",\"@id\":\"https:\\\/\\\/www.eldigitaldeasturias.com\\\/noticias\\\/paraguay-25-anos-despues-de-la-caida-de-stroessner\\\/#listItem\",\"position\":3,\"name\":\"Paraguay, 25 a\\u00f1os despu\\u00e9s de la ca\\u00edda de Stroessner\",\"previousItem\":{\"@type\":\"ListItem\",\"@id\":\"https:\\\/\\\/www.eldigitaldeasturias.com\\\/noticias\\\/category\\\/actualidad\\\/#listItem\",\"name\":\"Actualidad\"}}]},{\"@type\":\"Organization\",\"@id\":\"https:\\\/\\\/www.eldigitaldeasturias.com\\\/noticias\\\/#organization\",\"name\":\"El Digital de Asturias\",\"description\":\"Hemeroteca\",\"url\":\"https:\\\/\\\/www.eldigitaldeasturias.com\\\/noticias\\\/\",\"email\":\"info@eldigitaldeasturias.com\",\"telephone\":\"+34652131393\",\"logo\":{\"@type\":\"ImageObject\",\"url\":\"https:\\\/\\\/www.eldigitaldeasturias.com\\\/noticias\\\/wp-content\\\/uploads\\\/2020\\\/12\\\/EDA.jpg\",\"@id\":\"https:\\\/\\\/www.eldigitaldeasturias.com\\\/noticias\\\/paraguay-25-anos-despues-de-la-caida-de-stroessner\\\/#organizationLogo\"},\"image\":{\"@id\":\"https:\\\/\\\/www.eldigitaldeasturias.com\\\/noticias\\\/paraguay-25-anos-despues-de-la-caida-de-stroessner\\\/#organizationLogo\"},\"sameAs\":[\"https:\\\/\\\/facebook.com\\\/eldigitaldeasturias\",\"https:\\\/\\\/www.youtube.com\\\/channel\\\/UCZP-2wLEB9Rv6erhFmqVnvg\"],\"address\":{\"@id\":\"https:\\\/\\\/www.eldigitaldeasturias.com\\\/noticias\\\/#postaladdress\",\"@type\":\"PostalAddress\",\"streetAddress\":\"san antonio 4\",\"postalCode\":\"33430\",\"addressLocality\":\"Cand\\u00e1s\",\"addressRegion\":\"Asturias\",\"addressCountry\":\"ES\"}},{\"@type\":\"Person\",\"@id\":\"https:\\\/\\\/www.eldigitaldeasturias.com\\\/noticias\\\/author\\\/admin\\\/#author\",\"url\":\"https:\\\/\\\/www.eldigitaldeasturias.com\\\/noticias\\\/author\\\/admin\\\/\",\"name\":\"El Digital de Asturias\",\"image\":{\"@type\":\"ImageObject\",\"@id\":\"https:\\\/\\\/www.eldigitaldeasturias.com\\\/noticias\\\/paraguay-25-anos-despues-de-la-caida-de-stroessner\\\/#authorImage\",\"url\":\"https:\\\/\\\/secure.gravatar.com\\\/avatar\\\/df2aeffc32bcd13f8d26072ef8a91b623d677766deac7f97ca815868cd41bf5e?s=96&d=mm&r=g\",\"width\":96,\"height\":96,\"caption\":\"El Digital de Asturias\"}},{\"@type\":\"WebPage\",\"@id\":\"https:\\\/\\\/www.eldigitaldeasturias.com\\\/noticias\\\/paraguay-25-anos-despues-de-la-caida-de-stroessner\\\/#webpage\",\"url\":\"https:\\\/\\\/www.eldigitaldeasturias.com\\\/noticias\\\/paraguay-25-anos-despues-de-la-caida-de-stroessner\\\/\",\"name\":\"Paraguay, 25 a\\u00f1os despu\\u00e9s de la ca\\u00edda de Stroessner - El Digital de Asturias\",\"description\":\"Asunci\\u00f3n, 2 feb (dpa) - El 3 de febrero se cumplen 25 a\\u00f1os de la ca\\u00edda del dictador paraguayo Alfredo Stroessner. Desde entonces, ocho presidentes han conducido el proceso democr\\u00e1tico en Paraguay sin haber superado los problemas m\\u00e1s graves que enfrenta el pa\\u00eds sudamericano. Un sondeo de opini\\u00f3n, realizado por la empresa Estudios de Opini\\u00f3n\",\"inLanguage\":\"es-ES\",\"isPartOf\":{\"@id\":\"https:\\\/\\\/www.eldigitaldeasturias.com\\\/noticias\\\/#website\"},\"breadcrumb\":{\"@id\":\"https:\\\/\\\/www.eldigitaldeasturias.com\\\/noticias\\\/paraguay-25-anos-despues-de-la-caida-de-stroessner\\\/#breadcrumblist\"},\"author\":{\"@id\":\"https:\\\/\\\/www.eldigitaldeasturias.com\\\/noticias\\\/author\\\/admin\\\/#author\"},\"creator\":{\"@id\":\"https:\\\/\\\/www.eldigitaldeasturias.com\\\/noticias\\\/author\\\/admin\\\/#author\"},\"image\":{\"@type\":\"ImageObject\",\"url\":482333,\"@id\":\"https:\\\/\\\/www.eldigitaldeasturias.com\\\/noticias\\\/paraguay-25-anos-despues-de-la-caida-de-stroessner\\\/#mainImage\"},\"primaryImageOfPage\":{\"@id\":\"https:\\\/\\\/www.eldigitaldeasturias.com\\\/noticias\\\/paraguay-25-anos-despues-de-la-caida-de-stroessner\\\/#mainImage\"},\"datePublished\":\"2014-02-02T22:19:35+01:00\",\"dateModified\":\"2014-02-02T22:19:35+01:00\"},{\"@type\":\"WebSite\",\"@id\":\"https:\\\/\\\/www.eldigitaldeasturias.com\\\/noticias\\\/#website\",\"url\":\"https:\\\/\\\/www.eldigitaldeasturias.com\\\/noticias\\\/\",\"name\":\"El Digital de Asturias - Diario de actualidad y noticias\",\"alternateName\":\"El Digital de Asturias - Diario de actualidad y noticias\",\"description\":\"Hemeroteca\",\"inLanguage\":\"es-ES\",\"publisher\":{\"@id\":\"https:\\\/\\\/www.eldigitaldeasturias.com\\\/noticias\\\/#organization\"}}]}\n\t\t<\/script>\n\t\t<!-- All in One SEO Pro -->\r\n\t\t<title>Paraguay, 25 a\u00f1os despu\u00e9s de la ca\u00edda de Stroessner - El Digital de Asturias<\/title>\n\n","aioseo_head_json":{"title":"Paraguay, 25 a\u00f1os despu\u00e9s de la ca\u00edda de Stroessner - El Digital de Asturias","description":"Asunci\u00f3n, 2 feb (dpa) - El 3 de febrero se cumplen 25 a\u00f1os de la ca\u00edda del dictador paraguayo Alfredo Stroessner. Desde entonces, ocho presidentes han conducido el proceso democr\u00e1tico en Paraguay sin haber superado los problemas m\u00e1s graves que enfrenta el pa\u00eds sudamericano. Un sondeo de opini\u00f3n, realizado por la empresa Estudios de Opini\u00f3n","canonical_url":"https:\/\/www.eldigitaldeasturias.com\/noticias\/paraguay-25-anos-despues-de-la-caida-de-stroessner\/","robots":"max-image-preview:large","keywords":"actualidad","webmasterTools":{"google-site-verification":"UA-38556648-1","msvalidate.01":"7dfe9f3f1b24437ab69f4f2559babe99","miscellaneous":""},"schema":{"@context":"https:\/\/schema.org","@graph":[{"@type":"BlogPosting","@id":"https:\/\/www.eldigitaldeasturias.com\/noticias\/paraguay-25-anos-despues-de-la-caida-de-stroessner\/#blogposting","name":"Paraguay, 25 a\u00f1os despu\u00e9s de la ca\u00edda de Stroessner - El Digital de Asturias","headline":"Paraguay, 25 a\u00f1os despu\u00e9s de la ca\u00edda de Stroessner","author":{"@id":"https:\/\/www.eldigitaldeasturias.com\/noticias\/author\/admin\/#author"},"publisher":{"@id":"https:\/\/www.eldigitaldeasturias.com\/noticias\/#organization"},"image":{"@type":"ImageObject","url":482333},"datePublished":"2014-02-02T22:19:35+01:00","dateModified":"2014-02-02T22:19:35+01:00","inLanguage":"es-ES","mainEntityOfPage":{"@id":"https:\/\/www.eldigitaldeasturias.com\/noticias\/paraguay-25-anos-despues-de-la-caida-de-stroessner\/#webpage"},"isPartOf":{"@id":"https:\/\/www.eldigitaldeasturias.com\/noticias\/paraguay-25-anos-despues-de-la-caida-de-stroessner\/#webpage"},"articleSection":"Actualidad"},{"@type":"BreadcrumbList","@id":"https:\/\/www.eldigitaldeasturias.com\/noticias\/paraguay-25-anos-despues-de-la-caida-de-stroessner\/#breadcrumblist","itemListElement":[{"@type":"ListItem","@id":"https:\/\/www.eldigitaldeasturias.com\/noticias#listItem","position":1,"name":"Home","item":"https:\/\/www.eldigitaldeasturias.com\/noticias","nextItem":{"@type":"ListItem","@id":"https:\/\/www.eldigitaldeasturias.com\/noticias\/category\/actualidad\/#listItem","name":"Actualidad"}},{"@type":"ListItem","@id":"https:\/\/www.eldigitaldeasturias.com\/noticias\/category\/actualidad\/#listItem","position":2,"name":"Actualidad","item":"https:\/\/www.eldigitaldeasturias.com\/noticias\/category\/actualidad\/","nextItem":{"@type":"ListItem","@id":"https:\/\/www.eldigitaldeasturias.com\/noticias\/paraguay-25-anos-despues-de-la-caida-de-stroessner\/#listItem","name":"Paraguay, 25 a\u00f1os despu\u00e9s de la ca\u00edda de Stroessner"},"previousItem":{"@type":"ListItem","@id":"https:\/\/www.eldigitaldeasturias.com\/noticias#listItem","name":"Home"}},{"@type":"ListItem","@id":"https:\/\/www.eldigitaldeasturias.com\/noticias\/paraguay-25-anos-despues-de-la-caida-de-stroessner\/#listItem","position":3,"name":"Paraguay, 25 a\u00f1os despu\u00e9s de la ca\u00edda de Stroessner","previousItem":{"@type":"ListItem","@id":"https:\/\/www.eldigitaldeasturias.com\/noticias\/category\/actualidad\/#listItem","name":"Actualidad"}}]},{"@type":"Organization","@id":"https:\/\/www.eldigitaldeasturias.com\/noticias\/#organization","name":"El Digital de Asturias","description":"Hemeroteca","url":"https:\/\/www.eldigitaldeasturias.com\/noticias\/","email":"info@eldigitaldeasturias.com","telephone":"+34652131393","logo":{"@type":"ImageObject","url":"https:\/\/www.eldigitaldeasturias.com\/noticias\/wp-content\/uploads\/2020\/12\/EDA.jpg","@id":"https:\/\/www.eldigitaldeasturias.com\/noticias\/paraguay-25-anos-despues-de-la-caida-de-stroessner\/#organizationLogo"},"image":{"@id":"https:\/\/www.eldigitaldeasturias.com\/noticias\/paraguay-25-anos-despues-de-la-caida-de-stroessner\/#organizationLogo"},"sameAs":["https:\/\/facebook.com\/eldigitaldeasturias","https:\/\/www.youtube.com\/channel\/UCZP-2wLEB9Rv6erhFmqVnvg"],"address":{"@id":"https:\/\/www.eldigitaldeasturias.com\/noticias\/#postaladdress","@type":"PostalAddress","streetAddress":"san antonio 4","postalCode":"33430","addressLocality":"Cand\u00e1s","addressRegion":"Asturias","addressCountry":"ES"}},{"@type":"Person","@id":"https:\/\/www.eldigitaldeasturias.com\/noticias\/author\/admin\/#author","url":"https:\/\/www.eldigitaldeasturias.com\/noticias\/author\/admin\/","name":"El Digital de Asturias","image":{"@type":"ImageObject","@id":"https:\/\/www.eldigitaldeasturias.com\/noticias\/paraguay-25-anos-despues-de-la-caida-de-stroessner\/#authorImage","url":"https:\/\/secure.gravatar.com\/avatar\/df2aeffc32bcd13f8d26072ef8a91b623d677766deac7f97ca815868cd41bf5e?s=96&d=mm&r=g","width":96,"height":96,"caption":"El Digital de Asturias"}},{"@type":"WebPage","@id":"https:\/\/www.eldigitaldeasturias.com\/noticias\/paraguay-25-anos-despues-de-la-caida-de-stroessner\/#webpage","url":"https:\/\/www.eldigitaldeasturias.com\/noticias\/paraguay-25-anos-despues-de-la-caida-de-stroessner\/","name":"Paraguay, 25 a\u00f1os despu\u00e9s de la ca\u00edda de Stroessner - El Digital de Asturias","description":"Asunci\u00f3n, 2 feb (dpa) - El 3 de febrero se cumplen 25 a\u00f1os de la ca\u00edda del dictador paraguayo Alfredo Stroessner. Desde entonces, ocho presidentes han conducido el proceso democr\u00e1tico en Paraguay sin haber superado los problemas m\u00e1s graves que enfrenta el pa\u00eds sudamericano. Un sondeo de opini\u00f3n, realizado por la empresa Estudios de Opini\u00f3n","inLanguage":"es-ES","isPartOf":{"@id":"https:\/\/www.eldigitaldeasturias.com\/noticias\/#website"},"breadcrumb":{"@id":"https:\/\/www.eldigitaldeasturias.com\/noticias\/paraguay-25-anos-despues-de-la-caida-de-stroessner\/#breadcrumblist"},"author":{"@id":"https:\/\/www.eldigitaldeasturias.com\/noticias\/author\/admin\/#author"},"creator":{"@id":"https:\/\/www.eldigitaldeasturias.com\/noticias\/author\/admin\/#author"},"image":{"@type":"ImageObject","url":482333,"@id":"https:\/\/www.eldigitaldeasturias.com\/noticias\/paraguay-25-anos-despues-de-la-caida-de-stroessner\/#mainImage"},"primaryImageOfPage":{"@id":"https:\/\/www.eldigitaldeasturias.com\/noticias\/paraguay-25-anos-despues-de-la-caida-de-stroessner\/#mainImage"},"datePublished":"2014-02-02T22:19:35+01:00","dateModified":"2014-02-02T22:19:35+01:00"},{"@type":"WebSite","@id":"https:\/\/www.eldigitaldeasturias.com\/noticias\/#website","url":"https:\/\/www.eldigitaldeasturias.com\/noticias\/","name":"El Digital de Asturias - Diario de actualidad y noticias","alternateName":"El Digital de Asturias - Diario de actualidad y noticias","description":"Hemeroteca","inLanguage":"es-ES","publisher":{"@id":"https:\/\/www.eldigitaldeasturias.com\/noticias\/#organization"}}]},"og:locale":"es_ES","og:site_name":"El Digital de Asturias","og:type":"article","og:title":"Paraguay, 25 a\u00f1os despu\u00e9s de la ca\u00edda de Stroessner - El Digital de Asturias","og:description":"Asunci\u00f3n, 2 feb (dpa) - El 3 de febrero se cumplen 25 a\u00f1os de la ca\u00edda del dictador paraguayo Alfredo Stroessner. Desde entonces, ocho presidentes han conducido el proceso democr\u00e1tico en Paraguay sin haber superado los problemas m\u00e1s graves que enfrenta el pa\u00eds sudamericano. Un sondeo de opini\u00f3n, realizado por la empresa Estudios de Opini\u00f3n","og:url":"https:\/\/www.eldigitaldeasturias.com\/noticias\/paraguay-25-anos-despues-de-la-caida-de-stroessner\/","article:tag":["actualidad"],"article:published_time":"2014-02-02T23:19:35+00:00","article:modified_time":"2014-02-02T23:19:35+00:00","article:publisher":"https:\/\/facebook.com\/eldigitaldeasturias","twitter:card":"summary_large_image","twitter:title":"Paraguay, 25 a\u00f1os despu\u00e9s de la ca\u00edda de Stroessner - El Digital de Asturias","twitter:description":"Asunci\u00f3n, 2 feb (dpa) - El 3 de febrero se cumplen 25 a\u00f1os de la ca\u00edda del dictador paraguayo Alfredo Stroessner. Desde entonces, ocho presidentes han conducido el proceso democr\u00e1tico en Paraguay sin haber superado los problemas m\u00e1s graves que enfrenta el pa\u00eds sudamericano. Un sondeo de opini\u00f3n, realizado por la empresa Estudios de Opini\u00f3n","twitter:label1":"Escrito por","twitter:data1":"El Digital de Asturias","twitter:label2":"Tiempo de lectura estimado","twitter:data2":"3 minutos"},"aioseo_meta_data":{"post_id":"482332","title":null,"description":null,"keywords":null,"keyphrases":null,"primary_term":null,"canonical_url":null,"og_title":null,"og_description":null,"og_object_type":"default","og_image_type":"default","og_image_url":null,"og_image_width":null,"og_image_height":null,"og_image_custom_url":null,"og_image_custom_fields":null,"og_video":null,"og_custom_url":null,"og_article_section":null,"og_article_tags":null,"twitter_use_og":true,"twitter_card":"default","twitter_image_type":"default","twitter_image_url":null,"twitter_image_custom_url":null,"twitter_image_custom_fields":null,"twitter_title":null,"twitter_description":null,"schema":{"blockGraphs":[],"customGraphs":[],"default":{"data":{"Article":[],"Course":[],"Dataset":[],"FAQPage":[],"Movie":[],"Person":[],"Product":[],"ProductReview":[],"Car":[],"Recipe":[],"Service":[],"SoftwareApplication":[],"WebPage":[]},"graphName":"","isEnabled":true},"graphs":[],"defaultGraph":"","defaultPostTypeGraph":""},"schema_type":null,"schema_type_options":null,"pillar_content":false,"robots_default":true,"robots_noindex":false,"robots_noarchive":false,"robots_nosnippet":false,"robots_nofollow":false,"robots_noimageindex":false,"robots_noodp":false,"robots_notranslate":false,"robots_max_snippet":null,"robots_max_videopreview":null,"robots_max_imagepreview":"none","priority":null,"frequency":null,"local_seo":null,"seo_analyzer_scan_date":"2026-06-02 09:31:49","breadcrumb_settings":null,"limit_modified_date":false,"open_ai":null,"ai":null,"created":"2020-11-14 22:54:33","updated":"2026-06-02 09:31:49","focus_keyword":null,"additional_keywords":null,"truseo_locale":null},"aioseo_breadcrumb":"<div class=\"aioseo-breadcrumbs\"><span class=\"aioseo-breadcrumb\">\n\t<a href=\"https:\/\/www.eldigitaldeasturias.com\/noticias\" title=\"Home\">Home<\/a>\n<\/span><span class=\"aioseo-breadcrumb-separator\">\u2013<\/span><span class=\"aioseo-breadcrumb\">\n\t<a href=\"https:\/\/www.eldigitaldeasturias.com\/noticias\/category\/actualidad\/\" title=\"Actualidad\">Actualidad<\/a>\n<\/span><span class=\"aioseo-breadcrumb-separator\">\u2013<\/span><span class=\"aioseo-breadcrumb\">\n\t<a href=\"https:\/\/www.eldigitaldeasturias.com\/noticias\/paraguay-25-anos-despues-de-la-caida-de-stroessner\/\" title=\"Paraguay, 25 a\u00f1os despu\u00e9s de la ca\u00edda de Stroessner\">Paraguay, 25 a\u00f1os despu\u00e9s de la ca\u00edda de Stroessner<\/a>\n<\/span><\/div>","aioseo_breadcrumb_json":[{"label":"Home","link":"https:\/\/www.eldigitaldeasturias.com\/noticias"},{"label":"Actualidad","link":"https:\/\/www.eldigitaldeasturias.com\/noticias\/category\/actualidad\/"},{"label":"Paraguay, 25 a\u00f1os despu\u00e9s de la ca\u00edda de Stroessner","link":"https:\/\/www.eldigitaldeasturias.com\/noticias\/paraguay-25-anos-despues-de-la-caida-de-stroessner\/"}],"_links":{"self":[{"href":"https:\/\/www.eldigitaldeasturias.com\/noticias\/wp-json\/wp\/v2\/posts\/482332","targetHints":{"allow":["GET"]}}],"collection":[{"href":"https:\/\/www.eldigitaldeasturias.com\/noticias\/wp-json\/wp\/v2\/posts"}],"about":[{"href":"https:\/\/www.eldigitaldeasturias.com\/noticias\/wp-json\/wp\/v2\/types\/post"}],"author":[{"embeddable":true,"href":"https:\/\/www.eldigitaldeasturias.com\/noticias\/wp-json\/wp\/v2\/users\/1"}],"replies":[{"embeddable":true,"href":"https:\/\/www.eldigitaldeasturias.com\/noticias\/wp-json\/wp\/v2\/comments?post=482332"}],"version-history":[{"count":0,"href":"https:\/\/www.eldigitaldeasturias.com\/noticias\/wp-json\/wp\/v2\/posts\/482332\/revisions"}],"wp:attachment":[{"href":"https:\/\/www.eldigitaldeasturias.com\/noticias\/wp-json\/wp\/v2\/media?parent=482332"}],"wp:term":[{"taxonomy":"category","embeddable":true,"href":"https:\/\/www.eldigitaldeasturias.com\/noticias\/wp-json\/wp\/v2\/categories?post=482332"},{"taxonomy":"post_tag","embeddable":true,"href":"https:\/\/www.eldigitaldeasturias.com\/noticias\/wp-json\/wp\/v2\/tags?post=482332"}],"curies":[{"name":"wp","href":"https:\/\/api.w.org\/{rel}","templated":true}]}}