{"id":482324,"date":"2014-02-02T21:51:43","date_gmt":"2014-02-02T22:51:43","guid":{"rendered":"http:\/\/www.eldigitaldeasturias.com\/noticias\/?p=482324"},"modified":"2014-02-02T21:51:43","modified_gmt":"2014-02-02T22:51:43","slug":"kerry-se-reune-con-el-ministro-de-exteriores-de-iran-en-munich","status":"publish","type":"post","link":"https:\/\/www.eldigitaldeasturias.com\/noticias\/kerry-se-reune-con-el-ministro-de-exteriores-de-iran-en-munich\/","title":{"rendered":"Kerry se re\u00fane con el ministro de Exteriores de Ir\u00e1n en M\u00fanich"},"content":{"rendered":"<p><img loading=\"lazy\" decoding=\"async\" class=\"alignleft size-medium wp-image-1628\" alt=\"kerry_20130922081009_800\" src=\"https:\/\/www.eldigitaldeasturias.com\/noticias\/wp-content\/uploads\/2013\/09\/kerry_20130922081009_800-360x257.jpg\" width=\"360\" height=\"257\" \/>M\u00fanich, 2 feb (dpa) &#8211; El secretario de Estado norteamericano, John Kerry, se reuni\u00f3 hoy con el ministro de Exteriores de Ir\u00e1n, Mohamed Yavad Zarif, en el marco de la Conferencia de Seguridad de M\u00fanich, inform\u00f3 la portavoz del Departamento de Estado, Jen Psaki.<\/p>\n<p>De momento se desconocen detalles de la reuni\u00f3n que tuvo lugar a primera hora del d\u00eda en la capital b\u00e1vara.<\/p>\n<p>El encuentro se produjo unas horas antes de la discusi\u00f3n sobre Ir\u00e1n en la Conferencia de Seguridad. En el escenario estar\u00e1n sentados entre otros, el jefe de la diplomacia iran\u00ed y el director general de la Agencia Internacional de Energ\u00eda At\u00f3mica (OIEA), Yukiya Amano.<\/p>\n<p>El pasado noviembre Ir\u00e1n lleg\u00f3 a un acuerdo preliminar, e hist\u00f3rico, con seis potencias mundiales para suspender sus actividades nucleares a cambio del levantamiento de parte de las sanciones internacionales en su contra.<\/p>\n<p>El pr\u00f3ximo 18 de febrero proseguir\u00e1n las conversaciones con el grupo 5+1 -los cinco pa\u00edses con poder de veto en la ONU m\u00e1s Alemania- en Viena para conseguir negociar un acuerdo definitivo sobre el controvertido programa nuclear.<\/p>\n","protected":false},"excerpt":{"rendered":"<p>M\u00fanich, 2 feb (dpa) &#8211; El secretario de Estado norteamericano, John Kerry, se reuni\u00f3 hoy con el ministro de Exteriores de Ir\u00e1n, Mohamed Yavad Zarif, en el marco de la Conferencia de Seguridad de M\u00fanich, inform\u00f3 la portavoz del Departamento de Estado, Jen Psaki. De momento se desconocen detalles de la reuni\u00f3n que tuvo lugar [&hellip;]<\/p>\n","protected":false},"author":1,"featured_media":1132184,"comment_status":"closed","ping_status":"open","sticky":false,"template":"","format":"standard","meta":{"footnotes":""},"categories":[1],"tags":[],"class_list":["post-482324","post","type-post","status-publish","format-standard","has-post-thumbnail","hentry","category-actualidad"],"aioseo_notices":[],"aioseo_head":"\n\t\t<!-- All in One SEO Pro 5.0.1 - aioseo.com -->\n\t<meta name=\"description\" content=\"M\u00fanich, 2 feb (dpa) - El secretario de Estado norteamericano, John Kerry, se reuni\u00f3 hoy con el ministro de Exteriores de Ir\u00e1n, Mohamed Yavad Zarif, en el marco de la Conferencia de Seguridad de M\u00fanich, inform\u00f3 la portavoz del Departamento de Estado, Jen Psaki. De momento se desconocen detalles de la reuni\u00f3n que tuvo lugar\" \/>\n\t<meta name=\"robots\" content=\"max-image-preview:large\" \/>\n\t<meta name=\"author\" content=\"El Digital de Asturias\"\/>\n\t<meta name=\"google-site-verification\" content=\"UA-38556648-1\" \/>\n\t<meta name=\"msvalidate.01\" content=\"7dfe9f3f1b24437ab69f4f2559babe99\" \/>\n\t<meta name=\"keywords\" content=\"actualidad\" \/>\n\t<link rel=\"canonical\" href=\"https:\/\/www.eldigitaldeasturias.com\/noticias\/kerry-se-reune-con-el-ministro-de-exteriores-de-iran-en-munich\/\" \/>\n\t<meta name=\"generator\" content=\"All in One SEO Pro (AIOSEO) 5.0.1\" \/>\n\t\t<meta property=\"og:locale\" content=\"es_ES\" \/>\n\t\t<meta property=\"og:site_name\" content=\"El Digital de Asturias\" \/>\n\t\t<meta property=\"og:type\" content=\"article\" \/>\n\t\t<meta property=\"og:title\" content=\"Kerry se re\u00fane con el ministro de Exteriores de Ir\u00e1n en M\u00fanich - El Digital de Asturias\" \/>\n\t\t<meta property=\"og:description\" content=\"M\u00fanich, 2 feb (dpa) - El secretario de Estado norteamericano, John Kerry, se reuni\u00f3 hoy con el ministro de Exteriores de Ir\u00e1n, Mohamed Yavad Zarif, en el marco de la Conferencia de Seguridad de M\u00fanich, inform\u00f3 la portavoz del Departamento de Estado, Jen Psaki. De momento se desconocen detalles de la reuni\u00f3n que tuvo lugar\" \/>\n\t\t<meta property=\"og:url\" content=\"https:\/\/www.eldigitaldeasturias.com\/noticias\/kerry-se-reune-con-el-ministro-de-exteriores-de-iran-en-munich\/\" \/>\n\t\t<meta property=\"og:image\" content=\"https:\/\/www.eldigitaldeasturias.com\/noticias\/wp-content\/uploads\/2026\/06\/Contenidos.jpg\" \/>\n\t\t<meta property=\"og:image:secure_url\" content=\"https:\/\/www.eldigitaldeasturias.com\/noticias\/wp-content\/uploads\/2026\/06\/Contenidos.jpg\" \/>\n\t\t<meta property=\"og:image:width\" content=\"1265\" \/>\n\t\t<meta property=\"og:image:height\" content=\"697\" \/>\n\t\t<meta property=\"article:tag\" content=\"actualidad\" \/>\n\t\t<meta property=\"article:published_time\" content=\"2014-02-02T22:51:43+00:00\" \/>\n\t\t<meta property=\"article:modified_time\" content=\"2014-02-02T22:51:43+00:00\" \/>\n\t\t<meta property=\"article:publisher\" content=\"https:\/\/facebook.com\/eldigitaldeasturias\" \/>\n\t\t<meta name=\"twitter:card\" content=\"summary_large_image\" \/>\n\t\t<meta name=\"twitter:title\" content=\"Kerry se re\u00fane con el ministro de Exteriores de Ir\u00e1n en M\u00fanich - El Digital de Asturias\" \/>\n\t\t<meta name=\"twitter:description\" content=\"M\u00fanich, 2 feb (dpa) - El secretario de Estado norteamericano, John Kerry, se reuni\u00f3 hoy con el ministro de Exteriores de Ir\u00e1n, Mohamed Yavad Zarif, en el marco de la Conferencia de Seguridad de M\u00fanich, inform\u00f3 la portavoz del Departamento de Estado, Jen Psaki. De momento se desconocen detalles de la reuni\u00f3n que tuvo lugar\" \/>\n\t\t<meta name=\"twitter:image\" content=\"https:\/\/www.eldigitaldeasturias.com\/noticias\/wp-content\/uploads\/2026\/06\/Contenidos.jpg\" \/>\n\t\t<meta name=\"twitter:label1\" content=\"Escrito por\" \/>\n\t\t<meta name=\"twitter:data1\" content=\"El Digital de Asturias\" \/>\n\t\t<meta name=\"twitter:label2\" content=\"Tiempo de lectura estimado\" \/>\n\t\t<meta name=\"twitter:data2\" content=\"1 minuto\" \/>\n\t\t<script type=\"application\/ld+json\" class=\"aioseo-schema\">\n\t\t\t{\"@context\":\"https:\\\/\\\/schema.org\",\"@graph\":[{\"@type\":\"BlogPosting\",\"@id\":\"https:\\\/\\\/www.eldigitaldeasturias.com\\\/noticias\\\/kerry-se-reune-con-el-ministro-de-exteriores-de-iran-en-munich\\\/#blogposting\",\"name\":\"Kerry se re\\u00fane con el ministro de Exteriores de Ir\\u00e1n en M\\u00fanich - El Digital de Asturias\",\"headline\":\"Kerry se re\\u00fane con el ministro de Exteriores de Ir\\u00e1n en M\\u00fanich\",\"author\":{\"@id\":\"https:\\\/\\\/www.eldigitaldeasturias.com\\\/noticias\\\/author\\\/admin\\\/#author\"},\"publisher\":{\"@id\":\"https:\\\/\\\/www.eldigitaldeasturias.com\\\/noticias\\\/#organization\"},\"image\":{\"@type\":\"ImageObject\",\"url\":\"https:\\\/\\\/www.eldigitaldeasturias.com\\\/noticias\\\/wp-content\\\/uploads\\\/2026\\\/06\\\/Contenidos.jpg\",\"width\":1265,\"height\":697,\"caption\":\"Contenidos\"},\"datePublished\":\"2014-02-02T21:51:43+01:00\",\"dateModified\":\"2014-02-02T21:51:43+01:00\",\"inLanguage\":\"es-ES\",\"mainEntityOfPage\":{\"@id\":\"https:\\\/\\\/www.eldigitaldeasturias.com\\\/noticias\\\/kerry-se-reune-con-el-ministro-de-exteriores-de-iran-en-munich\\\/#webpage\"},\"isPartOf\":{\"@id\":\"https:\\\/\\\/www.eldigitaldeasturias.com\\\/noticias\\\/kerry-se-reune-con-el-ministro-de-exteriores-de-iran-en-munich\\\/#webpage\"},\"articleSection\":\"Actualidad\"},{\"@type\":\"BreadcrumbList\",\"@id\":\"https:\\\/\\\/www.eldigitaldeasturias.com\\\/noticias\\\/kerry-se-reune-con-el-ministro-de-exteriores-de-iran-en-munich\\\/#breadcrumblist\",\"itemListElement\":[{\"@type\":\"ListItem\",\"@id\":\"https:\\\/\\\/www.eldigitaldeasturias.com\\\/noticias#listItem\",\"position\":1,\"name\":\"Home\",\"item\":\"https:\\\/\\\/www.eldigitaldeasturias.com\\\/noticias\",\"nextItem\":{\"@type\":\"ListItem\",\"@id\":\"https:\\\/\\\/www.eldigitaldeasturias.com\\\/noticias\\\/category\\\/actualidad\\\/#listItem\",\"name\":\"Actualidad\"}},{\"@type\":\"ListItem\",\"@id\":\"https:\\\/\\\/www.eldigitaldeasturias.com\\\/noticias\\\/category\\\/actualidad\\\/#listItem\",\"position\":2,\"name\":\"Actualidad\",\"item\":\"https:\\\/\\\/www.eldigitaldeasturias.com\\\/noticias\\\/category\\\/actualidad\\\/\",\"nextItem\":{\"@type\":\"ListItem\",\"@id\":\"https:\\\/\\\/www.eldigitaldeasturias.com\\\/noticias\\\/kerry-se-reune-con-el-ministro-de-exteriores-de-iran-en-munich\\\/#listItem\",\"name\":\"Kerry se re\\u00fane con el ministro de Exteriores de Ir\\u00e1n en M\\u00fanich\"},\"previousItem\":{\"@type\":\"ListItem\",\"@id\":\"https:\\\/\\\/www.eldigitaldeasturias.com\\\/noticias#listItem\",\"name\":\"Home\"}},{\"@type\":\"ListItem\",\"@id\":\"https:\\\/\\\/www.eldigitaldeasturias.com\\\/noticias\\\/kerry-se-reune-con-el-ministro-de-exteriores-de-iran-en-munich\\\/#listItem\",\"position\":3,\"name\":\"Kerry se re\\u00fane con el ministro de Exteriores de Ir\\u00e1n en M\\u00fanich\",\"previousItem\":{\"@type\":\"ListItem\",\"@id\":\"https:\\\/\\\/www.eldigitaldeasturias.com\\\/noticias\\\/category\\\/actualidad\\\/#listItem\",\"name\":\"Actualidad\"}}]},{\"@type\":\"Organization\",\"@id\":\"https:\\\/\\\/www.eldigitaldeasturias.com\\\/noticias\\\/#organization\",\"name\":\"El Digital de Asturias\",\"description\":\"Hemeroteca\",\"url\":\"https:\\\/\\\/www.eldigitaldeasturias.com\\\/noticias\\\/\",\"email\":\"info@eldigitaldeasturias.com\",\"telephone\":\"+34652131393\",\"logo\":{\"@type\":\"ImageObject\",\"url\":\"https:\\\/\\\/www.eldigitaldeasturias.com\\\/noticias\\\/wp-content\\\/uploads\\\/2020\\\/12\\\/EDA.jpg\",\"@id\":\"https:\\\/\\\/www.eldigitaldeasturias.com\\\/noticias\\\/kerry-se-reune-con-el-ministro-de-exteriores-de-iran-en-munich\\\/#organizationLogo\"},\"image\":{\"@id\":\"https:\\\/\\\/www.eldigitaldeasturias.com\\\/noticias\\\/kerry-se-reune-con-el-ministro-de-exteriores-de-iran-en-munich\\\/#organizationLogo\"},\"sameAs\":[\"https:\\\/\\\/facebook.com\\\/eldigitaldeasturias\",\"https:\\\/\\\/www.youtube.com\\\/channel\\\/UCZP-2wLEB9Rv6erhFmqVnvg\"],\"address\":{\"@id\":\"https:\\\/\\\/www.eldigitaldeasturias.com\\\/noticias\\\/#postaladdress\",\"@type\":\"PostalAddress\",\"streetAddress\":\"san antonio 4\",\"postalCode\":\"33430\",\"addressLocality\":\"Cand\\u00e1s\",\"addressRegion\":\"Asturias\",\"addressCountry\":\"ES\"}},{\"@type\":\"Person\",\"@id\":\"https:\\\/\\\/www.eldigitaldeasturias.com\\\/noticias\\\/author\\\/admin\\\/#author\",\"url\":\"https:\\\/\\\/www.eldigitaldeasturias.com\\\/noticias\\\/author\\\/admin\\\/\",\"name\":\"El Digital de Asturias\",\"image\":{\"@type\":\"ImageObject\",\"@id\":\"https:\\\/\\\/www.eldigitaldeasturias.com\\\/noticias\\\/kerry-se-reune-con-el-ministro-de-exteriores-de-iran-en-munich\\\/#authorImage\",\"url\":\"https:\\\/\\\/secure.gravatar.com\\\/avatar\\\/df2aeffc32bcd13f8d26072ef8a91b623d677766deac7f97ca815868cd41bf5e?s=96&d=mm&r=g\",\"width\":96,\"height\":96,\"caption\":\"El Digital de Asturias\"}},{\"@type\":\"WebPage\",\"@id\":\"https:\\\/\\\/www.eldigitaldeasturias.com\\\/noticias\\\/kerry-se-reune-con-el-ministro-de-exteriores-de-iran-en-munich\\\/#webpage\",\"url\":\"https:\\\/\\\/www.eldigitaldeasturias.com\\\/noticias\\\/kerry-se-reune-con-el-ministro-de-exteriores-de-iran-en-munich\\\/\",\"name\":\"Kerry se re\\u00fane con el ministro de Exteriores de Ir\\u00e1n en M\\u00fanich - El Digital de Asturias\",\"description\":\"M\\u00fanich, 2 feb (dpa) - El secretario de Estado norteamericano, John Kerry, se reuni\\u00f3 hoy con el ministro de Exteriores de Ir\\u00e1n, Mohamed Yavad Zarif, en el marco de la Conferencia de Seguridad de M\\u00fanich, inform\\u00f3 la portavoz del Departamento de Estado, Jen Psaki. De momento se desconocen detalles de la reuni\\u00f3n que tuvo lugar\",\"inLanguage\":\"es-ES\",\"isPartOf\":{\"@id\":\"https:\\\/\\\/www.eldigitaldeasturias.com\\\/noticias\\\/#website\"},\"breadcrumb\":{\"@id\":\"https:\\\/\\\/www.eldigitaldeasturias.com\\\/noticias\\\/kerry-se-reune-con-el-ministro-de-exteriores-de-iran-en-munich\\\/#breadcrumblist\"},\"author\":{\"@id\":\"https:\\\/\\\/www.eldigitaldeasturias.com\\\/noticias\\\/author\\\/admin\\\/#author\"},\"creator\":{\"@id\":\"https:\\\/\\\/www.eldigitaldeasturias.com\\\/noticias\\\/author\\\/admin\\\/#author\"},\"image\":{\"@type\":\"ImageObject\",\"url\":\"https:\\\/\\\/www.eldigitaldeasturias.com\\\/noticias\\\/wp-content\\\/uploads\\\/2026\\\/06\\\/Contenidos.jpg\",\"@id\":\"https:\\\/\\\/www.eldigitaldeasturias.com\\\/noticias\\\/kerry-se-reune-con-el-ministro-de-exteriores-de-iran-en-munich\\\/#mainImage\",\"width\":1265,\"height\":697,\"caption\":\"Contenidos\"},\"primaryImageOfPage\":{\"@id\":\"https:\\\/\\\/www.eldigitaldeasturias.com\\\/noticias\\\/kerry-se-reune-con-el-ministro-de-exteriores-de-iran-en-munich\\\/#mainImage\"},\"datePublished\":\"2014-02-02T21:51:43+01:00\",\"dateModified\":\"2014-02-02T21:51:43+01:00\"},{\"@type\":\"WebSite\",\"@id\":\"https:\\\/\\\/www.eldigitaldeasturias.com\\\/noticias\\\/#website\",\"url\":\"https:\\\/\\\/www.eldigitaldeasturias.com\\\/noticias\\\/\",\"name\":\"El Digital de Asturias - Diario de actualidad y noticias\",\"alternateName\":\"El Digital de Asturias - Diario de actualidad y noticias\",\"description\":\"Hemeroteca\",\"inLanguage\":\"es-ES\",\"publisher\":{\"@id\":\"https:\\\/\\\/www.eldigitaldeasturias.com\\\/noticias\\\/#organization\"}}]}\n\t\t<\/script>\n\t\t<!-- All in One SEO Pro -->\r\n\t\t<title>Kerry se re\u00fane con el ministro de Exteriores de Ir\u00e1n en M\u00fanich - El Digital de Asturias<\/title>\n\n","aioseo_head_json":{"title":"Kerry se re\u00fane con el ministro de Exteriores de Ir\u00e1n en M\u00fanich - El Digital de Asturias","description":"M\u00fanich, 2 feb (dpa) - El secretario de Estado norteamericano, John Kerry, se reuni\u00f3 hoy con el ministro de Exteriores de Ir\u00e1n, Mohamed Yavad Zarif, en el marco de la Conferencia de Seguridad de M\u00fanich, inform\u00f3 la portavoz del Departamento de Estado, Jen Psaki. De momento se desconocen detalles de la reuni\u00f3n que tuvo lugar","canonical_url":"https:\/\/www.eldigitaldeasturias.com\/noticias\/kerry-se-reune-con-el-ministro-de-exteriores-de-iran-en-munich\/","robots":"max-image-preview:large","keywords":"actualidad","webmasterTools":{"google-site-verification":"UA-38556648-1","msvalidate.01":"7dfe9f3f1b24437ab69f4f2559babe99","miscellaneous":""},"schema":{"@context":"https:\/\/schema.org","@graph":[{"@type":"BlogPosting","@id":"https:\/\/www.eldigitaldeasturias.com\/noticias\/kerry-se-reune-con-el-ministro-de-exteriores-de-iran-en-munich\/#blogposting","name":"Kerry se re\u00fane con el ministro de Exteriores de Ir\u00e1n en M\u00fanich - El Digital de Asturias","headline":"Kerry se re\u00fane con el ministro de Exteriores de Ir\u00e1n en M\u00fanich","author":{"@id":"https:\/\/www.eldigitaldeasturias.com\/noticias\/author\/admin\/#author"},"publisher":{"@id":"https:\/\/www.eldigitaldeasturias.com\/noticias\/#organization"},"image":{"@type":"ImageObject","url":"https:\/\/www.eldigitaldeasturias.com\/noticias\/wp-content\/uploads\/2026\/06\/Contenidos.jpg","width":1265,"height":697,"caption":"Contenidos"},"datePublished":"2014-02-02T21:51:43+01:00","dateModified":"2014-02-02T21:51:43+01:00","inLanguage":"es-ES","mainEntityOfPage":{"@id":"https:\/\/www.eldigitaldeasturias.com\/noticias\/kerry-se-reune-con-el-ministro-de-exteriores-de-iran-en-munich\/#webpage"},"isPartOf":{"@id":"https:\/\/www.eldigitaldeasturias.com\/noticias\/kerry-se-reune-con-el-ministro-de-exteriores-de-iran-en-munich\/#webpage"},"articleSection":"Actualidad"},{"@type":"BreadcrumbList","@id":"https:\/\/www.eldigitaldeasturias.com\/noticias\/kerry-se-reune-con-el-ministro-de-exteriores-de-iran-en-munich\/#breadcrumblist","itemListElement":[{"@type":"ListItem","@id":"https:\/\/www.eldigitaldeasturias.com\/noticias#listItem","position":1,"name":"Home","item":"https:\/\/www.eldigitaldeasturias.com\/noticias","nextItem":{"@type":"ListItem","@id":"https:\/\/www.eldigitaldeasturias.com\/noticias\/category\/actualidad\/#listItem","name":"Actualidad"}},{"@type":"ListItem","@id":"https:\/\/www.eldigitaldeasturias.com\/noticias\/category\/actualidad\/#listItem","position":2,"name":"Actualidad","item":"https:\/\/www.eldigitaldeasturias.com\/noticias\/category\/actualidad\/","nextItem":{"@type":"ListItem","@id":"https:\/\/www.eldigitaldeasturias.com\/noticias\/kerry-se-reune-con-el-ministro-de-exteriores-de-iran-en-munich\/#listItem","name":"Kerry se re\u00fane con el ministro de Exteriores de Ir\u00e1n en M\u00fanich"},"previousItem":{"@type":"ListItem","@id":"https:\/\/www.eldigitaldeasturias.com\/noticias#listItem","name":"Home"}},{"@type":"ListItem","@id":"https:\/\/www.eldigitaldeasturias.com\/noticias\/kerry-se-reune-con-el-ministro-de-exteriores-de-iran-en-munich\/#listItem","position":3,"name":"Kerry se re\u00fane con el ministro de Exteriores de Ir\u00e1n en M\u00fanich","previousItem":{"@type":"ListItem","@id":"https:\/\/www.eldigitaldeasturias.com\/noticias\/category\/actualidad\/#listItem","name":"Actualidad"}}]},{"@type":"Organization","@id":"https:\/\/www.eldigitaldeasturias.com\/noticias\/#organization","name":"El Digital de Asturias","description":"Hemeroteca","url":"https:\/\/www.eldigitaldeasturias.com\/noticias\/","email":"info@eldigitaldeasturias.com","telephone":"+34652131393","logo":{"@type":"ImageObject","url":"https:\/\/www.eldigitaldeasturias.com\/noticias\/wp-content\/uploads\/2020\/12\/EDA.jpg","@id":"https:\/\/www.eldigitaldeasturias.com\/noticias\/kerry-se-reune-con-el-ministro-de-exteriores-de-iran-en-munich\/#organizationLogo"},"image":{"@id":"https:\/\/www.eldigitaldeasturias.com\/noticias\/kerry-se-reune-con-el-ministro-de-exteriores-de-iran-en-munich\/#organizationLogo"},"sameAs":["https:\/\/facebook.com\/eldigitaldeasturias","https:\/\/www.youtube.com\/channel\/UCZP-2wLEB9Rv6erhFmqVnvg"],"address":{"@id":"https:\/\/www.eldigitaldeasturias.com\/noticias\/#postaladdress","@type":"PostalAddress","streetAddress":"san antonio 4","postalCode":"33430","addressLocality":"Cand\u00e1s","addressRegion":"Asturias","addressCountry":"ES"}},{"@type":"Person","@id":"https:\/\/www.eldigitaldeasturias.com\/noticias\/author\/admin\/#author","url":"https:\/\/www.eldigitaldeasturias.com\/noticias\/author\/admin\/","name":"El Digital de Asturias","image":{"@type":"ImageObject","@id":"https:\/\/www.eldigitaldeasturias.com\/noticias\/kerry-se-reune-con-el-ministro-de-exteriores-de-iran-en-munich\/#authorImage","url":"https:\/\/secure.gravatar.com\/avatar\/df2aeffc32bcd13f8d26072ef8a91b623d677766deac7f97ca815868cd41bf5e?s=96&d=mm&r=g","width":96,"height":96,"caption":"El Digital de Asturias"}},{"@type":"WebPage","@id":"https:\/\/www.eldigitaldeasturias.com\/noticias\/kerry-se-reune-con-el-ministro-de-exteriores-de-iran-en-munich\/#webpage","url":"https:\/\/www.eldigitaldeasturias.com\/noticias\/kerry-se-reune-con-el-ministro-de-exteriores-de-iran-en-munich\/","name":"Kerry se re\u00fane con el ministro de Exteriores de Ir\u00e1n en M\u00fanich - El Digital de Asturias","description":"M\u00fanich, 2 feb (dpa) - El secretario de Estado norteamericano, John Kerry, se reuni\u00f3 hoy con el ministro de Exteriores de Ir\u00e1n, Mohamed Yavad Zarif, en el marco de la Conferencia de Seguridad de M\u00fanich, inform\u00f3 la portavoz del Departamento de Estado, Jen Psaki. De momento se desconocen detalles de la reuni\u00f3n que tuvo lugar","inLanguage":"es-ES","isPartOf":{"@id":"https:\/\/www.eldigitaldeasturias.com\/noticias\/#website"},"breadcrumb":{"@id":"https:\/\/www.eldigitaldeasturias.com\/noticias\/kerry-se-reune-con-el-ministro-de-exteriores-de-iran-en-munich\/#breadcrumblist"},"author":{"@id":"https:\/\/www.eldigitaldeasturias.com\/noticias\/author\/admin\/#author"},"creator":{"@id":"https:\/\/www.eldigitaldeasturias.com\/noticias\/author\/admin\/#author"},"image":{"@type":"ImageObject","url":"https:\/\/www.eldigitaldeasturias.com\/noticias\/wp-content\/uploads\/2026\/06\/Contenidos.jpg","@id":"https:\/\/www.eldigitaldeasturias.com\/noticias\/kerry-se-reune-con-el-ministro-de-exteriores-de-iran-en-munich\/#mainImage","width":1265,"height":697,"caption":"Contenidos"},"primaryImageOfPage":{"@id":"https:\/\/www.eldigitaldeasturias.com\/noticias\/kerry-se-reune-con-el-ministro-de-exteriores-de-iran-en-munich\/#mainImage"},"datePublished":"2014-02-02T21:51:43+01:00","dateModified":"2014-02-02T21:51:43+01:00"},{"@type":"WebSite","@id":"https:\/\/www.eldigitaldeasturias.com\/noticias\/#website","url":"https:\/\/www.eldigitaldeasturias.com\/noticias\/","name":"El Digital de Asturias - Diario de actualidad y noticias","alternateName":"El Digital de Asturias - Diario de actualidad y noticias","description":"Hemeroteca","inLanguage":"es-ES","publisher":{"@id":"https:\/\/www.eldigitaldeasturias.com\/noticias\/#organization"}}]},"og:locale":"es_ES","og:site_name":"El Digital de Asturias","og:type":"article","og:title":"Kerry se re\u00fane con el ministro de Exteriores de Ir\u00e1n en M\u00fanich - El Digital de Asturias","og:description":"M\u00fanich, 2 feb (dpa) - El secretario de Estado norteamericano, John Kerry, se reuni\u00f3 hoy con el ministro de Exteriores de Ir\u00e1n, Mohamed Yavad Zarif, en el marco de la Conferencia de Seguridad de M\u00fanich, inform\u00f3 la portavoz del Departamento de Estado, Jen Psaki. De momento se desconocen detalles de la reuni\u00f3n que tuvo lugar","og:url":"https:\/\/www.eldigitaldeasturias.com\/noticias\/kerry-se-reune-con-el-ministro-de-exteriores-de-iran-en-munich\/","og:image":"https:\/\/www.eldigitaldeasturias.com\/noticias\/wp-content\/uploads\/2026\/06\/Contenidos.jpg","og:image:secure_url":"https:\/\/www.eldigitaldeasturias.com\/noticias\/wp-content\/uploads\/2026\/06\/Contenidos.jpg","og:image:width":1265,"og:image:height":697,"article:tag":["actualidad"],"article:published_time":"2014-02-02T22:51:43+00:00","article:modified_time":"2014-02-02T22:51:43+00:00","article:publisher":"https:\/\/facebook.com\/eldigitaldeasturias","twitter:card":"summary_large_image","twitter:title":"Kerry se re\u00fane con el ministro de Exteriores de Ir\u00e1n en M\u00fanich - El Digital de Asturias","twitter:description":"M\u00fanich, 2 feb (dpa) - El secretario de Estado norteamericano, John Kerry, se reuni\u00f3 hoy con el ministro de Exteriores de Ir\u00e1n, Mohamed Yavad Zarif, en el marco de la Conferencia de Seguridad de M\u00fanich, inform\u00f3 la portavoz del Departamento de Estado, Jen Psaki. De momento se desconocen detalles de la reuni\u00f3n que tuvo lugar","twitter:image":"https:\/\/www.eldigitaldeasturias.com\/noticias\/wp-content\/uploads\/2026\/06\/Contenidos.jpg","twitter:label1":"Escrito por","twitter:data1":"El Digital de Asturias","twitter:label2":"Tiempo de lectura estimado","twitter:data2":"1 minuto"},"aioseo_meta_data":{"post_id":"482324","title":null,"description":null,"keywords":null,"keyphrases":null,"primary_term":null,"canonical_url":null,"og_title":null,"og_description":null,"og_object_type":"default","og_image_type":"default","og_image_url":null,"og_image_width":null,"og_image_height":null,"og_image_custom_url":null,"og_image_custom_fields":null,"og_video":null,"og_custom_url":null,"og_article_section":null,"og_article_tags":null,"twitter_use_og":true,"twitter_card":"default","twitter_image_type":"default","twitter_image_url":null,"twitter_image_custom_url":null,"twitter_image_custom_fields":null,"twitter_title":null,"twitter_description":null,"schema":{"blockGraphs":[],"customGraphs":[],"default":{"data":{"Article":[],"Course":[],"Dataset":[],"FAQPage":[],"Movie":[],"Person":[],"Product":[],"ProductReview":[],"Car":[],"Recipe":[],"Service":[],"SoftwareApplication":[],"WebPage":[]},"graphName":"","isEnabled":true},"graphs":[],"defaultGraph":"","defaultPostTypeGraph":""},"schema_type":null,"schema_type_options":null,"pillar_content":false,"robots_default":true,"robots_noindex":false,"robots_noarchive":false,"robots_nosnippet":false,"robots_nofollow":false,"robots_noimageindex":false,"robots_noodp":false,"robots_notranslate":false,"robots_max_snippet":null,"robots_max_videopreview":null,"robots_max_imagepreview":"none","priority":null,"frequency":null,"local_seo":null,"seo_analyzer_scan_date":"2026-06-02 09:29:58","breadcrumb_settings":null,"limit_modified_date":false,"open_ai":null,"ai":null,"created":"2020-11-14 22:54:33","updated":"2026-06-02 09:29:58","focus_keyword":null,"additional_keywords":null,"truseo_locale":null},"aioseo_breadcrumb":"<div class=\"aioseo-breadcrumbs\"><span class=\"aioseo-breadcrumb\">\n\t<a href=\"https:\/\/www.eldigitaldeasturias.com\/noticias\" title=\"Home\">Home<\/a>\n<\/span><span class=\"aioseo-breadcrumb-separator\">\u2013<\/span><span class=\"aioseo-breadcrumb\">\n\t<a href=\"https:\/\/www.eldigitaldeasturias.com\/noticias\/category\/actualidad\/\" title=\"Actualidad\">Actualidad<\/a>\n<\/span><span class=\"aioseo-breadcrumb-separator\">\u2013<\/span><span class=\"aioseo-breadcrumb\">\n\t<a href=\"https:\/\/www.eldigitaldeasturias.com\/noticias\/kerry-se-reune-con-el-ministro-de-exteriores-de-iran-en-munich\/\" title=\"Kerry se re\u00fane con el ministro de Exteriores de Ir\u00e1n en M\u00fanich\">Kerry se re\u00fane con el ministro de Exteriores de Ir\u00e1n en M\u00fanich<\/a>\n<\/span><\/div>","aioseo_breadcrumb_json":[{"label":"Home","link":"https:\/\/www.eldigitaldeasturias.com\/noticias"},{"label":"Actualidad","link":"https:\/\/www.eldigitaldeasturias.com\/noticias\/category\/actualidad\/"},{"label":"Kerry se re\u00fane con el ministro de Exteriores de Ir\u00e1n en M\u00fanich","link":"https:\/\/www.eldigitaldeasturias.com\/noticias\/kerry-se-reune-con-el-ministro-de-exteriores-de-iran-en-munich\/"}],"_links":{"self":[{"href":"https:\/\/www.eldigitaldeasturias.com\/noticias\/wp-json\/wp\/v2\/posts\/482324","targetHints":{"allow":["GET"]}}],"collection":[{"href":"https:\/\/www.eldigitaldeasturias.com\/noticias\/wp-json\/wp\/v2\/posts"}],"about":[{"href":"https:\/\/www.eldigitaldeasturias.com\/noticias\/wp-json\/wp\/v2\/types\/post"}],"author":[{"embeddable":true,"href":"https:\/\/www.eldigitaldeasturias.com\/noticias\/wp-json\/wp\/v2\/users\/1"}],"replies":[{"embeddable":true,"href":"https:\/\/www.eldigitaldeasturias.com\/noticias\/wp-json\/wp\/v2\/comments?post=482324"}],"version-history":[{"count":0,"href":"https:\/\/www.eldigitaldeasturias.com\/noticias\/wp-json\/wp\/v2\/posts\/482324\/revisions"}],"wp:featuredmedia":[{"embeddable":true,"href":"https:\/\/www.eldigitaldeasturias.com\/noticias\/wp-json\/wp\/v2\/media\/1132184"}],"wp:attachment":[{"href":"https:\/\/www.eldigitaldeasturias.com\/noticias\/wp-json\/wp\/v2\/media?parent=482324"}],"wp:term":[{"taxonomy":"category","embeddable":true,"href":"https:\/\/www.eldigitaldeasturias.com\/noticias\/wp-json\/wp\/v2\/categories?post=482324"},{"taxonomy":"post_tag","embeddable":true,"href":"https:\/\/www.eldigitaldeasturias.com\/noticias\/wp-json\/wp\/v2\/tags?post=482324"}],"curies":[{"name":"wp","href":"https:\/\/api.w.org\/{rel}","templated":true}]}}