{"id":482318,"date":"2014-02-02T21:45:04","date_gmt":"2014-02-02T22:45:04","guid":{"rendered":"http:\/\/www.eldigitaldeasturias.com\/noticias\/?p=482318"},"modified":"2014-02-02T21:45:04","modified_gmt":"2014-02-02T22:45:04","slug":"una-marcha-recuerda-a-las-victimas-del-otro-guernica-de-la-guerra-civil","status":"publish","type":"post","link":"https:\/\/www.eldigitaldeasturias.com\/noticias\/una-marcha-recuerda-a-las-victimas-del-otro-guernica-de-la-guerra-civil\/","title":{"rendered":"Una marcha recuerda a las v\u00edctimas del otro Guernica de la Guerra Civil"},"content":{"rendered":"<p><img loading=\"lazy\" decoding=\"async\" class=\"alignleft size-medium wp-image-482319\" alt=\"5901522w\" src=\"https:\/\/www.eldigitaldeasturias.com\/noticias\/wp-content\/uploads\/2014\/02\/5901522w-360x239.jpg\" width=\"360\" height=\"239\" \/>M\u00e1laga, 2 feb (EFE).- Una marcha a pie ha recordado hoy a las v\u00edctimas de uno de los hechos m\u00e1s dram\u00e1ticos de la Guerra Civil junto al bombardeo de Guernica, la huida en febrero de 1937 desde M\u00e1laga por la carretera hacia Almer\u00eda de miles de personas, sobre todo mujeres y ni\u00f1os, que fueron bombardeadas y ametralladas.<\/p>\n<p>Entre los participantes en la marcha se encontraba Juan G\u00e1lvez Berm\u00fadez, que naci\u00f3 en 1929 y ha relatado a Efe que ten\u00eda 7 a\u00f1os cuando tuvo que huir junto a su madre y a sus tres hermanos, el mayor de 9 a\u00f1os y la menor de 6 meses, mientras que su padre permaneci\u00f3 en la capital malague\u00f1a haciendo trincheras.<\/p>\n<p>\u00abLlegamos hasta cerca de Nerja y no pod\u00edamos ir siempre por la carretera, porque empezaron a pegarnos zambombazos los barcos y los aviones, y tambi\u00e9n \u00edbamos por los campos y por los montes\u00bb, ha explicado G\u00e1lvez Berm\u00fadez.<\/p>\n<p>Entre las im\u00e1genes que se le quedaron grabadas est\u00e1 la de una familia bajo un puente \u00abcon un cr\u00edo que llamaba la atenci\u00f3n de lo rubio que era y que estaba all\u00ed tendido, muerto\u00bb.<\/p>\n<p>\u00abUna noche dormimos en una casa abandonada, y por la ma\u00f1ana, cuando le preguntaron a mi madre que qu\u00e9 hac\u00edamos all\u00ed, ella dijo que est\u00e1bamos durmiendo con las otras personas que estaban dentro. Le dijeron que los dem\u00e1s no estaban dormidos, estaban muertos, porque all\u00ed los iban poniendo conforme mor\u00edan\u00bb, ha a\u00f1adido.<\/p>\n<p>Para subsistir, lo que les \u00absalv\u00f3\u00bb fue la ca\u00f1a de az\u00facar, \u00abporque estaba todo sembrado de ca\u00f1as a un lado y a otro de la carretera\u00bb, y en alguna ocasi\u00f3n su madre tambi\u00e9n pudo comprar carne \u00abque despu\u00e9s as\u00f3 en mitad del campo\u00bb.<\/p>\n<p>Al llegar a las cercan\u00edas de Nerja se encontraron con unos tanques italianos cuyos ocupantes les dieron de comer \u00abuna especie de tortas de campa\u00f1a\u00bb, y G\u00e1lvez Berm\u00fadez tambi\u00e9n prob\u00f3 en ese momento por primera vez en su vida \u00abunos macarrones con queso\u00bb.<\/p>\n<p>\u00abEsto de la carretera de Almer\u00eda ha estado siempre muy oscurecido. Lo de Guernica fueron los alemanes, pero estos eran espa\u00f1oles que estaban bombardeando miserablemente a masas de gente, familias que estaban asustadas\u00bb, se lamentaba este superviviente.<\/p>\n<p>A la marcha ha acudido tambi\u00e9n el vicepresidente de la Junta de Andaluc\u00eda, Diego Valderas (IU), que ha afirmado a los periodistas que en los dos \u00faltimos a\u00f1os el Gobierno andaluz \u00abha sido capaz de hacer casi m\u00e1s que en dos d\u00e9cadas en materia de verdad, justicia, reparaci\u00f3n y reencuentro con la memoria hist\u00f3rica\u00bb.<\/p>\n<p>Valderas ha avanzado que la Ley de Memoria Hist\u00f3rica y Democr\u00e1tica de Andaluc\u00eda \u00abya est\u00e1 siendo tratada por los viceconsejeros\u00bb y espera que con su pr\u00f3xima aprobaci\u00f3n permita trabajar con m\u00e1s recursos en esta materia.<\/p>\n<p>Por su parte, el director general de Memoria Democr\u00e1tica, Luis Naranjo, ha resaltado que los hechos en la carretera M\u00e1laga-Almer\u00eda fueron \u00abun crimen contra la Humanidad\u00bb que espera \u00abque alg\u00fan d\u00eda el Estado reconozca como tal\u00bb.<\/p>\n<p>\u00abEs el hecho m\u00e1s dram\u00e1tico y tr\u00e1gico de toda la Guerra Civil. Se conoce Guernica, pero hay que difundir mucho m\u00e1s all\u00e1 de Andaluc\u00eda este crimen contra la Humanidad\u00bb, y por eso el 15 de febrero se estrenar\u00e1 en Motril (Granada) un documental que despu\u00e9s ser\u00e1 presentado en el Parlamento Europeo, ha anunciado Naranjo.<\/p>\n<p>Jos\u00e9 Luis Pic\u00f3n.<\/p>\n","protected":false},"excerpt":{"rendered":"<p>M\u00e1laga, 2 feb (EFE).- Una marcha a pie ha recordado hoy a las v\u00edctimas de uno de los hechos m\u00e1s dram\u00e1ticos de la Guerra Civil junto al bombardeo de Guernica, la huida en febrero de 1937 desde M\u00e1laga por la carretera hacia Almer\u00eda de miles de personas, sobre todo mujeres y ni\u00f1os, que fueron bombardeadas [&hellip;]<\/p>\n","protected":false},"author":1,"featured_media":482319,"comment_status":"closed","ping_status":"open","sticky":false,"template":"","format":"standard","meta":{"footnotes":""},"categories":[1],"tags":[],"class_list":["post-482318","post","type-post","status-publish","format-standard","has-post-thumbnail","hentry","category-actualidad"],"aioseo_notices":[],"aioseo_head":"\n\t\t<!-- All in One SEO Pro 5.0.1 - aioseo.com -->\n\t<meta name=\"description\" content=\"M\u00e1laga, 2 feb (EFE).- Una marcha a pie ha recordado hoy a las v\u00edctimas de uno de los hechos m\u00e1s dram\u00e1ticos de la Guerra Civil junto al bombardeo de Guernica, la huida en febrero de 1937 desde M\u00e1laga por la carretera hacia Almer\u00eda de miles de personas, sobre todo mujeres y ni\u00f1os, que fueron bombardeadas\" \/>\n\t<meta name=\"robots\" content=\"max-image-preview:large\" \/>\n\t<meta name=\"author\" content=\"El Digital de Asturias\"\/>\n\t<meta name=\"google-site-verification\" content=\"UA-38556648-1\" \/>\n\t<meta name=\"msvalidate.01\" content=\"7dfe9f3f1b24437ab69f4f2559babe99\" \/>\n\t<meta name=\"keywords\" content=\"actualidad\" \/>\n\t<link rel=\"canonical\" href=\"https:\/\/www.eldigitaldeasturias.com\/noticias\/una-marcha-recuerda-a-las-victimas-del-otro-guernica-de-la-guerra-civil\/\" \/>\n\t<meta name=\"generator\" content=\"All in One SEO Pro (AIOSEO) 5.0.1\" \/>\n\t\t<meta property=\"og:locale\" content=\"es_ES\" \/>\n\t\t<meta property=\"og:site_name\" content=\"El Digital de Asturias\" \/>\n\t\t<meta property=\"og:type\" content=\"article\" \/>\n\t\t<meta property=\"og:title\" content=\"Una marcha recuerda a las v\u00edctimas del otro Guernica de la Guerra Civil - El Digital de Asturias\" \/>\n\t\t<meta property=\"og:description\" content=\"M\u00e1laga, 2 feb (EFE).- Una marcha a pie ha recordado hoy a las v\u00edctimas de uno de los hechos m\u00e1s dram\u00e1ticos de la Guerra Civil junto al bombardeo de Guernica, la huida en febrero de 1937 desde M\u00e1laga por la carretera hacia Almer\u00eda de miles de personas, sobre todo mujeres y ni\u00f1os, que fueron bombardeadas\" \/>\n\t\t<meta property=\"og:url\" content=\"https:\/\/www.eldigitaldeasturias.com\/noticias\/una-marcha-recuerda-a-las-victimas-del-otro-guernica-de-la-guerra-civil\/\" \/>\n\t\t<meta property=\"article:tag\" content=\"actualidad\" \/>\n\t\t<meta property=\"article:published_time\" content=\"2014-02-02T22:45:04+00:00\" \/>\n\t\t<meta property=\"article:modified_time\" content=\"2014-02-02T22:45:04+00:00\" \/>\n\t\t<meta property=\"article:publisher\" content=\"https:\/\/facebook.com\/eldigitaldeasturias\" \/>\n\t\t<meta name=\"twitter:card\" content=\"summary_large_image\" \/>\n\t\t<meta name=\"twitter:title\" content=\"Una marcha recuerda a las v\u00edctimas del otro Guernica de la Guerra Civil - El Digital de Asturias\" \/>\n\t\t<meta name=\"twitter:description\" content=\"M\u00e1laga, 2 feb (EFE).- Una marcha a pie ha recordado hoy a las v\u00edctimas de uno de los hechos m\u00e1s dram\u00e1ticos de la Guerra Civil junto al bombardeo de Guernica, la huida en febrero de 1937 desde M\u00e1laga por la carretera hacia Almer\u00eda de miles de personas, sobre todo mujeres y ni\u00f1os, que fueron bombardeadas\" \/>\n\t\t<meta name=\"twitter:label1\" content=\"Escrito por\" \/>\n\t\t<meta name=\"twitter:data1\" content=\"El Digital de Asturias\" \/>\n\t\t<meta name=\"twitter:label2\" content=\"Tiempo de lectura estimado\" \/>\n\t\t<meta name=\"twitter:data2\" content=\"3 minutos\" \/>\n\t\t<script type=\"application\/ld+json\" class=\"aioseo-schema\">\n\t\t\t{\"@context\":\"https:\\\/\\\/schema.org\",\"@graph\":[{\"@type\":\"BlogPosting\",\"@id\":\"https:\\\/\\\/www.eldigitaldeasturias.com\\\/noticias\\\/una-marcha-recuerda-a-las-victimas-del-otro-guernica-de-la-guerra-civil\\\/#blogposting\",\"name\":\"Una marcha recuerda a las v\\u00edctimas del otro Guernica de la Guerra Civil - El Digital de Asturias\",\"headline\":\"Una marcha recuerda a las v\\u00edctimas del otro Guernica de la Guerra Civil\",\"author\":{\"@id\":\"https:\\\/\\\/www.eldigitaldeasturias.com\\\/noticias\\\/author\\\/admin\\\/#author\"},\"publisher\":{\"@id\":\"https:\\\/\\\/www.eldigitaldeasturias.com\\\/noticias\\\/#organization\"},\"image\":{\"@type\":\"ImageObject\",\"url\":482319},\"datePublished\":\"2014-02-02T21:45:04+01:00\",\"dateModified\":\"2014-02-02T21:45:04+01:00\",\"inLanguage\":\"es-ES\",\"mainEntityOfPage\":{\"@id\":\"https:\\\/\\\/www.eldigitaldeasturias.com\\\/noticias\\\/una-marcha-recuerda-a-las-victimas-del-otro-guernica-de-la-guerra-civil\\\/#webpage\"},\"isPartOf\":{\"@id\":\"https:\\\/\\\/www.eldigitaldeasturias.com\\\/noticias\\\/una-marcha-recuerda-a-las-victimas-del-otro-guernica-de-la-guerra-civil\\\/#webpage\"},\"articleSection\":\"Actualidad\"},{\"@type\":\"BreadcrumbList\",\"@id\":\"https:\\\/\\\/www.eldigitaldeasturias.com\\\/noticias\\\/una-marcha-recuerda-a-las-victimas-del-otro-guernica-de-la-guerra-civil\\\/#breadcrumblist\",\"itemListElement\":[{\"@type\":\"ListItem\",\"@id\":\"https:\\\/\\\/www.eldigitaldeasturias.com\\\/noticias#listItem\",\"position\":1,\"name\":\"Home\",\"item\":\"https:\\\/\\\/www.eldigitaldeasturias.com\\\/noticias\",\"nextItem\":{\"@type\":\"ListItem\",\"@id\":\"https:\\\/\\\/www.eldigitaldeasturias.com\\\/noticias\\\/category\\\/actualidad\\\/#listItem\",\"name\":\"Actualidad\"}},{\"@type\":\"ListItem\",\"@id\":\"https:\\\/\\\/www.eldigitaldeasturias.com\\\/noticias\\\/category\\\/actualidad\\\/#listItem\",\"position\":2,\"name\":\"Actualidad\",\"item\":\"https:\\\/\\\/www.eldigitaldeasturias.com\\\/noticias\\\/category\\\/actualidad\\\/\",\"nextItem\":{\"@type\":\"ListItem\",\"@id\":\"https:\\\/\\\/www.eldigitaldeasturias.com\\\/noticias\\\/una-marcha-recuerda-a-las-victimas-del-otro-guernica-de-la-guerra-civil\\\/#listItem\",\"name\":\"Una marcha recuerda a las v\\u00edctimas del otro Guernica de la Guerra Civil\"},\"previousItem\":{\"@type\":\"ListItem\",\"@id\":\"https:\\\/\\\/www.eldigitaldeasturias.com\\\/noticias#listItem\",\"name\":\"Home\"}},{\"@type\":\"ListItem\",\"@id\":\"https:\\\/\\\/www.eldigitaldeasturias.com\\\/noticias\\\/una-marcha-recuerda-a-las-victimas-del-otro-guernica-de-la-guerra-civil\\\/#listItem\",\"position\":3,\"name\":\"Una marcha recuerda a las v\\u00edctimas del otro Guernica de la Guerra Civil\",\"previousItem\":{\"@type\":\"ListItem\",\"@id\":\"https:\\\/\\\/www.eldigitaldeasturias.com\\\/noticias\\\/category\\\/actualidad\\\/#listItem\",\"name\":\"Actualidad\"}}]},{\"@type\":\"Organization\",\"@id\":\"https:\\\/\\\/www.eldigitaldeasturias.com\\\/noticias\\\/#organization\",\"name\":\"El Digital de Asturias\",\"description\":\"Hemeroteca\",\"url\":\"https:\\\/\\\/www.eldigitaldeasturias.com\\\/noticias\\\/\",\"email\":\"info@eldigitaldeasturias.com\",\"telephone\":\"+34652131393\",\"logo\":{\"@type\":\"ImageObject\",\"url\":\"https:\\\/\\\/www.eldigitaldeasturias.com\\\/noticias\\\/wp-content\\\/uploads\\\/2020\\\/12\\\/EDA.jpg\",\"@id\":\"https:\\\/\\\/www.eldigitaldeasturias.com\\\/noticias\\\/una-marcha-recuerda-a-las-victimas-del-otro-guernica-de-la-guerra-civil\\\/#organizationLogo\"},\"image\":{\"@id\":\"https:\\\/\\\/www.eldigitaldeasturias.com\\\/noticias\\\/una-marcha-recuerda-a-las-victimas-del-otro-guernica-de-la-guerra-civil\\\/#organizationLogo\"},\"sameAs\":[\"https:\\\/\\\/facebook.com\\\/eldigitaldeasturias\",\"https:\\\/\\\/www.youtube.com\\\/channel\\\/UCZP-2wLEB9Rv6erhFmqVnvg\"],\"address\":{\"@id\":\"https:\\\/\\\/www.eldigitaldeasturias.com\\\/noticias\\\/#postaladdress\",\"@type\":\"PostalAddress\",\"streetAddress\":\"san antonio 4\",\"postalCode\":\"33430\",\"addressLocality\":\"Cand\\u00e1s\",\"addressRegion\":\"Asturias\",\"addressCountry\":\"ES\"}},{\"@type\":\"Person\",\"@id\":\"https:\\\/\\\/www.eldigitaldeasturias.com\\\/noticias\\\/author\\\/admin\\\/#author\",\"url\":\"https:\\\/\\\/www.eldigitaldeasturias.com\\\/noticias\\\/author\\\/admin\\\/\",\"name\":\"El Digital de Asturias\",\"image\":{\"@type\":\"ImageObject\",\"@id\":\"https:\\\/\\\/www.eldigitaldeasturias.com\\\/noticias\\\/una-marcha-recuerda-a-las-victimas-del-otro-guernica-de-la-guerra-civil\\\/#authorImage\",\"url\":\"https:\\\/\\\/secure.gravatar.com\\\/avatar\\\/df2aeffc32bcd13f8d26072ef8a91b623d677766deac7f97ca815868cd41bf5e?s=96&d=mm&r=g\",\"width\":96,\"height\":96,\"caption\":\"El Digital de Asturias\"}},{\"@type\":\"WebPage\",\"@id\":\"https:\\\/\\\/www.eldigitaldeasturias.com\\\/noticias\\\/una-marcha-recuerda-a-las-victimas-del-otro-guernica-de-la-guerra-civil\\\/#webpage\",\"url\":\"https:\\\/\\\/www.eldigitaldeasturias.com\\\/noticias\\\/una-marcha-recuerda-a-las-victimas-del-otro-guernica-de-la-guerra-civil\\\/\",\"name\":\"Una marcha recuerda a las v\\u00edctimas del otro Guernica de la Guerra Civil - El Digital de Asturias\",\"description\":\"M\\u00e1laga, 2 feb (EFE).- Una marcha a pie ha recordado hoy a las v\\u00edctimas de uno de los hechos m\\u00e1s dram\\u00e1ticos de la Guerra Civil junto al bombardeo de Guernica, la huida en febrero de 1937 desde M\\u00e1laga por la carretera hacia Almer\\u00eda de miles de personas, sobre todo mujeres y ni\\u00f1os, que fueron bombardeadas\",\"inLanguage\":\"es-ES\",\"isPartOf\":{\"@id\":\"https:\\\/\\\/www.eldigitaldeasturias.com\\\/noticias\\\/#website\"},\"breadcrumb\":{\"@id\":\"https:\\\/\\\/www.eldigitaldeasturias.com\\\/noticias\\\/una-marcha-recuerda-a-las-victimas-del-otro-guernica-de-la-guerra-civil\\\/#breadcrumblist\"},\"author\":{\"@id\":\"https:\\\/\\\/www.eldigitaldeasturias.com\\\/noticias\\\/author\\\/admin\\\/#author\"},\"creator\":{\"@id\":\"https:\\\/\\\/www.eldigitaldeasturias.com\\\/noticias\\\/author\\\/admin\\\/#author\"},\"image\":{\"@type\":\"ImageObject\",\"url\":482319,\"@id\":\"https:\\\/\\\/www.eldigitaldeasturias.com\\\/noticias\\\/una-marcha-recuerda-a-las-victimas-del-otro-guernica-de-la-guerra-civil\\\/#mainImage\"},\"primaryImageOfPage\":{\"@id\":\"https:\\\/\\\/www.eldigitaldeasturias.com\\\/noticias\\\/una-marcha-recuerda-a-las-victimas-del-otro-guernica-de-la-guerra-civil\\\/#mainImage\"},\"datePublished\":\"2014-02-02T21:45:04+01:00\",\"dateModified\":\"2014-02-02T21:45:04+01:00\"},{\"@type\":\"WebSite\",\"@id\":\"https:\\\/\\\/www.eldigitaldeasturias.com\\\/noticias\\\/#website\",\"url\":\"https:\\\/\\\/www.eldigitaldeasturias.com\\\/noticias\\\/\",\"name\":\"El Digital de Asturias - Diario de actualidad y noticias\",\"alternateName\":\"El Digital de Asturias - Diario de actualidad y noticias\",\"description\":\"Hemeroteca\",\"inLanguage\":\"es-ES\",\"publisher\":{\"@id\":\"https:\\\/\\\/www.eldigitaldeasturias.com\\\/noticias\\\/#organization\"}}]}\n\t\t<\/script>\n\t\t<!-- All in One SEO Pro -->\r\n\t\t<title>Una marcha recuerda a las v\u00edctimas del otro Guernica de la Guerra Civil - El Digital de Asturias<\/title>\n\n","aioseo_head_json":{"title":"Una marcha recuerda a las v\u00edctimas del otro Guernica de la Guerra Civil - El Digital de Asturias","description":"M\u00e1laga, 2 feb (EFE).- Una marcha a pie ha recordado hoy a las v\u00edctimas de uno de los hechos m\u00e1s dram\u00e1ticos de la Guerra Civil junto al bombardeo de Guernica, la huida en febrero de 1937 desde M\u00e1laga por la carretera hacia Almer\u00eda de miles de personas, sobre todo mujeres y ni\u00f1os, que fueron bombardeadas","canonical_url":"https:\/\/www.eldigitaldeasturias.com\/noticias\/una-marcha-recuerda-a-las-victimas-del-otro-guernica-de-la-guerra-civil\/","robots":"max-image-preview:large","keywords":"actualidad","webmasterTools":{"google-site-verification":"UA-38556648-1","msvalidate.01":"7dfe9f3f1b24437ab69f4f2559babe99","miscellaneous":""},"schema":{"@context":"https:\/\/schema.org","@graph":[{"@type":"BlogPosting","@id":"https:\/\/www.eldigitaldeasturias.com\/noticias\/una-marcha-recuerda-a-las-victimas-del-otro-guernica-de-la-guerra-civil\/#blogposting","name":"Una marcha recuerda a las v\u00edctimas del otro Guernica de la Guerra Civil - El Digital de Asturias","headline":"Una marcha recuerda a las v\u00edctimas del otro Guernica de la Guerra Civil","author":{"@id":"https:\/\/www.eldigitaldeasturias.com\/noticias\/author\/admin\/#author"},"publisher":{"@id":"https:\/\/www.eldigitaldeasturias.com\/noticias\/#organization"},"image":{"@type":"ImageObject","url":482319},"datePublished":"2014-02-02T21:45:04+01:00","dateModified":"2014-02-02T21:45:04+01:00","inLanguage":"es-ES","mainEntityOfPage":{"@id":"https:\/\/www.eldigitaldeasturias.com\/noticias\/una-marcha-recuerda-a-las-victimas-del-otro-guernica-de-la-guerra-civil\/#webpage"},"isPartOf":{"@id":"https:\/\/www.eldigitaldeasturias.com\/noticias\/una-marcha-recuerda-a-las-victimas-del-otro-guernica-de-la-guerra-civil\/#webpage"},"articleSection":"Actualidad"},{"@type":"BreadcrumbList","@id":"https:\/\/www.eldigitaldeasturias.com\/noticias\/una-marcha-recuerda-a-las-victimas-del-otro-guernica-de-la-guerra-civil\/#breadcrumblist","itemListElement":[{"@type":"ListItem","@id":"https:\/\/www.eldigitaldeasturias.com\/noticias#listItem","position":1,"name":"Home","item":"https:\/\/www.eldigitaldeasturias.com\/noticias","nextItem":{"@type":"ListItem","@id":"https:\/\/www.eldigitaldeasturias.com\/noticias\/category\/actualidad\/#listItem","name":"Actualidad"}},{"@type":"ListItem","@id":"https:\/\/www.eldigitaldeasturias.com\/noticias\/category\/actualidad\/#listItem","position":2,"name":"Actualidad","item":"https:\/\/www.eldigitaldeasturias.com\/noticias\/category\/actualidad\/","nextItem":{"@type":"ListItem","@id":"https:\/\/www.eldigitaldeasturias.com\/noticias\/una-marcha-recuerda-a-las-victimas-del-otro-guernica-de-la-guerra-civil\/#listItem","name":"Una marcha recuerda a las v\u00edctimas del otro Guernica de la Guerra Civil"},"previousItem":{"@type":"ListItem","@id":"https:\/\/www.eldigitaldeasturias.com\/noticias#listItem","name":"Home"}},{"@type":"ListItem","@id":"https:\/\/www.eldigitaldeasturias.com\/noticias\/una-marcha-recuerda-a-las-victimas-del-otro-guernica-de-la-guerra-civil\/#listItem","position":3,"name":"Una marcha recuerda a las v\u00edctimas del otro Guernica de la Guerra Civil","previousItem":{"@type":"ListItem","@id":"https:\/\/www.eldigitaldeasturias.com\/noticias\/category\/actualidad\/#listItem","name":"Actualidad"}}]},{"@type":"Organization","@id":"https:\/\/www.eldigitaldeasturias.com\/noticias\/#organization","name":"El Digital de Asturias","description":"Hemeroteca","url":"https:\/\/www.eldigitaldeasturias.com\/noticias\/","email":"info@eldigitaldeasturias.com","telephone":"+34652131393","logo":{"@type":"ImageObject","url":"https:\/\/www.eldigitaldeasturias.com\/noticias\/wp-content\/uploads\/2020\/12\/EDA.jpg","@id":"https:\/\/www.eldigitaldeasturias.com\/noticias\/una-marcha-recuerda-a-las-victimas-del-otro-guernica-de-la-guerra-civil\/#organizationLogo"},"image":{"@id":"https:\/\/www.eldigitaldeasturias.com\/noticias\/una-marcha-recuerda-a-las-victimas-del-otro-guernica-de-la-guerra-civil\/#organizationLogo"},"sameAs":["https:\/\/facebook.com\/eldigitaldeasturias","https:\/\/www.youtube.com\/channel\/UCZP-2wLEB9Rv6erhFmqVnvg"],"address":{"@id":"https:\/\/www.eldigitaldeasturias.com\/noticias\/#postaladdress","@type":"PostalAddress","streetAddress":"san antonio 4","postalCode":"33430","addressLocality":"Cand\u00e1s","addressRegion":"Asturias","addressCountry":"ES"}},{"@type":"Person","@id":"https:\/\/www.eldigitaldeasturias.com\/noticias\/author\/admin\/#author","url":"https:\/\/www.eldigitaldeasturias.com\/noticias\/author\/admin\/","name":"El Digital de Asturias","image":{"@type":"ImageObject","@id":"https:\/\/www.eldigitaldeasturias.com\/noticias\/una-marcha-recuerda-a-las-victimas-del-otro-guernica-de-la-guerra-civil\/#authorImage","url":"https:\/\/secure.gravatar.com\/avatar\/df2aeffc32bcd13f8d26072ef8a91b623d677766deac7f97ca815868cd41bf5e?s=96&d=mm&r=g","width":96,"height":96,"caption":"El Digital de Asturias"}},{"@type":"WebPage","@id":"https:\/\/www.eldigitaldeasturias.com\/noticias\/una-marcha-recuerda-a-las-victimas-del-otro-guernica-de-la-guerra-civil\/#webpage","url":"https:\/\/www.eldigitaldeasturias.com\/noticias\/una-marcha-recuerda-a-las-victimas-del-otro-guernica-de-la-guerra-civil\/","name":"Una marcha recuerda a las v\u00edctimas del otro Guernica de la Guerra Civil - El Digital de Asturias","description":"M\u00e1laga, 2 feb (EFE).- Una marcha a pie ha recordado hoy a las v\u00edctimas de uno de los hechos m\u00e1s dram\u00e1ticos de la Guerra Civil junto al bombardeo de Guernica, la huida en febrero de 1937 desde M\u00e1laga por la carretera hacia Almer\u00eda de miles de personas, sobre todo mujeres y ni\u00f1os, que fueron bombardeadas","inLanguage":"es-ES","isPartOf":{"@id":"https:\/\/www.eldigitaldeasturias.com\/noticias\/#website"},"breadcrumb":{"@id":"https:\/\/www.eldigitaldeasturias.com\/noticias\/una-marcha-recuerda-a-las-victimas-del-otro-guernica-de-la-guerra-civil\/#breadcrumblist"},"author":{"@id":"https:\/\/www.eldigitaldeasturias.com\/noticias\/author\/admin\/#author"},"creator":{"@id":"https:\/\/www.eldigitaldeasturias.com\/noticias\/author\/admin\/#author"},"image":{"@type":"ImageObject","url":482319,"@id":"https:\/\/www.eldigitaldeasturias.com\/noticias\/una-marcha-recuerda-a-las-victimas-del-otro-guernica-de-la-guerra-civil\/#mainImage"},"primaryImageOfPage":{"@id":"https:\/\/www.eldigitaldeasturias.com\/noticias\/una-marcha-recuerda-a-las-victimas-del-otro-guernica-de-la-guerra-civil\/#mainImage"},"datePublished":"2014-02-02T21:45:04+01:00","dateModified":"2014-02-02T21:45:04+01:00"},{"@type":"WebSite","@id":"https:\/\/www.eldigitaldeasturias.com\/noticias\/#website","url":"https:\/\/www.eldigitaldeasturias.com\/noticias\/","name":"El Digital de Asturias - Diario de actualidad y noticias","alternateName":"El Digital de Asturias - Diario de actualidad y noticias","description":"Hemeroteca","inLanguage":"es-ES","publisher":{"@id":"https:\/\/www.eldigitaldeasturias.com\/noticias\/#organization"}}]},"og:locale":"es_ES","og:site_name":"El Digital de Asturias","og:type":"article","og:title":"Una marcha recuerda a las v\u00edctimas del otro Guernica de la Guerra Civil - El Digital de Asturias","og:description":"M\u00e1laga, 2 feb (EFE).- Una marcha a pie ha recordado hoy a las v\u00edctimas de uno de los hechos m\u00e1s dram\u00e1ticos de la Guerra Civil junto al bombardeo de Guernica, la huida en febrero de 1937 desde M\u00e1laga por la carretera hacia Almer\u00eda de miles de personas, sobre todo mujeres y ni\u00f1os, que fueron bombardeadas","og:url":"https:\/\/www.eldigitaldeasturias.com\/noticias\/una-marcha-recuerda-a-las-victimas-del-otro-guernica-de-la-guerra-civil\/","article:tag":["actualidad"],"article:published_time":"2014-02-02T22:45:04+00:00","article:modified_time":"2014-02-02T22:45:04+00:00","article:publisher":"https:\/\/facebook.com\/eldigitaldeasturias","twitter:card":"summary_large_image","twitter:title":"Una marcha recuerda a las v\u00edctimas del otro Guernica de la Guerra Civil - El Digital de Asturias","twitter:description":"M\u00e1laga, 2 feb (EFE).- Una marcha a pie ha recordado hoy a las v\u00edctimas de uno de los hechos m\u00e1s dram\u00e1ticos de la Guerra Civil junto al bombardeo de Guernica, la huida en febrero de 1937 desde M\u00e1laga por la carretera hacia Almer\u00eda de miles de personas, sobre todo mujeres y ni\u00f1os, que fueron bombardeadas","twitter:label1":"Escrito por","twitter:data1":"El Digital de Asturias","twitter:label2":"Tiempo de lectura estimado","twitter:data2":"3 minutos"},"aioseo_meta_data":{"post_id":"482318","title":null,"description":null,"keywords":null,"keyphrases":null,"primary_term":null,"canonical_url":null,"og_title":null,"og_description":null,"og_object_type":"default","og_image_type":"default","og_image_url":null,"og_image_width":null,"og_image_height":null,"og_image_custom_url":null,"og_image_custom_fields":null,"og_video":null,"og_custom_url":null,"og_article_section":null,"og_article_tags":null,"twitter_use_og":true,"twitter_card":"default","twitter_image_type":"default","twitter_image_url":null,"twitter_image_custom_url":null,"twitter_image_custom_fields":null,"twitter_title":null,"twitter_description":null,"schema":{"blockGraphs":[],"customGraphs":[],"default":{"data":{"Article":[],"Course":[],"Dataset":[],"FAQPage":[],"Movie":[],"Person":[],"Product":[],"ProductReview":[],"Car":[],"Recipe":[],"Service":[],"SoftwareApplication":[],"WebPage":[]},"graphName":"","isEnabled":true},"graphs":[],"defaultGraph":"","defaultPostTypeGraph":""},"schema_type":null,"schema_type_options":null,"pillar_content":false,"robots_default":true,"robots_noindex":false,"robots_noarchive":false,"robots_nosnippet":false,"robots_nofollow":false,"robots_noimageindex":false,"robots_noodp":false,"robots_notranslate":false,"robots_max_snippet":null,"robots_max_videopreview":null,"robots_max_imagepreview":"none","priority":null,"frequency":null,"local_seo":null,"seo_analyzer_scan_date":"2026-06-02 09:28:02","breadcrumb_settings":null,"limit_modified_date":false,"open_ai":null,"ai":null,"created":"2020-11-14 22:54:33","updated":"2026-06-02 09:28:02","focus_keyword":null,"additional_keywords":null,"truseo_locale":null},"aioseo_breadcrumb":"<div class=\"aioseo-breadcrumbs\"><span class=\"aioseo-breadcrumb\">\n\t<a href=\"https:\/\/www.eldigitaldeasturias.com\/noticias\" title=\"Home\">Home<\/a>\n<\/span><span class=\"aioseo-breadcrumb-separator\">\u2013<\/span><span class=\"aioseo-breadcrumb\">\n\t<a href=\"https:\/\/www.eldigitaldeasturias.com\/noticias\/category\/actualidad\/\" title=\"Actualidad\">Actualidad<\/a>\n<\/span><span class=\"aioseo-breadcrumb-separator\">\u2013<\/span><span class=\"aioseo-breadcrumb\">\n\t<a href=\"https:\/\/www.eldigitaldeasturias.com\/noticias\/una-marcha-recuerda-a-las-victimas-del-otro-guernica-de-la-guerra-civil\/\" title=\"Una marcha recuerda a las v\u00edctimas del otro Guernica de la Guerra Civil\">Una marcha recuerda a las v\u00edctimas del otro Guernica de la Guerra Civil<\/a>\n<\/span><\/div>","aioseo_breadcrumb_json":[{"label":"Home","link":"https:\/\/www.eldigitaldeasturias.com\/noticias"},{"label":"Actualidad","link":"https:\/\/www.eldigitaldeasturias.com\/noticias\/category\/actualidad\/"},{"label":"Una marcha recuerda a las v\u00edctimas del otro Guernica de la Guerra Civil","link":"https:\/\/www.eldigitaldeasturias.com\/noticias\/una-marcha-recuerda-a-las-victimas-del-otro-guernica-de-la-guerra-civil\/"}],"_links":{"self":[{"href":"https:\/\/www.eldigitaldeasturias.com\/noticias\/wp-json\/wp\/v2\/posts\/482318","targetHints":{"allow":["GET"]}}],"collection":[{"href":"https:\/\/www.eldigitaldeasturias.com\/noticias\/wp-json\/wp\/v2\/posts"}],"about":[{"href":"https:\/\/www.eldigitaldeasturias.com\/noticias\/wp-json\/wp\/v2\/types\/post"}],"author":[{"embeddable":true,"href":"https:\/\/www.eldigitaldeasturias.com\/noticias\/wp-json\/wp\/v2\/users\/1"}],"replies":[{"embeddable":true,"href":"https:\/\/www.eldigitaldeasturias.com\/noticias\/wp-json\/wp\/v2\/comments?post=482318"}],"version-history":[{"count":0,"href":"https:\/\/www.eldigitaldeasturias.com\/noticias\/wp-json\/wp\/v2\/posts\/482318\/revisions"}],"wp:attachment":[{"href":"https:\/\/www.eldigitaldeasturias.com\/noticias\/wp-json\/wp\/v2\/media?parent=482318"}],"wp:term":[{"taxonomy":"category","embeddable":true,"href":"https:\/\/www.eldigitaldeasturias.com\/noticias\/wp-json\/wp\/v2\/categories?post=482318"},{"taxonomy":"post_tag","embeddable":true,"href":"https:\/\/www.eldigitaldeasturias.com\/noticias\/wp-json\/wp\/v2\/tags?post=482318"}],"curies":[{"name":"wp","href":"https:\/\/api.w.org\/{rel}","templated":true}]}}