{"id":482303,"date":"2014-02-02T21:31:15","date_gmt":"2014-02-02T22:31:15","guid":{"rendered":"http:\/\/www.eldigitaldeasturias.com\/noticias\/?p=482303"},"modified":"2014-02-02T21:31:15","modified_gmt":"2014-02-02T22:31:15","slug":"los-africanos-vuelven-a-dominar-en-el-xxvi-cross-internacional-de-valladolid","status":"publish","type":"post","link":"https:\/\/www.eldigitaldeasturias.com\/noticias\/los-africanos-vuelven-a-dominar-en-el-xxvi-cross-internacional-de-valladolid\/","title":{"rendered":"Los africanos vuelven a dominar en el XXVI Cross Internacional de Valladolid"},"content":{"rendered":"<p><img loading=\"lazy\" decoding=\"async\" class=\"alignleft size-medium wp-image-482304\" alt=\"5901444w\" src=\"https:\/\/www.eldigitaldeasturias.com\/noticias\/wp-content\/uploads\/2014\/02\/5901444w-360x267.jpg\" width=\"360\" height=\"267\" \/>Valladolid, 2 feb (EFE).- La atleta et\u00edope Marta Tigabea y el eritreo Samuel Tsegai han dominado con absoluta contundencia el XXVI Cross Internacional \u00abCiudad de Valladolid\u00bb, en el que han participado m\u00e1s de 2.000 corredores, y que sirve como clasificatorio para los pr\u00f3ximos Campeonatos de Espa\u00f1a individual y por clubes.<\/p>\n<p>Marta Tigabea, de 24 a\u00f1os, que ya ganara esta prueba el pasado a\u00f1o, complet\u00f3 el circuito de la Ca\u00f1ada Real, ubicado en el vallisoletano barrio de Covaresa, de 6.750 metros para la categor\u00eda femenina absoluta, en un tiempo de 23&#8217;47\u00bb, con el que se ha manifestado sentirse \u00abmuy contenta\u00bb.<\/p>\n<p>La corredora et\u00edope ha reconocido haber estado \u00abmuy c\u00f3moda\u00bb durante la prueba, en la que tom\u00f3 la iniciativa la que, a la postre, ser\u00eda la segunda clasificada, la asturiana Alba Garc\u00eda, del Club Bikila de Toledo, con un registro de 23&#8217;52\u00bb, y a la que super\u00f3 sin dificultad en el tramo final del recorrido.<\/p>\n<p>La tercera en el podio ha sido Paula Gonz\u00e1lez, del Club Deportivo Gonz\u00e1lez Berodia, quien par\u00f3 el crono en 23&#8217;57\u00bb, dejando por detr\u00e1s a atletas como la salmantina Gemma Mart\u00edn, la zamorana del R\u00e1cing Valladolid Alma de las Heras o la leonesa Blanca Fern\u00e1ndez de la Granja, que se hicieron con las primeras plazas del Campeonato Aut\u00f3nomico.<\/p>\n<p>En lo que respecta a la categor\u00eda masculina, que supon\u00eda cubrir un circuito de 10.000 metros, el eritreo del Nike Running Samuel Tsegay no ha encontrado rival durante el recorrido, seg\u00fan ha reconocido \u00e9l mismo al t\u00e9rmino de la prueba, lo que le ha permitido correr de manera relajada y llegar a meta con un tiempo de 30&#8217;24\u00bb.<\/p>\n<p>El segundo clasificado ha sido el joven corredor leon\u00e9s, tambi\u00e9n del Nike Running, Roberto Al\u00e1iz, quien fue \u00abayudado\u00bb por el africano, ya que le \u00abcort\u00f3 el viento\u00bb al ir en cabeza, para terminar la prueba con un registro de 30&#8217;34\u00bb, por delante del veterano Antonio Jim\u00e9nez Pentinel (30&#8217;49\u00bb), del Club Uni\u00f3n Guadalajara.<\/p>\n<p>Tsegay, que ya participara en este Cross Internacional en 2009, ha admitido haberse sentido \u00abmuy c\u00f3modo\u00bb y \u00abno haberse visto intimidado en ning\u00fan momento\u00bb por el resto de corredores.<\/p>\n<p>Al\u00e1iz, por su parte, ha \u00absufrido\u00bb para obtener la segunda plaza, ya que fue controlando al sevillano \u00abPenti\u00bb, tercero en la prueba, intentando mantener el ritmo impuesto por el africano, pero ha dado como fruto ganar a destacados atletas como el burgal\u00e9s Tom\u00e1s Tajadura y el palentino Javier Garc\u00eda del Barrio, que completar\u00edan el podio presidido por Al\u00e1iz en el Campeonato Regional.<\/p>\n<p>El leon\u00e9s conf\u00eda en \u00abhacer podio\u00bb en el pr\u00f3ximo Campeonato de Espa\u00f1a de Cross que se disputar\u00e1 en M\u00e9rida el pr\u00f3ximo 16 de marzo, ya que, seg\u00fan ha indicado, se encuentra \u00aben un buen estado de forma\u00bb y esta segunda plaza lograda hoy en Valladolid le sirve como \u00abmotivaci\u00f3n\u00bb para buscar una medalla en el Nacional.<\/p>\n","protected":false},"excerpt":{"rendered":"<p>Valladolid, 2 feb (EFE).- La atleta et\u00edope Marta Tigabea y el eritreo Samuel Tsegai han dominado con absoluta contundencia el XXVI Cross Internacional \u00abCiudad de Valladolid\u00bb, en el que han participado m\u00e1s de 2.000 corredores, y que sirve como clasificatorio para los pr\u00f3ximos Campeonatos de Espa\u00f1a individual y por clubes. Marta Tigabea, de 24 a\u00f1os, [&hellip;]<\/p>\n","protected":false},"author":1,"featured_media":482304,"comment_status":"closed","ping_status":"open","sticky":false,"template":"","format":"standard","meta":{"footnotes":""},"categories":[1],"tags":[],"class_list":["post-482303","post","type-post","status-publish","format-standard","has-post-thumbnail","hentry","category-actualidad"],"aioseo_notices":[],"aioseo_head":"\n\t\t<!-- All in One SEO Pro 5.0.1 - aioseo.com -->\n\t<meta name=\"description\" content=\"Valladolid, 2 feb (EFE).- La atleta et\u00edope Marta Tigabea y el eritreo Samuel Tsegai han dominado con absoluta contundencia el XXVI Cross Internacional &quot;Ciudad de Valladolid&quot;, en el que han participado m\u00e1s de 2.000 corredores, y que sirve como clasificatorio para los pr\u00f3ximos Campeonatos de Espa\u00f1a individual y por clubes. Marta Tigabea, de 24 a\u00f1os,\" \/>\n\t<meta name=\"robots\" content=\"max-image-preview:large\" \/>\n\t<meta name=\"author\" content=\"El Digital de Asturias\"\/>\n\t<meta name=\"google-site-verification\" content=\"UA-38556648-1\" \/>\n\t<meta name=\"msvalidate.01\" content=\"7dfe9f3f1b24437ab69f4f2559babe99\" \/>\n\t<meta name=\"keywords\" content=\"actualidad\" \/>\n\t<link rel=\"canonical\" href=\"https:\/\/www.eldigitaldeasturias.com\/noticias\/los-africanos-vuelven-a-dominar-en-el-xxvi-cross-internacional-de-valladolid\/\" \/>\n\t<meta name=\"generator\" content=\"All in One SEO Pro (AIOSEO) 5.0.1\" \/>\n\t\t<meta property=\"og:locale\" content=\"es_ES\" \/>\n\t\t<meta property=\"og:site_name\" content=\"El Digital de Asturias\" \/>\n\t\t<meta property=\"og:type\" content=\"article\" \/>\n\t\t<meta property=\"og:title\" content=\"Los africanos vuelven a dominar en el XXVI Cross Internacional de Valladolid - El Digital de Asturias\" \/>\n\t\t<meta property=\"og:description\" content=\"Valladolid, 2 feb (EFE).- La atleta et\u00edope Marta Tigabea y el eritreo Samuel Tsegai han dominado con absoluta contundencia el XXVI Cross Internacional &quot;Ciudad de Valladolid&quot;, en el que han participado m\u00e1s de 2.000 corredores, y que sirve como clasificatorio para los pr\u00f3ximos Campeonatos de Espa\u00f1a individual y por clubes. Marta Tigabea, de 24 a\u00f1os,\" \/>\n\t\t<meta property=\"og:url\" content=\"https:\/\/www.eldigitaldeasturias.com\/noticias\/los-africanos-vuelven-a-dominar-en-el-xxvi-cross-internacional-de-valladolid\/\" \/>\n\t\t<meta property=\"article:tag\" content=\"actualidad\" \/>\n\t\t<meta property=\"article:published_time\" content=\"2014-02-02T22:31:15+00:00\" \/>\n\t\t<meta property=\"article:modified_time\" content=\"2014-02-02T22:31:15+00:00\" \/>\n\t\t<meta property=\"article:publisher\" content=\"https:\/\/facebook.com\/eldigitaldeasturias\" \/>\n\t\t<meta name=\"twitter:card\" content=\"summary_large_image\" \/>\n\t\t<meta name=\"twitter:title\" content=\"Los africanos vuelven a dominar en el XXVI Cross Internacional de Valladolid - El Digital de Asturias\" \/>\n\t\t<meta name=\"twitter:description\" content=\"Valladolid, 2 feb (EFE).- La atleta et\u00edope Marta Tigabea y el eritreo Samuel Tsegai han dominado con absoluta contundencia el XXVI Cross Internacional &quot;Ciudad de Valladolid&quot;, en el que han participado m\u00e1s de 2.000 corredores, y que sirve como clasificatorio para los pr\u00f3ximos Campeonatos de Espa\u00f1a individual y por clubes. Marta Tigabea, de 24 a\u00f1os,\" \/>\n\t\t<meta name=\"twitter:label1\" content=\"Escrito por\" \/>\n\t\t<meta name=\"twitter:data1\" content=\"El Digital de Asturias\" \/>\n\t\t<meta name=\"twitter:label2\" content=\"Tiempo de lectura estimado\" \/>\n\t\t<meta name=\"twitter:data2\" content=\"3 minutos\" \/>\n\t\t<script type=\"application\/ld+json\" class=\"aioseo-schema\">\n\t\t\t{\"@context\":\"https:\\\/\\\/schema.org\",\"@graph\":[{\"@type\":\"BlogPosting\",\"@id\":\"https:\\\/\\\/www.eldigitaldeasturias.com\\\/noticias\\\/los-africanos-vuelven-a-dominar-en-el-xxvi-cross-internacional-de-valladolid\\\/#blogposting\",\"name\":\"Los africanos vuelven a dominar en el XXVI Cross Internacional de Valladolid - El Digital de Asturias\",\"headline\":\"Los africanos vuelven a dominar en el XXVI Cross Internacional de Valladolid\",\"author\":{\"@id\":\"https:\\\/\\\/www.eldigitaldeasturias.com\\\/noticias\\\/author\\\/admin\\\/#author\"},\"publisher\":{\"@id\":\"https:\\\/\\\/www.eldigitaldeasturias.com\\\/noticias\\\/#organization\"},\"image\":{\"@type\":\"ImageObject\",\"url\":482304},\"datePublished\":\"2014-02-02T21:31:15+01:00\",\"dateModified\":\"2014-02-02T21:31:15+01:00\",\"inLanguage\":\"es-ES\",\"mainEntityOfPage\":{\"@id\":\"https:\\\/\\\/www.eldigitaldeasturias.com\\\/noticias\\\/los-africanos-vuelven-a-dominar-en-el-xxvi-cross-internacional-de-valladolid\\\/#webpage\"},\"isPartOf\":{\"@id\":\"https:\\\/\\\/www.eldigitaldeasturias.com\\\/noticias\\\/los-africanos-vuelven-a-dominar-en-el-xxvi-cross-internacional-de-valladolid\\\/#webpage\"},\"articleSection\":\"Actualidad\"},{\"@type\":\"BreadcrumbList\",\"@id\":\"https:\\\/\\\/www.eldigitaldeasturias.com\\\/noticias\\\/los-africanos-vuelven-a-dominar-en-el-xxvi-cross-internacional-de-valladolid\\\/#breadcrumblist\",\"itemListElement\":[{\"@type\":\"ListItem\",\"@id\":\"https:\\\/\\\/www.eldigitaldeasturias.com\\\/noticias#listItem\",\"position\":1,\"name\":\"Home\",\"item\":\"https:\\\/\\\/www.eldigitaldeasturias.com\\\/noticias\",\"nextItem\":{\"@type\":\"ListItem\",\"@id\":\"https:\\\/\\\/www.eldigitaldeasturias.com\\\/noticias\\\/category\\\/actualidad\\\/#listItem\",\"name\":\"Actualidad\"}},{\"@type\":\"ListItem\",\"@id\":\"https:\\\/\\\/www.eldigitaldeasturias.com\\\/noticias\\\/category\\\/actualidad\\\/#listItem\",\"position\":2,\"name\":\"Actualidad\",\"item\":\"https:\\\/\\\/www.eldigitaldeasturias.com\\\/noticias\\\/category\\\/actualidad\\\/\",\"nextItem\":{\"@type\":\"ListItem\",\"@id\":\"https:\\\/\\\/www.eldigitaldeasturias.com\\\/noticias\\\/los-africanos-vuelven-a-dominar-en-el-xxvi-cross-internacional-de-valladolid\\\/#listItem\",\"name\":\"Los africanos vuelven a dominar en el XXVI Cross Internacional de Valladolid\"},\"previousItem\":{\"@type\":\"ListItem\",\"@id\":\"https:\\\/\\\/www.eldigitaldeasturias.com\\\/noticias#listItem\",\"name\":\"Home\"}},{\"@type\":\"ListItem\",\"@id\":\"https:\\\/\\\/www.eldigitaldeasturias.com\\\/noticias\\\/los-africanos-vuelven-a-dominar-en-el-xxvi-cross-internacional-de-valladolid\\\/#listItem\",\"position\":3,\"name\":\"Los africanos vuelven a dominar en el XXVI Cross Internacional de Valladolid\",\"previousItem\":{\"@type\":\"ListItem\",\"@id\":\"https:\\\/\\\/www.eldigitaldeasturias.com\\\/noticias\\\/category\\\/actualidad\\\/#listItem\",\"name\":\"Actualidad\"}}]},{\"@type\":\"Organization\",\"@id\":\"https:\\\/\\\/www.eldigitaldeasturias.com\\\/noticias\\\/#organization\",\"name\":\"El Digital de Asturias\",\"description\":\"Hemeroteca\",\"url\":\"https:\\\/\\\/www.eldigitaldeasturias.com\\\/noticias\\\/\",\"email\":\"info@eldigitaldeasturias.com\",\"telephone\":\"+34652131393\",\"logo\":{\"@type\":\"ImageObject\",\"url\":\"https:\\\/\\\/www.eldigitaldeasturias.com\\\/noticias\\\/wp-content\\\/uploads\\\/2020\\\/12\\\/EDA.jpg\",\"@id\":\"https:\\\/\\\/www.eldigitaldeasturias.com\\\/noticias\\\/los-africanos-vuelven-a-dominar-en-el-xxvi-cross-internacional-de-valladolid\\\/#organizationLogo\"},\"image\":{\"@id\":\"https:\\\/\\\/www.eldigitaldeasturias.com\\\/noticias\\\/los-africanos-vuelven-a-dominar-en-el-xxvi-cross-internacional-de-valladolid\\\/#organizationLogo\"},\"sameAs\":[\"https:\\\/\\\/facebook.com\\\/eldigitaldeasturias\",\"https:\\\/\\\/www.youtube.com\\\/channel\\\/UCZP-2wLEB9Rv6erhFmqVnvg\"],\"address\":{\"@id\":\"https:\\\/\\\/www.eldigitaldeasturias.com\\\/noticias\\\/#postaladdress\",\"@type\":\"PostalAddress\",\"streetAddress\":\"san antonio 4\",\"postalCode\":\"33430\",\"addressLocality\":\"Cand\\u00e1s\",\"addressRegion\":\"Asturias\",\"addressCountry\":\"ES\"}},{\"@type\":\"Person\",\"@id\":\"https:\\\/\\\/www.eldigitaldeasturias.com\\\/noticias\\\/author\\\/admin\\\/#author\",\"url\":\"https:\\\/\\\/www.eldigitaldeasturias.com\\\/noticias\\\/author\\\/admin\\\/\",\"name\":\"El Digital de Asturias\",\"image\":{\"@type\":\"ImageObject\",\"@id\":\"https:\\\/\\\/www.eldigitaldeasturias.com\\\/noticias\\\/los-africanos-vuelven-a-dominar-en-el-xxvi-cross-internacional-de-valladolid\\\/#authorImage\",\"url\":\"https:\\\/\\\/secure.gravatar.com\\\/avatar\\\/df2aeffc32bcd13f8d26072ef8a91b623d677766deac7f97ca815868cd41bf5e?s=96&d=mm&r=g\",\"width\":96,\"height\":96,\"caption\":\"El Digital de Asturias\"}},{\"@type\":\"WebPage\",\"@id\":\"https:\\\/\\\/www.eldigitaldeasturias.com\\\/noticias\\\/los-africanos-vuelven-a-dominar-en-el-xxvi-cross-internacional-de-valladolid\\\/#webpage\",\"url\":\"https:\\\/\\\/www.eldigitaldeasturias.com\\\/noticias\\\/los-africanos-vuelven-a-dominar-en-el-xxvi-cross-internacional-de-valladolid\\\/\",\"name\":\"Los africanos vuelven a dominar en el XXVI Cross Internacional de Valladolid - El Digital de Asturias\",\"description\":\"Valladolid, 2 feb (EFE).- La atleta et\\u00edope Marta Tigabea y el eritreo Samuel Tsegai han dominado con absoluta contundencia el XXVI Cross Internacional \\\"Ciudad de Valladolid\\\", en el que han participado m\\u00e1s de 2.000 corredores, y que sirve como clasificatorio para los pr\\u00f3ximos Campeonatos de Espa\\u00f1a individual y por clubes. Marta Tigabea, de 24 a\\u00f1os,\",\"inLanguage\":\"es-ES\",\"isPartOf\":{\"@id\":\"https:\\\/\\\/www.eldigitaldeasturias.com\\\/noticias\\\/#website\"},\"breadcrumb\":{\"@id\":\"https:\\\/\\\/www.eldigitaldeasturias.com\\\/noticias\\\/los-africanos-vuelven-a-dominar-en-el-xxvi-cross-internacional-de-valladolid\\\/#breadcrumblist\"},\"author\":{\"@id\":\"https:\\\/\\\/www.eldigitaldeasturias.com\\\/noticias\\\/author\\\/admin\\\/#author\"},\"creator\":{\"@id\":\"https:\\\/\\\/www.eldigitaldeasturias.com\\\/noticias\\\/author\\\/admin\\\/#author\"},\"image\":{\"@type\":\"ImageObject\",\"url\":482304,\"@id\":\"https:\\\/\\\/www.eldigitaldeasturias.com\\\/noticias\\\/los-africanos-vuelven-a-dominar-en-el-xxvi-cross-internacional-de-valladolid\\\/#mainImage\"},\"primaryImageOfPage\":{\"@id\":\"https:\\\/\\\/www.eldigitaldeasturias.com\\\/noticias\\\/los-africanos-vuelven-a-dominar-en-el-xxvi-cross-internacional-de-valladolid\\\/#mainImage\"},\"datePublished\":\"2014-02-02T21:31:15+01:00\",\"dateModified\":\"2014-02-02T21:31:15+01:00\"},{\"@type\":\"WebSite\",\"@id\":\"https:\\\/\\\/www.eldigitaldeasturias.com\\\/noticias\\\/#website\",\"url\":\"https:\\\/\\\/www.eldigitaldeasturias.com\\\/noticias\\\/\",\"name\":\"El Digital de Asturias - Diario de actualidad y noticias\",\"alternateName\":\"El Digital de Asturias - Diario de actualidad y noticias\",\"description\":\"Hemeroteca\",\"inLanguage\":\"es-ES\",\"publisher\":{\"@id\":\"https:\\\/\\\/www.eldigitaldeasturias.com\\\/noticias\\\/#organization\"}}]}\n\t\t<\/script>\n\t\t<!-- All in One SEO Pro -->\r\n\t\t<title>Los africanos vuelven a dominar en el XXVI Cross Internacional de Valladolid - El Digital de Asturias<\/title>\n\n","aioseo_head_json":{"title":"Los africanos vuelven a dominar en el XXVI Cross Internacional de Valladolid - El Digital de Asturias","description":"Valladolid, 2 feb (EFE).- La atleta et\u00edope Marta Tigabea y el eritreo Samuel Tsegai han dominado con absoluta contundencia el XXVI Cross Internacional \"Ciudad de Valladolid\", en el que han participado m\u00e1s de 2.000 corredores, y que sirve como clasificatorio para los pr\u00f3ximos Campeonatos de Espa\u00f1a individual y por clubes. Marta Tigabea, de 24 a\u00f1os,","canonical_url":"https:\/\/www.eldigitaldeasturias.com\/noticias\/los-africanos-vuelven-a-dominar-en-el-xxvi-cross-internacional-de-valladolid\/","robots":"max-image-preview:large","keywords":"actualidad","webmasterTools":{"google-site-verification":"UA-38556648-1","msvalidate.01":"7dfe9f3f1b24437ab69f4f2559babe99","miscellaneous":""},"schema":{"@context":"https:\/\/schema.org","@graph":[{"@type":"BlogPosting","@id":"https:\/\/www.eldigitaldeasturias.com\/noticias\/los-africanos-vuelven-a-dominar-en-el-xxvi-cross-internacional-de-valladolid\/#blogposting","name":"Los africanos vuelven a dominar en el XXVI Cross Internacional de Valladolid - El Digital de Asturias","headline":"Los africanos vuelven a dominar en el XXVI Cross Internacional de Valladolid","author":{"@id":"https:\/\/www.eldigitaldeasturias.com\/noticias\/author\/admin\/#author"},"publisher":{"@id":"https:\/\/www.eldigitaldeasturias.com\/noticias\/#organization"},"image":{"@type":"ImageObject","url":482304},"datePublished":"2014-02-02T21:31:15+01:00","dateModified":"2014-02-02T21:31:15+01:00","inLanguage":"es-ES","mainEntityOfPage":{"@id":"https:\/\/www.eldigitaldeasturias.com\/noticias\/los-africanos-vuelven-a-dominar-en-el-xxvi-cross-internacional-de-valladolid\/#webpage"},"isPartOf":{"@id":"https:\/\/www.eldigitaldeasturias.com\/noticias\/los-africanos-vuelven-a-dominar-en-el-xxvi-cross-internacional-de-valladolid\/#webpage"},"articleSection":"Actualidad"},{"@type":"BreadcrumbList","@id":"https:\/\/www.eldigitaldeasturias.com\/noticias\/los-africanos-vuelven-a-dominar-en-el-xxvi-cross-internacional-de-valladolid\/#breadcrumblist","itemListElement":[{"@type":"ListItem","@id":"https:\/\/www.eldigitaldeasturias.com\/noticias#listItem","position":1,"name":"Home","item":"https:\/\/www.eldigitaldeasturias.com\/noticias","nextItem":{"@type":"ListItem","@id":"https:\/\/www.eldigitaldeasturias.com\/noticias\/category\/actualidad\/#listItem","name":"Actualidad"}},{"@type":"ListItem","@id":"https:\/\/www.eldigitaldeasturias.com\/noticias\/category\/actualidad\/#listItem","position":2,"name":"Actualidad","item":"https:\/\/www.eldigitaldeasturias.com\/noticias\/category\/actualidad\/","nextItem":{"@type":"ListItem","@id":"https:\/\/www.eldigitaldeasturias.com\/noticias\/los-africanos-vuelven-a-dominar-en-el-xxvi-cross-internacional-de-valladolid\/#listItem","name":"Los africanos vuelven a dominar en el XXVI Cross Internacional de Valladolid"},"previousItem":{"@type":"ListItem","@id":"https:\/\/www.eldigitaldeasturias.com\/noticias#listItem","name":"Home"}},{"@type":"ListItem","@id":"https:\/\/www.eldigitaldeasturias.com\/noticias\/los-africanos-vuelven-a-dominar-en-el-xxvi-cross-internacional-de-valladolid\/#listItem","position":3,"name":"Los africanos vuelven a dominar en el XXVI Cross Internacional de Valladolid","previousItem":{"@type":"ListItem","@id":"https:\/\/www.eldigitaldeasturias.com\/noticias\/category\/actualidad\/#listItem","name":"Actualidad"}}]},{"@type":"Organization","@id":"https:\/\/www.eldigitaldeasturias.com\/noticias\/#organization","name":"El Digital de Asturias","description":"Hemeroteca","url":"https:\/\/www.eldigitaldeasturias.com\/noticias\/","email":"info@eldigitaldeasturias.com","telephone":"+34652131393","logo":{"@type":"ImageObject","url":"https:\/\/www.eldigitaldeasturias.com\/noticias\/wp-content\/uploads\/2020\/12\/EDA.jpg","@id":"https:\/\/www.eldigitaldeasturias.com\/noticias\/los-africanos-vuelven-a-dominar-en-el-xxvi-cross-internacional-de-valladolid\/#organizationLogo"},"image":{"@id":"https:\/\/www.eldigitaldeasturias.com\/noticias\/los-africanos-vuelven-a-dominar-en-el-xxvi-cross-internacional-de-valladolid\/#organizationLogo"},"sameAs":["https:\/\/facebook.com\/eldigitaldeasturias","https:\/\/www.youtube.com\/channel\/UCZP-2wLEB9Rv6erhFmqVnvg"],"address":{"@id":"https:\/\/www.eldigitaldeasturias.com\/noticias\/#postaladdress","@type":"PostalAddress","streetAddress":"san antonio 4","postalCode":"33430","addressLocality":"Cand\u00e1s","addressRegion":"Asturias","addressCountry":"ES"}},{"@type":"Person","@id":"https:\/\/www.eldigitaldeasturias.com\/noticias\/author\/admin\/#author","url":"https:\/\/www.eldigitaldeasturias.com\/noticias\/author\/admin\/","name":"El Digital de Asturias","image":{"@type":"ImageObject","@id":"https:\/\/www.eldigitaldeasturias.com\/noticias\/los-africanos-vuelven-a-dominar-en-el-xxvi-cross-internacional-de-valladolid\/#authorImage","url":"https:\/\/secure.gravatar.com\/avatar\/df2aeffc32bcd13f8d26072ef8a91b623d677766deac7f97ca815868cd41bf5e?s=96&d=mm&r=g","width":96,"height":96,"caption":"El Digital de Asturias"}},{"@type":"WebPage","@id":"https:\/\/www.eldigitaldeasturias.com\/noticias\/los-africanos-vuelven-a-dominar-en-el-xxvi-cross-internacional-de-valladolid\/#webpage","url":"https:\/\/www.eldigitaldeasturias.com\/noticias\/los-africanos-vuelven-a-dominar-en-el-xxvi-cross-internacional-de-valladolid\/","name":"Los africanos vuelven a dominar en el XXVI Cross Internacional de Valladolid - El Digital de Asturias","description":"Valladolid, 2 feb (EFE).- La atleta et\u00edope Marta Tigabea y el eritreo Samuel Tsegai han dominado con absoluta contundencia el XXVI Cross Internacional \"Ciudad de Valladolid\", en el que han participado m\u00e1s de 2.000 corredores, y que sirve como clasificatorio para los pr\u00f3ximos Campeonatos de Espa\u00f1a individual y por clubes. Marta Tigabea, de 24 a\u00f1os,","inLanguage":"es-ES","isPartOf":{"@id":"https:\/\/www.eldigitaldeasturias.com\/noticias\/#website"},"breadcrumb":{"@id":"https:\/\/www.eldigitaldeasturias.com\/noticias\/los-africanos-vuelven-a-dominar-en-el-xxvi-cross-internacional-de-valladolid\/#breadcrumblist"},"author":{"@id":"https:\/\/www.eldigitaldeasturias.com\/noticias\/author\/admin\/#author"},"creator":{"@id":"https:\/\/www.eldigitaldeasturias.com\/noticias\/author\/admin\/#author"},"image":{"@type":"ImageObject","url":482304,"@id":"https:\/\/www.eldigitaldeasturias.com\/noticias\/los-africanos-vuelven-a-dominar-en-el-xxvi-cross-internacional-de-valladolid\/#mainImage"},"primaryImageOfPage":{"@id":"https:\/\/www.eldigitaldeasturias.com\/noticias\/los-africanos-vuelven-a-dominar-en-el-xxvi-cross-internacional-de-valladolid\/#mainImage"},"datePublished":"2014-02-02T21:31:15+01:00","dateModified":"2014-02-02T21:31:15+01:00"},{"@type":"WebSite","@id":"https:\/\/www.eldigitaldeasturias.com\/noticias\/#website","url":"https:\/\/www.eldigitaldeasturias.com\/noticias\/","name":"El Digital de Asturias - Diario de actualidad y noticias","alternateName":"El Digital de Asturias - Diario de actualidad y noticias","description":"Hemeroteca","inLanguage":"es-ES","publisher":{"@id":"https:\/\/www.eldigitaldeasturias.com\/noticias\/#organization"}}]},"og:locale":"es_ES","og:site_name":"El Digital de Asturias","og:type":"article","og:title":"Los africanos vuelven a dominar en el XXVI Cross Internacional de Valladolid - El Digital de Asturias","og:description":"Valladolid, 2 feb (EFE).- La atleta et\u00edope Marta Tigabea y el eritreo Samuel Tsegai han dominado con absoluta contundencia el XXVI Cross Internacional &quot;Ciudad de Valladolid&quot;, en el que han participado m\u00e1s de 2.000 corredores, y que sirve como clasificatorio para los pr\u00f3ximos Campeonatos de Espa\u00f1a individual y por clubes. Marta Tigabea, de 24 a\u00f1os,","og:url":"https:\/\/www.eldigitaldeasturias.com\/noticias\/los-africanos-vuelven-a-dominar-en-el-xxvi-cross-internacional-de-valladolid\/","article:tag":["actualidad"],"article:published_time":"2014-02-02T22:31:15+00:00","article:modified_time":"2014-02-02T22:31:15+00:00","article:publisher":"https:\/\/facebook.com\/eldigitaldeasturias","twitter:card":"summary_large_image","twitter:title":"Los africanos vuelven a dominar en el XXVI Cross Internacional de Valladolid - El Digital de Asturias","twitter:description":"Valladolid, 2 feb (EFE).- La atleta et\u00edope Marta Tigabea y el eritreo Samuel Tsegai han dominado con absoluta contundencia el XXVI Cross Internacional &quot;Ciudad de Valladolid&quot;, en el que han participado m\u00e1s de 2.000 corredores, y que sirve como clasificatorio para los pr\u00f3ximos Campeonatos de Espa\u00f1a individual y por clubes. Marta Tigabea, de 24 a\u00f1os,","twitter:label1":"Escrito por","twitter:data1":"El Digital de Asturias","twitter:label2":"Tiempo de lectura estimado","twitter:data2":"3 minutos"},"aioseo_meta_data":{"post_id":"482303","title":null,"description":null,"keywords":null,"keyphrases":null,"primary_term":null,"canonical_url":null,"og_title":null,"og_description":null,"og_object_type":"default","og_image_type":"default","og_image_url":null,"og_image_width":null,"og_image_height":null,"og_image_custom_url":null,"og_image_custom_fields":null,"og_video":null,"og_custom_url":null,"og_article_section":null,"og_article_tags":null,"twitter_use_og":true,"twitter_card":"default","twitter_image_type":"default","twitter_image_url":null,"twitter_image_custom_url":null,"twitter_image_custom_fields":null,"twitter_title":null,"twitter_description":null,"schema":{"blockGraphs":[],"customGraphs":[],"default":{"data":{"Article":[],"Course":[],"Dataset":[],"FAQPage":[],"Movie":[],"Person":[],"Product":[],"ProductReview":[],"Car":[],"Recipe":[],"Service":[],"SoftwareApplication":[],"WebPage":[]},"graphName":"","isEnabled":true},"graphs":[],"defaultGraph":"","defaultPostTypeGraph":""},"schema_type":null,"schema_type_options":null,"pillar_content":false,"robots_default":true,"robots_noindex":false,"robots_noarchive":false,"robots_nosnippet":false,"robots_nofollow":false,"robots_noimageindex":false,"robots_noodp":false,"robots_notranslate":false,"robots_max_snippet":null,"robots_max_videopreview":null,"robots_max_imagepreview":"none","priority":null,"frequency":null,"local_seo":null,"seo_analyzer_scan_date":"2026-06-02 09:25:57","breadcrumb_settings":null,"limit_modified_date":false,"open_ai":null,"ai":null,"created":"2020-11-14 22:54:33","updated":"2026-06-02 09:25:57","focus_keyword":null,"additional_keywords":null,"truseo_locale":null},"aioseo_breadcrumb":"<div class=\"aioseo-breadcrumbs\"><span class=\"aioseo-breadcrumb\">\n\t<a href=\"https:\/\/www.eldigitaldeasturias.com\/noticias\" title=\"Home\">Home<\/a>\n<\/span><span class=\"aioseo-breadcrumb-separator\">\u2013<\/span><span class=\"aioseo-breadcrumb\">\n\t<a href=\"https:\/\/www.eldigitaldeasturias.com\/noticias\/category\/actualidad\/\" title=\"Actualidad\">Actualidad<\/a>\n<\/span><span class=\"aioseo-breadcrumb-separator\">\u2013<\/span><span class=\"aioseo-breadcrumb\">\n\t<a href=\"https:\/\/www.eldigitaldeasturias.com\/noticias\/los-africanos-vuelven-a-dominar-en-el-xxvi-cross-internacional-de-valladolid\/\" title=\"Los africanos vuelven a dominar en el XXVI Cross Internacional de Valladolid\">Los africanos vuelven a dominar en el XXVI Cross Internacional de Valladolid<\/a>\n<\/span><\/div>","aioseo_breadcrumb_json":[{"label":"Home","link":"https:\/\/www.eldigitaldeasturias.com\/noticias"},{"label":"Actualidad","link":"https:\/\/www.eldigitaldeasturias.com\/noticias\/category\/actualidad\/"},{"label":"Los africanos vuelven a dominar en el XXVI Cross Internacional de Valladolid","link":"https:\/\/www.eldigitaldeasturias.com\/noticias\/los-africanos-vuelven-a-dominar-en-el-xxvi-cross-internacional-de-valladolid\/"}],"_links":{"self":[{"href":"https:\/\/www.eldigitaldeasturias.com\/noticias\/wp-json\/wp\/v2\/posts\/482303","targetHints":{"allow":["GET"]}}],"collection":[{"href":"https:\/\/www.eldigitaldeasturias.com\/noticias\/wp-json\/wp\/v2\/posts"}],"about":[{"href":"https:\/\/www.eldigitaldeasturias.com\/noticias\/wp-json\/wp\/v2\/types\/post"}],"author":[{"embeddable":true,"href":"https:\/\/www.eldigitaldeasturias.com\/noticias\/wp-json\/wp\/v2\/users\/1"}],"replies":[{"embeddable":true,"href":"https:\/\/www.eldigitaldeasturias.com\/noticias\/wp-json\/wp\/v2\/comments?post=482303"}],"version-history":[{"count":0,"href":"https:\/\/www.eldigitaldeasturias.com\/noticias\/wp-json\/wp\/v2\/posts\/482303\/revisions"}],"wp:attachment":[{"href":"https:\/\/www.eldigitaldeasturias.com\/noticias\/wp-json\/wp\/v2\/media?parent=482303"}],"wp:term":[{"taxonomy":"category","embeddable":true,"href":"https:\/\/www.eldigitaldeasturias.com\/noticias\/wp-json\/wp\/v2\/categories?post=482303"},{"taxonomy":"post_tag","embeddable":true,"href":"https:\/\/www.eldigitaldeasturias.com\/noticias\/wp-json\/wp\/v2\/tags?post=482303"}],"curies":[{"name":"wp","href":"https:\/\/api.w.org\/{rel}","templated":true}]}}