{"id":482294,"date":"2014-02-02T21:27:28","date_gmt":"2014-02-02T22:27:28","guid":{"rendered":"http:\/\/www.eldigitaldeasturias.com\/noticias\/?p=482294"},"modified":"2014-02-02T21:27:28","modified_gmt":"2014-02-02T22:27:28","slug":"susana-diaz-pide-la-reforma-de-la-constitucion-y-acusa-al-pp-de-mentir","status":"publish","type":"post","link":"https:\/\/www.eldigitaldeasturias.com\/noticias\/susana-diaz-pide-la-reforma-de-la-constitucion-y-acusa-al-pp-de-mentir\/","title":{"rendered":"Susana D\u00edaz pide la reforma de la Constituci\u00f3n y acusa al PP de mentir"},"content":{"rendered":"<p><img loading=\"lazy\" decoding=\"async\" class=\"alignleft size-medium wp-image-482295\" alt=\"5901407w\" src=\"https:\/\/www.eldigitaldeasturias.com\/noticias\/wp-content\/uploads\/2014\/02\/5901407w-360x222.jpg\" width=\"360\" height=\"222\" \/>L&#8217;Hospitalet de Llobregat (Barcelona), 2 feb (EFE).- La presidenta andaluza y secretaria general del PSOE de Andaluc\u00eda, Susana D\u00edaz, ha defendido hoy la reforma de la Constituci\u00f3n \u00abpara que todos nos sintamos a gusto\u00bb y ha acusado al PP de organizar su discurso \u00absobre el enga\u00f1o, la mentira y el sufrimiento\u00bb.<\/p>\n<p>D\u00edaz ha participado este mediod\u00eda en un acto organizado por el PSC en el recinto ferial de La Farga de L&#8217;Hospitalet a favor del federalismo.<\/p>\n<p>La presidenta de la Junta de Andaluc\u00eda ha considerado que \u00abla autonom\u00eda es lo que molesta a unos y a otros\u00bb, y lo que \u00abha puesto a Catalu\u00f1a en un choque de trenes, entre los que quieren dejar sola a Catalu\u00f1a y los que la quieren aislar\u00bb,<\/p>\n<p>La l\u00edder de los socialistas andaluces ha asegurado que \u00abnosotros no somos ni separadores ni separatistas\u00bb y ha dicho que \u00abjuntos nos ha ido bien\u00bb.<\/p>\n<p>D\u00edaz ha lamentado que \u00ablos intereses de determinada derecha de Catalu\u00f1a y de Espa\u00f1a se est\u00e1n imponiendo a los intereses de los ciudadanos, unos porque tienen el modelo centralista y pretenden quitar competencias a las autonom\u00edas para que los presidentes puedan demostrar que otra pol\u00edtica es posible\u00bb y los otros \u00abporque delante del precipicio pretenden seguir adelante\u00bb.<\/p>\n<p>La presidenta de la Junta andaluza ha avanzado que \u00abel gobierno de Andaluc\u00eda comunic\u00f3 el viernes al de Espa\u00f1a que ha cumplido los objetivos de d\u00e9ficit y protegiendo a quien m\u00e1s lo necesita\u00bb, y ha lamentado que se cuestionara que \u00abse pueda hacer desde un gobierno de izquierdas.<\/p>\n<p>\u00abEstamos tomando decisiones, que primero est\u00e1n las personas\u00bb, ha dicho D\u00edaz, que ha a\u00f1adido: \u00abPonen piedras (los partidos de la derecha) en el camino permanentemente para impedir que demostremos que otra pol\u00edtica es posible\u00bb.<\/p>\n<p>D\u00edaz ha asegurado que su objetivo es utilizar la autonom\u00eda \u00abpara mejorar la vida de las personas\u00bb, que por eso se rebela \u00abante los separadores y los separatistas\u00bb, y que para ello necesitan a un PSC que, ha reconocido, \u00ablo est\u00e1 pasando mal\u00bb.<\/p>\n<p>La presidenta de la Junta de Andaluc\u00eda tambi\u00e9n se ha referido a la convenci\u00f3n nacional del PP en Valladolid, al que se ha referido como \u00abc\u00f3nclave\u00bb, y ha asegurado que \u00abest\u00e1n dedicando tres d\u00edas para explicar al resto de Espa\u00f1a que no se est\u00e1n peleando\u00bb.<\/p>\n<p>D\u00edaz ha dicho que \u00ablo que pasa en Valladolid es que cuando se construye un proyecto desde la mentira, dici\u00e9ndole a todo el mundo lo que quiere escuchar\u00bb, y cuando despu\u00e9s \u00abun Gobierno tiene que tomar decisiones, si a mucha gente se le ha prometido cosas muy diferentes hay un problema\u00bb.<\/p>\n<p>La presidenta andaluza ha acusado al PP de organizar su discurso \u00absobre el enga\u00f1o, la mentira y el sufrimiento\u00bb.<\/p>\n<p>D\u00edaz ha dicho que el PP \u00abest\u00e1 haciendo da\u00f1o a muchas personas: pensionistas, estudiantes y mujeres\u00bb, y ha asegurado que \u00abla reforma de la ley del aborto averg\u00fcenza a Espa\u00f1a en la Uni\u00f3n Europea\u00bb.<\/p>\n<p>En el mismo acto, el primer secretario del PSC, Pere Navarro, ha dicho que la sociedad \u00abha demostrado que tiene una gran capacidad de sacrificio\u00bb y ha defendido que \u00abse ha acabado que los \u00fanicos que se sacrifiquen sean los mismos y debemos compartir con una fuerza de transformaci\u00f3n\u00bb al tiempo que ha asegurado: \u00abLo haremos juntos todos los pueblos de Espa\u00f1a\u00bb.<\/p>\n<p>El primer secretario de los socialistas catalanes, Pere Navarro, ha dicho que \u00abnecesitamos gobiernos honestos\u00bb y que \u00abtenemos unos gobiernos de derecha que hacen de la hipocres\u00eda su se\u00f1al de identidad\u00bb, al tiempo que ha acusado a los gobiernos de Espa\u00f1a y de Catalu\u00f1a de \u00abhacer una sociedad dual, una sociedad enfrentada entre ricos y pobres\u00bb.<\/p>\n<p>Navarro ha dicho que \u00abel nacionalismo catal\u00e1n y espa\u00f1ol se ponen de acuerdo en el modelo pero se pelean por las banderas\u00bb y ha recalcado que el PP \u00absiempre ha cre\u00eddo que ir en contra de Catalu\u00f1a le daba votos, votos a cambio de enfrentar a la gente, por la lucha de las banderas\u00bb.<\/p>\n","protected":false},"excerpt":{"rendered":"<p>L&#8217;Hospitalet de Llobregat (Barcelona), 2 feb (EFE).- La presidenta andaluza y secretaria general del PSOE de Andaluc\u00eda, Susana D\u00edaz, ha defendido hoy la reforma de la Constituci\u00f3n \u00abpara que todos nos sintamos a gusto\u00bb y ha acusado al PP de organizar su discurso \u00absobre el enga\u00f1o, la mentira y el sufrimiento\u00bb. D\u00edaz ha participado este [&hellip;]<\/p>\n","protected":false},"author":1,"featured_media":482295,"comment_status":"closed","ping_status":"open","sticky":false,"template":"","format":"standard","meta":{"footnotes":""},"categories":[1],"tags":[],"class_list":["post-482294","post","type-post","status-publish","format-standard","has-post-thumbnail","hentry","category-actualidad"],"aioseo_notices":[],"aioseo_head":"\n\t\t<!-- All in One SEO Pro 5.0.1 - aioseo.com -->\n\t<meta name=\"description\" content=\"L&#039;Hospitalet de Llobregat (Barcelona), 2 feb (EFE).- La presidenta andaluza y secretaria general del PSOE de Andaluc\u00eda, Susana D\u00edaz, ha defendido hoy la reforma de la Constituci\u00f3n &quot;para que todos nos sintamos a gusto&quot; y ha acusado al PP de organizar su discurso &quot;sobre el enga\u00f1o, la mentira y el sufrimiento&quot;. D\u00edaz ha participado este\" \/>\n\t<meta name=\"robots\" content=\"max-image-preview:large\" \/>\n\t<meta name=\"author\" content=\"El Digital de Asturias\"\/>\n\t<meta name=\"google-site-verification\" content=\"UA-38556648-1\" \/>\n\t<meta name=\"msvalidate.01\" content=\"7dfe9f3f1b24437ab69f4f2559babe99\" \/>\n\t<meta name=\"keywords\" content=\"actualidad\" \/>\n\t<link rel=\"canonical\" href=\"https:\/\/www.eldigitaldeasturias.com\/noticias\/susana-diaz-pide-la-reforma-de-la-constitucion-y-acusa-al-pp-de-mentir\/\" \/>\n\t<meta name=\"generator\" content=\"All in One SEO Pro (AIOSEO) 5.0.1\" \/>\n\t\t<meta property=\"og:locale\" content=\"es_ES\" \/>\n\t\t<meta property=\"og:site_name\" content=\"El Digital de Asturias\" \/>\n\t\t<meta property=\"og:type\" content=\"article\" \/>\n\t\t<meta property=\"og:title\" content=\"Susana D\u00edaz pide la reforma de la Constituci\u00f3n y acusa al PP de mentir - El Digital de Asturias\" \/>\n\t\t<meta property=\"og:description\" content=\"L&#039;Hospitalet de Llobregat (Barcelona), 2 feb (EFE).- La presidenta andaluza y secretaria general del PSOE de Andaluc\u00eda, Susana D\u00edaz, ha defendido hoy la reforma de la Constituci\u00f3n &quot;para que todos nos sintamos a gusto&quot; y ha acusado al PP de organizar su discurso &quot;sobre el enga\u00f1o, la mentira y el sufrimiento&quot;. D\u00edaz ha participado este\" \/>\n\t\t<meta property=\"og:url\" content=\"https:\/\/www.eldigitaldeasturias.com\/noticias\/susana-diaz-pide-la-reforma-de-la-constitucion-y-acusa-al-pp-de-mentir\/\" \/>\n\t\t<meta property=\"article:tag\" content=\"actualidad\" \/>\n\t\t<meta property=\"article:published_time\" content=\"2014-02-02T22:27:28+00:00\" \/>\n\t\t<meta property=\"article:modified_time\" content=\"2014-02-02T22:27:28+00:00\" \/>\n\t\t<meta property=\"article:publisher\" content=\"https:\/\/facebook.com\/eldigitaldeasturias\" \/>\n\t\t<meta name=\"twitter:card\" content=\"summary_large_image\" \/>\n\t\t<meta name=\"twitter:title\" content=\"Susana D\u00edaz pide la reforma de la Constituci\u00f3n y acusa al PP de mentir - El Digital de Asturias\" \/>\n\t\t<meta name=\"twitter:description\" content=\"L&#039;Hospitalet de Llobregat (Barcelona), 2 feb (EFE).- La presidenta andaluza y secretaria general del PSOE de Andaluc\u00eda, Susana D\u00edaz, ha defendido hoy la reforma de la Constituci\u00f3n &quot;para que todos nos sintamos a gusto&quot; y ha acusado al PP de organizar su discurso &quot;sobre el enga\u00f1o, la mentira y el sufrimiento&quot;. D\u00edaz ha participado este\" \/>\n\t\t<meta name=\"twitter:label1\" content=\"Escrito por\" \/>\n\t\t<meta name=\"twitter:data1\" content=\"El Digital de Asturias\" \/>\n\t\t<meta name=\"twitter:label2\" content=\"Tiempo de lectura estimado\" \/>\n\t\t<meta name=\"twitter:data2\" content=\"4 minutos\" \/>\n\t\t<script type=\"application\/ld+json\" class=\"aioseo-schema\">\n\t\t\t{\"@context\":\"https:\\\/\\\/schema.org\",\"@graph\":[{\"@type\":\"BlogPosting\",\"@id\":\"https:\\\/\\\/www.eldigitaldeasturias.com\\\/noticias\\\/susana-diaz-pide-la-reforma-de-la-constitucion-y-acusa-al-pp-de-mentir\\\/#blogposting\",\"name\":\"Susana D\\u00edaz pide la reforma de la Constituci\\u00f3n y acusa al PP de mentir - El Digital de Asturias\",\"headline\":\"Susana D\\u00edaz pide la reforma de la Constituci\\u00f3n y acusa al PP de mentir\",\"author\":{\"@id\":\"https:\\\/\\\/www.eldigitaldeasturias.com\\\/noticias\\\/author\\\/admin\\\/#author\"},\"publisher\":{\"@id\":\"https:\\\/\\\/www.eldigitaldeasturias.com\\\/noticias\\\/#organization\"},\"image\":{\"@type\":\"ImageObject\",\"url\":482295},\"datePublished\":\"2014-02-02T21:27:28+01:00\",\"dateModified\":\"2014-02-02T21:27:28+01:00\",\"inLanguage\":\"es-ES\",\"mainEntityOfPage\":{\"@id\":\"https:\\\/\\\/www.eldigitaldeasturias.com\\\/noticias\\\/susana-diaz-pide-la-reforma-de-la-constitucion-y-acusa-al-pp-de-mentir\\\/#webpage\"},\"isPartOf\":{\"@id\":\"https:\\\/\\\/www.eldigitaldeasturias.com\\\/noticias\\\/susana-diaz-pide-la-reforma-de-la-constitucion-y-acusa-al-pp-de-mentir\\\/#webpage\"},\"articleSection\":\"Actualidad\"},{\"@type\":\"BreadcrumbList\",\"@id\":\"https:\\\/\\\/www.eldigitaldeasturias.com\\\/noticias\\\/susana-diaz-pide-la-reforma-de-la-constitucion-y-acusa-al-pp-de-mentir\\\/#breadcrumblist\",\"itemListElement\":[{\"@type\":\"ListItem\",\"@id\":\"https:\\\/\\\/www.eldigitaldeasturias.com\\\/noticias#listItem\",\"position\":1,\"name\":\"Home\",\"item\":\"https:\\\/\\\/www.eldigitaldeasturias.com\\\/noticias\",\"nextItem\":{\"@type\":\"ListItem\",\"@id\":\"https:\\\/\\\/www.eldigitaldeasturias.com\\\/noticias\\\/category\\\/actualidad\\\/#listItem\",\"name\":\"Actualidad\"}},{\"@type\":\"ListItem\",\"@id\":\"https:\\\/\\\/www.eldigitaldeasturias.com\\\/noticias\\\/category\\\/actualidad\\\/#listItem\",\"position\":2,\"name\":\"Actualidad\",\"item\":\"https:\\\/\\\/www.eldigitaldeasturias.com\\\/noticias\\\/category\\\/actualidad\\\/\",\"nextItem\":{\"@type\":\"ListItem\",\"@id\":\"https:\\\/\\\/www.eldigitaldeasturias.com\\\/noticias\\\/susana-diaz-pide-la-reforma-de-la-constitucion-y-acusa-al-pp-de-mentir\\\/#listItem\",\"name\":\"Susana D\\u00edaz pide la reforma de la Constituci\\u00f3n y acusa al PP de mentir\"},\"previousItem\":{\"@type\":\"ListItem\",\"@id\":\"https:\\\/\\\/www.eldigitaldeasturias.com\\\/noticias#listItem\",\"name\":\"Home\"}},{\"@type\":\"ListItem\",\"@id\":\"https:\\\/\\\/www.eldigitaldeasturias.com\\\/noticias\\\/susana-diaz-pide-la-reforma-de-la-constitucion-y-acusa-al-pp-de-mentir\\\/#listItem\",\"position\":3,\"name\":\"Susana D\\u00edaz pide la reforma de la Constituci\\u00f3n y acusa al PP de mentir\",\"previousItem\":{\"@type\":\"ListItem\",\"@id\":\"https:\\\/\\\/www.eldigitaldeasturias.com\\\/noticias\\\/category\\\/actualidad\\\/#listItem\",\"name\":\"Actualidad\"}}]},{\"@type\":\"Organization\",\"@id\":\"https:\\\/\\\/www.eldigitaldeasturias.com\\\/noticias\\\/#organization\",\"name\":\"El Digital de Asturias\",\"description\":\"Hemeroteca\",\"url\":\"https:\\\/\\\/www.eldigitaldeasturias.com\\\/noticias\\\/\",\"email\":\"info@eldigitaldeasturias.com\",\"telephone\":\"+34652131393\",\"logo\":{\"@type\":\"ImageObject\",\"url\":\"https:\\\/\\\/www.eldigitaldeasturias.com\\\/noticias\\\/wp-content\\\/uploads\\\/2020\\\/12\\\/EDA.jpg\",\"@id\":\"https:\\\/\\\/www.eldigitaldeasturias.com\\\/noticias\\\/susana-diaz-pide-la-reforma-de-la-constitucion-y-acusa-al-pp-de-mentir\\\/#organizationLogo\"},\"image\":{\"@id\":\"https:\\\/\\\/www.eldigitaldeasturias.com\\\/noticias\\\/susana-diaz-pide-la-reforma-de-la-constitucion-y-acusa-al-pp-de-mentir\\\/#organizationLogo\"},\"sameAs\":[\"https:\\\/\\\/facebook.com\\\/eldigitaldeasturias\",\"https:\\\/\\\/www.youtube.com\\\/channel\\\/UCZP-2wLEB9Rv6erhFmqVnvg\"],\"address\":{\"@id\":\"https:\\\/\\\/www.eldigitaldeasturias.com\\\/noticias\\\/#postaladdress\",\"@type\":\"PostalAddress\",\"streetAddress\":\"san antonio 4\",\"postalCode\":\"33430\",\"addressLocality\":\"Cand\\u00e1s\",\"addressRegion\":\"Asturias\",\"addressCountry\":\"ES\"}},{\"@type\":\"Person\",\"@id\":\"https:\\\/\\\/www.eldigitaldeasturias.com\\\/noticias\\\/author\\\/admin\\\/#author\",\"url\":\"https:\\\/\\\/www.eldigitaldeasturias.com\\\/noticias\\\/author\\\/admin\\\/\",\"name\":\"El Digital de Asturias\",\"image\":{\"@type\":\"ImageObject\",\"@id\":\"https:\\\/\\\/www.eldigitaldeasturias.com\\\/noticias\\\/susana-diaz-pide-la-reforma-de-la-constitucion-y-acusa-al-pp-de-mentir\\\/#authorImage\",\"url\":\"https:\\\/\\\/secure.gravatar.com\\\/avatar\\\/df2aeffc32bcd13f8d26072ef8a91b623d677766deac7f97ca815868cd41bf5e?s=96&d=mm&r=g\",\"width\":96,\"height\":96,\"caption\":\"El Digital de Asturias\"}},{\"@type\":\"WebPage\",\"@id\":\"https:\\\/\\\/www.eldigitaldeasturias.com\\\/noticias\\\/susana-diaz-pide-la-reforma-de-la-constitucion-y-acusa-al-pp-de-mentir\\\/#webpage\",\"url\":\"https:\\\/\\\/www.eldigitaldeasturias.com\\\/noticias\\\/susana-diaz-pide-la-reforma-de-la-constitucion-y-acusa-al-pp-de-mentir\\\/\",\"name\":\"Susana D\\u00edaz pide la reforma de la Constituci\\u00f3n y acusa al PP de mentir - El Digital de Asturias\",\"description\":\"L'Hospitalet de Llobregat (Barcelona), 2 feb (EFE).- La presidenta andaluza y secretaria general del PSOE de Andaluc\\u00eda, Susana D\\u00edaz, ha defendido hoy la reforma de la Constituci\\u00f3n \\\"para que todos nos sintamos a gusto\\\" y ha acusado al PP de organizar su discurso \\\"sobre el enga\\u00f1o, la mentira y el sufrimiento\\\". D\\u00edaz ha participado este\",\"inLanguage\":\"es-ES\",\"isPartOf\":{\"@id\":\"https:\\\/\\\/www.eldigitaldeasturias.com\\\/noticias\\\/#website\"},\"breadcrumb\":{\"@id\":\"https:\\\/\\\/www.eldigitaldeasturias.com\\\/noticias\\\/susana-diaz-pide-la-reforma-de-la-constitucion-y-acusa-al-pp-de-mentir\\\/#breadcrumblist\"},\"author\":{\"@id\":\"https:\\\/\\\/www.eldigitaldeasturias.com\\\/noticias\\\/author\\\/admin\\\/#author\"},\"creator\":{\"@id\":\"https:\\\/\\\/www.eldigitaldeasturias.com\\\/noticias\\\/author\\\/admin\\\/#author\"},\"image\":{\"@type\":\"ImageObject\",\"url\":482295,\"@id\":\"https:\\\/\\\/www.eldigitaldeasturias.com\\\/noticias\\\/susana-diaz-pide-la-reforma-de-la-constitucion-y-acusa-al-pp-de-mentir\\\/#mainImage\"},\"primaryImageOfPage\":{\"@id\":\"https:\\\/\\\/www.eldigitaldeasturias.com\\\/noticias\\\/susana-diaz-pide-la-reforma-de-la-constitucion-y-acusa-al-pp-de-mentir\\\/#mainImage\"},\"datePublished\":\"2014-02-02T21:27:28+01:00\",\"dateModified\":\"2014-02-02T21:27:28+01:00\"},{\"@type\":\"WebSite\",\"@id\":\"https:\\\/\\\/www.eldigitaldeasturias.com\\\/noticias\\\/#website\",\"url\":\"https:\\\/\\\/www.eldigitaldeasturias.com\\\/noticias\\\/\",\"name\":\"El Digital de Asturias - Diario de actualidad y noticias\",\"alternateName\":\"El Digital de Asturias - Diario de actualidad y noticias\",\"description\":\"Hemeroteca\",\"inLanguage\":\"es-ES\",\"publisher\":{\"@id\":\"https:\\\/\\\/www.eldigitaldeasturias.com\\\/noticias\\\/#organization\"}}]}\n\t\t<\/script>\n\t\t<!-- All in One SEO Pro -->\r\n\t\t<title>Susana D\u00edaz pide la reforma de la Constituci\u00f3n y acusa al PP de mentir - El Digital de Asturias<\/title>\n\n","aioseo_head_json":{"title":"Susana D\u00edaz pide la reforma de la Constituci\u00f3n y acusa al PP de mentir - El Digital de Asturias","description":"L'Hospitalet de Llobregat (Barcelona), 2 feb (EFE).- La presidenta andaluza y secretaria general del PSOE de Andaluc\u00eda, Susana D\u00edaz, ha defendido hoy la reforma de la Constituci\u00f3n \"para que todos nos sintamos a gusto\" y ha acusado al PP de organizar su discurso \"sobre el enga\u00f1o, la mentira y el sufrimiento\". D\u00edaz ha participado este","canonical_url":"https:\/\/www.eldigitaldeasturias.com\/noticias\/susana-diaz-pide-la-reforma-de-la-constitucion-y-acusa-al-pp-de-mentir\/","robots":"max-image-preview:large","keywords":"actualidad","webmasterTools":{"google-site-verification":"UA-38556648-1","msvalidate.01":"7dfe9f3f1b24437ab69f4f2559babe99","miscellaneous":""},"schema":{"@context":"https:\/\/schema.org","@graph":[{"@type":"BlogPosting","@id":"https:\/\/www.eldigitaldeasturias.com\/noticias\/susana-diaz-pide-la-reforma-de-la-constitucion-y-acusa-al-pp-de-mentir\/#blogposting","name":"Susana D\u00edaz pide la reforma de la Constituci\u00f3n y acusa al PP de mentir - El Digital de Asturias","headline":"Susana D\u00edaz pide la reforma de la Constituci\u00f3n y acusa al PP de mentir","author":{"@id":"https:\/\/www.eldigitaldeasturias.com\/noticias\/author\/admin\/#author"},"publisher":{"@id":"https:\/\/www.eldigitaldeasturias.com\/noticias\/#organization"},"image":{"@type":"ImageObject","url":482295},"datePublished":"2014-02-02T21:27:28+01:00","dateModified":"2014-02-02T21:27:28+01:00","inLanguage":"es-ES","mainEntityOfPage":{"@id":"https:\/\/www.eldigitaldeasturias.com\/noticias\/susana-diaz-pide-la-reforma-de-la-constitucion-y-acusa-al-pp-de-mentir\/#webpage"},"isPartOf":{"@id":"https:\/\/www.eldigitaldeasturias.com\/noticias\/susana-diaz-pide-la-reforma-de-la-constitucion-y-acusa-al-pp-de-mentir\/#webpage"},"articleSection":"Actualidad"},{"@type":"BreadcrumbList","@id":"https:\/\/www.eldigitaldeasturias.com\/noticias\/susana-diaz-pide-la-reforma-de-la-constitucion-y-acusa-al-pp-de-mentir\/#breadcrumblist","itemListElement":[{"@type":"ListItem","@id":"https:\/\/www.eldigitaldeasturias.com\/noticias#listItem","position":1,"name":"Home","item":"https:\/\/www.eldigitaldeasturias.com\/noticias","nextItem":{"@type":"ListItem","@id":"https:\/\/www.eldigitaldeasturias.com\/noticias\/category\/actualidad\/#listItem","name":"Actualidad"}},{"@type":"ListItem","@id":"https:\/\/www.eldigitaldeasturias.com\/noticias\/category\/actualidad\/#listItem","position":2,"name":"Actualidad","item":"https:\/\/www.eldigitaldeasturias.com\/noticias\/category\/actualidad\/","nextItem":{"@type":"ListItem","@id":"https:\/\/www.eldigitaldeasturias.com\/noticias\/susana-diaz-pide-la-reforma-de-la-constitucion-y-acusa-al-pp-de-mentir\/#listItem","name":"Susana D\u00edaz pide la reforma de la Constituci\u00f3n y acusa al PP de mentir"},"previousItem":{"@type":"ListItem","@id":"https:\/\/www.eldigitaldeasturias.com\/noticias#listItem","name":"Home"}},{"@type":"ListItem","@id":"https:\/\/www.eldigitaldeasturias.com\/noticias\/susana-diaz-pide-la-reforma-de-la-constitucion-y-acusa-al-pp-de-mentir\/#listItem","position":3,"name":"Susana D\u00edaz pide la reforma de la Constituci\u00f3n y acusa al PP de mentir","previousItem":{"@type":"ListItem","@id":"https:\/\/www.eldigitaldeasturias.com\/noticias\/category\/actualidad\/#listItem","name":"Actualidad"}}]},{"@type":"Organization","@id":"https:\/\/www.eldigitaldeasturias.com\/noticias\/#organization","name":"El Digital de Asturias","description":"Hemeroteca","url":"https:\/\/www.eldigitaldeasturias.com\/noticias\/","email":"info@eldigitaldeasturias.com","telephone":"+34652131393","logo":{"@type":"ImageObject","url":"https:\/\/www.eldigitaldeasturias.com\/noticias\/wp-content\/uploads\/2020\/12\/EDA.jpg","@id":"https:\/\/www.eldigitaldeasturias.com\/noticias\/susana-diaz-pide-la-reforma-de-la-constitucion-y-acusa-al-pp-de-mentir\/#organizationLogo"},"image":{"@id":"https:\/\/www.eldigitaldeasturias.com\/noticias\/susana-diaz-pide-la-reforma-de-la-constitucion-y-acusa-al-pp-de-mentir\/#organizationLogo"},"sameAs":["https:\/\/facebook.com\/eldigitaldeasturias","https:\/\/www.youtube.com\/channel\/UCZP-2wLEB9Rv6erhFmqVnvg"],"address":{"@id":"https:\/\/www.eldigitaldeasturias.com\/noticias\/#postaladdress","@type":"PostalAddress","streetAddress":"san antonio 4","postalCode":"33430","addressLocality":"Cand\u00e1s","addressRegion":"Asturias","addressCountry":"ES"}},{"@type":"Person","@id":"https:\/\/www.eldigitaldeasturias.com\/noticias\/author\/admin\/#author","url":"https:\/\/www.eldigitaldeasturias.com\/noticias\/author\/admin\/","name":"El Digital de Asturias","image":{"@type":"ImageObject","@id":"https:\/\/www.eldigitaldeasturias.com\/noticias\/susana-diaz-pide-la-reforma-de-la-constitucion-y-acusa-al-pp-de-mentir\/#authorImage","url":"https:\/\/secure.gravatar.com\/avatar\/df2aeffc32bcd13f8d26072ef8a91b623d677766deac7f97ca815868cd41bf5e?s=96&d=mm&r=g","width":96,"height":96,"caption":"El Digital de Asturias"}},{"@type":"WebPage","@id":"https:\/\/www.eldigitaldeasturias.com\/noticias\/susana-diaz-pide-la-reforma-de-la-constitucion-y-acusa-al-pp-de-mentir\/#webpage","url":"https:\/\/www.eldigitaldeasturias.com\/noticias\/susana-diaz-pide-la-reforma-de-la-constitucion-y-acusa-al-pp-de-mentir\/","name":"Susana D\u00edaz pide la reforma de la Constituci\u00f3n y acusa al PP de mentir - El Digital de Asturias","description":"L'Hospitalet de Llobregat (Barcelona), 2 feb (EFE).- La presidenta andaluza y secretaria general del PSOE de Andaluc\u00eda, Susana D\u00edaz, ha defendido hoy la reforma de la Constituci\u00f3n \"para que todos nos sintamos a gusto\" y ha acusado al PP de organizar su discurso \"sobre el enga\u00f1o, la mentira y el sufrimiento\". D\u00edaz ha participado este","inLanguage":"es-ES","isPartOf":{"@id":"https:\/\/www.eldigitaldeasturias.com\/noticias\/#website"},"breadcrumb":{"@id":"https:\/\/www.eldigitaldeasturias.com\/noticias\/susana-diaz-pide-la-reforma-de-la-constitucion-y-acusa-al-pp-de-mentir\/#breadcrumblist"},"author":{"@id":"https:\/\/www.eldigitaldeasturias.com\/noticias\/author\/admin\/#author"},"creator":{"@id":"https:\/\/www.eldigitaldeasturias.com\/noticias\/author\/admin\/#author"},"image":{"@type":"ImageObject","url":482295,"@id":"https:\/\/www.eldigitaldeasturias.com\/noticias\/susana-diaz-pide-la-reforma-de-la-constitucion-y-acusa-al-pp-de-mentir\/#mainImage"},"primaryImageOfPage":{"@id":"https:\/\/www.eldigitaldeasturias.com\/noticias\/susana-diaz-pide-la-reforma-de-la-constitucion-y-acusa-al-pp-de-mentir\/#mainImage"},"datePublished":"2014-02-02T21:27:28+01:00","dateModified":"2014-02-02T21:27:28+01:00"},{"@type":"WebSite","@id":"https:\/\/www.eldigitaldeasturias.com\/noticias\/#website","url":"https:\/\/www.eldigitaldeasturias.com\/noticias\/","name":"El Digital de Asturias - Diario de actualidad y noticias","alternateName":"El Digital de Asturias - Diario de actualidad y noticias","description":"Hemeroteca","inLanguage":"es-ES","publisher":{"@id":"https:\/\/www.eldigitaldeasturias.com\/noticias\/#organization"}}]},"og:locale":"es_ES","og:site_name":"El Digital de Asturias","og:type":"article","og:title":"Susana D\u00edaz pide la reforma de la Constituci\u00f3n y acusa al PP de mentir - El Digital de Asturias","og:description":"L'Hospitalet de Llobregat (Barcelona), 2 feb (EFE).- La presidenta andaluza y secretaria general del PSOE de Andaluc\u00eda, Susana D\u00edaz, ha defendido hoy la reforma de la Constituci\u00f3n &quot;para que todos nos sintamos a gusto&quot; y ha acusado al PP de organizar su discurso &quot;sobre el enga\u00f1o, la mentira y el sufrimiento&quot;. D\u00edaz ha participado este","og:url":"https:\/\/www.eldigitaldeasturias.com\/noticias\/susana-diaz-pide-la-reforma-de-la-constitucion-y-acusa-al-pp-de-mentir\/","article:tag":["actualidad"],"article:published_time":"2014-02-02T22:27:28+00:00","article:modified_time":"2014-02-02T22:27:28+00:00","article:publisher":"https:\/\/facebook.com\/eldigitaldeasturias","twitter:card":"summary_large_image","twitter:title":"Susana D\u00edaz pide la reforma de la Constituci\u00f3n y acusa al PP de mentir - El Digital de Asturias","twitter:description":"L'Hospitalet de Llobregat (Barcelona), 2 feb (EFE).- La presidenta andaluza y secretaria general del PSOE de Andaluc\u00eda, Susana D\u00edaz, ha defendido hoy la reforma de la Constituci\u00f3n &quot;para que todos nos sintamos a gusto&quot; y ha acusado al PP de organizar su discurso &quot;sobre el enga\u00f1o, la mentira y el sufrimiento&quot;. D\u00edaz ha participado este","twitter:label1":"Escrito por","twitter:data1":"El Digital de Asturias","twitter:label2":"Tiempo de lectura estimado","twitter:data2":"4 minutos"},"aioseo_meta_data":{"post_id":"482294","title":null,"description":null,"keywords":null,"keyphrases":null,"primary_term":null,"canonical_url":null,"og_title":null,"og_description":null,"og_object_type":"default","og_image_type":"default","og_image_url":null,"og_image_width":null,"og_image_height":null,"og_image_custom_url":null,"og_image_custom_fields":null,"og_video":null,"og_custom_url":null,"og_article_section":null,"og_article_tags":null,"twitter_use_og":true,"twitter_card":"default","twitter_image_type":"default","twitter_image_url":null,"twitter_image_custom_url":null,"twitter_image_custom_fields":null,"twitter_title":null,"twitter_description":null,"schema":{"blockGraphs":[],"customGraphs":[],"default":{"data":{"Article":[],"Course":[],"Dataset":[],"FAQPage":[],"Movie":[],"Person":[],"Product":[],"ProductReview":[],"Car":[],"Recipe":[],"Service":[],"SoftwareApplication":[],"WebPage":[]},"graphName":"","isEnabled":true},"graphs":[],"defaultGraph":"","defaultPostTypeGraph":""},"schema_type":null,"schema_type_options":null,"pillar_content":false,"robots_default":true,"robots_noindex":false,"robots_noarchive":false,"robots_nosnippet":false,"robots_nofollow":false,"robots_noimageindex":false,"robots_noodp":false,"robots_notranslate":false,"robots_max_snippet":null,"robots_max_videopreview":null,"robots_max_imagepreview":"none","priority":null,"frequency":null,"local_seo":null,"seo_analyzer_scan_date":"2026-06-02 09:23:51","breadcrumb_settings":null,"limit_modified_date":false,"open_ai":null,"ai":null,"created":"2020-11-14 22:54:33","updated":"2026-06-02 09:23:51","focus_keyword":null,"additional_keywords":null,"truseo_locale":null},"aioseo_breadcrumb":"<div class=\"aioseo-breadcrumbs\"><span class=\"aioseo-breadcrumb\">\n\t<a href=\"https:\/\/www.eldigitaldeasturias.com\/noticias\" title=\"Home\">Home<\/a>\n<\/span><span class=\"aioseo-breadcrumb-separator\">\u2013<\/span><span class=\"aioseo-breadcrumb\">\n\t<a href=\"https:\/\/www.eldigitaldeasturias.com\/noticias\/category\/actualidad\/\" title=\"Actualidad\">Actualidad<\/a>\n<\/span><span class=\"aioseo-breadcrumb-separator\">\u2013<\/span><span class=\"aioseo-breadcrumb\">\n\t<a href=\"https:\/\/www.eldigitaldeasturias.com\/noticias\/susana-diaz-pide-la-reforma-de-la-constitucion-y-acusa-al-pp-de-mentir\/\" title=\"Susana D\u00edaz pide la reforma de la Constituci\u00f3n y acusa al PP de mentir\">Susana D\u00edaz pide la reforma de la Constituci\u00f3n y acusa al PP de mentir<\/a>\n<\/span><\/div>","aioseo_breadcrumb_json":[{"label":"Home","link":"https:\/\/www.eldigitaldeasturias.com\/noticias"},{"label":"Actualidad","link":"https:\/\/www.eldigitaldeasturias.com\/noticias\/category\/actualidad\/"},{"label":"Susana D\u00edaz pide la reforma de la Constituci\u00f3n y acusa al PP de mentir","link":"https:\/\/www.eldigitaldeasturias.com\/noticias\/susana-diaz-pide-la-reforma-de-la-constitucion-y-acusa-al-pp-de-mentir\/"}],"_links":{"self":[{"href":"https:\/\/www.eldigitaldeasturias.com\/noticias\/wp-json\/wp\/v2\/posts\/482294","targetHints":{"allow":["GET"]}}],"collection":[{"href":"https:\/\/www.eldigitaldeasturias.com\/noticias\/wp-json\/wp\/v2\/posts"}],"about":[{"href":"https:\/\/www.eldigitaldeasturias.com\/noticias\/wp-json\/wp\/v2\/types\/post"}],"author":[{"embeddable":true,"href":"https:\/\/www.eldigitaldeasturias.com\/noticias\/wp-json\/wp\/v2\/users\/1"}],"replies":[{"embeddable":true,"href":"https:\/\/www.eldigitaldeasturias.com\/noticias\/wp-json\/wp\/v2\/comments?post=482294"}],"version-history":[{"count":0,"href":"https:\/\/www.eldigitaldeasturias.com\/noticias\/wp-json\/wp\/v2\/posts\/482294\/revisions"}],"wp:attachment":[{"href":"https:\/\/www.eldigitaldeasturias.com\/noticias\/wp-json\/wp\/v2\/media?parent=482294"}],"wp:term":[{"taxonomy":"category","embeddable":true,"href":"https:\/\/www.eldigitaldeasturias.com\/noticias\/wp-json\/wp\/v2\/categories?post=482294"},{"taxonomy":"post_tag","embeddable":true,"href":"https:\/\/www.eldigitaldeasturias.com\/noticias\/wp-json\/wp\/v2\/tags?post=482294"}],"curies":[{"name":"wp","href":"https:\/\/api.w.org\/{rel}","templated":true}]}}