{"id":482291,"date":"2014-02-02T21:19:13","date_gmt":"2014-02-02T22:19:13","guid":{"rendered":"http:\/\/www.eldigitaldeasturias.com\/noticias\/?p=482291"},"modified":"2014-02-02T21:19:13","modified_gmt":"2014-02-02T22:19:13","slug":"una-marcha-recorre-madrid-contra-la-familifobia-y-los-derechos-de-los-homosexuales","status":"publish","type":"post","link":"https:\/\/www.eldigitaldeasturias.com\/noticias\/una-marcha-recorre-madrid-contra-la-familifobia-y-los-derechos-de-los-homosexuales\/","title":{"rendered":"Una marcha recorre Madrid contra la \u00abfamilifobia\u00bb y los derechos de los homosexuales"},"content":{"rendered":"<p><img loading=\"lazy\" decoding=\"async\" class=\"alignleft size-medium wp-image-482292\" alt=\"5901361w\" src=\"https:\/\/www.eldigitaldeasturias.com\/noticias\/wp-content\/uploads\/2014\/02\/5901361w-360x234.jpg\" width=\"360\" height=\"234\" \/>Madrid, 2 feb (EFE).- Varios centenares de personas se han manifestado esta tarde contra lo que califican de \u00abfamilifobia\u00bb en una protesta que ha recorrido el centro de Madrid en defensa de la familia tradicional frente al matrimonio y la adopci\u00f3n de ni\u00f1os por parte de parejas homosexuales.<\/p>\n<p>Convocados por la plataforma HazteOir.org, la movilizaci\u00f3n se enmarca en las protestas impulsadas por el movimiento c\u00edvico franc\u00e9s \u00abLa Manif Pour Tous\u00bb que han tenido lugar hoy adem\u00e1s en seis capitales europeas: Par\u00eds, Bruselas, Luxemburgo, Roma, Varsovia y Bucarest.<\/p>\n<p>Bajo el lema \u00abFamilifobia stop\u00bb, los participantes -unos 300 seg\u00fan la Polic\u00eda Nacional- se han concentrado en la plaza de Alonso Mart\u00ednez desde donde han marchado hasta la sede de la Uni\u00f3n Europea (UE) -en el Paseo de la Castellana- en una manifestaci\u00f3n que ha transcurrido sin incidentes.<\/p>\n<p>El presidente de la plataforma, Ignacio Arsuaga, ha manifestado a los medios de comunicaci\u00f3n que la finalidad de esta protesta es reabrir el debate del matrimonio y la adopci\u00f3n de menores por parejas homosexuales a pesar del pronunciamiento del Tribunal Constitucional (TC) que considera que la legislaci\u00f3n actual es conforme con la Carta Magna.<\/p>\n<p>En este sentido, ha pedido al presidente del Gobierno, Mariano Rajoy, que apele a su mayor\u00eda absoluta \u00abpara derogar la ley que equipara matrimonio con otras uniones y restablecer el derecho de todos lo ni\u00f1os a tener un padre y una madre\u00bb.<\/p>\n<p>Ha manifestado, adem\u00e1s, su apoyo a la reforma de la ley del aborto por \u00abresponder a la voluntad mayoritaria de los votantes del PP y de la sociedad frente a la minor\u00eda que ayer se manifest\u00f3 ayer\u00bb, en alusi\u00f3n a las miles de personas que se concentraron este s\u00e1bado en Madrid apoyando la iniciativa del \u00abTren de la libertad\u00bb para exigir la retirada de la reforma.<\/p>\n<p>Tambi\u00e9n ha hecho referencia al informe Lunacek por establecer, seg\u00fan Arsuaga, \u00abprivilegios para los homosexuales\u00bb y recortar libertades fundamentales \u00abcomo la de educar a los hijos conforme a nuestra conciencia\u00bb.<\/p>\n<p>Por ello ha pedido a los eurodiputados que voten contra esta iniciativa, propuesta por la eurodiputada austr\u00edaca del grupo de los Verdes Ulrike Lunacek, y que solicita que se protejan los derechos de las personas lesbianas, gays, bisexuales, transg\u00e9nero e intersexuales y se votar\u00e1 en el Parlamento Europeo la pr\u00f3xima semana.<\/p>\n<p>La manifestaci\u00f3n ha comenzado en torno a las 12.00 horas al grito de \u00abViva la familia\u00bb y se ha desarrollado en un ambiente festivo protagonizado por decenas de familias madrile\u00f1as y de otros puntos de Espa\u00f1a, as\u00ed como representantes de asociaciones francesas y polacas que tambi\u00e9n se han sumado a la movilizaci\u00f3n.<\/p>\n<p>Los congregados han portado enormes globos rosas y banderas con la leyenda \u00abLa Manif Pour Tous\u00bb que han dotado de colorido a la manifestaci\u00f3n, que ha estado amenizada por m\u00fasica de baile durante todo el recorrido, interrumpida por los gritos en defensa a la familia.<\/p>\n<p>\u00abViva la familia\u00bb, \u00abNo a la familifobia\u00bb, \u00abMenos padres y una madre\u00bb y \u00abFamilia natural\u00bb han sido algunas de las frases coreadas por los congregados durante su recorrido en el que incluso los m\u00e1s peque\u00f1os han hecho uso de meg\u00e1fonos para corear v\u00edtores en defensa de la familia.<\/p>\n<p>\u00abAhora hay una ley que permite casarse a personas del mismo sexo y no lo considero razonable\u00bb, ha se\u00f1alado a Efe Joaqu\u00edn, que ha abogado por la defensa de la familia natural formada por \u00abhombre, mujer y ni\u00f1os\u00bb.<\/p>\n<p>Rodeada de su hijos, Leonor ha lamentado que la legislaci\u00f3n actual \u00absobra\u00bb al afirmar que \u00aben una \u00e9poca en la quedada vez hay mas divorcios y separaciones se empe\u00f1an en casarse los que no tienen sentido porque nunca ser\u00e1n un matrimonio\u00bb, en referencia a los homosexuales.<\/p>\n","protected":false},"excerpt":{"rendered":"<p>Madrid, 2 feb (EFE).- Varios centenares de personas se han manifestado esta tarde contra lo que califican de \u00abfamilifobia\u00bb en una protesta que ha recorrido el centro de Madrid en defensa de la familia tradicional frente al matrimonio y la adopci\u00f3n de ni\u00f1os por parte de parejas homosexuales. Convocados por la plataforma HazteOir.org, la movilizaci\u00f3n [&hellip;]<\/p>\n","protected":false},"author":1,"featured_media":482292,"comment_status":"closed","ping_status":"open","sticky":false,"template":"","format":"standard","meta":{"footnotes":""},"categories":[1],"tags":[],"class_list":["post-482291","post","type-post","status-publish","format-standard","has-post-thumbnail","hentry","category-actualidad"],"aioseo_notices":[],"aioseo_head":"\n\t\t<!-- All in One SEO Pro 5.0.1 - aioseo.com -->\n\t<meta name=\"description\" content=\"Madrid, 2 feb (EFE).- Varios centenares de personas se han manifestado esta tarde contra lo que califican de &quot;familifobia&quot; en una protesta que ha recorrido el centro de Madrid en defensa de la familia tradicional frente al matrimonio y la adopci\u00f3n de ni\u00f1os por parte de parejas homosexuales. Convocados por la plataforma HazteOir.org, la movilizaci\u00f3n\" \/>\n\t<meta name=\"robots\" content=\"max-image-preview:large\" \/>\n\t<meta name=\"author\" content=\"El Digital de Asturias\"\/>\n\t<meta name=\"google-site-verification\" content=\"UA-38556648-1\" \/>\n\t<meta name=\"msvalidate.01\" content=\"7dfe9f3f1b24437ab69f4f2559babe99\" \/>\n\t<meta name=\"keywords\" content=\"actualidad\" \/>\n\t<link rel=\"canonical\" href=\"https:\/\/www.eldigitaldeasturias.com\/noticias\/una-marcha-recorre-madrid-contra-la-familifobia-y-los-derechos-de-los-homosexuales\/\" \/>\n\t<meta name=\"generator\" content=\"All in One SEO Pro (AIOSEO) 5.0.1\" \/>\n\t\t<meta property=\"og:locale\" content=\"es_ES\" \/>\n\t\t<meta property=\"og:site_name\" content=\"El Digital de Asturias\" \/>\n\t\t<meta property=\"og:type\" content=\"article\" \/>\n\t\t<meta property=\"og:title\" content=\"Una marcha recorre Madrid contra la \u00abfamilifobia\u00bb y los derechos de los homosexuales - El Digital de Asturias\" \/>\n\t\t<meta property=\"og:description\" content=\"Madrid, 2 feb (EFE).- Varios centenares de personas se han manifestado esta tarde contra lo que califican de &quot;familifobia&quot; en una protesta que ha recorrido el centro de Madrid en defensa de la familia tradicional frente al matrimonio y la adopci\u00f3n de ni\u00f1os por parte de parejas homosexuales. Convocados por la plataforma HazteOir.org, la movilizaci\u00f3n\" \/>\n\t\t<meta property=\"og:url\" content=\"https:\/\/www.eldigitaldeasturias.com\/noticias\/una-marcha-recorre-madrid-contra-la-familifobia-y-los-derechos-de-los-homosexuales\/\" \/>\n\t\t<meta property=\"article:tag\" content=\"actualidad\" \/>\n\t\t<meta property=\"article:published_time\" content=\"2014-02-02T22:19:13+00:00\" \/>\n\t\t<meta property=\"article:modified_time\" content=\"2014-02-02T22:19:13+00:00\" \/>\n\t\t<meta property=\"article:publisher\" content=\"https:\/\/facebook.com\/eldigitaldeasturias\" \/>\n\t\t<meta name=\"twitter:card\" content=\"summary_large_image\" \/>\n\t\t<meta name=\"twitter:title\" content=\"Una marcha recorre Madrid contra la \u00abfamilifobia\u00bb y los derechos de los homosexuales - El Digital de Asturias\" \/>\n\t\t<meta name=\"twitter:description\" content=\"Madrid, 2 feb (EFE).- Varios centenares de personas se han manifestado esta tarde contra lo que califican de &quot;familifobia&quot; en una protesta que ha recorrido el centro de Madrid en defensa de la familia tradicional frente al matrimonio y la adopci\u00f3n de ni\u00f1os por parte de parejas homosexuales. Convocados por la plataforma HazteOir.org, la movilizaci\u00f3n\" \/>\n\t\t<meta name=\"twitter:label1\" content=\"Escrito por\" \/>\n\t\t<meta name=\"twitter:data1\" content=\"El Digital de Asturias\" \/>\n\t\t<meta name=\"twitter:label2\" content=\"Tiempo de lectura estimado\" \/>\n\t\t<meta name=\"twitter:data2\" content=\"3 minutos\" \/>\n\t\t<script type=\"application\/ld+json\" class=\"aioseo-schema\">\n\t\t\t{\"@context\":\"https:\\\/\\\/schema.org\",\"@graph\":[{\"@type\":\"BlogPosting\",\"@id\":\"https:\\\/\\\/www.eldigitaldeasturias.com\\\/noticias\\\/una-marcha-recorre-madrid-contra-la-familifobia-y-los-derechos-de-los-homosexuales\\\/#blogposting\",\"name\":\"Una marcha recorre Madrid contra la \\u00abfamilifobia\\u00bb y los derechos de los homosexuales - El Digital de Asturias\",\"headline\":\"Una marcha recorre Madrid contra la \\u00abfamilifobia\\u00bb y los derechos de los homosexuales\",\"author\":{\"@id\":\"https:\\\/\\\/www.eldigitaldeasturias.com\\\/noticias\\\/author\\\/admin\\\/#author\"},\"publisher\":{\"@id\":\"https:\\\/\\\/www.eldigitaldeasturias.com\\\/noticias\\\/#organization\"},\"image\":{\"@type\":\"ImageObject\",\"url\":482292},\"datePublished\":\"2014-02-02T21:19:13+01:00\",\"dateModified\":\"2014-02-02T21:19:13+01:00\",\"inLanguage\":\"es-ES\",\"mainEntityOfPage\":{\"@id\":\"https:\\\/\\\/www.eldigitaldeasturias.com\\\/noticias\\\/una-marcha-recorre-madrid-contra-la-familifobia-y-los-derechos-de-los-homosexuales\\\/#webpage\"},\"isPartOf\":{\"@id\":\"https:\\\/\\\/www.eldigitaldeasturias.com\\\/noticias\\\/una-marcha-recorre-madrid-contra-la-familifobia-y-los-derechos-de-los-homosexuales\\\/#webpage\"},\"articleSection\":\"Actualidad\"},{\"@type\":\"BreadcrumbList\",\"@id\":\"https:\\\/\\\/www.eldigitaldeasturias.com\\\/noticias\\\/una-marcha-recorre-madrid-contra-la-familifobia-y-los-derechos-de-los-homosexuales\\\/#breadcrumblist\",\"itemListElement\":[{\"@type\":\"ListItem\",\"@id\":\"https:\\\/\\\/www.eldigitaldeasturias.com\\\/noticias#listItem\",\"position\":1,\"name\":\"Home\",\"item\":\"https:\\\/\\\/www.eldigitaldeasturias.com\\\/noticias\",\"nextItem\":{\"@type\":\"ListItem\",\"@id\":\"https:\\\/\\\/www.eldigitaldeasturias.com\\\/noticias\\\/category\\\/actualidad\\\/#listItem\",\"name\":\"Actualidad\"}},{\"@type\":\"ListItem\",\"@id\":\"https:\\\/\\\/www.eldigitaldeasturias.com\\\/noticias\\\/category\\\/actualidad\\\/#listItem\",\"position\":2,\"name\":\"Actualidad\",\"item\":\"https:\\\/\\\/www.eldigitaldeasturias.com\\\/noticias\\\/category\\\/actualidad\\\/\",\"nextItem\":{\"@type\":\"ListItem\",\"@id\":\"https:\\\/\\\/www.eldigitaldeasturias.com\\\/noticias\\\/una-marcha-recorre-madrid-contra-la-familifobia-y-los-derechos-de-los-homosexuales\\\/#listItem\",\"name\":\"Una marcha recorre Madrid contra la \\u00abfamilifobia\\u00bb y los derechos de los homosexuales\"},\"previousItem\":{\"@type\":\"ListItem\",\"@id\":\"https:\\\/\\\/www.eldigitaldeasturias.com\\\/noticias#listItem\",\"name\":\"Home\"}},{\"@type\":\"ListItem\",\"@id\":\"https:\\\/\\\/www.eldigitaldeasturias.com\\\/noticias\\\/una-marcha-recorre-madrid-contra-la-familifobia-y-los-derechos-de-los-homosexuales\\\/#listItem\",\"position\":3,\"name\":\"Una marcha recorre Madrid contra la \\u00abfamilifobia\\u00bb y los derechos de los homosexuales\",\"previousItem\":{\"@type\":\"ListItem\",\"@id\":\"https:\\\/\\\/www.eldigitaldeasturias.com\\\/noticias\\\/category\\\/actualidad\\\/#listItem\",\"name\":\"Actualidad\"}}]},{\"@type\":\"Organization\",\"@id\":\"https:\\\/\\\/www.eldigitaldeasturias.com\\\/noticias\\\/#organization\",\"name\":\"El Digital de Asturias\",\"description\":\"Hemeroteca\",\"url\":\"https:\\\/\\\/www.eldigitaldeasturias.com\\\/noticias\\\/\",\"email\":\"info@eldigitaldeasturias.com\",\"telephone\":\"+34652131393\",\"logo\":{\"@type\":\"ImageObject\",\"url\":\"https:\\\/\\\/www.eldigitaldeasturias.com\\\/noticias\\\/wp-content\\\/uploads\\\/2020\\\/12\\\/EDA.jpg\",\"@id\":\"https:\\\/\\\/www.eldigitaldeasturias.com\\\/noticias\\\/una-marcha-recorre-madrid-contra-la-familifobia-y-los-derechos-de-los-homosexuales\\\/#organizationLogo\"},\"image\":{\"@id\":\"https:\\\/\\\/www.eldigitaldeasturias.com\\\/noticias\\\/una-marcha-recorre-madrid-contra-la-familifobia-y-los-derechos-de-los-homosexuales\\\/#organizationLogo\"},\"sameAs\":[\"https:\\\/\\\/facebook.com\\\/eldigitaldeasturias\",\"https:\\\/\\\/www.youtube.com\\\/channel\\\/UCZP-2wLEB9Rv6erhFmqVnvg\"],\"address\":{\"@id\":\"https:\\\/\\\/www.eldigitaldeasturias.com\\\/noticias\\\/#postaladdress\",\"@type\":\"PostalAddress\",\"streetAddress\":\"san antonio 4\",\"postalCode\":\"33430\",\"addressLocality\":\"Cand\\u00e1s\",\"addressRegion\":\"Asturias\",\"addressCountry\":\"ES\"}},{\"@type\":\"Person\",\"@id\":\"https:\\\/\\\/www.eldigitaldeasturias.com\\\/noticias\\\/author\\\/admin\\\/#author\",\"url\":\"https:\\\/\\\/www.eldigitaldeasturias.com\\\/noticias\\\/author\\\/admin\\\/\",\"name\":\"El Digital de Asturias\",\"image\":{\"@type\":\"ImageObject\",\"@id\":\"https:\\\/\\\/www.eldigitaldeasturias.com\\\/noticias\\\/una-marcha-recorre-madrid-contra-la-familifobia-y-los-derechos-de-los-homosexuales\\\/#authorImage\",\"url\":\"https:\\\/\\\/secure.gravatar.com\\\/avatar\\\/df2aeffc32bcd13f8d26072ef8a91b623d677766deac7f97ca815868cd41bf5e?s=96&d=mm&r=g\",\"width\":96,\"height\":96,\"caption\":\"El Digital de Asturias\"}},{\"@type\":\"WebPage\",\"@id\":\"https:\\\/\\\/www.eldigitaldeasturias.com\\\/noticias\\\/una-marcha-recorre-madrid-contra-la-familifobia-y-los-derechos-de-los-homosexuales\\\/#webpage\",\"url\":\"https:\\\/\\\/www.eldigitaldeasturias.com\\\/noticias\\\/una-marcha-recorre-madrid-contra-la-familifobia-y-los-derechos-de-los-homosexuales\\\/\",\"name\":\"Una marcha recorre Madrid contra la \\u00abfamilifobia\\u00bb y los derechos de los homosexuales - El Digital de Asturias\",\"description\":\"Madrid, 2 feb (EFE).- Varios centenares de personas se han manifestado esta tarde contra lo que califican de \\\"familifobia\\\" en una protesta que ha recorrido el centro de Madrid en defensa de la familia tradicional frente al matrimonio y la adopci\\u00f3n de ni\\u00f1os por parte de parejas homosexuales. Convocados por la plataforma HazteOir.org, la movilizaci\\u00f3n\",\"inLanguage\":\"es-ES\",\"isPartOf\":{\"@id\":\"https:\\\/\\\/www.eldigitaldeasturias.com\\\/noticias\\\/#website\"},\"breadcrumb\":{\"@id\":\"https:\\\/\\\/www.eldigitaldeasturias.com\\\/noticias\\\/una-marcha-recorre-madrid-contra-la-familifobia-y-los-derechos-de-los-homosexuales\\\/#breadcrumblist\"},\"author\":{\"@id\":\"https:\\\/\\\/www.eldigitaldeasturias.com\\\/noticias\\\/author\\\/admin\\\/#author\"},\"creator\":{\"@id\":\"https:\\\/\\\/www.eldigitaldeasturias.com\\\/noticias\\\/author\\\/admin\\\/#author\"},\"image\":{\"@type\":\"ImageObject\",\"url\":482292,\"@id\":\"https:\\\/\\\/www.eldigitaldeasturias.com\\\/noticias\\\/una-marcha-recorre-madrid-contra-la-familifobia-y-los-derechos-de-los-homosexuales\\\/#mainImage\"},\"primaryImageOfPage\":{\"@id\":\"https:\\\/\\\/www.eldigitaldeasturias.com\\\/noticias\\\/una-marcha-recorre-madrid-contra-la-familifobia-y-los-derechos-de-los-homosexuales\\\/#mainImage\"},\"datePublished\":\"2014-02-02T21:19:13+01:00\",\"dateModified\":\"2014-02-02T21:19:13+01:00\"},{\"@type\":\"WebSite\",\"@id\":\"https:\\\/\\\/www.eldigitaldeasturias.com\\\/noticias\\\/#website\",\"url\":\"https:\\\/\\\/www.eldigitaldeasturias.com\\\/noticias\\\/\",\"name\":\"El Digital de Asturias - Diario de actualidad y noticias\",\"alternateName\":\"El Digital de Asturias - Diario de actualidad y noticias\",\"description\":\"Hemeroteca\",\"inLanguage\":\"es-ES\",\"publisher\":{\"@id\":\"https:\\\/\\\/www.eldigitaldeasturias.com\\\/noticias\\\/#organization\"}}]}\n\t\t<\/script>\n\t\t<!-- All in One SEO Pro -->\r\n\t\t<title>Una marcha recorre Madrid contra la \u00abfamilifobia\u00bb y los derechos de los homosexuales - El Digital de Asturias<\/title>\n\n","aioseo_head_json":{"title":"Una marcha recorre Madrid contra la \u00abfamilifobia\u00bb y los derechos de los homosexuales - El Digital de Asturias","description":"Madrid, 2 feb (EFE).- Varios centenares de personas se han manifestado esta tarde contra lo que califican de \"familifobia\" en una protesta que ha recorrido el centro de Madrid en defensa de la familia tradicional frente al matrimonio y la adopci\u00f3n de ni\u00f1os por parte de parejas homosexuales. Convocados por la plataforma HazteOir.org, la movilizaci\u00f3n","canonical_url":"https:\/\/www.eldigitaldeasturias.com\/noticias\/una-marcha-recorre-madrid-contra-la-familifobia-y-los-derechos-de-los-homosexuales\/","robots":"max-image-preview:large","keywords":"actualidad","webmasterTools":{"google-site-verification":"UA-38556648-1","msvalidate.01":"7dfe9f3f1b24437ab69f4f2559babe99","miscellaneous":""},"schema":{"@context":"https:\/\/schema.org","@graph":[{"@type":"BlogPosting","@id":"https:\/\/www.eldigitaldeasturias.com\/noticias\/una-marcha-recorre-madrid-contra-la-familifobia-y-los-derechos-de-los-homosexuales\/#blogposting","name":"Una marcha recorre Madrid contra la \u00abfamilifobia\u00bb y los derechos de los homosexuales - El Digital de Asturias","headline":"Una marcha recorre Madrid contra la \u00abfamilifobia\u00bb y los derechos de los homosexuales","author":{"@id":"https:\/\/www.eldigitaldeasturias.com\/noticias\/author\/admin\/#author"},"publisher":{"@id":"https:\/\/www.eldigitaldeasturias.com\/noticias\/#organization"},"image":{"@type":"ImageObject","url":482292},"datePublished":"2014-02-02T21:19:13+01:00","dateModified":"2014-02-02T21:19:13+01:00","inLanguage":"es-ES","mainEntityOfPage":{"@id":"https:\/\/www.eldigitaldeasturias.com\/noticias\/una-marcha-recorre-madrid-contra-la-familifobia-y-los-derechos-de-los-homosexuales\/#webpage"},"isPartOf":{"@id":"https:\/\/www.eldigitaldeasturias.com\/noticias\/una-marcha-recorre-madrid-contra-la-familifobia-y-los-derechos-de-los-homosexuales\/#webpage"},"articleSection":"Actualidad"},{"@type":"BreadcrumbList","@id":"https:\/\/www.eldigitaldeasturias.com\/noticias\/una-marcha-recorre-madrid-contra-la-familifobia-y-los-derechos-de-los-homosexuales\/#breadcrumblist","itemListElement":[{"@type":"ListItem","@id":"https:\/\/www.eldigitaldeasturias.com\/noticias#listItem","position":1,"name":"Home","item":"https:\/\/www.eldigitaldeasturias.com\/noticias","nextItem":{"@type":"ListItem","@id":"https:\/\/www.eldigitaldeasturias.com\/noticias\/category\/actualidad\/#listItem","name":"Actualidad"}},{"@type":"ListItem","@id":"https:\/\/www.eldigitaldeasturias.com\/noticias\/category\/actualidad\/#listItem","position":2,"name":"Actualidad","item":"https:\/\/www.eldigitaldeasturias.com\/noticias\/category\/actualidad\/","nextItem":{"@type":"ListItem","@id":"https:\/\/www.eldigitaldeasturias.com\/noticias\/una-marcha-recorre-madrid-contra-la-familifobia-y-los-derechos-de-los-homosexuales\/#listItem","name":"Una marcha recorre Madrid contra la \u00abfamilifobia\u00bb y los derechos de los homosexuales"},"previousItem":{"@type":"ListItem","@id":"https:\/\/www.eldigitaldeasturias.com\/noticias#listItem","name":"Home"}},{"@type":"ListItem","@id":"https:\/\/www.eldigitaldeasturias.com\/noticias\/una-marcha-recorre-madrid-contra-la-familifobia-y-los-derechos-de-los-homosexuales\/#listItem","position":3,"name":"Una marcha recorre Madrid contra la \u00abfamilifobia\u00bb y los derechos de los homosexuales","previousItem":{"@type":"ListItem","@id":"https:\/\/www.eldigitaldeasturias.com\/noticias\/category\/actualidad\/#listItem","name":"Actualidad"}}]},{"@type":"Organization","@id":"https:\/\/www.eldigitaldeasturias.com\/noticias\/#organization","name":"El Digital de Asturias","description":"Hemeroteca","url":"https:\/\/www.eldigitaldeasturias.com\/noticias\/","email":"info@eldigitaldeasturias.com","telephone":"+34652131393","logo":{"@type":"ImageObject","url":"https:\/\/www.eldigitaldeasturias.com\/noticias\/wp-content\/uploads\/2020\/12\/EDA.jpg","@id":"https:\/\/www.eldigitaldeasturias.com\/noticias\/una-marcha-recorre-madrid-contra-la-familifobia-y-los-derechos-de-los-homosexuales\/#organizationLogo"},"image":{"@id":"https:\/\/www.eldigitaldeasturias.com\/noticias\/una-marcha-recorre-madrid-contra-la-familifobia-y-los-derechos-de-los-homosexuales\/#organizationLogo"},"sameAs":["https:\/\/facebook.com\/eldigitaldeasturias","https:\/\/www.youtube.com\/channel\/UCZP-2wLEB9Rv6erhFmqVnvg"],"address":{"@id":"https:\/\/www.eldigitaldeasturias.com\/noticias\/#postaladdress","@type":"PostalAddress","streetAddress":"san antonio 4","postalCode":"33430","addressLocality":"Cand\u00e1s","addressRegion":"Asturias","addressCountry":"ES"}},{"@type":"Person","@id":"https:\/\/www.eldigitaldeasturias.com\/noticias\/author\/admin\/#author","url":"https:\/\/www.eldigitaldeasturias.com\/noticias\/author\/admin\/","name":"El Digital de Asturias","image":{"@type":"ImageObject","@id":"https:\/\/www.eldigitaldeasturias.com\/noticias\/una-marcha-recorre-madrid-contra-la-familifobia-y-los-derechos-de-los-homosexuales\/#authorImage","url":"https:\/\/secure.gravatar.com\/avatar\/df2aeffc32bcd13f8d26072ef8a91b623d677766deac7f97ca815868cd41bf5e?s=96&d=mm&r=g","width":96,"height":96,"caption":"El Digital de Asturias"}},{"@type":"WebPage","@id":"https:\/\/www.eldigitaldeasturias.com\/noticias\/una-marcha-recorre-madrid-contra-la-familifobia-y-los-derechos-de-los-homosexuales\/#webpage","url":"https:\/\/www.eldigitaldeasturias.com\/noticias\/una-marcha-recorre-madrid-contra-la-familifobia-y-los-derechos-de-los-homosexuales\/","name":"Una marcha recorre Madrid contra la \u00abfamilifobia\u00bb y los derechos de los homosexuales - El Digital de Asturias","description":"Madrid, 2 feb (EFE).- Varios centenares de personas se han manifestado esta tarde contra lo que califican de \"familifobia\" en una protesta que ha recorrido el centro de Madrid en defensa de la familia tradicional frente al matrimonio y la adopci\u00f3n de ni\u00f1os por parte de parejas homosexuales. Convocados por la plataforma HazteOir.org, la movilizaci\u00f3n","inLanguage":"es-ES","isPartOf":{"@id":"https:\/\/www.eldigitaldeasturias.com\/noticias\/#website"},"breadcrumb":{"@id":"https:\/\/www.eldigitaldeasturias.com\/noticias\/una-marcha-recorre-madrid-contra-la-familifobia-y-los-derechos-de-los-homosexuales\/#breadcrumblist"},"author":{"@id":"https:\/\/www.eldigitaldeasturias.com\/noticias\/author\/admin\/#author"},"creator":{"@id":"https:\/\/www.eldigitaldeasturias.com\/noticias\/author\/admin\/#author"},"image":{"@type":"ImageObject","url":482292,"@id":"https:\/\/www.eldigitaldeasturias.com\/noticias\/una-marcha-recorre-madrid-contra-la-familifobia-y-los-derechos-de-los-homosexuales\/#mainImage"},"primaryImageOfPage":{"@id":"https:\/\/www.eldigitaldeasturias.com\/noticias\/una-marcha-recorre-madrid-contra-la-familifobia-y-los-derechos-de-los-homosexuales\/#mainImage"},"datePublished":"2014-02-02T21:19:13+01:00","dateModified":"2014-02-02T21:19:13+01:00"},{"@type":"WebSite","@id":"https:\/\/www.eldigitaldeasturias.com\/noticias\/#website","url":"https:\/\/www.eldigitaldeasturias.com\/noticias\/","name":"El Digital de Asturias - Diario de actualidad y noticias","alternateName":"El Digital de Asturias - Diario de actualidad y noticias","description":"Hemeroteca","inLanguage":"es-ES","publisher":{"@id":"https:\/\/www.eldigitaldeasturias.com\/noticias\/#organization"}}]},"og:locale":"es_ES","og:site_name":"El Digital de Asturias","og:type":"article","og:title":"Una marcha recorre Madrid contra la \u00abfamilifobia\u00bb y los derechos de los homosexuales - El Digital de Asturias","og:description":"Madrid, 2 feb (EFE).- Varios centenares de personas se han manifestado esta tarde contra lo que califican de &quot;familifobia&quot; en una protesta que ha recorrido el centro de Madrid en defensa de la familia tradicional frente al matrimonio y la adopci\u00f3n de ni\u00f1os por parte de parejas homosexuales. Convocados por la plataforma HazteOir.org, la movilizaci\u00f3n","og:url":"https:\/\/www.eldigitaldeasturias.com\/noticias\/una-marcha-recorre-madrid-contra-la-familifobia-y-los-derechos-de-los-homosexuales\/","article:tag":["actualidad"],"article:published_time":"2014-02-02T22:19:13+00:00","article:modified_time":"2014-02-02T22:19:13+00:00","article:publisher":"https:\/\/facebook.com\/eldigitaldeasturias","twitter:card":"summary_large_image","twitter:title":"Una marcha recorre Madrid contra la \u00abfamilifobia\u00bb y los derechos de los homosexuales - El Digital de Asturias","twitter:description":"Madrid, 2 feb (EFE).- Varios centenares de personas se han manifestado esta tarde contra lo que califican de &quot;familifobia&quot; en una protesta que ha recorrido el centro de Madrid en defensa de la familia tradicional frente al matrimonio y la adopci\u00f3n de ni\u00f1os por parte de parejas homosexuales. Convocados por la plataforma HazteOir.org, la movilizaci\u00f3n","twitter:label1":"Escrito por","twitter:data1":"El Digital de Asturias","twitter:label2":"Tiempo de lectura estimado","twitter:data2":"3 minutos"},"aioseo_meta_data":{"post_id":"482291","title":null,"description":null,"keywords":null,"keyphrases":null,"primary_term":null,"canonical_url":null,"og_title":null,"og_description":null,"og_object_type":"default","og_image_type":"default","og_image_url":null,"og_image_width":null,"og_image_height":null,"og_image_custom_url":null,"og_image_custom_fields":null,"og_video":null,"og_custom_url":null,"og_article_section":null,"og_article_tags":null,"twitter_use_og":true,"twitter_card":"default","twitter_image_type":"default","twitter_image_url":null,"twitter_image_custom_url":null,"twitter_image_custom_fields":null,"twitter_title":null,"twitter_description":null,"schema":{"blockGraphs":[],"customGraphs":[],"default":{"data":{"Article":[],"Course":[],"Dataset":[],"FAQPage":[],"Movie":[],"Person":[],"Product":[],"ProductReview":[],"Car":[],"Recipe":[],"Service":[],"SoftwareApplication":[],"WebPage":[]},"graphName":"","isEnabled":true},"graphs":[],"defaultGraph":"","defaultPostTypeGraph":""},"schema_type":null,"schema_type_options":null,"pillar_content":false,"robots_default":true,"robots_noindex":false,"robots_noarchive":false,"robots_nosnippet":false,"robots_nofollow":false,"robots_noimageindex":false,"robots_noodp":false,"robots_notranslate":false,"robots_max_snippet":null,"robots_max_videopreview":null,"robots_max_imagepreview":"none","priority":null,"frequency":null,"local_seo":null,"seo_analyzer_scan_date":"2026-06-02 09:23:50","breadcrumb_settings":null,"limit_modified_date":false,"open_ai":null,"ai":null,"created":"2020-11-14 22:54:33","updated":"2026-06-02 09:23:50","focus_keyword":null,"additional_keywords":null,"truseo_locale":null},"aioseo_breadcrumb":"<div class=\"aioseo-breadcrumbs\"><span class=\"aioseo-breadcrumb\">\n\t<a href=\"https:\/\/www.eldigitaldeasturias.com\/noticias\" title=\"Home\">Home<\/a>\n<\/span><span class=\"aioseo-breadcrumb-separator\">\u2013<\/span><span class=\"aioseo-breadcrumb\">\n\t<a href=\"https:\/\/www.eldigitaldeasturias.com\/noticias\/category\/actualidad\/\" title=\"Actualidad\">Actualidad<\/a>\n<\/span><span class=\"aioseo-breadcrumb-separator\">\u2013<\/span><span class=\"aioseo-breadcrumb\">\n\t<a href=\"https:\/\/www.eldigitaldeasturias.com\/noticias\/una-marcha-recorre-madrid-contra-la-familifobia-y-los-derechos-de-los-homosexuales\/\" title=\"Una marcha recorre Madrid contra la \u00abfamilifobia\u00bb y los derechos de los homosexuales\">Una marcha recorre Madrid contra la \u00abfamilifobia\u00bb y los derechos de los homosexuales<\/a>\n<\/span><\/div>","aioseo_breadcrumb_json":[{"label":"Home","link":"https:\/\/www.eldigitaldeasturias.com\/noticias"},{"label":"Actualidad","link":"https:\/\/www.eldigitaldeasturias.com\/noticias\/category\/actualidad\/"},{"label":"Una marcha recorre Madrid contra la \u00abfamilifobia\u00bb y los derechos de los homosexuales","link":"https:\/\/www.eldigitaldeasturias.com\/noticias\/una-marcha-recorre-madrid-contra-la-familifobia-y-los-derechos-de-los-homosexuales\/"}],"_links":{"self":[{"href":"https:\/\/www.eldigitaldeasturias.com\/noticias\/wp-json\/wp\/v2\/posts\/482291","targetHints":{"allow":["GET"]}}],"collection":[{"href":"https:\/\/www.eldigitaldeasturias.com\/noticias\/wp-json\/wp\/v2\/posts"}],"about":[{"href":"https:\/\/www.eldigitaldeasturias.com\/noticias\/wp-json\/wp\/v2\/types\/post"}],"author":[{"embeddable":true,"href":"https:\/\/www.eldigitaldeasturias.com\/noticias\/wp-json\/wp\/v2\/users\/1"}],"replies":[{"embeddable":true,"href":"https:\/\/www.eldigitaldeasturias.com\/noticias\/wp-json\/wp\/v2\/comments?post=482291"}],"version-history":[{"count":0,"href":"https:\/\/www.eldigitaldeasturias.com\/noticias\/wp-json\/wp\/v2\/posts\/482291\/revisions"}],"wp:attachment":[{"href":"https:\/\/www.eldigitaldeasturias.com\/noticias\/wp-json\/wp\/v2\/media?parent=482291"}],"wp:term":[{"taxonomy":"category","embeddable":true,"href":"https:\/\/www.eldigitaldeasturias.com\/noticias\/wp-json\/wp\/v2\/categories?post=482291"},{"taxonomy":"post_tag","embeddable":true,"href":"https:\/\/www.eldigitaldeasturias.com\/noticias\/wp-json\/wp\/v2\/tags?post=482291"}],"curies":[{"name":"wp","href":"https:\/\/api.w.org\/{rel}","templated":true}]}}