{"id":482288,"date":"2014-02-02T21:18:18","date_gmt":"2014-02-02T22:18:18","guid":{"rendered":"http:\/\/www.eldigitaldeasturias.com\/noticias\/?p=482288"},"modified":"2014-02-02T21:18:18","modified_gmt":"2014-02-02T22:18:18","slug":"joan-herrera-tacha-de-insulto-decir-que-espanoles-nos-hemos-rescatado-solos","status":"publish","type":"post","link":"https:\/\/www.eldigitaldeasturias.com\/noticias\/joan-herrera-tacha-de-insulto-decir-que-espanoles-nos-hemos-rescatado-solos\/","title":{"rendered":"Joan Herrera tacha de insulto decir que espa\u00f1oles nos hemos rescatado solos"},"content":{"rendered":"<p><img loading=\"lazy\" decoding=\"async\" class=\"alignleft size-medium wp-image-482289\" alt=\"5901420w\" src=\"https:\/\/www.eldigitaldeasturias.com\/noticias\/wp-content\/uploads\/2014\/02\/5901420w-360x239.jpg\" width=\"360\" height=\"239\" \/>Barcelona, 2 feb (EFE).- El coordinador de ICV, Joan Herrera, ha dicho que son un \u00abinsulto\u00bb las palabras que ha pronunciado hoy el presidente del Gobierno, Mariano Rajoy, en la clausura de la Convenci\u00f3n del PP en Valladolid al afirmar que \u00ablos espa\u00f1oles nos hemos rescatado nosotros solos\u00bb.<\/p>\n<p>\u00abEn Espa\u00f1a han rescatado a la banca los espa\u00f1oles poniendo dinero y esfuerzo; tambi\u00e9n el sufrimiento de la mayor\u00eda de la gente para poder rescatar el derroche de la banca y sin que estos (la banca) paguen m\u00e1s\u00bb, ha declarado Herrera durante la visita que hoy ha realizado a la Feria de la Candelera, en Molins de Rei (Barcelona).<\/p>\n<p>Ha subrayado tambi\u00e9n que en Espa\u00f1a las desigualdades \u00abexist\u00edan y se incrementan\u00bb y ha hecho un llamamiento a estar \u00abvigilantes\u00bb ante la reforma fiscal anunciada por el Gobierno porque, ha dicho, \u00abcuando la derecha anuncia reformas fiscales acostumbra a ser para bajar los impuestos a los m\u00e1s ricos\u00bb.<\/p>\n<p>Herrera ha hecho tambi\u00e9n un llamamiento a toda la izquierda de cara a \u00absumar\u00bb frente a una derecha \u00abque no es la derecha fuerte que ten\u00edamos hasta ahora\u00bb y ha considerado que, por primera vez, al PP \u00able tiemblan las piernas\u00bb .<\/p>\n<p>\u00abLa gente de izquierdas que queremos una alternativa tenemos la responsabilidad de sumar porque podemos quitarnos de encima las pol\u00edticas que lidera el PP y tambi\u00e9n CiU en Catalu\u00f1a\u00bb.<\/p>\n","protected":false},"excerpt":{"rendered":"<p>Barcelona, 2 feb (EFE).- El coordinador de ICV, Joan Herrera, ha dicho que son un \u00abinsulto\u00bb las palabras que ha pronunciado hoy el presidente del Gobierno, Mariano Rajoy, en la clausura de la Convenci\u00f3n del PP en Valladolid al afirmar que \u00ablos espa\u00f1oles nos hemos rescatado nosotros solos\u00bb. \u00abEn Espa\u00f1a han rescatado a la banca [&hellip;]<\/p>\n","protected":false},"author":1,"featured_media":482289,"comment_status":"closed","ping_status":"open","sticky":false,"template":"","format":"standard","meta":{"footnotes":""},"categories":[1],"tags":[],"class_list":["post-482288","post","type-post","status-publish","format-standard","has-post-thumbnail","hentry","category-actualidad"],"aioseo_notices":[],"aioseo_head":"\n\t\t<!-- All in One SEO Pro 5.0.1 - aioseo.com -->\n\t<meta name=\"description\" content=\"Barcelona, 2 feb (EFE).- El coordinador de ICV, Joan Herrera, ha dicho que son un &quot;insulto&quot; las palabras que ha pronunciado hoy el presidente del Gobierno, Mariano Rajoy, en la clausura de la Convenci\u00f3n del PP en Valladolid al afirmar que &quot;los espa\u00f1oles nos hemos rescatado nosotros solos&quot;. &quot;En Espa\u00f1a han rescatado a la banca\" \/>\n\t<meta name=\"robots\" content=\"max-image-preview:large\" \/>\n\t<meta name=\"author\" content=\"El Digital de Asturias\"\/>\n\t<meta name=\"google-site-verification\" content=\"UA-38556648-1\" \/>\n\t<meta name=\"msvalidate.01\" content=\"7dfe9f3f1b24437ab69f4f2559babe99\" \/>\n\t<meta name=\"keywords\" content=\"actualidad\" \/>\n\t<link rel=\"canonical\" href=\"https:\/\/www.eldigitaldeasturias.com\/noticias\/joan-herrera-tacha-de-insulto-decir-que-espanoles-nos-hemos-rescatado-solos\/\" \/>\n\t<meta name=\"generator\" content=\"All in One SEO Pro (AIOSEO) 5.0.1\" \/>\n\t\t<meta property=\"og:locale\" content=\"es_ES\" \/>\n\t\t<meta property=\"og:site_name\" content=\"El Digital de Asturias\" \/>\n\t\t<meta property=\"og:type\" content=\"article\" \/>\n\t\t<meta property=\"og:title\" content=\"Joan Herrera tacha de insulto decir que espa\u00f1oles nos hemos rescatado solos - El Digital de Asturias\" \/>\n\t\t<meta property=\"og:description\" content=\"Barcelona, 2 feb (EFE).- El coordinador de ICV, Joan Herrera, ha dicho que son un &quot;insulto&quot; las palabras que ha pronunciado hoy el presidente del Gobierno, Mariano Rajoy, en la clausura de la Convenci\u00f3n del PP en Valladolid al afirmar que &quot;los espa\u00f1oles nos hemos rescatado nosotros solos&quot;. &quot;En Espa\u00f1a han rescatado a la banca\" \/>\n\t\t<meta property=\"og:url\" content=\"https:\/\/www.eldigitaldeasturias.com\/noticias\/joan-herrera-tacha-de-insulto-decir-que-espanoles-nos-hemos-rescatado-solos\/\" \/>\n\t\t<meta property=\"article:tag\" content=\"actualidad\" \/>\n\t\t<meta property=\"article:published_time\" content=\"2014-02-02T22:18:18+00:00\" \/>\n\t\t<meta property=\"article:modified_time\" content=\"2014-02-02T22:18:18+00:00\" \/>\n\t\t<meta property=\"article:publisher\" content=\"https:\/\/facebook.com\/eldigitaldeasturias\" \/>\n\t\t<meta name=\"twitter:card\" content=\"summary_large_image\" \/>\n\t\t<meta name=\"twitter:title\" content=\"Joan Herrera tacha de insulto decir que espa\u00f1oles nos hemos rescatado solos - El Digital de Asturias\" \/>\n\t\t<meta name=\"twitter:description\" content=\"Barcelona, 2 feb (EFE).- El coordinador de ICV, Joan Herrera, ha dicho que son un &quot;insulto&quot; las palabras que ha pronunciado hoy el presidente del Gobierno, Mariano Rajoy, en la clausura de la Convenci\u00f3n del PP en Valladolid al afirmar que &quot;los espa\u00f1oles nos hemos rescatado nosotros solos&quot;. &quot;En Espa\u00f1a han rescatado a la banca\" \/>\n\t\t<meta name=\"twitter:label1\" content=\"Escrito por\" \/>\n\t\t<meta name=\"twitter:data1\" content=\"El Digital de Asturias\" \/>\n\t\t<meta name=\"twitter:label2\" content=\"Tiempo de lectura estimado\" \/>\n\t\t<meta name=\"twitter:data2\" content=\"1 minuto\" \/>\n\t\t<script type=\"application\/ld+json\" class=\"aioseo-schema\">\n\t\t\t{\"@context\":\"https:\\\/\\\/schema.org\",\"@graph\":[{\"@type\":\"BlogPosting\",\"@id\":\"https:\\\/\\\/www.eldigitaldeasturias.com\\\/noticias\\\/joan-herrera-tacha-de-insulto-decir-que-espanoles-nos-hemos-rescatado-solos\\\/#blogposting\",\"name\":\"Joan Herrera tacha de insulto decir que espa\\u00f1oles nos hemos rescatado solos - El Digital de Asturias\",\"headline\":\"Joan Herrera tacha de insulto decir que espa\\u00f1oles nos hemos rescatado solos\",\"author\":{\"@id\":\"https:\\\/\\\/www.eldigitaldeasturias.com\\\/noticias\\\/author\\\/admin\\\/#author\"},\"publisher\":{\"@id\":\"https:\\\/\\\/www.eldigitaldeasturias.com\\\/noticias\\\/#organization\"},\"image\":{\"@type\":\"ImageObject\",\"url\":482289},\"datePublished\":\"2014-02-02T21:18:18+01:00\",\"dateModified\":\"2014-02-02T21:18:18+01:00\",\"inLanguage\":\"es-ES\",\"mainEntityOfPage\":{\"@id\":\"https:\\\/\\\/www.eldigitaldeasturias.com\\\/noticias\\\/joan-herrera-tacha-de-insulto-decir-que-espanoles-nos-hemos-rescatado-solos\\\/#webpage\"},\"isPartOf\":{\"@id\":\"https:\\\/\\\/www.eldigitaldeasturias.com\\\/noticias\\\/joan-herrera-tacha-de-insulto-decir-que-espanoles-nos-hemos-rescatado-solos\\\/#webpage\"},\"articleSection\":\"Actualidad\"},{\"@type\":\"BreadcrumbList\",\"@id\":\"https:\\\/\\\/www.eldigitaldeasturias.com\\\/noticias\\\/joan-herrera-tacha-de-insulto-decir-que-espanoles-nos-hemos-rescatado-solos\\\/#breadcrumblist\",\"itemListElement\":[{\"@type\":\"ListItem\",\"@id\":\"https:\\\/\\\/www.eldigitaldeasturias.com\\\/noticias#listItem\",\"position\":1,\"name\":\"Home\",\"item\":\"https:\\\/\\\/www.eldigitaldeasturias.com\\\/noticias\",\"nextItem\":{\"@type\":\"ListItem\",\"@id\":\"https:\\\/\\\/www.eldigitaldeasturias.com\\\/noticias\\\/category\\\/actualidad\\\/#listItem\",\"name\":\"Actualidad\"}},{\"@type\":\"ListItem\",\"@id\":\"https:\\\/\\\/www.eldigitaldeasturias.com\\\/noticias\\\/category\\\/actualidad\\\/#listItem\",\"position\":2,\"name\":\"Actualidad\",\"item\":\"https:\\\/\\\/www.eldigitaldeasturias.com\\\/noticias\\\/category\\\/actualidad\\\/\",\"nextItem\":{\"@type\":\"ListItem\",\"@id\":\"https:\\\/\\\/www.eldigitaldeasturias.com\\\/noticias\\\/joan-herrera-tacha-de-insulto-decir-que-espanoles-nos-hemos-rescatado-solos\\\/#listItem\",\"name\":\"Joan Herrera tacha de insulto decir que espa\\u00f1oles nos hemos rescatado solos\"},\"previousItem\":{\"@type\":\"ListItem\",\"@id\":\"https:\\\/\\\/www.eldigitaldeasturias.com\\\/noticias#listItem\",\"name\":\"Home\"}},{\"@type\":\"ListItem\",\"@id\":\"https:\\\/\\\/www.eldigitaldeasturias.com\\\/noticias\\\/joan-herrera-tacha-de-insulto-decir-que-espanoles-nos-hemos-rescatado-solos\\\/#listItem\",\"position\":3,\"name\":\"Joan Herrera tacha de insulto decir que espa\\u00f1oles nos hemos rescatado solos\",\"previousItem\":{\"@type\":\"ListItem\",\"@id\":\"https:\\\/\\\/www.eldigitaldeasturias.com\\\/noticias\\\/category\\\/actualidad\\\/#listItem\",\"name\":\"Actualidad\"}}]},{\"@type\":\"Organization\",\"@id\":\"https:\\\/\\\/www.eldigitaldeasturias.com\\\/noticias\\\/#organization\",\"name\":\"El Digital de Asturias\",\"description\":\"Hemeroteca\",\"url\":\"https:\\\/\\\/www.eldigitaldeasturias.com\\\/noticias\\\/\",\"email\":\"info@eldigitaldeasturias.com\",\"telephone\":\"+34652131393\",\"logo\":{\"@type\":\"ImageObject\",\"url\":\"https:\\\/\\\/www.eldigitaldeasturias.com\\\/noticias\\\/wp-content\\\/uploads\\\/2020\\\/12\\\/EDA.jpg\",\"@id\":\"https:\\\/\\\/www.eldigitaldeasturias.com\\\/noticias\\\/joan-herrera-tacha-de-insulto-decir-que-espanoles-nos-hemos-rescatado-solos\\\/#organizationLogo\"},\"image\":{\"@id\":\"https:\\\/\\\/www.eldigitaldeasturias.com\\\/noticias\\\/joan-herrera-tacha-de-insulto-decir-que-espanoles-nos-hemos-rescatado-solos\\\/#organizationLogo\"},\"sameAs\":[\"https:\\\/\\\/facebook.com\\\/eldigitaldeasturias\",\"https:\\\/\\\/www.youtube.com\\\/channel\\\/UCZP-2wLEB9Rv6erhFmqVnvg\"],\"address\":{\"@id\":\"https:\\\/\\\/www.eldigitaldeasturias.com\\\/noticias\\\/#postaladdress\",\"@type\":\"PostalAddress\",\"streetAddress\":\"san antonio 4\",\"postalCode\":\"33430\",\"addressLocality\":\"Cand\\u00e1s\",\"addressRegion\":\"Asturias\",\"addressCountry\":\"ES\"}},{\"@type\":\"Person\",\"@id\":\"https:\\\/\\\/www.eldigitaldeasturias.com\\\/noticias\\\/author\\\/admin\\\/#author\",\"url\":\"https:\\\/\\\/www.eldigitaldeasturias.com\\\/noticias\\\/author\\\/admin\\\/\",\"name\":\"El Digital de Asturias\",\"image\":{\"@type\":\"ImageObject\",\"@id\":\"https:\\\/\\\/www.eldigitaldeasturias.com\\\/noticias\\\/joan-herrera-tacha-de-insulto-decir-que-espanoles-nos-hemos-rescatado-solos\\\/#authorImage\",\"url\":\"https:\\\/\\\/secure.gravatar.com\\\/avatar\\\/df2aeffc32bcd13f8d26072ef8a91b623d677766deac7f97ca815868cd41bf5e?s=96&d=mm&r=g\",\"width\":96,\"height\":96,\"caption\":\"El Digital de Asturias\"}},{\"@type\":\"WebPage\",\"@id\":\"https:\\\/\\\/www.eldigitaldeasturias.com\\\/noticias\\\/joan-herrera-tacha-de-insulto-decir-que-espanoles-nos-hemos-rescatado-solos\\\/#webpage\",\"url\":\"https:\\\/\\\/www.eldigitaldeasturias.com\\\/noticias\\\/joan-herrera-tacha-de-insulto-decir-que-espanoles-nos-hemos-rescatado-solos\\\/\",\"name\":\"Joan Herrera tacha de insulto decir que espa\\u00f1oles nos hemos rescatado solos - El Digital de Asturias\",\"description\":\"Barcelona, 2 feb (EFE).- El coordinador de ICV, Joan Herrera, ha dicho que son un \\\"insulto\\\" las palabras que ha pronunciado hoy el presidente del Gobierno, Mariano Rajoy, en la clausura de la Convenci\\u00f3n del PP en Valladolid al afirmar que \\\"los espa\\u00f1oles nos hemos rescatado nosotros solos\\\". \\\"En Espa\\u00f1a han rescatado a la banca\",\"inLanguage\":\"es-ES\",\"isPartOf\":{\"@id\":\"https:\\\/\\\/www.eldigitaldeasturias.com\\\/noticias\\\/#website\"},\"breadcrumb\":{\"@id\":\"https:\\\/\\\/www.eldigitaldeasturias.com\\\/noticias\\\/joan-herrera-tacha-de-insulto-decir-que-espanoles-nos-hemos-rescatado-solos\\\/#breadcrumblist\"},\"author\":{\"@id\":\"https:\\\/\\\/www.eldigitaldeasturias.com\\\/noticias\\\/author\\\/admin\\\/#author\"},\"creator\":{\"@id\":\"https:\\\/\\\/www.eldigitaldeasturias.com\\\/noticias\\\/author\\\/admin\\\/#author\"},\"image\":{\"@type\":\"ImageObject\",\"url\":482289,\"@id\":\"https:\\\/\\\/www.eldigitaldeasturias.com\\\/noticias\\\/joan-herrera-tacha-de-insulto-decir-que-espanoles-nos-hemos-rescatado-solos\\\/#mainImage\"},\"primaryImageOfPage\":{\"@id\":\"https:\\\/\\\/www.eldigitaldeasturias.com\\\/noticias\\\/joan-herrera-tacha-de-insulto-decir-que-espanoles-nos-hemos-rescatado-solos\\\/#mainImage\"},\"datePublished\":\"2014-02-02T21:18:18+01:00\",\"dateModified\":\"2014-02-02T21:18:18+01:00\"},{\"@type\":\"WebSite\",\"@id\":\"https:\\\/\\\/www.eldigitaldeasturias.com\\\/noticias\\\/#website\",\"url\":\"https:\\\/\\\/www.eldigitaldeasturias.com\\\/noticias\\\/\",\"name\":\"El Digital de Asturias - Diario de actualidad y noticias\",\"alternateName\":\"El Digital de Asturias - Diario de actualidad y noticias\",\"description\":\"Hemeroteca\",\"inLanguage\":\"es-ES\",\"publisher\":{\"@id\":\"https:\\\/\\\/www.eldigitaldeasturias.com\\\/noticias\\\/#organization\"}}]}\n\t\t<\/script>\n\t\t<!-- All in One SEO Pro -->\r\n\t\t<title>Joan Herrera tacha de insulto decir que espa\u00f1oles nos hemos rescatado solos - El Digital de Asturias<\/title>\n\n","aioseo_head_json":{"title":"Joan Herrera tacha de insulto decir que espa\u00f1oles nos hemos rescatado solos - El Digital de Asturias","description":"Barcelona, 2 feb (EFE).- El coordinador de ICV, Joan Herrera, ha dicho que son un \"insulto\" las palabras que ha pronunciado hoy el presidente del Gobierno, Mariano Rajoy, en la clausura de la Convenci\u00f3n del PP en Valladolid al afirmar que \"los espa\u00f1oles nos hemos rescatado nosotros solos\". \"En Espa\u00f1a han rescatado a la banca","canonical_url":"https:\/\/www.eldigitaldeasturias.com\/noticias\/joan-herrera-tacha-de-insulto-decir-que-espanoles-nos-hemos-rescatado-solos\/","robots":"max-image-preview:large","keywords":"actualidad","webmasterTools":{"google-site-verification":"UA-38556648-1","msvalidate.01":"7dfe9f3f1b24437ab69f4f2559babe99","miscellaneous":""},"schema":{"@context":"https:\/\/schema.org","@graph":[{"@type":"BlogPosting","@id":"https:\/\/www.eldigitaldeasturias.com\/noticias\/joan-herrera-tacha-de-insulto-decir-que-espanoles-nos-hemos-rescatado-solos\/#blogposting","name":"Joan Herrera tacha de insulto decir que espa\u00f1oles nos hemos rescatado solos - El Digital de Asturias","headline":"Joan Herrera tacha de insulto decir que espa\u00f1oles nos hemos rescatado solos","author":{"@id":"https:\/\/www.eldigitaldeasturias.com\/noticias\/author\/admin\/#author"},"publisher":{"@id":"https:\/\/www.eldigitaldeasturias.com\/noticias\/#organization"},"image":{"@type":"ImageObject","url":482289},"datePublished":"2014-02-02T21:18:18+01:00","dateModified":"2014-02-02T21:18:18+01:00","inLanguage":"es-ES","mainEntityOfPage":{"@id":"https:\/\/www.eldigitaldeasturias.com\/noticias\/joan-herrera-tacha-de-insulto-decir-que-espanoles-nos-hemos-rescatado-solos\/#webpage"},"isPartOf":{"@id":"https:\/\/www.eldigitaldeasturias.com\/noticias\/joan-herrera-tacha-de-insulto-decir-que-espanoles-nos-hemos-rescatado-solos\/#webpage"},"articleSection":"Actualidad"},{"@type":"BreadcrumbList","@id":"https:\/\/www.eldigitaldeasturias.com\/noticias\/joan-herrera-tacha-de-insulto-decir-que-espanoles-nos-hemos-rescatado-solos\/#breadcrumblist","itemListElement":[{"@type":"ListItem","@id":"https:\/\/www.eldigitaldeasturias.com\/noticias#listItem","position":1,"name":"Home","item":"https:\/\/www.eldigitaldeasturias.com\/noticias","nextItem":{"@type":"ListItem","@id":"https:\/\/www.eldigitaldeasturias.com\/noticias\/category\/actualidad\/#listItem","name":"Actualidad"}},{"@type":"ListItem","@id":"https:\/\/www.eldigitaldeasturias.com\/noticias\/category\/actualidad\/#listItem","position":2,"name":"Actualidad","item":"https:\/\/www.eldigitaldeasturias.com\/noticias\/category\/actualidad\/","nextItem":{"@type":"ListItem","@id":"https:\/\/www.eldigitaldeasturias.com\/noticias\/joan-herrera-tacha-de-insulto-decir-que-espanoles-nos-hemos-rescatado-solos\/#listItem","name":"Joan Herrera tacha de insulto decir que espa\u00f1oles nos hemos rescatado solos"},"previousItem":{"@type":"ListItem","@id":"https:\/\/www.eldigitaldeasturias.com\/noticias#listItem","name":"Home"}},{"@type":"ListItem","@id":"https:\/\/www.eldigitaldeasturias.com\/noticias\/joan-herrera-tacha-de-insulto-decir-que-espanoles-nos-hemos-rescatado-solos\/#listItem","position":3,"name":"Joan Herrera tacha de insulto decir que espa\u00f1oles nos hemos rescatado solos","previousItem":{"@type":"ListItem","@id":"https:\/\/www.eldigitaldeasturias.com\/noticias\/category\/actualidad\/#listItem","name":"Actualidad"}}]},{"@type":"Organization","@id":"https:\/\/www.eldigitaldeasturias.com\/noticias\/#organization","name":"El Digital de Asturias","description":"Hemeroteca","url":"https:\/\/www.eldigitaldeasturias.com\/noticias\/","email":"info@eldigitaldeasturias.com","telephone":"+34652131393","logo":{"@type":"ImageObject","url":"https:\/\/www.eldigitaldeasturias.com\/noticias\/wp-content\/uploads\/2020\/12\/EDA.jpg","@id":"https:\/\/www.eldigitaldeasturias.com\/noticias\/joan-herrera-tacha-de-insulto-decir-que-espanoles-nos-hemos-rescatado-solos\/#organizationLogo"},"image":{"@id":"https:\/\/www.eldigitaldeasturias.com\/noticias\/joan-herrera-tacha-de-insulto-decir-que-espanoles-nos-hemos-rescatado-solos\/#organizationLogo"},"sameAs":["https:\/\/facebook.com\/eldigitaldeasturias","https:\/\/www.youtube.com\/channel\/UCZP-2wLEB9Rv6erhFmqVnvg"],"address":{"@id":"https:\/\/www.eldigitaldeasturias.com\/noticias\/#postaladdress","@type":"PostalAddress","streetAddress":"san antonio 4","postalCode":"33430","addressLocality":"Cand\u00e1s","addressRegion":"Asturias","addressCountry":"ES"}},{"@type":"Person","@id":"https:\/\/www.eldigitaldeasturias.com\/noticias\/author\/admin\/#author","url":"https:\/\/www.eldigitaldeasturias.com\/noticias\/author\/admin\/","name":"El Digital de Asturias","image":{"@type":"ImageObject","@id":"https:\/\/www.eldigitaldeasturias.com\/noticias\/joan-herrera-tacha-de-insulto-decir-que-espanoles-nos-hemos-rescatado-solos\/#authorImage","url":"https:\/\/secure.gravatar.com\/avatar\/df2aeffc32bcd13f8d26072ef8a91b623d677766deac7f97ca815868cd41bf5e?s=96&d=mm&r=g","width":96,"height":96,"caption":"El Digital de Asturias"}},{"@type":"WebPage","@id":"https:\/\/www.eldigitaldeasturias.com\/noticias\/joan-herrera-tacha-de-insulto-decir-que-espanoles-nos-hemos-rescatado-solos\/#webpage","url":"https:\/\/www.eldigitaldeasturias.com\/noticias\/joan-herrera-tacha-de-insulto-decir-que-espanoles-nos-hemos-rescatado-solos\/","name":"Joan Herrera tacha de insulto decir que espa\u00f1oles nos hemos rescatado solos - El Digital de Asturias","description":"Barcelona, 2 feb (EFE).- El coordinador de ICV, Joan Herrera, ha dicho que son un \"insulto\" las palabras que ha pronunciado hoy el presidente del Gobierno, Mariano Rajoy, en la clausura de la Convenci\u00f3n del PP en Valladolid al afirmar que \"los espa\u00f1oles nos hemos rescatado nosotros solos\". \"En Espa\u00f1a han rescatado a la banca","inLanguage":"es-ES","isPartOf":{"@id":"https:\/\/www.eldigitaldeasturias.com\/noticias\/#website"},"breadcrumb":{"@id":"https:\/\/www.eldigitaldeasturias.com\/noticias\/joan-herrera-tacha-de-insulto-decir-que-espanoles-nos-hemos-rescatado-solos\/#breadcrumblist"},"author":{"@id":"https:\/\/www.eldigitaldeasturias.com\/noticias\/author\/admin\/#author"},"creator":{"@id":"https:\/\/www.eldigitaldeasturias.com\/noticias\/author\/admin\/#author"},"image":{"@type":"ImageObject","url":482289,"@id":"https:\/\/www.eldigitaldeasturias.com\/noticias\/joan-herrera-tacha-de-insulto-decir-que-espanoles-nos-hemos-rescatado-solos\/#mainImage"},"primaryImageOfPage":{"@id":"https:\/\/www.eldigitaldeasturias.com\/noticias\/joan-herrera-tacha-de-insulto-decir-que-espanoles-nos-hemos-rescatado-solos\/#mainImage"},"datePublished":"2014-02-02T21:18:18+01:00","dateModified":"2014-02-02T21:18:18+01:00"},{"@type":"WebSite","@id":"https:\/\/www.eldigitaldeasturias.com\/noticias\/#website","url":"https:\/\/www.eldigitaldeasturias.com\/noticias\/","name":"El Digital de Asturias - Diario de actualidad y noticias","alternateName":"El Digital de Asturias - Diario de actualidad y noticias","description":"Hemeroteca","inLanguage":"es-ES","publisher":{"@id":"https:\/\/www.eldigitaldeasturias.com\/noticias\/#organization"}}]},"og:locale":"es_ES","og:site_name":"El Digital de Asturias","og:type":"article","og:title":"Joan Herrera tacha de insulto decir que espa\u00f1oles nos hemos rescatado solos - El Digital de Asturias","og:description":"Barcelona, 2 feb (EFE).- El coordinador de ICV, Joan Herrera, ha dicho que son un &quot;insulto&quot; las palabras que ha pronunciado hoy el presidente del Gobierno, Mariano Rajoy, en la clausura de la Convenci\u00f3n del PP en Valladolid al afirmar que &quot;los espa\u00f1oles nos hemos rescatado nosotros solos&quot;. &quot;En Espa\u00f1a han rescatado a la banca","og:url":"https:\/\/www.eldigitaldeasturias.com\/noticias\/joan-herrera-tacha-de-insulto-decir-que-espanoles-nos-hemos-rescatado-solos\/","article:tag":["actualidad"],"article:published_time":"2014-02-02T22:18:18+00:00","article:modified_time":"2014-02-02T22:18:18+00:00","article:publisher":"https:\/\/facebook.com\/eldigitaldeasturias","twitter:card":"summary_large_image","twitter:title":"Joan Herrera tacha de insulto decir que espa\u00f1oles nos hemos rescatado solos - El Digital de Asturias","twitter:description":"Barcelona, 2 feb (EFE).- El coordinador de ICV, Joan Herrera, ha dicho que son un &quot;insulto&quot; las palabras que ha pronunciado hoy el presidente del Gobierno, Mariano Rajoy, en la clausura de la Convenci\u00f3n del PP en Valladolid al afirmar que &quot;los espa\u00f1oles nos hemos rescatado nosotros solos&quot;. &quot;En Espa\u00f1a han rescatado a la banca","twitter:label1":"Escrito por","twitter:data1":"El Digital de Asturias","twitter:label2":"Tiempo de lectura estimado","twitter:data2":"1 minuto"},"aioseo_meta_data":{"post_id":"482288","title":null,"description":null,"keywords":null,"keyphrases":null,"primary_term":null,"canonical_url":null,"og_title":null,"og_description":null,"og_object_type":"default","og_image_type":"default","og_image_url":null,"og_image_width":null,"og_image_height":null,"og_image_custom_url":null,"og_image_custom_fields":null,"og_video":null,"og_custom_url":null,"og_article_section":null,"og_article_tags":null,"twitter_use_og":true,"twitter_card":"default","twitter_image_type":"default","twitter_image_url":null,"twitter_image_custom_url":null,"twitter_image_custom_fields":null,"twitter_title":null,"twitter_description":null,"schema":{"blockGraphs":[],"customGraphs":[],"default":{"data":{"Article":[],"Course":[],"Dataset":[],"FAQPage":[],"Movie":[],"Person":[],"Product":[],"ProductReview":[],"Car":[],"Recipe":[],"Service":[],"SoftwareApplication":[],"WebPage":[]},"graphName":"","isEnabled":true},"graphs":[],"defaultGraph":"","defaultPostTypeGraph":""},"schema_type":null,"schema_type_options":null,"pillar_content":false,"robots_default":true,"robots_noindex":false,"robots_noarchive":false,"robots_nosnippet":false,"robots_nofollow":false,"robots_noimageindex":false,"robots_noodp":false,"robots_notranslate":false,"robots_max_snippet":null,"robots_max_videopreview":null,"robots_max_imagepreview":"none","priority":null,"frequency":null,"local_seo":null,"seo_analyzer_scan_date":"2026-06-02 09:23:50","breadcrumb_settings":null,"limit_modified_date":false,"open_ai":null,"ai":null,"created":"2020-11-14 22:54:33","updated":"2026-06-02 09:23:50","focus_keyword":null,"additional_keywords":null,"truseo_locale":null},"aioseo_breadcrumb":"<div class=\"aioseo-breadcrumbs\"><span class=\"aioseo-breadcrumb\">\n\t<a href=\"https:\/\/www.eldigitaldeasturias.com\/noticias\" title=\"Home\">Home<\/a>\n<\/span><span class=\"aioseo-breadcrumb-separator\">\u2013<\/span><span class=\"aioseo-breadcrumb\">\n\t<a href=\"https:\/\/www.eldigitaldeasturias.com\/noticias\/category\/actualidad\/\" title=\"Actualidad\">Actualidad<\/a>\n<\/span><span class=\"aioseo-breadcrumb-separator\">\u2013<\/span><span class=\"aioseo-breadcrumb\">\n\t<a href=\"https:\/\/www.eldigitaldeasturias.com\/noticias\/joan-herrera-tacha-de-insulto-decir-que-espanoles-nos-hemos-rescatado-solos\/\" title=\"Joan Herrera tacha de insulto decir que espa\u00f1oles nos hemos rescatado solos\">Joan Herrera tacha de insulto decir que espa\u00f1oles nos hemos rescatado solos<\/a>\n<\/span><\/div>","aioseo_breadcrumb_json":[{"label":"Home","link":"https:\/\/www.eldigitaldeasturias.com\/noticias"},{"label":"Actualidad","link":"https:\/\/www.eldigitaldeasturias.com\/noticias\/category\/actualidad\/"},{"label":"Joan Herrera tacha de insulto decir que espa\u00f1oles nos hemos rescatado solos","link":"https:\/\/www.eldigitaldeasturias.com\/noticias\/joan-herrera-tacha-de-insulto-decir-que-espanoles-nos-hemos-rescatado-solos\/"}],"_links":{"self":[{"href":"https:\/\/www.eldigitaldeasturias.com\/noticias\/wp-json\/wp\/v2\/posts\/482288","targetHints":{"allow":["GET"]}}],"collection":[{"href":"https:\/\/www.eldigitaldeasturias.com\/noticias\/wp-json\/wp\/v2\/posts"}],"about":[{"href":"https:\/\/www.eldigitaldeasturias.com\/noticias\/wp-json\/wp\/v2\/types\/post"}],"author":[{"embeddable":true,"href":"https:\/\/www.eldigitaldeasturias.com\/noticias\/wp-json\/wp\/v2\/users\/1"}],"replies":[{"embeddable":true,"href":"https:\/\/www.eldigitaldeasturias.com\/noticias\/wp-json\/wp\/v2\/comments?post=482288"}],"version-history":[{"count":0,"href":"https:\/\/www.eldigitaldeasturias.com\/noticias\/wp-json\/wp\/v2\/posts\/482288\/revisions"}],"wp:attachment":[{"href":"https:\/\/www.eldigitaldeasturias.com\/noticias\/wp-json\/wp\/v2\/media?parent=482288"}],"wp:term":[{"taxonomy":"category","embeddable":true,"href":"https:\/\/www.eldigitaldeasturias.com\/noticias\/wp-json\/wp\/v2\/categories?post=482288"},{"taxonomy":"post_tag","embeddable":true,"href":"https:\/\/www.eldigitaldeasturias.com\/noticias\/wp-json\/wp\/v2\/tags?post=482288"}],"curies":[{"name":"wp","href":"https:\/\/api.w.org\/{rel}","templated":true}]}}