{"id":482285,"date":"2014-02-02T21:17:13","date_gmt":"2014-02-02T22:17:13","guid":{"rendered":"http:\/\/www.eldigitaldeasturias.com\/noticias\/?p=482285"},"modified":"2014-02-02T21:17:13","modified_gmt":"2014-02-02T22:17:13","slug":"ucranianos-se-manifiestan-en-madrid-contra-yanukovich","status":"publish","type":"post","link":"https:\/\/www.eldigitaldeasturias.com\/noticias\/ucranianos-se-manifiestan-en-madrid-contra-yanukovich\/","title":{"rendered":"Ucranianos se manifiestan en Madrid contra Yanuk\u00f3vich"},"content":{"rendered":"<p><img loading=\"lazy\" decoding=\"async\" class=\"alignleft size-medium wp-image-482286\" alt=\"5901381w\" src=\"https:\/\/www.eldigitaldeasturias.com\/noticias\/wp-content\/uploads\/2014\/02\/5901381w-360x240.jpg\" width=\"360\" height=\"240\" \/>Madrid, 2 feb (EFE).- M\u00e1s de un centenar de ucranianos se han manifestado hoy en Madrid para mostrar su apoyo a sus compatriotas que est\u00e1n luchando en Ucrania y para exigir la dimisi\u00f3n del actual presidente, V\u00edctor Yanuk\u00f3vich.<\/p>\n<p>Los manifestantes, que se han reunido en la Plaza de Col\u00f3n, han pedido \u00abpaz y democracia\u00bb para Ucrania, as\u00ed como la dimisi\u00f3n del presidente Yanuk\u00f3vich, y han mostrado carteles en ingl\u00e9s, espa\u00f1ol y ucraniano de \u00abNo a la dictadura\u00bb, \u00abNo a la represi\u00f3n\u00bb y \u00abPutin quita la mano de Europa\u00bb, entre otros.<\/p>\n<p>La soluci\u00f3n a la crisis que est\u00e1 viviendo ahora Ucrania, seg\u00fan ha comentado a Efe Oksana Horin, miembro del centro cultural y educativo \u00abDyvosvit\u00bb (Mundo maravilloso), pasa por un nuevo gobierno \u00abm\u00e1s justo y menos corrupto\u00bb, y por la amnist\u00eda para todos los presos que han sido detenidos durante las protestas en Kiev \u00ab\u00fanicamente por expresar su opini\u00f3n\u00bb.<\/p>\n<p>\u00abTenemos una misi\u00f3n para con nuestros compatriotas -ha dicho Horin dirigi\u00e9ndose a todos los all\u00ed presentes-: ser la voz en el extranjero de los que est\u00e1n ahora luchando en el Maid\u00e1n (plaza en la que comenzaron las protestas y que ha dado nombre a la revoluci\u00f3n) por sus derechos y que se conozca la situaci\u00f3n verdadera que est\u00e1 sufriendo Ucrania\u00bb.<\/p>\n<p>Esta ciudadana ucraniana asegura que en su pa\u00eds se est\u00e1n violando derechos humanos y ha expresado que lo \u00fanico que ellos quieren es \u00ablo b\u00e1sico\u00bb, que se respeten los derechos humanos de expresi\u00f3n, de manifestaci\u00f3n y de justicia.<\/p>\n<p>La comunidad ucraniana en Madrid, como ha comentado a Efe uno de los manifestantes, Bogdan Katoula, ha querido con esta concentraci\u00f3n llamar la atenci\u00f3n de \u00abEspa\u00f1a, Europa y el mundo entero\u00bb para que \u00abse enteren de la violaci\u00f3n de derechos fundamentales y la corrupci\u00f3n\u00bb que hay en el pa\u00eds, y a la que \u00abhay que poner fin\u00bb.<\/p>\n<p>\u00abDe momento hay mucha palabrer\u00eda, pero aun nadie presiona como se deber\u00eda hacer\u00bb, se ha lamentado Katoula.<\/p>\n<p>La de hoy ha sido la segunda concentraci\u00f3n de ucranianos en Madrid (la primera fue hace una semana y a ella asistieron m\u00e1s de mil personas), y al igual que en la del pasado domingo tras una reuni\u00f3n de dos horas en la Plaza de Col\u00f3n el grupo de concentrados ha marchado por la Castellana hacia la Plaza de Cibeles para continuar su protesta.<\/p>\n","protected":false},"excerpt":{"rendered":"<p>Madrid, 2 feb (EFE).- M\u00e1s de un centenar de ucranianos se han manifestado hoy en Madrid para mostrar su apoyo a sus compatriotas que est\u00e1n luchando en Ucrania y para exigir la dimisi\u00f3n del actual presidente, V\u00edctor Yanuk\u00f3vich. Los manifestantes, que se han reunido en la Plaza de Col\u00f3n, han pedido \u00abpaz y democracia\u00bb para [&hellip;]<\/p>\n","protected":false},"author":1,"featured_media":482286,"comment_status":"closed","ping_status":"open","sticky":false,"template":"","format":"standard","meta":{"footnotes":""},"categories":[1],"tags":[],"class_list":["post-482285","post","type-post","status-publish","format-standard","has-post-thumbnail","hentry","category-actualidad"],"aioseo_notices":[],"aioseo_head":"\n\t\t<!-- All in One SEO Pro 5.0.1 - aioseo.com -->\n\t<meta name=\"description\" content=\"Madrid, 2 feb (EFE).- M\u00e1s de un centenar de ucranianos se han manifestado hoy en Madrid para mostrar su apoyo a sus compatriotas que est\u00e1n luchando en Ucrania y para exigir la dimisi\u00f3n del actual presidente, V\u00edctor Yanuk\u00f3vich. Los manifestantes, que se han reunido en la Plaza de Col\u00f3n, han pedido &quot;paz y democracia&quot; para\" \/>\n\t<meta name=\"robots\" content=\"max-image-preview:large\" \/>\n\t<meta name=\"author\" content=\"El Digital de Asturias\"\/>\n\t<meta name=\"google-site-verification\" content=\"UA-38556648-1\" \/>\n\t<meta name=\"msvalidate.01\" content=\"7dfe9f3f1b24437ab69f4f2559babe99\" \/>\n\t<meta name=\"keywords\" content=\"actualidad\" \/>\n\t<link rel=\"canonical\" href=\"https:\/\/www.eldigitaldeasturias.com\/noticias\/ucranianos-se-manifiestan-en-madrid-contra-yanukovich\/\" \/>\n\t<meta name=\"generator\" content=\"All in One SEO Pro (AIOSEO) 5.0.1\" \/>\n\t\t<meta property=\"og:locale\" content=\"es_ES\" \/>\n\t\t<meta property=\"og:site_name\" content=\"El Digital de Asturias\" \/>\n\t\t<meta property=\"og:type\" content=\"article\" \/>\n\t\t<meta property=\"og:title\" content=\"Ucranianos se manifiestan en Madrid contra Yanuk\u00f3vich - El Digital de Asturias\" \/>\n\t\t<meta property=\"og:description\" content=\"Madrid, 2 feb (EFE).- M\u00e1s de un centenar de ucranianos se han manifestado hoy en Madrid para mostrar su apoyo a sus compatriotas que est\u00e1n luchando en Ucrania y para exigir la dimisi\u00f3n del actual presidente, V\u00edctor Yanuk\u00f3vich. Los manifestantes, que se han reunido en la Plaza de Col\u00f3n, han pedido &quot;paz y democracia&quot; para\" \/>\n\t\t<meta property=\"og:url\" content=\"https:\/\/www.eldigitaldeasturias.com\/noticias\/ucranianos-se-manifiestan-en-madrid-contra-yanukovich\/\" \/>\n\t\t<meta property=\"article:tag\" content=\"actualidad\" \/>\n\t\t<meta property=\"article:published_time\" content=\"2014-02-02T22:17:13+00:00\" \/>\n\t\t<meta property=\"article:modified_time\" content=\"2014-02-02T22:17:13+00:00\" \/>\n\t\t<meta property=\"article:publisher\" content=\"https:\/\/facebook.com\/eldigitaldeasturias\" \/>\n\t\t<meta name=\"twitter:card\" content=\"summary_large_image\" \/>\n\t\t<meta name=\"twitter:title\" content=\"Ucranianos se manifiestan en Madrid contra Yanuk\u00f3vich - El Digital de Asturias\" \/>\n\t\t<meta name=\"twitter:description\" content=\"Madrid, 2 feb (EFE).- M\u00e1s de un centenar de ucranianos se han manifestado hoy en Madrid para mostrar su apoyo a sus compatriotas que est\u00e1n luchando en Ucrania y para exigir la dimisi\u00f3n del actual presidente, V\u00edctor Yanuk\u00f3vich. Los manifestantes, que se han reunido en la Plaza de Col\u00f3n, han pedido &quot;paz y democracia&quot; para\" \/>\n\t\t<meta name=\"twitter:label1\" content=\"Escrito por\" \/>\n\t\t<meta name=\"twitter:data1\" content=\"El Digital de Asturias\" \/>\n\t\t<meta name=\"twitter:label2\" content=\"Tiempo de lectura estimado\" \/>\n\t\t<meta name=\"twitter:data2\" content=\"2 minutos\" \/>\n\t\t<script type=\"application\/ld+json\" class=\"aioseo-schema\">\n\t\t\t{\"@context\":\"https:\\\/\\\/schema.org\",\"@graph\":[{\"@type\":\"BlogPosting\",\"@id\":\"https:\\\/\\\/www.eldigitaldeasturias.com\\\/noticias\\\/ucranianos-se-manifiestan-en-madrid-contra-yanukovich\\\/#blogposting\",\"name\":\"Ucranianos se manifiestan en Madrid contra Yanuk\\u00f3vich - El Digital de Asturias\",\"headline\":\"Ucranianos se manifiestan en Madrid contra Yanuk\\u00f3vich\",\"author\":{\"@id\":\"https:\\\/\\\/www.eldigitaldeasturias.com\\\/noticias\\\/author\\\/admin\\\/#author\"},\"publisher\":{\"@id\":\"https:\\\/\\\/www.eldigitaldeasturias.com\\\/noticias\\\/#organization\"},\"image\":{\"@type\":\"ImageObject\",\"url\":482286},\"datePublished\":\"2014-02-02T21:17:13+01:00\",\"dateModified\":\"2014-02-02T21:17:13+01:00\",\"inLanguage\":\"es-ES\",\"mainEntityOfPage\":{\"@id\":\"https:\\\/\\\/www.eldigitaldeasturias.com\\\/noticias\\\/ucranianos-se-manifiestan-en-madrid-contra-yanukovich\\\/#webpage\"},\"isPartOf\":{\"@id\":\"https:\\\/\\\/www.eldigitaldeasturias.com\\\/noticias\\\/ucranianos-se-manifiestan-en-madrid-contra-yanukovich\\\/#webpage\"},\"articleSection\":\"Actualidad\"},{\"@type\":\"BreadcrumbList\",\"@id\":\"https:\\\/\\\/www.eldigitaldeasturias.com\\\/noticias\\\/ucranianos-se-manifiestan-en-madrid-contra-yanukovich\\\/#breadcrumblist\",\"itemListElement\":[{\"@type\":\"ListItem\",\"@id\":\"https:\\\/\\\/www.eldigitaldeasturias.com\\\/noticias#listItem\",\"position\":1,\"name\":\"Home\",\"item\":\"https:\\\/\\\/www.eldigitaldeasturias.com\\\/noticias\",\"nextItem\":{\"@type\":\"ListItem\",\"@id\":\"https:\\\/\\\/www.eldigitaldeasturias.com\\\/noticias\\\/category\\\/actualidad\\\/#listItem\",\"name\":\"Actualidad\"}},{\"@type\":\"ListItem\",\"@id\":\"https:\\\/\\\/www.eldigitaldeasturias.com\\\/noticias\\\/category\\\/actualidad\\\/#listItem\",\"position\":2,\"name\":\"Actualidad\",\"item\":\"https:\\\/\\\/www.eldigitaldeasturias.com\\\/noticias\\\/category\\\/actualidad\\\/\",\"nextItem\":{\"@type\":\"ListItem\",\"@id\":\"https:\\\/\\\/www.eldigitaldeasturias.com\\\/noticias\\\/ucranianos-se-manifiestan-en-madrid-contra-yanukovich\\\/#listItem\",\"name\":\"Ucranianos se manifiestan en Madrid contra Yanuk\\u00f3vich\"},\"previousItem\":{\"@type\":\"ListItem\",\"@id\":\"https:\\\/\\\/www.eldigitaldeasturias.com\\\/noticias#listItem\",\"name\":\"Home\"}},{\"@type\":\"ListItem\",\"@id\":\"https:\\\/\\\/www.eldigitaldeasturias.com\\\/noticias\\\/ucranianos-se-manifiestan-en-madrid-contra-yanukovich\\\/#listItem\",\"position\":3,\"name\":\"Ucranianos se manifiestan en Madrid contra Yanuk\\u00f3vich\",\"previousItem\":{\"@type\":\"ListItem\",\"@id\":\"https:\\\/\\\/www.eldigitaldeasturias.com\\\/noticias\\\/category\\\/actualidad\\\/#listItem\",\"name\":\"Actualidad\"}}]},{\"@type\":\"Organization\",\"@id\":\"https:\\\/\\\/www.eldigitaldeasturias.com\\\/noticias\\\/#organization\",\"name\":\"El Digital de Asturias\",\"description\":\"Hemeroteca\",\"url\":\"https:\\\/\\\/www.eldigitaldeasturias.com\\\/noticias\\\/\",\"email\":\"info@eldigitaldeasturias.com\",\"telephone\":\"+34652131393\",\"logo\":{\"@type\":\"ImageObject\",\"url\":\"https:\\\/\\\/www.eldigitaldeasturias.com\\\/noticias\\\/wp-content\\\/uploads\\\/2020\\\/12\\\/EDA.jpg\",\"@id\":\"https:\\\/\\\/www.eldigitaldeasturias.com\\\/noticias\\\/ucranianos-se-manifiestan-en-madrid-contra-yanukovich\\\/#organizationLogo\"},\"image\":{\"@id\":\"https:\\\/\\\/www.eldigitaldeasturias.com\\\/noticias\\\/ucranianos-se-manifiestan-en-madrid-contra-yanukovich\\\/#organizationLogo\"},\"sameAs\":[\"https:\\\/\\\/facebook.com\\\/eldigitaldeasturias\",\"https:\\\/\\\/www.youtube.com\\\/channel\\\/UCZP-2wLEB9Rv6erhFmqVnvg\"],\"address\":{\"@id\":\"https:\\\/\\\/www.eldigitaldeasturias.com\\\/noticias\\\/#postaladdress\",\"@type\":\"PostalAddress\",\"streetAddress\":\"san antonio 4\",\"postalCode\":\"33430\",\"addressLocality\":\"Cand\\u00e1s\",\"addressRegion\":\"Asturias\",\"addressCountry\":\"ES\"}},{\"@type\":\"Person\",\"@id\":\"https:\\\/\\\/www.eldigitaldeasturias.com\\\/noticias\\\/author\\\/admin\\\/#author\",\"url\":\"https:\\\/\\\/www.eldigitaldeasturias.com\\\/noticias\\\/author\\\/admin\\\/\",\"name\":\"El Digital de Asturias\",\"image\":{\"@type\":\"ImageObject\",\"@id\":\"https:\\\/\\\/www.eldigitaldeasturias.com\\\/noticias\\\/ucranianos-se-manifiestan-en-madrid-contra-yanukovich\\\/#authorImage\",\"url\":\"https:\\\/\\\/secure.gravatar.com\\\/avatar\\\/df2aeffc32bcd13f8d26072ef8a91b623d677766deac7f97ca815868cd41bf5e?s=96&d=mm&r=g\",\"width\":96,\"height\":96,\"caption\":\"El Digital de Asturias\"}},{\"@type\":\"WebPage\",\"@id\":\"https:\\\/\\\/www.eldigitaldeasturias.com\\\/noticias\\\/ucranianos-se-manifiestan-en-madrid-contra-yanukovich\\\/#webpage\",\"url\":\"https:\\\/\\\/www.eldigitaldeasturias.com\\\/noticias\\\/ucranianos-se-manifiestan-en-madrid-contra-yanukovich\\\/\",\"name\":\"Ucranianos se manifiestan en Madrid contra Yanuk\\u00f3vich - El Digital de Asturias\",\"description\":\"Madrid, 2 feb (EFE).- M\\u00e1s de un centenar de ucranianos se han manifestado hoy en Madrid para mostrar su apoyo a sus compatriotas que est\\u00e1n luchando en Ucrania y para exigir la dimisi\\u00f3n del actual presidente, V\\u00edctor Yanuk\\u00f3vich. Los manifestantes, que se han reunido en la Plaza de Col\\u00f3n, han pedido \\\"paz y democracia\\\" para\",\"inLanguage\":\"es-ES\",\"isPartOf\":{\"@id\":\"https:\\\/\\\/www.eldigitaldeasturias.com\\\/noticias\\\/#website\"},\"breadcrumb\":{\"@id\":\"https:\\\/\\\/www.eldigitaldeasturias.com\\\/noticias\\\/ucranianos-se-manifiestan-en-madrid-contra-yanukovich\\\/#breadcrumblist\"},\"author\":{\"@id\":\"https:\\\/\\\/www.eldigitaldeasturias.com\\\/noticias\\\/author\\\/admin\\\/#author\"},\"creator\":{\"@id\":\"https:\\\/\\\/www.eldigitaldeasturias.com\\\/noticias\\\/author\\\/admin\\\/#author\"},\"image\":{\"@type\":\"ImageObject\",\"url\":482286,\"@id\":\"https:\\\/\\\/www.eldigitaldeasturias.com\\\/noticias\\\/ucranianos-se-manifiestan-en-madrid-contra-yanukovich\\\/#mainImage\"},\"primaryImageOfPage\":{\"@id\":\"https:\\\/\\\/www.eldigitaldeasturias.com\\\/noticias\\\/ucranianos-se-manifiestan-en-madrid-contra-yanukovich\\\/#mainImage\"},\"datePublished\":\"2014-02-02T21:17:13+01:00\",\"dateModified\":\"2014-02-02T21:17:13+01:00\"},{\"@type\":\"WebSite\",\"@id\":\"https:\\\/\\\/www.eldigitaldeasturias.com\\\/noticias\\\/#website\",\"url\":\"https:\\\/\\\/www.eldigitaldeasturias.com\\\/noticias\\\/\",\"name\":\"El Digital de Asturias - Diario de actualidad y noticias\",\"alternateName\":\"El Digital de Asturias - Diario de actualidad y noticias\",\"description\":\"Hemeroteca\",\"inLanguage\":\"es-ES\",\"publisher\":{\"@id\":\"https:\\\/\\\/www.eldigitaldeasturias.com\\\/noticias\\\/#organization\"}}]}\n\t\t<\/script>\n\t\t<!-- All in One SEO Pro -->\r\n\t\t<title>Ucranianos se manifiestan en Madrid contra Yanuk\u00f3vich - El Digital de Asturias<\/title>\n\n","aioseo_head_json":{"title":"Ucranianos se manifiestan en Madrid contra Yanuk\u00f3vich - El Digital de Asturias","description":"Madrid, 2 feb (EFE).- M\u00e1s de un centenar de ucranianos se han manifestado hoy en Madrid para mostrar su apoyo a sus compatriotas que est\u00e1n luchando en Ucrania y para exigir la dimisi\u00f3n del actual presidente, V\u00edctor Yanuk\u00f3vich. Los manifestantes, que se han reunido en la Plaza de Col\u00f3n, han pedido \"paz y democracia\" para","canonical_url":"https:\/\/www.eldigitaldeasturias.com\/noticias\/ucranianos-se-manifiestan-en-madrid-contra-yanukovich\/","robots":"max-image-preview:large","keywords":"actualidad","webmasterTools":{"google-site-verification":"UA-38556648-1","msvalidate.01":"7dfe9f3f1b24437ab69f4f2559babe99","miscellaneous":""},"schema":{"@context":"https:\/\/schema.org","@graph":[{"@type":"BlogPosting","@id":"https:\/\/www.eldigitaldeasturias.com\/noticias\/ucranianos-se-manifiestan-en-madrid-contra-yanukovich\/#blogposting","name":"Ucranianos se manifiestan en Madrid contra Yanuk\u00f3vich - El Digital de Asturias","headline":"Ucranianos se manifiestan en Madrid contra Yanuk\u00f3vich","author":{"@id":"https:\/\/www.eldigitaldeasturias.com\/noticias\/author\/admin\/#author"},"publisher":{"@id":"https:\/\/www.eldigitaldeasturias.com\/noticias\/#organization"},"image":{"@type":"ImageObject","url":482286},"datePublished":"2014-02-02T21:17:13+01:00","dateModified":"2014-02-02T21:17:13+01:00","inLanguage":"es-ES","mainEntityOfPage":{"@id":"https:\/\/www.eldigitaldeasturias.com\/noticias\/ucranianos-se-manifiestan-en-madrid-contra-yanukovich\/#webpage"},"isPartOf":{"@id":"https:\/\/www.eldigitaldeasturias.com\/noticias\/ucranianos-se-manifiestan-en-madrid-contra-yanukovich\/#webpage"},"articleSection":"Actualidad"},{"@type":"BreadcrumbList","@id":"https:\/\/www.eldigitaldeasturias.com\/noticias\/ucranianos-se-manifiestan-en-madrid-contra-yanukovich\/#breadcrumblist","itemListElement":[{"@type":"ListItem","@id":"https:\/\/www.eldigitaldeasturias.com\/noticias#listItem","position":1,"name":"Home","item":"https:\/\/www.eldigitaldeasturias.com\/noticias","nextItem":{"@type":"ListItem","@id":"https:\/\/www.eldigitaldeasturias.com\/noticias\/category\/actualidad\/#listItem","name":"Actualidad"}},{"@type":"ListItem","@id":"https:\/\/www.eldigitaldeasturias.com\/noticias\/category\/actualidad\/#listItem","position":2,"name":"Actualidad","item":"https:\/\/www.eldigitaldeasturias.com\/noticias\/category\/actualidad\/","nextItem":{"@type":"ListItem","@id":"https:\/\/www.eldigitaldeasturias.com\/noticias\/ucranianos-se-manifiestan-en-madrid-contra-yanukovich\/#listItem","name":"Ucranianos se manifiestan en Madrid contra Yanuk\u00f3vich"},"previousItem":{"@type":"ListItem","@id":"https:\/\/www.eldigitaldeasturias.com\/noticias#listItem","name":"Home"}},{"@type":"ListItem","@id":"https:\/\/www.eldigitaldeasturias.com\/noticias\/ucranianos-se-manifiestan-en-madrid-contra-yanukovich\/#listItem","position":3,"name":"Ucranianos se manifiestan en Madrid contra Yanuk\u00f3vich","previousItem":{"@type":"ListItem","@id":"https:\/\/www.eldigitaldeasturias.com\/noticias\/category\/actualidad\/#listItem","name":"Actualidad"}}]},{"@type":"Organization","@id":"https:\/\/www.eldigitaldeasturias.com\/noticias\/#organization","name":"El Digital de Asturias","description":"Hemeroteca","url":"https:\/\/www.eldigitaldeasturias.com\/noticias\/","email":"info@eldigitaldeasturias.com","telephone":"+34652131393","logo":{"@type":"ImageObject","url":"https:\/\/www.eldigitaldeasturias.com\/noticias\/wp-content\/uploads\/2020\/12\/EDA.jpg","@id":"https:\/\/www.eldigitaldeasturias.com\/noticias\/ucranianos-se-manifiestan-en-madrid-contra-yanukovich\/#organizationLogo"},"image":{"@id":"https:\/\/www.eldigitaldeasturias.com\/noticias\/ucranianos-se-manifiestan-en-madrid-contra-yanukovich\/#organizationLogo"},"sameAs":["https:\/\/facebook.com\/eldigitaldeasturias","https:\/\/www.youtube.com\/channel\/UCZP-2wLEB9Rv6erhFmqVnvg"],"address":{"@id":"https:\/\/www.eldigitaldeasturias.com\/noticias\/#postaladdress","@type":"PostalAddress","streetAddress":"san antonio 4","postalCode":"33430","addressLocality":"Cand\u00e1s","addressRegion":"Asturias","addressCountry":"ES"}},{"@type":"Person","@id":"https:\/\/www.eldigitaldeasturias.com\/noticias\/author\/admin\/#author","url":"https:\/\/www.eldigitaldeasturias.com\/noticias\/author\/admin\/","name":"El Digital de Asturias","image":{"@type":"ImageObject","@id":"https:\/\/www.eldigitaldeasturias.com\/noticias\/ucranianos-se-manifiestan-en-madrid-contra-yanukovich\/#authorImage","url":"https:\/\/secure.gravatar.com\/avatar\/df2aeffc32bcd13f8d26072ef8a91b623d677766deac7f97ca815868cd41bf5e?s=96&d=mm&r=g","width":96,"height":96,"caption":"El Digital de Asturias"}},{"@type":"WebPage","@id":"https:\/\/www.eldigitaldeasturias.com\/noticias\/ucranianos-se-manifiestan-en-madrid-contra-yanukovich\/#webpage","url":"https:\/\/www.eldigitaldeasturias.com\/noticias\/ucranianos-se-manifiestan-en-madrid-contra-yanukovich\/","name":"Ucranianos se manifiestan en Madrid contra Yanuk\u00f3vich - El Digital de Asturias","description":"Madrid, 2 feb (EFE).- M\u00e1s de un centenar de ucranianos se han manifestado hoy en Madrid para mostrar su apoyo a sus compatriotas que est\u00e1n luchando en Ucrania y para exigir la dimisi\u00f3n del actual presidente, V\u00edctor Yanuk\u00f3vich. Los manifestantes, que se han reunido en la Plaza de Col\u00f3n, han pedido \"paz y democracia\" para","inLanguage":"es-ES","isPartOf":{"@id":"https:\/\/www.eldigitaldeasturias.com\/noticias\/#website"},"breadcrumb":{"@id":"https:\/\/www.eldigitaldeasturias.com\/noticias\/ucranianos-se-manifiestan-en-madrid-contra-yanukovich\/#breadcrumblist"},"author":{"@id":"https:\/\/www.eldigitaldeasturias.com\/noticias\/author\/admin\/#author"},"creator":{"@id":"https:\/\/www.eldigitaldeasturias.com\/noticias\/author\/admin\/#author"},"image":{"@type":"ImageObject","url":482286,"@id":"https:\/\/www.eldigitaldeasturias.com\/noticias\/ucranianos-se-manifiestan-en-madrid-contra-yanukovich\/#mainImage"},"primaryImageOfPage":{"@id":"https:\/\/www.eldigitaldeasturias.com\/noticias\/ucranianos-se-manifiestan-en-madrid-contra-yanukovich\/#mainImage"},"datePublished":"2014-02-02T21:17:13+01:00","dateModified":"2014-02-02T21:17:13+01:00"},{"@type":"WebSite","@id":"https:\/\/www.eldigitaldeasturias.com\/noticias\/#website","url":"https:\/\/www.eldigitaldeasturias.com\/noticias\/","name":"El Digital de Asturias - Diario de actualidad y noticias","alternateName":"El Digital de Asturias - Diario de actualidad y noticias","description":"Hemeroteca","inLanguage":"es-ES","publisher":{"@id":"https:\/\/www.eldigitaldeasturias.com\/noticias\/#organization"}}]},"og:locale":"es_ES","og:site_name":"El Digital de Asturias","og:type":"article","og:title":"Ucranianos se manifiestan en Madrid contra Yanuk\u00f3vich - El Digital de Asturias","og:description":"Madrid, 2 feb (EFE).- M\u00e1s de un centenar de ucranianos se han manifestado hoy en Madrid para mostrar su apoyo a sus compatriotas que est\u00e1n luchando en Ucrania y para exigir la dimisi\u00f3n del actual presidente, V\u00edctor Yanuk\u00f3vich. Los manifestantes, que se han reunido en la Plaza de Col\u00f3n, han pedido &quot;paz y democracia&quot; para","og:url":"https:\/\/www.eldigitaldeasturias.com\/noticias\/ucranianos-se-manifiestan-en-madrid-contra-yanukovich\/","article:tag":["actualidad"],"article:published_time":"2014-02-02T22:17:13+00:00","article:modified_time":"2014-02-02T22:17:13+00:00","article:publisher":"https:\/\/facebook.com\/eldigitaldeasturias","twitter:card":"summary_large_image","twitter:title":"Ucranianos se manifiestan en Madrid contra Yanuk\u00f3vich - El Digital de Asturias","twitter:description":"Madrid, 2 feb (EFE).- M\u00e1s de un centenar de ucranianos se han manifestado hoy en Madrid para mostrar su apoyo a sus compatriotas que est\u00e1n luchando en Ucrania y para exigir la dimisi\u00f3n del actual presidente, V\u00edctor Yanuk\u00f3vich. Los manifestantes, que se han reunido en la Plaza de Col\u00f3n, han pedido &quot;paz y democracia&quot; para","twitter:label1":"Escrito por","twitter:data1":"El Digital de Asturias","twitter:label2":"Tiempo de lectura estimado","twitter:data2":"2 minutos"},"aioseo_meta_data":{"post_id":"482285","title":null,"description":null,"keywords":null,"keyphrases":null,"primary_term":null,"canonical_url":null,"og_title":null,"og_description":null,"og_object_type":"default","og_image_type":"default","og_image_url":null,"og_image_width":null,"og_image_height":null,"og_image_custom_url":null,"og_image_custom_fields":null,"og_video":null,"og_custom_url":null,"og_article_section":null,"og_article_tags":null,"twitter_use_og":true,"twitter_card":"default","twitter_image_type":"default","twitter_image_url":null,"twitter_image_custom_url":null,"twitter_image_custom_fields":null,"twitter_title":null,"twitter_description":null,"schema":{"blockGraphs":[],"customGraphs":[],"default":{"data":{"Article":[],"Course":[],"Dataset":[],"FAQPage":[],"Movie":[],"Person":[],"Product":[],"ProductReview":[],"Car":[],"Recipe":[],"Service":[],"SoftwareApplication":[],"WebPage":[]},"graphName":"","isEnabled":true},"graphs":[],"defaultGraph":"","defaultPostTypeGraph":""},"schema_type":null,"schema_type_options":null,"pillar_content":false,"robots_default":true,"robots_noindex":false,"robots_noarchive":false,"robots_nosnippet":false,"robots_nofollow":false,"robots_noimageindex":false,"robots_noodp":false,"robots_notranslate":false,"robots_max_snippet":null,"robots_max_videopreview":null,"robots_max_imagepreview":"none","priority":null,"frequency":null,"local_seo":null,"seo_analyzer_scan_date":"2026-06-02 09:22:01","breadcrumb_settings":null,"limit_modified_date":false,"open_ai":null,"ai":null,"created":"2020-11-14 22:54:33","updated":"2026-06-02 09:22:01","focus_keyword":null,"additional_keywords":null,"truseo_locale":null},"aioseo_breadcrumb":"<div class=\"aioseo-breadcrumbs\"><span class=\"aioseo-breadcrumb\">\n\t<a href=\"https:\/\/www.eldigitaldeasturias.com\/noticias\" title=\"Home\">Home<\/a>\n<\/span><span class=\"aioseo-breadcrumb-separator\">\u2013<\/span><span class=\"aioseo-breadcrumb\">\n\t<a href=\"https:\/\/www.eldigitaldeasturias.com\/noticias\/category\/actualidad\/\" title=\"Actualidad\">Actualidad<\/a>\n<\/span><span class=\"aioseo-breadcrumb-separator\">\u2013<\/span><span class=\"aioseo-breadcrumb\">\n\t<a href=\"https:\/\/www.eldigitaldeasturias.com\/noticias\/ucranianos-se-manifiestan-en-madrid-contra-yanukovich\/\" title=\"Ucranianos se manifiestan en Madrid contra Yanuk\u00f3vich\">Ucranianos se manifiestan en Madrid contra Yanuk\u00f3vich<\/a>\n<\/span><\/div>","aioseo_breadcrumb_json":[{"label":"Home","link":"https:\/\/www.eldigitaldeasturias.com\/noticias"},{"label":"Actualidad","link":"https:\/\/www.eldigitaldeasturias.com\/noticias\/category\/actualidad\/"},{"label":"Ucranianos se manifiestan en Madrid contra Yanuk\u00f3vich","link":"https:\/\/www.eldigitaldeasturias.com\/noticias\/ucranianos-se-manifiestan-en-madrid-contra-yanukovich\/"}],"_links":{"self":[{"href":"https:\/\/www.eldigitaldeasturias.com\/noticias\/wp-json\/wp\/v2\/posts\/482285","targetHints":{"allow":["GET"]}}],"collection":[{"href":"https:\/\/www.eldigitaldeasturias.com\/noticias\/wp-json\/wp\/v2\/posts"}],"about":[{"href":"https:\/\/www.eldigitaldeasturias.com\/noticias\/wp-json\/wp\/v2\/types\/post"}],"author":[{"embeddable":true,"href":"https:\/\/www.eldigitaldeasturias.com\/noticias\/wp-json\/wp\/v2\/users\/1"}],"replies":[{"embeddable":true,"href":"https:\/\/www.eldigitaldeasturias.com\/noticias\/wp-json\/wp\/v2\/comments?post=482285"}],"version-history":[{"count":0,"href":"https:\/\/www.eldigitaldeasturias.com\/noticias\/wp-json\/wp\/v2\/posts\/482285\/revisions"}],"wp:attachment":[{"href":"https:\/\/www.eldigitaldeasturias.com\/noticias\/wp-json\/wp\/v2\/media?parent=482285"}],"wp:term":[{"taxonomy":"category","embeddable":true,"href":"https:\/\/www.eldigitaldeasturias.com\/noticias\/wp-json\/wp\/v2\/categories?post=482285"},{"taxonomy":"post_tag","embeddable":true,"href":"https:\/\/www.eldigitaldeasturias.com\/noticias\/wp-json\/wp\/v2\/tags?post=482285"}],"curies":[{"name":"wp","href":"https:\/\/api.w.org\/{rel}","templated":true}]}}