{"id":482279,"date":"2014-02-02T21:14:49","date_gmt":"2014-02-02T22:14:49","guid":{"rendered":"http:\/\/www.eldigitaldeasturias.com\/noticias\/?p=482279"},"modified":"2014-02-02T21:14:49","modified_gmt":"2014-02-02T22:14:49","slug":"se-acercan-las-urnas-vuelve-el-rajoy-mitinero","status":"publish","type":"post","link":"https:\/\/www.eldigitaldeasturias.com\/noticias\/se-acercan-las-urnas-vuelve-el-rajoy-mitinero\/","title":{"rendered":"Se acercan las urnas, vuelve el Rajoy mitinero"},"content":{"rendered":"<p><img loading=\"lazy\" decoding=\"async\" class=\"alignleft size-medium wp-image-482280\" alt=\"5901370w\" src=\"https:\/\/www.eldigitaldeasturias.com\/noticias\/wp-content\/uploads\/2014\/02\/5901370w-360x240.jpg\" width=\"360\" height=\"240\" \/>Valladolid, 2 feb (EFE).- Ni grandes anuncios, ni sesudos an\u00e1lisis. Mariano Rajoy ha cerrado la convenci\u00f3n de su partido con un mitin en el m\u00e1s amplio sentido de la palabra, lleno de proclamas electorales y tambi\u00e9n de artiller\u00eda, la que ha soltado contra Alfredo P\u00e9rez Rubalcaba.<\/p>\n<p>Hac\u00eda mucho que el presidente del Gobierno no se dirig\u00eda al l\u00edder de la oposici\u00f3n de una forma tan expl\u00edcita en un acto de estas caracter\u00edsticas. Pero el calendario manda, y toca dar el pistoletazo a la campa\u00f1a para ganar las elecciones europeas del 25 de mayo.<\/p>\n<p>Y con un tono desafiante, Rajoy se ha dirigido directamente a Rubalcaba para reprocharle que no admita que ha comenzado la recuperaci\u00f3n.<\/p>\n<p>\u00abT\u00fa, o te callas o reconoces el m\u00e9rito de la gente\u00bb. \u00abNo le ocultes la verdad de la recuperaci\u00f3n como antes le ocultaste la del hundimiento\u00bb. Ha sido el momento m\u00e1s mitinero y, l\u00f3gicamente, el m\u00e1s aplaudido por los populares.<\/p>\n<p>Se esperaba hoy que Rajoy diera m\u00e1s detalles de su reforma fiscal, pero no lo ha hecho. S\u00f3lo se ha limitado a prometer que esta vez s\u00ed, que ahora puede, que va a bajar los impuestos como prometi\u00f3 en su programa electoral, e incluso ha asegurado que lo va a hacer durante varios a\u00f1os.<\/p>\n<p>Es la promesa m\u00e1s clara con la que el PP arranca esta segunda parte de la legislatura, la fase en la que el partido del Gobierno tiene que pasar el primer examen de las europeas para llegar en 2015 a las rev\u00e1lidas m\u00e1s deseadas: las auton\u00f3micas y municipales, y, despu\u00e9s, las generales.<\/p>\n<p>Queda mucho, pero queda poco, y toca acelerar. Mariano Rajoy ha marcado en Valladolid el discurso pol\u00edtico en el que se va a centrar su Gobierno y su partido en los dos pr\u00f3ximos a\u00f1os.<\/p>\n<p>Pero tambi\u00e9n ha venido a esta convenci\u00f3n a dar ox\u00edgeno a los suyos, que llegaban un tanto tocados por varios episodios, como la baja del eurodiputado Alejo Vidal-Quadras, la decisi\u00f3n de Jaime Mayor Oreja de no concurrir a las europeas, la ausencia de su presidente de honor, Jos\u00e9 Mar\u00eda Aznar, o el alejamiento cada vez mayor de un sector de las v\u00edctimas del terrorismo.<\/p>\n<p>Y no solo por eso. El partido tambi\u00e9n ha buscado con esta convenci\u00f3n levantar el \u00e1nimo de sus militantes y sus dirigentes, que llevan dos a\u00f1os intentando explicar el porqu\u00e9 de una pol\u00edtica econ\u00f3mica y unas reformas que han tenido una fuerte contestaci\u00f3n social.<\/p>\n<p>Por si no se hab\u00eda o\u00eddo suficientemente estos tres d\u00edas, Rajoy ha cerrado su discurso proclamando que el suyo es un partido \u00abfuerte\u00bb porque est\u00e1 \u00abunido\u00bb, y tambi\u00e9n ha tenido palabras de aliento para las m\u00e1s &#8216;sufridoras&#8217; en este momento en el PP: Alicia S\u00e1nchez-Camacho y Arantza Quiroga.<\/p>\n<p>\u00abNo est\u00e1is solos\u00bb, les ha dicho a los populares catalanes -mientras la presidenta del PPC se levantaba de su asiento lanzando besos al p\u00fablico- y despu\u00e9s de prometer, una vez m\u00e1s, que preservar\u00e1 la unidad de Espa\u00f1a frente al desaf\u00edo soberanista.<\/p>\n<p>Y otro capote m\u00e1s a la presidenta del PP vasco, Arantza Quiroga, a quien ha prometido que todos los populares trabajar\u00e1n \u00abcodo con codo\u00bb para lograr la \u00abderrota definitiva\u00bb de ETA y hacer as\u00ed el \u00abmejor homenaje\u00bb a las v\u00edctimas.<\/p>\n<p>Con la intervenci\u00f3n de Mariano Rajoy se ha cerrado esta convenci\u00f3n que abre la precampa\u00f1a de los populares para las europeas, aunque a\u00fan no tengan cabeza de lista.<\/p>\n<p>Varios dirigentes han admitido estos d\u00edas que ya no quedar\u00e1 mucho para que el presidente tome una decisi\u00f3n sobre qui\u00e9n debe estar en el n\u00famero uno de la candidatura, y muchos han coincidido en que la mejor apuesta es Miguel Arias Ca\u00f1ete.<\/p>\n<p>Eso s\u00ed, la lista debe tener un n\u00famero dos de peso, porque en el PP nadie duda de que Ca\u00f1ete quiere ser comisario europeo y necesitan por tanto un futuro portavoz parlamentario que se quede en su lugar.<\/p>\n<p>Esa ya es otra quiniela, y pocos se atreven a hacer conjeturas, aunque gana adeptos la idea de que sea una mujer. Al menos as\u00ed lo han comentado algunos dirigentes en los corrillos de estos d\u00edas.<\/p>\n<p>A falta de nombres, mensajes. Empezando por los impuestos, un tema recurrente para los dos pr\u00f3ximos a\u00f1os, el primero porque es cuando la reforma se aprobar\u00e1, y el segundo por ser el de aplicaci\u00f3n.<\/p>\n<p>Y no hay promesa electoral m\u00e1s efectiva que la que afecta directamente a los bolsillos de los ciudadanos. Rajoy lo sabe, el PP lo sabe, y las urnas est\u00e1n ah\u00ed, cada vez m\u00e1s cerca.<\/p>\n<p>Patricia de Arce.<\/p>\n","protected":false},"excerpt":{"rendered":"<p>Valladolid, 2 feb (EFE).- Ni grandes anuncios, ni sesudos an\u00e1lisis. Mariano Rajoy ha cerrado la convenci\u00f3n de su partido con un mitin en el m\u00e1s amplio sentido de la palabra, lleno de proclamas electorales y tambi\u00e9n de artiller\u00eda, la que ha soltado contra Alfredo P\u00e9rez Rubalcaba. Hac\u00eda mucho que el presidente del Gobierno no se [&hellip;]<\/p>\n","protected":false},"author":1,"featured_media":482280,"comment_status":"closed","ping_status":"open","sticky":false,"template":"","format":"standard","meta":{"footnotes":""},"categories":[1],"tags":[],"class_list":["post-482279","post","type-post","status-publish","format-standard","has-post-thumbnail","hentry","category-actualidad"],"aioseo_notices":[],"aioseo_head":"\n\t\t<!-- All in One SEO Pro 5.0.1 - aioseo.com -->\n\t<meta name=\"description\" content=\"Valladolid, 2 feb (EFE).- Ni grandes anuncios, ni sesudos an\u00e1lisis. Mariano Rajoy ha cerrado la convenci\u00f3n de su partido con un mitin en el m\u00e1s amplio sentido de la palabra, lleno de proclamas electorales y tambi\u00e9n de artiller\u00eda, la que ha soltado contra Alfredo P\u00e9rez Rubalcaba. Hac\u00eda mucho que el presidente del Gobierno no se\" \/>\n\t<meta name=\"robots\" content=\"max-image-preview:large\" \/>\n\t<meta name=\"author\" content=\"El Digital de Asturias\"\/>\n\t<meta name=\"google-site-verification\" content=\"UA-38556648-1\" \/>\n\t<meta name=\"msvalidate.01\" content=\"7dfe9f3f1b24437ab69f4f2559babe99\" \/>\n\t<meta name=\"keywords\" content=\"actualidad\" \/>\n\t<link rel=\"canonical\" href=\"https:\/\/www.eldigitaldeasturias.com\/noticias\/se-acercan-las-urnas-vuelve-el-rajoy-mitinero\/\" \/>\n\t<meta name=\"generator\" content=\"All in One SEO Pro (AIOSEO) 5.0.1\" \/>\n\t\t<meta property=\"og:locale\" content=\"es_ES\" \/>\n\t\t<meta property=\"og:site_name\" content=\"El Digital de Asturias\" \/>\n\t\t<meta property=\"og:type\" content=\"article\" \/>\n\t\t<meta property=\"og:title\" content=\"Se acercan las urnas, vuelve el Rajoy mitinero - El Digital de Asturias\" \/>\n\t\t<meta property=\"og:description\" content=\"Valladolid, 2 feb (EFE).- Ni grandes anuncios, ni sesudos an\u00e1lisis. Mariano Rajoy ha cerrado la convenci\u00f3n de su partido con un mitin en el m\u00e1s amplio sentido de la palabra, lleno de proclamas electorales y tambi\u00e9n de artiller\u00eda, la que ha soltado contra Alfredo P\u00e9rez Rubalcaba. Hac\u00eda mucho que el presidente del Gobierno no se\" \/>\n\t\t<meta property=\"og:url\" content=\"https:\/\/www.eldigitaldeasturias.com\/noticias\/se-acercan-las-urnas-vuelve-el-rajoy-mitinero\/\" \/>\n\t\t<meta property=\"article:tag\" content=\"actualidad\" \/>\n\t\t<meta property=\"article:published_time\" content=\"2014-02-02T22:14:49+00:00\" \/>\n\t\t<meta property=\"article:modified_time\" content=\"2014-02-02T22:14:49+00:00\" \/>\n\t\t<meta property=\"article:publisher\" content=\"https:\/\/facebook.com\/eldigitaldeasturias\" \/>\n\t\t<meta name=\"twitter:card\" content=\"summary_large_image\" \/>\n\t\t<meta name=\"twitter:title\" content=\"Se acercan las urnas, vuelve el Rajoy mitinero - El Digital de Asturias\" \/>\n\t\t<meta name=\"twitter:description\" content=\"Valladolid, 2 feb (EFE).- Ni grandes anuncios, ni sesudos an\u00e1lisis. Mariano Rajoy ha cerrado la convenci\u00f3n de su partido con un mitin en el m\u00e1s amplio sentido de la palabra, lleno de proclamas electorales y tambi\u00e9n de artiller\u00eda, la que ha soltado contra Alfredo P\u00e9rez Rubalcaba. Hac\u00eda mucho que el presidente del Gobierno no se\" \/>\n\t\t<meta name=\"twitter:label1\" content=\"Escrito por\" \/>\n\t\t<meta name=\"twitter:data1\" content=\"El Digital de Asturias\" \/>\n\t\t<meta name=\"twitter:label2\" content=\"Tiempo de lectura estimado\" \/>\n\t\t<meta name=\"twitter:data2\" content=\"4 minutos\" \/>\n\t\t<script type=\"application\/ld+json\" class=\"aioseo-schema\">\n\t\t\t{\"@context\":\"https:\\\/\\\/schema.org\",\"@graph\":[{\"@type\":\"BlogPosting\",\"@id\":\"https:\\\/\\\/www.eldigitaldeasturias.com\\\/noticias\\\/se-acercan-las-urnas-vuelve-el-rajoy-mitinero\\\/#blogposting\",\"name\":\"Se acercan las urnas, vuelve el Rajoy mitinero - El Digital de Asturias\",\"headline\":\"Se acercan las urnas, vuelve el Rajoy mitinero\",\"author\":{\"@id\":\"https:\\\/\\\/www.eldigitaldeasturias.com\\\/noticias\\\/author\\\/admin\\\/#author\"},\"publisher\":{\"@id\":\"https:\\\/\\\/www.eldigitaldeasturias.com\\\/noticias\\\/#organization\"},\"image\":{\"@type\":\"ImageObject\",\"url\":482280},\"datePublished\":\"2014-02-02T21:14:49+01:00\",\"dateModified\":\"2014-02-02T21:14:49+01:00\",\"inLanguage\":\"es-ES\",\"mainEntityOfPage\":{\"@id\":\"https:\\\/\\\/www.eldigitaldeasturias.com\\\/noticias\\\/se-acercan-las-urnas-vuelve-el-rajoy-mitinero\\\/#webpage\"},\"isPartOf\":{\"@id\":\"https:\\\/\\\/www.eldigitaldeasturias.com\\\/noticias\\\/se-acercan-las-urnas-vuelve-el-rajoy-mitinero\\\/#webpage\"},\"articleSection\":\"Actualidad\"},{\"@type\":\"BreadcrumbList\",\"@id\":\"https:\\\/\\\/www.eldigitaldeasturias.com\\\/noticias\\\/se-acercan-las-urnas-vuelve-el-rajoy-mitinero\\\/#breadcrumblist\",\"itemListElement\":[{\"@type\":\"ListItem\",\"@id\":\"https:\\\/\\\/www.eldigitaldeasturias.com\\\/noticias#listItem\",\"position\":1,\"name\":\"Home\",\"item\":\"https:\\\/\\\/www.eldigitaldeasturias.com\\\/noticias\",\"nextItem\":{\"@type\":\"ListItem\",\"@id\":\"https:\\\/\\\/www.eldigitaldeasturias.com\\\/noticias\\\/category\\\/actualidad\\\/#listItem\",\"name\":\"Actualidad\"}},{\"@type\":\"ListItem\",\"@id\":\"https:\\\/\\\/www.eldigitaldeasturias.com\\\/noticias\\\/category\\\/actualidad\\\/#listItem\",\"position\":2,\"name\":\"Actualidad\",\"item\":\"https:\\\/\\\/www.eldigitaldeasturias.com\\\/noticias\\\/category\\\/actualidad\\\/\",\"nextItem\":{\"@type\":\"ListItem\",\"@id\":\"https:\\\/\\\/www.eldigitaldeasturias.com\\\/noticias\\\/se-acercan-las-urnas-vuelve-el-rajoy-mitinero\\\/#listItem\",\"name\":\"Se acercan las urnas, vuelve el Rajoy mitinero\"},\"previousItem\":{\"@type\":\"ListItem\",\"@id\":\"https:\\\/\\\/www.eldigitaldeasturias.com\\\/noticias#listItem\",\"name\":\"Home\"}},{\"@type\":\"ListItem\",\"@id\":\"https:\\\/\\\/www.eldigitaldeasturias.com\\\/noticias\\\/se-acercan-las-urnas-vuelve-el-rajoy-mitinero\\\/#listItem\",\"position\":3,\"name\":\"Se acercan las urnas, vuelve el Rajoy mitinero\",\"previousItem\":{\"@type\":\"ListItem\",\"@id\":\"https:\\\/\\\/www.eldigitaldeasturias.com\\\/noticias\\\/category\\\/actualidad\\\/#listItem\",\"name\":\"Actualidad\"}}]},{\"@type\":\"Organization\",\"@id\":\"https:\\\/\\\/www.eldigitaldeasturias.com\\\/noticias\\\/#organization\",\"name\":\"El Digital de Asturias\",\"description\":\"Hemeroteca\",\"url\":\"https:\\\/\\\/www.eldigitaldeasturias.com\\\/noticias\\\/\",\"email\":\"info@eldigitaldeasturias.com\",\"telephone\":\"+34652131393\",\"logo\":{\"@type\":\"ImageObject\",\"url\":\"https:\\\/\\\/www.eldigitaldeasturias.com\\\/noticias\\\/wp-content\\\/uploads\\\/2020\\\/12\\\/EDA.jpg\",\"@id\":\"https:\\\/\\\/www.eldigitaldeasturias.com\\\/noticias\\\/se-acercan-las-urnas-vuelve-el-rajoy-mitinero\\\/#organizationLogo\"},\"image\":{\"@id\":\"https:\\\/\\\/www.eldigitaldeasturias.com\\\/noticias\\\/se-acercan-las-urnas-vuelve-el-rajoy-mitinero\\\/#organizationLogo\"},\"sameAs\":[\"https:\\\/\\\/facebook.com\\\/eldigitaldeasturias\",\"https:\\\/\\\/www.youtube.com\\\/channel\\\/UCZP-2wLEB9Rv6erhFmqVnvg\"],\"address\":{\"@id\":\"https:\\\/\\\/www.eldigitaldeasturias.com\\\/noticias\\\/#postaladdress\",\"@type\":\"PostalAddress\",\"streetAddress\":\"san antonio 4\",\"postalCode\":\"33430\",\"addressLocality\":\"Cand\\u00e1s\",\"addressRegion\":\"Asturias\",\"addressCountry\":\"ES\"}},{\"@type\":\"Person\",\"@id\":\"https:\\\/\\\/www.eldigitaldeasturias.com\\\/noticias\\\/author\\\/admin\\\/#author\",\"url\":\"https:\\\/\\\/www.eldigitaldeasturias.com\\\/noticias\\\/author\\\/admin\\\/\",\"name\":\"El Digital de Asturias\",\"image\":{\"@type\":\"ImageObject\",\"@id\":\"https:\\\/\\\/www.eldigitaldeasturias.com\\\/noticias\\\/se-acercan-las-urnas-vuelve-el-rajoy-mitinero\\\/#authorImage\",\"url\":\"https:\\\/\\\/secure.gravatar.com\\\/avatar\\\/df2aeffc32bcd13f8d26072ef8a91b623d677766deac7f97ca815868cd41bf5e?s=96&d=mm&r=g\",\"width\":96,\"height\":96,\"caption\":\"El Digital de Asturias\"}},{\"@type\":\"WebPage\",\"@id\":\"https:\\\/\\\/www.eldigitaldeasturias.com\\\/noticias\\\/se-acercan-las-urnas-vuelve-el-rajoy-mitinero\\\/#webpage\",\"url\":\"https:\\\/\\\/www.eldigitaldeasturias.com\\\/noticias\\\/se-acercan-las-urnas-vuelve-el-rajoy-mitinero\\\/\",\"name\":\"Se acercan las urnas, vuelve el Rajoy mitinero - El Digital de Asturias\",\"description\":\"Valladolid, 2 feb (EFE).- Ni grandes anuncios, ni sesudos an\\u00e1lisis. Mariano Rajoy ha cerrado la convenci\\u00f3n de su partido con un mitin en el m\\u00e1s amplio sentido de la palabra, lleno de proclamas electorales y tambi\\u00e9n de artiller\\u00eda, la que ha soltado contra Alfredo P\\u00e9rez Rubalcaba. Hac\\u00eda mucho que el presidente del Gobierno no se\",\"inLanguage\":\"es-ES\",\"isPartOf\":{\"@id\":\"https:\\\/\\\/www.eldigitaldeasturias.com\\\/noticias\\\/#website\"},\"breadcrumb\":{\"@id\":\"https:\\\/\\\/www.eldigitaldeasturias.com\\\/noticias\\\/se-acercan-las-urnas-vuelve-el-rajoy-mitinero\\\/#breadcrumblist\"},\"author\":{\"@id\":\"https:\\\/\\\/www.eldigitaldeasturias.com\\\/noticias\\\/author\\\/admin\\\/#author\"},\"creator\":{\"@id\":\"https:\\\/\\\/www.eldigitaldeasturias.com\\\/noticias\\\/author\\\/admin\\\/#author\"},\"image\":{\"@type\":\"ImageObject\",\"url\":482280,\"@id\":\"https:\\\/\\\/www.eldigitaldeasturias.com\\\/noticias\\\/se-acercan-las-urnas-vuelve-el-rajoy-mitinero\\\/#mainImage\"},\"primaryImageOfPage\":{\"@id\":\"https:\\\/\\\/www.eldigitaldeasturias.com\\\/noticias\\\/se-acercan-las-urnas-vuelve-el-rajoy-mitinero\\\/#mainImage\"},\"datePublished\":\"2014-02-02T21:14:49+01:00\",\"dateModified\":\"2014-02-02T21:14:49+01:00\"},{\"@type\":\"WebSite\",\"@id\":\"https:\\\/\\\/www.eldigitaldeasturias.com\\\/noticias\\\/#website\",\"url\":\"https:\\\/\\\/www.eldigitaldeasturias.com\\\/noticias\\\/\",\"name\":\"El Digital de Asturias - Diario de actualidad y noticias\",\"alternateName\":\"El Digital de Asturias - Diario de actualidad y noticias\",\"description\":\"Hemeroteca\",\"inLanguage\":\"es-ES\",\"publisher\":{\"@id\":\"https:\\\/\\\/www.eldigitaldeasturias.com\\\/noticias\\\/#organization\"}}]}\n\t\t<\/script>\n\t\t<!-- All in One SEO Pro -->\r\n\t\t<title>Se acercan las urnas, vuelve el Rajoy mitinero - El Digital de Asturias<\/title>\n\n","aioseo_head_json":{"title":"Se acercan las urnas, vuelve el Rajoy mitinero - El Digital de Asturias","description":"Valladolid, 2 feb (EFE).- Ni grandes anuncios, ni sesudos an\u00e1lisis. Mariano Rajoy ha cerrado la convenci\u00f3n de su partido con un mitin en el m\u00e1s amplio sentido de la palabra, lleno de proclamas electorales y tambi\u00e9n de artiller\u00eda, la que ha soltado contra Alfredo P\u00e9rez Rubalcaba. Hac\u00eda mucho que el presidente del Gobierno no se","canonical_url":"https:\/\/www.eldigitaldeasturias.com\/noticias\/se-acercan-las-urnas-vuelve-el-rajoy-mitinero\/","robots":"max-image-preview:large","keywords":"actualidad","webmasterTools":{"google-site-verification":"UA-38556648-1","msvalidate.01":"7dfe9f3f1b24437ab69f4f2559babe99","miscellaneous":""},"schema":{"@context":"https:\/\/schema.org","@graph":[{"@type":"BlogPosting","@id":"https:\/\/www.eldigitaldeasturias.com\/noticias\/se-acercan-las-urnas-vuelve-el-rajoy-mitinero\/#blogposting","name":"Se acercan las urnas, vuelve el Rajoy mitinero - El Digital de Asturias","headline":"Se acercan las urnas, vuelve el Rajoy mitinero","author":{"@id":"https:\/\/www.eldigitaldeasturias.com\/noticias\/author\/admin\/#author"},"publisher":{"@id":"https:\/\/www.eldigitaldeasturias.com\/noticias\/#organization"},"image":{"@type":"ImageObject","url":482280},"datePublished":"2014-02-02T21:14:49+01:00","dateModified":"2014-02-02T21:14:49+01:00","inLanguage":"es-ES","mainEntityOfPage":{"@id":"https:\/\/www.eldigitaldeasturias.com\/noticias\/se-acercan-las-urnas-vuelve-el-rajoy-mitinero\/#webpage"},"isPartOf":{"@id":"https:\/\/www.eldigitaldeasturias.com\/noticias\/se-acercan-las-urnas-vuelve-el-rajoy-mitinero\/#webpage"},"articleSection":"Actualidad"},{"@type":"BreadcrumbList","@id":"https:\/\/www.eldigitaldeasturias.com\/noticias\/se-acercan-las-urnas-vuelve-el-rajoy-mitinero\/#breadcrumblist","itemListElement":[{"@type":"ListItem","@id":"https:\/\/www.eldigitaldeasturias.com\/noticias#listItem","position":1,"name":"Home","item":"https:\/\/www.eldigitaldeasturias.com\/noticias","nextItem":{"@type":"ListItem","@id":"https:\/\/www.eldigitaldeasturias.com\/noticias\/category\/actualidad\/#listItem","name":"Actualidad"}},{"@type":"ListItem","@id":"https:\/\/www.eldigitaldeasturias.com\/noticias\/category\/actualidad\/#listItem","position":2,"name":"Actualidad","item":"https:\/\/www.eldigitaldeasturias.com\/noticias\/category\/actualidad\/","nextItem":{"@type":"ListItem","@id":"https:\/\/www.eldigitaldeasturias.com\/noticias\/se-acercan-las-urnas-vuelve-el-rajoy-mitinero\/#listItem","name":"Se acercan las urnas, vuelve el Rajoy mitinero"},"previousItem":{"@type":"ListItem","@id":"https:\/\/www.eldigitaldeasturias.com\/noticias#listItem","name":"Home"}},{"@type":"ListItem","@id":"https:\/\/www.eldigitaldeasturias.com\/noticias\/se-acercan-las-urnas-vuelve-el-rajoy-mitinero\/#listItem","position":3,"name":"Se acercan las urnas, vuelve el Rajoy mitinero","previousItem":{"@type":"ListItem","@id":"https:\/\/www.eldigitaldeasturias.com\/noticias\/category\/actualidad\/#listItem","name":"Actualidad"}}]},{"@type":"Organization","@id":"https:\/\/www.eldigitaldeasturias.com\/noticias\/#organization","name":"El Digital de Asturias","description":"Hemeroteca","url":"https:\/\/www.eldigitaldeasturias.com\/noticias\/","email":"info@eldigitaldeasturias.com","telephone":"+34652131393","logo":{"@type":"ImageObject","url":"https:\/\/www.eldigitaldeasturias.com\/noticias\/wp-content\/uploads\/2020\/12\/EDA.jpg","@id":"https:\/\/www.eldigitaldeasturias.com\/noticias\/se-acercan-las-urnas-vuelve-el-rajoy-mitinero\/#organizationLogo"},"image":{"@id":"https:\/\/www.eldigitaldeasturias.com\/noticias\/se-acercan-las-urnas-vuelve-el-rajoy-mitinero\/#organizationLogo"},"sameAs":["https:\/\/facebook.com\/eldigitaldeasturias","https:\/\/www.youtube.com\/channel\/UCZP-2wLEB9Rv6erhFmqVnvg"],"address":{"@id":"https:\/\/www.eldigitaldeasturias.com\/noticias\/#postaladdress","@type":"PostalAddress","streetAddress":"san antonio 4","postalCode":"33430","addressLocality":"Cand\u00e1s","addressRegion":"Asturias","addressCountry":"ES"}},{"@type":"Person","@id":"https:\/\/www.eldigitaldeasturias.com\/noticias\/author\/admin\/#author","url":"https:\/\/www.eldigitaldeasturias.com\/noticias\/author\/admin\/","name":"El Digital de Asturias","image":{"@type":"ImageObject","@id":"https:\/\/www.eldigitaldeasturias.com\/noticias\/se-acercan-las-urnas-vuelve-el-rajoy-mitinero\/#authorImage","url":"https:\/\/secure.gravatar.com\/avatar\/df2aeffc32bcd13f8d26072ef8a91b623d677766deac7f97ca815868cd41bf5e?s=96&d=mm&r=g","width":96,"height":96,"caption":"El Digital de Asturias"}},{"@type":"WebPage","@id":"https:\/\/www.eldigitaldeasturias.com\/noticias\/se-acercan-las-urnas-vuelve-el-rajoy-mitinero\/#webpage","url":"https:\/\/www.eldigitaldeasturias.com\/noticias\/se-acercan-las-urnas-vuelve-el-rajoy-mitinero\/","name":"Se acercan las urnas, vuelve el Rajoy mitinero - El Digital de Asturias","description":"Valladolid, 2 feb (EFE).- Ni grandes anuncios, ni sesudos an\u00e1lisis. Mariano Rajoy ha cerrado la convenci\u00f3n de su partido con un mitin en el m\u00e1s amplio sentido de la palabra, lleno de proclamas electorales y tambi\u00e9n de artiller\u00eda, la que ha soltado contra Alfredo P\u00e9rez Rubalcaba. Hac\u00eda mucho que el presidente del Gobierno no se","inLanguage":"es-ES","isPartOf":{"@id":"https:\/\/www.eldigitaldeasturias.com\/noticias\/#website"},"breadcrumb":{"@id":"https:\/\/www.eldigitaldeasturias.com\/noticias\/se-acercan-las-urnas-vuelve-el-rajoy-mitinero\/#breadcrumblist"},"author":{"@id":"https:\/\/www.eldigitaldeasturias.com\/noticias\/author\/admin\/#author"},"creator":{"@id":"https:\/\/www.eldigitaldeasturias.com\/noticias\/author\/admin\/#author"},"image":{"@type":"ImageObject","url":482280,"@id":"https:\/\/www.eldigitaldeasturias.com\/noticias\/se-acercan-las-urnas-vuelve-el-rajoy-mitinero\/#mainImage"},"primaryImageOfPage":{"@id":"https:\/\/www.eldigitaldeasturias.com\/noticias\/se-acercan-las-urnas-vuelve-el-rajoy-mitinero\/#mainImage"},"datePublished":"2014-02-02T21:14:49+01:00","dateModified":"2014-02-02T21:14:49+01:00"},{"@type":"WebSite","@id":"https:\/\/www.eldigitaldeasturias.com\/noticias\/#website","url":"https:\/\/www.eldigitaldeasturias.com\/noticias\/","name":"El Digital de Asturias - Diario de actualidad y noticias","alternateName":"El Digital de Asturias - Diario de actualidad y noticias","description":"Hemeroteca","inLanguage":"es-ES","publisher":{"@id":"https:\/\/www.eldigitaldeasturias.com\/noticias\/#organization"}}]},"og:locale":"es_ES","og:site_name":"El Digital de Asturias","og:type":"article","og:title":"Se acercan las urnas, vuelve el Rajoy mitinero - El Digital de Asturias","og:description":"Valladolid, 2 feb (EFE).- Ni grandes anuncios, ni sesudos an\u00e1lisis. Mariano Rajoy ha cerrado la convenci\u00f3n de su partido con un mitin en el m\u00e1s amplio sentido de la palabra, lleno de proclamas electorales y tambi\u00e9n de artiller\u00eda, la que ha soltado contra Alfredo P\u00e9rez Rubalcaba. Hac\u00eda mucho que el presidente del Gobierno no se","og:url":"https:\/\/www.eldigitaldeasturias.com\/noticias\/se-acercan-las-urnas-vuelve-el-rajoy-mitinero\/","article:tag":["actualidad"],"article:published_time":"2014-02-02T22:14:49+00:00","article:modified_time":"2014-02-02T22:14:49+00:00","article:publisher":"https:\/\/facebook.com\/eldigitaldeasturias","twitter:card":"summary_large_image","twitter:title":"Se acercan las urnas, vuelve el Rajoy mitinero - El Digital de Asturias","twitter:description":"Valladolid, 2 feb (EFE).- Ni grandes anuncios, ni sesudos an\u00e1lisis. Mariano Rajoy ha cerrado la convenci\u00f3n de su partido con un mitin en el m\u00e1s amplio sentido de la palabra, lleno de proclamas electorales y tambi\u00e9n de artiller\u00eda, la que ha soltado contra Alfredo P\u00e9rez Rubalcaba. Hac\u00eda mucho que el presidente del Gobierno no se","twitter:label1":"Escrito por","twitter:data1":"El Digital de Asturias","twitter:label2":"Tiempo de lectura estimado","twitter:data2":"4 minutos"},"aioseo_meta_data":{"post_id":"482279","title":null,"description":null,"keywords":null,"keyphrases":null,"primary_term":null,"canonical_url":null,"og_title":null,"og_description":null,"og_object_type":"default","og_image_type":"default","og_image_url":null,"og_image_width":null,"og_image_height":null,"og_image_custom_url":null,"og_image_custom_fields":null,"og_video":null,"og_custom_url":null,"og_article_section":null,"og_article_tags":null,"twitter_use_og":true,"twitter_card":"default","twitter_image_type":"default","twitter_image_url":null,"twitter_image_custom_url":null,"twitter_image_custom_fields":null,"twitter_title":null,"twitter_description":null,"schema":{"blockGraphs":[],"customGraphs":[],"default":{"data":{"Article":[],"Course":[],"Dataset":[],"FAQPage":[],"Movie":[],"Person":[],"Product":[],"ProductReview":[],"Car":[],"Recipe":[],"Service":[],"SoftwareApplication":[],"WebPage":[]},"graphName":"","isEnabled":true},"graphs":[],"defaultGraph":"","defaultPostTypeGraph":""},"schema_type":null,"schema_type_options":null,"pillar_content":false,"robots_default":true,"robots_noindex":false,"robots_noarchive":false,"robots_nosnippet":false,"robots_nofollow":false,"robots_noimageindex":false,"robots_noodp":false,"robots_notranslate":false,"robots_max_snippet":null,"robots_max_videopreview":null,"robots_max_imagepreview":"none","priority":null,"frequency":null,"local_seo":null,"seo_analyzer_scan_date":"2026-06-02 09:22:00","breadcrumb_settings":null,"limit_modified_date":false,"open_ai":null,"ai":null,"created":"2020-11-14 22:54:33","updated":"2026-06-02 09:22:00","focus_keyword":null,"additional_keywords":null,"truseo_locale":null},"aioseo_breadcrumb":"<div class=\"aioseo-breadcrumbs\"><span class=\"aioseo-breadcrumb\">\n\t<a href=\"https:\/\/www.eldigitaldeasturias.com\/noticias\" title=\"Home\">Home<\/a>\n<\/span><span class=\"aioseo-breadcrumb-separator\">\u2013<\/span><span class=\"aioseo-breadcrumb\">\n\t<a href=\"https:\/\/www.eldigitaldeasturias.com\/noticias\/category\/actualidad\/\" title=\"Actualidad\">Actualidad<\/a>\n<\/span><span class=\"aioseo-breadcrumb-separator\">\u2013<\/span><span class=\"aioseo-breadcrumb\">\n\t<a href=\"https:\/\/www.eldigitaldeasturias.com\/noticias\/se-acercan-las-urnas-vuelve-el-rajoy-mitinero\/\" title=\"Se acercan las urnas, vuelve el Rajoy mitinero\">Se acercan las urnas, vuelve el Rajoy mitinero<\/a>\n<\/span><\/div>","aioseo_breadcrumb_json":[{"label":"Home","link":"https:\/\/www.eldigitaldeasturias.com\/noticias"},{"label":"Actualidad","link":"https:\/\/www.eldigitaldeasturias.com\/noticias\/category\/actualidad\/"},{"label":"Se acercan las urnas, vuelve el Rajoy mitinero","link":"https:\/\/www.eldigitaldeasturias.com\/noticias\/se-acercan-las-urnas-vuelve-el-rajoy-mitinero\/"}],"_links":{"self":[{"href":"https:\/\/www.eldigitaldeasturias.com\/noticias\/wp-json\/wp\/v2\/posts\/482279","targetHints":{"allow":["GET"]}}],"collection":[{"href":"https:\/\/www.eldigitaldeasturias.com\/noticias\/wp-json\/wp\/v2\/posts"}],"about":[{"href":"https:\/\/www.eldigitaldeasturias.com\/noticias\/wp-json\/wp\/v2\/types\/post"}],"author":[{"embeddable":true,"href":"https:\/\/www.eldigitaldeasturias.com\/noticias\/wp-json\/wp\/v2\/users\/1"}],"replies":[{"embeddable":true,"href":"https:\/\/www.eldigitaldeasturias.com\/noticias\/wp-json\/wp\/v2\/comments?post=482279"}],"version-history":[{"count":0,"href":"https:\/\/www.eldigitaldeasturias.com\/noticias\/wp-json\/wp\/v2\/posts\/482279\/revisions"}],"wp:attachment":[{"href":"https:\/\/www.eldigitaldeasturias.com\/noticias\/wp-json\/wp\/v2\/media?parent=482279"}],"wp:term":[{"taxonomy":"category","embeddable":true,"href":"https:\/\/www.eldigitaldeasturias.com\/noticias\/wp-json\/wp\/v2\/categories?post=482279"},{"taxonomy":"post_tag","embeddable":true,"href":"https:\/\/www.eldigitaldeasturias.com\/noticias\/wp-json\/wp\/v2\/tags?post=482279"}],"curies":[{"name":"wp","href":"https:\/\/api.w.org\/{rel}","templated":true}]}}