{"id":482276,"date":"2014-02-02T21:13:43","date_gmt":"2014-02-02T22:13:43","guid":{"rendered":"http:\/\/www.eldigitaldeasturias.com\/noticias\/?p=482276"},"modified":"2014-02-02T21:13:43","modified_gmt":"2014-02-02T22:13:43","slug":"cerca-de-5-000-personas-protestan-en-valladolid-contra-politicas-del-gobierno","status":"publish","type":"post","link":"https:\/\/www.eldigitaldeasturias.com\/noticias\/cerca-de-5-000-personas-protestan-en-valladolid-contra-politicas-del-gobierno\/","title":{"rendered":"Cerca de 5.000 personas protestan en Valladolid contra pol\u00edticas del Gobierno"},"content":{"rendered":"<p><img loading=\"lazy\" decoding=\"async\" class=\"alignleft size-medium wp-image-482277\" alt=\"5901217w\" src=\"https:\/\/www.eldigitaldeasturias.com\/noticias\/wp-content\/uploads\/2014\/02\/5901217w-360x264.jpg\" width=\"360\" height=\"264\" \/>Valladolid, 2 feb (EFE).- Cerca de 5.000 personas se han manifestado hoy por el centro de Valladolid contra las pol\u00edticas del Gobierno en un acto que coincide con la celebraci\u00f3n en esta misma ciudad de la convenci\u00f3n nacional del PP.<\/p>\n<p>La manifestaci\u00f3n ha salido al mediod\u00eda de la Plaza de Col\u00f3n de Valladolid convocada por la asociaci\u00f3n Parad@s en Movimiento y ha sido secundada por organizaciones que representan a los preferentistas, el 15-M, la Plataforma por la Sanidad P\u00fablica, la Plataforma contra la Reforma Local, la CNT, la CGT y asambleas de desempleados de otras provincias de Castilla y Le\u00f3n.<\/p>\n<p>La protesta ha transcurrido de forma pac\u00edfica hasta la Plaza Mayor de Valladolid bajo el lema \u00abPor el empleo digno, contra los recortes, por la renta b\u00e1sica, no a la institucionalizaci\u00f3n de la pobreza\u00bb.<\/p>\n<p>La convocatoria ha contado con el respaldo de dos decenas de vecinos del barrio de Gamonal, en Burgos, que han llevado la pancarta \u00abEfecto Gamonal contra el paro\u00bb.<\/p>\n<p>Los manifestantes, de todas las edades, han proferido gritos contra el paro -han pedido soluciones para este problema- y contra los recortes especialmente en el \u00e1mbito social.<\/p>\n<p>El presidente de la agrupaci\u00f3n Parad@s en movimiento de Valladolid, Miguel Luis Garc\u00eda, ha explicado, en declaraciones a los medios de comunicaci\u00f3n, que la manifestaci\u00f3n ha tenido como objetivo mostrar el rechazo de los ciudadanos a las pol\u00edticas del Ejecutivo central.<\/p>\n<p>En esa l\u00ednea, ha criticado los recortes en materia social que est\u00e1n \u00abempobreciendo\u00bb y \u00abcastigando\u00bb a la clase trabajadora y situando a muchos ciudadanos en situaci\u00f3n de pobreza y exclusi\u00f3n social.<\/p>\n<p>Al respecto, ha solicitado medidas que acaben con la \u00abinjusticia social\u00bb y \u00abpol\u00edticos generosos y valientes\u00bb para modificar la situaci\u00f3n del pa\u00eds.<\/p>\n<p>Uno de los representantes de los vecinos de Gamonal, Manuel Alonso, ha indicado que han acudido a Valladolid para apoyar la protesta y ha recordado que el barrio burgal\u00e9s tambi\u00e9n est\u00e1 sufriendo el problema del paro.<\/p>\n<p>La protesta ha finalizado en la Plaza Mayor de Valladolid, donde el presidente de la asociaci\u00f3n vallisoletana Parad@s en Movimiento ha le\u00eddo un manifiesto, en el que se ha criticado que el acceso a la educaci\u00f3n, a la sanidad y a la vivienda sea cada vez \u00abm\u00e1s dif\u00edcil\u00bb.<\/p>\n<p>\u00abNo creemos en este Gobierno, porque es el Gobierno de la mentira, deslegitimado por incumplir el programa electoral y por los casos de corrupci\u00f3n que le rodean\u00bb, ha expresado la agrupaci\u00f3n.<\/p>\n<p>Tras esta iniciativa, asociaciones de parados de varias localidades de Castilla y Le\u00f3n se reunir\u00e1n hoy en Valladolid para acordar acciones de protesta conjuntas, seg\u00fan han informado fuentes de Parados en Movimiento Valladolid.<\/p>\n","protected":false},"excerpt":{"rendered":"<p>Valladolid, 2 feb (EFE).- Cerca de 5.000 personas se han manifestado hoy por el centro de Valladolid contra las pol\u00edticas del Gobierno en un acto que coincide con la celebraci\u00f3n en esta misma ciudad de la convenci\u00f3n nacional del PP. La manifestaci\u00f3n ha salido al mediod\u00eda de la Plaza de Col\u00f3n de Valladolid convocada por [&hellip;]<\/p>\n","protected":false},"author":1,"featured_media":482277,"comment_status":"closed","ping_status":"open","sticky":false,"template":"","format":"standard","meta":{"footnotes":""},"categories":[1],"tags":[],"class_list":["post-482276","post","type-post","status-publish","format-standard","has-post-thumbnail","hentry","category-actualidad"],"aioseo_notices":[],"aioseo_head":"\n\t\t<!-- All in One SEO Pro 5.0.1 - aioseo.com -->\n\t<meta name=\"description\" content=\"Valladolid, 2 feb (EFE).- Cerca de 5.000 personas se han manifestado hoy por el centro de Valladolid contra las pol\u00edticas del Gobierno en un acto que coincide con la celebraci\u00f3n en esta misma ciudad de la convenci\u00f3n nacional del PP. La manifestaci\u00f3n ha salido al mediod\u00eda de la Plaza de Col\u00f3n de Valladolid convocada por\" \/>\n\t<meta name=\"robots\" content=\"max-image-preview:large\" \/>\n\t<meta name=\"author\" content=\"El Digital de Asturias\"\/>\n\t<meta name=\"google-site-verification\" content=\"UA-38556648-1\" \/>\n\t<meta name=\"msvalidate.01\" content=\"7dfe9f3f1b24437ab69f4f2559babe99\" \/>\n\t<meta name=\"keywords\" content=\"actualidad\" \/>\n\t<link rel=\"canonical\" href=\"https:\/\/www.eldigitaldeasturias.com\/noticias\/cerca-de-5-000-personas-protestan-en-valladolid-contra-politicas-del-gobierno\/\" \/>\n\t<meta name=\"generator\" content=\"All in One SEO Pro (AIOSEO) 5.0.1\" \/>\n\t\t<meta property=\"og:locale\" content=\"es_ES\" \/>\n\t\t<meta property=\"og:site_name\" content=\"El Digital de Asturias\" \/>\n\t\t<meta property=\"og:type\" content=\"article\" \/>\n\t\t<meta property=\"og:title\" content=\"Cerca de 5.000 personas protestan en Valladolid contra pol\u00edticas del Gobierno - El Digital de Asturias\" \/>\n\t\t<meta property=\"og:description\" content=\"Valladolid, 2 feb (EFE).- Cerca de 5.000 personas se han manifestado hoy por el centro de Valladolid contra las pol\u00edticas del Gobierno en un acto que coincide con la celebraci\u00f3n en esta misma ciudad de la convenci\u00f3n nacional del PP. La manifestaci\u00f3n ha salido al mediod\u00eda de la Plaza de Col\u00f3n de Valladolid convocada por\" \/>\n\t\t<meta property=\"og:url\" content=\"https:\/\/www.eldigitaldeasturias.com\/noticias\/cerca-de-5-000-personas-protestan-en-valladolid-contra-politicas-del-gobierno\/\" \/>\n\t\t<meta property=\"article:tag\" content=\"actualidad\" \/>\n\t\t<meta property=\"article:published_time\" content=\"2014-02-02T22:13:43+00:00\" \/>\n\t\t<meta property=\"article:modified_time\" content=\"2014-02-02T22:13:43+00:00\" \/>\n\t\t<meta property=\"article:publisher\" content=\"https:\/\/facebook.com\/eldigitaldeasturias\" \/>\n\t\t<meta name=\"twitter:card\" content=\"summary_large_image\" \/>\n\t\t<meta name=\"twitter:title\" content=\"Cerca de 5.000 personas protestan en Valladolid contra pol\u00edticas del Gobierno - El Digital de Asturias\" \/>\n\t\t<meta name=\"twitter:description\" content=\"Valladolid, 2 feb (EFE).- Cerca de 5.000 personas se han manifestado hoy por el centro de Valladolid contra las pol\u00edticas del Gobierno en un acto que coincide con la celebraci\u00f3n en esta misma ciudad de la convenci\u00f3n nacional del PP. La manifestaci\u00f3n ha salido al mediod\u00eda de la Plaza de Col\u00f3n de Valladolid convocada por\" \/>\n\t\t<meta name=\"twitter:label1\" content=\"Escrito por\" \/>\n\t\t<meta name=\"twitter:data1\" content=\"El Digital de Asturias\" \/>\n\t\t<meta name=\"twitter:label2\" content=\"Tiempo de lectura estimado\" \/>\n\t\t<meta name=\"twitter:data2\" content=\"2 minutos\" \/>\n\t\t<script type=\"application\/ld+json\" class=\"aioseo-schema\">\n\t\t\t{\"@context\":\"https:\\\/\\\/schema.org\",\"@graph\":[{\"@type\":\"BlogPosting\",\"@id\":\"https:\\\/\\\/www.eldigitaldeasturias.com\\\/noticias\\\/cerca-de-5-000-personas-protestan-en-valladolid-contra-politicas-del-gobierno\\\/#blogposting\",\"name\":\"Cerca de 5.000 personas protestan en Valladolid contra pol\\u00edticas del Gobierno - El Digital de Asturias\",\"headline\":\"Cerca de 5.000 personas protestan en Valladolid contra pol\\u00edticas del Gobierno\",\"author\":{\"@id\":\"https:\\\/\\\/www.eldigitaldeasturias.com\\\/noticias\\\/author\\\/admin\\\/#author\"},\"publisher\":{\"@id\":\"https:\\\/\\\/www.eldigitaldeasturias.com\\\/noticias\\\/#organization\"},\"image\":{\"@type\":\"ImageObject\",\"url\":482277},\"datePublished\":\"2014-02-02T21:13:43+01:00\",\"dateModified\":\"2014-02-02T21:13:43+01:00\",\"inLanguage\":\"es-ES\",\"mainEntityOfPage\":{\"@id\":\"https:\\\/\\\/www.eldigitaldeasturias.com\\\/noticias\\\/cerca-de-5-000-personas-protestan-en-valladolid-contra-politicas-del-gobierno\\\/#webpage\"},\"isPartOf\":{\"@id\":\"https:\\\/\\\/www.eldigitaldeasturias.com\\\/noticias\\\/cerca-de-5-000-personas-protestan-en-valladolid-contra-politicas-del-gobierno\\\/#webpage\"},\"articleSection\":\"Actualidad\"},{\"@type\":\"BreadcrumbList\",\"@id\":\"https:\\\/\\\/www.eldigitaldeasturias.com\\\/noticias\\\/cerca-de-5-000-personas-protestan-en-valladolid-contra-politicas-del-gobierno\\\/#breadcrumblist\",\"itemListElement\":[{\"@type\":\"ListItem\",\"@id\":\"https:\\\/\\\/www.eldigitaldeasturias.com\\\/noticias#listItem\",\"position\":1,\"name\":\"Home\",\"item\":\"https:\\\/\\\/www.eldigitaldeasturias.com\\\/noticias\",\"nextItem\":{\"@type\":\"ListItem\",\"@id\":\"https:\\\/\\\/www.eldigitaldeasturias.com\\\/noticias\\\/category\\\/actualidad\\\/#listItem\",\"name\":\"Actualidad\"}},{\"@type\":\"ListItem\",\"@id\":\"https:\\\/\\\/www.eldigitaldeasturias.com\\\/noticias\\\/category\\\/actualidad\\\/#listItem\",\"position\":2,\"name\":\"Actualidad\",\"item\":\"https:\\\/\\\/www.eldigitaldeasturias.com\\\/noticias\\\/category\\\/actualidad\\\/\",\"nextItem\":{\"@type\":\"ListItem\",\"@id\":\"https:\\\/\\\/www.eldigitaldeasturias.com\\\/noticias\\\/cerca-de-5-000-personas-protestan-en-valladolid-contra-politicas-del-gobierno\\\/#listItem\",\"name\":\"Cerca de 5.000 personas protestan en Valladolid contra pol\\u00edticas del Gobierno\"},\"previousItem\":{\"@type\":\"ListItem\",\"@id\":\"https:\\\/\\\/www.eldigitaldeasturias.com\\\/noticias#listItem\",\"name\":\"Home\"}},{\"@type\":\"ListItem\",\"@id\":\"https:\\\/\\\/www.eldigitaldeasturias.com\\\/noticias\\\/cerca-de-5-000-personas-protestan-en-valladolid-contra-politicas-del-gobierno\\\/#listItem\",\"position\":3,\"name\":\"Cerca de 5.000 personas protestan en Valladolid contra pol\\u00edticas del Gobierno\",\"previousItem\":{\"@type\":\"ListItem\",\"@id\":\"https:\\\/\\\/www.eldigitaldeasturias.com\\\/noticias\\\/category\\\/actualidad\\\/#listItem\",\"name\":\"Actualidad\"}}]},{\"@type\":\"Organization\",\"@id\":\"https:\\\/\\\/www.eldigitaldeasturias.com\\\/noticias\\\/#organization\",\"name\":\"El Digital de Asturias\",\"description\":\"Hemeroteca\",\"url\":\"https:\\\/\\\/www.eldigitaldeasturias.com\\\/noticias\\\/\",\"email\":\"info@eldigitaldeasturias.com\",\"telephone\":\"+34652131393\",\"logo\":{\"@type\":\"ImageObject\",\"url\":\"https:\\\/\\\/www.eldigitaldeasturias.com\\\/noticias\\\/wp-content\\\/uploads\\\/2020\\\/12\\\/EDA.jpg\",\"@id\":\"https:\\\/\\\/www.eldigitaldeasturias.com\\\/noticias\\\/cerca-de-5-000-personas-protestan-en-valladolid-contra-politicas-del-gobierno\\\/#organizationLogo\"},\"image\":{\"@id\":\"https:\\\/\\\/www.eldigitaldeasturias.com\\\/noticias\\\/cerca-de-5-000-personas-protestan-en-valladolid-contra-politicas-del-gobierno\\\/#organizationLogo\"},\"sameAs\":[\"https:\\\/\\\/facebook.com\\\/eldigitaldeasturias\",\"https:\\\/\\\/www.youtube.com\\\/channel\\\/UCZP-2wLEB9Rv6erhFmqVnvg\"],\"address\":{\"@id\":\"https:\\\/\\\/www.eldigitaldeasturias.com\\\/noticias\\\/#postaladdress\",\"@type\":\"PostalAddress\",\"streetAddress\":\"san antonio 4\",\"postalCode\":\"33430\",\"addressLocality\":\"Cand\\u00e1s\",\"addressRegion\":\"Asturias\",\"addressCountry\":\"ES\"}},{\"@type\":\"Person\",\"@id\":\"https:\\\/\\\/www.eldigitaldeasturias.com\\\/noticias\\\/author\\\/admin\\\/#author\",\"url\":\"https:\\\/\\\/www.eldigitaldeasturias.com\\\/noticias\\\/author\\\/admin\\\/\",\"name\":\"El Digital de Asturias\",\"image\":{\"@type\":\"ImageObject\",\"@id\":\"https:\\\/\\\/www.eldigitaldeasturias.com\\\/noticias\\\/cerca-de-5-000-personas-protestan-en-valladolid-contra-politicas-del-gobierno\\\/#authorImage\",\"url\":\"https:\\\/\\\/secure.gravatar.com\\\/avatar\\\/df2aeffc32bcd13f8d26072ef8a91b623d677766deac7f97ca815868cd41bf5e?s=96&d=mm&r=g\",\"width\":96,\"height\":96,\"caption\":\"El Digital de Asturias\"}},{\"@type\":\"WebPage\",\"@id\":\"https:\\\/\\\/www.eldigitaldeasturias.com\\\/noticias\\\/cerca-de-5-000-personas-protestan-en-valladolid-contra-politicas-del-gobierno\\\/#webpage\",\"url\":\"https:\\\/\\\/www.eldigitaldeasturias.com\\\/noticias\\\/cerca-de-5-000-personas-protestan-en-valladolid-contra-politicas-del-gobierno\\\/\",\"name\":\"Cerca de 5.000 personas protestan en Valladolid contra pol\\u00edticas del Gobierno - El Digital de Asturias\",\"description\":\"Valladolid, 2 feb (EFE).- Cerca de 5.000 personas se han manifestado hoy por el centro de Valladolid contra las pol\\u00edticas del Gobierno en un acto que coincide con la celebraci\\u00f3n en esta misma ciudad de la convenci\\u00f3n nacional del PP. La manifestaci\\u00f3n ha salido al mediod\\u00eda de la Plaza de Col\\u00f3n de Valladolid convocada por\",\"inLanguage\":\"es-ES\",\"isPartOf\":{\"@id\":\"https:\\\/\\\/www.eldigitaldeasturias.com\\\/noticias\\\/#website\"},\"breadcrumb\":{\"@id\":\"https:\\\/\\\/www.eldigitaldeasturias.com\\\/noticias\\\/cerca-de-5-000-personas-protestan-en-valladolid-contra-politicas-del-gobierno\\\/#breadcrumblist\"},\"author\":{\"@id\":\"https:\\\/\\\/www.eldigitaldeasturias.com\\\/noticias\\\/author\\\/admin\\\/#author\"},\"creator\":{\"@id\":\"https:\\\/\\\/www.eldigitaldeasturias.com\\\/noticias\\\/author\\\/admin\\\/#author\"},\"image\":{\"@type\":\"ImageObject\",\"url\":482277,\"@id\":\"https:\\\/\\\/www.eldigitaldeasturias.com\\\/noticias\\\/cerca-de-5-000-personas-protestan-en-valladolid-contra-politicas-del-gobierno\\\/#mainImage\"},\"primaryImageOfPage\":{\"@id\":\"https:\\\/\\\/www.eldigitaldeasturias.com\\\/noticias\\\/cerca-de-5-000-personas-protestan-en-valladolid-contra-politicas-del-gobierno\\\/#mainImage\"},\"datePublished\":\"2014-02-02T21:13:43+01:00\",\"dateModified\":\"2014-02-02T21:13:43+01:00\"},{\"@type\":\"WebSite\",\"@id\":\"https:\\\/\\\/www.eldigitaldeasturias.com\\\/noticias\\\/#website\",\"url\":\"https:\\\/\\\/www.eldigitaldeasturias.com\\\/noticias\\\/\",\"name\":\"El Digital de Asturias - Diario de actualidad y noticias\",\"alternateName\":\"El Digital de Asturias - Diario de actualidad y noticias\",\"description\":\"Hemeroteca\",\"inLanguage\":\"es-ES\",\"publisher\":{\"@id\":\"https:\\\/\\\/www.eldigitaldeasturias.com\\\/noticias\\\/#organization\"}}]}\n\t\t<\/script>\n\t\t<!-- All in One SEO Pro -->\r\n\t\t<title>Cerca de 5.000 personas protestan en Valladolid contra pol\u00edticas del Gobierno - El Digital de Asturias<\/title>\n\n","aioseo_head_json":{"title":"Cerca de 5.000 personas protestan en Valladolid contra pol\u00edticas del Gobierno - El Digital de Asturias","description":"Valladolid, 2 feb (EFE).- Cerca de 5.000 personas se han manifestado hoy por el centro de Valladolid contra las pol\u00edticas del Gobierno en un acto que coincide con la celebraci\u00f3n en esta misma ciudad de la convenci\u00f3n nacional del PP. La manifestaci\u00f3n ha salido al mediod\u00eda de la Plaza de Col\u00f3n de Valladolid convocada por","canonical_url":"https:\/\/www.eldigitaldeasturias.com\/noticias\/cerca-de-5-000-personas-protestan-en-valladolid-contra-politicas-del-gobierno\/","robots":"max-image-preview:large","keywords":"actualidad","webmasterTools":{"google-site-verification":"UA-38556648-1","msvalidate.01":"7dfe9f3f1b24437ab69f4f2559babe99","miscellaneous":""},"schema":{"@context":"https:\/\/schema.org","@graph":[{"@type":"BlogPosting","@id":"https:\/\/www.eldigitaldeasturias.com\/noticias\/cerca-de-5-000-personas-protestan-en-valladolid-contra-politicas-del-gobierno\/#blogposting","name":"Cerca de 5.000 personas protestan en Valladolid contra pol\u00edticas del Gobierno - El Digital de Asturias","headline":"Cerca de 5.000 personas protestan en Valladolid contra pol\u00edticas del Gobierno","author":{"@id":"https:\/\/www.eldigitaldeasturias.com\/noticias\/author\/admin\/#author"},"publisher":{"@id":"https:\/\/www.eldigitaldeasturias.com\/noticias\/#organization"},"image":{"@type":"ImageObject","url":482277},"datePublished":"2014-02-02T21:13:43+01:00","dateModified":"2014-02-02T21:13:43+01:00","inLanguage":"es-ES","mainEntityOfPage":{"@id":"https:\/\/www.eldigitaldeasturias.com\/noticias\/cerca-de-5-000-personas-protestan-en-valladolid-contra-politicas-del-gobierno\/#webpage"},"isPartOf":{"@id":"https:\/\/www.eldigitaldeasturias.com\/noticias\/cerca-de-5-000-personas-protestan-en-valladolid-contra-politicas-del-gobierno\/#webpage"},"articleSection":"Actualidad"},{"@type":"BreadcrumbList","@id":"https:\/\/www.eldigitaldeasturias.com\/noticias\/cerca-de-5-000-personas-protestan-en-valladolid-contra-politicas-del-gobierno\/#breadcrumblist","itemListElement":[{"@type":"ListItem","@id":"https:\/\/www.eldigitaldeasturias.com\/noticias#listItem","position":1,"name":"Home","item":"https:\/\/www.eldigitaldeasturias.com\/noticias","nextItem":{"@type":"ListItem","@id":"https:\/\/www.eldigitaldeasturias.com\/noticias\/category\/actualidad\/#listItem","name":"Actualidad"}},{"@type":"ListItem","@id":"https:\/\/www.eldigitaldeasturias.com\/noticias\/category\/actualidad\/#listItem","position":2,"name":"Actualidad","item":"https:\/\/www.eldigitaldeasturias.com\/noticias\/category\/actualidad\/","nextItem":{"@type":"ListItem","@id":"https:\/\/www.eldigitaldeasturias.com\/noticias\/cerca-de-5-000-personas-protestan-en-valladolid-contra-politicas-del-gobierno\/#listItem","name":"Cerca de 5.000 personas protestan en Valladolid contra pol\u00edticas del Gobierno"},"previousItem":{"@type":"ListItem","@id":"https:\/\/www.eldigitaldeasturias.com\/noticias#listItem","name":"Home"}},{"@type":"ListItem","@id":"https:\/\/www.eldigitaldeasturias.com\/noticias\/cerca-de-5-000-personas-protestan-en-valladolid-contra-politicas-del-gobierno\/#listItem","position":3,"name":"Cerca de 5.000 personas protestan en Valladolid contra pol\u00edticas del Gobierno","previousItem":{"@type":"ListItem","@id":"https:\/\/www.eldigitaldeasturias.com\/noticias\/category\/actualidad\/#listItem","name":"Actualidad"}}]},{"@type":"Organization","@id":"https:\/\/www.eldigitaldeasturias.com\/noticias\/#organization","name":"El Digital de Asturias","description":"Hemeroteca","url":"https:\/\/www.eldigitaldeasturias.com\/noticias\/","email":"info@eldigitaldeasturias.com","telephone":"+34652131393","logo":{"@type":"ImageObject","url":"https:\/\/www.eldigitaldeasturias.com\/noticias\/wp-content\/uploads\/2020\/12\/EDA.jpg","@id":"https:\/\/www.eldigitaldeasturias.com\/noticias\/cerca-de-5-000-personas-protestan-en-valladolid-contra-politicas-del-gobierno\/#organizationLogo"},"image":{"@id":"https:\/\/www.eldigitaldeasturias.com\/noticias\/cerca-de-5-000-personas-protestan-en-valladolid-contra-politicas-del-gobierno\/#organizationLogo"},"sameAs":["https:\/\/facebook.com\/eldigitaldeasturias","https:\/\/www.youtube.com\/channel\/UCZP-2wLEB9Rv6erhFmqVnvg"],"address":{"@id":"https:\/\/www.eldigitaldeasturias.com\/noticias\/#postaladdress","@type":"PostalAddress","streetAddress":"san antonio 4","postalCode":"33430","addressLocality":"Cand\u00e1s","addressRegion":"Asturias","addressCountry":"ES"}},{"@type":"Person","@id":"https:\/\/www.eldigitaldeasturias.com\/noticias\/author\/admin\/#author","url":"https:\/\/www.eldigitaldeasturias.com\/noticias\/author\/admin\/","name":"El Digital de Asturias","image":{"@type":"ImageObject","@id":"https:\/\/www.eldigitaldeasturias.com\/noticias\/cerca-de-5-000-personas-protestan-en-valladolid-contra-politicas-del-gobierno\/#authorImage","url":"https:\/\/secure.gravatar.com\/avatar\/df2aeffc32bcd13f8d26072ef8a91b623d677766deac7f97ca815868cd41bf5e?s=96&d=mm&r=g","width":96,"height":96,"caption":"El Digital de Asturias"}},{"@type":"WebPage","@id":"https:\/\/www.eldigitaldeasturias.com\/noticias\/cerca-de-5-000-personas-protestan-en-valladolid-contra-politicas-del-gobierno\/#webpage","url":"https:\/\/www.eldigitaldeasturias.com\/noticias\/cerca-de-5-000-personas-protestan-en-valladolid-contra-politicas-del-gobierno\/","name":"Cerca de 5.000 personas protestan en Valladolid contra pol\u00edticas del Gobierno - El Digital de Asturias","description":"Valladolid, 2 feb (EFE).- Cerca de 5.000 personas se han manifestado hoy por el centro de Valladolid contra las pol\u00edticas del Gobierno en un acto que coincide con la celebraci\u00f3n en esta misma ciudad de la convenci\u00f3n nacional del PP. La manifestaci\u00f3n ha salido al mediod\u00eda de la Plaza de Col\u00f3n de Valladolid convocada por","inLanguage":"es-ES","isPartOf":{"@id":"https:\/\/www.eldigitaldeasturias.com\/noticias\/#website"},"breadcrumb":{"@id":"https:\/\/www.eldigitaldeasturias.com\/noticias\/cerca-de-5-000-personas-protestan-en-valladolid-contra-politicas-del-gobierno\/#breadcrumblist"},"author":{"@id":"https:\/\/www.eldigitaldeasturias.com\/noticias\/author\/admin\/#author"},"creator":{"@id":"https:\/\/www.eldigitaldeasturias.com\/noticias\/author\/admin\/#author"},"image":{"@type":"ImageObject","url":482277,"@id":"https:\/\/www.eldigitaldeasturias.com\/noticias\/cerca-de-5-000-personas-protestan-en-valladolid-contra-politicas-del-gobierno\/#mainImage"},"primaryImageOfPage":{"@id":"https:\/\/www.eldigitaldeasturias.com\/noticias\/cerca-de-5-000-personas-protestan-en-valladolid-contra-politicas-del-gobierno\/#mainImage"},"datePublished":"2014-02-02T21:13:43+01:00","dateModified":"2014-02-02T21:13:43+01:00"},{"@type":"WebSite","@id":"https:\/\/www.eldigitaldeasturias.com\/noticias\/#website","url":"https:\/\/www.eldigitaldeasturias.com\/noticias\/","name":"El Digital de Asturias - Diario de actualidad y noticias","alternateName":"El Digital de Asturias - Diario de actualidad y noticias","description":"Hemeroteca","inLanguage":"es-ES","publisher":{"@id":"https:\/\/www.eldigitaldeasturias.com\/noticias\/#organization"}}]},"og:locale":"es_ES","og:site_name":"El Digital de Asturias","og:type":"article","og:title":"Cerca de 5.000 personas protestan en Valladolid contra pol\u00edticas del Gobierno - El Digital de Asturias","og:description":"Valladolid, 2 feb (EFE).- Cerca de 5.000 personas se han manifestado hoy por el centro de Valladolid contra las pol\u00edticas del Gobierno en un acto que coincide con la celebraci\u00f3n en esta misma ciudad de la convenci\u00f3n nacional del PP. La manifestaci\u00f3n ha salido al mediod\u00eda de la Plaza de Col\u00f3n de Valladolid convocada por","og:url":"https:\/\/www.eldigitaldeasturias.com\/noticias\/cerca-de-5-000-personas-protestan-en-valladolid-contra-politicas-del-gobierno\/","article:tag":["actualidad"],"article:published_time":"2014-02-02T22:13:43+00:00","article:modified_time":"2014-02-02T22:13:43+00:00","article:publisher":"https:\/\/facebook.com\/eldigitaldeasturias","twitter:card":"summary_large_image","twitter:title":"Cerca de 5.000 personas protestan en Valladolid contra pol\u00edticas del Gobierno - El Digital de Asturias","twitter:description":"Valladolid, 2 feb (EFE).- Cerca de 5.000 personas se han manifestado hoy por el centro de Valladolid contra las pol\u00edticas del Gobierno en un acto que coincide con la celebraci\u00f3n en esta misma ciudad de la convenci\u00f3n nacional del PP. La manifestaci\u00f3n ha salido al mediod\u00eda de la Plaza de Col\u00f3n de Valladolid convocada por","twitter:label1":"Escrito por","twitter:data1":"El Digital de Asturias","twitter:label2":"Tiempo de lectura estimado","twitter:data2":"2 minutos"},"aioseo_meta_data":{"post_id":"482276","title":null,"description":null,"keywords":null,"keyphrases":null,"primary_term":null,"canonical_url":null,"og_title":null,"og_description":null,"og_object_type":"default","og_image_type":"default","og_image_url":null,"og_image_width":null,"og_image_height":null,"og_image_custom_url":null,"og_image_custom_fields":null,"og_video":null,"og_custom_url":null,"og_article_section":null,"og_article_tags":null,"twitter_use_og":true,"twitter_card":"default","twitter_image_type":"default","twitter_image_url":null,"twitter_image_custom_url":null,"twitter_image_custom_fields":null,"twitter_title":null,"twitter_description":null,"schema":{"blockGraphs":[],"customGraphs":[],"default":{"data":{"Article":[],"Course":[],"Dataset":[],"FAQPage":[],"Movie":[],"Person":[],"Product":[],"ProductReview":[],"Car":[],"Recipe":[],"Service":[],"SoftwareApplication":[],"WebPage":[]},"graphName":"","isEnabled":true},"graphs":[],"defaultGraph":"","defaultPostTypeGraph":""},"schema_type":null,"schema_type_options":null,"pillar_content":false,"robots_default":true,"robots_noindex":false,"robots_noarchive":false,"robots_nosnippet":false,"robots_nofollow":false,"robots_noimageindex":false,"robots_noodp":false,"robots_notranslate":false,"robots_max_snippet":null,"robots_max_videopreview":null,"robots_max_imagepreview":"none","priority":null,"frequency":null,"local_seo":null,"seo_analyzer_scan_date":"2026-06-02 09:22:00","breadcrumb_settings":null,"limit_modified_date":false,"open_ai":null,"ai":null,"created":"2020-11-14 22:54:33","updated":"2026-06-02 09:22:00","focus_keyword":null,"additional_keywords":null,"truseo_locale":null},"aioseo_breadcrumb":"<div class=\"aioseo-breadcrumbs\"><span class=\"aioseo-breadcrumb\">\n\t<a href=\"https:\/\/www.eldigitaldeasturias.com\/noticias\" title=\"Home\">Home<\/a>\n<\/span><span class=\"aioseo-breadcrumb-separator\">\u2013<\/span><span class=\"aioseo-breadcrumb\">\n\t<a href=\"https:\/\/www.eldigitaldeasturias.com\/noticias\/category\/actualidad\/\" title=\"Actualidad\">Actualidad<\/a>\n<\/span><span class=\"aioseo-breadcrumb-separator\">\u2013<\/span><span class=\"aioseo-breadcrumb\">\n\t<a href=\"https:\/\/www.eldigitaldeasturias.com\/noticias\/cerca-de-5-000-personas-protestan-en-valladolid-contra-politicas-del-gobierno\/\" title=\"Cerca de 5.000 personas protestan en Valladolid contra pol\u00edticas del Gobierno\">Cerca de 5.000 personas protestan en Valladolid contra pol\u00edticas del Gobierno<\/a>\n<\/span><\/div>","aioseo_breadcrumb_json":[{"label":"Home","link":"https:\/\/www.eldigitaldeasturias.com\/noticias"},{"label":"Actualidad","link":"https:\/\/www.eldigitaldeasturias.com\/noticias\/category\/actualidad\/"},{"label":"Cerca de 5.000 personas protestan en Valladolid contra pol\u00edticas del Gobierno","link":"https:\/\/www.eldigitaldeasturias.com\/noticias\/cerca-de-5-000-personas-protestan-en-valladolid-contra-politicas-del-gobierno\/"}],"_links":{"self":[{"href":"https:\/\/www.eldigitaldeasturias.com\/noticias\/wp-json\/wp\/v2\/posts\/482276","targetHints":{"allow":["GET"]}}],"collection":[{"href":"https:\/\/www.eldigitaldeasturias.com\/noticias\/wp-json\/wp\/v2\/posts"}],"about":[{"href":"https:\/\/www.eldigitaldeasturias.com\/noticias\/wp-json\/wp\/v2\/types\/post"}],"author":[{"embeddable":true,"href":"https:\/\/www.eldigitaldeasturias.com\/noticias\/wp-json\/wp\/v2\/users\/1"}],"replies":[{"embeddable":true,"href":"https:\/\/www.eldigitaldeasturias.com\/noticias\/wp-json\/wp\/v2\/comments?post=482276"}],"version-history":[{"count":0,"href":"https:\/\/www.eldigitaldeasturias.com\/noticias\/wp-json\/wp\/v2\/posts\/482276\/revisions"}],"wp:attachment":[{"href":"https:\/\/www.eldigitaldeasturias.com\/noticias\/wp-json\/wp\/v2\/media?parent=482276"}],"wp:term":[{"taxonomy":"category","embeddable":true,"href":"https:\/\/www.eldigitaldeasturias.com\/noticias\/wp-json\/wp\/v2\/categories?post=482276"},{"taxonomy":"post_tag","embeddable":true,"href":"https:\/\/www.eldigitaldeasturias.com\/noticias\/wp-json\/wp\/v2\/tags?post=482276"}],"curies":[{"name":"wp","href":"https:\/\/api.w.org\/{rel}","templated":true}]}}