{"id":482267,"date":"2014-02-02T20:56:19","date_gmt":"2014-02-02T21:56:19","guid":{"rendered":"http:\/\/www.eldigitaldeasturias.com\/noticias\/?p=482267"},"modified":"2014-02-02T20:56:19","modified_gmt":"2014-02-02T21:56:19","slug":"el-temporal-se-ceba-con-san-sebastian-y-deja-un-joven-desaparecido-en-lugo","status":"publish","type":"post","link":"https:\/\/www.eldigitaldeasturias.com\/noticias\/el-temporal-se-ceba-con-san-sebastian-y-deja-un-joven-desaparecido-en-lugo\/","title":{"rendered":"El temporal se ceba con San Sebasti\u00e1n y deja un joven desaparecido en Lugo"},"content":{"rendered":"<p><img loading=\"lazy\" decoding=\"async\" class=\"alignleft size-medium wp-image-482268\" alt=\"5901425w\" src=\"https:\/\/www.eldigitaldeasturias.com\/noticias\/wp-content\/uploads\/2014\/02\/5901425w-360x198.jpg\" width=\"360\" height=\"198\" \/>San Sebasti\u00e1n, 2 feb (EFE).- El temporal que ha azotado esta madrugada la cornisa cant\u00e1brica y el litoral atl\u00e1ntico gallego se ha cebado especialmente con San Sebasti\u00e1n, donde el fuerte oleaje ha causado cuantiosos destrozos en todo su frente costero, y Galicia, donde buscan a un adolescente arrebatado por el mar en Lugo.<\/p>\n<p>Un amplio dispositivo de b\u00fasqueda trata de localizar a un adolescente de 15 a\u00f1os que viajaba en bicicleta cuando un golpe de ola le ha arrastrado hacia el mar en la localidad de Foz, en Lugo, alrededor de las 18.00 horas.<\/p>\n<p>El temporal tambi\u00e9n ha azotado con especial vehemencia en A Coru\u00f1a, donde el viento y las olas se han llevado una parte importante del paseo mar\u00edtimo, y en diez municipios del litoral de Asturias como Cudillero y Vald\u00e9s, donde las olas han alcanzado hasta nueve metros de altura y han causado importantes destrozos.<\/p>\n<p>Otra de las zonas afectadas por el temporal ha sido la provincia de Cantabria en la que las olas han arrancado barandillas y muros en diversos municipios. Olas de casi diez metros, a las que se les ha sumado la pleamar, han arrasado playas como la del Sardinero, en Santander, que ha amanecido con numerosos desperfectos.<\/p>\n<p>En Euskadi, las previsiones meteorol\u00f3gicas anunciaban olas de hasta siete metros de altura para la pasada madrugada, lo que, unido a la pleamar, movi\u00f3 ayer a las autoridades a decretar la alerta de nivel rojo, as\u00ed como a activar los protocolos de seguridad establecidos, circunstancia que ha evitado v\u00edctimas personales, si bien los da\u00f1os materiales son tan grandes que a\u00fan no existe una estimaci\u00f3n aproximada.<\/p>\n<p>A pesar de estas precauciones, el embate del mar ha sido en San Sebasti\u00e1n mayor de lo esperado, como demuestran los da\u00f1os registrados en los cuatro puentes situados a lo largo del cauce del Urumea, tres de los cuales, emplazados r\u00edo arriba, han perdido varios metros de sus barandillas.<\/p>\n<p>El Paseo Nuevo de San Sebasti\u00e1n ha sido otra de las zonas donde m\u00e1s han impactado las olas, que han destrozado parte del muro de piedra en el que han abierto huecos por donde se ha colado una gran cantidad de agua que se ha dirigido en forma de riada de m\u00e1s de un metro de altura hacia la Parte Vieja de la ciudad, donde ha anegado bajos, lonjas, garajes, locales y comercios.<\/p>\n<p>En el puerto donostiarra, los da\u00f1os tambi\u00e9n han sido cuantiosos, despu\u00e9s de que esta madrugada las olas superaran el espig\u00f3n de abrigo del que han arrancado varias piedras que han ca\u00eddo, junto a enormes cantidades de agua, sobre las peque\u00f1as embarcaciones atracadas en el muelle, muchas de las cuales se han ido a pique y han sido reflotadas por la ma\u00f1ana con una gr\u00faa.<\/p>\n<p>Los bajos situados en la playa de La Concha, como el gimnasio Hegalak, la discoteca La Zurriola y el balneario La Perla tambi\u00e9n han sufrido desperfectos, as\u00ed como parte de las barandillas de algunas escaleras de acceso al arenal, retorcidas como si fuera plastilina.<\/p>\n<p>Tambi\u00e9n se han producido da\u00f1os de consideraci\u00f3n en localidades guipuzcoanas como Orio, Pasaia, Zumaia, Deba y Zarautz, al igual que en la carretera que une esta \u00faltima poblaci\u00f3n con Zumaia, y en la carretera de acceso al faro de H\u00edger, en Hondarribia.<\/p>\n<p>En Bizkaia, el fuerte oleaje ha destrozado varios tramos del muro de hormig\u00f3n que protege el puerto pesquero y deportivo de Bermeo. Una de las partes del espig\u00f3n que se ha venido abajo por la fuerza del mar ha dejado desprotegidas varias de las lonjas donde los pescadores guardan sus aparejos, que se han visto completamente anegadas.<\/p>\n<p>El temporal tambi\u00e9n se ha dejado sentir en la vecina Cantabria, donde ha dejado calles y garajes anegados, as\u00ed como diversos da\u00f1os en parques, veh\u00edculos y edificios situados en el litoral de municipios como Santander, Bareyo o San Vicente de la Barquera.<\/p>\n<p>En la capital c\u00e1ntabra, la zona m\u00e1s afectada ha sido la del Sardinero, en la que el agua ha rebasado la playa para meterse en garajes y locales comerciales y hosteleros cercanos, llev\u00e1ndose tambi\u00e9n a su paso barandillas e, incluso, un muro de una cafeter\u00eda.<\/p>\n<p>La pleamar de las 06.00 horas provoc\u00f3 la mayor intensidad de las olas en Asturias, que ha sufrido un reguero de da\u00f1os en sus principales localidades costeras como Luanco, Cand\u00e1s, Cudillero, Ribadesella y Luarca, donde las dependencias del Museo del Calamar Gigante han resultado completamente destrozadas en sus dos primeras plantas.<\/p>\n<p>Tampoco Galicia se ha librado del fuerte oleaje de las \u00faltimas horas, que ha ocasionado da\u00f1os en el paseo mar\u00edtimo de A Coru\u00f1a, principalmente en la zona entre La Cozara y la Plaza de Portugal, Veramar y Adormideras.<\/p>\n","protected":false},"excerpt":{"rendered":"<p>San Sebasti\u00e1n, 2 feb (EFE).- El temporal que ha azotado esta madrugada la cornisa cant\u00e1brica y el litoral atl\u00e1ntico gallego se ha cebado especialmente con San Sebasti\u00e1n, donde el fuerte oleaje ha causado cuantiosos destrozos en todo su frente costero, y Galicia, donde buscan a un adolescente arrebatado por el mar en Lugo. Un amplio [&hellip;]<\/p>\n","protected":false},"author":1,"featured_media":482268,"comment_status":"closed","ping_status":"open","sticky":false,"template":"","format":"standard","meta":{"footnotes":""},"categories":[1],"tags":[],"class_list":["post-482267","post","type-post","status-publish","format-standard","has-post-thumbnail","hentry","category-actualidad"],"aioseo_notices":[],"aioseo_head":"\n\t\t<!-- All in One SEO Pro 5.0.1 - aioseo.com -->\n\t<meta name=\"description\" content=\"San Sebasti\u00e1n, 2 feb (EFE).- El temporal que ha azotado esta madrugada la cornisa cant\u00e1brica y el litoral atl\u00e1ntico gallego se ha cebado especialmente con San Sebasti\u00e1n, donde el fuerte oleaje ha causado cuantiosos destrozos en todo su frente costero, y Galicia, donde buscan a un adolescente arrebatado por el mar en Lugo. Un amplio\" \/>\n\t<meta name=\"robots\" content=\"max-image-preview:large\" \/>\n\t<meta name=\"author\" content=\"El Digital de Asturias\"\/>\n\t<meta name=\"google-site-verification\" content=\"UA-38556648-1\" \/>\n\t<meta name=\"msvalidate.01\" content=\"7dfe9f3f1b24437ab69f4f2559babe99\" \/>\n\t<meta name=\"keywords\" content=\"actualidad\" \/>\n\t<link rel=\"canonical\" href=\"https:\/\/www.eldigitaldeasturias.com\/noticias\/el-temporal-se-ceba-con-san-sebastian-y-deja-un-joven-desaparecido-en-lugo\/\" \/>\n\t<meta name=\"generator\" content=\"All in One SEO Pro (AIOSEO) 5.0.1\" \/>\n\t\t<meta property=\"og:locale\" content=\"es_ES\" \/>\n\t\t<meta property=\"og:site_name\" content=\"El Digital de Asturias\" \/>\n\t\t<meta property=\"og:type\" content=\"article\" \/>\n\t\t<meta property=\"og:title\" content=\"El temporal se ceba con San Sebasti\u00e1n y deja un joven desaparecido en Lugo - El Digital de Asturias\" \/>\n\t\t<meta property=\"og:description\" content=\"San Sebasti\u00e1n, 2 feb (EFE).- El temporal que ha azotado esta madrugada la cornisa cant\u00e1brica y el litoral atl\u00e1ntico gallego se ha cebado especialmente con San Sebasti\u00e1n, donde el fuerte oleaje ha causado cuantiosos destrozos en todo su frente costero, y Galicia, donde buscan a un adolescente arrebatado por el mar en Lugo. Un amplio\" \/>\n\t\t<meta property=\"og:url\" content=\"https:\/\/www.eldigitaldeasturias.com\/noticias\/el-temporal-se-ceba-con-san-sebastian-y-deja-un-joven-desaparecido-en-lugo\/\" \/>\n\t\t<meta property=\"article:tag\" content=\"actualidad\" \/>\n\t\t<meta property=\"article:published_time\" content=\"2014-02-02T21:56:19+00:00\" \/>\n\t\t<meta property=\"article:modified_time\" content=\"2014-02-02T21:56:19+00:00\" \/>\n\t\t<meta property=\"article:publisher\" content=\"https:\/\/facebook.com\/eldigitaldeasturias\" \/>\n\t\t<meta name=\"twitter:card\" content=\"summary_large_image\" \/>\n\t\t<meta name=\"twitter:title\" content=\"El temporal se ceba con San Sebasti\u00e1n y deja un joven desaparecido en Lugo - El Digital de Asturias\" \/>\n\t\t<meta name=\"twitter:description\" content=\"San Sebasti\u00e1n, 2 feb (EFE).- El temporal que ha azotado esta madrugada la cornisa cant\u00e1brica y el litoral atl\u00e1ntico gallego se ha cebado especialmente con San Sebasti\u00e1n, donde el fuerte oleaje ha causado cuantiosos destrozos en todo su frente costero, y Galicia, donde buscan a un adolescente arrebatado por el mar en Lugo. Un amplio\" \/>\n\t\t<meta name=\"twitter:label1\" content=\"Escrito por\" \/>\n\t\t<meta name=\"twitter:data1\" content=\"El Digital de Asturias\" \/>\n\t\t<meta name=\"twitter:label2\" content=\"Tiempo de lectura estimado\" \/>\n\t\t<meta name=\"twitter:data2\" content=\"4 minutos\" \/>\n\t\t<script type=\"application\/ld+json\" class=\"aioseo-schema\">\n\t\t\t{\"@context\":\"https:\\\/\\\/schema.org\",\"@graph\":[{\"@type\":\"BlogPosting\",\"@id\":\"https:\\\/\\\/www.eldigitaldeasturias.com\\\/noticias\\\/el-temporal-se-ceba-con-san-sebastian-y-deja-un-joven-desaparecido-en-lugo\\\/#blogposting\",\"name\":\"El temporal se ceba con San Sebasti\\u00e1n y deja un joven desaparecido en Lugo - El Digital de Asturias\",\"headline\":\"El temporal se ceba con San Sebasti\\u00e1n y deja un joven desaparecido en Lugo\",\"author\":{\"@id\":\"https:\\\/\\\/www.eldigitaldeasturias.com\\\/noticias\\\/author\\\/admin\\\/#author\"},\"publisher\":{\"@id\":\"https:\\\/\\\/www.eldigitaldeasturias.com\\\/noticias\\\/#organization\"},\"image\":{\"@type\":\"ImageObject\",\"url\":482268},\"datePublished\":\"2014-02-02T20:56:19+01:00\",\"dateModified\":\"2014-02-02T20:56:19+01:00\",\"inLanguage\":\"es-ES\",\"mainEntityOfPage\":{\"@id\":\"https:\\\/\\\/www.eldigitaldeasturias.com\\\/noticias\\\/el-temporal-se-ceba-con-san-sebastian-y-deja-un-joven-desaparecido-en-lugo\\\/#webpage\"},\"isPartOf\":{\"@id\":\"https:\\\/\\\/www.eldigitaldeasturias.com\\\/noticias\\\/el-temporal-se-ceba-con-san-sebastian-y-deja-un-joven-desaparecido-en-lugo\\\/#webpage\"},\"articleSection\":\"Actualidad\"},{\"@type\":\"BreadcrumbList\",\"@id\":\"https:\\\/\\\/www.eldigitaldeasturias.com\\\/noticias\\\/el-temporal-se-ceba-con-san-sebastian-y-deja-un-joven-desaparecido-en-lugo\\\/#breadcrumblist\",\"itemListElement\":[{\"@type\":\"ListItem\",\"@id\":\"https:\\\/\\\/www.eldigitaldeasturias.com\\\/noticias#listItem\",\"position\":1,\"name\":\"Home\",\"item\":\"https:\\\/\\\/www.eldigitaldeasturias.com\\\/noticias\",\"nextItem\":{\"@type\":\"ListItem\",\"@id\":\"https:\\\/\\\/www.eldigitaldeasturias.com\\\/noticias\\\/category\\\/actualidad\\\/#listItem\",\"name\":\"Actualidad\"}},{\"@type\":\"ListItem\",\"@id\":\"https:\\\/\\\/www.eldigitaldeasturias.com\\\/noticias\\\/category\\\/actualidad\\\/#listItem\",\"position\":2,\"name\":\"Actualidad\",\"item\":\"https:\\\/\\\/www.eldigitaldeasturias.com\\\/noticias\\\/category\\\/actualidad\\\/\",\"nextItem\":{\"@type\":\"ListItem\",\"@id\":\"https:\\\/\\\/www.eldigitaldeasturias.com\\\/noticias\\\/el-temporal-se-ceba-con-san-sebastian-y-deja-un-joven-desaparecido-en-lugo\\\/#listItem\",\"name\":\"El temporal se ceba con San Sebasti\\u00e1n y deja un joven desaparecido en Lugo\"},\"previousItem\":{\"@type\":\"ListItem\",\"@id\":\"https:\\\/\\\/www.eldigitaldeasturias.com\\\/noticias#listItem\",\"name\":\"Home\"}},{\"@type\":\"ListItem\",\"@id\":\"https:\\\/\\\/www.eldigitaldeasturias.com\\\/noticias\\\/el-temporal-se-ceba-con-san-sebastian-y-deja-un-joven-desaparecido-en-lugo\\\/#listItem\",\"position\":3,\"name\":\"El temporal se ceba con San Sebasti\\u00e1n y deja un joven desaparecido en Lugo\",\"previousItem\":{\"@type\":\"ListItem\",\"@id\":\"https:\\\/\\\/www.eldigitaldeasturias.com\\\/noticias\\\/category\\\/actualidad\\\/#listItem\",\"name\":\"Actualidad\"}}]},{\"@type\":\"Organization\",\"@id\":\"https:\\\/\\\/www.eldigitaldeasturias.com\\\/noticias\\\/#organization\",\"name\":\"El Digital de Asturias\",\"description\":\"Hemeroteca\",\"url\":\"https:\\\/\\\/www.eldigitaldeasturias.com\\\/noticias\\\/\",\"email\":\"info@eldigitaldeasturias.com\",\"telephone\":\"+34652131393\",\"logo\":{\"@type\":\"ImageObject\",\"url\":\"https:\\\/\\\/www.eldigitaldeasturias.com\\\/noticias\\\/wp-content\\\/uploads\\\/2020\\\/12\\\/EDA.jpg\",\"@id\":\"https:\\\/\\\/www.eldigitaldeasturias.com\\\/noticias\\\/el-temporal-se-ceba-con-san-sebastian-y-deja-un-joven-desaparecido-en-lugo\\\/#organizationLogo\"},\"image\":{\"@id\":\"https:\\\/\\\/www.eldigitaldeasturias.com\\\/noticias\\\/el-temporal-se-ceba-con-san-sebastian-y-deja-un-joven-desaparecido-en-lugo\\\/#organizationLogo\"},\"sameAs\":[\"https:\\\/\\\/facebook.com\\\/eldigitaldeasturias\",\"https:\\\/\\\/www.youtube.com\\\/channel\\\/UCZP-2wLEB9Rv6erhFmqVnvg\"],\"address\":{\"@id\":\"https:\\\/\\\/www.eldigitaldeasturias.com\\\/noticias\\\/#postaladdress\",\"@type\":\"PostalAddress\",\"streetAddress\":\"san antonio 4\",\"postalCode\":\"33430\",\"addressLocality\":\"Cand\\u00e1s\",\"addressRegion\":\"Asturias\",\"addressCountry\":\"ES\"}},{\"@type\":\"Person\",\"@id\":\"https:\\\/\\\/www.eldigitaldeasturias.com\\\/noticias\\\/author\\\/admin\\\/#author\",\"url\":\"https:\\\/\\\/www.eldigitaldeasturias.com\\\/noticias\\\/author\\\/admin\\\/\",\"name\":\"El Digital de Asturias\",\"image\":{\"@type\":\"ImageObject\",\"@id\":\"https:\\\/\\\/www.eldigitaldeasturias.com\\\/noticias\\\/el-temporal-se-ceba-con-san-sebastian-y-deja-un-joven-desaparecido-en-lugo\\\/#authorImage\",\"url\":\"https:\\\/\\\/secure.gravatar.com\\\/avatar\\\/df2aeffc32bcd13f8d26072ef8a91b623d677766deac7f97ca815868cd41bf5e?s=96&d=mm&r=g\",\"width\":96,\"height\":96,\"caption\":\"El Digital de Asturias\"}},{\"@type\":\"WebPage\",\"@id\":\"https:\\\/\\\/www.eldigitaldeasturias.com\\\/noticias\\\/el-temporal-se-ceba-con-san-sebastian-y-deja-un-joven-desaparecido-en-lugo\\\/#webpage\",\"url\":\"https:\\\/\\\/www.eldigitaldeasturias.com\\\/noticias\\\/el-temporal-se-ceba-con-san-sebastian-y-deja-un-joven-desaparecido-en-lugo\\\/\",\"name\":\"El temporal se ceba con San Sebasti\\u00e1n y deja un joven desaparecido en Lugo - El Digital de Asturias\",\"description\":\"San Sebasti\\u00e1n, 2 feb (EFE).- El temporal que ha azotado esta madrugada la cornisa cant\\u00e1brica y el litoral atl\\u00e1ntico gallego se ha cebado especialmente con San Sebasti\\u00e1n, donde el fuerte oleaje ha causado cuantiosos destrozos en todo su frente costero, y Galicia, donde buscan a un adolescente arrebatado por el mar en Lugo. Un amplio\",\"inLanguage\":\"es-ES\",\"isPartOf\":{\"@id\":\"https:\\\/\\\/www.eldigitaldeasturias.com\\\/noticias\\\/#website\"},\"breadcrumb\":{\"@id\":\"https:\\\/\\\/www.eldigitaldeasturias.com\\\/noticias\\\/el-temporal-se-ceba-con-san-sebastian-y-deja-un-joven-desaparecido-en-lugo\\\/#breadcrumblist\"},\"author\":{\"@id\":\"https:\\\/\\\/www.eldigitaldeasturias.com\\\/noticias\\\/author\\\/admin\\\/#author\"},\"creator\":{\"@id\":\"https:\\\/\\\/www.eldigitaldeasturias.com\\\/noticias\\\/author\\\/admin\\\/#author\"},\"image\":{\"@type\":\"ImageObject\",\"url\":482268,\"@id\":\"https:\\\/\\\/www.eldigitaldeasturias.com\\\/noticias\\\/el-temporal-se-ceba-con-san-sebastian-y-deja-un-joven-desaparecido-en-lugo\\\/#mainImage\"},\"primaryImageOfPage\":{\"@id\":\"https:\\\/\\\/www.eldigitaldeasturias.com\\\/noticias\\\/el-temporal-se-ceba-con-san-sebastian-y-deja-un-joven-desaparecido-en-lugo\\\/#mainImage\"},\"datePublished\":\"2014-02-02T20:56:19+01:00\",\"dateModified\":\"2014-02-02T20:56:19+01:00\"},{\"@type\":\"WebSite\",\"@id\":\"https:\\\/\\\/www.eldigitaldeasturias.com\\\/noticias\\\/#website\",\"url\":\"https:\\\/\\\/www.eldigitaldeasturias.com\\\/noticias\\\/\",\"name\":\"El Digital de Asturias - Diario de actualidad y noticias\",\"alternateName\":\"El Digital de Asturias - Diario de actualidad y noticias\",\"description\":\"Hemeroteca\",\"inLanguage\":\"es-ES\",\"publisher\":{\"@id\":\"https:\\\/\\\/www.eldigitaldeasturias.com\\\/noticias\\\/#organization\"}}]}\n\t\t<\/script>\n\t\t<!-- All in One SEO Pro -->\r\n\t\t<title>El temporal se ceba con San Sebasti\u00e1n y deja un joven desaparecido en Lugo - El Digital de Asturias<\/title>\n\n","aioseo_head_json":{"title":"El temporal se ceba con San Sebasti\u00e1n y deja un joven desaparecido en Lugo - El Digital de Asturias","description":"San Sebasti\u00e1n, 2 feb (EFE).- El temporal que ha azotado esta madrugada la cornisa cant\u00e1brica y el litoral atl\u00e1ntico gallego se ha cebado especialmente con San Sebasti\u00e1n, donde el fuerte oleaje ha causado cuantiosos destrozos en todo su frente costero, y Galicia, donde buscan a un adolescente arrebatado por el mar en Lugo. Un amplio","canonical_url":"https:\/\/www.eldigitaldeasturias.com\/noticias\/el-temporal-se-ceba-con-san-sebastian-y-deja-un-joven-desaparecido-en-lugo\/","robots":"max-image-preview:large","keywords":"actualidad","webmasterTools":{"google-site-verification":"UA-38556648-1","msvalidate.01":"7dfe9f3f1b24437ab69f4f2559babe99","miscellaneous":""},"schema":{"@context":"https:\/\/schema.org","@graph":[{"@type":"BlogPosting","@id":"https:\/\/www.eldigitaldeasturias.com\/noticias\/el-temporal-se-ceba-con-san-sebastian-y-deja-un-joven-desaparecido-en-lugo\/#blogposting","name":"El temporal se ceba con San Sebasti\u00e1n y deja un joven desaparecido en Lugo - El Digital de Asturias","headline":"El temporal se ceba con San Sebasti\u00e1n y deja un joven desaparecido en Lugo","author":{"@id":"https:\/\/www.eldigitaldeasturias.com\/noticias\/author\/admin\/#author"},"publisher":{"@id":"https:\/\/www.eldigitaldeasturias.com\/noticias\/#organization"},"image":{"@type":"ImageObject","url":482268},"datePublished":"2014-02-02T20:56:19+01:00","dateModified":"2014-02-02T20:56:19+01:00","inLanguage":"es-ES","mainEntityOfPage":{"@id":"https:\/\/www.eldigitaldeasturias.com\/noticias\/el-temporal-se-ceba-con-san-sebastian-y-deja-un-joven-desaparecido-en-lugo\/#webpage"},"isPartOf":{"@id":"https:\/\/www.eldigitaldeasturias.com\/noticias\/el-temporal-se-ceba-con-san-sebastian-y-deja-un-joven-desaparecido-en-lugo\/#webpage"},"articleSection":"Actualidad"},{"@type":"BreadcrumbList","@id":"https:\/\/www.eldigitaldeasturias.com\/noticias\/el-temporal-se-ceba-con-san-sebastian-y-deja-un-joven-desaparecido-en-lugo\/#breadcrumblist","itemListElement":[{"@type":"ListItem","@id":"https:\/\/www.eldigitaldeasturias.com\/noticias#listItem","position":1,"name":"Home","item":"https:\/\/www.eldigitaldeasturias.com\/noticias","nextItem":{"@type":"ListItem","@id":"https:\/\/www.eldigitaldeasturias.com\/noticias\/category\/actualidad\/#listItem","name":"Actualidad"}},{"@type":"ListItem","@id":"https:\/\/www.eldigitaldeasturias.com\/noticias\/category\/actualidad\/#listItem","position":2,"name":"Actualidad","item":"https:\/\/www.eldigitaldeasturias.com\/noticias\/category\/actualidad\/","nextItem":{"@type":"ListItem","@id":"https:\/\/www.eldigitaldeasturias.com\/noticias\/el-temporal-se-ceba-con-san-sebastian-y-deja-un-joven-desaparecido-en-lugo\/#listItem","name":"El temporal se ceba con San Sebasti\u00e1n y deja un joven desaparecido en Lugo"},"previousItem":{"@type":"ListItem","@id":"https:\/\/www.eldigitaldeasturias.com\/noticias#listItem","name":"Home"}},{"@type":"ListItem","@id":"https:\/\/www.eldigitaldeasturias.com\/noticias\/el-temporal-se-ceba-con-san-sebastian-y-deja-un-joven-desaparecido-en-lugo\/#listItem","position":3,"name":"El temporal se ceba con San Sebasti\u00e1n y deja un joven desaparecido en Lugo","previousItem":{"@type":"ListItem","@id":"https:\/\/www.eldigitaldeasturias.com\/noticias\/category\/actualidad\/#listItem","name":"Actualidad"}}]},{"@type":"Organization","@id":"https:\/\/www.eldigitaldeasturias.com\/noticias\/#organization","name":"El Digital de Asturias","description":"Hemeroteca","url":"https:\/\/www.eldigitaldeasturias.com\/noticias\/","email":"info@eldigitaldeasturias.com","telephone":"+34652131393","logo":{"@type":"ImageObject","url":"https:\/\/www.eldigitaldeasturias.com\/noticias\/wp-content\/uploads\/2020\/12\/EDA.jpg","@id":"https:\/\/www.eldigitaldeasturias.com\/noticias\/el-temporal-se-ceba-con-san-sebastian-y-deja-un-joven-desaparecido-en-lugo\/#organizationLogo"},"image":{"@id":"https:\/\/www.eldigitaldeasturias.com\/noticias\/el-temporal-se-ceba-con-san-sebastian-y-deja-un-joven-desaparecido-en-lugo\/#organizationLogo"},"sameAs":["https:\/\/facebook.com\/eldigitaldeasturias","https:\/\/www.youtube.com\/channel\/UCZP-2wLEB9Rv6erhFmqVnvg"],"address":{"@id":"https:\/\/www.eldigitaldeasturias.com\/noticias\/#postaladdress","@type":"PostalAddress","streetAddress":"san antonio 4","postalCode":"33430","addressLocality":"Cand\u00e1s","addressRegion":"Asturias","addressCountry":"ES"}},{"@type":"Person","@id":"https:\/\/www.eldigitaldeasturias.com\/noticias\/author\/admin\/#author","url":"https:\/\/www.eldigitaldeasturias.com\/noticias\/author\/admin\/","name":"El Digital de Asturias","image":{"@type":"ImageObject","@id":"https:\/\/www.eldigitaldeasturias.com\/noticias\/el-temporal-se-ceba-con-san-sebastian-y-deja-un-joven-desaparecido-en-lugo\/#authorImage","url":"https:\/\/secure.gravatar.com\/avatar\/df2aeffc32bcd13f8d26072ef8a91b623d677766deac7f97ca815868cd41bf5e?s=96&d=mm&r=g","width":96,"height":96,"caption":"El Digital de Asturias"}},{"@type":"WebPage","@id":"https:\/\/www.eldigitaldeasturias.com\/noticias\/el-temporal-se-ceba-con-san-sebastian-y-deja-un-joven-desaparecido-en-lugo\/#webpage","url":"https:\/\/www.eldigitaldeasturias.com\/noticias\/el-temporal-se-ceba-con-san-sebastian-y-deja-un-joven-desaparecido-en-lugo\/","name":"El temporal se ceba con San Sebasti\u00e1n y deja un joven desaparecido en Lugo - El Digital de Asturias","description":"San Sebasti\u00e1n, 2 feb (EFE).- El temporal que ha azotado esta madrugada la cornisa cant\u00e1brica y el litoral atl\u00e1ntico gallego se ha cebado especialmente con San Sebasti\u00e1n, donde el fuerte oleaje ha causado cuantiosos destrozos en todo su frente costero, y Galicia, donde buscan a un adolescente arrebatado por el mar en Lugo. Un amplio","inLanguage":"es-ES","isPartOf":{"@id":"https:\/\/www.eldigitaldeasturias.com\/noticias\/#website"},"breadcrumb":{"@id":"https:\/\/www.eldigitaldeasturias.com\/noticias\/el-temporal-se-ceba-con-san-sebastian-y-deja-un-joven-desaparecido-en-lugo\/#breadcrumblist"},"author":{"@id":"https:\/\/www.eldigitaldeasturias.com\/noticias\/author\/admin\/#author"},"creator":{"@id":"https:\/\/www.eldigitaldeasturias.com\/noticias\/author\/admin\/#author"},"image":{"@type":"ImageObject","url":482268,"@id":"https:\/\/www.eldigitaldeasturias.com\/noticias\/el-temporal-se-ceba-con-san-sebastian-y-deja-un-joven-desaparecido-en-lugo\/#mainImage"},"primaryImageOfPage":{"@id":"https:\/\/www.eldigitaldeasturias.com\/noticias\/el-temporal-se-ceba-con-san-sebastian-y-deja-un-joven-desaparecido-en-lugo\/#mainImage"},"datePublished":"2014-02-02T20:56:19+01:00","dateModified":"2014-02-02T20:56:19+01:00"},{"@type":"WebSite","@id":"https:\/\/www.eldigitaldeasturias.com\/noticias\/#website","url":"https:\/\/www.eldigitaldeasturias.com\/noticias\/","name":"El Digital de Asturias - Diario de actualidad y noticias","alternateName":"El Digital de Asturias - Diario de actualidad y noticias","description":"Hemeroteca","inLanguage":"es-ES","publisher":{"@id":"https:\/\/www.eldigitaldeasturias.com\/noticias\/#organization"}}]},"og:locale":"es_ES","og:site_name":"El Digital de Asturias","og:type":"article","og:title":"El temporal se ceba con San Sebasti\u00e1n y deja un joven desaparecido en Lugo - El Digital de Asturias","og:description":"San Sebasti\u00e1n, 2 feb (EFE).- El temporal que ha azotado esta madrugada la cornisa cant\u00e1brica y el litoral atl\u00e1ntico gallego se ha cebado especialmente con San Sebasti\u00e1n, donde el fuerte oleaje ha causado cuantiosos destrozos en todo su frente costero, y Galicia, donde buscan a un adolescente arrebatado por el mar en Lugo. Un amplio","og:url":"https:\/\/www.eldigitaldeasturias.com\/noticias\/el-temporal-se-ceba-con-san-sebastian-y-deja-un-joven-desaparecido-en-lugo\/","article:tag":["actualidad"],"article:published_time":"2014-02-02T21:56:19+00:00","article:modified_time":"2014-02-02T21:56:19+00:00","article:publisher":"https:\/\/facebook.com\/eldigitaldeasturias","twitter:card":"summary_large_image","twitter:title":"El temporal se ceba con San Sebasti\u00e1n y deja un joven desaparecido en Lugo - El Digital de Asturias","twitter:description":"San Sebasti\u00e1n, 2 feb (EFE).- El temporal que ha azotado esta madrugada la cornisa cant\u00e1brica y el litoral atl\u00e1ntico gallego se ha cebado especialmente con San Sebasti\u00e1n, donde el fuerte oleaje ha causado cuantiosos destrozos en todo su frente costero, y Galicia, donde buscan a un adolescente arrebatado por el mar en Lugo. Un amplio","twitter:label1":"Escrito por","twitter:data1":"El Digital de Asturias","twitter:label2":"Tiempo de lectura estimado","twitter:data2":"4 minutos"},"aioseo_meta_data":{"post_id":"482267","title":null,"description":null,"keywords":null,"keyphrases":null,"primary_term":null,"canonical_url":null,"og_title":null,"og_description":null,"og_object_type":"default","og_image_type":"default","og_image_url":null,"og_image_width":null,"og_image_height":null,"og_image_custom_url":null,"og_image_custom_fields":null,"og_video":null,"og_custom_url":null,"og_article_section":null,"og_article_tags":null,"twitter_use_og":true,"twitter_card":"default","twitter_image_type":"default","twitter_image_url":null,"twitter_image_custom_url":null,"twitter_image_custom_fields":null,"twitter_title":null,"twitter_description":null,"schema":{"blockGraphs":[],"customGraphs":[],"default":{"data":{"Article":[],"Course":[],"Dataset":[],"FAQPage":[],"Movie":[],"Person":[],"Product":[],"ProductReview":[],"Car":[],"Recipe":[],"Service":[],"SoftwareApplication":[],"WebPage":[]},"graphName":"","isEnabled":true},"graphs":[],"defaultGraph":"","defaultPostTypeGraph":""},"schema_type":null,"schema_type_options":null,"pillar_content":false,"robots_default":true,"robots_noindex":false,"robots_noarchive":false,"robots_nosnippet":false,"robots_nofollow":false,"robots_noimageindex":false,"robots_noodp":false,"robots_notranslate":false,"robots_max_snippet":null,"robots_max_videopreview":null,"robots_max_imagepreview":"none","priority":null,"frequency":null,"local_seo":null,"seo_analyzer_scan_date":"2026-06-02 09:19:57","breadcrumb_settings":null,"limit_modified_date":false,"open_ai":null,"ai":null,"created":"2020-11-14 22:54:33","updated":"2026-06-02 09:19:57","focus_keyword":null,"additional_keywords":null,"truseo_locale":null},"aioseo_breadcrumb":"<div class=\"aioseo-breadcrumbs\"><span class=\"aioseo-breadcrumb\">\n\t<a href=\"https:\/\/www.eldigitaldeasturias.com\/noticias\" title=\"Home\">Home<\/a>\n<\/span><span class=\"aioseo-breadcrumb-separator\">\u2013<\/span><span class=\"aioseo-breadcrumb\">\n\t<a href=\"https:\/\/www.eldigitaldeasturias.com\/noticias\/category\/actualidad\/\" title=\"Actualidad\">Actualidad<\/a>\n<\/span><span class=\"aioseo-breadcrumb-separator\">\u2013<\/span><span class=\"aioseo-breadcrumb\">\n\t<a href=\"https:\/\/www.eldigitaldeasturias.com\/noticias\/el-temporal-se-ceba-con-san-sebastian-y-deja-un-joven-desaparecido-en-lugo\/\" title=\"El temporal se ceba con San Sebasti\u00e1n y deja un joven desaparecido en Lugo\">El temporal se ceba con San Sebasti\u00e1n y deja un joven desaparecido en Lugo<\/a>\n<\/span><\/div>","aioseo_breadcrumb_json":[{"label":"Home","link":"https:\/\/www.eldigitaldeasturias.com\/noticias"},{"label":"Actualidad","link":"https:\/\/www.eldigitaldeasturias.com\/noticias\/category\/actualidad\/"},{"label":"El temporal se ceba con San Sebasti\u00e1n y deja un joven desaparecido en Lugo","link":"https:\/\/www.eldigitaldeasturias.com\/noticias\/el-temporal-se-ceba-con-san-sebastian-y-deja-un-joven-desaparecido-en-lugo\/"}],"_links":{"self":[{"href":"https:\/\/www.eldigitaldeasturias.com\/noticias\/wp-json\/wp\/v2\/posts\/482267","targetHints":{"allow":["GET"]}}],"collection":[{"href":"https:\/\/www.eldigitaldeasturias.com\/noticias\/wp-json\/wp\/v2\/posts"}],"about":[{"href":"https:\/\/www.eldigitaldeasturias.com\/noticias\/wp-json\/wp\/v2\/types\/post"}],"author":[{"embeddable":true,"href":"https:\/\/www.eldigitaldeasturias.com\/noticias\/wp-json\/wp\/v2\/users\/1"}],"replies":[{"embeddable":true,"href":"https:\/\/www.eldigitaldeasturias.com\/noticias\/wp-json\/wp\/v2\/comments?post=482267"}],"version-history":[{"count":0,"href":"https:\/\/www.eldigitaldeasturias.com\/noticias\/wp-json\/wp\/v2\/posts\/482267\/revisions"}],"wp:attachment":[{"href":"https:\/\/www.eldigitaldeasturias.com\/noticias\/wp-json\/wp\/v2\/media?parent=482267"}],"wp:term":[{"taxonomy":"category","embeddable":true,"href":"https:\/\/www.eldigitaldeasturias.com\/noticias\/wp-json\/wp\/v2\/categories?post=482267"},{"taxonomy":"post_tag","embeddable":true,"href":"https:\/\/www.eldigitaldeasturias.com\/noticias\/wp-json\/wp\/v2\/tags?post=482267"}],"curies":[{"name":"wp","href":"https:\/\/api.w.org\/{rel}","templated":true}]}}