{"id":482259,"date":"2014-02-02T20:23:03","date_gmt":"2014-02-02T21:23:03","guid":{"rendered":"http:\/\/www.eldigitaldeasturias.com\/noticias\/?p=482259"},"modified":"2014-02-02T20:23:03","modified_gmt":"2014-02-02T21:23:03","slug":"rajoy-promete-una-reforma-que-prolongue-la-bajada-de-impuestos-varios-anos","status":"publish","type":"post","link":"https:\/\/www.eldigitaldeasturias.com\/noticias\/rajoy-promete-una-reforma-que-prolongue-la-bajada-de-impuestos-varios-anos\/","title":{"rendered":"Rajoy promete una reforma que prolongue la bajada de impuestos varios a\u00f1os"},"content":{"rendered":"<p><img loading=\"lazy\" decoding=\"async\" class=\"alignleft size-medium wp-image-482260\" alt=\"5901019w\" src=\"https:\/\/www.eldigitaldeasturias.com\/noticias\/wp-content\/uploads\/2014\/02\/5901019w-360x239.jpg\" width=\"360\" height=\"239\" \/>Valladolid, 2 feb (EFE).- El presidente del Gobierno, Mariano Rajoy, ha prometido hoy que la reforma fiscal que aprobar\u00e1 el Ejecutivo no ser\u00e1 un \u00abobjetivo a corto plazo\u00bb sino un programa completo que \u00abva a prolongar la bajada de impuestos durante varios a\u00f1os\u00bb<\/p>\n<p>Rajoy ha subrayado, en su discurso de clausura de la convenci\u00f3n nacional del PP, que \u00abahora s\u00ed\u00bb podr\u00e1 poner en marcha la reforma fiscal que le hubiera gustado hacer al llegar al Gobierno y que prometi\u00f3 en su programa electoral, pero que no pudo por las circunstancias econ\u00f3micas.<\/p>\n<p>Una reforma, ha insistido, que no supondr\u00e1 s\u00f3lo un \u00abmero retoque o un ajuste a la baja\u00bb, sino que ser\u00e1 integral y har\u00e1 un sistema tributario \u00abm\u00e1s simple, m\u00e1s equitativo, que d\u00e9 competitividad al sector privado\u00bb y que sirva para estimular tanto el crecimiento econ\u00f3mico como el ahorro de los ciudadanos.<\/p>\n<p>El jefe del Ejecutivo ha prometido, por otro lado, que esta reforma fiscal que prepara su Gobierno ser\u00e1 acorde con la modernizaci\u00f3n del pa\u00eds y con los objetivos de solidaridad y redistribuci\u00f3n\u00bb.<\/p>\n","protected":false},"excerpt":{"rendered":"<p>Valladolid, 2 feb (EFE).- El presidente del Gobierno, Mariano Rajoy, ha prometido hoy que la reforma fiscal que aprobar\u00e1 el Ejecutivo no ser\u00e1 un \u00abobjetivo a corto plazo\u00bb sino un programa completo que \u00abva a prolongar la bajada de impuestos durante varios a\u00f1os\u00bb Rajoy ha subrayado, en su discurso de clausura de la convenci\u00f3n nacional [&hellip;]<\/p>\n","protected":false},"author":1,"featured_media":482260,"comment_status":"closed","ping_status":"open","sticky":false,"template":"","format":"standard","meta":{"footnotes":""},"categories":[1],"tags":[],"class_list":["post-482259","post","type-post","status-publish","format-standard","has-post-thumbnail","hentry","category-actualidad"],"aioseo_notices":[],"aioseo_head":"\n\t\t<!-- All in One SEO Pro 5.0.1 - aioseo.com -->\n\t<meta name=\"description\" content=\"Valladolid, 2 feb (EFE).- El presidente del Gobierno, Mariano Rajoy, ha prometido hoy que la reforma fiscal que aprobar\u00e1 el Ejecutivo no ser\u00e1 un &quot;objetivo a corto plazo&quot; sino un programa completo que &quot;va a prolongar la bajada de impuestos durante varios a\u00f1os&quot; Rajoy ha subrayado, en su discurso de clausura de la convenci\u00f3n nacional\" \/>\n\t<meta name=\"robots\" content=\"max-image-preview:large\" \/>\n\t<meta name=\"author\" content=\"El Digital de Asturias\"\/>\n\t<meta name=\"google-site-verification\" content=\"UA-38556648-1\" \/>\n\t<meta name=\"msvalidate.01\" content=\"7dfe9f3f1b24437ab69f4f2559babe99\" \/>\n\t<meta name=\"keywords\" content=\"actualidad\" \/>\n\t<link rel=\"canonical\" href=\"https:\/\/www.eldigitaldeasturias.com\/noticias\/rajoy-promete-una-reforma-que-prolongue-la-bajada-de-impuestos-varios-anos\/\" \/>\n\t<meta name=\"generator\" content=\"All in One SEO Pro (AIOSEO) 5.0.1\" \/>\n\t\t<meta property=\"og:locale\" content=\"es_ES\" \/>\n\t\t<meta property=\"og:site_name\" content=\"El Digital de Asturias\" \/>\n\t\t<meta property=\"og:type\" content=\"article\" \/>\n\t\t<meta property=\"og:title\" content=\"Rajoy promete una reforma que prolongue la bajada de impuestos varios a\u00f1os - El Digital de Asturias\" \/>\n\t\t<meta property=\"og:description\" content=\"Valladolid, 2 feb (EFE).- El presidente del Gobierno, Mariano Rajoy, ha prometido hoy que la reforma fiscal que aprobar\u00e1 el Ejecutivo no ser\u00e1 un &quot;objetivo a corto plazo&quot; sino un programa completo que &quot;va a prolongar la bajada de impuestos durante varios a\u00f1os&quot; Rajoy ha subrayado, en su discurso de clausura de la convenci\u00f3n nacional\" \/>\n\t\t<meta property=\"og:url\" content=\"https:\/\/www.eldigitaldeasturias.com\/noticias\/rajoy-promete-una-reforma-que-prolongue-la-bajada-de-impuestos-varios-anos\/\" \/>\n\t\t<meta property=\"article:tag\" content=\"actualidad\" \/>\n\t\t<meta property=\"article:published_time\" content=\"2014-02-02T21:23:03+00:00\" \/>\n\t\t<meta property=\"article:modified_time\" content=\"2014-02-02T21:23:03+00:00\" \/>\n\t\t<meta property=\"article:publisher\" content=\"https:\/\/facebook.com\/eldigitaldeasturias\" \/>\n\t\t<meta name=\"twitter:card\" content=\"summary_large_image\" \/>\n\t\t<meta name=\"twitter:title\" content=\"Rajoy promete una reforma que prolongue la bajada de impuestos varios a\u00f1os - El Digital de Asturias\" \/>\n\t\t<meta name=\"twitter:description\" content=\"Valladolid, 2 feb (EFE).- El presidente del Gobierno, Mariano Rajoy, ha prometido hoy que la reforma fiscal que aprobar\u00e1 el Ejecutivo no ser\u00e1 un &quot;objetivo a corto plazo&quot; sino un programa completo que &quot;va a prolongar la bajada de impuestos durante varios a\u00f1os&quot; Rajoy ha subrayado, en su discurso de clausura de la convenci\u00f3n nacional\" \/>\n\t\t<meta name=\"twitter:label1\" content=\"Escrito por\" \/>\n\t\t<meta name=\"twitter:data1\" content=\"El Digital de Asturias\" \/>\n\t\t<meta name=\"twitter:label2\" content=\"Tiempo de lectura estimado\" \/>\n\t\t<meta name=\"twitter:data2\" content=\"1 minuto\" \/>\n\t\t<script type=\"application\/ld+json\" class=\"aioseo-schema\">\n\t\t\t{\"@context\":\"https:\\\/\\\/schema.org\",\"@graph\":[{\"@type\":\"BlogPosting\",\"@id\":\"https:\\\/\\\/www.eldigitaldeasturias.com\\\/noticias\\\/rajoy-promete-una-reforma-que-prolongue-la-bajada-de-impuestos-varios-anos\\\/#blogposting\",\"name\":\"Rajoy promete una reforma que prolongue la bajada de impuestos varios a\\u00f1os - El Digital de Asturias\",\"headline\":\"Rajoy promete una reforma que prolongue la bajada de impuestos varios a\\u00f1os\",\"author\":{\"@id\":\"https:\\\/\\\/www.eldigitaldeasturias.com\\\/noticias\\\/author\\\/admin\\\/#author\"},\"publisher\":{\"@id\":\"https:\\\/\\\/www.eldigitaldeasturias.com\\\/noticias\\\/#organization\"},\"image\":{\"@type\":\"ImageObject\",\"url\":482260},\"datePublished\":\"2014-02-02T20:23:03+01:00\",\"dateModified\":\"2014-02-02T20:23:03+01:00\",\"inLanguage\":\"es-ES\",\"mainEntityOfPage\":{\"@id\":\"https:\\\/\\\/www.eldigitaldeasturias.com\\\/noticias\\\/rajoy-promete-una-reforma-que-prolongue-la-bajada-de-impuestos-varios-anos\\\/#webpage\"},\"isPartOf\":{\"@id\":\"https:\\\/\\\/www.eldigitaldeasturias.com\\\/noticias\\\/rajoy-promete-una-reforma-que-prolongue-la-bajada-de-impuestos-varios-anos\\\/#webpage\"},\"articleSection\":\"Actualidad\"},{\"@type\":\"BreadcrumbList\",\"@id\":\"https:\\\/\\\/www.eldigitaldeasturias.com\\\/noticias\\\/rajoy-promete-una-reforma-que-prolongue-la-bajada-de-impuestos-varios-anos\\\/#breadcrumblist\",\"itemListElement\":[{\"@type\":\"ListItem\",\"@id\":\"https:\\\/\\\/www.eldigitaldeasturias.com\\\/noticias#listItem\",\"position\":1,\"name\":\"Home\",\"item\":\"https:\\\/\\\/www.eldigitaldeasturias.com\\\/noticias\",\"nextItem\":{\"@type\":\"ListItem\",\"@id\":\"https:\\\/\\\/www.eldigitaldeasturias.com\\\/noticias\\\/category\\\/actualidad\\\/#listItem\",\"name\":\"Actualidad\"}},{\"@type\":\"ListItem\",\"@id\":\"https:\\\/\\\/www.eldigitaldeasturias.com\\\/noticias\\\/category\\\/actualidad\\\/#listItem\",\"position\":2,\"name\":\"Actualidad\",\"item\":\"https:\\\/\\\/www.eldigitaldeasturias.com\\\/noticias\\\/category\\\/actualidad\\\/\",\"nextItem\":{\"@type\":\"ListItem\",\"@id\":\"https:\\\/\\\/www.eldigitaldeasturias.com\\\/noticias\\\/rajoy-promete-una-reforma-que-prolongue-la-bajada-de-impuestos-varios-anos\\\/#listItem\",\"name\":\"Rajoy promete una reforma que prolongue la bajada de impuestos varios a\\u00f1os\"},\"previousItem\":{\"@type\":\"ListItem\",\"@id\":\"https:\\\/\\\/www.eldigitaldeasturias.com\\\/noticias#listItem\",\"name\":\"Home\"}},{\"@type\":\"ListItem\",\"@id\":\"https:\\\/\\\/www.eldigitaldeasturias.com\\\/noticias\\\/rajoy-promete-una-reforma-que-prolongue-la-bajada-de-impuestos-varios-anos\\\/#listItem\",\"position\":3,\"name\":\"Rajoy promete una reforma que prolongue la bajada de impuestos varios a\\u00f1os\",\"previousItem\":{\"@type\":\"ListItem\",\"@id\":\"https:\\\/\\\/www.eldigitaldeasturias.com\\\/noticias\\\/category\\\/actualidad\\\/#listItem\",\"name\":\"Actualidad\"}}]},{\"@type\":\"Organization\",\"@id\":\"https:\\\/\\\/www.eldigitaldeasturias.com\\\/noticias\\\/#organization\",\"name\":\"El Digital de Asturias\",\"description\":\"Hemeroteca\",\"url\":\"https:\\\/\\\/www.eldigitaldeasturias.com\\\/noticias\\\/\",\"email\":\"info@eldigitaldeasturias.com\",\"telephone\":\"+34652131393\",\"logo\":{\"@type\":\"ImageObject\",\"url\":\"https:\\\/\\\/www.eldigitaldeasturias.com\\\/noticias\\\/wp-content\\\/uploads\\\/2020\\\/12\\\/EDA.jpg\",\"@id\":\"https:\\\/\\\/www.eldigitaldeasturias.com\\\/noticias\\\/rajoy-promete-una-reforma-que-prolongue-la-bajada-de-impuestos-varios-anos\\\/#organizationLogo\"},\"image\":{\"@id\":\"https:\\\/\\\/www.eldigitaldeasturias.com\\\/noticias\\\/rajoy-promete-una-reforma-que-prolongue-la-bajada-de-impuestos-varios-anos\\\/#organizationLogo\"},\"sameAs\":[\"https:\\\/\\\/facebook.com\\\/eldigitaldeasturias\",\"https:\\\/\\\/www.youtube.com\\\/channel\\\/UCZP-2wLEB9Rv6erhFmqVnvg\"],\"address\":{\"@id\":\"https:\\\/\\\/www.eldigitaldeasturias.com\\\/noticias\\\/#postaladdress\",\"@type\":\"PostalAddress\",\"streetAddress\":\"san antonio 4\",\"postalCode\":\"33430\",\"addressLocality\":\"Cand\\u00e1s\",\"addressRegion\":\"Asturias\",\"addressCountry\":\"ES\"}},{\"@type\":\"Person\",\"@id\":\"https:\\\/\\\/www.eldigitaldeasturias.com\\\/noticias\\\/author\\\/admin\\\/#author\",\"url\":\"https:\\\/\\\/www.eldigitaldeasturias.com\\\/noticias\\\/author\\\/admin\\\/\",\"name\":\"El Digital de Asturias\",\"image\":{\"@type\":\"ImageObject\",\"@id\":\"https:\\\/\\\/www.eldigitaldeasturias.com\\\/noticias\\\/rajoy-promete-una-reforma-que-prolongue-la-bajada-de-impuestos-varios-anos\\\/#authorImage\",\"url\":\"https:\\\/\\\/secure.gravatar.com\\\/avatar\\\/df2aeffc32bcd13f8d26072ef8a91b623d677766deac7f97ca815868cd41bf5e?s=96&d=mm&r=g\",\"width\":96,\"height\":96,\"caption\":\"El Digital de Asturias\"}},{\"@type\":\"WebPage\",\"@id\":\"https:\\\/\\\/www.eldigitaldeasturias.com\\\/noticias\\\/rajoy-promete-una-reforma-que-prolongue-la-bajada-de-impuestos-varios-anos\\\/#webpage\",\"url\":\"https:\\\/\\\/www.eldigitaldeasturias.com\\\/noticias\\\/rajoy-promete-una-reforma-que-prolongue-la-bajada-de-impuestos-varios-anos\\\/\",\"name\":\"Rajoy promete una reforma que prolongue la bajada de impuestos varios a\\u00f1os - El Digital de Asturias\",\"description\":\"Valladolid, 2 feb (EFE).- El presidente del Gobierno, Mariano Rajoy, ha prometido hoy que la reforma fiscal que aprobar\\u00e1 el Ejecutivo no ser\\u00e1 un \\\"objetivo a corto plazo\\\" sino un programa completo que \\\"va a prolongar la bajada de impuestos durante varios a\\u00f1os\\\" Rajoy ha subrayado, en su discurso de clausura de la convenci\\u00f3n nacional\",\"inLanguage\":\"es-ES\",\"isPartOf\":{\"@id\":\"https:\\\/\\\/www.eldigitaldeasturias.com\\\/noticias\\\/#website\"},\"breadcrumb\":{\"@id\":\"https:\\\/\\\/www.eldigitaldeasturias.com\\\/noticias\\\/rajoy-promete-una-reforma-que-prolongue-la-bajada-de-impuestos-varios-anos\\\/#breadcrumblist\"},\"author\":{\"@id\":\"https:\\\/\\\/www.eldigitaldeasturias.com\\\/noticias\\\/author\\\/admin\\\/#author\"},\"creator\":{\"@id\":\"https:\\\/\\\/www.eldigitaldeasturias.com\\\/noticias\\\/author\\\/admin\\\/#author\"},\"image\":{\"@type\":\"ImageObject\",\"url\":482260,\"@id\":\"https:\\\/\\\/www.eldigitaldeasturias.com\\\/noticias\\\/rajoy-promete-una-reforma-que-prolongue-la-bajada-de-impuestos-varios-anos\\\/#mainImage\"},\"primaryImageOfPage\":{\"@id\":\"https:\\\/\\\/www.eldigitaldeasturias.com\\\/noticias\\\/rajoy-promete-una-reforma-que-prolongue-la-bajada-de-impuestos-varios-anos\\\/#mainImage\"},\"datePublished\":\"2014-02-02T20:23:03+01:00\",\"dateModified\":\"2014-02-02T20:23:03+01:00\"},{\"@type\":\"WebSite\",\"@id\":\"https:\\\/\\\/www.eldigitaldeasturias.com\\\/noticias\\\/#website\",\"url\":\"https:\\\/\\\/www.eldigitaldeasturias.com\\\/noticias\\\/\",\"name\":\"El Digital de Asturias - Diario de actualidad y noticias\",\"alternateName\":\"El Digital de Asturias - Diario de actualidad y noticias\",\"description\":\"Hemeroteca\",\"inLanguage\":\"es-ES\",\"publisher\":{\"@id\":\"https:\\\/\\\/www.eldigitaldeasturias.com\\\/noticias\\\/#organization\"}}]}\n\t\t<\/script>\n\t\t<!-- All in One SEO Pro -->\r\n\t\t<title>Rajoy promete una reforma que prolongue la bajada de impuestos varios a\u00f1os - El Digital de Asturias<\/title>\n\n","aioseo_head_json":{"title":"Rajoy promete una reforma que prolongue la bajada de impuestos varios a\u00f1os - El Digital de Asturias","description":"Valladolid, 2 feb (EFE).- El presidente del Gobierno, Mariano Rajoy, ha prometido hoy que la reforma fiscal que aprobar\u00e1 el Ejecutivo no ser\u00e1 un \"objetivo a corto plazo\" sino un programa completo que \"va a prolongar la bajada de impuestos durante varios a\u00f1os\" Rajoy ha subrayado, en su discurso de clausura de la convenci\u00f3n nacional","canonical_url":"https:\/\/www.eldigitaldeasturias.com\/noticias\/rajoy-promete-una-reforma-que-prolongue-la-bajada-de-impuestos-varios-anos\/","robots":"max-image-preview:large","keywords":"actualidad","webmasterTools":{"google-site-verification":"UA-38556648-1","msvalidate.01":"7dfe9f3f1b24437ab69f4f2559babe99","miscellaneous":""},"schema":{"@context":"https:\/\/schema.org","@graph":[{"@type":"BlogPosting","@id":"https:\/\/www.eldigitaldeasturias.com\/noticias\/rajoy-promete-una-reforma-que-prolongue-la-bajada-de-impuestos-varios-anos\/#blogposting","name":"Rajoy promete una reforma que prolongue la bajada de impuestos varios a\u00f1os - El Digital de Asturias","headline":"Rajoy promete una reforma que prolongue la bajada de impuestos varios a\u00f1os","author":{"@id":"https:\/\/www.eldigitaldeasturias.com\/noticias\/author\/admin\/#author"},"publisher":{"@id":"https:\/\/www.eldigitaldeasturias.com\/noticias\/#organization"},"image":{"@type":"ImageObject","url":482260},"datePublished":"2014-02-02T20:23:03+01:00","dateModified":"2014-02-02T20:23:03+01:00","inLanguage":"es-ES","mainEntityOfPage":{"@id":"https:\/\/www.eldigitaldeasturias.com\/noticias\/rajoy-promete-una-reforma-que-prolongue-la-bajada-de-impuestos-varios-anos\/#webpage"},"isPartOf":{"@id":"https:\/\/www.eldigitaldeasturias.com\/noticias\/rajoy-promete-una-reforma-que-prolongue-la-bajada-de-impuestos-varios-anos\/#webpage"},"articleSection":"Actualidad"},{"@type":"BreadcrumbList","@id":"https:\/\/www.eldigitaldeasturias.com\/noticias\/rajoy-promete-una-reforma-que-prolongue-la-bajada-de-impuestos-varios-anos\/#breadcrumblist","itemListElement":[{"@type":"ListItem","@id":"https:\/\/www.eldigitaldeasturias.com\/noticias#listItem","position":1,"name":"Home","item":"https:\/\/www.eldigitaldeasturias.com\/noticias","nextItem":{"@type":"ListItem","@id":"https:\/\/www.eldigitaldeasturias.com\/noticias\/category\/actualidad\/#listItem","name":"Actualidad"}},{"@type":"ListItem","@id":"https:\/\/www.eldigitaldeasturias.com\/noticias\/category\/actualidad\/#listItem","position":2,"name":"Actualidad","item":"https:\/\/www.eldigitaldeasturias.com\/noticias\/category\/actualidad\/","nextItem":{"@type":"ListItem","@id":"https:\/\/www.eldigitaldeasturias.com\/noticias\/rajoy-promete-una-reforma-que-prolongue-la-bajada-de-impuestos-varios-anos\/#listItem","name":"Rajoy promete una reforma que prolongue la bajada de impuestos varios a\u00f1os"},"previousItem":{"@type":"ListItem","@id":"https:\/\/www.eldigitaldeasturias.com\/noticias#listItem","name":"Home"}},{"@type":"ListItem","@id":"https:\/\/www.eldigitaldeasturias.com\/noticias\/rajoy-promete-una-reforma-que-prolongue-la-bajada-de-impuestos-varios-anos\/#listItem","position":3,"name":"Rajoy promete una reforma que prolongue la bajada de impuestos varios a\u00f1os","previousItem":{"@type":"ListItem","@id":"https:\/\/www.eldigitaldeasturias.com\/noticias\/category\/actualidad\/#listItem","name":"Actualidad"}}]},{"@type":"Organization","@id":"https:\/\/www.eldigitaldeasturias.com\/noticias\/#organization","name":"El Digital de Asturias","description":"Hemeroteca","url":"https:\/\/www.eldigitaldeasturias.com\/noticias\/","email":"info@eldigitaldeasturias.com","telephone":"+34652131393","logo":{"@type":"ImageObject","url":"https:\/\/www.eldigitaldeasturias.com\/noticias\/wp-content\/uploads\/2020\/12\/EDA.jpg","@id":"https:\/\/www.eldigitaldeasturias.com\/noticias\/rajoy-promete-una-reforma-que-prolongue-la-bajada-de-impuestos-varios-anos\/#organizationLogo"},"image":{"@id":"https:\/\/www.eldigitaldeasturias.com\/noticias\/rajoy-promete-una-reforma-que-prolongue-la-bajada-de-impuestos-varios-anos\/#organizationLogo"},"sameAs":["https:\/\/facebook.com\/eldigitaldeasturias","https:\/\/www.youtube.com\/channel\/UCZP-2wLEB9Rv6erhFmqVnvg"],"address":{"@id":"https:\/\/www.eldigitaldeasturias.com\/noticias\/#postaladdress","@type":"PostalAddress","streetAddress":"san antonio 4","postalCode":"33430","addressLocality":"Cand\u00e1s","addressRegion":"Asturias","addressCountry":"ES"}},{"@type":"Person","@id":"https:\/\/www.eldigitaldeasturias.com\/noticias\/author\/admin\/#author","url":"https:\/\/www.eldigitaldeasturias.com\/noticias\/author\/admin\/","name":"El Digital de Asturias","image":{"@type":"ImageObject","@id":"https:\/\/www.eldigitaldeasturias.com\/noticias\/rajoy-promete-una-reforma-que-prolongue-la-bajada-de-impuestos-varios-anos\/#authorImage","url":"https:\/\/secure.gravatar.com\/avatar\/df2aeffc32bcd13f8d26072ef8a91b623d677766deac7f97ca815868cd41bf5e?s=96&d=mm&r=g","width":96,"height":96,"caption":"El Digital de Asturias"}},{"@type":"WebPage","@id":"https:\/\/www.eldigitaldeasturias.com\/noticias\/rajoy-promete-una-reforma-que-prolongue-la-bajada-de-impuestos-varios-anos\/#webpage","url":"https:\/\/www.eldigitaldeasturias.com\/noticias\/rajoy-promete-una-reforma-que-prolongue-la-bajada-de-impuestos-varios-anos\/","name":"Rajoy promete una reforma que prolongue la bajada de impuestos varios a\u00f1os - El Digital de Asturias","description":"Valladolid, 2 feb (EFE).- El presidente del Gobierno, Mariano Rajoy, ha prometido hoy que la reforma fiscal que aprobar\u00e1 el Ejecutivo no ser\u00e1 un \"objetivo a corto plazo\" sino un programa completo que \"va a prolongar la bajada de impuestos durante varios a\u00f1os\" Rajoy ha subrayado, en su discurso de clausura de la convenci\u00f3n nacional","inLanguage":"es-ES","isPartOf":{"@id":"https:\/\/www.eldigitaldeasturias.com\/noticias\/#website"},"breadcrumb":{"@id":"https:\/\/www.eldigitaldeasturias.com\/noticias\/rajoy-promete-una-reforma-que-prolongue-la-bajada-de-impuestos-varios-anos\/#breadcrumblist"},"author":{"@id":"https:\/\/www.eldigitaldeasturias.com\/noticias\/author\/admin\/#author"},"creator":{"@id":"https:\/\/www.eldigitaldeasturias.com\/noticias\/author\/admin\/#author"},"image":{"@type":"ImageObject","url":482260,"@id":"https:\/\/www.eldigitaldeasturias.com\/noticias\/rajoy-promete-una-reforma-que-prolongue-la-bajada-de-impuestos-varios-anos\/#mainImage"},"primaryImageOfPage":{"@id":"https:\/\/www.eldigitaldeasturias.com\/noticias\/rajoy-promete-una-reforma-que-prolongue-la-bajada-de-impuestos-varios-anos\/#mainImage"},"datePublished":"2014-02-02T20:23:03+01:00","dateModified":"2014-02-02T20:23:03+01:00"},{"@type":"WebSite","@id":"https:\/\/www.eldigitaldeasturias.com\/noticias\/#website","url":"https:\/\/www.eldigitaldeasturias.com\/noticias\/","name":"El Digital de Asturias - Diario de actualidad y noticias","alternateName":"El Digital de Asturias - Diario de actualidad y noticias","description":"Hemeroteca","inLanguage":"es-ES","publisher":{"@id":"https:\/\/www.eldigitaldeasturias.com\/noticias\/#organization"}}]},"og:locale":"es_ES","og:site_name":"El Digital de Asturias","og:type":"article","og:title":"Rajoy promete una reforma que prolongue la bajada de impuestos varios a\u00f1os - El Digital de Asturias","og:description":"Valladolid, 2 feb (EFE).- El presidente del Gobierno, Mariano Rajoy, ha prometido hoy que la reforma fiscal que aprobar\u00e1 el Ejecutivo no ser\u00e1 un &quot;objetivo a corto plazo&quot; sino un programa completo que &quot;va a prolongar la bajada de impuestos durante varios a\u00f1os&quot; Rajoy ha subrayado, en su discurso de clausura de la convenci\u00f3n nacional","og:url":"https:\/\/www.eldigitaldeasturias.com\/noticias\/rajoy-promete-una-reforma-que-prolongue-la-bajada-de-impuestos-varios-anos\/","article:tag":["actualidad"],"article:published_time":"2014-02-02T21:23:03+00:00","article:modified_time":"2014-02-02T21:23:03+00:00","article:publisher":"https:\/\/facebook.com\/eldigitaldeasturias","twitter:card":"summary_large_image","twitter:title":"Rajoy promete una reforma que prolongue la bajada de impuestos varios a\u00f1os - El Digital de Asturias","twitter:description":"Valladolid, 2 feb (EFE).- El presidente del Gobierno, Mariano Rajoy, ha prometido hoy que la reforma fiscal que aprobar\u00e1 el Ejecutivo no ser\u00e1 un &quot;objetivo a corto plazo&quot; sino un programa completo que &quot;va a prolongar la bajada de impuestos durante varios a\u00f1os&quot; Rajoy ha subrayado, en su discurso de clausura de la convenci\u00f3n nacional","twitter:label1":"Escrito por","twitter:data1":"El Digital de Asturias","twitter:label2":"Tiempo de lectura estimado","twitter:data2":"1 minuto"},"aioseo_meta_data":{"post_id":"482259","title":null,"description":null,"keywords":null,"keyphrases":null,"primary_term":null,"canonical_url":null,"og_title":null,"og_description":null,"og_object_type":"default","og_image_type":"default","og_image_url":null,"og_image_width":null,"og_image_height":null,"og_image_custom_url":null,"og_image_custom_fields":null,"og_video":null,"og_custom_url":null,"og_article_section":null,"og_article_tags":null,"twitter_use_og":true,"twitter_card":"default","twitter_image_type":"default","twitter_image_url":null,"twitter_image_custom_url":null,"twitter_image_custom_fields":null,"twitter_title":null,"twitter_description":null,"schema":{"blockGraphs":[],"customGraphs":[],"default":{"data":{"Article":[],"Course":[],"Dataset":[],"FAQPage":[],"Movie":[],"Person":[],"Product":[],"ProductReview":[],"Car":[],"Recipe":[],"Service":[],"SoftwareApplication":[],"WebPage":[]},"graphName":"","isEnabled":true},"graphs":[],"defaultGraph":"","defaultPostTypeGraph":""},"schema_type":null,"schema_type_options":null,"pillar_content":false,"robots_default":true,"robots_noindex":false,"robots_noarchive":false,"robots_nosnippet":false,"robots_nofollow":false,"robots_noimageindex":false,"robots_noodp":false,"robots_notranslate":false,"robots_max_snippet":null,"robots_max_videopreview":null,"robots_max_imagepreview":"none","priority":null,"frequency":null,"local_seo":null,"seo_analyzer_scan_date":"2026-06-02 09:18:07","breadcrumb_settings":null,"limit_modified_date":false,"open_ai":null,"ai":null,"created":"2020-11-14 22:54:33","updated":"2026-06-02 09:18:07","focus_keyword":null,"additional_keywords":null,"truseo_locale":null},"aioseo_breadcrumb":"<div class=\"aioseo-breadcrumbs\"><span class=\"aioseo-breadcrumb\">\n\t<a href=\"https:\/\/www.eldigitaldeasturias.com\/noticias\" title=\"Home\">Home<\/a>\n<\/span><span class=\"aioseo-breadcrumb-separator\">\u2013<\/span><span class=\"aioseo-breadcrumb\">\n\t<a href=\"https:\/\/www.eldigitaldeasturias.com\/noticias\/category\/actualidad\/\" title=\"Actualidad\">Actualidad<\/a>\n<\/span><span class=\"aioseo-breadcrumb-separator\">\u2013<\/span><span class=\"aioseo-breadcrumb\">\n\t<a href=\"https:\/\/www.eldigitaldeasturias.com\/noticias\/rajoy-promete-una-reforma-que-prolongue-la-bajada-de-impuestos-varios-anos\/\" title=\"Rajoy promete una reforma que prolongue la bajada de impuestos varios a\u00f1os\">Rajoy promete una reforma que prolongue la bajada de impuestos varios a\u00f1os<\/a>\n<\/span><\/div>","aioseo_breadcrumb_json":[{"label":"Home","link":"https:\/\/www.eldigitaldeasturias.com\/noticias"},{"label":"Actualidad","link":"https:\/\/www.eldigitaldeasturias.com\/noticias\/category\/actualidad\/"},{"label":"Rajoy promete una reforma que prolongue la bajada de impuestos varios a\u00f1os","link":"https:\/\/www.eldigitaldeasturias.com\/noticias\/rajoy-promete-una-reforma-que-prolongue-la-bajada-de-impuestos-varios-anos\/"}],"_links":{"self":[{"href":"https:\/\/www.eldigitaldeasturias.com\/noticias\/wp-json\/wp\/v2\/posts\/482259","targetHints":{"allow":["GET"]}}],"collection":[{"href":"https:\/\/www.eldigitaldeasturias.com\/noticias\/wp-json\/wp\/v2\/posts"}],"about":[{"href":"https:\/\/www.eldigitaldeasturias.com\/noticias\/wp-json\/wp\/v2\/types\/post"}],"author":[{"embeddable":true,"href":"https:\/\/www.eldigitaldeasturias.com\/noticias\/wp-json\/wp\/v2\/users\/1"}],"replies":[{"embeddable":true,"href":"https:\/\/www.eldigitaldeasturias.com\/noticias\/wp-json\/wp\/v2\/comments?post=482259"}],"version-history":[{"count":0,"href":"https:\/\/www.eldigitaldeasturias.com\/noticias\/wp-json\/wp\/v2\/posts\/482259\/revisions"}],"wp:attachment":[{"href":"https:\/\/www.eldigitaldeasturias.com\/noticias\/wp-json\/wp\/v2\/media?parent=482259"}],"wp:term":[{"taxonomy":"category","embeddable":true,"href":"https:\/\/www.eldigitaldeasturias.com\/noticias\/wp-json\/wp\/v2\/categories?post=482259"},{"taxonomy":"post_tag","embeddable":true,"href":"https:\/\/www.eldigitaldeasturias.com\/noticias\/wp-json\/wp\/v2\/tags?post=482259"}],"curies":[{"name":"wp","href":"https:\/\/api.w.org\/{rel}","templated":true}]}}