{"id":482253,"date":"2014-02-02T20:20:27","date_gmt":"2014-02-02T21:20:27","guid":{"rendered":"http:\/\/www.eldigitaldeasturias.com\/noticias\/?p=482253"},"modified":"2014-02-02T20:20:27","modified_gmt":"2014-02-02T21:20:27","slug":"teheran-afirma-que-busca-un-acuerdo-a-largo-plazo-sobre-su-programa-nuclear","status":"publish","type":"post","link":"https:\/\/www.eldigitaldeasturias.com\/noticias\/teheran-afirma-que-busca-un-acuerdo-a-largo-plazo-sobre-su-programa-nuclear\/","title":{"rendered":"Teher\u00e1n afirma que busca un \u00abacuerdo a largo plazo\u00bb sobre su programa nuclear"},"content":{"rendered":"<p><img loading=\"lazy\" decoding=\"async\" class=\"alignleft size-medium wp-image-482254\" alt=\"5901226w\" src=\"https:\/\/www.eldigitaldeasturias.com\/noticias\/wp-content\/uploads\/2014\/02\/5901226w-360x234.jpg\" width=\"360\" height=\"234\" \/>M\u00fanich (Alemania), 2 feb (EFE).- El ministro de Asuntos Exteriores iran\u00ed, Mohamad Yavad Zarif, asegur\u00f3 hoy que Teher\u00e1n buscar\u00e1 un \u00abacuerdo a largo plazo\u00bb con la comunidad internacional sobre su controvertido programa nuclear en los pr\u00f3ximos seis meses.<\/p>\n<p>Zarif realiz\u00f3 estas afirmaciones en su intervenci\u00f3n hoy ante la Conferencia de Seguridad de M\u00fanich (MSC), un foro denominado el \u00abDavos de la defensa\u00bb en el que desde el viernes y hasta hoy decenas de dirigentes pol\u00edticos buscan salidas a conflictos como los de Siria, Ucrania, Ir\u00e1n y Oriente Medio.<\/p>\n<p>El ministro de Asuntos Exteriores iran\u00ed afirm\u00f3 que el pr\u00f3ximo 18 de febrero se sentar\u00e1n a negociar con el grupo conformado por los cinco miembros permanentes del Consejo de Seguridad de la ONU y Alemania y que acuden con \u00abbuena voluntad\u00bb y la esperanza de alcanzar un \u00abacuerdo a largo plazo\u00bb.<\/p>\n<p>Zarif se\u00f1al\u00f3 que Teher\u00e1n ha cumplido con sus obligaciones y que Estados Unidos ha mostrado su disposici\u00f3n a llevar a cabo su parte, lo que resulta esperanzador.<\/p>\n<p>Asimismo, afirm\u00f3 que el cambio de postura de Teher\u00e1n hacia una posici\u00f3n m\u00e1s dialogante con respecto a su programa nuclear no se debe a las sanciones internacionales sino al resultado de las \u00faltimas elecciones.<\/p>\n<p>\u00abEs un error afirmar que las sanciones hayan resultado efectivas. No pueden reclamarse ning\u00fan \u00e9xito\u00bb, asegur\u00f3 el ministro iran\u00ed, que agreg\u00f3 que las sanciones econ\u00f3micas s\u00f3lo han tra\u00eddo \u00abcentrifugadoras\u00bb nucleares y un amplio \u00abresentimiento\u00bb en la poblaci\u00f3n iran\u00ed.<\/p>\n<p>A su juicio, la clave del cambio reside en las \u00faltimas elecciones en Ir\u00e1n, donde una amplia mayor\u00eda de la poblaci\u00f3n voto \u00abmoderaci\u00f3n\u00bb y \u00abcooperaci\u00f3n\u00bb con la comunidad internacional.<\/p>\n<p>Zarif, que antes encabez\u00f3 el comit\u00e9 negociador iran\u00ed sobre la cuesti\u00f3n nuclear, abog\u00f3 por seguir dialogando con los representantes de la comunidad internacional, el grupo conformado por los cinco miembros permanentes del Consejo de Seguridad de la ONU y Alemania.<\/p>\n<p>Para el jefe de la diplomacia iran\u00ed, hay que acabar con el \u00abd\u00e9ficit de confianza\u00bb mutuo, olvidar ilusiones y mostrarse pragm\u00e1tico, as\u00ed como buscar una soluci\u00f3n \u00abequilibrada\u00bb al conflicto en torno al programa nuclear de su pa\u00eds.<\/p>\n<p>Desde el viernes han intervenido en este foro, entre otros, el secretario general de la ONU, Ban Ki-moon, el secretario de Estado de EEUU, John Kerry, el ministro de Asuntos Exteriores ruso, Serg\u00e9i Lavrov, el presidente del Consejo Europeo, Hermann Van Rompuy, y el ministro de Defensa espa\u00f1ol, Pedro Moren\u00e9s.<\/p>\n","protected":false},"excerpt":{"rendered":"<p>M\u00fanich (Alemania), 2 feb (EFE).- El ministro de Asuntos Exteriores iran\u00ed, Mohamad Yavad Zarif, asegur\u00f3 hoy que Teher\u00e1n buscar\u00e1 un \u00abacuerdo a largo plazo\u00bb con la comunidad internacional sobre su controvertido programa nuclear en los pr\u00f3ximos seis meses. Zarif realiz\u00f3 estas afirmaciones en su intervenci\u00f3n hoy ante la Conferencia de Seguridad de M\u00fanich (MSC), un [&hellip;]<\/p>\n","protected":false},"author":1,"featured_media":482254,"comment_status":"closed","ping_status":"open","sticky":false,"template":"","format":"standard","meta":{"footnotes":""},"categories":[1],"tags":[],"class_list":["post-482253","post","type-post","status-publish","format-standard","has-post-thumbnail","hentry","category-actualidad"],"aioseo_notices":[],"aioseo_head":"\n\t\t<!-- All in One SEO Pro 5.0.1 - aioseo.com -->\n\t<meta name=\"description\" content=\"M\u00fanich (Alemania), 2 feb (EFE).- El ministro de Asuntos Exteriores iran\u00ed, Mohamad Yavad Zarif, asegur\u00f3 hoy que Teher\u00e1n buscar\u00e1 un &quot;acuerdo a largo plazo&quot; con la comunidad internacional sobre su controvertido programa nuclear en los pr\u00f3ximos seis meses. Zarif realiz\u00f3 estas afirmaciones en su intervenci\u00f3n hoy ante la Conferencia de Seguridad de M\u00fanich (MSC), un\" \/>\n\t<meta name=\"robots\" content=\"max-image-preview:large\" \/>\n\t<meta name=\"author\" content=\"El Digital de Asturias\"\/>\n\t<meta name=\"google-site-verification\" content=\"UA-38556648-1\" \/>\n\t<meta name=\"msvalidate.01\" content=\"7dfe9f3f1b24437ab69f4f2559babe99\" \/>\n\t<meta name=\"keywords\" content=\"actualidad\" \/>\n\t<link rel=\"canonical\" href=\"https:\/\/www.eldigitaldeasturias.com\/noticias\/teheran-afirma-que-busca-un-acuerdo-a-largo-plazo-sobre-su-programa-nuclear\/\" \/>\n\t<meta name=\"generator\" content=\"All in One SEO Pro (AIOSEO) 5.0.1\" \/>\n\t\t<meta property=\"og:locale\" content=\"es_ES\" \/>\n\t\t<meta property=\"og:site_name\" content=\"El Digital de Asturias\" \/>\n\t\t<meta property=\"og:type\" content=\"article\" \/>\n\t\t<meta property=\"og:title\" content=\"Teher\u00e1n afirma que busca un \u00abacuerdo a largo plazo\u00bb sobre su programa nuclear - El Digital de Asturias\" \/>\n\t\t<meta property=\"og:description\" content=\"M\u00fanich (Alemania), 2 feb (EFE).- El ministro de Asuntos Exteriores iran\u00ed, Mohamad Yavad Zarif, asegur\u00f3 hoy que Teher\u00e1n buscar\u00e1 un &quot;acuerdo a largo plazo&quot; con la comunidad internacional sobre su controvertido programa nuclear en los pr\u00f3ximos seis meses. Zarif realiz\u00f3 estas afirmaciones en su intervenci\u00f3n hoy ante la Conferencia de Seguridad de M\u00fanich (MSC), un\" \/>\n\t\t<meta property=\"og:url\" content=\"https:\/\/www.eldigitaldeasturias.com\/noticias\/teheran-afirma-que-busca-un-acuerdo-a-largo-plazo-sobre-su-programa-nuclear\/\" \/>\n\t\t<meta property=\"article:tag\" content=\"actualidad\" \/>\n\t\t<meta property=\"article:published_time\" content=\"2014-02-02T21:20:27+00:00\" \/>\n\t\t<meta property=\"article:modified_time\" content=\"2014-02-02T21:20:27+00:00\" \/>\n\t\t<meta property=\"article:publisher\" content=\"https:\/\/facebook.com\/eldigitaldeasturias\" \/>\n\t\t<meta name=\"twitter:card\" content=\"summary_large_image\" \/>\n\t\t<meta name=\"twitter:title\" content=\"Teher\u00e1n afirma que busca un \u00abacuerdo a largo plazo\u00bb sobre su programa nuclear - El Digital de Asturias\" \/>\n\t\t<meta name=\"twitter:description\" content=\"M\u00fanich (Alemania), 2 feb (EFE).- El ministro de Asuntos Exteriores iran\u00ed, Mohamad Yavad Zarif, asegur\u00f3 hoy que Teher\u00e1n buscar\u00e1 un &quot;acuerdo a largo plazo&quot; con la comunidad internacional sobre su controvertido programa nuclear en los pr\u00f3ximos seis meses. Zarif realiz\u00f3 estas afirmaciones en su intervenci\u00f3n hoy ante la Conferencia de Seguridad de M\u00fanich (MSC), un\" \/>\n\t\t<meta name=\"twitter:label1\" content=\"Escrito por\" \/>\n\t\t<meta name=\"twitter:data1\" content=\"El Digital de Asturias\" \/>\n\t\t<meta name=\"twitter:label2\" content=\"Tiempo de lectura estimado\" \/>\n\t\t<meta name=\"twitter:data2\" content=\"2 minutos\" \/>\n\t\t<script type=\"application\/ld+json\" class=\"aioseo-schema\">\n\t\t\t{\"@context\":\"https:\\\/\\\/schema.org\",\"@graph\":[{\"@type\":\"BlogPosting\",\"@id\":\"https:\\\/\\\/www.eldigitaldeasturias.com\\\/noticias\\\/teheran-afirma-que-busca-un-acuerdo-a-largo-plazo-sobre-su-programa-nuclear\\\/#blogposting\",\"name\":\"Teher\\u00e1n afirma que busca un \\u00abacuerdo a largo plazo\\u00bb sobre su programa nuclear - El Digital de Asturias\",\"headline\":\"Teher\\u00e1n afirma que busca un \\u00abacuerdo a largo plazo\\u00bb sobre su programa nuclear\",\"author\":{\"@id\":\"https:\\\/\\\/www.eldigitaldeasturias.com\\\/noticias\\\/author\\\/admin\\\/#author\"},\"publisher\":{\"@id\":\"https:\\\/\\\/www.eldigitaldeasturias.com\\\/noticias\\\/#organization\"},\"image\":{\"@type\":\"ImageObject\",\"url\":482254},\"datePublished\":\"2014-02-02T20:20:27+01:00\",\"dateModified\":\"2014-02-02T20:20:27+01:00\",\"inLanguage\":\"es-ES\",\"mainEntityOfPage\":{\"@id\":\"https:\\\/\\\/www.eldigitaldeasturias.com\\\/noticias\\\/teheran-afirma-que-busca-un-acuerdo-a-largo-plazo-sobre-su-programa-nuclear\\\/#webpage\"},\"isPartOf\":{\"@id\":\"https:\\\/\\\/www.eldigitaldeasturias.com\\\/noticias\\\/teheran-afirma-que-busca-un-acuerdo-a-largo-plazo-sobre-su-programa-nuclear\\\/#webpage\"},\"articleSection\":\"Actualidad\"},{\"@type\":\"BreadcrumbList\",\"@id\":\"https:\\\/\\\/www.eldigitaldeasturias.com\\\/noticias\\\/teheran-afirma-que-busca-un-acuerdo-a-largo-plazo-sobre-su-programa-nuclear\\\/#breadcrumblist\",\"itemListElement\":[{\"@type\":\"ListItem\",\"@id\":\"https:\\\/\\\/www.eldigitaldeasturias.com\\\/noticias#listItem\",\"position\":1,\"name\":\"Home\",\"item\":\"https:\\\/\\\/www.eldigitaldeasturias.com\\\/noticias\",\"nextItem\":{\"@type\":\"ListItem\",\"@id\":\"https:\\\/\\\/www.eldigitaldeasturias.com\\\/noticias\\\/category\\\/actualidad\\\/#listItem\",\"name\":\"Actualidad\"}},{\"@type\":\"ListItem\",\"@id\":\"https:\\\/\\\/www.eldigitaldeasturias.com\\\/noticias\\\/category\\\/actualidad\\\/#listItem\",\"position\":2,\"name\":\"Actualidad\",\"item\":\"https:\\\/\\\/www.eldigitaldeasturias.com\\\/noticias\\\/category\\\/actualidad\\\/\",\"nextItem\":{\"@type\":\"ListItem\",\"@id\":\"https:\\\/\\\/www.eldigitaldeasturias.com\\\/noticias\\\/teheran-afirma-que-busca-un-acuerdo-a-largo-plazo-sobre-su-programa-nuclear\\\/#listItem\",\"name\":\"Teher\\u00e1n afirma que busca un \\u00abacuerdo a largo plazo\\u00bb sobre su programa nuclear\"},\"previousItem\":{\"@type\":\"ListItem\",\"@id\":\"https:\\\/\\\/www.eldigitaldeasturias.com\\\/noticias#listItem\",\"name\":\"Home\"}},{\"@type\":\"ListItem\",\"@id\":\"https:\\\/\\\/www.eldigitaldeasturias.com\\\/noticias\\\/teheran-afirma-que-busca-un-acuerdo-a-largo-plazo-sobre-su-programa-nuclear\\\/#listItem\",\"position\":3,\"name\":\"Teher\\u00e1n afirma que busca un \\u00abacuerdo a largo plazo\\u00bb sobre su programa nuclear\",\"previousItem\":{\"@type\":\"ListItem\",\"@id\":\"https:\\\/\\\/www.eldigitaldeasturias.com\\\/noticias\\\/category\\\/actualidad\\\/#listItem\",\"name\":\"Actualidad\"}}]},{\"@type\":\"Organization\",\"@id\":\"https:\\\/\\\/www.eldigitaldeasturias.com\\\/noticias\\\/#organization\",\"name\":\"El Digital de Asturias\",\"description\":\"Hemeroteca\",\"url\":\"https:\\\/\\\/www.eldigitaldeasturias.com\\\/noticias\\\/\",\"email\":\"info@eldigitaldeasturias.com\",\"telephone\":\"+34652131393\",\"logo\":{\"@type\":\"ImageObject\",\"url\":\"https:\\\/\\\/www.eldigitaldeasturias.com\\\/noticias\\\/wp-content\\\/uploads\\\/2020\\\/12\\\/EDA.jpg\",\"@id\":\"https:\\\/\\\/www.eldigitaldeasturias.com\\\/noticias\\\/teheran-afirma-que-busca-un-acuerdo-a-largo-plazo-sobre-su-programa-nuclear\\\/#organizationLogo\"},\"image\":{\"@id\":\"https:\\\/\\\/www.eldigitaldeasturias.com\\\/noticias\\\/teheran-afirma-que-busca-un-acuerdo-a-largo-plazo-sobre-su-programa-nuclear\\\/#organizationLogo\"},\"sameAs\":[\"https:\\\/\\\/facebook.com\\\/eldigitaldeasturias\",\"https:\\\/\\\/www.youtube.com\\\/channel\\\/UCZP-2wLEB9Rv6erhFmqVnvg\"],\"address\":{\"@id\":\"https:\\\/\\\/www.eldigitaldeasturias.com\\\/noticias\\\/#postaladdress\",\"@type\":\"PostalAddress\",\"streetAddress\":\"san antonio 4\",\"postalCode\":\"33430\",\"addressLocality\":\"Cand\\u00e1s\",\"addressRegion\":\"Asturias\",\"addressCountry\":\"ES\"}},{\"@type\":\"Person\",\"@id\":\"https:\\\/\\\/www.eldigitaldeasturias.com\\\/noticias\\\/author\\\/admin\\\/#author\",\"url\":\"https:\\\/\\\/www.eldigitaldeasturias.com\\\/noticias\\\/author\\\/admin\\\/\",\"name\":\"El Digital de Asturias\",\"image\":{\"@type\":\"ImageObject\",\"@id\":\"https:\\\/\\\/www.eldigitaldeasturias.com\\\/noticias\\\/teheran-afirma-que-busca-un-acuerdo-a-largo-plazo-sobre-su-programa-nuclear\\\/#authorImage\",\"url\":\"https:\\\/\\\/secure.gravatar.com\\\/avatar\\\/df2aeffc32bcd13f8d26072ef8a91b623d677766deac7f97ca815868cd41bf5e?s=96&d=mm&r=g\",\"width\":96,\"height\":96,\"caption\":\"El Digital de Asturias\"}},{\"@type\":\"WebPage\",\"@id\":\"https:\\\/\\\/www.eldigitaldeasturias.com\\\/noticias\\\/teheran-afirma-que-busca-un-acuerdo-a-largo-plazo-sobre-su-programa-nuclear\\\/#webpage\",\"url\":\"https:\\\/\\\/www.eldigitaldeasturias.com\\\/noticias\\\/teheran-afirma-que-busca-un-acuerdo-a-largo-plazo-sobre-su-programa-nuclear\\\/\",\"name\":\"Teher\\u00e1n afirma que busca un \\u00abacuerdo a largo plazo\\u00bb sobre su programa nuclear - El Digital de Asturias\",\"description\":\"M\\u00fanich (Alemania), 2 feb (EFE).- El ministro de Asuntos Exteriores iran\\u00ed, Mohamad Yavad Zarif, asegur\\u00f3 hoy que Teher\\u00e1n buscar\\u00e1 un \\\"acuerdo a largo plazo\\\" con la comunidad internacional sobre su controvertido programa nuclear en los pr\\u00f3ximos seis meses. Zarif realiz\\u00f3 estas afirmaciones en su intervenci\\u00f3n hoy ante la Conferencia de Seguridad de M\\u00fanich (MSC), un\",\"inLanguage\":\"es-ES\",\"isPartOf\":{\"@id\":\"https:\\\/\\\/www.eldigitaldeasturias.com\\\/noticias\\\/#website\"},\"breadcrumb\":{\"@id\":\"https:\\\/\\\/www.eldigitaldeasturias.com\\\/noticias\\\/teheran-afirma-que-busca-un-acuerdo-a-largo-plazo-sobre-su-programa-nuclear\\\/#breadcrumblist\"},\"author\":{\"@id\":\"https:\\\/\\\/www.eldigitaldeasturias.com\\\/noticias\\\/author\\\/admin\\\/#author\"},\"creator\":{\"@id\":\"https:\\\/\\\/www.eldigitaldeasturias.com\\\/noticias\\\/author\\\/admin\\\/#author\"},\"image\":{\"@type\":\"ImageObject\",\"url\":482254,\"@id\":\"https:\\\/\\\/www.eldigitaldeasturias.com\\\/noticias\\\/teheran-afirma-que-busca-un-acuerdo-a-largo-plazo-sobre-su-programa-nuclear\\\/#mainImage\"},\"primaryImageOfPage\":{\"@id\":\"https:\\\/\\\/www.eldigitaldeasturias.com\\\/noticias\\\/teheran-afirma-que-busca-un-acuerdo-a-largo-plazo-sobre-su-programa-nuclear\\\/#mainImage\"},\"datePublished\":\"2014-02-02T20:20:27+01:00\",\"dateModified\":\"2014-02-02T20:20:27+01:00\"},{\"@type\":\"WebSite\",\"@id\":\"https:\\\/\\\/www.eldigitaldeasturias.com\\\/noticias\\\/#website\",\"url\":\"https:\\\/\\\/www.eldigitaldeasturias.com\\\/noticias\\\/\",\"name\":\"El Digital de Asturias - Diario de actualidad y noticias\",\"alternateName\":\"El Digital de Asturias - Diario de actualidad y noticias\",\"description\":\"Hemeroteca\",\"inLanguage\":\"es-ES\",\"publisher\":{\"@id\":\"https:\\\/\\\/www.eldigitaldeasturias.com\\\/noticias\\\/#organization\"}}]}\n\t\t<\/script>\n\t\t<!-- All in One SEO Pro -->\r\n\t\t<title>Teher\u00e1n afirma que busca un \u00abacuerdo a largo plazo\u00bb sobre su programa nuclear - El Digital de Asturias<\/title>\n\n","aioseo_head_json":{"title":"Teher\u00e1n afirma que busca un \u00abacuerdo a largo plazo\u00bb sobre su programa nuclear - El Digital de Asturias","description":"M\u00fanich (Alemania), 2 feb (EFE).- El ministro de Asuntos Exteriores iran\u00ed, Mohamad Yavad Zarif, asegur\u00f3 hoy que Teher\u00e1n buscar\u00e1 un \"acuerdo a largo plazo\" con la comunidad internacional sobre su controvertido programa nuclear en los pr\u00f3ximos seis meses. Zarif realiz\u00f3 estas afirmaciones en su intervenci\u00f3n hoy ante la Conferencia de Seguridad de M\u00fanich (MSC), un","canonical_url":"https:\/\/www.eldigitaldeasturias.com\/noticias\/teheran-afirma-que-busca-un-acuerdo-a-largo-plazo-sobre-su-programa-nuclear\/","robots":"max-image-preview:large","keywords":"actualidad","webmasterTools":{"google-site-verification":"UA-38556648-1","msvalidate.01":"7dfe9f3f1b24437ab69f4f2559babe99","miscellaneous":""},"schema":{"@context":"https:\/\/schema.org","@graph":[{"@type":"BlogPosting","@id":"https:\/\/www.eldigitaldeasturias.com\/noticias\/teheran-afirma-que-busca-un-acuerdo-a-largo-plazo-sobre-su-programa-nuclear\/#blogposting","name":"Teher\u00e1n afirma que busca un \u00abacuerdo a largo plazo\u00bb sobre su programa nuclear - El Digital de Asturias","headline":"Teher\u00e1n afirma que busca un \u00abacuerdo a largo plazo\u00bb sobre su programa nuclear","author":{"@id":"https:\/\/www.eldigitaldeasturias.com\/noticias\/author\/admin\/#author"},"publisher":{"@id":"https:\/\/www.eldigitaldeasturias.com\/noticias\/#organization"},"image":{"@type":"ImageObject","url":482254},"datePublished":"2014-02-02T20:20:27+01:00","dateModified":"2014-02-02T20:20:27+01:00","inLanguage":"es-ES","mainEntityOfPage":{"@id":"https:\/\/www.eldigitaldeasturias.com\/noticias\/teheran-afirma-que-busca-un-acuerdo-a-largo-plazo-sobre-su-programa-nuclear\/#webpage"},"isPartOf":{"@id":"https:\/\/www.eldigitaldeasturias.com\/noticias\/teheran-afirma-que-busca-un-acuerdo-a-largo-plazo-sobre-su-programa-nuclear\/#webpage"},"articleSection":"Actualidad"},{"@type":"BreadcrumbList","@id":"https:\/\/www.eldigitaldeasturias.com\/noticias\/teheran-afirma-que-busca-un-acuerdo-a-largo-plazo-sobre-su-programa-nuclear\/#breadcrumblist","itemListElement":[{"@type":"ListItem","@id":"https:\/\/www.eldigitaldeasturias.com\/noticias#listItem","position":1,"name":"Home","item":"https:\/\/www.eldigitaldeasturias.com\/noticias","nextItem":{"@type":"ListItem","@id":"https:\/\/www.eldigitaldeasturias.com\/noticias\/category\/actualidad\/#listItem","name":"Actualidad"}},{"@type":"ListItem","@id":"https:\/\/www.eldigitaldeasturias.com\/noticias\/category\/actualidad\/#listItem","position":2,"name":"Actualidad","item":"https:\/\/www.eldigitaldeasturias.com\/noticias\/category\/actualidad\/","nextItem":{"@type":"ListItem","@id":"https:\/\/www.eldigitaldeasturias.com\/noticias\/teheran-afirma-que-busca-un-acuerdo-a-largo-plazo-sobre-su-programa-nuclear\/#listItem","name":"Teher\u00e1n afirma que busca un \u00abacuerdo a largo plazo\u00bb sobre su programa nuclear"},"previousItem":{"@type":"ListItem","@id":"https:\/\/www.eldigitaldeasturias.com\/noticias#listItem","name":"Home"}},{"@type":"ListItem","@id":"https:\/\/www.eldigitaldeasturias.com\/noticias\/teheran-afirma-que-busca-un-acuerdo-a-largo-plazo-sobre-su-programa-nuclear\/#listItem","position":3,"name":"Teher\u00e1n afirma que busca un \u00abacuerdo a largo plazo\u00bb sobre su programa nuclear","previousItem":{"@type":"ListItem","@id":"https:\/\/www.eldigitaldeasturias.com\/noticias\/category\/actualidad\/#listItem","name":"Actualidad"}}]},{"@type":"Organization","@id":"https:\/\/www.eldigitaldeasturias.com\/noticias\/#organization","name":"El Digital de Asturias","description":"Hemeroteca","url":"https:\/\/www.eldigitaldeasturias.com\/noticias\/","email":"info@eldigitaldeasturias.com","telephone":"+34652131393","logo":{"@type":"ImageObject","url":"https:\/\/www.eldigitaldeasturias.com\/noticias\/wp-content\/uploads\/2020\/12\/EDA.jpg","@id":"https:\/\/www.eldigitaldeasturias.com\/noticias\/teheran-afirma-que-busca-un-acuerdo-a-largo-plazo-sobre-su-programa-nuclear\/#organizationLogo"},"image":{"@id":"https:\/\/www.eldigitaldeasturias.com\/noticias\/teheran-afirma-que-busca-un-acuerdo-a-largo-plazo-sobre-su-programa-nuclear\/#organizationLogo"},"sameAs":["https:\/\/facebook.com\/eldigitaldeasturias","https:\/\/www.youtube.com\/channel\/UCZP-2wLEB9Rv6erhFmqVnvg"],"address":{"@id":"https:\/\/www.eldigitaldeasturias.com\/noticias\/#postaladdress","@type":"PostalAddress","streetAddress":"san antonio 4","postalCode":"33430","addressLocality":"Cand\u00e1s","addressRegion":"Asturias","addressCountry":"ES"}},{"@type":"Person","@id":"https:\/\/www.eldigitaldeasturias.com\/noticias\/author\/admin\/#author","url":"https:\/\/www.eldigitaldeasturias.com\/noticias\/author\/admin\/","name":"El Digital de Asturias","image":{"@type":"ImageObject","@id":"https:\/\/www.eldigitaldeasturias.com\/noticias\/teheran-afirma-que-busca-un-acuerdo-a-largo-plazo-sobre-su-programa-nuclear\/#authorImage","url":"https:\/\/secure.gravatar.com\/avatar\/df2aeffc32bcd13f8d26072ef8a91b623d677766deac7f97ca815868cd41bf5e?s=96&d=mm&r=g","width":96,"height":96,"caption":"El Digital de Asturias"}},{"@type":"WebPage","@id":"https:\/\/www.eldigitaldeasturias.com\/noticias\/teheran-afirma-que-busca-un-acuerdo-a-largo-plazo-sobre-su-programa-nuclear\/#webpage","url":"https:\/\/www.eldigitaldeasturias.com\/noticias\/teheran-afirma-que-busca-un-acuerdo-a-largo-plazo-sobre-su-programa-nuclear\/","name":"Teher\u00e1n afirma que busca un \u00abacuerdo a largo plazo\u00bb sobre su programa nuclear - El Digital de Asturias","description":"M\u00fanich (Alemania), 2 feb (EFE).- El ministro de Asuntos Exteriores iran\u00ed, Mohamad Yavad Zarif, asegur\u00f3 hoy que Teher\u00e1n buscar\u00e1 un \"acuerdo a largo plazo\" con la comunidad internacional sobre su controvertido programa nuclear en los pr\u00f3ximos seis meses. Zarif realiz\u00f3 estas afirmaciones en su intervenci\u00f3n hoy ante la Conferencia de Seguridad de M\u00fanich (MSC), un","inLanguage":"es-ES","isPartOf":{"@id":"https:\/\/www.eldigitaldeasturias.com\/noticias\/#website"},"breadcrumb":{"@id":"https:\/\/www.eldigitaldeasturias.com\/noticias\/teheran-afirma-que-busca-un-acuerdo-a-largo-plazo-sobre-su-programa-nuclear\/#breadcrumblist"},"author":{"@id":"https:\/\/www.eldigitaldeasturias.com\/noticias\/author\/admin\/#author"},"creator":{"@id":"https:\/\/www.eldigitaldeasturias.com\/noticias\/author\/admin\/#author"},"image":{"@type":"ImageObject","url":482254,"@id":"https:\/\/www.eldigitaldeasturias.com\/noticias\/teheran-afirma-que-busca-un-acuerdo-a-largo-plazo-sobre-su-programa-nuclear\/#mainImage"},"primaryImageOfPage":{"@id":"https:\/\/www.eldigitaldeasturias.com\/noticias\/teheran-afirma-que-busca-un-acuerdo-a-largo-plazo-sobre-su-programa-nuclear\/#mainImage"},"datePublished":"2014-02-02T20:20:27+01:00","dateModified":"2014-02-02T20:20:27+01:00"},{"@type":"WebSite","@id":"https:\/\/www.eldigitaldeasturias.com\/noticias\/#website","url":"https:\/\/www.eldigitaldeasturias.com\/noticias\/","name":"El Digital de Asturias - Diario de actualidad y noticias","alternateName":"El Digital de Asturias - Diario de actualidad y noticias","description":"Hemeroteca","inLanguage":"es-ES","publisher":{"@id":"https:\/\/www.eldigitaldeasturias.com\/noticias\/#organization"}}]},"og:locale":"es_ES","og:site_name":"El Digital de Asturias","og:type":"article","og:title":"Teher\u00e1n afirma que busca un \u00abacuerdo a largo plazo\u00bb sobre su programa nuclear - El Digital de Asturias","og:description":"M\u00fanich (Alemania), 2 feb (EFE).- El ministro de Asuntos Exteriores iran\u00ed, Mohamad Yavad Zarif, asegur\u00f3 hoy que Teher\u00e1n buscar\u00e1 un &quot;acuerdo a largo plazo&quot; con la comunidad internacional sobre su controvertido programa nuclear en los pr\u00f3ximos seis meses. Zarif realiz\u00f3 estas afirmaciones en su intervenci\u00f3n hoy ante la Conferencia de Seguridad de M\u00fanich (MSC), un","og:url":"https:\/\/www.eldigitaldeasturias.com\/noticias\/teheran-afirma-que-busca-un-acuerdo-a-largo-plazo-sobre-su-programa-nuclear\/","article:tag":["actualidad"],"article:published_time":"2014-02-02T21:20:27+00:00","article:modified_time":"2014-02-02T21:20:27+00:00","article:publisher":"https:\/\/facebook.com\/eldigitaldeasturias","twitter:card":"summary_large_image","twitter:title":"Teher\u00e1n afirma que busca un \u00abacuerdo a largo plazo\u00bb sobre su programa nuclear - El Digital de Asturias","twitter:description":"M\u00fanich (Alemania), 2 feb (EFE).- El ministro de Asuntos Exteriores iran\u00ed, Mohamad Yavad Zarif, asegur\u00f3 hoy que Teher\u00e1n buscar\u00e1 un &quot;acuerdo a largo plazo&quot; con la comunidad internacional sobre su controvertido programa nuclear en los pr\u00f3ximos seis meses. Zarif realiz\u00f3 estas afirmaciones en su intervenci\u00f3n hoy ante la Conferencia de Seguridad de M\u00fanich (MSC), un","twitter:label1":"Escrito por","twitter:data1":"El Digital de Asturias","twitter:label2":"Tiempo de lectura estimado","twitter:data2":"2 minutos"},"aioseo_meta_data":{"post_id":"482253","title":null,"description":null,"keywords":null,"keyphrases":null,"primary_term":null,"canonical_url":null,"og_title":null,"og_description":null,"og_object_type":"default","og_image_type":"default","og_image_url":null,"og_image_width":null,"og_image_height":null,"og_image_custom_url":null,"og_image_custom_fields":null,"og_video":null,"og_custom_url":null,"og_article_section":null,"og_article_tags":null,"twitter_use_og":true,"twitter_card":"default","twitter_image_type":"default","twitter_image_url":null,"twitter_image_custom_url":null,"twitter_image_custom_fields":null,"twitter_title":null,"twitter_description":null,"schema":{"blockGraphs":[],"customGraphs":[],"default":{"data":{"Article":[],"Course":[],"Dataset":[],"FAQPage":[],"Movie":[],"Person":[],"Product":[],"ProductReview":[],"Car":[],"Recipe":[],"Service":[],"SoftwareApplication":[],"WebPage":[]},"graphName":"","isEnabled":true},"graphs":[],"defaultGraph":"","defaultPostTypeGraph":""},"schema_type":null,"schema_type_options":null,"pillar_content":false,"robots_default":true,"robots_noindex":false,"robots_noarchive":false,"robots_nosnippet":false,"robots_nofollow":false,"robots_noimageindex":false,"robots_noodp":false,"robots_notranslate":false,"robots_max_snippet":null,"robots_max_videopreview":null,"robots_max_imagepreview":"none","priority":null,"frequency":null,"local_seo":null,"seo_analyzer_scan_date":"2026-06-02 09:18:05","breadcrumb_settings":null,"limit_modified_date":false,"open_ai":null,"ai":null,"created":"2020-11-14 22:54:33","updated":"2026-06-02 09:18:05","focus_keyword":null,"additional_keywords":null,"truseo_locale":null},"aioseo_breadcrumb":"<div class=\"aioseo-breadcrumbs\"><span class=\"aioseo-breadcrumb\">\n\t<a href=\"https:\/\/www.eldigitaldeasturias.com\/noticias\" title=\"Home\">Home<\/a>\n<\/span><span class=\"aioseo-breadcrumb-separator\">\u2013<\/span><span class=\"aioseo-breadcrumb\">\n\t<a href=\"https:\/\/www.eldigitaldeasturias.com\/noticias\/category\/actualidad\/\" title=\"Actualidad\">Actualidad<\/a>\n<\/span><span class=\"aioseo-breadcrumb-separator\">\u2013<\/span><span class=\"aioseo-breadcrumb\">\n\t<a href=\"https:\/\/www.eldigitaldeasturias.com\/noticias\/teheran-afirma-que-busca-un-acuerdo-a-largo-plazo-sobre-su-programa-nuclear\/\" title=\"Teher\u00e1n afirma que busca un \u00abacuerdo a largo plazo\u00bb sobre su programa nuclear\">Teher\u00e1n afirma que busca un \u00abacuerdo a largo plazo\u00bb sobre su programa nuclear<\/a>\n<\/span><\/div>","aioseo_breadcrumb_json":[{"label":"Home","link":"https:\/\/www.eldigitaldeasturias.com\/noticias"},{"label":"Actualidad","link":"https:\/\/www.eldigitaldeasturias.com\/noticias\/category\/actualidad\/"},{"label":"Teher\u00e1n afirma que busca un \u00abacuerdo a largo plazo\u00bb sobre su programa nuclear","link":"https:\/\/www.eldigitaldeasturias.com\/noticias\/teheran-afirma-que-busca-un-acuerdo-a-largo-plazo-sobre-su-programa-nuclear\/"}],"_links":{"self":[{"href":"https:\/\/www.eldigitaldeasturias.com\/noticias\/wp-json\/wp\/v2\/posts\/482253","targetHints":{"allow":["GET"]}}],"collection":[{"href":"https:\/\/www.eldigitaldeasturias.com\/noticias\/wp-json\/wp\/v2\/posts"}],"about":[{"href":"https:\/\/www.eldigitaldeasturias.com\/noticias\/wp-json\/wp\/v2\/types\/post"}],"author":[{"embeddable":true,"href":"https:\/\/www.eldigitaldeasturias.com\/noticias\/wp-json\/wp\/v2\/users\/1"}],"replies":[{"embeddable":true,"href":"https:\/\/www.eldigitaldeasturias.com\/noticias\/wp-json\/wp\/v2\/comments?post=482253"}],"version-history":[{"count":0,"href":"https:\/\/www.eldigitaldeasturias.com\/noticias\/wp-json\/wp\/v2\/posts\/482253\/revisions"}],"wp:attachment":[{"href":"https:\/\/www.eldigitaldeasturias.com\/noticias\/wp-json\/wp\/v2\/media?parent=482253"}],"wp:term":[{"taxonomy":"category","embeddable":true,"href":"https:\/\/www.eldigitaldeasturias.com\/noticias\/wp-json\/wp\/v2\/categories?post=482253"},{"taxonomy":"post_tag","embeddable":true,"href":"https:\/\/www.eldigitaldeasturias.com\/noticias\/wp-json\/wp\/v2\/tags?post=482253"}],"curies":[{"name":"wp","href":"https:\/\/api.w.org\/{rel}","templated":true}]}}