{"id":482229,"date":"2014-02-02T18:16:25","date_gmt":"2014-02-02T19:16:25","guid":{"rendered":"http:\/\/www.eldigitaldeasturias.com\/noticias\/?p=482229"},"modified":"2014-02-02T18:16:25","modified_gmt":"2014-02-02T19:16:25","slug":"la-reforma-fiscal-bajara-el-irpf-y-de-sociedades-desde-2015-y-eliminara-deducciones","status":"publish","type":"post","link":"https:\/\/www.eldigitaldeasturias.com\/noticias\/la-reforma-fiscal-bajara-el-irpf-y-de-sociedades-desde-2015-y-eliminara-deducciones\/","title":{"rendered":"La reforma fiscal bajar\u00e1 el IRPF y de Sociedades desde 2015 y eliminar\u00e1 deducciones"},"content":{"rendered":"<p><img loading=\"lazy\" decoding=\"async\" class=\"alignleft size-medium wp-image-482230\" alt=\"5901174w\" src=\"https:\/\/www.eldigitaldeasturias.com\/noticias\/wp-content\/uploads\/2014\/02\/5901174w-360x239.jpg\" width=\"360\" height=\"239\" \/>Madrid, 2 feb (EFE).- La bajada selectiva y progresiva del IRPF a partir de 2015, as\u00ed como la rebaja del impuesto de Sociedades y la eliminaci\u00f3n de deducciones, ser\u00e1n los dos ejes fundamentales de la reforma fiscal que est\u00e1 dise\u00f1ando el Gobierno con el objetivo de crear un nuevo sistema tributario m\u00e1s simple y equitativo.<\/p>\n<p>El Ejecutivo tambi\u00e9n quiere que la reforma contribuya a mejorar la situaci\u00f3n econ\u00f3mica de las familias y que ayude a impulsar la incipiente recuperaci\u00f3n de la econom\u00eda y la creaci\u00f3n de empleo.<\/p>\n<p>A la espera del informe encargado al comit\u00e9 de expertos, que debe ser entregado antes de que acabe el mes de febrero, el equipo econ\u00f3mico gubernamental tiene ya dise\u00f1adas las l\u00edneas generales de la reforma, que previsiblemente se presentar\u00e1 en primavera y entrar\u00e1 en vigor el pr\u00f3ximo a\u00f1o.<\/p>\n<p>Entre sus objetivos, el de fomentar la creaci\u00f3n de empleo, aunque est\u00e1 por ver si incluir\u00e1 una rebaja de las cotizaciones sociales que pagan las empresas, una circunstancia que estas vienen reclamando desde hace tiempo y que el Gobierno ha ido postergando por el d\u00e9ficit que atraviesa la Seguridad Social.<\/p>\n<p>El Ejecutivo s\u00ed tiene previsto cumplir con su compromiso de revertir la subida del IRPF que decret\u00f3 nada m\u00e1s llegar al poder y que se ha mantenido durante tres ejercicios, si bien parece que lo har\u00e1 de forma escalonada y con matices.<\/p>\n<p>A este respecto, el ministro de Hacienda y Administraciones P\u00fablicas, Crist\u00f3bal Montoro, ha dicho que ser\u00e1 un impuesto \u00abcompletamente nuevo\u00bb, que no guardar\u00e1 relaci\u00f3n con el dise\u00f1o que ten\u00eda en 2011, y ha recalcado que no se trata de devolverlo a como estaba hace tres a\u00f1os porque su configuraci\u00f3n variar\u00e1 notablemente.<\/p>\n<p>El ministro quiere que el IRPF sea equitativo, que se contribuya seg\u00fan la renta y la capacidad econ\u00f3mica, y que se aproxime a los sistemas fiscales m\u00e1s avanzados de los pa\u00edses del entorno.<\/p>\n<p>Probablemente una de las novedades ser\u00e1 el incremento de los m\u00ednimos personales y familiares y, la bonificaci\u00f3n a las familias numerosas.<\/p>\n<p>Una inc\u00f3gnita es saber si finalmente se suprimir\u00e1 la desgravaci\u00f3n por vivienda con car\u00e1cter retroactivo, ya que a pesar de que Hacienda ha subrayado que no se eliminar\u00e1, tal vez puede que se acote el n\u00famero de beneficiarios en funci\u00f3n de la renta.<\/p>\n<p>En cuanto al impuesto sobre Sociedades parece claro que la rebaja de tipos vendr\u00e1 acompa\u00f1ada de la eliminaci\u00f3n de algunas bonificaciones con el objetivo de que el gravamen nominal se aproxime al que realmente se paga, que habitualmente es inferior.<\/p>\n<p>Hacienda es consciente de que las grandes empresas, que deben pagar el 30 %, suelen abonar un tipo de entre el 5 y el 10 %.<\/p>\n<p>Los trabajadores aut\u00f3nomos podr\u00edan tener cambios en el r\u00e9gimen de m\u00f3dulos, un nicho de fraude seg\u00fan los expertos fiscales que abogan por determinar su tributaci\u00f3n en funci\u00f3n de los beneficios reales que obtenga su actividad.<\/p>\n<p>El IVA tambi\u00e9n se ver\u00e1 afectado por la reforma fiscal, ya que si bien Montoro ha descartado subidas adicionales de unos tipos que \u00abya est\u00e1n suficientemente altos\u00bb, s\u00ed se est\u00e1 estudiando que algunos productos pasen a cotizar en un tramo superior al actual, un cambio del que el ministro ya ha subrayado que estar\u00e1 exento el turismo.<\/p>\n<p>En este sentido, Hacienda sigue analizando con Bruselas el alcance de la sentencia de hace un a\u00f1o del Tribunal Europeo que obliga a Espa\u00f1a a elevar al tipo general del 21 % todo lo que no sean medicamentos para el consumidor final y los aparatos y complementos para uso personal y exclusivo de discapacitados.<\/p>\n<p>Est\u00e1 por ver qu\u00e9 ocurrir\u00e1 con los impuestos especiales y si se penalizar\u00e1 el tabaco, el alcohol y los hidrocarburos, que ya han subido a lo largo de la legislatura.<\/p>\n","protected":false},"excerpt":{"rendered":"<p>Madrid, 2 feb (EFE).- La bajada selectiva y progresiva del IRPF a partir de 2015, as\u00ed como la rebaja del impuesto de Sociedades y la eliminaci\u00f3n de deducciones, ser\u00e1n los dos ejes fundamentales de la reforma fiscal que est\u00e1 dise\u00f1ando el Gobierno con el objetivo de crear un nuevo sistema tributario m\u00e1s simple y equitativo. [&hellip;]<\/p>\n","protected":false},"author":1,"featured_media":482230,"comment_status":"closed","ping_status":"open","sticky":false,"template":"","format":"standard","meta":{"footnotes":""},"categories":[1],"tags":[],"class_list":["post-482229","post","type-post","status-publish","format-standard","has-post-thumbnail","hentry","category-actualidad"],"aioseo_notices":[],"aioseo_head":"\n\t\t<!-- All in One SEO Pro 5.0.1 - aioseo.com -->\n\t<meta name=\"description\" content=\"Madrid, 2 feb (EFE).- La bajada selectiva y progresiva del IRPF a partir de 2015, as\u00ed como la rebaja del impuesto de Sociedades y la eliminaci\u00f3n de deducciones, ser\u00e1n los dos ejes fundamentales de la reforma fiscal que est\u00e1 dise\u00f1ando el Gobierno con el objetivo de crear un nuevo sistema tributario m\u00e1s simple y equitativo.\" \/>\n\t<meta name=\"robots\" content=\"max-image-preview:large\" \/>\n\t<meta name=\"author\" content=\"El Digital de Asturias\"\/>\n\t<meta name=\"google-site-verification\" content=\"UA-38556648-1\" \/>\n\t<meta name=\"msvalidate.01\" content=\"7dfe9f3f1b24437ab69f4f2559babe99\" \/>\n\t<meta name=\"keywords\" content=\"actualidad\" \/>\n\t<link rel=\"canonical\" href=\"https:\/\/www.eldigitaldeasturias.com\/noticias\/la-reforma-fiscal-bajara-el-irpf-y-de-sociedades-desde-2015-y-eliminara-deducciones\/\" \/>\n\t<meta name=\"generator\" content=\"All in One SEO Pro (AIOSEO) 5.0.1\" \/>\n\t\t<meta property=\"og:locale\" content=\"es_ES\" \/>\n\t\t<meta property=\"og:site_name\" content=\"El Digital de Asturias\" \/>\n\t\t<meta property=\"og:type\" content=\"article\" \/>\n\t\t<meta property=\"og:title\" content=\"La reforma fiscal bajar\u00e1 el IRPF y de Sociedades desde 2015 y eliminar\u00e1 deducciones - El Digital de Asturias\" \/>\n\t\t<meta property=\"og:description\" content=\"Madrid, 2 feb (EFE).- La bajada selectiva y progresiva del IRPF a partir de 2015, as\u00ed como la rebaja del impuesto de Sociedades y la eliminaci\u00f3n de deducciones, ser\u00e1n los dos ejes fundamentales de la reforma fiscal que est\u00e1 dise\u00f1ando el Gobierno con el objetivo de crear un nuevo sistema tributario m\u00e1s simple y equitativo.\" \/>\n\t\t<meta property=\"og:url\" content=\"https:\/\/www.eldigitaldeasturias.com\/noticias\/la-reforma-fiscal-bajara-el-irpf-y-de-sociedades-desde-2015-y-eliminara-deducciones\/\" \/>\n\t\t<meta property=\"article:tag\" content=\"actualidad\" \/>\n\t\t<meta property=\"article:published_time\" content=\"2014-02-02T19:16:25+00:00\" \/>\n\t\t<meta property=\"article:modified_time\" content=\"2014-02-02T19:16:25+00:00\" \/>\n\t\t<meta property=\"article:publisher\" content=\"https:\/\/facebook.com\/eldigitaldeasturias\" \/>\n\t\t<meta name=\"twitter:card\" content=\"summary_large_image\" \/>\n\t\t<meta name=\"twitter:title\" content=\"La reforma fiscal bajar\u00e1 el IRPF y de Sociedades desde 2015 y eliminar\u00e1 deducciones - El Digital de Asturias\" \/>\n\t\t<meta name=\"twitter:description\" content=\"Madrid, 2 feb (EFE).- La bajada selectiva y progresiva del IRPF a partir de 2015, as\u00ed como la rebaja del impuesto de Sociedades y la eliminaci\u00f3n de deducciones, ser\u00e1n los dos ejes fundamentales de la reforma fiscal que est\u00e1 dise\u00f1ando el Gobierno con el objetivo de crear un nuevo sistema tributario m\u00e1s simple y equitativo.\" \/>\n\t\t<meta name=\"twitter:label1\" content=\"Escrito por\" \/>\n\t\t<meta name=\"twitter:data1\" content=\"El Digital de Asturias\" \/>\n\t\t<meta name=\"twitter:label2\" content=\"Tiempo de lectura estimado\" \/>\n\t\t<meta name=\"twitter:data2\" content=\"3 minutos\" \/>\n\t\t<script type=\"application\/ld+json\" class=\"aioseo-schema\">\n\t\t\t{\"@context\":\"https:\\\/\\\/schema.org\",\"@graph\":[{\"@type\":\"BlogPosting\",\"@id\":\"https:\\\/\\\/www.eldigitaldeasturias.com\\\/noticias\\\/la-reforma-fiscal-bajara-el-irpf-y-de-sociedades-desde-2015-y-eliminara-deducciones\\\/#blogposting\",\"name\":\"La reforma fiscal bajar\\u00e1 el IRPF y de Sociedades desde 2015 y eliminar\\u00e1 deducciones - El Digital de Asturias\",\"headline\":\"La reforma fiscal bajar\\u00e1 el IRPF y de Sociedades desde 2015 y eliminar\\u00e1 deducciones\",\"author\":{\"@id\":\"https:\\\/\\\/www.eldigitaldeasturias.com\\\/noticias\\\/author\\\/admin\\\/#author\"},\"publisher\":{\"@id\":\"https:\\\/\\\/www.eldigitaldeasturias.com\\\/noticias\\\/#organization\"},\"image\":{\"@type\":\"ImageObject\",\"url\":482230},\"datePublished\":\"2014-02-02T18:16:25+01:00\",\"dateModified\":\"2014-02-02T18:16:25+01:00\",\"inLanguage\":\"es-ES\",\"mainEntityOfPage\":{\"@id\":\"https:\\\/\\\/www.eldigitaldeasturias.com\\\/noticias\\\/la-reforma-fiscal-bajara-el-irpf-y-de-sociedades-desde-2015-y-eliminara-deducciones\\\/#webpage\"},\"isPartOf\":{\"@id\":\"https:\\\/\\\/www.eldigitaldeasturias.com\\\/noticias\\\/la-reforma-fiscal-bajara-el-irpf-y-de-sociedades-desde-2015-y-eliminara-deducciones\\\/#webpage\"},\"articleSection\":\"Actualidad\"},{\"@type\":\"BreadcrumbList\",\"@id\":\"https:\\\/\\\/www.eldigitaldeasturias.com\\\/noticias\\\/la-reforma-fiscal-bajara-el-irpf-y-de-sociedades-desde-2015-y-eliminara-deducciones\\\/#breadcrumblist\",\"itemListElement\":[{\"@type\":\"ListItem\",\"@id\":\"https:\\\/\\\/www.eldigitaldeasturias.com\\\/noticias#listItem\",\"position\":1,\"name\":\"Home\",\"item\":\"https:\\\/\\\/www.eldigitaldeasturias.com\\\/noticias\",\"nextItem\":{\"@type\":\"ListItem\",\"@id\":\"https:\\\/\\\/www.eldigitaldeasturias.com\\\/noticias\\\/category\\\/actualidad\\\/#listItem\",\"name\":\"Actualidad\"}},{\"@type\":\"ListItem\",\"@id\":\"https:\\\/\\\/www.eldigitaldeasturias.com\\\/noticias\\\/category\\\/actualidad\\\/#listItem\",\"position\":2,\"name\":\"Actualidad\",\"item\":\"https:\\\/\\\/www.eldigitaldeasturias.com\\\/noticias\\\/category\\\/actualidad\\\/\",\"nextItem\":{\"@type\":\"ListItem\",\"@id\":\"https:\\\/\\\/www.eldigitaldeasturias.com\\\/noticias\\\/la-reforma-fiscal-bajara-el-irpf-y-de-sociedades-desde-2015-y-eliminara-deducciones\\\/#listItem\",\"name\":\"La reforma fiscal bajar\\u00e1 el IRPF y de Sociedades desde 2015 y eliminar\\u00e1 deducciones\"},\"previousItem\":{\"@type\":\"ListItem\",\"@id\":\"https:\\\/\\\/www.eldigitaldeasturias.com\\\/noticias#listItem\",\"name\":\"Home\"}},{\"@type\":\"ListItem\",\"@id\":\"https:\\\/\\\/www.eldigitaldeasturias.com\\\/noticias\\\/la-reforma-fiscal-bajara-el-irpf-y-de-sociedades-desde-2015-y-eliminara-deducciones\\\/#listItem\",\"position\":3,\"name\":\"La reforma fiscal bajar\\u00e1 el IRPF y de Sociedades desde 2015 y eliminar\\u00e1 deducciones\",\"previousItem\":{\"@type\":\"ListItem\",\"@id\":\"https:\\\/\\\/www.eldigitaldeasturias.com\\\/noticias\\\/category\\\/actualidad\\\/#listItem\",\"name\":\"Actualidad\"}}]},{\"@type\":\"Organization\",\"@id\":\"https:\\\/\\\/www.eldigitaldeasturias.com\\\/noticias\\\/#organization\",\"name\":\"El Digital de Asturias\",\"description\":\"Hemeroteca\",\"url\":\"https:\\\/\\\/www.eldigitaldeasturias.com\\\/noticias\\\/\",\"email\":\"info@eldigitaldeasturias.com\",\"telephone\":\"+34652131393\",\"logo\":{\"@type\":\"ImageObject\",\"url\":\"https:\\\/\\\/www.eldigitaldeasturias.com\\\/noticias\\\/wp-content\\\/uploads\\\/2020\\\/12\\\/EDA.jpg\",\"@id\":\"https:\\\/\\\/www.eldigitaldeasturias.com\\\/noticias\\\/la-reforma-fiscal-bajara-el-irpf-y-de-sociedades-desde-2015-y-eliminara-deducciones\\\/#organizationLogo\"},\"image\":{\"@id\":\"https:\\\/\\\/www.eldigitaldeasturias.com\\\/noticias\\\/la-reforma-fiscal-bajara-el-irpf-y-de-sociedades-desde-2015-y-eliminara-deducciones\\\/#organizationLogo\"},\"sameAs\":[\"https:\\\/\\\/facebook.com\\\/eldigitaldeasturias\",\"https:\\\/\\\/www.youtube.com\\\/channel\\\/UCZP-2wLEB9Rv6erhFmqVnvg\"],\"address\":{\"@id\":\"https:\\\/\\\/www.eldigitaldeasturias.com\\\/noticias\\\/#postaladdress\",\"@type\":\"PostalAddress\",\"streetAddress\":\"san antonio 4\",\"postalCode\":\"33430\",\"addressLocality\":\"Cand\\u00e1s\",\"addressRegion\":\"Asturias\",\"addressCountry\":\"ES\"}},{\"@type\":\"Person\",\"@id\":\"https:\\\/\\\/www.eldigitaldeasturias.com\\\/noticias\\\/author\\\/admin\\\/#author\",\"url\":\"https:\\\/\\\/www.eldigitaldeasturias.com\\\/noticias\\\/author\\\/admin\\\/\",\"name\":\"El Digital de Asturias\",\"image\":{\"@type\":\"ImageObject\",\"@id\":\"https:\\\/\\\/www.eldigitaldeasturias.com\\\/noticias\\\/la-reforma-fiscal-bajara-el-irpf-y-de-sociedades-desde-2015-y-eliminara-deducciones\\\/#authorImage\",\"url\":\"https:\\\/\\\/secure.gravatar.com\\\/avatar\\\/df2aeffc32bcd13f8d26072ef8a91b623d677766deac7f97ca815868cd41bf5e?s=96&d=mm&r=g\",\"width\":96,\"height\":96,\"caption\":\"El Digital de Asturias\"}},{\"@type\":\"WebPage\",\"@id\":\"https:\\\/\\\/www.eldigitaldeasturias.com\\\/noticias\\\/la-reforma-fiscal-bajara-el-irpf-y-de-sociedades-desde-2015-y-eliminara-deducciones\\\/#webpage\",\"url\":\"https:\\\/\\\/www.eldigitaldeasturias.com\\\/noticias\\\/la-reforma-fiscal-bajara-el-irpf-y-de-sociedades-desde-2015-y-eliminara-deducciones\\\/\",\"name\":\"La reforma fiscal bajar\\u00e1 el IRPF y de Sociedades desde 2015 y eliminar\\u00e1 deducciones - El Digital de Asturias\",\"description\":\"Madrid, 2 feb (EFE).- La bajada selectiva y progresiva del IRPF a partir de 2015, as\\u00ed como la rebaja del impuesto de Sociedades y la eliminaci\\u00f3n de deducciones, ser\\u00e1n los dos ejes fundamentales de la reforma fiscal que est\\u00e1 dise\\u00f1ando el Gobierno con el objetivo de crear un nuevo sistema tributario m\\u00e1s simple y equitativo.\",\"inLanguage\":\"es-ES\",\"isPartOf\":{\"@id\":\"https:\\\/\\\/www.eldigitaldeasturias.com\\\/noticias\\\/#website\"},\"breadcrumb\":{\"@id\":\"https:\\\/\\\/www.eldigitaldeasturias.com\\\/noticias\\\/la-reforma-fiscal-bajara-el-irpf-y-de-sociedades-desde-2015-y-eliminara-deducciones\\\/#breadcrumblist\"},\"author\":{\"@id\":\"https:\\\/\\\/www.eldigitaldeasturias.com\\\/noticias\\\/author\\\/admin\\\/#author\"},\"creator\":{\"@id\":\"https:\\\/\\\/www.eldigitaldeasturias.com\\\/noticias\\\/author\\\/admin\\\/#author\"},\"image\":{\"@type\":\"ImageObject\",\"url\":482230,\"@id\":\"https:\\\/\\\/www.eldigitaldeasturias.com\\\/noticias\\\/la-reforma-fiscal-bajara-el-irpf-y-de-sociedades-desde-2015-y-eliminara-deducciones\\\/#mainImage\"},\"primaryImageOfPage\":{\"@id\":\"https:\\\/\\\/www.eldigitaldeasturias.com\\\/noticias\\\/la-reforma-fiscal-bajara-el-irpf-y-de-sociedades-desde-2015-y-eliminara-deducciones\\\/#mainImage\"},\"datePublished\":\"2014-02-02T18:16:25+01:00\",\"dateModified\":\"2014-02-02T18:16:25+01:00\"},{\"@type\":\"WebSite\",\"@id\":\"https:\\\/\\\/www.eldigitaldeasturias.com\\\/noticias\\\/#website\",\"url\":\"https:\\\/\\\/www.eldigitaldeasturias.com\\\/noticias\\\/\",\"name\":\"El Digital de Asturias - Diario de actualidad y noticias\",\"alternateName\":\"El Digital de Asturias - Diario de actualidad y noticias\",\"description\":\"Hemeroteca\",\"inLanguage\":\"es-ES\",\"publisher\":{\"@id\":\"https:\\\/\\\/www.eldigitaldeasturias.com\\\/noticias\\\/#organization\"}}]}\n\t\t<\/script>\n\t\t<!-- All in One SEO Pro -->\r\n\t\t<title>La reforma fiscal bajar\u00e1 el IRPF y de Sociedades desde 2015 y eliminar\u00e1 deducciones - El Digital de Asturias<\/title>\n\n","aioseo_head_json":{"title":"La reforma fiscal bajar\u00e1 el IRPF y de Sociedades desde 2015 y eliminar\u00e1 deducciones - El Digital de Asturias","description":"Madrid, 2 feb (EFE).- La bajada selectiva y progresiva del IRPF a partir de 2015, as\u00ed como la rebaja del impuesto de Sociedades y la eliminaci\u00f3n de deducciones, ser\u00e1n los dos ejes fundamentales de la reforma fiscal que est\u00e1 dise\u00f1ando el Gobierno con el objetivo de crear un nuevo sistema tributario m\u00e1s simple y equitativo.","canonical_url":"https:\/\/www.eldigitaldeasturias.com\/noticias\/la-reforma-fiscal-bajara-el-irpf-y-de-sociedades-desde-2015-y-eliminara-deducciones\/","robots":"max-image-preview:large","keywords":"actualidad","webmasterTools":{"google-site-verification":"UA-38556648-1","msvalidate.01":"7dfe9f3f1b24437ab69f4f2559babe99","miscellaneous":""},"schema":{"@context":"https:\/\/schema.org","@graph":[{"@type":"BlogPosting","@id":"https:\/\/www.eldigitaldeasturias.com\/noticias\/la-reforma-fiscal-bajara-el-irpf-y-de-sociedades-desde-2015-y-eliminara-deducciones\/#blogposting","name":"La reforma fiscal bajar\u00e1 el IRPF y de Sociedades desde 2015 y eliminar\u00e1 deducciones - El Digital de Asturias","headline":"La reforma fiscal bajar\u00e1 el IRPF y de Sociedades desde 2015 y eliminar\u00e1 deducciones","author":{"@id":"https:\/\/www.eldigitaldeasturias.com\/noticias\/author\/admin\/#author"},"publisher":{"@id":"https:\/\/www.eldigitaldeasturias.com\/noticias\/#organization"},"image":{"@type":"ImageObject","url":482230},"datePublished":"2014-02-02T18:16:25+01:00","dateModified":"2014-02-02T18:16:25+01:00","inLanguage":"es-ES","mainEntityOfPage":{"@id":"https:\/\/www.eldigitaldeasturias.com\/noticias\/la-reforma-fiscal-bajara-el-irpf-y-de-sociedades-desde-2015-y-eliminara-deducciones\/#webpage"},"isPartOf":{"@id":"https:\/\/www.eldigitaldeasturias.com\/noticias\/la-reforma-fiscal-bajara-el-irpf-y-de-sociedades-desde-2015-y-eliminara-deducciones\/#webpage"},"articleSection":"Actualidad"},{"@type":"BreadcrumbList","@id":"https:\/\/www.eldigitaldeasturias.com\/noticias\/la-reforma-fiscal-bajara-el-irpf-y-de-sociedades-desde-2015-y-eliminara-deducciones\/#breadcrumblist","itemListElement":[{"@type":"ListItem","@id":"https:\/\/www.eldigitaldeasturias.com\/noticias#listItem","position":1,"name":"Home","item":"https:\/\/www.eldigitaldeasturias.com\/noticias","nextItem":{"@type":"ListItem","@id":"https:\/\/www.eldigitaldeasturias.com\/noticias\/category\/actualidad\/#listItem","name":"Actualidad"}},{"@type":"ListItem","@id":"https:\/\/www.eldigitaldeasturias.com\/noticias\/category\/actualidad\/#listItem","position":2,"name":"Actualidad","item":"https:\/\/www.eldigitaldeasturias.com\/noticias\/category\/actualidad\/","nextItem":{"@type":"ListItem","@id":"https:\/\/www.eldigitaldeasturias.com\/noticias\/la-reforma-fiscal-bajara-el-irpf-y-de-sociedades-desde-2015-y-eliminara-deducciones\/#listItem","name":"La reforma fiscal bajar\u00e1 el IRPF y de Sociedades desde 2015 y eliminar\u00e1 deducciones"},"previousItem":{"@type":"ListItem","@id":"https:\/\/www.eldigitaldeasturias.com\/noticias#listItem","name":"Home"}},{"@type":"ListItem","@id":"https:\/\/www.eldigitaldeasturias.com\/noticias\/la-reforma-fiscal-bajara-el-irpf-y-de-sociedades-desde-2015-y-eliminara-deducciones\/#listItem","position":3,"name":"La reforma fiscal bajar\u00e1 el IRPF y de Sociedades desde 2015 y eliminar\u00e1 deducciones","previousItem":{"@type":"ListItem","@id":"https:\/\/www.eldigitaldeasturias.com\/noticias\/category\/actualidad\/#listItem","name":"Actualidad"}}]},{"@type":"Organization","@id":"https:\/\/www.eldigitaldeasturias.com\/noticias\/#organization","name":"El Digital de Asturias","description":"Hemeroteca","url":"https:\/\/www.eldigitaldeasturias.com\/noticias\/","email":"info@eldigitaldeasturias.com","telephone":"+34652131393","logo":{"@type":"ImageObject","url":"https:\/\/www.eldigitaldeasturias.com\/noticias\/wp-content\/uploads\/2020\/12\/EDA.jpg","@id":"https:\/\/www.eldigitaldeasturias.com\/noticias\/la-reforma-fiscal-bajara-el-irpf-y-de-sociedades-desde-2015-y-eliminara-deducciones\/#organizationLogo"},"image":{"@id":"https:\/\/www.eldigitaldeasturias.com\/noticias\/la-reforma-fiscal-bajara-el-irpf-y-de-sociedades-desde-2015-y-eliminara-deducciones\/#organizationLogo"},"sameAs":["https:\/\/facebook.com\/eldigitaldeasturias","https:\/\/www.youtube.com\/channel\/UCZP-2wLEB9Rv6erhFmqVnvg"],"address":{"@id":"https:\/\/www.eldigitaldeasturias.com\/noticias\/#postaladdress","@type":"PostalAddress","streetAddress":"san antonio 4","postalCode":"33430","addressLocality":"Cand\u00e1s","addressRegion":"Asturias","addressCountry":"ES"}},{"@type":"Person","@id":"https:\/\/www.eldigitaldeasturias.com\/noticias\/author\/admin\/#author","url":"https:\/\/www.eldigitaldeasturias.com\/noticias\/author\/admin\/","name":"El Digital de Asturias","image":{"@type":"ImageObject","@id":"https:\/\/www.eldigitaldeasturias.com\/noticias\/la-reforma-fiscal-bajara-el-irpf-y-de-sociedades-desde-2015-y-eliminara-deducciones\/#authorImage","url":"https:\/\/secure.gravatar.com\/avatar\/df2aeffc32bcd13f8d26072ef8a91b623d677766deac7f97ca815868cd41bf5e?s=96&d=mm&r=g","width":96,"height":96,"caption":"El Digital de Asturias"}},{"@type":"WebPage","@id":"https:\/\/www.eldigitaldeasturias.com\/noticias\/la-reforma-fiscal-bajara-el-irpf-y-de-sociedades-desde-2015-y-eliminara-deducciones\/#webpage","url":"https:\/\/www.eldigitaldeasturias.com\/noticias\/la-reforma-fiscal-bajara-el-irpf-y-de-sociedades-desde-2015-y-eliminara-deducciones\/","name":"La reforma fiscal bajar\u00e1 el IRPF y de Sociedades desde 2015 y eliminar\u00e1 deducciones - El Digital de Asturias","description":"Madrid, 2 feb (EFE).- La bajada selectiva y progresiva del IRPF a partir de 2015, as\u00ed como la rebaja del impuesto de Sociedades y la eliminaci\u00f3n de deducciones, ser\u00e1n los dos ejes fundamentales de la reforma fiscal que est\u00e1 dise\u00f1ando el Gobierno con el objetivo de crear un nuevo sistema tributario m\u00e1s simple y equitativo.","inLanguage":"es-ES","isPartOf":{"@id":"https:\/\/www.eldigitaldeasturias.com\/noticias\/#website"},"breadcrumb":{"@id":"https:\/\/www.eldigitaldeasturias.com\/noticias\/la-reforma-fiscal-bajara-el-irpf-y-de-sociedades-desde-2015-y-eliminara-deducciones\/#breadcrumblist"},"author":{"@id":"https:\/\/www.eldigitaldeasturias.com\/noticias\/author\/admin\/#author"},"creator":{"@id":"https:\/\/www.eldigitaldeasturias.com\/noticias\/author\/admin\/#author"},"image":{"@type":"ImageObject","url":482230,"@id":"https:\/\/www.eldigitaldeasturias.com\/noticias\/la-reforma-fiscal-bajara-el-irpf-y-de-sociedades-desde-2015-y-eliminara-deducciones\/#mainImage"},"primaryImageOfPage":{"@id":"https:\/\/www.eldigitaldeasturias.com\/noticias\/la-reforma-fiscal-bajara-el-irpf-y-de-sociedades-desde-2015-y-eliminara-deducciones\/#mainImage"},"datePublished":"2014-02-02T18:16:25+01:00","dateModified":"2014-02-02T18:16:25+01:00"},{"@type":"WebSite","@id":"https:\/\/www.eldigitaldeasturias.com\/noticias\/#website","url":"https:\/\/www.eldigitaldeasturias.com\/noticias\/","name":"El Digital de Asturias - Diario de actualidad y noticias","alternateName":"El Digital de Asturias - Diario de actualidad y noticias","description":"Hemeroteca","inLanguage":"es-ES","publisher":{"@id":"https:\/\/www.eldigitaldeasturias.com\/noticias\/#organization"}}]},"og:locale":"es_ES","og:site_name":"El Digital de Asturias","og:type":"article","og:title":"La reforma fiscal bajar\u00e1 el IRPF y de Sociedades desde 2015 y eliminar\u00e1 deducciones - El Digital de Asturias","og:description":"Madrid, 2 feb (EFE).- La bajada selectiva y progresiva del IRPF a partir de 2015, as\u00ed como la rebaja del impuesto de Sociedades y la eliminaci\u00f3n de deducciones, ser\u00e1n los dos ejes fundamentales de la reforma fiscal que est\u00e1 dise\u00f1ando el Gobierno con el objetivo de crear un nuevo sistema tributario m\u00e1s simple y equitativo.","og:url":"https:\/\/www.eldigitaldeasturias.com\/noticias\/la-reforma-fiscal-bajara-el-irpf-y-de-sociedades-desde-2015-y-eliminara-deducciones\/","article:tag":["actualidad"],"article:published_time":"2014-02-02T19:16:25+00:00","article:modified_time":"2014-02-02T19:16:25+00:00","article:publisher":"https:\/\/facebook.com\/eldigitaldeasturias","twitter:card":"summary_large_image","twitter:title":"La reforma fiscal bajar\u00e1 el IRPF y de Sociedades desde 2015 y eliminar\u00e1 deducciones - El Digital de Asturias","twitter:description":"Madrid, 2 feb (EFE).- La bajada selectiva y progresiva del IRPF a partir de 2015, as\u00ed como la rebaja del impuesto de Sociedades y la eliminaci\u00f3n de deducciones, ser\u00e1n los dos ejes fundamentales de la reforma fiscal que est\u00e1 dise\u00f1ando el Gobierno con el objetivo de crear un nuevo sistema tributario m\u00e1s simple y equitativo.","twitter:label1":"Escrito por","twitter:data1":"El Digital de Asturias","twitter:label2":"Tiempo de lectura estimado","twitter:data2":"3 minutos"},"aioseo_meta_data":{"post_id":"482229","title":null,"description":null,"keywords":null,"keyphrases":null,"primary_term":null,"canonical_url":null,"og_title":null,"og_description":null,"og_object_type":"default","og_image_type":"default","og_image_url":null,"og_image_width":null,"og_image_height":null,"og_image_custom_url":null,"og_image_custom_fields":null,"og_video":null,"og_custom_url":null,"og_article_section":null,"og_article_tags":null,"twitter_use_og":true,"twitter_card":"default","twitter_image_type":"default","twitter_image_url":null,"twitter_image_custom_url":null,"twitter_image_custom_fields":null,"twitter_title":null,"twitter_description":null,"schema":{"blockGraphs":[],"customGraphs":[],"default":{"data":{"Article":[],"Course":[],"Dataset":[],"FAQPage":[],"Movie":[],"Person":[],"Product":[],"ProductReview":[],"Car":[],"Recipe":[],"Service":[],"SoftwareApplication":[],"WebPage":[]},"graphName":"","isEnabled":true},"graphs":[],"defaultGraph":"","defaultPostTypeGraph":""},"schema_type":null,"schema_type_options":null,"pillar_content":false,"robots_default":true,"robots_noindex":false,"robots_noarchive":false,"robots_nosnippet":false,"robots_nofollow":false,"robots_noimageindex":false,"robots_noodp":false,"robots_notranslate":false,"robots_max_snippet":null,"robots_max_videopreview":null,"robots_max_imagepreview":"none","priority":null,"frequency":null,"local_seo":null,"seo_analyzer_scan_date":"2026-06-02 09:13:53","breadcrumb_settings":null,"limit_modified_date":false,"open_ai":null,"ai":null,"created":"2020-11-14 22:54:33","updated":"2026-06-02 09:13:53","focus_keyword":null,"additional_keywords":null,"truseo_locale":null},"aioseo_breadcrumb":"<div class=\"aioseo-breadcrumbs\"><span class=\"aioseo-breadcrumb\">\n\t<a href=\"https:\/\/www.eldigitaldeasturias.com\/noticias\" title=\"Home\">Home<\/a>\n<\/span><span class=\"aioseo-breadcrumb-separator\">\u2013<\/span><span class=\"aioseo-breadcrumb\">\n\t<a href=\"https:\/\/www.eldigitaldeasturias.com\/noticias\/category\/actualidad\/\" title=\"Actualidad\">Actualidad<\/a>\n<\/span><span class=\"aioseo-breadcrumb-separator\">\u2013<\/span><span class=\"aioseo-breadcrumb\">\n\t<a href=\"https:\/\/www.eldigitaldeasturias.com\/noticias\/la-reforma-fiscal-bajara-el-irpf-y-de-sociedades-desde-2015-y-eliminara-deducciones\/\" title=\"La reforma fiscal bajar\u00e1 el IRPF y de Sociedades desde 2015 y eliminar\u00e1 deducciones\">La reforma fiscal bajar\u00e1 el IRPF y de Sociedades desde 2015 y eliminar\u00e1 deducciones<\/a>\n<\/span><\/div>","aioseo_breadcrumb_json":[{"label":"Home","link":"https:\/\/www.eldigitaldeasturias.com\/noticias"},{"label":"Actualidad","link":"https:\/\/www.eldigitaldeasturias.com\/noticias\/category\/actualidad\/"},{"label":"La reforma fiscal bajar\u00e1 el IRPF y de Sociedades desde 2015 y eliminar\u00e1 deducciones","link":"https:\/\/www.eldigitaldeasturias.com\/noticias\/la-reforma-fiscal-bajara-el-irpf-y-de-sociedades-desde-2015-y-eliminara-deducciones\/"}],"_links":{"self":[{"href":"https:\/\/www.eldigitaldeasturias.com\/noticias\/wp-json\/wp\/v2\/posts\/482229","targetHints":{"allow":["GET"]}}],"collection":[{"href":"https:\/\/www.eldigitaldeasturias.com\/noticias\/wp-json\/wp\/v2\/posts"}],"about":[{"href":"https:\/\/www.eldigitaldeasturias.com\/noticias\/wp-json\/wp\/v2\/types\/post"}],"author":[{"embeddable":true,"href":"https:\/\/www.eldigitaldeasturias.com\/noticias\/wp-json\/wp\/v2\/users\/1"}],"replies":[{"embeddable":true,"href":"https:\/\/www.eldigitaldeasturias.com\/noticias\/wp-json\/wp\/v2\/comments?post=482229"}],"version-history":[{"count":0,"href":"https:\/\/www.eldigitaldeasturias.com\/noticias\/wp-json\/wp\/v2\/posts\/482229\/revisions"}],"wp:attachment":[{"href":"https:\/\/www.eldigitaldeasturias.com\/noticias\/wp-json\/wp\/v2\/media?parent=482229"}],"wp:term":[{"taxonomy":"category","embeddable":true,"href":"https:\/\/www.eldigitaldeasturias.com\/noticias\/wp-json\/wp\/v2\/categories?post=482229"},{"taxonomy":"post_tag","embeddable":true,"href":"https:\/\/www.eldigitaldeasturias.com\/noticias\/wp-json\/wp\/v2\/tags?post=482229"}],"curies":[{"name":"wp","href":"https:\/\/api.w.org\/{rel}","templated":true}]}}