{"id":482178,"date":"2014-02-02T17:26:48","date_gmt":"2014-02-02T18:26:48","guid":{"rendered":"http:\/\/www.eldigitaldeasturias.com\/noticias\/?p=482178"},"modified":"2014-02-02T17:26:48","modified_gmt":"2014-02-02T18:26:48","slug":"asesinan-a-un-miembro-de-al-fatah-en-un-campo-de-refugiados-del-sur-de-libano","status":"publish","type":"post","link":"https:\/\/www.eldigitaldeasturias.com\/noticias\/asesinan-a-un-miembro-de-al-fatah-en-un-campo-de-refugiados-del-sur-de-libano\/","title":{"rendered":"Asesinan a un miembro de Al Fatah en un campo de refugiados del sur de L\u00edbano"},"content":{"rendered":"<p><img loading=\"lazy\" decoding=\"async\" class=\"alignleft size-medium wp-image-482179\" alt=\"5901017w\" src=\"https:\/\/www.eldigitaldeasturias.com\/noticias\/wp-content\/uploads\/2014\/02\/5901017w-360x251.jpg\" width=\"360\" height=\"251\" \/>Beirut, 2 feb (EFE).- Un miembro del movimiento palestino Al Fatah fue asesinado hoy en un campo de refugiados del sur del L\u00edbano, lo que provoc\u00f3 un repunte de la tensi\u00f3n en la zona, escenario frecuente de choques entre facciones palestinas rivales.<\/p>\n<p>Elementos enmascarados dispararon a Wisam Abul Kel cuando estaba cerca del mercado del campamento de Ain el Helu, el m\u00e1s grande del L\u00edbano y situado en la periferia de la ciudad de Sid\u00f3n, inform\u00f3 la agencia libanesa, ANN.<\/p>\n<p>Los familiares de Kel bloquearon una de las arterias del campo de refugiados en protesta por el crimen, mientras que los comit\u00e9s encargados de la seguridad entablaron contactos para restablecer la calma.<\/p>\n<p>Por otro lado, una disputa personal degener\u00f3 anoche en violentos enfrentamientos en el mercado de la ciudad de Tr\u00edpoli, en el norte del L\u00edbano.<\/p>\n<p>Una persona muri\u00f3 y otra result\u00f3 herida en estos sucesos, que acabaron con varios coches y comercios incendiados.<\/p>\n<p>La seguridad se ha deteriorado en el L\u00edbano desde el inicio del conflicto sirio, en marzo de 2011, con un aumento de enfrentamientos sectarios, atentados terroristas y secuestros.<\/p>\n<p>Ayer, cuatro personas murieron y otras 28 resultaron heridas por la explosi\u00f3n de un coche bomba en la ciudad de Hermel, en el noreste del pa\u00eds, acto reivindicado por el Frente al Nusra en el L\u00edbano, afiliado a Al Qaeda.<\/p>\n","protected":false},"excerpt":{"rendered":"<p>Beirut, 2 feb (EFE).- Un miembro del movimiento palestino Al Fatah fue asesinado hoy en un campo de refugiados del sur del L\u00edbano, lo que provoc\u00f3 un repunte de la tensi\u00f3n en la zona, escenario frecuente de choques entre facciones palestinas rivales. Elementos enmascarados dispararon a Wisam Abul Kel cuando estaba cerca del mercado del [&hellip;]<\/p>\n","protected":false},"author":1,"featured_media":482179,"comment_status":"closed","ping_status":"open","sticky":false,"template":"","format":"standard","meta":{"footnotes":""},"categories":[1],"tags":[],"class_list":["post-482178","post","type-post","status-publish","format-standard","has-post-thumbnail","hentry","category-actualidad"],"aioseo_notices":[],"aioseo_head":"\n\t\t<!-- All in One SEO Pro 5.0.1 - aioseo.com -->\n\t<meta name=\"description\" content=\"Beirut, 2 feb (EFE).- Un miembro del movimiento palestino Al Fatah fue asesinado hoy en un campo de refugiados del sur del L\u00edbano, lo que provoc\u00f3 un repunte de la tensi\u00f3n en la zona, escenario frecuente de choques entre facciones palestinas rivales. Elementos enmascarados dispararon a Wisam Abul Kel cuando estaba cerca del mercado del\" \/>\n\t<meta name=\"robots\" content=\"max-image-preview:large\" \/>\n\t<meta name=\"author\" content=\"El Digital de Asturias\"\/>\n\t<meta name=\"google-site-verification\" content=\"UA-38556648-1\" \/>\n\t<meta name=\"msvalidate.01\" content=\"7dfe9f3f1b24437ab69f4f2559babe99\" \/>\n\t<meta name=\"keywords\" content=\"actualidad\" \/>\n\t<link rel=\"canonical\" href=\"https:\/\/www.eldigitaldeasturias.com\/noticias\/asesinan-a-un-miembro-de-al-fatah-en-un-campo-de-refugiados-del-sur-de-libano\/\" \/>\n\t<meta name=\"generator\" content=\"All in One SEO Pro (AIOSEO) 5.0.1\" \/>\n\t\t<meta property=\"og:locale\" content=\"es_ES\" \/>\n\t\t<meta property=\"og:site_name\" content=\"El Digital de Asturias\" \/>\n\t\t<meta property=\"og:type\" content=\"article\" \/>\n\t\t<meta property=\"og:title\" content=\"Asesinan a un miembro de Al Fatah en un campo de refugiados del sur de L\u00edbano - El Digital de Asturias\" \/>\n\t\t<meta property=\"og:description\" content=\"Beirut, 2 feb (EFE).- Un miembro del movimiento palestino Al Fatah fue asesinado hoy en un campo de refugiados del sur del L\u00edbano, lo que provoc\u00f3 un repunte de la tensi\u00f3n en la zona, escenario frecuente de choques entre facciones palestinas rivales. Elementos enmascarados dispararon a Wisam Abul Kel cuando estaba cerca del mercado del\" \/>\n\t\t<meta property=\"og:url\" content=\"https:\/\/www.eldigitaldeasturias.com\/noticias\/asesinan-a-un-miembro-de-al-fatah-en-un-campo-de-refugiados-del-sur-de-libano\/\" \/>\n\t\t<meta property=\"article:tag\" content=\"actualidad\" \/>\n\t\t<meta property=\"article:published_time\" content=\"2014-02-02T18:26:48+00:00\" \/>\n\t\t<meta property=\"article:modified_time\" content=\"2014-02-02T18:26:48+00:00\" \/>\n\t\t<meta property=\"article:publisher\" content=\"https:\/\/facebook.com\/eldigitaldeasturias\" \/>\n\t\t<meta name=\"twitter:card\" content=\"summary_large_image\" \/>\n\t\t<meta name=\"twitter:title\" content=\"Asesinan a un miembro de Al Fatah en un campo de refugiados del sur de L\u00edbano - El Digital de Asturias\" \/>\n\t\t<meta name=\"twitter:description\" content=\"Beirut, 2 feb (EFE).- Un miembro del movimiento palestino Al Fatah fue asesinado hoy en un campo de refugiados del sur del L\u00edbano, lo que provoc\u00f3 un repunte de la tensi\u00f3n en la zona, escenario frecuente de choques entre facciones palestinas rivales. Elementos enmascarados dispararon a Wisam Abul Kel cuando estaba cerca del mercado del\" \/>\n\t\t<meta name=\"twitter:label1\" content=\"Escrito por\" \/>\n\t\t<meta name=\"twitter:data1\" content=\"El Digital de Asturias\" \/>\n\t\t<meta name=\"twitter:label2\" content=\"Tiempo de lectura estimado\" \/>\n\t\t<meta name=\"twitter:data2\" content=\"1 minuto\" \/>\n\t\t<script type=\"application\/ld+json\" class=\"aioseo-schema\">\n\t\t\t{\"@context\":\"https:\\\/\\\/schema.org\",\"@graph\":[{\"@type\":\"BlogPosting\",\"@id\":\"https:\\\/\\\/www.eldigitaldeasturias.com\\\/noticias\\\/asesinan-a-un-miembro-de-al-fatah-en-un-campo-de-refugiados-del-sur-de-libano\\\/#blogposting\",\"name\":\"Asesinan a un miembro de Al Fatah en un campo de refugiados del sur de L\\u00edbano - El Digital de Asturias\",\"headline\":\"Asesinan a un miembro de Al Fatah en un campo de refugiados del sur de L\\u00edbano\",\"author\":{\"@id\":\"https:\\\/\\\/www.eldigitaldeasturias.com\\\/noticias\\\/author\\\/admin\\\/#author\"},\"publisher\":{\"@id\":\"https:\\\/\\\/www.eldigitaldeasturias.com\\\/noticias\\\/#organization\"},\"image\":{\"@type\":\"ImageObject\",\"url\":482179},\"datePublished\":\"2014-02-02T17:26:48+01:00\",\"dateModified\":\"2014-02-02T17:26:48+01:00\",\"inLanguage\":\"es-ES\",\"mainEntityOfPage\":{\"@id\":\"https:\\\/\\\/www.eldigitaldeasturias.com\\\/noticias\\\/asesinan-a-un-miembro-de-al-fatah-en-un-campo-de-refugiados-del-sur-de-libano\\\/#webpage\"},\"isPartOf\":{\"@id\":\"https:\\\/\\\/www.eldigitaldeasturias.com\\\/noticias\\\/asesinan-a-un-miembro-de-al-fatah-en-un-campo-de-refugiados-del-sur-de-libano\\\/#webpage\"},\"articleSection\":\"Actualidad\"},{\"@type\":\"BreadcrumbList\",\"@id\":\"https:\\\/\\\/www.eldigitaldeasturias.com\\\/noticias\\\/asesinan-a-un-miembro-de-al-fatah-en-un-campo-de-refugiados-del-sur-de-libano\\\/#breadcrumblist\",\"itemListElement\":[{\"@type\":\"ListItem\",\"@id\":\"https:\\\/\\\/www.eldigitaldeasturias.com\\\/noticias#listItem\",\"position\":1,\"name\":\"Home\",\"item\":\"https:\\\/\\\/www.eldigitaldeasturias.com\\\/noticias\",\"nextItem\":{\"@type\":\"ListItem\",\"@id\":\"https:\\\/\\\/www.eldigitaldeasturias.com\\\/noticias\\\/category\\\/actualidad\\\/#listItem\",\"name\":\"Actualidad\"}},{\"@type\":\"ListItem\",\"@id\":\"https:\\\/\\\/www.eldigitaldeasturias.com\\\/noticias\\\/category\\\/actualidad\\\/#listItem\",\"position\":2,\"name\":\"Actualidad\",\"item\":\"https:\\\/\\\/www.eldigitaldeasturias.com\\\/noticias\\\/category\\\/actualidad\\\/\",\"nextItem\":{\"@type\":\"ListItem\",\"@id\":\"https:\\\/\\\/www.eldigitaldeasturias.com\\\/noticias\\\/asesinan-a-un-miembro-de-al-fatah-en-un-campo-de-refugiados-del-sur-de-libano\\\/#listItem\",\"name\":\"Asesinan a un miembro de Al Fatah en un campo de refugiados del sur de L\\u00edbano\"},\"previousItem\":{\"@type\":\"ListItem\",\"@id\":\"https:\\\/\\\/www.eldigitaldeasturias.com\\\/noticias#listItem\",\"name\":\"Home\"}},{\"@type\":\"ListItem\",\"@id\":\"https:\\\/\\\/www.eldigitaldeasturias.com\\\/noticias\\\/asesinan-a-un-miembro-de-al-fatah-en-un-campo-de-refugiados-del-sur-de-libano\\\/#listItem\",\"position\":3,\"name\":\"Asesinan a un miembro de Al Fatah en un campo de refugiados del sur de L\\u00edbano\",\"previousItem\":{\"@type\":\"ListItem\",\"@id\":\"https:\\\/\\\/www.eldigitaldeasturias.com\\\/noticias\\\/category\\\/actualidad\\\/#listItem\",\"name\":\"Actualidad\"}}]},{\"@type\":\"Organization\",\"@id\":\"https:\\\/\\\/www.eldigitaldeasturias.com\\\/noticias\\\/#organization\",\"name\":\"El Digital de Asturias\",\"description\":\"Hemeroteca\",\"url\":\"https:\\\/\\\/www.eldigitaldeasturias.com\\\/noticias\\\/\",\"email\":\"info@eldigitaldeasturias.com\",\"telephone\":\"+34652131393\",\"logo\":{\"@type\":\"ImageObject\",\"url\":\"https:\\\/\\\/www.eldigitaldeasturias.com\\\/noticias\\\/wp-content\\\/uploads\\\/2020\\\/12\\\/EDA.jpg\",\"@id\":\"https:\\\/\\\/www.eldigitaldeasturias.com\\\/noticias\\\/asesinan-a-un-miembro-de-al-fatah-en-un-campo-de-refugiados-del-sur-de-libano\\\/#organizationLogo\"},\"image\":{\"@id\":\"https:\\\/\\\/www.eldigitaldeasturias.com\\\/noticias\\\/asesinan-a-un-miembro-de-al-fatah-en-un-campo-de-refugiados-del-sur-de-libano\\\/#organizationLogo\"},\"sameAs\":[\"https:\\\/\\\/facebook.com\\\/eldigitaldeasturias\",\"https:\\\/\\\/www.youtube.com\\\/channel\\\/UCZP-2wLEB9Rv6erhFmqVnvg\"],\"address\":{\"@id\":\"https:\\\/\\\/www.eldigitaldeasturias.com\\\/noticias\\\/#postaladdress\",\"@type\":\"PostalAddress\",\"streetAddress\":\"san antonio 4\",\"postalCode\":\"33430\",\"addressLocality\":\"Cand\\u00e1s\",\"addressRegion\":\"Asturias\",\"addressCountry\":\"ES\"}},{\"@type\":\"Person\",\"@id\":\"https:\\\/\\\/www.eldigitaldeasturias.com\\\/noticias\\\/author\\\/admin\\\/#author\",\"url\":\"https:\\\/\\\/www.eldigitaldeasturias.com\\\/noticias\\\/author\\\/admin\\\/\",\"name\":\"El Digital de Asturias\",\"image\":{\"@type\":\"ImageObject\",\"@id\":\"https:\\\/\\\/www.eldigitaldeasturias.com\\\/noticias\\\/asesinan-a-un-miembro-de-al-fatah-en-un-campo-de-refugiados-del-sur-de-libano\\\/#authorImage\",\"url\":\"https:\\\/\\\/secure.gravatar.com\\\/avatar\\\/df2aeffc32bcd13f8d26072ef8a91b623d677766deac7f97ca815868cd41bf5e?s=96&d=mm&r=g\",\"width\":96,\"height\":96,\"caption\":\"El Digital de Asturias\"}},{\"@type\":\"WebPage\",\"@id\":\"https:\\\/\\\/www.eldigitaldeasturias.com\\\/noticias\\\/asesinan-a-un-miembro-de-al-fatah-en-un-campo-de-refugiados-del-sur-de-libano\\\/#webpage\",\"url\":\"https:\\\/\\\/www.eldigitaldeasturias.com\\\/noticias\\\/asesinan-a-un-miembro-de-al-fatah-en-un-campo-de-refugiados-del-sur-de-libano\\\/\",\"name\":\"Asesinan a un miembro de Al Fatah en un campo de refugiados del sur de L\\u00edbano - El Digital de Asturias\",\"description\":\"Beirut, 2 feb (EFE).- Un miembro del movimiento palestino Al Fatah fue asesinado hoy en un campo de refugiados del sur del L\\u00edbano, lo que provoc\\u00f3 un repunte de la tensi\\u00f3n en la zona, escenario frecuente de choques entre facciones palestinas rivales. Elementos enmascarados dispararon a Wisam Abul Kel cuando estaba cerca del mercado del\",\"inLanguage\":\"es-ES\",\"isPartOf\":{\"@id\":\"https:\\\/\\\/www.eldigitaldeasturias.com\\\/noticias\\\/#website\"},\"breadcrumb\":{\"@id\":\"https:\\\/\\\/www.eldigitaldeasturias.com\\\/noticias\\\/asesinan-a-un-miembro-de-al-fatah-en-un-campo-de-refugiados-del-sur-de-libano\\\/#breadcrumblist\"},\"author\":{\"@id\":\"https:\\\/\\\/www.eldigitaldeasturias.com\\\/noticias\\\/author\\\/admin\\\/#author\"},\"creator\":{\"@id\":\"https:\\\/\\\/www.eldigitaldeasturias.com\\\/noticias\\\/author\\\/admin\\\/#author\"},\"image\":{\"@type\":\"ImageObject\",\"url\":482179,\"@id\":\"https:\\\/\\\/www.eldigitaldeasturias.com\\\/noticias\\\/asesinan-a-un-miembro-de-al-fatah-en-un-campo-de-refugiados-del-sur-de-libano\\\/#mainImage\"},\"primaryImageOfPage\":{\"@id\":\"https:\\\/\\\/www.eldigitaldeasturias.com\\\/noticias\\\/asesinan-a-un-miembro-de-al-fatah-en-un-campo-de-refugiados-del-sur-de-libano\\\/#mainImage\"},\"datePublished\":\"2014-02-02T17:26:48+01:00\",\"dateModified\":\"2014-02-02T17:26:48+01:00\"},{\"@type\":\"WebSite\",\"@id\":\"https:\\\/\\\/www.eldigitaldeasturias.com\\\/noticias\\\/#website\",\"url\":\"https:\\\/\\\/www.eldigitaldeasturias.com\\\/noticias\\\/\",\"name\":\"El Digital de Asturias - Diario de actualidad y noticias\",\"alternateName\":\"El Digital de Asturias - Diario de actualidad y noticias\",\"description\":\"Hemeroteca\",\"inLanguage\":\"es-ES\",\"publisher\":{\"@id\":\"https:\\\/\\\/www.eldigitaldeasturias.com\\\/noticias\\\/#organization\"}}]}\n\t\t<\/script>\n\t\t<!-- All in One SEO Pro -->\r\n\t\t<title>Asesinan a un miembro de Al Fatah en un campo de refugiados del sur de L\u00edbano - El Digital de Asturias<\/title>\n\n","aioseo_head_json":{"title":"Asesinan a un miembro de Al Fatah en un campo de refugiados del sur de L\u00edbano - El Digital de Asturias","description":"Beirut, 2 feb (EFE).- Un miembro del movimiento palestino Al Fatah fue asesinado hoy en un campo de refugiados del sur del L\u00edbano, lo que provoc\u00f3 un repunte de la tensi\u00f3n en la zona, escenario frecuente de choques entre facciones palestinas rivales. Elementos enmascarados dispararon a Wisam Abul Kel cuando estaba cerca del mercado del","canonical_url":"https:\/\/www.eldigitaldeasturias.com\/noticias\/asesinan-a-un-miembro-de-al-fatah-en-un-campo-de-refugiados-del-sur-de-libano\/","robots":"max-image-preview:large","keywords":"actualidad","webmasterTools":{"google-site-verification":"UA-38556648-1","msvalidate.01":"7dfe9f3f1b24437ab69f4f2559babe99","miscellaneous":""},"schema":{"@context":"https:\/\/schema.org","@graph":[{"@type":"BlogPosting","@id":"https:\/\/www.eldigitaldeasturias.com\/noticias\/asesinan-a-un-miembro-de-al-fatah-en-un-campo-de-refugiados-del-sur-de-libano\/#blogposting","name":"Asesinan a un miembro de Al Fatah en un campo de refugiados del sur de L\u00edbano - El Digital de Asturias","headline":"Asesinan a un miembro de Al Fatah en un campo de refugiados del sur de L\u00edbano","author":{"@id":"https:\/\/www.eldigitaldeasturias.com\/noticias\/author\/admin\/#author"},"publisher":{"@id":"https:\/\/www.eldigitaldeasturias.com\/noticias\/#organization"},"image":{"@type":"ImageObject","url":482179},"datePublished":"2014-02-02T17:26:48+01:00","dateModified":"2014-02-02T17:26:48+01:00","inLanguage":"es-ES","mainEntityOfPage":{"@id":"https:\/\/www.eldigitaldeasturias.com\/noticias\/asesinan-a-un-miembro-de-al-fatah-en-un-campo-de-refugiados-del-sur-de-libano\/#webpage"},"isPartOf":{"@id":"https:\/\/www.eldigitaldeasturias.com\/noticias\/asesinan-a-un-miembro-de-al-fatah-en-un-campo-de-refugiados-del-sur-de-libano\/#webpage"},"articleSection":"Actualidad"},{"@type":"BreadcrumbList","@id":"https:\/\/www.eldigitaldeasturias.com\/noticias\/asesinan-a-un-miembro-de-al-fatah-en-un-campo-de-refugiados-del-sur-de-libano\/#breadcrumblist","itemListElement":[{"@type":"ListItem","@id":"https:\/\/www.eldigitaldeasturias.com\/noticias#listItem","position":1,"name":"Home","item":"https:\/\/www.eldigitaldeasturias.com\/noticias","nextItem":{"@type":"ListItem","@id":"https:\/\/www.eldigitaldeasturias.com\/noticias\/category\/actualidad\/#listItem","name":"Actualidad"}},{"@type":"ListItem","@id":"https:\/\/www.eldigitaldeasturias.com\/noticias\/category\/actualidad\/#listItem","position":2,"name":"Actualidad","item":"https:\/\/www.eldigitaldeasturias.com\/noticias\/category\/actualidad\/","nextItem":{"@type":"ListItem","@id":"https:\/\/www.eldigitaldeasturias.com\/noticias\/asesinan-a-un-miembro-de-al-fatah-en-un-campo-de-refugiados-del-sur-de-libano\/#listItem","name":"Asesinan a un miembro de Al Fatah en un campo de refugiados del sur de L\u00edbano"},"previousItem":{"@type":"ListItem","@id":"https:\/\/www.eldigitaldeasturias.com\/noticias#listItem","name":"Home"}},{"@type":"ListItem","@id":"https:\/\/www.eldigitaldeasturias.com\/noticias\/asesinan-a-un-miembro-de-al-fatah-en-un-campo-de-refugiados-del-sur-de-libano\/#listItem","position":3,"name":"Asesinan a un miembro de Al Fatah en un campo de refugiados del sur de L\u00edbano","previousItem":{"@type":"ListItem","@id":"https:\/\/www.eldigitaldeasturias.com\/noticias\/category\/actualidad\/#listItem","name":"Actualidad"}}]},{"@type":"Organization","@id":"https:\/\/www.eldigitaldeasturias.com\/noticias\/#organization","name":"El Digital de Asturias","description":"Hemeroteca","url":"https:\/\/www.eldigitaldeasturias.com\/noticias\/","email":"info@eldigitaldeasturias.com","telephone":"+34652131393","logo":{"@type":"ImageObject","url":"https:\/\/www.eldigitaldeasturias.com\/noticias\/wp-content\/uploads\/2020\/12\/EDA.jpg","@id":"https:\/\/www.eldigitaldeasturias.com\/noticias\/asesinan-a-un-miembro-de-al-fatah-en-un-campo-de-refugiados-del-sur-de-libano\/#organizationLogo"},"image":{"@id":"https:\/\/www.eldigitaldeasturias.com\/noticias\/asesinan-a-un-miembro-de-al-fatah-en-un-campo-de-refugiados-del-sur-de-libano\/#organizationLogo"},"sameAs":["https:\/\/facebook.com\/eldigitaldeasturias","https:\/\/www.youtube.com\/channel\/UCZP-2wLEB9Rv6erhFmqVnvg"],"address":{"@id":"https:\/\/www.eldigitaldeasturias.com\/noticias\/#postaladdress","@type":"PostalAddress","streetAddress":"san antonio 4","postalCode":"33430","addressLocality":"Cand\u00e1s","addressRegion":"Asturias","addressCountry":"ES"}},{"@type":"Person","@id":"https:\/\/www.eldigitaldeasturias.com\/noticias\/author\/admin\/#author","url":"https:\/\/www.eldigitaldeasturias.com\/noticias\/author\/admin\/","name":"El Digital de Asturias","image":{"@type":"ImageObject","@id":"https:\/\/www.eldigitaldeasturias.com\/noticias\/asesinan-a-un-miembro-de-al-fatah-en-un-campo-de-refugiados-del-sur-de-libano\/#authorImage","url":"https:\/\/secure.gravatar.com\/avatar\/df2aeffc32bcd13f8d26072ef8a91b623d677766deac7f97ca815868cd41bf5e?s=96&d=mm&r=g","width":96,"height":96,"caption":"El Digital de Asturias"}},{"@type":"WebPage","@id":"https:\/\/www.eldigitaldeasturias.com\/noticias\/asesinan-a-un-miembro-de-al-fatah-en-un-campo-de-refugiados-del-sur-de-libano\/#webpage","url":"https:\/\/www.eldigitaldeasturias.com\/noticias\/asesinan-a-un-miembro-de-al-fatah-en-un-campo-de-refugiados-del-sur-de-libano\/","name":"Asesinan a un miembro de Al Fatah en un campo de refugiados del sur de L\u00edbano - El Digital de Asturias","description":"Beirut, 2 feb (EFE).- Un miembro del movimiento palestino Al Fatah fue asesinado hoy en un campo de refugiados del sur del L\u00edbano, lo que provoc\u00f3 un repunte de la tensi\u00f3n en la zona, escenario frecuente de choques entre facciones palestinas rivales. Elementos enmascarados dispararon a Wisam Abul Kel cuando estaba cerca del mercado del","inLanguage":"es-ES","isPartOf":{"@id":"https:\/\/www.eldigitaldeasturias.com\/noticias\/#website"},"breadcrumb":{"@id":"https:\/\/www.eldigitaldeasturias.com\/noticias\/asesinan-a-un-miembro-de-al-fatah-en-un-campo-de-refugiados-del-sur-de-libano\/#breadcrumblist"},"author":{"@id":"https:\/\/www.eldigitaldeasturias.com\/noticias\/author\/admin\/#author"},"creator":{"@id":"https:\/\/www.eldigitaldeasturias.com\/noticias\/author\/admin\/#author"},"image":{"@type":"ImageObject","url":482179,"@id":"https:\/\/www.eldigitaldeasturias.com\/noticias\/asesinan-a-un-miembro-de-al-fatah-en-un-campo-de-refugiados-del-sur-de-libano\/#mainImage"},"primaryImageOfPage":{"@id":"https:\/\/www.eldigitaldeasturias.com\/noticias\/asesinan-a-un-miembro-de-al-fatah-en-un-campo-de-refugiados-del-sur-de-libano\/#mainImage"},"datePublished":"2014-02-02T17:26:48+01:00","dateModified":"2014-02-02T17:26:48+01:00"},{"@type":"WebSite","@id":"https:\/\/www.eldigitaldeasturias.com\/noticias\/#website","url":"https:\/\/www.eldigitaldeasturias.com\/noticias\/","name":"El Digital de Asturias - Diario de actualidad y noticias","alternateName":"El Digital de Asturias - Diario de actualidad y noticias","description":"Hemeroteca","inLanguage":"es-ES","publisher":{"@id":"https:\/\/www.eldigitaldeasturias.com\/noticias\/#organization"}}]},"og:locale":"es_ES","og:site_name":"El Digital de Asturias","og:type":"article","og:title":"Asesinan a un miembro de Al Fatah en un campo de refugiados del sur de L\u00edbano - El Digital de Asturias","og:description":"Beirut, 2 feb (EFE).- Un miembro del movimiento palestino Al Fatah fue asesinado hoy en un campo de refugiados del sur del L\u00edbano, lo que provoc\u00f3 un repunte de la tensi\u00f3n en la zona, escenario frecuente de choques entre facciones palestinas rivales. Elementos enmascarados dispararon a Wisam Abul Kel cuando estaba cerca del mercado del","og:url":"https:\/\/www.eldigitaldeasturias.com\/noticias\/asesinan-a-un-miembro-de-al-fatah-en-un-campo-de-refugiados-del-sur-de-libano\/","article:tag":["actualidad"],"article:published_time":"2014-02-02T18:26:48+00:00","article:modified_time":"2014-02-02T18:26:48+00:00","article:publisher":"https:\/\/facebook.com\/eldigitaldeasturias","twitter:card":"summary_large_image","twitter:title":"Asesinan a un miembro de Al Fatah en un campo de refugiados del sur de L\u00edbano - El Digital de Asturias","twitter:description":"Beirut, 2 feb (EFE).- Un miembro del movimiento palestino Al Fatah fue asesinado hoy en un campo de refugiados del sur del L\u00edbano, lo que provoc\u00f3 un repunte de la tensi\u00f3n en la zona, escenario frecuente de choques entre facciones palestinas rivales. Elementos enmascarados dispararon a Wisam Abul Kel cuando estaba cerca del mercado del","twitter:label1":"Escrito por","twitter:data1":"El Digital de Asturias","twitter:label2":"Tiempo de lectura estimado","twitter:data2":"1 minuto"},"aioseo_meta_data":{"post_id":"482178","title":null,"description":null,"keywords":null,"keyphrases":null,"primary_term":null,"canonical_url":null,"og_title":null,"og_description":null,"og_object_type":"default","og_image_type":"default","og_image_url":null,"og_image_width":null,"og_image_height":null,"og_image_custom_url":null,"og_image_custom_fields":null,"og_video":null,"og_custom_url":null,"og_article_section":null,"og_article_tags":null,"twitter_use_og":true,"twitter_card":"default","twitter_image_type":"default","twitter_image_url":null,"twitter_image_custom_url":null,"twitter_image_custom_fields":null,"twitter_title":null,"twitter_description":null,"schema":{"blockGraphs":[],"customGraphs":[],"default":{"data":{"Article":[],"Course":[],"Dataset":[],"FAQPage":[],"Movie":[],"Person":[],"Product":[],"ProductReview":[],"Car":[],"Recipe":[],"Service":[],"SoftwareApplication":[],"WebPage":[]},"graphName":"","isEnabled":true},"graphs":[],"defaultGraph":"","defaultPostTypeGraph":""},"schema_type":null,"schema_type_options":null,"pillar_content":false,"robots_default":true,"robots_noindex":false,"robots_noarchive":false,"robots_nosnippet":false,"robots_nofollow":false,"robots_noimageindex":false,"robots_noodp":false,"robots_notranslate":false,"robots_max_snippet":null,"robots_max_videopreview":null,"robots_max_imagepreview":"none","priority":null,"frequency":null,"local_seo":null,"seo_analyzer_scan_date":"2026-06-02 09:03:48","breadcrumb_settings":null,"limit_modified_date":false,"open_ai":null,"ai":null,"created":"2020-11-14 22:54:32","updated":"2026-06-02 09:03:48","focus_keyword":null,"additional_keywords":null,"truseo_locale":null},"aioseo_breadcrumb":"<div class=\"aioseo-breadcrumbs\"><span class=\"aioseo-breadcrumb\">\n\t<a href=\"https:\/\/www.eldigitaldeasturias.com\/noticias\" title=\"Home\">Home<\/a>\n<\/span><span class=\"aioseo-breadcrumb-separator\">\u2013<\/span><span class=\"aioseo-breadcrumb\">\n\t<a href=\"https:\/\/www.eldigitaldeasturias.com\/noticias\/category\/actualidad\/\" title=\"Actualidad\">Actualidad<\/a>\n<\/span><span class=\"aioseo-breadcrumb-separator\">\u2013<\/span><span class=\"aioseo-breadcrumb\">\n\t<a href=\"https:\/\/www.eldigitaldeasturias.com\/noticias\/asesinan-a-un-miembro-de-al-fatah-en-un-campo-de-refugiados-del-sur-de-libano\/\" title=\"Asesinan a un miembro de Al Fatah en un campo de refugiados del sur de L\u00edbano\">Asesinan a un miembro de Al Fatah en un campo de refugiados del sur de L\u00edbano<\/a>\n<\/span><\/div>","aioseo_breadcrumb_json":[{"label":"Home","link":"https:\/\/www.eldigitaldeasturias.com\/noticias"},{"label":"Actualidad","link":"https:\/\/www.eldigitaldeasturias.com\/noticias\/category\/actualidad\/"},{"label":"Asesinan a un miembro de Al Fatah en un campo de refugiados del sur de L\u00edbano","link":"https:\/\/www.eldigitaldeasturias.com\/noticias\/asesinan-a-un-miembro-de-al-fatah-en-un-campo-de-refugiados-del-sur-de-libano\/"}],"_links":{"self":[{"href":"https:\/\/www.eldigitaldeasturias.com\/noticias\/wp-json\/wp\/v2\/posts\/482178","targetHints":{"allow":["GET"]}}],"collection":[{"href":"https:\/\/www.eldigitaldeasturias.com\/noticias\/wp-json\/wp\/v2\/posts"}],"about":[{"href":"https:\/\/www.eldigitaldeasturias.com\/noticias\/wp-json\/wp\/v2\/types\/post"}],"author":[{"embeddable":true,"href":"https:\/\/www.eldigitaldeasturias.com\/noticias\/wp-json\/wp\/v2\/users\/1"}],"replies":[{"embeddable":true,"href":"https:\/\/www.eldigitaldeasturias.com\/noticias\/wp-json\/wp\/v2\/comments?post=482178"}],"version-history":[{"count":0,"href":"https:\/\/www.eldigitaldeasturias.com\/noticias\/wp-json\/wp\/v2\/posts\/482178\/revisions"}],"wp:attachment":[{"href":"https:\/\/www.eldigitaldeasturias.com\/noticias\/wp-json\/wp\/v2\/media?parent=482178"}],"wp:term":[{"taxonomy":"category","embeddable":true,"href":"https:\/\/www.eldigitaldeasturias.com\/noticias\/wp-json\/wp\/v2\/categories?post=482178"},{"taxonomy":"post_tag","embeddable":true,"href":"https:\/\/www.eldigitaldeasturias.com\/noticias\/wp-json\/wp\/v2\/tags?post=482178"}],"curies":[{"name":"wp","href":"https:\/\/api.w.org\/{rel}","templated":true}]}}