{"id":482172,"date":"2014-02-02T17:23:24","date_gmt":"2014-02-02T18:23:24","guid":{"rendered":"http:\/\/www.eldigitaldeasturias.com\/noticias\/?p=482172"},"modified":"2014-02-02T17:23:24","modified_gmt":"2014-02-02T18:23:24","slug":"la-marea-de-fuego-recorrera-madrid-el-proximo-1-de-marzo","status":"publish","type":"post","link":"https:\/\/www.eldigitaldeasturias.com\/noticias\/la-marea-de-fuego-recorrera-madrid-el-proximo-1-de-marzo\/","title":{"rendered":"La \u00abMarea de Fuego\u00bb recorrer\u00e1 Madrid el pr\u00f3ximo 1 de marzo"},"content":{"rendered":"<p><img loading=\"lazy\" decoding=\"async\" class=\"alignleft size-medium wp-image-482173\" alt=\"5900990w\" src=\"https:\/\/www.eldigitaldeasturias.com\/noticias\/wp-content\/uploads\/2014\/02\/5900990w-360x258.jpg\" width=\"360\" height=\"258\" \/>Madrid, 2 feb (EFE).- Una \u00abMarea de Fuego\u00bb recorrer\u00e1 Madrid el pr\u00f3ximo 1 de marzo para denunciar la precariedad laboral y situaci\u00f3n de \u00ababandono\u00bb de los bomberos forestales, ha informado Francisco Mora, portavoz de la asociaci\u00f3n nacional que aglutina al sector.<\/p>\n<p>Los bomberos forestales, cuyas tareas comprenden la prevenci\u00f3n y la extinci\u00f3n, \u00abno tienen la categor\u00eda profesional que les corresponde, sufren problemas de contrataci\u00f3n (fijos-discontinuos), disparidad salarial, falta de repercusi\u00f3n social&#8230;\u00bb.<\/p>\n<p>\u00abEs una situaci\u00f3n enquistada desde hace mucho tiempo en la que se nos niega una categor\u00eda profesional\u00bb, recogida en el Cat\u00e1logo Nacional de Cualificaciones dentro del sector de servicios de prevenci\u00f3n y extinci\u00f3n de incendios forestales y apoyo en contingencias del medio natural y rural y Protecci\u00f3n Civil.<\/p>\n<p>Las ocupaciones y puestos de trabajo que contemplaba son: bombero forestal; vigilante de incendios, trabajador de extinci\u00f3n y brigadista.<\/p>\n<p>Sin embargo, actualmente \u00ablos bomberos forestales son contratados como peones agr\u00edcolas, peones medioambientales e incluso peones de obra, cuando nosotros no somos peones sino que hacemos tareas de prevenci\u00f3n y extinci\u00f3n\u00bb.<\/p>\n<p>A ello se suma otro problema: \u00abmuchos compa\u00f1eros est\u00e1n sufriendo problemas de contrataci\u00f3n -son fijos discontinuos- por tanto, pese a trabajar para las administraciones p\u00fablicas no tienen garantizada la continuidad del puesto de trabajo durante todo el a\u00f1o\u00bb.<\/p>\n<p>A nivel nacional, Mora ha calculado que el colectivo supera las 5.000 personas, dedicados tanto a la extinci\u00f3n (en las brigadas de refuerzo que se forman en verano), y a la prevenci\u00f3n, \u00abaunque esta parte se encuentra completamente olvidada\u00bb como consecuencia de los recortes.<\/p>\n<p>De hecho, \u00abel grueso de los compa\u00f1eros dedicados a las tareas de prevenci\u00f3n est\u00e1n parados\u00bb.<\/p>\n<p>La intenci\u00f3n de la \u00abMarcha de Fuego\u00bb, a\u00fan pendiente de la preceptiva autorizaci\u00f3n de la Delegaci\u00f3n del Gobierno en Madrid, partir\u00e1 de Nuevos Ministerios y recorrer\u00e1 las sedes de los organismos con competencia en este \u00e1mbito.<\/p>\n<p>Adem\u00e1s de la amalgama de contratos, existe \u00abuna gran variedad de salarios, por ejemplo una persona que trabaja en Extremadura puede percibir entre 300 y 400 euros menos que una de Madrid\u00bb, ha explicado el portavoz de la Asociaci\u00f3n Nacional de Bomberos Forestales, que se define de car\u00e1cter profesional y apol\u00edtica.<\/p>\n<p>En definitiva, \u00abestamos hablando de una homologaci\u00f3n de salarios, de categor\u00edas profesionales, de funciones&#8230;. aunque el Ministerio de Agricultura, Alimentaci\u00f3n y Medio Ambiente est\u00e1 trabajando en un protocolo o fusi\u00f3n de todos los servicios\u00bb.<\/p>\n<p>Por otro lado, Mora ha criticado que a algunos bomberos se les obligue a firmar un documento que les proh\u00edbe \u00abla filmaci\u00f3n o captaci\u00f3n de im\u00e1genes y su volcado a las redes sociales. Las administraciones apelan a la seguridad del trabajador en el incendio, pero en realidad lo que quieren es el control de los canales de difusi\u00f3n\u00bb.<\/p>\n<p>\u00abEllo -ha agregado- va en detrimento de que la sociedad vea nuestra labor; s\u00ed se sacan im\u00e1genes de la UME o de los voluntarios o de Protecci\u00f3n Civil, pero a nosotros se nos tiene olvidados, donde estamos no llegan las c\u00e1maras\u00bb.<\/p>\n<p>B\u00e1sicamente, ha resumido el portavoz, \u00abes una situaci\u00f3n de hartazgo, de abandono y nos hemos plantado\u00bb.<\/p>\n","protected":false},"excerpt":{"rendered":"<p>Madrid, 2 feb (EFE).- Una \u00abMarea de Fuego\u00bb recorrer\u00e1 Madrid el pr\u00f3ximo 1 de marzo para denunciar la precariedad laboral y situaci\u00f3n de \u00ababandono\u00bb de los bomberos forestales, ha informado Francisco Mora, portavoz de la asociaci\u00f3n nacional que aglutina al sector. Los bomberos forestales, cuyas tareas comprenden la prevenci\u00f3n y la extinci\u00f3n, \u00abno tienen la [&hellip;]<\/p>\n","protected":false},"author":1,"featured_media":482173,"comment_status":"closed","ping_status":"open","sticky":false,"template":"","format":"standard","meta":{"footnotes":""},"categories":[1],"tags":[],"class_list":["post-482172","post","type-post","status-publish","format-standard","has-post-thumbnail","hentry","category-actualidad"],"aioseo_notices":[],"aioseo_head":"\n\t\t<!-- All in One SEO Pro 5.0.1 - aioseo.com -->\n\t<meta name=\"description\" content=\"Madrid, 2 feb (EFE).- Una &quot;Marea de Fuego&quot; recorrer\u00e1 Madrid el pr\u00f3ximo 1 de marzo para denunciar la precariedad laboral y situaci\u00f3n de &quot;abandono&quot; de los bomberos forestales, ha informado Francisco Mora, portavoz de la asociaci\u00f3n nacional que aglutina al sector. Los bomberos forestales, cuyas tareas comprenden la prevenci\u00f3n y la extinci\u00f3n, &quot;no tienen la\" \/>\n\t<meta name=\"robots\" content=\"max-image-preview:large\" \/>\n\t<meta name=\"author\" content=\"El Digital de Asturias\"\/>\n\t<meta name=\"google-site-verification\" content=\"UA-38556648-1\" \/>\n\t<meta name=\"msvalidate.01\" content=\"7dfe9f3f1b24437ab69f4f2559babe99\" \/>\n\t<meta name=\"keywords\" content=\"actualidad\" \/>\n\t<link rel=\"canonical\" href=\"https:\/\/www.eldigitaldeasturias.com\/noticias\/la-marea-de-fuego-recorrera-madrid-el-proximo-1-de-marzo\/\" \/>\n\t<meta name=\"generator\" content=\"All in One SEO Pro (AIOSEO) 5.0.1\" \/>\n\t\t<meta property=\"og:locale\" content=\"es_ES\" \/>\n\t\t<meta property=\"og:site_name\" content=\"El Digital de Asturias\" \/>\n\t\t<meta property=\"og:type\" content=\"article\" \/>\n\t\t<meta property=\"og:title\" content=\"La \u00abMarea de Fuego\u00bb recorrer\u00e1 Madrid el pr\u00f3ximo 1 de marzo - El Digital de Asturias\" \/>\n\t\t<meta property=\"og:description\" content=\"Madrid, 2 feb (EFE).- Una &quot;Marea de Fuego&quot; recorrer\u00e1 Madrid el pr\u00f3ximo 1 de marzo para denunciar la precariedad laboral y situaci\u00f3n de &quot;abandono&quot; de los bomberos forestales, ha informado Francisco Mora, portavoz de la asociaci\u00f3n nacional que aglutina al sector. Los bomberos forestales, cuyas tareas comprenden la prevenci\u00f3n y la extinci\u00f3n, &quot;no tienen la\" \/>\n\t\t<meta property=\"og:url\" content=\"https:\/\/www.eldigitaldeasturias.com\/noticias\/la-marea-de-fuego-recorrera-madrid-el-proximo-1-de-marzo\/\" \/>\n\t\t<meta property=\"article:tag\" content=\"actualidad\" \/>\n\t\t<meta property=\"article:published_time\" content=\"2014-02-02T18:23:24+00:00\" \/>\n\t\t<meta property=\"article:modified_time\" content=\"2014-02-02T18:23:24+00:00\" \/>\n\t\t<meta property=\"article:publisher\" content=\"https:\/\/facebook.com\/eldigitaldeasturias\" \/>\n\t\t<meta name=\"twitter:card\" content=\"summary_large_image\" \/>\n\t\t<meta name=\"twitter:title\" content=\"La \u00abMarea de Fuego\u00bb recorrer\u00e1 Madrid el pr\u00f3ximo 1 de marzo - El Digital de Asturias\" \/>\n\t\t<meta name=\"twitter:description\" content=\"Madrid, 2 feb (EFE).- Una &quot;Marea de Fuego&quot; recorrer\u00e1 Madrid el pr\u00f3ximo 1 de marzo para denunciar la precariedad laboral y situaci\u00f3n de &quot;abandono&quot; de los bomberos forestales, ha informado Francisco Mora, portavoz de la asociaci\u00f3n nacional que aglutina al sector. Los bomberos forestales, cuyas tareas comprenden la prevenci\u00f3n y la extinci\u00f3n, &quot;no tienen la\" \/>\n\t\t<meta name=\"twitter:label1\" content=\"Escrito por\" \/>\n\t\t<meta name=\"twitter:data1\" content=\"El Digital de Asturias\" \/>\n\t\t<meta name=\"twitter:label2\" content=\"Tiempo de lectura estimado\" \/>\n\t\t<meta name=\"twitter:data2\" content=\"3 minutos\" \/>\n\t\t<script type=\"application\/ld+json\" class=\"aioseo-schema\">\n\t\t\t{\"@context\":\"https:\\\/\\\/schema.org\",\"@graph\":[{\"@type\":\"BlogPosting\",\"@id\":\"https:\\\/\\\/www.eldigitaldeasturias.com\\\/noticias\\\/la-marea-de-fuego-recorrera-madrid-el-proximo-1-de-marzo\\\/#blogposting\",\"name\":\"La \\u00abMarea de Fuego\\u00bb recorrer\\u00e1 Madrid el pr\\u00f3ximo 1 de marzo - El Digital de Asturias\",\"headline\":\"La \\u00abMarea de Fuego\\u00bb recorrer\\u00e1 Madrid el pr\\u00f3ximo 1 de marzo\",\"author\":{\"@id\":\"https:\\\/\\\/www.eldigitaldeasturias.com\\\/noticias\\\/author\\\/admin\\\/#author\"},\"publisher\":{\"@id\":\"https:\\\/\\\/www.eldigitaldeasturias.com\\\/noticias\\\/#organization\"},\"image\":{\"@type\":\"ImageObject\",\"url\":482173},\"datePublished\":\"2014-02-02T17:23:24+01:00\",\"dateModified\":\"2014-02-02T17:23:24+01:00\",\"inLanguage\":\"es-ES\",\"mainEntityOfPage\":{\"@id\":\"https:\\\/\\\/www.eldigitaldeasturias.com\\\/noticias\\\/la-marea-de-fuego-recorrera-madrid-el-proximo-1-de-marzo\\\/#webpage\"},\"isPartOf\":{\"@id\":\"https:\\\/\\\/www.eldigitaldeasturias.com\\\/noticias\\\/la-marea-de-fuego-recorrera-madrid-el-proximo-1-de-marzo\\\/#webpage\"},\"articleSection\":\"Actualidad\"},{\"@type\":\"BreadcrumbList\",\"@id\":\"https:\\\/\\\/www.eldigitaldeasturias.com\\\/noticias\\\/la-marea-de-fuego-recorrera-madrid-el-proximo-1-de-marzo\\\/#breadcrumblist\",\"itemListElement\":[{\"@type\":\"ListItem\",\"@id\":\"https:\\\/\\\/www.eldigitaldeasturias.com\\\/noticias#listItem\",\"position\":1,\"name\":\"Home\",\"item\":\"https:\\\/\\\/www.eldigitaldeasturias.com\\\/noticias\",\"nextItem\":{\"@type\":\"ListItem\",\"@id\":\"https:\\\/\\\/www.eldigitaldeasturias.com\\\/noticias\\\/category\\\/actualidad\\\/#listItem\",\"name\":\"Actualidad\"}},{\"@type\":\"ListItem\",\"@id\":\"https:\\\/\\\/www.eldigitaldeasturias.com\\\/noticias\\\/category\\\/actualidad\\\/#listItem\",\"position\":2,\"name\":\"Actualidad\",\"item\":\"https:\\\/\\\/www.eldigitaldeasturias.com\\\/noticias\\\/category\\\/actualidad\\\/\",\"nextItem\":{\"@type\":\"ListItem\",\"@id\":\"https:\\\/\\\/www.eldigitaldeasturias.com\\\/noticias\\\/la-marea-de-fuego-recorrera-madrid-el-proximo-1-de-marzo\\\/#listItem\",\"name\":\"La \\u00abMarea de Fuego\\u00bb recorrer\\u00e1 Madrid el pr\\u00f3ximo 1 de marzo\"},\"previousItem\":{\"@type\":\"ListItem\",\"@id\":\"https:\\\/\\\/www.eldigitaldeasturias.com\\\/noticias#listItem\",\"name\":\"Home\"}},{\"@type\":\"ListItem\",\"@id\":\"https:\\\/\\\/www.eldigitaldeasturias.com\\\/noticias\\\/la-marea-de-fuego-recorrera-madrid-el-proximo-1-de-marzo\\\/#listItem\",\"position\":3,\"name\":\"La \\u00abMarea de Fuego\\u00bb recorrer\\u00e1 Madrid el pr\\u00f3ximo 1 de marzo\",\"previousItem\":{\"@type\":\"ListItem\",\"@id\":\"https:\\\/\\\/www.eldigitaldeasturias.com\\\/noticias\\\/category\\\/actualidad\\\/#listItem\",\"name\":\"Actualidad\"}}]},{\"@type\":\"Organization\",\"@id\":\"https:\\\/\\\/www.eldigitaldeasturias.com\\\/noticias\\\/#organization\",\"name\":\"El Digital de Asturias\",\"description\":\"Hemeroteca\",\"url\":\"https:\\\/\\\/www.eldigitaldeasturias.com\\\/noticias\\\/\",\"email\":\"info@eldigitaldeasturias.com\",\"telephone\":\"+34652131393\",\"logo\":{\"@type\":\"ImageObject\",\"url\":\"https:\\\/\\\/www.eldigitaldeasturias.com\\\/noticias\\\/wp-content\\\/uploads\\\/2020\\\/12\\\/EDA.jpg\",\"@id\":\"https:\\\/\\\/www.eldigitaldeasturias.com\\\/noticias\\\/la-marea-de-fuego-recorrera-madrid-el-proximo-1-de-marzo\\\/#organizationLogo\"},\"image\":{\"@id\":\"https:\\\/\\\/www.eldigitaldeasturias.com\\\/noticias\\\/la-marea-de-fuego-recorrera-madrid-el-proximo-1-de-marzo\\\/#organizationLogo\"},\"sameAs\":[\"https:\\\/\\\/facebook.com\\\/eldigitaldeasturias\",\"https:\\\/\\\/www.youtube.com\\\/channel\\\/UCZP-2wLEB9Rv6erhFmqVnvg\"],\"address\":{\"@id\":\"https:\\\/\\\/www.eldigitaldeasturias.com\\\/noticias\\\/#postaladdress\",\"@type\":\"PostalAddress\",\"streetAddress\":\"san antonio 4\",\"postalCode\":\"33430\",\"addressLocality\":\"Cand\\u00e1s\",\"addressRegion\":\"Asturias\",\"addressCountry\":\"ES\"}},{\"@type\":\"Person\",\"@id\":\"https:\\\/\\\/www.eldigitaldeasturias.com\\\/noticias\\\/author\\\/admin\\\/#author\",\"url\":\"https:\\\/\\\/www.eldigitaldeasturias.com\\\/noticias\\\/author\\\/admin\\\/\",\"name\":\"El Digital de Asturias\",\"image\":{\"@type\":\"ImageObject\",\"@id\":\"https:\\\/\\\/www.eldigitaldeasturias.com\\\/noticias\\\/la-marea-de-fuego-recorrera-madrid-el-proximo-1-de-marzo\\\/#authorImage\",\"url\":\"https:\\\/\\\/secure.gravatar.com\\\/avatar\\\/df2aeffc32bcd13f8d26072ef8a91b623d677766deac7f97ca815868cd41bf5e?s=96&d=mm&r=g\",\"width\":96,\"height\":96,\"caption\":\"El Digital de Asturias\"}},{\"@type\":\"WebPage\",\"@id\":\"https:\\\/\\\/www.eldigitaldeasturias.com\\\/noticias\\\/la-marea-de-fuego-recorrera-madrid-el-proximo-1-de-marzo\\\/#webpage\",\"url\":\"https:\\\/\\\/www.eldigitaldeasturias.com\\\/noticias\\\/la-marea-de-fuego-recorrera-madrid-el-proximo-1-de-marzo\\\/\",\"name\":\"La \\u00abMarea de Fuego\\u00bb recorrer\\u00e1 Madrid el pr\\u00f3ximo 1 de marzo - El Digital de Asturias\",\"description\":\"Madrid, 2 feb (EFE).- Una \\\"Marea de Fuego\\\" recorrer\\u00e1 Madrid el pr\\u00f3ximo 1 de marzo para denunciar la precariedad laboral y situaci\\u00f3n de \\\"abandono\\\" de los bomberos forestales, ha informado Francisco Mora, portavoz de la asociaci\\u00f3n nacional que aglutina al sector. Los bomberos forestales, cuyas tareas comprenden la prevenci\\u00f3n y la extinci\\u00f3n, \\\"no tienen la\",\"inLanguage\":\"es-ES\",\"isPartOf\":{\"@id\":\"https:\\\/\\\/www.eldigitaldeasturias.com\\\/noticias\\\/#website\"},\"breadcrumb\":{\"@id\":\"https:\\\/\\\/www.eldigitaldeasturias.com\\\/noticias\\\/la-marea-de-fuego-recorrera-madrid-el-proximo-1-de-marzo\\\/#breadcrumblist\"},\"author\":{\"@id\":\"https:\\\/\\\/www.eldigitaldeasturias.com\\\/noticias\\\/author\\\/admin\\\/#author\"},\"creator\":{\"@id\":\"https:\\\/\\\/www.eldigitaldeasturias.com\\\/noticias\\\/author\\\/admin\\\/#author\"},\"image\":{\"@type\":\"ImageObject\",\"url\":482173,\"@id\":\"https:\\\/\\\/www.eldigitaldeasturias.com\\\/noticias\\\/la-marea-de-fuego-recorrera-madrid-el-proximo-1-de-marzo\\\/#mainImage\"},\"primaryImageOfPage\":{\"@id\":\"https:\\\/\\\/www.eldigitaldeasturias.com\\\/noticias\\\/la-marea-de-fuego-recorrera-madrid-el-proximo-1-de-marzo\\\/#mainImage\"},\"datePublished\":\"2014-02-02T17:23:24+01:00\",\"dateModified\":\"2014-02-02T17:23:24+01:00\"},{\"@type\":\"WebSite\",\"@id\":\"https:\\\/\\\/www.eldigitaldeasturias.com\\\/noticias\\\/#website\",\"url\":\"https:\\\/\\\/www.eldigitaldeasturias.com\\\/noticias\\\/\",\"name\":\"El Digital de Asturias - Diario de actualidad y noticias\",\"alternateName\":\"El Digital de Asturias - Diario de actualidad y noticias\",\"description\":\"Hemeroteca\",\"inLanguage\":\"es-ES\",\"publisher\":{\"@id\":\"https:\\\/\\\/www.eldigitaldeasturias.com\\\/noticias\\\/#organization\"}}]}\n\t\t<\/script>\n\t\t<!-- All in One SEO Pro -->\r\n\t\t<title>La \u00abMarea de Fuego\u00bb recorrer\u00e1 Madrid el pr\u00f3ximo 1 de marzo - El Digital de Asturias<\/title>\n\n","aioseo_head_json":{"title":"La \u00abMarea de Fuego\u00bb recorrer\u00e1 Madrid el pr\u00f3ximo 1 de marzo - El Digital de Asturias","description":"Madrid, 2 feb (EFE).- Una \"Marea de Fuego\" recorrer\u00e1 Madrid el pr\u00f3ximo 1 de marzo para denunciar la precariedad laboral y situaci\u00f3n de \"abandono\" de los bomberos forestales, ha informado Francisco Mora, portavoz de la asociaci\u00f3n nacional que aglutina al sector. Los bomberos forestales, cuyas tareas comprenden la prevenci\u00f3n y la extinci\u00f3n, \"no tienen la","canonical_url":"https:\/\/www.eldigitaldeasturias.com\/noticias\/la-marea-de-fuego-recorrera-madrid-el-proximo-1-de-marzo\/","robots":"max-image-preview:large","keywords":"actualidad","webmasterTools":{"google-site-verification":"UA-38556648-1","msvalidate.01":"7dfe9f3f1b24437ab69f4f2559babe99","miscellaneous":""},"schema":{"@context":"https:\/\/schema.org","@graph":[{"@type":"BlogPosting","@id":"https:\/\/www.eldigitaldeasturias.com\/noticias\/la-marea-de-fuego-recorrera-madrid-el-proximo-1-de-marzo\/#blogposting","name":"La \u00abMarea de Fuego\u00bb recorrer\u00e1 Madrid el pr\u00f3ximo 1 de marzo - El Digital de Asturias","headline":"La \u00abMarea de Fuego\u00bb recorrer\u00e1 Madrid el pr\u00f3ximo 1 de marzo","author":{"@id":"https:\/\/www.eldigitaldeasturias.com\/noticias\/author\/admin\/#author"},"publisher":{"@id":"https:\/\/www.eldigitaldeasturias.com\/noticias\/#organization"},"image":{"@type":"ImageObject","url":482173},"datePublished":"2014-02-02T17:23:24+01:00","dateModified":"2014-02-02T17:23:24+01:00","inLanguage":"es-ES","mainEntityOfPage":{"@id":"https:\/\/www.eldigitaldeasturias.com\/noticias\/la-marea-de-fuego-recorrera-madrid-el-proximo-1-de-marzo\/#webpage"},"isPartOf":{"@id":"https:\/\/www.eldigitaldeasturias.com\/noticias\/la-marea-de-fuego-recorrera-madrid-el-proximo-1-de-marzo\/#webpage"},"articleSection":"Actualidad"},{"@type":"BreadcrumbList","@id":"https:\/\/www.eldigitaldeasturias.com\/noticias\/la-marea-de-fuego-recorrera-madrid-el-proximo-1-de-marzo\/#breadcrumblist","itemListElement":[{"@type":"ListItem","@id":"https:\/\/www.eldigitaldeasturias.com\/noticias#listItem","position":1,"name":"Home","item":"https:\/\/www.eldigitaldeasturias.com\/noticias","nextItem":{"@type":"ListItem","@id":"https:\/\/www.eldigitaldeasturias.com\/noticias\/category\/actualidad\/#listItem","name":"Actualidad"}},{"@type":"ListItem","@id":"https:\/\/www.eldigitaldeasturias.com\/noticias\/category\/actualidad\/#listItem","position":2,"name":"Actualidad","item":"https:\/\/www.eldigitaldeasturias.com\/noticias\/category\/actualidad\/","nextItem":{"@type":"ListItem","@id":"https:\/\/www.eldigitaldeasturias.com\/noticias\/la-marea-de-fuego-recorrera-madrid-el-proximo-1-de-marzo\/#listItem","name":"La \u00abMarea de Fuego\u00bb recorrer\u00e1 Madrid el pr\u00f3ximo 1 de marzo"},"previousItem":{"@type":"ListItem","@id":"https:\/\/www.eldigitaldeasturias.com\/noticias#listItem","name":"Home"}},{"@type":"ListItem","@id":"https:\/\/www.eldigitaldeasturias.com\/noticias\/la-marea-de-fuego-recorrera-madrid-el-proximo-1-de-marzo\/#listItem","position":3,"name":"La \u00abMarea de Fuego\u00bb recorrer\u00e1 Madrid el pr\u00f3ximo 1 de marzo","previousItem":{"@type":"ListItem","@id":"https:\/\/www.eldigitaldeasturias.com\/noticias\/category\/actualidad\/#listItem","name":"Actualidad"}}]},{"@type":"Organization","@id":"https:\/\/www.eldigitaldeasturias.com\/noticias\/#organization","name":"El Digital de Asturias","description":"Hemeroteca","url":"https:\/\/www.eldigitaldeasturias.com\/noticias\/","email":"info@eldigitaldeasturias.com","telephone":"+34652131393","logo":{"@type":"ImageObject","url":"https:\/\/www.eldigitaldeasturias.com\/noticias\/wp-content\/uploads\/2020\/12\/EDA.jpg","@id":"https:\/\/www.eldigitaldeasturias.com\/noticias\/la-marea-de-fuego-recorrera-madrid-el-proximo-1-de-marzo\/#organizationLogo"},"image":{"@id":"https:\/\/www.eldigitaldeasturias.com\/noticias\/la-marea-de-fuego-recorrera-madrid-el-proximo-1-de-marzo\/#organizationLogo"},"sameAs":["https:\/\/facebook.com\/eldigitaldeasturias","https:\/\/www.youtube.com\/channel\/UCZP-2wLEB9Rv6erhFmqVnvg"],"address":{"@id":"https:\/\/www.eldigitaldeasturias.com\/noticias\/#postaladdress","@type":"PostalAddress","streetAddress":"san antonio 4","postalCode":"33430","addressLocality":"Cand\u00e1s","addressRegion":"Asturias","addressCountry":"ES"}},{"@type":"Person","@id":"https:\/\/www.eldigitaldeasturias.com\/noticias\/author\/admin\/#author","url":"https:\/\/www.eldigitaldeasturias.com\/noticias\/author\/admin\/","name":"El Digital de Asturias","image":{"@type":"ImageObject","@id":"https:\/\/www.eldigitaldeasturias.com\/noticias\/la-marea-de-fuego-recorrera-madrid-el-proximo-1-de-marzo\/#authorImage","url":"https:\/\/secure.gravatar.com\/avatar\/df2aeffc32bcd13f8d26072ef8a91b623d677766deac7f97ca815868cd41bf5e?s=96&d=mm&r=g","width":96,"height":96,"caption":"El Digital de Asturias"}},{"@type":"WebPage","@id":"https:\/\/www.eldigitaldeasturias.com\/noticias\/la-marea-de-fuego-recorrera-madrid-el-proximo-1-de-marzo\/#webpage","url":"https:\/\/www.eldigitaldeasturias.com\/noticias\/la-marea-de-fuego-recorrera-madrid-el-proximo-1-de-marzo\/","name":"La \u00abMarea de Fuego\u00bb recorrer\u00e1 Madrid el pr\u00f3ximo 1 de marzo - El Digital de Asturias","description":"Madrid, 2 feb (EFE).- Una \"Marea de Fuego\" recorrer\u00e1 Madrid el pr\u00f3ximo 1 de marzo para denunciar la precariedad laboral y situaci\u00f3n de \"abandono\" de los bomberos forestales, ha informado Francisco Mora, portavoz de la asociaci\u00f3n nacional que aglutina al sector. Los bomberos forestales, cuyas tareas comprenden la prevenci\u00f3n y la extinci\u00f3n, \"no tienen la","inLanguage":"es-ES","isPartOf":{"@id":"https:\/\/www.eldigitaldeasturias.com\/noticias\/#website"},"breadcrumb":{"@id":"https:\/\/www.eldigitaldeasturias.com\/noticias\/la-marea-de-fuego-recorrera-madrid-el-proximo-1-de-marzo\/#breadcrumblist"},"author":{"@id":"https:\/\/www.eldigitaldeasturias.com\/noticias\/author\/admin\/#author"},"creator":{"@id":"https:\/\/www.eldigitaldeasturias.com\/noticias\/author\/admin\/#author"},"image":{"@type":"ImageObject","url":482173,"@id":"https:\/\/www.eldigitaldeasturias.com\/noticias\/la-marea-de-fuego-recorrera-madrid-el-proximo-1-de-marzo\/#mainImage"},"primaryImageOfPage":{"@id":"https:\/\/www.eldigitaldeasturias.com\/noticias\/la-marea-de-fuego-recorrera-madrid-el-proximo-1-de-marzo\/#mainImage"},"datePublished":"2014-02-02T17:23:24+01:00","dateModified":"2014-02-02T17:23:24+01:00"},{"@type":"WebSite","@id":"https:\/\/www.eldigitaldeasturias.com\/noticias\/#website","url":"https:\/\/www.eldigitaldeasturias.com\/noticias\/","name":"El Digital de Asturias - Diario de actualidad y noticias","alternateName":"El Digital de Asturias - Diario de actualidad y noticias","description":"Hemeroteca","inLanguage":"es-ES","publisher":{"@id":"https:\/\/www.eldigitaldeasturias.com\/noticias\/#organization"}}]},"og:locale":"es_ES","og:site_name":"El Digital de Asturias","og:type":"article","og:title":"La \u00abMarea de Fuego\u00bb recorrer\u00e1 Madrid el pr\u00f3ximo 1 de marzo - El Digital de Asturias","og:description":"Madrid, 2 feb (EFE).- Una &quot;Marea de Fuego&quot; recorrer\u00e1 Madrid el pr\u00f3ximo 1 de marzo para denunciar la precariedad laboral y situaci\u00f3n de &quot;abandono&quot; de los bomberos forestales, ha informado Francisco Mora, portavoz de la asociaci\u00f3n nacional que aglutina al sector. Los bomberos forestales, cuyas tareas comprenden la prevenci\u00f3n y la extinci\u00f3n, &quot;no tienen la","og:url":"https:\/\/www.eldigitaldeasturias.com\/noticias\/la-marea-de-fuego-recorrera-madrid-el-proximo-1-de-marzo\/","article:tag":["actualidad"],"article:published_time":"2014-02-02T18:23:24+00:00","article:modified_time":"2014-02-02T18:23:24+00:00","article:publisher":"https:\/\/facebook.com\/eldigitaldeasturias","twitter:card":"summary_large_image","twitter:title":"La \u00abMarea de Fuego\u00bb recorrer\u00e1 Madrid el pr\u00f3ximo 1 de marzo - El Digital de Asturias","twitter:description":"Madrid, 2 feb (EFE).- Una &quot;Marea de Fuego&quot; recorrer\u00e1 Madrid el pr\u00f3ximo 1 de marzo para denunciar la precariedad laboral y situaci\u00f3n de &quot;abandono&quot; de los bomberos forestales, ha informado Francisco Mora, portavoz de la asociaci\u00f3n nacional que aglutina al sector. Los bomberos forestales, cuyas tareas comprenden la prevenci\u00f3n y la extinci\u00f3n, &quot;no tienen la","twitter:label1":"Escrito por","twitter:data1":"El Digital de Asturias","twitter:label2":"Tiempo de lectura estimado","twitter:data2":"3 minutos"},"aioseo_meta_data":{"post_id":"482172","title":null,"description":null,"keywords":null,"keyphrases":null,"primary_term":null,"canonical_url":null,"og_title":null,"og_description":null,"og_object_type":"default","og_image_type":"default","og_image_url":null,"og_image_width":null,"og_image_height":null,"og_image_custom_url":null,"og_image_custom_fields":null,"og_video":null,"og_custom_url":null,"og_article_section":null,"og_article_tags":null,"twitter_use_og":true,"twitter_card":"default","twitter_image_type":"default","twitter_image_url":null,"twitter_image_custom_url":null,"twitter_image_custom_fields":null,"twitter_title":null,"twitter_description":null,"schema":{"blockGraphs":[],"customGraphs":[],"default":{"data":{"Article":[],"Course":[],"Dataset":[],"FAQPage":[],"Movie":[],"Person":[],"Product":[],"ProductReview":[],"Car":[],"Recipe":[],"Service":[],"SoftwareApplication":[],"WebPage":[]},"graphName":"","isEnabled":true},"graphs":[],"defaultGraph":"","defaultPostTypeGraph":""},"schema_type":null,"schema_type_options":null,"pillar_content":false,"robots_default":true,"robots_noindex":false,"robots_noarchive":false,"robots_nosnippet":false,"robots_nofollow":false,"robots_noimageindex":false,"robots_noodp":false,"robots_notranslate":false,"robots_max_snippet":null,"robots_max_videopreview":null,"robots_max_imagepreview":"none","priority":null,"frequency":null,"local_seo":null,"seo_analyzer_scan_date":"2026-06-02 09:03:47","breadcrumb_settings":null,"limit_modified_date":false,"open_ai":null,"ai":null,"created":"2020-11-14 22:54:32","updated":"2026-06-02 09:03:47","focus_keyword":null,"additional_keywords":null,"truseo_locale":null},"aioseo_breadcrumb":"<div class=\"aioseo-breadcrumbs\"><span class=\"aioseo-breadcrumb\">\n\t<a href=\"https:\/\/www.eldigitaldeasturias.com\/noticias\" title=\"Home\">Home<\/a>\n<\/span><span class=\"aioseo-breadcrumb-separator\">\u2013<\/span><span class=\"aioseo-breadcrumb\">\n\t<a href=\"https:\/\/www.eldigitaldeasturias.com\/noticias\/category\/actualidad\/\" title=\"Actualidad\">Actualidad<\/a>\n<\/span><span class=\"aioseo-breadcrumb-separator\">\u2013<\/span><span class=\"aioseo-breadcrumb\">\n\t<a href=\"https:\/\/www.eldigitaldeasturias.com\/noticias\/la-marea-de-fuego-recorrera-madrid-el-proximo-1-de-marzo\/\" title=\"La \u00abMarea de Fuego\u00bb recorrer\u00e1 Madrid el pr\u00f3ximo 1 de marzo\">La \u00abMarea de Fuego\u00bb recorrer\u00e1 Madrid el pr\u00f3ximo 1 de marzo<\/a>\n<\/span><\/div>","aioseo_breadcrumb_json":[{"label":"Home","link":"https:\/\/www.eldigitaldeasturias.com\/noticias"},{"label":"Actualidad","link":"https:\/\/www.eldigitaldeasturias.com\/noticias\/category\/actualidad\/"},{"label":"La \u00abMarea de Fuego\u00bb recorrer\u00e1 Madrid el pr\u00f3ximo 1 de marzo","link":"https:\/\/www.eldigitaldeasturias.com\/noticias\/la-marea-de-fuego-recorrera-madrid-el-proximo-1-de-marzo\/"}],"_links":{"self":[{"href":"https:\/\/www.eldigitaldeasturias.com\/noticias\/wp-json\/wp\/v2\/posts\/482172","targetHints":{"allow":["GET"]}}],"collection":[{"href":"https:\/\/www.eldigitaldeasturias.com\/noticias\/wp-json\/wp\/v2\/posts"}],"about":[{"href":"https:\/\/www.eldigitaldeasturias.com\/noticias\/wp-json\/wp\/v2\/types\/post"}],"author":[{"embeddable":true,"href":"https:\/\/www.eldigitaldeasturias.com\/noticias\/wp-json\/wp\/v2\/users\/1"}],"replies":[{"embeddable":true,"href":"https:\/\/www.eldigitaldeasturias.com\/noticias\/wp-json\/wp\/v2\/comments?post=482172"}],"version-history":[{"count":0,"href":"https:\/\/www.eldigitaldeasturias.com\/noticias\/wp-json\/wp\/v2\/posts\/482172\/revisions"}],"wp:attachment":[{"href":"https:\/\/www.eldigitaldeasturias.com\/noticias\/wp-json\/wp\/v2\/media?parent=482172"}],"wp:term":[{"taxonomy":"category","embeddable":true,"href":"https:\/\/www.eldigitaldeasturias.com\/noticias\/wp-json\/wp\/v2\/categories?post=482172"},{"taxonomy":"post_tag","embeddable":true,"href":"https:\/\/www.eldigitaldeasturias.com\/noticias\/wp-json\/wp\/v2\/tags?post=482172"}],"curies":[{"name":"wp","href":"https:\/\/api.w.org\/{rel}","templated":true}]}}