{"id":482160,"date":"2014-02-02T15:26:07","date_gmt":"2014-02-02T16:26:07","guid":{"rendered":"http:\/\/www.eldigitaldeasturias.com\/noticias\/?p=482160"},"modified":"2014-02-02T15:26:07","modified_gmt":"2014-02-02T16:26:07","slug":"el-sporting-se-lleva-tres-puntos-de-oro-de-son-moix","status":"publish","type":"post","link":"https:\/\/www.eldigitaldeasturias.com\/noticias\/el-sporting-se-lleva-tres-puntos-de-oro-de-son-moix\/","title":{"rendered":"El Sporting se lleva tres puntos de oro de Son Moix"},"content":{"rendered":"<p><img loading=\"lazy\" decoding=\"async\" class=\"alignleft size-medium wp-image-438679\" alt=\"sandoval\" src=\"https:\/\/www.eldigitaldeasturias.com\/noticias\/wp-content\/uploads\/2013\/10\/sandoval-360x183.jpg\" width=\"360\" height=\"183\" \/>Palma, 2 feb (EFE).- El Mallorca volvi\u00f3 a fracasar de forma estrepitosa en su objetivo de situarse en la zona de ascenso de la Liga Adelante al caer 1-3 frente al Real Sporting de Gij\u00f3n, cuyo triunfo en Son Moix le consolida en la segunda posici\u00f3n de la tabla de clasificaciones.<\/p>\n<p>La d\u00e9cima victoria de los asturianos en la Liga, la cuarta como visitante, se fragu\u00f3 en los \u00faltimos minutos de la primera parte, y en los primeros de la segunda, con goles de Nacho Cases y Roberto Ca\u00f1ella.<\/p>\n<p>El partido lo sentenci\u00f3 un exmallorquinista, Carlos Crmona, con una preciosa vaselina en el tiempo de descuento.<\/p>\n<p>El Mallorca encaj\u00f3 la octava derrota de la temporada, tercera en Son Moix, que le supone un retroceso importante en sus aspiraciones. Ni el debut de David Generelo, que entr\u00f3 en la segunda parte y particip\u00f3 en el gol de Alex Geijo, ni el hecho de finalizar el encuentro con cinco delanteros, impidieron una derrota muy amarga.<\/p>\n<p>El desarrollo del partido estuvo marcado por el recuerdo de Luis Aragon\u00e9s. El Mallorca y su afici\u00f3n tributaron un sentido homenaje al entrenador que firm\u00f3 las mejores campa\u00f1as del club en toda su historia. Se record\u00f3 al \u00abSabio de Hortaleza\u00bb con un minuto de silencio, banderas a media asta en el campo y brazaletes negros en las camisetas de los jugadores.<\/p>\n<p>Un desajuste defensivo en los \u00faltimos instantes de la primera parte le cost\u00f3 al Mallorca irse al descanso con desventaja en el marcador.<\/p>\n<p>El gol de Nacho Cases (min. 43) desequilibr\u00f3 un partido muy trabado, carente de ritmo, en el que prim\u00f3 m\u00e1s el objetivo de no fallar que el de buscar el gol con decisi\u00f3n.<\/p>\n<p>De hecho, solo se registraron dos acciones claras de peligro, una para cada equipo, en los 45 minutos. Bernardo, de cabeza, (min. 8) oblig\u00f3 a Rub\u00e9n Mi\u00f1o a realizar una gran intervenci\u00f3n, y Alejandro Alfaro (min. 12) no supo resolver un \u00abmano a mano\u00bb con Cu\u00e9llar tras un gran pase del joven del filial Marco Asensio, al que el t\u00e9cnico Jos\u00e9 Luis Oltra eligi\u00f3 para las tareas de enlace con Gerard Moreno.<\/p>\n<p>El Real Sporting se plant\u00f3 en Son Moix con mucha personalidad. Manej\u00f3 el bal\u00f3n con destreza y fue ambicioso, al menos, durante el primer cuarto de hora de la primera parte.<\/p>\n<p>Stefan Scepovic, en el eje del ataque, fue una pesadilla constante para la defensa mallorquinista, bien secundado por Carmona y Nacho Cases.<\/p>\n<p>Atr\u00e1s, el conjunto asturiano resolvi\u00f3 con acierto las incursiones de un rival que solo fue una amenaza a trav\u00e9s de Gerard Moreno y \u00c1lex Moreno.<\/p>\n<p>El segundo del Sporting, obra de Canella (min. 53), fue un mazazo para el Mallorca que, como en otros partidos, se ve\u00eda en la obligaci\u00f3n de remontar un marcador claramente adverso.<\/p>\n<p>Oltra movi\u00f3 el banquillo y dio entrada a Alex Geijo, al nuevo fichaje David Generelo y a Tomer Hemed, pero el conjunto asturiano ni se inmut\u00f3, a pesar de la gran ocasi\u00f3n que tuvo Gerard Moreno (min. 73), quien solo ante Cu\u00e9llar, no supo finiquitar.<\/p>\n<p>El gol de Alex Geijo, que toc\u00f3 un bal\u00f3n que ven\u00eda de un saque directo de Generelo (min. 89) dio esperanzas al Mallorca en los minutos de finales, pero un mallorqu\u00edn, Carlos Carmona, formado en las filas mallorquinistas, sentenci\u00f3 el partido con un golazo, picando el bal\u00f3n ante la salida desesperada de Rub\u00e9n Mi\u00f1o.<\/p>\n<p>Ficha t\u00e9cnica:<\/p>\n<p>1-Mallorca: Mi\u00f1o; Nsue, Cadamuro, Nunes (Geijo, min. 56), Kevin (Hemed, min. 78); Alfaro, Thomas (Generelo, min. 65), Bigas, \u00c1lex Moreno; Marco Asensio y Gerard Moreno.<\/p>\n<p>3-Sporting de Gij\u00f3n: Cu\u00e9llar, Luis Hern\u00e1ndez, Bernardo, Mandi, Canella; Sergio \u00c1lvarez (Lora, min. 75), Nacho Cases, Alex Barrera (Hern\u00e1ndez, min. 87), Santi Jara; Scepovic (Lekic, min. 90) y Carmona.<\/p>\n<p>Goles: 0-1, min. 43: Nacho Cases; 0-2, min. 53: Canella; 1-2, min. 89: Geijo; 1-3, min. 91: Carmona.<\/p>\n<p>\u00c1rbitro: Figueroa V\u00e1zquez (comit\u00e9 andaluz). Amonest\u00f3 a Sergio Alvarez, Bigas, al t\u00e9cnico del Mallorca Jos\u00e9 Luis Oltra, Nacho Cases y Carmona.<\/p>\n<p>Incidencias: Partido correspondiente a la vig\u00e9sima cuarta jornada de la Liga Adelante disputado en el estadio Son Moix ante unos 9.000 espectadores.<\/p>\n<p>El Mallorca puso a disposici\u00f3n de los aficionados un libro de condolencias dedicado al que fue su entrenador Luis Aragon\u00e9s, fallecido ayer.<\/p>\n<p>Varios jugadores de ambos equipos lucieron brazaletes negros y los mallorquininistas saltaron al campo con camisetas donde se le\u00eda, en castellano y catal\u00e1n, \u00abHasta siempre Luis\u00bb. Se guard\u00f3 un respetuoso minuto de silencio antes del partido y ma\u00f1ana, lunes, se oficiar\u00e1 una misa-funeral en la Iglesia de Sant Sebasti\u00e0 de Palma.<\/p>\n","protected":false},"excerpt":{"rendered":"<p>Palma, 2 feb (EFE).- El Mallorca volvi\u00f3 a fracasar de forma estrepitosa en su objetivo de situarse en la zona de ascenso de la Liga Adelante al caer 1-3 frente al Real Sporting de Gij\u00f3n, cuyo triunfo en Son Moix le consolida en la segunda posici\u00f3n de la tabla de clasificaciones. La d\u00e9cima victoria de [&hellip;]<\/p>\n","protected":false},"author":1,"featured_media":438679,"comment_status":"closed","ping_status":"open","sticky":false,"template":"","format":"standard","meta":{"footnotes":""},"categories":[1],"tags":[],"class_list":["post-482160","post","type-post","status-publish","format-standard","has-post-thumbnail","hentry","category-actualidad"],"aioseo_notices":[],"aioseo_head":"\n\t\t<!-- All in One SEO Pro 5.0.1 - aioseo.com -->\n\t<meta name=\"description\" content=\"Palma, 2 feb (EFE).- El Mallorca volvi\u00f3 a fracasar de forma estrepitosa en su objetivo de situarse en la zona de ascenso de la Liga Adelante al caer 1-3 frente al Real Sporting de Gij\u00f3n, cuyo triunfo en Son Moix le consolida en la segunda posici\u00f3n de la tabla de clasificaciones. La d\u00e9cima victoria de\" \/>\n\t<meta name=\"robots\" content=\"max-image-preview:large\" \/>\n\t<meta name=\"author\" content=\"El Digital de Asturias\"\/>\n\t<meta name=\"google-site-verification\" content=\"UA-38556648-1\" \/>\n\t<meta name=\"msvalidate.01\" content=\"7dfe9f3f1b24437ab69f4f2559babe99\" \/>\n\t<meta name=\"keywords\" content=\"actualidad\" \/>\n\t<link rel=\"canonical\" href=\"https:\/\/www.eldigitaldeasturias.com\/noticias\/el-sporting-se-lleva-tres-puntos-de-oro-de-son-moix\/\" \/>\n\t<meta name=\"generator\" content=\"All in One SEO Pro (AIOSEO) 5.0.1\" \/>\n\t\t<meta property=\"og:locale\" content=\"es_ES\" \/>\n\t\t<meta property=\"og:site_name\" content=\"El Digital de Asturias\" \/>\n\t\t<meta property=\"og:type\" content=\"article\" \/>\n\t\t<meta property=\"og:title\" content=\"El Sporting se lleva tres puntos de oro de Son Moix - El Digital de Asturias\" \/>\n\t\t<meta property=\"og:description\" content=\"Palma, 2 feb (EFE).- El Mallorca volvi\u00f3 a fracasar de forma estrepitosa en su objetivo de situarse en la zona de ascenso de la Liga Adelante al caer 1-3 frente al Real Sporting de Gij\u00f3n, cuyo triunfo en Son Moix le consolida en la segunda posici\u00f3n de la tabla de clasificaciones. La d\u00e9cima victoria de\" \/>\n\t\t<meta property=\"og:url\" content=\"https:\/\/www.eldigitaldeasturias.com\/noticias\/el-sporting-se-lleva-tres-puntos-de-oro-de-son-moix\/\" \/>\n\t\t<meta property=\"article:tag\" content=\"actualidad\" \/>\n\t\t<meta property=\"article:published_time\" content=\"2014-02-02T16:26:07+00:00\" \/>\n\t\t<meta property=\"article:modified_time\" content=\"2014-02-02T16:26:07+00:00\" \/>\n\t\t<meta property=\"article:publisher\" content=\"https:\/\/facebook.com\/eldigitaldeasturias\" \/>\n\t\t<meta name=\"twitter:card\" content=\"summary_large_image\" \/>\n\t\t<meta name=\"twitter:title\" content=\"El Sporting se lleva tres puntos de oro de Son Moix - El Digital de Asturias\" \/>\n\t\t<meta name=\"twitter:description\" content=\"Palma, 2 feb (EFE).- El Mallorca volvi\u00f3 a fracasar de forma estrepitosa en su objetivo de situarse en la zona de ascenso de la Liga Adelante al caer 1-3 frente al Real Sporting de Gij\u00f3n, cuyo triunfo en Son Moix le consolida en la segunda posici\u00f3n de la tabla de clasificaciones. La d\u00e9cima victoria de\" \/>\n\t\t<meta name=\"twitter:label1\" content=\"Escrito por\" \/>\n\t\t<meta name=\"twitter:data1\" content=\"El Digital de Asturias\" \/>\n\t\t<meta name=\"twitter:label2\" content=\"Tiempo de lectura estimado\" \/>\n\t\t<meta name=\"twitter:data2\" content=\"4 minutos\" \/>\n\t\t<script type=\"application\/ld+json\" class=\"aioseo-schema\">\n\t\t\t{\"@context\":\"https:\\\/\\\/schema.org\",\"@graph\":[{\"@type\":\"BlogPosting\",\"@id\":\"https:\\\/\\\/www.eldigitaldeasturias.com\\\/noticias\\\/el-sporting-se-lleva-tres-puntos-de-oro-de-son-moix\\\/#blogposting\",\"name\":\"El Sporting se lleva tres puntos de oro de Son Moix - El Digital de Asturias\",\"headline\":\"El Sporting se lleva tres puntos de oro de Son Moix\",\"author\":{\"@id\":\"https:\\\/\\\/www.eldigitaldeasturias.com\\\/noticias\\\/author\\\/admin\\\/#author\"},\"publisher\":{\"@id\":\"https:\\\/\\\/www.eldigitaldeasturias.com\\\/noticias\\\/#organization\"},\"image\":{\"@type\":\"ImageObject\",\"url\":438679},\"datePublished\":\"2014-02-02T15:26:07+01:00\",\"dateModified\":\"2014-02-02T15:26:07+01:00\",\"inLanguage\":\"es-ES\",\"mainEntityOfPage\":{\"@id\":\"https:\\\/\\\/www.eldigitaldeasturias.com\\\/noticias\\\/el-sporting-se-lleva-tres-puntos-de-oro-de-son-moix\\\/#webpage\"},\"isPartOf\":{\"@id\":\"https:\\\/\\\/www.eldigitaldeasturias.com\\\/noticias\\\/el-sporting-se-lleva-tres-puntos-de-oro-de-son-moix\\\/#webpage\"},\"articleSection\":\"Actualidad\"},{\"@type\":\"BreadcrumbList\",\"@id\":\"https:\\\/\\\/www.eldigitaldeasturias.com\\\/noticias\\\/el-sporting-se-lleva-tres-puntos-de-oro-de-son-moix\\\/#breadcrumblist\",\"itemListElement\":[{\"@type\":\"ListItem\",\"@id\":\"https:\\\/\\\/www.eldigitaldeasturias.com\\\/noticias#listItem\",\"position\":1,\"name\":\"Home\",\"item\":\"https:\\\/\\\/www.eldigitaldeasturias.com\\\/noticias\",\"nextItem\":{\"@type\":\"ListItem\",\"@id\":\"https:\\\/\\\/www.eldigitaldeasturias.com\\\/noticias\\\/category\\\/actualidad\\\/#listItem\",\"name\":\"Actualidad\"}},{\"@type\":\"ListItem\",\"@id\":\"https:\\\/\\\/www.eldigitaldeasturias.com\\\/noticias\\\/category\\\/actualidad\\\/#listItem\",\"position\":2,\"name\":\"Actualidad\",\"item\":\"https:\\\/\\\/www.eldigitaldeasturias.com\\\/noticias\\\/category\\\/actualidad\\\/\",\"nextItem\":{\"@type\":\"ListItem\",\"@id\":\"https:\\\/\\\/www.eldigitaldeasturias.com\\\/noticias\\\/el-sporting-se-lleva-tres-puntos-de-oro-de-son-moix\\\/#listItem\",\"name\":\"El Sporting se lleva tres puntos de oro de Son Moix\"},\"previousItem\":{\"@type\":\"ListItem\",\"@id\":\"https:\\\/\\\/www.eldigitaldeasturias.com\\\/noticias#listItem\",\"name\":\"Home\"}},{\"@type\":\"ListItem\",\"@id\":\"https:\\\/\\\/www.eldigitaldeasturias.com\\\/noticias\\\/el-sporting-se-lleva-tres-puntos-de-oro-de-son-moix\\\/#listItem\",\"position\":3,\"name\":\"El Sporting se lleva tres puntos de oro de Son Moix\",\"previousItem\":{\"@type\":\"ListItem\",\"@id\":\"https:\\\/\\\/www.eldigitaldeasturias.com\\\/noticias\\\/category\\\/actualidad\\\/#listItem\",\"name\":\"Actualidad\"}}]},{\"@type\":\"Organization\",\"@id\":\"https:\\\/\\\/www.eldigitaldeasturias.com\\\/noticias\\\/#organization\",\"name\":\"El Digital de Asturias\",\"description\":\"Hemeroteca\",\"url\":\"https:\\\/\\\/www.eldigitaldeasturias.com\\\/noticias\\\/\",\"email\":\"info@eldigitaldeasturias.com\",\"telephone\":\"+34652131393\",\"logo\":{\"@type\":\"ImageObject\",\"url\":\"https:\\\/\\\/www.eldigitaldeasturias.com\\\/noticias\\\/wp-content\\\/uploads\\\/2020\\\/12\\\/EDA.jpg\",\"@id\":\"https:\\\/\\\/www.eldigitaldeasturias.com\\\/noticias\\\/el-sporting-se-lleva-tres-puntos-de-oro-de-son-moix\\\/#organizationLogo\"},\"image\":{\"@id\":\"https:\\\/\\\/www.eldigitaldeasturias.com\\\/noticias\\\/el-sporting-se-lleva-tres-puntos-de-oro-de-son-moix\\\/#organizationLogo\"},\"sameAs\":[\"https:\\\/\\\/facebook.com\\\/eldigitaldeasturias\",\"https:\\\/\\\/www.youtube.com\\\/channel\\\/UCZP-2wLEB9Rv6erhFmqVnvg\"],\"address\":{\"@id\":\"https:\\\/\\\/www.eldigitaldeasturias.com\\\/noticias\\\/#postaladdress\",\"@type\":\"PostalAddress\",\"streetAddress\":\"san antonio 4\",\"postalCode\":\"33430\",\"addressLocality\":\"Cand\\u00e1s\",\"addressRegion\":\"Asturias\",\"addressCountry\":\"ES\"}},{\"@type\":\"Person\",\"@id\":\"https:\\\/\\\/www.eldigitaldeasturias.com\\\/noticias\\\/author\\\/admin\\\/#author\",\"url\":\"https:\\\/\\\/www.eldigitaldeasturias.com\\\/noticias\\\/author\\\/admin\\\/\",\"name\":\"El Digital de Asturias\",\"image\":{\"@type\":\"ImageObject\",\"@id\":\"https:\\\/\\\/www.eldigitaldeasturias.com\\\/noticias\\\/el-sporting-se-lleva-tres-puntos-de-oro-de-son-moix\\\/#authorImage\",\"url\":\"https:\\\/\\\/secure.gravatar.com\\\/avatar\\\/df2aeffc32bcd13f8d26072ef8a91b623d677766deac7f97ca815868cd41bf5e?s=96&d=mm&r=g\",\"width\":96,\"height\":96,\"caption\":\"El Digital de Asturias\"}},{\"@type\":\"WebPage\",\"@id\":\"https:\\\/\\\/www.eldigitaldeasturias.com\\\/noticias\\\/el-sporting-se-lleva-tres-puntos-de-oro-de-son-moix\\\/#webpage\",\"url\":\"https:\\\/\\\/www.eldigitaldeasturias.com\\\/noticias\\\/el-sporting-se-lleva-tres-puntos-de-oro-de-son-moix\\\/\",\"name\":\"El Sporting se lleva tres puntos de oro de Son Moix - El Digital de Asturias\",\"description\":\"Palma, 2 feb (EFE).- El Mallorca volvi\\u00f3 a fracasar de forma estrepitosa en su objetivo de situarse en la zona de ascenso de la Liga Adelante al caer 1-3 frente al Real Sporting de Gij\\u00f3n, cuyo triunfo en Son Moix le consolida en la segunda posici\\u00f3n de la tabla de clasificaciones. La d\\u00e9cima victoria de\",\"inLanguage\":\"es-ES\",\"isPartOf\":{\"@id\":\"https:\\\/\\\/www.eldigitaldeasturias.com\\\/noticias\\\/#website\"},\"breadcrumb\":{\"@id\":\"https:\\\/\\\/www.eldigitaldeasturias.com\\\/noticias\\\/el-sporting-se-lleva-tres-puntos-de-oro-de-son-moix\\\/#breadcrumblist\"},\"author\":{\"@id\":\"https:\\\/\\\/www.eldigitaldeasturias.com\\\/noticias\\\/author\\\/admin\\\/#author\"},\"creator\":{\"@id\":\"https:\\\/\\\/www.eldigitaldeasturias.com\\\/noticias\\\/author\\\/admin\\\/#author\"},\"image\":{\"@type\":\"ImageObject\",\"url\":438679,\"@id\":\"https:\\\/\\\/www.eldigitaldeasturias.com\\\/noticias\\\/el-sporting-se-lleva-tres-puntos-de-oro-de-son-moix\\\/#mainImage\"},\"primaryImageOfPage\":{\"@id\":\"https:\\\/\\\/www.eldigitaldeasturias.com\\\/noticias\\\/el-sporting-se-lleva-tres-puntos-de-oro-de-son-moix\\\/#mainImage\"},\"datePublished\":\"2014-02-02T15:26:07+01:00\",\"dateModified\":\"2014-02-02T15:26:07+01:00\"},{\"@type\":\"WebSite\",\"@id\":\"https:\\\/\\\/www.eldigitaldeasturias.com\\\/noticias\\\/#website\",\"url\":\"https:\\\/\\\/www.eldigitaldeasturias.com\\\/noticias\\\/\",\"name\":\"El Digital de Asturias - Diario de actualidad y noticias\",\"alternateName\":\"El Digital de Asturias - Diario de actualidad y noticias\",\"description\":\"Hemeroteca\",\"inLanguage\":\"es-ES\",\"publisher\":{\"@id\":\"https:\\\/\\\/www.eldigitaldeasturias.com\\\/noticias\\\/#organization\"}}]}\n\t\t<\/script>\n\t\t<!-- All in One SEO Pro -->\r\n\t\t<title>El Sporting se lleva tres puntos de oro de Son Moix - El Digital de Asturias<\/title>\n\n","aioseo_head_json":{"title":"El Sporting se lleva tres puntos de oro de Son Moix - El Digital de Asturias","description":"Palma, 2 feb (EFE).- El Mallorca volvi\u00f3 a fracasar de forma estrepitosa en su objetivo de situarse en la zona de ascenso de la Liga Adelante al caer 1-3 frente al Real Sporting de Gij\u00f3n, cuyo triunfo en Son Moix le consolida en la segunda posici\u00f3n de la tabla de clasificaciones. La d\u00e9cima victoria de","canonical_url":"https:\/\/www.eldigitaldeasturias.com\/noticias\/el-sporting-se-lleva-tres-puntos-de-oro-de-son-moix\/","robots":"max-image-preview:large","keywords":"actualidad","webmasterTools":{"google-site-verification":"UA-38556648-1","msvalidate.01":"7dfe9f3f1b24437ab69f4f2559babe99","miscellaneous":""},"schema":{"@context":"https:\/\/schema.org","@graph":[{"@type":"BlogPosting","@id":"https:\/\/www.eldigitaldeasturias.com\/noticias\/el-sporting-se-lleva-tres-puntos-de-oro-de-son-moix\/#blogposting","name":"El Sporting se lleva tres puntos de oro de Son Moix - El Digital de Asturias","headline":"El Sporting se lleva tres puntos de oro de Son Moix","author":{"@id":"https:\/\/www.eldigitaldeasturias.com\/noticias\/author\/admin\/#author"},"publisher":{"@id":"https:\/\/www.eldigitaldeasturias.com\/noticias\/#organization"},"image":{"@type":"ImageObject","url":438679},"datePublished":"2014-02-02T15:26:07+01:00","dateModified":"2014-02-02T15:26:07+01:00","inLanguage":"es-ES","mainEntityOfPage":{"@id":"https:\/\/www.eldigitaldeasturias.com\/noticias\/el-sporting-se-lleva-tres-puntos-de-oro-de-son-moix\/#webpage"},"isPartOf":{"@id":"https:\/\/www.eldigitaldeasturias.com\/noticias\/el-sporting-se-lleva-tres-puntos-de-oro-de-son-moix\/#webpage"},"articleSection":"Actualidad"},{"@type":"BreadcrumbList","@id":"https:\/\/www.eldigitaldeasturias.com\/noticias\/el-sporting-se-lleva-tres-puntos-de-oro-de-son-moix\/#breadcrumblist","itemListElement":[{"@type":"ListItem","@id":"https:\/\/www.eldigitaldeasturias.com\/noticias#listItem","position":1,"name":"Home","item":"https:\/\/www.eldigitaldeasturias.com\/noticias","nextItem":{"@type":"ListItem","@id":"https:\/\/www.eldigitaldeasturias.com\/noticias\/category\/actualidad\/#listItem","name":"Actualidad"}},{"@type":"ListItem","@id":"https:\/\/www.eldigitaldeasturias.com\/noticias\/category\/actualidad\/#listItem","position":2,"name":"Actualidad","item":"https:\/\/www.eldigitaldeasturias.com\/noticias\/category\/actualidad\/","nextItem":{"@type":"ListItem","@id":"https:\/\/www.eldigitaldeasturias.com\/noticias\/el-sporting-se-lleva-tres-puntos-de-oro-de-son-moix\/#listItem","name":"El Sporting se lleva tres puntos de oro de Son Moix"},"previousItem":{"@type":"ListItem","@id":"https:\/\/www.eldigitaldeasturias.com\/noticias#listItem","name":"Home"}},{"@type":"ListItem","@id":"https:\/\/www.eldigitaldeasturias.com\/noticias\/el-sporting-se-lleva-tres-puntos-de-oro-de-son-moix\/#listItem","position":3,"name":"El Sporting se lleva tres puntos de oro de Son Moix","previousItem":{"@type":"ListItem","@id":"https:\/\/www.eldigitaldeasturias.com\/noticias\/category\/actualidad\/#listItem","name":"Actualidad"}}]},{"@type":"Organization","@id":"https:\/\/www.eldigitaldeasturias.com\/noticias\/#organization","name":"El Digital de Asturias","description":"Hemeroteca","url":"https:\/\/www.eldigitaldeasturias.com\/noticias\/","email":"info@eldigitaldeasturias.com","telephone":"+34652131393","logo":{"@type":"ImageObject","url":"https:\/\/www.eldigitaldeasturias.com\/noticias\/wp-content\/uploads\/2020\/12\/EDA.jpg","@id":"https:\/\/www.eldigitaldeasturias.com\/noticias\/el-sporting-se-lleva-tres-puntos-de-oro-de-son-moix\/#organizationLogo"},"image":{"@id":"https:\/\/www.eldigitaldeasturias.com\/noticias\/el-sporting-se-lleva-tres-puntos-de-oro-de-son-moix\/#organizationLogo"},"sameAs":["https:\/\/facebook.com\/eldigitaldeasturias","https:\/\/www.youtube.com\/channel\/UCZP-2wLEB9Rv6erhFmqVnvg"],"address":{"@id":"https:\/\/www.eldigitaldeasturias.com\/noticias\/#postaladdress","@type":"PostalAddress","streetAddress":"san antonio 4","postalCode":"33430","addressLocality":"Cand\u00e1s","addressRegion":"Asturias","addressCountry":"ES"}},{"@type":"Person","@id":"https:\/\/www.eldigitaldeasturias.com\/noticias\/author\/admin\/#author","url":"https:\/\/www.eldigitaldeasturias.com\/noticias\/author\/admin\/","name":"El Digital de Asturias","image":{"@type":"ImageObject","@id":"https:\/\/www.eldigitaldeasturias.com\/noticias\/el-sporting-se-lleva-tres-puntos-de-oro-de-son-moix\/#authorImage","url":"https:\/\/secure.gravatar.com\/avatar\/df2aeffc32bcd13f8d26072ef8a91b623d677766deac7f97ca815868cd41bf5e?s=96&d=mm&r=g","width":96,"height":96,"caption":"El Digital de Asturias"}},{"@type":"WebPage","@id":"https:\/\/www.eldigitaldeasturias.com\/noticias\/el-sporting-se-lleva-tres-puntos-de-oro-de-son-moix\/#webpage","url":"https:\/\/www.eldigitaldeasturias.com\/noticias\/el-sporting-se-lleva-tres-puntos-de-oro-de-son-moix\/","name":"El Sporting se lleva tres puntos de oro de Son Moix - El Digital de Asturias","description":"Palma, 2 feb (EFE).- El Mallorca volvi\u00f3 a fracasar de forma estrepitosa en su objetivo de situarse en la zona de ascenso de la Liga Adelante al caer 1-3 frente al Real Sporting de Gij\u00f3n, cuyo triunfo en Son Moix le consolida en la segunda posici\u00f3n de la tabla de clasificaciones. La d\u00e9cima victoria de","inLanguage":"es-ES","isPartOf":{"@id":"https:\/\/www.eldigitaldeasturias.com\/noticias\/#website"},"breadcrumb":{"@id":"https:\/\/www.eldigitaldeasturias.com\/noticias\/el-sporting-se-lleva-tres-puntos-de-oro-de-son-moix\/#breadcrumblist"},"author":{"@id":"https:\/\/www.eldigitaldeasturias.com\/noticias\/author\/admin\/#author"},"creator":{"@id":"https:\/\/www.eldigitaldeasturias.com\/noticias\/author\/admin\/#author"},"image":{"@type":"ImageObject","url":438679,"@id":"https:\/\/www.eldigitaldeasturias.com\/noticias\/el-sporting-se-lleva-tres-puntos-de-oro-de-son-moix\/#mainImage"},"primaryImageOfPage":{"@id":"https:\/\/www.eldigitaldeasturias.com\/noticias\/el-sporting-se-lleva-tres-puntos-de-oro-de-son-moix\/#mainImage"},"datePublished":"2014-02-02T15:26:07+01:00","dateModified":"2014-02-02T15:26:07+01:00"},{"@type":"WebSite","@id":"https:\/\/www.eldigitaldeasturias.com\/noticias\/#website","url":"https:\/\/www.eldigitaldeasturias.com\/noticias\/","name":"El Digital de Asturias - Diario de actualidad y noticias","alternateName":"El Digital de Asturias - Diario de actualidad y noticias","description":"Hemeroteca","inLanguage":"es-ES","publisher":{"@id":"https:\/\/www.eldigitaldeasturias.com\/noticias\/#organization"}}]},"og:locale":"es_ES","og:site_name":"El Digital de Asturias","og:type":"article","og:title":"El Sporting se lleva tres puntos de oro de Son Moix - El Digital de Asturias","og:description":"Palma, 2 feb (EFE).- El Mallorca volvi\u00f3 a fracasar de forma estrepitosa en su objetivo de situarse en la zona de ascenso de la Liga Adelante al caer 1-3 frente al Real Sporting de Gij\u00f3n, cuyo triunfo en Son Moix le consolida en la segunda posici\u00f3n de la tabla de clasificaciones. La d\u00e9cima victoria de","og:url":"https:\/\/www.eldigitaldeasturias.com\/noticias\/el-sporting-se-lleva-tres-puntos-de-oro-de-son-moix\/","article:tag":["actualidad"],"article:published_time":"2014-02-02T16:26:07+00:00","article:modified_time":"2014-02-02T16:26:07+00:00","article:publisher":"https:\/\/facebook.com\/eldigitaldeasturias","twitter:card":"summary_large_image","twitter:title":"El Sporting se lleva tres puntos de oro de Son Moix - El Digital de Asturias","twitter:description":"Palma, 2 feb (EFE).- El Mallorca volvi\u00f3 a fracasar de forma estrepitosa en su objetivo de situarse en la zona de ascenso de la Liga Adelante al caer 1-3 frente al Real Sporting de Gij\u00f3n, cuyo triunfo en Son Moix le consolida en la segunda posici\u00f3n de la tabla de clasificaciones. La d\u00e9cima victoria de","twitter:label1":"Escrito por","twitter:data1":"El Digital de Asturias","twitter:label2":"Tiempo de lectura estimado","twitter:data2":"4 minutos"},"aioseo_meta_data":{"post_id":"482160","title":null,"description":null,"keywords":null,"keyphrases":null,"primary_term":null,"canonical_url":null,"og_title":null,"og_description":null,"og_object_type":"default","og_image_type":"default","og_image_url":null,"og_image_width":null,"og_image_height":null,"og_image_custom_url":null,"og_image_custom_fields":null,"og_video":null,"og_custom_url":null,"og_article_section":null,"og_article_tags":null,"twitter_use_og":true,"twitter_card":"default","twitter_image_type":"default","twitter_image_url":null,"twitter_image_custom_url":null,"twitter_image_custom_fields":null,"twitter_title":null,"twitter_description":null,"schema":{"blockGraphs":[],"customGraphs":[],"default":{"data":{"Article":[],"Course":[],"Dataset":[],"FAQPage":[],"Movie":[],"Person":[],"Product":[],"ProductReview":[],"Car":[],"Recipe":[],"Service":[],"SoftwareApplication":[],"WebPage":[]},"graphName":"","isEnabled":true},"graphs":[],"defaultGraph":"","defaultPostTypeGraph":""},"schema_type":null,"schema_type_options":null,"pillar_content":false,"robots_default":true,"robots_noindex":false,"robots_noarchive":false,"robots_nosnippet":false,"robots_nofollow":false,"robots_noimageindex":false,"robots_noodp":false,"robots_notranslate":false,"robots_max_snippet":null,"robots_max_videopreview":null,"robots_max_imagepreview":"none","priority":null,"frequency":null,"local_seo":null,"seo_analyzer_scan_date":"2026-06-02 09:01:50","breadcrumb_settings":null,"limit_modified_date":false,"open_ai":null,"ai":null,"created":"2020-11-14 22:54:32","updated":"2026-06-02 09:01:50","focus_keyword":null,"additional_keywords":null,"truseo_locale":null},"aioseo_breadcrumb":"<div class=\"aioseo-breadcrumbs\"><span class=\"aioseo-breadcrumb\">\n\t<a href=\"https:\/\/www.eldigitaldeasturias.com\/noticias\" title=\"Home\">Home<\/a>\n<\/span><span class=\"aioseo-breadcrumb-separator\">\u2013<\/span><span class=\"aioseo-breadcrumb\">\n\t<a href=\"https:\/\/www.eldigitaldeasturias.com\/noticias\/category\/actualidad\/\" title=\"Actualidad\">Actualidad<\/a>\n<\/span><span class=\"aioseo-breadcrumb-separator\">\u2013<\/span><span class=\"aioseo-breadcrumb\">\n\t<a href=\"https:\/\/www.eldigitaldeasturias.com\/noticias\/el-sporting-se-lleva-tres-puntos-de-oro-de-son-moix\/\" title=\"El Sporting se lleva tres puntos de oro de Son Moix\">El Sporting se lleva tres puntos de oro de Son Moix<\/a>\n<\/span><\/div>","aioseo_breadcrumb_json":[{"label":"Home","link":"https:\/\/www.eldigitaldeasturias.com\/noticias"},{"label":"Actualidad","link":"https:\/\/www.eldigitaldeasturias.com\/noticias\/category\/actualidad\/"},{"label":"El Sporting se lleva tres puntos de oro de Son Moix","link":"https:\/\/www.eldigitaldeasturias.com\/noticias\/el-sporting-se-lleva-tres-puntos-de-oro-de-son-moix\/"}],"_links":{"self":[{"href":"https:\/\/www.eldigitaldeasturias.com\/noticias\/wp-json\/wp\/v2\/posts\/482160","targetHints":{"allow":["GET"]}}],"collection":[{"href":"https:\/\/www.eldigitaldeasturias.com\/noticias\/wp-json\/wp\/v2\/posts"}],"about":[{"href":"https:\/\/www.eldigitaldeasturias.com\/noticias\/wp-json\/wp\/v2\/types\/post"}],"author":[{"embeddable":true,"href":"https:\/\/www.eldigitaldeasturias.com\/noticias\/wp-json\/wp\/v2\/users\/1"}],"replies":[{"embeddable":true,"href":"https:\/\/www.eldigitaldeasturias.com\/noticias\/wp-json\/wp\/v2\/comments?post=482160"}],"version-history":[{"count":0,"href":"https:\/\/www.eldigitaldeasturias.com\/noticias\/wp-json\/wp\/v2\/posts\/482160\/revisions"}],"wp:attachment":[{"href":"https:\/\/www.eldigitaldeasturias.com\/noticias\/wp-json\/wp\/v2\/media?parent=482160"}],"wp:term":[{"taxonomy":"category","embeddable":true,"href":"https:\/\/www.eldigitaldeasturias.com\/noticias\/wp-json\/wp\/v2\/categories?post=482160"},{"taxonomy":"post_tag","embeddable":true,"href":"https:\/\/www.eldigitaldeasturias.com\/noticias\/wp-json\/wp\/v2\/tags?post=482160"}],"curies":[{"name":"wp","href":"https:\/\/api.w.org\/{rel}","templated":true}]}}