{"id":482115,"date":"2014-02-02T14:17:44","date_gmt":"2014-02-02T15:17:44","guid":{"rendered":"http:\/\/www.eldigitaldeasturias.com\/noticias\/?p=482115"},"modified":"2014-02-02T14:17:44","modified_gmt":"2014-02-02T15:17:44","slug":"francfort-vive-la-mayor-voladura-controlada-de-una-torre-realizada-en-europa","status":"publish","type":"post","link":"https:\/\/www.eldigitaldeasturias.com\/noticias\/francfort-vive-la-mayor-voladura-controlada-de-una-torre-realizada-en-europa\/","title":{"rendered":"Fr\u00e1ncfort vive la mayor voladura controlada de una torre realizada en Europa"},"content":{"rendered":"<p><img loading=\"lazy\" decoding=\"async\" class=\"alignleft size-large wp-image-482116\" alt=\"5900958w\" src=\"https:\/\/www.eldigitaldeasturias.com\/noticias\/wp-content\/uploads\/2014\/02\/5900958w-650x433.jpg\" width=\"650\" height=\"433\" \/>Berl\u00edn, 2 feb (EFE).- La ciudad de Fr\u00e1ncfort (Alemania) vivi\u00f3 hoy ante gran expectaci\u00f3n la voladura controlada de la torre AfE de la Universidad Goethe, el edificio m\u00e1s alto demolido en Europa con explosivos.<\/p>\n<p>La torre, de 116 metros, tard\u00f3 apenas unos segundos en caer desde que los especialistas detonaron a distancia los 950 kilos de explosivos colocados en el rascacielos, que se desmoron\u00f3 en dos fases envuelto en una gran nube de polvo que se extendi\u00f3 por el centro de la ciudad.<\/p>\n<p>Miles de curiosos se acercaron al amplio per\u00edmetro de seguridad acordonado por las autoridades para evitar accidentes en el caso de eventuales errores y varias cadenas de televisi\u00f3n retransmitieron en directo la explosi\u00f3n.<\/p>\n<p>Los especialistas planificaron una demolici\u00f3n en la que la parte superior de la torre cayera ligeramente hacia el sur y la parte inferior hacia el norte, pero la nube de polvo que generaron al caer las 50.000 toneladas de cemento y acero del rascacielos impidi\u00f3 apreciar detalles.<\/p>\n<p>Inaugurado en 1972, por el edificio han pasado varias generaciones de profesores, estudiantes e investigadores de la Universidad Goethe, que el a\u00f1o pasado estren\u00f3 instalaciones en un nuevo campus<\/p>\n<p>En el solar est\u00e1 previsto que se levanten dos nuevos rascacielos de 100 y 140 metros, respectivamente.<\/p>\n","protected":false},"excerpt":{"rendered":"<p>Berl\u00edn, 2 feb (EFE).- La ciudad de Fr\u00e1ncfort (Alemania) vivi\u00f3 hoy ante gran expectaci\u00f3n la voladura controlada de la torre AfE de la Universidad Goethe, el edificio m\u00e1s alto demolido en Europa con explosivos. La torre, de 116 metros, tard\u00f3 apenas unos segundos en caer desde que los especialistas detonaron a distancia los 950 kilos [&hellip;]<\/p>\n","protected":false},"author":1,"featured_media":482116,"comment_status":"closed","ping_status":"open","sticky":false,"template":"","format":"standard","meta":{"footnotes":""},"categories":[1],"tags":[],"class_list":["post-482115","post","type-post","status-publish","format-standard","has-post-thumbnail","hentry","category-actualidad"],"aioseo_notices":[],"aioseo_head":"\n\t\t<!-- All in One SEO Pro 5.0.1 - aioseo.com -->\n\t<meta name=\"description\" content=\"Berl\u00edn, 2 feb (EFE).- La ciudad de Fr\u00e1ncfort (Alemania) vivi\u00f3 hoy ante gran expectaci\u00f3n la voladura controlada de la torre AfE de la Universidad Goethe, el edificio m\u00e1s alto demolido en Europa con explosivos. La torre, de 116 metros, tard\u00f3 apenas unos segundos en caer desde que los especialistas detonaron a distancia los 950 kilos\" \/>\n\t<meta name=\"robots\" content=\"max-image-preview:large\" \/>\n\t<meta name=\"author\" content=\"El Digital de Asturias\"\/>\n\t<meta name=\"google-site-verification\" content=\"UA-38556648-1\" \/>\n\t<meta name=\"msvalidate.01\" content=\"7dfe9f3f1b24437ab69f4f2559babe99\" \/>\n\t<meta name=\"keywords\" content=\"actualidad\" \/>\n\t<link rel=\"canonical\" href=\"https:\/\/www.eldigitaldeasturias.com\/noticias\/francfort-vive-la-mayor-voladura-controlada-de-una-torre-realizada-en-europa\/\" \/>\n\t<meta name=\"generator\" content=\"All in One SEO Pro (AIOSEO) 5.0.1\" \/>\n\t\t<meta property=\"og:locale\" content=\"es_ES\" \/>\n\t\t<meta property=\"og:site_name\" content=\"El Digital de Asturias\" \/>\n\t\t<meta property=\"og:type\" content=\"article\" \/>\n\t\t<meta property=\"og:title\" content=\"Fr\u00e1ncfort vive la mayor voladura controlada de una torre realizada en Europa - El Digital de Asturias\" \/>\n\t\t<meta property=\"og:description\" content=\"Berl\u00edn, 2 feb (EFE).- La ciudad de Fr\u00e1ncfort (Alemania) vivi\u00f3 hoy ante gran expectaci\u00f3n la voladura controlada de la torre AfE de la Universidad Goethe, el edificio m\u00e1s alto demolido en Europa con explosivos. La torre, de 116 metros, tard\u00f3 apenas unos segundos en caer desde que los especialistas detonaron a distancia los 950 kilos\" \/>\n\t\t<meta property=\"og:url\" content=\"https:\/\/www.eldigitaldeasturias.com\/noticias\/francfort-vive-la-mayor-voladura-controlada-de-una-torre-realizada-en-europa\/\" \/>\n\t\t<meta property=\"article:tag\" content=\"actualidad\" \/>\n\t\t<meta property=\"article:published_time\" content=\"2014-02-02T15:17:44+00:00\" \/>\n\t\t<meta property=\"article:modified_time\" content=\"2014-02-02T15:17:44+00:00\" \/>\n\t\t<meta property=\"article:publisher\" content=\"https:\/\/facebook.com\/eldigitaldeasturias\" \/>\n\t\t<meta name=\"twitter:card\" content=\"summary_large_image\" \/>\n\t\t<meta name=\"twitter:title\" content=\"Fr\u00e1ncfort vive la mayor voladura controlada de una torre realizada en Europa - El Digital de Asturias\" \/>\n\t\t<meta name=\"twitter:description\" content=\"Berl\u00edn, 2 feb (EFE).- La ciudad de Fr\u00e1ncfort (Alemania) vivi\u00f3 hoy ante gran expectaci\u00f3n la voladura controlada de la torre AfE de la Universidad Goethe, el edificio m\u00e1s alto demolido en Europa con explosivos. La torre, de 116 metros, tard\u00f3 apenas unos segundos en caer desde que los especialistas detonaron a distancia los 950 kilos\" \/>\n\t\t<meta name=\"twitter:label1\" content=\"Escrito por\" \/>\n\t\t<meta name=\"twitter:data1\" content=\"El Digital de Asturias\" \/>\n\t\t<meta name=\"twitter:label2\" content=\"Tiempo de lectura estimado\" \/>\n\t\t<meta name=\"twitter:data2\" content=\"1 minuto\" \/>\n\t\t<script type=\"application\/ld+json\" class=\"aioseo-schema\">\n\t\t\t{\"@context\":\"https:\\\/\\\/schema.org\",\"@graph\":[{\"@type\":\"BlogPosting\",\"@id\":\"https:\\\/\\\/www.eldigitaldeasturias.com\\\/noticias\\\/francfort-vive-la-mayor-voladura-controlada-de-una-torre-realizada-en-europa\\\/#blogposting\",\"name\":\"Fr\\u00e1ncfort vive la mayor voladura controlada de una torre realizada en Europa - El Digital de Asturias\",\"headline\":\"Fr\\u00e1ncfort vive la mayor voladura controlada de una torre realizada en Europa\",\"author\":{\"@id\":\"https:\\\/\\\/www.eldigitaldeasturias.com\\\/noticias\\\/author\\\/admin\\\/#author\"},\"publisher\":{\"@id\":\"https:\\\/\\\/www.eldigitaldeasturias.com\\\/noticias\\\/#organization\"},\"image\":{\"@type\":\"ImageObject\",\"url\":482116},\"datePublished\":\"2014-02-02T14:17:44+01:00\",\"dateModified\":\"2014-02-02T14:17:44+01:00\",\"inLanguage\":\"es-ES\",\"mainEntityOfPage\":{\"@id\":\"https:\\\/\\\/www.eldigitaldeasturias.com\\\/noticias\\\/francfort-vive-la-mayor-voladura-controlada-de-una-torre-realizada-en-europa\\\/#webpage\"},\"isPartOf\":{\"@id\":\"https:\\\/\\\/www.eldigitaldeasturias.com\\\/noticias\\\/francfort-vive-la-mayor-voladura-controlada-de-una-torre-realizada-en-europa\\\/#webpage\"},\"articleSection\":\"Actualidad\"},{\"@type\":\"BreadcrumbList\",\"@id\":\"https:\\\/\\\/www.eldigitaldeasturias.com\\\/noticias\\\/francfort-vive-la-mayor-voladura-controlada-de-una-torre-realizada-en-europa\\\/#breadcrumblist\",\"itemListElement\":[{\"@type\":\"ListItem\",\"@id\":\"https:\\\/\\\/www.eldigitaldeasturias.com\\\/noticias#listItem\",\"position\":1,\"name\":\"Home\",\"item\":\"https:\\\/\\\/www.eldigitaldeasturias.com\\\/noticias\",\"nextItem\":{\"@type\":\"ListItem\",\"@id\":\"https:\\\/\\\/www.eldigitaldeasturias.com\\\/noticias\\\/category\\\/actualidad\\\/#listItem\",\"name\":\"Actualidad\"}},{\"@type\":\"ListItem\",\"@id\":\"https:\\\/\\\/www.eldigitaldeasturias.com\\\/noticias\\\/category\\\/actualidad\\\/#listItem\",\"position\":2,\"name\":\"Actualidad\",\"item\":\"https:\\\/\\\/www.eldigitaldeasturias.com\\\/noticias\\\/category\\\/actualidad\\\/\",\"nextItem\":{\"@type\":\"ListItem\",\"@id\":\"https:\\\/\\\/www.eldigitaldeasturias.com\\\/noticias\\\/francfort-vive-la-mayor-voladura-controlada-de-una-torre-realizada-en-europa\\\/#listItem\",\"name\":\"Fr\\u00e1ncfort vive la mayor voladura controlada de una torre realizada en Europa\"},\"previousItem\":{\"@type\":\"ListItem\",\"@id\":\"https:\\\/\\\/www.eldigitaldeasturias.com\\\/noticias#listItem\",\"name\":\"Home\"}},{\"@type\":\"ListItem\",\"@id\":\"https:\\\/\\\/www.eldigitaldeasturias.com\\\/noticias\\\/francfort-vive-la-mayor-voladura-controlada-de-una-torre-realizada-en-europa\\\/#listItem\",\"position\":3,\"name\":\"Fr\\u00e1ncfort vive la mayor voladura controlada de una torre realizada en Europa\",\"previousItem\":{\"@type\":\"ListItem\",\"@id\":\"https:\\\/\\\/www.eldigitaldeasturias.com\\\/noticias\\\/category\\\/actualidad\\\/#listItem\",\"name\":\"Actualidad\"}}]},{\"@type\":\"Organization\",\"@id\":\"https:\\\/\\\/www.eldigitaldeasturias.com\\\/noticias\\\/#organization\",\"name\":\"El Digital de Asturias\",\"description\":\"Hemeroteca\",\"url\":\"https:\\\/\\\/www.eldigitaldeasturias.com\\\/noticias\\\/\",\"email\":\"info@eldigitaldeasturias.com\",\"telephone\":\"+34652131393\",\"logo\":{\"@type\":\"ImageObject\",\"url\":\"https:\\\/\\\/www.eldigitaldeasturias.com\\\/noticias\\\/wp-content\\\/uploads\\\/2020\\\/12\\\/EDA.jpg\",\"@id\":\"https:\\\/\\\/www.eldigitaldeasturias.com\\\/noticias\\\/francfort-vive-la-mayor-voladura-controlada-de-una-torre-realizada-en-europa\\\/#organizationLogo\"},\"image\":{\"@id\":\"https:\\\/\\\/www.eldigitaldeasturias.com\\\/noticias\\\/francfort-vive-la-mayor-voladura-controlada-de-una-torre-realizada-en-europa\\\/#organizationLogo\"},\"sameAs\":[\"https:\\\/\\\/facebook.com\\\/eldigitaldeasturias\",\"https:\\\/\\\/www.youtube.com\\\/channel\\\/UCZP-2wLEB9Rv6erhFmqVnvg\"],\"address\":{\"@id\":\"https:\\\/\\\/www.eldigitaldeasturias.com\\\/noticias\\\/#postaladdress\",\"@type\":\"PostalAddress\",\"streetAddress\":\"san antonio 4\",\"postalCode\":\"33430\",\"addressLocality\":\"Cand\\u00e1s\",\"addressRegion\":\"Asturias\",\"addressCountry\":\"ES\"}},{\"@type\":\"Person\",\"@id\":\"https:\\\/\\\/www.eldigitaldeasturias.com\\\/noticias\\\/author\\\/admin\\\/#author\",\"url\":\"https:\\\/\\\/www.eldigitaldeasturias.com\\\/noticias\\\/author\\\/admin\\\/\",\"name\":\"El Digital de Asturias\",\"image\":{\"@type\":\"ImageObject\",\"@id\":\"https:\\\/\\\/www.eldigitaldeasturias.com\\\/noticias\\\/francfort-vive-la-mayor-voladura-controlada-de-una-torre-realizada-en-europa\\\/#authorImage\",\"url\":\"https:\\\/\\\/secure.gravatar.com\\\/avatar\\\/df2aeffc32bcd13f8d26072ef8a91b623d677766deac7f97ca815868cd41bf5e?s=96&d=mm&r=g\",\"width\":96,\"height\":96,\"caption\":\"El Digital de Asturias\"}},{\"@type\":\"WebPage\",\"@id\":\"https:\\\/\\\/www.eldigitaldeasturias.com\\\/noticias\\\/francfort-vive-la-mayor-voladura-controlada-de-una-torre-realizada-en-europa\\\/#webpage\",\"url\":\"https:\\\/\\\/www.eldigitaldeasturias.com\\\/noticias\\\/francfort-vive-la-mayor-voladura-controlada-de-una-torre-realizada-en-europa\\\/\",\"name\":\"Fr\\u00e1ncfort vive la mayor voladura controlada de una torre realizada en Europa - El Digital de Asturias\",\"description\":\"Berl\\u00edn, 2 feb (EFE).- La ciudad de Fr\\u00e1ncfort (Alemania) vivi\\u00f3 hoy ante gran expectaci\\u00f3n la voladura controlada de la torre AfE de la Universidad Goethe, el edificio m\\u00e1s alto demolido en Europa con explosivos. La torre, de 116 metros, tard\\u00f3 apenas unos segundos en caer desde que los especialistas detonaron a distancia los 950 kilos\",\"inLanguage\":\"es-ES\",\"isPartOf\":{\"@id\":\"https:\\\/\\\/www.eldigitaldeasturias.com\\\/noticias\\\/#website\"},\"breadcrumb\":{\"@id\":\"https:\\\/\\\/www.eldigitaldeasturias.com\\\/noticias\\\/francfort-vive-la-mayor-voladura-controlada-de-una-torre-realizada-en-europa\\\/#breadcrumblist\"},\"author\":{\"@id\":\"https:\\\/\\\/www.eldigitaldeasturias.com\\\/noticias\\\/author\\\/admin\\\/#author\"},\"creator\":{\"@id\":\"https:\\\/\\\/www.eldigitaldeasturias.com\\\/noticias\\\/author\\\/admin\\\/#author\"},\"image\":{\"@type\":\"ImageObject\",\"url\":482116,\"@id\":\"https:\\\/\\\/www.eldigitaldeasturias.com\\\/noticias\\\/francfort-vive-la-mayor-voladura-controlada-de-una-torre-realizada-en-europa\\\/#mainImage\"},\"primaryImageOfPage\":{\"@id\":\"https:\\\/\\\/www.eldigitaldeasturias.com\\\/noticias\\\/francfort-vive-la-mayor-voladura-controlada-de-una-torre-realizada-en-europa\\\/#mainImage\"},\"datePublished\":\"2014-02-02T14:17:44+01:00\",\"dateModified\":\"2014-02-02T14:17:44+01:00\"},{\"@type\":\"WebSite\",\"@id\":\"https:\\\/\\\/www.eldigitaldeasturias.com\\\/noticias\\\/#website\",\"url\":\"https:\\\/\\\/www.eldigitaldeasturias.com\\\/noticias\\\/\",\"name\":\"El Digital de Asturias - Diario de actualidad y noticias\",\"alternateName\":\"El Digital de Asturias - Diario de actualidad y noticias\",\"description\":\"Hemeroteca\",\"inLanguage\":\"es-ES\",\"publisher\":{\"@id\":\"https:\\\/\\\/www.eldigitaldeasturias.com\\\/noticias\\\/#organization\"}}]}\n\t\t<\/script>\n\t\t<!-- All in One SEO Pro -->\r\n\t\t<title>Fr\u00e1ncfort vive la mayor voladura controlada de una torre realizada en Europa - El Digital de Asturias<\/title>\n\n","aioseo_head_json":{"title":"Fr\u00e1ncfort vive la mayor voladura controlada de una torre realizada en Europa - El Digital de Asturias","description":"Berl\u00edn, 2 feb (EFE).- La ciudad de Fr\u00e1ncfort (Alemania) vivi\u00f3 hoy ante gran expectaci\u00f3n la voladura controlada de la torre AfE de la Universidad Goethe, el edificio m\u00e1s alto demolido en Europa con explosivos. La torre, de 116 metros, tard\u00f3 apenas unos segundos en caer desde que los especialistas detonaron a distancia los 950 kilos","canonical_url":"https:\/\/www.eldigitaldeasturias.com\/noticias\/francfort-vive-la-mayor-voladura-controlada-de-una-torre-realizada-en-europa\/","robots":"max-image-preview:large","keywords":"actualidad","webmasterTools":{"google-site-verification":"UA-38556648-1","msvalidate.01":"7dfe9f3f1b24437ab69f4f2559babe99","miscellaneous":""},"schema":{"@context":"https:\/\/schema.org","@graph":[{"@type":"BlogPosting","@id":"https:\/\/www.eldigitaldeasturias.com\/noticias\/francfort-vive-la-mayor-voladura-controlada-de-una-torre-realizada-en-europa\/#blogposting","name":"Fr\u00e1ncfort vive la mayor voladura controlada de una torre realizada en Europa - El Digital de Asturias","headline":"Fr\u00e1ncfort vive la mayor voladura controlada de una torre realizada en Europa","author":{"@id":"https:\/\/www.eldigitaldeasturias.com\/noticias\/author\/admin\/#author"},"publisher":{"@id":"https:\/\/www.eldigitaldeasturias.com\/noticias\/#organization"},"image":{"@type":"ImageObject","url":482116},"datePublished":"2014-02-02T14:17:44+01:00","dateModified":"2014-02-02T14:17:44+01:00","inLanguage":"es-ES","mainEntityOfPage":{"@id":"https:\/\/www.eldigitaldeasturias.com\/noticias\/francfort-vive-la-mayor-voladura-controlada-de-una-torre-realizada-en-europa\/#webpage"},"isPartOf":{"@id":"https:\/\/www.eldigitaldeasturias.com\/noticias\/francfort-vive-la-mayor-voladura-controlada-de-una-torre-realizada-en-europa\/#webpage"},"articleSection":"Actualidad"},{"@type":"BreadcrumbList","@id":"https:\/\/www.eldigitaldeasturias.com\/noticias\/francfort-vive-la-mayor-voladura-controlada-de-una-torre-realizada-en-europa\/#breadcrumblist","itemListElement":[{"@type":"ListItem","@id":"https:\/\/www.eldigitaldeasturias.com\/noticias#listItem","position":1,"name":"Home","item":"https:\/\/www.eldigitaldeasturias.com\/noticias","nextItem":{"@type":"ListItem","@id":"https:\/\/www.eldigitaldeasturias.com\/noticias\/category\/actualidad\/#listItem","name":"Actualidad"}},{"@type":"ListItem","@id":"https:\/\/www.eldigitaldeasturias.com\/noticias\/category\/actualidad\/#listItem","position":2,"name":"Actualidad","item":"https:\/\/www.eldigitaldeasturias.com\/noticias\/category\/actualidad\/","nextItem":{"@type":"ListItem","@id":"https:\/\/www.eldigitaldeasturias.com\/noticias\/francfort-vive-la-mayor-voladura-controlada-de-una-torre-realizada-en-europa\/#listItem","name":"Fr\u00e1ncfort vive la mayor voladura controlada de una torre realizada en Europa"},"previousItem":{"@type":"ListItem","@id":"https:\/\/www.eldigitaldeasturias.com\/noticias#listItem","name":"Home"}},{"@type":"ListItem","@id":"https:\/\/www.eldigitaldeasturias.com\/noticias\/francfort-vive-la-mayor-voladura-controlada-de-una-torre-realizada-en-europa\/#listItem","position":3,"name":"Fr\u00e1ncfort vive la mayor voladura controlada de una torre realizada en Europa","previousItem":{"@type":"ListItem","@id":"https:\/\/www.eldigitaldeasturias.com\/noticias\/category\/actualidad\/#listItem","name":"Actualidad"}}]},{"@type":"Organization","@id":"https:\/\/www.eldigitaldeasturias.com\/noticias\/#organization","name":"El Digital de Asturias","description":"Hemeroteca","url":"https:\/\/www.eldigitaldeasturias.com\/noticias\/","email":"info@eldigitaldeasturias.com","telephone":"+34652131393","logo":{"@type":"ImageObject","url":"https:\/\/www.eldigitaldeasturias.com\/noticias\/wp-content\/uploads\/2020\/12\/EDA.jpg","@id":"https:\/\/www.eldigitaldeasturias.com\/noticias\/francfort-vive-la-mayor-voladura-controlada-de-una-torre-realizada-en-europa\/#organizationLogo"},"image":{"@id":"https:\/\/www.eldigitaldeasturias.com\/noticias\/francfort-vive-la-mayor-voladura-controlada-de-una-torre-realizada-en-europa\/#organizationLogo"},"sameAs":["https:\/\/facebook.com\/eldigitaldeasturias","https:\/\/www.youtube.com\/channel\/UCZP-2wLEB9Rv6erhFmqVnvg"],"address":{"@id":"https:\/\/www.eldigitaldeasturias.com\/noticias\/#postaladdress","@type":"PostalAddress","streetAddress":"san antonio 4","postalCode":"33430","addressLocality":"Cand\u00e1s","addressRegion":"Asturias","addressCountry":"ES"}},{"@type":"Person","@id":"https:\/\/www.eldigitaldeasturias.com\/noticias\/author\/admin\/#author","url":"https:\/\/www.eldigitaldeasturias.com\/noticias\/author\/admin\/","name":"El Digital de Asturias","image":{"@type":"ImageObject","@id":"https:\/\/www.eldigitaldeasturias.com\/noticias\/francfort-vive-la-mayor-voladura-controlada-de-una-torre-realizada-en-europa\/#authorImage","url":"https:\/\/secure.gravatar.com\/avatar\/df2aeffc32bcd13f8d26072ef8a91b623d677766deac7f97ca815868cd41bf5e?s=96&d=mm&r=g","width":96,"height":96,"caption":"El Digital de Asturias"}},{"@type":"WebPage","@id":"https:\/\/www.eldigitaldeasturias.com\/noticias\/francfort-vive-la-mayor-voladura-controlada-de-una-torre-realizada-en-europa\/#webpage","url":"https:\/\/www.eldigitaldeasturias.com\/noticias\/francfort-vive-la-mayor-voladura-controlada-de-una-torre-realizada-en-europa\/","name":"Fr\u00e1ncfort vive la mayor voladura controlada de una torre realizada en Europa - El Digital de Asturias","description":"Berl\u00edn, 2 feb (EFE).- La ciudad de Fr\u00e1ncfort (Alemania) vivi\u00f3 hoy ante gran expectaci\u00f3n la voladura controlada de la torre AfE de la Universidad Goethe, el edificio m\u00e1s alto demolido en Europa con explosivos. La torre, de 116 metros, tard\u00f3 apenas unos segundos en caer desde que los especialistas detonaron a distancia los 950 kilos","inLanguage":"es-ES","isPartOf":{"@id":"https:\/\/www.eldigitaldeasturias.com\/noticias\/#website"},"breadcrumb":{"@id":"https:\/\/www.eldigitaldeasturias.com\/noticias\/francfort-vive-la-mayor-voladura-controlada-de-una-torre-realizada-en-europa\/#breadcrumblist"},"author":{"@id":"https:\/\/www.eldigitaldeasturias.com\/noticias\/author\/admin\/#author"},"creator":{"@id":"https:\/\/www.eldigitaldeasturias.com\/noticias\/author\/admin\/#author"},"image":{"@type":"ImageObject","url":482116,"@id":"https:\/\/www.eldigitaldeasturias.com\/noticias\/francfort-vive-la-mayor-voladura-controlada-de-una-torre-realizada-en-europa\/#mainImage"},"primaryImageOfPage":{"@id":"https:\/\/www.eldigitaldeasturias.com\/noticias\/francfort-vive-la-mayor-voladura-controlada-de-una-torre-realizada-en-europa\/#mainImage"},"datePublished":"2014-02-02T14:17:44+01:00","dateModified":"2014-02-02T14:17:44+01:00"},{"@type":"WebSite","@id":"https:\/\/www.eldigitaldeasturias.com\/noticias\/#website","url":"https:\/\/www.eldigitaldeasturias.com\/noticias\/","name":"El Digital de Asturias - Diario de actualidad y noticias","alternateName":"El Digital de Asturias - Diario de actualidad y noticias","description":"Hemeroteca","inLanguage":"es-ES","publisher":{"@id":"https:\/\/www.eldigitaldeasturias.com\/noticias\/#organization"}}]},"og:locale":"es_ES","og:site_name":"El Digital de Asturias","og:type":"article","og:title":"Fr\u00e1ncfort vive la mayor voladura controlada de una torre realizada en Europa - El Digital de Asturias","og:description":"Berl\u00edn, 2 feb (EFE).- La ciudad de Fr\u00e1ncfort (Alemania) vivi\u00f3 hoy ante gran expectaci\u00f3n la voladura controlada de la torre AfE de la Universidad Goethe, el edificio m\u00e1s alto demolido en Europa con explosivos. La torre, de 116 metros, tard\u00f3 apenas unos segundos en caer desde que los especialistas detonaron a distancia los 950 kilos","og:url":"https:\/\/www.eldigitaldeasturias.com\/noticias\/francfort-vive-la-mayor-voladura-controlada-de-una-torre-realizada-en-europa\/","article:tag":["actualidad"],"article:published_time":"2014-02-02T15:17:44+00:00","article:modified_time":"2014-02-02T15:17:44+00:00","article:publisher":"https:\/\/facebook.com\/eldigitaldeasturias","twitter:card":"summary_large_image","twitter:title":"Fr\u00e1ncfort vive la mayor voladura controlada de una torre realizada en Europa - El Digital de Asturias","twitter:description":"Berl\u00edn, 2 feb (EFE).- La ciudad de Fr\u00e1ncfort (Alemania) vivi\u00f3 hoy ante gran expectaci\u00f3n la voladura controlada de la torre AfE de la Universidad Goethe, el edificio m\u00e1s alto demolido en Europa con explosivos. La torre, de 116 metros, tard\u00f3 apenas unos segundos en caer desde que los especialistas detonaron a distancia los 950 kilos","twitter:label1":"Escrito por","twitter:data1":"El Digital de Asturias","twitter:label2":"Tiempo de lectura estimado","twitter:data2":"1 minuto"},"aioseo_meta_data":{"post_id":"482115","title":null,"description":null,"keywords":null,"keyphrases":null,"primary_term":null,"canonical_url":null,"og_title":null,"og_description":null,"og_object_type":"default","og_image_type":"default","og_image_url":null,"og_image_width":null,"og_image_height":null,"og_image_custom_url":null,"og_image_custom_fields":null,"og_video":null,"og_custom_url":null,"og_article_section":null,"og_article_tags":null,"twitter_use_og":true,"twitter_card":"default","twitter_image_type":"default","twitter_image_url":null,"twitter_image_custom_url":null,"twitter_image_custom_fields":null,"twitter_title":null,"twitter_description":null,"schema":{"blockGraphs":[],"customGraphs":[],"default":{"data":{"Article":[],"Course":[],"Dataset":[],"FAQPage":[],"Movie":[],"Person":[],"Product":[],"ProductReview":[],"Car":[],"Recipe":[],"Service":[],"SoftwareApplication":[],"WebPage":[]},"graphName":"","isEnabled":true},"graphs":[],"defaultGraph":"","defaultPostTypeGraph":""},"schema_type":null,"schema_type_options":null,"pillar_content":false,"robots_default":true,"robots_noindex":false,"robots_noarchive":false,"robots_nosnippet":false,"robots_nofollow":false,"robots_noimageindex":false,"robots_noodp":false,"robots_notranslate":false,"robots_max_snippet":null,"robots_max_videopreview":null,"robots_max_imagepreview":"none","priority":null,"frequency":null,"local_seo":null,"seo_analyzer_scan_date":"2026-06-02 08:51:50","breadcrumb_settings":null,"limit_modified_date":false,"open_ai":null,"ai":null,"created":"2020-11-14 22:54:32","updated":"2026-06-02 08:51:50","focus_keyword":null,"additional_keywords":null,"truseo_locale":null},"aioseo_breadcrumb":"<div class=\"aioseo-breadcrumbs\"><span class=\"aioseo-breadcrumb\">\n\t<a href=\"https:\/\/www.eldigitaldeasturias.com\/noticias\" title=\"Home\">Home<\/a>\n<\/span><span class=\"aioseo-breadcrumb-separator\">\u2013<\/span><span class=\"aioseo-breadcrumb\">\n\t<a href=\"https:\/\/www.eldigitaldeasturias.com\/noticias\/category\/actualidad\/\" title=\"Actualidad\">Actualidad<\/a>\n<\/span><span class=\"aioseo-breadcrumb-separator\">\u2013<\/span><span class=\"aioseo-breadcrumb\">\n\t<a href=\"https:\/\/www.eldigitaldeasturias.com\/noticias\/francfort-vive-la-mayor-voladura-controlada-de-una-torre-realizada-en-europa\/\" title=\"Fr\u00e1ncfort vive la mayor voladura controlada de una torre realizada en Europa\">Fr\u00e1ncfort vive la mayor voladura controlada de una torre realizada en Europa<\/a>\n<\/span><\/div>","aioseo_breadcrumb_json":[{"label":"Home","link":"https:\/\/www.eldigitaldeasturias.com\/noticias"},{"label":"Actualidad","link":"https:\/\/www.eldigitaldeasturias.com\/noticias\/category\/actualidad\/"},{"label":"Fr\u00e1ncfort vive la mayor voladura controlada de una torre realizada en Europa","link":"https:\/\/www.eldigitaldeasturias.com\/noticias\/francfort-vive-la-mayor-voladura-controlada-de-una-torre-realizada-en-europa\/"}],"_links":{"self":[{"href":"https:\/\/www.eldigitaldeasturias.com\/noticias\/wp-json\/wp\/v2\/posts\/482115","targetHints":{"allow":["GET"]}}],"collection":[{"href":"https:\/\/www.eldigitaldeasturias.com\/noticias\/wp-json\/wp\/v2\/posts"}],"about":[{"href":"https:\/\/www.eldigitaldeasturias.com\/noticias\/wp-json\/wp\/v2\/types\/post"}],"author":[{"embeddable":true,"href":"https:\/\/www.eldigitaldeasturias.com\/noticias\/wp-json\/wp\/v2\/users\/1"}],"replies":[{"embeddable":true,"href":"https:\/\/www.eldigitaldeasturias.com\/noticias\/wp-json\/wp\/v2\/comments?post=482115"}],"version-history":[{"count":0,"href":"https:\/\/www.eldigitaldeasturias.com\/noticias\/wp-json\/wp\/v2\/posts\/482115\/revisions"}],"wp:attachment":[{"href":"https:\/\/www.eldigitaldeasturias.com\/noticias\/wp-json\/wp\/v2\/media?parent=482115"}],"wp:term":[{"taxonomy":"category","embeddable":true,"href":"https:\/\/www.eldigitaldeasturias.com\/noticias\/wp-json\/wp\/v2\/categories?post=482115"},{"taxonomy":"post_tag","embeddable":true,"href":"https:\/\/www.eldigitaldeasturias.com\/noticias\/wp-json\/wp\/v2\/tags?post=482115"}],"curies":[{"name":"wp","href":"https:\/\/api.w.org\/{rel}","templated":true}]}}