{"id":482112,"date":"2014-02-02T14:16:31","date_gmt":"2014-02-02T15:16:31","guid":{"rendered":"http:\/\/www.eldigitaldeasturias.com\/noticias\/?p=482112"},"modified":"2014-02-02T14:16:31","modified_gmt":"2014-02-02T15:16:31","slug":"rivero-espera-que-el-tiempo-nuevo-con-el-estado-se-vea-en-el-apoyo-a-canarias","status":"publish","type":"post","link":"https:\/\/www.eldigitaldeasturias.com\/noticias\/rivero-espera-que-el-tiempo-nuevo-con-el-estado-se-vea-en-el-apoyo-a-canarias\/","title":{"rendered":"Rivero espera que \u00abel tiempo nuevo\u00bb con el Estado se vea en el apoyo a Canarias"},"content":{"rendered":"<p><img loading=\"lazy\" decoding=\"async\" class=\"alignleft size-medium wp-image-482113\" alt=\"5900960w\" src=\"https:\/\/www.eldigitaldeasturias.com\/noticias\/wp-content\/uploads\/2014\/02\/5900960w-360x230.jpg\" width=\"360\" height=\"230\" \/>Santa Cruz de Tenerife, 2 feb (EFE).- El presidente canario, Paulino Rivero, ve \u00abun tiempo nuevo\u00bb tras reunirse con el Rey y con el presidente Mariano Rajoy, y se\u00f1ala que \u00abahora que se ha escuchado a Canarias en La Moncloa y en La Zarzuela\u00bb hay que trasladar \u00abese apoyo y compromiso\u00bb en dar respuesta al bienestar de los isle\u00f1os.<\/p>\n<p>Paulino Rivero escribe hoy en su \u00abblog\u00bb que ahora que el Gobierno del PP \u00abha atendido nuestra invitaci\u00f3n al di\u00e1logo y al trabajo en com\u00fan\u00bb, conf\u00eda en que haya \u00abcompromiso, responsabilidad y lealtad\u00bb que deben hacerse a\u00fan m\u00e1s patentes ante una crisis que afecta de forma singular al territorio m\u00e1s alejado del continente.<\/p>\n<p>Rivero precisa que el pasado martes tambi\u00e9n traslad\u00f3 a los Pr\u00edncipes de Asturias, de visita en Canarias, la necesidad de que desde las instituciones del Estado se act\u00fae con lealtad y compromiso con Canarias con \u00abun compromiso rec\u00edproco, una lealtad mutua\u00bb.<\/p>\n<p>Las islas, prosigue su presidente, precisan de un respaldo \u00absin fisuras\u00bb que las ayude a intensificar las pol\u00edticas de diversificaci\u00f3n econ\u00f3mica hacia sectores como la econom\u00eda del conocimiento y el aprovechamiento de la biodiversidad.<\/p>\n<p>Afirma tambi\u00e9n el jefe del Ejecutivo canario que en las cartas remitidas a las dos m\u00e1ximas autoridades del Estado \u00abno era la primera vez que tend\u00eda la mano al Gobierno de Espa\u00f1a para hablar de asuntos trascendentales para Canarias, pero tambi\u00e9n para el Estado\u00bb.<\/p>\n<p>\u00abSiempre he estado dispuesto a buscar acuerdos y consensos. La puerta ha estado, est\u00e1 y estar\u00e1 siempre abierta al PSOE, al PP y a cualquier otra fuerza pol\u00edtica para trabajar y colaborar con el Gobierno que presido en aquellos asuntos que son prioritarios para las islas, para afianzar el bienestar de los canarios\u00bb, indica Rivero.<\/p>\n<p>Explica tambi\u00e9n que los \u00faltimos datos de paro registrado y de la Encuesta de Poblaci\u00f3n Activa invitan a la esperanza pero, para afianzar esa apuesta, se requiere la colaboraci\u00f3n decidida y leal del Estado.<\/p>\n","protected":false},"excerpt":{"rendered":"<p>Santa Cruz de Tenerife, 2 feb (EFE).- El presidente canario, Paulino Rivero, ve \u00abun tiempo nuevo\u00bb tras reunirse con el Rey y con el presidente Mariano Rajoy, y se\u00f1ala que \u00abahora que se ha escuchado a Canarias en La Moncloa y en La Zarzuela\u00bb hay que trasladar \u00abese apoyo y compromiso\u00bb en dar respuesta al [&hellip;]<\/p>\n","protected":false},"author":1,"featured_media":482113,"comment_status":"closed","ping_status":"open","sticky":false,"template":"","format":"standard","meta":{"footnotes":""},"categories":[1],"tags":[],"class_list":["post-482112","post","type-post","status-publish","format-standard","has-post-thumbnail","hentry","category-actualidad"],"aioseo_notices":[],"aioseo_head":"\n\t\t<!-- All in One SEO Pro 5.0.1 - aioseo.com -->\n\t<meta name=\"description\" content=\"Santa Cruz de Tenerife, 2 feb (EFE).- El presidente canario, Paulino Rivero, ve &quot;un tiempo nuevo&quot; tras reunirse con el Rey y con el presidente Mariano Rajoy, y se\u00f1ala que &quot;ahora que se ha escuchado a Canarias en La Moncloa y en La Zarzuela&quot; hay que trasladar &quot;ese apoyo y compromiso&quot; en dar respuesta al\" \/>\n\t<meta name=\"robots\" content=\"max-image-preview:large\" \/>\n\t<meta name=\"author\" content=\"El Digital de Asturias\"\/>\n\t<meta name=\"google-site-verification\" content=\"UA-38556648-1\" \/>\n\t<meta name=\"msvalidate.01\" content=\"7dfe9f3f1b24437ab69f4f2559babe99\" \/>\n\t<meta name=\"keywords\" content=\"actualidad\" \/>\n\t<link rel=\"canonical\" href=\"https:\/\/www.eldigitaldeasturias.com\/noticias\/rivero-espera-que-el-tiempo-nuevo-con-el-estado-se-vea-en-el-apoyo-a-canarias\/\" \/>\n\t<meta name=\"generator\" content=\"All in One SEO Pro (AIOSEO) 5.0.1\" \/>\n\t\t<meta property=\"og:locale\" content=\"es_ES\" \/>\n\t\t<meta property=\"og:site_name\" content=\"El Digital de Asturias\" \/>\n\t\t<meta property=\"og:type\" content=\"article\" \/>\n\t\t<meta property=\"og:title\" content=\"Rivero espera que \u00abel tiempo nuevo\u00bb con el Estado se vea en el apoyo a Canarias - El Digital de Asturias\" \/>\n\t\t<meta property=\"og:description\" content=\"Santa Cruz de Tenerife, 2 feb (EFE).- El presidente canario, Paulino Rivero, ve &quot;un tiempo nuevo&quot; tras reunirse con el Rey y con el presidente Mariano Rajoy, y se\u00f1ala que &quot;ahora que se ha escuchado a Canarias en La Moncloa y en La Zarzuela&quot; hay que trasladar &quot;ese apoyo y compromiso&quot; en dar respuesta al\" \/>\n\t\t<meta property=\"og:url\" content=\"https:\/\/www.eldigitaldeasturias.com\/noticias\/rivero-espera-que-el-tiempo-nuevo-con-el-estado-se-vea-en-el-apoyo-a-canarias\/\" \/>\n\t\t<meta property=\"article:tag\" content=\"actualidad\" \/>\n\t\t<meta property=\"article:published_time\" content=\"2014-02-02T15:16:31+00:00\" \/>\n\t\t<meta property=\"article:modified_time\" content=\"2014-02-02T15:16:31+00:00\" \/>\n\t\t<meta property=\"article:publisher\" content=\"https:\/\/facebook.com\/eldigitaldeasturias\" \/>\n\t\t<meta name=\"twitter:card\" content=\"summary_large_image\" \/>\n\t\t<meta name=\"twitter:title\" content=\"Rivero espera que \u00abel tiempo nuevo\u00bb con el Estado se vea en el apoyo a Canarias - El Digital de Asturias\" \/>\n\t\t<meta name=\"twitter:description\" content=\"Santa Cruz de Tenerife, 2 feb (EFE).- El presidente canario, Paulino Rivero, ve &quot;un tiempo nuevo&quot; tras reunirse con el Rey y con el presidente Mariano Rajoy, y se\u00f1ala que &quot;ahora que se ha escuchado a Canarias en La Moncloa y en La Zarzuela&quot; hay que trasladar &quot;ese apoyo y compromiso&quot; en dar respuesta al\" \/>\n\t\t<meta name=\"twitter:label1\" content=\"Escrito por\" \/>\n\t\t<meta name=\"twitter:data1\" content=\"El Digital de Asturias\" \/>\n\t\t<meta name=\"twitter:label2\" content=\"Tiempo de lectura estimado\" \/>\n\t\t<meta name=\"twitter:data2\" content=\"2 minutos\" \/>\n\t\t<script type=\"application\/ld+json\" class=\"aioseo-schema\">\n\t\t\t{\"@context\":\"https:\\\/\\\/schema.org\",\"@graph\":[{\"@type\":\"BlogPosting\",\"@id\":\"https:\\\/\\\/www.eldigitaldeasturias.com\\\/noticias\\\/rivero-espera-que-el-tiempo-nuevo-con-el-estado-se-vea-en-el-apoyo-a-canarias\\\/#blogposting\",\"name\":\"Rivero espera que \\u00abel tiempo nuevo\\u00bb con el Estado se vea en el apoyo a Canarias - El Digital de Asturias\",\"headline\":\"Rivero espera que \\u00abel tiempo nuevo\\u00bb con el Estado se vea en el apoyo a Canarias\",\"author\":{\"@id\":\"https:\\\/\\\/www.eldigitaldeasturias.com\\\/noticias\\\/author\\\/admin\\\/#author\"},\"publisher\":{\"@id\":\"https:\\\/\\\/www.eldigitaldeasturias.com\\\/noticias\\\/#organization\"},\"image\":{\"@type\":\"ImageObject\",\"url\":482113},\"datePublished\":\"2014-02-02T14:16:31+01:00\",\"dateModified\":\"2014-02-02T14:16:31+01:00\",\"inLanguage\":\"es-ES\",\"mainEntityOfPage\":{\"@id\":\"https:\\\/\\\/www.eldigitaldeasturias.com\\\/noticias\\\/rivero-espera-que-el-tiempo-nuevo-con-el-estado-se-vea-en-el-apoyo-a-canarias\\\/#webpage\"},\"isPartOf\":{\"@id\":\"https:\\\/\\\/www.eldigitaldeasturias.com\\\/noticias\\\/rivero-espera-que-el-tiempo-nuevo-con-el-estado-se-vea-en-el-apoyo-a-canarias\\\/#webpage\"},\"articleSection\":\"Actualidad\"},{\"@type\":\"BreadcrumbList\",\"@id\":\"https:\\\/\\\/www.eldigitaldeasturias.com\\\/noticias\\\/rivero-espera-que-el-tiempo-nuevo-con-el-estado-se-vea-en-el-apoyo-a-canarias\\\/#breadcrumblist\",\"itemListElement\":[{\"@type\":\"ListItem\",\"@id\":\"https:\\\/\\\/www.eldigitaldeasturias.com\\\/noticias#listItem\",\"position\":1,\"name\":\"Home\",\"item\":\"https:\\\/\\\/www.eldigitaldeasturias.com\\\/noticias\",\"nextItem\":{\"@type\":\"ListItem\",\"@id\":\"https:\\\/\\\/www.eldigitaldeasturias.com\\\/noticias\\\/category\\\/actualidad\\\/#listItem\",\"name\":\"Actualidad\"}},{\"@type\":\"ListItem\",\"@id\":\"https:\\\/\\\/www.eldigitaldeasturias.com\\\/noticias\\\/category\\\/actualidad\\\/#listItem\",\"position\":2,\"name\":\"Actualidad\",\"item\":\"https:\\\/\\\/www.eldigitaldeasturias.com\\\/noticias\\\/category\\\/actualidad\\\/\",\"nextItem\":{\"@type\":\"ListItem\",\"@id\":\"https:\\\/\\\/www.eldigitaldeasturias.com\\\/noticias\\\/rivero-espera-que-el-tiempo-nuevo-con-el-estado-se-vea-en-el-apoyo-a-canarias\\\/#listItem\",\"name\":\"Rivero espera que \\u00abel tiempo nuevo\\u00bb con el Estado se vea en el apoyo a Canarias\"},\"previousItem\":{\"@type\":\"ListItem\",\"@id\":\"https:\\\/\\\/www.eldigitaldeasturias.com\\\/noticias#listItem\",\"name\":\"Home\"}},{\"@type\":\"ListItem\",\"@id\":\"https:\\\/\\\/www.eldigitaldeasturias.com\\\/noticias\\\/rivero-espera-que-el-tiempo-nuevo-con-el-estado-se-vea-en-el-apoyo-a-canarias\\\/#listItem\",\"position\":3,\"name\":\"Rivero espera que \\u00abel tiempo nuevo\\u00bb con el Estado se vea en el apoyo a Canarias\",\"previousItem\":{\"@type\":\"ListItem\",\"@id\":\"https:\\\/\\\/www.eldigitaldeasturias.com\\\/noticias\\\/category\\\/actualidad\\\/#listItem\",\"name\":\"Actualidad\"}}]},{\"@type\":\"Organization\",\"@id\":\"https:\\\/\\\/www.eldigitaldeasturias.com\\\/noticias\\\/#organization\",\"name\":\"El Digital de Asturias\",\"description\":\"Hemeroteca\",\"url\":\"https:\\\/\\\/www.eldigitaldeasturias.com\\\/noticias\\\/\",\"email\":\"info@eldigitaldeasturias.com\",\"telephone\":\"+34652131393\",\"logo\":{\"@type\":\"ImageObject\",\"url\":\"https:\\\/\\\/www.eldigitaldeasturias.com\\\/noticias\\\/wp-content\\\/uploads\\\/2020\\\/12\\\/EDA.jpg\",\"@id\":\"https:\\\/\\\/www.eldigitaldeasturias.com\\\/noticias\\\/rivero-espera-que-el-tiempo-nuevo-con-el-estado-se-vea-en-el-apoyo-a-canarias\\\/#organizationLogo\"},\"image\":{\"@id\":\"https:\\\/\\\/www.eldigitaldeasturias.com\\\/noticias\\\/rivero-espera-que-el-tiempo-nuevo-con-el-estado-se-vea-en-el-apoyo-a-canarias\\\/#organizationLogo\"},\"sameAs\":[\"https:\\\/\\\/facebook.com\\\/eldigitaldeasturias\",\"https:\\\/\\\/www.youtube.com\\\/channel\\\/UCZP-2wLEB9Rv6erhFmqVnvg\"],\"address\":{\"@id\":\"https:\\\/\\\/www.eldigitaldeasturias.com\\\/noticias\\\/#postaladdress\",\"@type\":\"PostalAddress\",\"streetAddress\":\"san antonio 4\",\"postalCode\":\"33430\",\"addressLocality\":\"Cand\\u00e1s\",\"addressRegion\":\"Asturias\",\"addressCountry\":\"ES\"}},{\"@type\":\"Person\",\"@id\":\"https:\\\/\\\/www.eldigitaldeasturias.com\\\/noticias\\\/author\\\/admin\\\/#author\",\"url\":\"https:\\\/\\\/www.eldigitaldeasturias.com\\\/noticias\\\/author\\\/admin\\\/\",\"name\":\"El Digital de Asturias\",\"image\":{\"@type\":\"ImageObject\",\"@id\":\"https:\\\/\\\/www.eldigitaldeasturias.com\\\/noticias\\\/rivero-espera-que-el-tiempo-nuevo-con-el-estado-se-vea-en-el-apoyo-a-canarias\\\/#authorImage\",\"url\":\"https:\\\/\\\/secure.gravatar.com\\\/avatar\\\/df2aeffc32bcd13f8d26072ef8a91b623d677766deac7f97ca815868cd41bf5e?s=96&d=mm&r=g\",\"width\":96,\"height\":96,\"caption\":\"El Digital de Asturias\"}},{\"@type\":\"WebPage\",\"@id\":\"https:\\\/\\\/www.eldigitaldeasturias.com\\\/noticias\\\/rivero-espera-que-el-tiempo-nuevo-con-el-estado-se-vea-en-el-apoyo-a-canarias\\\/#webpage\",\"url\":\"https:\\\/\\\/www.eldigitaldeasturias.com\\\/noticias\\\/rivero-espera-que-el-tiempo-nuevo-con-el-estado-se-vea-en-el-apoyo-a-canarias\\\/\",\"name\":\"Rivero espera que \\u00abel tiempo nuevo\\u00bb con el Estado se vea en el apoyo a Canarias - El Digital de Asturias\",\"description\":\"Santa Cruz de Tenerife, 2 feb (EFE).- El presidente canario, Paulino Rivero, ve \\\"un tiempo nuevo\\\" tras reunirse con el Rey y con el presidente Mariano Rajoy, y se\\u00f1ala que \\\"ahora que se ha escuchado a Canarias en La Moncloa y en La Zarzuela\\\" hay que trasladar \\\"ese apoyo y compromiso\\\" en dar respuesta al\",\"inLanguage\":\"es-ES\",\"isPartOf\":{\"@id\":\"https:\\\/\\\/www.eldigitaldeasturias.com\\\/noticias\\\/#website\"},\"breadcrumb\":{\"@id\":\"https:\\\/\\\/www.eldigitaldeasturias.com\\\/noticias\\\/rivero-espera-que-el-tiempo-nuevo-con-el-estado-se-vea-en-el-apoyo-a-canarias\\\/#breadcrumblist\"},\"author\":{\"@id\":\"https:\\\/\\\/www.eldigitaldeasturias.com\\\/noticias\\\/author\\\/admin\\\/#author\"},\"creator\":{\"@id\":\"https:\\\/\\\/www.eldigitaldeasturias.com\\\/noticias\\\/author\\\/admin\\\/#author\"},\"image\":{\"@type\":\"ImageObject\",\"url\":482113,\"@id\":\"https:\\\/\\\/www.eldigitaldeasturias.com\\\/noticias\\\/rivero-espera-que-el-tiempo-nuevo-con-el-estado-se-vea-en-el-apoyo-a-canarias\\\/#mainImage\"},\"primaryImageOfPage\":{\"@id\":\"https:\\\/\\\/www.eldigitaldeasturias.com\\\/noticias\\\/rivero-espera-que-el-tiempo-nuevo-con-el-estado-se-vea-en-el-apoyo-a-canarias\\\/#mainImage\"},\"datePublished\":\"2014-02-02T14:16:31+01:00\",\"dateModified\":\"2014-02-02T14:16:31+01:00\"},{\"@type\":\"WebSite\",\"@id\":\"https:\\\/\\\/www.eldigitaldeasturias.com\\\/noticias\\\/#website\",\"url\":\"https:\\\/\\\/www.eldigitaldeasturias.com\\\/noticias\\\/\",\"name\":\"El Digital de Asturias - Diario de actualidad y noticias\",\"alternateName\":\"El Digital de Asturias - Diario de actualidad y noticias\",\"description\":\"Hemeroteca\",\"inLanguage\":\"es-ES\",\"publisher\":{\"@id\":\"https:\\\/\\\/www.eldigitaldeasturias.com\\\/noticias\\\/#organization\"}}]}\n\t\t<\/script>\n\t\t<!-- All in One SEO Pro -->\r\n\t\t<title>Rivero espera que \u00abel tiempo nuevo\u00bb con el Estado se vea en el apoyo a Canarias - El Digital de Asturias<\/title>\n\n","aioseo_head_json":{"title":"Rivero espera que \u00abel tiempo nuevo\u00bb con el Estado se vea en el apoyo a Canarias - El Digital de Asturias","description":"Santa Cruz de Tenerife, 2 feb (EFE).- El presidente canario, Paulino Rivero, ve \"un tiempo nuevo\" tras reunirse con el Rey y con el presidente Mariano Rajoy, y se\u00f1ala que \"ahora que se ha escuchado a Canarias en La Moncloa y en La Zarzuela\" hay que trasladar \"ese apoyo y compromiso\" en dar respuesta al","canonical_url":"https:\/\/www.eldigitaldeasturias.com\/noticias\/rivero-espera-que-el-tiempo-nuevo-con-el-estado-se-vea-en-el-apoyo-a-canarias\/","robots":"max-image-preview:large","keywords":"actualidad","webmasterTools":{"google-site-verification":"UA-38556648-1","msvalidate.01":"7dfe9f3f1b24437ab69f4f2559babe99","miscellaneous":""},"schema":{"@context":"https:\/\/schema.org","@graph":[{"@type":"BlogPosting","@id":"https:\/\/www.eldigitaldeasturias.com\/noticias\/rivero-espera-que-el-tiempo-nuevo-con-el-estado-se-vea-en-el-apoyo-a-canarias\/#blogposting","name":"Rivero espera que \u00abel tiempo nuevo\u00bb con el Estado se vea en el apoyo a Canarias - El Digital de Asturias","headline":"Rivero espera que \u00abel tiempo nuevo\u00bb con el Estado se vea en el apoyo a Canarias","author":{"@id":"https:\/\/www.eldigitaldeasturias.com\/noticias\/author\/admin\/#author"},"publisher":{"@id":"https:\/\/www.eldigitaldeasturias.com\/noticias\/#organization"},"image":{"@type":"ImageObject","url":482113},"datePublished":"2014-02-02T14:16:31+01:00","dateModified":"2014-02-02T14:16:31+01:00","inLanguage":"es-ES","mainEntityOfPage":{"@id":"https:\/\/www.eldigitaldeasturias.com\/noticias\/rivero-espera-que-el-tiempo-nuevo-con-el-estado-se-vea-en-el-apoyo-a-canarias\/#webpage"},"isPartOf":{"@id":"https:\/\/www.eldigitaldeasturias.com\/noticias\/rivero-espera-que-el-tiempo-nuevo-con-el-estado-se-vea-en-el-apoyo-a-canarias\/#webpage"},"articleSection":"Actualidad"},{"@type":"BreadcrumbList","@id":"https:\/\/www.eldigitaldeasturias.com\/noticias\/rivero-espera-que-el-tiempo-nuevo-con-el-estado-se-vea-en-el-apoyo-a-canarias\/#breadcrumblist","itemListElement":[{"@type":"ListItem","@id":"https:\/\/www.eldigitaldeasturias.com\/noticias#listItem","position":1,"name":"Home","item":"https:\/\/www.eldigitaldeasturias.com\/noticias","nextItem":{"@type":"ListItem","@id":"https:\/\/www.eldigitaldeasturias.com\/noticias\/category\/actualidad\/#listItem","name":"Actualidad"}},{"@type":"ListItem","@id":"https:\/\/www.eldigitaldeasturias.com\/noticias\/category\/actualidad\/#listItem","position":2,"name":"Actualidad","item":"https:\/\/www.eldigitaldeasturias.com\/noticias\/category\/actualidad\/","nextItem":{"@type":"ListItem","@id":"https:\/\/www.eldigitaldeasturias.com\/noticias\/rivero-espera-que-el-tiempo-nuevo-con-el-estado-se-vea-en-el-apoyo-a-canarias\/#listItem","name":"Rivero espera que \u00abel tiempo nuevo\u00bb con el Estado se vea en el apoyo a Canarias"},"previousItem":{"@type":"ListItem","@id":"https:\/\/www.eldigitaldeasturias.com\/noticias#listItem","name":"Home"}},{"@type":"ListItem","@id":"https:\/\/www.eldigitaldeasturias.com\/noticias\/rivero-espera-que-el-tiempo-nuevo-con-el-estado-se-vea-en-el-apoyo-a-canarias\/#listItem","position":3,"name":"Rivero espera que \u00abel tiempo nuevo\u00bb con el Estado se vea en el apoyo a Canarias","previousItem":{"@type":"ListItem","@id":"https:\/\/www.eldigitaldeasturias.com\/noticias\/category\/actualidad\/#listItem","name":"Actualidad"}}]},{"@type":"Organization","@id":"https:\/\/www.eldigitaldeasturias.com\/noticias\/#organization","name":"El Digital de Asturias","description":"Hemeroteca","url":"https:\/\/www.eldigitaldeasturias.com\/noticias\/","email":"info@eldigitaldeasturias.com","telephone":"+34652131393","logo":{"@type":"ImageObject","url":"https:\/\/www.eldigitaldeasturias.com\/noticias\/wp-content\/uploads\/2020\/12\/EDA.jpg","@id":"https:\/\/www.eldigitaldeasturias.com\/noticias\/rivero-espera-que-el-tiempo-nuevo-con-el-estado-se-vea-en-el-apoyo-a-canarias\/#organizationLogo"},"image":{"@id":"https:\/\/www.eldigitaldeasturias.com\/noticias\/rivero-espera-que-el-tiempo-nuevo-con-el-estado-se-vea-en-el-apoyo-a-canarias\/#organizationLogo"},"sameAs":["https:\/\/facebook.com\/eldigitaldeasturias","https:\/\/www.youtube.com\/channel\/UCZP-2wLEB9Rv6erhFmqVnvg"],"address":{"@id":"https:\/\/www.eldigitaldeasturias.com\/noticias\/#postaladdress","@type":"PostalAddress","streetAddress":"san antonio 4","postalCode":"33430","addressLocality":"Cand\u00e1s","addressRegion":"Asturias","addressCountry":"ES"}},{"@type":"Person","@id":"https:\/\/www.eldigitaldeasturias.com\/noticias\/author\/admin\/#author","url":"https:\/\/www.eldigitaldeasturias.com\/noticias\/author\/admin\/","name":"El Digital de Asturias","image":{"@type":"ImageObject","@id":"https:\/\/www.eldigitaldeasturias.com\/noticias\/rivero-espera-que-el-tiempo-nuevo-con-el-estado-se-vea-en-el-apoyo-a-canarias\/#authorImage","url":"https:\/\/secure.gravatar.com\/avatar\/df2aeffc32bcd13f8d26072ef8a91b623d677766deac7f97ca815868cd41bf5e?s=96&d=mm&r=g","width":96,"height":96,"caption":"El Digital de Asturias"}},{"@type":"WebPage","@id":"https:\/\/www.eldigitaldeasturias.com\/noticias\/rivero-espera-que-el-tiempo-nuevo-con-el-estado-se-vea-en-el-apoyo-a-canarias\/#webpage","url":"https:\/\/www.eldigitaldeasturias.com\/noticias\/rivero-espera-que-el-tiempo-nuevo-con-el-estado-se-vea-en-el-apoyo-a-canarias\/","name":"Rivero espera que \u00abel tiempo nuevo\u00bb con el Estado se vea en el apoyo a Canarias - El Digital de Asturias","description":"Santa Cruz de Tenerife, 2 feb (EFE).- El presidente canario, Paulino Rivero, ve \"un tiempo nuevo\" tras reunirse con el Rey y con el presidente Mariano Rajoy, y se\u00f1ala que \"ahora que se ha escuchado a Canarias en La Moncloa y en La Zarzuela\" hay que trasladar \"ese apoyo y compromiso\" en dar respuesta al","inLanguage":"es-ES","isPartOf":{"@id":"https:\/\/www.eldigitaldeasturias.com\/noticias\/#website"},"breadcrumb":{"@id":"https:\/\/www.eldigitaldeasturias.com\/noticias\/rivero-espera-que-el-tiempo-nuevo-con-el-estado-se-vea-en-el-apoyo-a-canarias\/#breadcrumblist"},"author":{"@id":"https:\/\/www.eldigitaldeasturias.com\/noticias\/author\/admin\/#author"},"creator":{"@id":"https:\/\/www.eldigitaldeasturias.com\/noticias\/author\/admin\/#author"},"image":{"@type":"ImageObject","url":482113,"@id":"https:\/\/www.eldigitaldeasturias.com\/noticias\/rivero-espera-que-el-tiempo-nuevo-con-el-estado-se-vea-en-el-apoyo-a-canarias\/#mainImage"},"primaryImageOfPage":{"@id":"https:\/\/www.eldigitaldeasturias.com\/noticias\/rivero-espera-que-el-tiempo-nuevo-con-el-estado-se-vea-en-el-apoyo-a-canarias\/#mainImage"},"datePublished":"2014-02-02T14:16:31+01:00","dateModified":"2014-02-02T14:16:31+01:00"},{"@type":"WebSite","@id":"https:\/\/www.eldigitaldeasturias.com\/noticias\/#website","url":"https:\/\/www.eldigitaldeasturias.com\/noticias\/","name":"El Digital de Asturias - Diario de actualidad y noticias","alternateName":"El Digital de Asturias - Diario de actualidad y noticias","description":"Hemeroteca","inLanguage":"es-ES","publisher":{"@id":"https:\/\/www.eldigitaldeasturias.com\/noticias\/#organization"}}]},"og:locale":"es_ES","og:site_name":"El Digital de Asturias","og:type":"article","og:title":"Rivero espera que \u00abel tiempo nuevo\u00bb con el Estado se vea en el apoyo a Canarias - El Digital de Asturias","og:description":"Santa Cruz de Tenerife, 2 feb (EFE).- El presidente canario, Paulino Rivero, ve &quot;un tiempo nuevo&quot; tras reunirse con el Rey y con el presidente Mariano Rajoy, y se\u00f1ala que &quot;ahora que se ha escuchado a Canarias en La Moncloa y en La Zarzuela&quot; hay que trasladar &quot;ese apoyo y compromiso&quot; en dar respuesta al","og:url":"https:\/\/www.eldigitaldeasturias.com\/noticias\/rivero-espera-que-el-tiempo-nuevo-con-el-estado-se-vea-en-el-apoyo-a-canarias\/","article:tag":["actualidad"],"article:published_time":"2014-02-02T15:16:31+00:00","article:modified_time":"2014-02-02T15:16:31+00:00","article:publisher":"https:\/\/facebook.com\/eldigitaldeasturias","twitter:card":"summary_large_image","twitter:title":"Rivero espera que \u00abel tiempo nuevo\u00bb con el Estado se vea en el apoyo a Canarias - El Digital de Asturias","twitter:description":"Santa Cruz de Tenerife, 2 feb (EFE).- El presidente canario, Paulino Rivero, ve &quot;un tiempo nuevo&quot; tras reunirse con el Rey y con el presidente Mariano Rajoy, y se\u00f1ala que &quot;ahora que se ha escuchado a Canarias en La Moncloa y en La Zarzuela&quot; hay que trasladar &quot;ese apoyo y compromiso&quot; en dar respuesta al","twitter:label1":"Escrito por","twitter:data1":"El Digital de Asturias","twitter:label2":"Tiempo de lectura estimado","twitter:data2":"2 minutos"},"aioseo_meta_data":{"post_id":"482112","title":null,"description":null,"keywords":null,"keyphrases":null,"primary_term":null,"canonical_url":null,"og_title":null,"og_description":null,"og_object_type":"default","og_image_type":"default","og_image_url":null,"og_image_width":null,"og_image_height":null,"og_image_custom_url":null,"og_image_custom_fields":null,"og_video":null,"og_custom_url":null,"og_article_section":null,"og_article_tags":null,"twitter_use_og":true,"twitter_card":"default","twitter_image_type":"default","twitter_image_url":null,"twitter_image_custom_url":null,"twitter_image_custom_fields":null,"twitter_title":null,"twitter_description":null,"schema":{"blockGraphs":[],"customGraphs":[],"default":{"data":{"Article":[],"Course":[],"Dataset":[],"FAQPage":[],"Movie":[],"Person":[],"Product":[],"ProductReview":[],"Car":[],"Recipe":[],"Service":[],"SoftwareApplication":[],"WebPage":[]},"graphName":"","isEnabled":true},"graphs":[],"defaultGraph":"","defaultPostTypeGraph":""},"schema_type":null,"schema_type_options":null,"pillar_content":false,"robots_default":true,"robots_noindex":false,"robots_noarchive":false,"robots_nosnippet":false,"robots_nofollow":false,"robots_noimageindex":false,"robots_noodp":false,"robots_notranslate":false,"robots_max_snippet":null,"robots_max_videopreview":null,"robots_max_imagepreview":"none","priority":null,"frequency":null,"local_seo":null,"seo_analyzer_scan_date":"2026-06-02 08:51:50","breadcrumb_settings":null,"limit_modified_date":false,"open_ai":null,"ai":null,"created":"2020-11-14 22:54:32","updated":"2026-06-02 08:51:50","focus_keyword":null,"additional_keywords":null,"truseo_locale":null},"aioseo_breadcrumb":"<div class=\"aioseo-breadcrumbs\"><span class=\"aioseo-breadcrumb\">\n\t<a href=\"https:\/\/www.eldigitaldeasturias.com\/noticias\" title=\"Home\">Home<\/a>\n<\/span><span class=\"aioseo-breadcrumb-separator\">\u2013<\/span><span class=\"aioseo-breadcrumb\">\n\t<a href=\"https:\/\/www.eldigitaldeasturias.com\/noticias\/category\/actualidad\/\" title=\"Actualidad\">Actualidad<\/a>\n<\/span><span class=\"aioseo-breadcrumb-separator\">\u2013<\/span><span class=\"aioseo-breadcrumb\">\n\t<a href=\"https:\/\/www.eldigitaldeasturias.com\/noticias\/rivero-espera-que-el-tiempo-nuevo-con-el-estado-se-vea-en-el-apoyo-a-canarias\/\" title=\"Rivero espera que \u00abel tiempo nuevo\u00bb con el Estado se vea en el apoyo a Canarias\">Rivero espera que \u00abel tiempo nuevo\u00bb con el Estado se vea en el apoyo a Canarias<\/a>\n<\/span><\/div>","aioseo_breadcrumb_json":[{"label":"Home","link":"https:\/\/www.eldigitaldeasturias.com\/noticias"},{"label":"Actualidad","link":"https:\/\/www.eldigitaldeasturias.com\/noticias\/category\/actualidad\/"},{"label":"Rivero espera que \u00abel tiempo nuevo\u00bb con el Estado se vea en el apoyo a Canarias","link":"https:\/\/www.eldigitaldeasturias.com\/noticias\/rivero-espera-que-el-tiempo-nuevo-con-el-estado-se-vea-en-el-apoyo-a-canarias\/"}],"_links":{"self":[{"href":"https:\/\/www.eldigitaldeasturias.com\/noticias\/wp-json\/wp\/v2\/posts\/482112","targetHints":{"allow":["GET"]}}],"collection":[{"href":"https:\/\/www.eldigitaldeasturias.com\/noticias\/wp-json\/wp\/v2\/posts"}],"about":[{"href":"https:\/\/www.eldigitaldeasturias.com\/noticias\/wp-json\/wp\/v2\/types\/post"}],"author":[{"embeddable":true,"href":"https:\/\/www.eldigitaldeasturias.com\/noticias\/wp-json\/wp\/v2\/users\/1"}],"replies":[{"embeddable":true,"href":"https:\/\/www.eldigitaldeasturias.com\/noticias\/wp-json\/wp\/v2\/comments?post=482112"}],"version-history":[{"count":0,"href":"https:\/\/www.eldigitaldeasturias.com\/noticias\/wp-json\/wp\/v2\/posts\/482112\/revisions"}],"wp:attachment":[{"href":"https:\/\/www.eldigitaldeasturias.com\/noticias\/wp-json\/wp\/v2\/media?parent=482112"}],"wp:term":[{"taxonomy":"category","embeddable":true,"href":"https:\/\/www.eldigitaldeasturias.com\/noticias\/wp-json\/wp\/v2\/categories?post=482112"},{"taxonomy":"post_tag","embeddable":true,"href":"https:\/\/www.eldigitaldeasturias.com\/noticias\/wp-json\/wp\/v2\/tags?post=482112"}],"curies":[{"name":"wp","href":"https:\/\/api.w.org\/{rel}","templated":true}]}}