{"id":482100,"date":"2014-02-02T13:38:39","date_gmt":"2014-02-02T14:38:39","guid":{"rendered":"http:\/\/www.eldigitaldeasturias.com\/noticias\/?p=482100"},"modified":"2014-02-02T13:38:39","modified_gmt":"2014-02-02T14:38:39","slug":"samuel-sanchez-ficha-por-el-bmc-de-cadel-evans","status":"publish","type":"post","link":"https:\/\/www.eldigitaldeasturias.com\/noticias\/samuel-sanchez-ficha-por-el-bmc-de-cadel-evans\/","title":{"rendered":"Samuel S\u00e1nchez ficha por el BMC de Cadel Evans"},"content":{"rendered":"<p><img loading=\"lazy\" decoding=\"async\" class=\"alignleft size-medium wp-image-482101\" alt=\"5900865w\" src=\"https:\/\/www.eldigitaldeasturias.com\/noticias\/wp-content\/uploads\/2014\/02\/5900865w-360x239.jpg\" width=\"360\" height=\"239\" \/>Madrid, 2 feb (EFE).- El ciclista espa\u00f1ol Samuel S\u00e1nchez, campe\u00f3n ol\u00edmpico de fondo en Pek\u00edn 2008, ha fichado por el BMC que lidera el australiano Cadel Evans, anunci\u00f3 hoy el m\u00e1nager general, Jim Ochowicz, en la p\u00e1gina oficial del equipo.<\/p>\n<p>Desde la disoluci\u00f3n del Euskaltel, del que fue jefe de filas, Samuel S\u00e1nchez buscaba equipo y recientemente hab\u00eda dicho que si en quince d\u00edas no encontraba nuevo destino colgar\u00eda la bicicleta.<\/p>\n<p>A punto de cumplir 36 a\u00f1os -los cumple el mi\u00e9rcoles pr\u00f3ximo-, el corredor ovetense se ha enrolado en el BMC por un periodo que no ha sido divulgado, para reforzar al equipo estadounidense en las grandes vueltas, as\u00ed como en las cl\u00e1sicas de las Ardenas (Amstel Gold Race, Flecha Valona y Lieja-Basto\u00f1a-Lieja)<\/p>\n<p>El asturiano ha terminado siete veces entre los diez primeros en grandes vueltas (Tour, Giro y Vuelta) y sus mejores resultados hasta ahora han sido el segundo puesto en la Vuelta 2009 y el tercero en el Tour 2010.<\/p>\n<p>\u00abMe siento como un corredor que consigue su primer contrato\u00bb, afirma Samuel S\u00e1nchez en la p\u00e1gina web del BMC. \u00abQuiero dar las gracias a todo el equipo, especialmente a Andy Rihs y a Jim Ochowicz por acogerme en uno de los equipos m\u00e1s importantes del World Tour\u00bb.<\/p>\n<p>\u00abConf\u00edo en compartir mi experiencia con los corredores j\u00f3venes del equipo y despu\u00e9s de competir durante tantos a\u00f1os para vencer a Cadel Evans, ser\u00e1 bueno ayudarlo porque le conozco muy bien\u00bb, a\u00f1adi\u00f3 el ciclista espa\u00f1ol.<\/p>\n<p>En el Tour del 2011, que termin\u00f3 con la victoria de Cadel Evans, Samuel S\u00e1nchez fue el mejor escalador de la ronda francesa.<\/p>\n<p>El equipo BMC ha designado ya a Cadel Evans como jefe de filas para el pr\u00f3ximo Giro de Italia y al estadounidense Tejay Van Garderen para el Tour.<\/p>\n","protected":false},"excerpt":{"rendered":"<p>Madrid, 2 feb (EFE).- El ciclista espa\u00f1ol Samuel S\u00e1nchez, campe\u00f3n ol\u00edmpico de fondo en Pek\u00edn 2008, ha fichado por el BMC que lidera el australiano Cadel Evans, anunci\u00f3 hoy el m\u00e1nager general, Jim Ochowicz, en la p\u00e1gina oficial del equipo. Desde la disoluci\u00f3n del Euskaltel, del que fue jefe de filas, Samuel S\u00e1nchez buscaba equipo [&hellip;]<\/p>\n","protected":false},"author":1,"featured_media":482101,"comment_status":"closed","ping_status":"open","sticky":false,"template":"","format":"standard","meta":{"footnotes":""},"categories":[1],"tags":[],"class_list":["post-482100","post","type-post","status-publish","format-standard","has-post-thumbnail","hentry","category-actualidad"],"aioseo_notices":[],"aioseo_head":"\n\t\t<!-- All in One SEO Pro 5.0.1 - aioseo.com -->\n\t<meta name=\"description\" content=\"Madrid, 2 feb (EFE).- El ciclista espa\u00f1ol Samuel S\u00e1nchez, campe\u00f3n ol\u00edmpico de fondo en Pek\u00edn 2008, ha fichado por el BMC que lidera el australiano Cadel Evans, anunci\u00f3 hoy el m\u00e1nager general, Jim Ochowicz, en la p\u00e1gina oficial del equipo. Desde la disoluci\u00f3n del Euskaltel, del que fue jefe de filas, Samuel S\u00e1nchez buscaba equipo\" \/>\n\t<meta name=\"robots\" content=\"max-image-preview:large\" \/>\n\t<meta name=\"author\" content=\"El Digital de Asturias\"\/>\n\t<meta name=\"google-site-verification\" content=\"UA-38556648-1\" \/>\n\t<meta name=\"msvalidate.01\" content=\"7dfe9f3f1b24437ab69f4f2559babe99\" \/>\n\t<meta name=\"keywords\" content=\"actualidad\" \/>\n\t<link rel=\"canonical\" href=\"https:\/\/www.eldigitaldeasturias.com\/noticias\/samuel-sanchez-ficha-por-el-bmc-de-cadel-evans\/\" \/>\n\t<meta name=\"generator\" content=\"All in One SEO Pro (AIOSEO) 5.0.1\" \/>\n\t\t<meta property=\"og:locale\" content=\"es_ES\" \/>\n\t\t<meta property=\"og:site_name\" content=\"El Digital de Asturias\" \/>\n\t\t<meta property=\"og:type\" content=\"article\" \/>\n\t\t<meta property=\"og:title\" content=\"Samuel S\u00e1nchez ficha por el BMC de Cadel Evans - El Digital de Asturias\" \/>\n\t\t<meta property=\"og:description\" content=\"Madrid, 2 feb (EFE).- El ciclista espa\u00f1ol Samuel S\u00e1nchez, campe\u00f3n ol\u00edmpico de fondo en Pek\u00edn 2008, ha fichado por el BMC que lidera el australiano Cadel Evans, anunci\u00f3 hoy el m\u00e1nager general, Jim Ochowicz, en la p\u00e1gina oficial del equipo. Desde la disoluci\u00f3n del Euskaltel, del que fue jefe de filas, Samuel S\u00e1nchez buscaba equipo\" \/>\n\t\t<meta property=\"og:url\" content=\"https:\/\/www.eldigitaldeasturias.com\/noticias\/samuel-sanchez-ficha-por-el-bmc-de-cadel-evans\/\" \/>\n\t\t<meta property=\"article:tag\" content=\"actualidad\" \/>\n\t\t<meta property=\"article:published_time\" content=\"2014-02-02T14:38:39+00:00\" \/>\n\t\t<meta property=\"article:modified_time\" content=\"2014-02-02T14:38:39+00:00\" \/>\n\t\t<meta property=\"article:publisher\" content=\"https:\/\/facebook.com\/eldigitaldeasturias\" \/>\n\t\t<meta name=\"twitter:card\" content=\"summary_large_image\" \/>\n\t\t<meta name=\"twitter:title\" content=\"Samuel S\u00e1nchez ficha por el BMC de Cadel Evans - El Digital de Asturias\" \/>\n\t\t<meta name=\"twitter:description\" content=\"Madrid, 2 feb (EFE).- El ciclista espa\u00f1ol Samuel S\u00e1nchez, campe\u00f3n ol\u00edmpico de fondo en Pek\u00edn 2008, ha fichado por el BMC que lidera el australiano Cadel Evans, anunci\u00f3 hoy el m\u00e1nager general, Jim Ochowicz, en la p\u00e1gina oficial del equipo. Desde la disoluci\u00f3n del Euskaltel, del que fue jefe de filas, Samuel S\u00e1nchez buscaba equipo\" \/>\n\t\t<meta name=\"twitter:label1\" content=\"Escrito por\" \/>\n\t\t<meta name=\"twitter:data1\" content=\"El Digital de Asturias\" \/>\n\t\t<meta name=\"twitter:label2\" content=\"Tiempo de lectura estimado\" \/>\n\t\t<meta name=\"twitter:data2\" content=\"2 minutos\" \/>\n\t\t<script type=\"application\/ld+json\" class=\"aioseo-schema\">\n\t\t\t{\"@context\":\"https:\\\/\\\/schema.org\",\"@graph\":[{\"@type\":\"BlogPosting\",\"@id\":\"https:\\\/\\\/www.eldigitaldeasturias.com\\\/noticias\\\/samuel-sanchez-ficha-por-el-bmc-de-cadel-evans\\\/#blogposting\",\"name\":\"Samuel S\\u00e1nchez ficha por el BMC de Cadel Evans - El Digital de Asturias\",\"headline\":\"Samuel S\\u00e1nchez ficha por el BMC de Cadel Evans\",\"author\":{\"@id\":\"https:\\\/\\\/www.eldigitaldeasturias.com\\\/noticias\\\/author\\\/admin\\\/#author\"},\"publisher\":{\"@id\":\"https:\\\/\\\/www.eldigitaldeasturias.com\\\/noticias\\\/#organization\"},\"image\":{\"@type\":\"ImageObject\",\"url\":482101},\"datePublished\":\"2014-02-02T13:38:39+01:00\",\"dateModified\":\"2014-02-02T13:38:39+01:00\",\"inLanguage\":\"es-ES\",\"mainEntityOfPage\":{\"@id\":\"https:\\\/\\\/www.eldigitaldeasturias.com\\\/noticias\\\/samuel-sanchez-ficha-por-el-bmc-de-cadel-evans\\\/#webpage\"},\"isPartOf\":{\"@id\":\"https:\\\/\\\/www.eldigitaldeasturias.com\\\/noticias\\\/samuel-sanchez-ficha-por-el-bmc-de-cadel-evans\\\/#webpage\"},\"articleSection\":\"Actualidad\"},{\"@type\":\"BreadcrumbList\",\"@id\":\"https:\\\/\\\/www.eldigitaldeasturias.com\\\/noticias\\\/samuel-sanchez-ficha-por-el-bmc-de-cadel-evans\\\/#breadcrumblist\",\"itemListElement\":[{\"@type\":\"ListItem\",\"@id\":\"https:\\\/\\\/www.eldigitaldeasturias.com\\\/noticias#listItem\",\"position\":1,\"name\":\"Home\",\"item\":\"https:\\\/\\\/www.eldigitaldeasturias.com\\\/noticias\",\"nextItem\":{\"@type\":\"ListItem\",\"@id\":\"https:\\\/\\\/www.eldigitaldeasturias.com\\\/noticias\\\/category\\\/actualidad\\\/#listItem\",\"name\":\"Actualidad\"}},{\"@type\":\"ListItem\",\"@id\":\"https:\\\/\\\/www.eldigitaldeasturias.com\\\/noticias\\\/category\\\/actualidad\\\/#listItem\",\"position\":2,\"name\":\"Actualidad\",\"item\":\"https:\\\/\\\/www.eldigitaldeasturias.com\\\/noticias\\\/category\\\/actualidad\\\/\",\"nextItem\":{\"@type\":\"ListItem\",\"@id\":\"https:\\\/\\\/www.eldigitaldeasturias.com\\\/noticias\\\/samuel-sanchez-ficha-por-el-bmc-de-cadel-evans\\\/#listItem\",\"name\":\"Samuel S\\u00e1nchez ficha por el BMC de Cadel Evans\"},\"previousItem\":{\"@type\":\"ListItem\",\"@id\":\"https:\\\/\\\/www.eldigitaldeasturias.com\\\/noticias#listItem\",\"name\":\"Home\"}},{\"@type\":\"ListItem\",\"@id\":\"https:\\\/\\\/www.eldigitaldeasturias.com\\\/noticias\\\/samuel-sanchez-ficha-por-el-bmc-de-cadel-evans\\\/#listItem\",\"position\":3,\"name\":\"Samuel S\\u00e1nchez ficha por el BMC de Cadel Evans\",\"previousItem\":{\"@type\":\"ListItem\",\"@id\":\"https:\\\/\\\/www.eldigitaldeasturias.com\\\/noticias\\\/category\\\/actualidad\\\/#listItem\",\"name\":\"Actualidad\"}}]},{\"@type\":\"Organization\",\"@id\":\"https:\\\/\\\/www.eldigitaldeasturias.com\\\/noticias\\\/#organization\",\"name\":\"El Digital de Asturias\",\"description\":\"Hemeroteca\",\"url\":\"https:\\\/\\\/www.eldigitaldeasturias.com\\\/noticias\\\/\",\"email\":\"info@eldigitaldeasturias.com\",\"telephone\":\"+34652131393\",\"logo\":{\"@type\":\"ImageObject\",\"url\":\"https:\\\/\\\/www.eldigitaldeasturias.com\\\/noticias\\\/wp-content\\\/uploads\\\/2020\\\/12\\\/EDA.jpg\",\"@id\":\"https:\\\/\\\/www.eldigitaldeasturias.com\\\/noticias\\\/samuel-sanchez-ficha-por-el-bmc-de-cadel-evans\\\/#organizationLogo\"},\"image\":{\"@id\":\"https:\\\/\\\/www.eldigitaldeasturias.com\\\/noticias\\\/samuel-sanchez-ficha-por-el-bmc-de-cadel-evans\\\/#organizationLogo\"},\"sameAs\":[\"https:\\\/\\\/facebook.com\\\/eldigitaldeasturias\",\"https:\\\/\\\/www.youtube.com\\\/channel\\\/UCZP-2wLEB9Rv6erhFmqVnvg\"],\"address\":{\"@id\":\"https:\\\/\\\/www.eldigitaldeasturias.com\\\/noticias\\\/#postaladdress\",\"@type\":\"PostalAddress\",\"streetAddress\":\"san antonio 4\",\"postalCode\":\"33430\",\"addressLocality\":\"Cand\\u00e1s\",\"addressRegion\":\"Asturias\",\"addressCountry\":\"ES\"}},{\"@type\":\"Person\",\"@id\":\"https:\\\/\\\/www.eldigitaldeasturias.com\\\/noticias\\\/author\\\/admin\\\/#author\",\"url\":\"https:\\\/\\\/www.eldigitaldeasturias.com\\\/noticias\\\/author\\\/admin\\\/\",\"name\":\"El Digital de Asturias\",\"image\":{\"@type\":\"ImageObject\",\"@id\":\"https:\\\/\\\/www.eldigitaldeasturias.com\\\/noticias\\\/samuel-sanchez-ficha-por-el-bmc-de-cadel-evans\\\/#authorImage\",\"url\":\"https:\\\/\\\/secure.gravatar.com\\\/avatar\\\/df2aeffc32bcd13f8d26072ef8a91b623d677766deac7f97ca815868cd41bf5e?s=96&d=mm&r=g\",\"width\":96,\"height\":96,\"caption\":\"El Digital de Asturias\"}},{\"@type\":\"WebPage\",\"@id\":\"https:\\\/\\\/www.eldigitaldeasturias.com\\\/noticias\\\/samuel-sanchez-ficha-por-el-bmc-de-cadel-evans\\\/#webpage\",\"url\":\"https:\\\/\\\/www.eldigitaldeasturias.com\\\/noticias\\\/samuel-sanchez-ficha-por-el-bmc-de-cadel-evans\\\/\",\"name\":\"Samuel S\\u00e1nchez ficha por el BMC de Cadel Evans - El Digital de Asturias\",\"description\":\"Madrid, 2 feb (EFE).- El ciclista espa\\u00f1ol Samuel S\\u00e1nchez, campe\\u00f3n ol\\u00edmpico de fondo en Pek\\u00edn 2008, ha fichado por el BMC que lidera el australiano Cadel Evans, anunci\\u00f3 hoy el m\\u00e1nager general, Jim Ochowicz, en la p\\u00e1gina oficial del equipo. Desde la disoluci\\u00f3n del Euskaltel, del que fue jefe de filas, Samuel S\\u00e1nchez buscaba equipo\",\"inLanguage\":\"es-ES\",\"isPartOf\":{\"@id\":\"https:\\\/\\\/www.eldigitaldeasturias.com\\\/noticias\\\/#website\"},\"breadcrumb\":{\"@id\":\"https:\\\/\\\/www.eldigitaldeasturias.com\\\/noticias\\\/samuel-sanchez-ficha-por-el-bmc-de-cadel-evans\\\/#breadcrumblist\"},\"author\":{\"@id\":\"https:\\\/\\\/www.eldigitaldeasturias.com\\\/noticias\\\/author\\\/admin\\\/#author\"},\"creator\":{\"@id\":\"https:\\\/\\\/www.eldigitaldeasturias.com\\\/noticias\\\/author\\\/admin\\\/#author\"},\"image\":{\"@type\":\"ImageObject\",\"url\":482101,\"@id\":\"https:\\\/\\\/www.eldigitaldeasturias.com\\\/noticias\\\/samuel-sanchez-ficha-por-el-bmc-de-cadel-evans\\\/#mainImage\"},\"primaryImageOfPage\":{\"@id\":\"https:\\\/\\\/www.eldigitaldeasturias.com\\\/noticias\\\/samuel-sanchez-ficha-por-el-bmc-de-cadel-evans\\\/#mainImage\"},\"datePublished\":\"2014-02-02T13:38:39+01:00\",\"dateModified\":\"2014-02-02T13:38:39+01:00\"},{\"@type\":\"WebSite\",\"@id\":\"https:\\\/\\\/www.eldigitaldeasturias.com\\\/noticias\\\/#website\",\"url\":\"https:\\\/\\\/www.eldigitaldeasturias.com\\\/noticias\\\/\",\"name\":\"El Digital de Asturias - Diario de actualidad y noticias\",\"alternateName\":\"El Digital de Asturias - Diario de actualidad y noticias\",\"description\":\"Hemeroteca\",\"inLanguage\":\"es-ES\",\"publisher\":{\"@id\":\"https:\\\/\\\/www.eldigitaldeasturias.com\\\/noticias\\\/#organization\"}}]}\n\t\t<\/script>\n\t\t<!-- All in One SEO Pro -->\r\n\t\t<title>Samuel S\u00e1nchez ficha por el BMC de Cadel Evans - El Digital de Asturias<\/title>\n\n","aioseo_head_json":{"title":"Samuel S\u00e1nchez ficha por el BMC de Cadel Evans - El Digital de Asturias","description":"Madrid, 2 feb (EFE).- El ciclista espa\u00f1ol Samuel S\u00e1nchez, campe\u00f3n ol\u00edmpico de fondo en Pek\u00edn 2008, ha fichado por el BMC que lidera el australiano Cadel Evans, anunci\u00f3 hoy el m\u00e1nager general, Jim Ochowicz, en la p\u00e1gina oficial del equipo. Desde la disoluci\u00f3n del Euskaltel, del que fue jefe de filas, Samuel S\u00e1nchez buscaba equipo","canonical_url":"https:\/\/www.eldigitaldeasturias.com\/noticias\/samuel-sanchez-ficha-por-el-bmc-de-cadel-evans\/","robots":"max-image-preview:large","keywords":"actualidad","webmasterTools":{"google-site-verification":"UA-38556648-1","msvalidate.01":"7dfe9f3f1b24437ab69f4f2559babe99","miscellaneous":""},"schema":{"@context":"https:\/\/schema.org","@graph":[{"@type":"BlogPosting","@id":"https:\/\/www.eldigitaldeasturias.com\/noticias\/samuel-sanchez-ficha-por-el-bmc-de-cadel-evans\/#blogposting","name":"Samuel S\u00e1nchez ficha por el BMC de Cadel Evans - El Digital de Asturias","headline":"Samuel S\u00e1nchez ficha por el BMC de Cadel Evans","author":{"@id":"https:\/\/www.eldigitaldeasturias.com\/noticias\/author\/admin\/#author"},"publisher":{"@id":"https:\/\/www.eldigitaldeasturias.com\/noticias\/#organization"},"image":{"@type":"ImageObject","url":482101},"datePublished":"2014-02-02T13:38:39+01:00","dateModified":"2014-02-02T13:38:39+01:00","inLanguage":"es-ES","mainEntityOfPage":{"@id":"https:\/\/www.eldigitaldeasturias.com\/noticias\/samuel-sanchez-ficha-por-el-bmc-de-cadel-evans\/#webpage"},"isPartOf":{"@id":"https:\/\/www.eldigitaldeasturias.com\/noticias\/samuel-sanchez-ficha-por-el-bmc-de-cadel-evans\/#webpage"},"articleSection":"Actualidad"},{"@type":"BreadcrumbList","@id":"https:\/\/www.eldigitaldeasturias.com\/noticias\/samuel-sanchez-ficha-por-el-bmc-de-cadel-evans\/#breadcrumblist","itemListElement":[{"@type":"ListItem","@id":"https:\/\/www.eldigitaldeasturias.com\/noticias#listItem","position":1,"name":"Home","item":"https:\/\/www.eldigitaldeasturias.com\/noticias","nextItem":{"@type":"ListItem","@id":"https:\/\/www.eldigitaldeasturias.com\/noticias\/category\/actualidad\/#listItem","name":"Actualidad"}},{"@type":"ListItem","@id":"https:\/\/www.eldigitaldeasturias.com\/noticias\/category\/actualidad\/#listItem","position":2,"name":"Actualidad","item":"https:\/\/www.eldigitaldeasturias.com\/noticias\/category\/actualidad\/","nextItem":{"@type":"ListItem","@id":"https:\/\/www.eldigitaldeasturias.com\/noticias\/samuel-sanchez-ficha-por-el-bmc-de-cadel-evans\/#listItem","name":"Samuel S\u00e1nchez ficha por el BMC de Cadel Evans"},"previousItem":{"@type":"ListItem","@id":"https:\/\/www.eldigitaldeasturias.com\/noticias#listItem","name":"Home"}},{"@type":"ListItem","@id":"https:\/\/www.eldigitaldeasturias.com\/noticias\/samuel-sanchez-ficha-por-el-bmc-de-cadel-evans\/#listItem","position":3,"name":"Samuel S\u00e1nchez ficha por el BMC de Cadel Evans","previousItem":{"@type":"ListItem","@id":"https:\/\/www.eldigitaldeasturias.com\/noticias\/category\/actualidad\/#listItem","name":"Actualidad"}}]},{"@type":"Organization","@id":"https:\/\/www.eldigitaldeasturias.com\/noticias\/#organization","name":"El Digital de Asturias","description":"Hemeroteca","url":"https:\/\/www.eldigitaldeasturias.com\/noticias\/","email":"info@eldigitaldeasturias.com","telephone":"+34652131393","logo":{"@type":"ImageObject","url":"https:\/\/www.eldigitaldeasturias.com\/noticias\/wp-content\/uploads\/2020\/12\/EDA.jpg","@id":"https:\/\/www.eldigitaldeasturias.com\/noticias\/samuel-sanchez-ficha-por-el-bmc-de-cadel-evans\/#organizationLogo"},"image":{"@id":"https:\/\/www.eldigitaldeasturias.com\/noticias\/samuel-sanchez-ficha-por-el-bmc-de-cadel-evans\/#organizationLogo"},"sameAs":["https:\/\/facebook.com\/eldigitaldeasturias","https:\/\/www.youtube.com\/channel\/UCZP-2wLEB9Rv6erhFmqVnvg"],"address":{"@id":"https:\/\/www.eldigitaldeasturias.com\/noticias\/#postaladdress","@type":"PostalAddress","streetAddress":"san antonio 4","postalCode":"33430","addressLocality":"Cand\u00e1s","addressRegion":"Asturias","addressCountry":"ES"}},{"@type":"Person","@id":"https:\/\/www.eldigitaldeasturias.com\/noticias\/author\/admin\/#author","url":"https:\/\/www.eldigitaldeasturias.com\/noticias\/author\/admin\/","name":"El Digital de Asturias","image":{"@type":"ImageObject","@id":"https:\/\/www.eldigitaldeasturias.com\/noticias\/samuel-sanchez-ficha-por-el-bmc-de-cadel-evans\/#authorImage","url":"https:\/\/secure.gravatar.com\/avatar\/df2aeffc32bcd13f8d26072ef8a91b623d677766deac7f97ca815868cd41bf5e?s=96&d=mm&r=g","width":96,"height":96,"caption":"El Digital de Asturias"}},{"@type":"WebPage","@id":"https:\/\/www.eldigitaldeasturias.com\/noticias\/samuel-sanchez-ficha-por-el-bmc-de-cadel-evans\/#webpage","url":"https:\/\/www.eldigitaldeasturias.com\/noticias\/samuel-sanchez-ficha-por-el-bmc-de-cadel-evans\/","name":"Samuel S\u00e1nchez ficha por el BMC de Cadel Evans - El Digital de Asturias","description":"Madrid, 2 feb (EFE).- El ciclista espa\u00f1ol Samuel S\u00e1nchez, campe\u00f3n ol\u00edmpico de fondo en Pek\u00edn 2008, ha fichado por el BMC que lidera el australiano Cadel Evans, anunci\u00f3 hoy el m\u00e1nager general, Jim Ochowicz, en la p\u00e1gina oficial del equipo. Desde la disoluci\u00f3n del Euskaltel, del que fue jefe de filas, Samuel S\u00e1nchez buscaba equipo","inLanguage":"es-ES","isPartOf":{"@id":"https:\/\/www.eldigitaldeasturias.com\/noticias\/#website"},"breadcrumb":{"@id":"https:\/\/www.eldigitaldeasturias.com\/noticias\/samuel-sanchez-ficha-por-el-bmc-de-cadel-evans\/#breadcrumblist"},"author":{"@id":"https:\/\/www.eldigitaldeasturias.com\/noticias\/author\/admin\/#author"},"creator":{"@id":"https:\/\/www.eldigitaldeasturias.com\/noticias\/author\/admin\/#author"},"image":{"@type":"ImageObject","url":482101,"@id":"https:\/\/www.eldigitaldeasturias.com\/noticias\/samuel-sanchez-ficha-por-el-bmc-de-cadel-evans\/#mainImage"},"primaryImageOfPage":{"@id":"https:\/\/www.eldigitaldeasturias.com\/noticias\/samuel-sanchez-ficha-por-el-bmc-de-cadel-evans\/#mainImage"},"datePublished":"2014-02-02T13:38:39+01:00","dateModified":"2014-02-02T13:38:39+01:00"},{"@type":"WebSite","@id":"https:\/\/www.eldigitaldeasturias.com\/noticias\/#website","url":"https:\/\/www.eldigitaldeasturias.com\/noticias\/","name":"El Digital de Asturias - Diario de actualidad y noticias","alternateName":"El Digital de Asturias - Diario de actualidad y noticias","description":"Hemeroteca","inLanguage":"es-ES","publisher":{"@id":"https:\/\/www.eldigitaldeasturias.com\/noticias\/#organization"}}]},"og:locale":"es_ES","og:site_name":"El Digital de Asturias","og:type":"article","og:title":"Samuel S\u00e1nchez ficha por el BMC de Cadel Evans - El Digital de Asturias","og:description":"Madrid, 2 feb (EFE).- El ciclista espa\u00f1ol Samuel S\u00e1nchez, campe\u00f3n ol\u00edmpico de fondo en Pek\u00edn 2008, ha fichado por el BMC que lidera el australiano Cadel Evans, anunci\u00f3 hoy el m\u00e1nager general, Jim Ochowicz, en la p\u00e1gina oficial del equipo. Desde la disoluci\u00f3n del Euskaltel, del que fue jefe de filas, Samuel S\u00e1nchez buscaba equipo","og:url":"https:\/\/www.eldigitaldeasturias.com\/noticias\/samuel-sanchez-ficha-por-el-bmc-de-cadel-evans\/","article:tag":["actualidad"],"article:published_time":"2014-02-02T14:38:39+00:00","article:modified_time":"2014-02-02T14:38:39+00:00","article:publisher":"https:\/\/facebook.com\/eldigitaldeasturias","twitter:card":"summary_large_image","twitter:title":"Samuel S\u00e1nchez ficha por el BMC de Cadel Evans - El Digital de Asturias","twitter:description":"Madrid, 2 feb (EFE).- El ciclista espa\u00f1ol Samuel S\u00e1nchez, campe\u00f3n ol\u00edmpico de fondo en Pek\u00edn 2008, ha fichado por el BMC que lidera el australiano Cadel Evans, anunci\u00f3 hoy el m\u00e1nager general, Jim Ochowicz, en la p\u00e1gina oficial del equipo. Desde la disoluci\u00f3n del Euskaltel, del que fue jefe de filas, Samuel S\u00e1nchez buscaba equipo","twitter:label1":"Escrito por","twitter:data1":"El Digital de Asturias","twitter:label2":"Tiempo de lectura estimado","twitter:data2":"2 minutos"},"aioseo_meta_data":{"post_id":"482100","title":null,"description":null,"keywords":null,"keyphrases":null,"primary_term":null,"canonical_url":null,"og_title":null,"og_description":null,"og_object_type":"default","og_image_type":"default","og_image_url":null,"og_image_width":null,"og_image_height":null,"og_image_custom_url":null,"og_image_custom_fields":null,"og_video":null,"og_custom_url":null,"og_article_section":null,"og_article_tags":null,"twitter_use_og":true,"twitter_card":"default","twitter_image_type":"default","twitter_image_url":null,"twitter_image_custom_url":null,"twitter_image_custom_fields":null,"twitter_title":null,"twitter_description":null,"schema":{"blockGraphs":[],"customGraphs":[],"default":{"data":{"Article":[],"Course":[],"Dataset":[],"FAQPage":[],"Movie":[],"Person":[],"Product":[],"ProductReview":[],"Car":[],"Recipe":[],"Service":[],"SoftwareApplication":[],"WebPage":[]},"graphName":"","isEnabled":true},"graphs":[],"defaultGraph":"","defaultPostTypeGraph":""},"schema_type":null,"schema_type_options":null,"pillar_content":false,"robots_default":true,"robots_noindex":false,"robots_noarchive":false,"robots_nosnippet":false,"robots_nofollow":false,"robots_noimageindex":false,"robots_noodp":false,"robots_notranslate":false,"robots_max_snippet":null,"robots_max_videopreview":null,"robots_max_imagepreview":"none","priority":null,"frequency":null,"local_seo":null,"seo_analyzer_scan_date":"2026-06-02 08:49:47","breadcrumb_settings":null,"limit_modified_date":false,"open_ai":null,"ai":null,"created":"2020-11-14 22:54:32","updated":"2026-06-02 08:49:47","focus_keyword":null,"additional_keywords":null,"truseo_locale":null},"aioseo_breadcrumb":"<div class=\"aioseo-breadcrumbs\"><span class=\"aioseo-breadcrumb\">\n\t<a href=\"https:\/\/www.eldigitaldeasturias.com\/noticias\" title=\"Home\">Home<\/a>\n<\/span><span class=\"aioseo-breadcrumb-separator\">\u2013<\/span><span class=\"aioseo-breadcrumb\">\n\t<a href=\"https:\/\/www.eldigitaldeasturias.com\/noticias\/category\/actualidad\/\" title=\"Actualidad\">Actualidad<\/a>\n<\/span><span class=\"aioseo-breadcrumb-separator\">\u2013<\/span><span class=\"aioseo-breadcrumb\">\n\t<a href=\"https:\/\/www.eldigitaldeasturias.com\/noticias\/samuel-sanchez-ficha-por-el-bmc-de-cadel-evans\/\" title=\"Samuel S\u00e1nchez ficha por el BMC de Cadel Evans\">Samuel S\u00e1nchez ficha por el BMC de Cadel Evans<\/a>\n<\/span><\/div>","aioseo_breadcrumb_json":[{"label":"Home","link":"https:\/\/www.eldigitaldeasturias.com\/noticias"},{"label":"Actualidad","link":"https:\/\/www.eldigitaldeasturias.com\/noticias\/category\/actualidad\/"},{"label":"Samuel S\u00e1nchez ficha por el BMC de Cadel Evans","link":"https:\/\/www.eldigitaldeasturias.com\/noticias\/samuel-sanchez-ficha-por-el-bmc-de-cadel-evans\/"}],"_links":{"self":[{"href":"https:\/\/www.eldigitaldeasturias.com\/noticias\/wp-json\/wp\/v2\/posts\/482100","targetHints":{"allow":["GET"]}}],"collection":[{"href":"https:\/\/www.eldigitaldeasturias.com\/noticias\/wp-json\/wp\/v2\/posts"}],"about":[{"href":"https:\/\/www.eldigitaldeasturias.com\/noticias\/wp-json\/wp\/v2\/types\/post"}],"author":[{"embeddable":true,"href":"https:\/\/www.eldigitaldeasturias.com\/noticias\/wp-json\/wp\/v2\/users\/1"}],"replies":[{"embeddable":true,"href":"https:\/\/www.eldigitaldeasturias.com\/noticias\/wp-json\/wp\/v2\/comments?post=482100"}],"version-history":[{"count":0,"href":"https:\/\/www.eldigitaldeasturias.com\/noticias\/wp-json\/wp\/v2\/posts\/482100\/revisions"}],"wp:attachment":[{"href":"https:\/\/www.eldigitaldeasturias.com\/noticias\/wp-json\/wp\/v2\/media?parent=482100"}],"wp:term":[{"taxonomy":"category","embeddable":true,"href":"https:\/\/www.eldigitaldeasturias.com\/noticias\/wp-json\/wp\/v2\/categories?post=482100"},{"taxonomy":"post_tag","embeddable":true,"href":"https:\/\/www.eldigitaldeasturias.com\/noticias\/wp-json\/wp\/v2\/tags?post=482100"}],"curies":[{"name":"wp","href":"https:\/\/api.w.org\/{rel}","templated":true}]}}